{"id":9112,"date":"2021-04-27T20:21:46","date_gmt":"2021-04-27T18:21:46","guid":{"rendered":"https:\/\/www.infolocale.fr\/blog\/?p=9112"},"modified":"2021-04-28T10:35:36","modified_gmt":"2021-04-28T08:35:36","slug":"quelles-perspectives-pour-les-associations-apres-la-crise","status":"publish","type":"post","link":"https:\/\/infolocale.20minutes.fr\/blog\/quelles-perspectives-pour-les-associations-apres-la-crise\/","title":{"rendered":"Quelles perspectives pour les associations apr\u00e8s la crise ?"},"content":{"rendered":"\n<p><em>Le Mouvement associatif<\/em> , sous statut&nbsp;association loi de 1901<a href=\"https:\/\/fr.wikipedia.org\/wiki\/France\">,<\/a> assure la repr\u00e9sentation nationale des associations fran\u00e7aises.  Sa vocation est de d\u00e9fendre et assurer la promotion de la vie associative. <em>Le Mouvement associatif<\/em> rassemble plus de 700 000 associations (soit 1 association sur 2). Cette grande repr\u00e9sentativit\u00e9 lui conf\u00e8re un r\u00f4le d&rsquo;expertise. <em>Le Mouvement associatif <\/em>a lanc\u00e9 une quatri\u00e8me enqu\u00eate aupr\u00e8s des associations dont les r\u00e9sultats seront diffus\u00e9s en juin 2021.  Les retours des trois <a href=\"https:\/\/www.infolocale.fr\/blog\/la-crise-fait-chuter-la-creation-dassociations\/\" target=\"_blank\" rel=\"noreferrer noopener\">premi\u00e8res enqu\u00eates <\/a>exprimaient des <a href=\"https:\/\/www.infolocale.fr\/blog\/les-besoins-des-associations-sont-criants\/\" target=\"_blank\" rel=\"noreferrer noopener\">craintes financi\u00e8res<\/a> concernant la survie des associations. L&rsquo;enqu\u00eate en cours collecte d\u00e9j\u00e0  13&nbsp;500 r\u00e9ponses re\u00e7ues \u00e0 la mi-avril. Elles permettent d\u00e9j\u00e0 de d\u00e9gager une tendance. <\/p>\n\n\n\n<h2 class=\"wp-block-heading\"><strong>Inqui\u00e9tude sur le retour des b\u00e9n\u00e9voles<\/strong><\/h2>\n\n\n\n<p>En 2020,  les interrogations \u00e9taient d\u2019ordre financier. Alors que la distanciation impliquait la num\u00e9risation, celle-ci n\u2019\u00e9tait pas accessible \u00e0 tous. Il fallait des aides pour \u00e9quiper les membres des associations afin de maintenir le lien. Avec des difficult\u00e9s d&rsquo;ordre mat\u00e9riel, et des soucis de gestion. <\/p>\n\n\n\n<h2 class=\"wp-block-heading\">La crise a perturb\u00e9 les associations<\/h2>\n\n\n\n<p> Durant&nbsp; ce troisi\u00e8me confinement,&nbsp; les associations sportives souffrent d\u2019une baisse d\u2019adh\u00e9rents, donc de sources de revenus.  Des aides ont \u00e9t\u00e9 accord\u00e9es aux associations employeuses, mais pas pour les associations sans salari\u00e9. Quels pourront-\u00eatre leurs modes de financement ? Les trois premi\u00e8res enqu\u00eates, initi\u00e9es par <em><a href=\"https:\/\/lemouvementassociatif.org\/wp-content\/uploads\/2020\/07\/LMA_COVID-19_impact_sur_vie_asso.pdf\">Le Mouvement associatif<\/a><\/em> analysent pr\u00e9cis\u00e9ment l&rsquo;impact de la pand\u00e9mie sur le monde associatif. <\/p>\n\n\n\n<h2 class=\"wp-block-heading\">Dans la dur\u00e9e, les besoins ont \u00e9volu\u00e9s<\/h2>\n\n\n\n<p>Lors du premier confinement, force \u00e9tait de maintenir le lien avec les b\u00e9n\u00e9voles et les adh\u00e9rents. Cela n\u00e9cessitait l&rsquo;installation de mat\u00e9riel, impliquait l&rsquo;adaptation aux outils num\u00e9riques. Les besoins d&rsquo;accompagnement ont \u00e9merg\u00e9s pour les b\u00e9n\u00e9voles, bien souvent \u00e2g\u00e9s, peu accoutum\u00e9s aux nouvelles technologies, aux pratiques du t\u00e9l\u00e9travail. Face \u00e0 ce <a href=\"https:\/\/www.infolocale.fr\/blog\/digitaliser-actions-association\/\" target=\"_blank\" rel=\"noreferrer noopener\">changement des pratiques<\/a>, Il a fallu trouver de nouveaux b\u00e9n\u00e9voles, pas encore vaccin\u00e9s. Les b\u00e9n\u00e9voles ont fait preuve d&rsquo;une forte capacit\u00e9 d\u2019adaptation. <\/p>\n\n\n\n<h2 class=\"wp-block-heading\">Quelles perspectives pour la reprise ?<\/h2>\n\n\n\n<p> La crise sanitaire dure.&nbsp;Depuis un an, l\u2019activit\u00e9 des associations s&rsquo;est modifi\u00e9e. Certaines ont pu r\u00e9orienter leurs activit\u00e9s. Alors que le lien social se d\u00e9lite, les responsables d&rsquo;associations s&rsquo;interrogent sur la future mobilisation des b\u00e9n\u00e9voles ? D&rsquo;autant qu&rsquo;il est difficile de se projeter sans date de reprise.<\/p>\n\n\n\n<h2 class=\"wp-block-heading\">Quel sera le futur investissement des b\u00e9n\u00e9voles ?<\/h2>\n\n\n\n<p>Pendant le confinement, 82% des associations ont maintenu des liens et relations avec les b\u00e9n\u00e9voles. Mais les associations s\u2019interrogent sur la capacit\u00e9 de mobilisation apr\u00e8s la crise ?<\/p>\n\n\n\n<figure><img decoding=\"async\" src=\"https:\/\/www.infolocale.fr\/blog\/wp-content\/uploads\/2021\/04\/iStock-1313137974-1024x1024.jpg\" alt=\"\"\/><figcaption>Les associations s\u2019interrogent sur la capacit\u00e9 de mobilisation des b\u00e9n\u00e9voles apr\u00e8s la crise. Elles esp\u00e8rent les retrouver et en accueillir des nouveaux.<\/figcaption><\/figure>\n\n\n\n<figure class=\"wp-block-image size-large\"><a href=\"https:\/\/s.infolocale.fr\/?utm_source=blog&amp;utm_medium=banner&amp;utm_campaign=blog-contents\"><img fetchpriority=\"high\" decoding=\"async\" width=\"1024\" height=\"245\" src=\"https:\/\/www.infolocale.fr\/blog\/wp-content\/uploads\/2021\/02\/Association_blanc-1024x245.png\" alt=\"\" class=\"wp-image-5945\" srcset=\"https:\/\/infolocale.20minutes.fr\/blog\/wp-content\/uploads\/2021\/02\/Association_blanc-1024x245.png 1024w, https:\/\/infolocale.20minutes.fr\/blog\/wp-content\/uploads\/2021\/02\/Association_blanc-300x72.png 300w, https:\/\/infolocale.20minutes.fr\/blog\/wp-content\/uploads\/2021\/02\/Association_blanc-768x183.png 768w, https:\/\/infolocale.20minutes.fr\/blog\/wp-content\/uploads\/2021\/02\/Association_blanc-251x60.png 251w, https:\/\/infolocale.20minutes.fr\/blog\/wp-content\/uploads\/2021\/02\/Association_blanc.png 1168w\" sizes=\"(max-width: 1024px) 100vw, 1024px\" \/><\/a><\/figure>\n","protected":false},"excerpt":{"rendered":"<p>Les associations ont maintenu les liens, mais elles s&rsquo;interrogent sur leurs perspectives apr\u00e8s la crise ? Sur leur capacit\u00e9 \u00e0 mobiliser des b\u00e9n\u00e9voles ?<\/p>\n","protected":false},"author":8,"featured_media":9597,"comment_status":"open","ping_status":"open","sticky":false,"template":"","format":"standard","meta":{"_coblocks_attr":"","_coblocks_dimensions":"","_coblocks_responsive_height":"","_coblocks_accordion_ie_support":"","_mo_disable_npp":"","footnotes":""},"categories":[6],"tags":[66],"class_list":["post-9112","post","type-post","status-publish","format-standard","has-post-thumbnail","hentry","category-actu-acteurs-locaux","tag-covid19"],"yoast_head":"<!-- This site is optimized with the Yoast SEO plugin v23.2 - https:\/\/yoast.com\/wordpress\/plugins\/seo\/ -->\n<title>Quelles perspectives pour les associations apr\u00e8s la crise ? |<\/title>\n<meta name=\"description\" content=\"Les associations ont maintenu les liens, mais elles s&#039;interrogent sur leurs perspectives apr\u00e8s la crise ? Sur leur capacit\u00e9 \u00e0 mobiliser des b\u00e9n\u00e9voles ?\" \/>\n<meta name=\"robots\" content=\"index, follow, max-snippet:-1, max-image-preview:large, max-video-preview:-1\" \/>\n<link rel=\"canonical\" href=\"https:\/\/infolocale.20minutes.fr\/blog\/quelles-perspectives-pour-les-associations-apres-la-crise\/\" \/>\n<meta property=\"og:locale\" content=\"fr_FR\" \/>\n<meta property=\"og:type\" content=\"article\" \/>\n<meta property=\"og:title\" content=\"Quelles perspectives pour les associations apr\u00e8s la crise ? |\" \/>\n<meta property=\"og:description\" content=\"Les associations ont maintenu les liens, mais elles s&#039;interrogent sur leurs perspectives apr\u00e8s la crise ? Sur leur capacit\u00e9 \u00e0 mobiliser des b\u00e9n\u00e9voles ?\" \/>\n<meta property=\"og:url\" content=\"https:\/\/infolocale.20minutes.fr\/blog\/quelles-perspectives-pour-les-associations-apres-la-crise\/\" \/>\n<meta property=\"article:publisher\" content=\"https:\/\/www.facebook.com\/infolocaleFR\/\" \/>\n<meta property=\"article:published_time\" content=\"2021-04-27T18:21:46+00:00\" \/>\n<meta property=\"article:modified_time\" content=\"2021-04-28T08:35:36+00:00\" \/>\n<meta property=\"og:image\" content=\"https:\/\/infolocale.20minutes.fr\/blog\/wp-content\/uploads\/2021\/04\/Besoin-de-benevoles-1.jpg\" \/>\n\t<meta property=\"og:image:width\" content=\"1732\" \/>\n\t<meta property=\"og:image:height\" content=\"1732\" \/>\n\t<meta property=\"og:image:type\" content=\"image\/jpeg\" \/>\n<meta name=\"author\" content=\"Myl\u00e8ne\" \/>\n<meta name=\"twitter:card\" content=\"summary_large_image\" \/>\n<meta name=\"twitter:creator\" content=\"@infolocale\" \/>\n<meta name=\"twitter:site\" content=\"@infolocale\" \/>\n<meta name=\"twitter:label1\" content=\"\u00c9crit par\" \/>\n\t<meta name=\"twitter:data1\" content=\"Myl\u00e8ne\" \/>\n\t<meta name=\"twitter:label2\" content=\"Dur\u00e9e de lecture estim\u00e9e\" \/>\n\t<meta name=\"twitter:data2\" content=\"3 minutes\" \/>\n<script type=\"application\/ld+json\" class=\"yoast-schema-graph\">{\"@context\":\"https:\/\/schema.org\",\"@graph\":[{\"@type\":\"Article\",\"@id\":\"https:\/\/infolocale.20minutes.fr\/blog\/quelles-perspectives-pour-les-associations-apres-la-crise\/#article\",\"isPartOf\":{\"@id\":\"https:\/\/infolocale.20minutes.fr\/blog\/quelles-perspectives-pour-les-associations-apres-la-crise\/\"},\"author\":{\"name\":\"Myl\u00e8ne\",\"@id\":\"https:\/\/www.infolocale.fr\/blog\/#\/schema\/person\/bf2dc50c6636ffa2ce3e44ef1f9eb97f\"},\"headline\":\"Quelles perspectives pour les associations apr\u00e8s la crise ?\",\"datePublished\":\"2021-04-27T18:21:46+00:00\",\"dateModified\":\"2021-04-28T08:35:36+00:00\",\"mainEntityOfPage\":{\"@id\":\"https:\/\/infolocale.20minutes.fr\/blog\/quelles-perspectives-pour-les-associations-apres-la-crise\/\"},\"wordCount\":482,\"commentCount\":0,\"publisher\":{\"@id\":\"https:\/\/www.infolocale.fr\/blog\/#organization\"},\"image\":{\"@id\":\"https:\/\/infolocale.20minutes.fr\/blog\/quelles-perspectives-pour-les-associations-apres-la-crise\/#primaryimage\"},\"thumbnailUrl\":\"https:\/\/infolocale.20minutes.fr\/blog\/wp-content\/uploads\/2021\/04\/Besoin-de-benevoles-1.jpg\",\"keywords\":[\"COVID19\"],\"articleSection\":[\"En ce moment\"],\"inLanguage\":\"fr-FR\",\"potentialAction\":[{\"@type\":\"CommentAction\",\"name\":\"Comment\",\"target\":[\"https:\/\/infolocale.20minutes.fr\/blog\/quelles-perspectives-pour-les-associations-apres-la-crise\/#respond\"]}]},{\"@type\":\"WebPage\",\"@id\":\"https:\/\/infolocale.20minutes.fr\/blog\/quelles-perspectives-pour-les-associations-apres-la-crise\/\",\"url\":\"https:\/\/infolocale.20minutes.fr\/blog\/quelles-perspectives-pour-les-associations-apres-la-crise\/\",\"name\":\"Quelles perspectives pour les associations apr\u00e8s la crise ? |\",\"isPartOf\":{\"@id\":\"https:\/\/www.infolocale.fr\/blog\/#website\"},\"primaryImageOfPage\":{\"@id\":\"https:\/\/infolocale.20minutes.fr\/blog\/quelles-perspectives-pour-les-associations-apres-la-crise\/#primaryimage\"},\"image\":{\"@id\":\"https:\/\/infolocale.20minutes.fr\/blog\/quelles-perspectives-pour-les-associations-apres-la-crise\/#primaryimage\"},\"thumbnailUrl\":\"https:\/\/infolocale.20minutes.fr\/blog\/wp-content\/uploads\/2021\/04\/Besoin-de-benevoles-1.jpg\",\"datePublished\":\"2021-04-27T18:21:46+00:00\",\"dateModified\":\"2021-04-28T08:35:36+00:00\",\"description\":\"Les associations ont maintenu les liens, mais elles s'interrogent sur leurs perspectives apr\u00e8s la crise ? Sur leur capacit\u00e9 \u00e0 mobiliser des b\u00e9n\u00e9voles ?\",\"breadcrumb\":{\"@id\":\"https:\/\/infolocale.20minutes.fr\/blog\/quelles-perspectives-pour-les-associations-apres-la-crise\/#breadcrumb\"},\"inLanguage\":\"fr-FR\",\"potentialAction\":[{\"@type\":\"ReadAction\",\"target\":[\"https:\/\/infolocale.20minutes.fr\/blog\/quelles-perspectives-pour-les-associations-apres-la-crise\/\"]}]},{\"@type\":\"ImageObject\",\"inLanguage\":\"fr-FR\",\"@id\":\"https:\/\/infolocale.20minutes.fr\/blog\/quelles-perspectives-pour-les-associations-apres-la-crise\/#primaryimage\",\"url\":\"https:\/\/infolocale.20minutes.fr\/blog\/wp-content\/uploads\/2021\/04\/Besoin-de-benevoles-1.jpg\",\"contentUrl\":\"https:\/\/infolocale.20minutes.fr\/blog\/wp-content\/uploads\/2021\/04\/Besoin-de-benevoles-1.jpg\",\"width\":1732,\"height\":1732,\"caption\":\"Bien qu'elles aient conserv\u00e9 le lien, les associations devront remobiliser les b\u00e9n\u00e9voles au sortie de la crise.\"},{\"@type\":\"BreadcrumbList\",\"@id\":\"https:\/\/infolocale.20minutes.fr\/blog\/quelles-perspectives-pour-les-associations-apres-la-crise\/#breadcrumb\",\"itemListElement\":[{\"@type\":\"ListItem\",\"position\":1,\"name\":\"Blog\",\"item\":\"https:\/\/infolocale.ouest-france.fr\/blog\/\"},{\"@type\":\"ListItem\",\"position\":2,\"name\":\"En ce moment\",\"item\":\"https:\/\/infolocale.20minutes.fr\/blog\/cat\/actu-acteurs-locaux\/\"},{\"@type\":\"ListItem\",\"position\":3,\"name\":\"Quelles perspectives pour les associations apr\u00e8s la crise ?\"}]},{\"@type\":\"WebSite\",\"@id\":\"https:\/\/www.infolocale.fr\/blog\/#website\",\"url\":\"https:\/\/www.infolocale.fr\/blog\/\",\"name\":\"\",\"description\":\"\",\"publisher\":{\"@id\":\"https:\/\/www.infolocale.fr\/blog\/#organization\"},\"potentialAction\":[{\"@type\":\"SearchAction\",\"target\":{\"@type\":\"EntryPoint\",\"urlTemplate\":\"https:\/\/www.infolocale.fr\/blog\/?s={search_term_string}\"},\"query-input\":\"required name=search_term_string\"}],\"inLanguage\":\"fr-FR\"},{\"@type\":\"Organization\",\"@id\":\"https:\/\/www.infolocale.fr\/blog\/#organization\",\"name\":\"Infolocale\",\"url\":\"https:\/\/www.infolocale.fr\/blog\/\",\"logo\":{\"@type\":\"ImageObject\",\"inLanguage\":\"fr-FR\",\"@id\":\"https:\/\/www.infolocale.fr\/blog\/#\/schema\/logo\/image\/\",\"url\":\"https:\/\/www.infolocale.fr\/blog\/wp-content\/uploads\/2020\/11\/logol.jpg\",\"contentUrl\":\"https:\/\/www.infolocale.fr\/blog\/wp-content\/uploads\/2020\/11\/logol.jpg\",\"width\":1031,\"height\":398,\"caption\":\"Infolocale\"},\"image\":{\"@id\":\"https:\/\/www.infolocale.fr\/blog\/#\/schema\/logo\/image\/\"},\"sameAs\":[\"https:\/\/www.facebook.com\/infolocaleFR\/\",\"https:\/\/x.com\/infolocale\",\"https:\/\/www.instagram.com\/infolocale\/\",\"https:\/\/fr.linkedin.com\/company\/infolocale\",\"https:\/\/www.youtube.com\/channel\/UCnv4FA8EYEuu_si3TGr7xeA\"]},{\"@type\":\"Person\",\"@id\":\"https:\/\/www.infolocale.fr\/blog\/#\/schema\/person\/bf2dc50c6636ffa2ce3e44ef1f9eb97f\",\"name\":\"Myl\u00e8ne\",\"image\":{\"@type\":\"ImageObject\",\"inLanguage\":\"fr-FR\",\"@id\":\"https:\/\/www.infolocale.fr\/blog\/#\/schema\/person\/image\/\",\"url\":\"https:\/\/secure.gravatar.com\/avatar\/49511f0ea4b41ed3062b218e30f07042?s=96&d=mm&r=g\",\"contentUrl\":\"https:\/\/secure.gravatar.com\/avatar\/49511f0ea4b41ed3062b218e30f07042?s=96&d=mm&r=g\",\"caption\":\"Myl\u00e8ne\"},\"url\":\"https:\/\/infolocale.20minutes.fr\/blog\/author\/mylene-michel\/\"}]}<\/script>\n<!-- \/ Yoast SEO plugin. -->","yoast_head_json":{"title":"Quelles perspectives pour les associations apr\u00e8s la crise ? |","description":"Les associations ont maintenu les liens, mais elles s'interrogent sur leurs perspectives apr\u00e8s la crise ? Sur leur capacit\u00e9 \u00e0 mobiliser des b\u00e9n\u00e9voles ?","robots":{"index":"index","follow":"follow","max-snippet":"max-snippet:-1","max-image-preview":"max-image-preview:large","max-video-preview":"max-video-preview:-1"},"canonical":"https:\/\/infolocale.20minutes.fr\/blog\/quelles-perspectives-pour-les-associations-apres-la-crise\/","og_locale":"fr_FR","og_type":"article","og_title":"Quelles perspectives pour les associations apr\u00e8s la crise ? |","og_description":"Les associations ont maintenu les liens, mais elles s'interrogent sur leurs perspectives apr\u00e8s la crise ? Sur leur capacit\u00e9 \u00e0 mobiliser des b\u00e9n\u00e9voles ?","og_url":"https:\/\/infolocale.20minutes.fr\/blog\/quelles-perspectives-pour-les-associations-apres-la-crise\/","article_publisher":"https:\/\/www.facebook.com\/infolocaleFR\/","article_published_time":"2021-04-27T18:21:46+00:00","article_modified_time":"2021-04-28T08:35:36+00:00","og_image":[{"width":1732,"height":1732,"url":"https:\/\/infolocale.20minutes.fr\/blog\/wp-content\/uploads\/2021\/04\/Besoin-de-benevoles-1.jpg","type":"image\/jpeg"}],"author":"Myl\u00e8ne","twitter_card":"summary_large_image","twitter_creator":"@infolocale","twitter_site":"@infolocale","twitter_misc":{"\u00c9crit par":"Myl\u00e8ne","Dur\u00e9e de lecture estim\u00e9e":"3 minutes"},"schema":{"@context":"https:\/\/schema.org","@graph":[{"@type":"Article","@id":"https:\/\/infolocale.20minutes.fr\/blog\/quelles-perspectives-pour-les-associations-apres-la-crise\/#article","isPartOf":{"@id":"https:\/\/infolocale.20minutes.fr\/blog\/quelles-perspectives-pour-les-associations-apres-la-crise\/"},"author":{"name":"Myl\u00e8ne","@id":"https:\/\/www.infolocale.fr\/blog\/#\/schema\/person\/bf2dc50c6636ffa2ce3e44ef1f9eb97f"},"headline":"Quelles perspectives pour les associations apr\u00e8s la crise ?","datePublished":"2021-04-27T18:21:46+00:00","dateModified":"2021-04-28T08:35:36+00:00","mainEntityOfPage":{"@id":"https:\/\/infolocale.20minutes.fr\/blog\/quelles-perspectives-pour-les-associations-apres-la-crise\/"},"wordCount":482,"commentCount":0,"publisher":{"@id":"https:\/\/www.infolocale.fr\/blog\/#organization"},"image":{"@id":"https:\/\/infolocale.20minutes.fr\/blog\/quelles-perspectives-pour-les-associations-apres-la-crise\/#primaryimage"},"thumbnailUrl":"https:\/\/infolocale.20minutes.fr\/blog\/wp-content\/uploads\/2021\/04\/Besoin-de-benevoles-1.jpg","keywords":["COVID19"],"articleSection":["En ce moment"],"inLanguage":"fr-FR","potentialAction":[{"@type":"CommentAction","name":"Comment","target":["https:\/\/infolocale.20minutes.fr\/blog\/quelles-perspectives-pour-les-associations-apres-la-crise\/#respond"]}]},{"@type":"WebPage","@id":"https:\/\/infolocale.20minutes.fr\/blog\/quelles-perspectives-pour-les-associations-apres-la-crise\/","url":"https:\/\/infolocale.20minutes.fr\/blog\/quelles-perspectives-pour-les-associations-apres-la-crise\/","name":"Quelles perspectives pour les associations apr\u00e8s la crise ? |","isPartOf":{"@id":"https:\/\/www.infolocale.fr\/blog\/#website"},"primaryImageOfPage":{"@id":"https:\/\/infolocale.20minutes.fr\/blog\/quelles-perspectives-pour-les-associations-apres-la-crise\/#primaryimage"},"image":{"@id":"https:\/\/infolocale.20minutes.fr\/blog\/quelles-perspectives-pour-les-associations-apres-la-crise\/#primaryimage"},"thumbnailUrl":"https:\/\/infolocale.20minutes.fr\/blog\/wp-content\/uploads\/2021\/04\/Besoin-de-benevoles-1.jpg","datePublished":"2021-04-27T18:21:46+00:00","dateModified":"2021-04-28T08:35:36+00:00","description":"Les associations ont maintenu les liens, mais elles s'interrogent sur leurs perspectives apr\u00e8s la crise ? Sur leur capacit\u00e9 \u00e0 mobiliser des b\u00e9n\u00e9voles ?","breadcrumb":{"@id":"https:\/\/infolocale.20minutes.fr\/blog\/quelles-perspectives-pour-les-associations-apres-la-crise\/#breadcrumb"},"inLanguage":"fr-FR","potentialAction":[{"@type":"ReadAction","target":["https:\/\/infolocale.20minutes.fr\/blog\/quelles-perspectives-pour-les-associations-apres-la-crise\/"]}]},{"@type":"ImageObject","inLanguage":"fr-FR","@id":"https:\/\/infolocale.20minutes.fr\/blog\/quelles-perspectives-pour-les-associations-apres-la-crise\/#primaryimage","url":"https:\/\/infolocale.20minutes.fr\/blog\/wp-content\/uploads\/2021\/04\/Besoin-de-benevoles-1.jpg","contentUrl":"https:\/\/infolocale.20minutes.fr\/blog\/wp-content\/uploads\/2021\/04\/Besoin-de-benevoles-1.jpg","width":1732,"height":1732,"caption":"Bien qu'elles aient conserv\u00e9 le lien, les associations devront remobiliser les b\u00e9n\u00e9voles au sortie de la crise."},{"@type":"BreadcrumbList","@id":"https:\/\/infolocale.20minutes.fr\/blog\/quelles-perspectives-pour-les-associations-apres-la-crise\/#breadcrumb","itemListElement":[{"@type":"ListItem","position":1,"name":"Blog","item":"https:\/\/infolocale.ouest-france.fr\/blog\/"},{"@type":"ListItem","position":2,"name":"En ce moment","item":"https:\/\/infolocale.20minutes.fr\/blog\/cat\/actu-acteurs-locaux\/"},{"@type":"ListItem","position":3,"name":"Quelles perspectives pour les associations apr\u00e8s la crise ?"}]},{"@type":"WebSite","@id":"https:\/\/www.infolocale.fr\/blog\/#website","url":"https:\/\/www.infolocale.fr\/blog\/","name":"","description":"","publisher":{"@id":"https:\/\/www.infolocale.fr\/blog\/#organization"},"potentialAction":[{"@type":"SearchAction","target":{"@type":"EntryPoint","urlTemplate":"https:\/\/www.infolocale.fr\/blog\/?s={search_term_string}"},"query-input":"required name=search_term_string"}],"inLanguage":"fr-FR"},{"@type":"Organization","@id":"https:\/\/www.infolocale.fr\/blog\/#organization","name":"Infolocale","url":"https:\/\/www.infolocale.fr\/blog\/","logo":{"@type":"ImageObject","inLanguage":"fr-FR","@id":"https:\/\/www.infolocale.fr\/blog\/#\/schema\/logo\/image\/","url":"https:\/\/www.infolocale.fr\/blog\/wp-content\/uploads\/2020\/11\/logol.jpg","contentUrl":"https:\/\/www.infolocale.fr\/blog\/wp-content\/uploads\/2020\/11\/logol.jpg","width":1031,"height":398,"caption":"Infolocale"},"image":{"@id":"https:\/\/www.infolocale.fr\/blog\/#\/schema\/logo\/image\/"},"sameAs":["https:\/\/www.facebook.com\/infolocaleFR\/","https:\/\/x.com\/infolocale","https:\/\/www.instagram.com\/infolocale\/","https:\/\/fr.linkedin.com\/company\/infolocale","https:\/\/www.youtube.com\/channel\/UCnv4FA8EYEuu_si3TGr7xeA"]},{"@type":"Person","@id":"https:\/\/www.infolocale.fr\/blog\/#\/schema\/person\/bf2dc50c6636ffa2ce3e44ef1f9eb97f","name":"Myl\u00e8ne","image":{"@type":"ImageObject","inLanguage":"fr-FR","@id":"https:\/\/www.infolocale.fr\/blog\/#\/schema\/person\/image\/","url":"https:\/\/secure.gravatar.com\/avatar\/49511f0ea4b41ed3062b218e30f07042?s=96&d=mm&r=g","contentUrl":"https:\/\/secure.gravatar.com\/avatar\/49511f0ea4b41ed3062b218e30f07042?s=96&d=mm&r=g","caption":"Myl\u00e8ne"},"url":"https:\/\/infolocale.20minutes.fr\/blog\/author\/mylene-michel\/"}]}},"_links":{"self":[{"href":"https:\/\/infolocale.20minutes.fr\/blog\/wp-json\/wp\/v2\/posts\/9112"}],"collection":[{"href":"https:\/\/infolocale.20minutes.fr\/blog\/wp-json\/wp\/v2\/posts"}],"about":[{"href":"https:\/\/infolocale.20minutes.fr\/blog\/wp-json\/wp\/v2\/types\/post"}],"author":[{"embeddable":true,"href":"https:\/\/infolocale.20minutes.fr\/blog\/wp-json\/wp\/v2\/users\/8"}],"replies":[{"embeddable":true,"href":"https:\/\/infolocale.20minutes.fr\/blog\/wp-json\/wp\/v2\/comments?post=9112"}],"version-history":[{"count":0,"href":"https:\/\/infolocale.20minutes.fr\/blog\/wp-json\/wp\/v2\/posts\/9112\/revisions"}],"wp:featuredmedia":[{"embeddable":true,"href":"https:\/\/infolocale.20minutes.fr\/blog\/wp-json\/wp\/v2\/media\/9597"}],"wp:attachment":[{"href":"https:\/\/infolocale.20minutes.fr\/blog\/wp-json\/wp\/v2\/media?parent=9112"}],"wp:term":[{"taxonomy":"category","embeddable":true,"href":"https:\/\/infolocale.20minutes.fr\/blog\/wp-json\/wp\/v2\/categories?post=9112"},{"taxonomy":"post_tag","embeddable":true,"href":"https:\/\/infolocale.20minutes.fr\/blog\/wp-json\/wp\/v2\/tags?post=9112"}],"curies":[{"name":"wp","href":"https:\/\/api.w.org\/{rel}","templated":true}]}}