{"id":7338,"date":"2021-03-30T11:27:56","date_gmt":"2021-03-30T09:27:56","guid":{"rendered":"https:\/\/www.infolocale.fr\/blog\/?p=7338"},"modified":"2023-03-08T17:12:43","modified_gmt":"2023-03-08T16:12:43","slug":"communication-vide-greniers","status":"publish","type":"post","link":"https:\/\/infolocale.20minutes.fr\/blog\/communication-vide-greniers\/","title":{"rendered":"9 conseils pour la communication d&rsquo;un vide-greniers"},"content":{"rendered":"\n<p>On les appelle braderies, vide-greniers ou brocantes. Ils attirent les fran\u00e7ais sans distinction d&rsquo;\u00e2ge ou de classe sociale. Ils seraient plus de 50 000 \u00e0 \u00eatre organis\u00e9s chaque ann\u00e9e et leur nombre est en croissance continue depuis plus de 10 ans. En 2019 (D\u2019apr\u00e8s une \u00e9tude de l\u2019Institut Sociovision &#8211; 2019. Publi\u00e9e par <a href=\"https:\/\/www.caminteresse.fr\/culture\/tout-savoir-sur-les-vides-greniers-en-france-11141892\/\" target=\"_blank\" rel=\"noreferrer noopener\">\u00c7a m&rsquo;int\u00e9resse<\/a>), 51% des fran\u00e7ais auraient achet\u00e9 ou vendu un objet en brocante et quelque 12% de la population fran\u00e7aise fr\u00e9quenterait au moins un vide-greniers chaque mois. Bien s\u00fbr, la crise sanitaire a eu un impact important sur le secteur en 2020, mais il est fort \u00e0 parier qu\u2019il reprendra de plus belle d\u00e8s la fin de la crise. Vous organisez un vide-greniers ? Peut-\u00eatre souhaitez-vous attirer davantage de vendeurs ? Vous aimeriez augmenter votre visibilit\u00e9 et faire venir plus de publics ? Voici les 9 conseils de la r\u00e9daction Infolocale pour communiquer pour un vide-greniers et travailler \u00e0 sa r\u00e9ussite.<\/p>\n\n\n\n\n\n<h2 class=\"wp-block-heading\">Constituer une \u00e9quipe d\u00e9di\u00e9e \u00e0 la communication de son vide-greniers<\/h2>\n\n\n\n<p>Nous vivons \u00e0 l&rsquo;\u00e8re de la communication. Aujourd&rsquo;hui, les outils mis \u00e0 la disposition du grand public ont boulevers\u00e9 la discipline et la mani\u00e8re dont celle-ci peut-\u00eatre abord\u00e9e par les organisateurs de braderies. Internet et l&rsquo;informatique ont vu s&rsquo;agr\u00e9ger des outils de communication avec les sites, les blogs et les r\u00e9seaux sociaux. Parall\u00e8lement, ont \u00e9merg\u00e9s d&rsquo;autres outils facilitant la prise de photos, de vid\u00e9o, le montage et le graphisme\u2026 A mesure qu&rsquo;elle s\u2019est d\u00e9mocratis\u00e9e, la communication des associations s\u2019est complexifi\u00e9e.&nbsp;<\/p>\n\n\n\n<p>Aujourd\u2019hui, afin de pouvoir mettre l\u2019int\u00e9gralit\u00e9 de ces outils et techniques au service de la<strong> promotion de votre braderie<\/strong>, nous vous conseillons de mettre en place un service communication d\u00e9di\u00e9 \u00e0 votre \u00e9v\u00e9nement. <\/p>\n\n\n\n<p>La communication ne peut plus reposer sur les \u00e9paules d\u2019un seul b\u00e9n\u00e9vole comme c\u2019est souvent le cas. Bien s\u00fbr, le volume de travail d\u00e9pend toujours de la taille de votre \u00e9v\u00e9nement, du nombre de stands, de son affluence, de la taille de votre association. Toutefois, il est probable que la <strong>promotion de votre vide-greniers<\/strong> ait besoin qu\u2019une \u00e9quipe compl\u00e8te lui soit d\u00e9di\u00e9e.<\/p>\n\n\n\n<h3 class=\"wp-block-heading\">Nommer un responsable pour chaque secteur de la communication<\/h3>\n\n\n\n<p>Les missions doivent \u00eatre r\u00e9parties selon les comp\u00e9tences de vos b\u00e9n\u00e9voles. Une personne charg\u00e9e de la vid\u00e9o et du montage, un graphiste, un charg\u00e9 des r\u00e9seaux sociaux, un responsable du site internet et une personne pour piloter le tout. <\/p>\n\n\n\n<p>C\u2019est \u00e9norm\u00e9ment de travail et vous devez anticiper ces nouveaux besoins dans votre <a href=\"https:\/\/www.infolocale.fr\/blog\/comment-trouver-des-benevoles-pour-mon-association\/\">recherche de b\u00e9n\u00e9voles<\/a> et dans le <a href=\"https:\/\/www.infolocale.fr\/blog\/mener-entretien-avec-un-nouveau-benevole\/\">recrutement<\/a> de ceux-ci. Vous devez aussi vous organiser en fonction du temps que vos b\u00e9n\u00e9voles peuvent mettre \u00e0 la disposition de votre \u00e9v\u00e9nement.<\/p>\n\n\n\n<h2 class=\"wp-block-heading\">Promouvoir un vide-greniers : cr\u00e9er deux plans de communication distincts<\/h2>\n\n\n\n<p>D\u00e9finir une strat\u00e9gie de communication demande du temps et de l&rsquo;investissement. Dans ce domaine, le temps d\u00e9di\u00e9 \u00e0 la cr\u00e9ation d&rsquo;un <a href=\"https:\/\/www.infolocale.fr\/blog\/plan-communication-association\/\">plan de communication<\/a> peut para\u00eetre \u00e9norme. Cependant, un plan bien pens\u00e9, vous fera, non seulement gagner du temps, mais vous permettra aussi d&rsquo;\u00eatre plus pr\u00e9cis et exhaustif dans vos actions.<\/p>\n\n\n\n<p>Pour les organisateurs de braderies, la communication se fait en deux phases. La premi\u00e8re, vise \u00e0 se faire conna\u00eetre des vendeurs. La seconde consistera \u00e0 travailler les publics qui viendront acheter et chiner.<\/p>\n\n\n\n<p>Ces deux \u00e9tapes sont distinctes. Elles doivent \u00eatre trait\u00e9es de mani\u00e8re tr\u00e8s diff\u00e9rentes, au travers de deux plans s\u00e9par\u00e9s qui seront dress\u00e9s par les personnes charg\u00e9es de la communication de votre brocante.<\/p>\n\n\n\n<h2 class=\"wp-block-heading\">Communiquer pour une brocante : utiliser les r\u00e9seaux sociaux<\/h2>\n\n\n\n<p>Les r\u00e9seaux sociaux peuvent avoir diff\u00e9rentes fonctions dans la <strong>communication d\u2019un vide-greniers<\/strong>. En amont, ils vous permettront de toucher les vendeurs et de lancer la location de vos emplacements. Ceci fait, ils se transformeront en outils de communication \u00e0 destination de votre public.<\/p>\n\n\n\n<p>Sur le plan des publications, pensez \u00e0 varier les formats de vos contenus. Publiez des vid\u00e9os des pr\u00e9c\u00e9dentes ann\u00e9es. R\u00e9alisez un teaser qui vous permettra de cr\u00e9er un \u00e9v\u00e9nement qui sera relay\u00e9 par vos abonn\u00e9s et aficionados.&nbsp;<\/p>\n\n\n\n<p>Publiez des galeries photos, des commentaires des exposants et des publics de votre derni\u00e8re \u00e9dition. Essayez d\u2019attirer l\u2019attention avec de mini-\u00e9v\u00e9nements. Dans ce domaine, nous abordons un peu plus bas la publication de l\u2019affiche ou encore l\u2019ouverture de la location des espaces qui se pr\u00eatent tr\u00e8s bien \u00e0 ce type d\u2019\u00e9v\u00e9nements.&nbsp;<\/p>\n\n\n\n<div class=\"wp-block-image\"><figure class=\"aligncenter size-large is-resized\"><a href=\"https:\/\/www.infolocale.fr\/decouvrir\/?utm_source=blog&amp;utm_medium=banner&amp;utm_campaign=blog-content\"><img fetchpriority=\"high\" decoding=\"async\" src=\"https:\/\/www.infolocale.fr\/blog\/wp-content\/uploads\/2021\/03\/fond-banniere-mail-1024x1024.jpg\" alt=\"Communiquer pour un vide-greniers\" class=\"wp-image-7374\" width=\"562\" height=\"562\" srcset=\"https:\/\/infolocale.20minutes.fr\/blog\/wp-content\/uploads\/2021\/03\/fond-banniere-mail-1024x1024.jpg 1024w, https:\/\/infolocale.20minutes.fr\/blog\/wp-content\/uploads\/2021\/03\/fond-banniere-mail-300x300.jpg 300w, https:\/\/infolocale.20minutes.fr\/blog\/wp-content\/uploads\/2021\/03\/fond-banniere-mail-150x150.jpg 150w, https:\/\/infolocale.20minutes.fr\/blog\/wp-content\/uploads\/2021\/03\/fond-banniere-mail-768x768.jpg 768w, https:\/\/infolocale.20minutes.fr\/blog\/wp-content\/uploads\/2021\/03\/fond-banniere-mail-60x60.jpg 60w, https:\/\/infolocale.20minutes.fr\/blog\/wp-content\/uploads\/2021\/03\/fond-banniere-mail.jpg 1080w\" sizes=\"(max-width: 562px) 100vw, 562px\" \/><\/a><\/figure><\/div>\n\n\n\n<h2 class=\"wp-block-heading\">Communiquer pour un vide-greniers : contacter les vendeurs des ann\u00e9es pr\u00e9c\u00e9dentes<\/h2>\n\n\n\n<p>Consid\u00e9r\u00e9 comme d\u00e9suet lors de l&rsquo;av\u00e8nement des r\u00e9seaux sociaux, le mail est redevenu un outil central dans la communication des associations \u00e9v\u00e9nementielles. Conserver les mails des vendeurs inscrits lors des pr\u00e9c\u00e9dentes \u00e9ditions. Constituez une base de donn\u00e9es et contactez les lors du lancement de la communication de votre prochaine braderie.<\/p>\n\n\n\n<p>Dans ce domaine, plusieurs choses sont envisageables. Lancez une op\u00e9ration \u201cEarlybird\u201d et proposez un prix r\u00e9duit aux premiers inscrits. Communiquez sur la rapidit\u00e9 \u00e0 laquelle partent les meilleurs emplacements de votre vide-greniers. Mettez en avant la date d\u2019ouverture des r\u00e9servations d\u2019emplacements ; sous la forme d\u2019un compte \u00e0 rebours par exemple.<\/p>\n\n\n\n<h3 class=\"wp-block-heading\">Loi europ\u00e9enne sur la protection des donn\u00e9es personnelles<\/h3>\n\n\n\n<p>Attention, l\u2019Union Europ\u00e9enne est tr\u00e8s vigilante sur la protection des donn\u00e9es personnelles. Vous devrez veiller \u00e0 bien respecter la r\u00e8gle du <a href=\"https:\/\/www.cnil.fr\/fr\/rgpd-de-quoi-parle-t-on\" target=\"_blank\" rel=\"noreferrer noopener\">RGPD<\/a> dans l\u2019ensemble de vos processus de constitution de votre base de donn\u00e9es et de l\u2019exploitation de celle-ci.&nbsp;<\/p>\n\n\n\n<p>Ainsi, vos contacts devront \u00eatre inform\u00e9s et accepter l\u2019int\u00e9gralit\u00e9 des usages que vous envisagez de faire avec leur donn\u00e9es personnelles. Soyez vigilant sur ce point, il est extr\u00eamement important.<\/p>\n\n\n\n<h2 class=\"wp-block-heading\">La publication de votre affiche : un \u00e9v\u00e9nement \u00e0 soigner<\/h2>\n\n\n\n<p>De tout temps l\u2019affiche a \u00e9t\u00e9 un \u00e9l\u00e9ment important dans la <strong>communication des vide-greniers<\/strong>. Elle informe sur les dates, le lieu, les heures d\u2019ouverture. C\u2019est elle qui donne l\u2019\u00e2me de votre \u00e9v\u00e9nement. Avec l&rsquo;av\u00e8nement du web, on aurait pu croire que cet \u00e9l\u00e9ment physique aurait vu son importance diminuer, il en est tout autrement. <\/p>\n\n\n\n<p>Les internautes fans d&rsquo;\u00e9v\u00e9nements, sont g\u00e9n\u00e9ralement tr\u00e8s friands de la publication de l&rsquo;affiche. Cette publication peut devenir un v\u00e9ritable \u00e9v\u00e9nement. <\/p>\n\n\n\n<p>Soignez sa cr\u00e9ation ! Essayez de capter l\u2019attention autour du jour ou vous la r\u00e9v\u00e9lerez. Faites du teasing avant le jour J. Essayez d\u2019obtenir des partages sur les r\u00e9seaux sociaux. Si vous y parvenez, la publication de l\u2019affiche peut devenir un super levier de <strong>communication pour votre vide-greniers<\/strong>.&nbsp;<\/p>\n\n\n\n<h2 class=\"wp-block-heading\">Communiquer pour un vide-greniers : les relations presse<\/h2>\n\n\n\n<p>Les <a href=\"https:\/\/www.infolocale.fr\/blog\/relations-presse-association\/\">relations presse<\/a> sont un \u00e9l\u00e9ment extr\u00eamement important dans la communication d\u2019un vide-greniers. Pourtant, nombre d\u2019associations \u00e9v\u00e9nementielles passent \u00e0 c\u00f4t\u00e9 de ce rendez-vous.<\/p>\n\n\n\n<p>Pour commencer, sachez que les journalistes ne connaissent pas votre agenda par c\u0153ur. Vous devez communiquer avec votre r\u00e9daction locale. Dans ce domaine aussi, vous aurez deux phases de communication. Une premi\u00e8re, lors de l\u2019ouverture de la location des emplacements. Une seconde, pour communiquer pour votre vide-greniers en lui-m\u00eame.&nbsp;<\/p>\n\n\n\n<p>Envoyez un premier <a href=\"https:\/\/www.infolocale.fr\/blog\/communique-de-presse-association\/\">communiqu\u00e9 de presse<\/a> au moins un mois avant l\u2019\u00e9ch\u00e9ance cibl\u00e9e. Relancez une fois en cas d\u2019absence de retour. Votre communiqu\u00e9 doit \u00eatre simple. Ecrivez dans le corps du mail, veillez \u00e0 \u00eatre clair sur le sujet sur lequel vous communiquez (Quoi ?), les dates et heures (quand ?), le lieu (o\u00f9 ?).&nbsp;<\/p>\n\n\n\n<p>Pour la phase de location des emplacements, informez \u00e9galement sur la fourchette de prix. <\/p>\n\n\n\n<p>Pensez \u00e0 ajouter des chiffres si vous en avez. Par exemple, le nombre de stands sur les pr\u00e9c\u00e9dentes \u00e9ditions, des chiffres sur l\u2019affluence le jour J.&nbsp;<\/p>\n\n\n\n<p>Si vous ajoutez une photo, veillez \u00e0 bien avoir les droits, \u00e0 renseigner le nom et le contact de son auteur. Enfin, n\u2019oubliez pas d\u2019ajouter votre contact ou celui d\u2019une personne habilit\u00e9e \u00e0 parler avec la presse. &nbsp;<\/p>\n\n\n\n<h2 class=\"wp-block-heading\">Comment int\u00e9grer les influenceurs dans la promotion d&rsquo;un vide-greniers ?<\/h2>\n\n\n\n<p>Voici probablement un levier encore peu exploit\u00e9 par les associations locales mais qui pourrait bien se d\u00e9velopper dans les ann\u00e9es \u00e0 venir. De plus en plus de villes disposent de leurs influenceurs locaux, blogueurs ou micro-influenceurs. Identifiez les, contactez les et essayez de profiter de leur aura locale pour communiquer sur votre vide-greniers.<br><br>Ici aussi, diff\u00e9rents angles sont envisageables. Vous pouvez tout simplement les int\u00e9grer dans vos relations presse et leur envoyer vos communiqu\u00e9s. Il est aussi possible de leur proposer de couvrir votre vide-greniers, de prendre la parole durant les animations, d\u2019en faire des ambassadeurs. partagez les contenus qu\u2019ils auront produits sur vos r\u00e9seaux. Proposez leur des contenus exclusifs qu\u2019ils pourront utiliser de leur c\u00f4t\u00e9\u2026&nbsp;<\/p>\n\n\n\n<p>N\u2019oubliez pas, plus de 50% des fran\u00e7ais fr\u00e9quentent les braderies, les influenceurs locaux seront s\u00fbrement tr\u00e8s r\u00e9ceptifs \u00e0 vos propositions.<\/p>\n\n\n\n<h2 class=\"wp-block-heading\">La vid\u00e9o un \u00e9l\u00e9ments \u00e0 utiliser avant, pendant et apr\u00e8s votre braderie<\/h2>\n\n\n\n<p>Les vide-greniers sont des \u00e9v\u00e9nements qui se marient particuli\u00e8rement bien \u00e0 la vid\u00e9o. Filmez pendant votre \u00e9v\u00e9nement.&nbsp;<\/p>\n\n\n\n<p>Pour communiquer pour un vide-greniers, diff\u00e9rents types de contenus sont envisageables. Par exemple, vous pouvez prendre des vid\u00e9os d\u2019ambiance dans les all\u00e9es de votre vide-greniers. Aussi, vous pouvez r\u00e9aliser de petites interviews des vendeurs, les questionner sur leur ressenti, le r\u00e9sultat de leur journ\u00e9e. Il est possible d&rsquo;interviewer votre public, de filmer les vendeurs lorsqu\u2019ils s&rsquo;installent le matin ; les chineurs qui viennent t\u00f4t pour d\u00e9busquer bonnes affaires et objets de collection\u2026&nbsp;<\/p>\n\n\n\n<p>Le nombre de sujets possibles est tr\u00e8s large. Pour \u00eatre certain de ne rien louper, prenez un moment pour lister tout ce dont vous pourriez avoir besoin. Listez \u00e9galement les grands \u00e9v\u00e9nements que vous avez pr\u00e9vu d\u2019organiser pendant la journ\u00e9e. Ceux-ci fixeront des endroits ou votre cam\u00e9raman doit se tenir pr\u00eat \u00e0 filmer.<\/p>\n\n\n\n<p>Ces \u00e9l\u00e9ments seront importants pour <a href=\"https:\/\/www.infolocale.fr\/blog\/communiquer-reseaux-sociaux\/\" target=\"_blank\" rel=\"noreferrer noopener\">animer vos r\u00e9seaux sociaux<\/a> pendant l\u2019\u00e9v\u00e9nement. Vous pourrez aussi les utiliser apr\u00e8s, dans une vid\u00e9o r\u00e9capitulative. Enfin, le gros vous sera utile pour pr\u00e9parer le teaser de la prochaine \u00e9dition.&nbsp;&nbsp;<\/p>\n\n\n\n<h2 class=\"wp-block-heading\">Infolocale : un outil gratuit pour propulser la communication des vide-greniers<\/h2>\n\n\n\n<p>Infolocale est l\u2019un des plus grands <a href=\"https:\/\/www.infolocale.fr\/blog\/agenda-culturel-collectivite\/\">agendas culturels en ligne<\/a> de France. Chaque ann\u00e9e, plus de 500 000 \u00e9v\u00e9nements y sont publi\u00e9s par plus de 80 000 organisateurs. Selon les r\u00e9gions, les \u00e9v\u00e9nements ainsi publi\u00e9s peuvent \u00eatre relay\u00e9s dans la presse quotidienne et hebdomadaire r\u00e9gionale. Votre vide-greniers appara\u00eetra non seulement sur le site d\u2019infolocale, mais aussi sur les sites internet des m\u00e9dias partenaires et dans les publications et agenda des collectivit\u00e9s territoriales travaillant avec Infolocale.<\/p>\n\n\n\n<h3 class=\"wp-block-heading\">Un m\u00e9dia d\u00e9di\u00e9 \u00e0 la communication des vide-greniers<\/h3>\n\n\n\n<p>Ce n\u2019est pas tout, cette ann\u00e9e, Infolocale met \u00e0 la disposition des organisateurs un nouvel outil de promotion de leur vide-greniers. La newsletter : \u201cLes vide-greniers de ma r\u00e9gion\u201d. Cette newsletter hebdomadaire informera ses abonn\u00e9s sur les braderies \u00e0 venir sur les d\u00e9partements choisis.<\/p>\n\n\n\n<p>Pour en profiter, il vous suffit d\u2019<a href=\"https:\/\/s.infolocale.fr\/\">inscrire votre vide-greniers \u00e0 l\u2019agenda<\/a> infolocale. C\u2019est gratuit.<\/p>\n","protected":false},"excerpt":{"rendered":"<p>On les appelle braderies, vide-greniers ou brocantes. Ils attirent les fran\u00e7ais sans distinction d&rsquo;\u00e2ge ou de classe sociale. Ils seraient plus de 50 000 \u00e0 [&hellip;]<\/p>\n","protected":false},"author":2,"featured_media":7345,"comment_status":"open","ping_status":"open","sticky":false,"template":"","format":"standard","meta":{"_coblocks_attr":"","_coblocks_dimensions":"","_coblocks_responsive_height":"","_coblocks_accordion_ie_support":"","_mo_disable_npp":"","footnotes":""},"categories":[101],"tags":[],"class_list":["post-7338","post","type-post","status-publish","format-standard","has-post-thumbnail","hentry","category-organiser-un-evenement"],"yoast_head":"<!-- This site is optimized with the Yoast SEO plugin v23.2 - https:\/\/yoast.com\/wordpress\/plugins\/seo\/ -->\n<title>Communiquer pour un vide-greniers. 9 conseils |<\/title>\n<meta name=\"description\" content=\"Pour communiquer pour un vide-greniers vous devez 1. doter votre association d&#039;une \u00e9quipe d\u00e9di\u00e9es \u00e0 la communication. 2. Vous devez...\" \/>\n<meta name=\"robots\" content=\"index, follow, max-snippet:-1, max-image-preview:large, max-video-preview:-1\" \/>\n<link rel=\"canonical\" href=\"https:\/\/www.infolocale.fr\/blog\/communication-vide-greniers\/\" \/>\n<meta property=\"og:locale\" content=\"fr_FR\" \/>\n<meta property=\"og:type\" content=\"article\" \/>\n<meta property=\"og:title\" content=\"Communiquer pour un vide-greniers. 9 conseils |\" \/>\n<meta property=\"og:description\" content=\"Pour communiquer pour un vide-greniers vous devez 1. doter votre association d&#039;une \u00e9quipe d\u00e9di\u00e9es \u00e0 la communication. 2. Vous devez...\" \/>\n<meta property=\"og:url\" content=\"https:\/\/www.infolocale.fr\/blog\/communication-vide-greniers\/\" \/>\n<meta property=\"article:publisher\" content=\"https:\/\/www.facebook.com\/infolocaleFR\/\" \/>\n<meta property=\"article:published_time\" content=\"2021-03-30T09:27:56+00:00\" \/>\n<meta property=\"article:modified_time\" content=\"2023-03-08T16:12:43+00:00\" \/>\n<meta property=\"og:image\" content=\"https:\/\/www.infolocale.fr\/blog\/wp-content\/uploads\/2021\/03\/vide-greniers.jpg\" \/>\n\t<meta property=\"og:image:width\" content=\"1200\" \/>\n\t<meta property=\"og:image:height\" content=\"630\" \/>\n\t<meta property=\"og:image:type\" content=\"image\/jpeg\" \/>\n<meta name=\"author\" content=\"Morgan\" \/>\n<meta name=\"twitter:card\" content=\"summary_large_image\" \/>\n<meta name=\"twitter:creator\" content=\"@infolocale\" \/>\n<meta name=\"twitter:site\" content=\"@infolocale\" \/>\n<meta name=\"twitter:label1\" content=\"\u00c9crit par\" \/>\n\t<meta name=\"twitter:data1\" content=\"Morgan\" \/>\n\t<meta name=\"twitter:label2\" content=\"Dur\u00e9e de lecture estim\u00e9e\" \/>\n\t<meta name=\"twitter:data2\" content=\"9 minutes\" \/>\n<script type=\"application\/ld+json\" class=\"yoast-schema-graph\">{\"@context\":\"https:\/\/schema.org\",\"@graph\":[{\"@type\":\"Article\",\"@id\":\"https:\/\/www.infolocale.fr\/blog\/communication-vide-greniers\/#article\",\"isPartOf\":{\"@id\":\"https:\/\/www.infolocale.fr\/blog\/communication-vide-greniers\/\"},\"author\":{\"name\":\"Morgan\",\"@id\":\"https:\/\/www.infolocale.fr\/blog\/#\/schema\/person\/f0f748ece99417833166b3ba8890f3db\"},\"headline\":\"9 conseils pour la communication d&rsquo;un vide-greniers\",\"datePublished\":\"2021-03-30T09:27:56+00:00\",\"dateModified\":\"2023-03-08T16:12:43+00:00\",\"mainEntityOfPage\":{\"@id\":\"https:\/\/www.infolocale.fr\/blog\/communication-vide-greniers\/\"},\"wordCount\":1924,\"commentCount\":0,\"publisher\":{\"@id\":\"https:\/\/www.infolocale.fr\/blog\/#organization\"},\"image\":{\"@id\":\"https:\/\/www.infolocale.fr\/blog\/communication-vide-greniers\/#primaryimage\"},\"thumbnailUrl\":\"https:\/\/infolocale.20minutes.fr\/blog\/wp-content\/uploads\/2021\/03\/vide-greniers.jpg\",\"articleSection\":[\"Organiser un \u00e9v\u00e9nement\"],\"inLanguage\":\"fr-FR\",\"potentialAction\":[{\"@type\":\"CommentAction\",\"name\":\"Comment\",\"target\":[\"https:\/\/www.infolocale.fr\/blog\/communication-vide-greniers\/#respond\"]}]},{\"@type\":\"WebPage\",\"@id\":\"https:\/\/www.infolocale.fr\/blog\/communication-vide-greniers\/\",\"url\":\"https:\/\/www.infolocale.fr\/blog\/communication-vide-greniers\/\",\"name\":\"Communiquer pour un vide-greniers. 9 conseils |\",\"isPartOf\":{\"@id\":\"https:\/\/www.infolocale.fr\/blog\/#website\"},\"primaryImageOfPage\":{\"@id\":\"https:\/\/www.infolocale.fr\/blog\/communication-vide-greniers\/#primaryimage\"},\"image\":{\"@id\":\"https:\/\/www.infolocale.fr\/blog\/communication-vide-greniers\/#primaryimage\"},\"thumbnailUrl\":\"https:\/\/infolocale.20minutes.fr\/blog\/wp-content\/uploads\/2021\/03\/vide-greniers.jpg\",\"datePublished\":\"2021-03-30T09:27:56+00:00\",\"dateModified\":\"2023-03-08T16:12:43+00:00\",\"description\":\"Pour communiquer pour un vide-greniers vous devez 1. doter votre association d'une \u00e9quipe d\u00e9di\u00e9es \u00e0 la communication. 2. Vous devez...\",\"breadcrumb\":{\"@id\":\"https:\/\/www.infolocale.fr\/blog\/communication-vide-greniers\/#breadcrumb\"},\"inLanguage\":\"fr-FR\",\"potentialAction\":[{\"@type\":\"ReadAction\",\"target\":[\"https:\/\/www.infolocale.fr\/blog\/communication-vide-greniers\/\"]}]},{\"@type\":\"ImageObject\",\"inLanguage\":\"fr-FR\",\"@id\":\"https:\/\/www.infolocale.fr\/blog\/communication-vide-greniers\/#primaryimage\",\"url\":\"https:\/\/infolocale.20minutes.fr\/blog\/wp-content\/uploads\/2021\/03\/vide-greniers.jpg\",\"contentUrl\":\"https:\/\/infolocale.20minutes.fr\/blog\/wp-content\/uploads\/2021\/03\/vide-greniers.jpg\",\"width\":1200,\"height\":630,\"caption\":\"Communiquer pour un vide-greniers ? Nos 9 conseils\"},{\"@type\":\"BreadcrumbList\",\"@id\":\"https:\/\/www.infolocale.fr\/blog\/communication-vide-greniers\/#breadcrumb\",\"itemListElement\":[{\"@type\":\"ListItem\",\"position\":1,\"name\":\"Blog\",\"item\":\"https:\/\/infolocale.ouest-france.fr\/blog\/\"},{\"@type\":\"ListItem\",\"position\":2,\"name\":\"Organiser un \u00e9v\u00e9nement\",\"item\":\"https:\/\/infolocale.actu.fr\/blog\/cat\/organiser-un-evenement\/\"},{\"@type\":\"ListItem\",\"position\":3,\"name\":\"9 conseils pour la communication d&rsquo;un vide-greniers\"}]},{\"@type\":\"WebSite\",\"@id\":\"https:\/\/www.infolocale.fr\/blog\/#website\",\"url\":\"https:\/\/www.infolocale.fr\/blog\/\",\"name\":\"\",\"description\":\"\",\"publisher\":{\"@id\":\"https:\/\/www.infolocale.fr\/blog\/#organization\"},\"potentialAction\":[{\"@type\":\"SearchAction\",\"target\":{\"@type\":\"EntryPoint\",\"urlTemplate\":\"https:\/\/www.infolocale.fr\/blog\/?s={search_term_string}\"},\"query-input\":\"required name=search_term_string\"}],\"inLanguage\":\"fr-FR\"},{\"@type\":\"Organization\",\"@id\":\"https:\/\/www.infolocale.fr\/blog\/#organization\",\"name\":\"Infolocale\",\"url\":\"https:\/\/www.infolocale.fr\/blog\/\",\"logo\":{\"@type\":\"ImageObject\",\"inLanguage\":\"fr-FR\",\"@id\":\"https:\/\/www.infolocale.fr\/blog\/#\/schema\/logo\/image\/\",\"url\":\"https:\/\/www.infolocale.fr\/blog\/wp-content\/uploads\/2020\/11\/logol.jpg\",\"contentUrl\":\"https:\/\/www.infolocale.fr\/blog\/wp-content\/uploads\/2020\/11\/logol.jpg\",\"width\":1031,\"height\":398,\"caption\":\"Infolocale\"},\"image\":{\"@id\":\"https:\/\/www.infolocale.fr\/blog\/#\/schema\/logo\/image\/\"},\"sameAs\":[\"https:\/\/www.facebook.com\/infolocaleFR\/\",\"https:\/\/x.com\/infolocale\",\"https:\/\/www.instagram.com\/infolocale\/\",\"https:\/\/fr.linkedin.com\/company\/infolocale\",\"https:\/\/www.youtube.com\/channel\/UCnv4FA8EYEuu_si3TGr7xeA\"]},{\"@type\":\"Person\",\"@id\":\"https:\/\/www.infolocale.fr\/blog\/#\/schema\/person\/f0f748ece99417833166b3ba8890f3db\",\"name\":\"Morgan\",\"image\":{\"@type\":\"ImageObject\",\"inLanguage\":\"fr-FR\",\"@id\":\"https:\/\/www.infolocale.fr\/blog\/#\/schema\/person\/image\/\",\"url\":\"https:\/\/secure.gravatar.com\/avatar\/a22ec2a0cc817ae9fa3ff7341a213632?s=96&d=mm&r=g\",\"contentUrl\":\"https:\/\/secure.gravatar.com\/avatar\/a22ec2a0cc817ae9fa3ff7341a213632?s=96&d=mm&r=g\",\"caption\":\"Morgan\"},\"url\":\"https:\/\/infolocale.20minutes.fr\/blog\/author\/morgan-delepine\/\"}]}<\/script>\n<!-- \/ Yoast SEO plugin. -->","yoast_head_json":{"title":"Communiquer pour un vide-greniers. 9 conseils |","description":"Pour communiquer pour un vide-greniers vous devez 1. doter votre association d'une \u00e9quipe d\u00e9di\u00e9es \u00e0 la communication. 2. Vous devez...","robots":{"index":"index","follow":"follow","max-snippet":"max-snippet:-1","max-image-preview":"max-image-preview:large","max-video-preview":"max-video-preview:-1"},"canonical":"https:\/\/www.infolocale.fr\/blog\/communication-vide-greniers\/","og_locale":"fr_FR","og_type":"article","og_title":"Communiquer pour un vide-greniers. 9 conseils |","og_description":"Pour communiquer pour un vide-greniers vous devez 1. doter votre association d'une \u00e9quipe d\u00e9di\u00e9es \u00e0 la communication. 2. Vous devez...","og_url":"https:\/\/www.infolocale.fr\/blog\/communication-vide-greniers\/","article_publisher":"https:\/\/www.facebook.com\/infolocaleFR\/","article_published_time":"2021-03-30T09:27:56+00:00","article_modified_time":"2023-03-08T16:12:43+00:00","og_image":[{"width":1200,"height":630,"url":"https:\/\/www.infolocale.fr\/blog\/wp-content\/uploads\/2021\/03\/vide-greniers.jpg","type":"image\/jpeg"}],"author":"Morgan","twitter_card":"summary_large_image","twitter_creator":"@infolocale","twitter_site":"@infolocale","twitter_misc":{"\u00c9crit par":"Morgan","Dur\u00e9e de lecture estim\u00e9e":"9 minutes"},"schema":{"@context":"https:\/\/schema.org","@graph":[{"@type":"Article","@id":"https:\/\/www.infolocale.fr\/blog\/communication-vide-greniers\/#article","isPartOf":{"@id":"https:\/\/www.infolocale.fr\/blog\/communication-vide-greniers\/"},"author":{"name":"Morgan","@id":"https:\/\/www.infolocale.fr\/blog\/#\/schema\/person\/f0f748ece99417833166b3ba8890f3db"},"headline":"9 conseils pour la communication d&rsquo;un vide-greniers","datePublished":"2021-03-30T09:27:56+00:00","dateModified":"2023-03-08T16:12:43+00:00","mainEntityOfPage":{"@id":"https:\/\/www.infolocale.fr\/blog\/communication-vide-greniers\/"},"wordCount":1924,"commentCount":0,"publisher":{"@id":"https:\/\/www.infolocale.fr\/blog\/#organization"},"image":{"@id":"https:\/\/www.infolocale.fr\/blog\/communication-vide-greniers\/#primaryimage"},"thumbnailUrl":"https:\/\/infolocale.20minutes.fr\/blog\/wp-content\/uploads\/2021\/03\/vide-greniers.jpg","articleSection":["Organiser un \u00e9v\u00e9nement"],"inLanguage":"fr-FR","potentialAction":[{"@type":"CommentAction","name":"Comment","target":["https:\/\/www.infolocale.fr\/blog\/communication-vide-greniers\/#respond"]}]},{"@type":"WebPage","@id":"https:\/\/www.infolocale.fr\/blog\/communication-vide-greniers\/","url":"https:\/\/www.infolocale.fr\/blog\/communication-vide-greniers\/","name":"Communiquer pour un vide-greniers. 9 conseils |","isPartOf":{"@id":"https:\/\/www.infolocale.fr\/blog\/#website"},"primaryImageOfPage":{"@id":"https:\/\/www.infolocale.fr\/blog\/communication-vide-greniers\/#primaryimage"},"image":{"@id":"https:\/\/www.infolocale.fr\/blog\/communication-vide-greniers\/#primaryimage"},"thumbnailUrl":"https:\/\/infolocale.20minutes.fr\/blog\/wp-content\/uploads\/2021\/03\/vide-greniers.jpg","datePublished":"2021-03-30T09:27:56+00:00","dateModified":"2023-03-08T16:12:43+00:00","description":"Pour communiquer pour un vide-greniers vous devez 1. doter votre association d'une \u00e9quipe d\u00e9di\u00e9es \u00e0 la communication. 2. Vous devez...","breadcrumb":{"@id":"https:\/\/www.infolocale.fr\/blog\/communication-vide-greniers\/#breadcrumb"},"inLanguage":"fr-FR","potentialAction":[{"@type":"ReadAction","target":["https:\/\/www.infolocale.fr\/blog\/communication-vide-greniers\/"]}]},{"@type":"ImageObject","inLanguage":"fr-FR","@id":"https:\/\/www.infolocale.fr\/blog\/communication-vide-greniers\/#primaryimage","url":"https:\/\/infolocale.20minutes.fr\/blog\/wp-content\/uploads\/2021\/03\/vide-greniers.jpg","contentUrl":"https:\/\/infolocale.20minutes.fr\/blog\/wp-content\/uploads\/2021\/03\/vide-greniers.jpg","width":1200,"height":630,"caption":"Communiquer pour un vide-greniers ? Nos 9 conseils"},{"@type":"BreadcrumbList","@id":"https:\/\/www.infolocale.fr\/blog\/communication-vide-greniers\/#breadcrumb","itemListElement":[{"@type":"ListItem","position":1,"name":"Blog","item":"https:\/\/infolocale.ouest-france.fr\/blog\/"},{"@type":"ListItem","position":2,"name":"Organiser un \u00e9v\u00e9nement","item":"https:\/\/infolocale.actu.fr\/blog\/cat\/organiser-un-evenement\/"},{"@type":"ListItem","position":3,"name":"9 conseils pour la communication d&rsquo;un vide-greniers"}]},{"@type":"WebSite","@id":"https:\/\/www.infolocale.fr\/blog\/#website","url":"https:\/\/www.infolocale.fr\/blog\/","name":"","description":"","publisher":{"@id":"https:\/\/www.infolocale.fr\/blog\/#organization"},"potentialAction":[{"@type":"SearchAction","target":{"@type":"EntryPoint","urlTemplate":"https:\/\/www.infolocale.fr\/blog\/?s={search_term_string}"},"query-input":"required name=search_term_string"}],"inLanguage":"fr-FR"},{"@type":"Organization","@id":"https:\/\/www.infolocale.fr\/blog\/#organization","name":"Infolocale","url":"https:\/\/www.infolocale.fr\/blog\/","logo":{"@type":"ImageObject","inLanguage":"fr-FR","@id":"https:\/\/www.infolocale.fr\/blog\/#\/schema\/logo\/image\/","url":"https:\/\/www.infolocale.fr\/blog\/wp-content\/uploads\/2020\/11\/logol.jpg","contentUrl":"https:\/\/www.infolocale.fr\/blog\/wp-content\/uploads\/2020\/11\/logol.jpg","width":1031,"height":398,"caption":"Infolocale"},"image":{"@id":"https:\/\/www.infolocale.fr\/blog\/#\/schema\/logo\/image\/"},"sameAs":["https:\/\/www.facebook.com\/infolocaleFR\/","https:\/\/x.com\/infolocale","https:\/\/www.instagram.com\/infolocale\/","https:\/\/fr.linkedin.com\/company\/infolocale","https:\/\/www.youtube.com\/channel\/UCnv4FA8EYEuu_si3TGr7xeA"]},{"@type":"Person","@id":"https:\/\/www.infolocale.fr\/blog\/#\/schema\/person\/f0f748ece99417833166b3ba8890f3db","name":"Morgan","image":{"@type":"ImageObject","inLanguage":"fr-FR","@id":"https:\/\/www.infolocale.fr\/blog\/#\/schema\/person\/image\/","url":"https:\/\/secure.gravatar.com\/avatar\/a22ec2a0cc817ae9fa3ff7341a213632?s=96&d=mm&r=g","contentUrl":"https:\/\/secure.gravatar.com\/avatar\/a22ec2a0cc817ae9fa3ff7341a213632?s=96&d=mm&r=g","caption":"Morgan"},"url":"https:\/\/infolocale.20minutes.fr\/blog\/author\/morgan-delepine\/"}]}},"_links":{"self":[{"href":"https:\/\/infolocale.20minutes.fr\/blog\/wp-json\/wp\/v2\/posts\/7338"}],"collection":[{"href":"https:\/\/infolocale.20minutes.fr\/blog\/wp-json\/wp\/v2\/posts"}],"about":[{"href":"https:\/\/infolocale.20minutes.fr\/blog\/wp-json\/wp\/v2\/types\/post"}],"author":[{"embeddable":true,"href":"https:\/\/infolocale.20minutes.fr\/blog\/wp-json\/wp\/v2\/users\/2"}],"replies":[{"embeddable":true,"href":"https:\/\/infolocale.20minutes.fr\/blog\/wp-json\/wp\/v2\/comments?post=7338"}],"version-history":[{"count":0,"href":"https:\/\/infolocale.20minutes.fr\/blog\/wp-json\/wp\/v2\/posts\/7338\/revisions"}],"wp:featuredmedia":[{"embeddable":true,"href":"https:\/\/infolocale.20minutes.fr\/blog\/wp-json\/wp\/v2\/media\/7345"}],"wp:attachment":[{"href":"https:\/\/infolocale.20minutes.fr\/blog\/wp-json\/wp\/v2\/media?parent=7338"}],"wp:term":[{"taxonomy":"category","embeddable":true,"href":"https:\/\/infolocale.20minutes.fr\/blog\/wp-json\/wp\/v2\/categories?post=7338"},{"taxonomy":"post_tag","embeddable":true,"href":"https:\/\/infolocale.20minutes.fr\/blog\/wp-json\/wp\/v2\/tags?post=7338"}],"curies":[{"name":"wp","href":"https:\/\/api.w.org\/{rel}","templated":true}]}}