{"id":6944,"date":"2021-03-29T09:53:17","date_gmt":"2021-03-29T07:53:17","guid":{"rendered":"https:\/\/www.infolocale.fr\/blog\/?p=6944"},"modified":"2021-03-31T15:26:32","modified_gmt":"2021-03-31T13:26:32","slug":"la-crise-fait-chuter-la-creation-dassociations","status":"publish","type":"post","link":"https:\/\/infolocale.20minutes.fr\/blog\/la-crise-fait-chuter-la-creation-dassociations\/","title":{"rendered":"La crise fait chuter les cr\u00e9ations d\u2019associations"},"content":{"rendered":"\n<p>Le monde associatif est \u00e9galement touch\u00e9 par la crise du Covid-19. Le r\u00e9seau <em><a href=\"https:\/\/recherches-solidarites.org\/\">Recherche &amp; Solidarit\u00e9<\/a>&#8211;<\/em> r\u00e9seau associatif d&rsquo;experts, au service de toutes les formes de solidarit\u00e9- \u00a0dresse un bilan pr\u00e9occupant. Il observe un net ralentissement, particuli\u00e8rement marqu\u00e9 au deuxi\u00e8me trimestre 2020. <strong>\u00ab\u00a0Seules 65 000 nouvelles associations ont \u00e9t\u00e9 enregistr\u00e9es sur la p\u00e9riode li\u00e9e \u00e0 la crise -mars \u00e0 octobre 2020-, un chiffre jamais atteint depuis 2009. L\u2019ann\u00e9e pr\u00e9c\u00e9dente, on enregistrait encore 71 000 cr\u00e9ations, soit une baisse de 9%.\u00a0Particuli\u00e8rement brutale entre le premier et le deuxi\u00e8me trimestre 2020 : les cr\u00e9ations passant de 17 169 \u00e0 10 842 (-37%).\u00a0\u00bb<\/strong>  <em>Chiffres d\u2019octobre 2020<\/em><\/p>\n\n\n<figure><\/figure>\n\n\n<h2 class=\"wp-block-heading\">Impact du confinement sur les associations ?<\/h2>\n\n\n\n<p>Apr\u00e8s une premi\u00e8re enqu\u00eate r\u00e9alis\u00e9e d\u00e8s les premiers jours du confinement, le <em>Mouvement associatif<\/em> et le <em>R\u00e9seau National des Maisons des Associations<\/em>, en lien avec la <em>Direction de la jeunesse, de l\u2019\u00e9ducation populaire et de la vie associative du Minist\u00e8re de l\u2019\u00e9ducation nationale et de la jeunesse<\/em>, ont souhait\u00e9 donner de nouveau la parole aux responsables associatifs. Ils ont \u00e9t\u00e9 invit\u00e9s \u00e0 t\u00e9moigner de leur situation,. De leurs pr\u00e9occupations et des soutiens dont ils auraient besoin, au moment de la reprise progressive de leurs activit\u00e9s apr\u00e8s le premier confinement. Plus de 13 000 responsables associatifs se sont exprim\u00e9s entre le 18 mai et le 15 juin 2020 :<\/p>\n\n\n\n<figure><img decoding=\"async\" src=\"https:\/\/www.infolocale.fr\/blog\/wp-content\/uploads\/2021\/03\/image-4.png\" alt=\"\"\/><figcaption>Infographie Recherche &amp; Solidarit\u00e9<\/figcaption><\/figure>\n\n\n\n<h2 class=\"wp-block-heading\">Arr\u00eat imm\u00e9diat des activit\u00e9s<\/h2>\n\n\n\n<p>D\u00e8s le d\u00e9but du confinement, 65 % des associations sont mises en sommeil de fait (70 % parmi les plus petites associations et 76 % dans le secteur du sport), 23 % enregistrent une r\u00e9duction sensible d\u2019activit\u00e9 et seulement 7 % parviennent plus ou moins \u00e0 fonctionner. L\u2019immense majorit\u00e9 des associations organisatrices d&rsquo;\u00e9v\u00e9nements ont \u00e9t\u00e9 contraintes de les annuler en raison des confinements, couvre-feux et des mesures barri\u00e8res. En moyenne, cela a \u00e9t\u00e9 le cas de 80 % des associations, et cette proportion va jusqu\u2019\u00e0 90 % dans les secteurs de l\u2019environnement et de la culture.<\/p>\n\n\n\n<h2 class=\"wp-block-heading\">Garder le contact<\/h2>\n\n\n\n<p>Maintenir  le lien avec les b\u00e9n\u00e9voles, les adh\u00e9rents, les b\u00e9n\u00e9ficiaires devient la pr\u00e9occupation quasiment imm\u00e9diate. Elles s\u2019est renforc\u00e9e r\u00e9guli\u00e8rement. Les associations se sont interrog\u00e9es sur la mani\u00e8re dont elles allaient pouvoir poursuivre leurs actions&nbsp;? Comment s\u2019adapter, se mobiliser pour participer \u00e0 l\u2019\u00e9lan de solidarit\u00e9 n\u00e9cessaire&nbsp;? <\/p>\n\n\n\n<p>Dans une d\u00e9marche citoyenne,&nbsp; un bon nombre d&rsquo;associations interrog\u00e9es se disaient pr\u00eates \u00e0 se mobiliser dans l\u2019int\u00e9r\u00eat g\u00e9n\u00e9ral \u2013 sous r\u00e9serve, bien s\u00fbr, d\u2019une bonne protection des b\u00e9n\u00e9voles-. Elles sont venues rejoindre des associations, d\u00e9j\u00e0 engag\u00e9es dans la vie locale,  qui agissaient dans des domaines sanitaire, social et caritatif.<\/p>\n\n\n\n<h2 class=\"wp-block-heading\">Atouts du num\u00e9rique<\/h2>\n\n\n\n<p><strong>\u00ab&nbsp;Une large majorit\u00e9 des associations  ont repens\u00e9 leur organisation. Le num\u00e9rique a jou\u00e9 pour elles un r\u00f4le essentiel, que ce soit pour travailler ou garder le lien \u00e0 distance. Pour mettre en place de nouvelles pratiques en mati\u00e8re de gouvernance, pour revoir les relations avec les adh\u00e9rents et\/ou les b\u00e9n\u00e9ficiaires. Ou encore pour adapter et faciliter les relations entre b\u00e9n\u00e9voles .&nbsp;\u00bb <\/strong>Des associations ont profit\u00e9 de cette pause pour&nbsp; redessiner leurs priorit\u00e9s. Monter des projets. Proposer des formations \u00e0 leurs b\u00e9n\u00e9voles et \u00e0 leurs salari\u00e9s.<\/p>\n\n\n\n<h2 class=\"wp-block-heading\">Entre Incertitudes et craintes pour l\u2019avenir<\/h2>\n\n\n\n<p>Interrog\u00e9s pendant le confinement, des dirigeants d\u00e9clarent que leur association a moins de trois mois de tr\u00e9sorerie devant elle.  D&rsquo;o\u00f9 une grande incertitude face \u00e0 l\u2019avenir et de r\u00e9elles craintes de la part d\u2019une majorit\u00e9 de dirigeants associatifs. En moyenne, 56 % affirment que la crise aura un impact n\u00e9gatif sur leurs finances, avec une perte des revenus d\u2019activit\u00e9 ; La baisse des ressources en provenance des cotisations (27 %) ; L&rsquo;investissement dans des d\u00e9penses devenues inutiles, faute d\u2019avoir pu organiser des \u00e9v\u00e9nements ; La crainte de perdre des subventions publiques (12 %), tous ces facteurs inqui\u00e8tent fortement le secteur associatif. Certains responsables n\u2019\u00e9cartent pas le risque d\u2019un d\u00e9p\u00f4t de bilan, soit environ 30 000 associations en projection nationale. Cette proportion est un peu plus \u00e9lev\u00e9e parmi les associations &nbsp;employeuses&nbsp;(157 500 associations ont employ\u00e9 des salari\u00e9s en 2019).<\/p>\n\n\n\n<p>Incertitude &nbsp;aussi, plus forte encore, concernant le maintien ou non des partenariats. Pr\u00e8s de 40 % des responsables n\u2019ont aucune id\u00e9e de la position que tiendront leurs financeurs publics ou priv\u00e9s, eux-m\u00eames tr\u00e8s affect\u00e9s par la crise \u2013 cette proportion est encore plus \u00e9lev\u00e9e dans les petites associations et dans le sport \u2013.<\/p>\n\n\n\n<p>En mati\u00e8re d\u2019emploi, la seconde enqu\u00eate d\u00e9voile en mai-juin que 33 % des associations pourraient \u00eatre contraintes de r\u00e9duire leurs effectifs salari\u00e9s \u2013 davantage dans l\u2019enseignement, l\u2019\u00e9ducation populaire, l\u2019environnement et le tourisme social \u2013 et que 20 % reporteraient des recrutements pr\u00e9vus avant la crise.<\/p>\n\n\n\n<h3 class=\"wp-block-heading\">Recours aux mesures de soutien<\/h3>\n\n\n\n<p>Face \u00e0 ces circonstances exceptionnelles et brutales, les inqui\u00e9tudes s\u2019affirment. Les responsables associatifs pressentent que les impacts \u00e9conomiques seront significatifs. Ils constatent d\u00e9j\u00e0 une perte de revenus d\u2019activit\u00e9 et per\u00e7oivent que bien des d\u00e9penses engag\u00e9es deviendront de fait inutiles. Ils craignent pour la mobilisation de leurs b\u00e9n\u00e9voles, notamment parmi les plus \u00e2g\u00e9s. D\u00e8s avril 2020, 37 000 associations ont d\u00e9j\u00e0 activ\u00e9 <a href=\"http:\/\/infolocale.fr\/blog\/les-besoins-des-associations-sont-criants\/\">les solutions financi\u00e8res propos\u00e9es par le Gouvernement, d\u00e9partements, communes et intercommunalit\u00e9s<\/a>. Sujet trait\u00e9 dans un article diffus\u00e9 sur le Blog d&rsquo;Infolocale <a href=\"https:\/\/www.infolocale.fr\/blog\/les-besoins-des-associations-sont-criants\/\">https:\/\/www.infolocale.fr\/blog\/les-besoins-des-associations-sont-criants\/<\/a><\/p>\n\n\n\n<h2 class=\"wp-block-heading\">Dans la perspective de la reprise<\/h2>\n\n\n\n<p>A l&rsquo;heure d&rsquo;un troisi\u00e8me confinement en avril 2021, il est encore trop t\u00f4t pour se prononcer sur le d\u00e9veloppement du tissu associatif. Le climat est \u00e0 l&rsquo;incertitude. Pourtant des associations se cr\u00e9ent chaque jour et prouvent que la ressource humaine b\u00e9n\u00e9vole existe. Les pouvoirs publics, les collectivit\u00e9s sauront les accompagner pour redonner vie aux territoires, faire revivre le lien social apr\u00e8s cette longue pause.<\/p>\n\n\n\n<figure class=\"wp-block-image size-large\"><a href=\"https:\/\/s.infolocale.fr\/?utm_source=blog&amp;utm_medium=banner&amp;utm_campaign=blog-contents\"><img fetchpriority=\"high\" decoding=\"async\" width=\"1024\" height=\"243\" src=\"https:\/\/www.infolocale.fr\/blog\/wp-content\/uploads\/2021\/02\/Association_bleu-1024x243.png\" alt=\"\" class=\"wp-image-5938\" srcset=\"https:\/\/infolocale.20minutes.fr\/blog\/wp-content\/uploads\/2021\/02\/Association_bleu-1024x243.png 1024w, https:\/\/infolocale.20minutes.fr\/blog\/wp-content\/uploads\/2021\/02\/Association_bleu-300x71.png 300w, https:\/\/infolocale.20minutes.fr\/blog\/wp-content\/uploads\/2021\/02\/Association_bleu-768x182.png 768w, https:\/\/infolocale.20minutes.fr\/blog\/wp-content\/uploads\/2021\/02\/Association_bleu-253x60.png 253w, https:\/\/infolocale.20minutes.fr\/blog\/wp-content\/uploads\/2021\/02\/Association_bleu.png 1166w\" sizes=\"(max-width: 1024px) 100vw, 1024px\" \/><\/a><\/figure>\n\n\n\n<p><\/p>\n","protected":false},"excerpt":{"rendered":"<p>Le monde associatif est \u00e9galement touch\u00e9 par la crise du Covid-19. Le r\u00e9seau Recherche &amp; Solidarit\u00e9&#8211; r\u00e9seau associatif d&rsquo;experts, au service de toutes les formes [&hellip;]<\/p>\n","protected":false},"author":8,"featured_media":6946,"comment_status":"open","ping_status":"open","sticky":false,"template":"","format":"standard","meta":{"_coblocks_attr":"","_coblocks_dimensions":"","_coblocks_responsive_height":"","_coblocks_accordion_ie_support":"","_mo_disable_npp":"","footnotes":""},"categories":[6],"tags":[66],"class_list":["post-6944","post","type-post","status-publish","format-standard","has-post-thumbnail","hentry","category-actu-acteurs-locaux","tag-covid19"],"yoast_head":"<!-- This site is optimized with the Yoast SEO plugin v23.2 - https:\/\/yoast.com\/wordpress\/plugins\/seo\/ -->\n<title>La crise fait chuter les cr\u00e9ations d\u2019associations |<\/title>\n<meta name=\"description\" content=\"Le monde associatif est \u00e9galement touch\u00e9 par la pand\u00e9mie. Seules 65 000 nouvelles associations ont \u00e9t\u00e9 enregistr\u00e9es contre 71 000 pr\u00e9c\u00e9demment.\" \/>\n<meta name=\"robots\" content=\"index, follow, max-snippet:-1, max-image-preview:large, max-video-preview:-1\" \/>\n<link rel=\"canonical\" href=\"https:\/\/www.infolocale.fr\/blog\/la-crise-fait-chuter-la-creation-dassociations\/\" \/>\n<meta property=\"og:locale\" content=\"fr_FR\" \/>\n<meta property=\"og:type\" content=\"article\" \/>\n<meta property=\"og:title\" content=\"La crise fait chuter les cr\u00e9ations d\u2019associations |\" \/>\n<meta property=\"og:description\" content=\"Le monde associatif est \u00e9galement touch\u00e9 par la pand\u00e9mie. Seules 65 000 nouvelles associations ont \u00e9t\u00e9 enregistr\u00e9es contre 71 000 pr\u00e9c\u00e9demment.\" \/>\n<meta property=\"og:url\" content=\"https:\/\/www.infolocale.fr\/blog\/la-crise-fait-chuter-la-creation-dassociations\/\" \/>\n<meta property=\"article:publisher\" content=\"https:\/\/www.facebook.com\/infolocaleFR\/\" \/>\n<meta property=\"article:published_time\" content=\"2021-03-29T07:53:17+00:00\" \/>\n<meta property=\"article:modified_time\" content=\"2021-03-31T13:26:32+00:00\" \/>\n<meta property=\"og:image\" content=\"https:\/\/www.infolocale.fr\/blog\/wp-content\/uploads\/2021\/03\/iStock-13041190971-scaled.jpg\" \/>\n\t<meta property=\"og:image:width\" content=\"2560\" \/>\n\t<meta property=\"og:image:height\" content=\"2560\" \/>\n\t<meta property=\"og:image:type\" content=\"image\/jpeg\" \/>\n<meta name=\"author\" content=\"Myl\u00e8ne\" \/>\n<meta name=\"twitter:card\" content=\"summary_large_image\" \/>\n<meta name=\"twitter:creator\" content=\"@infolocale\" \/>\n<meta name=\"twitter:site\" content=\"@infolocale\" \/>\n<meta name=\"twitter:label1\" content=\"\u00c9crit par\" \/>\n\t<meta name=\"twitter:data1\" content=\"Myl\u00e8ne\" \/>\n\t<meta name=\"twitter:label2\" content=\"Dur\u00e9e de lecture estim\u00e9e\" \/>\n\t<meta name=\"twitter:data2\" content=\"5 minutes\" \/>\n<script type=\"application\/ld+json\" class=\"yoast-schema-graph\">{\"@context\":\"https:\/\/schema.org\",\"@graph\":[{\"@type\":\"Article\",\"@id\":\"https:\/\/www.infolocale.fr\/blog\/la-crise-fait-chuter-la-creation-dassociations\/#article\",\"isPartOf\":{\"@id\":\"https:\/\/www.infolocale.fr\/blog\/la-crise-fait-chuter-la-creation-dassociations\/\"},\"author\":{\"name\":\"Myl\u00e8ne\",\"@id\":\"https:\/\/www.infolocale.fr\/blog\/#\/schema\/person\/bf2dc50c6636ffa2ce3e44ef1f9eb97f\"},\"headline\":\"La crise fait chuter les cr\u00e9ations d\u2019associations\",\"datePublished\":\"2021-03-29T07:53:17+00:00\",\"dateModified\":\"2021-03-31T13:26:32+00:00\",\"mainEntityOfPage\":{\"@id\":\"https:\/\/www.infolocale.fr\/blog\/la-crise-fait-chuter-la-creation-dassociations\/\"},\"wordCount\":1007,\"commentCount\":0,\"publisher\":{\"@id\":\"https:\/\/www.infolocale.fr\/blog\/#organization\"},\"image\":{\"@id\":\"https:\/\/www.infolocale.fr\/blog\/la-crise-fait-chuter-la-creation-dassociations\/#primaryimage\"},\"thumbnailUrl\":\"https:\/\/infolocale.20minutes.fr\/blog\/wp-content\/uploads\/2021\/03\/iStock-13041190971-scaled.jpg\",\"keywords\":[\"COVID19\"],\"articleSection\":[\"En ce moment\"],\"inLanguage\":\"fr-FR\",\"potentialAction\":[{\"@type\":\"CommentAction\",\"name\":\"Comment\",\"target\":[\"https:\/\/www.infolocale.fr\/blog\/la-crise-fait-chuter-la-creation-dassociations\/#respond\"]}]},{\"@type\":\"WebPage\",\"@id\":\"https:\/\/www.infolocale.fr\/blog\/la-crise-fait-chuter-la-creation-dassociations\/\",\"url\":\"https:\/\/www.infolocale.fr\/blog\/la-crise-fait-chuter-la-creation-dassociations\/\",\"name\":\"La crise fait chuter les cr\u00e9ations d\u2019associations |\",\"isPartOf\":{\"@id\":\"https:\/\/www.infolocale.fr\/blog\/#website\"},\"primaryImageOfPage\":{\"@id\":\"https:\/\/www.infolocale.fr\/blog\/la-crise-fait-chuter-la-creation-dassociations\/#primaryimage\"},\"image\":{\"@id\":\"https:\/\/www.infolocale.fr\/blog\/la-crise-fait-chuter-la-creation-dassociations\/#primaryimage\"},\"thumbnailUrl\":\"https:\/\/infolocale.20minutes.fr\/blog\/wp-content\/uploads\/2021\/03\/iStock-13041190971-scaled.jpg\",\"datePublished\":\"2021-03-29T07:53:17+00:00\",\"dateModified\":\"2021-03-31T13:26:32+00:00\",\"description\":\"Le monde associatif est \u00e9galement touch\u00e9 par la pand\u00e9mie. Seules 65 000 nouvelles associations ont \u00e9t\u00e9 enregistr\u00e9es contre 71 000 pr\u00e9c\u00e9demment.\",\"breadcrumb\":{\"@id\":\"https:\/\/www.infolocale.fr\/blog\/la-crise-fait-chuter-la-creation-dassociations\/#breadcrumb\"},\"inLanguage\":\"fr-FR\",\"potentialAction\":[{\"@type\":\"ReadAction\",\"target\":[\"https:\/\/www.infolocale.fr\/blog\/la-crise-fait-chuter-la-creation-dassociations\/\"]}]},{\"@type\":\"ImageObject\",\"inLanguage\":\"fr-FR\",\"@id\":\"https:\/\/www.infolocale.fr\/blog\/la-crise-fait-chuter-la-creation-dassociations\/#primaryimage\",\"url\":\"https:\/\/infolocale.20minutes.fr\/blog\/wp-content\/uploads\/2021\/03\/iStock-13041190971-scaled.jpg\",\"contentUrl\":\"https:\/\/infolocale.20minutes.fr\/blog\/wp-content\/uploads\/2021\/03\/iStock-13041190971-scaled.jpg\",\"width\":2560,\"height\":2560,\"caption\":\"Stock Vector Virus Illustration Design for Health Information\"},{\"@type\":\"BreadcrumbList\",\"@id\":\"https:\/\/www.infolocale.fr\/blog\/la-crise-fait-chuter-la-creation-dassociations\/#breadcrumb\",\"itemListElement\":[{\"@type\":\"ListItem\",\"position\":1,\"name\":\"Blog\",\"item\":\"https:\/\/infolocale.ouest-france.fr\/blog\/\"},{\"@type\":\"ListItem\",\"position\":2,\"name\":\"En ce moment\",\"item\":\"https:\/\/infolocale.20minutes.fr\/blog\/cat\/actu-acteurs-locaux\/\"},{\"@type\":\"ListItem\",\"position\":3,\"name\":\"La crise fait chuter les cr\u00e9ations d\u2019associations\"}]},{\"@type\":\"WebSite\",\"@id\":\"https:\/\/www.infolocale.fr\/blog\/#website\",\"url\":\"https:\/\/www.infolocale.fr\/blog\/\",\"name\":\"\",\"description\":\"\",\"publisher\":{\"@id\":\"https:\/\/www.infolocale.fr\/blog\/#organization\"},\"potentialAction\":[{\"@type\":\"SearchAction\",\"target\":{\"@type\":\"EntryPoint\",\"urlTemplate\":\"https:\/\/www.infolocale.fr\/blog\/?s={search_term_string}\"},\"query-input\":\"required name=search_term_string\"}],\"inLanguage\":\"fr-FR\"},{\"@type\":\"Organization\",\"@id\":\"https:\/\/www.infolocale.fr\/blog\/#organization\",\"name\":\"Infolocale\",\"url\":\"https:\/\/www.infolocale.fr\/blog\/\",\"logo\":{\"@type\":\"ImageObject\",\"inLanguage\":\"fr-FR\",\"@id\":\"https:\/\/www.infolocale.fr\/blog\/#\/schema\/logo\/image\/\",\"url\":\"https:\/\/www.infolocale.fr\/blog\/wp-content\/uploads\/2020\/11\/logol.jpg\",\"contentUrl\":\"https:\/\/www.infolocale.fr\/blog\/wp-content\/uploads\/2020\/11\/logol.jpg\",\"width\":1031,\"height\":398,\"caption\":\"Infolocale\"},\"image\":{\"@id\":\"https:\/\/www.infolocale.fr\/blog\/#\/schema\/logo\/image\/\"},\"sameAs\":[\"https:\/\/www.facebook.com\/infolocaleFR\/\",\"https:\/\/x.com\/infolocale\",\"https:\/\/www.instagram.com\/infolocale\/\",\"https:\/\/fr.linkedin.com\/company\/infolocale\",\"https:\/\/www.youtube.com\/channel\/UCnv4FA8EYEuu_si3TGr7xeA\"]},{\"@type\":\"Person\",\"@id\":\"https:\/\/www.infolocale.fr\/blog\/#\/schema\/person\/bf2dc50c6636ffa2ce3e44ef1f9eb97f\",\"name\":\"Myl\u00e8ne\",\"image\":{\"@type\":\"ImageObject\",\"inLanguage\":\"fr-FR\",\"@id\":\"https:\/\/www.infolocale.fr\/blog\/#\/schema\/person\/image\/\",\"url\":\"https:\/\/secure.gravatar.com\/avatar\/49511f0ea4b41ed3062b218e30f07042?s=96&d=mm&r=g\",\"contentUrl\":\"https:\/\/secure.gravatar.com\/avatar\/49511f0ea4b41ed3062b218e30f07042?s=96&d=mm&r=g\",\"caption\":\"Myl\u00e8ne\"},\"url\":\"https:\/\/infolocale.20minutes.fr\/blog\/author\/mylene-michel\/\"}]}<\/script>\n<!-- \/ Yoast SEO plugin. -->","yoast_head_json":{"title":"La crise fait chuter les cr\u00e9ations d\u2019associations |","description":"Le monde associatif est \u00e9galement touch\u00e9 par la pand\u00e9mie. Seules 65 000 nouvelles associations ont \u00e9t\u00e9 enregistr\u00e9es contre 71 000 pr\u00e9c\u00e9demment.","robots":{"index":"index","follow":"follow","max-snippet":"max-snippet:-1","max-image-preview":"max-image-preview:large","max-video-preview":"max-video-preview:-1"},"canonical":"https:\/\/www.infolocale.fr\/blog\/la-crise-fait-chuter-la-creation-dassociations\/","og_locale":"fr_FR","og_type":"article","og_title":"La crise fait chuter les cr\u00e9ations d\u2019associations |","og_description":"Le monde associatif est \u00e9galement touch\u00e9 par la pand\u00e9mie. Seules 65 000 nouvelles associations ont \u00e9t\u00e9 enregistr\u00e9es contre 71 000 pr\u00e9c\u00e9demment.","og_url":"https:\/\/www.infolocale.fr\/blog\/la-crise-fait-chuter-la-creation-dassociations\/","article_publisher":"https:\/\/www.facebook.com\/infolocaleFR\/","article_published_time":"2021-03-29T07:53:17+00:00","article_modified_time":"2021-03-31T13:26:32+00:00","og_image":[{"width":2560,"height":2560,"url":"https:\/\/www.infolocale.fr\/blog\/wp-content\/uploads\/2021\/03\/iStock-13041190971-scaled.jpg","type":"image\/jpeg"}],"author":"Myl\u00e8ne","twitter_card":"summary_large_image","twitter_creator":"@infolocale","twitter_site":"@infolocale","twitter_misc":{"\u00c9crit par":"Myl\u00e8ne","Dur\u00e9e de lecture estim\u00e9e":"5 minutes"},"schema":{"@context":"https:\/\/schema.org","@graph":[{"@type":"Article","@id":"https:\/\/www.infolocale.fr\/blog\/la-crise-fait-chuter-la-creation-dassociations\/#article","isPartOf":{"@id":"https:\/\/www.infolocale.fr\/blog\/la-crise-fait-chuter-la-creation-dassociations\/"},"author":{"name":"Myl\u00e8ne","@id":"https:\/\/www.infolocale.fr\/blog\/#\/schema\/person\/bf2dc50c6636ffa2ce3e44ef1f9eb97f"},"headline":"La crise fait chuter les cr\u00e9ations d\u2019associations","datePublished":"2021-03-29T07:53:17+00:00","dateModified":"2021-03-31T13:26:32+00:00","mainEntityOfPage":{"@id":"https:\/\/www.infolocale.fr\/blog\/la-crise-fait-chuter-la-creation-dassociations\/"},"wordCount":1007,"commentCount":0,"publisher":{"@id":"https:\/\/www.infolocale.fr\/blog\/#organization"},"image":{"@id":"https:\/\/www.infolocale.fr\/blog\/la-crise-fait-chuter-la-creation-dassociations\/#primaryimage"},"thumbnailUrl":"https:\/\/infolocale.20minutes.fr\/blog\/wp-content\/uploads\/2021\/03\/iStock-13041190971-scaled.jpg","keywords":["COVID19"],"articleSection":["En ce moment"],"inLanguage":"fr-FR","potentialAction":[{"@type":"CommentAction","name":"Comment","target":["https:\/\/www.infolocale.fr\/blog\/la-crise-fait-chuter-la-creation-dassociations\/#respond"]}]},{"@type":"WebPage","@id":"https:\/\/www.infolocale.fr\/blog\/la-crise-fait-chuter-la-creation-dassociations\/","url":"https:\/\/www.infolocale.fr\/blog\/la-crise-fait-chuter-la-creation-dassociations\/","name":"La crise fait chuter les cr\u00e9ations d\u2019associations |","isPartOf":{"@id":"https:\/\/www.infolocale.fr\/blog\/#website"},"primaryImageOfPage":{"@id":"https:\/\/www.infolocale.fr\/blog\/la-crise-fait-chuter-la-creation-dassociations\/#primaryimage"},"image":{"@id":"https:\/\/www.infolocale.fr\/blog\/la-crise-fait-chuter-la-creation-dassociations\/#primaryimage"},"thumbnailUrl":"https:\/\/infolocale.20minutes.fr\/blog\/wp-content\/uploads\/2021\/03\/iStock-13041190971-scaled.jpg","datePublished":"2021-03-29T07:53:17+00:00","dateModified":"2021-03-31T13:26:32+00:00","description":"Le monde associatif est \u00e9galement touch\u00e9 par la pand\u00e9mie. Seules 65 000 nouvelles associations ont \u00e9t\u00e9 enregistr\u00e9es contre 71 000 pr\u00e9c\u00e9demment.","breadcrumb":{"@id":"https:\/\/www.infolocale.fr\/blog\/la-crise-fait-chuter-la-creation-dassociations\/#breadcrumb"},"inLanguage":"fr-FR","potentialAction":[{"@type":"ReadAction","target":["https:\/\/www.infolocale.fr\/blog\/la-crise-fait-chuter-la-creation-dassociations\/"]}]},{"@type":"ImageObject","inLanguage":"fr-FR","@id":"https:\/\/www.infolocale.fr\/blog\/la-crise-fait-chuter-la-creation-dassociations\/#primaryimage","url":"https:\/\/infolocale.20minutes.fr\/blog\/wp-content\/uploads\/2021\/03\/iStock-13041190971-scaled.jpg","contentUrl":"https:\/\/infolocale.20minutes.fr\/blog\/wp-content\/uploads\/2021\/03\/iStock-13041190971-scaled.jpg","width":2560,"height":2560,"caption":"Stock Vector Virus Illustration Design for Health Information"},{"@type":"BreadcrumbList","@id":"https:\/\/www.infolocale.fr\/blog\/la-crise-fait-chuter-la-creation-dassociations\/#breadcrumb","itemListElement":[{"@type":"ListItem","position":1,"name":"Blog","item":"https:\/\/infolocale.ouest-france.fr\/blog\/"},{"@type":"ListItem","position":2,"name":"En ce moment","item":"https:\/\/infolocale.20minutes.fr\/blog\/cat\/actu-acteurs-locaux\/"},{"@type":"ListItem","position":3,"name":"La crise fait chuter les cr\u00e9ations d\u2019associations"}]},{"@type":"WebSite","@id":"https:\/\/www.infolocale.fr\/blog\/#website","url":"https:\/\/www.infolocale.fr\/blog\/","name":"","description":"","publisher":{"@id":"https:\/\/www.infolocale.fr\/blog\/#organization"},"potentialAction":[{"@type":"SearchAction","target":{"@type":"EntryPoint","urlTemplate":"https:\/\/www.infolocale.fr\/blog\/?s={search_term_string}"},"query-input":"required name=search_term_string"}],"inLanguage":"fr-FR"},{"@type":"Organization","@id":"https:\/\/www.infolocale.fr\/blog\/#organization","name":"Infolocale","url":"https:\/\/www.infolocale.fr\/blog\/","logo":{"@type":"ImageObject","inLanguage":"fr-FR","@id":"https:\/\/www.infolocale.fr\/blog\/#\/schema\/logo\/image\/","url":"https:\/\/www.infolocale.fr\/blog\/wp-content\/uploads\/2020\/11\/logol.jpg","contentUrl":"https:\/\/www.infolocale.fr\/blog\/wp-content\/uploads\/2020\/11\/logol.jpg","width":1031,"height":398,"caption":"Infolocale"},"image":{"@id":"https:\/\/www.infolocale.fr\/blog\/#\/schema\/logo\/image\/"},"sameAs":["https:\/\/www.facebook.com\/infolocaleFR\/","https:\/\/x.com\/infolocale","https:\/\/www.instagram.com\/infolocale\/","https:\/\/fr.linkedin.com\/company\/infolocale","https:\/\/www.youtube.com\/channel\/UCnv4FA8EYEuu_si3TGr7xeA"]},{"@type":"Person","@id":"https:\/\/www.infolocale.fr\/blog\/#\/schema\/person\/bf2dc50c6636ffa2ce3e44ef1f9eb97f","name":"Myl\u00e8ne","image":{"@type":"ImageObject","inLanguage":"fr-FR","@id":"https:\/\/www.infolocale.fr\/blog\/#\/schema\/person\/image\/","url":"https:\/\/secure.gravatar.com\/avatar\/49511f0ea4b41ed3062b218e30f07042?s=96&d=mm&r=g","contentUrl":"https:\/\/secure.gravatar.com\/avatar\/49511f0ea4b41ed3062b218e30f07042?s=96&d=mm&r=g","caption":"Myl\u00e8ne"},"url":"https:\/\/infolocale.20minutes.fr\/blog\/author\/mylene-michel\/"}]}},"_links":{"self":[{"href":"https:\/\/infolocale.20minutes.fr\/blog\/wp-json\/wp\/v2\/posts\/6944"}],"collection":[{"href":"https:\/\/infolocale.20minutes.fr\/blog\/wp-json\/wp\/v2\/posts"}],"about":[{"href":"https:\/\/infolocale.20minutes.fr\/blog\/wp-json\/wp\/v2\/types\/post"}],"author":[{"embeddable":true,"href":"https:\/\/infolocale.20minutes.fr\/blog\/wp-json\/wp\/v2\/users\/8"}],"replies":[{"embeddable":true,"href":"https:\/\/infolocale.20minutes.fr\/blog\/wp-json\/wp\/v2\/comments?post=6944"}],"version-history":[{"count":0,"href":"https:\/\/infolocale.20minutes.fr\/blog\/wp-json\/wp\/v2\/posts\/6944\/revisions"}],"wp:featuredmedia":[{"embeddable":true,"href":"https:\/\/infolocale.20minutes.fr\/blog\/wp-json\/wp\/v2\/media\/6946"}],"wp:attachment":[{"href":"https:\/\/infolocale.20minutes.fr\/blog\/wp-json\/wp\/v2\/media?parent=6944"}],"wp:term":[{"taxonomy":"category","embeddable":true,"href":"https:\/\/infolocale.20minutes.fr\/blog\/wp-json\/wp\/v2\/categories?post=6944"},{"taxonomy":"post_tag","embeddable":true,"href":"https:\/\/infolocale.20minutes.fr\/blog\/wp-json\/wp\/v2\/tags?post=6944"}],"curies":[{"name":"wp","href":"https:\/\/api.w.org\/{rel}","templated":true}]}}