{"id":6378,"date":"2021-03-12T11:35:57","date_gmt":"2021-03-12T10:35:57","guid":{"rendered":"https:\/\/www.infolocale.fr\/blog\/?p=6378"},"modified":"2023-01-17T12:15:58","modified_gmt":"2023-01-17T11:15:58","slug":"revoquer-president-association","status":"publish","type":"post","link":"https:\/\/infolocale.20minutes.fr\/blog\/revoquer-president-association\/","title":{"rendered":"R\u00e9voquer le pr\u00e9sident d\u2019une association, un administrateur ou un dirigeant"},"content":{"rendered":"\n<p class=\"has-black-color has-text-color has-background\" style=\"background-color:#a1d5f5\">Une association peut r\u00e9voquer son pr\u00e9sident, tout comme il est possible de r\u00e9voquer un administrateur ou un membre du bureau. Dans le silence des statuts, l\u2019administrateur vis\u00e9 par la proc\u00e9dure de destitution devra \u00eatre exclu par le m\u00eame organe, avec le m\u00eame quorum et le m\u00eame mode de scrutin que celui l\u2019ayant mis en place. Si vos statuts pr\u00e9voient ce cas de figure, il vous suffit de suivre la r\u00e8gle. Ceci fait, vous aurez trois mois pour mettre \u00e0 jour vos informations aupr\u00e8s du greffe des associations. Il peut \u00eatre bon de penser \u00e0 int\u00e9grer les r\u00e8gles de radiation des dirigeants avant d&rsquo;en avoir besoin. Cela peut \u00eatre fait \u00e0 l\u2019\u00e9tape de la r\u00e9daction des statuts, lors de la cr\u00e9ation de votre association.<\/p>\n\n\n\n<div class=\"wp-block-buttons is-horizontal is-content-justification-center is-layout-flex wp-container-core-buttons-is-layout-1 wp-block-buttons-is-layout-flex\">\n<div class=\"wp-block-button\"><a class=\"wp-block-button__link has-white-color has-luminous-vivid-amber-background-color has-text-color has-background wp-element-button\"><strong>&gt;&gt;Inscrire mon asso \u00e0 Infolocale <\/strong><\/a><\/div>\n<\/div>\n\n\n\n<h2 class=\"wp-block-heading\">La loi 1901 vous laisse une large marge de man\u0153uvre pour fixer le fonctionnement de votre association<\/h2>\n\n\n\n<p>La loi 1901 laisse une large marge de man\u0153uvre aux associations pour fixer un cadre adapt\u00e9 \u00e0 leurs besoins particuliers. Pilier de cette cr\u00e9ation, les statuts ont force de loi et valeur de contrat. Ils lient l&rsquo;ensemble des membres d&rsquo;une association.<\/p>\n\n\n\n<p>Ainsi, chaque membre de votre association se doit d&rsquo;en respecter les statuts. Dans ce domaine, un refus m\u00e8ne immanquablement \u00e0 une incapacit\u00e9 d&rsquo;adh\u00e9rer.<\/p>\n\n\n\n<p>Cette grande libert\u00e9 entra\u00eene parfois des flous dans la gestion associative. En effet, la loi n\u2019a pas vocation \u00e0 r\u00e9pondre \u00e0 tous les probl\u00e8mes de fonctionnement d\u2019une association. Ici, c\u2019est \u00e0 vous, administrateurs, membres du bureau et de l\u2019assembl\u00e9e g\u00e9n\u00e9rale, de fixer le fonctionnement de votre organisation au travers de vos statuts et de votre r\u00e8glement int\u00e9rieur.<\/p>\n\n\n\n<h2 class=\"wp-block-heading\">Est-il possible de r\u00e9voquer un dirigeant d\u2019association ?<\/h2>\n\n\n\n<p>Si les membres du bureau et les administrateurs peuvent d\u00e9missionner, certains se demandent parfois : <\/p>\n\n\n\n<ul class=\"wp-block-list\"><li>Est-il possible de r\u00e9voquer le pr\u00e9sident de son association ?<\/li><li>Comment d\u00e9mettre un administrateur d\u2019association de ses fonctions ?<\/li><li>Comment destituer un pr\u00e9sident d&rsquo;association ?<\/li><\/ul>\n\n\n\n<p>Il est possible de r\u00e9voquer le pr\u00e9sident d&rsquo;une association ou un administrateur. Cependant, il est pr\u00e9f\u00e9rable que cette r\u00e9vocation repose sur des r\u00e8gles pr\u00e9alablement \u00e9tablies. <\/p>\n\n\n\n<p>Dans ce domaine, la r\u00e8gle peut \u00eatre fix\u00e9 \u00e0 diff\u00e9rents moments. Ce peut \u00eatre \u00e0 la cr\u00e9ation de votre association, lors de l&rsquo;assembl\u00e9e g\u00e9n\u00e9rale constitutive. <\/p>\n\n\n\n<p>N\u00e9anmoins, si ce n&rsquo;est pas le cas de votre association, vous pouvez \u00e9galement <a href=\"https:\/\/www.infolocale.fr\/blog\/modifier-statuts-association\/\">modifier vos statuts<\/a> afin de faire apparaitre des r\u00e8gles omises lors de la cr\u00e9ation. C&rsquo;est alors, le plus souvent, \u00e0 votre assembl\u00e9e g\u00e9n\u00e9rale que revient la mission de d\u00e9finir cette r\u00e8gle.<\/p>\n\n\n\n<p>Vous voulez r\u00e9voquer votre pr\u00e9sident ? Vous souhaitez changer la direction de votre association ? Voici les r\u00e8gles \u00e0 suivre.<\/p>\n\n\n\n<div class=\"wp-block-image\"><figure class=\"aligncenter size-large\"><a href=\"https:\/\/www.infolocale.fr\/blog\/wp-content\/uploads\/2021\/04\/changer-president-association.jpg\"><img fetchpriority=\"high\" decoding=\"async\" width=\"656\" height=\"1024\" src=\"https:\/\/www.infolocale.fr\/blog\/wp-content\/uploads\/2021\/04\/changer-president-association-656x1024.jpg\" alt=\"changer le pr\u00e9sident d'une association. R\u00e9voquer un dirigeant d'association.\" class=\"wp-image-9778\" srcset=\"https:\/\/infolocale.20minutes.fr\/blog\/wp-content\/uploads\/2021\/04\/changer-president-association-656x1024.jpg 656w, https:\/\/infolocale.20minutes.fr\/blog\/wp-content\/uploads\/2021\/04\/changer-president-association-192x300.jpg 192w, https:\/\/infolocale.20minutes.fr\/blog\/wp-content\/uploads\/2021\/04\/changer-president-association-768x1198.jpg 768w, https:\/\/infolocale.20minutes.fr\/blog\/wp-content\/uploads\/2021\/04\/changer-president-association-985x1536.jpg 985w, https:\/\/infolocale.20minutes.fr\/blog\/wp-content\/uploads\/2021\/04\/changer-president-association.jpg 1200w\" sizes=\"(max-width: 656px) 100vw, 656px\" \/><\/a><\/figure><\/div>\n\n\n\n<h2 class=\"wp-block-heading\">Comment un dirigeant d&rsquo;association peut-il perdre son poste ?<\/h2>\n\n\n\n<p>Dans certains cas, les statuts ou le <a href=\"https:\/\/www.infolocale.fr\/blog\/reglement-interieur-association\/\">r\u00e8glement int\u00e9rieur d&rsquo;une association<\/a> pr\u00e9voient les \u00e9v\u00e9nements pouvant entra\u00eener la d\u00e9mission du pr\u00e9sident ou d&rsquo;un administrateur.<\/p>\n\n\n\n<p>Dans d&rsquo;autres cas, le pr\u00e9sident peut perdre son droit d\u2019exercer. Ce pourra \u00eatre le cas suite \u00e0 une condamnation par exemple.<\/p>\n\n\n\n<p>Enfin, il arrive aussi que les statuts pr\u00e9voient une dur\u00e9e fixe pour le mandat des administrateurs. Celui-ci arrivant \u00e0 \u00e9ch\u00e9ance, vous allez devoir organiser de nouvelles \u00e9lections.<\/p>\n\n\n\n<p>Finalement, une association peut d\u00e9cider, en cours de mandat, de destituer son pr\u00e9sident, comme elle le ferait pour n\u2019importe lequel de ses dirigeants.&nbsp;<\/p>\n\n\n\n<h3 class=\"wp-block-heading\">R\u00e9voquer le pr\u00e9sident d&rsquo;une association. Quand les statuts pr\u00e9voient la r\u00e8gle<\/h3>\n\n\n\n<p>Les <a href=\"https:\/\/www.infolocale.fr\/blog\/rediger-statuts-dune-association\/\">statuts des associations<\/a> pr\u00e9voient souvent les r\u00e8gles de r\u00e9vocations de leur dirigeants. Reportez-vous \u00e0 vos statuts, s\u2019ils pr\u00e9voient cet \u00e9v\u00e9nement, ceux-ci pr\u00e9valent et il vous suffit de suivre la r\u00e8gle.<\/p>\n\n\n\n<h3 class=\"wp-block-heading\">Si les statuts ne pr\u00e9voient pas de r\u00e8gle de r\u00e9vocation<\/h3>\n\n\n\n<p>Dans le silence des statuts, le pr\u00e9sident est \u00e0 consid\u00e9rer comme un mandataire. Rien ne s\u2019oppose donc \u00e0 sa r\u00e9vocation. Cependant, afin que celle-ci soit effective, vous devez organiser la r\u00e9vocation selon les m\u00eames r\u00e8gles que celles ayant mis en place le dirigeant concern\u00e9. <\/p>\n\n\n\n<p>Ainsi, cette r\u00e9vocation devra \u00eatre vot\u00e9e par la m\u00eame assembl\u00e9e, pr\u00e9sente selon le m\u00eame <a href=\"https:\/\/www.infolocale.fr\/blog\/quorum-assemblee-generale-association\/\">quorum<\/a> et votant \u00e0 la m\u00eame majorit\u00e9.<\/p>\n\n\n<div class=\"wp-block-image is-resized\">\n<figure class=\"aligncenter size-large has-lightbox\"><a href=\"https:\/\/www.infolocale.fr\/decouvrir\/deposant\/?utm_source=blog&amp;utm_medium=banner&amp;utm_campaign=blog-content\"><img decoding=\"async\" width=\"1024\" height=\"1024\" src=\"https:\/\/www.infolocale.fr\/blog\/wp-content\/uploads\/2021\/11\/banniere-NLDASSO-carree1500x1500-1024x1024.jpg\" alt=\"\" class=\"wp-image-23946\" srcset=\"https:\/\/infolocale.20minutes.fr\/blog\/wp-content\/uploads\/2021\/11\/banniere-NLDASSO-carree1500x1500-1024x1024.jpg 1024w, https:\/\/infolocale.20minutes.fr\/blog\/wp-content\/uploads\/2021\/11\/banniere-NLDASSO-carree1500x1500-300x300.jpg 300w, https:\/\/infolocale.20minutes.fr\/blog\/wp-content\/uploads\/2021\/11\/banniere-NLDASSO-carree1500x1500-150x150.jpg 150w, https:\/\/infolocale.20minutes.fr\/blog\/wp-content\/uploads\/2021\/11\/banniere-NLDASSO-carree1500x1500-768x768.jpg 768w, https:\/\/infolocale.20minutes.fr\/blog\/wp-content\/uploads\/2021\/11\/banniere-NLDASSO-carree1500x1500.jpg 1500w\" sizes=\"(max-width: 1024px) 100vw, 1024px\" \/><\/a><\/figure><\/div>\n\n\n<h2 class=\"wp-block-heading\">Penser au mode de destitution de vos dirigeants d\u00e8s la cr\u00e9ation de votre association<\/h2>\n\n\n\n<p>Ce n\u2019est pas forc\u00e9ment la premi\u00e8re chose \u00e0 laquelle on pense quand on <a href=\"https:\/\/www.infolocale.fr\/blog\/creer-une-association\/\">cr\u00e9e une association<\/a>. Pourtant, pour \u00e9viter d\u2019\u00eatre pris au d\u00e9pourvu, nous vous conseillons de pr\u00e9voir, le plus rapidement possible, la r\u00e9ponse que votre association apportera \u00e0 ce probl\u00e8me. En effet, pr\u00e9voir une r\u00e8gle de destitution vous permettra d&rsquo;assurer la transition de la mani\u00e8re la plus l\u00e9gale, rapide et incontestable. Id\u00e9alement, vous devriez pr\u00e9voir ce cadre \u00e0 l&rsquo;\u00e9tape de l\u2019<a href=\"https:\/\/www.infolocale.fr\/blog\/assemblee-generale-constitutive-association\/\">assembl\u00e9e g\u00e9n\u00e9rale constitutive de votre association<\/a>.<\/p>\n\n\n\n<h2 class=\"wp-block-heading\">R\u00e9voquer un administrateur. Les proc\u00e9dures \u00e0 respecter pour une transition sans encombre<\/h2>\n\n\n\n<p>Vous envisagez de r\u00e9voquer votre pr\u00e9sident ou un administrateur ? Vous allez donc devoir mettre en place de nouveaux dirigeants. Selon les r\u00e8gles en vigueurs dans votre association, vous allez probablement devoir <a href=\"https:\/\/www.infolocale.fr\/blog\/assemblee-generale-extraordinaire-association\/\">convoquer une assembl\u00e9e g\u00e9n\u00e9rale extraordinaire<\/a>. <\/p>\n\n\n\n<p>D&rsquo;ailleurs, si vous souhaitez effectuer la r\u00e9vocation et l&rsquo;\u00e9lection de nouveaux dirigeants sur la m\u00eame assembl\u00e9e g\u00e9n\u00e9rale, vous devez imp\u00e9rativement inscrire ces diff\u00e9rents points \u00e0 votre ordre du jour. Si vous organisez l&rsquo;<a href=\"https:\/\/www.infolocale.fr\/blog\/elire-bureau-association\/\">\u00e9lection de votre bureau<\/a> sans le mettre \u00e0 l\u2019ordre du jour, vous risquez une invalidation de ses r\u00e9sultats.<\/p>\n\n\n\n<p>De m\u00eame, vous devrez faire suivre cet \u00e9v\u00e9nement d\u2019un compte-rendu qui sera par la suite conserv\u00e9 pendant au moins 5 ans dans les <a href=\"https:\/\/www.infolocale.fr\/blog\/conserver-archives-association\/\">archives de votre association<\/a>.<\/p>\n\n\n\n<p>Enfin, n&rsquo;oubliez pas de d\u00e9clarer vos changement au greffe des associations de votre pr\u00e9fecture ou de votre sous-pr\u00e9fecture. Cette d\u00e9claration devra \u00eatre d\u00e9pos\u00e9e dans les trois mois suivant la r\u00e9vocation. A moins que vous ne fassiez la demande, celle-ci ne fera pas l\u2019objet d\u2019une publication au journal officiel. Cette d\u00e9claration peut se faire par courrier ou via un formulaire en ligne.<\/p>\n","protected":false},"excerpt":{"rendered":"<p>Une association peut r\u00e9voquer son pr\u00e9sident, tout comme il est possible de r\u00e9voquer un administrateur ou un membre du bureau. Dans le silence des statuts, [&hellip;]<\/p>\n","protected":false},"author":2,"featured_media":6379,"comment_status":"open","ping_status":"open","sticky":false,"template":"","format":"standard","meta":{"_coblocks_attr":"","_coblocks_dimensions":"","_coblocks_responsive_height":"","_coblocks_accordion_ie_support":"","_mo_disable_npp":"","footnotes":""},"categories":[74],"tags":[],"class_list":["post-6378","post","type-post","status-publish","format-standard","has-post-thumbnail","hentry","category-creer-et-administrer-une-association-1901"],"yoast_head":"<!-- This site is optimized with the Yoast SEO plugin v23.2 - https:\/\/yoast.com\/wordpress\/plugins\/seo\/ -->\n<title>R\u00e9voquer le pr\u00e9sident d&#039;une association. Comment faire ? |<\/title>\n<meta name=\"description\" content=\"Pour r\u00e9voquer le pr\u00e9sident de votre association, les membres du bureau ou les administrateurs, les r\u00e8gles varient selon les associations.\" \/>\n<meta name=\"robots\" content=\"index, follow, max-snippet:-1, max-image-preview:large, max-video-preview:-1\" \/>\n<link rel=\"canonical\" href=\"https:\/\/www.infolocale.fr\/blog\/revoquer-president-association\/\" \/>\n<meta property=\"og:locale\" content=\"fr_FR\" \/>\n<meta property=\"og:type\" content=\"article\" \/>\n<meta property=\"og:title\" content=\"R\u00e9voquer le pr\u00e9sident d&#039;une association. Comment faire ? |\" \/>\n<meta property=\"og:description\" content=\"Pour r\u00e9voquer le pr\u00e9sident de votre association, les membres du bureau ou les administrateurs, les r\u00e8gles varient selon les associations.\" \/>\n<meta property=\"og:url\" content=\"https:\/\/www.infolocale.fr\/blog\/revoquer-president-association\/\" \/>\n<meta property=\"article:publisher\" content=\"https:\/\/www.facebook.com\/infolocaleFR\/\" \/>\n<meta property=\"article:published_time\" content=\"2021-03-12T10:35:57+00:00\" \/>\n<meta property=\"article:modified_time\" content=\"2023-01-17T11:15:58+00:00\" \/>\n<meta property=\"og:image\" content=\"https:\/\/www.infolocale.fr\/blog\/wp-content\/uploads\/2021\/03\/revoquer-president.jpg\" \/>\n\t<meta property=\"og:image:width\" content=\"1200\" \/>\n\t<meta property=\"og:image:height\" content=\"630\" \/>\n\t<meta property=\"og:image:type\" content=\"image\/jpeg\" \/>\n<meta name=\"author\" content=\"Morgan\" \/>\n<meta name=\"twitter:card\" content=\"summary_large_image\" \/>\n<meta name=\"twitter:creator\" content=\"@infolocale\" \/>\n<meta name=\"twitter:site\" content=\"@infolocale\" \/>\n<meta name=\"twitter:label1\" content=\"\u00c9crit par\" \/>\n\t<meta name=\"twitter:data1\" content=\"Morgan\" \/>\n\t<meta name=\"twitter:label2\" content=\"Dur\u00e9e de lecture estim\u00e9e\" \/>\n\t<meta name=\"twitter:data2\" content=\"5 minutes\" \/>\n<script type=\"application\/ld+json\" class=\"yoast-schema-graph\">{\"@context\":\"https:\/\/schema.org\",\"@graph\":[{\"@type\":\"Article\",\"@id\":\"https:\/\/www.infolocale.fr\/blog\/revoquer-president-association\/#article\",\"isPartOf\":{\"@id\":\"https:\/\/www.infolocale.fr\/blog\/revoquer-president-association\/\"},\"author\":{\"name\":\"Morgan\",\"@id\":\"https:\/\/www.infolocale.fr\/blog\/#\/schema\/person\/f0f748ece99417833166b3ba8890f3db\"},\"headline\":\"R\u00e9voquer le pr\u00e9sident d\u2019une association, un administrateur ou un dirigeant\",\"datePublished\":\"2021-03-12T10:35:57+00:00\",\"dateModified\":\"2023-01-17T11:15:58+00:00\",\"mainEntityOfPage\":{\"@id\":\"https:\/\/www.infolocale.fr\/blog\/revoquer-president-association\/\"},\"wordCount\":1063,\"commentCount\":1,\"publisher\":{\"@id\":\"https:\/\/www.infolocale.fr\/blog\/#organization\"},\"image\":{\"@id\":\"https:\/\/www.infolocale.fr\/blog\/revoquer-president-association\/#primaryimage\"},\"thumbnailUrl\":\"https:\/\/infolocale.20minutes.fr\/blog\/wp-content\/uploads\/2021\/03\/revoquer-president.jpg\",\"articleSection\":[\"Cr\u00e9er et g\u00e9rer une association\"],\"inLanguage\":\"fr-FR\",\"potentialAction\":[{\"@type\":\"CommentAction\",\"name\":\"Comment\",\"target\":[\"https:\/\/www.infolocale.fr\/blog\/revoquer-president-association\/#respond\"]}]},{\"@type\":\"WebPage\",\"@id\":\"https:\/\/www.infolocale.fr\/blog\/revoquer-president-association\/\",\"url\":\"https:\/\/www.infolocale.fr\/blog\/revoquer-president-association\/\",\"name\":\"R\u00e9voquer le pr\u00e9sident d'une association. Comment faire ? |\",\"isPartOf\":{\"@id\":\"https:\/\/www.infolocale.fr\/blog\/#website\"},\"primaryImageOfPage\":{\"@id\":\"https:\/\/www.infolocale.fr\/blog\/revoquer-president-association\/#primaryimage\"},\"image\":{\"@id\":\"https:\/\/www.infolocale.fr\/blog\/revoquer-president-association\/#primaryimage\"},\"thumbnailUrl\":\"https:\/\/infolocale.20minutes.fr\/blog\/wp-content\/uploads\/2021\/03\/revoquer-president.jpg\",\"datePublished\":\"2021-03-12T10:35:57+00:00\",\"dateModified\":\"2023-01-17T11:15:58+00:00\",\"description\":\"Pour r\u00e9voquer le pr\u00e9sident de votre association, les membres du bureau ou les administrateurs, les r\u00e8gles varient selon les associations.\",\"breadcrumb\":{\"@id\":\"https:\/\/www.infolocale.fr\/blog\/revoquer-president-association\/#breadcrumb\"},\"inLanguage\":\"fr-FR\",\"potentialAction\":[{\"@type\":\"ReadAction\",\"target\":[\"https:\/\/www.infolocale.fr\/blog\/revoquer-president-association\/\"]}]},{\"@type\":\"ImageObject\",\"inLanguage\":\"fr-FR\",\"@id\":\"https:\/\/www.infolocale.fr\/blog\/revoquer-president-association\/#primaryimage\",\"url\":\"https:\/\/infolocale.20minutes.fr\/blog\/wp-content\/uploads\/2021\/03\/revoquer-president.jpg\",\"contentUrl\":\"https:\/\/infolocale.20minutes.fr\/blog\/wp-content\/uploads\/2021\/03\/revoquer-president.jpg\",\"width\":1200,\"height\":630,\"caption\":\"R\u00e9voquer le pr\u00e9sident, un administrateur ou les membres du bureau d'une association\"},{\"@type\":\"BreadcrumbList\",\"@id\":\"https:\/\/www.infolocale.fr\/blog\/revoquer-president-association\/#breadcrumb\",\"itemListElement\":[{\"@type\":\"ListItem\",\"position\":1,\"name\":\"Blog\",\"item\":\"https:\/\/infolocale.ouest-france.fr\/blog\/\"},{\"@type\":\"ListItem\",\"position\":2,\"name\":\"Cr\u00e9er et g\u00e9rer une association\",\"item\":\"https:\/\/infolocale.ouest-france.fr\/blog\/cat\/creer-et-administrer-une-association-1901\/\"},{\"@type\":\"ListItem\",\"position\":3,\"name\":\"R\u00e9voquer le pr\u00e9sident d\u2019une association, un administrateur ou un dirigeant\"}]},{\"@type\":\"WebSite\",\"@id\":\"https:\/\/www.infolocale.fr\/blog\/#website\",\"url\":\"https:\/\/www.infolocale.fr\/blog\/\",\"name\":\"\",\"description\":\"\",\"publisher\":{\"@id\":\"https:\/\/www.infolocale.fr\/blog\/#organization\"},\"potentialAction\":[{\"@type\":\"SearchAction\",\"target\":{\"@type\":\"EntryPoint\",\"urlTemplate\":\"https:\/\/www.infolocale.fr\/blog\/?s={search_term_string}\"},\"query-input\":\"required name=search_term_string\"}],\"inLanguage\":\"fr-FR\"},{\"@type\":\"Organization\",\"@id\":\"https:\/\/www.infolocale.fr\/blog\/#organization\",\"name\":\"Infolocale\",\"url\":\"https:\/\/www.infolocale.fr\/blog\/\",\"logo\":{\"@type\":\"ImageObject\",\"inLanguage\":\"fr-FR\",\"@id\":\"https:\/\/www.infolocale.fr\/blog\/#\/schema\/logo\/image\/\",\"url\":\"https:\/\/www.infolocale.fr\/blog\/wp-content\/uploads\/2020\/11\/logol.jpg\",\"contentUrl\":\"https:\/\/www.infolocale.fr\/blog\/wp-content\/uploads\/2020\/11\/logol.jpg\",\"width\":1031,\"height\":398,\"caption\":\"Infolocale\"},\"image\":{\"@id\":\"https:\/\/www.infolocale.fr\/blog\/#\/schema\/logo\/image\/\"},\"sameAs\":[\"https:\/\/www.facebook.com\/infolocaleFR\/\",\"https:\/\/x.com\/infolocale\",\"https:\/\/www.instagram.com\/infolocale\/\",\"https:\/\/fr.linkedin.com\/company\/infolocale\",\"https:\/\/www.youtube.com\/channel\/UCnv4FA8EYEuu_si3TGr7xeA\"]},{\"@type\":\"Person\",\"@id\":\"https:\/\/www.infolocale.fr\/blog\/#\/schema\/person\/f0f748ece99417833166b3ba8890f3db\",\"name\":\"Morgan\",\"image\":{\"@type\":\"ImageObject\",\"inLanguage\":\"fr-FR\",\"@id\":\"https:\/\/www.infolocale.fr\/blog\/#\/schema\/person\/image\/\",\"url\":\"https:\/\/secure.gravatar.com\/avatar\/a22ec2a0cc817ae9fa3ff7341a213632?s=96&d=mm&r=g\",\"contentUrl\":\"https:\/\/secure.gravatar.com\/avatar\/a22ec2a0cc817ae9fa3ff7341a213632?s=96&d=mm&r=g\",\"caption\":\"Morgan\"},\"url\":\"https:\/\/infolocale.20minutes.fr\/blog\/author\/morgan-delepine\/\"}]}<\/script>\n<!-- \/ Yoast SEO plugin. -->","yoast_head_json":{"title":"R\u00e9voquer le pr\u00e9sident d'une association. Comment faire ? |","description":"Pour r\u00e9voquer le pr\u00e9sident de votre association, les membres du bureau ou les administrateurs, les r\u00e8gles varient selon les associations.","robots":{"index":"index","follow":"follow","max-snippet":"max-snippet:-1","max-image-preview":"max-image-preview:large","max-video-preview":"max-video-preview:-1"},"canonical":"https:\/\/www.infolocale.fr\/blog\/revoquer-president-association\/","og_locale":"fr_FR","og_type":"article","og_title":"R\u00e9voquer le pr\u00e9sident d'une association. Comment faire ? |","og_description":"Pour r\u00e9voquer le pr\u00e9sident de votre association, les membres du bureau ou les administrateurs, les r\u00e8gles varient selon les associations.","og_url":"https:\/\/www.infolocale.fr\/blog\/revoquer-president-association\/","article_publisher":"https:\/\/www.facebook.com\/infolocaleFR\/","article_published_time":"2021-03-12T10:35:57+00:00","article_modified_time":"2023-01-17T11:15:58+00:00","og_image":[{"width":1200,"height":630,"url":"https:\/\/www.infolocale.fr\/blog\/wp-content\/uploads\/2021\/03\/revoquer-president.jpg","type":"image\/jpeg"}],"author":"Morgan","twitter_card":"summary_large_image","twitter_creator":"@infolocale","twitter_site":"@infolocale","twitter_misc":{"\u00c9crit par":"Morgan","Dur\u00e9e de lecture estim\u00e9e":"5 minutes"},"schema":{"@context":"https:\/\/schema.org","@graph":[{"@type":"Article","@id":"https:\/\/www.infolocale.fr\/blog\/revoquer-president-association\/#article","isPartOf":{"@id":"https:\/\/www.infolocale.fr\/blog\/revoquer-president-association\/"},"author":{"name":"Morgan","@id":"https:\/\/www.infolocale.fr\/blog\/#\/schema\/person\/f0f748ece99417833166b3ba8890f3db"},"headline":"R\u00e9voquer le pr\u00e9sident d\u2019une association, un administrateur ou un dirigeant","datePublished":"2021-03-12T10:35:57+00:00","dateModified":"2023-01-17T11:15:58+00:00","mainEntityOfPage":{"@id":"https:\/\/www.infolocale.fr\/blog\/revoquer-president-association\/"},"wordCount":1063,"commentCount":1,"publisher":{"@id":"https:\/\/www.infolocale.fr\/blog\/#organization"},"image":{"@id":"https:\/\/www.infolocale.fr\/blog\/revoquer-president-association\/#primaryimage"},"thumbnailUrl":"https:\/\/infolocale.20minutes.fr\/blog\/wp-content\/uploads\/2021\/03\/revoquer-president.jpg","articleSection":["Cr\u00e9er et g\u00e9rer une association"],"inLanguage":"fr-FR","potentialAction":[{"@type":"CommentAction","name":"Comment","target":["https:\/\/www.infolocale.fr\/blog\/revoquer-president-association\/#respond"]}]},{"@type":"WebPage","@id":"https:\/\/www.infolocale.fr\/blog\/revoquer-president-association\/","url":"https:\/\/www.infolocale.fr\/blog\/revoquer-president-association\/","name":"R\u00e9voquer le pr\u00e9sident d'une association. Comment faire ? |","isPartOf":{"@id":"https:\/\/www.infolocale.fr\/blog\/#website"},"primaryImageOfPage":{"@id":"https:\/\/www.infolocale.fr\/blog\/revoquer-president-association\/#primaryimage"},"image":{"@id":"https:\/\/www.infolocale.fr\/blog\/revoquer-president-association\/#primaryimage"},"thumbnailUrl":"https:\/\/infolocale.20minutes.fr\/blog\/wp-content\/uploads\/2021\/03\/revoquer-president.jpg","datePublished":"2021-03-12T10:35:57+00:00","dateModified":"2023-01-17T11:15:58+00:00","description":"Pour r\u00e9voquer le pr\u00e9sident de votre association, les membres du bureau ou les administrateurs, les r\u00e8gles varient selon les associations.","breadcrumb":{"@id":"https:\/\/www.infolocale.fr\/blog\/revoquer-president-association\/#breadcrumb"},"inLanguage":"fr-FR","potentialAction":[{"@type":"ReadAction","target":["https:\/\/www.infolocale.fr\/blog\/revoquer-president-association\/"]}]},{"@type":"ImageObject","inLanguage":"fr-FR","@id":"https:\/\/www.infolocale.fr\/blog\/revoquer-president-association\/#primaryimage","url":"https:\/\/infolocale.20minutes.fr\/blog\/wp-content\/uploads\/2021\/03\/revoquer-president.jpg","contentUrl":"https:\/\/infolocale.20minutes.fr\/blog\/wp-content\/uploads\/2021\/03\/revoquer-president.jpg","width":1200,"height":630,"caption":"R\u00e9voquer le pr\u00e9sident, un administrateur ou les membres du bureau d'une association"},{"@type":"BreadcrumbList","@id":"https:\/\/www.infolocale.fr\/blog\/revoquer-president-association\/#breadcrumb","itemListElement":[{"@type":"ListItem","position":1,"name":"Blog","item":"https:\/\/infolocale.ouest-france.fr\/blog\/"},{"@type":"ListItem","position":2,"name":"Cr\u00e9er et g\u00e9rer une association","item":"https:\/\/infolocale.ouest-france.fr\/blog\/cat\/creer-et-administrer-une-association-1901\/"},{"@type":"ListItem","position":3,"name":"R\u00e9voquer le pr\u00e9sident d\u2019une association, un administrateur ou un dirigeant"}]},{"@type":"WebSite","@id":"https:\/\/www.infolocale.fr\/blog\/#website","url":"https:\/\/www.infolocale.fr\/blog\/","name":"","description":"","publisher":{"@id":"https:\/\/www.infolocale.fr\/blog\/#organization"},"potentialAction":[{"@type":"SearchAction","target":{"@type":"EntryPoint","urlTemplate":"https:\/\/www.infolocale.fr\/blog\/?s={search_term_string}"},"query-input":"required name=search_term_string"}],"inLanguage":"fr-FR"},{"@type":"Organization","@id":"https:\/\/www.infolocale.fr\/blog\/#organization","name":"Infolocale","url":"https:\/\/www.infolocale.fr\/blog\/","logo":{"@type":"ImageObject","inLanguage":"fr-FR","@id":"https:\/\/www.infolocale.fr\/blog\/#\/schema\/logo\/image\/","url":"https:\/\/www.infolocale.fr\/blog\/wp-content\/uploads\/2020\/11\/logol.jpg","contentUrl":"https:\/\/www.infolocale.fr\/blog\/wp-content\/uploads\/2020\/11\/logol.jpg","width":1031,"height":398,"caption":"Infolocale"},"image":{"@id":"https:\/\/www.infolocale.fr\/blog\/#\/schema\/logo\/image\/"},"sameAs":["https:\/\/www.facebook.com\/infolocaleFR\/","https:\/\/x.com\/infolocale","https:\/\/www.instagram.com\/infolocale\/","https:\/\/fr.linkedin.com\/company\/infolocale","https:\/\/www.youtube.com\/channel\/UCnv4FA8EYEuu_si3TGr7xeA"]},{"@type":"Person","@id":"https:\/\/www.infolocale.fr\/blog\/#\/schema\/person\/f0f748ece99417833166b3ba8890f3db","name":"Morgan","image":{"@type":"ImageObject","inLanguage":"fr-FR","@id":"https:\/\/www.infolocale.fr\/blog\/#\/schema\/person\/image\/","url":"https:\/\/secure.gravatar.com\/avatar\/a22ec2a0cc817ae9fa3ff7341a213632?s=96&d=mm&r=g","contentUrl":"https:\/\/secure.gravatar.com\/avatar\/a22ec2a0cc817ae9fa3ff7341a213632?s=96&d=mm&r=g","caption":"Morgan"},"url":"https:\/\/infolocale.20minutes.fr\/blog\/author\/morgan-delepine\/"}]}},"_links":{"self":[{"href":"https:\/\/infolocale.20minutes.fr\/blog\/wp-json\/wp\/v2\/posts\/6378"}],"collection":[{"href":"https:\/\/infolocale.20minutes.fr\/blog\/wp-json\/wp\/v2\/posts"}],"about":[{"href":"https:\/\/infolocale.20minutes.fr\/blog\/wp-json\/wp\/v2\/types\/post"}],"author":[{"embeddable":true,"href":"https:\/\/infolocale.20minutes.fr\/blog\/wp-json\/wp\/v2\/users\/2"}],"replies":[{"embeddable":true,"href":"https:\/\/infolocale.20minutes.fr\/blog\/wp-json\/wp\/v2\/comments?post=6378"}],"version-history":[{"count":0,"href":"https:\/\/infolocale.20minutes.fr\/blog\/wp-json\/wp\/v2\/posts\/6378\/revisions"}],"wp:featuredmedia":[{"embeddable":true,"href":"https:\/\/infolocale.20minutes.fr\/blog\/wp-json\/wp\/v2\/media\/6379"}],"wp:attachment":[{"href":"https:\/\/infolocale.20minutes.fr\/blog\/wp-json\/wp\/v2\/media?parent=6378"}],"wp:term":[{"taxonomy":"category","embeddable":true,"href":"https:\/\/infolocale.20minutes.fr\/blog\/wp-json\/wp\/v2\/categories?post=6378"},{"taxonomy":"post_tag","embeddable":true,"href":"https:\/\/infolocale.20minutes.fr\/blog\/wp-json\/wp\/v2\/tags?post=6378"}],"curies":[{"name":"wp","href":"https:\/\/api.w.org\/{rel}","templated":true}]}}