{"id":5808,"date":"2021-02-19T09:07:02","date_gmt":"2021-02-19T08:07:02","guid":{"rendered":"https:\/\/www.infolocale.fr\/blog\/?p=5808"},"modified":"2023-03-01T12:06:14","modified_gmt":"2023-03-01T11:06:14","slug":"relations-presse-association","status":"publish","type":"post","link":"https:\/\/infolocale.20minutes.fr\/blog\/relations-presse-association\/","title":{"rendered":"15 conseils de journalistes pour am\u00e9liorer les relations presse de votre association"},"content":{"rendered":"\n<ol class=\"has-black-color has-pale-cyan-blue-background-color has-text-color has-background wp-block-list\"><li>Les <strong>relations presse en association<\/strong> devraient \u00eatre la mission d&rsquo;une personne d\u00e9di\u00e9e, nomm\u00e9e au sein du service communication.<\/li><li>Construire un fichier presse et influenceurs en incorporant nom, pr\u00e9nom, mail et sp\u00e9cialit\u00e9 du contact.<\/li><li>Avoir une bonne connaissance des m\u00e9dias de votre territoire.<\/li><li>Conna\u00eetre votre correspondant local et en cas d\u2019absence, le nom du responsable des correspondants.<\/li><li>Conna\u00eetre l\u2019organisation des m\u00e9dias, savoir qui contacter selon l\u2019importance de l\u2019information \u00e0 communiquer.<\/li><li>Les m\u00e9dias ne connaissent pas toujours l&rsquo;agenda de votre association, il faut communiquer r\u00e9guli\u00e8rement avec la presse.<\/li><li>Entretenir des rapports cordiaux avec votre correspondant. C&rsquo;est lui qui d\u00e9fendra vos sujets lors des conf\u00e9rences de r\u00e9daction.<\/li><li>Pr\u00e9venir la presse au moins trois semaines avant votre \u00e9v\u00e9nement.<\/li><li>Envoyer vos communiqu\u00e9s de presse aux heures o\u00f9 votre destinataire sera le plus r\u00e9ceptif.<\/li><li>Ne pas confondre information et publicit\u00e9. <\/li><li>Pr\u00e9senter votre sujet sous un angle original, bas\u00e9 sur l\u2019actualit\u00e9, sur un \u00e9v\u00e9nement important, sur une personne dans votre association.<\/li><li>Pour vos communiqu\u00e9s de presse, faire simple, court, concis et \u00e9crire directement dans le corps du mail.&nbsp;<\/li><li>Le titre du mail doit \u00eatre court et descriptif.<\/li><li>Il est possible de joindre une photo. Il faut l&rsquo;accord du photographe et communiquer son nom \u00e0 la r\u00e9daction.<\/li><li>Dans le cadre des <strong>relations presse en association<\/strong>, vous pouvez organiser une conf\u00e9rence de presse. Veillez \u00e0 manier cet outil avec parcimonie et uniquement en cas d\u2019\u00e9v\u00e9nement centraux dans la vie de votre association.<\/li><\/ol>\n\n\n\n<div class=\"wp-block-buttons is-horizontal is-content-justification-center is-layout-flex wp-container-core-buttons-is-layout-1 wp-block-buttons-is-layout-flex\">\n<div class=\"wp-block-button\"><a class=\"wp-block-button__link has-white-color has-luminous-vivid-amber-background-color has-text-color has-background wp-element-button\"><strong>&gt;&gt;Inscrire mon asso \u00e0 Infolocale <\/strong><\/a><\/div>\n<\/div>\n\n\n\n<h2 class=\"wp-block-heading\">Pourquoi faire des relations presse ?<\/h2>\n\n\n\n<p>Depuis l&rsquo;av\u00e8nement du web et des r\u00e9seaux sociaux, les m\u00e9dias traditionnels sont souvent consid\u00e9r\u00e9s comme \u00e9tant en perte de vitesse. Pourtant, s\u2019il est vrai que les audiences des grands m\u00e9dias se sont \u00e9rod\u00e9es sur leurs canaux traditionnels, il est toutefois impossible de parler de baisse d\u2019influence. Via leurs sites internet, beaucoup ont r\u00e9ussi \u00e0 se convertir, \u00e0 attirer de nouveaux publics et \u00e0 battre des records historique d&rsquo;audience.<\/p>\n\n\n\n<h3 class=\"wp-block-heading\">Jamais les m\u00e9dias n&rsquo;avaient touch\u00e9 une telle audience <\/h3>\n\n\n\n<p>Pour les associations, au traver de leurs relations presse, les m\u00e9dias traditionnels locaux restent un excellent moyen de toucher une cible nouvelle. <\/p>\n\n\n\n<p>Ceux-ci b\u00e9n\u00e9ficient g\u00e9n\u00e9ralement d\u2019une couverture et d\u2019une renomm\u00e9e qui leur permettent de toucher le plus grand nombre. Au-del\u00e0 du territoire naturel, leurs sites internet pourra d&rsquo;atteindre les francophones, o\u00f9 qu&rsquo;ils se trouvent. Enfin, ils b\u00e9n\u00e9ficient g\u00e9n\u00e9ralement d&rsquo;un lectorat fid\u00e8le, acquis de longue date. Ces m\u00e9dias restent les supports privil\u00e9gi\u00e9s par les politiques et les d\u00e9cideurs locaux et seront \u00e9galement consult\u00e9s par les nouveaux arrivants sur votre territoire&#8230; Bref, ils sont le support sur lequel vous devez appara\u00eetre pour toucher vos publics, utilisateurs et d\u00e9cideurs locaux.<\/p>\n\n\n\n<p>Vous cherchez \u00e0 organiser les <strong>relations presse de votre association<\/strong> ? Voici 15 conseils provenant directement du cycle de conf\u00e9rences en ligne <a href=\"https:\/\/www.infolocale.fr\/blog\/visiolocales-communication-evenements-en-ligne\/\">Visiolocales<\/a> donn\u00e9 par des journalistes du journal Ouest-France et Le Maine Libre.<\/p>\n\n\n\n<div class=\"wp-block-buttons is-layout-flex wp-block-buttons-is-layout-flex\">\n<div class=\"wp-block-button\"><a class=\"wp-block-button__link has-vivid-cyan-blue-color has-white-background-color has-text-color has-background\" href=\"https:\/\/www.infolocale.fr\/blog\/wp-content\/uploads\/2021\/03\/15-conseils-de-journalistes-1-scaled.jpg\">\u25b7 Voir l&rsquo;infographie r\u00e9sumant les 15 conseils de journalistes pour les relations presse en association<\/a><\/div>\n<\/div>\n\n\n\n<h2 class=\"wp-block-heading\">1. Nommer un responsable des relations presse dans votre association<\/h2>\n\n\n\n<p>En association, la communication repose souvent sur les \u00e9paules charg\u00e9es des quelques membres du bureau. Dans ce contexte, il est difficile d\u2019avancer sur les chantiers des relations presse qui peuvent \u00eatre per\u00e7ues comme secondaires face \u00e0 des priorit\u00e9s directement li\u00e9es \u00e0 l\u2019activit\u00e9 de l\u2019association. Pourtant, les <strong>relations presse en association<\/strong> sont un \u00e9l\u00e9ment moteur de la communication. <\/p>\n\n\n\n<p>Pour aborder ce sujet sereinement, il est souvent conseill\u00e9 de nommer un responsable communication au sein des associations. Seulement, force est d\u2019admettre que ces derni\u00e8res ann\u00e9es, l&rsquo;av\u00e8nement du web, l\u2019explosion du nombre d\u2019outils, le d\u00e9veloppement des sites, blogs et r\u00e9seaux sociaux, font que nommer une seule personne ne suffira plus \u00e0 r\u00e9pondre \u00e0 vos besoins en communication.<\/p>\n\n\n\n<p>Essayez de mettre en place une \u00e9quipe de communication. Au sein de celle-ci, nommez un responsable pour les <strong>relations presse de votre association<\/strong>.<\/p>\n\n\n<div class=\"wp-block-image is-resized\">\n<figure class=\"aligncenter size-large has-lightbox\"><a href=\"https:\/\/www.infolocale.fr\/decouvrir\/deposant\/?utm_source=blog&amp;utm_medium=banner&amp;utm_campaign=blog-content\"><img fetchpriority=\"high\" decoding=\"async\" width=\"1024\" height=\"1024\" src=\"https:\/\/www.infolocale.fr\/blog\/wp-content\/uploads\/2021\/11\/banniere-NLDASSO-carree1500x1500-1024x1024.jpg\" alt=\"\" class=\"wp-image-23946\" srcset=\"https:\/\/infolocale.20minutes.fr\/blog\/wp-content\/uploads\/2021\/11\/banniere-NLDASSO-carree1500x1500-1024x1024.jpg 1024w, https:\/\/infolocale.20minutes.fr\/blog\/wp-content\/uploads\/2021\/11\/banniere-NLDASSO-carree1500x1500-300x300.jpg 300w, https:\/\/infolocale.20minutes.fr\/blog\/wp-content\/uploads\/2021\/11\/banniere-NLDASSO-carree1500x1500-150x150.jpg 150w, https:\/\/infolocale.20minutes.fr\/blog\/wp-content\/uploads\/2021\/11\/banniere-NLDASSO-carree1500x1500-768x768.jpg 768w, https:\/\/infolocale.20minutes.fr\/blog\/wp-content\/uploads\/2021\/11\/banniere-NLDASSO-carree1500x1500.jpg 1500w\" sizes=\"(max-width: 1024px) 100vw, 1024px\" \/><\/a><\/figure><\/div>\n\n\n<h2 class=\"wp-block-heading\">2. Constituer le fichier presse de votre association&nbsp;<\/h2>\n\n\n\n<p><strong>Les relations presse de votre association<\/strong> doivent \u00eatre structur\u00e9es. Ainsi, assurez-vous de toujours avoir les contacts des journalistes et influents de votre territoire. Ces informations doivent \u00eatre organis\u00e9es et r\u00e9guli\u00e8rement mises \u00e0 jour.<\/p>\n\n\n\n<p>Si vous entretenez de bonnes relations avec d\u2019autres associations sur votre territoire, vous pouvez peut-\u00eatre leur demander de l\u2019aide dans la constitution de votre fichier presse. Dans d\u2019autres cas, il est possible de trouver des agences qui se proposeront de faire vos relations presse ou, de vous vendre un fichier.<\/p>\n\n\n\n<p>Toutefois, la solution la plus simple et la moins couteuse reste encore de cr\u00e9er votre propre document.<\/p>\n\n\n\n<figure class=\"wp-block-embed is-type-video is-provider-youtube wp-block-embed-youtube wp-embed-aspect-16-9 wp-has-aspect-ratio\"><div class=\"wp-block-embed__wrapper\">\n<iframe title=\"Relations presse et associations. Renforcez les liens avec votre r\u00e9daction locale | Atelier en ligne\" width=\"1020\" height=\"574\" src=\"https:\/\/www.youtube.com\/embed\/MKvBNMNafX8?feature=oembed&#038;enablejsapi=1&#038;origin=https:\/\/www.infolocale.fr\" frameborder=\"0\" allow=\"accelerometer; autoplay; clipboard-write; encrypted-media; gyroscope; picture-in-picture; web-share\" allowfullscreen><\/iframe>\n<\/div><figcaption>Cet article est en parti produit suite \u00e0 <a href=\"https:\/\/www.youtube.com\/watch?v=MKvBNMNafX8\" target=\"_blank\" rel=\"noreferrer noopener\">l&rsquo;atelier Visiolocale<\/a> : relations presse et association, anim\u00e9 par : Jo\u00ebl Bigorgne &#8211; Directeur d\u00e9partemental des C\u00f4tes d\u2019Armor (22) &#8211; Ouest-France &amp; Alain Bihel &#8211; Adjoint \u00e0 la cheffe d\u2019\u00e9dition &#8211; Ouest-France \u00e9dition de St Brieuc (22)<\/figcaption><\/figure>\n\n\n\n<h3 class=\"wp-block-heading\">Comment cr\u00e9er le fichier presse de son association ?<\/h3>\n\n\n\n<ol class=\"wp-block-list\"><li>Constituez un fichier excel<\/li><li>Ajouter le nom, pr\u00e9nom, mail, titre du m\u00e9dia, t\u00e9l\u00e9phone de vos contacts<\/li><li>Le roulement est important dans les r\u00e9dactions, une mise \u00e0 jour r\u00e9guli\u00e8re est n\u00e9cessaire<\/li><\/ol>\n\n\n\n<p>Pour constituer le <strong>fichier presse de votre association<\/strong>, commencez par relever les noms des m\u00e9dias locaux. Sur votre ville, pensez \u00e0 la presse, aux cha\u00eenes de t\u00e9l\u00e9s locales, \u00e0 la radio et pourquoi pas aux blogueurs et autres influenceurs. Trouvez les sites web, contactez les et demandez le nom de votre correspondant, du responsable des correspondants, de la personne sp\u00e9cialis\u00e9 dans votre domaine. Ensuite, \u00e9largissez le cercle \u00e0 votre d\u00e9partement, votre r\u00e9gion, \u00e0 la presse sp\u00e9cialis\u00e9e. Finalement si vous avez des ambitions nationales pensez aux grands m\u00e9dias.<\/p>\n\n\n\n<p>Pour cr\u00e9er un fichier presse. Ouvrez un document Excel. A l\u2019int\u00e9rieur de celui-ci, classez les informations utiles en colonnes. Int\u00e9grez le nom, pr\u00e9nom, nom du m\u00e9dia, l\u2019adresse email, le t\u00e9l\u00e9phone de votre contact. Vous pouvez \u00e9galement ajouter des informations telles que des notes sur l\u2019organisation de la r\u00e9daction, les responsabilit\u00e9s ou sp\u00e9cialit\u00e9 de votre contact.<\/p>\n\n\n\n<p>Attention ! Les contacts tournent vite dans les r\u00e9dactions. Ce type de document demande une mise \u00e0 jour r\u00e9guli\u00e8re et attentive de la part de vos relations presse. C\u2019est une mission qu\u2019il ne faut pas n\u00e9gliger sous peine de se retrouver avec un fichier obsol\u00e8te apr\u00e8s trois ou quatre ans.&nbsp;<\/p>\n\n\n\n<h2 class=\"wp-block-heading\">3. Relations presse en association. Conna\u00eetre les m\u00e9dias de votre territoire<\/h2>\n\n\n\n<blockquote class=\"wp-block-quote is-layout-flow wp-block-quote-is-layout-flow\"><p>\u00ab\u00a0<em>Il y a un certain nombre de sujets qui \u00e9mergent aujourd\u2019hui sur les cha\u00eenes nationales, qui \u00e9manent directement de sujets pr\u00e9sents sur notre site internet<\/em>.\u00a0\u00bb<\/p><cite>Serge Danilo &#8211; R\u00e9dacteur en chef adjoint &#8211;&nbsp; Le Maine Libre (72)<br>Source : Visiolocale Collectivit\u00e9. <a href=\"https:\/\/www.youtube.com\/watch?v=EzQ5xyhqATA\" target=\"_blank\" rel=\"noreferrer noopener\">Communiquez votre information locale<\/a> dans Le Maine Libre<\/cite><\/blockquote>\n\n\n\n<hr class=\"wp-block-coblocks-dynamic-separator\" style=\"height:50px\"\/>\n\n\n\n<p>Il existe de nombreux types de m\u00e9dias. Il peut s\u2019agir de m\u00e9dias locaux ou nationaux ; de presse \u00e9crite, de t\u00e9l\u00e9vision, de radio ou de pure players uniquement pr\u00e9sents en ligne. Enfin, il peut \u00eatre question de m\u00e9dias g\u00e9n\u00e9ralistes ou sp\u00e9cialistes. Dans tous les cas, vous devez conna\u00eetre vos interlocuteurs.&nbsp;<\/p>\n\n\n\n<p>Bien s\u00fbr, il semble difficile de conna\u00eetre avec pr\u00e9cision l\u2019ensemble des m\u00e9dias pr\u00e9sents dans votre fichier presse. Toutefois, essayer d\u2019avoir une id\u00e9e pr\u00e9cise de la mani\u00e8re dont sont structur\u00e9s vos principaux titres.&nbsp;<br><br>Dans ce domaine, souvenez-vous que la presse r\u00e9gionale dispose du plus grand maillage de journalistes et correspondants. Par ailleurs, les grands m\u00e9dias nationaux, les t\u00e9l\u00e9visions, les radios, puisent tr\u00e8s souvent leurs sujets dans les pages de la presse r\u00e9gionale. Enfin, la plupart des associations ont un ancrage local pour une activit\u00e9 qui le sera \u00e9galement.&nbsp;<\/p>\n\n\n\n<p>Bien conna\u00eetre vos m\u00e9dias locaux, entretenir des relations \u00e9troites avec votre correspondant sera le chemin le plus court pour atteindre une couverture presse efficace.<\/p>\n\n\n\n<h2 class=\"wp-block-heading\">4. Avoir le contact de votre correspondant local<\/h2>\n\n\n\n<p>En mati\u00e8re de relations presse, l\u2019\u00e9chelon territorial le plus proche de vous sera g\u00e9n\u00e9ralement le correspondant. Il est imp\u00e9ratif de conna\u00eetre ses coordonn\u00e9es qui seront int\u00e9gr\u00e9es \u00e0 votre fichier presse.<\/p>\n\n\n\n<p>Dans la presse r\u00e9gionale, le correspondant sera l\u2019interlocuteur privil\u00e9gi\u00e9 de votre association. Pourtant, il existe de nombreux territoires d\u00e9pourvus de correspondants. Si c\u2019est votre cas, renseignez-vous aupr\u00e8s de votre m\u00e9dia, celui-ci aura peut-\u00eatre nomm\u00e9 un responsable des correspondants. Si c\u2019est le cas, essayez d\u2019obtenir son nom et contact. Il deviendra votre interlocuteur privil\u00e9gi\u00e9 tant que le poste de votre correspondant sera vacant.&nbsp;<\/p>\n\n\n\n<p>D\u2019ailleurs, si vous communiquez r\u00e9guli\u00e8rement avec lui, il se peut que le responsable des correspondants cherche rapidement \u00e0 combler ce manque.<\/p>\n\n\n\n<h2 class=\"wp-block-heading\">5. Conna\u00eetre l\u2019organisation de vos m\u00e9dias locaux<\/h2>\n\n\n\n<p>Quand une information semble pouvoir rayonner \u00e0 un niveau sup\u00e9rieur \u00e0 celui de votre commune. Il peut \u00eatre utile d\u2019ajouter de nouveaux contacts \u00e0 vos emails. Dans le cas de la presse r\u00e9gionale, vous pourrez ajouter les responsables des pages d\u00e9partements qui sont g\u00e9n\u00e9ralement le segment se trouvant au-dessus de la commune.<br><br>Toutefois, si vous en avez un, n\u2019omettez pas de toujours ajouter votre correspondant \u00e0 vos mails. Le correspondant sera toujours le lien privil\u00e9gi\u00e9 entre votre association et le journal et vous devez entretenir vos rapports avec lui.&nbsp;<\/p>\n\n\n\n<h2 class=\"wp-block-heading\">6. Communiquer r\u00e9guli\u00e8rement avec la presse<\/h2>\n\n\n\n<blockquote class=\"wp-block-quote is-layout-flow wp-block-quote-is-layout-flow\"><p>\u00ab\u00a0<em>Il se passe des choses [dans les associations, sur les territoires] dont nous n\u2019avons pas toujours connaissance et qui pourtant, m\u00e9riteraient de figurer dans les agendas, dans les id\u00e9es de sorties du journal.<\/em>\u00ab\u00a0<\/p><cite>Fr\u00e9d\u00e9ric Barill\u00e9 &#8211; R\u00e9dacteur en chef du Maine Libre (72)<br>Source : Visiolocale Collectivit\u00e9. <a href=\"https:\/\/www.youtube.com\/watch?v=EzQ5xyhqATA\" target=\"_blank\" rel=\"noreferrer noopener\">Communiquez votre information locale<\/a> dans Le Maine Libre<\/cite><\/blockquote>\n\n\n\n<hr class=\"wp-block-coblocks-dynamic-separator\" style=\"height:50px\"\/>\n\n\n\n<p>Les journalistes ne sont pas toujours au courant de l\u2019activit\u00e9 de votre association. En outre, nombre d\u2019associations pensent que la couverture de leurs \u00e9v\u00e9nements se fait naturellement, que les journalistes connaissent d\u00e9j\u00e0 leurs activit\u00e9s. C\u2019est bien souvent faux. La presse a besoin d\u2019\u00eatre inform\u00e9e. <\/p>\n\n\n\n<p>Pour ce faire, vous devez syst\u00e9matiquement communiquer votre agenda \u00e0 vos interlocuteurs, correspondants et journalistes. La cl\u00e9 de la r\u00e9ussite de vos <strong>relations presse en association<\/strong> sera la r\u00e9gularit\u00e9 et la qualit\u00e9 de votre communication.&nbsp;<\/p>\n\n\n\n<h2 class=\"wp-block-heading\">7. Entretenir de bons rapports avec son correspondant<\/h2>\n\n\n\n<p>Avant d\u2019\u00eatre trait\u00e9, un sujet doit passer en conf\u00e9rence de r\u00e9daction et prouver sa l\u00e9gitimit\u00e9 dans les pages, sur les ondes, \u00e0 l\u2019antenne du m\u00e9dia vis\u00e9. Dans ce domaine, la r\u00e9ussite des <strong>relations presse d\u2019une association<\/strong> ne repose pas uniquement sur la qualit\u00e9 de son agenda. Elle p\u00e8se \u00e9galement sur la qualit\u00e9 de sa communication et les rapports entretenus avec les m\u00e9dias sollicit\u00e9s.<\/p>\n\n\n\n<p>Pour que vos sujets soient soutenus, vous devez soigner vos rapports avec vos contacts journalistes et correspondants. Mettez l\u2019humain au centre des <strong>relations presse de votre association<\/strong>. Plus vos rapports seront bons, plus vous vous assurerez la bienveillance de vos interlocuteurs lorsque ceux-ci auront \u00e0 d\u00e9fendre votre couverture dans les r\u00e9unions de r\u00e9daction.<\/p>\n\n\n\n<h2 class=\"wp-block-heading\">8. Relations presse en association. Quel est le bon moment pour communiquer avec la presse ?<\/h2>\n\n\n\n<blockquote class=\"wp-block-quote is-layout-flow wp-block-quote-is-layout-flow\"><p><em>\u00ab\u00a0Il y a effectivement un timing. Dans la plupart des cas, les invitations arrivent trop tardivement \u00e0 la r\u00e9daction. Id\u00e9alement, envoyez un premier mail d\u00e9crivant votre \u00e9v\u00e9nement trois semaines avant.\u00a0\u00bb<\/em><\/p><cite>Jo\u00ebl Bigorgne &#8211; Directeur d\u00e9partemental des C\u00f4tes d\u2019Armor (22) &#8211; Ouest-France<br>Source : Associations. <a href=\"https:\/\/www.youtube.com\/watch?v=MKvBNMNafX8&amp;t=01s\" target=\"_blank\" rel=\"noreferrer noopener\">Communiquez avec votre r\u00e9daction locale<\/a> Ouest-France 22<\/cite><\/blockquote>\n\n\n\n<hr class=\"wp-block-coblocks-dynamic-separator\" style=\"height:50px\"\/>\n\n\n\n<p>Les journalistes sont extr\u00eamement sollicit\u00e9s. Leurs agendas sont g\u00e9n\u00e9ralement charg\u00e9s et il n\u2019est pas rare qu\u2019ils encha\u00eenent les rendez-vous les uns derri\u00e8re les autres. L\u2019un des enjeux des <strong>relations presse des associations<\/strong> est de parvenir \u00e0 toucher votre journaliste, de le contacter au bon moment, avec une information pr\u00e9sent\u00e9e aussi clairement que possible.<\/p>\n\n\n\n<p>Que vous organisiez un festival, une conf\u00e9rence ou une rencontre sportive, le d\u00e9lai avant lequel il est bon de contacter la presse peut varier. Toutefois, gardez en t\u00eate que les agendas des journalistes se remplissent vite. Si vous pr\u00e9venez trop tardivement, vous r\u00e9duisez vos chances d\u2019obtenir une couverture.&nbsp;<\/p>\n\n\n\n<p>Dans ce domaine, les associations ont souvent le r\u00e9flexe de communiquer leurs \u00e9v\u00e9nements \u00e0 une semaine ou 10 jours de la date. C\u2019est beaucoup trop tard ! Lorsque vous organisez les <strong>relations presse de vos \u00e9v\u00e9nements<\/strong>, envoyez un premier mail \u00e0 la r\u00e9daction au plus tard trois semaines avant la date. Les journalistes pourront alors l\u2019inscrire \u00e0 leur planning et anticiper les besoins r\u00e9dactionnels&nbsp;<\/p>\n\n\n\n<p>En cas d\u2019absence de r\u00e9ponse, vous pouvez relancer quelques jours apr\u00e8s votre premier mail. Ensuite, une piqure de rappelle pourra \u00eatre effectu\u00e9e sous la forme d\u2019un nouveau mail, dix jours avant l\u2019\u00e9v\u00e9nement de votre association.<\/p>\n\n\n\n<h2 class=\"wp-block-heading\">9. Relations presse en association. A quelle heure envoyer ses emails ?<\/h2>\n\n\n\n<p>Dans une journ\u00e9e de travail, il existe des moments durant lesquels il est plus facile de capter l\u2019attention de votre journaliste localier.&nbsp;Si celui-ci re\u00e7oit votre mail au milieu d\u2019une s\u00e9rie de rendez-vous, votre message ne sera pas lu avec la m\u00eame attention que s&rsquo;il est confortablement assis \u00e0 son bureau.<\/p>\n\n\n\n<p>Bien que les agendas varient d\u2019un journaliste \u00e0 l\u2019autre, il est plus probable que celui-ci soit dans un environnement plus calme le matin au moment de d\u00e9buter sa journ\u00e9e et l&rsquo;apr\u00e8s-midi au retour de table. Dans la presse quotidienne r\u00e9gionale, le soir sera souvent un moment de rush et de bouclage \u00e0 \u00e9viter.<\/p>\n\n\n\n<h2 class=\"wp-block-heading\">10. Ne pas confondre publicit\u00e9 et information<\/h2>\n\n\n\n<p>Parmi les points extr\u00eamement importants dans les <strong>relations presse de votre association<\/strong>, il en est un sur lequel les journalistes seront \u00e0 la fois vigilant et intransigeant. Il s\u2019agit de la diff\u00e9rence entre une information et une publicit\u00e9. Dans ce domaine, si l\u2019information que vous communiquez rel\u00e8ve d\u2019une dimension commerciale, il est plus que probable que vous n\u2019obtiendrez pas de couverture.<\/p>\n\n\n\n<p>Les associations sont g\u00e9n\u00e9ralement \u00e0 l&rsquo;abri de la communication trop commerciale, mais c\u2019est un point qu\u2019il est important de garder en t\u00eate si jamais vous dotiez votre structure de volet en mesure de g\u00e9n\u00e9rer des revenus et que vous souhaitiez communiquer dessus.<\/p>\n\n\n\n<h2 class=\"wp-block-heading\">11. Pr\u00e9senter votre sujet sous un angle original<\/h2>\n\n\n\n<blockquote class=\"wp-block-quote is-layout-flow wp-block-quote-is-layout-flow\"><p><em>\u00ab\u00a0Orientez votre correspondant sur les sujets \u00e0 d\u00e9velopper dans l\u2019actualit\u00e9 de votre association. Donnez lui les principaux axes. Vous pouvez aussi lui demander un conseil et voir ensemble ce qui pourrait \u00eatre l\u2019angle id\u00e9al de votre sujet.\u00a0\u00bb<\/em><\/p><cite>Alain Bihel &#8211; Adjoint \u00e0 la cheffe d\u2019\u00e9dition &#8211; Ouest-France \u00e9dition de St Brieuc (22)<br>Source : Associations. <a href=\"https:\/\/www.youtube.com\/watch?v=MKvBNMNafX8&amp;t=01s\" target=\"_blank\" rel=\"noreferrer noopener\">Communiquez avec votre r\u00e9daction locale<\/a> Ouest-France 22<\/cite><\/blockquote>\n\n\n\n<hr class=\"wp-block-coblocks-dynamic-separator\" style=\"height:50px\"\/>\n\n\n\n<p>En mati\u00e8re de<strong> <\/strong>relations presse<strong>, <\/strong>les associations les plus grandes, les plus m\u00e9diatiques et disposant du plus grand nombre de licenci\u00e9s sont celles qui parviennent g\u00e9n\u00e9ralement aux meilleurs r\u00e9sultats. Pourtant, ne n\u00e9gligez pas la curiosit\u00e9 et l\u2019envie de sujets nouveaux de vos journalistes locaux.&nbsp;&nbsp;<\/p>\n\n\n\n<p>Vous vous demandez comment obtenir une <strong>couverture presse pour votre association<\/strong>, quels sont les sujets qui vont int\u00e9resser les journalistes ?&nbsp;<\/p>\n\n\n\n<p>Pour commencer, vous devez \u00eatre en mesure de percevoir les informations \u00e9mergeant dans la vie de votre association. Ceci fait, vous devez trouvez un angle original ou adapt\u00e9 pour les m\u00e9dias que vous visez. <\/p>\n\n\n\n<p>Si vous souhaitez mettre au point une strat\u00e9gie m\u00e9dia pour votre association. Commencez par r\u00e9fl\u00e9chir aux diff\u00e9rents \u00e9v\u00e9nements qui ponctuent la vie de votre association. Existe-t-il des moments que vous pouvez ancrer dans le contexte de l\u2019actualit\u00e9 nationale ? Avez-vous des originalit\u00e9s, un projet, une cr\u00e9ation de poste, un profil original parmi vos b\u00e9n\u00e9voles ? Les journalistes locaux aiment incarner l\u2019information, c\u2019est souvent au travers de l\u2019un de vos membres ou b\u00e9n\u00e9voles qu\u2019ils parleront de vous.<\/p>\n\n\n\n<h2 class=\"wp-block-heading\">12. Ecrire un communiqu\u00e9 de presse en association<\/h2>\n\n\n\n<blockquote class=\"wp-block-quote is-layout-flow wp-block-quote-is-layout-flow\"><p><em>\u00ab\u00a0Il ne faut pas perdre de vue qu\u2019un journaliste peut recevoir des dizaines de communiqu\u00e9s de presse par jour. Des infos qu\u2019il lui faut trier avec plus ou moins de c\u00e9l\u00e9rit\u00e9. Plus on re\u00e7oit de communiqu\u00e9s, plus ils doivent \u00eatre bien ficel\u00e9s pour attirer l\u2019attention du journaliste.\u00a0\u00bb<\/em><\/p><cite>Renaud Pelard &#8211; Chef de service \u00e0 la r\u00e9daction des sports &#8211; Ouest-France<br>Source : Visiolocale : <a rel=\"noreferrer noopener\" href=\"https:\/\/www.infolocale.fr\/blog\/communique-de-presse-sport\/\" target=\"_blank\">Associations sportives. Comment r\u00e9diger un communiqu\u00e9 de presse<\/a><\/cite><\/blockquote>\n\n\n\n<hr class=\"wp-block-coblocks-dynamic-separator\" style=\"height:50px\"\/>\n\n\n\n<p>Ecrire un <a href=\"https:\/\/www.infolocale.fr\/blog\/communique-de-presse-association\/\">communiqu\u00e9 de presse en association<\/a> varie selon que vous \u00eates une grande organisation ou une association locale. Dans tous les cas, soyez clair, concis et pr\u00e9cis. Inutile de r\u00e9aliser un communiqu\u00e9 riche en pdf que vous joindrez \u00e0 votre mail. R\u00e9digez plut\u00f4t votre message directement dans le corps du mail.&nbsp;<\/p>\n\n\n\n<h3 class=\"wp-block-heading\">Les informations capitales \u00e0 ne pas oublier dans votre communiqu\u00e9 de presse<\/h3>\n\n\n\n<blockquote class=\"wp-block-quote is-layout-flow wp-block-quote-is-layout-flow\"><p><em>\u00ab\u00a0Quand on annonce un \u00e9v\u00e9nement, il faut donner l\u2019heure, indiquer ou cela se passe, le jour, le tarif. S\u2019il y a une buvette, pr\u00e9cisez le. Il faut se mettre dans la t\u00eate des gens qui vont venir. Donnez bien vos coordonn\u00e9es pour que l\u2019on puisse vous recontacter.\u00a0\u00bb<\/em><\/p><cite>Fr\u00e9d\u00e9ric Barill\u00e9 &#8211; R\u00e9dacteur en chef du Maine Libre (72)<br>Source : Visiolocale Collectivit\u00e9. <a rel=\"noreferrer noopener\" href=\"https:\/\/www.youtube.com\/watch?v=EzQ5xyhqATA\" target=\"_blank\">Communiquez votre information locale<\/a> dans Le Maine Libre<\/cite><\/blockquote>\n\n\n\n<hr class=\"wp-block-coblocks-dynamic-separator\" style=\"height:50px\"\/>\n\n\n\n<p>Le contenu de votre communiqu\u00e9 variera selon la nature de l&rsquo;information que vous souhaitez communiquer. Toutefois, les \u00e9v\u00e9nements forment le gros des sujets relay\u00e9s par les associations \u00e0 la presse. Dans ce cas, il est un certain nombre d&rsquo;\u00e9l\u00e9ments que vous devez veiller \u00e0 ne pas oublier. Ceux-ci vous paraitront probablement \u00e9vidents, mais ils sont suffisamment omis pour qu&rsquo;il soit utile de le rappeler ici.  <\/p>\n\n\n\n<p>Quand vous \u00e9crivez un communiqu\u00e9 de presse veillez \u00e0 r\u00e9pondre \u00e0 ces questions : <\/p>\n\n\n\n<ul class=\"wp-block-list\"><li>Qui ? Qui organise l\u2019\u00e9v\u00e9nement ?<\/li><li>Quoi ? Qu\u2019est-ce qui est organis\u00e9 ? Ajoutez les t\u00eates d\u2019affiche et autres information de programmation<\/li><li>O\u00f9 ? L\u2019adresse du lieu o\u00f9 se tiendra la manifestation<\/li><li>Quand ? Renseignez les dates de d\u00e9but et de fin si l&rsquo;\u00e9v\u00e9nement se tient sur plusieurs jours.<\/li><li>Combien ? S\u2019il y a des frais d\u2019entr\u00e9e<\/li><\/ul>\n\n\n\n<h3 class=\"wp-block-heading\">Votre communiqu\u00e9 de presse doit se faire remarquer par rapport aux autres<\/h3>\n\n\n\n<blockquote class=\"wp-block-quote is-layout-flow wp-block-quote-is-layout-flow\"><p><em>\u00ab\u00a0[Il y a des charg\u00e9s de communication qui savent] \u00e0 chaque fois, nous concocter des rendez-vous dans lesquels on<\/em> <em>aura les bons t\u00e9moins, on aura tous les \u00e9l\u00e9ments chiffr\u00e9s,  on aura la mise en perspective. Apr\u00e8s, les journalistes peuvent faire le travail de valorisation de tout \u00e7a.\u00a0\u00bb<\/em><\/p><cite>Fr\u00e9d\u00e9ric Barill\u00e9 &#8211; R\u00e9dacteur en chef du Maine Libre (72)<br>Source : Visiolocale Collectivit\u00e9. <a rel=\"noreferrer noopener\" href=\"https:\/\/www.youtube.com\/watch?v=EzQ5xyhqATA\" target=\"_blank\">Communiquez votre information locale<\/a> dans Le Maine Libre<\/cite><\/blockquote>\n\n\n\n<hr class=\"wp-block-coblocks-dynamic-separator\" style=\"height:50px\"\/>\n\n\n\n<p>La place dans le journal est limit\u00e9e par le nombre de page. Sur le web, elle le sera par le nombre d&rsquo;articles qu&rsquo;il est possible d&rsquo;\u00e9crire en une journ\u00e9e de travail. De ce fait, il est \u00e9vident que les communiqu\u00e9s sont en comp\u00e9tition entre eux pour obtenir leur traitement. Dans ce contexte, un communiqu\u00e9 de presse bien ficel\u00e9, dans lequel le journaliste pourra trouver les \u00e9l\u00e9ments n\u00e9cessaires \u00e0 son traitement, se distinguera forc\u00e9ment des autres. <\/p>\n\n\n\n<p>Pour que votre communiqu\u00e9 de presse sorte du lot : ajoutez l&rsquo;affluence de vos derniers \u00e9v\u00e9nements, vos bons r\u00e9sultats, le nombre de licenci\u00e9s si vous \u00eates une grosse association. En outre, facilitez le traitement de votre article en int\u00e9grant un ou plusieurs contacts. Ceux-ci peuvent \u00eatre les interlocuteur de choix, des responsables de votre projet, des sp\u00e9cialistes du sujet sur lequel vous souhaitez communiquer. <\/p>\n\n\n\n<h2 class=\"wp-block-heading\">13. Relations presse en association. Quel titre pour vos mails ?<\/h2>\n\n\n\n<p>Lorsque vous envoyez un mail dans le cadre des <strong>relations presse de votre association<\/strong>, n\u2019oubliez pas d\u2019en soigner le titre. <\/p>\n\n\n\n<p>Pour \u00e9crire un bon titre de communiqu\u00e9 de presse, celui-ci devra \u00eatre concis et clair. La simple lecture de votre titre doit donner une id\u00e9e pr\u00e9cise sur le contenu du mail au journaliste qui le lira. Soyez descriptif et \u00e9loignez vous le plus possible d\u2019un message publicitaire.<\/p>\n\n\n\n<figure class=\"wp-block-image size-large\"><a href=\"https:\/\/www.infolocale.fr\/decouvrir\/?utm_source=blog&amp;utm_medium=banner&amp;utm_campaign=blog-content\"><img decoding=\"async\" width=\"908\" height=\"196\" src=\"https:\/\/www.infolocale.fr\/blog\/wp-content\/uploads\/2021\/02\/Banniere_evenement.png\" alt=\"\" class=\"wp-image-5949\" srcset=\"https:\/\/infolocale.20minutes.fr\/blog\/wp-content\/uploads\/2021\/02\/Banniere_evenement.png 908w, https:\/\/infolocale.20minutes.fr\/blog\/wp-content\/uploads\/2021\/02\/Banniere_evenement-300x65.png 300w, https:\/\/infolocale.20minutes.fr\/blog\/wp-content\/uploads\/2021\/02\/Banniere_evenement-768x166.png 768w, https:\/\/infolocale.20minutes.fr\/blog\/wp-content\/uploads\/2021\/02\/Banniere_evenement-278x60.png 278w\" sizes=\"(max-width: 908px) 100vw, 908px\" \/><\/a><\/figure>\n\n\n\n<h2 class=\"wp-block-heading\">14. Quelle photo joindre \u00e0 son communiqu\u00e9 de presse<\/h2>\n\n\n\n<blockquote class=\"wp-block-quote is-layout-flow wp-block-quote-is-layout-flow\"><p><em>\u00ab\u00a0N\u2019h\u00e9sitez pas \u00e0 mettre une photo pour le cas o\u00f9 l&rsquo;on n&rsquo;aurait pas l\u2019iconographie n\u00e9cessaire.\u00a0\u00bb <\/em><\/p><cite>Fr\u00e9d\u00e9ric Barill\u00e9 &#8211; R\u00e9dacteur en chef du Maine Libre (72)  <br>Source : Visiolocale Collectivit\u00e9. <a href=\"https:\/\/www.youtube.com\/watch?v=EzQ5xyhqATA\" target=\"_blank\" rel=\"noreferrer noopener\">Communiquez votre information locale<\/a> dans Le Maine Libre<\/cite><\/blockquote>\n\n\n\n<hr class=\"wp-block-coblocks-dynamic-separator\" style=\"height:50px\"\/>\n\n\n\n<p>Les m\u00e9dias pr\u00e9f\u00e9reront toujours utiliser leurs propres photos. Toutefois, il peut arriver qu\u2019ils n\u2019aient pas dans leurs archives, les documents utiles permettant d\u2019illustrer votre actualit\u00e9. N\u2019h\u00e9sitez pas \u00e0 joindre vos propres ressources.&nbsp;<\/p>\n\n\n\n<p>Dans le cas d\u2019une annonce d\u2019\u00e9v\u00e9nement, vous pouvez joindre une photo de l\u2019\u00e9dition pr\u00e9c\u00e9dente. Dans ce cas l\u00e0, pensez au format. Prenez soin de s\u00e9lectionner une image repr\u00e9sentative, esth\u00e9tique et porteuse de sens et d&rsquo;information.&nbsp;<\/p>\n\n\n\n<p>Pour une parution papier, la d\u00e9finition du document devra \u00eatre en haute r\u00e9solution. Pour une publication sur un site internet. Si la qualit\u00e9 est \u00e9galement importante, la r\u00e9solution exig\u00e9e sera plus faible que pour le papier.<\/p>\n\n\n\n<h3 class=\"wp-block-heading\">Attention au droit \u00e0 l&rsquo;image<\/h3>\n\n\n\n<blockquote class=\"wp-block-quote is-layout-flow wp-block-quote-is-layout-flow\"><p><em>\u00ab\u00a0Le <a href=\"https:\/\/www.infolocale.fr\/blog\/droit-a-limage\/\">droit \u00e0 l\u2019image<\/a> est tr\u00e8s r\u00e9glement\u00e9 en France. Si un photographe professionnel voit que son clich\u00e9 a \u00e9t\u00e9 publi\u00e9 dans nos colonnes, il peut se retourner contre le journal. Il faut imp\u00e9rativement le nom du photographe et faire porter la mention libre de droit.\u00a0\u00bb<\/em><\/p><cite>Jo\u00ebl Bigorgne &#8211; Directeur d\u00e9partemental des C\u00f4tes d\u2019Armor (22) &#8211; Ouest-France<br>Source : Associations. <a href=\"https:\/\/www.youtube.com\/watch?v=MKvBNMNafX8&amp;t=01s\" target=\"_blank\" rel=\"noreferrer noopener\">Communiquez avec votre r\u00e9daction locale<\/a> Ouest-France 22<\/cite><\/blockquote>\n\n\n\n<hr class=\"wp-block-coblocks-dynamic-separator\" style=\"height:50px\"\/>\n\n\n\n<p>Si vous joignez une photo \u00e0 votre communiqu\u00e9, le photographe doit donner pr\u00e9alablement son autorisation pour publication. Pensez syst\u00e9matiquement \u00e0 donner le nom du photographe et les mentions l\u00e9gales permettant au journal de publier la photo. <\/p>\n\n\n\n<h2 class=\"wp-block-heading\">15. Quand organiser une conf\u00e9rence de presse autour de mon association ?<\/h2>\n\n\n\n<p>Pour une association, la <a href=\"https:\/\/www.infolocale.fr\/blog\/conference-de-presse\/\">conf\u00e9rence de presse<\/a> \u00e0 l\u2019avantage de rassembler tous les m\u00e9dias locaux, au m\u00eame moment et en un m\u00eame endroit. C\u2019est un gain de temps \u00e9vident pour des b\u00e9n\u00e9voles \u00e0 l\u2019emploi du temps souvent tr\u00e8s charg\u00e9.&nbsp;<\/p>\n\n\n\n<p>Pour autant, il faut prendre garde \u00e0 ne pas abuser de cet outil. Pour les journalistes, la conf\u00e9rence de presse peut \u00eatre un moment chronophage dont ils ne ma\u00eetrisent ni le jour, ni l\u2019heure, ni la dur\u00e9e. C\u2019est un moment impos\u00e9 qui peut venir bousculer un agenda d\u00e9j\u00e0 fix\u00e9 de longue date. Il faut donc veiller qu\u2019un tel \u00e9v\u00e9nement soit particuli\u00e8rement l\u00e9gitime.<\/p>\n\n\n\n<p>Pour votre association, la conf\u00e9rence de presse doit \u00eatre un moment important. Elle doit proposer une vraie valeur ajout\u00e9e aux journalistes. Elle doit rassembler un panel d\u2019invit\u00e9s, offrir un acc\u00e8s \u00e0 des sp\u00e9cialistes auxquels la presse pourra poser ses questions.<\/p>\n\n\n\n<h3 class=\"wp-block-heading\">Organiser une conf\u00e9rence de presse en ligne<\/h3>\n\n\n\n<p>Avec la crise sanitaire, l\u2019organisation de conf\u00e9rences de presse en ligne s\u2019est d\u00e9mocratis\u00e9e. Elle offre les avantages d\u2019une conf\u00e9rence de presse, permet de rassembler de nombreux interlocuteurs en un seul moment. Aussi, elle permet aux journalistes de gagner le temps des d\u00e9placements. C\u2019est peut-\u00eatre une option \u00e0 envisager dans les<strong> relations presse de votre association<\/strong>.&nbsp;<\/p>\n\n\n\n<center><figure class=\"wp-block-image size-large\"><a href=\"https:\/\/www.infolocale.fr\/blog\/wp-content\/uploads\/2021\/03\/15-conseils-de-journalistes-1-scaled.jpg\"><img decoding=\"async\" width=\"358\" height=\"1024\" src=\"https:\/\/www.infolocale.fr\/blog\/wp-content\/uploads\/2021\/03\/15-conseils-de-journalistes-1-358x1024.jpg\" alt=\"Relations presse en association. 15 conseils de journalistes\" class=\"wp-image-6455\" srcset=\"https:\/\/infolocale.20minutes.fr\/blog\/wp-content\/uploads\/2021\/03\/15-conseils-de-journalistes-1-358x1024.jpg 358w, https:\/\/infolocale.20minutes.fr\/blog\/wp-content\/uploads\/2021\/03\/15-conseils-de-journalistes-1-105x300.jpg 105w, https:\/\/infolocale.20minutes.fr\/blog\/wp-content\/uploads\/2021\/03\/15-conseils-de-journalistes-1-768x2197.jpg 768w, https:\/\/infolocale.20minutes.fr\/blog\/wp-content\/uploads\/2021\/03\/15-conseils-de-journalistes-1-537x1536.jpg 537w, https:\/\/infolocale.20minutes.fr\/blog\/wp-content\/uploads\/2021\/03\/15-conseils-de-journalistes-1-716x2048.jpg 716w, https:\/\/infolocale.20minutes.fr\/blog\/wp-content\/uploads\/2021\/03\/15-conseils-de-journalistes-1-21x60.jpg 21w, https:\/\/infolocale.20minutes.fr\/blog\/wp-content\/uploads\/2021\/03\/15-conseils-de-journalistes-1-scaled.jpg 895w\" sizes=\"(max-width: 358px) 100vw, 358px\" \/><\/a><figcaption>Cliquez pour agrandir l&rsquo;<a href=\"https:\/\/www.infolocale.fr\/blog\/wp-content\/uploads\/2021\/03\/15-conseils-de-journalistes-1-scaled.jpg\">infographie : conseils en relations presse<\/a> <\/figcaption><\/figure><\/center>\n","protected":false},"excerpt":{"rendered":"<p>Les relations presse en association devraient \u00eatre la mission d&rsquo;une personne d\u00e9di\u00e9e, nomm\u00e9e au sein du service communication. Construire un fichier presse et influenceurs en [&hellip;]<\/p>\n","protected":false},"author":2,"featured_media":5813,"comment_status":"open","ping_status":"open","sticky":false,"template":"","format":"standard","meta":{"_coblocks_attr":"","_coblocks_dimensions":"","_coblocks_responsive_height":"","_coblocks_accordion_ie_support":"","_mo_disable_npp":"","footnotes":""},"categories":[69],"tags":[77,100,68],"class_list":["post-5808","post","type-post","status-publish","format-standard","has-post-thumbnail","hentry","category-communication-des-associations","tag-infographies","tag-relations-presse","tag-webinaires"],"yoast_head":"<!-- This site is optimized with the Yoast SEO plugin v23.2 - https:\/\/yoast.com\/wordpress\/plugins\/seo\/ -->\n<title>Relations presse en association : 15 conseils de journalistes |<\/title>\n<meta name=\"description\" content=\"15 conseils de journalistes en presse quotidienne r\u00e9gionale pour am\u00e9liorer les relations presse de votre association et sa couverture m\u00e9dia\" \/>\n<meta name=\"robots\" content=\"index, follow, max-snippet:-1, max-image-preview:large, max-video-preview:-1\" \/>\n<link rel=\"canonical\" href=\"https:\/\/www.infolocale.fr\/blog\/relations-presse-association\/\" \/>\n<meta property=\"og:locale\" content=\"fr_FR\" \/>\n<meta property=\"og:type\" content=\"article\" \/>\n<meta property=\"og:title\" content=\"Relations presse en association : 15 conseils de journalistes |\" \/>\n<meta property=\"og:description\" content=\"15 conseils de journalistes en presse quotidienne r\u00e9gionale pour am\u00e9liorer les relations presse de votre association et sa couverture m\u00e9dia\" \/>\n<meta property=\"og:url\" content=\"https:\/\/www.infolocale.fr\/blog\/relations-presse-association\/\" \/>\n<meta property=\"article:publisher\" content=\"https:\/\/www.facebook.com\/infolocaleFR\/\" \/>\n<meta property=\"article:published_time\" content=\"2021-02-19T08:07:02+00:00\" \/>\n<meta property=\"article:modified_time\" content=\"2023-03-01T11:06:14+00:00\" \/>\n<meta property=\"og:image\" content=\"https:\/\/www.infolocale.fr\/blog\/wp-content\/uploads\/2021\/02\/relations-presse-association.jpg\" \/>\n\t<meta property=\"og:image:width\" content=\"1200\" \/>\n\t<meta property=\"og:image:height\" content=\"630\" \/>\n\t<meta property=\"og:image:type\" content=\"image\/jpeg\" \/>\n<meta name=\"author\" content=\"Morgan\" \/>\n<meta name=\"twitter:card\" content=\"summary_large_image\" \/>\n<meta name=\"twitter:creator\" content=\"@infolocale\" \/>\n<meta name=\"twitter:site\" content=\"@infolocale\" \/>\n<meta name=\"twitter:label1\" content=\"\u00c9crit par\" \/>\n\t<meta name=\"twitter:data1\" content=\"Morgan\" \/>\n\t<meta name=\"twitter:label2\" content=\"Dur\u00e9e de lecture estim\u00e9e\" \/>\n\t<meta name=\"twitter:data2\" content=\"19 minutes\" \/>\n<script type=\"application\/ld+json\" class=\"yoast-schema-graph\">{\"@context\":\"https:\/\/schema.org\",\"@graph\":[{\"@type\":\"Article\",\"@id\":\"https:\/\/www.infolocale.fr\/blog\/relations-presse-association\/#article\",\"isPartOf\":{\"@id\":\"https:\/\/www.infolocale.fr\/blog\/relations-presse-association\/\"},\"author\":{\"name\":\"Morgan\",\"@id\":\"https:\/\/www.infolocale.fr\/blog\/#\/schema\/person\/f0f748ece99417833166b3ba8890f3db\"},\"headline\":\"15 conseils de journalistes pour am\u00e9liorer les relations presse de votre association\",\"datePublished\":\"2021-02-19T08:07:02+00:00\",\"dateModified\":\"2023-03-01T11:06:14+00:00\",\"mainEntityOfPage\":{\"@id\":\"https:\/\/www.infolocale.fr\/blog\/relations-presse-association\/\"},\"wordCount\":3963,\"commentCount\":3,\"publisher\":{\"@id\":\"https:\/\/www.infolocale.fr\/blog\/#organization\"},\"image\":{\"@id\":\"https:\/\/www.infolocale.fr\/blog\/relations-presse-association\/#primaryimage\"},\"thumbnailUrl\":\"https:\/\/infolocale.20minutes.fr\/blog\/wp-content\/uploads\/2021\/02\/relations-presse-association.jpg\",\"keywords\":[\"Infographies\",\"Relations presse\",\"webinaires\"],\"articleSection\":[\"Communication des associations\"],\"inLanguage\":\"fr-FR\",\"potentialAction\":[{\"@type\":\"CommentAction\",\"name\":\"Comment\",\"target\":[\"https:\/\/www.infolocale.fr\/blog\/relations-presse-association\/#respond\"]}]},{\"@type\":\"WebPage\",\"@id\":\"https:\/\/www.infolocale.fr\/blog\/relations-presse-association\/\",\"url\":\"https:\/\/www.infolocale.fr\/blog\/relations-presse-association\/\",\"name\":\"Relations presse en association : 15 conseils de journalistes |\",\"isPartOf\":{\"@id\":\"https:\/\/www.infolocale.fr\/blog\/#website\"},\"primaryImageOfPage\":{\"@id\":\"https:\/\/www.infolocale.fr\/blog\/relations-presse-association\/#primaryimage\"},\"image\":{\"@id\":\"https:\/\/www.infolocale.fr\/blog\/relations-presse-association\/#primaryimage\"},\"thumbnailUrl\":\"https:\/\/infolocale.20minutes.fr\/blog\/wp-content\/uploads\/2021\/02\/relations-presse-association.jpg\",\"datePublished\":\"2021-02-19T08:07:02+00:00\",\"dateModified\":\"2023-03-01T11:06:14+00:00\",\"description\":\"15 conseils de journalistes en presse quotidienne r\u00e9gionale pour am\u00e9liorer les relations presse de votre association et sa couverture m\u00e9dia\",\"breadcrumb\":{\"@id\":\"https:\/\/www.infolocale.fr\/blog\/relations-presse-association\/#breadcrumb\"},\"inLanguage\":\"fr-FR\",\"potentialAction\":[{\"@type\":\"ReadAction\",\"target\":[\"https:\/\/www.infolocale.fr\/blog\/relations-presse-association\/\"]}]},{\"@type\":\"ImageObject\",\"inLanguage\":\"fr-FR\",\"@id\":\"https:\/\/www.infolocale.fr\/blog\/relations-presse-association\/#primaryimage\",\"url\":\"https:\/\/infolocale.20minutes.fr\/blog\/wp-content\/uploads\/2021\/02\/relations-presse-association.jpg\",\"contentUrl\":\"https:\/\/infolocale.20minutes.fr\/blog\/wp-content\/uploads\/2021\/02\/relations-presse-association.jpg\",\"width\":1200,\"height\":630,\"caption\":\"relations presse en association. 15 conseils de journalistes\"},{\"@type\":\"BreadcrumbList\",\"@id\":\"https:\/\/www.infolocale.fr\/blog\/relations-presse-association\/#breadcrumb\",\"itemListElement\":[{\"@type\":\"ListItem\",\"position\":1,\"name\":\"Blog\",\"item\":\"https:\/\/infolocale.ouest-france.fr\/blog\/\"},{\"@type\":\"ListItem\",\"position\":2,\"name\":\"Communication des associations\",\"item\":\"https:\/\/infolocale.ouest-france.fr\/blog\/cat\/communication-des-associations\/\"},{\"@type\":\"ListItem\",\"position\":3,\"name\":\"15 conseils de journalistes pour am\u00e9liorer les relations presse de votre association\"}]},{\"@type\":\"WebSite\",\"@id\":\"https:\/\/www.infolocale.fr\/blog\/#website\",\"url\":\"https:\/\/www.infolocale.fr\/blog\/\",\"name\":\"\",\"description\":\"\",\"publisher\":{\"@id\":\"https:\/\/www.infolocale.fr\/blog\/#organization\"},\"potentialAction\":[{\"@type\":\"SearchAction\",\"target\":{\"@type\":\"EntryPoint\",\"urlTemplate\":\"https:\/\/www.infolocale.fr\/blog\/?s={search_term_string}\"},\"query-input\":\"required name=search_term_string\"}],\"inLanguage\":\"fr-FR\"},{\"@type\":\"Organization\",\"@id\":\"https:\/\/www.infolocale.fr\/blog\/#organization\",\"name\":\"Infolocale\",\"url\":\"https:\/\/www.infolocale.fr\/blog\/\",\"logo\":{\"@type\":\"ImageObject\",\"inLanguage\":\"fr-FR\",\"@id\":\"https:\/\/www.infolocale.fr\/blog\/#\/schema\/logo\/image\/\",\"url\":\"https:\/\/www.infolocale.fr\/blog\/wp-content\/uploads\/2020\/11\/logol.jpg\",\"contentUrl\":\"https:\/\/www.infolocale.fr\/blog\/wp-content\/uploads\/2020\/11\/logol.jpg\",\"width\":1031,\"height\":398,\"caption\":\"Infolocale\"},\"image\":{\"@id\":\"https:\/\/www.infolocale.fr\/blog\/#\/schema\/logo\/image\/\"},\"sameAs\":[\"https:\/\/www.facebook.com\/infolocaleFR\/\",\"https:\/\/x.com\/infolocale\",\"https:\/\/www.instagram.com\/infolocale\/\",\"https:\/\/fr.linkedin.com\/company\/infolocale\",\"https:\/\/www.youtube.com\/channel\/UCnv4FA8EYEuu_si3TGr7xeA\"]},{\"@type\":\"Person\",\"@id\":\"https:\/\/www.infolocale.fr\/blog\/#\/schema\/person\/f0f748ece99417833166b3ba8890f3db\",\"name\":\"Morgan\",\"image\":{\"@type\":\"ImageObject\",\"inLanguage\":\"fr-FR\",\"@id\":\"https:\/\/www.infolocale.fr\/blog\/#\/schema\/person\/image\/\",\"url\":\"https:\/\/secure.gravatar.com\/avatar\/a22ec2a0cc817ae9fa3ff7341a213632?s=96&d=mm&r=g\",\"contentUrl\":\"https:\/\/secure.gravatar.com\/avatar\/a22ec2a0cc817ae9fa3ff7341a213632?s=96&d=mm&r=g\",\"caption\":\"Morgan\"},\"url\":\"https:\/\/infolocale.20minutes.fr\/blog\/author\/morgan-delepine\/\"}]}<\/script>\n<!-- \/ Yoast SEO plugin. -->","yoast_head_json":{"title":"Relations presse en association : 15 conseils de journalistes |","description":"15 conseils de journalistes en presse quotidienne r\u00e9gionale pour am\u00e9liorer les relations presse de votre association et sa couverture m\u00e9dia","robots":{"index":"index","follow":"follow","max-snippet":"max-snippet:-1","max-image-preview":"max-image-preview:large","max-video-preview":"max-video-preview:-1"},"canonical":"https:\/\/www.infolocale.fr\/blog\/relations-presse-association\/","og_locale":"fr_FR","og_type":"article","og_title":"Relations presse en association : 15 conseils de journalistes |","og_description":"15 conseils de journalistes en presse quotidienne r\u00e9gionale pour am\u00e9liorer les relations presse de votre association et sa couverture m\u00e9dia","og_url":"https:\/\/www.infolocale.fr\/blog\/relations-presse-association\/","article_publisher":"https:\/\/www.facebook.com\/infolocaleFR\/","article_published_time":"2021-02-19T08:07:02+00:00","article_modified_time":"2023-03-01T11:06:14+00:00","og_image":[{"width":1200,"height":630,"url":"https:\/\/www.infolocale.fr\/blog\/wp-content\/uploads\/2021\/02\/relations-presse-association.jpg","type":"image\/jpeg"}],"author":"Morgan","twitter_card":"summary_large_image","twitter_creator":"@infolocale","twitter_site":"@infolocale","twitter_misc":{"\u00c9crit par":"Morgan","Dur\u00e9e de lecture estim\u00e9e":"19 minutes"},"schema":{"@context":"https:\/\/schema.org","@graph":[{"@type":"Article","@id":"https:\/\/www.infolocale.fr\/blog\/relations-presse-association\/#article","isPartOf":{"@id":"https:\/\/www.infolocale.fr\/blog\/relations-presse-association\/"},"author":{"name":"Morgan","@id":"https:\/\/www.infolocale.fr\/blog\/#\/schema\/person\/f0f748ece99417833166b3ba8890f3db"},"headline":"15 conseils de journalistes pour am\u00e9liorer les relations presse de votre association","datePublished":"2021-02-19T08:07:02+00:00","dateModified":"2023-03-01T11:06:14+00:00","mainEntityOfPage":{"@id":"https:\/\/www.infolocale.fr\/blog\/relations-presse-association\/"},"wordCount":3963,"commentCount":3,"publisher":{"@id":"https:\/\/www.infolocale.fr\/blog\/#organization"},"image":{"@id":"https:\/\/www.infolocale.fr\/blog\/relations-presse-association\/#primaryimage"},"thumbnailUrl":"https:\/\/infolocale.20minutes.fr\/blog\/wp-content\/uploads\/2021\/02\/relations-presse-association.jpg","keywords":["Infographies","Relations presse","webinaires"],"articleSection":["Communication des associations"],"inLanguage":"fr-FR","potentialAction":[{"@type":"CommentAction","name":"Comment","target":["https:\/\/www.infolocale.fr\/blog\/relations-presse-association\/#respond"]}]},{"@type":"WebPage","@id":"https:\/\/www.infolocale.fr\/blog\/relations-presse-association\/","url":"https:\/\/www.infolocale.fr\/blog\/relations-presse-association\/","name":"Relations presse en association : 15 conseils de journalistes |","isPartOf":{"@id":"https:\/\/www.infolocale.fr\/blog\/#website"},"primaryImageOfPage":{"@id":"https:\/\/www.infolocale.fr\/blog\/relations-presse-association\/#primaryimage"},"image":{"@id":"https:\/\/www.infolocale.fr\/blog\/relations-presse-association\/#primaryimage"},"thumbnailUrl":"https:\/\/infolocale.20minutes.fr\/blog\/wp-content\/uploads\/2021\/02\/relations-presse-association.jpg","datePublished":"2021-02-19T08:07:02+00:00","dateModified":"2023-03-01T11:06:14+00:00","description":"15 conseils de journalistes en presse quotidienne r\u00e9gionale pour am\u00e9liorer les relations presse de votre association et sa couverture m\u00e9dia","breadcrumb":{"@id":"https:\/\/www.infolocale.fr\/blog\/relations-presse-association\/#breadcrumb"},"inLanguage":"fr-FR","potentialAction":[{"@type":"ReadAction","target":["https:\/\/www.infolocale.fr\/blog\/relations-presse-association\/"]}]},{"@type":"ImageObject","inLanguage":"fr-FR","@id":"https:\/\/www.infolocale.fr\/blog\/relations-presse-association\/#primaryimage","url":"https:\/\/infolocale.20minutes.fr\/blog\/wp-content\/uploads\/2021\/02\/relations-presse-association.jpg","contentUrl":"https:\/\/infolocale.20minutes.fr\/blog\/wp-content\/uploads\/2021\/02\/relations-presse-association.jpg","width":1200,"height":630,"caption":"relations presse en association. 15 conseils de journalistes"},{"@type":"BreadcrumbList","@id":"https:\/\/www.infolocale.fr\/blog\/relations-presse-association\/#breadcrumb","itemListElement":[{"@type":"ListItem","position":1,"name":"Blog","item":"https:\/\/infolocale.ouest-france.fr\/blog\/"},{"@type":"ListItem","position":2,"name":"Communication des associations","item":"https:\/\/infolocale.ouest-france.fr\/blog\/cat\/communication-des-associations\/"},{"@type":"ListItem","position":3,"name":"15 conseils de journalistes pour am\u00e9liorer les relations presse de votre association"}]},{"@type":"WebSite","@id":"https:\/\/www.infolocale.fr\/blog\/#website","url":"https:\/\/www.infolocale.fr\/blog\/","name":"","description":"","publisher":{"@id":"https:\/\/www.infolocale.fr\/blog\/#organization"},"potentialAction":[{"@type":"SearchAction","target":{"@type":"EntryPoint","urlTemplate":"https:\/\/www.infolocale.fr\/blog\/?s={search_term_string}"},"query-input":"required name=search_term_string"}],"inLanguage":"fr-FR"},{"@type":"Organization","@id":"https:\/\/www.infolocale.fr\/blog\/#organization","name":"Infolocale","url":"https:\/\/www.infolocale.fr\/blog\/","logo":{"@type":"ImageObject","inLanguage":"fr-FR","@id":"https:\/\/www.infolocale.fr\/blog\/#\/schema\/logo\/image\/","url":"https:\/\/www.infolocale.fr\/blog\/wp-content\/uploads\/2020\/11\/logol.jpg","contentUrl":"https:\/\/www.infolocale.fr\/blog\/wp-content\/uploads\/2020\/11\/logol.jpg","width":1031,"height":398,"caption":"Infolocale"},"image":{"@id":"https:\/\/www.infolocale.fr\/blog\/#\/schema\/logo\/image\/"},"sameAs":["https:\/\/www.facebook.com\/infolocaleFR\/","https:\/\/x.com\/infolocale","https:\/\/www.instagram.com\/infolocale\/","https:\/\/fr.linkedin.com\/company\/infolocale","https:\/\/www.youtube.com\/channel\/UCnv4FA8EYEuu_si3TGr7xeA"]},{"@type":"Person","@id":"https:\/\/www.infolocale.fr\/blog\/#\/schema\/person\/f0f748ece99417833166b3ba8890f3db","name":"Morgan","image":{"@type":"ImageObject","inLanguage":"fr-FR","@id":"https:\/\/www.infolocale.fr\/blog\/#\/schema\/person\/image\/","url":"https:\/\/secure.gravatar.com\/avatar\/a22ec2a0cc817ae9fa3ff7341a213632?s=96&d=mm&r=g","contentUrl":"https:\/\/secure.gravatar.com\/avatar\/a22ec2a0cc817ae9fa3ff7341a213632?s=96&d=mm&r=g","caption":"Morgan"},"url":"https:\/\/infolocale.20minutes.fr\/blog\/author\/morgan-delepine\/"}]}},"_links":{"self":[{"href":"https:\/\/infolocale.20minutes.fr\/blog\/wp-json\/wp\/v2\/posts\/5808"}],"collection":[{"href":"https:\/\/infolocale.20minutes.fr\/blog\/wp-json\/wp\/v2\/posts"}],"about":[{"href":"https:\/\/infolocale.20minutes.fr\/blog\/wp-json\/wp\/v2\/types\/post"}],"author":[{"embeddable":true,"href":"https:\/\/infolocale.20minutes.fr\/blog\/wp-json\/wp\/v2\/users\/2"}],"replies":[{"embeddable":true,"href":"https:\/\/infolocale.20minutes.fr\/blog\/wp-json\/wp\/v2\/comments?post=5808"}],"version-history":[{"count":0,"href":"https:\/\/infolocale.20minutes.fr\/blog\/wp-json\/wp\/v2\/posts\/5808\/revisions"}],"wp:featuredmedia":[{"embeddable":true,"href":"https:\/\/infolocale.20minutes.fr\/blog\/wp-json\/wp\/v2\/media\/5813"}],"wp:attachment":[{"href":"https:\/\/infolocale.20minutes.fr\/blog\/wp-json\/wp\/v2\/media?parent=5808"}],"wp:term":[{"taxonomy":"category","embeddable":true,"href":"https:\/\/infolocale.20minutes.fr\/blog\/wp-json\/wp\/v2\/categories?post=5808"},{"taxonomy":"post_tag","embeddable":true,"href":"https:\/\/infolocale.20minutes.fr\/blog\/wp-json\/wp\/v2\/tags?post=5808"}],"curies":[{"name":"wp","href":"https:\/\/api.w.org\/{rel}","templated":true}]}}