{"id":5485,"date":"2021-01-27T11:46:02","date_gmt":"2021-01-27T10:46:02","guid":{"rendered":"https:\/\/www.infolocale.fr\/blog\/?p=5485"},"modified":"2023-05-17T15:25:48","modified_gmt":"2023-05-17T13:25:48","slug":"assemblee-generale-constitutive-association","status":"publish","type":"post","link":"https:\/\/infolocale.20minutes.fr\/blog\/assemblee-generale-constitutive-association\/","title":{"rendered":"Organiser l\u2019assembl\u00e9e g\u00e9n\u00e9rale constitutive de son association"},"content":{"rendered":"\n\n\n<h2 class=\"wp-block-heading\">L&rsquo;assembl\u00e9e g\u00e9n\u00e9rale constitutive en quelques mots<\/h2>\n\n\n\n<p>Une association est dans l\u2019obligation de r\u00e9diger ses statuts et de d\u00e9signer ses administrateurs. Aussi, l\u2019<strong>assembl\u00e9e g\u00e9n\u00e9rale constitutive<\/strong>, bien qu\u2019elle ne soit pas toujours une obligation, est une \u00e9tape quasi incontournable. Elle est l\u2019occasion de rassembler vos membres fondateurs et de voter les d\u00e9cisions qui fixeront la <a href=\"https:\/\/www.infolocale.fr\/blog\/creer-une-association\/\">cr\u00e9ation de votre association<\/a>.<\/p>\n\n\n\n<p>Elle n\u2019intervient qu\u2019une fois dans l\u2019histoire de votre projet. Ainsi, si la naissance de votre association est effective \u00e0 la publication au journal officiel, l\u2019assembl\u00e9e g\u00e9n\u00e9rale constitutive en sera la gen\u00e8se.<\/p>\n\n\n\n<p>Voici les 8 principales \u00e9tapes de l&rsquo;assembl\u00e9e g\u00e9n\u00e9rale constitutive.&nbsp;<\/p>\n\n\n\n<ol class=\"wp-block-list\"><li>Convoquer les membres fondateurs de votre association<\/li><li>Joindre les documents utiles \u00e0 la pr\u00e9paration de l&rsquo;assembl\u00e9e<\/li><li>Au d\u00e9but de l\u2019assembl\u00e9e, \u00e9lire un <a href=\"https:\/\/www.infolocale.fr\/blog\/president-association-role-responsabilites\/\" target=\"_blank\" rel=\"noreferrer noopener\">pr\u00e9sident<\/a> et un secr\u00e9taire de s\u00e9ance<\/li><li>Le <a href=\"https:\/\/www.infolocale.fr\/blog\/secretaire-dassociation-role-et-responsabilites\/\" target=\"_blank\" rel=\"noreferrer noopener\">secr\u00e9taire<\/a> devra r\u00e9diger le proc\u00e8s-verbal de la s\u00e9ance<\/li><li>Le pr\u00e9sident \u00e9nonce l\u2019ordre du jour, les actions d\u00e9j\u00e0 men\u00e9es<\/li><li>Voter les statuts<\/li><li>L\u2019assembl\u00e9e g\u00e9n\u00e9rale constitutive d\u00e9signe les dirigeants de votre association<\/li><li>Reprendre les actes pass\u00e9s par les fondateurs<\/li><\/ol>\n\n\n\n<p>Pour son d\u00e9roulement : apr\u00e8s avoir \u00e9lu le pr\u00e9sident de s\u00e9ance et le secr\u00e9taire de s\u00e9ance, vous pouvez d\u00e9buter officiellement l\u2019assembl\u00e9e. Alors, plusieurs grandes d\u00e9cisions seront \u00e0 prendre. Pour commencer, vous voterez les statuts de votre association. Ensuite, vous \u00e9lirez vos premiers dirigeants. Finalement, vous r\u00e9digerez un proc\u00e8s-verbal de s\u00e9ance. Celui-ci sera sign\u00e9 par au moins un dirigeant \u00e9lu et joint aux documents envoy\u00e9s au greffe des associations.<\/p>\n\n\n\n<div class=\"wp-block-image\"><figure class=\"aligncenter size-large\"><a href=\"https:\/\/www.infolocale.fr\/blog\/wp-content\/uploads\/2021\/03\/assemblee-generale-constitutive-infographie.jpg\"><img fetchpriority=\"high\" decoding=\"async\" width=\"460\" height=\"1024\" src=\"https:\/\/www.infolocale.fr\/blog\/wp-content\/uploads\/2021\/03\/assemblee-generale-constitutive-infographie-460x1024.jpg\" alt=\"\" class=\"wp-image-6979\" srcset=\"https:\/\/infolocale.20minutes.fr\/blog\/wp-content\/uploads\/2021\/03\/assemblee-generale-constitutive-infographie-460x1024.jpg 460w, https:\/\/infolocale.20minutes.fr\/blog\/wp-content\/uploads\/2021\/03\/assemblee-generale-constitutive-infographie-135x300.jpg 135w, https:\/\/infolocale.20minutes.fr\/blog\/wp-content\/uploads\/2021\/03\/assemblee-generale-constitutive-infographie-768x1710.jpg 768w, https:\/\/infolocale.20minutes.fr\/blog\/wp-content\/uploads\/2021\/03\/assemblee-generale-constitutive-infographie-690x1536.jpg 690w, https:\/\/infolocale.20minutes.fr\/blog\/wp-content\/uploads\/2021\/03\/assemblee-generale-constitutive-infographie-920x2048.jpg 920w, https:\/\/infolocale.20minutes.fr\/blog\/wp-content\/uploads\/2021\/03\/assemblee-generale-constitutive-infographie-27x60.jpg 27w, https:\/\/infolocale.20minutes.fr\/blog\/wp-content\/uploads\/2021\/03\/assemblee-generale-constitutive-infographie.jpg 1000w\" sizes=\"(max-width: 460px) 100vw, 460px\" \/><\/a><\/figure><\/div>\n\n\n\n<h2 class=\"wp-block-heading\">Assembl\u00e9e g\u00e9n\u00e9rale constitutive : est-elle obligatoire ?<\/h2>\n\n\n\n<p>Seules les associations communales et intercommunales de chasse agr\u00e9\u00e9es sont tenues de l\u2019organiser. Pour les autres associations, c\u2019est un \u00e9v\u00e9nement auquel vous pouvez tout \u00e0 fait vous soustraire.<\/p>\n\n\n\n<p>Toutefois, malgr\u00e9 cette absence d\u2019obligation, nous vous recommandons vivement d\u2019organiser une <strong>assembl\u00e9e g\u00e9n\u00e9rale constitutive<\/strong>. En effet, elle sera une \u00e9tape fondatrice dans la vie de votre association. En outre, elle vous permettra d\u2019aborder de nombreux sujets et de valider des d\u00e9cisions dont vous ne pouvez vous passer pour obtenir la cr\u00e9ation de la personne morale. <\/p>\n\n\n\n<h2 class=\"wp-block-heading\">Comment l&rsquo;organiser ?<\/h2>\n\n\n\n<ol class=\"wp-block-list\"><li>Envoyez une convocation aux membres fondateurs (personnes physiques, morales)<\/li><li>Informez de la date, de l\u2019heure et du lieu de l\u2019assembl\u00e9e g\u00e9n\u00e9rale constitutive<\/li><li>Joignez l\u2019ordre du jour de l\u2019\u00e9v\u00e9nement<\/li><li>Vous pouvez joindre le projet de statuts et le nom des candidats au bureau s\u2019ils sont connus<\/li><\/ol>\n\n\n\n<p>Il n\u2019existe pas de cadre l\u00e9gal fixant le d\u00e9roulement de l\u2019<strong>assembl\u00e9e g\u00e9n\u00e9rale constitutive d\u2019une association<\/strong>. C\u2019est \u00e0 vous, organisateurs et participants que revient la charge de d\u00e9cider du d\u00e9roulement de cette premi\u00e8re r\u00e9union.<\/p>\n\n\n\n<p>Trouvez une date, rassemblez les personnes impliqu\u00e9es en un lieu d\u00e9termin\u00e9. Votre assembl\u00e9e g\u00e9n\u00e9rale peut d\u00e9buter.<\/p>\n\n\n<div class=\"wp-block-image is-resized\">\n<figure class=\"aligncenter size-large has-lightbox\"><a href=\"https:\/\/www.infolocale.fr\/decouvrir\/deposant\/?utm_source=blog&amp;utm_medium=banner&amp;utm_campaign=blog-content\"><img decoding=\"async\" width=\"1024\" height=\"1024\" src=\"https:\/\/www.infolocale.fr\/blog\/wp-content\/uploads\/2021\/11\/banniere-NLDASSO-carree1500x1500-1024x1024.jpg\" alt=\"\" class=\"wp-image-23946\" srcset=\"https:\/\/infolocale.20minutes.fr\/blog\/wp-content\/uploads\/2021\/11\/banniere-NLDASSO-carree1500x1500-1024x1024.jpg 1024w, https:\/\/infolocale.20minutes.fr\/blog\/wp-content\/uploads\/2021\/11\/banniere-NLDASSO-carree1500x1500-300x300.jpg 300w, https:\/\/infolocale.20minutes.fr\/blog\/wp-content\/uploads\/2021\/11\/banniere-NLDASSO-carree1500x1500-150x150.jpg 150w, https:\/\/infolocale.20minutes.fr\/blog\/wp-content\/uploads\/2021\/11\/banniere-NLDASSO-carree1500x1500-768x768.jpg 768w, https:\/\/infolocale.20minutes.fr\/blog\/wp-content\/uploads\/2021\/11\/banniere-NLDASSO-carree1500x1500.jpg 1500w\" sizes=\"(max-width: 1024px) 100vw, 1024px\" \/><\/a><\/figure><\/div>\n\n\n<h3 class=\"wp-block-heading\">Qui participe ?<\/h3>\n\n\n\n<p>En premier lieu, votre <strong>assembl\u00e9e g\u00e9n\u00e9rale constitutive<\/strong> rassemblera les personnes \u00e0 l\u2019origine du projet. Vous pouvez convoquer le noyau des premiers membres et ceux qui souhaitent vous rejoindre dans vos activit\u00e9s. L\u2019ensemble de ces personnes forme le corps des membres fondateurs.<\/p>\n\n\n\n<p>Des personnes morales peuvent \u00e9galement \u00eatre repr\u00e9sent\u00e9es \u00e0 votre premi\u00e8re r\u00e9union. Ce sera par exemple le cas si vous souhaitez fonder une association d\u2019associations, une union ou une f\u00e9d\u00e9ration.<\/p>\n\n\n\n<h2 class=\"wp-block-heading\">Convoquer les membres fondateurs de votre association<\/h2>\n\n\n\n<p>Une fois r\u00e9dig\u00e9s, les statuts de votre association fixeront les normes de convocation des participants aux assembl\u00e9es g\u00e9n\u00e9rales. Mais, \u00e0 cette \u00e9tape, votre association n\u2019a aucune existence officielle. Vous n&rsquo;\u00eates donc pas tenus d\u2019effectuer une convocation \u00e9crite. Cependant, c&rsquo;est le format le plus souvent retenu. La convocation permet d&rsquo;officialiser l&rsquo;assembl\u00e9e et de communiquer les informations utiles aux membres fondateurs.<\/p>\n\n\n\n<p>Ainsi, si vous choisissez d&rsquo;envoyez une convocation, sachez qu&rsquo;il est d&rsquo;usage de joindre diff\u00e9rents documents. Par exemple, vous pourriez envoyer l\u2019ordre du jour de votre<strong> assembl\u00e9e g\u00e9n\u00e9rale constitutive<\/strong>, un exemplaire du projet de statuts ou le nom des candidats aux diff\u00e9rents postes du bureau.&nbsp;<\/p>\n\n\n\n<h2 class=\"wp-block-heading\">D\u00e9roulement de l\u2019assembl\u00e9e g\u00e9n\u00e9rale constitutive<\/h2>\n\n\n\n<ol class=\"wp-block-list\"><li>\u00c9lire un secr\u00e9taire de s\u00e9ance<\/li><li>\u00c9lire un pr\u00e9sident de s\u00e9ance<\/li><li>Le pr\u00e9sident annonce les points \u00e0 l\u2019ordre du jour<\/li><li>D\u00e9bat et mise au vote<\/li><\/ol>\n\n\n\n<p>Avant le d\u00e9but de l&rsquo;assembl\u00e9e, \u00e9lisez le secr\u00e9taire de s\u00e9ance. C\u2019est lui qui sera charg\u00e9 de r\u00e9diger le proc\u00e8s-verbal de l\u2019assembl\u00e9e. Ce document est capital, il vous sera demand\u00e9 lorsque vous effectuerez la d\u00e9claration de votre association en pr\u00e9fecture. Ensuite, \u00e9lisez le pr\u00e9sident de s\u00e9ance. Ceci fait, l\u2019<strong>assembl\u00e9e g\u00e9n\u00e9rale constitutive de votre association<\/strong> peut d\u00e9buter.<\/p>\n\n\n\n<p>En d\u00e9but de s\u00e9ance, le pr\u00e9sident \u00e9num\u00e8re les points pr\u00e9sents \u00e0 l\u2019ordre du jour. Il peut \u00e9galement lister les actions entreprises pour l&rsquo;association, par ses membres fondateurs, avant l\u2019organisation de l\u2019assembl\u00e9e. <\/p>\n\n\n\n<p>Ensuite, vous pourrez d\u00e9battre des textes. Ceux-ci portent g\u00e9n\u00e9ralement sur : le vote des statuts de l\u2019association, l\u2019\u00e9lection des membres du bureau, la reprise des actes d\u00e9j\u00e0 engag\u00e9s par les membres fondateurs.<\/p>\n\n\n\n<h3 class=\"wp-block-heading\">Voter les statuts de votre association<\/h3>\n\n\n\n<p>Le vote des statuts est le point le plus important de l\u2019<strong>assembl\u00e9e g\u00e9n\u00e9rale constitutive d\u2019une association<\/strong>. C&rsquo;est ici que vous allez d\u00e9cider du fonctionnement g\u00e9n\u00e9ral de votre asso. <\/p>\n\n\n\n<div class=\"wp-block-buttons is-layout-flex wp-block-buttons-is-layout-flex\">\n<div class=\"wp-block-button\" style=\"font-size:18px\"><a class=\"wp-block-button__link has-vivid-cyan-blue-color has-white-background-color has-text-color has-background\" href=\"#elementor-action%3Aaction%3Dpopup%3Aopen%26settings%3DeyJpZCI6Ijk5NjkiLCJ0b2dnbGUiOmZhbHNlfQ%3D%3D\">&gt;&gt; T\u00e9l\u00e9chargez un exemple de statuts \u00e0 adapter pour votre association<\/a><\/div>\n<\/div>\n\n\n\n<p>A cette \u00e9tape, les sujets tels que pourront \u00eatre abord\u00e9s des sujets tels que&nbsp;: <\/p>\n\n\n\n<ul class=\"wp-block-list\"><li>les noms des administrateurs, <\/li><li>le mode d\u2019\u00e9lection, <\/li><li>la dur\u00e9e des mandats, <\/li><li>les modes de radiation des membres, <\/li><li>les conditions de dissolution, <\/li><li>les pouvoirs des administrateurs\u2026 <\/li><\/ul>\n\n\n\n<p>Pendant l\u2019assembl\u00e9e, proc\u00e9dez \u00e0 la lecture de chaque article. Si besoin, d\u00e9battez ensemble des points litigieux. Une fois les discussions termin\u00e9es, mettez le texte au vote.<\/p>\n\n\n\n<h4 class=\"wp-block-heading\">Peut-on voter contre les statuts d\u2019une association ?<\/h4>\n\n\n\n<p>La loi 1901 d\u00e9finit les <a href=\"https:\/\/www.infolocale.fr\/blog\/rediger-statuts-dune-association\/\">statuts d\u2019une association<\/a> comme un contrat de droit priv\u00e9, pass\u00e9 entre deux personnes ou plus. Par ailleurs, en signant les statuts, les fondateurs fixent le cadre l\u00e9gal de la structure en cr\u00e9ation. Ainsi, il est impossible d\u2019\u00eatre membre d\u2019une association sans en valider les statuts.<\/p>\n\n\n\n<p>Pendant l\u2019assembl\u00e9e g\u00e9n\u00e9rale constitutive, si un membre fondateur vote contre les statuts de votre association, il sera consid\u00e9r\u00e9 comme ne pouvant \u00eatre membre. <\/p>\n\n\n\n<p>Par la suite, le simple r\u00e8glement de la cotisation de votre association aura force de validation des statuts par vos nouveaux membres.<\/p>\n\n\n\n<h4 class=\"wp-block-heading\">L\u2019assembl\u00e9e g\u00e9n\u00e9rale constituante n\u2019est pas l\u2019acte de naissance de votre association<\/h4>\n\n\n\n<p>Proc\u00e9der \u00e0 l&rsquo;<strong>assembl\u00e9e g\u00e9n\u00e9rale constitutive<\/strong> n&rsquo;acte pas la naissance de la personne morale de votre association. Cette cr\u00e9ation prendra effet \u00e0 la publication dans le journal officiel.&nbsp;<\/p>\n\n\n\n<h4 class=\"wp-block-heading\">Les informations \u00e0 ne pas int\u00e9grer aux statuts de votre association<\/h4>\n\n\n\n<p>Au sujet des statuts, il est certaines informations que vous devriez \u00e9viter d\u2019y int\u00e9grer. Vos statuts forment un texte qui poss\u00e8de la valeur l\u00e9gale d\u2019un contrat. Ceux-ci doivent \u00eatre tenus \u00e0 jour de tous les changements qui interviendront dans les donn\u00e9es qu\u2019ils contiennent. Ces corrections de statuts peuvent \u00eatre une t\u00e2che chronophage que les membres du bureau, g\u00e9n\u00e9ralement b\u00e9n\u00e9voles, auront \u00e0 c\u0153ur de s&rsquo;\u00e9pargner.&nbsp;<\/p>\n\n\n\n<p>Ainsi, \u00e9vitez de faire figurer des informations susceptibles de r\u00e9guli\u00e8rement changer. Cela peut par exemple \u00eatre les noms et pr\u00e9noms des membres du bureau. Cela peut aussi \u00eatre le montant des cotisations et autres \u00e9l\u00e9ments li\u00e9s aux avantages procur\u00e9s par l\u2019adh\u00e9sion \u00e0 votre association.<\/p>\n\n\n\n<h3 class=\"wp-block-heading\">L\u2019Assembl\u00e9e g\u00e9n\u00e9rale constitutive d\u00e9signe les dirigeants de votre association<\/h3>\n\n\n\n<p>Trois corps diff\u00e9rents peuvent \u00eatre install\u00e9s \u00e0 cette \u00e9tape. Dans la plupart des cas, les associations en cours de cr\u00e9ation se limiteront \u00e0 l&rsquo;\u00e9lection des membres du bureau, mais, selon les cas, il est aussi possible de mettre en place le conseil d\u2019administration et quand le contexte l\u2019impose, les mandataires qui repr\u00e9senteront les responsable \u00e9lus dans les d\u00e9marches officielle \u00e0 venir.<\/p>\n\n\n\n<h4 class=\"wp-block-heading\">Le conseil d\u2019administration d\u2019une association<\/h4>\n\n\n\n<p>Seules les associations souhaitant \u00eatre reconnues d\u2019utilit\u00e9 publique ou obtenir un agr\u00e9ment sont oblig\u00e9es d\u2019\u00e9lire un <a href=\"https:\/\/www.infolocale.fr\/blog\/conseil-dadministration-association\/\">conseil d\u2019administration<\/a>. Dans les autres cas, il n\u2019y a pas d\u2019obligation \u00e0 le mettre en place. D\u2019ailleurs, le plus souvent, les associations optent pour une administration par les deux corps que constituent le bureau et l\u2019assembl\u00e9e g\u00e9n\u00e9rale.&nbsp;&nbsp;<\/p>\n\n\n\n<p>Les <a href=\"https:\/\/www.infolocale.fr\/blog\/difference-bureau-conseil-dadministration\/\">diff\u00e9rences entre le bureau et le conseil d&rsquo;administration<\/a> sont nombreuses. Pour r\u00e9sumer, on peut dire que le conseil d\u2019administration est souvent cr\u00e9\u00e9 dans les associations qui prennent de l\u2019ampleur et qui ressentent le besoin d\u2019\u00e9largir le cercle de leurs dirigeants. Il peut aussi \u00eatre adopt\u00e9 dans les association ayant des repr\u00e9sentations sur diff\u00e9rents territoires et rencontrant des difficult\u00e9s \u00e0 r\u00e9unir l&rsquo;assembl\u00e9e g\u00e9n\u00e9rale. Enfin, ce peut aussi \u00eatre pour simplifier la gestion d&rsquo;association ayant atteint une telle taille qu&rsquo;il devient difficile de r\u00e9unir le Quorum lors des assembl\u00e9e g\u00e9n\u00e9rale. Cette forme offre en effet un plus large panel de repr\u00e9sentants et de comp\u00e9tences. Ce sont les statuts qui fixent les r\u00e8gles d\u2019\u00e9lection du conseil d\u2019administration ainsi que la dur\u00e9e du mandat.\u00a0<\/p>\n\n\n\n<h4 class=\"wp-block-heading\">\u00c9lire le bureau de votre association<\/h4>\n\n\n\n<p>Dans la plupart des cas, l&rsquo;<strong>assembl\u00e9e g\u00e9n\u00e9rale constitutive<\/strong> proc\u00e8de \u00e0 l&rsquo;<a href=\"https:\/\/www.infolocale.fr\/blog\/elire-bureau-association\/\">\u00e9lection du bureau<\/a>. Celui-ci doit \u00eatre constitu\u00e9 d\u2019au moins deux personnes. Aussi, retenez que l\u2019un des deux repr\u00e9sentant devra endosser le r\u00f4le de pr\u00e9sident.&nbsp;<\/p>\n\n\n\n<p>Les autres postes et les responsabilit\u00e9s des membres du bureau de votre association sont \u00e0 la discr\u00e9tion de l\u2019assembl\u00e9e qui les met en place. Vous pouvez d\u00e9cider des postes ouverts dans votre bureau et en d\u00e9crire l&rsquo;\u00e9tendue des responsabilit\u00e9s. <\/p>\n\n\n\n<p>Votre bureau est \u00e0 consid\u00e9rer comme une \u00e9manation du conseil d\u2019administration. Le pr\u00e9sident ex\u00e9cute les d\u00e9cisions du conseil, suppl\u00e9\u00e9 par les autres membres du bureau.<\/p>\n\n\n\n<h4 class=\"wp-block-heading\">Nommer les mandataires<\/h4>\n\n\n\n<p>Dans le cas o\u00f9 les administrateurs fra\u00eechement \u00e9lus de votre association seraient dans l\u2019incapacit\u00e9 d\u2019effectuer les d\u00e9marches faisant suite \u00e0 l\u2019<strong>assembl\u00e9e g\u00e9n\u00e9rale constitutive de votre association<\/strong>, vous pouvez nommer des mandataires. Il pourront, par exemple, d\u00e9poser l\u2019association en pr\u00e9fecture.&nbsp;<\/p>\n\n\n\n<h3 class=\"wp-block-heading\">Reprendre les actes pass\u00e9s par les fondateurs<\/h3>\n\n\n\n<p>Il est possible que votre association, avant qu\u2019elle n\u2019ait acquis sa forme l\u00e9gale, ait d\u00e9j\u00e0 eu \u00e0 engager des d\u00e9marches. Elle pourrait par exemple avoir \u00e0 : signer un bail, un contrat ou m\u00eame effectuer des d\u00e9penses. Dans ces cas-l\u00e0, ce sont tr\u00e8s probablement les membres fondateurs qui ont eu \u00e0 porter la responsabilit\u00e9 des signatures de ces actes et \u00e0 avancer l\u2019argent \u00e0 l\u2019association. Lors de la cr\u00e9ation officielle de votre association, celle-ci va devoir reprendre ces actes \u00e0 son compte.&nbsp;<\/p>\n\n\n\n<p>A cette \u00e9tape de votre <strong>assembl\u00e9e g\u00e9n\u00e9rale constitutive<\/strong>, \u00e9num\u00e9rez et justifiez les d\u00e9penses effectu\u00e9es. Pr\u00e9cisez le montant ainsi que l\u2019identit\u00e9 des membres ayant support\u00e9 la d\u00e9penses. Reportez l\u2019ensemble sur un document s\u00e9par\u00e9 que vous ferez signer par les membres fondateurs. Ce document sera \u00e0 joindre en annexe des statuts de votre association.<\/p>\n\n\n\n<p>Ainsi, les d\u00e9penses engag\u00e9es seront-elles assum\u00e9es et valid\u00e9es par l\u2019association. Vous pouvez les int\u00e9grer dans la comptabilit\u00e9 de votre association. A la suite de quoi, votre tr\u00e9sorier pourra se charger d\u2019effectuer les remboursements des sommes avanc\u00e9es.<\/p>\n\n\n\n<h3 class=\"wp-block-heading\">R\u00e9diger le proc\u00e8s-verbal de l\u2019assembl\u00e9e g\u00e9n\u00e9rale constitutive d\u2019une association<\/h3>\n\n\n\n<p>Il s&rsquo;agit, l\u00e0 aussi, d&rsquo;un document important. Le <a href=\"https:\/\/www.infolocale.fr\/blog\/proces-verbal-assemblee-generale-association\/\">proc\u00e8s-verbal de l&rsquo;assembl\u00e9e g\u00e9n\u00e9rale constitutive<\/a> est un compte rendu de s\u00e9ance. Vous devrez le joindre au dossier envoy\u00e9 au greffe des associations. C\u2019est au secr\u00e9taire de s\u00e9ance de le r\u00e9diger. Si sa forme n&rsquo;est pas impos\u00e9e, il est toutefois certaines informations que vous devez veillez \u00e0 y int\u00e9grer.&nbsp;<\/p>\n\n\n\n<div class=\"wp-block-buttons is-layout-flex wp-block-buttons-is-layout-flex\">\n<div class=\"wp-block-button is-style-fill\"><a class=\"wp-block-button__link has-vivid-cyan-blue-color has-white-background-color has-text-color has-background\" href=\"#elementor-action%3Aaction%3Dpopup%3Aopen%26settings%3DeyJpZCI6Ijc4MzMiLCJ0b2dnbGUiOmZhbHNlfQ%3D%3D\"><strong>&gt;&gt; T\u00e9l\u00e9chargez notre mod\u00e8le de proc\u00e8s-verbal d&rsquo;assembl\u00e9e g\u00e9n\u00e9rale constitutive<\/strong><\/a><\/div>\n<\/div>\n\n\n\n<ol class=\"wp-block-list\"><li>Pour commencer, pensez \u00e0 utiliser un papier \u00e0 ent\u00eate, au nom de votre association.<\/li><li>Pr\u00e9ciser le type de document : \u201cProc\u00e8s verbal de l\u2019assembl\u00e9e g\u00e9n\u00e9rale constitutive\u201d<\/li><li>Prenez un paragraphe pour \u00e9num\u00e9rer les personnes pr\u00e9sentes lors de l\u2019assembl\u00e9e. Pr\u00e9ciser la date, l\u2019heure et le lieu o\u00f9 les participants \u00e0 la fondation de votre association se sont rassembl\u00e9s.<\/li><li>Prenez un nouveau paragraphe pour nommer les deux repr\u00e9sentants qui ont endoss\u00e9 les responsabilit\u00e9s de \u201cpr\u00e9sident de s\u00e9ance\u201d et de \u201csecr\u00e9taire de s\u00e9ance\u201d.&nbsp;<\/li><li>Vient alors la description de la s\u00e9ance elle-m\u00eame. Rappelez que le pr\u00e9sident de s\u00e9ance a \u00e9num\u00e9r\u00e9 l\u2019ordre du jour.<\/li><li>Si n\u00e9cessaire, vous pouvez d\u00e9crire un peu plus en d\u00e9tail les d\u00e9bats et le contenu des \u00e9changes<\/li><li>Rendez-compte des d\u00e9cisions des d\u00e9lib\u00e9rations sur les sujets tels que : le vote des statuts, le conseil d\u2019administration.<\/li><li>Le document doit \u00eatre sign\u00e9 par au moins un des dirigeants de l\u2019association. Portez \u00e9galement son nom et pr\u00e9nom sur le document. Souvent, le proc\u00e8s-verbal sera sign\u00e9 par le secr\u00e9taire et le pr\u00e9sident de s\u00e9ance.<\/li><\/ol>\n","protected":false},"excerpt":{"rendered":"<p>L&rsquo;assembl\u00e9e g\u00e9n\u00e9rale constitutive en quelques mots Une association est dans l\u2019obligation de r\u00e9diger ses statuts et de d\u00e9signer ses administrateurs. Aussi, l\u2019assembl\u00e9e g\u00e9n\u00e9rale constitutive, bien [&hellip;]<\/p>\n","protected":false},"author":2,"featured_media":11347,"comment_status":"open","ping_status":"open","sticky":false,"template":"","format":"standard","meta":{"_coblocks_attr":"","_coblocks_dimensions":"","_coblocks_responsive_height":"","_coblocks_accordion_ie_support":"","_mo_disable_npp":"","footnotes":""},"categories":[74],"tags":[77],"class_list":["post-5485","post","type-post","status-publish","format-standard","has-post-thumbnail","hentry","category-creer-et-administrer-une-association-1901","tag-infographies"],"yoast_head":"<!-- This site is optimized with the Yoast SEO plugin v23.2 - https:\/\/yoast.com\/wordpress\/plugins\/seo\/ -->\n<title>Assembl\u00e9e g\u00e9n\u00e9rale constitutive : comment l&#039;organiser ? |<\/title>\n<meta name=\"description\" content=\"Tout savoir pour organiser l&#039;assembl\u00e9e g\u00e9n\u00e9rale constitutive de votre association. Convocation, d\u00e9roulement, proc\u00e8s-verbal etc.\" \/>\n<meta name=\"robots\" content=\"index, follow, max-snippet:-1, max-image-preview:large, max-video-preview:-1\" \/>\n<link rel=\"canonical\" href=\"https:\/\/www.infolocale.fr\/blog\/assemblee-generale-constitutive-association\/\" \/>\n<meta property=\"og:locale\" content=\"fr_FR\" \/>\n<meta property=\"og:type\" content=\"article\" \/>\n<meta property=\"og:title\" content=\"Assembl\u00e9e g\u00e9n\u00e9rale constitutive : comment l&#039;organiser ? |\" \/>\n<meta property=\"og:description\" content=\"Tout savoir pour organiser l&#039;assembl\u00e9e g\u00e9n\u00e9rale constitutive de votre association. Convocation, d\u00e9roulement, proc\u00e8s-verbal etc.\" \/>\n<meta property=\"og:url\" content=\"https:\/\/www.infolocale.fr\/blog\/assemblee-generale-constitutive-association\/\" \/>\n<meta property=\"article:publisher\" content=\"https:\/\/www.facebook.com\/infolocaleFR\/\" \/>\n<meta property=\"article:published_time\" content=\"2021-01-27T10:46:02+00:00\" \/>\n<meta property=\"article:modified_time\" content=\"2023-05-17T13:25:48+00:00\" \/>\n<meta property=\"og:image\" content=\"https:\/\/www.infolocale.fr\/blog\/wp-content\/uploads\/2021\/01\/assemblee-generale-constitutive-association.jpg\" \/>\n\t<meta property=\"og:image:width\" content=\"900\" \/>\n\t<meta property=\"og:image:height\" content=\"630\" \/>\n\t<meta property=\"og:image:type\" content=\"image\/jpeg\" \/>\n<meta name=\"author\" content=\"Morgan\" \/>\n<meta name=\"twitter:card\" content=\"summary_large_image\" \/>\n<meta name=\"twitter:creator\" content=\"@infolocale\" \/>\n<meta name=\"twitter:site\" content=\"@infolocale\" \/>\n<meta name=\"twitter:label1\" content=\"\u00c9crit par\" \/>\n\t<meta name=\"twitter:data1\" content=\"Morgan\" \/>\n\t<meta name=\"twitter:label2\" content=\"Dur\u00e9e de lecture estim\u00e9e\" \/>\n\t<meta name=\"twitter:data2\" content=\"11 minutes\" \/>\n<script type=\"application\/ld+json\" class=\"yoast-schema-graph\">{\"@context\":\"https:\/\/schema.org\",\"@graph\":[{\"@type\":\"Article\",\"@id\":\"https:\/\/www.infolocale.fr\/blog\/assemblee-generale-constitutive-association\/#article\",\"isPartOf\":{\"@id\":\"https:\/\/www.infolocale.fr\/blog\/assemblee-generale-constitutive-association\/\"},\"author\":{\"name\":\"Morgan\",\"@id\":\"https:\/\/www.infolocale.fr\/blog\/#\/schema\/person\/f0f748ece99417833166b3ba8890f3db\"},\"headline\":\"Organiser l\u2019assembl\u00e9e g\u00e9n\u00e9rale constitutive de son association\",\"datePublished\":\"2021-01-27T10:46:02+00:00\",\"dateModified\":\"2023-05-17T13:25:48+00:00\",\"mainEntityOfPage\":{\"@id\":\"https:\/\/www.infolocale.fr\/blog\/assemblee-generale-constitutive-association\/\"},\"wordCount\":2330,\"commentCount\":4,\"publisher\":{\"@id\":\"https:\/\/www.infolocale.fr\/blog\/#organization\"},\"image\":{\"@id\":\"https:\/\/www.infolocale.fr\/blog\/assemblee-generale-constitutive-association\/#primaryimage\"},\"thumbnailUrl\":\"https:\/\/infolocale.20minutes.fr\/blog\/wp-content\/uploads\/2021\/01\/assemblee-generale-constitutive-association.jpg\",\"keywords\":[\"Infographies\"],\"articleSection\":[\"Cr\u00e9er et g\u00e9rer une association\"],\"inLanguage\":\"fr-FR\",\"potentialAction\":[{\"@type\":\"CommentAction\",\"name\":\"Comment\",\"target\":[\"https:\/\/www.infolocale.fr\/blog\/assemblee-generale-constitutive-association\/#respond\"]}]},{\"@type\":\"WebPage\",\"@id\":\"https:\/\/www.infolocale.fr\/blog\/assemblee-generale-constitutive-association\/\",\"url\":\"https:\/\/www.infolocale.fr\/blog\/assemblee-generale-constitutive-association\/\",\"name\":\"Assembl\u00e9e g\u00e9n\u00e9rale constitutive : comment l'organiser ? |\",\"isPartOf\":{\"@id\":\"https:\/\/www.infolocale.fr\/blog\/#website\"},\"primaryImageOfPage\":{\"@id\":\"https:\/\/www.infolocale.fr\/blog\/assemblee-generale-constitutive-association\/#primaryimage\"},\"image\":{\"@id\":\"https:\/\/www.infolocale.fr\/blog\/assemblee-generale-constitutive-association\/#primaryimage\"},\"thumbnailUrl\":\"https:\/\/infolocale.20minutes.fr\/blog\/wp-content\/uploads\/2021\/01\/assemblee-generale-constitutive-association.jpg\",\"datePublished\":\"2021-01-27T10:46:02+00:00\",\"dateModified\":\"2023-05-17T13:25:48+00:00\",\"description\":\"Tout savoir pour organiser l'assembl\u00e9e g\u00e9n\u00e9rale constitutive de votre association. Convocation, d\u00e9roulement, proc\u00e8s-verbal etc.\",\"breadcrumb\":{\"@id\":\"https:\/\/www.infolocale.fr\/blog\/assemblee-generale-constitutive-association\/#breadcrumb\"},\"inLanguage\":\"fr-FR\",\"potentialAction\":[{\"@type\":\"ReadAction\",\"target\":[\"https:\/\/www.infolocale.fr\/blog\/assemblee-generale-constitutive-association\/\"]}]},{\"@type\":\"ImageObject\",\"inLanguage\":\"fr-FR\",\"@id\":\"https:\/\/www.infolocale.fr\/blog\/assemblee-generale-constitutive-association\/#primaryimage\",\"url\":\"https:\/\/infolocale.20minutes.fr\/blog\/wp-content\/uploads\/2021\/01\/assemblee-generale-constitutive-association.jpg\",\"contentUrl\":\"https:\/\/infolocale.20minutes.fr\/blog\/wp-content\/uploads\/2021\/01\/assemblee-generale-constitutive-association.jpg\",\"width\":900,\"height\":630,\"caption\":\"Organiser une assembl\u00e9e g\u00e9n\u00e9rale constitutive pour son association ?\"},{\"@type\":\"BreadcrumbList\",\"@id\":\"https:\/\/www.infolocale.fr\/blog\/assemblee-generale-constitutive-association\/#breadcrumb\",\"itemListElement\":[{\"@type\":\"ListItem\",\"position\":1,\"name\":\"Blog\",\"item\":\"https:\/\/infolocale.ouest-france.fr\/blog\/\"},{\"@type\":\"ListItem\",\"position\":2,\"name\":\"Cr\u00e9er et g\u00e9rer une association\",\"item\":\"https:\/\/infolocale.ouest-france.fr\/blog\/cat\/creer-et-administrer-une-association-1901\/\"},{\"@type\":\"ListItem\",\"position\":3,\"name\":\"Assembl\u00e9e g\u00e9n\u00e9rale constitutive\"}]},{\"@type\":\"WebSite\",\"@id\":\"https:\/\/www.infolocale.fr\/blog\/#website\",\"url\":\"https:\/\/www.infolocale.fr\/blog\/\",\"name\":\"\",\"description\":\"\",\"publisher\":{\"@id\":\"https:\/\/www.infolocale.fr\/blog\/#organization\"},\"potentialAction\":[{\"@type\":\"SearchAction\",\"target\":{\"@type\":\"EntryPoint\",\"urlTemplate\":\"https:\/\/www.infolocale.fr\/blog\/?s={search_term_string}\"},\"query-input\":\"required name=search_term_string\"}],\"inLanguage\":\"fr-FR\"},{\"@type\":\"Organization\",\"@id\":\"https:\/\/www.infolocale.fr\/blog\/#organization\",\"name\":\"Infolocale\",\"url\":\"https:\/\/www.infolocale.fr\/blog\/\",\"logo\":{\"@type\":\"ImageObject\",\"inLanguage\":\"fr-FR\",\"@id\":\"https:\/\/www.infolocale.fr\/blog\/#\/schema\/logo\/image\/\",\"url\":\"https:\/\/www.infolocale.fr\/blog\/wp-content\/uploads\/2020\/11\/logol.jpg\",\"contentUrl\":\"https:\/\/www.infolocale.fr\/blog\/wp-content\/uploads\/2020\/11\/logol.jpg\",\"width\":1031,\"height\":398,\"caption\":\"Infolocale\"},\"image\":{\"@id\":\"https:\/\/www.infolocale.fr\/blog\/#\/schema\/logo\/image\/\"},\"sameAs\":[\"https:\/\/www.facebook.com\/infolocaleFR\/\",\"https:\/\/x.com\/infolocale\",\"https:\/\/www.instagram.com\/infolocale\/\",\"https:\/\/fr.linkedin.com\/company\/infolocale\",\"https:\/\/www.youtube.com\/channel\/UCnv4FA8EYEuu_si3TGr7xeA\"]},{\"@type\":\"Person\",\"@id\":\"https:\/\/www.infolocale.fr\/blog\/#\/schema\/person\/f0f748ece99417833166b3ba8890f3db\",\"name\":\"Morgan\",\"image\":{\"@type\":\"ImageObject\",\"inLanguage\":\"fr-FR\",\"@id\":\"https:\/\/www.infolocale.fr\/blog\/#\/schema\/person\/image\/\",\"url\":\"https:\/\/secure.gravatar.com\/avatar\/a22ec2a0cc817ae9fa3ff7341a213632?s=96&d=mm&r=g\",\"contentUrl\":\"https:\/\/secure.gravatar.com\/avatar\/a22ec2a0cc817ae9fa3ff7341a213632?s=96&d=mm&r=g\",\"caption\":\"Morgan\"},\"url\":\"https:\/\/infolocale.20minutes.fr\/blog\/author\/morgan-delepine\/\"}]}<\/script>\n<!-- \/ Yoast SEO plugin. -->","yoast_head_json":{"title":"Assembl\u00e9e g\u00e9n\u00e9rale constitutive : comment l'organiser ? |","description":"Tout savoir pour organiser l'assembl\u00e9e g\u00e9n\u00e9rale constitutive de votre association. Convocation, d\u00e9roulement, proc\u00e8s-verbal etc.","robots":{"index":"index","follow":"follow","max-snippet":"max-snippet:-1","max-image-preview":"max-image-preview:large","max-video-preview":"max-video-preview:-1"},"canonical":"https:\/\/www.infolocale.fr\/blog\/assemblee-generale-constitutive-association\/","og_locale":"fr_FR","og_type":"article","og_title":"Assembl\u00e9e g\u00e9n\u00e9rale constitutive : comment l'organiser ? |","og_description":"Tout savoir pour organiser l'assembl\u00e9e g\u00e9n\u00e9rale constitutive de votre association. Convocation, d\u00e9roulement, proc\u00e8s-verbal etc.","og_url":"https:\/\/www.infolocale.fr\/blog\/assemblee-generale-constitutive-association\/","article_publisher":"https:\/\/www.facebook.com\/infolocaleFR\/","article_published_time":"2021-01-27T10:46:02+00:00","article_modified_time":"2023-05-17T13:25:48+00:00","og_image":[{"width":900,"height":630,"url":"https:\/\/www.infolocale.fr\/blog\/wp-content\/uploads\/2021\/01\/assemblee-generale-constitutive-association.jpg","type":"image\/jpeg"}],"author":"Morgan","twitter_card":"summary_large_image","twitter_creator":"@infolocale","twitter_site":"@infolocale","twitter_misc":{"\u00c9crit par":"Morgan","Dur\u00e9e de lecture estim\u00e9e":"11 minutes"},"schema":{"@context":"https:\/\/schema.org","@graph":[{"@type":"Article","@id":"https:\/\/www.infolocale.fr\/blog\/assemblee-generale-constitutive-association\/#article","isPartOf":{"@id":"https:\/\/www.infolocale.fr\/blog\/assemblee-generale-constitutive-association\/"},"author":{"name":"Morgan","@id":"https:\/\/www.infolocale.fr\/blog\/#\/schema\/person\/f0f748ece99417833166b3ba8890f3db"},"headline":"Organiser l\u2019assembl\u00e9e g\u00e9n\u00e9rale constitutive de son association","datePublished":"2021-01-27T10:46:02+00:00","dateModified":"2023-05-17T13:25:48+00:00","mainEntityOfPage":{"@id":"https:\/\/www.infolocale.fr\/blog\/assemblee-generale-constitutive-association\/"},"wordCount":2330,"commentCount":4,"publisher":{"@id":"https:\/\/www.infolocale.fr\/blog\/#organization"},"image":{"@id":"https:\/\/www.infolocale.fr\/blog\/assemblee-generale-constitutive-association\/#primaryimage"},"thumbnailUrl":"https:\/\/infolocale.20minutes.fr\/blog\/wp-content\/uploads\/2021\/01\/assemblee-generale-constitutive-association.jpg","keywords":["Infographies"],"articleSection":["Cr\u00e9er et g\u00e9rer une association"],"inLanguage":"fr-FR","potentialAction":[{"@type":"CommentAction","name":"Comment","target":["https:\/\/www.infolocale.fr\/blog\/assemblee-generale-constitutive-association\/#respond"]}]},{"@type":"WebPage","@id":"https:\/\/www.infolocale.fr\/blog\/assemblee-generale-constitutive-association\/","url":"https:\/\/www.infolocale.fr\/blog\/assemblee-generale-constitutive-association\/","name":"Assembl\u00e9e g\u00e9n\u00e9rale constitutive : comment l'organiser ? |","isPartOf":{"@id":"https:\/\/www.infolocale.fr\/blog\/#website"},"primaryImageOfPage":{"@id":"https:\/\/www.infolocale.fr\/blog\/assemblee-generale-constitutive-association\/#primaryimage"},"image":{"@id":"https:\/\/www.infolocale.fr\/blog\/assemblee-generale-constitutive-association\/#primaryimage"},"thumbnailUrl":"https:\/\/infolocale.20minutes.fr\/blog\/wp-content\/uploads\/2021\/01\/assemblee-generale-constitutive-association.jpg","datePublished":"2021-01-27T10:46:02+00:00","dateModified":"2023-05-17T13:25:48+00:00","description":"Tout savoir pour organiser l'assembl\u00e9e g\u00e9n\u00e9rale constitutive de votre association. Convocation, d\u00e9roulement, proc\u00e8s-verbal etc.","breadcrumb":{"@id":"https:\/\/www.infolocale.fr\/blog\/assemblee-generale-constitutive-association\/#breadcrumb"},"inLanguage":"fr-FR","potentialAction":[{"@type":"ReadAction","target":["https:\/\/www.infolocale.fr\/blog\/assemblee-generale-constitutive-association\/"]}]},{"@type":"ImageObject","inLanguage":"fr-FR","@id":"https:\/\/www.infolocale.fr\/blog\/assemblee-generale-constitutive-association\/#primaryimage","url":"https:\/\/infolocale.20minutes.fr\/blog\/wp-content\/uploads\/2021\/01\/assemblee-generale-constitutive-association.jpg","contentUrl":"https:\/\/infolocale.20minutes.fr\/blog\/wp-content\/uploads\/2021\/01\/assemblee-generale-constitutive-association.jpg","width":900,"height":630,"caption":"Organiser une assembl\u00e9e g\u00e9n\u00e9rale constitutive pour son association ?"},{"@type":"BreadcrumbList","@id":"https:\/\/www.infolocale.fr\/blog\/assemblee-generale-constitutive-association\/#breadcrumb","itemListElement":[{"@type":"ListItem","position":1,"name":"Blog","item":"https:\/\/infolocale.ouest-france.fr\/blog\/"},{"@type":"ListItem","position":2,"name":"Cr\u00e9er et g\u00e9rer une association","item":"https:\/\/infolocale.ouest-france.fr\/blog\/cat\/creer-et-administrer-une-association-1901\/"},{"@type":"ListItem","position":3,"name":"Assembl\u00e9e g\u00e9n\u00e9rale constitutive"}]},{"@type":"WebSite","@id":"https:\/\/www.infolocale.fr\/blog\/#website","url":"https:\/\/www.infolocale.fr\/blog\/","name":"","description":"","publisher":{"@id":"https:\/\/www.infolocale.fr\/blog\/#organization"},"potentialAction":[{"@type":"SearchAction","target":{"@type":"EntryPoint","urlTemplate":"https:\/\/www.infolocale.fr\/blog\/?s={search_term_string}"},"query-input":"required name=search_term_string"}],"inLanguage":"fr-FR"},{"@type":"Organization","@id":"https:\/\/www.infolocale.fr\/blog\/#organization","name":"Infolocale","url":"https:\/\/www.infolocale.fr\/blog\/","logo":{"@type":"ImageObject","inLanguage":"fr-FR","@id":"https:\/\/www.infolocale.fr\/blog\/#\/schema\/logo\/image\/","url":"https:\/\/www.infolocale.fr\/blog\/wp-content\/uploads\/2020\/11\/logol.jpg","contentUrl":"https:\/\/www.infolocale.fr\/blog\/wp-content\/uploads\/2020\/11\/logol.jpg","width":1031,"height":398,"caption":"Infolocale"},"image":{"@id":"https:\/\/www.infolocale.fr\/blog\/#\/schema\/logo\/image\/"},"sameAs":["https:\/\/www.facebook.com\/infolocaleFR\/","https:\/\/x.com\/infolocale","https:\/\/www.instagram.com\/infolocale\/","https:\/\/fr.linkedin.com\/company\/infolocale","https:\/\/www.youtube.com\/channel\/UCnv4FA8EYEuu_si3TGr7xeA"]},{"@type":"Person","@id":"https:\/\/www.infolocale.fr\/blog\/#\/schema\/person\/f0f748ece99417833166b3ba8890f3db","name":"Morgan","image":{"@type":"ImageObject","inLanguage":"fr-FR","@id":"https:\/\/www.infolocale.fr\/blog\/#\/schema\/person\/image\/","url":"https:\/\/secure.gravatar.com\/avatar\/a22ec2a0cc817ae9fa3ff7341a213632?s=96&d=mm&r=g","contentUrl":"https:\/\/secure.gravatar.com\/avatar\/a22ec2a0cc817ae9fa3ff7341a213632?s=96&d=mm&r=g","caption":"Morgan"},"url":"https:\/\/infolocale.20minutes.fr\/blog\/author\/morgan-delepine\/"}]}},"_links":{"self":[{"href":"https:\/\/infolocale.20minutes.fr\/blog\/wp-json\/wp\/v2\/posts\/5485"}],"collection":[{"href":"https:\/\/infolocale.20minutes.fr\/blog\/wp-json\/wp\/v2\/posts"}],"about":[{"href":"https:\/\/infolocale.20minutes.fr\/blog\/wp-json\/wp\/v2\/types\/post"}],"author":[{"embeddable":true,"href":"https:\/\/infolocale.20minutes.fr\/blog\/wp-json\/wp\/v2\/users\/2"}],"replies":[{"embeddable":true,"href":"https:\/\/infolocale.20minutes.fr\/blog\/wp-json\/wp\/v2\/comments?post=5485"}],"version-history":[{"count":0,"href":"https:\/\/infolocale.20minutes.fr\/blog\/wp-json\/wp\/v2\/posts\/5485\/revisions"}],"wp:featuredmedia":[{"embeddable":true,"href":"https:\/\/infolocale.20minutes.fr\/blog\/wp-json\/wp\/v2\/media\/11347"}],"wp:attachment":[{"href":"https:\/\/infolocale.20minutes.fr\/blog\/wp-json\/wp\/v2\/media?parent=5485"}],"wp:term":[{"taxonomy":"category","embeddable":true,"href":"https:\/\/infolocale.20minutes.fr\/blog\/wp-json\/wp\/v2\/categories?post=5485"},{"taxonomy":"post_tag","embeddable":true,"href":"https:\/\/infolocale.20minutes.fr\/blog\/wp-json\/wp\/v2\/tags?post=5485"}],"curies":[{"name":"wp","href":"https:\/\/api.w.org\/{rel}","templated":true}]}}