{"id":4780,"date":"2020-12-09T11:20:57","date_gmt":"2020-12-09T10:20:57","guid":{"rendered":"https:\/\/www.infolocale.fr\/blog\/?p=4780"},"modified":"2022-06-30T15:33:44","modified_gmt":"2022-06-30T13:33:44","slug":"le-secours-populaire-tout-ce-qui-est-humain-est-notre","status":"publish","type":"post","link":"https:\/\/infolocale.20minutes.fr\/blog\/le-secours-populaire-tout-ce-qui-est-humain-est-notre\/","title":{"rendered":"Le Secours populaire \u00ab Tout ce qui est humain est n\u00f4tre \u00bb"},"content":{"rendered":"\n<p>Fond\u00e9 en 1945, Le Secours populaire porte la voix de La solidarit\u00e9 populaire. Lutter contre l\u2019injustice sociale, la mis\u00e8re et la faim sont ses fondamentaux. Le respect des b\u00e9n\u00e9voles pour les b\u00e9n\u00e9ficiaires est primordial.<\/p>\n\n\n\n<h2 class=\"wp-block-heading\"><strong>Un r\u00e9seau solidaire en France<\/strong><\/h2>\n\n\n\n<p>En France, le Secours populaire accueille 80&nbsp;000 b\u00e9n\u00e9voles de toutes opinions, ob\u00e9diences, g\u00e9n\u00e9rations. Implant\u00e9 sur tout le territoire fran\u00e7ais, gr\u00e2ce \u00e0 98 f\u00e9d\u00e9rations, 658 comit\u00e9s locaux, cette d\u00e9centralisation permet aux b\u00e9n\u00e9voles d\u2019\u00eatre au plus pr\u00e8s des populations, favorise leur r\u00e9activit\u00e9, permet d\u2019apporter les aides les plus appropri\u00e9es.&nbsp;<\/p>\n\n\n\n<p>Ce r\u00e9seau d\u2019aides intervient dans divers domaines&nbsp;: l\u2019alimentaire, l\u2019habillement, l\u2019alphab\u00e9tisation, l\u2019acc\u00e8s aux d\u00e9marches, la pr\u00e9vention sant\u00e9. Des campagnes annuelles sont men\u00e9es notamment le P\u00e8re No\u00ebl Vert en d\u00e9cembre.<\/p>\n\n\n\n<figure class=\"wp-block-image size-large\"><img fetchpriority=\"high\" decoding=\"async\" width=\"1024\" height=\"538\" src=\"https:\/\/www.infolocale.fr\/blog\/wp-content\/uploads\/2020\/12\/pere-noel-vert-1024x538.jpg\" alt=\"\" class=\"wp-image-4784\" srcset=\"https:\/\/infolocale.20minutes.fr\/blog\/wp-content\/uploads\/2020\/12\/pere-noel-vert-1024x538.jpg 1024w, https:\/\/infolocale.20minutes.fr\/blog\/wp-content\/uploads\/2020\/12\/pere-noel-vert-300x158.jpg 300w, https:\/\/infolocale.20minutes.fr\/blog\/wp-content\/uploads\/2020\/12\/pere-noel-vert-768x403.jpg 768w, https:\/\/infolocale.20minutes.fr\/blog\/wp-content\/uploads\/2020\/12\/pere-noel-vert-114x60.jpg 114w, https:\/\/infolocale.20minutes.fr\/blog\/wp-content\/uploads\/2020\/12\/pere-noel-vert.jpg 1200w\" sizes=\"(max-width: 1024px) 100vw, 1024px\" \/><figcaption>&nbsp;\u00a9C\u00e9line Scaringi \/ SPF<\/figcaption><\/figure>\n\n\n\n<h2 class=\"wp-block-heading\"><strong>Avant la pand\u00e9mie<\/strong><\/h2>\n\n\n\n<p>La France comptait 8,8 millions de personnes vivant en dessous du seuil de pauvret\u00e9 mon\u00e9taire&nbsp;(1 026 euros par mois) en 2016 d&rsquo;apr\u00e8s l&rsquo;Insee, soit 14% de la population. 21 % des fran\u00e7ais ont du mal \u00e0 se procurer une alimentation saine pour assurer trois repas par jour.<\/p>\n\n\n\n<h2 class=\"wp-block-heading\"><strong>L\u2019impact de la crise sanitaire sur les personnes en situation de pr\u00e9carit\u00e9<\/strong><\/h2>\n\n\n\n<p>Le barom\u00e8tre&nbsp; annuel de la pauvret\u00e9 r\u00e9alis\u00e9 fin septembre 2020 par IPSOS pour le Secours populaire permet de dresser un \u00e9tat des lieux de la pr\u00e9carit\u00e9 en France. La pand\u00e9mie de COVID-19 que connaissent la France et le monde pourrait, selon l\u2019ONU, faire basculer plus de 130 millions de personnes suppl\u00e9mentaires dans la faim chronique d&rsquo;ici \u00e0 la fin 2020.<\/p>\n\n\n\n<p>\u00ab Le Secours populaire a aid\u00e9 1 270 000 personnes pendant les deux premiers mois de confinement, 45% d\u2019entre elles n\u2019\u00e9taient pas connues de l\u2019association. Familles monoparentales, personnes \u00e2g\u00e9es, \u00e9tudiants, mais aussi int\u00e9rimaires, travailleurs ind\u00e9pendants, aides \u00e0 domiciles, artisans ont bascul\u00e9 dans la pr\u00e9carit\u00e9. La p\u00e9riode de confinement a mis en lumi\u00e8re une importante fracture num\u00e9rique qui a emp\u00each\u00e9 certains enfants de poursuivre une scolarit\u00e9 normale, renfor\u00e7ant ainsi les fortes in\u00e9galit\u00e9s. En parall\u00e8le, les \u00e9tudiants ont eux aussi \u00e9t\u00e9 fortement touch\u00e9s par cette crise.<\/p>\n\n\n\n<p>Partout en France le constat sur le terrain est le m\u00eame : une d\u00e9gradation des conditions de vie des personnes en situation de pr\u00e9carit\u00e9 et de nouvelles personnes frapp\u00e9es de plein fouet par la crise. Le Secours populaire multiplie les initiatives de solidarit\u00e9 pour leur apporter un soutien concret et chaleureux. Les 81 855 b\u00e9n\u00e9voles dans les 1 300 espaces de solidarit\u00e9 du SPF ont \u00e9t\u00e9 rejoint par 5 000&nbsp; nouveaux volontaires, parmi lesquels 25% de moins de 25 ans. Dans le m\u00eame temps, le Secours populaire a maintenu un lien permanent avec ses partenaires dans 80 pays dans le monde, parmi lesquels une trentaine d\u2019entre eux ont re\u00e7u un soutien financier pour venir aide aux victimes des cons\u00e9quences de la pand\u00e9mie. Il est toujours pr\u00e9sent aupr\u00e8s des sinistr\u00e9s des incendies dans les Bouches-du-Rh\u00f4ne, tout comme ceux victimes des explosions \u00e0 Beyrouth. \u00bb<\/p>\n\n\n\n<h2 class=\"wp-block-heading\"><strong>En Ille-et-Vilaine<\/strong><\/h2>\n\n\n\n<p>Le Secours populaire s\u2019est implant\u00e9 en 1972. Il s\u2019appuie sur 968 b\u00e9n\u00e9voles pour r\u00e9unir les moyens n\u00e9cessaires pour agir&nbsp;: collectes financi\u00e8res ou de produits alimentaires, braderie, etc.<\/p>\n\n\n\n<p>En 2018, 6&nbsp;700 donateurs ont subvenu \u00e0 l\u2019action de la F\u00e9d\u00e9ration 35 du Secours Populaire. Soit la somme de 698&nbsp;379 euros &nbsp;pour les produits r\u00e9alis\u00e9s. Plus la valorisation solidarit\u00e9 mat\u00e9rielle&nbsp;: 2&nbsp;099&nbsp;396 euros.<\/p>\n\n\n\n<p>Plusieurs sources approvisionnent&nbsp; le Secours populaire : le Fond europ\u00e9en d\u2019aide aux plus d\u00e9munis (FEAD) met \u00e0 disposition des denr\u00e9es de base et des produits transform\u00e9s. Les collectes alimentaires aupr\u00e8s des particuliers dans les magasins, des partenariats avec des industriels, la grande distribution via les \u00ab&nbsp;ramasses&nbsp;\u00bb et avec les producteurs. Cent cinquante partenaires ont r\u00e9pondu \u00e0 l\u2019appel&nbsp;: Carrefour, EDF, Conforama, La Ville de Rennes, les Allocations Familiales- la Caf 35, Axa, Ouest-France, etc.<\/p>\n\n\n\n<p>Lors du premier confinement au printemps 2020, l\u2019augmentation&nbsp; des demandeurs est estim\u00e9e \u00e0 plus de 20 %&nbsp; (45 % au niveau national).&nbsp; Les dons des particuliers, des entreprises et des territoires (Conseil d\u00e9partemental d\u2019Ille-et-Vilaine et Ville de Rennes) ont doubl\u00e9s.<\/p>\n\n\n\n<p>L\u2019action de proximit\u00e9 n\u2019exclue pas la mobilisation pour mondialiser la solidarit\u00e9. En Ille-et-Vilaine, plusieurs projets internationaux ont \u00e9t\u00e9 men\u00e9s en 2018&nbsp;: au B\u00e9nin, en Palestine, au Salvador, des aides ponctuelles en Gr\u00e8ce. Au Liban, comme \u00e9voqu\u00e9 pr\u00e9c\u00e9demment.<\/p>\n\n\n\n<h2 class=\"wp-block-heading\"><strong>A Rennes<\/strong><\/h2>\n\n\n\n<p>La F\u00e9d\u00e9ration d\u00e9partementale du Secours populaire est situ\u00e9e dans la Zone Sud-Est de Rennes. Quatre salari\u00e9s y travaillent avec &nbsp;400 b\u00e9n\u00e9voles y compris ceux des antennes de Saint-Aubin-du Cormier et \u00e0 Noyal-Chatillon \u2013sur-Seiche.<\/p>\n\n\n\n<p>Ainsi que les trois comit\u00e9s qui participent \u00e9galement \u00e0 d\u00e9velopper la solidarit\u00e9 au plus proche des personnes en difficult\u00e9s&nbsp;: une trentaine de b\u00e9n\u00e9voles par comit\u00e9 s\u2019engagent \u00e0 Foug\u00e8re, Redon et Saint-Malo.<\/p>\n\n\n\n<p>En 2018, <strong>15 060 personnes ont \u00e9t\u00e9 accueillies<\/strong> (6 332 foyers) par le Secours populaire en Ille-et-Vilaine. <strong>Dont 14&nbsp;462 b\u00e9n\u00e9ficiaires ont re\u00e7u une aide alimentaire. <\/strong>Elle est propos\u00e9e sous forme de libre-service. &nbsp;Une participation financi\u00e8re est demand\u00e9e, si&nbsp; leur situation le permet. Cette situation est d\u00e9termin\u00e9e lors de l\u2019accueil de l\u2019aid\u00e9 par un animateur-collecteur-b\u00e9n\u00e9vole du Secours populaire. Ces familles aid\u00e9es le deviennent en fonction de leur quotient familial, souvent elles disposent d\u2019un reste \u00e0 vivre de 5.50 \u20ac par jour. Quelle que soit la forme de l\u2019aide apport\u00e9e (alimentaire ou autre) une participation symbolique&nbsp; est demand\u00e9e. Elle alimentera les actions de solidarit\u00e9 de l\u2019association.<\/p>\n\n\n\n<h2 class=\"wp-block-heading\"><strong>Des b\u00e9n\u00e9voles investis<\/strong><\/h2>\n\n\n\n<p>968 b\u00e9n\u00e9voles br\u00e9tilliens s\u2019engagent dans une d\u00e9marche d\u2019\u00e9ducation populaire, pour mobiliser l\u2019aide des plus fragiles et d\u00e9velopper l\u2019esprit solidaire. Ainsi de nombreuses personnes aid\u00e9es deviennent b\u00e9n\u00e9voles au sein du Secours populaire.<\/p>\n\n\n\n<div class=\"wp-block-image\"><figure class=\"aligncenter size-large is-resized\"><img decoding=\"async\" src=\"https:\/\/www.infolocale.fr\/blog\/wp-content\/uploads\/2020\/12\/secours-pop-683x1024.jpg\" alt=\"\" class=\"wp-image-4791\" width=\"361\" height=\"542\" srcset=\"https:\/\/infolocale.20minutes.fr\/blog\/wp-content\/uploads\/2020\/12\/secours-pop-683x1024.jpg 683w, https:\/\/infolocale.20minutes.fr\/blog\/wp-content\/uploads\/2020\/12\/secours-pop-200x300.jpg 200w, https:\/\/infolocale.20minutes.fr\/blog\/wp-content\/uploads\/2020\/12\/secours-pop-768x1152.jpg 768w, https:\/\/infolocale.20minutes.fr\/blog\/wp-content\/uploads\/2020\/12\/secours-pop-40x60.jpg 40w, https:\/\/infolocale.20minutes.fr\/blog\/wp-content\/uploads\/2020\/12\/secours-pop.jpg 800w\" sizes=\"(max-width: 361px) 100vw, 361px\" \/><figcaption><strong>Mich\u00e8le et Monique, b\u00e9n\u00e9voles, responsables des jouets<\/strong><\/figcaption><\/figure><\/div>\n\n\n\n<p>En 1998, Mich\u00e8le, professeure de maths, sid\u00e9r\u00e9e devant les images retransmises de la guerre au Kosovo, r\u00e9pond \u00e0 une annonce parue dans Ouest-France qui recherchait des b\u00e9n\u00e9voles pour pr\u00e9parer des colis. Elle d\u00e9cide d\u2019agir et rejoins le Secours populaire. &nbsp;Sa fille, de 18 ans, l\u2019accompagne dans cette action. Ensemble avec les autres b\u00e9n\u00e9voles, elles participent \u00e0 la collecte. Des liens se tissent. Mich\u00e8le poursuit d\u00e8s lors son engagement et se rend disponible, \u00e0 l\u2019\u00e9poque, le mercredi apr\u00e8s-midi pour pr\u00eater main forte \u00e0 la distribution de l\u2019alimentaire, au tri des v\u00eatements, des livres, des jouets, \u00ab&nbsp;<strong>l\u00e0 o\u00f9 il y a des besoins<\/strong>&nbsp;\u00bb. Tr\u00e8s vite, elle se consacre \u00e0 l\u2019op\u00e9ration P\u00e8re No\u00ebl Vert, la distribution de jouets&nbsp; aux familles. Responsable de ce secteur, elle est aid\u00e9e par 25 autres b\u00e9n\u00e9voles, qui participent \u00e0 la pr\u00e9paration de l\u2019op\u00e9ration en consacrant une demi-journ\u00e9e par semaine. &nbsp;Depuis une dizaine d\u2019ann\u00e9es, elle y est chaque jour, except\u00e9 le jeudi.<\/p>\n\n\n\n<h2 class=\"wp-block-heading\"><strong>Les P\u00e8res No\u00ebl verts du Secours populaire<\/strong><\/h2>\n\n\n\n<p>Le P\u00e8re No\u00ebl vert du Secours populaire fran\u00e7ais vient en&nbsp; en aide au P\u00e8re No\u00ebl rouge. Les b\u00e9n\u00e9voles multiplient les activit\u00e9s solidaires pour collecter des dons financiers, des jouets neufs (en Ille-et-Vilaine, 80 % des jouets distribu\u00e9s sont neufs ) et des produits de f\u00eate pour les plus d\u00e9munis. Ils permettent \u00e0 tous de c\u00e9l\u00e9brer les f\u00eates de fin d\u2019ann\u00e9e dans la dignit\u00e9, \u00ab <strong>pour que No\u00ebl n\u2019oublie personne<\/strong> \u00bb. Gr\u00e2ce \u00e0 eux, le Secours populaire peut proposer aux enfants, aux familles en difficult\u00e9, aux migrants-r\u00e9fugi\u00e9s et aux personnes isol\u00e9es : cadeaux, jouets, livres, colis alimentaires festifs mais aussi spectacles, s\u00e9ances de cin\u00e9ma. Anne Roumanoff \u00e9tait la marraine de la campagne des P\u00e8res No\u00ebl verts 2019. \u00ab&nbsp;<strong>Bravo aux P\u00e8res No\u00ebl verts qui apportent dans leur hotte tant de bonheur \u00e0 ceux qui en sont priv\u00e9s ! Et merci \u00e0 celles et \u00e0 ceux qui ont la g\u00e9n\u00e9rosit\u00e9 de remplir cette hotte&nbsp;!<\/strong>&nbsp;\u00bb A Rennes, <strong>1&nbsp;039 enfants de moins de sept ans<\/strong> ont eu la joie de d\u00e9couvrir leurs cadeaux, et <strong>710<\/strong> <strong>autres<\/strong> ont re\u00e7u des bons d\u2019achats d\u2019une valeur de 15 \u20ac&nbsp;&nbsp; Pr\u00e9cision, la video a \u00e9t\u00e9 tourn\u00e9e en 2019. Les participants au P\u00e8re No\u00ebl vert ne portent pas de masque.<\/p>\n\n\n\n<p>Au niveau national,&nbsp; 433 490 personnes ont pu f\u00eater No\u00ebl en France gr\u00e2ce aux P\u00e8res No\u00ebl verts.<\/p>\n\n\n\n<p>56 actions de solidarit\u00e9 avec les P\u00e8res No\u00ebl verts ont \u00e9t\u00e9 organis\u00e9es dans 23 pays d\u2019Europe et du monde et 2 territoires d\u2019Outre-mer, au profit de 10 405 personnes.<\/p>\n\n\n\n<figure class=\"wp-block-embed is-type-video is-provider-dailymotion wp-block-embed-dailymotion\"><div class=\"wp-block-embed__wrapper\">\n<iframe title=\"Devenez un P\u00e8re No\u00ebl vert du Secours populaire\" frameborder=\"0\" width=\"1020\" height=\"577\" src=\"https:\/\/www.dailymotion.com\/embed\/video\/x7nwh7z\" allowfullscreen allow=\"autoplay\"><\/iframe>\n<\/div><\/figure>\n\n\n\n<h2 class=\"wp-block-heading\"><strong>Le P\u00e8re No\u00ebl vert dans l\u2019Ouest<\/strong><\/h2>\n\n\n\n<p>Les braderies, organis\u00e9es par le Secours populaire, ont \u00e9t\u00e9 ray\u00e9es du calendrier, pour respecter les barri\u00e8res sanitaires. D\u00e9but d\u00e9cembre 2020, manque 10&nbsp;000 \u20ac dans la cagnotte allou\u00e9e aux achats de jouets. Une vente de jouets est pr\u00e9vue le samedi 12 d\u00e9cembre, avec gestion des entr\u00e9es limit\u00e9es \u00e0 24 personnes, dans le local au 14 rue des Veyettes, \u00e0 Rennes.<\/p>\n\n\n\n<h2 class=\"wp-block-heading\"><strong>Comment aider les P\u00e8res No\u00ebl verts ?<\/strong><\/h2>\n\n\n\n<p>Le Secours populaire cherche des b\u00e9n\u00e9voles pr\u00eats \u00e0 enfiler le bonnet vert pour collecter : des enfants, des jeunes, des \u00e9tudiants, des travailleurs, des retrait\u00e9s, des sportifs, des artistes, etc. Il existe de nombreuses mani\u00e8res de s\u2019engager : en d\u00e9posant des tirelires chez les commer\u00e7ants ou en participant \u00e0 des actions de collectes sur les march\u00e9s, dans les \u00e9coles, coll\u00e8ges, lyc\u00e9es, stades, dans la rue ou au sein des entreprises ; en participant aux stands paquets-cadeaux \u00e0 la sortie des magasins ; en collectant des dons et des denr\u00e9es alimentaires.<\/p>\n\n\n\n<h2 class=\"wp-block-heading\"><strong>Des relations vraies&nbsp;<\/strong><\/h2>\n\n\n\n<p>Monique, b\u00e9n\u00e9vole depuis une dizaine d\u2019ann\u00e9es a cherch\u00e9 \u00e0 se rendre utile au moment de faire valoir ses droits \u00e0 la retraite. De confession plut\u00f4t catholique, elle insiste sur l\u2019identit\u00e9 la\u00efque du Secours populaire. Sa disponibilit\u00e9 de l\u2019\u00e9poque&nbsp;: un vendredi par semaine. &nbsp;Elle l\u2019a pr\u00e9cis\u00e9 lors d\u2019un entretien avec l\u2019un des salari\u00e9s de l\u2019association. Selon les besoins urgents, on lui propose l\u2019alphab\u00e9tisation, mais aussi le service \u00e0 l\u2019\u00e9picerie. L\u00e0, elle \u00ab&nbsp;d\u00e9couvre&nbsp;\u00bb les b\u00e9n\u00e9ficiaires. Les reconnaissants, les toujours contents, et les autres\u2026&nbsp; Avant tout, elle a re\u00e7u une formation \u00e0 la Maison des Associations de Rennes. L\u2019histoire des b\u00e9n\u00e9voles, notamment dans la th\u00e9matique \u00ab&nbsp;<em>Comment recevoir un public difficile&nbsp;?<\/em>&nbsp;\u00bb.<\/p>\n\n\n\n<p>Ensemble, nos b\u00e9n\u00e9voles, &nbsp;Mich\u00e8le et Monique qualifient leur engagement d\u2019enrichissant. Il leur a ouvert des horizons, elles y re\u00e7oivent beaucoup de chaleur humaine, notamment de la part des nouveaux b\u00e9n\u00e9ficiaires. Elles ont appris le \u00ab&nbsp;non jugement&nbsp;\u00bb, d\u00e9velopp\u00e9 le respect de l\u2019humain.&nbsp; Chacune y a trouv\u00e9 des amis, tant au niveau des b\u00e9n\u00e9voles que des b\u00e9n\u00e9ficiaires. Une seconde famille&nbsp;? Pas loin. Elles n\u2019en font qu\u2019une avec les leurs&nbsp;: leurs maris participent aux op\u00e9rations ponctuelles. Ils doivent aussi organiser leurs vies en fonction du calendrier de l\u2019association&nbsp;! Un engagement solidaire et total&nbsp;!<\/p>\n\n\n\n<figure class=\"wp-block-image size-large\"><img decoding=\"async\" width=\"1024\" height=\"538\" src=\"https:\/\/www.infolocale.fr\/blog\/wp-content\/uploads\/2020\/12\/secours-populaire-1024x538.jpg\" alt=\"\" class=\"wp-image-4782\" srcset=\"https:\/\/infolocale.20minutes.fr\/blog\/wp-content\/uploads\/2020\/12\/secours-populaire-1024x538.jpg 1024w, https:\/\/infolocale.20minutes.fr\/blog\/wp-content\/uploads\/2020\/12\/secours-populaire-300x158.jpg 300w, https:\/\/infolocale.20minutes.fr\/blog\/wp-content\/uploads\/2020\/12\/secours-populaire-768x403.jpg 768w, https:\/\/infolocale.20minutes.fr\/blog\/wp-content\/uploads\/2020\/12\/secours-populaire-114x60.jpg 114w, https:\/\/infolocale.20minutes.fr\/blog\/wp-content\/uploads\/2020\/12\/secours-populaire.jpg 1200w\" sizes=\"(max-width: 1024px) 100vw, 1024px\" \/><figcaption>Netannya est venue avec ses parents au Secours populaire, \u00e0 la distribution des jouets du 20 d\u00e9cembre 2019. Ensemble, ils nous offrent leurs sourires de No\u00ebl en partage. Pourtant, Julie et Arthur ont d\u00fb se mettre en disposition afin d\u2019accompagner leur fille, trisomique. Les disponibilit\u00e9s scolaires et p\u00e9riscolaires n\u2019ont pu la prendre en charge en septembre.  Comme d\u2019autres parents d\u2019enfants en situation d\u2019handicap, ils ont d\u00fb faire ce choix, et se retrouvent en dessous du seuil de pauvret\u00e9.<\/figcaption><\/figure>\n\n\n\n<p>Photo de couverture \u00a9C\u00e9line Scaringi \/ SPF<\/p>\n\n\n\n<figure class=\"wp-block-image size-large\"><a href=\"https:\/\/s.infolocale.fr\/?utm_source=blog&amp;utm_medium=banner&amp;utm_campaign=blog-contents\"><img loading=\"lazy\" decoding=\"async\" width=\"1024\" height=\"245\" src=\"https:\/\/www.infolocale.fr\/blog\/wp-content\/uploads\/2021\/02\/Association_blanc-1024x245.png\" alt=\"\" class=\"wp-image-5945\" srcset=\"https:\/\/infolocale.20minutes.fr\/blog\/wp-content\/uploads\/2021\/02\/Association_blanc-1024x245.png 1024w, https:\/\/infolocale.20minutes.fr\/blog\/wp-content\/uploads\/2021\/02\/Association_blanc-300x72.png 300w, https:\/\/infolocale.20minutes.fr\/blog\/wp-content\/uploads\/2021\/02\/Association_blanc-768x183.png 768w, https:\/\/infolocale.20minutes.fr\/blog\/wp-content\/uploads\/2021\/02\/Association_blanc-251x60.png 251w, https:\/\/infolocale.20minutes.fr\/blog\/wp-content\/uploads\/2021\/02\/Association_blanc.png 1168w\" sizes=\"(max-width: 1024px) 100vw, 1024px\" \/><\/a><\/figure>\n","protected":false},"excerpt":{"rendered":"<p>Fond\u00e9 en 1945, Le Secours populaire porte la voix de La solidarit\u00e9 populaire. Lutter contre l\u2019injustice sociale, la mis\u00e8re et la faim sont ses fondamentaux. [&hellip;]<\/p>\n","protected":false},"author":8,"featured_media":4783,"comment_status":"open","ping_status":"open","sticky":false,"template":"","format":"standard","meta":{"_coblocks_attr":"","_coblocks_dimensions":"","_coblocks_responsive_height":"","_coblocks_accordion_ie_support":"","_mo_disable_npp":"","footnotes":""},"categories":[6],"tags":[],"class_list":["post-4780","post","type-post","status-publish","format-standard","has-post-thumbnail","hentry","category-actu-acteurs-locaux"],"yoast_head":"<!-- This site is optimized with the Yoast SEO plugin v23.2 - https:\/\/yoast.com\/wordpress\/plugins\/seo\/ -->\n<title>Le Secours populaire \u00ab Tout ce qui est humain est n\u00f4tre \u00bb |<\/title>\n<meta name=\"robots\" content=\"index, follow, max-snippet:-1, max-image-preview:large, max-video-preview:-1\" \/>\n<link rel=\"canonical\" href=\"https:\/\/www.infolocale.fr\/blog\/le-secours-populaire-tout-ce-qui-est-humain-est-notre\/\" \/>\n<meta property=\"og:locale\" content=\"fr_FR\" \/>\n<meta property=\"og:type\" content=\"article\" \/>\n<meta property=\"og:title\" content=\"Le Secours populaire \u00ab Tout ce qui est humain est n\u00f4tre \u00bb\" \/>\n<meta property=\"og:description\" content=\"Fond\u00e9 en 1945, Le Secours populaire porte la voix de La solidarit\u00e9 populaire. Lutter contre l\u2019injustice sociale, la mis\u00e8re et la faim sont ses fondamentaux. [&hellip;]\" \/>\n<meta property=\"og:url\" content=\"https:\/\/www.infolocale.fr\/blog\/le-secours-populaire-tout-ce-qui-est-humain-est-notre\/\" \/>\n<meta property=\"article:publisher\" content=\"https:\/\/www.facebook.com\/infolocaleFR\/\" \/>\n<meta property=\"article:published_time\" content=\"2020-12-09T10:20:57+00:00\" \/>\n<meta property=\"article:modified_time\" content=\"2022-06-30T13:33:44+00:00\" \/>\n<meta property=\"og:image\" content=\"https:\/\/www.infolocale.fr\/blog\/wp-content\/uploads\/2020\/12\/pere-noel-secours-populaire.jpg\" \/>\n\t<meta property=\"og:image:width\" content=\"1200\" \/>\n\t<meta property=\"og:image:height\" content=\"630\" \/>\n\t<meta property=\"og:image:type\" content=\"image\/jpeg\" \/>\n<meta name=\"author\" content=\"Myl\u00e8ne\" \/>\n<meta name=\"twitter:card\" content=\"summary_large_image\" \/>\n<meta name=\"twitter:title\" content=\"Le Secours populaire \u00ab Tout ce qui est humain est n\u00f4tre \u00bb\" \/>\n<meta name=\"twitter:image\" content=\"https:\/\/infolocale.20minutes.fr\/blog\/wp-content\/uploads\/2020\/12\/pere-noel-secours-populaire.jpg\" \/>\n<meta name=\"twitter:creator\" content=\"@infolocale\" \/>\n<meta name=\"twitter:site\" content=\"@infolocale\" \/>\n<meta name=\"twitter:label1\" content=\"\u00c9crit par\" \/>\n\t<meta name=\"twitter:data1\" content=\"Myl\u00e8ne\" \/>\n\t<meta name=\"twitter:label2\" content=\"Dur\u00e9e de lecture estim\u00e9e\" \/>\n\t<meta name=\"twitter:data2\" content=\"10 minutes\" \/>\n<script type=\"application\/ld+json\" class=\"yoast-schema-graph\">{\"@context\":\"https:\/\/schema.org\",\"@graph\":[{\"@type\":\"Article\",\"@id\":\"https:\/\/www.infolocale.fr\/blog\/le-secours-populaire-tout-ce-qui-est-humain-est-notre\/#article\",\"isPartOf\":{\"@id\":\"https:\/\/www.infolocale.fr\/blog\/le-secours-populaire-tout-ce-qui-est-humain-est-notre\/\"},\"author\":{\"name\":\"Myl\u00e8ne\",\"@id\":\"https:\/\/www.infolocale.fr\/blog\/#\/schema\/person\/bf2dc50c6636ffa2ce3e44ef1f9eb97f\"},\"headline\":\"Le Secours populaire \u00ab Tout ce qui est humain est n\u00f4tre \u00bb\",\"datePublished\":\"2020-12-09T10:20:57+00:00\",\"dateModified\":\"2022-06-30T13:33:44+00:00\",\"mainEntityOfPage\":{\"@id\":\"https:\/\/www.infolocale.fr\/blog\/le-secours-populaire-tout-ce-qui-est-humain-est-notre\/\"},\"wordCount\":2022,\"commentCount\":0,\"publisher\":{\"@id\":\"https:\/\/www.infolocale.fr\/blog\/#organization\"},\"image\":{\"@id\":\"https:\/\/www.infolocale.fr\/blog\/le-secours-populaire-tout-ce-qui-est-humain-est-notre\/#primaryimage\"},\"thumbnailUrl\":\"https:\/\/infolocale.20minutes.fr\/blog\/wp-content\/uploads\/2020\/12\/pere-noel-secours-populaire.jpg\",\"articleSection\":[\"En ce moment\"],\"inLanguage\":\"fr-FR\",\"potentialAction\":[{\"@type\":\"CommentAction\",\"name\":\"Comment\",\"target\":[\"https:\/\/www.infolocale.fr\/blog\/le-secours-populaire-tout-ce-qui-est-humain-est-notre\/#respond\"]}]},{\"@type\":\"WebPage\",\"@id\":\"https:\/\/www.infolocale.fr\/blog\/le-secours-populaire-tout-ce-qui-est-humain-est-notre\/\",\"url\":\"https:\/\/www.infolocale.fr\/blog\/le-secours-populaire-tout-ce-qui-est-humain-est-notre\/\",\"name\":\"Le Secours populaire \u00ab Tout ce qui est humain est n\u00f4tre \u00bb |\",\"isPartOf\":{\"@id\":\"https:\/\/www.infolocale.fr\/blog\/#website\"},\"primaryImageOfPage\":{\"@id\":\"https:\/\/www.infolocale.fr\/blog\/le-secours-populaire-tout-ce-qui-est-humain-est-notre\/#primaryimage\"},\"image\":{\"@id\":\"https:\/\/www.infolocale.fr\/blog\/le-secours-populaire-tout-ce-qui-est-humain-est-notre\/#primaryimage\"},\"thumbnailUrl\":\"https:\/\/infolocale.20minutes.fr\/blog\/wp-content\/uploads\/2020\/12\/pere-noel-secours-populaire.jpg\",\"datePublished\":\"2020-12-09T10:20:57+00:00\",\"dateModified\":\"2022-06-30T13:33:44+00:00\",\"breadcrumb\":{\"@id\":\"https:\/\/www.infolocale.fr\/blog\/le-secours-populaire-tout-ce-qui-est-humain-est-notre\/#breadcrumb\"},\"inLanguage\":\"fr-FR\",\"potentialAction\":[{\"@type\":\"ReadAction\",\"target\":[\"https:\/\/www.infolocale.fr\/blog\/le-secours-populaire-tout-ce-qui-est-humain-est-notre\/\"]}]},{\"@type\":\"ImageObject\",\"inLanguage\":\"fr-FR\",\"@id\":\"https:\/\/www.infolocale.fr\/blog\/le-secours-populaire-tout-ce-qui-est-humain-est-notre\/#primaryimage\",\"url\":\"https:\/\/infolocale.20minutes.fr\/blog\/wp-content\/uploads\/2020\/12\/pere-noel-secours-populaire.jpg\",\"contentUrl\":\"https:\/\/infolocale.20minutes.fr\/blog\/wp-content\/uploads\/2020\/12\/pere-noel-secours-populaire.jpg\",\"width\":1200,\"height\":630,\"caption\":\"Fond\u00e9 en 1945, Le Secours populaire porte la voix de La solidarit\u00e9 populaire\"},{\"@type\":\"BreadcrumbList\",\"@id\":\"https:\/\/www.infolocale.fr\/blog\/le-secours-populaire-tout-ce-qui-est-humain-est-notre\/#breadcrumb\",\"itemListElement\":[{\"@type\":\"ListItem\",\"position\":1,\"name\":\"Blog\",\"item\":\"https:\/\/infolocale.ouest-france.fr\/blog\/\"},{\"@type\":\"ListItem\",\"position\":2,\"name\":\"En ce moment\",\"item\":\"https:\/\/infolocale.20minutes.fr\/blog\/cat\/actu-acteurs-locaux\/\"},{\"@type\":\"ListItem\",\"position\":3,\"name\":\"Le Secours populaire \u00ab Tout ce qui est humain est n\u00f4tre \u00bb\"}]},{\"@type\":\"WebSite\",\"@id\":\"https:\/\/www.infolocale.fr\/blog\/#website\",\"url\":\"https:\/\/www.infolocale.fr\/blog\/\",\"name\":\"\",\"description\":\"\",\"publisher\":{\"@id\":\"https:\/\/www.infolocale.fr\/blog\/#organization\"},\"potentialAction\":[{\"@type\":\"SearchAction\",\"target\":{\"@type\":\"EntryPoint\",\"urlTemplate\":\"https:\/\/www.infolocale.fr\/blog\/?s={search_term_string}\"},\"query-input\":\"required name=search_term_string\"}],\"inLanguage\":\"fr-FR\"},{\"@type\":\"Organization\",\"@id\":\"https:\/\/www.infolocale.fr\/blog\/#organization\",\"name\":\"Infolocale\",\"url\":\"https:\/\/www.infolocale.fr\/blog\/\",\"logo\":{\"@type\":\"ImageObject\",\"inLanguage\":\"fr-FR\",\"@id\":\"https:\/\/www.infolocale.fr\/blog\/#\/schema\/logo\/image\/\",\"url\":\"https:\/\/www.infolocale.fr\/blog\/wp-content\/uploads\/2020\/11\/logol.jpg\",\"contentUrl\":\"https:\/\/www.infolocale.fr\/blog\/wp-content\/uploads\/2020\/11\/logol.jpg\",\"width\":1031,\"height\":398,\"caption\":\"Infolocale\"},\"image\":{\"@id\":\"https:\/\/www.infolocale.fr\/blog\/#\/schema\/logo\/image\/\"},\"sameAs\":[\"https:\/\/www.facebook.com\/infolocaleFR\/\",\"https:\/\/x.com\/infolocale\",\"https:\/\/www.instagram.com\/infolocale\/\",\"https:\/\/fr.linkedin.com\/company\/infolocale\",\"https:\/\/www.youtube.com\/channel\/UCnv4FA8EYEuu_si3TGr7xeA\"]},{\"@type\":\"Person\",\"@id\":\"https:\/\/www.infolocale.fr\/blog\/#\/schema\/person\/bf2dc50c6636ffa2ce3e44ef1f9eb97f\",\"name\":\"Myl\u00e8ne\",\"image\":{\"@type\":\"ImageObject\",\"inLanguage\":\"fr-FR\",\"@id\":\"https:\/\/www.infolocale.fr\/blog\/#\/schema\/person\/image\/\",\"url\":\"https:\/\/secure.gravatar.com\/avatar\/49511f0ea4b41ed3062b218e30f07042?s=96&d=mm&r=g\",\"contentUrl\":\"https:\/\/secure.gravatar.com\/avatar\/49511f0ea4b41ed3062b218e30f07042?s=96&d=mm&r=g\",\"caption\":\"Myl\u00e8ne\"},\"url\":\"https:\/\/infolocale.20minutes.fr\/blog\/author\/mylene-michel\/\"}]}<\/script>\n<!-- \/ Yoast SEO plugin. -->","yoast_head_json":{"title":"Le Secours populaire \u00ab Tout ce qui est humain est n\u00f4tre \u00bb |","robots":{"index":"index","follow":"follow","max-snippet":"max-snippet:-1","max-image-preview":"max-image-preview:large","max-video-preview":"max-video-preview:-1"},"canonical":"https:\/\/www.infolocale.fr\/blog\/le-secours-populaire-tout-ce-qui-est-humain-est-notre\/","og_locale":"fr_FR","og_type":"article","og_title":"Le Secours populaire \u00ab Tout ce qui est humain est n\u00f4tre \u00bb","og_description":"Fond\u00e9 en 1945, Le Secours populaire porte la voix de La solidarit\u00e9 populaire. Lutter contre l\u2019injustice sociale, la mis\u00e8re et la faim sont ses fondamentaux. [&hellip;]","og_url":"https:\/\/www.infolocale.fr\/blog\/le-secours-populaire-tout-ce-qui-est-humain-est-notre\/","article_publisher":"https:\/\/www.facebook.com\/infolocaleFR\/","article_published_time":"2020-12-09T10:20:57+00:00","article_modified_time":"2022-06-30T13:33:44+00:00","og_image":[{"width":1200,"height":630,"url":"https:\/\/www.infolocale.fr\/blog\/wp-content\/uploads\/2020\/12\/pere-noel-secours-populaire.jpg","type":"image\/jpeg"}],"author":"Myl\u00e8ne","twitter_card":"summary_large_image","twitter_title":"Le Secours populaire \u00ab Tout ce qui est humain est n\u00f4tre \u00bb","twitter_image":"https:\/\/infolocale.20minutes.fr\/blog\/wp-content\/uploads\/2020\/12\/pere-noel-secours-populaire.jpg","twitter_creator":"@infolocale","twitter_site":"@infolocale","twitter_misc":{"\u00c9crit par":"Myl\u00e8ne","Dur\u00e9e de lecture estim\u00e9e":"10 minutes"},"schema":{"@context":"https:\/\/schema.org","@graph":[{"@type":"Article","@id":"https:\/\/www.infolocale.fr\/blog\/le-secours-populaire-tout-ce-qui-est-humain-est-notre\/#article","isPartOf":{"@id":"https:\/\/www.infolocale.fr\/blog\/le-secours-populaire-tout-ce-qui-est-humain-est-notre\/"},"author":{"name":"Myl\u00e8ne","@id":"https:\/\/www.infolocale.fr\/blog\/#\/schema\/person\/bf2dc50c6636ffa2ce3e44ef1f9eb97f"},"headline":"Le Secours populaire \u00ab Tout ce qui est humain est n\u00f4tre \u00bb","datePublished":"2020-12-09T10:20:57+00:00","dateModified":"2022-06-30T13:33:44+00:00","mainEntityOfPage":{"@id":"https:\/\/www.infolocale.fr\/blog\/le-secours-populaire-tout-ce-qui-est-humain-est-notre\/"},"wordCount":2022,"commentCount":0,"publisher":{"@id":"https:\/\/www.infolocale.fr\/blog\/#organization"},"image":{"@id":"https:\/\/www.infolocale.fr\/blog\/le-secours-populaire-tout-ce-qui-est-humain-est-notre\/#primaryimage"},"thumbnailUrl":"https:\/\/infolocale.20minutes.fr\/blog\/wp-content\/uploads\/2020\/12\/pere-noel-secours-populaire.jpg","articleSection":["En ce moment"],"inLanguage":"fr-FR","potentialAction":[{"@type":"CommentAction","name":"Comment","target":["https:\/\/www.infolocale.fr\/blog\/le-secours-populaire-tout-ce-qui-est-humain-est-notre\/#respond"]}]},{"@type":"WebPage","@id":"https:\/\/www.infolocale.fr\/blog\/le-secours-populaire-tout-ce-qui-est-humain-est-notre\/","url":"https:\/\/www.infolocale.fr\/blog\/le-secours-populaire-tout-ce-qui-est-humain-est-notre\/","name":"Le Secours populaire \u00ab Tout ce qui est humain est n\u00f4tre \u00bb |","isPartOf":{"@id":"https:\/\/www.infolocale.fr\/blog\/#website"},"primaryImageOfPage":{"@id":"https:\/\/www.infolocale.fr\/blog\/le-secours-populaire-tout-ce-qui-est-humain-est-notre\/#primaryimage"},"image":{"@id":"https:\/\/www.infolocale.fr\/blog\/le-secours-populaire-tout-ce-qui-est-humain-est-notre\/#primaryimage"},"thumbnailUrl":"https:\/\/infolocale.20minutes.fr\/blog\/wp-content\/uploads\/2020\/12\/pere-noel-secours-populaire.jpg","datePublished":"2020-12-09T10:20:57+00:00","dateModified":"2022-06-30T13:33:44+00:00","breadcrumb":{"@id":"https:\/\/www.infolocale.fr\/blog\/le-secours-populaire-tout-ce-qui-est-humain-est-notre\/#breadcrumb"},"inLanguage":"fr-FR","potentialAction":[{"@type":"ReadAction","target":["https:\/\/www.infolocale.fr\/blog\/le-secours-populaire-tout-ce-qui-est-humain-est-notre\/"]}]},{"@type":"ImageObject","inLanguage":"fr-FR","@id":"https:\/\/www.infolocale.fr\/blog\/le-secours-populaire-tout-ce-qui-est-humain-est-notre\/#primaryimage","url":"https:\/\/infolocale.20minutes.fr\/blog\/wp-content\/uploads\/2020\/12\/pere-noel-secours-populaire.jpg","contentUrl":"https:\/\/infolocale.20minutes.fr\/blog\/wp-content\/uploads\/2020\/12\/pere-noel-secours-populaire.jpg","width":1200,"height":630,"caption":"Fond\u00e9 en 1945, Le Secours populaire porte la voix de La solidarit\u00e9 populaire"},{"@type":"BreadcrumbList","@id":"https:\/\/www.infolocale.fr\/blog\/le-secours-populaire-tout-ce-qui-est-humain-est-notre\/#breadcrumb","itemListElement":[{"@type":"ListItem","position":1,"name":"Blog","item":"https:\/\/infolocale.ouest-france.fr\/blog\/"},{"@type":"ListItem","position":2,"name":"En ce moment","item":"https:\/\/infolocale.20minutes.fr\/blog\/cat\/actu-acteurs-locaux\/"},{"@type":"ListItem","position":3,"name":"Le Secours populaire \u00ab Tout ce qui est humain est n\u00f4tre \u00bb"}]},{"@type":"WebSite","@id":"https:\/\/www.infolocale.fr\/blog\/#website","url":"https:\/\/www.infolocale.fr\/blog\/","name":"","description":"","publisher":{"@id":"https:\/\/www.infolocale.fr\/blog\/#organization"},"potentialAction":[{"@type":"SearchAction","target":{"@type":"EntryPoint","urlTemplate":"https:\/\/www.infolocale.fr\/blog\/?s={search_term_string}"},"query-input":"required name=search_term_string"}],"inLanguage":"fr-FR"},{"@type":"Organization","@id":"https:\/\/www.infolocale.fr\/blog\/#organization","name":"Infolocale","url":"https:\/\/www.infolocale.fr\/blog\/","logo":{"@type":"ImageObject","inLanguage":"fr-FR","@id":"https:\/\/www.infolocale.fr\/blog\/#\/schema\/logo\/image\/","url":"https:\/\/www.infolocale.fr\/blog\/wp-content\/uploads\/2020\/11\/logol.jpg","contentUrl":"https:\/\/www.infolocale.fr\/blog\/wp-content\/uploads\/2020\/11\/logol.jpg","width":1031,"height":398,"caption":"Infolocale"},"image":{"@id":"https:\/\/www.infolocale.fr\/blog\/#\/schema\/logo\/image\/"},"sameAs":["https:\/\/www.facebook.com\/infolocaleFR\/","https:\/\/x.com\/infolocale","https:\/\/www.instagram.com\/infolocale\/","https:\/\/fr.linkedin.com\/company\/infolocale","https:\/\/www.youtube.com\/channel\/UCnv4FA8EYEuu_si3TGr7xeA"]},{"@type":"Person","@id":"https:\/\/www.infolocale.fr\/blog\/#\/schema\/person\/bf2dc50c6636ffa2ce3e44ef1f9eb97f","name":"Myl\u00e8ne","image":{"@type":"ImageObject","inLanguage":"fr-FR","@id":"https:\/\/www.infolocale.fr\/blog\/#\/schema\/person\/image\/","url":"https:\/\/secure.gravatar.com\/avatar\/49511f0ea4b41ed3062b218e30f07042?s=96&d=mm&r=g","contentUrl":"https:\/\/secure.gravatar.com\/avatar\/49511f0ea4b41ed3062b218e30f07042?s=96&d=mm&r=g","caption":"Myl\u00e8ne"},"url":"https:\/\/infolocale.20minutes.fr\/blog\/author\/mylene-michel\/"}]}},"_links":{"self":[{"href":"https:\/\/infolocale.20minutes.fr\/blog\/wp-json\/wp\/v2\/posts\/4780"}],"collection":[{"href":"https:\/\/infolocale.20minutes.fr\/blog\/wp-json\/wp\/v2\/posts"}],"about":[{"href":"https:\/\/infolocale.20minutes.fr\/blog\/wp-json\/wp\/v2\/types\/post"}],"author":[{"embeddable":true,"href":"https:\/\/infolocale.20minutes.fr\/blog\/wp-json\/wp\/v2\/users\/8"}],"replies":[{"embeddable":true,"href":"https:\/\/infolocale.20minutes.fr\/blog\/wp-json\/wp\/v2\/comments?post=4780"}],"version-history":[{"count":0,"href":"https:\/\/infolocale.20minutes.fr\/blog\/wp-json\/wp\/v2\/posts\/4780\/revisions"}],"wp:featuredmedia":[{"embeddable":true,"href":"https:\/\/infolocale.20minutes.fr\/blog\/wp-json\/wp\/v2\/media\/4783"}],"wp:attachment":[{"href":"https:\/\/infolocale.20minutes.fr\/blog\/wp-json\/wp\/v2\/media?parent=4780"}],"wp:term":[{"taxonomy":"category","embeddable":true,"href":"https:\/\/infolocale.20minutes.fr\/blog\/wp-json\/wp\/v2\/categories?post=4780"},{"taxonomy":"post_tag","embeddable":true,"href":"https:\/\/infolocale.20minutes.fr\/blog\/wp-json\/wp\/v2\/tags?post=4780"}],"curies":[{"name":"wp","href":"https:\/\/api.w.org\/{rel}","templated":true}]}}