{"id":4707,"date":"2020-12-04T16:19:06","date_gmt":"2020-12-04T15:19:06","guid":{"rendered":"https:\/\/www.infolocale.fr\/blog\/?p=4707"},"modified":"2021-03-26T17:46:37","modified_gmt":"2021-03-26T16:46:37","slug":"les-dons-samenuisent-le-monde-associatif-sessouffle","status":"publish","type":"post","link":"https:\/\/infolocale.20minutes.fr\/blog\/les-dons-samenuisent-le-monde-associatif-sessouffle\/","title":{"rendered":"Les dons s\u2019amenuisent, le monde associatif s\u2019essouffle !"},"content":{"rendered":"\n<p><strong><em>\u00ab Donner fait du bien aux autres comme \u00e0 soi-m\u00eame \u00bb <\/em><\/strong>Tel \u00e9tait le slogan de France G\u00e9n\u00e9rosit\u00e9s en 2015, un syndicat professionnel regroupant pr\u00e8s de 90 associations et fondations.<\/p>\n\n\n\n<p>Les valeurs de citoyennet\u00e9, de don de soi et d\u2019engagement au service des autres, et notamment des plus fragiles, demeurent fortes chez les b\u00e9n\u00e9voles. Ils sont &nbsp;1,5 million sur tout le territoire national, soit environ une association pour chaque cinquantaine de Fran\u00e7ais. Pour se d\u00e9velopper, les associations peuvent faire appel \u00e0 la g\u00e9n\u00e9rosit\u00e9 publique. Selon le type d\u2019association et son objet, sa capacit\u00e9 \u00e0 recevoir des dons, donations, legs et assurances-vie, pourront \u00eatre diff\u00e9rentes.&nbsp;Il en va de m\u00eame pour les avantages pour les donateurs.<\/p>\n\n\n\n<h2 class=\"wp-block-heading\"><strong>Dons aux organismes d&rsquo;int\u00e9r\u00eat g\u00e9n\u00e9ral<\/strong><\/h2>\n\n\n\n<p>Depuis 1901, les associations sont reconnues \u00e0 but non lucratif. La loi du 1er juillet 1901 a consacr\u00e9 le principe de libert\u00e9 d&rsquo;association ! Une r\u00e9ponse l\u00e9gale aux souhaits de mise en commun de connaissances ou d\u2019activit\u00e9 sans d\u00e9sir de r\u00e9aliser des profits.<\/p>\n\n\n\n<p>Les \u0153uvres ou organismes d&rsquo;int\u00e9r\u00eat g\u00e9n\u00e9ral pr\u00e9sentent un caract\u00e8re philanthropique, \u00e9ducatif, scientifique, social, humanitaire, sportif, familial, culturel ou concourant \u00e0 la valorisation du patrimoine ou \u00e0 la d\u00e9fense de l&rsquo;environnement. Ces associations ou fondations sont reconnues d\u2019utilit\u00e9 publique.<\/p>\n\n\n\n<figure class=\"wp-block-image size-large\"><a href=\"https:\/\/s.infolocale.fr\/?utm_source=blog&amp;utm_medium=banner&amp;utm_campaign=blog-contents\"><img fetchpriority=\"high\" decoding=\"async\" width=\"908\" height=\"196\" src=\"https:\/\/www.infolocale.fr\/blog\/wp-content\/uploads\/2021\/02\/Banniere_evenement.png\" alt=\"\" class=\"wp-image-5949\" srcset=\"https:\/\/infolocale.20minutes.fr\/blog\/wp-content\/uploads\/2021\/02\/Banniere_evenement.png 908w, https:\/\/infolocale.20minutes.fr\/blog\/wp-content\/uploads\/2021\/02\/Banniere_evenement-300x65.png 300w, https:\/\/infolocale.20minutes.fr\/blog\/wp-content\/uploads\/2021\/02\/Banniere_evenement-768x166.png 768w, https:\/\/infolocale.20minutes.fr\/blog\/wp-content\/uploads\/2021\/02\/Banniere_evenement-278x60.png 278w\" sizes=\"(max-width: 908px) 100vw, 908px\" \/><\/a><\/figure>\n\n\n\n<h2 class=\"wp-block-heading\"><strong>Contrepartie fiscale<\/strong><\/h2>\n\n\n\n<p>Le donateur&nbsp; aux associations culturelles ou de bienfaisance qui assurent la fourniture gratuite de repas ou de soins m\u00e9dicaux ou&nbsp; favorisent le logement de personnes en difficult\u00e9, en France et \u00e0 l\u2019\u00e9tranger (Restaurants du c\u0153ur, la Croix-Rouge, le Secours catholique, le Secours populaire, etc.) b\u00e9n\u00e9ficie &nbsp;d&rsquo;une r\u00e9duction d&rsquo;imp\u00f4t \u00e9gale \u00e0 66% du total des versements dans la limite de 20% du revenu imposable de votre foyer. Un don effectu\u00e9 dans un Etat europ\u00e9en b\u00e9n\u00e9ficiera d\u2019une <a href=\"https:\/\/www.associations.gouv.fr\/dons-donations-legs-et-adhesions.html\" target=\"_blank\" rel=\"noreferrer noopener\">r\u00e9duction d\u2019imp\u00f4t<\/a> dans les m\u00eames conditions.<\/p>\n\n\n\n<p>Une d\u00e9duction &nbsp;d\u2019imp\u00f4t &nbsp;de 75% du don est \u00e9galement possible sur l\u2019IFI -Imp\u00f4t sur la Fortune Immobili\u00e8re- dans la limite de 50 000 euros, soit un don maximal de 66 667 euros. &nbsp;<\/p>\n\n\n\n<p><strong>Apr\u00e8s d\u00e9duction d\u2019imp\u00f4t de 66 %, votre don de 10 \u20ac ne vous co\u00fbtera que 3,40 \u20ac<\/strong><\/p>\n\n\n\n<h2 class=\"wp-block-heading\"><strong>Mobilisation num\u00e9rique pour inciter aux dons<\/strong><\/h2>\n\n\n\n<p>Depuis avril 2017, la loi permet aux associations de solliciter des dons par SMS. Simple et imm\u00e9diat, il diversifie les ressources pour les associations et leur permet d\u2019\u00e9largir et de rajeunir la communaut\u00e9 des donateurs.<\/p>\n\n\n\n<p>\u00ab&nbsp;<strong>Un bouton pour un don en ligne<\/strong>&nbsp;\u00bb, la soci\u00e9t\u00e9 HelloAsso accompagne les associations qui l\u2019ont mandat\u00e9e pour la collecte de dons par e-mail, chat ou t\u00e9l\u00e9phone. Elle apporte aussi une meilleure connaissance du profil des donateurs en stockant et structurant leurs donn\u00e9es.<\/p>\n\n\n\n<p>Benevity &#8211; La plateforme de lev\u00e9e de fonds- &nbsp;permet aux associations de recevoir des dons de la part d\u2019entreprises et\/ou de leurs salari\u00e9s.<\/p>\n\n\n\n<h2 class=\"wp-block-heading\"><strong>La &nbsp;baisse des dons de moins 4.2 % &nbsp;menace de nombreuses associations&nbsp;<\/strong><\/h2>\n\n\n\n<p>En France, pour l\u2019ann\u00e9e 2017,&nbsp; 5,2 millions de foyers ont d\u00e9clar\u00e9 \u00e0 l\u2019administration fiscale plus de 2,5 milliards d\u2019euros de dons au profit d\u2019associations d\u2019int\u00e9r\u00eat g\u00e9n\u00e9ral ou reconnue d\u2019utilit\u00e9 publique. En 2018, les sommes donn\u00e9es par les particuliers \u2013 4,5 milliards d\u2019euros selon les chiffres de France g\u00e9n\u00e9rosit\u00e9s \u2013 ont ainsi baiss\u00e9 de 4,2 %.<\/p>\n\n\n\n<p><strong>\u00ab On s\u2019attendait \u00e0 ce que 2018 soit difficile pour les dons. En r\u00e9alit\u00e9, cela a \u00e9t\u00e9 pire que ce que nous pensions. <em>La premi\u00e8re alerte est venue d\u2019un tassement des dons enregistr\u00e9s &nbsp;apr\u00e8s la hausse de la CSG<\/em>. Les retrait\u00e9s, qui sont souvent de g\u00e9n\u00e9reux donateurs, se sont inqui\u00e9t\u00e9s pour leur pouvoir d\u2019achat. Certains ont alors frein\u00e9 leurs dons \u00bb <\/strong>soupire Marie-Carmen Carles, directrice g\u00e9n\u00e9rosit\u00e9 au Secours catholique, r\u00e9sumant le sentiment g\u00e9n\u00e9ral. <em>Article de Matthieu Cassenet, 26\/04\/2018, La Croix<\/em>.<\/p>\n\n\n\n<p>La seconde mauvaise nouvelle est arriv\u00e9e au printemps 2018, contrecoup de la disparition de l\u2019ISF remplac\u00e9 par une version beaucoup plus all\u00e9g\u00e9e, l\u2019Imp\u00f4t sur la fortune immobili\u00e8re (IFI). Le m\u00e9canisme permettant de r\u00e9duire cet imp\u00f4t \u00e0 travers le don a \u00e9t\u00e9 nettement moins utilis\u00e9. <strong>\u00ab Il y a moins de gens qui le payent et pour des montants moindres. M\u00e9caniquement, cela a conduit \u00e0 une baisse des dons. Globalement, c\u2019est une perte de 150 millions d\u2019euros \u00bb,<\/strong> affirme Pierre Siquier, pr\u00e9sident de France g\u00e9n\u00e9rosit\u00e9s.<\/p>\n\n\n\n<h2 class=\"wp-block-heading\"><strong>\u00ab Petits changements, \u00e9normes cons\u00e9quences \u00bb<\/strong><\/h2>\n\n\n\n<p>Ces changements cumul\u00e9s ont touch\u00e9 les plus gros comme les plus petits donateurs. \u00ab <strong>Nous avons un syst\u00e8me fiscal tr\u00e8s favorable au don. Mais le revers de cet avantage c\u2019est que cela nous rend tr\u00e8s sensible \u00e0 toute \u00e9volution de la fiscalit\u00e9. Un petit changement peut engendrer d\u2019\u00e9normes cons\u00e9quences <\/strong>\u00bb, note ainsi Marie-Charlotte Brun, directrice du d\u00e9veloppement des ressources \u00e0 la Fondation pour la Recherche M\u00e9dicale (FRM).<\/p>\n\n\n\n<h2 class=\"wp-block-heading\"><strong>D\u00e9cembre, le mois g\u00e9n\u00e9reux<\/strong><\/h2>\n\n\n\n<p>\u00c0 l\u2019approche des f\u00eates de fin d\u2019ann\u00e9e, p\u00e9riode propice aux dons et \u00e0 la mobilisation, il est bon de se rappeler que le num\u00e9rique est devenu un vecteur incontournable pour faire appel \u00e0 la g\u00e9n\u00e9rosit\u00e9 du public ou des entreprises. Plateformes de financement participatif, outils de gestion de paiements en ligne, cagnottes en ligne, dons par SMS, portails de dons d\u00e9di\u00e9s aux entreprises\u2026 L\u2019\u00e9ventail de solutions qui permettent de faciliter le geste de g\u00e9n\u00e9rosit\u00e9 est d\u00e9sormais tr\u00e8s large. Il n\u2019est donc pas toujours facile d\u2019identifier les bons leviers et de mettre en place une collecte efficace pour sa propre association.<\/p>\n\n\n\n<p>France g\u00e9n\u00e9rosit\u00e9s lance en novembre 2019,&nbsp; une nouvelle plateforme d\u2019information sur le don. Afin d\u2019insuffler un \u00e9lan de g\u00e9n\u00e9rosit\u00e9 parmi les Fran\u00e7ais(es), alors que les f\u00eates de fin d\u2019ann\u00e9e approchent. \u00ab <strong>Infodon.fr permet de trouver la fa\u00e7on de donner qui correspond \u00e0 ses envies et \u00e0 ses possibilit\u00e9s<\/strong> \u00bb, r\u00e9sume France g\u00e9n\u00e9rosit\u00e9s.<\/p>\n\n\n\n<p><strong>\u00ab&nbsp;Le seul mois de d\u00e9cembre p\u00e8se souvent \u00e0 lui seul entre 30 et 50 % des dons, selon les associations, c\u2019est l\u00e0 que se joue le r\u00e9sultat de l\u2019ann\u00e9e \u00bb<\/strong>, insiste St\u00e9phane Dauge, directeur des ressources aux Apprentis d\u2019Auteuil.<\/p>\n\n\n\n<h2 class=\"wp-block-heading\"><strong>Le don plut\u00f4t au coup de c\u0153ur<\/strong><\/h2>\n\n\n\n<p>Le Web prolif\u00e8re d\u2019initiatives caritatives qui chamboulent les rep\u00e8res d\u2019un monde associatif traditionnel qui peine \u00e0 mobiliser la jeune g\u00e9n\u00e9ration. Si les jeunes peuvent se montrer g\u00e9n\u00e9reux, ils ne donnent plus de la m\u00eame mani\u00e8re. Autrefois on trouvait naturel de faire un ch\u00e8que tous les ans \u00e0 la m\u00eame association, aujourd\u2019hui les nouveaux venus fonctionnent au coup de c\u0153ur. Selon le sondage publi\u00e9 en septembre 2019 par l\u2019institut d\u2019\u00e9tudes Odoxa, les donateurs privil\u00e9gient&nbsp; d\u00e9sormais les contributions directes et cibl\u00e9es. Comme ces associations C\u0153urs R\u00e9sistants, Bulles solidaires, Gamelles pleines et Entourage qui ont lanc\u00e9 une cagnotte en d\u00e9cembre 2019 pour&nbsp; inviter&nbsp; les Rennais \u00e0 faire des dons pour les f\u00eates de No\u00ebl en faveur des sans abri. <\/p>\n\n\n\n<figure class=\"wp-block-image size-large\"><img decoding=\"async\" width=\"1024\" height=\"683\" src=\"https:\/\/www.infolocale.fr\/blog\/wp-content\/uploads\/2020\/12\/iStock-1124599074-1024x683.jpg\" alt=\"\" class=\"wp-image-4717\" srcset=\"https:\/\/infolocale.20minutes.fr\/blog\/wp-content\/uploads\/2020\/12\/iStock-1124599074-1024x683.jpg 1024w, https:\/\/infolocale.20minutes.fr\/blog\/wp-content\/uploads\/2020\/12\/iStock-1124599074-300x200.jpg 300w, https:\/\/infolocale.20minutes.fr\/blog\/wp-content\/uploads\/2020\/12\/iStock-1124599074-768x512.jpg 768w, https:\/\/infolocale.20minutes.fr\/blog\/wp-content\/uploads\/2020\/12\/iStock-1124599074-1536x1024.jpg 1536w, https:\/\/infolocale.20minutes.fr\/blog\/wp-content\/uploads\/2020\/12\/iStock-1124599074-2048x1365.jpg 2048w, https:\/\/infolocale.20minutes.fr\/blog\/wp-content\/uploads\/2020\/12\/iStock-1124599074-90x60.jpg 90w\" sizes=\"(max-width: 1024px) 100vw, 1024px\" \/><\/figure>\n\n\n\n<h2 class=\"wp-block-heading\"><strong>L\u2019espoir d\u2019un sursaut<\/strong><\/h2>\n\n\n\n<p>En panne de dons en 2018, les associations s\u2019alarment. Les pouvoirs publics reconnaissent l\u2019importance de la vie associative. Mais les d\u00e9clarations ne suffisent pas, il faut des actes ! Le mouvement associatif appelle \u00e0 la mobilisation pour l\u2019obtention de&nbsp; moyens.&nbsp; Ceci d\u00e8s le projet de loi de finances&nbsp; de 2020.<\/p>\n\n\n\n<p><strong>\u00ab Nous avons besoin que les dons retrouvent le niveau des ann\u00e9es ant\u00e9rieures \u00e0 2018 pour poursuivre nos programmes. Mais je crains qu\u2019\u00e0 la fin il manque au moins un million d\u2019euros \u00bb,<\/strong> rench\u00e9rit Vincent Crehalet, en charge de la collecte pour Action contre la Faim (ACF). Un million d\u2019euros, rappelle-t-il, &nbsp;<strong>\u00ab ce sont 20 000 enfants que nous pourrions sauver dans nos programmes de nutrition au Y\u00e9men \u00bb.<\/strong><\/p>\n\n\n\n<figure class=\"wp-block-image size-large\"><a href=\"https:\/\/s.infolocale.fr\/?utm_source=blog&amp;utm_medium=banner&amp;utm_campaign=blog-contents\"><img decoding=\"async\" width=\"1024\" height=\"245\" src=\"https:\/\/www.infolocale.fr\/blog\/wp-content\/uploads\/2021\/02\/Association_blanc-1024x245.png\" alt=\"\" class=\"wp-image-5945\" srcset=\"https:\/\/infolocale.20minutes.fr\/blog\/wp-content\/uploads\/2021\/02\/Association_blanc-1024x245.png 1024w, https:\/\/infolocale.20minutes.fr\/blog\/wp-content\/uploads\/2021\/02\/Association_blanc-300x72.png 300w, https:\/\/infolocale.20minutes.fr\/blog\/wp-content\/uploads\/2021\/02\/Association_blanc-768x183.png 768w, https:\/\/infolocale.20minutes.fr\/blog\/wp-content\/uploads\/2021\/02\/Association_blanc-251x60.png 251w, https:\/\/infolocale.20minutes.fr\/blog\/wp-content\/uploads\/2021\/02\/Association_blanc.png 1168w\" sizes=\"(max-width: 1024px) 100vw, 1024px\" \/><\/a><\/figure>\n","protected":false},"excerpt":{"rendered":"<p>\u00ab Donner fait du bien aux autres comme \u00e0 soi-m\u00eame \u00bb Tel \u00e9tait le slogan de France G\u00e9n\u00e9rosit\u00e9s en 2015, un syndicat professionnel regroupant pr\u00e8s [&hellip;]<\/p>\n","protected":false},"author":8,"featured_media":4715,"comment_status":"open","ping_status":"open","sticky":false,"template":"","format":"standard","meta":{"_coblocks_attr":"","_coblocks_dimensions":"","_coblocks_responsive_height":"","_coblocks_accordion_ie_support":"","_mo_disable_npp":"","footnotes":""},"categories":[6],"tags":[66],"class_list":["post-4707","post","type-post","status-publish","format-standard","has-post-thumbnail","hentry","category-actu-acteurs-locaux","tag-covid19"],"yoast_head":"<!-- This site is optimized with the Yoast SEO plugin v23.2 - https:\/\/yoast.com\/wordpress\/plugins\/seo\/ -->\n<title>Les dons s\u2019amenuisent, le monde associatif s\u2019essouffle ! |<\/title>\n<meta name=\"robots\" content=\"index, follow, max-snippet:-1, max-image-preview:large, max-video-preview:-1\" \/>\n<link rel=\"canonical\" href=\"https:\/\/infolocale.20minutes.fr\/blog\/les-dons-samenuisent-le-monde-associatif-sessouffle\/\" \/>\n<meta property=\"og:locale\" content=\"fr_FR\" \/>\n<meta property=\"og:type\" content=\"article\" \/>\n<meta property=\"og:title\" content=\"Les dons s\u2019amenuisent, le monde associatif s\u2019essouffle ! |\" \/>\n<meta property=\"og:description\" content=\"\u00ab Donner fait du bien aux autres comme \u00e0 soi-m\u00eame \u00bb Tel \u00e9tait le slogan de France G\u00e9n\u00e9rosit\u00e9s en 2015, un syndicat professionnel regroupant pr\u00e8s [&hellip;]\" \/>\n<meta property=\"og:url\" content=\"https:\/\/infolocale.20minutes.fr\/blog\/les-dons-samenuisent-le-monde-associatif-sessouffle\/\" \/>\n<meta property=\"article:publisher\" content=\"https:\/\/www.facebook.com\/infolocaleFR\/\" \/>\n<meta property=\"article:published_time\" content=\"2020-12-04T15:19:06+00:00\" \/>\n<meta property=\"article:modified_time\" content=\"2021-03-26T16:46:37+00:00\" \/>\n<meta property=\"og:image\" content=\"https:\/\/infolocale.20minutes.fr\/blog\/wp-content\/uploads\/2020\/12\/don3.jpg\" \/>\n\t<meta property=\"og:image:width\" content=\"1050\" \/>\n\t<meta property=\"og:image:height\" content=\"700\" \/>\n\t<meta property=\"og:image:type\" content=\"image\/jpeg\" \/>\n<meta name=\"author\" content=\"Myl\u00e8ne\" \/>\n<meta name=\"twitter:card\" content=\"summary_large_image\" \/>\n<meta name=\"twitter:image\" content=\"https:\/\/infolocale.20minutes.fr\/blog\/wp-content\/uploads\/2020\/12\/don3.jpg\" \/>\n<meta name=\"twitter:creator\" content=\"@infolocale\" \/>\n<meta name=\"twitter:site\" content=\"@infolocale\" \/>\n<meta name=\"twitter:label1\" content=\"\u00c9crit par\" \/>\n\t<meta name=\"twitter:data1\" content=\"Myl\u00e8ne\" \/>\n\t<meta name=\"twitter:label2\" content=\"Dur\u00e9e de lecture estim\u00e9e\" \/>\n\t<meta name=\"twitter:data2\" content=\"6 minutes\" \/>\n<script type=\"application\/ld+json\" class=\"yoast-schema-graph\">{\"@context\":\"https:\/\/schema.org\",\"@graph\":[{\"@type\":\"Article\",\"@id\":\"https:\/\/infolocale.20minutes.fr\/blog\/les-dons-samenuisent-le-monde-associatif-sessouffle\/#article\",\"isPartOf\":{\"@id\":\"https:\/\/infolocale.20minutes.fr\/blog\/les-dons-samenuisent-le-monde-associatif-sessouffle\/\"},\"author\":{\"name\":\"Myl\u00e8ne\",\"@id\":\"https:\/\/www.infolocale.fr\/blog\/#\/schema\/person\/bf2dc50c6636ffa2ce3e44ef1f9eb97f\"},\"headline\":\"Les dons s\u2019amenuisent, le monde associatif s\u2019essouffle !\",\"datePublished\":\"2020-12-04T15:19:06+00:00\",\"dateModified\":\"2021-03-26T16:46:37+00:00\",\"mainEntityOfPage\":{\"@id\":\"https:\/\/infolocale.20minutes.fr\/blog\/les-dons-samenuisent-le-monde-associatif-sessouffle\/\"},\"wordCount\":1346,\"commentCount\":0,\"publisher\":{\"@id\":\"https:\/\/www.infolocale.fr\/blog\/#organization\"},\"image\":{\"@id\":\"https:\/\/infolocale.20minutes.fr\/blog\/les-dons-samenuisent-le-monde-associatif-sessouffle\/#primaryimage\"},\"thumbnailUrl\":\"https:\/\/infolocale.20minutes.fr\/blog\/wp-content\/uploads\/2020\/12\/don3.jpg\",\"keywords\":[\"COVID19\"],\"articleSection\":[\"En ce moment\"],\"inLanguage\":\"fr-FR\",\"potentialAction\":[{\"@type\":\"CommentAction\",\"name\":\"Comment\",\"target\":[\"https:\/\/infolocale.20minutes.fr\/blog\/les-dons-samenuisent-le-monde-associatif-sessouffle\/#respond\"]}]},{\"@type\":\"WebPage\",\"@id\":\"https:\/\/infolocale.20minutes.fr\/blog\/les-dons-samenuisent-le-monde-associatif-sessouffle\/\",\"url\":\"https:\/\/infolocale.20minutes.fr\/blog\/les-dons-samenuisent-le-monde-associatif-sessouffle\/\",\"name\":\"Les dons s\u2019amenuisent, le monde associatif s\u2019essouffle ! |\",\"isPartOf\":{\"@id\":\"https:\/\/www.infolocale.fr\/blog\/#website\"},\"primaryImageOfPage\":{\"@id\":\"https:\/\/infolocale.20minutes.fr\/blog\/les-dons-samenuisent-le-monde-associatif-sessouffle\/#primaryimage\"},\"image\":{\"@id\":\"https:\/\/infolocale.20minutes.fr\/blog\/les-dons-samenuisent-le-monde-associatif-sessouffle\/#primaryimage\"},\"thumbnailUrl\":\"https:\/\/infolocale.20minutes.fr\/blog\/wp-content\/uploads\/2020\/12\/don3.jpg\",\"datePublished\":\"2020-12-04T15:19:06+00:00\",\"dateModified\":\"2021-03-26T16:46:37+00:00\",\"breadcrumb\":{\"@id\":\"https:\/\/infolocale.20minutes.fr\/blog\/les-dons-samenuisent-le-monde-associatif-sessouffle\/#breadcrumb\"},\"inLanguage\":\"fr-FR\",\"potentialAction\":[{\"@type\":\"ReadAction\",\"target\":[\"https:\/\/infolocale.20minutes.fr\/blog\/les-dons-samenuisent-le-monde-associatif-sessouffle\/\"]}]},{\"@type\":\"ImageObject\",\"inLanguage\":\"fr-FR\",\"@id\":\"https:\/\/infolocale.20minutes.fr\/blog\/les-dons-samenuisent-le-monde-associatif-sessouffle\/#primaryimage\",\"url\":\"https:\/\/infolocale.20minutes.fr\/blog\/wp-content\/uploads\/2020\/12\/don3.jpg\",\"contentUrl\":\"https:\/\/infolocale.20minutes.fr\/blog\/wp-content\/uploads\/2020\/12\/don3.jpg\",\"width\":1050,\"height\":700,\"caption\":\"Les dons s\u2019amenuisent\"},{\"@type\":\"BreadcrumbList\",\"@id\":\"https:\/\/infolocale.20minutes.fr\/blog\/les-dons-samenuisent-le-monde-associatif-sessouffle\/#breadcrumb\",\"itemListElement\":[{\"@type\":\"ListItem\",\"position\":1,\"name\":\"Blog\",\"item\":\"https:\/\/infolocale.ouest-france.fr\/blog\/\"},{\"@type\":\"ListItem\",\"position\":2,\"name\":\"En ce moment\",\"item\":\"https:\/\/infolocale.20minutes.fr\/blog\/cat\/actu-acteurs-locaux\/\"},{\"@type\":\"ListItem\",\"position\":3,\"name\":\"Les dons s\u2019amenuisent, le monde associatif s\u2019essouffle !\"}]},{\"@type\":\"WebSite\",\"@id\":\"https:\/\/www.infolocale.fr\/blog\/#website\",\"url\":\"https:\/\/www.infolocale.fr\/blog\/\",\"name\":\"\",\"description\":\"\",\"publisher\":{\"@id\":\"https:\/\/www.infolocale.fr\/blog\/#organization\"},\"potentialAction\":[{\"@type\":\"SearchAction\",\"target\":{\"@type\":\"EntryPoint\",\"urlTemplate\":\"https:\/\/www.infolocale.fr\/blog\/?s={search_term_string}\"},\"query-input\":\"required name=search_term_string\"}],\"inLanguage\":\"fr-FR\"},{\"@type\":\"Organization\",\"@id\":\"https:\/\/www.infolocale.fr\/blog\/#organization\",\"name\":\"Infolocale\",\"url\":\"https:\/\/www.infolocale.fr\/blog\/\",\"logo\":{\"@type\":\"ImageObject\",\"inLanguage\":\"fr-FR\",\"@id\":\"https:\/\/www.infolocale.fr\/blog\/#\/schema\/logo\/image\/\",\"url\":\"https:\/\/www.infolocale.fr\/blog\/wp-content\/uploads\/2020\/11\/logol.jpg\",\"contentUrl\":\"https:\/\/www.infolocale.fr\/blog\/wp-content\/uploads\/2020\/11\/logol.jpg\",\"width\":1031,\"height\":398,\"caption\":\"Infolocale\"},\"image\":{\"@id\":\"https:\/\/www.infolocale.fr\/blog\/#\/schema\/logo\/image\/\"},\"sameAs\":[\"https:\/\/www.facebook.com\/infolocaleFR\/\",\"https:\/\/x.com\/infolocale\",\"https:\/\/www.instagram.com\/infolocale\/\",\"https:\/\/fr.linkedin.com\/company\/infolocale\",\"https:\/\/www.youtube.com\/channel\/UCnv4FA8EYEuu_si3TGr7xeA\"]},{\"@type\":\"Person\",\"@id\":\"https:\/\/www.infolocale.fr\/blog\/#\/schema\/person\/bf2dc50c6636ffa2ce3e44ef1f9eb97f\",\"name\":\"Myl\u00e8ne\",\"image\":{\"@type\":\"ImageObject\",\"inLanguage\":\"fr-FR\",\"@id\":\"https:\/\/www.infolocale.fr\/blog\/#\/schema\/person\/image\/\",\"url\":\"https:\/\/secure.gravatar.com\/avatar\/49511f0ea4b41ed3062b218e30f07042?s=96&d=mm&r=g\",\"contentUrl\":\"https:\/\/secure.gravatar.com\/avatar\/49511f0ea4b41ed3062b218e30f07042?s=96&d=mm&r=g\",\"caption\":\"Myl\u00e8ne\"},\"url\":\"https:\/\/infolocale.20minutes.fr\/blog\/author\/mylene-michel\/\"}]}<\/script>\n<!-- \/ Yoast SEO plugin. -->","yoast_head_json":{"title":"Les dons s\u2019amenuisent, le monde associatif s\u2019essouffle ! |","robots":{"index":"index","follow":"follow","max-snippet":"max-snippet:-1","max-image-preview":"max-image-preview:large","max-video-preview":"max-video-preview:-1"},"canonical":"https:\/\/infolocale.20minutes.fr\/blog\/les-dons-samenuisent-le-monde-associatif-sessouffle\/","og_locale":"fr_FR","og_type":"article","og_title":"Les dons s\u2019amenuisent, le monde associatif s\u2019essouffle ! |","og_description":"\u00ab Donner fait du bien aux autres comme \u00e0 soi-m\u00eame \u00bb Tel \u00e9tait le slogan de France G\u00e9n\u00e9rosit\u00e9s en 2015, un syndicat professionnel regroupant pr\u00e8s [&hellip;]","og_url":"https:\/\/infolocale.20minutes.fr\/blog\/les-dons-samenuisent-le-monde-associatif-sessouffle\/","article_publisher":"https:\/\/www.facebook.com\/infolocaleFR\/","article_published_time":"2020-12-04T15:19:06+00:00","article_modified_time":"2021-03-26T16:46:37+00:00","og_image":[{"width":1050,"height":700,"url":"https:\/\/infolocale.20minutes.fr\/blog\/wp-content\/uploads\/2020\/12\/don3.jpg","type":"image\/jpeg"}],"author":"Myl\u00e8ne","twitter_card":"summary_large_image","twitter_image":"https:\/\/infolocale.20minutes.fr\/blog\/wp-content\/uploads\/2020\/12\/don3.jpg","twitter_creator":"@infolocale","twitter_site":"@infolocale","twitter_misc":{"\u00c9crit par":"Myl\u00e8ne","Dur\u00e9e de lecture estim\u00e9e":"6 minutes"},"schema":{"@context":"https:\/\/schema.org","@graph":[{"@type":"Article","@id":"https:\/\/infolocale.20minutes.fr\/blog\/les-dons-samenuisent-le-monde-associatif-sessouffle\/#article","isPartOf":{"@id":"https:\/\/infolocale.20minutes.fr\/blog\/les-dons-samenuisent-le-monde-associatif-sessouffle\/"},"author":{"name":"Myl\u00e8ne","@id":"https:\/\/www.infolocale.fr\/blog\/#\/schema\/person\/bf2dc50c6636ffa2ce3e44ef1f9eb97f"},"headline":"Les dons s\u2019amenuisent, le monde associatif s\u2019essouffle !","datePublished":"2020-12-04T15:19:06+00:00","dateModified":"2021-03-26T16:46:37+00:00","mainEntityOfPage":{"@id":"https:\/\/infolocale.20minutes.fr\/blog\/les-dons-samenuisent-le-monde-associatif-sessouffle\/"},"wordCount":1346,"commentCount":0,"publisher":{"@id":"https:\/\/www.infolocale.fr\/blog\/#organization"},"image":{"@id":"https:\/\/infolocale.20minutes.fr\/blog\/les-dons-samenuisent-le-monde-associatif-sessouffle\/#primaryimage"},"thumbnailUrl":"https:\/\/infolocale.20minutes.fr\/blog\/wp-content\/uploads\/2020\/12\/don3.jpg","keywords":["COVID19"],"articleSection":["En ce moment"],"inLanguage":"fr-FR","potentialAction":[{"@type":"CommentAction","name":"Comment","target":["https:\/\/infolocale.20minutes.fr\/blog\/les-dons-samenuisent-le-monde-associatif-sessouffle\/#respond"]}]},{"@type":"WebPage","@id":"https:\/\/infolocale.20minutes.fr\/blog\/les-dons-samenuisent-le-monde-associatif-sessouffle\/","url":"https:\/\/infolocale.20minutes.fr\/blog\/les-dons-samenuisent-le-monde-associatif-sessouffle\/","name":"Les dons s\u2019amenuisent, le monde associatif s\u2019essouffle ! |","isPartOf":{"@id":"https:\/\/www.infolocale.fr\/blog\/#website"},"primaryImageOfPage":{"@id":"https:\/\/infolocale.20minutes.fr\/blog\/les-dons-samenuisent-le-monde-associatif-sessouffle\/#primaryimage"},"image":{"@id":"https:\/\/infolocale.20minutes.fr\/blog\/les-dons-samenuisent-le-monde-associatif-sessouffle\/#primaryimage"},"thumbnailUrl":"https:\/\/infolocale.20minutes.fr\/blog\/wp-content\/uploads\/2020\/12\/don3.jpg","datePublished":"2020-12-04T15:19:06+00:00","dateModified":"2021-03-26T16:46:37+00:00","breadcrumb":{"@id":"https:\/\/infolocale.20minutes.fr\/blog\/les-dons-samenuisent-le-monde-associatif-sessouffle\/#breadcrumb"},"inLanguage":"fr-FR","potentialAction":[{"@type":"ReadAction","target":["https:\/\/infolocale.20minutes.fr\/blog\/les-dons-samenuisent-le-monde-associatif-sessouffle\/"]}]},{"@type":"ImageObject","inLanguage":"fr-FR","@id":"https:\/\/infolocale.20minutes.fr\/blog\/les-dons-samenuisent-le-monde-associatif-sessouffle\/#primaryimage","url":"https:\/\/infolocale.20minutes.fr\/blog\/wp-content\/uploads\/2020\/12\/don3.jpg","contentUrl":"https:\/\/infolocale.20minutes.fr\/blog\/wp-content\/uploads\/2020\/12\/don3.jpg","width":1050,"height":700,"caption":"Les dons s\u2019amenuisent"},{"@type":"BreadcrumbList","@id":"https:\/\/infolocale.20minutes.fr\/blog\/les-dons-samenuisent-le-monde-associatif-sessouffle\/#breadcrumb","itemListElement":[{"@type":"ListItem","position":1,"name":"Blog","item":"https:\/\/infolocale.ouest-france.fr\/blog\/"},{"@type":"ListItem","position":2,"name":"En ce moment","item":"https:\/\/infolocale.20minutes.fr\/blog\/cat\/actu-acteurs-locaux\/"},{"@type":"ListItem","position":3,"name":"Les dons s\u2019amenuisent, le monde associatif s\u2019essouffle !"}]},{"@type":"WebSite","@id":"https:\/\/www.infolocale.fr\/blog\/#website","url":"https:\/\/www.infolocale.fr\/blog\/","name":"","description":"","publisher":{"@id":"https:\/\/www.infolocale.fr\/blog\/#organization"},"potentialAction":[{"@type":"SearchAction","target":{"@type":"EntryPoint","urlTemplate":"https:\/\/www.infolocale.fr\/blog\/?s={search_term_string}"},"query-input":"required name=search_term_string"}],"inLanguage":"fr-FR"},{"@type":"Organization","@id":"https:\/\/www.infolocale.fr\/blog\/#organization","name":"Infolocale","url":"https:\/\/www.infolocale.fr\/blog\/","logo":{"@type":"ImageObject","inLanguage":"fr-FR","@id":"https:\/\/www.infolocale.fr\/blog\/#\/schema\/logo\/image\/","url":"https:\/\/www.infolocale.fr\/blog\/wp-content\/uploads\/2020\/11\/logol.jpg","contentUrl":"https:\/\/www.infolocale.fr\/blog\/wp-content\/uploads\/2020\/11\/logol.jpg","width":1031,"height":398,"caption":"Infolocale"},"image":{"@id":"https:\/\/www.infolocale.fr\/blog\/#\/schema\/logo\/image\/"},"sameAs":["https:\/\/www.facebook.com\/infolocaleFR\/","https:\/\/x.com\/infolocale","https:\/\/www.instagram.com\/infolocale\/","https:\/\/fr.linkedin.com\/company\/infolocale","https:\/\/www.youtube.com\/channel\/UCnv4FA8EYEuu_si3TGr7xeA"]},{"@type":"Person","@id":"https:\/\/www.infolocale.fr\/blog\/#\/schema\/person\/bf2dc50c6636ffa2ce3e44ef1f9eb97f","name":"Myl\u00e8ne","image":{"@type":"ImageObject","inLanguage":"fr-FR","@id":"https:\/\/www.infolocale.fr\/blog\/#\/schema\/person\/image\/","url":"https:\/\/secure.gravatar.com\/avatar\/49511f0ea4b41ed3062b218e30f07042?s=96&d=mm&r=g","contentUrl":"https:\/\/secure.gravatar.com\/avatar\/49511f0ea4b41ed3062b218e30f07042?s=96&d=mm&r=g","caption":"Myl\u00e8ne"},"url":"https:\/\/infolocale.20minutes.fr\/blog\/author\/mylene-michel\/"}]}},"_links":{"self":[{"href":"https:\/\/infolocale.20minutes.fr\/blog\/wp-json\/wp\/v2\/posts\/4707"}],"collection":[{"href":"https:\/\/infolocale.20minutes.fr\/blog\/wp-json\/wp\/v2\/posts"}],"about":[{"href":"https:\/\/infolocale.20minutes.fr\/blog\/wp-json\/wp\/v2\/types\/post"}],"author":[{"embeddable":true,"href":"https:\/\/infolocale.20minutes.fr\/blog\/wp-json\/wp\/v2\/users\/8"}],"replies":[{"embeddable":true,"href":"https:\/\/infolocale.20minutes.fr\/blog\/wp-json\/wp\/v2\/comments?post=4707"}],"version-history":[{"count":0,"href":"https:\/\/infolocale.20minutes.fr\/blog\/wp-json\/wp\/v2\/posts\/4707\/revisions"}],"wp:featuredmedia":[{"embeddable":true,"href":"https:\/\/infolocale.20minutes.fr\/blog\/wp-json\/wp\/v2\/media\/4715"}],"wp:attachment":[{"href":"https:\/\/infolocale.20minutes.fr\/blog\/wp-json\/wp\/v2\/media?parent=4707"}],"wp:term":[{"taxonomy":"category","embeddable":true,"href":"https:\/\/infolocale.20minutes.fr\/blog\/wp-json\/wp\/v2\/categories?post=4707"},{"taxonomy":"post_tag","embeddable":true,"href":"https:\/\/infolocale.20minutes.fr\/blog\/wp-json\/wp\/v2\/tags?post=4707"}],"curies":[{"name":"wp","href":"https:\/\/api.w.org\/{rel}","templated":true}]}}