{"id":3585,"date":"2020-05-03T08:11:40","date_gmt":"2020-05-03T07:11:40","guid":{"rendered":"https:\/\/blog.infolocale.fr\/?p=3585"},"modified":"2023-03-01T12:08:54","modified_gmt":"2023-03-01T11:08:54","slug":"outils-visuel-efficace-debutants","status":"publish","type":"post","link":"https:\/\/infolocale.20minutes.fr\/blog\/outils-visuel-efficace-debutants\/","title":{"rendered":"Cr\u00e9er des visuels efficaces"},"content":{"rendered":"\n<p class=\"has-text-align-justify has-normal-font-size\" style=\"line-height:2\">Dans la communication sur internet comme le \u00ab\u00a0<em>print<\/em>\u00ab\u00a0, un bon visuel est la cl\u00e9 pour \u00eatre efficace et faire passer son message. R\u00e9aliser un visuel professionnel peut para\u00eetre compliqu\u00e9 pour les d\u00e9butants sans formation de graphiste. Par o\u00f9 commencer\u00a0? Quelles r\u00e8gles respecter\u00a0? Comment choisir ses couleurs\u00a0? O\u00f9 trouver des images\u00a0? Comment les transformer\u00a0? Infolocale partage avec vous ses conseils et outils gratuits pour graphiste en herbe.<\/p>\n\n\n\n<div class=\"wp-block-buttons is-horizontal is-content-justification-center is-layout-flex wp-container-core-buttons-is-layout-1 wp-block-buttons-is-layout-flex\">\n<div class=\"wp-block-button\"><a class=\"wp-block-button__link has-white-color has-luminous-vivid-amber-background-color has-text-color has-background wp-element-button\"><strong>&gt;&gt;Inscrire mon asso \u00e0 Infolocale <\/strong><\/a><\/div>\n<\/div>\n\n\n\n<h4 class=\"wp-block-heading\"><strong>Commencer par le commencement<\/strong><\/h4>\n\n\n\n<p class=\"has-text-align-justify has-normal-font-size\" style=\"line-height:2\">Avant de lancer n\u2019importe quelle op\u00e9ration de communication, il faut d\u00e9finir l\u2019identit\u00e9 visuelle de votre entreprise ou association. C\u2019est-\u00e0-dire tous les codes par lesquels elle sera tr\u00e8s vite identifiable par votre public, et pas uniquement votre logo ! L\u2019ensemble de ces codes est r\u00e9uni dans ce qu\u2019on appelle une Charte Graphique. Il s\u2019agit d\u2019un document de r\u00e9f\u00e9rence qui permettra ensuite de d\u00e9cliner votre identit\u00e9 visuelle dans tous vos supports de communication. Elle permet d\u2019avoir une communication homog\u00e8ne et coh\u00e9rente et d\u2019\u00eatre facilement reconnaissable par votre cible. Vous devez y renseigner les couleurs ainsi que la ou les polices qui repr\u00e9senteront votre organisme<\/p>\n\n\n<div class=\"wp-block-image is-resized\">\n<figure class=\"aligncenter size-large has-lightbox\"><a href=\"https:\/\/www.infolocale.fr\/decouvrir\/deposant\/?utm_source=blog&amp;utm_medium=banner&amp;utm_campaign=blog-content\"><img fetchpriority=\"high\" decoding=\"async\" width=\"1024\" height=\"1024\" src=\"https:\/\/www.infolocale.fr\/blog\/wp-content\/uploads\/2021\/11\/banniere-NLDASSO-carree1500x1500-1024x1024.jpg\" alt=\"\" class=\"wp-image-23946\" srcset=\"https:\/\/infolocale.20minutes.fr\/blog\/wp-content\/uploads\/2021\/11\/banniere-NLDASSO-carree1500x1500-1024x1024.jpg 1024w, https:\/\/infolocale.20minutes.fr\/blog\/wp-content\/uploads\/2021\/11\/banniere-NLDASSO-carree1500x1500-300x300.jpg 300w, https:\/\/infolocale.20minutes.fr\/blog\/wp-content\/uploads\/2021\/11\/banniere-NLDASSO-carree1500x1500-150x150.jpg 150w, https:\/\/infolocale.20minutes.fr\/blog\/wp-content\/uploads\/2021\/11\/banniere-NLDASSO-carree1500x1500-768x768.jpg 768w, https:\/\/infolocale.20minutes.fr\/blog\/wp-content\/uploads\/2021\/11\/banniere-NLDASSO-carree1500x1500.jpg 1500w\" sizes=\"(max-width: 1024px) 100vw, 1024px\" \/><\/a><\/figure><\/div>\n\n\n<div style=\"height:20px\" aria-hidden=\"true\" class=\"wp-block-spacer\"><\/div>\n\n\n\n<div class=\"wp-block-columns alignfull is-layout-flex wp-container-core-columns-is-layout-1 wp-block-columns-is-layout-flex\">\n<div class=\"wp-block-column is-layout-flow wp-block-column-is-layout-flow\" style=\"flex-basis:30%\"><\/div>\n\n\n\n<div class=\"wp-block-column is-vertically-aligned-center is-layout-flow wp-block-column-is-layout-flow\" style=\"flex-basis:5%\"><div class=\"wp-block-coblocks-icon has-text-align-center is-style-filled\">\n\t\t\t\t<div class=\"wp-block-coblocks-icon__inner has-text-color\" style=\"height: 40px; width: 40px; color: #16c5d9; fill: #16c5d9;\">\n\t\t\t\t\t<svg fill=\"none\" viewBox=\"0 0 20 20\" xmlns=\"http:\/\/www.w3.org\/2000\/svg\"><path d=\"m17.5215122.06508061c-.2732809 0-.5360511.10510805-.7462672.30481335l-9.41768139 9.41768143 2.89047139 2.89047141 9.4176815-9.41768142c.4099214-.4099214.4099214-1.07210213 0-1.48202353l-1.4084479-1.40844789c-.2102161-.2102161-.4729863-.30481335-.7357564-.30481335zm-12.26610962 11.56188569c-1.74479366 0-3.15324155 1.4084479-3.15324155 3.1532415 0 1.3769155-1.2192534 2.1021611-2.10216103 2.1021611.96699408 1.2823182 2.61719049 2.102161 4.20432206 2.102161 2.32288795 0 4.20432207-1.8814341 4.20432207-4.2043221 0-1.7447936-1.40844789-3.1532415-3.15324155-3.1532415z\" transform=\"translate(0 .5)\" fill=\"currentColor\" \/><\/svg>\n\t\t\t\t<\/div>\n\t\t\t<\/div>\n\n\n<p><\/p>\n<\/div>\n\n\n\n<div class=\"wp-block-column is-layout-flow wp-block-column-is-layout-flow\" style=\"flex-basis:32%\">\n<p class=\"has-text-align-justify has-normal-font-size\" style=\"line-height:2\">Pour vous inspirer, vous pouvez faire un tour sur &nbsp;<a aria-label=\"undefined (s\u2019ouvre dans un nouvel onglet)\" href=\"https:\/\/fonts.google.com\/\" target=\"_blank\" rel=\"noreferrer noopener\">Google Fonts<\/a> ou &nbsp;<a href=\"http:\/\/www.fontsquirrel.com\/\" target=\"_blank\" aria-label=\"undefined (s\u2019ouvre dans un nouvel onglet)\" rel=\"noreferrer noopener\">Font Squirrel<\/a>, des &nbsp;services d\u2019h\u00e9bergement gratuit de polices d\u2019\u00e9critures.<\/p>\n<\/div>\n\n\n\n<div class=\"wp-block-column is-layout-flow wp-block-column-is-layout-flow\" style=\"flex-basis:30%\"><\/div>\n<\/div>\n\n\n\n<div style=\"height:20px\" aria-hidden=\"true\" class=\"wp-block-spacer\"><\/div>\n\n\n\n<blockquote class=\"wp-block-quote is-layout-flow wp-block-quote-is-layout-flow\"><p>Retrouvez <a aria-label=\"undefined (s\u2019ouvre dans un nouvel onglet)\" href=\"https:\/\/www.creads.fr\/blog\/comment-faire\/creer-une-charte-graphique\" target=\"_blank\" rel=\"noreferrer noopener\">ici <\/a>des conseils pour cr\u00e9er votre charte graphique<\/p><\/blockquote>\n\n\n\n<div style=\"height:40px\" aria-hidden=\"true\" class=\"wp-block-spacer\"><\/div>\n\n\n\n<h4 class=\"wp-block-heading\"><strong>Vous pouvez le faire&nbsp;!<\/strong><\/h4>\n\n\n\n<p class=\"has-text-align-justify has-normal-font-size\" style=\"line-height:2\">La cr\u00e9ation graphique demande des comp\u00e9tences dont votre \u00e9quipe ne dispose peut \u00eatre pas, et avoir recours \u00e0 un prestataire peut s\u2019av\u00e9rer co\u00fbteux. Heureusement, certains outils gratuits peuvent vous permettre de r\u00e9aliser des visuels tout aussi convaincants tr\u00e8s facilement.<\/p>\n\n\n\n<h5 class=\"wp-block-heading\">1- <strong>Trouver les \u00e9l\u00e9ments de votre visuel<\/strong><\/h5>\n\n\n\n<p class=\"has-text-align-justify has-normal-font-size\" style=\"line-height:2\">De nombreux site sont sp\u00e9cialis\u00e9s dans la collecte d\u2019images libres de droits. Gratuitement, ils donnent acc\u00e8s \u00e0 des photos en tous genres, que vous pouvez utiliser pour illustrer votre message.<\/p>\n\n\n\n<div style=\"height:20px\" aria-hidden=\"true\" class=\"wp-block-spacer\"><\/div>\n\n\n\n<div class=\"wp-block-columns is-layout-flex wp-container-core-columns-is-layout-2 wp-block-columns-is-layout-flex\">\n<div class=\"wp-block-column is-vertically-aligned-center is-layout-flow wp-block-column-is-layout-flow\">\n<div class=\"wp-block-image\"><figure class=\"aligncenter size-large is-resized\"><a href=\"https:\/\/stocksnap.io\/\" target=\"_blank\" rel=\"noopener noreferrer\"><img decoding=\"async\" src=\"https:\/\/blog.infolocale.fr\/wp-content\/uploads\/2020\/07\/logo-stocksnap.io_.jpg\" alt=\"StockSnap.io outils visuel efficace d\u00e9butants images libres de droit cr\u00e9ation graphisme\" class=\"wp-image-3617\" width=\"108\" height=\"108\"\/><\/a><\/figure><\/div>\n<\/div>\n\n\n\n<div class=\"wp-block-column is-vertically-aligned-center is-layout-flow wp-block-column-is-layout-flow\">\n<div class=\"wp-block-image\"><figure class=\"aligncenter size-large is-resized\"><a href=\"https:\/\/thenounproject.com\/\" target=\"_blank\" rel=\"noopener noreferrer\"><img decoding=\"async\" src=\"https:\/\/blog.infolocale.fr\/wp-content\/uploads\/2020\/07\/the-noun-project-logo-1024x576.jpg\" alt=\"The Noun Project outils visuel efficace d\u00e9butants images libres de droit cr\u00e9ation graphisme\" class=\"wp-image-3619\" width=\"153\" height=\"85\"\/><\/a><\/figure><\/div>\n\n\n\n<p><\/p>\n<\/div>\n\n\n\n<div class=\"wp-block-column is-vertically-aligned-center is-layout-flow wp-block-column-is-layout-flow\">\n<div class=\"wp-block-image\"><figure class=\"aligncenter size-large is-resized\"><a href=\"https:\/\/pixabay.com\/fr\/\" target=\"_blank\" rel=\"noopener noreferrer\"><img loading=\"lazy\" decoding=\"async\" src=\"https:\/\/blog.infolocale.fr\/wp-content\/uploads\/2020\/07\/logo-pixabay-1024x1024.png\" alt=\"pixabay outils visuel efficace d\u00e9butants images libres de droit cr\u00e9ation graphisme\" class=\"wp-image-3614\" width=\"77\" height=\"77\"\/><\/a><\/figure><\/div>\n\n\n\n<p><\/p>\n<\/div>\n<\/div>\n\n\n\n<p> <a aria-label=\"undefined (s\u2019ouvre dans un nouvel onglet)\" href=\"https:\/\/stocksnap.io\/\" target=\"_blank\" rel=\"noreferrer noopener\">Stocksnap.io<\/a>, <a aria-label=\"undefined (s\u2019ouvre dans un nouvel onglet)\" href=\"https:\/\/thenounproject.com\/\" target=\"_blank\" rel=\"noreferrer noopener\">The Noun Project<\/a> , sp\u00e9cialis\u00e9 dans les ic\u00f4nes (en \u00e9change d\u2019un cr\u00e9dit pour les auteurs), et <a href=\"https:\/\/pixabay.com\/fr\/\" target=\"_blank\" rel=\"noreferrer noopener\">Pixabay<\/a>.<\/p>\n\n\n\n<div style=\"height:20px\" aria-hidden=\"true\" class=\"wp-block-spacer\"><\/div>\n\n\n\n<blockquote class=\"wp-block-quote is-layout-flow wp-block-quote-is-layout-flow\"><p>Cr\u00e9diter quelqu\u2019un ou une organisation signifie identifier l\u2019auteur d\u2019une photo, image ou vid\u00e9o utilis\u00e9e.<\/p><\/blockquote>\n\n\n\n<p class=\"has-text-align-justify has-normal-font-size\" style=\"line-height:2\">Il est tr\u00e8s pratique lorsqu\u2019on ne dispose pas de mat\u00e9riel photo ou de ressources pour obtenir des images sur un th\u00e8me sp\u00e9cifique d\u2019avoir recours \u00e0 des visuels neutres et g\u00e9n\u00e9riques. Attention tout de m\u00eame, certaines images libres de droits sont tr\u00e8s r\u00e9pandues et manquent d\u2019originalit\u00e9. Le choix est tr\u00e8s large sur ces sites, vous trouverez donc toujours \u00e0 \u00e9viter les images que vous avez d\u00e9j\u00e0 pu croiser sur d\u2019autres sites ou r\u00e9seaux. <\/p>\n\n\n\n<p class=\"has-text-align-justify has-normal-font-size\" style=\"line-height:2\">Aussi, il est important d\u2019incarner votre organisme et vos projets. L\u2019authenticit\u00e9 est \u00e9galement essentielle dans la communication sur internet. De vraies photos de vos actions, activit\u00e9s ou produits et de votre \u00e9quipe int\u00e9resseront beaucoup plus votre public, attireront plus l\u2019attention et inciteront \u00e0 plus d\u2019engagement. Dans la mesure du possible, donnez plus de concret \u00e0 votre identit\u00e9 en photographiant r\u00e9guli\u00e8rement l\u2019association en action ou dans son quotidien. Une alternative est de proposer aux participants, adh\u00e9rents et autres de partager avec vous ou sur les r\u00e9seaux les photos et vid\u00e9os qu\u2019ils ont pris de votre association pour alimenter votre communication.<\/p>\n\n\n\n<h5 class=\"wp-block-heading\">2- <strong>Les assembler<\/strong><\/h5>\n\n\n\n<p class=\"has-text-align-justify has-normal-font-size\" style=\"line-height:2\">Vous avez choisi le support sur lequel vous souhaitez communiquer, le message \u00e0 faire passer et les diff\u00e9rents \u00e9l\u00e9ments graphiques que vous voulez faire figurer dans votre visuel. Il est maintenant temps de tout mettre en forme. Cette \u00e9tape est plus facile qu\u2019il n\u2019y para\u00eet gr\u00e2ce \u00e0 cet outil&nbsp;:<\/p>\n\n\n\n<figure class=\"wp-block-image size-large is-resized\"><a href=\"https:\/\/www.canva.com\/\" target=\"_blank\" rel=\"noopener noreferrer\"><img loading=\"lazy\" decoding=\"async\" src=\"https:\/\/blog.infolocale.fr\/wp-content\/uploads\/2020\/07\/logo-canva.png\" alt=\"\" class=\"wp-image-3716\" width=\"120\" height=\"120\"\/><\/a><\/figure>\n\n\n\n<p class=\"has-text-align-justify has-normal-font-size\" style=\"line-height:2\"><a aria-label=\"undefined (s\u2019ouvre dans un nouvel onglet)\" href=\"https:\/\/www.canva.com\" target=\"_blank\" rel=\"noreferrer noopener\">Canva <\/a>est un service en ligne, vous n\u2019aurez pas besoin de t\u00e9l\u00e9charger un logiciel. Il permet de produire des visuels tr\u00e8s simples \u00e0 tous les formats. pour tous vos supports de communication.  Il est d&rsquo;ailleurs souvent utilis\u00e9 pour cr\u00e9er les logos d&rsquo;entreprises ou associations. L\u2019outil donne aussi acc\u00e8s \u00e0 une biblioth\u00e8que de photos libres de droits. Pour vous inspirer, des templates sont disponibles, selon le support et l\u2019objectif du visuel (publication instagram, story, affiche, mail\u2026) <\/p>\n\n\n\n<h4 class=\"wp-block-heading\"><strong>Quelques r\u00e8gles \u00e0 respecter<\/strong><\/h4>\n\n\n\n<p class=\"has-text-align-justify has-normal-font-size\" style=\"line-height:2\">Pour des visuels professionnels, le mot d\u2019ordre est la sobri\u00e9t\u00e9. On \u00e9vitera tous les effets (type ombr\u00e9) et l\u2019accumulation d\u2019illustrations. Pr\u00e9f\u00e9rez des polices bien lisibles et modernes, pas plus de trois diff\u00e9rentes. On choisira aussi au maximum trois couleurs pour le texte, qui se doit d\u2019\u00eatre concis. La qualit\u00e9 des images est aussi de mise, s\u00e9lectionnez des images aux bonnes dimensions pour \u00e9viter un r\u00e9sultat pixelis\u00e9.<\/p>\n\n\n\n<p class=\"has-text-align-justify has-normal-font-size\" style=\"line-height:2\">Vous pourrez v\u00e9rifier l\u2019efficacit\u00e9 de votre visuel en la soumettant \u00e0 un regard ext\u00e9rieur et en vous posant les bonnes questions. Est-ce que ce visuel aurait attir\u00e9 mon attention en le voyant&nbsp;? Est-ce que le message que je veux faire passer est clair&nbsp;et bien compris ? Si vous n\u2019\u00eates pas inspir\u00e9, n\u2019h\u00e9sitez pas \u00e0 regarder ce que font vos concurrents ou vous impr\u00e9gner des diff\u00e9rents designs du moment (dans votre secteur). Des r\u00e9seaux comme Pinterest peuvent vous y aider.<\/p>\n\n\n\n<h4 class=\"wp-block-heading\"><strong>Attention au droit \u00e0 l\u2019image&nbsp;!<\/strong><\/h4>\n\n\n\n<p class=\"has-text-align-justify has-normal-font-size\" style=\"line-height:2\">Lorsqu\u2019une personne appara\u00eet sur une photo ou\u00a0 image, son accord est n\u00e9cessaire pour utiliser les visuels concern\u00e9s sur des supports de communication ou sur internet. Avant toute chose, il faut donc demander une autorisation \u00e9crite, sign\u00e9e et dat\u00e9e, en particulier pour les personnes mineures, pour lesquelles une autorisation parentale est n\u00e9cessaire. Le <a href=\"https:\/\/www.infolocale.fr\/blog\/droit-a-limage\/\">droit \u00e0 l&rsquo;image<\/a> pr\u00e9cise que ces autorisation doivent pr\u00e9ciser les utilisations le cadre d\u2019utilisation ainsi que tous les supports sur lesquels pourra figurer la photo ou vid\u00e9o.<\/p>\n\n\n\n<h4 class=\"wp-block-heading\"><strong>Sans oublier les droits d\u2019auteur<\/strong><\/h4>\n\n\n\n<p class=\"has-text-align-justify has-normal-font-size\" style=\"line-height:2\">Toutes les images que vous trouverez sur internet ne sont pas gratuites. Afin d\u2019\u00e9viter les xxx, dirigez-vous plut\u00f4t vers des sites qui proposent des images libres de droit, disponibles sur les sites cit\u00e9s plus haut. Vous aurez alors acc\u00e8s \u00e0 toute une biblioth\u00e8que d\u2019images et photos que vous pourrez utiliser comme bon vous semble.<\/p>\n","protected":false},"excerpt":{"rendered":"<p>Dans la communication sur internet comme le \u00ab\u00a0print\u00ab\u00a0, un bon visuel est la cl\u00e9 pour \u00eatre efficace et faire passer son message. R\u00e9aliser un visuel [&hellip;]<\/p>\n","protected":false},"author":4,"featured_media":4523,"comment_status":"open","ping_status":"open","sticky":false,"template":"","format":"standard","meta":{"_coblocks_attr":"","_coblocks_dimensions":"","_coblocks_responsive_height":"","_coblocks_accordion_ie_support":"","_mo_disable_npp":"","footnotes":""},"categories":[69],"tags":[],"class_list":["post-3585","post","type-post","status-publish","format-standard","has-post-thumbnail","hentry","category-communication-des-associations"],"yoast_head":"<!-- This site is optimized with the Yoast SEO plugin v23.2 - https:\/\/yoast.com\/wordpress\/plugins\/seo\/ -->\n<title>Les outils d\u00e9butants pour une cr\u00e9ation de visuel efficace<\/title>\n<meta name=\"description\" content=\"Cr\u00e9er un visuel professionnel et efficace peut sembler compliqu\u00e9. Infolocale partage avec vous ses conseils et outils gratuits pour d\u00e9butants\" \/>\n<meta name=\"robots\" content=\"index, follow, max-snippet:-1, max-image-preview:large, max-video-preview:-1\" \/>\n<link rel=\"canonical\" href=\"https:\/\/infolocale.20minutes.fr\/blog\/outils-visuel-efficace-debutants\/\" \/>\n<meta property=\"og:locale\" content=\"fr_FR\" \/>\n<meta property=\"og:type\" content=\"article\" \/>\n<meta property=\"og:title\" content=\"Les outils d\u00e9butants pour une cr\u00e9ation de visuel efficace\" \/>\n<meta property=\"og:description\" content=\"Cr\u00e9er un visuel professionnel et efficace peut sembler compliqu\u00e9. Infolocale partage avec vous ses conseils et outils gratuits pour d\u00e9butants\" \/>\n<meta property=\"og:url\" content=\"https:\/\/infolocale.20minutes.fr\/blog\/outils-visuel-efficace-debutants\/\" \/>\n<meta property=\"article:publisher\" content=\"https:\/\/www.facebook.com\/infolocaleFR\/\" \/>\n<meta property=\"article:published_time\" content=\"2020-05-03T07:11:40+00:00\" \/>\n<meta property=\"article:modified_time\" content=\"2023-03-01T11:08:54+00:00\" \/>\n<meta property=\"og:image\" content=\"https:\/\/infolocale.20minutes.fr\/blog\/wp-content\/uploads\/2020\/05\/Nouveau-projet-2.jpg\" \/>\n\t<meta property=\"og:image:width\" content=\"1200\" \/>\n\t<meta property=\"og:image:height\" content=\"630\" \/>\n\t<meta property=\"og:image:type\" content=\"image\/jpeg\" \/>\n<meta name=\"author\" content=\"manonof\" \/>\n<meta name=\"twitter:card\" content=\"summary_large_image\" \/>\n<meta name=\"twitter:image\" content=\"https:\/\/infolocale.20minutes.fr\/blog\/wp-content\/uploads\/2020\/05\/Nouveau-projet-2.jpg\" \/>\n<meta name=\"twitter:creator\" content=\"@infolocale\" \/>\n<meta name=\"twitter:site\" content=\"@infolocale\" \/>\n<meta name=\"twitter:label1\" content=\"\u00c9crit par\" \/>\n\t<meta name=\"twitter:data1\" content=\"manonof\" \/>\n\t<meta name=\"twitter:label2\" content=\"Dur\u00e9e de lecture estim\u00e9e\" \/>\n\t<meta name=\"twitter:data2\" content=\"6 minutes\" \/>\n<script type=\"application\/ld+json\" class=\"yoast-schema-graph\">{\"@context\":\"https:\/\/schema.org\",\"@graph\":[{\"@type\":\"Article\",\"@id\":\"https:\/\/infolocale.20minutes.fr\/blog\/outils-visuel-efficace-debutants\/#article\",\"isPartOf\":{\"@id\":\"https:\/\/infolocale.20minutes.fr\/blog\/outils-visuel-efficace-debutants\/\"},\"author\":{\"name\":\"manonof\",\"@id\":\"https:\/\/www.infolocale.fr\/blog\/#\/schema\/person\/bcac7c004ddad269da751f369e023001\"},\"headline\":\"Cr\u00e9er des visuels efficaces\",\"datePublished\":\"2020-05-03T07:11:40+00:00\",\"dateModified\":\"2023-03-01T11:08:54+00:00\",\"mainEntityOfPage\":{\"@id\":\"https:\/\/infolocale.20minutes.fr\/blog\/outils-visuel-efficace-debutants\/\"},\"wordCount\":1033,\"commentCount\":0,\"publisher\":{\"@id\":\"https:\/\/www.infolocale.fr\/blog\/#organization\"},\"image\":{\"@id\":\"https:\/\/infolocale.20minutes.fr\/blog\/outils-visuel-efficace-debutants\/#primaryimage\"},\"thumbnailUrl\":\"https:\/\/infolocale.20minutes.fr\/blog\/wp-content\/uploads\/2020\/05\/Nouveau-projet-2.jpg\",\"articleSection\":[\"Communication des associations\"],\"inLanguage\":\"fr-FR\",\"potentialAction\":[{\"@type\":\"CommentAction\",\"name\":\"Comment\",\"target\":[\"https:\/\/infolocale.20minutes.fr\/blog\/outils-visuel-efficace-debutants\/#respond\"]}]},{\"@type\":\"WebPage\",\"@id\":\"https:\/\/infolocale.20minutes.fr\/blog\/outils-visuel-efficace-debutants\/\",\"url\":\"https:\/\/infolocale.20minutes.fr\/blog\/outils-visuel-efficace-debutants\/\",\"name\":\"Les outils d\u00e9butants pour une cr\u00e9ation de visuel efficace\",\"isPartOf\":{\"@id\":\"https:\/\/www.infolocale.fr\/blog\/#website\"},\"primaryImageOfPage\":{\"@id\":\"https:\/\/infolocale.20minutes.fr\/blog\/outils-visuel-efficace-debutants\/#primaryimage\"},\"image\":{\"@id\":\"https:\/\/infolocale.20minutes.fr\/blog\/outils-visuel-efficace-debutants\/#primaryimage\"},\"thumbnailUrl\":\"https:\/\/infolocale.20minutes.fr\/blog\/wp-content\/uploads\/2020\/05\/Nouveau-projet-2.jpg\",\"datePublished\":\"2020-05-03T07:11:40+00:00\",\"dateModified\":\"2023-03-01T11:08:54+00:00\",\"description\":\"Cr\u00e9er un visuel professionnel et efficace peut sembler compliqu\u00e9. Infolocale partage avec vous ses conseils et outils gratuits pour d\u00e9butants\",\"breadcrumb\":{\"@id\":\"https:\/\/infolocale.20minutes.fr\/blog\/outils-visuel-efficace-debutants\/#breadcrumb\"},\"inLanguage\":\"fr-FR\",\"potentialAction\":[{\"@type\":\"ReadAction\",\"target\":[\"https:\/\/infolocale.20minutes.fr\/blog\/outils-visuel-efficace-debutants\/\"]}]},{\"@type\":\"ImageObject\",\"inLanguage\":\"fr-FR\",\"@id\":\"https:\/\/infolocale.20minutes.fr\/blog\/outils-visuel-efficace-debutants\/#primaryimage\",\"url\":\"https:\/\/infolocale.20minutes.fr\/blog\/wp-content\/uploads\/2020\/05\/Nouveau-projet-2.jpg\",\"contentUrl\":\"https:\/\/infolocale.20minutes.fr\/blog\/wp-content\/uploads\/2020\/05\/Nouveau-projet-2.jpg\",\"width\":1200,\"height\":630,\"caption\":\"Cr\u00e9er des visuels efficaces\"},{\"@type\":\"BreadcrumbList\",\"@id\":\"https:\/\/infolocale.20minutes.fr\/blog\/outils-visuel-efficace-debutants\/#breadcrumb\",\"itemListElement\":[{\"@type\":\"ListItem\",\"position\":1,\"name\":\"Blog\",\"item\":\"https:\/\/infolocale.ouest-france.fr\/blog\/\"},{\"@type\":\"ListItem\",\"position\":2,\"name\":\"Communication des associations\",\"item\":\"https:\/\/infolocale.ouest-france.fr\/blog\/cat\/communication-des-associations\/\"},{\"@type\":\"ListItem\",\"position\":3,\"name\":\"Cr\u00e9er des visuels efficaces\"}]},{\"@type\":\"WebSite\",\"@id\":\"https:\/\/www.infolocale.fr\/blog\/#website\",\"url\":\"https:\/\/www.infolocale.fr\/blog\/\",\"name\":\"\",\"description\":\"\",\"publisher\":{\"@id\":\"https:\/\/www.infolocale.fr\/blog\/#organization\"},\"potentialAction\":[{\"@type\":\"SearchAction\",\"target\":{\"@type\":\"EntryPoint\",\"urlTemplate\":\"https:\/\/www.infolocale.fr\/blog\/?s={search_term_string}\"},\"query-input\":\"required name=search_term_string\"}],\"inLanguage\":\"fr-FR\"},{\"@type\":\"Organization\",\"@id\":\"https:\/\/www.infolocale.fr\/blog\/#organization\",\"name\":\"Infolocale\",\"url\":\"https:\/\/www.infolocale.fr\/blog\/\",\"logo\":{\"@type\":\"ImageObject\",\"inLanguage\":\"fr-FR\",\"@id\":\"https:\/\/www.infolocale.fr\/blog\/#\/schema\/logo\/image\/\",\"url\":\"https:\/\/www.infolocale.fr\/blog\/wp-content\/uploads\/2020\/11\/logol.jpg\",\"contentUrl\":\"https:\/\/www.infolocale.fr\/blog\/wp-content\/uploads\/2020\/11\/logol.jpg\",\"width\":1031,\"height\":398,\"caption\":\"Infolocale\"},\"image\":{\"@id\":\"https:\/\/www.infolocale.fr\/blog\/#\/schema\/logo\/image\/\"},\"sameAs\":[\"https:\/\/www.facebook.com\/infolocaleFR\/\",\"https:\/\/x.com\/infolocale\",\"https:\/\/www.instagram.com\/infolocale\/\",\"https:\/\/fr.linkedin.com\/company\/infolocale\",\"https:\/\/www.youtube.com\/channel\/UCnv4FA8EYEuu_si3TGr7xeA\"]},{\"@type\":\"Person\",\"@id\":\"https:\/\/www.infolocale.fr\/blog\/#\/schema\/person\/bcac7c004ddad269da751f369e023001\",\"name\":\"manonof\",\"image\":{\"@type\":\"ImageObject\",\"inLanguage\":\"fr-FR\",\"@id\":\"https:\/\/www.infolocale.fr\/blog\/#\/schema\/person\/image\/\",\"url\":\"https:\/\/secure.gravatar.com\/avatar\/?s=96&d=mm&r=g\",\"contentUrl\":\"https:\/\/secure.gravatar.com\/avatar\/?s=96&d=mm&r=g\",\"caption\":\"manonof\"},\"url\":\"https:\/\/infolocale.20minutes.fr\/blog\/author\/manonof\/\"}]}<\/script>\n<!-- \/ Yoast SEO plugin. -->","yoast_head_json":{"title":"Les outils d\u00e9butants pour une cr\u00e9ation de visuel efficace","description":"Cr\u00e9er un visuel professionnel et efficace peut sembler compliqu\u00e9. Infolocale partage avec vous ses conseils et outils gratuits pour d\u00e9butants","robots":{"index":"index","follow":"follow","max-snippet":"max-snippet:-1","max-image-preview":"max-image-preview:large","max-video-preview":"max-video-preview:-1"},"canonical":"https:\/\/infolocale.20minutes.fr\/blog\/outils-visuel-efficace-debutants\/","og_locale":"fr_FR","og_type":"article","og_title":"Les outils d\u00e9butants pour une cr\u00e9ation de visuel efficace","og_description":"Cr\u00e9er un visuel professionnel et efficace peut sembler compliqu\u00e9. Infolocale partage avec vous ses conseils et outils gratuits pour d\u00e9butants","og_url":"https:\/\/infolocale.20minutes.fr\/blog\/outils-visuel-efficace-debutants\/","article_publisher":"https:\/\/www.facebook.com\/infolocaleFR\/","article_published_time":"2020-05-03T07:11:40+00:00","article_modified_time":"2023-03-01T11:08:54+00:00","og_image":[{"width":1200,"height":630,"url":"https:\/\/infolocale.20minutes.fr\/blog\/wp-content\/uploads\/2020\/05\/Nouveau-projet-2.jpg","type":"image\/jpeg"}],"author":"manonof","twitter_card":"summary_large_image","twitter_image":"https:\/\/infolocale.20minutes.fr\/blog\/wp-content\/uploads\/2020\/05\/Nouveau-projet-2.jpg","twitter_creator":"@infolocale","twitter_site":"@infolocale","twitter_misc":{"\u00c9crit par":"manonof","Dur\u00e9e de lecture estim\u00e9e":"6 minutes"},"schema":{"@context":"https:\/\/schema.org","@graph":[{"@type":"Article","@id":"https:\/\/infolocale.20minutes.fr\/blog\/outils-visuel-efficace-debutants\/#article","isPartOf":{"@id":"https:\/\/infolocale.20minutes.fr\/blog\/outils-visuel-efficace-debutants\/"},"author":{"name":"manonof","@id":"https:\/\/www.infolocale.fr\/blog\/#\/schema\/person\/bcac7c004ddad269da751f369e023001"},"headline":"Cr\u00e9er des visuels efficaces","datePublished":"2020-05-03T07:11:40+00:00","dateModified":"2023-03-01T11:08:54+00:00","mainEntityOfPage":{"@id":"https:\/\/infolocale.20minutes.fr\/blog\/outils-visuel-efficace-debutants\/"},"wordCount":1033,"commentCount":0,"publisher":{"@id":"https:\/\/www.infolocale.fr\/blog\/#organization"},"image":{"@id":"https:\/\/infolocale.20minutes.fr\/blog\/outils-visuel-efficace-debutants\/#primaryimage"},"thumbnailUrl":"https:\/\/infolocale.20minutes.fr\/blog\/wp-content\/uploads\/2020\/05\/Nouveau-projet-2.jpg","articleSection":["Communication des associations"],"inLanguage":"fr-FR","potentialAction":[{"@type":"CommentAction","name":"Comment","target":["https:\/\/infolocale.20minutes.fr\/blog\/outils-visuel-efficace-debutants\/#respond"]}]},{"@type":"WebPage","@id":"https:\/\/infolocale.20minutes.fr\/blog\/outils-visuel-efficace-debutants\/","url":"https:\/\/infolocale.20minutes.fr\/blog\/outils-visuel-efficace-debutants\/","name":"Les outils d\u00e9butants pour une cr\u00e9ation de visuel efficace","isPartOf":{"@id":"https:\/\/www.infolocale.fr\/blog\/#website"},"primaryImageOfPage":{"@id":"https:\/\/infolocale.20minutes.fr\/blog\/outils-visuel-efficace-debutants\/#primaryimage"},"image":{"@id":"https:\/\/infolocale.20minutes.fr\/blog\/outils-visuel-efficace-debutants\/#primaryimage"},"thumbnailUrl":"https:\/\/infolocale.20minutes.fr\/blog\/wp-content\/uploads\/2020\/05\/Nouveau-projet-2.jpg","datePublished":"2020-05-03T07:11:40+00:00","dateModified":"2023-03-01T11:08:54+00:00","description":"Cr\u00e9er un visuel professionnel et efficace peut sembler compliqu\u00e9. Infolocale partage avec vous ses conseils et outils gratuits pour d\u00e9butants","breadcrumb":{"@id":"https:\/\/infolocale.20minutes.fr\/blog\/outils-visuel-efficace-debutants\/#breadcrumb"},"inLanguage":"fr-FR","potentialAction":[{"@type":"ReadAction","target":["https:\/\/infolocale.20minutes.fr\/blog\/outils-visuel-efficace-debutants\/"]}]},{"@type":"ImageObject","inLanguage":"fr-FR","@id":"https:\/\/infolocale.20minutes.fr\/blog\/outils-visuel-efficace-debutants\/#primaryimage","url":"https:\/\/infolocale.20minutes.fr\/blog\/wp-content\/uploads\/2020\/05\/Nouveau-projet-2.jpg","contentUrl":"https:\/\/infolocale.20minutes.fr\/blog\/wp-content\/uploads\/2020\/05\/Nouveau-projet-2.jpg","width":1200,"height":630,"caption":"Cr\u00e9er des visuels efficaces"},{"@type":"BreadcrumbList","@id":"https:\/\/infolocale.20minutes.fr\/blog\/outils-visuel-efficace-debutants\/#breadcrumb","itemListElement":[{"@type":"ListItem","position":1,"name":"Blog","item":"https:\/\/infolocale.ouest-france.fr\/blog\/"},{"@type":"ListItem","position":2,"name":"Communication des associations","item":"https:\/\/infolocale.ouest-france.fr\/blog\/cat\/communication-des-associations\/"},{"@type":"ListItem","position":3,"name":"Cr\u00e9er des visuels efficaces"}]},{"@type":"WebSite","@id":"https:\/\/www.infolocale.fr\/blog\/#website","url":"https:\/\/www.infolocale.fr\/blog\/","name":"","description":"","publisher":{"@id":"https:\/\/www.infolocale.fr\/blog\/#organization"},"potentialAction":[{"@type":"SearchAction","target":{"@type":"EntryPoint","urlTemplate":"https:\/\/www.infolocale.fr\/blog\/?s={search_term_string}"},"query-input":"required name=search_term_string"}],"inLanguage":"fr-FR"},{"@type":"Organization","@id":"https:\/\/www.infolocale.fr\/blog\/#organization","name":"Infolocale","url":"https:\/\/www.infolocale.fr\/blog\/","logo":{"@type":"ImageObject","inLanguage":"fr-FR","@id":"https:\/\/www.infolocale.fr\/blog\/#\/schema\/logo\/image\/","url":"https:\/\/www.infolocale.fr\/blog\/wp-content\/uploads\/2020\/11\/logol.jpg","contentUrl":"https:\/\/www.infolocale.fr\/blog\/wp-content\/uploads\/2020\/11\/logol.jpg","width":1031,"height":398,"caption":"Infolocale"},"image":{"@id":"https:\/\/www.infolocale.fr\/blog\/#\/schema\/logo\/image\/"},"sameAs":["https:\/\/www.facebook.com\/infolocaleFR\/","https:\/\/x.com\/infolocale","https:\/\/www.instagram.com\/infolocale\/","https:\/\/fr.linkedin.com\/company\/infolocale","https:\/\/www.youtube.com\/channel\/UCnv4FA8EYEuu_si3TGr7xeA"]},{"@type":"Person","@id":"https:\/\/www.infolocale.fr\/blog\/#\/schema\/person\/bcac7c004ddad269da751f369e023001","name":"manonof","image":{"@type":"ImageObject","inLanguage":"fr-FR","@id":"https:\/\/www.infolocale.fr\/blog\/#\/schema\/person\/image\/","url":"https:\/\/secure.gravatar.com\/avatar\/?s=96&d=mm&r=g","contentUrl":"https:\/\/secure.gravatar.com\/avatar\/?s=96&d=mm&r=g","caption":"manonof"},"url":"https:\/\/infolocale.20minutes.fr\/blog\/author\/manonof\/"}]}},"_links":{"self":[{"href":"https:\/\/infolocale.20minutes.fr\/blog\/wp-json\/wp\/v2\/posts\/3585"}],"collection":[{"href":"https:\/\/infolocale.20minutes.fr\/blog\/wp-json\/wp\/v2\/posts"}],"about":[{"href":"https:\/\/infolocale.20minutes.fr\/blog\/wp-json\/wp\/v2\/types\/post"}],"author":[{"embeddable":true,"href":"https:\/\/infolocale.20minutes.fr\/blog\/wp-json\/wp\/v2\/users\/4"}],"replies":[{"embeddable":true,"href":"https:\/\/infolocale.20minutes.fr\/blog\/wp-json\/wp\/v2\/comments?post=3585"}],"version-history":[{"count":0,"href":"https:\/\/infolocale.20minutes.fr\/blog\/wp-json\/wp\/v2\/posts\/3585\/revisions"}],"wp:featuredmedia":[{"embeddable":true,"href":"https:\/\/infolocale.20minutes.fr\/blog\/wp-json\/wp\/v2\/media\/4523"}],"wp:attachment":[{"href":"https:\/\/infolocale.20minutes.fr\/blog\/wp-json\/wp\/v2\/media?parent=3585"}],"wp:term":[{"taxonomy":"category","embeddable":true,"href":"https:\/\/infolocale.20minutes.fr\/blog\/wp-json\/wp\/v2\/categories?post=3585"},{"taxonomy":"post_tag","embeddable":true,"href":"https:\/\/infolocale.20minutes.fr\/blog\/wp-json\/wp\/v2\/tags?post=3585"}],"curies":[{"name":"wp","href":"https:\/\/api.w.org\/{rel}","templated":true}]}}