{"id":3352,"date":"2020-07-20T16:14:00","date_gmt":"2020-07-20T15:14:00","guid":{"rendered":"https:\/\/blog.infolocale.fr\/?p=3352"},"modified":"2021-10-19T12:24:13","modified_gmt":"2021-10-19T10:24:13","slug":"thierry-lemarchand-artisan-beurrier-beurre-madame","status":"publish","type":"post","link":"https:\/\/infolocale.20minutes.fr\/blog\/thierry-lemarchand-artisan-beurrier-beurre-madame\/","title":{"rendered":"Thierry Lemarchand, paysan artisan \u00ab\u00a0d&rsquo;or en beurre\u00a0\u00bb"},"content":{"rendered":"\n<p class=\"has-text-align-justify has-normal-font-size\" style=\"line-height:2\">En relan\u00e7ant une race bovine en perdition, la Fro<em>ment du L\u00e9on, <\/em>Thierry a choisi un march\u00e9 de niche&nbsp;: la production de lait d\u2019exception&nbsp;!&nbsp; Son cheptel de 160 b\u00eates, dot\u00e9 d\u2019un taureau, compte 80 vaches laiti\u00e8res qui produisent un lait tr\u00e8s riche en mati\u00e8res grasses et prot\u00e9iques, essentiellement transform\u00e9 en cr\u00e8me et beurre cru, le <em>\u00ab Beurre de Madame<\/em> \u00bb. &nbsp;18 litres de lait sont n\u00e9cessaire pour fabriquer 1 kg de beurre&nbsp;! &nbsp;Le lait est \u00e9galement riche en b\u00eata-carot\u00e8ne, qui lui donne sa couleur.<\/p>\n\n\n\n<h4 class=\"has-text-align-center wp-block-heading\"><strong>Du beurre, couleur d\u2019or<\/strong><\/h4>\n\n\n\n<figure class=\"wp-block-image size-large\"><img decoding=\"async\" src=\"https:\/\/blog.infolocale.fr\/wp-content\/uploads\/2020\/10\/Capture-decran-2018-12-14-a-06.39.30-800x585-1.png\" alt=\"\" class=\"wp-image-4081\"\/><\/figure>\n\n\n\n<p class=\"has-text-align-justify has-normal-font-size\" style=\"line-height:2\">La Froment du L\u00e9on, \u00e9galement surnomm\u00e9e \u00ab&nbsp;<em>vache \u00e0 Madame<\/em>&nbsp;\u00bb \u00e0 cause de sa docilit\u00e9, a une faible productivit\u00e9 de 8 \u00e0 10 litres par jour. Cette race est 3 \u00e0 4 fois moins productive qu\u2019une&nbsp;Holstein. Ses grands-parents poss\u00e9daient une vache <em>Froment du L\u00e9on<\/em>, et Thierry s\u2019\u00e9tait promis d\u2019en poss\u00e9der un jour\u2026 En d\u00e9cidant de relancer cette race, il opte alors pour les circuits courts, revend le contrat qui le liait \u00e0 une laiterie et se lance dans la transformation \u00e0 la ferme sur un march\u00e9 restreint. &nbsp;Sa compagne, Catherine Theatre, s\u2019occupe \u00ab&nbsp;<strong>de la baratte pour le beurre, \u00c7a me pla\u00eet \u00e9norm\u00e9ment&nbsp;! \u00bb<\/strong><\/p>\n\n\n\n<figure class=\"wp-block-image size-large\"><a href=\"https:\/\/s.infolocale.fr\/?utm_source=blog&amp;utm_medium=banner&amp;utm_campaign=blog-contents\"><img fetchpriority=\"high\" decoding=\"async\" width=\"908\" height=\"196\" src=\"https:\/\/www.infolocale.fr\/blog\/wp-content\/uploads\/2021\/02\/Banniere_evenement.png\" alt=\"\" class=\"wp-image-5949\" srcset=\"https:\/\/infolocale.20minutes.fr\/blog\/wp-content\/uploads\/2021\/02\/Banniere_evenement.png 908w, https:\/\/infolocale.20minutes.fr\/blog\/wp-content\/uploads\/2021\/02\/Banniere_evenement-300x65.png 300w, https:\/\/infolocale.20minutes.fr\/blog\/wp-content\/uploads\/2021\/02\/Banniere_evenement-768x166.png 768w, https:\/\/infolocale.20minutes.fr\/blog\/wp-content\/uploads\/2021\/02\/Banniere_evenement-278x60.png 278w\" sizes=\"(max-width: 908px) 100vw, 908px\" \/><\/a><\/figure>\n\n\n\n<h4 class=\"has-text-align-center wp-block-heading\"><strong>La Covid&nbsp;: tout faire pour ne pas \u00eatre dans le rouge et broyer du noir&nbsp;!<\/strong><\/h4>\n\n\n\n<p class=\"has-text-align-justify has-normal-font-size\" style=\"line-height:2\">La crise du Covid-19 a induit un arr\u00eat brutal. Mars est un mois de pleine production, en plein pic du printemps, l\u2019herbe est riche en prot\u00e9ines.\u00a0 Apr\u00e8s la stupeur, avant l\u2019effroi, Thierry et Catherine se sont r\u00e9organis\u00e9s. Ils ont lou\u00e9 des cong\u00e9lateurs chez un grossiste pour stocker le beurre doux, mati\u00e8re premi\u00e8re des p\u00e2tissiers et biscuitiers, notamment de la Maison Poil\u00e2ne.  <\/p>\n\n\n\n<p><\/p>\n\n\n\n<figure class=\"wp-block-pullquote\"><blockquote><p>\u00ab <strong>Nous avons tout tent\u00e9 pour ne pas perdre la marchandise&nbsp;! Mais \u00e0 quel prix sera-t-elle valoris\u00e9e&nbsp;?&nbsp;\u00bb<\/strong><\/p><\/blockquote><\/figure>\n\n\n\n<p><\/p>\n\n\n\n<p class=\"has-text-align-justify has-normal-font-size\" style=\"line-height:2\">Les restaurateurs repr\u00e9sentent 90 % de leur client\u00e8le. Olivier Roellinger est le premier qui lui a fait confiance, et son fils Hugo Roellinger continue \u00e0 acheter le beurre pour sa cuisine. Dans leurs boutiques, ils proposent \u00e0 la vente les petits pots de 125 g appel\u00e9 <em>\u00ab Beurre de Madame<\/em> \u00bb, une marque d\u00e9pos\u00e9e par Thierry Lemarchand.<\/p>\n\n\n\n<p class=\"has-text-align-justify has-normal-font-size\" style=\"line-height:2\">Dans la tourmente, le couple a aussi pu compter sur la solidarit\u00e9 des restaurateurs du bassin rennais qui les ont associ\u00e9s \u00e0 leurs initiatives. Les paniers \u00e0 emporter proposaient des ballotins du \u00ab <em>Beurre de Madame \u00bb.&nbsp; <\/em>Les particuliers pouvaient en commander ! \u00c9galement gr\u00e2ce \u00e0 des&nbsp;voisins et confr\u00e8res producteurs, &nbsp;qui ont organis\u00e9 des march\u00e9s et vendu le fameux beurre. Catherine a d\u00fb s\u2019adapter \u00e0 la demande et fabriquer des ballotins de 250 gr, format non commercialis\u00e9 jusqu\u2019\u00e0 pr\u00e9sent&nbsp;! <strong>\u00ab&nbsp;J\u2019ai fait de mon mieux, \u00e0 la main, pour conditionner&nbsp;le beurre, l\u2019emballer selon les r\u00e8gles que nous nous imposons pour&nbsp;respecter son caract\u00e8re d\u2019exception&nbsp;!&nbsp;\u00bb<\/strong><\/p>\n\n\n\n<p class=\"has-text-align-justify has-normal-font-size\" style=\"line-height:2\">Mi-juillet 2020, les restaurateurs parisiens n\u2019ont pas vraiment repris leur activit\u00e9. Les touristes \u00e9trangers ne sont pas de retour. Face \u00e0 ces commandes en baisse, estim\u00e9e \u00e0 moins 90 %, Thierry n\u2019assure qu\u2019une mono-traite, contre deux, avant.<\/p>\n\n\n\n<h4 class=\"has-text-align-center wp-block-heading\"><strong>\u00ab&nbsp;L\u2019essentiel \u00e9tait de rester en bonne sant\u00e9 !&nbsp;\u00bb<\/strong><\/h4>\n\n\n\n<p class=\"has-text-align-justify has-normal-font-size\" style=\"line-height:2\"><strong>&nbsp;\u00ab&nbsp;La pand\u00e9mie a obstru\u00e9 les circuits de commercialisation, influ\u00e9 notre production. Je ne fais que ma part d\u2019\u00e9leveur, mes races ont failli dispara\u00eetre, et je veux continuer \u00e0 les faire vivre. Nous \u00e9tions inquiets pour nos clients. Les restaurateurs ont su \u00eatre inventifs et ont eu \u00e0 c\u0153ur de mettre leurs producteurs en avant. Des liens d\u2019amiti\u00e9 nous unissent.\u00bb<\/strong><\/p>\n\n\n\n<p class=\"has-text-align-justify has-normal-font-size\" style=\"line-height:2\">Catherine et lui r\u00e9fl\u00e9chissent aujourd&rsquo;hui\u00a0\u00e0 la diversification de produits pour valoriser leur lait\u00a0: pourquoi ne pas fabriquer <em>le Gwell<\/em>\u00a0: entre le yaourt et le lait ribot, le gros-lait est le produit phare des races bovines Bretonnes <em>pie noir<\/em>, <em>nantaise<\/em>, <em>armoricaine<\/em> et <em>froment du L\u00e9on<\/em>\u00a0? Pourquoi pas un fromage breton\u00a0? Mais il est trop t\u00f4t pour \u00e9voquer le <em>Breizh Cheddar\u00a0<\/em>!<\/p>\n\n\n\n<h2 class=\"wp-block-heading\">C&rsquo;est reparti !!<\/h2>\n\n\n\n<p>L&rsquo;exploitation a fait face ! Ses produits sont toujours commercialis\u00e9s sur Paris, chez Poil\u00e2ne ; dans certaines \u00e9piceries fines, dans le r\u00e9seau Bio Coop. En Ille-et-Vilaine, ils sont vendus \u00e0 Pac\u00e9, pr\u00e8s de Rennes, dans un magasin de producteurs : Le Cardasson, 11 rue Allory, \u00e0 Pac\u00e9.<\/p>\n\n\n\n<p>*Photo d&rsquo;illustration : Catherine&nbsp; et Thierry devant leurs vaches <em>Froment du L\u00e9on<\/em><\/p>\n\n\n\n<figure class=\"wp-block-image size-large\"><a href=\"https:\/\/s.infolocale.fr\/?utm_source=blog&amp;utm_medium=banner&amp;utm_campaign=blog-contents\"><img decoding=\"async\" width=\"1024\" height=\"243\" src=\"https:\/\/www.infolocale.fr\/blog\/wp-content\/uploads\/2021\/02\/Association_bleu-1024x243.png\" alt=\"\" class=\"wp-image-5938\" srcset=\"https:\/\/infolocale.20minutes.fr\/blog\/wp-content\/uploads\/2021\/02\/Association_bleu-1024x243.png 1024w, https:\/\/infolocale.20minutes.fr\/blog\/wp-content\/uploads\/2021\/02\/Association_bleu-300x71.png 300w, https:\/\/infolocale.20minutes.fr\/blog\/wp-content\/uploads\/2021\/02\/Association_bleu-768x182.png 768w, https:\/\/infolocale.20minutes.fr\/blog\/wp-content\/uploads\/2021\/02\/Association_bleu-253x60.png 253w, https:\/\/infolocale.20minutes.fr\/blog\/wp-content\/uploads\/2021\/02\/Association_bleu.png 1166w\" sizes=\"(max-width: 1024px) 100vw, 1024px\" \/><\/a><\/figure>\n","protected":false},"excerpt":{"rendered":"<p>En relan\u00e7ant une race bovine en perdition, la Froment du L\u00e9on, Thierry a choisi un march\u00e9 de niche&nbsp;: la production de lait d\u2019exception&nbsp;!&nbsp; Son cheptel [&hellip;]<\/p>\n","protected":false},"author":8,"featured_media":5059,"comment_status":"open","ping_status":"open","sticky":false,"template":"","format":"standard","meta":{"_coblocks_attr":"","_coblocks_dimensions":"","_coblocks_responsive_height":"","_coblocks_accordion_ie_support":"","_mo_disable_npp":"","footnotes":""},"categories":[6],"tags":[13,45],"class_list":["post-3352","post","type-post","status-publish","format-standard","has-post-thumbnail","hentry","category-actu-acteurs-locaux","tag-articles-actualites","tag-portraits"],"yoast_head":"<!-- This site is optimized with the Yoast SEO plugin v23.2 - https:\/\/yoast.com\/wordpress\/plugins\/seo\/ -->\n<title>Thierry Lemarchand, artisan beurrier sur un march\u00e9 restreint<\/title>\n<meta name=\"description\" content=\"Le producteur du \u00ab Beurre de Madame \u00bb a d\u00fb se r\u00e9organiser pour faire face \u00e0 cette crise, aid\u00e9 par sa compagne et les restaurateurs rennais.\" \/>\n<meta name=\"robots\" content=\"index, follow, max-snippet:-1, max-image-preview:large, max-video-preview:-1\" \/>\n<link rel=\"canonical\" href=\"https:\/\/infolocale.20minutes.fr\/blog\/thierry-lemarchand-artisan-beurrier-beurre-madame\/\" \/>\n<meta property=\"og:locale\" content=\"fr_FR\" \/>\n<meta property=\"og:type\" content=\"article\" \/>\n<meta property=\"og:title\" content=\"Thierry Lemarchand, artisan beurrier sur un march\u00e9 restreint\" \/>\n<meta property=\"og:description\" content=\"Le producteur du \u00ab Beurre de Madame \u00bb a d\u00fb se r\u00e9organiser pour faire face \u00e0 cette crise, aid\u00e9 par sa compagne et les restaurateurs rennais.\" \/>\n<meta property=\"og:url\" content=\"https:\/\/infolocale.20minutes.fr\/blog\/thierry-lemarchand-artisan-beurrier-beurre-madame\/\" \/>\n<meta property=\"article:publisher\" content=\"https:\/\/www.facebook.com\/infolocaleFR\/\" \/>\n<meta property=\"article:published_time\" content=\"2020-07-20T15:14:00+00:00\" \/>\n<meta property=\"article:modified_time\" content=\"2021-10-19T10:24:13+00:00\" \/>\n<meta property=\"og:image\" content=\"https:\/\/infolocale.20minutes.fr\/blog\/wp-content\/uploads\/2020\/07\/Foto6_CatThier_Beur-1024x768-1.jpg\" \/>\n\t<meta property=\"og:image:width\" content=\"1024\" \/>\n\t<meta property=\"og:image:height\" content=\"768\" \/>\n\t<meta property=\"og:image:type\" content=\"image\/jpeg\" \/>\n<meta name=\"author\" content=\"Myl\u00e8ne\" \/>\n<meta name=\"twitter:card\" content=\"summary_large_image\" \/>\n<meta name=\"twitter:creator\" content=\"@infolocale\" \/>\n<meta name=\"twitter:site\" content=\"@infolocale\" \/>\n<meta name=\"twitter:label1\" content=\"\u00c9crit par\" \/>\n\t<meta name=\"twitter:data1\" content=\"Myl\u00e8ne\" \/>\n\t<meta name=\"twitter:label2\" content=\"Dur\u00e9e de lecture estim\u00e9e\" \/>\n\t<meta name=\"twitter:data2\" content=\"4 minutes\" \/>\n<script type=\"application\/ld+json\" class=\"yoast-schema-graph\">{\"@context\":\"https:\/\/schema.org\",\"@graph\":[{\"@type\":\"Article\",\"@id\":\"https:\/\/infolocale.20minutes.fr\/blog\/thierry-lemarchand-artisan-beurrier-beurre-madame\/#article\",\"isPartOf\":{\"@id\":\"https:\/\/infolocale.20minutes.fr\/blog\/thierry-lemarchand-artisan-beurrier-beurre-madame\/\"},\"author\":{\"name\":\"Myl\u00e8ne\",\"@id\":\"https:\/\/www.infolocale.fr\/blog\/#\/schema\/person\/bf2dc50c6636ffa2ce3e44ef1f9eb97f\"},\"headline\":\"Thierry Lemarchand, paysan artisan \u00ab\u00a0d&rsquo;or en beurre\u00a0\u00bb\",\"datePublished\":\"2020-07-20T15:14:00+00:00\",\"dateModified\":\"2021-10-19T10:24:13+00:00\",\"mainEntityOfPage\":{\"@id\":\"https:\/\/infolocale.20minutes.fr\/blog\/thierry-lemarchand-artisan-beurrier-beurre-madame\/\"},\"wordCount\":730,\"commentCount\":2,\"publisher\":{\"@id\":\"https:\/\/www.infolocale.fr\/blog\/#organization\"},\"image\":{\"@id\":\"https:\/\/infolocale.20minutes.fr\/blog\/thierry-lemarchand-artisan-beurrier-beurre-madame\/#primaryimage\"},\"thumbnailUrl\":\"https:\/\/infolocale.20minutes.fr\/blog\/wp-content\/uploads\/2020\/07\/Foto6_CatThier_Beur-1024x768-1.jpg\",\"keywords\":[\"Actualit\u00e9s\",\"Portraits\"],\"articleSection\":[\"En ce moment\"],\"inLanguage\":\"fr-FR\",\"potentialAction\":[{\"@type\":\"CommentAction\",\"name\":\"Comment\",\"target\":[\"https:\/\/infolocale.20minutes.fr\/blog\/thierry-lemarchand-artisan-beurrier-beurre-madame\/#respond\"]}]},{\"@type\":\"WebPage\",\"@id\":\"https:\/\/infolocale.20minutes.fr\/blog\/thierry-lemarchand-artisan-beurrier-beurre-madame\/\",\"url\":\"https:\/\/infolocale.20minutes.fr\/blog\/thierry-lemarchand-artisan-beurrier-beurre-madame\/\",\"name\":\"Thierry Lemarchand, artisan beurrier sur un march\u00e9 restreint\",\"isPartOf\":{\"@id\":\"https:\/\/www.infolocale.fr\/blog\/#website\"},\"primaryImageOfPage\":{\"@id\":\"https:\/\/infolocale.20minutes.fr\/blog\/thierry-lemarchand-artisan-beurrier-beurre-madame\/#primaryimage\"},\"image\":{\"@id\":\"https:\/\/infolocale.20minutes.fr\/blog\/thierry-lemarchand-artisan-beurrier-beurre-madame\/#primaryimage\"},\"thumbnailUrl\":\"https:\/\/infolocale.20minutes.fr\/blog\/wp-content\/uploads\/2020\/07\/Foto6_CatThier_Beur-1024x768-1.jpg\",\"datePublished\":\"2020-07-20T15:14:00+00:00\",\"dateModified\":\"2021-10-19T10:24:13+00:00\",\"description\":\"Le producteur du \u00ab Beurre de Madame \u00bb a d\u00fb se r\u00e9organiser pour faire face \u00e0 cette crise, aid\u00e9 par sa compagne et les restaurateurs rennais.\",\"breadcrumb\":{\"@id\":\"https:\/\/infolocale.20minutes.fr\/blog\/thierry-lemarchand-artisan-beurrier-beurre-madame\/#breadcrumb\"},\"inLanguage\":\"fr-FR\",\"potentialAction\":[{\"@type\":\"ReadAction\",\"target\":[\"https:\/\/infolocale.20minutes.fr\/blog\/thierry-lemarchand-artisan-beurrier-beurre-madame\/\"]}]},{\"@type\":\"ImageObject\",\"inLanguage\":\"fr-FR\",\"@id\":\"https:\/\/infolocale.20minutes.fr\/blog\/thierry-lemarchand-artisan-beurrier-beurre-madame\/#primaryimage\",\"url\":\"https:\/\/infolocale.20minutes.fr\/blog\/wp-content\/uploads\/2020\/07\/Foto6_CatThier_Beur-1024x768-1.jpg\",\"contentUrl\":\"https:\/\/infolocale.20minutes.fr\/blog\/wp-content\/uploads\/2020\/07\/Foto6_CatThier_Beur-1024x768-1.jpg\",\"width\":1024,\"height\":768},{\"@type\":\"BreadcrumbList\",\"@id\":\"https:\/\/infolocale.20minutes.fr\/blog\/thierry-lemarchand-artisan-beurrier-beurre-madame\/#breadcrumb\",\"itemListElement\":[{\"@type\":\"ListItem\",\"position\":1,\"name\":\"Blog\",\"item\":\"https:\/\/infolocale.ouest-france.fr\/blog\/\"},{\"@type\":\"ListItem\",\"position\":2,\"name\":\"En ce moment\",\"item\":\"https:\/\/infolocale.20minutes.fr\/blog\/cat\/actu-acteurs-locaux\/\"},{\"@type\":\"ListItem\",\"position\":3,\"name\":\"Thierry Lemarchand, paysan artisan \u00ab\u00a0d&rsquo;or en beurre\u00a0\u00bb\"}]},{\"@type\":\"WebSite\",\"@id\":\"https:\/\/www.infolocale.fr\/blog\/#website\",\"url\":\"https:\/\/www.infolocale.fr\/blog\/\",\"name\":\"\",\"description\":\"\",\"publisher\":{\"@id\":\"https:\/\/www.infolocale.fr\/blog\/#organization\"},\"potentialAction\":[{\"@type\":\"SearchAction\",\"target\":{\"@type\":\"EntryPoint\",\"urlTemplate\":\"https:\/\/www.infolocale.fr\/blog\/?s={search_term_string}\"},\"query-input\":\"required name=search_term_string\"}],\"inLanguage\":\"fr-FR\"},{\"@type\":\"Organization\",\"@id\":\"https:\/\/www.infolocale.fr\/blog\/#organization\",\"name\":\"Infolocale\",\"url\":\"https:\/\/www.infolocale.fr\/blog\/\",\"logo\":{\"@type\":\"ImageObject\",\"inLanguage\":\"fr-FR\",\"@id\":\"https:\/\/www.infolocale.fr\/blog\/#\/schema\/logo\/image\/\",\"url\":\"https:\/\/www.infolocale.fr\/blog\/wp-content\/uploads\/2020\/11\/logol.jpg\",\"contentUrl\":\"https:\/\/www.infolocale.fr\/blog\/wp-content\/uploads\/2020\/11\/logol.jpg\",\"width\":1031,\"height\":398,\"caption\":\"Infolocale\"},\"image\":{\"@id\":\"https:\/\/www.infolocale.fr\/blog\/#\/schema\/logo\/image\/\"},\"sameAs\":[\"https:\/\/www.facebook.com\/infolocaleFR\/\",\"https:\/\/x.com\/infolocale\",\"https:\/\/www.instagram.com\/infolocale\/\",\"https:\/\/fr.linkedin.com\/company\/infolocale\",\"https:\/\/www.youtube.com\/channel\/UCnv4FA8EYEuu_si3TGr7xeA\"]},{\"@type\":\"Person\",\"@id\":\"https:\/\/www.infolocale.fr\/blog\/#\/schema\/person\/bf2dc50c6636ffa2ce3e44ef1f9eb97f\",\"name\":\"Myl\u00e8ne\",\"image\":{\"@type\":\"ImageObject\",\"inLanguage\":\"fr-FR\",\"@id\":\"https:\/\/www.infolocale.fr\/blog\/#\/schema\/person\/image\/\",\"url\":\"https:\/\/secure.gravatar.com\/avatar\/49511f0ea4b41ed3062b218e30f07042?s=96&d=mm&r=g\",\"contentUrl\":\"https:\/\/secure.gravatar.com\/avatar\/49511f0ea4b41ed3062b218e30f07042?s=96&d=mm&r=g\",\"caption\":\"Myl\u00e8ne\"},\"url\":\"https:\/\/infolocale.20minutes.fr\/blog\/author\/mylene-michel\/\"}]}<\/script>\n<!-- \/ Yoast SEO plugin. -->","yoast_head_json":{"title":"Thierry Lemarchand, artisan beurrier sur un march\u00e9 restreint","description":"Le producteur du \u00ab Beurre de Madame \u00bb a d\u00fb se r\u00e9organiser pour faire face \u00e0 cette crise, aid\u00e9 par sa compagne et les restaurateurs rennais.","robots":{"index":"index","follow":"follow","max-snippet":"max-snippet:-1","max-image-preview":"max-image-preview:large","max-video-preview":"max-video-preview:-1"},"canonical":"https:\/\/infolocale.20minutes.fr\/blog\/thierry-lemarchand-artisan-beurrier-beurre-madame\/","og_locale":"fr_FR","og_type":"article","og_title":"Thierry Lemarchand, artisan beurrier sur un march\u00e9 restreint","og_description":"Le producteur du \u00ab Beurre de Madame \u00bb a d\u00fb se r\u00e9organiser pour faire face \u00e0 cette crise, aid\u00e9 par sa compagne et les restaurateurs rennais.","og_url":"https:\/\/infolocale.20minutes.fr\/blog\/thierry-lemarchand-artisan-beurrier-beurre-madame\/","article_publisher":"https:\/\/www.facebook.com\/infolocaleFR\/","article_published_time":"2020-07-20T15:14:00+00:00","article_modified_time":"2021-10-19T10:24:13+00:00","og_image":[{"width":1024,"height":768,"url":"https:\/\/infolocale.20minutes.fr\/blog\/wp-content\/uploads\/2020\/07\/Foto6_CatThier_Beur-1024x768-1.jpg","type":"image\/jpeg"}],"author":"Myl\u00e8ne","twitter_card":"summary_large_image","twitter_creator":"@infolocale","twitter_site":"@infolocale","twitter_misc":{"\u00c9crit par":"Myl\u00e8ne","Dur\u00e9e de lecture estim\u00e9e":"4 minutes"},"schema":{"@context":"https:\/\/schema.org","@graph":[{"@type":"Article","@id":"https:\/\/infolocale.20minutes.fr\/blog\/thierry-lemarchand-artisan-beurrier-beurre-madame\/#article","isPartOf":{"@id":"https:\/\/infolocale.20minutes.fr\/blog\/thierry-lemarchand-artisan-beurrier-beurre-madame\/"},"author":{"name":"Myl\u00e8ne","@id":"https:\/\/www.infolocale.fr\/blog\/#\/schema\/person\/bf2dc50c6636ffa2ce3e44ef1f9eb97f"},"headline":"Thierry Lemarchand, paysan artisan \u00ab\u00a0d&rsquo;or en beurre\u00a0\u00bb","datePublished":"2020-07-20T15:14:00+00:00","dateModified":"2021-10-19T10:24:13+00:00","mainEntityOfPage":{"@id":"https:\/\/infolocale.20minutes.fr\/blog\/thierry-lemarchand-artisan-beurrier-beurre-madame\/"},"wordCount":730,"commentCount":2,"publisher":{"@id":"https:\/\/www.infolocale.fr\/blog\/#organization"},"image":{"@id":"https:\/\/infolocale.20minutes.fr\/blog\/thierry-lemarchand-artisan-beurrier-beurre-madame\/#primaryimage"},"thumbnailUrl":"https:\/\/infolocale.20minutes.fr\/blog\/wp-content\/uploads\/2020\/07\/Foto6_CatThier_Beur-1024x768-1.jpg","keywords":["Actualit\u00e9s","Portraits"],"articleSection":["En ce moment"],"inLanguage":"fr-FR","potentialAction":[{"@type":"CommentAction","name":"Comment","target":["https:\/\/infolocale.20minutes.fr\/blog\/thierry-lemarchand-artisan-beurrier-beurre-madame\/#respond"]}]},{"@type":"WebPage","@id":"https:\/\/infolocale.20minutes.fr\/blog\/thierry-lemarchand-artisan-beurrier-beurre-madame\/","url":"https:\/\/infolocale.20minutes.fr\/blog\/thierry-lemarchand-artisan-beurrier-beurre-madame\/","name":"Thierry Lemarchand, artisan beurrier sur un march\u00e9 restreint","isPartOf":{"@id":"https:\/\/www.infolocale.fr\/blog\/#website"},"primaryImageOfPage":{"@id":"https:\/\/infolocale.20minutes.fr\/blog\/thierry-lemarchand-artisan-beurrier-beurre-madame\/#primaryimage"},"image":{"@id":"https:\/\/infolocale.20minutes.fr\/blog\/thierry-lemarchand-artisan-beurrier-beurre-madame\/#primaryimage"},"thumbnailUrl":"https:\/\/infolocale.20minutes.fr\/blog\/wp-content\/uploads\/2020\/07\/Foto6_CatThier_Beur-1024x768-1.jpg","datePublished":"2020-07-20T15:14:00+00:00","dateModified":"2021-10-19T10:24:13+00:00","description":"Le producteur du \u00ab Beurre de Madame \u00bb a d\u00fb se r\u00e9organiser pour faire face \u00e0 cette crise, aid\u00e9 par sa compagne et les restaurateurs rennais.","breadcrumb":{"@id":"https:\/\/infolocale.20minutes.fr\/blog\/thierry-lemarchand-artisan-beurrier-beurre-madame\/#breadcrumb"},"inLanguage":"fr-FR","potentialAction":[{"@type":"ReadAction","target":["https:\/\/infolocale.20minutes.fr\/blog\/thierry-lemarchand-artisan-beurrier-beurre-madame\/"]}]},{"@type":"ImageObject","inLanguage":"fr-FR","@id":"https:\/\/infolocale.20minutes.fr\/blog\/thierry-lemarchand-artisan-beurrier-beurre-madame\/#primaryimage","url":"https:\/\/infolocale.20minutes.fr\/blog\/wp-content\/uploads\/2020\/07\/Foto6_CatThier_Beur-1024x768-1.jpg","contentUrl":"https:\/\/infolocale.20minutes.fr\/blog\/wp-content\/uploads\/2020\/07\/Foto6_CatThier_Beur-1024x768-1.jpg","width":1024,"height":768},{"@type":"BreadcrumbList","@id":"https:\/\/infolocale.20minutes.fr\/blog\/thierry-lemarchand-artisan-beurrier-beurre-madame\/#breadcrumb","itemListElement":[{"@type":"ListItem","position":1,"name":"Blog","item":"https:\/\/infolocale.ouest-france.fr\/blog\/"},{"@type":"ListItem","position":2,"name":"En ce moment","item":"https:\/\/infolocale.20minutes.fr\/blog\/cat\/actu-acteurs-locaux\/"},{"@type":"ListItem","position":3,"name":"Thierry Lemarchand, paysan artisan \u00ab\u00a0d&rsquo;or en beurre\u00a0\u00bb"}]},{"@type":"WebSite","@id":"https:\/\/www.infolocale.fr\/blog\/#website","url":"https:\/\/www.infolocale.fr\/blog\/","name":"","description":"","publisher":{"@id":"https:\/\/www.infolocale.fr\/blog\/#organization"},"potentialAction":[{"@type":"SearchAction","target":{"@type":"EntryPoint","urlTemplate":"https:\/\/www.infolocale.fr\/blog\/?s={search_term_string}"},"query-input":"required name=search_term_string"}],"inLanguage":"fr-FR"},{"@type":"Organization","@id":"https:\/\/www.infolocale.fr\/blog\/#organization","name":"Infolocale","url":"https:\/\/www.infolocale.fr\/blog\/","logo":{"@type":"ImageObject","inLanguage":"fr-FR","@id":"https:\/\/www.infolocale.fr\/blog\/#\/schema\/logo\/image\/","url":"https:\/\/www.infolocale.fr\/blog\/wp-content\/uploads\/2020\/11\/logol.jpg","contentUrl":"https:\/\/www.infolocale.fr\/blog\/wp-content\/uploads\/2020\/11\/logol.jpg","width":1031,"height":398,"caption":"Infolocale"},"image":{"@id":"https:\/\/www.infolocale.fr\/blog\/#\/schema\/logo\/image\/"},"sameAs":["https:\/\/www.facebook.com\/infolocaleFR\/","https:\/\/x.com\/infolocale","https:\/\/www.instagram.com\/infolocale\/","https:\/\/fr.linkedin.com\/company\/infolocale","https:\/\/www.youtube.com\/channel\/UCnv4FA8EYEuu_si3TGr7xeA"]},{"@type":"Person","@id":"https:\/\/www.infolocale.fr\/blog\/#\/schema\/person\/bf2dc50c6636ffa2ce3e44ef1f9eb97f","name":"Myl\u00e8ne","image":{"@type":"ImageObject","inLanguage":"fr-FR","@id":"https:\/\/www.infolocale.fr\/blog\/#\/schema\/person\/image\/","url":"https:\/\/secure.gravatar.com\/avatar\/49511f0ea4b41ed3062b218e30f07042?s=96&d=mm&r=g","contentUrl":"https:\/\/secure.gravatar.com\/avatar\/49511f0ea4b41ed3062b218e30f07042?s=96&d=mm&r=g","caption":"Myl\u00e8ne"},"url":"https:\/\/infolocale.20minutes.fr\/blog\/author\/mylene-michel\/"}]}},"_links":{"self":[{"href":"https:\/\/infolocale.20minutes.fr\/blog\/wp-json\/wp\/v2\/posts\/3352"}],"collection":[{"href":"https:\/\/infolocale.20minutes.fr\/blog\/wp-json\/wp\/v2\/posts"}],"about":[{"href":"https:\/\/infolocale.20minutes.fr\/blog\/wp-json\/wp\/v2\/types\/post"}],"author":[{"embeddable":true,"href":"https:\/\/infolocale.20minutes.fr\/blog\/wp-json\/wp\/v2\/users\/8"}],"replies":[{"embeddable":true,"href":"https:\/\/infolocale.20minutes.fr\/blog\/wp-json\/wp\/v2\/comments?post=3352"}],"version-history":[{"count":0,"href":"https:\/\/infolocale.20minutes.fr\/blog\/wp-json\/wp\/v2\/posts\/3352\/revisions"}],"wp:featuredmedia":[{"embeddable":true,"href":"https:\/\/infolocale.20minutes.fr\/blog\/wp-json\/wp\/v2\/media\/5059"}],"wp:attachment":[{"href":"https:\/\/infolocale.20minutes.fr\/blog\/wp-json\/wp\/v2\/media?parent=3352"}],"wp:term":[{"taxonomy":"category","embeddable":true,"href":"https:\/\/infolocale.20minutes.fr\/blog\/wp-json\/wp\/v2\/categories?post=3352"},{"taxonomy":"post_tag","embeddable":true,"href":"https:\/\/infolocale.20minutes.fr\/blog\/wp-json\/wp\/v2\/tags?post=3352"}],"curies":[{"name":"wp","href":"https:\/\/api.w.org\/{rel}","templated":true}]}}