{"id":3347,"date":"2020-07-20T16:07:18","date_gmt":"2020-07-20T15:07:18","guid":{"rendered":"https:\/\/blog.infolocale.fr\/?p=3347"},"modified":"2021-03-02T16:24:51","modified_gmt":"2021-03-02T15:24:51","slug":"gildas-macon-al-liorzh-dizalch-confinement-inquietude-producteur","status":"publish","type":"post","link":"https:\/\/infolocale.20minutes.fr\/blog\/gildas-macon-al-liorzh-dizalch-confinement-inquietude-producteur\/","title":{"rendered":"Gildas Macon, Al Liorzh Dizalc&rsquo;h : \u00ab Ne pas subir ! \u00bb"},"content":{"rendered":"\n<p class=\"has-text-align-justify has-normal-font-size\" style=\"line-height:2\">Mara\u00eecher en agriculture biologique \u00e0 Sains (35) depuis 2009, <strong>Gildas Macon<\/strong> approvisionne onze tables renomm\u00e9es d\u2019Ille-et-Vilaine.&nbsp;Avant le confinement, la commercialisation de ses produits se r\u00e9partissait entre 30 % pour la restauration et 30% sur le march\u00e9 des Lices, \u00e0 Rennes, le samedi matin. Il a \u00e9t\u00e9 rendu accessible seulement \u00e0 partir du 16 mai, tandis que les restaurants ont ouvert&nbsp;d\u00e9but juin. Une longue p\u00e9riode d\u2019inactivit\u00e9 commerciale. D\u00e8s le premier mois du confinement, l\u2019inqui\u00e9tude concernant l\u2019\u00e9coulement de la production a donc \u00e9merg\u00e9 chez ce producteur. Difficile pourtant d\u2019arr\u00eater de planter. Chez Gildas, des monticules de l\u00e9gumes s\u2019\u00e9rigent \u00e7\u00e0 et l\u00e0 <strong>\u00ab&nbsp;on laisse sur place, \u00e0 l&rsquo;endroit de la pousse ce que l\u2019on \u00e9pluche ou ne garde pas pour la vente, et \u00e7a retourne d&rsquo;o\u00f9 c&rsquo;est venu &#8230; Je rends \u00e0 la terre une partie de ce qu\u2019elle me donne \u00bb<\/strong><\/p>\n\n\n\n<figure class=\"wp-block-image size-large\"><img decoding=\"async\" src=\"https:\/\/blog.infolocale.fr\/wp-content\/uploads\/2020\/07\/Foto3_CultChamp_Gildas-1024x768.jpg\" alt=\"confinement inqui\u00e9tude producteur producteurs locaux circuits courts agriculteurs covid\" class=\"wp-image-2833\"\/><figcaption>Culture de plein champ<\/figcaption><\/figure>\n\n\n\n<h4 class=\"has-text-align-center wp-block-heading\"><strong>La terre se montrait g\u00e9n\u00e9reuse<\/strong><\/h4>\n\n\n\n<p class=\"has-text-align-justify has-normal-font-size\" style=\"line-height:2\">Respectant sa d\u00e9marche, profonde, ses clients restaurateurs l\u2019ont soutenu. Ils ont cr\u00e9\u00e9 une op\u00e9ration de paniers \u00e0 emporter en imaginant le besoin d\u2019une famille (4 personnes) \u00e0 domicile. <strong>\u00ab On a fait ce qu\u2019il fallait pour ne pas subir \u00bb<\/strong> r\u00e9sume Gildas Macon.<\/p>\n\n\n\n<p>*image de couverture : Culture sous abris<\/p>\n\n\n\n<figure class=\"wp-block-image size-large\"><a href=\"https:\/\/s.infolocale.fr\/?utm_source=blog&amp;utm_medium=banner&amp;utm_campaign=blog-contents\"><img fetchpriority=\"high\" decoding=\"async\" width=\"908\" height=\"196\" src=\"https:\/\/www.infolocale.fr\/blog\/wp-content\/uploads\/2021\/02\/Banniere_evenement.png\" alt=\"\" class=\"wp-image-5949\" srcset=\"https:\/\/infolocale.20minutes.fr\/blog\/wp-content\/uploads\/2021\/02\/Banniere_evenement.png 908w, https:\/\/infolocale.20minutes.fr\/blog\/wp-content\/uploads\/2021\/02\/Banniere_evenement-300x65.png 300w, https:\/\/infolocale.20minutes.fr\/blog\/wp-content\/uploads\/2021\/02\/Banniere_evenement-768x166.png 768w, https:\/\/infolocale.20minutes.fr\/blog\/wp-content\/uploads\/2021\/02\/Banniere_evenement-278x60.png 278w\" sizes=\"(max-width: 908px) 100vw, 908px\" \/><\/a><\/figure>\n","protected":false},"excerpt":{"rendered":"<p>Mara\u00eecher en agriculture biologique \u00e0 Sains (35) depuis 2009, Gildas Macon approvisionne onze tables renomm\u00e9es d\u2019Ille-et-Vilaine.&nbsp;Avant le confinement, la commercialisation de ses produits se r\u00e9partissait [&hellip;]<\/p>\n","protected":false},"author":8,"featured_media":5083,"comment_status":"open","ping_status":"open","sticky":false,"template":"","format":"standard","meta":{"_coblocks_attr":"","_coblocks_dimensions":"","_coblocks_responsive_height":"","_coblocks_accordion_ie_support":"","_mo_disable_npp":"","footnotes":""},"categories":[6],"tags":[13],"class_list":["post-3347","post","type-post","status-publish","format-standard","has-post-thumbnail","hentry","category-actu-acteurs-locaux","tag-articles-actualites"],"yoast_head":"<!-- This site is optimized with the Yoast SEO plugin v23.2 - https:\/\/yoast.com\/wordpress\/plugins\/seo\/ -->\n<title>Gildas Macon, l&#039;inqui\u00e9tude d&#039;un producteur face au confinement<\/title>\n<meta name=\"description\" content=\"Durant le confinement, sans d\u00e9bouch\u00e9s, l&#039;inqui\u00e9tude s&#039;est invit\u00e9e chez ce producteur. Heureusement il a pu compter sur le soutien de clients restaurateurs\" \/>\n<meta name=\"robots\" content=\"index, follow, max-snippet:-1, max-image-preview:large, max-video-preview:-1\" \/>\n<link rel=\"canonical\" href=\"https:\/\/infolocale.20minutes.fr\/blog\/gildas-macon-al-liorzh-dizalch-confinement-inquietude-producteur\/\" \/>\n<meta property=\"og:locale\" content=\"fr_FR\" \/>\n<meta property=\"og:type\" content=\"article\" \/>\n<meta property=\"og:title\" content=\"Gildas Macon, l&#039;inqui\u00e9tude d&#039;un producteur face au confinement\" \/>\n<meta property=\"og:description\" content=\"Durant le confinement, sans d\u00e9bouch\u00e9s, l&#039;inqui\u00e9tude s&#039;est invit\u00e9e chez ce producteur. Heureusement il a pu compter sur le soutien de clients restaurateurs\" \/>\n<meta property=\"og:url\" content=\"https:\/\/infolocale.20minutes.fr\/blog\/gildas-macon-al-liorzh-dizalch-confinement-inquietude-producteur\/\" \/>\n<meta property=\"article:publisher\" content=\"https:\/\/www.facebook.com\/infolocaleFR\/\" \/>\n<meta property=\"article:published_time\" content=\"2020-07-20T15:07:18+00:00\" \/>\n<meta property=\"article:modified_time\" content=\"2021-03-02T15:24:51+00:00\" \/>\n<meta property=\"og:image\" content=\"https:\/\/infolocale.20minutes.fr\/blog\/wp-content\/uploads\/2020\/07\/Foto4_Tunnel_Gildas-1024x768-1.jpg\" \/>\n\t<meta property=\"og:image:width\" content=\"1024\" \/>\n\t<meta property=\"og:image:height\" content=\"768\" \/>\n\t<meta property=\"og:image:type\" content=\"image\/jpeg\" \/>\n<meta name=\"author\" content=\"Myl\u00e8ne\" \/>\n<meta name=\"twitter:card\" content=\"summary_large_image\" \/>\n<meta name=\"twitter:creator\" content=\"@infolocale\" \/>\n<meta name=\"twitter:site\" content=\"@infolocale\" \/>\n<meta name=\"twitter:label1\" content=\"\u00c9crit par\" \/>\n\t<meta name=\"twitter:data1\" content=\"Myl\u00e8ne\" \/>\n\t<meta name=\"twitter:label2\" content=\"Dur\u00e9e de lecture estim\u00e9e\" \/>\n\t<meta name=\"twitter:data2\" content=\"2 minutes\" \/>\n<script type=\"application\/ld+json\" class=\"yoast-schema-graph\">{\"@context\":\"https:\/\/schema.org\",\"@graph\":[{\"@type\":\"Article\",\"@id\":\"https:\/\/infolocale.20minutes.fr\/blog\/gildas-macon-al-liorzh-dizalch-confinement-inquietude-producteur\/#article\",\"isPartOf\":{\"@id\":\"https:\/\/infolocale.20minutes.fr\/blog\/gildas-macon-al-liorzh-dizalch-confinement-inquietude-producteur\/\"},\"author\":{\"name\":\"Myl\u00e8ne\",\"@id\":\"https:\/\/www.infolocale.fr\/blog\/#\/schema\/person\/bf2dc50c6636ffa2ce3e44ef1f9eb97f\"},\"headline\":\"Gildas Macon, Al Liorzh Dizalc&rsquo;h : \u00ab Ne pas subir ! \u00bb\",\"datePublished\":\"2020-07-20T15:07:18+00:00\",\"dateModified\":\"2021-03-02T15:24:51+00:00\",\"mainEntityOfPage\":{\"@id\":\"https:\/\/infolocale.20minutes.fr\/blog\/gildas-macon-al-liorzh-dizalch-confinement-inquietude-producteur\/\"},\"wordCount\":216,\"commentCount\":0,\"publisher\":{\"@id\":\"https:\/\/www.infolocale.fr\/blog\/#organization\"},\"image\":{\"@id\":\"https:\/\/infolocale.20minutes.fr\/blog\/gildas-macon-al-liorzh-dizalch-confinement-inquietude-producteur\/#primaryimage\"},\"thumbnailUrl\":\"https:\/\/infolocale.20minutes.fr\/blog\/wp-content\/uploads\/2020\/07\/Foto4_Tunnel_Gildas-1024x768-1.jpg\",\"keywords\":[\"Actualit\u00e9s\"],\"articleSection\":[\"En ce moment\"],\"inLanguage\":\"fr-FR\",\"potentialAction\":[{\"@type\":\"CommentAction\",\"name\":\"Comment\",\"target\":[\"https:\/\/infolocale.20minutes.fr\/blog\/gildas-macon-al-liorzh-dizalch-confinement-inquietude-producteur\/#respond\"]}]},{\"@type\":\"WebPage\",\"@id\":\"https:\/\/infolocale.20minutes.fr\/blog\/gildas-macon-al-liorzh-dizalch-confinement-inquietude-producteur\/\",\"url\":\"https:\/\/infolocale.20minutes.fr\/blog\/gildas-macon-al-liorzh-dizalch-confinement-inquietude-producteur\/\",\"name\":\"Gildas Macon, l'inqui\u00e9tude d'un producteur face au confinement\",\"isPartOf\":{\"@id\":\"https:\/\/www.infolocale.fr\/blog\/#website\"},\"primaryImageOfPage\":{\"@id\":\"https:\/\/infolocale.20minutes.fr\/blog\/gildas-macon-al-liorzh-dizalch-confinement-inquietude-producteur\/#primaryimage\"},\"image\":{\"@id\":\"https:\/\/infolocale.20minutes.fr\/blog\/gildas-macon-al-liorzh-dizalch-confinement-inquietude-producteur\/#primaryimage\"},\"thumbnailUrl\":\"https:\/\/infolocale.20minutes.fr\/blog\/wp-content\/uploads\/2020\/07\/Foto4_Tunnel_Gildas-1024x768-1.jpg\",\"datePublished\":\"2020-07-20T15:07:18+00:00\",\"dateModified\":\"2021-03-02T15:24:51+00:00\",\"description\":\"Durant le confinement, sans d\u00e9bouch\u00e9s, l'inqui\u00e9tude s'est invit\u00e9e chez ce producteur. Heureusement il a pu compter sur le soutien de clients restaurateurs\",\"breadcrumb\":{\"@id\":\"https:\/\/infolocale.20minutes.fr\/blog\/gildas-macon-al-liorzh-dizalch-confinement-inquietude-producteur\/#breadcrumb\"},\"inLanguage\":\"fr-FR\",\"potentialAction\":[{\"@type\":\"ReadAction\",\"target\":[\"https:\/\/infolocale.20minutes.fr\/blog\/gildas-macon-al-liorzh-dizalch-confinement-inquietude-producteur\/\"]}]},{\"@type\":\"ImageObject\",\"inLanguage\":\"fr-FR\",\"@id\":\"https:\/\/infolocale.20minutes.fr\/blog\/gildas-macon-al-liorzh-dizalch-confinement-inquietude-producteur\/#primaryimage\",\"url\":\"https:\/\/infolocale.20minutes.fr\/blog\/wp-content\/uploads\/2020\/07\/Foto4_Tunnel_Gildas-1024x768-1.jpg\",\"contentUrl\":\"https:\/\/infolocale.20minutes.fr\/blog\/wp-content\/uploads\/2020\/07\/Foto4_Tunnel_Gildas-1024x768-1.jpg\",\"width\":1024,\"height\":768},{\"@type\":\"BreadcrumbList\",\"@id\":\"https:\/\/infolocale.20minutes.fr\/blog\/gildas-macon-al-liorzh-dizalch-confinement-inquietude-producteur\/#breadcrumb\",\"itemListElement\":[{\"@type\":\"ListItem\",\"position\":1,\"name\":\"Blog\",\"item\":\"https:\/\/infolocale.ouest-france.fr\/blog\/\"},{\"@type\":\"ListItem\",\"position\":2,\"name\":\"En ce moment\",\"item\":\"https:\/\/infolocale.20minutes.fr\/blog\/cat\/actu-acteurs-locaux\/\"},{\"@type\":\"ListItem\",\"position\":3,\"name\":\"Gildas Macon, Al Liorzh Dizalc&rsquo;h : \u00ab Ne pas subir ! \u00bb\"}]},{\"@type\":\"WebSite\",\"@id\":\"https:\/\/www.infolocale.fr\/blog\/#website\",\"url\":\"https:\/\/www.infolocale.fr\/blog\/\",\"name\":\"\",\"description\":\"\",\"publisher\":{\"@id\":\"https:\/\/www.infolocale.fr\/blog\/#organization\"},\"potentialAction\":[{\"@type\":\"SearchAction\",\"target\":{\"@type\":\"EntryPoint\",\"urlTemplate\":\"https:\/\/www.infolocale.fr\/blog\/?s={search_term_string}\"},\"query-input\":\"required name=search_term_string\"}],\"inLanguage\":\"fr-FR\"},{\"@type\":\"Organization\",\"@id\":\"https:\/\/www.infolocale.fr\/blog\/#organization\",\"name\":\"Infolocale\",\"url\":\"https:\/\/www.infolocale.fr\/blog\/\",\"logo\":{\"@type\":\"ImageObject\",\"inLanguage\":\"fr-FR\",\"@id\":\"https:\/\/www.infolocale.fr\/blog\/#\/schema\/logo\/image\/\",\"url\":\"https:\/\/www.infolocale.fr\/blog\/wp-content\/uploads\/2020\/11\/logol.jpg\",\"contentUrl\":\"https:\/\/www.infolocale.fr\/blog\/wp-content\/uploads\/2020\/11\/logol.jpg\",\"width\":1031,\"height\":398,\"caption\":\"Infolocale\"},\"image\":{\"@id\":\"https:\/\/www.infolocale.fr\/blog\/#\/schema\/logo\/image\/\"},\"sameAs\":[\"https:\/\/www.facebook.com\/infolocaleFR\/\",\"https:\/\/x.com\/infolocale\",\"https:\/\/www.instagram.com\/infolocale\/\",\"https:\/\/fr.linkedin.com\/company\/infolocale\",\"https:\/\/www.youtube.com\/channel\/UCnv4FA8EYEuu_si3TGr7xeA\"]},{\"@type\":\"Person\",\"@id\":\"https:\/\/www.infolocale.fr\/blog\/#\/schema\/person\/bf2dc50c6636ffa2ce3e44ef1f9eb97f\",\"name\":\"Myl\u00e8ne\",\"image\":{\"@type\":\"ImageObject\",\"inLanguage\":\"fr-FR\",\"@id\":\"https:\/\/www.infolocale.fr\/blog\/#\/schema\/person\/image\/\",\"url\":\"https:\/\/secure.gravatar.com\/avatar\/49511f0ea4b41ed3062b218e30f07042?s=96&d=mm&r=g\",\"contentUrl\":\"https:\/\/secure.gravatar.com\/avatar\/49511f0ea4b41ed3062b218e30f07042?s=96&d=mm&r=g\",\"caption\":\"Myl\u00e8ne\"},\"url\":\"https:\/\/infolocale.20minutes.fr\/blog\/author\/mylene-michel\/\"}]}<\/script>\n<!-- \/ Yoast SEO plugin. -->","yoast_head_json":{"title":"Gildas Macon, l'inqui\u00e9tude d'un producteur face au confinement","description":"Durant le confinement, sans d\u00e9bouch\u00e9s, l'inqui\u00e9tude s'est invit\u00e9e chez ce producteur. Heureusement il a pu compter sur le soutien de clients restaurateurs","robots":{"index":"index","follow":"follow","max-snippet":"max-snippet:-1","max-image-preview":"max-image-preview:large","max-video-preview":"max-video-preview:-1"},"canonical":"https:\/\/infolocale.20minutes.fr\/blog\/gildas-macon-al-liorzh-dizalch-confinement-inquietude-producteur\/","og_locale":"fr_FR","og_type":"article","og_title":"Gildas Macon, l'inqui\u00e9tude d'un producteur face au confinement","og_description":"Durant le confinement, sans d\u00e9bouch\u00e9s, l'inqui\u00e9tude s'est invit\u00e9e chez ce producteur. Heureusement il a pu compter sur le soutien de clients restaurateurs","og_url":"https:\/\/infolocale.20minutes.fr\/blog\/gildas-macon-al-liorzh-dizalch-confinement-inquietude-producteur\/","article_publisher":"https:\/\/www.facebook.com\/infolocaleFR\/","article_published_time":"2020-07-20T15:07:18+00:00","article_modified_time":"2021-03-02T15:24:51+00:00","og_image":[{"width":1024,"height":768,"url":"https:\/\/infolocale.20minutes.fr\/blog\/wp-content\/uploads\/2020\/07\/Foto4_Tunnel_Gildas-1024x768-1.jpg","type":"image\/jpeg"}],"author":"Myl\u00e8ne","twitter_card":"summary_large_image","twitter_creator":"@infolocale","twitter_site":"@infolocale","twitter_misc":{"\u00c9crit par":"Myl\u00e8ne","Dur\u00e9e de lecture estim\u00e9e":"2 minutes"},"schema":{"@context":"https:\/\/schema.org","@graph":[{"@type":"Article","@id":"https:\/\/infolocale.20minutes.fr\/blog\/gildas-macon-al-liorzh-dizalch-confinement-inquietude-producteur\/#article","isPartOf":{"@id":"https:\/\/infolocale.20minutes.fr\/blog\/gildas-macon-al-liorzh-dizalch-confinement-inquietude-producteur\/"},"author":{"name":"Myl\u00e8ne","@id":"https:\/\/www.infolocale.fr\/blog\/#\/schema\/person\/bf2dc50c6636ffa2ce3e44ef1f9eb97f"},"headline":"Gildas Macon, Al Liorzh Dizalc&rsquo;h : \u00ab Ne pas subir ! \u00bb","datePublished":"2020-07-20T15:07:18+00:00","dateModified":"2021-03-02T15:24:51+00:00","mainEntityOfPage":{"@id":"https:\/\/infolocale.20minutes.fr\/blog\/gildas-macon-al-liorzh-dizalch-confinement-inquietude-producteur\/"},"wordCount":216,"commentCount":0,"publisher":{"@id":"https:\/\/www.infolocale.fr\/blog\/#organization"},"image":{"@id":"https:\/\/infolocale.20minutes.fr\/blog\/gildas-macon-al-liorzh-dizalch-confinement-inquietude-producteur\/#primaryimage"},"thumbnailUrl":"https:\/\/infolocale.20minutes.fr\/blog\/wp-content\/uploads\/2020\/07\/Foto4_Tunnel_Gildas-1024x768-1.jpg","keywords":["Actualit\u00e9s"],"articleSection":["En ce moment"],"inLanguage":"fr-FR","potentialAction":[{"@type":"CommentAction","name":"Comment","target":["https:\/\/infolocale.20minutes.fr\/blog\/gildas-macon-al-liorzh-dizalch-confinement-inquietude-producteur\/#respond"]}]},{"@type":"WebPage","@id":"https:\/\/infolocale.20minutes.fr\/blog\/gildas-macon-al-liorzh-dizalch-confinement-inquietude-producteur\/","url":"https:\/\/infolocale.20minutes.fr\/blog\/gildas-macon-al-liorzh-dizalch-confinement-inquietude-producteur\/","name":"Gildas Macon, l'inqui\u00e9tude d'un producteur face au confinement","isPartOf":{"@id":"https:\/\/www.infolocale.fr\/blog\/#website"},"primaryImageOfPage":{"@id":"https:\/\/infolocale.20minutes.fr\/blog\/gildas-macon-al-liorzh-dizalch-confinement-inquietude-producteur\/#primaryimage"},"image":{"@id":"https:\/\/infolocale.20minutes.fr\/blog\/gildas-macon-al-liorzh-dizalch-confinement-inquietude-producteur\/#primaryimage"},"thumbnailUrl":"https:\/\/infolocale.20minutes.fr\/blog\/wp-content\/uploads\/2020\/07\/Foto4_Tunnel_Gildas-1024x768-1.jpg","datePublished":"2020-07-20T15:07:18+00:00","dateModified":"2021-03-02T15:24:51+00:00","description":"Durant le confinement, sans d\u00e9bouch\u00e9s, l'inqui\u00e9tude s'est invit\u00e9e chez ce producteur. Heureusement il a pu compter sur le soutien de clients restaurateurs","breadcrumb":{"@id":"https:\/\/infolocale.20minutes.fr\/blog\/gildas-macon-al-liorzh-dizalch-confinement-inquietude-producteur\/#breadcrumb"},"inLanguage":"fr-FR","potentialAction":[{"@type":"ReadAction","target":["https:\/\/infolocale.20minutes.fr\/blog\/gildas-macon-al-liorzh-dizalch-confinement-inquietude-producteur\/"]}]},{"@type":"ImageObject","inLanguage":"fr-FR","@id":"https:\/\/infolocale.20minutes.fr\/blog\/gildas-macon-al-liorzh-dizalch-confinement-inquietude-producteur\/#primaryimage","url":"https:\/\/infolocale.20minutes.fr\/blog\/wp-content\/uploads\/2020\/07\/Foto4_Tunnel_Gildas-1024x768-1.jpg","contentUrl":"https:\/\/infolocale.20minutes.fr\/blog\/wp-content\/uploads\/2020\/07\/Foto4_Tunnel_Gildas-1024x768-1.jpg","width":1024,"height":768},{"@type":"BreadcrumbList","@id":"https:\/\/infolocale.20minutes.fr\/blog\/gildas-macon-al-liorzh-dizalch-confinement-inquietude-producteur\/#breadcrumb","itemListElement":[{"@type":"ListItem","position":1,"name":"Blog","item":"https:\/\/infolocale.ouest-france.fr\/blog\/"},{"@type":"ListItem","position":2,"name":"En ce moment","item":"https:\/\/infolocale.20minutes.fr\/blog\/cat\/actu-acteurs-locaux\/"},{"@type":"ListItem","position":3,"name":"Gildas Macon, Al Liorzh Dizalc&rsquo;h : \u00ab Ne pas subir ! \u00bb"}]},{"@type":"WebSite","@id":"https:\/\/www.infolocale.fr\/blog\/#website","url":"https:\/\/www.infolocale.fr\/blog\/","name":"","description":"","publisher":{"@id":"https:\/\/www.infolocale.fr\/blog\/#organization"},"potentialAction":[{"@type":"SearchAction","target":{"@type":"EntryPoint","urlTemplate":"https:\/\/www.infolocale.fr\/blog\/?s={search_term_string}"},"query-input":"required name=search_term_string"}],"inLanguage":"fr-FR"},{"@type":"Organization","@id":"https:\/\/www.infolocale.fr\/blog\/#organization","name":"Infolocale","url":"https:\/\/www.infolocale.fr\/blog\/","logo":{"@type":"ImageObject","inLanguage":"fr-FR","@id":"https:\/\/www.infolocale.fr\/blog\/#\/schema\/logo\/image\/","url":"https:\/\/www.infolocale.fr\/blog\/wp-content\/uploads\/2020\/11\/logol.jpg","contentUrl":"https:\/\/www.infolocale.fr\/blog\/wp-content\/uploads\/2020\/11\/logol.jpg","width":1031,"height":398,"caption":"Infolocale"},"image":{"@id":"https:\/\/www.infolocale.fr\/blog\/#\/schema\/logo\/image\/"},"sameAs":["https:\/\/www.facebook.com\/infolocaleFR\/","https:\/\/x.com\/infolocale","https:\/\/www.instagram.com\/infolocale\/","https:\/\/fr.linkedin.com\/company\/infolocale","https:\/\/www.youtube.com\/channel\/UCnv4FA8EYEuu_si3TGr7xeA"]},{"@type":"Person","@id":"https:\/\/www.infolocale.fr\/blog\/#\/schema\/person\/bf2dc50c6636ffa2ce3e44ef1f9eb97f","name":"Myl\u00e8ne","image":{"@type":"ImageObject","inLanguage":"fr-FR","@id":"https:\/\/www.infolocale.fr\/blog\/#\/schema\/person\/image\/","url":"https:\/\/secure.gravatar.com\/avatar\/49511f0ea4b41ed3062b218e30f07042?s=96&d=mm&r=g","contentUrl":"https:\/\/secure.gravatar.com\/avatar\/49511f0ea4b41ed3062b218e30f07042?s=96&d=mm&r=g","caption":"Myl\u00e8ne"},"url":"https:\/\/infolocale.20minutes.fr\/blog\/author\/mylene-michel\/"}]}},"_links":{"self":[{"href":"https:\/\/infolocale.20minutes.fr\/blog\/wp-json\/wp\/v2\/posts\/3347"}],"collection":[{"href":"https:\/\/infolocale.20minutes.fr\/blog\/wp-json\/wp\/v2\/posts"}],"about":[{"href":"https:\/\/infolocale.20minutes.fr\/blog\/wp-json\/wp\/v2\/types\/post"}],"author":[{"embeddable":true,"href":"https:\/\/infolocale.20minutes.fr\/blog\/wp-json\/wp\/v2\/users\/8"}],"replies":[{"embeddable":true,"href":"https:\/\/infolocale.20minutes.fr\/blog\/wp-json\/wp\/v2\/comments?post=3347"}],"version-history":[{"count":0,"href":"https:\/\/infolocale.20minutes.fr\/blog\/wp-json\/wp\/v2\/posts\/3347\/revisions"}],"wp:featuredmedia":[{"embeddable":true,"href":"https:\/\/infolocale.20minutes.fr\/blog\/wp-json\/wp\/v2\/media\/5083"}],"wp:attachment":[{"href":"https:\/\/infolocale.20minutes.fr\/blog\/wp-json\/wp\/v2\/media?parent=3347"}],"wp:term":[{"taxonomy":"category","embeddable":true,"href":"https:\/\/infolocale.20minutes.fr\/blog\/wp-json\/wp\/v2\/categories?post=3347"},{"taxonomy":"post_tag","embeddable":true,"href":"https:\/\/infolocale.20minutes.fr\/blog\/wp-json\/wp\/v2\/tags?post=3347"}],"curies":[{"name":"wp","href":"https:\/\/api.w.org\/{rel}","templated":true}]}}