{"id":3346,"date":"2020-07-20T15:54:36","date_gmt":"2020-07-20T14:54:36","guid":{"rendered":"https:\/\/blog.infolocale.fr\/?p=3346"},"modified":"2021-03-02T16:27:02","modified_gmt":"2021-03-02T15:27:02","slug":"carottes-et-feijoa-vente-directe-legumes-anciens-exotiques","status":"publish","type":"post","link":"https:\/\/infolocale.20minutes.fr\/blog\/carottes-et-feijoa-vente-directe-legumes-anciens-exotiques\/","title":{"rendered":"Carotte &#038; Feijoa : l\u2019exotisme, une diff\u00e9rence"},"content":{"rendered":"\n<p class=\"has-text-align-justify has-normal-font-size\" style=\"line-height:2\">La ferme de L\u00e9na Marti Perales et Thomas Jagu est \u00e0 Vendel (35) sur les rives du Couesnon.&nbsp; Agriculteurs biologiques, Thomas et L\u00e9na produisent <strong><strong>\u00ab&nbsp;<\/strong>une centaine d\u2019esp\u00e8ces de l\u00e9gumes diff\u00e9rents, principalement &nbsp;distribu\u00e9s en vente directe<\/strong>. <strong>Ils sont disponibles<\/strong> <strong>via notre site Internet, sur un march\u00e9, en paniers ou en AMAP (Vitr\u00e9). Nous fournissons aussi deux restaurants de proximit\u00e9 et <em>La Tonnelle \u00e0 vins (Rennes). <\/em><\/strong>L<strong><em>e choix de nos l\u00e9gumes se fait avant tout pour le go\u00fbt, puis en fonction des conseils et les choix des clients. Nous faisons aussi des recherches pour proposer de nouveaux produits \u00e0 la client\u00e8le, comme le Goyavier fraise&nbsp;\u00bb<\/em><\/strong>. <\/p>\n\n\n\n<h4 class=\"has-text-align-center wp-block-heading\">400% d&rsquo;augmentation de la demande<\/h4>\n\n\n\n<p class=\"has-text-align-justify has-normal-font-size\" style=\"line-height:2\">Durant le confinement, ils ont augment\u00e9 leurs chiffres de vente de 400 %.&nbsp;Habituellement c\u2019est L\u00e9na qui g\u00e8re la r\u00e9colte et la vente, mais pour faire face \u00e0 la demande, Thomas lui a pr\u00eat\u00e9 main forte. Il assurait plut\u00f4t les cultures, un travail essentiellement manuel, momentan\u00e9ment confi\u00e9 \u00e0 deux employ\u00e9s, embauch\u00e9s pour la p\u00e9riode. Solidaires aussi avec d\u2019autres mara\u00eechers, ils ont propos\u00e9 \u00e0 leur voisine Annie Bertin, mara\u00eech\u00e8re sp\u00e9cialis\u00e9e elle aussi dans des cultures peu courantes,&nbsp;de profiter de leur circuit de distribution de vente directe (les paniers) pour \u00e9couler sa production.<\/p>\n\n\n\n<figure class=\"wp-block-image size-large\"><a href=\"https:\/\/s.infolocale.fr\/?utm_source=blog&amp;utm_medium=banner&amp;utm_campaign=blog-contents\"><img fetchpriority=\"high\" decoding=\"async\" width=\"1024\" height=\"243\" src=\"https:\/\/www.infolocale.fr\/blog\/wp-content\/uploads\/2021\/02\/Association_bleu-1024x243.png\" alt=\"\" class=\"wp-image-5938\" srcset=\"https:\/\/infolocale.20minutes.fr\/blog\/wp-content\/uploads\/2021\/02\/Association_bleu-1024x243.png 1024w, https:\/\/infolocale.20minutes.fr\/blog\/wp-content\/uploads\/2021\/02\/Association_bleu-300x71.png 300w, https:\/\/infolocale.20minutes.fr\/blog\/wp-content\/uploads\/2021\/02\/Association_bleu-768x182.png 768w, https:\/\/infolocale.20minutes.fr\/blog\/wp-content\/uploads\/2021\/02\/Association_bleu-253x60.png 253w, https:\/\/infolocale.20minutes.fr\/blog\/wp-content\/uploads\/2021\/02\/Association_bleu.png 1166w\" sizes=\"(max-width: 1024px) 100vw, 1024px\" \/><\/a><\/figure>\n\n\n\n<p class=\"has-text-align-justify has-normal-font-size\" style=\"line-height:2\">Via la production bio de l\u00e9gumes anciens et exotiques<strong>&nbsp;<\/strong>L\u00e9na et Thomas ont fait face, mais au d\u00e9triment de leur famille. L\u00e9na regrette de n\u2019avoir pu \u00eatre pr\u00e9sente pour leurs deux enfants, lesquels ont souffert du dysfonctionnement de l\u2019environnement num\u00e9rique. L\u2019a\u00een\u00e9, en seconde, a pu se d\u00e9brouiller, mais Olympe, 10 ans, angoissait de se retrouver seule \u00e0 la maison, sans lien scolaire. L\u2019activit\u00e9 parentale n\u2019\u00e9tait pas r\u00e9pertori\u00e9e dans la liste des professionnels b\u00e9n\u00e9ficiaires d\u2019une journ\u00e9e de scolarisation.<\/p>\n\n\n\n<blockquote class=\"wp-block-quote is-layout-flow wp-block-quote-is-layout-flow\"><p>Retrouvez les produits <a href=\"https:\/\/www.carotte-et-feijoa.fr\" target=\"_blank\" aria-label=\"undefined (s\u2019ouvre dans un nouvel onglet)\" rel=\"noreferrer noopener\">C<\/a><a aria-label=\"undefined (s\u2019ouvre dans un nouvel onglet)\" href=\"https:\/\/www.carotte-et-feijoa.fr\" target=\"_blank\" rel=\"noreferrer noopener\">arottes et Feijoa<\/a> et ceux d&rsquo;<a aria-label=\"undefined (s\u2019ouvre dans un nouvel onglet)\" href=\"https:\/\/www.grainesdici.fr\/producteur\/annie-bertin\/\" target=\"_blank\" rel=\"noreferrer noopener\">Annie Bertin<\/a><\/p><\/blockquote>\n","protected":false},"excerpt":{"rendered":"<p>La ferme de L\u00e9na Marti Perales et Thomas Jagu est \u00e0 Vendel (35) sur les rives du Couesnon.&nbsp; Agriculteurs biologiques, Thomas et L\u00e9na produisent \u00ab&nbsp;une [&hellip;]<\/p>\n","protected":false},"author":8,"featured_media":5089,"comment_status":"open","ping_status":"open","sticky":false,"template":"","format":"standard","meta":{"_coblocks_attr":"","_coblocks_dimensions":"","_coblocks_responsive_height":"","_coblocks_accordion_ie_support":"","_mo_disable_npp":"","footnotes":""},"categories":[6],"tags":[45],"class_list":["post-3346","post","type-post","status-publish","format-standard","has-post-thumbnail","hentry","category-actu-acteurs-locaux","tag-portraits"],"yoast_head":"<!-- This site is optimized with the Yoast SEO plugin v23.2 - https:\/\/yoast.com\/wordpress\/plugins\/seo\/ -->\n<title>Vente directe de l\u00e9gumes anciens et exotiques; un succ\u00e8s du confinement<\/title>\n<meta name=\"description\" content=\"Les ventes de Carotte &amp; Feijoa ont augment\u00e9 de 400%. Ils ont d\u00fb s&#039;adapter et ont profit\u00e9 de ce succ\u00e8s pour \u00eatre solidaires d&#039;autres producteurs locaux\" \/>\n<meta name=\"robots\" content=\"index, follow, max-snippet:-1, max-image-preview:large, max-video-preview:-1\" \/>\n<link rel=\"canonical\" href=\"https:\/\/infolocale.actu.fr\/blog\/carottes-et-feijoa-vente-directe-legumes-anciens-exotiques\/\" \/>\n<meta property=\"og:locale\" content=\"fr_FR\" \/>\n<meta property=\"og:type\" content=\"article\" \/>\n<meta property=\"og:title\" content=\"Vente directe de l\u00e9gumes anciens et exotiques; un succ\u00e8s du confinement\" \/>\n<meta property=\"og:description\" content=\"Les ventes de Carotte &amp; Feijoa ont augment\u00e9 de 400%. Ils ont d\u00fb s&#039;adapter et ont profit\u00e9 de ce succ\u00e8s pour \u00eatre solidaires d&#039;autres producteurs locaux\" \/>\n<meta property=\"og:url\" content=\"https:\/\/infolocale.actu.fr\/blog\/carottes-et-feijoa-vente-directe-legumes-anciens-exotiques\/\" \/>\n<meta property=\"article:publisher\" content=\"https:\/\/www.facebook.com\/infolocaleFR\/\" \/>\n<meta property=\"article:published_time\" content=\"2020-07-20T14:54:36+00:00\" \/>\n<meta property=\"article:modified_time\" content=\"2021-03-02T15:27:02+00:00\" \/>\n<meta property=\"og:image\" content=\"https:\/\/infolocale.actu.fr\/blog\/wp-content\/uploads\/2020\/07\/CAROTTE_ET_FEIJOA_2-1.jpg\" \/>\n\t<meta property=\"og:image:width\" content=\"999\" \/>\n\t<meta property=\"og:image:height\" content=\"1000\" \/>\n\t<meta property=\"og:image:type\" content=\"image\/jpeg\" \/>\n<meta name=\"author\" content=\"Myl\u00e8ne\" \/>\n<meta name=\"twitter:card\" content=\"summary_large_image\" \/>\n<meta name=\"twitter:creator\" content=\"@infolocale\" \/>\n<meta name=\"twitter:site\" content=\"@infolocale\" \/>\n<meta name=\"twitter:label1\" content=\"\u00c9crit par\" \/>\n\t<meta name=\"twitter:data1\" content=\"Myl\u00e8ne\" \/>\n\t<meta name=\"twitter:label2\" content=\"Dur\u00e9e de lecture estim\u00e9e\" \/>\n\t<meta name=\"twitter:data2\" content=\"2 minutes\" \/>\n<script type=\"application\/ld+json\" class=\"yoast-schema-graph\">{\"@context\":\"https:\/\/schema.org\",\"@graph\":[{\"@type\":\"Article\",\"@id\":\"https:\/\/infolocale.actu.fr\/blog\/carottes-et-feijoa-vente-directe-legumes-anciens-exotiques\/#article\",\"isPartOf\":{\"@id\":\"https:\/\/infolocale.actu.fr\/blog\/carottes-et-feijoa-vente-directe-legumes-anciens-exotiques\/\"},\"author\":{\"name\":\"Myl\u00e8ne\",\"@id\":\"https:\/\/www.infolocale.fr\/blog\/#\/schema\/person\/bf2dc50c6636ffa2ce3e44ef1f9eb97f\"},\"headline\":\"Carotte &#038; Feijoa : l\u2019exotisme, une diff\u00e9rence\",\"datePublished\":\"2020-07-20T14:54:36+00:00\",\"dateModified\":\"2021-03-02T15:27:02+00:00\",\"mainEntityOfPage\":{\"@id\":\"https:\/\/infolocale.actu.fr\/blog\/carottes-et-feijoa-vente-directe-legumes-anciens-exotiques\/\"},\"wordCount\":336,\"commentCount\":0,\"publisher\":{\"@id\":\"https:\/\/www.infolocale.fr\/blog\/#organization\"},\"image\":{\"@id\":\"https:\/\/infolocale.actu.fr\/blog\/carottes-et-feijoa-vente-directe-legumes-anciens-exotiques\/#primaryimage\"},\"thumbnailUrl\":\"https:\/\/infolocale.20minutes.fr\/blog\/wp-content\/uploads\/2020\/07\/CAROTTE_ET_FEIJOA_2-1.jpg\",\"keywords\":[\"Portraits\"],\"articleSection\":[\"En ce moment\"],\"inLanguage\":\"fr-FR\",\"potentialAction\":[{\"@type\":\"CommentAction\",\"name\":\"Comment\",\"target\":[\"https:\/\/infolocale.actu.fr\/blog\/carottes-et-feijoa-vente-directe-legumes-anciens-exotiques\/#respond\"]}]},{\"@type\":\"WebPage\",\"@id\":\"https:\/\/infolocale.actu.fr\/blog\/carottes-et-feijoa-vente-directe-legumes-anciens-exotiques\/\",\"url\":\"https:\/\/infolocale.actu.fr\/blog\/carottes-et-feijoa-vente-directe-legumes-anciens-exotiques\/\",\"name\":\"Vente directe de l\u00e9gumes anciens et exotiques; un succ\u00e8s du confinement\",\"isPartOf\":{\"@id\":\"https:\/\/www.infolocale.fr\/blog\/#website\"},\"primaryImageOfPage\":{\"@id\":\"https:\/\/infolocale.actu.fr\/blog\/carottes-et-feijoa-vente-directe-legumes-anciens-exotiques\/#primaryimage\"},\"image\":{\"@id\":\"https:\/\/infolocale.actu.fr\/blog\/carottes-et-feijoa-vente-directe-legumes-anciens-exotiques\/#primaryimage\"},\"thumbnailUrl\":\"https:\/\/infolocale.20minutes.fr\/blog\/wp-content\/uploads\/2020\/07\/CAROTTE_ET_FEIJOA_2-1.jpg\",\"datePublished\":\"2020-07-20T14:54:36+00:00\",\"dateModified\":\"2021-03-02T15:27:02+00:00\",\"description\":\"Les ventes de Carotte & Feijoa ont augment\u00e9 de 400%. Ils ont d\u00fb s'adapter et ont profit\u00e9 de ce succ\u00e8s pour \u00eatre solidaires d'autres producteurs locaux\",\"breadcrumb\":{\"@id\":\"https:\/\/infolocale.actu.fr\/blog\/carottes-et-feijoa-vente-directe-legumes-anciens-exotiques\/#breadcrumb\"},\"inLanguage\":\"fr-FR\",\"potentialAction\":[{\"@type\":\"ReadAction\",\"target\":[\"https:\/\/infolocale.actu.fr\/blog\/carottes-et-feijoa-vente-directe-legumes-anciens-exotiques\/\"]}]},{\"@type\":\"ImageObject\",\"inLanguage\":\"fr-FR\",\"@id\":\"https:\/\/infolocale.actu.fr\/blog\/carottes-et-feijoa-vente-directe-legumes-anciens-exotiques\/#primaryimage\",\"url\":\"https:\/\/infolocale.20minutes.fr\/blog\/wp-content\/uploads\/2020\/07\/CAROTTE_ET_FEIJOA_2-1.jpg\",\"contentUrl\":\"https:\/\/infolocale.20minutes.fr\/blog\/wp-content\/uploads\/2020\/07\/CAROTTE_ET_FEIJOA_2-1.jpg\",\"width\":999,\"height\":1000},{\"@type\":\"BreadcrumbList\",\"@id\":\"https:\/\/infolocale.actu.fr\/blog\/carottes-et-feijoa-vente-directe-legumes-anciens-exotiques\/#breadcrumb\",\"itemListElement\":[{\"@type\":\"ListItem\",\"position\":1,\"name\":\"Blog\",\"item\":\"https:\/\/infolocale.ouest-france.fr\/blog\/\"},{\"@type\":\"ListItem\",\"position\":2,\"name\":\"En ce moment\",\"item\":\"https:\/\/infolocale.20minutes.fr\/blog\/cat\/actu-acteurs-locaux\/\"},{\"@type\":\"ListItem\",\"position\":3,\"name\":\"Carotte &#038; Feijoa : l\u2019exotisme, une diff\u00e9rence\"}]},{\"@type\":\"WebSite\",\"@id\":\"https:\/\/www.infolocale.fr\/blog\/#website\",\"url\":\"https:\/\/www.infolocale.fr\/blog\/\",\"name\":\"\",\"description\":\"\",\"publisher\":{\"@id\":\"https:\/\/www.infolocale.fr\/blog\/#organization\"},\"potentialAction\":[{\"@type\":\"SearchAction\",\"target\":{\"@type\":\"EntryPoint\",\"urlTemplate\":\"https:\/\/www.infolocale.fr\/blog\/?s={search_term_string}\"},\"query-input\":\"required name=search_term_string\"}],\"inLanguage\":\"fr-FR\"},{\"@type\":\"Organization\",\"@id\":\"https:\/\/www.infolocale.fr\/blog\/#organization\",\"name\":\"Infolocale\",\"url\":\"https:\/\/www.infolocale.fr\/blog\/\",\"logo\":{\"@type\":\"ImageObject\",\"inLanguage\":\"fr-FR\",\"@id\":\"https:\/\/www.infolocale.fr\/blog\/#\/schema\/logo\/image\/\",\"url\":\"https:\/\/www.infolocale.fr\/blog\/wp-content\/uploads\/2020\/11\/logol.jpg\",\"contentUrl\":\"https:\/\/www.infolocale.fr\/blog\/wp-content\/uploads\/2020\/11\/logol.jpg\",\"width\":1031,\"height\":398,\"caption\":\"Infolocale\"},\"image\":{\"@id\":\"https:\/\/www.infolocale.fr\/blog\/#\/schema\/logo\/image\/\"},\"sameAs\":[\"https:\/\/www.facebook.com\/infolocaleFR\/\",\"https:\/\/x.com\/infolocale\",\"https:\/\/www.instagram.com\/infolocale\/\",\"https:\/\/fr.linkedin.com\/company\/infolocale\",\"https:\/\/www.youtube.com\/channel\/UCnv4FA8EYEuu_si3TGr7xeA\"]},{\"@type\":\"Person\",\"@id\":\"https:\/\/www.infolocale.fr\/blog\/#\/schema\/person\/bf2dc50c6636ffa2ce3e44ef1f9eb97f\",\"name\":\"Myl\u00e8ne\",\"image\":{\"@type\":\"ImageObject\",\"inLanguage\":\"fr-FR\",\"@id\":\"https:\/\/www.infolocale.fr\/blog\/#\/schema\/person\/image\/\",\"url\":\"https:\/\/secure.gravatar.com\/avatar\/49511f0ea4b41ed3062b218e30f07042?s=96&d=mm&r=g\",\"contentUrl\":\"https:\/\/secure.gravatar.com\/avatar\/49511f0ea4b41ed3062b218e30f07042?s=96&d=mm&r=g\",\"caption\":\"Myl\u00e8ne\"},\"url\":\"https:\/\/infolocale.20minutes.fr\/blog\/author\/mylene-michel\/\"}]}<\/script>\n<!-- \/ Yoast SEO plugin. -->","yoast_head_json":{"title":"Vente directe de l\u00e9gumes anciens et exotiques; un succ\u00e8s du confinement","description":"Les ventes de Carotte & Feijoa ont augment\u00e9 de 400%. Ils ont d\u00fb s'adapter et ont profit\u00e9 de ce succ\u00e8s pour \u00eatre solidaires d'autres producteurs locaux","robots":{"index":"index","follow":"follow","max-snippet":"max-snippet:-1","max-image-preview":"max-image-preview:large","max-video-preview":"max-video-preview:-1"},"canonical":"https:\/\/infolocale.actu.fr\/blog\/carottes-et-feijoa-vente-directe-legumes-anciens-exotiques\/","og_locale":"fr_FR","og_type":"article","og_title":"Vente directe de l\u00e9gumes anciens et exotiques; un succ\u00e8s du confinement","og_description":"Les ventes de Carotte & Feijoa ont augment\u00e9 de 400%. Ils ont d\u00fb s'adapter et ont profit\u00e9 de ce succ\u00e8s pour \u00eatre solidaires d'autres producteurs locaux","og_url":"https:\/\/infolocale.actu.fr\/blog\/carottes-et-feijoa-vente-directe-legumes-anciens-exotiques\/","article_publisher":"https:\/\/www.facebook.com\/infolocaleFR\/","article_published_time":"2020-07-20T14:54:36+00:00","article_modified_time":"2021-03-02T15:27:02+00:00","og_image":[{"width":999,"height":1000,"url":"https:\/\/infolocale.actu.fr\/blog\/wp-content\/uploads\/2020\/07\/CAROTTE_ET_FEIJOA_2-1.jpg","type":"image\/jpeg"}],"author":"Myl\u00e8ne","twitter_card":"summary_large_image","twitter_creator":"@infolocale","twitter_site":"@infolocale","twitter_misc":{"\u00c9crit par":"Myl\u00e8ne","Dur\u00e9e de lecture estim\u00e9e":"2 minutes"},"schema":{"@context":"https:\/\/schema.org","@graph":[{"@type":"Article","@id":"https:\/\/infolocale.actu.fr\/blog\/carottes-et-feijoa-vente-directe-legumes-anciens-exotiques\/#article","isPartOf":{"@id":"https:\/\/infolocale.actu.fr\/blog\/carottes-et-feijoa-vente-directe-legumes-anciens-exotiques\/"},"author":{"name":"Myl\u00e8ne","@id":"https:\/\/www.infolocale.fr\/blog\/#\/schema\/person\/bf2dc50c6636ffa2ce3e44ef1f9eb97f"},"headline":"Carotte &#038; Feijoa : l\u2019exotisme, une diff\u00e9rence","datePublished":"2020-07-20T14:54:36+00:00","dateModified":"2021-03-02T15:27:02+00:00","mainEntityOfPage":{"@id":"https:\/\/infolocale.actu.fr\/blog\/carottes-et-feijoa-vente-directe-legumes-anciens-exotiques\/"},"wordCount":336,"commentCount":0,"publisher":{"@id":"https:\/\/www.infolocale.fr\/blog\/#organization"},"image":{"@id":"https:\/\/infolocale.actu.fr\/blog\/carottes-et-feijoa-vente-directe-legumes-anciens-exotiques\/#primaryimage"},"thumbnailUrl":"https:\/\/infolocale.20minutes.fr\/blog\/wp-content\/uploads\/2020\/07\/CAROTTE_ET_FEIJOA_2-1.jpg","keywords":["Portraits"],"articleSection":["En ce moment"],"inLanguage":"fr-FR","potentialAction":[{"@type":"CommentAction","name":"Comment","target":["https:\/\/infolocale.actu.fr\/blog\/carottes-et-feijoa-vente-directe-legumes-anciens-exotiques\/#respond"]}]},{"@type":"WebPage","@id":"https:\/\/infolocale.actu.fr\/blog\/carottes-et-feijoa-vente-directe-legumes-anciens-exotiques\/","url":"https:\/\/infolocale.actu.fr\/blog\/carottes-et-feijoa-vente-directe-legumes-anciens-exotiques\/","name":"Vente directe de l\u00e9gumes anciens et exotiques; un succ\u00e8s du confinement","isPartOf":{"@id":"https:\/\/www.infolocale.fr\/blog\/#website"},"primaryImageOfPage":{"@id":"https:\/\/infolocale.actu.fr\/blog\/carottes-et-feijoa-vente-directe-legumes-anciens-exotiques\/#primaryimage"},"image":{"@id":"https:\/\/infolocale.actu.fr\/blog\/carottes-et-feijoa-vente-directe-legumes-anciens-exotiques\/#primaryimage"},"thumbnailUrl":"https:\/\/infolocale.20minutes.fr\/blog\/wp-content\/uploads\/2020\/07\/CAROTTE_ET_FEIJOA_2-1.jpg","datePublished":"2020-07-20T14:54:36+00:00","dateModified":"2021-03-02T15:27:02+00:00","description":"Les ventes de Carotte & Feijoa ont augment\u00e9 de 400%. Ils ont d\u00fb s'adapter et ont profit\u00e9 de ce succ\u00e8s pour \u00eatre solidaires d'autres producteurs locaux","breadcrumb":{"@id":"https:\/\/infolocale.actu.fr\/blog\/carottes-et-feijoa-vente-directe-legumes-anciens-exotiques\/#breadcrumb"},"inLanguage":"fr-FR","potentialAction":[{"@type":"ReadAction","target":["https:\/\/infolocale.actu.fr\/blog\/carottes-et-feijoa-vente-directe-legumes-anciens-exotiques\/"]}]},{"@type":"ImageObject","inLanguage":"fr-FR","@id":"https:\/\/infolocale.actu.fr\/blog\/carottes-et-feijoa-vente-directe-legumes-anciens-exotiques\/#primaryimage","url":"https:\/\/infolocale.20minutes.fr\/blog\/wp-content\/uploads\/2020\/07\/CAROTTE_ET_FEIJOA_2-1.jpg","contentUrl":"https:\/\/infolocale.20minutes.fr\/blog\/wp-content\/uploads\/2020\/07\/CAROTTE_ET_FEIJOA_2-1.jpg","width":999,"height":1000},{"@type":"BreadcrumbList","@id":"https:\/\/infolocale.actu.fr\/blog\/carottes-et-feijoa-vente-directe-legumes-anciens-exotiques\/#breadcrumb","itemListElement":[{"@type":"ListItem","position":1,"name":"Blog","item":"https:\/\/infolocale.ouest-france.fr\/blog\/"},{"@type":"ListItem","position":2,"name":"En ce moment","item":"https:\/\/infolocale.20minutes.fr\/blog\/cat\/actu-acteurs-locaux\/"},{"@type":"ListItem","position":3,"name":"Carotte &#038; Feijoa : l\u2019exotisme, une diff\u00e9rence"}]},{"@type":"WebSite","@id":"https:\/\/www.infolocale.fr\/blog\/#website","url":"https:\/\/www.infolocale.fr\/blog\/","name":"","description":"","publisher":{"@id":"https:\/\/www.infolocale.fr\/blog\/#organization"},"potentialAction":[{"@type":"SearchAction","target":{"@type":"EntryPoint","urlTemplate":"https:\/\/www.infolocale.fr\/blog\/?s={search_term_string}"},"query-input":"required name=search_term_string"}],"inLanguage":"fr-FR"},{"@type":"Organization","@id":"https:\/\/www.infolocale.fr\/blog\/#organization","name":"Infolocale","url":"https:\/\/www.infolocale.fr\/blog\/","logo":{"@type":"ImageObject","inLanguage":"fr-FR","@id":"https:\/\/www.infolocale.fr\/blog\/#\/schema\/logo\/image\/","url":"https:\/\/www.infolocale.fr\/blog\/wp-content\/uploads\/2020\/11\/logol.jpg","contentUrl":"https:\/\/www.infolocale.fr\/blog\/wp-content\/uploads\/2020\/11\/logol.jpg","width":1031,"height":398,"caption":"Infolocale"},"image":{"@id":"https:\/\/www.infolocale.fr\/blog\/#\/schema\/logo\/image\/"},"sameAs":["https:\/\/www.facebook.com\/infolocaleFR\/","https:\/\/x.com\/infolocale","https:\/\/www.instagram.com\/infolocale\/","https:\/\/fr.linkedin.com\/company\/infolocale","https:\/\/www.youtube.com\/channel\/UCnv4FA8EYEuu_si3TGr7xeA"]},{"@type":"Person","@id":"https:\/\/www.infolocale.fr\/blog\/#\/schema\/person\/bf2dc50c6636ffa2ce3e44ef1f9eb97f","name":"Myl\u00e8ne","image":{"@type":"ImageObject","inLanguage":"fr-FR","@id":"https:\/\/www.infolocale.fr\/blog\/#\/schema\/person\/image\/","url":"https:\/\/secure.gravatar.com\/avatar\/49511f0ea4b41ed3062b218e30f07042?s=96&d=mm&r=g","contentUrl":"https:\/\/secure.gravatar.com\/avatar\/49511f0ea4b41ed3062b218e30f07042?s=96&d=mm&r=g","caption":"Myl\u00e8ne"},"url":"https:\/\/infolocale.20minutes.fr\/blog\/author\/mylene-michel\/"}]}},"_links":{"self":[{"href":"https:\/\/infolocale.20minutes.fr\/blog\/wp-json\/wp\/v2\/posts\/3346"}],"collection":[{"href":"https:\/\/infolocale.20minutes.fr\/blog\/wp-json\/wp\/v2\/posts"}],"about":[{"href":"https:\/\/infolocale.20minutes.fr\/blog\/wp-json\/wp\/v2\/types\/post"}],"author":[{"embeddable":true,"href":"https:\/\/infolocale.20minutes.fr\/blog\/wp-json\/wp\/v2\/users\/8"}],"replies":[{"embeddable":true,"href":"https:\/\/infolocale.20minutes.fr\/blog\/wp-json\/wp\/v2\/comments?post=3346"}],"version-history":[{"count":0,"href":"https:\/\/infolocale.20minutes.fr\/blog\/wp-json\/wp\/v2\/posts\/3346\/revisions"}],"wp:featuredmedia":[{"embeddable":true,"href":"https:\/\/infolocale.20minutes.fr\/blog\/wp-json\/wp\/v2\/media\/5089"}],"wp:attachment":[{"href":"https:\/\/infolocale.20minutes.fr\/blog\/wp-json\/wp\/v2\/media?parent=3346"}],"wp:term":[{"taxonomy":"category","embeddable":true,"href":"https:\/\/infolocale.20minutes.fr\/blog\/wp-json\/wp\/v2\/categories?post=3346"},{"taxonomy":"post_tag","embeddable":true,"href":"https:\/\/infolocale.20minutes.fr\/blog\/wp-json\/wp\/v2\/tags?post=3346"}],"curies":[{"name":"wp","href":"https:\/\/api.w.org\/{rel}","templated":true}]}}