{"id":3212,"date":"2020-07-17T16:09:15","date_gmt":"2020-07-17T15:09:15","guid":{"rendered":"https:\/\/blog.infolocale.fr\/?p=3212"},"modified":"2021-03-02T16:31:28","modified_gmt":"2021-03-02T15:31:28","slug":"larrivee-rennes-covid-espoir-reprise-septembre","status":"publish","type":"post","link":"https:\/\/infolocale.20minutes.fr\/blog\/larrivee-rennes-covid-espoir-reprise-septembre\/","title":{"rendered":"L\u2019Arriv\u00e9e, le bistrot de Dylan Louvel"},"content":{"rendered":"\n<p class=\"has-text-align-justify has-normal-font-size\" style=\"line-height:2\">Ouvert depuis trois ans, le bistrot de Dylan servait une trentaine de d\u00e9jeuners par jour. <strong>\u00ab Nous \u00e9tions en pleine croissance depuis plusieurs mois, fr\u00e9quentation et chiffre d\u2019affaire \u00e9taient en plein essor. La perte d\u2019exploitation a \u00e9t\u00e9 tr\u00e8s forte.&nbsp;Nous avons d\u00fb fermer mi-mars<\/strong>,<strong> <\/strong>l<strong>\u2019un de nos plus gros chiffres d\u2019affaire mensuels c\u00f4t\u00e9&nbsp;bistrot, gr\u00e2ce \u00e0 des \u00e9v\u00e9nements programm\u00e9s, en avril et mai aussi . Le staff se composait alors de six salari\u00e9s. J\u2019ai \u00e9t\u00e9 dans la crainte de perdre mon entreprise<\/strong>, <strong>et dans l\u2019incapacit\u00e9 de r\u00e9pondre pr\u00e9cis\u00e9ment aux angoisses de mon \u00e9quipe concernant la dur\u00e9e de cette situation. Nous nous sentions tous inanim\u00e9s, partagions notre <\/strong>\u00ab mal au c\u0153ur \u00bb<strong> lors de nos \u00e9changes hebdomadaires en visioconf\u00e9rence. Force de l\u2019habitude ? Besoin ? Je suis revenu chaque jour dans le bistrot. Parfois pour une courte visite, d\u2019autres pour faire du grand nettoyage \u00ab<\/strong>de Printemps<strong> \u00bb.<\/strong><\/p>\n\n\n\n<figure class=\"wp-block-image size-large\"><a href=\"https:\/\/s.infolocale.fr\/?utm_source=blog&amp;utm_medium=banner&amp;utm_campaign=blog-contents\"><img fetchpriority=\"high\" decoding=\"async\" width=\"908\" height=\"196\" src=\"https:\/\/www.infolocale.fr\/blog\/wp-content\/uploads\/2021\/02\/Banniere_evenement.png\" alt=\"\" class=\"wp-image-5949\" srcset=\"https:\/\/infolocale.20minutes.fr\/blog\/wp-content\/uploads\/2021\/02\/Banniere_evenement.png 908w, https:\/\/infolocale.20minutes.fr\/blog\/wp-content\/uploads\/2021\/02\/Banniere_evenement-300x65.png 300w, https:\/\/infolocale.20minutes.fr\/blog\/wp-content\/uploads\/2021\/02\/Banniere_evenement-768x166.png 768w, https:\/\/infolocale.20minutes.fr\/blog\/wp-content\/uploads\/2021\/02\/Banniere_evenement-278x60.png 278w\" sizes=\"(max-width: 908px) 100vw, 908px\" \/><\/a><\/figure>\n\n\n\n<h4 class=\"has-text-align-center wp-block-heading\"><strong>\u00ab Passionn\u00e9s, nous avions h\u00e2te de nous retrouver, d\u2019accueillir nos clients \u00bb<\/strong><\/h4>\n\n\n\n<p class=\"has-text-align-justify has-normal-font-size\" style=\"line-height:2\">Depuis le d\u00e9confinement, la situation reste d\u00e9licate. Le staff est r\u00e9duit \u00e0 trois collaborateurs avec encore quelques heures en ch\u00f4mage partiel.&nbsp; <strong>\u00ab&nbsp;Nous avons engag\u00e9 des charges pour l\u2019ouverture, investi dans du mat\u00e9riel pour respecter les normes sanitaires, mais tous nos clients ne sont pas encore revenus.&nbsp;Le t\u00e9l\u00e9travail, moins de d\u00e9jeuners, de pots apr\u00e8s le travail (afterwork)<\/strong>, <strong>mais aussi<\/strong> <strong>la crainte de la Covid-19 sont des freins pour la reprise. Nous ne programmons pas d\u2019\u00e9v\u00e9nements puisque nous ne pouvons dresser des tables&nbsp;de plus de dix&nbsp;personnes. Nous perdons 8 couverts sur 28 places assises initialement \u00e0 l\u2019int\u00e9rieur et deux sur la terrasse.&nbsp;Les clients ne peuvent consommer debout, au comptoir.&nbsp; 50 % de pertes sont \u00e0 d\u00e9plorer sur juin. Il en sera sans doute de m\u00eame pour juillet et ao\u00fbt. Nous gardons espoir pour une reprise normale pour septembre ! \u00bb.<\/strong><\/p>\n\n\n\n<p>*Photo de couverture : <em>Dylan Louvel du Bistrot l\u2019Arriv\u00e9e. (cr\u00e9dit photo : Glenn Vigouroux)<\/em><\/p>\n\n\n\n<figure class=\"wp-block-embed-wordpress wp-block-embed is-type-wp-embed is-provider-bistrot-l-039-arrivee wp-block-embed-bistrot-l-039-arrivee\"><div class=\"wp-block-embed__wrapper\">\nhttp:\/\/bistrotlarrivee.bzh\/\n<\/div><\/figure>\n","protected":false},"excerpt":{"rendered":"<p>Ouvert depuis trois ans, le bistrot de Dylan servait une trentaine de d\u00e9jeuners par jour. \u00ab Nous \u00e9tions en pleine croissance depuis plusieurs mois, fr\u00e9quentation [&hellip;]<\/p>\n","protected":false},"author":8,"featured_media":5113,"comment_status":"open","ping_status":"open","sticky":false,"template":"","format":"standard","meta":{"_coblocks_attr":"","_coblocks_dimensions":"","_coblocks_responsive_height":"","_coblocks_accordion_ie_support":"","_mo_disable_npp":"","footnotes":""},"categories":[6],"tags":[13,45],"class_list":["post-3212","post","type-post","status-publish","format-standard","has-post-thumbnail","hentry","category-actu-acteurs-locaux","tag-articles-actualites","tag-portraits"],"yoast_head":"<!-- This site is optimized with the Yoast SEO plugin v23.2 - https:\/\/yoast.com\/wordpress\/plugins\/seo\/ -->\n<title>\u00c0 L&#039;Arriv\u00e9e, le bistrot de Dylan Louvel, l&#039;espoir d&#039;une reprise en septembre<\/title>\n<meta name=\"description\" content=\"&quot;J\u2019ai \u00e9t\u00e9 dans la crainte de perdre mon entreprise&quot;. Apr\u00e8s un confinement difficile et un retour timide de la client\u00e8le, l&#039;espoir d&#039;une reprise en septembre\" \/>\n<meta name=\"robots\" content=\"index, follow, max-snippet:-1, max-image-preview:large, max-video-preview:-1\" \/>\n<link rel=\"canonical\" href=\"https:\/\/infolocale.ouest-france.fr\/blog\/larrivee-rennes-covid-espoir-reprise-septembre\/\" \/>\n<meta property=\"og:locale\" content=\"fr_FR\" \/>\n<meta property=\"og:type\" content=\"article\" \/>\n<meta property=\"og:title\" content=\"\u00c0 L&#039;Arriv\u00e9e, le bistrot de Dylan Louvel, l&#039;espoir d&#039;une reprise en septembre\" \/>\n<meta property=\"og:description\" content=\"&quot;J\u2019ai \u00e9t\u00e9 dans la crainte de perdre mon entreprise&quot;. Apr\u00e8s un confinement difficile et un retour timide de la client\u00e8le, l&#039;espoir d&#039;une reprise en septembre\" \/>\n<meta property=\"og:url\" content=\"https:\/\/infolocale.ouest-france.fr\/blog\/larrivee-rennes-covid-espoir-reprise-septembre\/\" \/>\n<meta property=\"article:publisher\" content=\"https:\/\/www.facebook.com\/infolocaleFR\/\" \/>\n<meta property=\"article:published_time\" content=\"2020-07-17T15:09:15+00:00\" \/>\n<meta property=\"article:modified_time\" content=\"2021-03-02T15:31:28+00:00\" \/>\n<meta property=\"og:image\" content=\"https:\/\/infolocale.ouest-france.fr\/blog\/wp-content\/uploads\/2020\/07\/Foto3_Dylan_Credit-1024x1024-1.jpg\" \/>\n\t<meta property=\"og:image:width\" content=\"1024\" \/>\n\t<meta property=\"og:image:height\" content=\"1024\" \/>\n\t<meta property=\"og:image:type\" content=\"image\/jpeg\" \/>\n<meta name=\"author\" content=\"Myl\u00e8ne\" \/>\n<meta name=\"twitter:card\" content=\"summary_large_image\" \/>\n<meta name=\"twitter:creator\" content=\"@infolocale\" \/>\n<meta name=\"twitter:site\" content=\"@infolocale\" \/>\n<meta name=\"twitter:label1\" content=\"\u00c9crit par\" \/>\n\t<meta name=\"twitter:data1\" content=\"Myl\u00e8ne\" \/>\n\t<meta name=\"twitter:label2\" content=\"Dur\u00e9e de lecture estim\u00e9e\" \/>\n\t<meta name=\"twitter:data2\" content=\"2 minutes\" \/>\n<script type=\"application\/ld+json\" class=\"yoast-schema-graph\">{\"@context\":\"https:\/\/schema.org\",\"@graph\":[{\"@type\":\"Article\",\"@id\":\"https:\/\/infolocale.ouest-france.fr\/blog\/larrivee-rennes-covid-espoir-reprise-septembre\/#article\",\"isPartOf\":{\"@id\":\"https:\/\/infolocale.ouest-france.fr\/blog\/larrivee-rennes-covid-espoir-reprise-septembre\/\"},\"author\":{\"name\":\"Myl\u00e8ne\",\"@id\":\"https:\/\/www.infolocale.fr\/blog\/#\/schema\/person\/bf2dc50c6636ffa2ce3e44ef1f9eb97f\"},\"headline\":\"L\u2019Arriv\u00e9e, le bistrot de Dylan Louvel\",\"datePublished\":\"2020-07-17T15:09:15+00:00\",\"dateModified\":\"2021-03-02T15:31:28+00:00\",\"mainEntityOfPage\":{\"@id\":\"https:\/\/infolocale.ouest-france.fr\/blog\/larrivee-rennes-covid-espoir-reprise-septembre\/\"},\"wordCount\":359,\"commentCount\":0,\"publisher\":{\"@id\":\"https:\/\/www.infolocale.fr\/blog\/#organization\"},\"image\":{\"@id\":\"https:\/\/infolocale.ouest-france.fr\/blog\/larrivee-rennes-covid-espoir-reprise-septembre\/#primaryimage\"},\"thumbnailUrl\":\"https:\/\/infolocale.20minutes.fr\/blog\/wp-content\/uploads\/2020\/07\/Foto3_Dylan_Credit-1024x1024-1.jpg\",\"keywords\":[\"Actualit\u00e9s\",\"Portraits\"],\"articleSection\":[\"En ce moment\"],\"inLanguage\":\"fr-FR\",\"potentialAction\":[{\"@type\":\"CommentAction\",\"name\":\"Comment\",\"target\":[\"https:\/\/infolocale.ouest-france.fr\/blog\/larrivee-rennes-covid-espoir-reprise-septembre\/#respond\"]}]},{\"@type\":\"WebPage\",\"@id\":\"https:\/\/infolocale.ouest-france.fr\/blog\/larrivee-rennes-covid-espoir-reprise-septembre\/\",\"url\":\"https:\/\/infolocale.ouest-france.fr\/blog\/larrivee-rennes-covid-espoir-reprise-septembre\/\",\"name\":\"\u00c0 L'Arriv\u00e9e, le bistrot de Dylan Louvel, l'espoir d'une reprise en septembre\",\"isPartOf\":{\"@id\":\"https:\/\/www.infolocale.fr\/blog\/#website\"},\"primaryImageOfPage\":{\"@id\":\"https:\/\/infolocale.ouest-france.fr\/blog\/larrivee-rennes-covid-espoir-reprise-septembre\/#primaryimage\"},\"image\":{\"@id\":\"https:\/\/infolocale.ouest-france.fr\/blog\/larrivee-rennes-covid-espoir-reprise-septembre\/#primaryimage\"},\"thumbnailUrl\":\"https:\/\/infolocale.20minutes.fr\/blog\/wp-content\/uploads\/2020\/07\/Foto3_Dylan_Credit-1024x1024-1.jpg\",\"datePublished\":\"2020-07-17T15:09:15+00:00\",\"dateModified\":\"2021-03-02T15:31:28+00:00\",\"description\":\"\\\"J\u2019ai \u00e9t\u00e9 dans la crainte de perdre mon entreprise\\\". Apr\u00e8s un confinement difficile et un retour timide de la client\u00e8le, l'espoir d'une reprise en septembre\",\"breadcrumb\":{\"@id\":\"https:\/\/infolocale.ouest-france.fr\/blog\/larrivee-rennes-covid-espoir-reprise-septembre\/#breadcrumb\"},\"inLanguage\":\"fr-FR\",\"potentialAction\":[{\"@type\":\"ReadAction\",\"target\":[\"https:\/\/infolocale.ouest-france.fr\/blog\/larrivee-rennes-covid-espoir-reprise-septembre\/\"]}]},{\"@type\":\"ImageObject\",\"inLanguage\":\"fr-FR\",\"@id\":\"https:\/\/infolocale.ouest-france.fr\/blog\/larrivee-rennes-covid-espoir-reprise-septembre\/#primaryimage\",\"url\":\"https:\/\/infolocale.20minutes.fr\/blog\/wp-content\/uploads\/2020\/07\/Foto3_Dylan_Credit-1024x1024-1.jpg\",\"contentUrl\":\"https:\/\/infolocale.20minutes.fr\/blog\/wp-content\/uploads\/2020\/07\/Foto3_Dylan_Credit-1024x1024-1.jpg\",\"width\":1024,\"height\":1024},{\"@type\":\"BreadcrumbList\",\"@id\":\"https:\/\/infolocale.ouest-france.fr\/blog\/larrivee-rennes-covid-espoir-reprise-septembre\/#breadcrumb\",\"itemListElement\":[{\"@type\":\"ListItem\",\"position\":1,\"name\":\"Blog\",\"item\":\"https:\/\/infolocale.ouest-france.fr\/blog\/\"},{\"@type\":\"ListItem\",\"position\":2,\"name\":\"En ce moment\",\"item\":\"https:\/\/infolocale.20minutes.fr\/blog\/cat\/actu-acteurs-locaux\/\"},{\"@type\":\"ListItem\",\"position\":3,\"name\":\"L\u2019Arriv\u00e9e, le bistrot de Dylan Louvel\"}]},{\"@type\":\"WebSite\",\"@id\":\"https:\/\/www.infolocale.fr\/blog\/#website\",\"url\":\"https:\/\/www.infolocale.fr\/blog\/\",\"name\":\"\",\"description\":\"\",\"publisher\":{\"@id\":\"https:\/\/www.infolocale.fr\/blog\/#organization\"},\"potentialAction\":[{\"@type\":\"SearchAction\",\"target\":{\"@type\":\"EntryPoint\",\"urlTemplate\":\"https:\/\/www.infolocale.fr\/blog\/?s={search_term_string}\"},\"query-input\":\"required name=search_term_string\"}],\"inLanguage\":\"fr-FR\"},{\"@type\":\"Organization\",\"@id\":\"https:\/\/www.infolocale.fr\/blog\/#organization\",\"name\":\"Infolocale\",\"url\":\"https:\/\/www.infolocale.fr\/blog\/\",\"logo\":{\"@type\":\"ImageObject\",\"inLanguage\":\"fr-FR\",\"@id\":\"https:\/\/www.infolocale.fr\/blog\/#\/schema\/logo\/image\/\",\"url\":\"https:\/\/www.infolocale.fr\/blog\/wp-content\/uploads\/2020\/11\/logol.jpg\",\"contentUrl\":\"https:\/\/www.infolocale.fr\/blog\/wp-content\/uploads\/2020\/11\/logol.jpg\",\"width\":1031,\"height\":398,\"caption\":\"Infolocale\"},\"image\":{\"@id\":\"https:\/\/www.infolocale.fr\/blog\/#\/schema\/logo\/image\/\"},\"sameAs\":[\"https:\/\/www.facebook.com\/infolocaleFR\/\",\"https:\/\/x.com\/infolocale\",\"https:\/\/www.instagram.com\/infolocale\/\",\"https:\/\/fr.linkedin.com\/company\/infolocale\",\"https:\/\/www.youtube.com\/channel\/UCnv4FA8EYEuu_si3TGr7xeA\"]},{\"@type\":\"Person\",\"@id\":\"https:\/\/www.infolocale.fr\/blog\/#\/schema\/person\/bf2dc50c6636ffa2ce3e44ef1f9eb97f\",\"name\":\"Myl\u00e8ne\",\"image\":{\"@type\":\"ImageObject\",\"inLanguage\":\"fr-FR\",\"@id\":\"https:\/\/www.infolocale.fr\/blog\/#\/schema\/person\/image\/\",\"url\":\"https:\/\/secure.gravatar.com\/avatar\/49511f0ea4b41ed3062b218e30f07042?s=96&d=mm&r=g\",\"contentUrl\":\"https:\/\/secure.gravatar.com\/avatar\/49511f0ea4b41ed3062b218e30f07042?s=96&d=mm&r=g\",\"caption\":\"Myl\u00e8ne\"},\"url\":\"https:\/\/infolocale.20minutes.fr\/blog\/author\/mylene-michel\/\"}]}<\/script>\n<!-- \/ Yoast SEO plugin. -->","yoast_head_json":{"title":"\u00c0 L'Arriv\u00e9e, le bistrot de Dylan Louvel, l'espoir d'une reprise en septembre","description":"\"J\u2019ai \u00e9t\u00e9 dans la crainte de perdre mon entreprise\". Apr\u00e8s un confinement difficile et un retour timide de la client\u00e8le, l'espoir d'une reprise en septembre","robots":{"index":"index","follow":"follow","max-snippet":"max-snippet:-1","max-image-preview":"max-image-preview:large","max-video-preview":"max-video-preview:-1"},"canonical":"https:\/\/infolocale.ouest-france.fr\/blog\/larrivee-rennes-covid-espoir-reprise-septembre\/","og_locale":"fr_FR","og_type":"article","og_title":"\u00c0 L'Arriv\u00e9e, le bistrot de Dylan Louvel, l'espoir d'une reprise en septembre","og_description":"\"J\u2019ai \u00e9t\u00e9 dans la crainte de perdre mon entreprise\". Apr\u00e8s un confinement difficile et un retour timide de la client\u00e8le, l'espoir d'une reprise en septembre","og_url":"https:\/\/infolocale.ouest-france.fr\/blog\/larrivee-rennes-covid-espoir-reprise-septembre\/","article_publisher":"https:\/\/www.facebook.com\/infolocaleFR\/","article_published_time":"2020-07-17T15:09:15+00:00","article_modified_time":"2021-03-02T15:31:28+00:00","og_image":[{"width":1024,"height":1024,"url":"https:\/\/infolocale.ouest-france.fr\/blog\/wp-content\/uploads\/2020\/07\/Foto3_Dylan_Credit-1024x1024-1.jpg","type":"image\/jpeg"}],"author":"Myl\u00e8ne","twitter_card":"summary_large_image","twitter_creator":"@infolocale","twitter_site":"@infolocale","twitter_misc":{"\u00c9crit par":"Myl\u00e8ne","Dur\u00e9e de lecture estim\u00e9e":"2 minutes"},"schema":{"@context":"https:\/\/schema.org","@graph":[{"@type":"Article","@id":"https:\/\/infolocale.ouest-france.fr\/blog\/larrivee-rennes-covid-espoir-reprise-septembre\/#article","isPartOf":{"@id":"https:\/\/infolocale.ouest-france.fr\/blog\/larrivee-rennes-covid-espoir-reprise-septembre\/"},"author":{"name":"Myl\u00e8ne","@id":"https:\/\/www.infolocale.fr\/blog\/#\/schema\/person\/bf2dc50c6636ffa2ce3e44ef1f9eb97f"},"headline":"L\u2019Arriv\u00e9e, le bistrot de Dylan Louvel","datePublished":"2020-07-17T15:09:15+00:00","dateModified":"2021-03-02T15:31:28+00:00","mainEntityOfPage":{"@id":"https:\/\/infolocale.ouest-france.fr\/blog\/larrivee-rennes-covid-espoir-reprise-septembre\/"},"wordCount":359,"commentCount":0,"publisher":{"@id":"https:\/\/www.infolocale.fr\/blog\/#organization"},"image":{"@id":"https:\/\/infolocale.ouest-france.fr\/blog\/larrivee-rennes-covid-espoir-reprise-septembre\/#primaryimage"},"thumbnailUrl":"https:\/\/infolocale.20minutes.fr\/blog\/wp-content\/uploads\/2020\/07\/Foto3_Dylan_Credit-1024x1024-1.jpg","keywords":["Actualit\u00e9s","Portraits"],"articleSection":["En ce moment"],"inLanguage":"fr-FR","potentialAction":[{"@type":"CommentAction","name":"Comment","target":["https:\/\/infolocale.ouest-france.fr\/blog\/larrivee-rennes-covid-espoir-reprise-septembre\/#respond"]}]},{"@type":"WebPage","@id":"https:\/\/infolocale.ouest-france.fr\/blog\/larrivee-rennes-covid-espoir-reprise-septembre\/","url":"https:\/\/infolocale.ouest-france.fr\/blog\/larrivee-rennes-covid-espoir-reprise-septembre\/","name":"\u00c0 L'Arriv\u00e9e, le bistrot de Dylan Louvel, l'espoir d'une reprise en septembre","isPartOf":{"@id":"https:\/\/www.infolocale.fr\/blog\/#website"},"primaryImageOfPage":{"@id":"https:\/\/infolocale.ouest-france.fr\/blog\/larrivee-rennes-covid-espoir-reprise-septembre\/#primaryimage"},"image":{"@id":"https:\/\/infolocale.ouest-france.fr\/blog\/larrivee-rennes-covid-espoir-reprise-septembre\/#primaryimage"},"thumbnailUrl":"https:\/\/infolocale.20minutes.fr\/blog\/wp-content\/uploads\/2020\/07\/Foto3_Dylan_Credit-1024x1024-1.jpg","datePublished":"2020-07-17T15:09:15+00:00","dateModified":"2021-03-02T15:31:28+00:00","description":"\"J\u2019ai \u00e9t\u00e9 dans la crainte de perdre mon entreprise\". Apr\u00e8s un confinement difficile et un retour timide de la client\u00e8le, l'espoir d'une reprise en septembre","breadcrumb":{"@id":"https:\/\/infolocale.ouest-france.fr\/blog\/larrivee-rennes-covid-espoir-reprise-septembre\/#breadcrumb"},"inLanguage":"fr-FR","potentialAction":[{"@type":"ReadAction","target":["https:\/\/infolocale.ouest-france.fr\/blog\/larrivee-rennes-covid-espoir-reprise-septembre\/"]}]},{"@type":"ImageObject","inLanguage":"fr-FR","@id":"https:\/\/infolocale.ouest-france.fr\/blog\/larrivee-rennes-covid-espoir-reprise-septembre\/#primaryimage","url":"https:\/\/infolocale.20minutes.fr\/blog\/wp-content\/uploads\/2020\/07\/Foto3_Dylan_Credit-1024x1024-1.jpg","contentUrl":"https:\/\/infolocale.20minutes.fr\/blog\/wp-content\/uploads\/2020\/07\/Foto3_Dylan_Credit-1024x1024-1.jpg","width":1024,"height":1024},{"@type":"BreadcrumbList","@id":"https:\/\/infolocale.ouest-france.fr\/blog\/larrivee-rennes-covid-espoir-reprise-septembre\/#breadcrumb","itemListElement":[{"@type":"ListItem","position":1,"name":"Blog","item":"https:\/\/infolocale.ouest-france.fr\/blog\/"},{"@type":"ListItem","position":2,"name":"En ce moment","item":"https:\/\/infolocale.20minutes.fr\/blog\/cat\/actu-acteurs-locaux\/"},{"@type":"ListItem","position":3,"name":"L\u2019Arriv\u00e9e, le bistrot de Dylan Louvel"}]},{"@type":"WebSite","@id":"https:\/\/www.infolocale.fr\/blog\/#website","url":"https:\/\/www.infolocale.fr\/blog\/","name":"","description":"","publisher":{"@id":"https:\/\/www.infolocale.fr\/blog\/#organization"},"potentialAction":[{"@type":"SearchAction","target":{"@type":"EntryPoint","urlTemplate":"https:\/\/www.infolocale.fr\/blog\/?s={search_term_string}"},"query-input":"required name=search_term_string"}],"inLanguage":"fr-FR"},{"@type":"Organization","@id":"https:\/\/www.infolocale.fr\/blog\/#organization","name":"Infolocale","url":"https:\/\/www.infolocale.fr\/blog\/","logo":{"@type":"ImageObject","inLanguage":"fr-FR","@id":"https:\/\/www.infolocale.fr\/blog\/#\/schema\/logo\/image\/","url":"https:\/\/www.infolocale.fr\/blog\/wp-content\/uploads\/2020\/11\/logol.jpg","contentUrl":"https:\/\/www.infolocale.fr\/blog\/wp-content\/uploads\/2020\/11\/logol.jpg","width":1031,"height":398,"caption":"Infolocale"},"image":{"@id":"https:\/\/www.infolocale.fr\/blog\/#\/schema\/logo\/image\/"},"sameAs":["https:\/\/www.facebook.com\/infolocaleFR\/","https:\/\/x.com\/infolocale","https:\/\/www.instagram.com\/infolocale\/","https:\/\/fr.linkedin.com\/company\/infolocale","https:\/\/www.youtube.com\/channel\/UCnv4FA8EYEuu_si3TGr7xeA"]},{"@type":"Person","@id":"https:\/\/www.infolocale.fr\/blog\/#\/schema\/person\/bf2dc50c6636ffa2ce3e44ef1f9eb97f","name":"Myl\u00e8ne","image":{"@type":"ImageObject","inLanguage":"fr-FR","@id":"https:\/\/www.infolocale.fr\/blog\/#\/schema\/person\/image\/","url":"https:\/\/secure.gravatar.com\/avatar\/49511f0ea4b41ed3062b218e30f07042?s=96&d=mm&r=g","contentUrl":"https:\/\/secure.gravatar.com\/avatar\/49511f0ea4b41ed3062b218e30f07042?s=96&d=mm&r=g","caption":"Myl\u00e8ne"},"url":"https:\/\/infolocale.20minutes.fr\/blog\/author\/mylene-michel\/"}]}},"_links":{"self":[{"href":"https:\/\/infolocale.20minutes.fr\/blog\/wp-json\/wp\/v2\/posts\/3212"}],"collection":[{"href":"https:\/\/infolocale.20minutes.fr\/blog\/wp-json\/wp\/v2\/posts"}],"about":[{"href":"https:\/\/infolocale.20minutes.fr\/blog\/wp-json\/wp\/v2\/types\/post"}],"author":[{"embeddable":true,"href":"https:\/\/infolocale.20minutes.fr\/blog\/wp-json\/wp\/v2\/users\/8"}],"replies":[{"embeddable":true,"href":"https:\/\/infolocale.20minutes.fr\/blog\/wp-json\/wp\/v2\/comments?post=3212"}],"version-history":[{"count":0,"href":"https:\/\/infolocale.20minutes.fr\/blog\/wp-json\/wp\/v2\/posts\/3212\/revisions"}],"wp:featuredmedia":[{"embeddable":true,"href":"https:\/\/infolocale.20minutes.fr\/blog\/wp-json\/wp\/v2\/media\/5113"}],"wp:attachment":[{"href":"https:\/\/infolocale.20minutes.fr\/blog\/wp-json\/wp\/v2\/media?parent=3212"}],"wp:term":[{"taxonomy":"category","embeddable":true,"href":"https:\/\/infolocale.20minutes.fr\/blog\/wp-json\/wp\/v2\/categories?post=3212"},{"taxonomy":"post_tag","embeddable":true,"href":"https:\/\/infolocale.20minutes.fr\/blog\/wp-json\/wp\/v2\/tags?post=3212"}],"curies":[{"name":"wp","href":"https:\/\/api.w.org\/{rel}","templated":true}]}}