{"id":301,"date":"2020-06-22T15:26:57","date_gmt":"2020-06-22T14:26:57","guid":{"rendered":"http:\/\/infolocale.data.blog\/?p=301"},"modified":"2021-10-27T17:41:01","modified_gmt":"2021-10-27T15:41:01","slug":"petits-freres-des-pauvres-visites-detenus","status":"publish","type":"post","link":"https:\/\/infolocale.20minutes.fr\/blog\/petits-freres-des-pauvres-visites-detenus\/","title":{"rendered":"Les visites en milieu carc\u00e9ral des Petits Fr\u00e8res des Pauvres"},"content":{"rendered":"\n<div class=\"wp-block-columns alignfull is-layout-flex wp-container-core-columns-is-layout-1 wp-block-columns-is-layout-flex\">\n<div class=\"wp-block-column is-layout-flow wp-block-column-is-layout-flow\" style=\"flex-basis:100%\">\n<p class=\"has-text-align-justify has-background has-normal-font-size\" style=\"background-color:#ffffff;line-height:2\">Au niveau national, l\u2019accompagnement des Petits Fr\u00e8res de Pauvres en milieu carc\u00e9ral a d\u00e9but\u00e9 en 2002 \u00e0 l\u2019h\u00f4pital p\u00e9nitentiaire de Fresnes. Fr\u00e9d\u00e9ric Mary, l\u2019un des coordinateurs rennais de l\u2019association, souhaitait cr\u00e9er une \u00e9quipe de b\u00e9n\u00e9voles d\u00e9di\u00e9e aux visites de d\u00e9tenus. Lors du Forum des associations, organis\u00e9 par France B\u00e9n\u00e9volat aux Lices, en septembre 2018, Fr\u00e9d\u00e9ric a su trouver les mots pour d\u00e9cider des b\u00e9n\u00e9voles \u00e0 s\u2019int\u00e9resser au monde p\u00e9nitentiaire. Elles sont six aujourd\u2019hui, dont quatre, tr\u00e8s actives. Fran\u00e7oise assure ces visites depuis mai 2019. Chaque b\u00e9n\u00e9vole se rend individuellement \u00e0 la Prison des femmes ou au Centre de d\u00e9tention de Vezin, en fonction de ses disponibilit\u00e9s.<\/p>\n\n\n\n<p class=\"has-text-align-justify has-background has-normal-font-size\" style=\"background-color:#ffffff;line-height:2\">En coh\u00e9rence avec la charte de l\u2019association des Petits Fr\u00e8res des Pauvres, les rencontres sont propos\u00e9es aux d\u00e9tenus \u00e2g\u00e9s de 50 ans et +, dans un grand isolement. Cette offre de visite est propos\u00e9e aux nouveaux arrivants dans les \u00e9tablissements p\u00e9nitentiaires. D\u2019autres associations r\u00e9alisent des visites aux c\u00f4t\u00e9s des Petits fr\u00e8res des pauvres. Par exemple, l\u2019Association des alcooliques anonymes, celle des Visiteurs de prison, l\u2019Aum\u00f4nerie catholique des prisons, l\u2019Association Nationale des Visiteurs de Prison (ANVP), l\u2019Aum\u00f4nerie catholique des prisons, l&rsquo;Aum\u00f4nerie Musulmane des prisons, l&rsquo;Aum\u00f4nerie Protestante des prisons, La Cimade, la Croix-Rouge fran\u00e7aise, la F\u00e9d\u00e9ration des Associations R\u00e9flexion-Action Prison et Justice (FARAPEJ), la F\u00e9d\u00e9ration des Acteurs de la Solidarit\u00e9 (FAS), le Secours Catholique &#8211; Caritas France, l&rsquo;Union Nationale des F\u00e9d\u00e9rations R\u00e9gionales des Associations de maison d\u2019accueil des familles et proches des personnes incarc\u00e9r\u00e9es (UFRAMA). <\/p>\n\n\n\n<h4 class=\"has-text-align-center wp-block-heading\">14 d\u00e9tenus visit\u00e9s pas l&rsquo;antenne rennaise depuis mai 2019<\/h4>\n\n\n\n<p class=\"has-text-align-justify has-background has-normal-font-size\" style=\"background-color:#ffffff;line-height:2\">\u00c0 Rennes, douze de ces associations se mettent \u00e0 disposition des d\u00e9tenus. Le d\u00e9tenu choisit ou non l\u2019intervention d\u2019un b\u00e9n\u00e9vole d\u2019une association plut\u00f4t qu\u2019une autre, selon son \u00e2ge, son parcours. Du c\u00f4t\u00e9 des Petits fr\u00e8res des pauvres, leurs b\u00e9n\u00e9voles d\u00e9di\u00e9es transmettent leur planning de disponibilit\u00e9s \u00e0 l\u2019animateur. Bien entendu, elles b\u00e9n\u00e9ficient au pr\u00e9alable d\u2019une formation au si\u00e8ge national de l\u2019association. Fr\u00e9d\u00e9ric se charge quant \u00e0 lui de la relation avec le Service p\u00e9nitentiaire d&rsquo;insertion et de probation (SPIP).<\/p>\n\n\n\n<p class=\"has-text-align-justify has-background has-normal-font-size\" style=\"background-color:#ffffff;line-height:2\">Concr\u00e8tement, les visites aux d\u00e9tenus se d\u00e9roulent dans le secteur des parloirs des avocats, parloirs distincts de ceux r\u00e9serv\u00e9s aux familles. Fran\u00e7oise, l\u2019une des quatre b\u00e9n\u00e9voles t\u00e9moigne&nbsp;: la rencontre se fait dans une relative intimit\u00e9 puisque le box est petit, sommaire, meubl\u00e9 d\u2019une petite table et 2 chaises. Le d\u00e9tenu est pr\u00e9venu de la visite uniquement lors de l\u2019appel au parloir. <\/p>\n\n\n\n<p class=\"has-text-align-justify has-background has-normal-font-size\" style=\"background-color:#ffffff;line-height:2\">La rencontre est cordiale. L\u2019accueil des b\u00e9n\u00e9voles est bas\u00e9 sous le signe de la confiance, de la courtoisie et le visit\u00e9 se montre ouvert, int\u00e9ress\u00e9 par un \u00e9change chaleureux. La b\u00e9n\u00e9vole se veut distrayante pendant l\u2019heure et demie de rencontre. Fran\u00e7oise annonce d\u2019embl\u00e9e la teneur de leurs \u00e9changes&nbsp;: \u00ab&nbsp;<strong>nos rencontres rel\u00e8vent d\u2019un lien de convivialit\u00e9. Elles sont du type de celles que j\u2019\u00e9tablis avec mon voisin de palier&nbsp;!&nbsp;\u00bb <\/strong>Si le d\u00e9tenu s\u2019\u00e9tonne de son engagement, Fran\u00e7oise lui pr\u00e9cise \u00ab&nbsp;<strong>Aujourd\u2019hui, je suis d\u2019un c\u00f4t\u00e9 de cette table. Demain, je pourrais \u00eatre en face&nbsp;<\/strong>\u00bb.<\/p>\n\n\n\n<p class=\"has-text-align-justify has-background has-normal-font-size\" style=\"background-color:#ffffff;line-height:2\">En sortant de la visite, nos quatre b\u00e9n\u00e9voles constatent un comportement identique&nbsp;: en repartant, elles ont besoin d\u2019une transition et prennent un temps de silence dans leurs voitures. Dix minutes pour mieux repartir vers le monde ext\u00e9rieur.<\/p>\n\n\n\n<h4 class=\"has-text-align-center wp-block-heading\">Durant le Covid-19<\/h4>\n\n\n\n<p class=\"has-text-align-justify has-background has-normal-font-size\" style=\"background-color:#ffffff;line-height:2\">Les visites de d\u00e9tenus ont cess\u00e9 le 11 mars 2020 pour cause de Covid-19. L\u00e0 aussi, au niveau national, l\u2019association a su soutenir ses b\u00e9n\u00e9voles, les encourager dans l\u2019utilit\u00e9 de leurs actions. Les recommandations ont \u00e9t\u00e9 \u00e9mises et re\u00e7ues dans la bienveillance. Sur nos quatre b\u00e9n\u00e9voles rennaises, seule la visiteuse de la Prison des femmes a pu conserver un lien r\u00e9gulier&nbsp;: un \u00e9change t\u00e9l\u00e9phonique bref, \u00e9mis de la prison selon des horaires pr\u00e9cis. Toutes ont re\u00e7u du courrier de leurs visit\u00e9s, qui s\u2019inqui\u00e9taient de leur devenir. \u00ab&nbsp;<strong>Comment allez-vous&nbsp;? Que devenez-vous&nbsp;?&nbsp;<\/strong>\u00bb Tous s\u2019inqui\u00e9taient de leurs sant\u00e9s et souhaitaient les revoir rapidement, lorsque cela serait possible. Nos b\u00e9n\u00e9voles expriment l\u2019\u00e9motion ressentie : <strong>\u00ab&nbsp;recevoir ces lettres magnifiques&nbsp;donne vraiment du sens \u00e0 notre action.&nbsp;\u00bb<\/strong><\/p>\n\n\n\n<p class=\"has-text-align-justify has-background has-normal-font-size\" style=\"background-color:#ffffff;line-height:2\">Un d\u00e9tenu, sorti en janvier 2020, a demand\u00e9 \u00e0 \u00eatre suivi par l\u2019association. <strong>Des liens jusqu\u2019au bout de la vie\u2026<\/strong><\/p>\n\n\n\n<p>*photo de couverture : Fran\u00e7oise Cognet<\/p>\n<\/div>\n<\/div>\n\n\n\n<figure class=\"wp-block-image size-large\"><a href=\"https:\/\/s.infolocale.fr\/?utm_source=blog&amp;utm_medium=banner&amp;utm_campaign=blog-contents\"><img fetchpriority=\"high\" decoding=\"async\" width=\"908\" height=\"196\" src=\"https:\/\/www.infolocale.fr\/blog\/wp-content\/uploads\/2021\/02\/Banniere_evenement.png\" alt=\"\" class=\"wp-image-5949\" srcset=\"https:\/\/infolocale.20minutes.fr\/blog\/wp-content\/uploads\/2021\/02\/Banniere_evenement.png 908w, https:\/\/infolocale.20minutes.fr\/blog\/wp-content\/uploads\/2021\/02\/Banniere_evenement-300x65.png 300w, https:\/\/infolocale.20minutes.fr\/blog\/wp-content\/uploads\/2021\/02\/Banniere_evenement-768x166.png 768w, https:\/\/infolocale.20minutes.fr\/blog\/wp-content\/uploads\/2021\/02\/Banniere_evenement-278x60.png 278w\" sizes=\"(max-width: 908px) 100vw, 908px\" \/><\/a><\/figure>\n\n\n\n<p><\/p>\n","protected":false},"excerpt":{"rendered":"<p>Au niveau national, l\u2019accompagnement des Petits Fr\u00e8res de Pauvres en milieu carc\u00e9ral a d\u00e9but\u00e9 en 2002 \u00e0 l\u2019h\u00f4pital p\u00e9nitentiaire de Fresnes. Fr\u00e9d\u00e9ric Mary, l\u2019un des [&hellip;]<\/p>\n","protected":false},"author":8,"featured_media":5121,"comment_status":"open","ping_status":"open","sticky":false,"template":"","format":"standard","meta":{"_coblocks_attr":"","_coblocks_dimensions":"","_coblocks_responsive_height":"","_coblocks_accordion_ie_support":"","_mo_disable_npp":"","footnotes":""},"categories":[6,8],"tags":[45],"class_list":["post-301","post","type-post","status-publish","format-standard","has-post-thumbnail","hentry","category-actu-acteurs-locaux","category-acteurs-locaux","tag-portraits"],"yoast_head":"<!-- This site is optimized with the Yoast SEO plugin v23.2 - https:\/\/yoast.com\/wordpress\/plugins\/seo\/ -->\n<title>L&#039;accompagnement en milieu carc\u00e9ral des Petits Fr\u00e8res des Pauvres |<\/title>\n<meta name=\"description\" content=\"L&#039;antenne rennaise de l&#039;association a cr\u00e9\u00e9 en mai 2019 une \u00e9quipe de b\u00e9n\u00e9voles d\u00e9di\u00e9e aux visites aux d\u00e9tenus - T\u00e9moignage des b\u00e9n\u00e9voles\" \/>\n<meta name=\"robots\" content=\"index, follow, max-snippet:-1, max-image-preview:large, max-video-preview:-1\" \/>\n<link rel=\"canonical\" href=\"https:\/\/infolocale.20minutes.fr\/blog\/petits-freres-des-pauvres-visites-detenus\/\" \/>\n<meta property=\"og:locale\" content=\"fr_FR\" \/>\n<meta property=\"og:type\" content=\"article\" \/>\n<meta property=\"og:title\" content=\"L&#039;accompagnement en milieu carc\u00e9ral des Petits Fr\u00e8res des Pauvres |\" \/>\n<meta property=\"og:description\" content=\"L&#039;antenne rennaise de l&#039;association a cr\u00e9\u00e9 en mai 2019 une \u00e9quipe de b\u00e9n\u00e9voles d\u00e9di\u00e9e aux visites aux d\u00e9tenus - T\u00e9moignage des b\u00e9n\u00e9voles\" \/>\n<meta property=\"og:url\" content=\"https:\/\/infolocale.20minutes.fr\/blog\/petits-freres-des-pauvres-visites-detenus\/\" \/>\n<meta property=\"article:publisher\" content=\"https:\/\/www.facebook.com\/infolocaleFR\/\" \/>\n<meta property=\"article:published_time\" content=\"2020-06-22T14:26:57+00:00\" \/>\n<meta property=\"article:modified_time\" content=\"2021-10-27T15:41:01+00:00\" \/>\n<meta property=\"og:image\" content=\"https:\/\/infolocale.20minutes.fr\/blog\/wp-content\/uploads\/2020\/06\/Nouveau-projet-11.jpg\" \/>\n\t<meta property=\"og:image:width\" content=\"1200\" \/>\n\t<meta property=\"og:image:height\" content=\"630\" \/>\n\t<meta property=\"og:image:type\" content=\"image\/jpeg\" \/>\n<meta name=\"author\" content=\"Myl\u00e8ne\" \/>\n<meta name=\"twitter:card\" content=\"summary_large_image\" \/>\n<meta name=\"twitter:creator\" content=\"@infolocale\" \/>\n<meta name=\"twitter:site\" content=\"@infolocale\" \/>\n<meta name=\"twitter:label1\" content=\"\u00c9crit par\" \/>\n\t<meta name=\"twitter:data1\" content=\"Myl\u00e8ne\" \/>\n\t<meta name=\"twitter:label2\" content=\"Dur\u00e9e de lecture estim\u00e9e\" \/>\n\t<meta name=\"twitter:data2\" content=\"4 minutes\" \/>\n<script type=\"application\/ld+json\" class=\"yoast-schema-graph\">{\"@context\":\"https:\/\/schema.org\",\"@graph\":[{\"@type\":\"Article\",\"@id\":\"https:\/\/infolocale.20minutes.fr\/blog\/petits-freres-des-pauvres-visites-detenus\/#article\",\"isPartOf\":{\"@id\":\"https:\/\/infolocale.20minutes.fr\/blog\/petits-freres-des-pauvres-visites-detenus\/\"},\"author\":{\"name\":\"Myl\u00e8ne\",\"@id\":\"https:\/\/www.infolocale.fr\/blog\/#\/schema\/person\/bf2dc50c6636ffa2ce3e44ef1f9eb97f\"},\"headline\":\"Les visites en milieu carc\u00e9ral des Petits Fr\u00e8res des Pauvres\",\"datePublished\":\"2020-06-22T14:26:57+00:00\",\"dateModified\":\"2021-10-27T15:41:01+00:00\",\"mainEntityOfPage\":{\"@id\":\"https:\/\/infolocale.20minutes.fr\/blog\/petits-freres-des-pauvres-visites-detenus\/\"},\"wordCount\":831,\"commentCount\":0,\"publisher\":{\"@id\":\"https:\/\/www.infolocale.fr\/blog\/#organization\"},\"image\":{\"@id\":\"https:\/\/infolocale.20minutes.fr\/blog\/petits-freres-des-pauvres-visites-detenus\/#primaryimage\"},\"thumbnailUrl\":\"https:\/\/infolocale.20minutes.fr\/blog\/wp-content\/uploads\/2020\/06\/Nouveau-projet-11.jpg\",\"keywords\":[\"Portraits\"],\"articleSection\":[\"En ce moment\",\"Portraits\"],\"inLanguage\":\"fr-FR\",\"potentialAction\":[{\"@type\":\"CommentAction\",\"name\":\"Comment\",\"target\":[\"https:\/\/infolocale.20minutes.fr\/blog\/petits-freres-des-pauvres-visites-detenus\/#respond\"]}]},{\"@type\":\"WebPage\",\"@id\":\"https:\/\/infolocale.20minutes.fr\/blog\/petits-freres-des-pauvres-visites-detenus\/\",\"url\":\"https:\/\/infolocale.20minutes.fr\/blog\/petits-freres-des-pauvres-visites-detenus\/\",\"name\":\"L'accompagnement en milieu carc\u00e9ral des Petits Fr\u00e8res des Pauvres |\",\"isPartOf\":{\"@id\":\"https:\/\/www.infolocale.fr\/blog\/#website\"},\"primaryImageOfPage\":{\"@id\":\"https:\/\/infolocale.20minutes.fr\/blog\/petits-freres-des-pauvres-visites-detenus\/#primaryimage\"},\"image\":{\"@id\":\"https:\/\/infolocale.20minutes.fr\/blog\/petits-freres-des-pauvres-visites-detenus\/#primaryimage\"},\"thumbnailUrl\":\"https:\/\/infolocale.20minutes.fr\/blog\/wp-content\/uploads\/2020\/06\/Nouveau-projet-11.jpg\",\"datePublished\":\"2020-06-22T14:26:57+00:00\",\"dateModified\":\"2021-10-27T15:41:01+00:00\",\"description\":\"L'antenne rennaise de l'association a cr\u00e9\u00e9 en mai 2019 une \u00e9quipe de b\u00e9n\u00e9voles d\u00e9di\u00e9e aux visites aux d\u00e9tenus - T\u00e9moignage des b\u00e9n\u00e9voles\",\"breadcrumb\":{\"@id\":\"https:\/\/infolocale.20minutes.fr\/blog\/petits-freres-des-pauvres-visites-detenus\/#breadcrumb\"},\"inLanguage\":\"fr-FR\",\"potentialAction\":[{\"@type\":\"ReadAction\",\"target\":[\"https:\/\/infolocale.20minutes.fr\/blog\/petits-freres-des-pauvres-visites-detenus\/\"]}]},{\"@type\":\"ImageObject\",\"inLanguage\":\"fr-FR\",\"@id\":\"https:\/\/infolocale.20minutes.fr\/blog\/petits-freres-des-pauvres-visites-detenus\/#primaryimage\",\"url\":\"https:\/\/infolocale.20minutes.fr\/blog\/wp-content\/uploads\/2020\/06\/Nouveau-projet-11.jpg\",\"contentUrl\":\"https:\/\/infolocale.20minutes.fr\/blog\/wp-content\/uploads\/2020\/06\/Nouveau-projet-11.jpg\",\"width\":1200,\"height\":630},{\"@type\":\"BreadcrumbList\",\"@id\":\"https:\/\/infolocale.20minutes.fr\/blog\/petits-freres-des-pauvres-visites-detenus\/#breadcrumb\",\"itemListElement\":[{\"@type\":\"ListItem\",\"position\":1,\"name\":\"Blog\",\"item\":\"https:\/\/infolocale.ouest-france.fr\/blog\/\"},{\"@type\":\"ListItem\",\"position\":2,\"name\":\"Portraits\",\"item\":\"https:\/\/infolocale.20minutes.fr\/blog\/cat\/acteurs-locaux\/\"},{\"@type\":\"ListItem\",\"position\":3,\"name\":\"Les visites en milieu carc\u00e9ral des Petits Fr\u00e8res des Pauvres\"}]},{\"@type\":\"WebSite\",\"@id\":\"https:\/\/www.infolocale.fr\/blog\/#website\",\"url\":\"https:\/\/www.infolocale.fr\/blog\/\",\"name\":\"\",\"description\":\"\",\"publisher\":{\"@id\":\"https:\/\/www.infolocale.fr\/blog\/#organization\"},\"potentialAction\":[{\"@type\":\"SearchAction\",\"target\":{\"@type\":\"EntryPoint\",\"urlTemplate\":\"https:\/\/www.infolocale.fr\/blog\/?s={search_term_string}\"},\"query-input\":\"required name=search_term_string\"}],\"inLanguage\":\"fr-FR\"},{\"@type\":\"Organization\",\"@id\":\"https:\/\/www.infolocale.fr\/blog\/#organization\",\"name\":\"Infolocale\",\"url\":\"https:\/\/www.infolocale.fr\/blog\/\",\"logo\":{\"@type\":\"ImageObject\",\"inLanguage\":\"fr-FR\",\"@id\":\"https:\/\/www.infolocale.fr\/blog\/#\/schema\/logo\/image\/\",\"url\":\"https:\/\/www.infolocale.fr\/blog\/wp-content\/uploads\/2020\/11\/logol.jpg\",\"contentUrl\":\"https:\/\/www.infolocale.fr\/blog\/wp-content\/uploads\/2020\/11\/logol.jpg\",\"width\":1031,\"height\":398,\"caption\":\"Infolocale\"},\"image\":{\"@id\":\"https:\/\/www.infolocale.fr\/blog\/#\/schema\/logo\/image\/\"},\"sameAs\":[\"https:\/\/www.facebook.com\/infolocaleFR\/\",\"https:\/\/x.com\/infolocale\",\"https:\/\/www.instagram.com\/infolocale\/\",\"https:\/\/fr.linkedin.com\/company\/infolocale\",\"https:\/\/www.youtube.com\/channel\/UCnv4FA8EYEuu_si3TGr7xeA\"]},{\"@type\":\"Person\",\"@id\":\"https:\/\/www.infolocale.fr\/blog\/#\/schema\/person\/bf2dc50c6636ffa2ce3e44ef1f9eb97f\",\"name\":\"Myl\u00e8ne\",\"image\":{\"@type\":\"ImageObject\",\"inLanguage\":\"fr-FR\",\"@id\":\"https:\/\/www.infolocale.fr\/blog\/#\/schema\/person\/image\/\",\"url\":\"https:\/\/secure.gravatar.com\/avatar\/49511f0ea4b41ed3062b218e30f07042?s=96&d=mm&r=g\",\"contentUrl\":\"https:\/\/secure.gravatar.com\/avatar\/49511f0ea4b41ed3062b218e30f07042?s=96&d=mm&r=g\",\"caption\":\"Myl\u00e8ne\"},\"url\":\"https:\/\/infolocale.20minutes.fr\/blog\/author\/mylene-michel\/\"}]}<\/script>\n<!-- \/ Yoast SEO plugin. -->","yoast_head_json":{"title":"L'accompagnement en milieu carc\u00e9ral des Petits Fr\u00e8res des Pauvres |","description":"L'antenne rennaise de l'association a cr\u00e9\u00e9 en mai 2019 une \u00e9quipe de b\u00e9n\u00e9voles d\u00e9di\u00e9e aux visites aux d\u00e9tenus - T\u00e9moignage des b\u00e9n\u00e9voles","robots":{"index":"index","follow":"follow","max-snippet":"max-snippet:-1","max-image-preview":"max-image-preview:large","max-video-preview":"max-video-preview:-1"},"canonical":"https:\/\/infolocale.20minutes.fr\/blog\/petits-freres-des-pauvres-visites-detenus\/","og_locale":"fr_FR","og_type":"article","og_title":"L'accompagnement en milieu carc\u00e9ral des Petits Fr\u00e8res des Pauvres |","og_description":"L'antenne rennaise de l'association a cr\u00e9\u00e9 en mai 2019 une \u00e9quipe de b\u00e9n\u00e9voles d\u00e9di\u00e9e aux visites aux d\u00e9tenus - T\u00e9moignage des b\u00e9n\u00e9voles","og_url":"https:\/\/infolocale.20minutes.fr\/blog\/petits-freres-des-pauvres-visites-detenus\/","article_publisher":"https:\/\/www.facebook.com\/infolocaleFR\/","article_published_time":"2020-06-22T14:26:57+00:00","article_modified_time":"2021-10-27T15:41:01+00:00","og_image":[{"width":1200,"height":630,"url":"https:\/\/infolocale.20minutes.fr\/blog\/wp-content\/uploads\/2020\/06\/Nouveau-projet-11.jpg","type":"image\/jpeg"}],"author":"Myl\u00e8ne","twitter_card":"summary_large_image","twitter_creator":"@infolocale","twitter_site":"@infolocale","twitter_misc":{"\u00c9crit par":"Myl\u00e8ne","Dur\u00e9e de lecture estim\u00e9e":"4 minutes"},"schema":{"@context":"https:\/\/schema.org","@graph":[{"@type":"Article","@id":"https:\/\/infolocale.20minutes.fr\/blog\/petits-freres-des-pauvres-visites-detenus\/#article","isPartOf":{"@id":"https:\/\/infolocale.20minutes.fr\/blog\/petits-freres-des-pauvres-visites-detenus\/"},"author":{"name":"Myl\u00e8ne","@id":"https:\/\/www.infolocale.fr\/blog\/#\/schema\/person\/bf2dc50c6636ffa2ce3e44ef1f9eb97f"},"headline":"Les visites en milieu carc\u00e9ral des Petits Fr\u00e8res des Pauvres","datePublished":"2020-06-22T14:26:57+00:00","dateModified":"2021-10-27T15:41:01+00:00","mainEntityOfPage":{"@id":"https:\/\/infolocale.20minutes.fr\/blog\/petits-freres-des-pauvres-visites-detenus\/"},"wordCount":831,"commentCount":0,"publisher":{"@id":"https:\/\/www.infolocale.fr\/blog\/#organization"},"image":{"@id":"https:\/\/infolocale.20minutes.fr\/blog\/petits-freres-des-pauvres-visites-detenus\/#primaryimage"},"thumbnailUrl":"https:\/\/infolocale.20minutes.fr\/blog\/wp-content\/uploads\/2020\/06\/Nouveau-projet-11.jpg","keywords":["Portraits"],"articleSection":["En ce moment","Portraits"],"inLanguage":"fr-FR","potentialAction":[{"@type":"CommentAction","name":"Comment","target":["https:\/\/infolocale.20minutes.fr\/blog\/petits-freres-des-pauvres-visites-detenus\/#respond"]}]},{"@type":"WebPage","@id":"https:\/\/infolocale.20minutes.fr\/blog\/petits-freres-des-pauvres-visites-detenus\/","url":"https:\/\/infolocale.20minutes.fr\/blog\/petits-freres-des-pauvres-visites-detenus\/","name":"L'accompagnement en milieu carc\u00e9ral des Petits Fr\u00e8res des Pauvres |","isPartOf":{"@id":"https:\/\/www.infolocale.fr\/blog\/#website"},"primaryImageOfPage":{"@id":"https:\/\/infolocale.20minutes.fr\/blog\/petits-freres-des-pauvres-visites-detenus\/#primaryimage"},"image":{"@id":"https:\/\/infolocale.20minutes.fr\/blog\/petits-freres-des-pauvres-visites-detenus\/#primaryimage"},"thumbnailUrl":"https:\/\/infolocale.20minutes.fr\/blog\/wp-content\/uploads\/2020\/06\/Nouveau-projet-11.jpg","datePublished":"2020-06-22T14:26:57+00:00","dateModified":"2021-10-27T15:41:01+00:00","description":"L'antenne rennaise de l'association a cr\u00e9\u00e9 en mai 2019 une \u00e9quipe de b\u00e9n\u00e9voles d\u00e9di\u00e9e aux visites aux d\u00e9tenus - T\u00e9moignage des b\u00e9n\u00e9voles","breadcrumb":{"@id":"https:\/\/infolocale.20minutes.fr\/blog\/petits-freres-des-pauvres-visites-detenus\/#breadcrumb"},"inLanguage":"fr-FR","potentialAction":[{"@type":"ReadAction","target":["https:\/\/infolocale.20minutes.fr\/blog\/petits-freres-des-pauvres-visites-detenus\/"]}]},{"@type":"ImageObject","inLanguage":"fr-FR","@id":"https:\/\/infolocale.20minutes.fr\/blog\/petits-freres-des-pauvres-visites-detenus\/#primaryimage","url":"https:\/\/infolocale.20minutes.fr\/blog\/wp-content\/uploads\/2020\/06\/Nouveau-projet-11.jpg","contentUrl":"https:\/\/infolocale.20minutes.fr\/blog\/wp-content\/uploads\/2020\/06\/Nouveau-projet-11.jpg","width":1200,"height":630},{"@type":"BreadcrumbList","@id":"https:\/\/infolocale.20minutes.fr\/blog\/petits-freres-des-pauvres-visites-detenus\/#breadcrumb","itemListElement":[{"@type":"ListItem","position":1,"name":"Blog","item":"https:\/\/infolocale.ouest-france.fr\/blog\/"},{"@type":"ListItem","position":2,"name":"Portraits","item":"https:\/\/infolocale.20minutes.fr\/blog\/cat\/acteurs-locaux\/"},{"@type":"ListItem","position":3,"name":"Les visites en milieu carc\u00e9ral des Petits Fr\u00e8res des Pauvres"}]},{"@type":"WebSite","@id":"https:\/\/www.infolocale.fr\/blog\/#website","url":"https:\/\/www.infolocale.fr\/blog\/","name":"","description":"","publisher":{"@id":"https:\/\/www.infolocale.fr\/blog\/#organization"},"potentialAction":[{"@type":"SearchAction","target":{"@type":"EntryPoint","urlTemplate":"https:\/\/www.infolocale.fr\/blog\/?s={search_term_string}"},"query-input":"required name=search_term_string"}],"inLanguage":"fr-FR"},{"@type":"Organization","@id":"https:\/\/www.infolocale.fr\/blog\/#organization","name":"Infolocale","url":"https:\/\/www.infolocale.fr\/blog\/","logo":{"@type":"ImageObject","inLanguage":"fr-FR","@id":"https:\/\/www.infolocale.fr\/blog\/#\/schema\/logo\/image\/","url":"https:\/\/www.infolocale.fr\/blog\/wp-content\/uploads\/2020\/11\/logol.jpg","contentUrl":"https:\/\/www.infolocale.fr\/blog\/wp-content\/uploads\/2020\/11\/logol.jpg","width":1031,"height":398,"caption":"Infolocale"},"image":{"@id":"https:\/\/www.infolocale.fr\/blog\/#\/schema\/logo\/image\/"},"sameAs":["https:\/\/www.facebook.com\/infolocaleFR\/","https:\/\/x.com\/infolocale","https:\/\/www.instagram.com\/infolocale\/","https:\/\/fr.linkedin.com\/company\/infolocale","https:\/\/www.youtube.com\/channel\/UCnv4FA8EYEuu_si3TGr7xeA"]},{"@type":"Person","@id":"https:\/\/www.infolocale.fr\/blog\/#\/schema\/person\/bf2dc50c6636ffa2ce3e44ef1f9eb97f","name":"Myl\u00e8ne","image":{"@type":"ImageObject","inLanguage":"fr-FR","@id":"https:\/\/www.infolocale.fr\/blog\/#\/schema\/person\/image\/","url":"https:\/\/secure.gravatar.com\/avatar\/49511f0ea4b41ed3062b218e30f07042?s=96&d=mm&r=g","contentUrl":"https:\/\/secure.gravatar.com\/avatar\/49511f0ea4b41ed3062b218e30f07042?s=96&d=mm&r=g","caption":"Myl\u00e8ne"},"url":"https:\/\/infolocale.20minutes.fr\/blog\/author\/mylene-michel\/"}]}},"_links":{"self":[{"href":"https:\/\/infolocale.20minutes.fr\/blog\/wp-json\/wp\/v2\/posts\/301"}],"collection":[{"href":"https:\/\/infolocale.20minutes.fr\/blog\/wp-json\/wp\/v2\/posts"}],"about":[{"href":"https:\/\/infolocale.20minutes.fr\/blog\/wp-json\/wp\/v2\/types\/post"}],"author":[{"embeddable":true,"href":"https:\/\/infolocale.20minutes.fr\/blog\/wp-json\/wp\/v2\/users\/8"}],"replies":[{"embeddable":true,"href":"https:\/\/infolocale.20minutes.fr\/blog\/wp-json\/wp\/v2\/comments?post=301"}],"version-history":[{"count":0,"href":"https:\/\/infolocale.20minutes.fr\/blog\/wp-json\/wp\/v2\/posts\/301\/revisions"}],"wp:featuredmedia":[{"embeddable":true,"href":"https:\/\/infolocale.20minutes.fr\/blog\/wp-json\/wp\/v2\/media\/5121"}],"wp:attachment":[{"href":"https:\/\/infolocale.20minutes.fr\/blog\/wp-json\/wp\/v2\/media?parent=301"}],"wp:term":[{"taxonomy":"category","embeddable":true,"href":"https:\/\/infolocale.20minutes.fr\/blog\/wp-json\/wp\/v2\/categories?post=301"},{"taxonomy":"post_tag","embeddable":true,"href":"https:\/\/infolocale.20minutes.fr\/blog\/wp-json\/wp\/v2\/tags?post=301"}],"curies":[{"name":"wp","href":"https:\/\/api.w.org\/{rel}","templated":true}]}}