{"id":29623,"date":"2026-05-12T16:08:01","date_gmt":"2026-05-12T14:08:01","guid":{"rendered":"https:\/\/www.infolocale.fr\/blog\/?p=29623"},"modified":"2026-06-30T14:20:12","modified_gmt":"2026-06-30T12:20:12","slug":"redynamiser-le-centre-bourg","status":"publish","type":"post","link":"https:\/\/infolocale.20minutes.fr\/blog\/redynamiser-le-centre-bourg\/","title":{"rendered":"Comment r\u00e9ussir \u00e0 redynamiser le centre-bourg : 6 leviers concrets pour les \u00e9lus"},"content":{"rendered":"\n<p><mark style=\"background-color:#8ed1fc\" class=\"has-inline-color has-black-color\">Redynamiser un c\u0153ur de ville demande bien plus que de simples aides financi\u00e8res ponctuelles. Pour faire face \u00e0 la baisse de fr\u00e9quentation et aux nouvelles habitudes des administr\u00e9s, les collectivit\u00e9s doivent agir sur plusieurs fronts simultan\u00e9ment. Cet article vous pr\u00e9sente six leviers d&rsquo;action concrets pour r\u00e9ussir \u00e0 <strong>redynamiser le centre-bourg<\/strong> de votre commune. Nous abordons la gestion des locaux commerciaux, la r\u00e9novation des logements, l&rsquo;am\u00e9lioration des d\u00e9placements, mais aussi l&rsquo;animation locale. L&rsquo;objectif est de vous fournir une m\u00e9thode claire et directement applicable sur le terrain. Lisez la suite pour d\u00e9couvrir comment combiner ces solutions et ramener durablement de la vie dans votre centre-ville.<\/mark><\/p>\n\n\n\n<div class=\"wp-block-buttons is-content-justification-center is-layout-flex wp-block-buttons-is-layout-flex\">\n<div class=\"wp-block-button has-custom-width wp-block-button__width-75\"><a class=\"wp-block-button__link has-white-color has-luminous-vivid-amber-background-color has-text-color has-background\" href=\"https:\/\/www.infolocale.fr\/decouvrir\/collectivites\/?int_source=blog&amp;int_medium=banner&amp;int_campaign=blog-content-artcoll\">&gt;&gt; Je souhaite int\u00e9grer un agenda sur le site de ma collectivit\u00e9<\/a><\/div>\n<\/div>\n\n\n<div class=\"wp-block-image is-resized\">\n<figure class=\"aligncenter size-large has-lightbox\"><a href=\"https:\/\/www.infolocale.fr\/decouvrir\/deposant\/?utm_source=blog&amp;utm_medium=banner&amp;utm_campaign=blog-content\"><img fetchpriority=\"high\" decoding=\"async\" width=\"1024\" height=\"1024\" src=\"https:\/\/www.infolocale.fr\/blog\/wp-content\/uploads\/2021\/11\/banniere-NLDASSO-carree1500x1500-1024x1024.jpg\" alt=\"\" class=\"wp-image-23946\" srcset=\"https:\/\/infolocale.20minutes.fr\/blog\/wp-content\/uploads\/2021\/11\/banniere-NLDASSO-carree1500x1500-1024x1024.jpg 1024w, https:\/\/infolocale.20minutes.fr\/blog\/wp-content\/uploads\/2021\/11\/banniere-NLDASSO-carree1500x1500-300x300.jpg 300w, https:\/\/infolocale.20minutes.fr\/blog\/wp-content\/uploads\/2021\/11\/banniere-NLDASSO-carree1500x1500-150x150.jpg 150w, https:\/\/infolocale.20minutes.fr\/blog\/wp-content\/uploads\/2021\/11\/banniere-NLDASSO-carree1500x1500-768x768.jpg 768w, https:\/\/infolocale.20minutes.fr\/blog\/wp-content\/uploads\/2021\/11\/banniere-NLDASSO-carree1500x1500.jpg 1500w\" sizes=\"(max-width: 1024px) 100vw, 1024px\" \/><\/a><\/figure><\/div>\n\n\n<p>Avant de d\u00e9ployer des actions sur le terrain, il est crucial de mesurer les cons\u00e9quences de l&rsquo;inaction. Un centre-ville qui se vide ne perd pas seulement ses commerces, il perd son statut de lieu de vie pour devenir une simple zone de transit. Cette transformation en \u00ab\u00a0ville-dortoir\u00a0\u00bb d\u00e9grade fortement l&rsquo;image de la collectivit\u00e9 et entra\u00eene une baisse de la valeur immobili\u00e8re. \u00c0 l&rsquo;inverse, investir pour redynamiser le centre-bourg permet de restaurer la fiert\u00e9 locale et d&rsquo;enclencher un cercle vertueux : l&rsquo;activit\u00e9 attire l&rsquo;activit\u00e9. C&rsquo;est un investissement structurel indispensable pour maintenir la comp\u00e9titivit\u00e9 de votre commune face aux villes voisines.<\/p>\n\n\n\n<h2 class=\"wp-block-heading\">1. Reprendre la main sur les locaux commerciaux<\/h2>\n\n\n\n<p>Laisser le march\u00e9 immobilier se g\u00e9rer tout seul m\u00e8ne souvent \u00e0 la multiplication des locaux vides. La mairie doit donc reprendre le contr\u00f4le de ses espaces strat\u00e9giques.<\/p>\n\n\n\n<p>Concr\u00e8tement, l&rsquo;utilisation du droit de pr\u00e9emption permet \u00e0 la ville de racheter des murs bien situ\u00e9s. Vous pouvez ensuite les r\u00e9nover et les louer \u00e0 des tarifs mod\u00e9r\u00e9s. De plus, la cr\u00e9ation de \u00ab <a href=\"https:\/\/www.maboutiquealessai.fr\/\">boutiques \u00e0 l&rsquo;essai<\/a> \u00bb est un excellent moyen d&rsquo;attirer de nouveaux artisans. Cela r\u00e9duit le risque financier pour le commer\u00e7ant qui se lance, tout en recr\u00e9ant tout de suite de l&rsquo;activit\u00e9 dans la rue principale. Cette implication de la mairie est indispensable pour redynamiser le centre-bourg.<\/p>\n\n\n\n<h2 class=\"wp-block-heading\">2. R\u00e9nover l&rsquo;habitat pour faire revenir les habitants<\/h2>\n\n\n\n<p>Un centre-ville sans habitants est un centre-ville qui s&rsquo;\u00e9teint. C&rsquo;est pourquoi l&rsquo;effort pour redynamiser le centre-bourg passe obligatoirement par la r\u00e9novation des logements anciens, souvent situ\u00e9s au-dessus des commerces.<\/p>\n\n\n\n<p>Pour agir efficacement, mettez en place des aides pour les propri\u00e9taires qui s&rsquo;engagent \u00e0 faire des travaux (isolation, ravalement, accessibilit\u00e9). En incitant les familles et les jeunes actifs \u00e0 revenir s&rsquo;installer dans le centre, vous recr\u00e9ez naturellement une client\u00e8le quotidienne pour vos commer\u00e7ants de proximit\u00e9.<\/p>\n\n\n\n<h2 class=\"wp-block-heading\">3. Am\u00e9liorer le stationnement et l&rsquo;acc\u00e8s pi\u00e9ton<\/h2>\n\n\n\n<p>L&rsquo;acc\u00e8s \u00e0 vos commerces est le nerf de la guerre. Toutefois, il ne s&rsquo;agit pas d&rsquo;interdire la voiture, mais plut\u00f4t de mieux organiser son stationnement et de rendre la rue plus agr\u00e9able.<\/p>\n\n\n\n<p>Cr\u00e9ez par exemple des zones bleues pr\u00e8s des boutiques pour \u00e9viter les voitures qui restent gar\u00e9es toute la journ\u00e9e. Cela assure un roulement r\u00e9gulier pour les clients. En parall\u00e8le, \u00e9largissez les trottoirs et s\u00e9curisez les passages pour les pi\u00e9tons. Un espace public o\u00f9 l&rsquo;on se sent en s\u00e9curit\u00e9 donne envie de fl\u00e2ner, ce qui aide grandement \u00e0 redynamiser le centre-bourg.<\/p>\n\n\n<div class=\"wp-block-image\">\n<figure class=\"aligncenter size-full has-lightbox\"><a href=\"https:\/\/www.infolocale.fr\/decouvrir\/il-exploitants-contacts\/?utm_source=blog&amp;utm_medium=banner&amp;utm_campaign=blog-content\"><img decoding=\"async\" width=\"605\" height=\"605\" src=\"https:\/\/www.infolocale.fr\/blog\/wp-content\/uploads\/2025\/09\/Boostez-votre-media-avec-des-contenus-qui-engagent-5.png\" alt=\"\" class=\"wp-image-28457\" srcset=\"https:\/\/infolocale.20minutes.fr\/blog\/wp-content\/uploads\/2025\/09\/Boostez-votre-media-avec-des-contenus-qui-engagent-5.png 605w, https:\/\/infolocale.20minutes.fr\/blog\/wp-content\/uploads\/2025\/09\/Boostez-votre-media-avec-des-contenus-qui-engagent-5-300x300.png 300w, https:\/\/infolocale.20minutes.fr\/blog\/wp-content\/uploads\/2025\/09\/Boostez-votre-media-avec-des-contenus-qui-engagent-5-150x150.png 150w\" sizes=\"(max-width: 605px) 100vw, 605px\" \/><\/a><\/figure><\/div>\n\n\n<h2 class=\"wp-block-heading\">4. Animer la ville et s&rsquo;appuyer sur les bonnes plateformes<\/h2>\n\n\n\n<p>L&rsquo;animation est un levier redoutable pour valoriser les efforts de votre mairie et redonner une identit\u00e9 forte \u00e0 votre commune.<\/p>\n\n\n\n<p>Organisez des rendez-vous r\u00e9guliers qui attirent du monde : un march\u00e9 de producteurs le dimanche, des <a href=\"https:\/\/www.infolocale.fr\/blog\/registre-des-vendeurs-vide-greniers\/\">vide-greniers<\/a> ou des f\u00eates de rue. Ces moments transforment votre centre-ville en un lieu o\u00f9 l&rsquo;on a envie de se retrouver. Pensez \u00e0 toujours associer les associations locales \u00e0 ces projets pour unir vos forces.<\/p>\n\n\n\n<p>Pour donner un maximum d&rsquo;\u00e9cho \u00e0 ces \u00e9v\u00e9nements et redynamiser le centre-bourg, appuyez-vous sur des outils comme <a href=\"https:\/\/www.infolocale.fr\/decouvrir\/collectivites\/\">Infolocale<\/a>. Cette solution permet aux associations et \u00e0 la mairie de publier facilement leurs \u00e9v\u00e9nements. En int\u00e9grant ensuite cet agenda directement sur le site internet de votre ville, vous informez vos habitants en temps r\u00e9el. Cette fluidit\u00e9 de l&rsquo;information est un atout majeur pour votre territoire.<\/p>\n\n\n\n<h2 class=\"wp-block-heading\">5. Accompagner les commer\u00e7ants sur internet<\/h2>\n\n\n\n<p>Aujourd&rsquo;hui, un client cherche presque toujours une information sur son t\u00e9l\u00e9phone avant de se d\u00e9placer en boutique. La mairie a donc un r\u00f4le de facilitateur \u00e0 jouer sur le web.<\/p>\n\n\n\n<p>Proposez des petits ateliers gratuits pour aider vos artisans \u00e0 cr\u00e9er ou mettre \u00e0 jour leur fiche Google. Vous pouvez aussi soutenir la mise en place d&rsquo;un service de commande en ligne local (\u00ab<a href=\"https:\/\/www.francenum.gouv.fr\/guides-et-conseils\/developpement-commercial\/outils-de-developpement-des-ventes\/click-and-collect\"> click and collect<\/a> \u00bb). En aidant vos commer\u00e7ants \u00e0 \u00eatre bien visibles sur internet, vous contribuez \u00e0 redynamiser le centre-bourg en attirant plus de clients physiques en magasin.<\/p>\n\n\n\n<h2 class=\"wp-block-heading\">6. Regrouper les services publics et de sant\u00e9<\/h2>\n\n\n\n<p>Le commerce ne suffit plus toujours \u00e0 lui seul pour garantir un flux r\u00e9gulier de visiteurs. Pour redynamiser le centre-bourg, la collectivit\u00e9 doit \u00e9galement miser sur l&rsquo;offre de services indispensables au quotidien.<\/p>\n\n\n\n<p>L&rsquo;installation d&rsquo;une maison m\u00e9dicale pluridisciplinaire ou d&rsquo;un espace France Services en plein c\u0153ur de ville g\u00e9n\u00e8re un passage m\u00e9canique et constant. Les habitants viennent pour une consultation ou une d\u00e9marche administrative, puis en profitent pour s&rsquo;arr\u00eater \u00e0 la boulangerie ou \u00e0 la pharmacie voisine. Maintenir ces services de proximit\u00e9 au centre, plut\u00f4t que de les repousser dans une zone d&rsquo;activit\u00e9 en p\u00e9riph\u00e9rie, est une strat\u00e9gie redoutablement efficace.<\/p>\n\n\n\n<h2 class=\"wp-block-heading\">L&rsquo;impact direct sur le ressenti et le choix des habitants<\/h2>\n\n\n\n<p>Au-del\u00e0 de l&rsquo;aspect purement \u00e9conomique, un c\u0153ur de ville vivant modifie profond\u00e9ment la perception de ses habitants. Un centre bien entretenu, anim\u00e9 et dot\u00e9 de commerces de proximit\u00e9 cr\u00e9e un sentiment de s\u00e9curit\u00e9 et de coh\u00e9sion sociale. Les administr\u00e9s ne s&rsquo;y rendent plus uniquement par obligation, mais pour le plaisir d&rsquo;y passer du temps.<\/p>\n\n\n\n<p>De plus, la vitalit\u00e9 du bourg est devenue le premier crit\u00e8re de choix pour les nouveaux arrivants. Avant d&rsquo;acheter ou de louer un bien immobilier, les m\u00e9nages \u00e9valuent syst\u00e9matiquement la qualit\u00e9 de vie locale. Une commune qui parvient \u00e0 <strong>redynamiser le centre-bourg<\/strong> gagne un avantage d\u00e9cisif pour attirer de nouvelles familles, p\u00e9renniser les ouvertures de classes dans ses \u00e9coles et garantir le renouvellement de sa population.<\/p>\n\n\n\n<h2 class=\"wp-block-heading\">Conclusion : redonner vie au c\u0153ur de ville<\/h2>\n\n\n\n<p>Pour r\u00e9ussir \u00e0 redynamiser le centre-bourg, il ne faut pas s&rsquo;arr\u00eater \u00e0 une seule action isol\u00e9e. C&rsquo;est en combinant des actions sur le logement, le commerce, les d\u00e9placements et l&rsquo;animation (avec des outils comme Infolocale) que vous changerez vraiment les choses. En actionnant tous ces leviers en m\u00eame temps, vous redonnerez vie \u00e0 votre centre-ville et r\u00e9pondrez concr\u00e8tement aux attentes de vos habitants.<\/p>\n\n\n\n<p><\/p>\n\n\n\n<p><\/p>\n","protected":false},"excerpt":{"rendered":"<p>Redynamiser un c\u0153ur de ville demande bien plus que de simples aides financi\u00e8res ponctuelles. Pour faire face \u00e0 la baisse de fr\u00e9quentation et aux nouvelles [&hellip;]<\/p>\n","protected":false},"author":21,"featured_media":29624,"comment_status":"open","ping_status":"open","sticky":false,"template":"","format":"standard","meta":{"_coblocks_attr":"","_coblocks_dimensions":"","_coblocks_responsive_height":"","_coblocks_accordion_ie_support":"","_mo_disable_npp":"","footnotes":""},"categories":[75],"tags":[],"class_list":["post-29623","post","type-post","status-publish","format-standard","has-post-thumbnail","hentry","category-communication-des-institutions-et-collectivites"],"yoast_head":"<!-- This site is optimized with the Yoast SEO plugin v23.2 - https:\/\/yoast.com\/wordpress\/plugins\/seo\/ -->\n<title>Redynamiser le centre-bourg : 6 leviers d&#039;action<\/title>\n<meta name=\"description\" content=\"\u00c9lus, d\u00e9couvrez 6 leviers d&#039;action concrets pour r\u00e9ussir la revitalisation centre-bourg et redynamiser durablement votre commune.\" \/>\n<meta name=\"robots\" content=\"index, follow, max-snippet:-1, max-image-preview:large, max-video-preview:-1\" \/>\n<link rel=\"canonical\" href=\"https:\/\/infolocale.ouest-france.fr\/blog\/redynamiser-le-centre-bourg\/\" \/>\n<meta property=\"og:locale\" content=\"fr_FR\" \/>\n<meta property=\"og:type\" content=\"article\" \/>\n<meta property=\"og:title\" content=\"Redynamiser le centre-bourg : 6 leviers d&#039;action\" \/>\n<meta property=\"og:description\" content=\"\u00c9lus, d\u00e9couvrez 6 leviers d&#039;action concrets pour r\u00e9ussir la revitalisation centre-bourg et redynamiser durablement votre commune.\" \/>\n<meta property=\"og:url\" content=\"https:\/\/infolocale.ouest-france.fr\/blog\/redynamiser-le-centre-bourg\/\" \/>\n<meta property=\"article:publisher\" content=\"https:\/\/www.facebook.com\/infolocaleFR\/\" \/>\n<meta property=\"article:published_time\" content=\"2026-05-12T14:08:01+00:00\" \/>\n<meta property=\"article:modified_time\" content=\"2026-06-30T12:20:12+00:00\" \/>\n<meta property=\"og:image\" content=\"https:\/\/infolocale.ouest-france.fr\/blog\/wp-content\/uploads\/2026\/05\/redynamiser-le-centre-bourg.png\" \/>\n\t<meta property=\"og:image:width\" content=\"900\" \/>\n\t<meta property=\"og:image:height\" content=\"630\" \/>\n\t<meta property=\"og:image:type\" content=\"image\/png\" \/>\n<meta name=\"author\" content=\"Alicia Le Corre\" \/>\n<meta name=\"twitter:card\" content=\"summary_large_image\" \/>\n<meta name=\"twitter:creator\" content=\"@infolocale\" \/>\n<meta name=\"twitter:site\" content=\"@infolocale\" \/>\n<meta name=\"twitter:label1\" content=\"\u00c9crit par\" \/>\n\t<meta name=\"twitter:data1\" content=\"Alicia Le Corre\" \/>\n\t<meta name=\"twitter:label2\" content=\"Dur\u00e9e de lecture estim\u00e9e\" \/>\n\t<meta name=\"twitter:data2\" content=\"1 minute\" \/>\n<script type=\"application\/ld+json\" class=\"yoast-schema-graph\">{\"@context\":\"https:\/\/schema.org\",\"@graph\":[{\"@type\":\"Article\",\"@id\":\"https:\/\/infolocale.ouest-france.fr\/blog\/redynamiser-le-centre-bourg\/#article\",\"isPartOf\":{\"@id\":\"https:\/\/infolocale.ouest-france.fr\/blog\/redynamiser-le-centre-bourg\/\"},\"author\":{\"name\":\"Alicia Le Corre\",\"@id\":\"https:\/\/www.infolocale.fr\/blog\/#\/schema\/person\/f2ecab0cfb121a5c8ce465880cd694a5\"},\"headline\":\"Comment r\u00e9ussir \u00e0 redynamiser le centre-bourg : 6 leviers concrets pour les \u00e9lus\",\"datePublished\":\"2026-05-12T14:08:01+00:00\",\"dateModified\":\"2026-06-30T12:20:12+00:00\",\"mainEntityOfPage\":{\"@id\":\"https:\/\/infolocale.ouest-france.fr\/blog\/redynamiser-le-centre-bourg\/\"},\"wordCount\":1120,\"commentCount\":0,\"publisher\":{\"@id\":\"https:\/\/www.infolocale.fr\/blog\/#organization\"},\"image\":{\"@id\":\"https:\/\/infolocale.ouest-france.fr\/blog\/redynamiser-le-centre-bourg\/#primaryimage\"},\"thumbnailUrl\":\"https:\/\/infolocale.20minutes.fr\/blog\/wp-content\/uploads\/2026\/05\/redynamiser-le-centre-bourg.png\",\"articleSection\":[\"Communication des institutions et collectivit\u00e9s\"],\"inLanguage\":\"fr-FR\",\"potentialAction\":[{\"@type\":\"CommentAction\",\"name\":\"Comment\",\"target\":[\"https:\/\/infolocale.ouest-france.fr\/blog\/redynamiser-le-centre-bourg\/#respond\"]}]},{\"@type\":\"WebPage\",\"@id\":\"https:\/\/infolocale.ouest-france.fr\/blog\/redynamiser-le-centre-bourg\/\",\"url\":\"https:\/\/infolocale.ouest-france.fr\/blog\/redynamiser-le-centre-bourg\/\",\"name\":\"Redynamiser le centre-bourg : 6 leviers d'action\",\"isPartOf\":{\"@id\":\"https:\/\/www.infolocale.fr\/blog\/#website\"},\"primaryImageOfPage\":{\"@id\":\"https:\/\/infolocale.ouest-france.fr\/blog\/redynamiser-le-centre-bourg\/#primaryimage\"},\"image\":{\"@id\":\"https:\/\/infolocale.ouest-france.fr\/blog\/redynamiser-le-centre-bourg\/#primaryimage\"},\"thumbnailUrl\":\"https:\/\/infolocale.20minutes.fr\/blog\/wp-content\/uploads\/2026\/05\/redynamiser-le-centre-bourg.png\",\"datePublished\":\"2026-05-12T14:08:01+00:00\",\"dateModified\":\"2026-06-30T12:20:12+00:00\",\"description\":\"\u00c9lus, d\u00e9couvrez 6 leviers d'action concrets pour r\u00e9ussir la revitalisation centre-bourg et redynamiser durablement votre commune.\",\"breadcrumb\":{\"@id\":\"https:\/\/infolocale.ouest-france.fr\/blog\/redynamiser-le-centre-bourg\/#breadcrumb\"},\"inLanguage\":\"fr-FR\",\"potentialAction\":[{\"@type\":\"ReadAction\",\"target\":[\"https:\/\/infolocale.ouest-france.fr\/blog\/redynamiser-le-centre-bourg\/\"]}]},{\"@type\":\"ImageObject\",\"inLanguage\":\"fr-FR\",\"@id\":\"https:\/\/infolocale.ouest-france.fr\/blog\/redynamiser-le-centre-bourg\/#primaryimage\",\"url\":\"https:\/\/infolocale.20minutes.fr\/blog\/wp-content\/uploads\/2026\/05\/redynamiser-le-centre-bourg.png\",\"contentUrl\":\"https:\/\/infolocale.20minutes.fr\/blog\/wp-content\/uploads\/2026\/05\/redynamiser-le-centre-bourg.png\",\"width\":900,\"height\":630,\"caption\":\"photo d'une commune afin de redynamiser le centre-bourg\"},{\"@type\":\"BreadcrumbList\",\"@id\":\"https:\/\/infolocale.ouest-france.fr\/blog\/redynamiser-le-centre-bourg\/#breadcrumb\",\"itemListElement\":[{\"@type\":\"ListItem\",\"position\":1,\"name\":\"Blog\",\"item\":\"https:\/\/infolocale.ouest-france.fr\/blog\/\"},{\"@type\":\"ListItem\",\"position\":2,\"name\":\"Communication des institutions et collectivit\u00e9s\",\"item\":\"https:\/\/infolocale.ouest-france.fr\/blog\/cat\/communication-des-institutions-et-collectivites\/\"},{\"@type\":\"ListItem\",\"position\":3,\"name\":\"Comment r\u00e9ussir \u00e0 redynamiser le centre-bourg : 6 leviers concrets pour les \u00e9lus\"}]},{\"@type\":\"WebSite\",\"@id\":\"https:\/\/www.infolocale.fr\/blog\/#website\",\"url\":\"https:\/\/www.infolocale.fr\/blog\/\",\"name\":\"\",\"description\":\"\",\"publisher\":{\"@id\":\"https:\/\/www.infolocale.fr\/blog\/#organization\"},\"potentialAction\":[{\"@type\":\"SearchAction\",\"target\":{\"@type\":\"EntryPoint\",\"urlTemplate\":\"https:\/\/www.infolocale.fr\/blog\/?s={search_term_string}\"},\"query-input\":\"required name=search_term_string\"}],\"inLanguage\":\"fr-FR\"},{\"@type\":\"Organization\",\"@id\":\"https:\/\/www.infolocale.fr\/blog\/#organization\",\"name\":\"Infolocale\",\"url\":\"https:\/\/www.infolocale.fr\/blog\/\",\"logo\":{\"@type\":\"ImageObject\",\"inLanguage\":\"fr-FR\",\"@id\":\"https:\/\/www.infolocale.fr\/blog\/#\/schema\/logo\/image\/\",\"url\":\"https:\/\/www.infolocale.fr\/blog\/wp-content\/uploads\/2020\/11\/logol.jpg\",\"contentUrl\":\"https:\/\/www.infolocale.fr\/blog\/wp-content\/uploads\/2020\/11\/logol.jpg\",\"width\":1031,\"height\":398,\"caption\":\"Infolocale\"},\"image\":{\"@id\":\"https:\/\/www.infolocale.fr\/blog\/#\/schema\/logo\/image\/\"},\"sameAs\":[\"https:\/\/www.facebook.com\/infolocaleFR\/\",\"https:\/\/x.com\/infolocale\",\"https:\/\/www.instagram.com\/infolocale\/\",\"https:\/\/fr.linkedin.com\/company\/infolocale\",\"https:\/\/www.youtube.com\/channel\/UCnv4FA8EYEuu_si3TGr7xeA\"]},{\"@type\":\"Person\",\"@id\":\"https:\/\/www.infolocale.fr\/blog\/#\/schema\/person\/f2ecab0cfb121a5c8ce465880cd694a5\",\"name\":\"Alicia Le Corre\",\"image\":{\"@type\":\"ImageObject\",\"inLanguage\":\"fr-FR\",\"@id\":\"https:\/\/www.infolocale.fr\/blog\/#\/schema\/person\/image\/\",\"url\":\"https:\/\/secure.gravatar.com\/avatar\/52ca2fbd7b536bdc460ac24d98b8b8e9?s=96&d=mm&r=g\",\"contentUrl\":\"https:\/\/secure.gravatar.com\/avatar\/52ca2fbd7b536bdc460ac24d98b8b8e9?s=96&d=mm&r=g\",\"caption\":\"Alicia Le Corre\"},\"url\":\"https:\/\/infolocale.20minutes.fr\/blog\/author\/alicia-lecorreouest-france-fr\/\"}]}<\/script>\n<!-- \/ Yoast SEO plugin. -->","yoast_head_json":{"title":"Redynamiser le centre-bourg : 6 leviers d'action","description":"\u00c9lus, d\u00e9couvrez 6 leviers d'action concrets pour r\u00e9ussir la revitalisation centre-bourg et redynamiser durablement votre commune.","robots":{"index":"index","follow":"follow","max-snippet":"max-snippet:-1","max-image-preview":"max-image-preview:large","max-video-preview":"max-video-preview:-1"},"canonical":"https:\/\/infolocale.ouest-france.fr\/blog\/redynamiser-le-centre-bourg\/","og_locale":"fr_FR","og_type":"article","og_title":"Redynamiser le centre-bourg : 6 leviers d'action","og_description":"\u00c9lus, d\u00e9couvrez 6 leviers d'action concrets pour r\u00e9ussir la revitalisation centre-bourg et redynamiser durablement votre commune.","og_url":"https:\/\/infolocale.ouest-france.fr\/blog\/redynamiser-le-centre-bourg\/","article_publisher":"https:\/\/www.facebook.com\/infolocaleFR\/","article_published_time":"2026-05-12T14:08:01+00:00","article_modified_time":"2026-06-30T12:20:12+00:00","og_image":[{"width":900,"height":630,"url":"https:\/\/infolocale.ouest-france.fr\/blog\/wp-content\/uploads\/2026\/05\/redynamiser-le-centre-bourg.png","type":"image\/png"}],"author":"Alicia Le Corre","twitter_card":"summary_large_image","twitter_creator":"@infolocale","twitter_site":"@infolocale","twitter_misc":{"\u00c9crit par":"Alicia Le Corre","Dur\u00e9e de lecture estim\u00e9e":"1 minute"},"schema":{"@context":"https:\/\/schema.org","@graph":[{"@type":"Article","@id":"https:\/\/infolocale.ouest-france.fr\/blog\/redynamiser-le-centre-bourg\/#article","isPartOf":{"@id":"https:\/\/infolocale.ouest-france.fr\/blog\/redynamiser-le-centre-bourg\/"},"author":{"name":"Alicia Le Corre","@id":"https:\/\/www.infolocale.fr\/blog\/#\/schema\/person\/f2ecab0cfb121a5c8ce465880cd694a5"},"headline":"Comment r\u00e9ussir \u00e0 redynamiser le centre-bourg : 6 leviers concrets pour les \u00e9lus","datePublished":"2026-05-12T14:08:01+00:00","dateModified":"2026-06-30T12:20:12+00:00","mainEntityOfPage":{"@id":"https:\/\/infolocale.ouest-france.fr\/blog\/redynamiser-le-centre-bourg\/"},"wordCount":1120,"commentCount":0,"publisher":{"@id":"https:\/\/www.infolocale.fr\/blog\/#organization"},"image":{"@id":"https:\/\/infolocale.ouest-france.fr\/blog\/redynamiser-le-centre-bourg\/#primaryimage"},"thumbnailUrl":"https:\/\/infolocale.20minutes.fr\/blog\/wp-content\/uploads\/2026\/05\/redynamiser-le-centre-bourg.png","articleSection":["Communication des institutions et collectivit\u00e9s"],"inLanguage":"fr-FR","potentialAction":[{"@type":"CommentAction","name":"Comment","target":["https:\/\/infolocale.ouest-france.fr\/blog\/redynamiser-le-centre-bourg\/#respond"]}]},{"@type":"WebPage","@id":"https:\/\/infolocale.ouest-france.fr\/blog\/redynamiser-le-centre-bourg\/","url":"https:\/\/infolocale.ouest-france.fr\/blog\/redynamiser-le-centre-bourg\/","name":"Redynamiser le centre-bourg : 6 leviers d'action","isPartOf":{"@id":"https:\/\/www.infolocale.fr\/blog\/#website"},"primaryImageOfPage":{"@id":"https:\/\/infolocale.ouest-france.fr\/blog\/redynamiser-le-centre-bourg\/#primaryimage"},"image":{"@id":"https:\/\/infolocale.ouest-france.fr\/blog\/redynamiser-le-centre-bourg\/#primaryimage"},"thumbnailUrl":"https:\/\/infolocale.20minutes.fr\/blog\/wp-content\/uploads\/2026\/05\/redynamiser-le-centre-bourg.png","datePublished":"2026-05-12T14:08:01+00:00","dateModified":"2026-06-30T12:20:12+00:00","description":"\u00c9lus, d\u00e9couvrez 6 leviers d'action concrets pour r\u00e9ussir la revitalisation centre-bourg et redynamiser durablement votre commune.","breadcrumb":{"@id":"https:\/\/infolocale.ouest-france.fr\/blog\/redynamiser-le-centre-bourg\/#breadcrumb"},"inLanguage":"fr-FR","potentialAction":[{"@type":"ReadAction","target":["https:\/\/infolocale.ouest-france.fr\/blog\/redynamiser-le-centre-bourg\/"]}]},{"@type":"ImageObject","inLanguage":"fr-FR","@id":"https:\/\/infolocale.ouest-france.fr\/blog\/redynamiser-le-centre-bourg\/#primaryimage","url":"https:\/\/infolocale.20minutes.fr\/blog\/wp-content\/uploads\/2026\/05\/redynamiser-le-centre-bourg.png","contentUrl":"https:\/\/infolocale.20minutes.fr\/blog\/wp-content\/uploads\/2026\/05\/redynamiser-le-centre-bourg.png","width":900,"height":630,"caption":"photo d'une commune afin de redynamiser le centre-bourg"},{"@type":"BreadcrumbList","@id":"https:\/\/infolocale.ouest-france.fr\/blog\/redynamiser-le-centre-bourg\/#breadcrumb","itemListElement":[{"@type":"ListItem","position":1,"name":"Blog","item":"https:\/\/infolocale.ouest-france.fr\/blog\/"},{"@type":"ListItem","position":2,"name":"Communication des institutions et collectivit\u00e9s","item":"https:\/\/infolocale.ouest-france.fr\/blog\/cat\/communication-des-institutions-et-collectivites\/"},{"@type":"ListItem","position":3,"name":"Comment r\u00e9ussir \u00e0 redynamiser le centre-bourg : 6 leviers concrets pour les \u00e9lus"}]},{"@type":"WebSite","@id":"https:\/\/www.infolocale.fr\/blog\/#website","url":"https:\/\/www.infolocale.fr\/blog\/","name":"","description":"","publisher":{"@id":"https:\/\/www.infolocale.fr\/blog\/#organization"},"potentialAction":[{"@type":"SearchAction","target":{"@type":"EntryPoint","urlTemplate":"https:\/\/www.infolocale.fr\/blog\/?s={search_term_string}"},"query-input":"required name=search_term_string"}],"inLanguage":"fr-FR"},{"@type":"Organization","@id":"https:\/\/www.infolocale.fr\/blog\/#organization","name":"Infolocale","url":"https:\/\/www.infolocale.fr\/blog\/","logo":{"@type":"ImageObject","inLanguage":"fr-FR","@id":"https:\/\/www.infolocale.fr\/blog\/#\/schema\/logo\/image\/","url":"https:\/\/www.infolocale.fr\/blog\/wp-content\/uploads\/2020\/11\/logol.jpg","contentUrl":"https:\/\/www.infolocale.fr\/blog\/wp-content\/uploads\/2020\/11\/logol.jpg","width":1031,"height":398,"caption":"Infolocale"},"image":{"@id":"https:\/\/www.infolocale.fr\/blog\/#\/schema\/logo\/image\/"},"sameAs":["https:\/\/www.facebook.com\/infolocaleFR\/","https:\/\/x.com\/infolocale","https:\/\/www.instagram.com\/infolocale\/","https:\/\/fr.linkedin.com\/company\/infolocale","https:\/\/www.youtube.com\/channel\/UCnv4FA8EYEuu_si3TGr7xeA"]},{"@type":"Person","@id":"https:\/\/www.infolocale.fr\/blog\/#\/schema\/person\/f2ecab0cfb121a5c8ce465880cd694a5","name":"Alicia Le Corre","image":{"@type":"ImageObject","inLanguage":"fr-FR","@id":"https:\/\/www.infolocale.fr\/blog\/#\/schema\/person\/image\/","url":"https:\/\/secure.gravatar.com\/avatar\/52ca2fbd7b536bdc460ac24d98b8b8e9?s=96&d=mm&r=g","contentUrl":"https:\/\/secure.gravatar.com\/avatar\/52ca2fbd7b536bdc460ac24d98b8b8e9?s=96&d=mm&r=g","caption":"Alicia Le Corre"},"url":"https:\/\/infolocale.20minutes.fr\/blog\/author\/alicia-lecorreouest-france-fr\/"}]}},"_links":{"self":[{"href":"https:\/\/infolocale.20minutes.fr\/blog\/wp-json\/wp\/v2\/posts\/29623"}],"collection":[{"href":"https:\/\/infolocale.20minutes.fr\/blog\/wp-json\/wp\/v2\/posts"}],"about":[{"href":"https:\/\/infolocale.20minutes.fr\/blog\/wp-json\/wp\/v2\/types\/post"}],"author":[{"embeddable":true,"href":"https:\/\/infolocale.20minutes.fr\/blog\/wp-json\/wp\/v2\/users\/21"}],"replies":[{"embeddable":true,"href":"https:\/\/infolocale.20minutes.fr\/blog\/wp-json\/wp\/v2\/comments?post=29623"}],"version-history":[{"count":0,"href":"https:\/\/infolocale.20minutes.fr\/blog\/wp-json\/wp\/v2\/posts\/29623\/revisions"}],"wp:featuredmedia":[{"embeddable":true,"href":"https:\/\/infolocale.20minutes.fr\/blog\/wp-json\/wp\/v2\/media\/29624"}],"wp:attachment":[{"href":"https:\/\/infolocale.20minutes.fr\/blog\/wp-json\/wp\/v2\/media?parent=29623"}],"wp:term":[{"taxonomy":"category","embeddable":true,"href":"https:\/\/infolocale.20minutes.fr\/blog\/wp-json\/wp\/v2\/categories?post=29623"},{"taxonomy":"post_tag","embeddable":true,"href":"https:\/\/infolocale.20minutes.fr\/blog\/wp-json\/wp\/v2\/tags?post=29623"}],"curies":[{"name":"wp","href":"https:\/\/api.w.org\/{rel}","templated":true}]}}