{"id":294,"date":"2020-05-25T09:12:26","date_gmt":"2020-05-25T08:12:26","guid":{"rendered":"http:\/\/infolocale.data.blog\/?p=294"},"modified":"2021-10-27T17:40:40","modified_gmt":"2021-10-27T15:40:40","slug":"point-passerelle","status":"publish","type":"post","link":"https:\/\/infolocale.20minutes.fr\/blog\/point-passerelle\/","title":{"rendered":"Point Passerelle &#8211; l\u2019aide aux personnes fragilis\u00e9es financi\u00e8rement"},"content":{"rendered":"\n<div class=\"wp-block-columns alignfull is-layout-flex wp-container-core-columns-is-layout-1 wp-block-columns-is-layout-flex\">\n<div class=\"wp-block-column is-layout-flow wp-block-column-is-layout-flow\" style=\"flex-basis:100%\">\n<p class=\"has-text-align-justify has-background has-normal-font-size\" style=\"background-color:#ffffff;line-height:2\">En 1997, Le Cr\u00e9dit Agricole national a cr\u00e9\u00e9 <strong>le Point Passerelle, \u00ab&nbsp;un dispositif d\u2019accompagnement humain, personnel et financier pour des personnes en difficult\u00e9 suite \u00e0 un al\u00e9a de la vie&nbsp;\u00bb. <\/strong>R\u00e9cemment, pour mener \u00e0 bien cette mission, les caisses se sont organis\u00e9es pour mieux rep\u00e9rer les personnes qui pourraient \u00eatre concern\u00e9es. Chaque caisse locale du Cr\u00e9dit Agricole poss\u00e8de un correspondant Passerelle, un.e r\u00e9f\u00e9rent.e salari\u00e9.e volontaire.<\/p>\n\n\n\n<p class=\"has-text-align-justify has-background has-normal-font-size\" style=\"background-color:#ffffff;line-height:2\">Lorsque la Caisse d\u00e9tecte un client fragilis\u00e9 suite \u00e0 un accident de vie un dossier est mont\u00e9. Il est alors adress\u00e9 \u00e0 la \u00ab&nbsp;Vie Mutualiste&nbsp;\u00bb (service de la Caisse R\u00e9gionale du Cr\u00e9dit Agricole \u2013CRCA-) o\u00f9 trois salari\u00e9s ont le Comit\u00e9 Passerelle pour principale mission. &nbsp;Ils s\u2019emparent des dossiers et rendent visites aux clients en difficult\u00e9&nbsp;; Le Comit\u00e9 peut d\u00e9cider d\u2019aider plus avant certains dossiers en les confiant \u00e0 l\u2019Association Passerelle 35 pour action. La Vie Mutualiste garde un lien avec les cas trait\u00e9s en soutenant les b\u00e9n\u00e9vole et assiste en amont au Comit\u00e9 Passerelle.<\/p>\n\n\n\n<p class=\"has-text-align-justify has-background has-normal-font-size\" style=\"background-color:#ffffff;line-height:2\">Point Passerelle poss\u00e8de une antenne bretonne, l&rsquo;Association Passerelle 35. Depuis sa cr\u00e9ation en 2003, elle a suivi 278 clients, soit 1&nbsp;330 familles accompagn\u00e9es.<\/p>\n\n\n\n<h4 class=\"has-text-align-center wp-block-heading\">Brigitte, sa pr\u00e9sidente<\/h4>\n\n\n\n<p class=\"has-text-align-justify has-background has-normal-font-size\" style=\"background-color:#ffffff;line-height:2\">Brigitte, jeune retrait\u00e9e, travaillait dans le social. Enthousiaste et naturellement optimiste, &nbsp;elle a souhait\u00e9 se mettre plus \u00e0 disposition des personnes en difficult\u00e9s. Convaincue qu\u2019une solution peut toujours \u00eatre trouv\u00e9e, elle a \u00e9t\u00e9 coopt\u00e9e par un b\u00e9n\u00e9vole et a rejoint&nbsp; le Point Passerelle d&rsquo;Ille-et-Vilaine au d\u00e9but de l\u2019ann\u00e9e 2018. Cette association, avec ses 12 b\u00e9n\u00e9voles, accompagne les personnes aux prises \u00e0 des difficult\u00e9s financi\u00e8res suite \u00e0 des&nbsp; accidents de vie (ch\u00f4mage, divorce, maladie, d\u00e9c\u00e8s, jeunes de moins de 25 ans sans soutien familial).<\/p>\n\n\n\n<p><\/p>\n\n\n\n<div class=\"wp-block-media-text alignfull is-stacked-on-mobile has-background\" style=\"background-color:#ffffff;grid-template-columns:46% auto\"><figure class=\"wp-block-media-text__media\"><img decoding=\"async\" src=\"https:\/\/blog.infolocale.fr\/wp-content\/uploads\/2020\/05\/brigitte-passerelle.jpg?w=1024\" alt=\"Point Passerelle 35 association Cr\u00e9dit Agricole Ille-Et-Vilaine\" class=\"wp-image-1808 size-full\"\/><\/figure><div class=\"wp-block-media-text__content\">\n<p class=\"has-text-align-justify has-normal-font-size\" style=\"line-height:2\">Brigitte, tout en maintenant en parall\u00e8le son engagement \u00e0 l\u2019Ascape 35 *,&nbsp; s\u2019investit et assure la pr\u00e9sidence de l\u2019Association Passerelle 35 depuis octobre 2019.<\/p>\n<\/div><\/div>\n\n\n\n<h4 class=\"has-text-align-center wp-block-heading\">Fonctionnement de l\u2019Association Passerelle 35<\/h4>\n\n\n\n<p class=\"has-text-align-justify has-background has-normal-font-size\" style=\"background-color:#ffffff;line-height:2\">Les \u00e9lus b\u00e9n\u00e9voles sont bien souvent administrateurs de la Caisse locale concern\u00e9e et travaillent en bin\u00f4me avec le salari\u00e9 r\u00e9f\u00e9rent de la Caisse locale. En Ille-et Vilaine, cette d\u00e9marche a \u00e9t\u00e9 mise en place fin 2019. \u00ab&nbsp;<strong>Tout est \u00e0 cr\u00e9er<\/strong>&nbsp;!\u00bb s\u2019exclame Brigitte.&nbsp; \u00c0 ce jour, 79 dossiers ont \u00e9t\u00e9 accompagn\u00e9s par l\u2019Association. Pour 2020, elle souhaite doubler son action en traitant 160, voire 200 dossiers.<\/p>\n\n\n\n<p class=\"has-text-align-justify has-background has-normal-font-size\" style=\"background-color:#ffffff;line-height:2\">Le tr\u00e9sorier, lui, pr\u00e9pare le budget en fonction de ses objectifs et avec le soutient de la Caisse d\u00e9partementale 35, seul partenaire financier.<\/p>\n\n\n\n<p class=\"has-text-align-justify has-background has-normal-font-size\" style=\"background-color:#ffffff;line-height:2\">Une convention pr\u00e9cise les termes de l\u2019accompagnement de l\u2019Association de la personne b\u00e9n\u00e9ficiaire. Sa dur\u00e9e est de 6 mois, renouvelable, une fois.<\/p>\n\n\n\n<h4 class=\"has-text-align-center wp-block-heading\">Un r\u00e9seau pour mieux accompagner<\/h4>\n\n\n\n<p class=\"has-text-align-justify has-background has-normal-font-size\" style=\"background-color:#ffffff;line-height:2\">De multiples comp\u00e9tences sont n\u00e9cessaires pour endiguer les situations difficiles. Les b\u00e9n\u00e9voles de Passerelle 35 sont souvent des retrait\u00e9s du Cr\u00e9dit Agricole, du logement social, et autre organismes habitu\u00e9s \u00e0 r\u00e9gler des situations administratives et sociales. Le b\u00e9n\u00e9vole doit aussi pouvoir s\u2019appuyer sur un r\u00e9seau de comp\u00e9tence (juridique, notariale). Les situations \u00e0 r\u00e9soudre sont souvent li\u00e9es, par exemple, \u00e0 une perte d\u2019emploi, la vente de maison, des probl\u00e8mes de divorce, de garde d\u2019enfants, de logement en location, d\u2019achat de voiture ou de r\u00e9paration. Des recours aupr\u00e8s de la CAF (Caisse d\u2019Allocation Familiales) et autres peuvent \u00eatre n\u00e9cessaires.&nbsp; <\/p>\n\n\n\n<p class=\"has-text-align-justify has-background has-normal-font-size\" style=\"background-color:#ffffff;line-height:2\">L\u2019accompagnement consiste \u00e0 donner des cl\u00e9s pour l\u2019\u00e9tablissement d\u2019un budget. Il s&rsquo;agit aussi souvent de r\u00e9gler des dettes avec le bailleur ou EDF. <br>\u00ab&nbsp;<strong>Un soutien pour susciter le retour de la confiance en soi. L\u2019accompagnant assiste le b\u00e9n\u00e9ficiaire tout en lui demandant d\u2019\u00eatre acteur de sa vie et d\u2019assurer personnellement les diff\u00e9rents rendez-vous.<\/strong>&nbsp;\u00bb pr\u00e9cise Brigitte. \u00ab&nbsp;<strong>Croire en l\u2019\u00eatre humain, lui faire confiance, c\u2019est d\u00e9j\u00e0 un d\u00e9but d\u2019aide, d\u2019accompagnement positif<\/strong>&nbsp;\u00bb.<\/p>\n\n\n\n<p class=\"has-text-align-justify has-background has-normal-font-size\" style=\"background-color:#ffffff;line-height:2\">Parfois, la personne accompagn\u00e9e n\u2019a pas tout dit lors des premi\u00e8res prises de contact. Au cours du suivi, la confiance \u00e9tant \u00e9tablie, de nouvelles probl\u00e9matiques peuvent \u00e9merger. Les b\u00e9n\u00e9voles les d\u00e9couvrent et actionnent alors leurs r\u00e9seaux afin de les finaliser. Brigitte en t\u00e9moigne \u00ab&nbsp;<strong>les b\u00e9n\u00e9voles ont \u00e0 coeur de trouver LA solution<\/strong>&nbsp;\u00bb. Leur r\u00e9compense&nbsp;? Donner du sourire aux personnes en situation difficile, voire douloureuse.<\/p>\n\n\n\n<h4 class=\"has-text-align-center wp-block-heading\">No\u00ebl pour tous<\/h4>\n\n\n\n<p class=\"has-background has-normal-font-size\" style=\"background-color:#ffffff;line-height:2\">Pour le No\u00ebl 2019, 24 enfants des familles b\u00e9n\u00e9ficiaires ont re\u00e7u chacun 50 \u20ac.<\/p>\n\n\n\n<p class=\"has-text-align-justify has-background has-normal-font-size\" style=\"background-color:#ffffff;line-height:2\">Les fondamentaux des 12 b\u00e9n\u00e9voles actuels de&nbsp;l\u2019Association sont&nbsp;: l\u2019\u00e9coute, la bienveillance, l\u2019humanit\u00e9, le souci des autres. Ils souhaitent tout mettre en \u0153uvre pour venir en aide et remettre sur le chemin de la s\u00e9r\u00e9nit\u00e9, des projets. Ils sont solidaires entre eux, comme avec les partenaires.<\/p>\n\n\n\n<p class=\"has-text-align-justify has-background has-normal-font-size\" style=\"background-color:#ffffff;line-height:2\">Brigitte s\u2019est retrouv\u00e9e dans&nbsp;ces valeurs et dans cette d\u00e9marche&nbsp;: sortir les personnes de leur situation difficile, les aider \u00e0 rebondir apr\u00e8s. Certains ont grand besoin d\u2019un accompagnement actif. Elle aime la dynamique de groupe. \u00ab&nbsp;<strong>Notre association se d\u00e9veloppe, trouve des id\u00e9es et des projets gr\u00e2ce notre groupe de b\u00e9n\u00e9voles qui partage les m\u00eames valeurs. Ils font preuve de bienveillance, fonctionnent dans une entente mutuelle. Dans l\u2019association<\/strong>&nbsp;<strong>on avance ensemble. L\u2019action doit \u00eatre collaborative.<\/strong>&nbsp;<strong>Tout doit \u00eatre fait pour aider nos interlocuteurs pour que leur projet soit une r\u00e9ussite.<\/strong><\/p>\n\n\n\n<p class=\"has-text-align-justify has-background has-normal-font-size\" style=\"background-color:#ffffff\">\u00ab\u00a0<strong>Nous, b\u00e9n\u00e9voles, donnons. Donner, c\u2019est la vie. Pourquoi exister sinon&nbsp;?<\/strong> &nbsp;\u00bb<\/p>\n\n\n\n<div class=\"wp-block-image\"><figure class=\"aligncenter size-large is-resized\"><img fetchpriority=\"high\" decoding=\"async\" src=\"https:\/\/www.infolocale.fr\/blog\/wp-content\/uploads\/2020\/12\/PP.jpg\" alt=\"\" class=\"wp-image-5048\" width=\"329\" height=\"726\" srcset=\"https:\/\/infolocale.20minutes.fr\/blog\/wp-content\/uploads\/2020\/12\/PP.jpg 375w, https:\/\/infolocale.20minutes.fr\/blog\/wp-content\/uploads\/2020\/12\/PP-136x300.jpg 136w, https:\/\/infolocale.20minutes.fr\/blog\/wp-content\/uploads\/2020\/12\/PP-27x60.jpg 27w\" sizes=\"(max-width: 329px) 100vw, 329px\" \/><\/figure><\/div>\n<\/div>\n<\/div>\n\n\n\n<figure class=\"wp-block-image size-large is-resized\"><a href=\"https:\/\/s.infolocale.fr\/?utm_source=blog&amp;utm_medium=banner&amp;utm_campaign=blog-contents\"><img decoding=\"async\" src=\"https:\/\/www.infolocale.fr\/blog\/wp-content\/uploads\/2021\/02\/Banniere_evenement.png\" alt=\"\" class=\"wp-image-5949\" width=\"580\" height=\"125\" srcset=\"https:\/\/infolocale.20minutes.fr\/blog\/wp-content\/uploads\/2021\/02\/Banniere_evenement.png 908w, https:\/\/infolocale.20minutes.fr\/blog\/wp-content\/uploads\/2021\/02\/Banniere_evenement-300x65.png 300w, https:\/\/infolocale.20minutes.fr\/blog\/wp-content\/uploads\/2021\/02\/Banniere_evenement-768x166.png 768w, https:\/\/infolocale.20minutes.fr\/blog\/wp-content\/uploads\/2021\/02\/Banniere_evenement-278x60.png 278w\" sizes=\"(max-width: 580px) 100vw, 580px\" \/><\/a><\/figure>\n","protected":false},"excerpt":{"rendered":"<p>En 1997, Le Cr\u00e9dit Agricole national a cr\u00e9\u00e9 le Point Passerelle, \u00ab&nbsp;un dispositif d\u2019accompagnement humain, personnel et financier pour des personnes en difficult\u00e9 suite \u00e0 [&hellip;]<\/p>\n","protected":false},"author":8,"featured_media":4209,"comment_status":"open","ping_status":"open","sticky":false,"template":"","format":"standard","meta":{"_coblocks_attr":"","_coblocks_dimensions":"","_coblocks_responsive_height":"","_coblocks_accordion_ie_support":"","_mo_disable_npp":"","footnotes":""},"categories":[6,8],"tags":[45],"class_list":["post-294","post","type-post","status-publish","format-standard","has-post-thumbnail","hentry","category-actu-acteurs-locaux","category-acteurs-locaux","tag-portraits"],"yoast_head":"<!-- This site is optimized with the Yoast SEO plugin v23.2 - https:\/\/yoast.com\/wordpress\/plugins\/seo\/ -->\n<title>Point Passerelle - l\u2019aide aux personnes fragilis\u00e9es financi\u00e8rement |<\/title>\n<meta name=\"description\" content=\"Point Passerelle, \u00ab\u00a0un dispositif d\u2019accompagnement humain, personnel et financier pour des personnes en difficult\u00e9 suite \u00e0 un al\u00e9a de la vie\u00a0\u00bb\" \/>\n<meta name=\"robots\" content=\"index, follow, max-snippet:-1, max-image-preview:large, max-video-preview:-1\" \/>\n<link rel=\"canonical\" href=\"https:\/\/infolocale.20minutes.fr\/blog\/point-passerelle\/\" \/>\n<meta property=\"og:locale\" content=\"fr_FR\" \/>\n<meta property=\"og:type\" content=\"article\" \/>\n<meta property=\"og:title\" content=\"Point Passerelle - l\u2019aide aux personnes fragilis\u00e9es financi\u00e8rement |\" \/>\n<meta property=\"og:description\" content=\"Point Passerelle, \u00ab\u00a0un dispositif d\u2019accompagnement humain, personnel et financier pour des personnes en difficult\u00e9 suite \u00e0 un al\u00e9a de la vie\u00a0\u00bb\" \/>\n<meta property=\"og:url\" content=\"https:\/\/infolocale.20minutes.fr\/blog\/point-passerelle\/\" \/>\n<meta property=\"article:publisher\" content=\"https:\/\/www.facebook.com\/infolocaleFR\/\" \/>\n<meta property=\"article:published_time\" content=\"2020-05-25T08:12:26+00:00\" \/>\n<meta property=\"article:modified_time\" content=\"2021-10-27T15:40:40+00:00\" \/>\n<meta property=\"og:image\" content=\"https:\/\/infolocale.20minutes.fr\/blog\/wp-content\/uploads\/2020\/05\/point-passerelle.jpg\" \/>\n\t<meta property=\"og:image:width\" content=\"1152\" \/>\n\t<meta property=\"og:image:height\" content=\"864\" \/>\n\t<meta property=\"og:image:type\" content=\"image\/jpeg\" \/>\n<meta name=\"author\" content=\"Myl\u00e8ne\" \/>\n<meta name=\"twitter:card\" content=\"summary_large_image\" \/>\n<meta name=\"twitter:creator\" content=\"@infolocale\" \/>\n<meta name=\"twitter:site\" content=\"@infolocale\" \/>\n<meta name=\"twitter:label1\" content=\"\u00c9crit par\" \/>\n\t<meta name=\"twitter:data1\" content=\"Myl\u00e8ne\" \/>\n\t<meta name=\"twitter:label2\" content=\"Dur\u00e9e de lecture estim\u00e9e\" \/>\n\t<meta name=\"twitter:data2\" content=\"5 minutes\" \/>\n<script type=\"application\/ld+json\" class=\"yoast-schema-graph\">{\"@context\":\"https:\/\/schema.org\",\"@graph\":[{\"@type\":\"Article\",\"@id\":\"https:\/\/infolocale.20minutes.fr\/blog\/point-passerelle\/#article\",\"isPartOf\":{\"@id\":\"https:\/\/infolocale.20minutes.fr\/blog\/point-passerelle\/\"},\"author\":{\"name\":\"Myl\u00e8ne\",\"@id\":\"https:\/\/www.infolocale.fr\/blog\/#\/schema\/person\/bf2dc50c6636ffa2ce3e44ef1f9eb97f\"},\"headline\":\"Point Passerelle &#8211; l\u2019aide aux personnes fragilis\u00e9es financi\u00e8rement\",\"datePublished\":\"2020-05-25T08:12:26+00:00\",\"dateModified\":\"2021-10-27T15:40:40+00:00\",\"mainEntityOfPage\":{\"@id\":\"https:\/\/infolocale.20minutes.fr\/blog\/point-passerelle\/\"},\"wordCount\":957,\"commentCount\":0,\"publisher\":{\"@id\":\"https:\/\/www.infolocale.fr\/blog\/#organization\"},\"image\":{\"@id\":\"https:\/\/infolocale.20minutes.fr\/blog\/point-passerelle\/#primaryimage\"},\"thumbnailUrl\":\"https:\/\/infolocale.20minutes.fr\/blog\/wp-content\/uploads\/2020\/05\/point-passerelle.jpg\",\"keywords\":[\"Portraits\"],\"articleSection\":[\"En ce moment\",\"Portraits\"],\"inLanguage\":\"fr-FR\",\"potentialAction\":[{\"@type\":\"CommentAction\",\"name\":\"Comment\",\"target\":[\"https:\/\/infolocale.20minutes.fr\/blog\/point-passerelle\/#respond\"]}]},{\"@type\":\"WebPage\",\"@id\":\"https:\/\/infolocale.20minutes.fr\/blog\/point-passerelle\/\",\"url\":\"https:\/\/infolocale.20minutes.fr\/blog\/point-passerelle\/\",\"name\":\"Point Passerelle - l\u2019aide aux personnes fragilis\u00e9es financi\u00e8rement |\",\"isPartOf\":{\"@id\":\"https:\/\/www.infolocale.fr\/blog\/#website\"},\"primaryImageOfPage\":{\"@id\":\"https:\/\/infolocale.20minutes.fr\/blog\/point-passerelle\/#primaryimage\"},\"image\":{\"@id\":\"https:\/\/infolocale.20minutes.fr\/blog\/point-passerelle\/#primaryimage\"},\"thumbnailUrl\":\"https:\/\/infolocale.20minutes.fr\/blog\/wp-content\/uploads\/2020\/05\/point-passerelle.jpg\",\"datePublished\":\"2020-05-25T08:12:26+00:00\",\"dateModified\":\"2021-10-27T15:40:40+00:00\",\"description\":\"Point Passerelle, \u00ab\u00a0un dispositif d\u2019accompagnement humain, personnel et financier pour des personnes en difficult\u00e9 suite \u00e0 un al\u00e9a de la vie\u00a0\u00bb\",\"breadcrumb\":{\"@id\":\"https:\/\/infolocale.20minutes.fr\/blog\/point-passerelle\/#breadcrumb\"},\"inLanguage\":\"fr-FR\",\"potentialAction\":[{\"@type\":\"ReadAction\",\"target\":[\"https:\/\/infolocale.20minutes.fr\/blog\/point-passerelle\/\"]}]},{\"@type\":\"ImageObject\",\"inLanguage\":\"fr-FR\",\"@id\":\"https:\/\/infolocale.20minutes.fr\/blog\/point-passerelle\/#primaryimage\",\"url\":\"https:\/\/infolocale.20minutes.fr\/blog\/wp-content\/uploads\/2020\/05\/point-passerelle.jpg\",\"contentUrl\":\"https:\/\/infolocale.20minutes.fr\/blog\/wp-content\/uploads\/2020\/05\/point-passerelle.jpg\",\"width\":1152,\"height\":864,\"caption\":\"Point Passerelle - l\u2019aide aux personnes fragilis\u00e9es financi\u00e8rement\"},{\"@type\":\"BreadcrumbList\",\"@id\":\"https:\/\/infolocale.20minutes.fr\/blog\/point-passerelle\/#breadcrumb\",\"itemListElement\":[{\"@type\":\"ListItem\",\"position\":1,\"name\":\"Blog\",\"item\":\"https:\/\/infolocale.ouest-france.fr\/blog\/\"},{\"@type\":\"ListItem\",\"position\":2,\"name\":\"Portraits\",\"item\":\"https:\/\/infolocale.20minutes.fr\/blog\/cat\/acteurs-locaux\/\"},{\"@type\":\"ListItem\",\"position\":3,\"name\":\"Point Passerelle &#8211; l\u2019aide aux personnes fragilis\u00e9es financi\u00e8rement\"}]},{\"@type\":\"WebSite\",\"@id\":\"https:\/\/www.infolocale.fr\/blog\/#website\",\"url\":\"https:\/\/www.infolocale.fr\/blog\/\",\"name\":\"\",\"description\":\"\",\"publisher\":{\"@id\":\"https:\/\/www.infolocale.fr\/blog\/#organization\"},\"potentialAction\":[{\"@type\":\"SearchAction\",\"target\":{\"@type\":\"EntryPoint\",\"urlTemplate\":\"https:\/\/www.infolocale.fr\/blog\/?s={search_term_string}\"},\"query-input\":\"required name=search_term_string\"}],\"inLanguage\":\"fr-FR\"},{\"@type\":\"Organization\",\"@id\":\"https:\/\/www.infolocale.fr\/blog\/#organization\",\"name\":\"Infolocale\",\"url\":\"https:\/\/www.infolocale.fr\/blog\/\",\"logo\":{\"@type\":\"ImageObject\",\"inLanguage\":\"fr-FR\",\"@id\":\"https:\/\/www.infolocale.fr\/blog\/#\/schema\/logo\/image\/\",\"url\":\"https:\/\/www.infolocale.fr\/blog\/wp-content\/uploads\/2020\/11\/logol.jpg\",\"contentUrl\":\"https:\/\/www.infolocale.fr\/blog\/wp-content\/uploads\/2020\/11\/logol.jpg\",\"width\":1031,\"height\":398,\"caption\":\"Infolocale\"},\"image\":{\"@id\":\"https:\/\/www.infolocale.fr\/blog\/#\/schema\/logo\/image\/\"},\"sameAs\":[\"https:\/\/www.facebook.com\/infolocaleFR\/\",\"https:\/\/x.com\/infolocale\",\"https:\/\/www.instagram.com\/infolocale\/\",\"https:\/\/fr.linkedin.com\/company\/infolocale\",\"https:\/\/www.youtube.com\/channel\/UCnv4FA8EYEuu_si3TGr7xeA\"]},{\"@type\":\"Person\",\"@id\":\"https:\/\/www.infolocale.fr\/blog\/#\/schema\/person\/bf2dc50c6636ffa2ce3e44ef1f9eb97f\",\"name\":\"Myl\u00e8ne\",\"image\":{\"@type\":\"ImageObject\",\"inLanguage\":\"fr-FR\",\"@id\":\"https:\/\/www.infolocale.fr\/blog\/#\/schema\/person\/image\/\",\"url\":\"https:\/\/secure.gravatar.com\/avatar\/49511f0ea4b41ed3062b218e30f07042?s=96&d=mm&r=g\",\"contentUrl\":\"https:\/\/secure.gravatar.com\/avatar\/49511f0ea4b41ed3062b218e30f07042?s=96&d=mm&r=g\",\"caption\":\"Myl\u00e8ne\"},\"url\":\"https:\/\/infolocale.20minutes.fr\/blog\/author\/mylene-michel\/\"}]}<\/script>\n<!-- \/ Yoast SEO plugin. -->","yoast_head_json":{"title":"Point Passerelle - l\u2019aide aux personnes fragilis\u00e9es financi\u00e8rement |","description":"Point Passerelle, \u00ab\u00a0un dispositif d\u2019accompagnement humain, personnel et financier pour des personnes en difficult\u00e9 suite \u00e0 un al\u00e9a de la vie\u00a0\u00bb","robots":{"index":"index","follow":"follow","max-snippet":"max-snippet:-1","max-image-preview":"max-image-preview:large","max-video-preview":"max-video-preview:-1"},"canonical":"https:\/\/infolocale.20minutes.fr\/blog\/point-passerelle\/","og_locale":"fr_FR","og_type":"article","og_title":"Point Passerelle - l\u2019aide aux personnes fragilis\u00e9es financi\u00e8rement |","og_description":"Point Passerelle, \u00ab\u00a0un dispositif d\u2019accompagnement humain, personnel et financier pour des personnes en difficult\u00e9 suite \u00e0 un al\u00e9a de la vie\u00a0\u00bb","og_url":"https:\/\/infolocale.20minutes.fr\/blog\/point-passerelle\/","article_publisher":"https:\/\/www.facebook.com\/infolocaleFR\/","article_published_time":"2020-05-25T08:12:26+00:00","article_modified_time":"2021-10-27T15:40:40+00:00","og_image":[{"width":1152,"height":864,"url":"https:\/\/infolocale.20minutes.fr\/blog\/wp-content\/uploads\/2020\/05\/point-passerelle.jpg","type":"image\/jpeg"}],"author":"Myl\u00e8ne","twitter_card":"summary_large_image","twitter_creator":"@infolocale","twitter_site":"@infolocale","twitter_misc":{"\u00c9crit par":"Myl\u00e8ne","Dur\u00e9e de lecture estim\u00e9e":"5 minutes"},"schema":{"@context":"https:\/\/schema.org","@graph":[{"@type":"Article","@id":"https:\/\/infolocale.20minutes.fr\/blog\/point-passerelle\/#article","isPartOf":{"@id":"https:\/\/infolocale.20minutes.fr\/blog\/point-passerelle\/"},"author":{"name":"Myl\u00e8ne","@id":"https:\/\/www.infolocale.fr\/blog\/#\/schema\/person\/bf2dc50c6636ffa2ce3e44ef1f9eb97f"},"headline":"Point Passerelle &#8211; l\u2019aide aux personnes fragilis\u00e9es financi\u00e8rement","datePublished":"2020-05-25T08:12:26+00:00","dateModified":"2021-10-27T15:40:40+00:00","mainEntityOfPage":{"@id":"https:\/\/infolocale.20minutes.fr\/blog\/point-passerelle\/"},"wordCount":957,"commentCount":0,"publisher":{"@id":"https:\/\/www.infolocale.fr\/blog\/#organization"},"image":{"@id":"https:\/\/infolocale.20minutes.fr\/blog\/point-passerelle\/#primaryimage"},"thumbnailUrl":"https:\/\/infolocale.20minutes.fr\/blog\/wp-content\/uploads\/2020\/05\/point-passerelle.jpg","keywords":["Portraits"],"articleSection":["En ce moment","Portraits"],"inLanguage":"fr-FR","potentialAction":[{"@type":"CommentAction","name":"Comment","target":["https:\/\/infolocale.20minutes.fr\/blog\/point-passerelle\/#respond"]}]},{"@type":"WebPage","@id":"https:\/\/infolocale.20minutes.fr\/blog\/point-passerelle\/","url":"https:\/\/infolocale.20minutes.fr\/blog\/point-passerelle\/","name":"Point Passerelle - l\u2019aide aux personnes fragilis\u00e9es financi\u00e8rement |","isPartOf":{"@id":"https:\/\/www.infolocale.fr\/blog\/#website"},"primaryImageOfPage":{"@id":"https:\/\/infolocale.20minutes.fr\/blog\/point-passerelle\/#primaryimage"},"image":{"@id":"https:\/\/infolocale.20minutes.fr\/blog\/point-passerelle\/#primaryimage"},"thumbnailUrl":"https:\/\/infolocale.20minutes.fr\/blog\/wp-content\/uploads\/2020\/05\/point-passerelle.jpg","datePublished":"2020-05-25T08:12:26+00:00","dateModified":"2021-10-27T15:40:40+00:00","description":"Point Passerelle, \u00ab\u00a0un dispositif d\u2019accompagnement humain, personnel et financier pour des personnes en difficult\u00e9 suite \u00e0 un al\u00e9a de la vie\u00a0\u00bb","breadcrumb":{"@id":"https:\/\/infolocale.20minutes.fr\/blog\/point-passerelle\/#breadcrumb"},"inLanguage":"fr-FR","potentialAction":[{"@type":"ReadAction","target":["https:\/\/infolocale.20minutes.fr\/blog\/point-passerelle\/"]}]},{"@type":"ImageObject","inLanguage":"fr-FR","@id":"https:\/\/infolocale.20minutes.fr\/blog\/point-passerelle\/#primaryimage","url":"https:\/\/infolocale.20minutes.fr\/blog\/wp-content\/uploads\/2020\/05\/point-passerelle.jpg","contentUrl":"https:\/\/infolocale.20minutes.fr\/blog\/wp-content\/uploads\/2020\/05\/point-passerelle.jpg","width":1152,"height":864,"caption":"Point Passerelle - l\u2019aide aux personnes fragilis\u00e9es financi\u00e8rement"},{"@type":"BreadcrumbList","@id":"https:\/\/infolocale.20minutes.fr\/blog\/point-passerelle\/#breadcrumb","itemListElement":[{"@type":"ListItem","position":1,"name":"Blog","item":"https:\/\/infolocale.ouest-france.fr\/blog\/"},{"@type":"ListItem","position":2,"name":"Portraits","item":"https:\/\/infolocale.20minutes.fr\/blog\/cat\/acteurs-locaux\/"},{"@type":"ListItem","position":3,"name":"Point Passerelle &#8211; l\u2019aide aux personnes fragilis\u00e9es financi\u00e8rement"}]},{"@type":"WebSite","@id":"https:\/\/www.infolocale.fr\/blog\/#website","url":"https:\/\/www.infolocale.fr\/blog\/","name":"","description":"","publisher":{"@id":"https:\/\/www.infolocale.fr\/blog\/#organization"},"potentialAction":[{"@type":"SearchAction","target":{"@type":"EntryPoint","urlTemplate":"https:\/\/www.infolocale.fr\/blog\/?s={search_term_string}"},"query-input":"required name=search_term_string"}],"inLanguage":"fr-FR"},{"@type":"Organization","@id":"https:\/\/www.infolocale.fr\/blog\/#organization","name":"Infolocale","url":"https:\/\/www.infolocale.fr\/blog\/","logo":{"@type":"ImageObject","inLanguage":"fr-FR","@id":"https:\/\/www.infolocale.fr\/blog\/#\/schema\/logo\/image\/","url":"https:\/\/www.infolocale.fr\/blog\/wp-content\/uploads\/2020\/11\/logol.jpg","contentUrl":"https:\/\/www.infolocale.fr\/blog\/wp-content\/uploads\/2020\/11\/logol.jpg","width":1031,"height":398,"caption":"Infolocale"},"image":{"@id":"https:\/\/www.infolocale.fr\/blog\/#\/schema\/logo\/image\/"},"sameAs":["https:\/\/www.facebook.com\/infolocaleFR\/","https:\/\/x.com\/infolocale","https:\/\/www.instagram.com\/infolocale\/","https:\/\/fr.linkedin.com\/company\/infolocale","https:\/\/www.youtube.com\/channel\/UCnv4FA8EYEuu_si3TGr7xeA"]},{"@type":"Person","@id":"https:\/\/www.infolocale.fr\/blog\/#\/schema\/person\/bf2dc50c6636ffa2ce3e44ef1f9eb97f","name":"Myl\u00e8ne","image":{"@type":"ImageObject","inLanguage":"fr-FR","@id":"https:\/\/www.infolocale.fr\/blog\/#\/schema\/person\/image\/","url":"https:\/\/secure.gravatar.com\/avatar\/49511f0ea4b41ed3062b218e30f07042?s=96&d=mm&r=g","contentUrl":"https:\/\/secure.gravatar.com\/avatar\/49511f0ea4b41ed3062b218e30f07042?s=96&d=mm&r=g","caption":"Myl\u00e8ne"},"url":"https:\/\/infolocale.20minutes.fr\/blog\/author\/mylene-michel\/"}]}},"_links":{"self":[{"href":"https:\/\/infolocale.20minutes.fr\/blog\/wp-json\/wp\/v2\/posts\/294"}],"collection":[{"href":"https:\/\/infolocale.20minutes.fr\/blog\/wp-json\/wp\/v2\/posts"}],"about":[{"href":"https:\/\/infolocale.20minutes.fr\/blog\/wp-json\/wp\/v2\/types\/post"}],"author":[{"embeddable":true,"href":"https:\/\/infolocale.20minutes.fr\/blog\/wp-json\/wp\/v2\/users\/8"}],"replies":[{"embeddable":true,"href":"https:\/\/infolocale.20minutes.fr\/blog\/wp-json\/wp\/v2\/comments?post=294"}],"version-history":[{"count":0,"href":"https:\/\/infolocale.20minutes.fr\/blog\/wp-json\/wp\/v2\/posts\/294\/revisions"}],"wp:featuredmedia":[{"embeddable":true,"href":"https:\/\/infolocale.20minutes.fr\/blog\/wp-json\/wp\/v2\/media\/4209"}],"wp:attachment":[{"href":"https:\/\/infolocale.20minutes.fr\/blog\/wp-json\/wp\/v2\/media?parent=294"}],"wp:term":[{"taxonomy":"category","embeddable":true,"href":"https:\/\/infolocale.20minutes.fr\/blog\/wp-json\/wp\/v2\/categories?post=294"},{"taxonomy":"post_tag","embeddable":true,"href":"https:\/\/infolocale.20minutes.fr\/blog\/wp-json\/wp\/v2\/tags?post=294"}],"curies":[{"name":"wp","href":"https:\/\/api.w.org\/{rel}","templated":true}]}}