{"id":29234,"date":"2026-02-19T10:54:26","date_gmt":"2026-02-19T09:54:26","guid":{"rendered":"https:\/\/www.infolocale.fr\/blog\/?p=29234"},"modified":"2026-04-30T16:56:51","modified_gmt":"2026-04-30T14:56:51","slug":"municipales-2026-communication-reserve-collectivite","status":"publish","type":"post","link":"https:\/\/infolocale.20minutes.fr\/blog\/municipales-2026-communication-reserve-collectivite\/","title":{"rendered":"Municipales 2026 : comment r\u00e9ussir sa communication en p\u00e9riode de r\u00e9serve ?"},"content":{"rendered":"\n<p class=\"has-black-color has-pale-cyan-blue-background-color has-text-color has-background has-link-color wp-elements-d15a677255eec6470accab7c08f56a71\"><mark style=\"background-color:#8ed1fc\" class=\"has-inline-color\">\u00c0 l&rsquo;approche des \u00e9lections de mars, la <strong>communication municipale 2026<\/strong> s&rsquo;adapte \u00e0 la <a href=\"https:\/\/www.elections.interieur.gouv.fr\/comprendre-elections\/comment-sont-encadrees-campagnes-electorales\/grands-principes-encadrant-campagne-electorale\">p\u00e9riode de r\u00e9serve<\/a>. Loin d&rsquo;\u00eatre une simple contrainte, cette \u00e9tape est l&rsquo;occasion id\u00e9ale pour r\u00e9affirmer la continuit\u00e9 du service public. Ce guide vous propose des rep\u00e8res pour maintenir le lien avec les habitants tout en respectant parfaitement le cadre l\u00e9gal. Vous y apprendrez \u00e0 privil\u00e9gier une information utile et factuelle, en vous appuyant notamment sur le dynamisme de vos associations. D\u00e9couvrez les cl\u00e9s pour une transition ma\u00eetris\u00e9e, sereine et valorisante pour votre collectivit\u00e9.<\/mark><\/p>\n\n\n\n<div class=\"wp-block-buttons is-content-justification-center is-layout-flex wp-block-buttons-is-layout-flex\">\n<div class=\"wp-block-button\"><a class=\"wp-block-button__link has-luminous-vivid-amber-background-color has-background\" href=\"https:\/\/www.infolocale.fr\/decouvrir\/collectivites\/?int_source=blog&amp;int_medium=banner&amp;int_campaign=blog-content-artcoll\">&gt;&gt; Collectivit\u00e9s : int\u00e9grez l&rsquo;agenda culturel de votre ville sur votre site internet<\/a><\/div>\n<\/div>\n\n\n\n<div style=\"height:49px\" aria-hidden=\"true\" class=\"wp-block-spacer\"><\/div>\n\n\n\n<p>Les \u00e9lections des 15 et 22 mars 2026 marquent un temps fort pour la vie locale. Cette \u00e9ch\u00e9ance invite les collectivit\u00e9s \u00e0 ajuster leur strat\u00e9gie de <strong>communication municipale 2026<\/strong> avec pr\u00e9cision. Plus qu&rsquo;une simple p\u00e9riode de r\u00e9serve, c&rsquo;est un moment privil\u00e9gi\u00e9 pour revenir aux fondamentaux du service public. Loin de s&rsquo;effacer, vos services de communication conservent un r\u00f4le essentiel : maintenir un lien de confiance et de proximit\u00e9 avec les habitants. Votre mission est claire : assurer la continuit\u00e9 d&rsquo;une information utile tout en garantissant une neutralit\u00e9 exemplaire, gage de la qualit\u00e9 de votre service.<\/p>\n\n\n\n<p>Comment transformer cette contrainte l\u00e9gale en atout pour votre <strong>communication municipale 2026<\/strong> ? Voici les cl\u00e9s pour une strat\u00e9gie sereine, utile et ma\u00eetris\u00e9e.<\/p>\n\n\n\n<h2 class=\"wp-block-heading\">1. La r\u00e9serve \u00e9lectorale : un pilier de votre communication municipale 2026<\/h2>\n\n\n\n<p><\/p>\n\n\n\n<p>Depuis le 1er septembre 2025, <a href=\"https:\/\/www.legifrance.gouv.fr\/codes\/article_lc\/LEGIARTI000006353068\">le Code \u00e9lectoral<\/a> garantit la s\u00e9r\u00e9nit\u00e9 du d\u00e9bat d\u00e9mocratique. Cette p\u00e9riode est une opportunit\u00e9 pour votre collectivit\u00e9 de se concentrer sur l&rsquo;essentiel : le service aux habitants. La loi assure l&rsquo;\u00e9quit\u00e9 entre tous les candidats, permettant ainsi \u00e0 vos ressources de rester enti\u00e8rement d\u00e9di\u00e9es \u00e0 l&rsquo;int\u00e9r\u00eat g\u00e9n\u00e9ral et \u00e0 l&rsquo;information citoyenne.<\/p>\n\n\n\n<p>Pour les agents, cela repr\u00e9sente une v\u00e9ritable opportunit\u00e9 pour affiner leur <strong>communication<\/strong>. Vous pouvez vous recentrer sur l&rsquo;essence de votre mission : <strong>l&rsquo;information citoyenne<\/strong>. Durant six mois, oubliez donc la \u00ab\u00a0promotion de projet\u00a0\u00bb. Investissez plut\u00f4t le registre de \u00ab\u00a0l&rsquo;utilit\u00e9 quotidienne\u00a0\u00bb. Ces principes ne constituent pas des freins. Au contraire, ce sont des guides pour s\u00e9curiser vos actions :<\/p>\n\n\n\n<ul class=\"wp-block-list\">\n<li><strong>La r\u00e9gularit\u00e9 :<\/strong> Continuez simplement ce que vous faites d\u00e9j\u00e0. Par exemple, vos magazines et newsletters restent l\u00e9gitimes s&rsquo;ils conservent leur rythme habituel.<\/li>\n\n\n\n<li><strong>L&rsquo;ant\u00e9riorit\u00e9 :<\/strong> Les \u00e9v\u00e9nements r\u00e9currents gardent leur place dans l&rsquo;agenda. En effet, les v\u0153ux ou f\u00eates locales appartiennent \u00e0 la vie de la commune, peu importe l&rsquo;\u00e9lection.<\/li>\n\n\n\n<li><strong>La neutralit\u00e9 :<\/strong> C&rsquo;est le ma\u00eetre-mot d&rsquo;une bonne <strong>communication municipale 2026<\/strong>. Le ton doit devenir descriptif et factuel. Parlez avant tout du service rendu. \u00c9vitez syst\u00e9matiquement les adjectifs \u00e9logieux sur la volont\u00e9 politique.<\/li>\n<\/ul>\n\n\n\n<h2 class=\"wp-block-heading\">2. Int\u00e9grer les associations \u00e0 votre communication municipale 2026<\/h2>\n\n\n\n<p><\/p>\n\n\n\n<p>La vie locale ne s\u2019interrompt pas \u00e0 l\u2019approche d\u2019une \u00e9lection. Les habitants ont toujours besoin de sortir. Ils veulent se rencontrer et pratiquer leurs activit\u00e9s. De leur c\u00f4t\u00e9, les associations r\u00e9clament de la visibilit\u00e9. C&rsquo;est pourquoi votre strat\u00e9gie de <strong>communication municipale 2026<\/strong> prend ici tout son sens. La mairie doit certes rester en retrait sur sa propre image. En revanche, elle doit demeurer une caisse de r\u00e9sonance pour les initiatives locales. Mettre en avant le dynamisme associatif valorise le territoire sans vous exposer politiquement.<\/p>\n\n\n\n<h3 class=\"wp-block-heading\"><strong>L&rsquo;atout de la d\u00e9l\u00e9gation technique <\/strong><\/h3>\n\n\n\n<p><\/p>\n\n\n\n<p>Pour r\u00e9ussir cet \u00e9quilibre, appuyez-vous sur des outils tiers comme <strong><a href=\"https:\/\/www.infolocale.fr\/decouvrir\/collectivites\/\">Infolocale<\/a><\/strong>. Cette strat\u00e9gie s&rsquo;av\u00e8re gagnante pour votre <strong>communication<\/strong>. Int\u00e9grez des flux automatis\u00e9s, comme les widgets agenda, sur le site de la ville. Cela garantit une neutralit\u00e9 absolue. En effet, les associations produisent elles-m\u00eames le contenu, et non les services municipaux. De plus, cette approche lib\u00e8re du temps aux \u00e9quipes. Vous \u00e9vitez ainsi le casse-t\u00eate de la mod\u00e9ration \u00e9ditoriale. Finalement, vous offrez un service exhaustif aux habitants. Ils retrouvent toute la richesse de<a href=\"https:\/\/www.infolocale.fr\/decouvrir\/ressources-exploitants\/\"> l&rsquo;offre locale<\/a>. Leur attachement \u00e0 la commune se renforce donc, ind\u00e9pendamment du contexte \u00e9lectoral.<\/p>\n\n\n\n<p><\/p>\n\n\n\n<div class=\"wp-block-image\"><figure class=\"aligncenter size-large is-resized\"><a href=\"https:\/\/www.infolocale.fr\/decouvrir\/collectivites\/?utm_source=blog&amp;utm_medium=banner&amp;utm_campaign=blog-content-artcoll\"><img fetchpriority=\"high\" decoding=\"async\" src=\"https:\/\/www.infolocale.fr\/blog\/wp-content\/uploads\/2023\/03\/Bannieres-Blog-1024x910.png\" alt=\"\" class=\"wp-image-22379\" width=\"608\" height=\"540\" srcset=\"https:\/\/infolocale.20minutes.fr\/blog\/wp-content\/uploads\/2023\/03\/Bannieres-Blog-1024x910.png 1024w, https:\/\/infolocale.20minutes.fr\/blog\/wp-content\/uploads\/2023\/03\/Bannieres-Blog-300x267.png 300w, https:\/\/infolocale.20minutes.fr\/blog\/wp-content\/uploads\/2023\/03\/Bannieres-Blog-768x683.png 768w, https:\/\/infolocale.20minutes.fr\/blog\/wp-content\/uploads\/2023\/03\/Bannieres-Blog-1536x1366.png 1536w, https:\/\/infolocale.20minutes.fr\/blog\/wp-content\/uploads\/2023\/03\/Bannieres-Blog.png 1875w\" sizes=\"(max-width: 608px) 100vw, 608px\" \/><\/a><\/figure><\/div>\n\n\n\n<h2 class=\"wp-block-heading\">3. Adapter ses supports : le guide des bonnes pratiques<\/h2>\n\n\n\n<p><\/p>\n\n\n\n<p>Chaque canal poss\u00e8de son utilit\u00e9 durant cette p\u00e9riode. Il suffit simplement de l&rsquo;utiliser avec le bon angle pour optimiser votre <strong>communication municipale 2026<\/strong>.<\/p>\n\n\n\n<h3 class=\"wp-block-heading\">Le magazine municipal et le site web<\/h3>\n\n\n\n<p><\/p>\n\n\n\n<p>D&rsquo;abord, ces supports restent les piliers de l&rsquo;information. Concentrez-vous essentiellement sur l&rsquo;actualit\u00e9 froide et pratique. Parlez par exemple du tri s\u00e9lectif ou des inscriptions scolaires. \u00c9voquez l&rsquo;histoire du patrimoine ou r\u00e9alisez des portraits d&rsquo;agents. Sur le plan r\u00e9dactionnel, soyez vigilants. Remplacez les verbes d&rsquo;action comme \u00ab\u00a0nous avons construit\u00a0\u00bb par des tournures neutres. Pr\u00e9f\u00e9rez \u00ab\u00a0l&rsquo;\u00e9quipement ouvre ses portes\u00a0\u00bb. L\u2019\u00e9ditorial du maire reste possible, \u00e0 condition qu&rsquo;il soit neutre, court et qu&rsquo;il ne fasse aucune allusion au scrutin ou aux r\u00e9alisations du mandat. En cas de doute, de nombreuses collectivit\u00e9s font le choix de supprimer l&rsquo;\u00e9ditorial dans le dernier num\u00e9ro pr\u00e9c\u00e9dant l&rsquo;\u00e9lection.<\/p>\n\n\n\n<h3 class=\"wp-block-heading\">Les r\u00e9seaux sociaux dans votre communication municipale 2026<\/h3>\n\n\n\n<p><\/p>\n\n\n\n<p>Ensuite, la collectivit\u00e9 doit rester pr\u00e9sente dans le fil d&rsquo;actualit\u00e9 des habitants sur Facebook, Instagram ou LinkedIn. Positionnez-vous comme une ressource fiable. Privil\u00e9giez l&rsquo;information servicielle pure. Diffusez les alertes m\u00e9t\u00e9o ou les menus des cantines. Relayez aussi les animations du territoire. C&rsquo;est \u00e9galement le moment id\u00e9al pour des contenus visuels neutres. Publiez des photos de paysages ou montrez les coulisses des services techniques. Cela valorise le travail des agents sans aucune connotation politique.<\/p>\n\n\n\n<h3 class=\"wp-block-heading\">Les inaugurations et \u00e9v\u00e9nements<\/h3>\n\n\n\n<p><\/p>\n\n\n\n<p>Un \u00e9quipement est pr\u00eat ? Ouvrez-le au public. N\u00e9anmoins, l&rsquo;inauguration doit rester sobre. L&rsquo;\u00e9v\u00e9nement doit se concentrer sur la visite des lieux. Laissez la parole \u00e0 l&rsquo;architecte ou aux techniciens pour pr\u00e9senter les fonctionnalit\u00e9s. \u00c9vitez surtout les longs discours officiels. C&rsquo;est une mani\u00e8re de montrer que le mandat se poursuit. Ainsi, vous restez au service des usagers jusqu&rsquo;au dernier jour.<\/p>\n\n\n\n<h2 class=\"wp-block-heading\">4. S\u00e9curiser son action et celle des \u00e9lus<\/h2>\n\n\n\n<p><\/p>\n\n\n\n<p>En r\u00e9alit\u00e9, soigner sa <strong>communication municipale 2026<\/strong> durant la r\u00e9serve prot\u00e8ge aussi l&rsquo;institution. Une communication ma\u00eetris\u00e9e \u00e9vite les recours contentieux. Or, ces recours pourraient fragiliser le futur r\u00e9sultat \u00e9lectoral.<\/p>\n\n\n\n<p>En cultivant cette neutralit\u00e9, vous valorisez l&rsquo;image de votre institution. Cette d\u00e9marche s\u00e9curise l&rsquo;action publique et t\u00e9moigne d&rsquo;une grande ma\u00eetrise professionnelle. Elle garantit une transition sereine et constructive. Votre ambition reste intacte : p\u00e9renniser une communication efficace et respect\u00e9e, au service de l&rsquo;int\u00e9r\u00eat g\u00e9n\u00e9ral.<\/p>\n\n\n\n<h2 class=\"wp-block-heading\">Check-list : 6 questions \u00e0 se poser avant de publier<\/h2>\n\n\n\n<p><\/p>\n\n\n\n<p>Pour guider vos \u00e9quipes au quotidien, cette grille d&rsquo;analyse fonctionne comme un filtre de s\u00e9curit\u00e9. Le principe est simple : si vous r\u00e9pondez <strong>OUI<\/strong> \u00e0 l&rsquo;une de ces questions, cela indique qu&rsquo;un ajustement est n\u00e9cessaire. C&rsquo;est le signal qu&rsquo;une reformulation ou un changement d&rsquo;angle permettra de s\u00e9curiser votre message et de garantir sa parfaite conformit\u00e9.<\/p>\n\n\n\n<ol start=\"1\" class=\"wp-block-list\">\n<li><strong>Le vocabulaire est-il valorisant pour l&rsquo;\u00e9quipe \u00e9lue ?<\/strong> <em>(Ex : utilisation d&rsquo;adjectifs comme \u00ab\u00a0ambitieux\u00a0\u00bb, \u00ab\u00a0r\u00e9ussi\u00a0\u00bb, \u00ab\u00a0gr\u00e2ce \u00e0 la volont\u00e9 de&#8230;\u00a0\u00bb)<\/em><\/li>\n\n\n\n<li><strong>L&rsquo;information est-elle nouvelle ou inhabituelle par rapport \u00e0 nos pratiques ?<\/strong> <em>(Ex : cr\u00e9ation soudaine d&rsquo;une newsletter hebdomadaire alors qu&rsquo;elle \u00e9tait mensuelle)<\/em><\/li>\n\n\n\n<li><strong>Le contenu met-il en sc\u00e8ne un candidat de mani\u00e8re pr\u00e9pond\u00e9rante ?<\/strong> <em>(Ex : photo du maire seul en gros plan plut\u00f4t qu&rsquo;une photo de groupe ou du public)<\/em><\/li>\n\n\n\n<li><strong>Faisons-nous r\u00e9f\u00e9rence au bilan du mandat ou au programme futur ?<\/strong> <em>(Ex : \u00ab\u00a0Comme nous nous y \u00e9tions engag\u00e9s en 2020&#8230;\u00a0\u00bb ou \u00ab\u00a0Pour poursuivre cette dynamique&#8230;\u00a0\u00bb)<\/em><\/li>\n\n\n\n<li><strong>Y a-t-il un lien vers un site de campagne ou un compte personnel politique ?<\/strong> <em>(V\u00e9rifiez syst\u00e9matiquement les liens en fin d&rsquo;article ou dans les bios r\u00e9seaux sociaux)<\/em><\/li>\n\n\n\n<li><strong>L&rsquo;\u00e9v\u00e9nement annonc\u00e9 a-t-il un caract\u00e8re festif exceptionnel sans lien avec une tradition ?<\/strong> <em>(Ex : un buffet gratuit g\u00e9ant organis\u00e9 trois semaines avant le scrutin)<\/em><\/li>\n<\/ol>\n\n\n\n<p><\/p>\n","protected":false},"excerpt":{"rendered":"<p>\u00c0 l&rsquo;approche des \u00e9lections de mars, la communication municipale 2026 s&rsquo;adapte \u00e0 la p\u00e9riode de r\u00e9serve. Loin d&rsquo;\u00eatre une simple contrainte, cette \u00e9tape est l&rsquo;occasion [&hellip;]<\/p>\n","protected":false},"author":21,"featured_media":29237,"comment_status":"open","ping_status":"open","sticky":false,"template":"","format":"standard","meta":{"_coblocks_attr":"","_coblocks_dimensions":"","_coblocks_responsive_height":"","_coblocks_accordion_ie_support":"","_mo_disable_npp":"","footnotes":""},"categories":[75],"tags":[],"class_list":["post-29234","post","type-post","status-publish","format-standard","has-post-thumbnail","hentry","category-communication-des-institutions-et-collectivites"],"yoast_head":"<!-- This site is optimized with the Yoast SEO plugin v23.2 - https:\/\/yoast.com\/wordpress\/plugins\/seo\/ -->\n<title>Communication municipale 2026 : r\u00e9ussir sa p\u00e9riode de r\u00e9serve<\/title>\n<meta name=\"description\" content=\"Communication municipale 2026 : notre guide pour respecter la p\u00e9riode de r\u00e9serve tout en maintenant le service public.\" \/>\n<meta name=\"robots\" content=\"index, follow, max-snippet:-1, max-image-preview:large, max-video-preview:-1\" \/>\n<link rel=\"canonical\" href=\"https:\/\/www.infolocale.fr\/blog\/municipales-2026-communication-reserve-collectivite\/\" \/>\n<meta property=\"og:locale\" content=\"fr_FR\" \/>\n<meta property=\"og:type\" content=\"article\" \/>\n<meta property=\"og:title\" content=\"Communication municipale 2026 : r\u00e9ussir sa p\u00e9riode de r\u00e9serve\" \/>\n<meta property=\"og:description\" content=\"Communication municipale 2026 : notre guide pour respecter la p\u00e9riode de r\u00e9serve tout en maintenant le service public.\" \/>\n<meta property=\"og:url\" content=\"https:\/\/www.infolocale.fr\/blog\/municipales-2026-communication-reserve-collectivite\/\" \/>\n<meta property=\"article:publisher\" content=\"https:\/\/www.facebook.com\/infolocaleFR\/\" \/>\n<meta property=\"article:published_time\" content=\"2026-02-19T09:54:26+00:00\" \/>\n<meta property=\"article:modified_time\" content=\"2026-04-30T14:56:51+00:00\" \/>\n<meta property=\"og:image\" content=\"https:\/\/www.infolocale.fr\/blog\/wp-content\/uploads\/2026\/02\/Communication-municipale-2026.png\" \/>\n\t<meta property=\"og:image:width\" content=\"550\" \/>\n\t<meta property=\"og:image:height\" content=\"385\" \/>\n\t<meta property=\"og:image:type\" content=\"image\/png\" \/>\n<meta name=\"author\" content=\"Alicia Le Corre\" \/>\n<meta name=\"twitter:card\" content=\"summary_large_image\" \/>\n<meta name=\"twitter:creator\" content=\"@infolocale\" \/>\n<meta name=\"twitter:site\" content=\"@infolocale\" \/>\n<meta name=\"twitter:label1\" content=\"\u00c9crit par\" \/>\n\t<meta name=\"twitter:data1\" content=\"Alicia Le Corre\" \/>\n\t<meta name=\"twitter:label2\" content=\"Dur\u00e9e de lecture estim\u00e9e\" \/>\n\t<meta name=\"twitter:data2\" content=\"7 minutes\" \/>\n<script type=\"application\/ld+json\" class=\"yoast-schema-graph\">{\"@context\":\"https:\/\/schema.org\",\"@graph\":[{\"@type\":\"Article\",\"@id\":\"https:\/\/www.infolocale.fr\/blog\/municipales-2026-communication-reserve-collectivite\/#article\",\"isPartOf\":{\"@id\":\"https:\/\/www.infolocale.fr\/blog\/municipales-2026-communication-reserve-collectivite\/\"},\"author\":{\"name\":\"Alicia Le Corre\",\"@id\":\"https:\/\/www.infolocale.fr\/blog\/#\/schema\/person\/f2ecab0cfb121a5c8ce465880cd694a5\"},\"headline\":\"Municipales 2026 : comment r\u00e9ussir sa communication en p\u00e9riode de r\u00e9serve ?\",\"datePublished\":\"2026-02-19T09:54:26+00:00\",\"dateModified\":\"2026-04-30T14:56:51+00:00\",\"mainEntityOfPage\":{\"@id\":\"https:\/\/www.infolocale.fr\/blog\/municipales-2026-communication-reserve-collectivite\/\"},\"wordCount\":1281,\"commentCount\":0,\"publisher\":{\"@id\":\"https:\/\/www.infolocale.fr\/blog\/#organization\"},\"image\":{\"@id\":\"https:\/\/www.infolocale.fr\/blog\/municipales-2026-communication-reserve-collectivite\/#primaryimage\"},\"thumbnailUrl\":\"https:\/\/infolocale.20minutes.fr\/blog\/wp-content\/uploads\/2026\/02\/Communication-municipale-2026.png\",\"articleSection\":[\"Communication des institutions et collectivit\u00e9s\"],\"inLanguage\":\"fr-FR\",\"potentialAction\":[{\"@type\":\"CommentAction\",\"name\":\"Comment\",\"target\":[\"https:\/\/www.infolocale.fr\/blog\/municipales-2026-communication-reserve-collectivite\/#respond\"]}]},{\"@type\":\"WebPage\",\"@id\":\"https:\/\/www.infolocale.fr\/blog\/municipales-2026-communication-reserve-collectivite\/\",\"url\":\"https:\/\/www.infolocale.fr\/blog\/municipales-2026-communication-reserve-collectivite\/\",\"name\":\"Communication municipale 2026 : r\u00e9ussir sa p\u00e9riode de r\u00e9serve\",\"isPartOf\":{\"@id\":\"https:\/\/www.infolocale.fr\/blog\/#website\"},\"primaryImageOfPage\":{\"@id\":\"https:\/\/www.infolocale.fr\/blog\/municipales-2026-communication-reserve-collectivite\/#primaryimage\"},\"image\":{\"@id\":\"https:\/\/www.infolocale.fr\/blog\/municipales-2026-communication-reserve-collectivite\/#primaryimage\"},\"thumbnailUrl\":\"https:\/\/infolocale.20minutes.fr\/blog\/wp-content\/uploads\/2026\/02\/Communication-municipale-2026.png\",\"datePublished\":\"2026-02-19T09:54:26+00:00\",\"dateModified\":\"2026-04-30T14:56:51+00:00\",\"description\":\"Communication municipale 2026 : notre guide pour respecter la p\u00e9riode de r\u00e9serve tout en maintenant le service public.\",\"breadcrumb\":{\"@id\":\"https:\/\/www.infolocale.fr\/blog\/municipales-2026-communication-reserve-collectivite\/#breadcrumb\"},\"inLanguage\":\"fr-FR\",\"potentialAction\":[{\"@type\":\"ReadAction\",\"target\":[\"https:\/\/www.infolocale.fr\/blog\/municipales-2026-communication-reserve-collectivite\/\"]}]},{\"@type\":\"ImageObject\",\"inLanguage\":\"fr-FR\",\"@id\":\"https:\/\/www.infolocale.fr\/blog\/municipales-2026-communication-reserve-collectivite\/#primaryimage\",\"url\":\"https:\/\/infolocale.20minutes.fr\/blog\/wp-content\/uploads\/2026\/02\/Communication-municipale-2026.png\",\"contentUrl\":\"https:\/\/infolocale.20minutes.fr\/blog\/wp-content\/uploads\/2026\/02\/Communication-municipale-2026.png\",\"width\":550,\"height\":385,\"caption\":\"repr\u00e9sentation d'une mairie dans le cadre de communication municipale 2026\"},{\"@type\":\"BreadcrumbList\",\"@id\":\"https:\/\/www.infolocale.fr\/blog\/municipales-2026-communication-reserve-collectivite\/#breadcrumb\",\"itemListElement\":[{\"@type\":\"ListItem\",\"position\":1,\"name\":\"Blog\",\"item\":\"https:\/\/infolocale.ouest-france.fr\/blog\/\"},{\"@type\":\"ListItem\",\"position\":2,\"name\":\"Communication des institutions et collectivit\u00e9s\",\"item\":\"https:\/\/infolocale.ouest-france.fr\/blog\/cat\/communication-des-institutions-et-collectivites\/\"},{\"@type\":\"ListItem\",\"position\":3,\"name\":\"Municipales 2026 : comment r\u00e9ussir sa communication en p\u00e9riode de r\u00e9serve ?\"}]},{\"@type\":\"WebSite\",\"@id\":\"https:\/\/www.infolocale.fr\/blog\/#website\",\"url\":\"https:\/\/www.infolocale.fr\/blog\/\",\"name\":\"\",\"description\":\"\",\"publisher\":{\"@id\":\"https:\/\/www.infolocale.fr\/blog\/#organization\"},\"potentialAction\":[{\"@type\":\"SearchAction\",\"target\":{\"@type\":\"EntryPoint\",\"urlTemplate\":\"https:\/\/www.infolocale.fr\/blog\/?s={search_term_string}\"},\"query-input\":\"required name=search_term_string\"}],\"inLanguage\":\"fr-FR\"},{\"@type\":\"Organization\",\"@id\":\"https:\/\/www.infolocale.fr\/blog\/#organization\",\"name\":\"Infolocale\",\"url\":\"https:\/\/www.infolocale.fr\/blog\/\",\"logo\":{\"@type\":\"ImageObject\",\"inLanguage\":\"fr-FR\",\"@id\":\"https:\/\/www.infolocale.fr\/blog\/#\/schema\/logo\/image\/\",\"url\":\"https:\/\/www.infolocale.fr\/blog\/wp-content\/uploads\/2020\/11\/logol.jpg\",\"contentUrl\":\"https:\/\/www.infolocale.fr\/blog\/wp-content\/uploads\/2020\/11\/logol.jpg\",\"width\":1031,\"height\":398,\"caption\":\"Infolocale\"},\"image\":{\"@id\":\"https:\/\/www.infolocale.fr\/blog\/#\/schema\/logo\/image\/\"},\"sameAs\":[\"https:\/\/www.facebook.com\/infolocaleFR\/\",\"https:\/\/x.com\/infolocale\",\"https:\/\/www.instagram.com\/infolocale\/\",\"https:\/\/fr.linkedin.com\/company\/infolocale\",\"https:\/\/www.youtube.com\/channel\/UCnv4FA8EYEuu_si3TGr7xeA\"]},{\"@type\":\"Person\",\"@id\":\"https:\/\/www.infolocale.fr\/blog\/#\/schema\/person\/f2ecab0cfb121a5c8ce465880cd694a5\",\"name\":\"Alicia Le Corre\",\"image\":{\"@type\":\"ImageObject\",\"inLanguage\":\"fr-FR\",\"@id\":\"https:\/\/www.infolocale.fr\/blog\/#\/schema\/person\/image\/\",\"url\":\"https:\/\/secure.gravatar.com\/avatar\/52ca2fbd7b536bdc460ac24d98b8b8e9?s=96&d=mm&r=g\",\"contentUrl\":\"https:\/\/secure.gravatar.com\/avatar\/52ca2fbd7b536bdc460ac24d98b8b8e9?s=96&d=mm&r=g\",\"caption\":\"Alicia Le Corre\"},\"url\":\"https:\/\/infolocale.20minutes.fr\/blog\/author\/alicia-lecorreouest-france-fr\/\"}]}<\/script>\n<!-- \/ Yoast SEO plugin. -->","yoast_head_json":{"title":"Communication municipale 2026 : r\u00e9ussir sa p\u00e9riode de r\u00e9serve","description":"Communication municipale 2026 : notre guide pour respecter la p\u00e9riode de r\u00e9serve tout en maintenant le service public.","robots":{"index":"index","follow":"follow","max-snippet":"max-snippet:-1","max-image-preview":"max-image-preview:large","max-video-preview":"max-video-preview:-1"},"canonical":"https:\/\/www.infolocale.fr\/blog\/municipales-2026-communication-reserve-collectivite\/","og_locale":"fr_FR","og_type":"article","og_title":"Communication municipale 2026 : r\u00e9ussir sa p\u00e9riode de r\u00e9serve","og_description":"Communication municipale 2026 : notre guide pour respecter la p\u00e9riode de r\u00e9serve tout en maintenant le service public.","og_url":"https:\/\/www.infolocale.fr\/blog\/municipales-2026-communication-reserve-collectivite\/","article_publisher":"https:\/\/www.facebook.com\/infolocaleFR\/","article_published_time":"2026-02-19T09:54:26+00:00","article_modified_time":"2026-04-30T14:56:51+00:00","og_image":[{"width":550,"height":385,"url":"https:\/\/www.infolocale.fr\/blog\/wp-content\/uploads\/2026\/02\/Communication-municipale-2026.png","type":"image\/png"}],"author":"Alicia Le Corre","twitter_card":"summary_large_image","twitter_creator":"@infolocale","twitter_site":"@infolocale","twitter_misc":{"\u00c9crit par":"Alicia Le Corre","Dur\u00e9e de lecture estim\u00e9e":"7 minutes"},"schema":{"@context":"https:\/\/schema.org","@graph":[{"@type":"Article","@id":"https:\/\/www.infolocale.fr\/blog\/municipales-2026-communication-reserve-collectivite\/#article","isPartOf":{"@id":"https:\/\/www.infolocale.fr\/blog\/municipales-2026-communication-reserve-collectivite\/"},"author":{"name":"Alicia Le Corre","@id":"https:\/\/www.infolocale.fr\/blog\/#\/schema\/person\/f2ecab0cfb121a5c8ce465880cd694a5"},"headline":"Municipales 2026 : comment r\u00e9ussir sa communication en p\u00e9riode de r\u00e9serve ?","datePublished":"2026-02-19T09:54:26+00:00","dateModified":"2026-04-30T14:56:51+00:00","mainEntityOfPage":{"@id":"https:\/\/www.infolocale.fr\/blog\/municipales-2026-communication-reserve-collectivite\/"},"wordCount":1281,"commentCount":0,"publisher":{"@id":"https:\/\/www.infolocale.fr\/blog\/#organization"},"image":{"@id":"https:\/\/www.infolocale.fr\/blog\/municipales-2026-communication-reserve-collectivite\/#primaryimage"},"thumbnailUrl":"https:\/\/infolocale.20minutes.fr\/blog\/wp-content\/uploads\/2026\/02\/Communication-municipale-2026.png","articleSection":["Communication des institutions et collectivit\u00e9s"],"inLanguage":"fr-FR","potentialAction":[{"@type":"CommentAction","name":"Comment","target":["https:\/\/www.infolocale.fr\/blog\/municipales-2026-communication-reserve-collectivite\/#respond"]}]},{"@type":"WebPage","@id":"https:\/\/www.infolocale.fr\/blog\/municipales-2026-communication-reserve-collectivite\/","url":"https:\/\/www.infolocale.fr\/blog\/municipales-2026-communication-reserve-collectivite\/","name":"Communication municipale 2026 : r\u00e9ussir sa p\u00e9riode de r\u00e9serve","isPartOf":{"@id":"https:\/\/www.infolocale.fr\/blog\/#website"},"primaryImageOfPage":{"@id":"https:\/\/www.infolocale.fr\/blog\/municipales-2026-communication-reserve-collectivite\/#primaryimage"},"image":{"@id":"https:\/\/www.infolocale.fr\/blog\/municipales-2026-communication-reserve-collectivite\/#primaryimage"},"thumbnailUrl":"https:\/\/infolocale.20minutes.fr\/blog\/wp-content\/uploads\/2026\/02\/Communication-municipale-2026.png","datePublished":"2026-02-19T09:54:26+00:00","dateModified":"2026-04-30T14:56:51+00:00","description":"Communication municipale 2026 : notre guide pour respecter la p\u00e9riode de r\u00e9serve tout en maintenant le service public.","breadcrumb":{"@id":"https:\/\/www.infolocale.fr\/blog\/municipales-2026-communication-reserve-collectivite\/#breadcrumb"},"inLanguage":"fr-FR","potentialAction":[{"@type":"ReadAction","target":["https:\/\/www.infolocale.fr\/blog\/municipales-2026-communication-reserve-collectivite\/"]}]},{"@type":"ImageObject","inLanguage":"fr-FR","@id":"https:\/\/www.infolocale.fr\/blog\/municipales-2026-communication-reserve-collectivite\/#primaryimage","url":"https:\/\/infolocale.20minutes.fr\/blog\/wp-content\/uploads\/2026\/02\/Communication-municipale-2026.png","contentUrl":"https:\/\/infolocale.20minutes.fr\/blog\/wp-content\/uploads\/2026\/02\/Communication-municipale-2026.png","width":550,"height":385,"caption":"repr\u00e9sentation d'une mairie dans le cadre de communication municipale 2026"},{"@type":"BreadcrumbList","@id":"https:\/\/www.infolocale.fr\/blog\/municipales-2026-communication-reserve-collectivite\/#breadcrumb","itemListElement":[{"@type":"ListItem","position":1,"name":"Blog","item":"https:\/\/infolocale.ouest-france.fr\/blog\/"},{"@type":"ListItem","position":2,"name":"Communication des institutions et collectivit\u00e9s","item":"https:\/\/infolocale.ouest-france.fr\/blog\/cat\/communication-des-institutions-et-collectivites\/"},{"@type":"ListItem","position":3,"name":"Municipales 2026 : comment r\u00e9ussir sa communication en p\u00e9riode de r\u00e9serve ?"}]},{"@type":"WebSite","@id":"https:\/\/www.infolocale.fr\/blog\/#website","url":"https:\/\/www.infolocale.fr\/blog\/","name":"","description":"","publisher":{"@id":"https:\/\/www.infolocale.fr\/blog\/#organization"},"potentialAction":[{"@type":"SearchAction","target":{"@type":"EntryPoint","urlTemplate":"https:\/\/www.infolocale.fr\/blog\/?s={search_term_string}"},"query-input":"required name=search_term_string"}],"inLanguage":"fr-FR"},{"@type":"Organization","@id":"https:\/\/www.infolocale.fr\/blog\/#organization","name":"Infolocale","url":"https:\/\/www.infolocale.fr\/blog\/","logo":{"@type":"ImageObject","inLanguage":"fr-FR","@id":"https:\/\/www.infolocale.fr\/blog\/#\/schema\/logo\/image\/","url":"https:\/\/www.infolocale.fr\/blog\/wp-content\/uploads\/2020\/11\/logol.jpg","contentUrl":"https:\/\/www.infolocale.fr\/blog\/wp-content\/uploads\/2020\/11\/logol.jpg","width":1031,"height":398,"caption":"Infolocale"},"image":{"@id":"https:\/\/www.infolocale.fr\/blog\/#\/schema\/logo\/image\/"},"sameAs":["https:\/\/www.facebook.com\/infolocaleFR\/","https:\/\/x.com\/infolocale","https:\/\/www.instagram.com\/infolocale\/","https:\/\/fr.linkedin.com\/company\/infolocale","https:\/\/www.youtube.com\/channel\/UCnv4FA8EYEuu_si3TGr7xeA"]},{"@type":"Person","@id":"https:\/\/www.infolocale.fr\/blog\/#\/schema\/person\/f2ecab0cfb121a5c8ce465880cd694a5","name":"Alicia Le Corre","image":{"@type":"ImageObject","inLanguage":"fr-FR","@id":"https:\/\/www.infolocale.fr\/blog\/#\/schema\/person\/image\/","url":"https:\/\/secure.gravatar.com\/avatar\/52ca2fbd7b536bdc460ac24d98b8b8e9?s=96&d=mm&r=g","contentUrl":"https:\/\/secure.gravatar.com\/avatar\/52ca2fbd7b536bdc460ac24d98b8b8e9?s=96&d=mm&r=g","caption":"Alicia Le Corre"},"url":"https:\/\/infolocale.20minutes.fr\/blog\/author\/alicia-lecorreouest-france-fr\/"}]}},"_links":{"self":[{"href":"https:\/\/infolocale.20minutes.fr\/blog\/wp-json\/wp\/v2\/posts\/29234"}],"collection":[{"href":"https:\/\/infolocale.20minutes.fr\/blog\/wp-json\/wp\/v2\/posts"}],"about":[{"href":"https:\/\/infolocale.20minutes.fr\/blog\/wp-json\/wp\/v2\/types\/post"}],"author":[{"embeddable":true,"href":"https:\/\/infolocale.20minutes.fr\/blog\/wp-json\/wp\/v2\/users\/21"}],"replies":[{"embeddable":true,"href":"https:\/\/infolocale.20minutes.fr\/blog\/wp-json\/wp\/v2\/comments?post=29234"}],"version-history":[{"count":0,"href":"https:\/\/infolocale.20minutes.fr\/blog\/wp-json\/wp\/v2\/posts\/29234\/revisions"}],"wp:featuredmedia":[{"embeddable":true,"href":"https:\/\/infolocale.20minutes.fr\/blog\/wp-json\/wp\/v2\/media\/29237"}],"wp:attachment":[{"href":"https:\/\/infolocale.20minutes.fr\/blog\/wp-json\/wp\/v2\/media?parent=29234"}],"wp:term":[{"taxonomy":"category","embeddable":true,"href":"https:\/\/infolocale.20minutes.fr\/blog\/wp-json\/wp\/v2\/categories?post=29234"},{"taxonomy":"post_tag","embeddable":true,"href":"https:\/\/infolocale.20minutes.fr\/blog\/wp-json\/wp\/v2\/tags?post=29234"}],"curies":[{"name":"wp","href":"https:\/\/api.w.org\/{rel}","templated":true}]}}