{"id":28825,"date":"2025-12-04T16:01:20","date_gmt":"2025-12-04T15:01:20","guid":{"rendered":"https:\/\/www.infolocale.fr\/blog\/?p=28825"},"modified":"2025-12-04T16:01:23","modified_gmt":"2025-12-04T15:01:23","slug":"guide-complet-declarer-les-dons-de-votre-association-en-2025","status":"publish","type":"post","link":"https:\/\/infolocale.20minutes.fr\/blog\/guide-complet-declarer-les-dons-de-votre-association-en-2025\/","title":{"rendered":"Guide complet : d\u00e9clarer les dons de votre association en 2025"},"content":{"rendered":"\n<p><mark style=\"background-color:#8ed1fc\" class=\"has-inline-color\">Depuis 2021, l&rsquo;Article 222 <em>bis<\/em> du Code g\u00e9n\u00e9ral des imp\u00f4ts impose la <strong>d\u00e9claration des dons d&rsquo;association<\/strong> \u00e0 toutes les organisations. Que votre structure soit une association d&rsquo;int\u00e9r\u00eat g\u00e9n\u00e9ral ou une fondation \u00e9mettant des re\u00e7us fiscaux, cette nouvelle obligation est applicable. Cette mesure vise \u00e0 garantir la transparence du m\u00e9c\u00e9nat et \u00e0 renforcer la confiance dans le syst\u00e8me fiscal. Mais comment savoir quels dons inclure, comment calculer les montants \u00e0 d\u00e9clarer et quelles sont les \u00e9ch\u00e9ances \u00e0 respecter ? Dans cet article, nous vous expliquons \u00e9tape par \u00e9tape les r\u00e8gles, les exceptions et les bonnes pratiques pour <strong>d\u00e9clarer correctement vos dons<\/strong>, \u00e9viter les erreurs courantes et rester en conformit\u00e9 avec la l\u00e9gislation.<\/mark><\/p>\n\n\n\n<div class=\"wp-block-buttons is-content-justification-center is-layout-flex wp-container-core-buttons-is-layout-1 wp-block-buttons-is-layout-flex\">\n<div class=\"wp-block-button has-custom-font-size has-medium-font-size\"><a class=\"wp-block-button__link has-luminous-vivid-amber-background-color has-background has-text-align-center wp-element-button\" href=\"https:\/\/www.infolocale.fr\/decouvrir\/?int_source=blog&amp;int_medium=banner&amp;int_campaign=blog-content\" style=\"border-radius:100px\"><strong>Inscrire mon asso \u00e0 Infolocale<\/strong><\/a><\/div>\n<\/div>\n\n\n\n<div style=\"height:39px\" aria-hidden=\"true\" class=\"wp-block-spacer\"><\/div>\n\n\n\n<p>Depuis 2021, l&rsquo;article 222 <em>bis<\/em> du Code g\u00e9n\u00e9ral des imp\u00f4ts impose aux associations une obligation de <strong>d\u00e9claration dons<\/strong> annuelle sur les dons re\u00e7us. Toute <strong>association<\/strong> \u00e9mettant des re\u00e7us fiscaux doit d\u00e9clarer le montant cumul\u00e9 des dons et le nombre de documents d\u00e9livr\u00e9s. De plus, cette <strong>d\u00e9claration<\/strong> s&rsquo;effectue soit via le formulaire 2070, soit sur la plateforme <a href=\"https:\/\/demarche.numerique.gouv.fr\/\">demarche.numerique.gouv.fr<\/a>, selon le statut de l&rsquo;organisme.<\/p>\n\n\n\n<h2 class=\"wp-block-heading\">D\u00e9claration dons association : le cadre l\u00e9gal<\/h2>\n\n\n\n<h3 class=\"wp-block-heading\">Article 222 bis CGI : le cadre l\u00e9gal depuis 2021<\/h3>\n\n\n\n<p>La loi n\u00b0 2021-1109 du 24 ao\u00fbt 2021 confortant le respect des principes de la R\u00e9publique a introduit cette nouvelle obligation de <strong>d\u00e9claration<\/strong>. Par cons\u00e9quent, elle vise tous les organismes d\u00e9livrant des re\u00e7us, attestations ou documents. Ceux-ci permettent aux contribuables de b\u00e9n\u00e9ficier des r\u00e9ductions d&rsquo;imp\u00f4t pr\u00e9vues aux articles 200, 238 <em>bis<\/em> et 978 du CGI.<\/p>\n\n\n\n<p>Les dispositions s&rsquo;appliquent r\u00e9troactivement aux documents d\u00e9livr\u00e9s. Ces documents sont relatifs aux <strong>dons<\/strong> et versements re\u00e7us \u00e0 compter du 1er janvier 2021. En d&rsquo;autres termes, cette mesure renforce le contr\u00f4le fiscal du m\u00e9c\u00e9nat. De plus, elle permet \u00e0 l&rsquo;administration de mieux \u00e9valuer la d\u00e9pense fiscale li\u00e9e aux avantages accord\u00e9s.<\/p>\n\n\n\n<p>L&rsquo;organisme doit d\u00e9poser la <strong>d\u00e9claration<\/strong> dans les m\u00eames d\u00e9lais que sa d\u00e9claration de r\u00e9sultats (formulaire 2065 ou 2070). Ainsi, l&rsquo;organisme la remet au plus tard le deuxi\u00e8me jour ouvr\u00e9 suivant le 1er mai pour les exercices clos au 31 d\u00e9cembre.<\/p>\n\n\n\n<h2 class=\"wp-block-heading\">Quelles associations sont concern\u00e9es par cette obligation de d\u00e9claration<\/h2>\n\n\n\n<p>Toutes les <strong><a href=\"https:\/\/www.infolocale.fr\/blog\/annoncer-un-evenement\">associations<\/a><\/strong> d&rsquo;int\u00e9r\u00eat g\u00e9n\u00e9ral qui \u00e9mettent des re\u00e7us fiscaux entrent dans le champ d&rsquo;application de cette obligation. Peu importe leur forme juridique ou leur taille, elles doivent d\u00e9clarer d\u00e8s le premier euro de <strong>don<\/strong>.<\/p>\n\n\n\n<p>L&rsquo;obligation d\u00e9clarative vise les \u0153uvres caritatives, les <strong>associations<\/strong> d&rsquo;aide aux personnes en difficult\u00e9 et les organismes \u0153uvrant pour la diffusion de la culture ou la d\u00e9fense de l&rsquo;environnement. Elle concerne \u00e9galement les fonds de dotation et les fondations du patrimoine lorsqu&rsquo;ils d\u00e9livrent des attestations de <strong>dons<\/strong>.<\/p>\n\n\n\n<p>Seules \u00e9chappent \u00e0 cette r\u00e8gle les <strong>associations<\/strong> de financement \u00e9lectorales et les mandataires de partis politiques mentionn\u00e9s \u00e0 l&rsquo;article 200 du CGI. Cependant, les organismes publics, comme les collectivit\u00e9s territoriales, y sont soumises d\u00e8s qu&rsquo;ils \u00e9mettent un re\u00e7u fiscal dans le cadre du m\u00e9c\u00e9nat.<\/p>\n\n\n<div class=\"wp-block-image is-resized\">\n<figure class=\"aligncenter size-large has-lightbox\"><a href=\"https:\/\/www.infolocale.fr\/decouvrir\/deposant\/?utm_source=blog&amp;utm_medium=banner&amp;utm_campaign=blog-content\"><img fetchpriority=\"high\" decoding=\"async\" width=\"1024\" height=\"1024\" src=\"https:\/\/www.infolocale.fr\/blog\/wp-content\/uploads\/2021\/11\/banniere-NLDASSO-carree1500x1500-1024x1024.jpg\" alt=\"\" class=\"wp-image-23946\" srcset=\"https:\/\/infolocale.20minutes.fr\/blog\/wp-content\/uploads\/2021\/11\/banniere-NLDASSO-carree1500x1500-1024x1024.jpg 1024w, https:\/\/infolocale.20minutes.fr\/blog\/wp-content\/uploads\/2021\/11\/banniere-NLDASSO-carree1500x1500-300x300.jpg 300w, https:\/\/infolocale.20minutes.fr\/blog\/wp-content\/uploads\/2021\/11\/banniere-NLDASSO-carree1500x1500-150x150.jpg 150w, https:\/\/infolocale.20minutes.fr\/blog\/wp-content\/uploads\/2021\/11\/banniere-NLDASSO-carree1500x1500-768x768.jpg 768w, https:\/\/infolocale.20minutes.fr\/blog\/wp-content\/uploads\/2021\/11\/banniere-NLDASSO-carree1500x1500.jpg 1500w\" sizes=\"(max-width: 1024px) 100vw, 1024px\" \/><\/a><\/figure><\/div>\n\n\n<div style=\"height:20px\" aria-hidden=\"true\" class=\"wp-block-spacer\"><\/div>\n\n\n\n<h2 class=\"wp-block-heading\">Sanctions encourues et calcul des montants<\/h2>\n\n\n\n<h3 class=\"wp-block-heading\">Sanctions encourues en cas de non-d\u00e9claration<\/h3>\n\n\n\n<p>Le manquement \u00e0 cette obligation d\u00e9clarative expose l&rsquo;association \u00e0 une amende forfaitaire. Cette sanction s&rsquo;applique si l&rsquo;association ne respecte pas ses obligations d\u00e9claratives apr\u00e8s mise en demeure de l&rsquo;administration.<\/p>\n\n\n\n<p>L&rsquo;administration fiscale peut \u00e9galement proc\u00e9der \u00e0 des contr\u00f4les renforc\u00e9s des re\u00e7us fiscaux \u00e9mis. De plus, les organismes sans but lucratif qui ne font pas leur <strong>d\u00e9claration dons association<\/strong> perdent la confiance des services fiscaux. Ils risquent alors une surveillance accrue de leurs activit\u00e9s.<\/p>\n\n\n\n<h3 class=\"wp-block-heading\">Quels dons d\u00e9clarer et comment calculer les montants<\/h3>\n\n\n\n<p>Les organismes qui d\u00e9livrent des re\u00e7us fiscaux doivent d\u00e9clarer chaque ann\u00e9e \u00e0 l\u2019administration le montant total des <strong>dons<\/strong> et versements pour lesquels ils ont \u00e9mis ces re\u00e7us. Ils doivent aussi d\u00e9clarer le nombre de re\u00e7us \u00e9mis.<\/p>\n\n\n\n<p>La d\u00e9claration concerne les dons en num\u00e9raire, les abandons de cr\u00e9ances ou de revenus, les cotisations sans contrepartie directe, ainsi que les dons en nature. <\/p>\n\n\n\n<p>En cas de versement accompagn\u00e9 d\u2019une contrepartie (services, biens, avantages), seule la fraction qui exc\u00e8de la valeur de cette contrepartie ouvre droit \u00e0 r\u00e9duction d\u2019imp\u00f4t.<\/p>\n\n\n\n<p>\ud83d\udc49 Pour plus de d\u00e9tails sur l\u2019obligation de <strong>d\u00e9claration dons association<\/strong> et les modalit\u00e9s, vous pouvez consulter le site officiel consacr\u00e9 aux <strong>associations<\/strong> : <a target=\"_blank\" rel=\"noreferrer noopener\" href=\"https:\/\/www.associations.gouv.fr\/declaration-des-dons-et-des-recus-fiscaux\">https:\/\/www.associations.gouv.fr\/declaration-des-dons-et-des-recus-fiscaux<\/a><\/p>\n\n\n\n<h3 class=\"wp-block-heading\">P\u00e9riode de r\u00e9f\u00e9rence et d\u00e9lais de d\u00e9claration<\/h3>\n\n\n\n<p>La <strong>d\u00e9claration<\/strong> porte sur l\u2019ann\u00e9e civile pr\u00e9c\u00e9dente ou sur le dernier exercice clos si celui-ci ne co\u00efncide pas avec l\u2019ann\u00e9e civile. Par exemple, une <strong>association<\/strong> cl\u00f4turant ses comptes au 30 juin 2025 devra d\u00e9clarer les <strong>dons<\/strong> per\u00e7us entre le 1er juillet 2024 et le 30 juin 2025.<\/p>\n\n\n\n<p>L&rsquo;organisme fixe les \u00e9ch\u00e9ances de <strong>d\u00e9claration<\/strong> en fonction du d\u00e9p\u00f4t de sa d\u00e9claration de r\u00e9sultats. Selon son r\u00e9gime fiscal, l\u2019<strong>association<\/strong> d\u00e9clare les re\u00e7us via le formulaire 2070-SD, le formulaire 2065-SD ou la plateforme officielle <a href=\"https:\/\/demarche.numerique.gouv.fr\/\">demarche.numerique.gouv.fr<\/a><strong>.<\/strong> Finalement, elle d\u00e9pose la <strong>d\u00e9claration<\/strong> au plus tard le deuxi\u00e8me jour ouvr\u00e9 suivant le 1er mai pour les exercices clos au 31 d\u00e9cembre.<\/p>\n\n\n\n<h3 class=\"wp-block-heading\">Montant cumul\u00e9 et nombre de documents \u00e0 renseigner<\/h3>\n\n\n\n<p>Vous devez renseigner deux informations pr\u00e9cises dans votre <strong>d\u00e9claration<\/strong>. Premi\u00e8rement, le montant total des sommes ayant donn\u00e9 lieu \u00e0 l&rsquo;\u00e9mission de re\u00e7us fiscaux durant la p\u00e9riode concern\u00e9e. Cette somme englobe tous les versements, qu&rsquo;ils proviennent de particuliers ou d&rsquo;entreprises m\u00e9c\u00e8nes.<\/p>\n\n\n\n<p>Deuxi\u00e8mement, vous renseignez le nombre exact de documents \u00e9mis : re\u00e7us Cerfa, attestations ou autres justificatifs d\u00e9livr\u00e9s aux donateurs.<\/p>\n\n\n\n<p>L&rsquo;administration n&rsquo;exige aucune information sur l&rsquo;identit\u00e9 des donateurs. Seules ces donn\u00e9es agr\u00e9g\u00e9es permettent le contr\u00f4le de la d\u00e9pense fiscale li\u00e9e aux r\u00e9ductions d&rsquo;imp\u00f4t accord\u00e9es aux contributeurs.<\/p>\n\n\n\n<h2 class=\"wp-block-heading\">Comment faire la d\u00e9claration des dons d&rsquo;association ?<\/h2>\n\n\n\n<h3 class=\"wp-block-heading\">1. Formulaire 2070-SD<\/h3>\n\n\n\n<p>Pour les organismes soumis \u00e0 l\u2019imp\u00f4t sur les soci\u00e9t\u00e9s, ils doivent renseigner les donn\u00e9es agr\u00e9g\u00e9es (montant total des <strong>dons<\/strong> et nombre de re\u00e7us) sur le formulaire 2070-SD. Cette annexe est jointe \u00e0 la d\u00e9claration de r\u00e9sultats. La transmission se fait via le service des imp\u00f4ts des entreprises.<\/p>\n\n\n\n<h3 class=\"wp-block-heading\">2. D\u00e9claration en ligne via demarches-simplifiees.fr<\/h3>\n\n\n\n<p>Les <strong>associations<\/strong> non soumises \u00e0 l\u2019IS d\u00e9clarent leurs <strong>dons<\/strong> sur la plateforme <a href=\"https:\/\/demarche.numerique.gouv.fr\/\">demarche.numerique.gouv.fr<\/a><strong>.<\/strong> Apr\u00e8s cr\u00e9ation d\u2019un compte, elles renseignent l\u2019identit\u00e9 de l\u2019organisme (nom officiel, adresse, SIRET ou RNA). Enfin, elles doivent saisir le montant total des <strong>dons<\/strong> ayant donn\u00e9 lieu \u00e0 re\u00e7us fiscaux et le nombre de documents remis aux donateurs.<\/p>\n\n\n\n<h3 class=\"wp-block-heading\">\u00c9viter les erreurs courantes dans la d\u00e9claration dons association<\/h3>\n\n\n\n<p>Les <strong>associations<\/strong> commettent parfois des erreurs lors du renseignement des montants dans leur <strong>d\u00e9claration<\/strong>. De fait, il est essentiel de ne d\u00e9clarer que le montant r\u00e9ellement d\u00e9ductible pour le donateur. C\u2019est-\u00e0-dire la somme des <strong>dons<\/strong> diminu\u00e9e de la valeur des contreparties \u00e9ventuelles.<\/p>\n\n\n\n<p>Chaque re\u00e7u fiscal \u00e9mis doit \u00eatre archiv\u00e9 au moins trois ans, accompagn\u00e9 des preuves de versement correspondantes. En effet, l\u2019administration peut les exiger lors d\u2019un contr\u00f4le fiscal.<\/p>\n\n\n\n<p>De plus, les <strong>associations<\/strong> agr\u00e9\u00e9es doivent v\u00e9rifier la validit\u00e9 de leur statut d\u2019int\u00e9r\u00eat g\u00e9n\u00e9ral ou d\u2019utilit\u00e9 publique avant d\u2019\u00e9mettre des re\u00e7us fiscaux. Si l\u2019agr\u00e9ment est perdu, les donateurs risquent de se voir refuser la d\u00e9duction fiscale.<\/p>\n\n\n\n<p><\/p>\n","protected":false},"excerpt":{"rendered":"<p>Depuis 2021, l&rsquo;Article 222 bis du Code g\u00e9n\u00e9ral des imp\u00f4ts impose la d\u00e9claration des dons d&rsquo;association \u00e0 toutes les organisations. Que votre structure soit une [&hellip;]<\/p>\n","protected":false},"author":21,"featured_media":28877,"comment_status":"open","ping_status":"open","sticky":false,"template":"","format":"standard","meta":{"_coblocks_attr":"","_coblocks_dimensions":"","_coblocks_responsive_height":"","_coblocks_accordion_ie_support":"","_mo_disable_npp":"","footnotes":""},"categories":[74],"tags":[],"class_list":["post-28825","post","type-post","status-publish","format-standard","has-post-thumbnail","hentry","category-creer-et-administrer-une-association-1901"],"yoast_head":"<!-- This site is optimized with the Yoast SEO plugin v23.2 - https:\/\/yoast.com\/wordpress\/plugins\/seo\/ -->\n<title>Guide complet : d\u00e9clarer les dons de votre association en 2025 |<\/title>\n<meta name=\"description\" content=\"D\u00e9couvrez notre guide pour la d\u00e9claration des dons re\u00e7us de votre association. Ma\u00eetrisez la m\u00e9thode pour \u00eatre en conformit\u00e9 fiscale !\" \/>\n<meta name=\"robots\" content=\"index, follow, max-snippet:-1, max-image-preview:large, max-video-preview:-1\" \/>\n<link rel=\"canonical\" href=\"https:\/\/www.infolocale.fr\/blog\/guide-complet-declarer-les-dons-de-votre-association-en-2025\/\" \/>\n<meta property=\"og:locale\" content=\"fr_FR\" \/>\n<meta property=\"og:type\" content=\"article\" \/>\n<meta property=\"og:title\" content=\"Guide complet : d\u00e9clarer les dons de votre association en 2025 |\" \/>\n<meta property=\"og:description\" content=\"D\u00e9couvrez notre guide pour la d\u00e9claration des dons re\u00e7us de votre association. Ma\u00eetrisez la m\u00e9thode pour \u00eatre en conformit\u00e9 fiscale !\" \/>\n<meta property=\"og:url\" content=\"https:\/\/www.infolocale.fr\/blog\/guide-complet-declarer-les-dons-de-votre-association-en-2025\/\" \/>\n<meta property=\"article:publisher\" content=\"https:\/\/www.facebook.com\/infolocaleFR\/\" \/>\n<meta property=\"article:published_time\" content=\"2025-12-04T15:01:20+00:00\" \/>\n<meta property=\"article:modified_time\" content=\"2025-12-04T15:01:23+00:00\" \/>\n<meta property=\"og:image\" content=\"https:\/\/www.infolocale.fr\/blog\/wp-content\/uploads\/2025\/12\/Personne-qui-travaille-sur-son-ordinateur.png\" \/>\n\t<meta property=\"og:image:width\" content=\"900\" \/>\n\t<meta property=\"og:image:height\" content=\"630\" \/>\n\t<meta property=\"og:image:type\" content=\"image\/png\" \/>\n<meta name=\"author\" content=\"Alicia Le Corre\" \/>\n<meta name=\"twitter:card\" content=\"summary_large_image\" \/>\n<meta name=\"twitter:creator\" content=\"@infolocale\" \/>\n<meta name=\"twitter:site\" content=\"@infolocale\" \/>\n<meta name=\"twitter:label1\" content=\"\u00c9crit par\" \/>\n\t<meta name=\"twitter:data1\" content=\"Alicia Le Corre\" \/>\n\t<meta name=\"twitter:label2\" content=\"Dur\u00e9e de lecture estim\u00e9e\" \/>\n\t<meta name=\"twitter:data2\" content=\"12 minutes\" \/>\n<script type=\"application\/ld+json\" class=\"yoast-schema-graph\">{\"@context\":\"https:\/\/schema.org\",\"@graph\":[{\"@type\":\"Article\",\"@id\":\"https:\/\/www.infolocale.fr\/blog\/guide-complet-declarer-les-dons-de-votre-association-en-2025\/#article\",\"isPartOf\":{\"@id\":\"https:\/\/www.infolocale.fr\/blog\/guide-complet-declarer-les-dons-de-votre-association-en-2025\/\"},\"author\":{\"name\":\"Alicia Le Corre\",\"@id\":\"https:\/\/www.infolocale.fr\/blog\/#\/schema\/person\/f2ecab0cfb121a5c8ce465880cd694a5\"},\"headline\":\"Guide complet : d\u00e9clarer les dons de votre association en 2025\",\"datePublished\":\"2025-12-04T15:01:20+00:00\",\"dateModified\":\"2025-12-04T15:01:23+00:00\",\"mainEntityOfPage\":{\"@id\":\"https:\/\/www.infolocale.fr\/blog\/guide-complet-declarer-les-dons-de-votre-association-en-2025\/\"},\"wordCount\":1289,\"commentCount\":0,\"publisher\":{\"@id\":\"https:\/\/www.infolocale.fr\/blog\/#organization\"},\"image\":{\"@id\":\"https:\/\/www.infolocale.fr\/blog\/guide-complet-declarer-les-dons-de-votre-association-en-2025\/#primaryimage\"},\"thumbnailUrl\":\"https:\/\/infolocale.20minutes.fr\/blog\/wp-content\/uploads\/2025\/12\/Personne-qui-travaille-sur-son-ordinateur.png\",\"articleSection\":[\"Cr\u00e9er et g\u00e9rer une association\"],\"inLanguage\":\"fr-FR\",\"potentialAction\":[{\"@type\":\"CommentAction\",\"name\":\"Comment\",\"target\":[\"https:\/\/www.infolocale.fr\/blog\/guide-complet-declarer-les-dons-de-votre-association-en-2025\/#respond\"]}]},{\"@type\":\"WebPage\",\"@id\":\"https:\/\/www.infolocale.fr\/blog\/guide-complet-declarer-les-dons-de-votre-association-en-2025\/\",\"url\":\"https:\/\/www.infolocale.fr\/blog\/guide-complet-declarer-les-dons-de-votre-association-en-2025\/\",\"name\":\"Guide complet : d\u00e9clarer les dons de votre association en 2025 |\",\"isPartOf\":{\"@id\":\"https:\/\/www.infolocale.fr\/blog\/#website\"},\"primaryImageOfPage\":{\"@id\":\"https:\/\/www.infolocale.fr\/blog\/guide-complet-declarer-les-dons-de-votre-association-en-2025\/#primaryimage\"},\"image\":{\"@id\":\"https:\/\/www.infolocale.fr\/blog\/guide-complet-declarer-les-dons-de-votre-association-en-2025\/#primaryimage\"},\"thumbnailUrl\":\"https:\/\/infolocale.20minutes.fr\/blog\/wp-content\/uploads\/2025\/12\/Personne-qui-travaille-sur-son-ordinateur.png\",\"datePublished\":\"2025-12-04T15:01:20+00:00\",\"dateModified\":\"2025-12-04T15:01:23+00:00\",\"description\":\"D\u00e9couvrez notre guide pour la d\u00e9claration des dons re\u00e7us de votre association. Ma\u00eetrisez la m\u00e9thode pour \u00eatre en conformit\u00e9 fiscale !\",\"breadcrumb\":{\"@id\":\"https:\/\/www.infolocale.fr\/blog\/guide-complet-declarer-les-dons-de-votre-association-en-2025\/#breadcrumb\"},\"inLanguage\":\"fr-FR\",\"potentialAction\":[{\"@type\":\"ReadAction\",\"target\":[\"https:\/\/www.infolocale.fr\/blog\/guide-complet-declarer-les-dons-de-votre-association-en-2025\/\"]}]},{\"@type\":\"ImageObject\",\"inLanguage\":\"fr-FR\",\"@id\":\"https:\/\/www.infolocale.fr\/blog\/guide-complet-declarer-les-dons-de-votre-association-en-2025\/#primaryimage\",\"url\":\"https:\/\/infolocale.20minutes.fr\/blog\/wp-content\/uploads\/2025\/12\/Personne-qui-travaille-sur-son-ordinateur.png\",\"contentUrl\":\"https:\/\/infolocale.20minutes.fr\/blog\/wp-content\/uploads\/2025\/12\/Personne-qui-travaille-sur-son-ordinateur.png\",\"width\":900,\"height\":630,\"caption\":\"Professionnel consultant sa d\u00e9claration des dons d'association sur ordinateur\"},{\"@type\":\"BreadcrumbList\",\"@id\":\"https:\/\/www.infolocale.fr\/blog\/guide-complet-declarer-les-dons-de-votre-association-en-2025\/#breadcrumb\",\"itemListElement\":[{\"@type\":\"ListItem\",\"position\":1,\"name\":\"Blog\",\"item\":\"https:\/\/infolocale.ouest-france.fr\/blog\/\"},{\"@type\":\"ListItem\",\"position\":2,\"name\":\"Cr\u00e9er et g\u00e9rer une association\",\"item\":\"https:\/\/infolocale.ouest-france.fr\/blog\/cat\/creer-et-administrer-une-association-1901\/\"},{\"@type\":\"ListItem\",\"position\":3,\"name\":\"Guide complet : d\u00e9clarer les dons de votre association en 2025\"}]},{\"@type\":\"WebSite\",\"@id\":\"https:\/\/www.infolocale.fr\/blog\/#website\",\"url\":\"https:\/\/www.infolocale.fr\/blog\/\",\"name\":\"\",\"description\":\"\",\"publisher\":{\"@id\":\"https:\/\/www.infolocale.fr\/blog\/#organization\"},\"potentialAction\":[{\"@type\":\"SearchAction\",\"target\":{\"@type\":\"EntryPoint\",\"urlTemplate\":\"https:\/\/www.infolocale.fr\/blog\/?s={search_term_string}\"},\"query-input\":\"required name=search_term_string\"}],\"inLanguage\":\"fr-FR\"},{\"@type\":\"Organization\",\"@id\":\"https:\/\/www.infolocale.fr\/blog\/#organization\",\"name\":\"Infolocale\",\"url\":\"https:\/\/www.infolocale.fr\/blog\/\",\"logo\":{\"@type\":\"ImageObject\",\"inLanguage\":\"fr-FR\",\"@id\":\"https:\/\/www.infolocale.fr\/blog\/#\/schema\/logo\/image\/\",\"url\":\"https:\/\/www.infolocale.fr\/blog\/wp-content\/uploads\/2020\/11\/logol.jpg\",\"contentUrl\":\"https:\/\/www.infolocale.fr\/blog\/wp-content\/uploads\/2020\/11\/logol.jpg\",\"width\":1031,\"height\":398,\"caption\":\"Infolocale\"},\"image\":{\"@id\":\"https:\/\/www.infolocale.fr\/blog\/#\/schema\/logo\/image\/\"},\"sameAs\":[\"https:\/\/www.facebook.com\/infolocaleFR\/\",\"https:\/\/x.com\/infolocale\",\"https:\/\/www.instagram.com\/infolocale\/\",\"https:\/\/fr.linkedin.com\/company\/infolocale\",\"https:\/\/www.youtube.com\/channel\/UCnv4FA8EYEuu_si3TGr7xeA\"]},{\"@type\":\"Person\",\"@id\":\"https:\/\/www.infolocale.fr\/blog\/#\/schema\/person\/f2ecab0cfb121a5c8ce465880cd694a5\",\"name\":\"Alicia Le Corre\",\"image\":{\"@type\":\"ImageObject\",\"inLanguage\":\"fr-FR\",\"@id\":\"https:\/\/www.infolocale.fr\/blog\/#\/schema\/person\/image\/\",\"url\":\"https:\/\/secure.gravatar.com\/avatar\/52ca2fbd7b536bdc460ac24d98b8b8e9?s=96&d=mm&r=g\",\"contentUrl\":\"https:\/\/secure.gravatar.com\/avatar\/52ca2fbd7b536bdc460ac24d98b8b8e9?s=96&d=mm&r=g\",\"caption\":\"Alicia Le Corre\"},\"url\":\"https:\/\/infolocale.20minutes.fr\/blog\/author\/alicia-lecorreouest-france-fr\/\"}]}<\/script>\n<!-- \/ Yoast SEO plugin. -->","yoast_head_json":{"title":"Guide complet : d\u00e9clarer les dons de votre association en 2025 |","description":"D\u00e9couvrez notre guide pour la d\u00e9claration des dons re\u00e7us de votre association. Ma\u00eetrisez la m\u00e9thode pour \u00eatre en conformit\u00e9 fiscale !","robots":{"index":"index","follow":"follow","max-snippet":"max-snippet:-1","max-image-preview":"max-image-preview:large","max-video-preview":"max-video-preview:-1"},"canonical":"https:\/\/www.infolocale.fr\/blog\/guide-complet-declarer-les-dons-de-votre-association-en-2025\/","og_locale":"fr_FR","og_type":"article","og_title":"Guide complet : d\u00e9clarer les dons de votre association en 2025 |","og_description":"D\u00e9couvrez notre guide pour la d\u00e9claration des dons re\u00e7us de votre association. Ma\u00eetrisez la m\u00e9thode pour \u00eatre en conformit\u00e9 fiscale !","og_url":"https:\/\/www.infolocale.fr\/blog\/guide-complet-declarer-les-dons-de-votre-association-en-2025\/","article_publisher":"https:\/\/www.facebook.com\/infolocaleFR\/","article_published_time":"2025-12-04T15:01:20+00:00","article_modified_time":"2025-12-04T15:01:23+00:00","og_image":[{"width":900,"height":630,"url":"https:\/\/www.infolocale.fr\/blog\/wp-content\/uploads\/2025\/12\/Personne-qui-travaille-sur-son-ordinateur.png","type":"image\/png"}],"author":"Alicia Le Corre","twitter_card":"summary_large_image","twitter_creator":"@infolocale","twitter_site":"@infolocale","twitter_misc":{"\u00c9crit par":"Alicia Le Corre","Dur\u00e9e de lecture estim\u00e9e":"12 minutes"},"schema":{"@context":"https:\/\/schema.org","@graph":[{"@type":"Article","@id":"https:\/\/www.infolocale.fr\/blog\/guide-complet-declarer-les-dons-de-votre-association-en-2025\/#article","isPartOf":{"@id":"https:\/\/www.infolocale.fr\/blog\/guide-complet-declarer-les-dons-de-votre-association-en-2025\/"},"author":{"name":"Alicia Le Corre","@id":"https:\/\/www.infolocale.fr\/blog\/#\/schema\/person\/f2ecab0cfb121a5c8ce465880cd694a5"},"headline":"Guide complet : d\u00e9clarer les dons de votre association en 2025","datePublished":"2025-12-04T15:01:20+00:00","dateModified":"2025-12-04T15:01:23+00:00","mainEntityOfPage":{"@id":"https:\/\/www.infolocale.fr\/blog\/guide-complet-declarer-les-dons-de-votre-association-en-2025\/"},"wordCount":1289,"commentCount":0,"publisher":{"@id":"https:\/\/www.infolocale.fr\/blog\/#organization"},"image":{"@id":"https:\/\/www.infolocale.fr\/blog\/guide-complet-declarer-les-dons-de-votre-association-en-2025\/#primaryimage"},"thumbnailUrl":"https:\/\/infolocale.20minutes.fr\/blog\/wp-content\/uploads\/2025\/12\/Personne-qui-travaille-sur-son-ordinateur.png","articleSection":["Cr\u00e9er et g\u00e9rer une association"],"inLanguage":"fr-FR","potentialAction":[{"@type":"CommentAction","name":"Comment","target":["https:\/\/www.infolocale.fr\/blog\/guide-complet-declarer-les-dons-de-votre-association-en-2025\/#respond"]}]},{"@type":"WebPage","@id":"https:\/\/www.infolocale.fr\/blog\/guide-complet-declarer-les-dons-de-votre-association-en-2025\/","url":"https:\/\/www.infolocale.fr\/blog\/guide-complet-declarer-les-dons-de-votre-association-en-2025\/","name":"Guide complet : d\u00e9clarer les dons de votre association en 2025 |","isPartOf":{"@id":"https:\/\/www.infolocale.fr\/blog\/#website"},"primaryImageOfPage":{"@id":"https:\/\/www.infolocale.fr\/blog\/guide-complet-declarer-les-dons-de-votre-association-en-2025\/#primaryimage"},"image":{"@id":"https:\/\/www.infolocale.fr\/blog\/guide-complet-declarer-les-dons-de-votre-association-en-2025\/#primaryimage"},"thumbnailUrl":"https:\/\/infolocale.20minutes.fr\/blog\/wp-content\/uploads\/2025\/12\/Personne-qui-travaille-sur-son-ordinateur.png","datePublished":"2025-12-04T15:01:20+00:00","dateModified":"2025-12-04T15:01:23+00:00","description":"D\u00e9couvrez notre guide pour la d\u00e9claration des dons re\u00e7us de votre association. Ma\u00eetrisez la m\u00e9thode pour \u00eatre en conformit\u00e9 fiscale !","breadcrumb":{"@id":"https:\/\/www.infolocale.fr\/blog\/guide-complet-declarer-les-dons-de-votre-association-en-2025\/#breadcrumb"},"inLanguage":"fr-FR","potentialAction":[{"@type":"ReadAction","target":["https:\/\/www.infolocale.fr\/blog\/guide-complet-declarer-les-dons-de-votre-association-en-2025\/"]}]},{"@type":"ImageObject","inLanguage":"fr-FR","@id":"https:\/\/www.infolocale.fr\/blog\/guide-complet-declarer-les-dons-de-votre-association-en-2025\/#primaryimage","url":"https:\/\/infolocale.20minutes.fr\/blog\/wp-content\/uploads\/2025\/12\/Personne-qui-travaille-sur-son-ordinateur.png","contentUrl":"https:\/\/infolocale.20minutes.fr\/blog\/wp-content\/uploads\/2025\/12\/Personne-qui-travaille-sur-son-ordinateur.png","width":900,"height":630,"caption":"Professionnel consultant sa d\u00e9claration des dons d'association sur ordinateur"},{"@type":"BreadcrumbList","@id":"https:\/\/www.infolocale.fr\/blog\/guide-complet-declarer-les-dons-de-votre-association-en-2025\/#breadcrumb","itemListElement":[{"@type":"ListItem","position":1,"name":"Blog","item":"https:\/\/infolocale.ouest-france.fr\/blog\/"},{"@type":"ListItem","position":2,"name":"Cr\u00e9er et g\u00e9rer une association","item":"https:\/\/infolocale.ouest-france.fr\/blog\/cat\/creer-et-administrer-une-association-1901\/"},{"@type":"ListItem","position":3,"name":"Guide complet : d\u00e9clarer les dons de votre association en 2025"}]},{"@type":"WebSite","@id":"https:\/\/www.infolocale.fr\/blog\/#website","url":"https:\/\/www.infolocale.fr\/blog\/","name":"","description":"","publisher":{"@id":"https:\/\/www.infolocale.fr\/blog\/#organization"},"potentialAction":[{"@type":"SearchAction","target":{"@type":"EntryPoint","urlTemplate":"https:\/\/www.infolocale.fr\/blog\/?s={search_term_string}"},"query-input":"required name=search_term_string"}],"inLanguage":"fr-FR"},{"@type":"Organization","@id":"https:\/\/www.infolocale.fr\/blog\/#organization","name":"Infolocale","url":"https:\/\/www.infolocale.fr\/blog\/","logo":{"@type":"ImageObject","inLanguage":"fr-FR","@id":"https:\/\/www.infolocale.fr\/blog\/#\/schema\/logo\/image\/","url":"https:\/\/www.infolocale.fr\/blog\/wp-content\/uploads\/2020\/11\/logol.jpg","contentUrl":"https:\/\/www.infolocale.fr\/blog\/wp-content\/uploads\/2020\/11\/logol.jpg","width":1031,"height":398,"caption":"Infolocale"},"image":{"@id":"https:\/\/www.infolocale.fr\/blog\/#\/schema\/logo\/image\/"},"sameAs":["https:\/\/www.facebook.com\/infolocaleFR\/","https:\/\/x.com\/infolocale","https:\/\/www.instagram.com\/infolocale\/","https:\/\/fr.linkedin.com\/company\/infolocale","https:\/\/www.youtube.com\/channel\/UCnv4FA8EYEuu_si3TGr7xeA"]},{"@type":"Person","@id":"https:\/\/www.infolocale.fr\/blog\/#\/schema\/person\/f2ecab0cfb121a5c8ce465880cd694a5","name":"Alicia Le Corre","image":{"@type":"ImageObject","inLanguage":"fr-FR","@id":"https:\/\/www.infolocale.fr\/blog\/#\/schema\/person\/image\/","url":"https:\/\/secure.gravatar.com\/avatar\/52ca2fbd7b536bdc460ac24d98b8b8e9?s=96&d=mm&r=g","contentUrl":"https:\/\/secure.gravatar.com\/avatar\/52ca2fbd7b536bdc460ac24d98b8b8e9?s=96&d=mm&r=g","caption":"Alicia Le Corre"},"url":"https:\/\/infolocale.20minutes.fr\/blog\/author\/alicia-lecorreouest-france-fr\/"}]}},"_links":{"self":[{"href":"https:\/\/infolocale.20minutes.fr\/blog\/wp-json\/wp\/v2\/posts\/28825"}],"collection":[{"href":"https:\/\/infolocale.20minutes.fr\/blog\/wp-json\/wp\/v2\/posts"}],"about":[{"href":"https:\/\/infolocale.20minutes.fr\/blog\/wp-json\/wp\/v2\/types\/post"}],"author":[{"embeddable":true,"href":"https:\/\/infolocale.20minutes.fr\/blog\/wp-json\/wp\/v2\/users\/21"}],"replies":[{"embeddable":true,"href":"https:\/\/infolocale.20minutes.fr\/blog\/wp-json\/wp\/v2\/comments?post=28825"}],"version-history":[{"count":0,"href":"https:\/\/infolocale.20minutes.fr\/blog\/wp-json\/wp\/v2\/posts\/28825\/revisions"}],"wp:featuredmedia":[{"embeddable":true,"href":"https:\/\/infolocale.20minutes.fr\/blog\/wp-json\/wp\/v2\/media\/28877"}],"wp:attachment":[{"href":"https:\/\/infolocale.20minutes.fr\/blog\/wp-json\/wp\/v2\/media?parent=28825"}],"wp:term":[{"taxonomy":"category","embeddable":true,"href":"https:\/\/infolocale.20minutes.fr\/blog\/wp-json\/wp\/v2\/categories?post=28825"},{"taxonomy":"post_tag","embeddable":true,"href":"https:\/\/infolocale.20minutes.fr\/blog\/wp-json\/wp\/v2\/tags?post=28825"}],"curies":[{"name":"wp","href":"https:\/\/api.w.org\/{rel}","templated":true}]}}