{"id":27864,"date":"2025-05-28T16:34:26","date_gmt":"2025-05-28T14:34:26","guid":{"rendered":"https:\/\/www.infolocale.fr\/blog\/?p=27864"},"modified":"2025-05-30T11:27:15","modified_gmt":"2025-05-30T09:27:15","slug":"comment-faire-le-bilan-de-son-annee-associative","status":"publish","type":"post","link":"https:\/\/infolocale.20minutes.fr\/blog\/comment-faire-le-bilan-de-son-annee-associative\/","title":{"rendered":"Comment faire le bilan de son ann\u00e9e associative ?"},"content":{"rendered":"\n<p class=\"has-pale-cyan-blue-background-color has-background\"><strong>Juin, c\u2019est la fin de saison pour beaucoup d\u2019associations.<\/strong> C\u2019est le bon moment pour faire le bilan de son ann\u00e9e associative : valoriser vos actions, remercier les b\u00e9n\u00e9voles, et produire des contenus utiles pour votre communication.<br>Le bilan ne se limite pas \u00e0 l\u2019AG : c\u2019est l\u2019occasion de revenir sur vos r\u00e9ussites, vos temps forts, vos chiffres cl\u00e9s. Mais aussi, de raconter ce qui fait vivre votre association au quotidien, \u00e0 travers des portraits, t\u00e9moignages ou anecdotes.<br><strong>Infolocale<\/strong>, service gratuit, vous permet de publier et de diffuser vos contenus (articles, \u00e9v\u00e9nements, appels \u00e0 b\u00e9n\u00e9voles\u2026) sur son site et chez plus de 200 partenaires m\u00e9dias. En juin, profitez d\u2019un format d\u2019interview sp\u00e9cial \u00ab\u00a0bilan de fin saison\u00a0\u00bb pour mettre en valeur votre ann\u00e9e.<\/p>\n\n\n\n<p><\/p>\n\n\n\n<div class=\"wp-block-buttons is-horizontal is-content-justification-center is-layout-flex wp-container-core-buttons-is-layout-1 wp-block-buttons-is-layout-flex\">\n<div class=\"wp-block-button\"><a class=\"wp-block-button__link has-white-color has-luminous-vivid-amber-background-color has-text-color has-background wp-element-button\"><strong>&gt;&gt;Inscrire mon asso \u00e0 Infolocale <\/strong><\/a><\/div>\n<\/div>\n\n\n\n<p><\/p>\n\n\n\n<p>Fin d\u2019ann\u00e9e scolaire, fin de saison associative : juin est le moment id\u00e9al pour faire un point sur les mois \u00e9coul\u00e9s. Que vous soyez une petite association de quartier ou une structure plus cons\u00e9quente, faire un bilan reste essentiel. Cela vous permet de valoriser vos actions, de f\u00e9d\u00e9rer vos membres et de produire des contenus utiles pour la communication de votre organisme. On vous guide pas \u00e0 pas !<\/p>\n\n\n\n<h2 class=\"wp-block-heading\">Pourquoi faire un bilan en juin ?<\/h2>\n\n\n\n<p>L&rsquo;ann\u00e9e civile n&rsquo;est pas toujours le bon rep\u00e8re pour les associations. En revanche, <strong>la fin de l\u2019ann\u00e9e scolaire (juin-juillet)<\/strong> marque souvent la fin d\u2019un cycle : activit\u00e9s termin\u00e9es, projets boucl\u00e9s, b\u00e9n\u00e9voles fatigu\u00e9s mais fiers du travail accompli.<\/p>\n\n\n\n<p>C\u2019est donc :<\/p>\n\n\n\n<ul class=\"wp-block-list\">\n<li>Un moment propice \u00e0 la <strong>prise de recul<\/strong> ;<\/li>\n\n\n\n<li>L\u2019occasion de <strong>remercier les b\u00e9n\u00e9voles<\/strong> ;<\/li>\n\n\n\n<li>Une excellente base pour <strong>pr\u00e9parer la rentr\u00e9e<\/strong> ;<\/li>\n\n\n\n<li>Et surtout\u2026 une mine d\u2019or pour <strong>cr\u00e9er du contenu<\/strong> \u00e0 publier sur vos diff\u00e9rents canaux.<\/li>\n<\/ul>\n\n\n\n<h2 class=\"wp-block-heading\">Dresser le bilan moral et humain<\/h2>\n\n\n\n<p>Le <strong>bilan moral<\/strong> ne se r\u00e9sume pas \u00e0 une simple formalit\u00e9 pour l\u2019<a href=\"https:\/\/www.infolocale.fr\/blog\/assemblee-generale-association\/\">assembl\u00e9e g\u00e9n\u00e9rale<\/a> : il incarne le c\u0153ur de votre ann\u00e9e associative. C\u2019est l\u2019occasion de revenir sur ce que vous avez accompli, appris, et ce dont vous pouvez \u00eatre fier. Pour le construire, interrogez-vous sur les grandes r\u00e9ussites de l\u2019ann\u00e9e. Par exemple, les \u00e9v\u00e9nements marquants que vous avez organis\u00e9s, l\u2019arriv\u00e9e \u00e9ventuelle de nouveaux membres, ou encore les temps forts partag\u00e9s avec votre communaut\u00e9. Ces \u00e9l\u00e9ments sont autant de t\u00e9moignages de la vitalit\u00e9 de votre structure.<\/p>\n\n\n\n<h2 class=\"wp-block-heading\">Faire le point sur vos activit\u00e9s<\/h2>\n\n\n\n<p>Pour dresser un bilan complet de votre ann\u00e9e associative, il est essentiel de vous pencher sur le concret : les actions men\u00e9es, leur port\u00e9e, leur fr\u00e9quence, et leur impact. Combien d\u2019ateliers, de sorties, de permanences ou d\u2019animations avez-vous organis\u00e9s ? Combien de personnes ont \u00e9t\u00e9 touch\u00e9es ? Quels retours avez-vous re\u00e7us ? <\/p>\n\n\n\n<p>En croisant chiffres cl\u00e9s (comme le nombre de participants, d\u2019heures d\u2019activit\u00e9 ou de b\u00e9n\u00e9voles mobilis\u00e9s) et retours qualitatifs (t\u00e9moignages, anecdotes, ressentis), vous obtenez une vision claire et vivante de ce que votre association a accompli. Ce travail de synth\u00e8se peut \u00e9galement nourrir votre communication : ces donn\u00e9es peuvent devenir la base d\u2019une infographie ou\/et d\u2019un article r\u00e9capitulatif \u00e0 publier sur votre <a href=\"https:\/\/www.infolocale.fr\/blog\/site-internet-association\/\">site<\/a> et vos <a href=\"https:\/\/www.infolocale.fr\/blog\/communiquer-reseaux-sociaux\/?utm_source=facebook&amp;utm_medium=sns&amp;utm_campaign=sns-content\">r\u00e9seaux<\/a>.<\/p>\n\n\n\n<p><\/p>\n\n\n<div class=\"wp-block-image is-resized\">\n<figure class=\"aligncenter size-large has-lightbox\"><a href=\"https:\/\/www.infolocale.fr\/decouvrir\/deposant\/?utm_source=blog&amp;utm_medium=banner&amp;utm_campaign=blog-content\"><img fetchpriority=\"high\" decoding=\"async\" width=\"1024\" height=\"1024\" src=\"https:\/\/www.infolocale.fr\/blog\/wp-content\/uploads\/2021\/11\/banniere-NLDASSO-carree1500x1500-1024x1024.jpg\" alt=\"\" class=\"wp-image-23946\" srcset=\"https:\/\/infolocale.20minutes.fr\/blog\/wp-content\/uploads\/2021\/11\/banniere-NLDASSO-carree1500x1500-1024x1024.jpg 1024w, https:\/\/infolocale.20minutes.fr\/blog\/wp-content\/uploads\/2021\/11\/banniere-NLDASSO-carree1500x1500-300x300.jpg 300w, https:\/\/infolocale.20minutes.fr\/blog\/wp-content\/uploads\/2021\/11\/banniere-NLDASSO-carree1500x1500-150x150.jpg 150w, https:\/\/infolocale.20minutes.fr\/blog\/wp-content\/uploads\/2021\/11\/banniere-NLDASSO-carree1500x1500-768x768.jpg 768w, https:\/\/infolocale.20minutes.fr\/blog\/wp-content\/uploads\/2021\/11\/banniere-NLDASSO-carree1500x1500.jpg 1500w\" sizes=\"(max-width: 1024px) 100vw, 1024px\" \/><\/a><\/figure><\/div>\n\n\n<p><\/p>\n\n\n\n<h2 class=\"wp-block-heading\">Mettre en lumi\u00e8re les b\u00e9n\u00e9voles et adh\u00e9rents<\/h2>\n\n\n\n<p>Une association, ce sont d\u2019abord des personnes. Il y a des <a href=\"https:\/\/www.infolocale.fr\/blog\/cat\/gerer-ses-benevoles\/\">b\u00e9n\u00e9voles<\/a> qui donnent de leur temps, des <a href=\"https:\/\/www.infolocale.fr\/blog\/attirer-nouveaux-adherents-association\/\">adh\u00e9rents<\/a> fid\u00e8les, et des b\u00e9n\u00e9ficiaires engag\u00e9s. Parfois, ce sont aussi des salari\u00e9s ou des partenaires qui accompagnent vos projets. Toutes ces \u00e9nergies humaines m\u00e9ritent d\u2019\u00eatre mises en lumi\u00e8re, surtout \u00e0 l\u2019heure du bilan.<\/p>\n\n\n\n<p>C\u2019est le moment id\u00e9al pour raconter ce qui fait battre le c\u0153ur de votre structure au quotidien. Pourquoi ne pas dresser le portrait d\u2019un b\u00e9n\u00e9vole qui s\u2019implique depuis des ann\u00e9es ? Vous pouvez aussi d\u00e9voiler une anecdote de \u00ab\u00a0coulisses\u00a0\u00bb qui montre l\u2019ambiance de votre association. Ces r\u00e9cits, authentiques et humains, donnent du relief \u00e0 vos actions, et parlent souvent bien plus que des chiffres.<\/p>\n\n\n\n<h2 class=\"wp-block-heading\">Communiquez votre bilan sur Infolocale <\/h2>\n\n\n\n<p>Ne laissez pas dormir votre bilan dans un rapport Word ! Transformez-le en <strong>contenus de communication<\/strong> pour vos partenaires, la presse locale, vos adh\u00e9rent et le grand public.<\/p>\n\n\n\n<p>C\u2019est justement ce que permet <a href=\"http:\/\/infolocale.fr\">Infolocale<\/a>, un service gratuit d\u00e9di\u00e9 aux associations. Il vous aide \u00e0 diffuser vos \u00e9v\u00e9nements, actualit\u00e9s et contenus \u00e9ditoriaux sur son site et aupr\u00e8s de plus de 200 partenaires m\u00e9dias comme Ouest-France, 20 Minutes ou Actu.fr.<\/p>\n\n\n\n<p>Pour cl\u00f4turer votre ann\u00e9e associative, un <strong>format d\u2019interview sp\u00e9cial \u00ab\u00a0bilan de fin saison\u00a0\u00bb<\/strong> est disponible courant juin. C\u2019est une belle occasion de valoriser vos actions, de revenir sur les temps forts de l\u2019ann\u00e9e\u2026 et de faire rayonner votre association aupr\u00e8s d\u2019un large public.<\/p>\n\n\n<div class=\"wp-block-image\">\n<figure class=\"aligncenter size-full is-resized\"><img decoding=\"async\" width=\"535\" height=\"672\" src=\"https:\/\/www.infolocale.fr\/blog\/wp-content\/uploads\/2025\/05\/image-1.png\" alt=\"\" class=\"wp-image-27866\" style=\"width:398px;height:auto\" srcset=\"https:\/\/infolocale.20minutes.fr\/blog\/wp-content\/uploads\/2025\/05\/image-1.png 535w, https:\/\/infolocale.20minutes.fr\/blog\/wp-content\/uploads\/2025\/05\/image-1-239x300.png 239w\" sizes=\"(max-width: 535px) 100vw, 535px\" \/><figcaption class=\"wp-element-caption\">Publication interview de bilan de fin de saison sur Infolocale <\/figcaption><\/figure><\/div>\n\n\n<h2 class=\"wp-block-heading\">Pr\u00e9parer (d\u00e9j\u00e0) la rentr\u00e9e !<\/h2>\n\n\n\n<p>Profiter du bilan, c\u2019est aussi pr\u00e9parer l\u2019avenir. Une fois l\u2019ann\u00e9e \u00e9coul\u00e9e pass\u00e9e en revue, vous avez entre les mains une base solide pour imaginer la suite. Quels sont les objectifs que vous souhaitez poursuivre ou red\u00e9finir ? Avez-vous besoin de renforcer votre \u00e9quipe avec de nouveaux b\u00e9n\u00e9voles, ou d\u2019\u00e9largir votre r\u00e9seau de partenaires ? Certains projets m\u00e9ritent peut-\u00eatre d\u2019\u00eatre relanc\u00e9s, am\u00e9lior\u00e9s, ou adapt\u00e9s aux retours recueillis.<\/p>\n\n\n\n<p>C\u2019est le moment id\u00e9al pour poser les premi\u00e8res pierres de la rentr\u00e9e, et commencer \u00e0 en parler. Vous pouvez vous servir d&rsquo;<a href=\"http:\/\/infolocale.fr\">Infolocale<\/a> pour communiquer sur vos futurs \u00e9v\u00e9nements, vos ateliers ou faire vos appels \u00e0 b\u00e9n\u00e9voles, par exemple.<\/p>\n\n\n\n<h2 class=\"wp-block-heading\"><\/h2>\n","protected":false},"excerpt":{"rendered":"<p>Juin, c\u2019est la fin de saison pour beaucoup d\u2019associations. C\u2019est le bon moment pour faire le bilan de son ann\u00e9e associative : valoriser vos actions, [&hellip;]<\/p>\n","protected":false},"author":19,"featured_media":27868,"comment_status":"open","ping_status":"open","sticky":false,"template":"","format":"standard","meta":{"_coblocks_attr":"","_coblocks_dimensions":"","_coblocks_responsive_height":"","_coblocks_accordion_ie_support":"","_mo_disable_npp":"","footnotes":""},"categories":[69,71],"tags":[],"class_list":["post-27864","post","type-post","status-publish","format-standard","has-post-thumbnail","hentry","category-communication-des-associations","category-gerer-son-association"],"yoast_head":"<!-- This site is optimized with the Yoast SEO plugin v23.2 - https:\/\/yoast.com\/wordpress\/plugins\/seo\/ -->\n<title>Comment faire le bilan de son ann\u00e9e associative ? |<\/title>\n<meta name=\"description\" content=\"La fin de saison est le moment id\u00e9al pour faire le bilan de son ann\u00e9e associative. Voici les \u00e9l\u00e9ments \u00e0 mettre en lumi\u00e8re dans votre bilan.\" \/>\n<meta name=\"robots\" content=\"index, follow, max-snippet:-1, max-image-preview:large, max-video-preview:-1\" \/>\n<link rel=\"canonical\" href=\"https:\/\/infolocale.20minutes.fr\/blog\/comment-faire-le-bilan-de-son-annee-associative\/\" \/>\n<meta property=\"og:locale\" content=\"fr_FR\" \/>\n<meta property=\"og:type\" content=\"article\" \/>\n<meta property=\"og:title\" content=\"Comment faire le bilan de son ann\u00e9e associative ? |\" \/>\n<meta property=\"og:description\" content=\"La fin de saison est le moment id\u00e9al pour faire le bilan de son ann\u00e9e associative. Voici les \u00e9l\u00e9ments \u00e0 mettre en lumi\u00e8re dans votre bilan.\" \/>\n<meta property=\"og:url\" content=\"https:\/\/infolocale.20minutes.fr\/blog\/comment-faire-le-bilan-de-son-annee-associative\/\" \/>\n<meta property=\"article:publisher\" content=\"https:\/\/www.facebook.com\/infolocaleFR\/\" \/>\n<meta property=\"article:published_time\" content=\"2025-05-28T14:34:26+00:00\" \/>\n<meta property=\"article:modified_time\" content=\"2025-05-30T09:27:15+00:00\" \/>\n<meta property=\"og:image\" content=\"https:\/\/infolocale.20minutes.fr\/blog\/wp-content\/uploads\/2025\/05\/RE-24.png\" \/>\n\t<meta property=\"og:image:width\" content=\"900\" \/>\n\t<meta property=\"og:image:height\" content=\"630\" \/>\n\t<meta property=\"og:image:type\" content=\"image\/png\" \/>\n<meta name=\"author\" content=\"Thelma\" \/>\n<meta name=\"twitter:card\" content=\"summary_large_image\" \/>\n<meta name=\"twitter:creator\" content=\"@infolocale\" \/>\n<meta name=\"twitter:site\" content=\"@infolocale\" \/>\n<meta name=\"twitter:label1\" content=\"\u00c9crit par\" \/>\n\t<meta name=\"twitter:data1\" content=\"Thelma\" \/>\n\t<meta name=\"twitter:label2\" content=\"Dur\u00e9e de lecture estim\u00e9e\" \/>\n\t<meta name=\"twitter:data2\" content=\"5 minutes\" \/>\n<script type=\"application\/ld+json\" class=\"yoast-schema-graph\">{\"@context\":\"https:\/\/schema.org\",\"@graph\":[{\"@type\":\"Article\",\"@id\":\"https:\/\/infolocale.20minutes.fr\/blog\/comment-faire-le-bilan-de-son-annee-associative\/#article\",\"isPartOf\":{\"@id\":\"https:\/\/infolocale.20minutes.fr\/blog\/comment-faire-le-bilan-de-son-annee-associative\/\"},\"author\":{\"name\":\"Thelma\",\"@id\":\"https:\/\/www.infolocale.fr\/blog\/#\/schema\/person\/c5cc5fad565589d405681286186ea176\"},\"headline\":\"Comment faire le bilan de son ann\u00e9e associative ?\",\"datePublished\":\"2025-05-28T14:34:26+00:00\",\"dateModified\":\"2025-05-30T09:27:15+00:00\",\"mainEntityOfPage\":{\"@id\":\"https:\/\/infolocale.20minutes.fr\/blog\/comment-faire-le-bilan-de-son-annee-associative\/\"},\"wordCount\":983,\"commentCount\":0,\"publisher\":{\"@id\":\"https:\/\/www.infolocale.fr\/blog\/#organization\"},\"image\":{\"@id\":\"https:\/\/infolocale.20minutes.fr\/blog\/comment-faire-le-bilan-de-son-annee-associative\/#primaryimage\"},\"thumbnailUrl\":\"https:\/\/infolocale.20minutes.fr\/blog\/wp-content\/uploads\/2025\/05\/RE-24.png\",\"articleSection\":[\"Communication des associations\",\"G\u00e9rer son association\"],\"inLanguage\":\"fr-FR\",\"potentialAction\":[{\"@type\":\"CommentAction\",\"name\":\"Comment\",\"target\":[\"https:\/\/infolocale.20minutes.fr\/blog\/comment-faire-le-bilan-de-son-annee-associative\/#respond\"]}]},{\"@type\":\"WebPage\",\"@id\":\"https:\/\/infolocale.20minutes.fr\/blog\/comment-faire-le-bilan-de-son-annee-associative\/\",\"url\":\"https:\/\/infolocale.20minutes.fr\/blog\/comment-faire-le-bilan-de-son-annee-associative\/\",\"name\":\"Comment faire le bilan de son ann\u00e9e associative ? |\",\"isPartOf\":{\"@id\":\"https:\/\/www.infolocale.fr\/blog\/#website\"},\"primaryImageOfPage\":{\"@id\":\"https:\/\/infolocale.20minutes.fr\/blog\/comment-faire-le-bilan-de-son-annee-associative\/#primaryimage\"},\"image\":{\"@id\":\"https:\/\/infolocale.20minutes.fr\/blog\/comment-faire-le-bilan-de-son-annee-associative\/#primaryimage\"},\"thumbnailUrl\":\"https:\/\/infolocale.20minutes.fr\/blog\/wp-content\/uploads\/2025\/05\/RE-24.png\",\"datePublished\":\"2025-05-28T14:34:26+00:00\",\"dateModified\":\"2025-05-30T09:27:15+00:00\",\"description\":\"La fin de saison est le moment id\u00e9al pour faire le bilan de son ann\u00e9e associative. Voici les \u00e9l\u00e9ments \u00e0 mettre en lumi\u00e8re dans votre bilan.\",\"breadcrumb\":{\"@id\":\"https:\/\/infolocale.20minutes.fr\/blog\/comment-faire-le-bilan-de-son-annee-associative\/#breadcrumb\"},\"inLanguage\":\"fr-FR\",\"potentialAction\":[{\"@type\":\"ReadAction\",\"target\":[\"https:\/\/infolocale.20minutes.fr\/blog\/comment-faire-le-bilan-de-son-annee-associative\/\"]}]},{\"@type\":\"ImageObject\",\"inLanguage\":\"fr-FR\",\"@id\":\"https:\/\/infolocale.20minutes.fr\/blog\/comment-faire-le-bilan-de-son-annee-associative\/#primaryimage\",\"url\":\"https:\/\/infolocale.20minutes.fr\/blog\/wp-content\/uploads\/2025\/05\/RE-24.png\",\"contentUrl\":\"https:\/\/infolocale.20minutes.fr\/blog\/wp-content\/uploads\/2025\/05\/RE-24.png\",\"width\":900,\"height\":630,\"caption\":\"Faire le bilan de son ann\u00e9e associative\"},{\"@type\":\"BreadcrumbList\",\"@id\":\"https:\/\/infolocale.20minutes.fr\/blog\/comment-faire-le-bilan-de-son-annee-associative\/#breadcrumb\",\"itemListElement\":[{\"@type\":\"ListItem\",\"position\":1,\"name\":\"Blog\",\"item\":\"https:\/\/infolocale.ouest-france.fr\/blog\/\"},{\"@type\":\"ListItem\",\"position\":2,\"name\":\"Communication des associations\",\"item\":\"https:\/\/infolocale.ouest-france.fr\/blog\/cat\/communication-des-associations\/\"},{\"@type\":\"ListItem\",\"position\":3,\"name\":\"Comment faire le bilan de son ann\u00e9e associative ?\"}]},{\"@type\":\"WebSite\",\"@id\":\"https:\/\/www.infolocale.fr\/blog\/#website\",\"url\":\"https:\/\/www.infolocale.fr\/blog\/\",\"name\":\"\",\"description\":\"\",\"publisher\":{\"@id\":\"https:\/\/www.infolocale.fr\/blog\/#organization\"},\"potentialAction\":[{\"@type\":\"SearchAction\",\"target\":{\"@type\":\"EntryPoint\",\"urlTemplate\":\"https:\/\/www.infolocale.fr\/blog\/?s={search_term_string}\"},\"query-input\":\"required name=search_term_string\"}],\"inLanguage\":\"fr-FR\"},{\"@type\":\"Organization\",\"@id\":\"https:\/\/www.infolocale.fr\/blog\/#organization\",\"name\":\"Infolocale\",\"url\":\"https:\/\/www.infolocale.fr\/blog\/\",\"logo\":{\"@type\":\"ImageObject\",\"inLanguage\":\"fr-FR\",\"@id\":\"https:\/\/www.infolocale.fr\/blog\/#\/schema\/logo\/image\/\",\"url\":\"https:\/\/www.infolocale.fr\/blog\/wp-content\/uploads\/2020\/11\/logol.jpg\",\"contentUrl\":\"https:\/\/www.infolocale.fr\/blog\/wp-content\/uploads\/2020\/11\/logol.jpg\",\"width\":1031,\"height\":398,\"caption\":\"Infolocale\"},\"image\":{\"@id\":\"https:\/\/www.infolocale.fr\/blog\/#\/schema\/logo\/image\/\"},\"sameAs\":[\"https:\/\/www.facebook.com\/infolocaleFR\/\",\"https:\/\/x.com\/infolocale\",\"https:\/\/www.instagram.com\/infolocale\/\",\"https:\/\/fr.linkedin.com\/company\/infolocale\",\"https:\/\/www.youtube.com\/channel\/UCnv4FA8EYEuu_si3TGr7xeA\"]},{\"@type\":\"Person\",\"@id\":\"https:\/\/www.infolocale.fr\/blog\/#\/schema\/person\/c5cc5fad565589d405681286186ea176\",\"name\":\"Thelma\",\"image\":{\"@type\":\"ImageObject\",\"inLanguage\":\"fr-FR\",\"@id\":\"https:\/\/www.infolocale.fr\/blog\/#\/schema\/person\/image\/\",\"url\":\"https:\/\/secure.gravatar.com\/avatar\/49bf3755816c87e89e817e3b81797a7f?s=96&d=mm&r=g\",\"contentUrl\":\"https:\/\/secure.gravatar.com\/avatar\/49bf3755816c87e89e817e3b81797a7f?s=96&d=mm&r=g\",\"caption\":\"Thelma\"},\"url\":\"https:\/\/infolocale.20minutes.fr\/blog\/author\/thelma-rousseauouest-france-fr\/\"}]}<\/script>\n<!-- \/ Yoast SEO plugin. -->","yoast_head_json":{"title":"Comment faire le bilan de son ann\u00e9e associative ? |","description":"La fin de saison est le moment id\u00e9al pour faire le bilan de son ann\u00e9e associative. Voici les \u00e9l\u00e9ments \u00e0 mettre en lumi\u00e8re dans votre bilan.","robots":{"index":"index","follow":"follow","max-snippet":"max-snippet:-1","max-image-preview":"max-image-preview:large","max-video-preview":"max-video-preview:-1"},"canonical":"https:\/\/infolocale.20minutes.fr\/blog\/comment-faire-le-bilan-de-son-annee-associative\/","og_locale":"fr_FR","og_type":"article","og_title":"Comment faire le bilan de son ann\u00e9e associative ? |","og_description":"La fin de saison est le moment id\u00e9al pour faire le bilan de son ann\u00e9e associative. Voici les \u00e9l\u00e9ments \u00e0 mettre en lumi\u00e8re dans votre bilan.","og_url":"https:\/\/infolocale.20minutes.fr\/blog\/comment-faire-le-bilan-de-son-annee-associative\/","article_publisher":"https:\/\/www.facebook.com\/infolocaleFR\/","article_published_time":"2025-05-28T14:34:26+00:00","article_modified_time":"2025-05-30T09:27:15+00:00","og_image":[{"width":900,"height":630,"url":"https:\/\/infolocale.20minutes.fr\/blog\/wp-content\/uploads\/2025\/05\/RE-24.png","type":"image\/png"}],"author":"Thelma","twitter_card":"summary_large_image","twitter_creator":"@infolocale","twitter_site":"@infolocale","twitter_misc":{"\u00c9crit par":"Thelma","Dur\u00e9e de lecture estim\u00e9e":"5 minutes"},"schema":{"@context":"https:\/\/schema.org","@graph":[{"@type":"Article","@id":"https:\/\/infolocale.20minutes.fr\/blog\/comment-faire-le-bilan-de-son-annee-associative\/#article","isPartOf":{"@id":"https:\/\/infolocale.20minutes.fr\/blog\/comment-faire-le-bilan-de-son-annee-associative\/"},"author":{"name":"Thelma","@id":"https:\/\/www.infolocale.fr\/blog\/#\/schema\/person\/c5cc5fad565589d405681286186ea176"},"headline":"Comment faire le bilan de son ann\u00e9e associative ?","datePublished":"2025-05-28T14:34:26+00:00","dateModified":"2025-05-30T09:27:15+00:00","mainEntityOfPage":{"@id":"https:\/\/infolocale.20minutes.fr\/blog\/comment-faire-le-bilan-de-son-annee-associative\/"},"wordCount":983,"commentCount":0,"publisher":{"@id":"https:\/\/www.infolocale.fr\/blog\/#organization"},"image":{"@id":"https:\/\/infolocale.20minutes.fr\/blog\/comment-faire-le-bilan-de-son-annee-associative\/#primaryimage"},"thumbnailUrl":"https:\/\/infolocale.20minutes.fr\/blog\/wp-content\/uploads\/2025\/05\/RE-24.png","articleSection":["Communication des associations","G\u00e9rer son association"],"inLanguage":"fr-FR","potentialAction":[{"@type":"CommentAction","name":"Comment","target":["https:\/\/infolocale.20minutes.fr\/blog\/comment-faire-le-bilan-de-son-annee-associative\/#respond"]}]},{"@type":"WebPage","@id":"https:\/\/infolocale.20minutes.fr\/blog\/comment-faire-le-bilan-de-son-annee-associative\/","url":"https:\/\/infolocale.20minutes.fr\/blog\/comment-faire-le-bilan-de-son-annee-associative\/","name":"Comment faire le bilan de son ann\u00e9e associative ? |","isPartOf":{"@id":"https:\/\/www.infolocale.fr\/blog\/#website"},"primaryImageOfPage":{"@id":"https:\/\/infolocale.20minutes.fr\/blog\/comment-faire-le-bilan-de-son-annee-associative\/#primaryimage"},"image":{"@id":"https:\/\/infolocale.20minutes.fr\/blog\/comment-faire-le-bilan-de-son-annee-associative\/#primaryimage"},"thumbnailUrl":"https:\/\/infolocale.20minutes.fr\/blog\/wp-content\/uploads\/2025\/05\/RE-24.png","datePublished":"2025-05-28T14:34:26+00:00","dateModified":"2025-05-30T09:27:15+00:00","description":"La fin de saison est le moment id\u00e9al pour faire le bilan de son ann\u00e9e associative. Voici les \u00e9l\u00e9ments \u00e0 mettre en lumi\u00e8re dans votre bilan.","breadcrumb":{"@id":"https:\/\/infolocale.20minutes.fr\/blog\/comment-faire-le-bilan-de-son-annee-associative\/#breadcrumb"},"inLanguage":"fr-FR","potentialAction":[{"@type":"ReadAction","target":["https:\/\/infolocale.20minutes.fr\/blog\/comment-faire-le-bilan-de-son-annee-associative\/"]}]},{"@type":"ImageObject","inLanguage":"fr-FR","@id":"https:\/\/infolocale.20minutes.fr\/blog\/comment-faire-le-bilan-de-son-annee-associative\/#primaryimage","url":"https:\/\/infolocale.20minutes.fr\/blog\/wp-content\/uploads\/2025\/05\/RE-24.png","contentUrl":"https:\/\/infolocale.20minutes.fr\/blog\/wp-content\/uploads\/2025\/05\/RE-24.png","width":900,"height":630,"caption":"Faire le bilan de son ann\u00e9e associative"},{"@type":"BreadcrumbList","@id":"https:\/\/infolocale.20minutes.fr\/blog\/comment-faire-le-bilan-de-son-annee-associative\/#breadcrumb","itemListElement":[{"@type":"ListItem","position":1,"name":"Blog","item":"https:\/\/infolocale.ouest-france.fr\/blog\/"},{"@type":"ListItem","position":2,"name":"Communication des associations","item":"https:\/\/infolocale.ouest-france.fr\/blog\/cat\/communication-des-associations\/"},{"@type":"ListItem","position":3,"name":"Comment faire le bilan de son ann\u00e9e associative ?"}]},{"@type":"WebSite","@id":"https:\/\/www.infolocale.fr\/blog\/#website","url":"https:\/\/www.infolocale.fr\/blog\/","name":"","description":"","publisher":{"@id":"https:\/\/www.infolocale.fr\/blog\/#organization"},"potentialAction":[{"@type":"SearchAction","target":{"@type":"EntryPoint","urlTemplate":"https:\/\/www.infolocale.fr\/blog\/?s={search_term_string}"},"query-input":"required name=search_term_string"}],"inLanguage":"fr-FR"},{"@type":"Organization","@id":"https:\/\/www.infolocale.fr\/blog\/#organization","name":"Infolocale","url":"https:\/\/www.infolocale.fr\/blog\/","logo":{"@type":"ImageObject","inLanguage":"fr-FR","@id":"https:\/\/www.infolocale.fr\/blog\/#\/schema\/logo\/image\/","url":"https:\/\/www.infolocale.fr\/blog\/wp-content\/uploads\/2020\/11\/logol.jpg","contentUrl":"https:\/\/www.infolocale.fr\/blog\/wp-content\/uploads\/2020\/11\/logol.jpg","width":1031,"height":398,"caption":"Infolocale"},"image":{"@id":"https:\/\/www.infolocale.fr\/blog\/#\/schema\/logo\/image\/"},"sameAs":["https:\/\/www.facebook.com\/infolocaleFR\/","https:\/\/x.com\/infolocale","https:\/\/www.instagram.com\/infolocale\/","https:\/\/fr.linkedin.com\/company\/infolocale","https:\/\/www.youtube.com\/channel\/UCnv4FA8EYEuu_si3TGr7xeA"]},{"@type":"Person","@id":"https:\/\/www.infolocale.fr\/blog\/#\/schema\/person\/c5cc5fad565589d405681286186ea176","name":"Thelma","image":{"@type":"ImageObject","inLanguage":"fr-FR","@id":"https:\/\/www.infolocale.fr\/blog\/#\/schema\/person\/image\/","url":"https:\/\/secure.gravatar.com\/avatar\/49bf3755816c87e89e817e3b81797a7f?s=96&d=mm&r=g","contentUrl":"https:\/\/secure.gravatar.com\/avatar\/49bf3755816c87e89e817e3b81797a7f?s=96&d=mm&r=g","caption":"Thelma"},"url":"https:\/\/infolocale.20minutes.fr\/blog\/author\/thelma-rousseauouest-france-fr\/"}]}},"_links":{"self":[{"href":"https:\/\/infolocale.20minutes.fr\/blog\/wp-json\/wp\/v2\/posts\/27864"}],"collection":[{"href":"https:\/\/infolocale.20minutes.fr\/blog\/wp-json\/wp\/v2\/posts"}],"about":[{"href":"https:\/\/infolocale.20minutes.fr\/blog\/wp-json\/wp\/v2\/types\/post"}],"author":[{"embeddable":true,"href":"https:\/\/infolocale.20minutes.fr\/blog\/wp-json\/wp\/v2\/users\/19"}],"replies":[{"embeddable":true,"href":"https:\/\/infolocale.20minutes.fr\/blog\/wp-json\/wp\/v2\/comments?post=27864"}],"version-history":[{"count":0,"href":"https:\/\/infolocale.20minutes.fr\/blog\/wp-json\/wp\/v2\/posts\/27864\/revisions"}],"wp:featuredmedia":[{"embeddable":true,"href":"https:\/\/infolocale.20minutes.fr\/blog\/wp-json\/wp\/v2\/media\/27868"}],"wp:attachment":[{"href":"https:\/\/infolocale.20minutes.fr\/blog\/wp-json\/wp\/v2\/media?parent=27864"}],"wp:term":[{"taxonomy":"category","embeddable":true,"href":"https:\/\/infolocale.20minutes.fr\/blog\/wp-json\/wp\/v2\/categories?post=27864"},{"taxonomy":"post_tag","embeddable":true,"href":"https:\/\/infolocale.20minutes.fr\/blog\/wp-json\/wp\/v2\/tags?post=27864"}],"curies":[{"name":"wp","href":"https:\/\/api.w.org\/{rel}","templated":true}]}}