{"id":27585,"date":"2025-02-27T17:30:42","date_gmt":"2025-02-27T16:30:42","guid":{"rendered":"https:\/\/www.infolocale.fr\/blog\/?p=27585"},"modified":"2025-02-27T17:32:55","modified_gmt":"2025-02-27T16:32:55","slug":"quel-modele-de-gouvernance-pour-mon-association","status":"publish","type":"post","link":"https:\/\/infolocale.20minutes.fr\/blog\/quel-modele-de-gouvernance-pour-mon-association\/","title":{"rendered":"Quel mod\u00e8le de gouvernance pour mon association ?"},"content":{"rendered":"\n<p class=\"has-pale-cyan-blue-background-color has-background\"><strong>Le mod\u00e8le de gouvernance pour une association<\/strong> est un enjeu majeur. De nombreuses associations ont de plus en plus de mal \u00e0 trouver des successeurs \u00e0 la pr\u00e9sidence. Cela s&rsquo;explique par diff\u00e9rents facteurs : <br>&#8211; Un mod\u00e8le d\u2019organisation qui n\u2019attire plus<br>&#8211; De nouvelles attentes chez les b\u00e9n\u00e9voles<br>&#8211; Un manque de repreneurs chez les retrait\u00e9s<br>Il est donc n\u00e9cessaire de revoir son mod\u00e8le associatif pour permettre une gouvernance plus fluide et durable. Pour cela, diff\u00e9rents modes de fonctionnement sont possibles :<br>&#8211; <strong>La gouvernance coll\u00e9giale<\/strong> : un mod\u00e8le participatif o\u00f9 tous les membres sont impliqu\u00e9s dans la prise de d\u00e9cision. <br>&#8211; <strong>La co-pr\u00e9sidence<\/strong> : un mod\u00e8le o\u00f9 la responsabilit\u00e9 est r\u00e9partie entre plusieurs personnes. <br>&#8211; <strong>L&rsquo;\u00e9lection sans candidat<\/strong> : un mod\u00e8le participatif o\u00f9 les membres proposent anonymement des candidats selon leurs qualit\u00e9s, r\u00e9v\u00e8lent les talents et encouragent l\u2019engagement, puis accompagnent les \u00e9lus dans leur prise de fonction.<\/p>\n\n\n\n<div class=\"wp-block-buttons is-horizontal is-content-justification-center is-layout-flex wp-container-core-buttons-is-layout-1 wp-block-buttons-is-layout-flex\">\n<div class=\"wp-block-button\"><a class=\"wp-block-button__link has-white-color has-luminous-vivid-amber-background-color has-text-color has-background wp-element-button\"><strong>&gt;&gt;Inscrire mon asso \u00e0 Infolocale <\/strong><\/a><\/div>\n<\/div>\n\n\n\n<p><strong>Quel mod\u00e8le de gouvernance pour mon association<\/strong> ? Cette question est au c\u0153ur des pr\u00e9occupations des responsables associatifs, notamment lorsqu\u2019il s\u2019agit d\u2019assurer la p\u00e9rennit\u00e9 de leur structure. En effet, la question des dirigeants repr\u00e9sente un enjeu majeur : de nombreuses associations redoutent de ne pas trouver de successeur \u00e0 la pr\u00e9sidence, certaines \u00e9tant m\u00eame menac\u00e9es de disparition faute de rel\u00e8ve.<\/p>\n\n\n\n<p>Mais pourquoi certaines associations se retrouvent-elles dans cette impasse ? Pourquoi leur projet et leur avenir sont-ils compromis par l&rsquo;absence de candidats \u00e0 la gouvernance ?<\/p>\n\n\n\n<p>Ces interrogations soul\u00e8vent des probl\u00e9matiques r\u00e9currentes : comment recruter de nouveaux dirigeants ? Que faire lorsque plus personne ne souhaite assumer des responsabilit\u00e9s ? <strong>Quel mod\u00e8le de gouvernance<\/strong> permettrait d\u2019assurer une transition fluide et durable ?<\/p>\n\n\n\n<p>Nous vous r\u00e9pondons dans cet article r\u00e9dig\u00e9 suite \u00e0 notre webinaire&nbsp;:&nbsp;\u00ab\u00a0<a href=\"https:\/\/youtu.be\/lV1AELj_zGE\">Les enjeux de gouvernance de votre asso<\/a>\u00a0\u00bb &nbsp;organis\u00e9 par&nbsp;<a href=\"https:\/\/www.infolocale.fr\/\">Infolocale<\/a>&nbsp;et pr\u00e9sent\u00e9 par Am\u00e9lie Arcile de&nbsp;<a href=\"https:\/\/www.benevolt.fr\/\" target=\"_blank\" rel=\"noreferrer noopener\">Benevolt<\/a>.<\/p>\n\n\n\n<p>Il abordera, dans un premier temps, la notion de crise de renouvellement en association. Puis, dans un second temps, les diff\u00e9rents <strong>mod\u00e8les de gouvernance<\/strong> en association pour faire face \u00e0 cette crise. <\/p>\n\n\n\n<h2 class=\"wp-block-heading\">Comprendre la crise du renouvellement<\/h2>\n\n\n\n<h3 class=\"wp-block-heading\">Pourquoi parle-t-on de crise ?<\/h3>\n\n\n\n<p>Tout d\u2019abord, d\u00e9finissons ce qu\u2019est la <strong>crise du renouvellement<\/strong>. Elle d\u00e9signe une p\u00e9riode critique o\u00f9 une association rencontre des difficult\u00e9s \u00e0 assurer la rel\u00e8ve au sein de ses membres et en particulier au sein de son \u00e9quipe dirigeante.<\/p>\n\n\n\n<p>Dans ce contexte, le terme \u201ccrise\u201d est employ\u00e9, car cette situation peut mettre en p\u00e9ril le fonctionnement de l\u2019association, voire sa p\u00e9rennit\u00e9 dans certains cas. La notion de crise souligne \u00e9galement l\u2019aspect urgent de la situation et la n\u00e9cessit\u00e9 d\u2019agir rapidement pour l\u2019association.<\/p>\n\n\n\n<p>Plusieurs cons\u00e9quences peuvent d\u00e9couler de cette crise : menace d\u2019extinction, d\u00e9s\u00e9quilibre organisationnel, rupture d\u2019\u00e9volution, etc.<\/p>\n\n\n\n<h3 class=\"wp-block-heading\"><strong>Pourquoi les associations peinent-elles \u00e0 se renouveler ?<\/strong><\/h3>\n\n\n\n<p>Comprendre les raisons de cette crise est essentiel pour mieux l\u2019affronter et trouver des solutions adapt\u00e9es. Plusieurs facteurs expliquent pourquoi le <strong><a href=\"https:\/\/infolocale.ouest-france.fr\/blog\/renouvellement-bureau-association\/\">renouvellement des b\u00e9n\u00e9voles et des dirigeants <\/a><\/strong>devient un d\u00e9fi majeur pour les associations.<\/p>\n\n\n\n<p><strong>1. Un mod\u00e8le d\u2019organisation qui n\u2019attire plus<\/strong><\/p>\n\n\n\n<p>Beaucoup d\u2019associations fonctionnent encore sur un mod\u00e8le hi\u00e9rarchique inspir\u00e9 du monde de l\u2019entreprise d\u2019autrefois : un <a href=\"https:\/\/www.infolocale.fr\/blog\/president-association-role-responsabilites\/\">pr\u00e9sident<\/a>, un vice-pr\u00e9sident, un <a href=\"https:\/\/www.infolocale.fr\/blog\/tresorier-association-role-responsabilites\/\">tr\u00e9sorier<\/a>, un <a href=\"http:\/\/nfolocale.fr\/blog\/secretaire-dassociation-role-et-responsabilites\/\">secr\u00e9taire<\/a>\u2026 Ces structures rigides, dict\u00e9es par des <a href=\"https:\/\/www.infolocale.fr\/blog\/rediger-statuts-dune-association\/\">statuts<\/a> rarement remis en question, ne correspondent plus aux attentes des nouvelles g\u00e9n\u00e9rations. R\u00e9sultat : peu d\u2019espace pour l\u2019innovation et des difficult\u00e9s \u00e0 s\u2019adapter aux \u00e9volutions de la soci\u00e9t\u00e9.<\/p>\n\n\n\n<p><strong>2. De nouvelles attentes chez les b\u00e9n\u00e9voles<\/strong><\/p>\n\n\n\n<p>Aujourd\u2019hui, l\u2019\u00e9quilibre entre vie professionnelle et personnelle est une priorit\u00e9. Les jeunes g\u00e9n\u00e9rations recherchent du sens dans leurs engagements et veulent participer \u00e0 des projets qui leur parlent vraiment. Une association qui fonctionne \u00ab comme elle l\u2019a toujours fait \u00bb, sans repenser son r\u00f4le et sa mission, a donc plus de mal \u00e0 <a href=\"https:\/\/www.infolocale.fr\/blog\/fideliser-benevoles\/\">attirer et \u00e0 fid\u00e9liser des b\u00e9n\u00e9voles<\/a>.<\/p>\n\n\n\n<p><strong>3. Un manque de repreneurs chez les retrait\u00e9s<\/strong><\/p>\n\n\n\n<p>Autrefois, les jeunes retrait\u00e9s \u00e9taient un noyau essentiel pour assurer la continuit\u00e9 des associations. Aujourd\u2019hui, ils privil\u00e9gient des engagements ponctuels plut\u00f4t que des responsabilit\u00e9s lourdes et chronophages. Pendant ce temps, les dirigeants en place, apr\u00e8s 15 \u00e0 20 ans d\u2019investissement, souhaitent passer le relais\u2026 mais ne trouvent pas de successeurs pr\u00eats \u00e0 reprendre une organisation fig\u00e9e.<\/p>\n\n\n<div class=\"wp-block-image is-resized\">\n<figure class=\"aligncenter size-large has-lightbox\"><a href=\"https:\/\/www.infolocale.fr\/decouvrir\/deposant\/?utm_source=blog&amp;utm_medium=banner&amp;utm_campaign=blog-content\"><img fetchpriority=\"high\" decoding=\"async\" width=\"1024\" height=\"1024\" src=\"https:\/\/www.infolocale.fr\/blog\/wp-content\/uploads\/2021\/11\/banniere-NLDASSO-carree1500x1500-1024x1024.jpg\" alt=\"\" class=\"wp-image-23946\" srcset=\"https:\/\/infolocale.20minutes.fr\/blog\/wp-content\/uploads\/2021\/11\/banniere-NLDASSO-carree1500x1500-1024x1024.jpg 1024w, https:\/\/infolocale.20minutes.fr\/blog\/wp-content\/uploads\/2021\/11\/banniere-NLDASSO-carree1500x1500-300x300.jpg 300w, https:\/\/infolocale.20minutes.fr\/blog\/wp-content\/uploads\/2021\/11\/banniere-NLDASSO-carree1500x1500-150x150.jpg 150w, https:\/\/infolocale.20minutes.fr\/blog\/wp-content\/uploads\/2021\/11\/banniere-NLDASSO-carree1500x1500-768x768.jpg 768w, https:\/\/infolocale.20minutes.fr\/blog\/wp-content\/uploads\/2021\/11\/banniere-NLDASSO-carree1500x1500.jpg 1500w\" sizes=\"(max-width: 1024px) 100vw, 1024px\" \/><\/a><\/figure><\/div>\n\n\n<h2 class=\"wp-block-heading\"><strong>Passer le relais en association : un d\u00e9fi \u00e0 relever<\/strong><\/h2>\n\n\n\n<p>\u00catre pr\u00e9sident, c\u2019est souvent plus qu\u2019un simple engagement : c\u2019est une mission qui structure le quotidien et donne du sens, notamment apr\u00e8s la retraite. Mais quand vient le moment de transmettre le flambeau, il peut \u00eatre difficile de l\u00e2cher prise, par crainte de perdre son r\u00f4le ou de voir l\u2019association \u00e9voluer autrement.<\/p>\n\n\n\n<p>Alors, comment faciliter cette transition ?<\/p>\n\n\n\n<ul class=\"wp-block-list\">\n<li><strong>Le tutorat<\/strong> : accompagner le nouveau pr\u00e9sident pendant un an pour lui transmettre savoirs et r\u00e9seau.<\/li>\n\n\n\n<li><strong>Un statut honorifique<\/strong> : cr\u00e9er un poste de \u00ab\u00a0pr\u00e9sident d\u2019honneur\u00a0\u00bb pour garder un lien sans implication dans la gestion quotidienne.<\/li>\n<\/ul>\n\n\n\n<h3 class=\"wp-block-heading\"><strong>Rendre le r\u00f4le de pr\u00e9sident plus accessible<\/strong><\/h3>\n\n\n\n<p>Dans de nombreuses associations, le pr\u00e9sident cumule trop de missions (gestion administrative, communication, logistique, relations avec les partenaires, etc.), rendant le poste difficile \u00e0 assumer. Pour all\u00e9ger cette charge et le rendre plus attractif, il est essentiel de <strong>d\u00e9l\u00e9guer certaines t\u00e2ches<\/strong>. Par exemple, un b\u00e9n\u00e9vole peut s\u2019occuper de la bo\u00eete aux lettres, un autre des relations avec la mairie, un autre encore de la communication. Cette r\u00e9partition permet un engagement plus souple et partag\u00e9.<\/p>\n\n\n\n<p>Par ailleurs, la <a href=\"https:\/\/www.infolocale.fr\/blog\/responsabilite-penale-civile-association\/\">responsabilit\u00e9 juridique et morale du pr\u00e9sident<\/a> fait souvent peur. Pourtant, elle est g\u00e9n\u00e9ralement moins contraignante qu\u2019on ne l\u2019imagine, surtout en l\u2019absence de salari\u00e9s. Des assurances et des formations existent pour accompagner et s\u00e9curiser cette prise de fonction.<\/p>\n\n\n\n<h2 class=\"wp-block-heading\">Vers un nouveau mod\u00e8le de gouvernance associative<\/h2>\n\n\n\n<p>Pour survivre et se d\u00e9velopper, les associations doivent repenser leur mode de fonctionnement et leur communication. <a href=\"https:\/\/www.infolocale.fr\/blog\/comment-trouver-des-benevoles-pour-mon-association\/\">Attirer de nouveaux b\u00e9n\u00e9voles<\/a> ne passe plus seulement par un titre prestigieux, mais par une vraie r\u00e9flexion sur l\u2019exp\u00e9rience et la valeur que peut apporter un engagement. Donner du sens, cr\u00e9er du lien et proposer des responsabilit\u00e9s plus flexibles sont des pistes essentielles pour assurer leur p\u00e9rennit\u00e9.<\/p>\n\n\n\n<h3 class=\"wp-block-heading\">Des alternatives pour une gouvernance plus fluide<\/h3>\n\n\n\n<p>Pour \u00e9viter de surcharger les pr\u00e9sidents et faciliter l\u2019engagement, des nouveaux <strong>mod\u00e8les de gouvernance <\/strong>\u00e9mergent au sein des associations.<\/p>\n\n\n\n<ol class=\"wp-block-list\">\n<li><strong>La gouvernance coll\u00e9giale : un mod\u00e8le plus inclusif et participatif<\/strong><\/li>\n<\/ol>\n\n\n\n<ol class=\"wp-block-list\"><\/ol>\n\n\n\n<p>Contrairement au mod\u00e8le pyramidal o\u00f9 un pr\u00e9sident et un bureau centralisent les d\u00e9cisions, ce mode de fonctionnement repose sur une prise de d\u00e9cision collective et une r\u00e9partition plus \u00e9quilibr\u00e9e des responsabilit\u00e9s. Les d\u00e9cisions sont prises sur la base du consentement plut\u00f4t que du vote majoritaire. Cela signifie que personne ne doit avoir d\u2019objections majeures m\u00eame si tout le monde n\u2019est pas forc\u00e9ment totalement d\u2019accord.<\/p>\n\n\n\n<p>Plut\u00f4t qu\u2019un pr\u00e9sident qui centralise tout, chaque membre ou groupe de membre prend en charge un domaine pr\u00e9cis : la <a href=\"https:\/\/www.infolocale.fr\/blog\/plan-communication-association\/\">communication<\/a>, la finance, les \u00e9v\u00e9nements, les partenariats, etc. Ainsi, chaque groupe a une autonomie de d\u00e9cision ce qui acc\u00e9l\u00e8re la mise en \u0153uvre des projets et responsabilise les b\u00e9n\u00e9voles.<\/p>\n\n\n\n<p>Ce mod\u00e8le all\u00e8ge la charge de travail des dirigeants en r\u00e9partissant la gestion entre plusieurs personnes, plut\u00f4t que de la confier \u00e0 un seul individu. De plus, il stimule l&rsquo;engagement, puisqu&rsquo;un plus grand nombre de personnes participent au processus d\u00e9cisionnel. Le mod\u00e8le coll\u00e9gial rend \u00e9galement l\u2019association plus agile, gr\u00e2ce \u00e0 des d\u00e9cisions rapides et mieux adapt\u00e9es aux besoins r\u00e9els. Enfin, cette approche r\u00e9pond davantage aux attentes des nouvelles g\u00e9n\u00e9rations, qui privil\u00e9gient des formes d&rsquo;engagement plus collaboratives et flexibles.<\/p>\n\n\n\n<p>2. <strong>La co-pr\u00e9sidence : un partage des responsabilit\u00e9s pour un engagement durable<\/strong><\/p>\n\n\n\n<ol class=\"wp-block-list\"><\/ol>\n\n\n\n<p>La co-pr\u00e9sidence repose sur la r\u00e9partition de la responsabilit\u00e9 entre plusieurs personnes. Au lieu d\u2019un seul pr\u00e9sident, plusieurs assurent la fonction. Chacun peut avoir des missions sp\u00e9cifiques ou fonctionner en totale coop\u00e9ration. Cette organisation permet de prendre les d\u00e9cisions importantes \u00e0 plusieurs afin d\u2019\u00e9viter l\u2019isolement et le stress d\u2019un dirigeant unique.<\/p>\n\n\n\n<p>Cela conf\u00e8re plusieurs avantages. D\u2019une part, la charge de travail est all\u00e9g\u00e9e puisque les missions sont r\u00e9parties entre plusieurs personnes. D\u2019autre part, cela assure une meilleure continuit\u00e9, en cas d\u2019absence ou de d\u00e9part d\u2019un co-pr\u00e9sident, l\u2019association ne se retrouve pas en difficult\u00e9 car les autres peuvent prendre le relais.<\/p>\n\n\n\n<p>3. <strong>L\u2019\u00e9lection sans candidat : une approche bienveillante pour renouveler les \u00e9quipes<\/strong><\/p>\n\n\n\n<ol class=\"wp-block-list\"><\/ol>\n\n\n\n<p>L\u2019un des d\u00e9fis majeurs des associations est de trouver des b\u00e9n\u00e9voles pr\u00eats \u00e0 prendre des responsabilit\u00e9s. Plut\u00f4t que de chercher un candidat volontaire et de risquer un refus, l\u2019\u00e9lection sans candidat propose une m\u00e9thode plus participative et valorisante. Elle permet de r\u00e9v\u00e9ler des talents et d\u2019encourager l\u2019engagement en douceur, sans pression.<\/p>\n\n\n\n<p>Pour mettre en place l\u2019\u00e9lection sans candidat, les membres de l\u2019association r\u00e9fl\u00e9chissent aux qualit\u00e9s requises pour un poste et proposent anonymement des noms de personnes qu\u2019ils jugent adapt\u00e9es. La personne la plus nomm\u00e9e est ensuite invit\u00e9e \u00e0 en discuter. Si elle exprime des doutes, l\u2019\u00e9quipe l\u2019accompagne en valorisant ses comp\u00e9tences, en proposant une formation ou un bin\u00f4me pour faciliter la prise de fonction.<\/p>\n\n\n\n<h3 class=\"wp-block-heading\">Miser sur la communication pour attirer de nouveaux b\u00e9n\u00e9voles<\/h3>\n\n\n\n<p>Pour surmonter la crise du renouvellement, une communication efficace est essentielle. De ce fait, n\u2019h\u00e9sitez pas \u00e0 partager r\u00e9guli\u00e8rement des t\u00e9moignages de b\u00e9n\u00e9voles engag\u00e9s et des contenus sur votre quotidien associatif. Simplifiez l\u2019engagement en proposant des missions claires et accessibles, adapt\u00e9es aux disponibilit\u00e9s de chacun. Enfin, pensez \u00e0 valoriser l\u2019impact de chaque action : montrer concr\u00e8tement comment un b\u00e9n\u00e9vole contribue au projet renforce l\u2019envie de s\u2019impliquer.<\/p>\n\n\n\n<p>Si vous souhaitez partager facilement du contenu aupr\u00e8s d\u2019un public local, vous pouvez utiliser Infolocale.<\/p>\n\n\n\n<p><a href=\"https:\/\/www.infolocale.fr\/decouvrir\/\"><strong>Infolocale<\/strong><\/a>&nbsp;est une solution gratuite de communication pour les associations. Elle permet de cr\u00e9er en quelques clics du contenu et d\u2019\u00eatre diffus\u00e9 dans les m\u00e9dias du groupe Sipa Ouest-France (<a href=\"http:\/\/ouest-france.fr\/\"><strong>ouest-france.fr<\/strong><\/a>,&nbsp;<a href=\"http:\/\/actu.fr\/\"><strong>actu.fr<\/strong><\/a>, 20 minutes\u2026). Vous pouvez communiquer d\u00e8s maintenant sur votre association dans les m\u00e9dis locaux en vous inscrivant gratuitement sur <a href=\"http:\/\/infolocale.fr\"><strong>Infolocale<\/strong><\/a>.<\/p>\n","protected":false},"excerpt":{"rendered":"<p>Le mod\u00e8le de gouvernance pour une association est un enjeu majeur. De nombreuses associations ont de plus en plus de mal \u00e0 trouver des successeurs [&hellip;]<\/p>\n","protected":false},"author":19,"featured_media":27593,"comment_status":"open","ping_status":"open","sticky":false,"template":"","format":"standard","meta":{"_coblocks_attr":"","_coblocks_dimensions":"","_coblocks_responsive_height":"","_coblocks_accordion_ie_support":"","_mo_disable_npp":"","footnotes":""},"categories":[74,71,72],"tags":[],"class_list":["post-27585","post","type-post","status-publish","format-standard","has-post-thumbnail","hentry","category-creer-et-administrer-une-association-1901","category-gerer-son-association","category-gerer-ses-benevoles"],"yoast_head":"<!-- This site is optimized with the Yoast SEO plugin v23.2 - https:\/\/yoast.com\/wordpress\/plugins\/seo\/ -->\n<title>Quel mod\u00e8le de gouvernance pour mon association ? |<\/title>\n<meta name=\"description\" content=\"D\u00e9couvrez quel mod\u00e8le de gouvernance mettre en place dans votre association pour faire face \u00e0 la crise de renouvellement.\" \/>\n<meta name=\"robots\" content=\"index, follow, max-snippet:-1, max-image-preview:large, max-video-preview:-1\" \/>\n<link rel=\"canonical\" href=\"https:\/\/www.infolocale.fr\/blog\/quel-modele-de-gouvernance-pour-mon-association\/\" \/>\n<meta property=\"og:locale\" content=\"fr_FR\" \/>\n<meta property=\"og:type\" content=\"article\" \/>\n<meta property=\"og:title\" content=\"Quel mod\u00e8le de gouvernance pour mon association ? |\" \/>\n<meta property=\"og:description\" content=\"D\u00e9couvrez quel mod\u00e8le de gouvernance mettre en place dans votre association pour faire face \u00e0 la crise de renouvellement.\" \/>\n<meta property=\"og:url\" content=\"https:\/\/www.infolocale.fr\/blog\/quel-modele-de-gouvernance-pour-mon-association\/\" \/>\n<meta property=\"article:publisher\" content=\"https:\/\/www.facebook.com\/infolocaleFR\/\" \/>\n<meta property=\"article:published_time\" content=\"2025-02-27T16:30:42+00:00\" \/>\n<meta property=\"article:modified_time\" content=\"2025-02-27T16:32:55+00:00\" \/>\n<meta property=\"og:image\" content=\"https:\/\/www.infolocale.fr\/blog\/wp-content\/uploads\/2025\/02\/gouvernance-asso.jpg\" \/>\n\t<meta property=\"og:image:width\" content=\"1365\" \/>\n\t<meta property=\"og:image:height\" content=\"768\" \/>\n\t<meta property=\"og:image:type\" content=\"image\/jpeg\" \/>\n<meta name=\"author\" content=\"Thelma\" \/>\n<meta name=\"twitter:card\" content=\"summary_large_image\" \/>\n<meta name=\"twitter:creator\" content=\"@infolocale\" \/>\n<meta name=\"twitter:site\" content=\"@infolocale\" \/>\n<meta name=\"twitter:label1\" content=\"\u00c9crit par\" \/>\n\t<meta name=\"twitter:data1\" content=\"Thelma\" \/>\n\t<meta name=\"twitter:label2\" content=\"Dur\u00e9e de lecture estim\u00e9e\" \/>\n\t<meta name=\"twitter:data2\" content=\"9 minutes\" \/>\n<script type=\"application\/ld+json\" class=\"yoast-schema-graph\">{\"@context\":\"https:\/\/schema.org\",\"@graph\":[{\"@type\":\"Article\",\"@id\":\"https:\/\/www.infolocale.fr\/blog\/quel-modele-de-gouvernance-pour-mon-association\/#article\",\"isPartOf\":{\"@id\":\"https:\/\/www.infolocale.fr\/blog\/quel-modele-de-gouvernance-pour-mon-association\/\"},\"author\":{\"name\":\"Thelma\",\"@id\":\"https:\/\/www.infolocale.fr\/blog\/#\/schema\/person\/c5cc5fad565589d405681286186ea176\"},\"headline\":\"Quel mod\u00e8le de gouvernance pour mon association ?\",\"datePublished\":\"2025-02-27T16:30:42+00:00\",\"dateModified\":\"2025-02-27T16:32:55+00:00\",\"mainEntityOfPage\":{\"@id\":\"https:\/\/www.infolocale.fr\/blog\/quel-modele-de-gouvernance-pour-mon-association\/\"},\"wordCount\":1809,\"commentCount\":2,\"publisher\":{\"@id\":\"https:\/\/www.infolocale.fr\/blog\/#organization\"},\"image\":{\"@id\":\"https:\/\/www.infolocale.fr\/blog\/quel-modele-de-gouvernance-pour-mon-association\/#primaryimage\"},\"thumbnailUrl\":\"https:\/\/infolocale.20minutes.fr\/blog\/wp-content\/uploads\/2025\/02\/gouvernance-asso.jpg\",\"articleSection\":[\"Cr\u00e9er et g\u00e9rer une association\",\"G\u00e9rer son association\",\"Recruter &amp; encadrer ses b\u00e9n\u00e9voles\"],\"inLanguage\":\"fr-FR\",\"potentialAction\":[{\"@type\":\"CommentAction\",\"name\":\"Comment\",\"target\":[\"https:\/\/www.infolocale.fr\/blog\/quel-modele-de-gouvernance-pour-mon-association\/#respond\"]}]},{\"@type\":\"WebPage\",\"@id\":\"https:\/\/www.infolocale.fr\/blog\/quel-modele-de-gouvernance-pour-mon-association\/\",\"url\":\"https:\/\/www.infolocale.fr\/blog\/quel-modele-de-gouvernance-pour-mon-association\/\",\"name\":\"Quel mod\u00e8le de gouvernance pour mon association ? |\",\"isPartOf\":{\"@id\":\"https:\/\/www.infolocale.fr\/blog\/#website\"},\"primaryImageOfPage\":{\"@id\":\"https:\/\/www.infolocale.fr\/blog\/quel-modele-de-gouvernance-pour-mon-association\/#primaryimage\"},\"image\":{\"@id\":\"https:\/\/www.infolocale.fr\/blog\/quel-modele-de-gouvernance-pour-mon-association\/#primaryimage\"},\"thumbnailUrl\":\"https:\/\/infolocale.20minutes.fr\/blog\/wp-content\/uploads\/2025\/02\/gouvernance-asso.jpg\",\"datePublished\":\"2025-02-27T16:30:42+00:00\",\"dateModified\":\"2025-02-27T16:32:55+00:00\",\"description\":\"D\u00e9couvrez quel mod\u00e8le de gouvernance mettre en place dans votre association pour faire face \u00e0 la crise de renouvellement.\",\"breadcrumb\":{\"@id\":\"https:\/\/www.infolocale.fr\/blog\/quel-modele-de-gouvernance-pour-mon-association\/#breadcrumb\"},\"inLanguage\":\"fr-FR\",\"potentialAction\":[{\"@type\":\"ReadAction\",\"target\":[\"https:\/\/www.infolocale.fr\/blog\/quel-modele-de-gouvernance-pour-mon-association\/\"]}]},{\"@type\":\"ImageObject\",\"inLanguage\":\"fr-FR\",\"@id\":\"https:\/\/www.infolocale.fr\/blog\/quel-modele-de-gouvernance-pour-mon-association\/#primaryimage\",\"url\":\"https:\/\/infolocale.20minutes.fr\/blog\/wp-content\/uploads\/2025\/02\/gouvernance-asso.jpg\",\"contentUrl\":\"https:\/\/infolocale.20minutes.fr\/blog\/wp-content\/uploads\/2025\/02\/gouvernance-asso.jpg\",\"width\":1365,\"height\":768,\"caption\":\"Quel mod\u00e8le de gouvernance pour mon association ?\"},{\"@type\":\"BreadcrumbList\",\"@id\":\"https:\/\/www.infolocale.fr\/blog\/quel-modele-de-gouvernance-pour-mon-association\/#breadcrumb\",\"itemListElement\":[{\"@type\":\"ListItem\",\"position\":1,\"name\":\"Blog\",\"item\":\"https:\/\/infolocale.ouest-france.fr\/blog\/\"},{\"@type\":\"ListItem\",\"position\":2,\"name\":\"Cr\u00e9er et g\u00e9rer une association\",\"item\":\"https:\/\/infolocale.ouest-france.fr\/blog\/cat\/creer-et-administrer-une-association-1901\/\"},{\"@type\":\"ListItem\",\"position\":3,\"name\":\"Quel mod\u00e8le de gouvernance pour mon association ?\"}]},{\"@type\":\"WebSite\",\"@id\":\"https:\/\/www.infolocale.fr\/blog\/#website\",\"url\":\"https:\/\/www.infolocale.fr\/blog\/\",\"name\":\"\",\"description\":\"\",\"publisher\":{\"@id\":\"https:\/\/www.infolocale.fr\/blog\/#organization\"},\"potentialAction\":[{\"@type\":\"SearchAction\",\"target\":{\"@type\":\"EntryPoint\",\"urlTemplate\":\"https:\/\/www.infolocale.fr\/blog\/?s={search_term_string}\"},\"query-input\":\"required name=search_term_string\"}],\"inLanguage\":\"fr-FR\"},{\"@type\":\"Organization\",\"@id\":\"https:\/\/www.infolocale.fr\/blog\/#organization\",\"name\":\"Infolocale\",\"url\":\"https:\/\/www.infolocale.fr\/blog\/\",\"logo\":{\"@type\":\"ImageObject\",\"inLanguage\":\"fr-FR\",\"@id\":\"https:\/\/www.infolocale.fr\/blog\/#\/schema\/logo\/image\/\",\"url\":\"https:\/\/www.infolocale.fr\/blog\/wp-content\/uploads\/2020\/11\/logol.jpg\",\"contentUrl\":\"https:\/\/www.infolocale.fr\/blog\/wp-content\/uploads\/2020\/11\/logol.jpg\",\"width\":1031,\"height\":398,\"caption\":\"Infolocale\"},\"image\":{\"@id\":\"https:\/\/www.infolocale.fr\/blog\/#\/schema\/logo\/image\/\"},\"sameAs\":[\"https:\/\/www.facebook.com\/infolocaleFR\/\",\"https:\/\/x.com\/infolocale\",\"https:\/\/www.instagram.com\/infolocale\/\",\"https:\/\/fr.linkedin.com\/company\/infolocale\",\"https:\/\/www.youtube.com\/channel\/UCnv4FA8EYEuu_si3TGr7xeA\"]},{\"@type\":\"Person\",\"@id\":\"https:\/\/www.infolocale.fr\/blog\/#\/schema\/person\/c5cc5fad565589d405681286186ea176\",\"name\":\"Thelma\",\"image\":{\"@type\":\"ImageObject\",\"inLanguage\":\"fr-FR\",\"@id\":\"https:\/\/www.infolocale.fr\/blog\/#\/schema\/person\/image\/\",\"url\":\"https:\/\/secure.gravatar.com\/avatar\/49bf3755816c87e89e817e3b81797a7f?s=96&d=mm&r=g\",\"contentUrl\":\"https:\/\/secure.gravatar.com\/avatar\/49bf3755816c87e89e817e3b81797a7f?s=96&d=mm&r=g\",\"caption\":\"Thelma\"},\"url\":\"https:\/\/infolocale.20minutes.fr\/blog\/author\/thelma-rousseauouest-france-fr\/\"}]}<\/script>\n<!-- \/ Yoast SEO plugin. -->","yoast_head_json":{"title":"Quel mod\u00e8le de gouvernance pour mon association ? |","description":"D\u00e9couvrez quel mod\u00e8le de gouvernance mettre en place dans votre association pour faire face \u00e0 la crise de renouvellement.","robots":{"index":"index","follow":"follow","max-snippet":"max-snippet:-1","max-image-preview":"max-image-preview:large","max-video-preview":"max-video-preview:-1"},"canonical":"https:\/\/www.infolocale.fr\/blog\/quel-modele-de-gouvernance-pour-mon-association\/","og_locale":"fr_FR","og_type":"article","og_title":"Quel mod\u00e8le de gouvernance pour mon association ? |","og_description":"D\u00e9couvrez quel mod\u00e8le de gouvernance mettre en place dans votre association pour faire face \u00e0 la crise de renouvellement.","og_url":"https:\/\/www.infolocale.fr\/blog\/quel-modele-de-gouvernance-pour-mon-association\/","article_publisher":"https:\/\/www.facebook.com\/infolocaleFR\/","article_published_time":"2025-02-27T16:30:42+00:00","article_modified_time":"2025-02-27T16:32:55+00:00","og_image":[{"width":1365,"height":768,"url":"https:\/\/www.infolocale.fr\/blog\/wp-content\/uploads\/2025\/02\/gouvernance-asso.jpg","type":"image\/jpeg"}],"author":"Thelma","twitter_card":"summary_large_image","twitter_creator":"@infolocale","twitter_site":"@infolocale","twitter_misc":{"\u00c9crit par":"Thelma","Dur\u00e9e de lecture estim\u00e9e":"9 minutes"},"schema":{"@context":"https:\/\/schema.org","@graph":[{"@type":"Article","@id":"https:\/\/www.infolocale.fr\/blog\/quel-modele-de-gouvernance-pour-mon-association\/#article","isPartOf":{"@id":"https:\/\/www.infolocale.fr\/blog\/quel-modele-de-gouvernance-pour-mon-association\/"},"author":{"name":"Thelma","@id":"https:\/\/www.infolocale.fr\/blog\/#\/schema\/person\/c5cc5fad565589d405681286186ea176"},"headline":"Quel mod\u00e8le de gouvernance pour mon association ?","datePublished":"2025-02-27T16:30:42+00:00","dateModified":"2025-02-27T16:32:55+00:00","mainEntityOfPage":{"@id":"https:\/\/www.infolocale.fr\/blog\/quel-modele-de-gouvernance-pour-mon-association\/"},"wordCount":1809,"commentCount":2,"publisher":{"@id":"https:\/\/www.infolocale.fr\/blog\/#organization"},"image":{"@id":"https:\/\/www.infolocale.fr\/blog\/quel-modele-de-gouvernance-pour-mon-association\/#primaryimage"},"thumbnailUrl":"https:\/\/infolocale.20minutes.fr\/blog\/wp-content\/uploads\/2025\/02\/gouvernance-asso.jpg","articleSection":["Cr\u00e9er et g\u00e9rer une association","G\u00e9rer son association","Recruter &amp; encadrer ses b\u00e9n\u00e9voles"],"inLanguage":"fr-FR","potentialAction":[{"@type":"CommentAction","name":"Comment","target":["https:\/\/www.infolocale.fr\/blog\/quel-modele-de-gouvernance-pour-mon-association\/#respond"]}]},{"@type":"WebPage","@id":"https:\/\/www.infolocale.fr\/blog\/quel-modele-de-gouvernance-pour-mon-association\/","url":"https:\/\/www.infolocale.fr\/blog\/quel-modele-de-gouvernance-pour-mon-association\/","name":"Quel mod\u00e8le de gouvernance pour mon association ? |","isPartOf":{"@id":"https:\/\/www.infolocale.fr\/blog\/#website"},"primaryImageOfPage":{"@id":"https:\/\/www.infolocale.fr\/blog\/quel-modele-de-gouvernance-pour-mon-association\/#primaryimage"},"image":{"@id":"https:\/\/www.infolocale.fr\/blog\/quel-modele-de-gouvernance-pour-mon-association\/#primaryimage"},"thumbnailUrl":"https:\/\/infolocale.20minutes.fr\/blog\/wp-content\/uploads\/2025\/02\/gouvernance-asso.jpg","datePublished":"2025-02-27T16:30:42+00:00","dateModified":"2025-02-27T16:32:55+00:00","description":"D\u00e9couvrez quel mod\u00e8le de gouvernance mettre en place dans votre association pour faire face \u00e0 la crise de renouvellement.","breadcrumb":{"@id":"https:\/\/www.infolocale.fr\/blog\/quel-modele-de-gouvernance-pour-mon-association\/#breadcrumb"},"inLanguage":"fr-FR","potentialAction":[{"@type":"ReadAction","target":["https:\/\/www.infolocale.fr\/blog\/quel-modele-de-gouvernance-pour-mon-association\/"]}]},{"@type":"ImageObject","inLanguage":"fr-FR","@id":"https:\/\/www.infolocale.fr\/blog\/quel-modele-de-gouvernance-pour-mon-association\/#primaryimage","url":"https:\/\/infolocale.20minutes.fr\/blog\/wp-content\/uploads\/2025\/02\/gouvernance-asso.jpg","contentUrl":"https:\/\/infolocale.20minutes.fr\/blog\/wp-content\/uploads\/2025\/02\/gouvernance-asso.jpg","width":1365,"height":768,"caption":"Quel mod\u00e8le de gouvernance pour mon association ?"},{"@type":"BreadcrumbList","@id":"https:\/\/www.infolocale.fr\/blog\/quel-modele-de-gouvernance-pour-mon-association\/#breadcrumb","itemListElement":[{"@type":"ListItem","position":1,"name":"Blog","item":"https:\/\/infolocale.ouest-france.fr\/blog\/"},{"@type":"ListItem","position":2,"name":"Cr\u00e9er et g\u00e9rer une association","item":"https:\/\/infolocale.ouest-france.fr\/blog\/cat\/creer-et-administrer-une-association-1901\/"},{"@type":"ListItem","position":3,"name":"Quel mod\u00e8le de gouvernance pour mon association ?"}]},{"@type":"WebSite","@id":"https:\/\/www.infolocale.fr\/blog\/#website","url":"https:\/\/www.infolocale.fr\/blog\/","name":"","description":"","publisher":{"@id":"https:\/\/www.infolocale.fr\/blog\/#organization"},"potentialAction":[{"@type":"SearchAction","target":{"@type":"EntryPoint","urlTemplate":"https:\/\/www.infolocale.fr\/blog\/?s={search_term_string}"},"query-input":"required name=search_term_string"}],"inLanguage":"fr-FR"},{"@type":"Organization","@id":"https:\/\/www.infolocale.fr\/blog\/#organization","name":"Infolocale","url":"https:\/\/www.infolocale.fr\/blog\/","logo":{"@type":"ImageObject","inLanguage":"fr-FR","@id":"https:\/\/www.infolocale.fr\/blog\/#\/schema\/logo\/image\/","url":"https:\/\/www.infolocale.fr\/blog\/wp-content\/uploads\/2020\/11\/logol.jpg","contentUrl":"https:\/\/www.infolocale.fr\/blog\/wp-content\/uploads\/2020\/11\/logol.jpg","width":1031,"height":398,"caption":"Infolocale"},"image":{"@id":"https:\/\/www.infolocale.fr\/blog\/#\/schema\/logo\/image\/"},"sameAs":["https:\/\/www.facebook.com\/infolocaleFR\/","https:\/\/x.com\/infolocale","https:\/\/www.instagram.com\/infolocale\/","https:\/\/fr.linkedin.com\/company\/infolocale","https:\/\/www.youtube.com\/channel\/UCnv4FA8EYEuu_si3TGr7xeA"]},{"@type":"Person","@id":"https:\/\/www.infolocale.fr\/blog\/#\/schema\/person\/c5cc5fad565589d405681286186ea176","name":"Thelma","image":{"@type":"ImageObject","inLanguage":"fr-FR","@id":"https:\/\/www.infolocale.fr\/blog\/#\/schema\/person\/image\/","url":"https:\/\/secure.gravatar.com\/avatar\/49bf3755816c87e89e817e3b81797a7f?s=96&d=mm&r=g","contentUrl":"https:\/\/secure.gravatar.com\/avatar\/49bf3755816c87e89e817e3b81797a7f?s=96&d=mm&r=g","caption":"Thelma"},"url":"https:\/\/infolocale.20minutes.fr\/blog\/author\/thelma-rousseauouest-france-fr\/"}]}},"_links":{"self":[{"href":"https:\/\/infolocale.20minutes.fr\/blog\/wp-json\/wp\/v2\/posts\/27585"}],"collection":[{"href":"https:\/\/infolocale.20minutes.fr\/blog\/wp-json\/wp\/v2\/posts"}],"about":[{"href":"https:\/\/infolocale.20minutes.fr\/blog\/wp-json\/wp\/v2\/types\/post"}],"author":[{"embeddable":true,"href":"https:\/\/infolocale.20minutes.fr\/blog\/wp-json\/wp\/v2\/users\/19"}],"replies":[{"embeddable":true,"href":"https:\/\/infolocale.20minutes.fr\/blog\/wp-json\/wp\/v2\/comments?post=27585"}],"version-history":[{"count":0,"href":"https:\/\/infolocale.20minutes.fr\/blog\/wp-json\/wp\/v2\/posts\/27585\/revisions"}],"wp:featuredmedia":[{"embeddable":true,"href":"https:\/\/infolocale.20minutes.fr\/blog\/wp-json\/wp\/v2\/media\/27593"}],"wp:attachment":[{"href":"https:\/\/infolocale.20minutes.fr\/blog\/wp-json\/wp\/v2\/media?parent=27585"}],"wp:term":[{"taxonomy":"category","embeddable":true,"href":"https:\/\/infolocale.20minutes.fr\/blog\/wp-json\/wp\/v2\/categories?post=27585"},{"taxonomy":"post_tag","embeddable":true,"href":"https:\/\/infolocale.20minutes.fr\/blog\/wp-json\/wp\/v2\/tags?post=27585"}],"curies":[{"name":"wp","href":"https:\/\/api.w.org\/{rel}","templated":true}]}}