{"id":23308,"date":"2023-08-16T11:11:27","date_gmt":"2023-08-16T09:11:27","guid":{"rendered":"https:\/\/www.infolocale.fr\/blog\/?p=23308"},"modified":"2024-10-25T15:43:35","modified_gmt":"2024-10-25T13:43:35","slug":"rentree-des-associations-relancer-son-association-en-septembre","status":"publish","type":"post","link":"https:\/\/infolocale.20minutes.fr\/blog\/rentree-des-associations-relancer-son-association-en-septembre\/","title":{"rendered":"Rentr\u00e9e des associations : 10 actions pour relancer son association en septembre"},"content":{"rendered":"\n<p><\/p>\n\n\n\n<p>Pour la <strong>rentr\u00e9e des associations<\/strong>, voici la liste des actions que vous pouvez mettre en place afin de parvenir \u00e0 vos objectifs et toucher votre public, trouver des b\u00e9n\u00e9voles et recruter de nouveaux adh\u00e9rents.<\/p>\n\n\n\n<p class=\"has-black-color has-pale-cyan-blue-background-color has-text-color has-background\">1. Participez au forum des associations,<br>2. Organisez des portes ouvertes dans votre asso,<br>3. Mettez en place une \u00e9quipe d\u00e9di\u00e9e \u00e0 la communication,<br>4. Mettez \u00e0 jour vos cr\u00e9neaux sur Infolocale,<br>5. Publiez, dans l&rsquo;agenda d&rsquo;Infolocale, vos dates d&rsquo;\u00e9v\u00e9nements d\u00e8s que vous les connaissez,<br>6. Faites parler de vous via des articles sur Infolocale et dans la presse locale en ligne,<br>7. Organisez une r\u00e9union de rentr\u00e9e avec vos adh\u00e9rents et b\u00e9n\u00e9voles,<br>8. Faites la liste de vos besoins en b\u00e9n\u00e9voles,<br>9. Relancez vos relations presse,<br>10. Mettez votre site internet \u00e0 jour.<\/p>\n\n\n\n<div class=\"wp-block-buttons is-horizontal is-content-justification-center is-layout-flex wp-container-core-buttons-is-layout-1 wp-block-buttons-is-layout-flex\">\n<div class=\"wp-block-button\"><a class=\"wp-block-button__link has-white-color has-luminous-vivid-amber-background-color has-text-color has-background wp-element-button\"><strong>&gt;&gt;Inscrire mon asso \u00e0 Infolocale <\/strong><\/a><\/div>\n<\/div>\n\n\n\n<h2 class=\"wp-block-heading\">1. Participez au forum des associations<\/h2>\n\n\n\n<p>Dans presque toutes les communes de France, c&rsquo;est l&rsquo;\u00e9v\u00e9nement de la <strong>rentr\u00e9e des assos<\/strong>. Le forum des associations permet aux communes de montrer la densit\u00e9 de leur maillage associatif. Aux associations, il permet de remplir plusieurs des objectifs de rentr\u00e9e tel que :&nbsp;<\/p>\n\n\n\n<ul class=\"wp-block-list\"><li>trouver des b\u00e9n\u00e9voles<\/li><li>trouver des adh\u00e9rents<\/li><li>et pourquoi pas, aussi, toucher votre futur public<\/li><\/ul>\n\n\n\n<p>Le forum des associations est un rendez-vous annuel tr\u00e8s attendu par les associations elles-m\u00eames, mais aussi par les habitants d&rsquo;un territoire. En y tenant un stand, vous pourrez y rencontrer les personnes en qu\u00eate d&rsquo;une nouvelle activit\u00e9, les parents qui cherchent une occupation pour leurs enfants, mais aussi les nouveaux venus, ceux qui ont emm\u00e9nag\u00e9 il y a peu dans votre commune et qui n&rsquo;ont pas encore d&rsquo;activit\u00e9.<\/p>\n\n\n\n<p>Pour votre association le forum des associations permet de toucher un tr\u00e8s grand nombre de personne autour d&rsquo;un \u00e9v\u00e8nement attendu par la population de votre commune. Autre avantage, l&rsquo;organisation g\u00e9n\u00e9rale et la communication sont enti\u00e8rement pris en charge par votre commune. Vous ne vous occuperez que de votre stand !<\/p>\n\n\n\n<h2 class=\"wp-block-heading\">2. Organisez des portes ouvertes dans votre asso ou votre club&nbsp;<\/h2>\n\n\n\n<p>Les portes ouvertes c&rsquo;est le second \u00e9v\u00e9nement de la <strong>rentr\u00e9e d&rsquo;une association<\/strong>. Si le forum des associations est organis\u00e9 par la commune, la journ\u00e9e porte ouverte est enti\u00e8rement organis\u00e9e par l&rsquo;association. Elle vous prendra un peu plus de temps en organisation. Vous devrez aussi probablement mobiliser un plus grand nombre de b\u00e9n\u00e9voles et vous aurez toute la communication \u00e0 g\u00e9rer. Bref, c&rsquo;est un peu plus de travail que le forum des assos. N\u00e9anmoins, vous avez la main sur le programme, vous pouvez y organiser des d\u00e9monstrations ou s\u00e9ances d&rsquo;essais gratuits et les personnes qui s&rsquo;y d\u00e9placent sont d\u00e9j\u00e0 int\u00e9ress\u00e9s par votre structure !&nbsp;<\/p>\n\n\n\n<p>Vous pouvez d&rsquo;ailleurs faire les choses en deux temps. Aller sur le forum des associations de votre commune pour vous faire conna\u00eetre et y communiquer sur votre journ\u00e9e portes ouvertes et sessions d&rsquo;essais gratuits.&nbsp;<\/p>\n\n\n<div class=\"wp-block-image is-resized\">\n<figure class=\"aligncenter size-large has-lightbox\"><a href=\"https:\/\/www.infolocale.fr\/decouvrir\/deposant\/?utm_source=blog&amp;utm_medium=banner&amp;utm_campaign=blog-content\"><img fetchpriority=\"high\" decoding=\"async\" width=\"1024\" height=\"1024\" src=\"https:\/\/www.infolocale.fr\/blog\/wp-content\/uploads\/2021\/11\/banniere-NLDASSO-carree1500x1500-1024x1024.jpg\" alt=\"\" class=\"wp-image-23946\" srcset=\"https:\/\/infolocale.20minutes.fr\/blog\/wp-content\/uploads\/2021\/11\/banniere-NLDASSO-carree1500x1500-1024x1024.jpg 1024w, https:\/\/infolocale.20minutes.fr\/blog\/wp-content\/uploads\/2021\/11\/banniere-NLDASSO-carree1500x1500-300x300.jpg 300w, https:\/\/infolocale.20minutes.fr\/blog\/wp-content\/uploads\/2021\/11\/banniere-NLDASSO-carree1500x1500-150x150.jpg 150w, https:\/\/infolocale.20minutes.fr\/blog\/wp-content\/uploads\/2021\/11\/banniere-NLDASSO-carree1500x1500-768x768.jpg 768w, https:\/\/infolocale.20minutes.fr\/blog\/wp-content\/uploads\/2021\/11\/banniere-NLDASSO-carree1500x1500.jpg 1500w\" sizes=\"(max-width: 1024px) 100vw, 1024px\" \/><\/a><\/figure><\/div>\n\n\n<h2 class=\"wp-block-heading\">3. Mettez en place une \u00e9quipe d\u00e9di\u00e9e \u00e0 la communication<\/h2>\n\n\n\n<p>Les r\u00e9seaux sociaux \u00e0 tenir, les photos de vos \u00e9v\u00e9nements \u00e0 prendre, le site de votre association \u00e0 mettre \u00e0 jour, Infolocale et les relations presses&#8230; tout cela est tr\u00e8s chronophage ! Depuis l&rsquo;av\u00e8nement du web et des r\u00e9seaux sociaux, la communication est devenue un sujet que les associations peuvent facilement prendre en main. Pourtant, elle s&rsquo;est aussi complexifi\u00e9e avec la multiplication des outils et formats.<\/p>\n\n\n\n<p>Il devient tr\u00e8s difficile aujourd&rsquo;hui pour un pr\u00e9sident seul ou pour le bureau, de g\u00e9rer la communication de son association efficacement en plus de l&rsquo;ensemble des t\u00e2ches administratives.<\/p>\n\n\n\n<p>Dans ce domaine, si \u00e7a n&rsquo;est pas d\u00e9j\u00e0 le cas dans votre structure, profitez de la&nbsp;<strong>rentr\u00e9e de votre association<\/strong> pour mettre en place un comit\u00e9 communication. Bien s\u00fbr, la forme de votre comit\u00e9 d\u00e9pend de la taille de votre asso et de vos ressources en b\u00e9n\u00e9voles. N\u00e9anmoins, il pourrait id\u00e9alement \u00eatre constitu\u00e9 de deux \u00e0 trois personnes. Une fois que vous avez votre \u00e9quipe, faites en sorte que les missions de chacun soient bien d\u00e9limit\u00e9es.<\/p>\n\n\n\n<p>Qui est la personne : <\/p>\n\n\n\n<ul class=\"wp-block-list\"><li>qui prend les photos sur les \u00e9v\u00e9nements, <\/li><li>s&rsquo;occupe des relations presse, <\/li><li>diffuse vos communiqu\u00e9s sur Infolocale,<\/li><li>met \u00e0 jour les r\u00e9seaux sociaux, <\/li><li>annonce les dates de vos \u00e9v\u00e9nements sur Infolocale, <\/li><li>met \u00e0 jour le site internet ?<\/li><\/ul>\n\n\n\n<p>Ici aussi, je ne saurais trop vous conseiller de mettre en place une r\u00e9union de communication en d\u00e9but d&rsquo;ann\u00e9e et de faire votre <a href=\"https:\/\/www.infolocale.fr\/blog\/plan-communication-association\/\">plan de communication<\/a> pour la saison qui d\u00e9bute.<\/p>\n\n\n\n<h2 class=\"wp-block-heading\">4. Mettez \u00e0 jour vos cr\u00e9neaux sur Infolocale<\/h2>\n\n\n\n<p>Infolocale est un outil de communication utilis\u00e9 par un nombre croissant d&rsquo;association, partout en France. L&rsquo;une des fonctionnalit\u00e9s d&rsquo;Infolocale vise \u00e0 <a href=\"https:\/\/www.infolocale.fr\/decouvrir\/associations\/?int_source=blog&amp;int_medium=banner&amp;int_campaign=blog-content\">constituer un forum des associations en ligne<\/a>, consultable toute l&rsquo;ann\u00e9e. Aussi, d\u00e8s que vous connaissez vos nouveaux cr\u00e9neaux ou d\u00e8s que ceux-ci changent, pensez \u00e0 les mettre \u00e0 jour sur Infolocale !<\/p>\n\n\n\n<p>Infolocale est consult\u00e9 toute l&rsquo;ann\u00e9e par des utilisateurs de toute la France qui cherchent une activit\u00e9 \u00e0 pratiquer ou \u00e0 faire que ce soit \u00e0 l&rsquo;ann\u00e9e, pour un soir ou un week-end.&nbsp;<\/p>\n\n\n\n<h2 class=\"wp-block-heading\">5. Publiez, dans l&rsquo;agenda d&rsquo;Infolocale, vos dates d&rsquo;\u00e9v\u00e9nements d\u00e8s que vous les connaissez<\/h2>\n\n\n\n<p>Vous \u00eates : <\/p>\n\n\n\n<ul class=\"wp-block-list\"><li>une troupe de th\u00e9\u00e2tre et vous avez plusieurs dates cette ann\u00e9e <\/li><li>un groupe de musique et vous allez bient\u00f4t faire une tourn\u00e9e, <\/li><li>un club de sport et vous avez d\u00e9j\u00e0 les dates de votre saison \u00e0 venir<\/li><li>ou tout autre type d&rsquo;association ayant des dates d&rsquo;\u00e9v\u00e9nements \u00e0 communiquer ?<\/li><\/ul>\n\n\n\n<p>Annoncez vos \u00e9v\u00e9nements sur Infolocale d\u00e8s que vous avez vos dates. Pourquoi ?&nbsp;<\/p>\n\n\n\n<ol class=\"wp-block-list\"><li>Infolocale est un agenda en ligne consult\u00e9 par des millions de fran\u00e7ais chaque ann\u00e9e<\/li><li>Avec Infolocale vos contenus sont diffus\u00e9s sur plus de 200 sites partenaires<\/li><li>Infolocale est utilis\u00e9 par certain des plus grands m\u00e9dias de France : Ouest-France, actu.fr, France Live, maville.com et bien d&rsquo;autres encore utilisent les donn\u00e9es pr\u00e9sentes sur Infolocale pour les diffuser sur leur site internet.<\/li><\/ol>\n\n\n\n<p>Plus vos \u00e9v\u00e9nements sont diffus\u00e9s rapidement, plus ils seront vu et lu. Alors n&rsquo;h\u00e9sitez pas \u00e0 les publier, m\u00eame longtemps \u00e0 l&rsquo;avance.<\/p>\n\n\n\n<h2 class=\"wp-block-heading\">6. Faites parler de vous via des articles sur Infolocale et dans la presse locale en ligne<\/h2>\n\n\n\n<p><strong>La rentr\u00e9e des associations<\/strong>, c&rsquo;est LE moment ou vous avez le plus de chance de capter l&rsquo;attention sur votre territoire. En effet, c&rsquo;est le moment de l&rsquo;ann\u00e9e ou le plus grand nombre de personne est \u00e0 la recherche d&rsquo;une nouvelle activit\u00e9. Vous devez donc profiter de ce moment pour prendre la parole.&nbsp;<\/p>\n\n\n\n<p>Avec l&rsquo;outil <a href=\"https:\/\/www.infolocale.fr\/decouvrir\/associations\/?int_source=blog&amp;int_medium=banner&amp;int_campaign=blog-content\">Publication d&rsquo;Infolocale<\/a>, vous pouvez r\u00e9diger un article de rentr\u00e9e. Celui-ci sera diffus\u00e9, sur notre site, ainsi que sur les sites de nos partenaires m\u00e9dias : Ouest-France, actu.fr, France Live et le site Infolocale pr\u00e9sent sur 20 minutes.<\/p>\n\n\n\n<p>Les Publications d\u00e9passent souvent les 100, 200, voire les 400 lectures. Les meilleures d\u00e9passent m\u00eame les 4 000. Un vrai levier de visibilit\u00e9 pour votre asso !&nbsp;<\/p>\n\n\n\n<h2 class=\"wp-block-heading\">7. Organisez une r\u00e9union de rentr\u00e9e avec vos adh\u00e9rents et b\u00e9n\u00e9voles<\/h2>\n\n\n\n<p>C&rsquo;est une petite action et pourtant elle peut faire beaucoup pour votre association et surtout pour vos b\u00e9n\u00e9voles. Organiser une r\u00e9union de rentr\u00e9e vous permet de donner rendez-vous \u00e0 vos b\u00e9n\u00e9voles de l&rsquo;ann\u00e9e pr\u00e9c\u00e9dente. Ce petit \u00e9v\u00e9nement peut remobiliser des b\u00e9n\u00e9voles qui auraient peut-\u00eatre arr\u00eat\u00e9 leur engagement cette ann\u00e9e. Elle permet \u00e9galement d&rsquo;int\u00e9grer les nouveaux b\u00e9n\u00e9voles, de montrer que votre association est aussi une ambiance et de la convivialit\u00e9e.<\/p>\n\n\n\n<p>Cette r\u00e9union peut comporter deux moments.<\/p>\n\n\n\n<p>Un moment de r\u00e9union durant lequel vous remercierez&nbsp; tout le monde pour son investissement durant l&rsquo;ann\u00e9e pass\u00e9e. Vous pouvez \u00e9galement rappeler les grandes actions entreprises lors du pr\u00e9c\u00e9dent exercice. Enfin, vous pouvez dresser les grandes lignes de l&rsquo;ann\u00e9e qui commence, les temps forts sur lesquelles les b\u00e9n\u00e9voles et adh\u00e9rents seront attendus.<\/p>\n\n\n\n<p>Le second moment est plus conviviale et peut prendre, selon la taille et la philosophie de votre association, la forme d&rsquo;un buffet, d&rsquo;un pot, d&rsquo;une activit\u00e9 ou d&rsquo;un d\u00eener tous ensemble.<\/p>\n\n\n\n<h2 class=\"wp-block-heading\">8. Pour la rentr\u00e9e des associations : trouvez et fid\u00e9lisez vos b\u00e9n\u00e9voles<\/h2>\n\n\n\n<p>Sans b\u00e9n\u00e9voles, un grand nombre d&rsquo;associations fran\u00e7aises ne pourraient tout simplement plus mener leurs actions. Il est donc primordial pour vous, non seulement de savoir qu&rsquo;elles seront les forces en pr\u00e9sence, mais aussi, de conna\u00eetre vos besoins r\u00e9els.&nbsp;<\/p>\n\n\n\n<p>En d\u00e9but d&rsquo;ann\u00e9e, lister vos actions. Selon le th\u00e8me de votre association, ce peut-\u00eatre les rencontres sportives, les \u00e9v\u00e9nements culturels, les vernissages, ou l&rsquo;<a href=\"https:\/\/www.infolocale.fr\/blog\/organiser-un-vide-greniers-toutes-les-etapes\/\">organisation d&rsquo;un vide-greniers<\/a>.&nbsp;<\/p>\n\n\n\n<p>Pour toutes vos actions, listez le nombre de b\u00e9n\u00e9voles dont vous allez avoir besoin. Ici, n&rsquo;h\u00e9sitez pas \u00e0 surestimer vos besoins ! Si vous organisez des \u00e9v\u00e9nements longs comme un <a href=\"https:\/\/www.infolocale.fr\/blog\/comment-organise-festival-toutes-les-etapes\/\">festival<\/a> ou un vide-greniers, n&rsquo;oubliez pas de prendre en compte les moments de pauses, ou le volume de pr\u00e9sence en comparaison du temps de \u00ab\u00a0travail\u00a0\u00bb de vos b\u00e9n\u00e9voles.<\/p>\n\n\n\n<p>Tout cela va vous permettre d&rsquo;estimer le nombre de b\u00e9n\u00e9voles dont vous avez besoin. Ensuite, il ne vous restera plus qu&rsquo;\u00e0 <a href=\"https:\/\/www.infolocale.fr\/blog\/attirer-nouveaux-adherents-association\/\">trouver vos b\u00e9n\u00e9voles<\/a>, <a href=\"https:\/\/www.infolocale.fr\/blog\/mener-entretien-avec-un-nouveau-benevole\/\">faire passer les entretiens<\/a> et avec le temps, <a href=\"https:\/\/www.infolocale.fr\/blog\/fideliser-benevoles\/\">assurer la fid\u00e9lisation de ceux-ci<\/a>.<\/p>\n\n\n\n<h2 class=\"wp-block-heading\">9. Lors de la rentr\u00e9e des associations : relancez vos relations presse<\/h2>\n\n\n\n<p>Avec l&rsquo;av\u00e8nement des r\u00e9seaux sociaux, on pourrait croire que la presse locale a perdu de son superbe, mais il n&rsquo;en est rien. Le papier se vend toujours tr\u00e8s bien, la presse locale est toujours lue et le trafic des sites m\u00e9dias augmentent chaque ann\u00e9e. On n&rsquo;a jamais autant lu les contenus journalistiques qu&rsquo;aujourd&rsquo;hui !&nbsp;<\/p>\n\n\n\n<p>Il est donc primordial pour la communication de votre association de maintenir vos <a href=\"https:\/\/www.infolocale.fr\/blog\/relations-presse-association\/\">relations presse<\/a>. En outre, au-del\u00e0 des lecteurs grand public, la presse permet aussi de toucher les institutions, les d\u00e9cideurs politiques et les acteurs \u00e9conomiques&#8230; Bref, ceux qui financent ou pourraient financer votre association dans les ann\u00e9es \u00e0 venir !&nbsp;<\/p>\n\n\n\n<p>Pensez \u00e0 r\u00e9diger des <a href=\"https:\/\/www.infolocale.fr\/blog\/communique-de-presse-association\/\">communiqu\u00e9s de presse<\/a> (que vous pouvez diffuser aussi en Publication sur Infolocale). Si vous organisez de grands \u00e9v\u00e9nements, pensez aussi \u00e0 organiser une <a href=\"https:\/\/www.infolocale.fr\/blog\/conference-de-presse\/\">conf\u00e9rence de presse<\/a>.<\/p>\n\n\n\n<h2 class=\"wp-block-heading\">10. Mettez votre site internet \u00e0 jour<\/h2>\n\n\n\n<p>En septembre, ou tout au long de l&rsquo;ann\u00e9e la plupart des personnes qui se cherchent une activit\u00e9, le font sur internet. Aussi, il est extr\u00eamement important d&rsquo;assurer la pr\u00e9sence de son association sur internet. Cela passe par une mise \u00e0 jour de votre page sur Infolocale.&nbsp;<\/p>\n\n\n\n<p>Infolocale est une vitrine et un site internet pour votre association. Il est extr\u00eamement important de s&rsquo;assurer que vos diff\u00e9rentes pr\u00e9sences en ligne soient toujours \u00e0 jour. Rien n&rsquo;est pire pour une asso et pour des personnes qui s&rsquo;y int\u00e9ressent, que de se rendre \u00e0 une adresse qui n&rsquo;est plus la bonne, \u00e0 un entrainement qui a chang\u00e9 de jour ou de se renseigner sur une section qui n&rsquo;existe plus&#8230;<\/p>\n","protected":false},"excerpt":{"rendered":"<p>Pour la rentr\u00e9e des associations, voici la liste des actions que vous pouvez mettre en place afin de parvenir \u00e0 vos objectifs et toucher votre [&hellip;]<\/p>\n","protected":false},"author":2,"featured_media":23323,"comment_status":"open","ping_status":"open","sticky":false,"template":"","format":"standard","meta":{"_coblocks_attr":"","_coblocks_dimensions":"","_coblocks_responsive_height":"","_coblocks_accordion_ie_support":"","_mo_disable_npp":"","footnotes":""},"categories":[110],"tags":[],"class_list":["post-23308","post","type-post","status-publish","format-standard","has-post-thumbnail","hentry","category-preparer-son-debut-et-sa-fin-dannee"],"yoast_head":"<!-- This site is optimized with the Yoast SEO plugin v23.2 - https:\/\/yoast.com\/wordpress\/plugins\/seo\/ -->\n<title>Rentr\u00e9e des associations : 10 actions pour relancer son asso |<\/title>\n<meta name=\"description\" content=\"Pour la rentr\u00e9e des associations, voici la liste des actions que vous pouvez mettre en place afin de parvenir \u00e0 vos objectifs et toucher v...\" \/>\n<meta name=\"robots\" content=\"index, follow, max-snippet:-1, max-image-preview:large, max-video-preview:-1\" \/>\n<link rel=\"canonical\" href=\"https:\/\/infolocale.ouest-france.fr\/blog\/rentree-des-associations-relancer-son-association-en-septembre\/\" \/>\n<meta property=\"og:locale\" content=\"fr_FR\" \/>\n<meta property=\"og:type\" content=\"article\" \/>\n<meta property=\"og:title\" content=\"Rentr\u00e9e des associations : 10 actions pour relancer son asso |\" \/>\n<meta property=\"og:description\" content=\"Pour la rentr\u00e9e des associations, voici la liste des actions que vous pouvez mettre en place afin de parvenir \u00e0 vos objectifs et toucher v...\" \/>\n<meta property=\"og:url\" content=\"https:\/\/infolocale.ouest-france.fr\/blog\/rentree-des-associations-relancer-son-association-en-septembre\/\" \/>\n<meta property=\"article:publisher\" content=\"https:\/\/www.facebook.com\/infolocaleFR\/\" \/>\n<meta property=\"article:published_time\" content=\"2023-08-16T09:11:27+00:00\" \/>\n<meta property=\"article:modified_time\" content=\"2024-10-25T13:43:35+00:00\" \/>\n<meta property=\"og:image\" content=\"https:\/\/infolocale.ouest-france.fr\/blog\/wp-content\/uploads\/2023\/08\/rentree-des-associations-1.jpg\" \/>\n\t<meta property=\"og:image:width\" content=\"900\" \/>\n\t<meta property=\"og:image:height\" content=\"630\" \/>\n\t<meta property=\"og:image:type\" content=\"image\/jpeg\" \/>\n<meta name=\"author\" content=\"Morgan\" \/>\n<meta name=\"twitter:card\" content=\"summary_large_image\" \/>\n<meta name=\"twitter:creator\" content=\"@infolocale\" \/>\n<meta name=\"twitter:site\" content=\"@infolocale\" \/>\n<meta name=\"twitter:label1\" content=\"\u00c9crit par\" \/>\n\t<meta name=\"twitter:data1\" content=\"Morgan\" \/>\n\t<meta name=\"twitter:label2\" content=\"Dur\u00e9e de lecture estim\u00e9e\" \/>\n\t<meta name=\"twitter:data2\" content=\"27 minutes\" \/>\n<script type=\"application\/ld+json\" class=\"yoast-schema-graph\">{\"@context\":\"https:\/\/schema.org\",\"@graph\":[{\"@type\":\"Article\",\"@id\":\"https:\/\/infolocale.ouest-france.fr\/blog\/rentree-des-associations-relancer-son-association-en-septembre\/#article\",\"isPartOf\":{\"@id\":\"https:\/\/infolocale.ouest-france.fr\/blog\/rentree-des-associations-relancer-son-association-en-septembre\/\"},\"author\":{\"name\":\"Morgan\",\"@id\":\"https:\/\/www.infolocale.fr\/blog\/#\/schema\/person\/f0f748ece99417833166b3ba8890f3db\"},\"headline\":\"Rentr\u00e9e des associations : 10 actions pour relancer son association en septembre\",\"datePublished\":\"2023-08-16T09:11:27+00:00\",\"dateModified\":\"2024-10-25T13:43:35+00:00\",\"mainEntityOfPage\":{\"@id\":\"https:\/\/infolocale.ouest-france.fr\/blog\/rentree-des-associations-relancer-son-association-en-septembre\/\"},\"wordCount\":1857,\"commentCount\":2,\"publisher\":{\"@id\":\"https:\/\/www.infolocale.fr\/blog\/#organization\"},\"image\":{\"@id\":\"https:\/\/infolocale.ouest-france.fr\/blog\/rentree-des-associations-relancer-son-association-en-septembre\/#primaryimage\"},\"thumbnailUrl\":\"https:\/\/infolocale.20minutes.fr\/blog\/wp-content\/uploads\/2023\/08\/rentree-des-associations-1.jpg\",\"articleSection\":[\"Pr\u00e9parer son d\u00e9but et sa fin d'ann\u00e9e\"],\"inLanguage\":\"fr-FR\",\"potentialAction\":[{\"@type\":\"CommentAction\",\"name\":\"Comment\",\"target\":[\"https:\/\/infolocale.ouest-france.fr\/blog\/rentree-des-associations-relancer-son-association-en-septembre\/#respond\"]}]},{\"@type\":\"WebPage\",\"@id\":\"https:\/\/infolocale.ouest-france.fr\/blog\/rentree-des-associations-relancer-son-association-en-septembre\/\",\"url\":\"https:\/\/infolocale.ouest-france.fr\/blog\/rentree-des-associations-relancer-son-association-en-septembre\/\",\"name\":\"Rentr\u00e9e des associations : 10 actions pour relancer son asso |\",\"isPartOf\":{\"@id\":\"https:\/\/www.infolocale.fr\/blog\/#website\"},\"primaryImageOfPage\":{\"@id\":\"https:\/\/infolocale.ouest-france.fr\/blog\/rentree-des-associations-relancer-son-association-en-septembre\/#primaryimage\"},\"image\":{\"@id\":\"https:\/\/infolocale.ouest-france.fr\/blog\/rentree-des-associations-relancer-son-association-en-septembre\/#primaryimage\"},\"thumbnailUrl\":\"https:\/\/infolocale.20minutes.fr\/blog\/wp-content\/uploads\/2023\/08\/rentree-des-associations-1.jpg\",\"datePublished\":\"2023-08-16T09:11:27+00:00\",\"dateModified\":\"2024-10-25T13:43:35+00:00\",\"description\":\"Pour la rentr\u00e9e des associations, voici la liste des actions que vous pouvez mettre en place afin de parvenir \u00e0 vos objectifs et toucher v...\",\"breadcrumb\":{\"@id\":\"https:\/\/infolocale.ouest-france.fr\/blog\/rentree-des-associations-relancer-son-association-en-septembre\/#breadcrumb\"},\"inLanguage\":\"fr-FR\",\"potentialAction\":[{\"@type\":\"ReadAction\",\"target\":[\"https:\/\/infolocale.ouest-france.fr\/blog\/rentree-des-associations-relancer-son-association-en-septembre\/\"]}]},{\"@type\":\"ImageObject\",\"inLanguage\":\"fr-FR\",\"@id\":\"https:\/\/infolocale.ouest-france.fr\/blog\/rentree-des-associations-relancer-son-association-en-septembre\/#primaryimage\",\"url\":\"https:\/\/infolocale.20minutes.fr\/blog\/wp-content\/uploads\/2023\/08\/rentree-des-associations-1.jpg\",\"contentUrl\":\"https:\/\/infolocale.20minutes.fr\/blog\/wp-content\/uploads\/2023\/08\/rentree-des-associations-1.jpg\",\"width\":900,\"height\":630},{\"@type\":\"BreadcrumbList\",\"@id\":\"https:\/\/infolocale.ouest-france.fr\/blog\/rentree-des-associations-relancer-son-association-en-septembre\/#breadcrumb\",\"itemListElement\":[{\"@type\":\"ListItem\",\"position\":1,\"name\":\"Blog\",\"item\":\"https:\/\/infolocale.ouest-france.fr\/blog\/\"},{\"@type\":\"ListItem\",\"position\":2,\"name\":\"Pr\u00e9parer son d\u00e9but et sa fin d'ann\u00e9e\",\"item\":\"https:\/\/infolocale.20minutes.fr\/blog\/cat\/preparer-son-debut-et-sa-fin-dannee\/\"},{\"@type\":\"ListItem\",\"position\":3,\"name\":\"Rentr\u00e9e des associations : 10 actions pour relancer son association en septembre\"}]},{\"@type\":\"WebSite\",\"@id\":\"https:\/\/www.infolocale.fr\/blog\/#website\",\"url\":\"https:\/\/www.infolocale.fr\/blog\/\",\"name\":\"\",\"description\":\"\",\"publisher\":{\"@id\":\"https:\/\/www.infolocale.fr\/blog\/#organization\"},\"potentialAction\":[{\"@type\":\"SearchAction\",\"target\":{\"@type\":\"EntryPoint\",\"urlTemplate\":\"https:\/\/www.infolocale.fr\/blog\/?s={search_term_string}\"},\"query-input\":\"required name=search_term_string\"}],\"inLanguage\":\"fr-FR\"},{\"@type\":\"Organization\",\"@id\":\"https:\/\/www.infolocale.fr\/blog\/#organization\",\"name\":\"Infolocale\",\"url\":\"https:\/\/www.infolocale.fr\/blog\/\",\"logo\":{\"@type\":\"ImageObject\",\"inLanguage\":\"fr-FR\",\"@id\":\"https:\/\/www.infolocale.fr\/blog\/#\/schema\/logo\/image\/\",\"url\":\"https:\/\/www.infolocale.fr\/blog\/wp-content\/uploads\/2020\/11\/logol.jpg\",\"contentUrl\":\"https:\/\/www.infolocale.fr\/blog\/wp-content\/uploads\/2020\/11\/logol.jpg\",\"width\":1031,\"height\":398,\"caption\":\"Infolocale\"},\"image\":{\"@id\":\"https:\/\/www.infolocale.fr\/blog\/#\/schema\/logo\/image\/\"},\"sameAs\":[\"https:\/\/www.facebook.com\/infolocaleFR\/\",\"https:\/\/x.com\/infolocale\",\"https:\/\/www.instagram.com\/infolocale\/\",\"https:\/\/fr.linkedin.com\/company\/infolocale\",\"https:\/\/www.youtube.com\/channel\/UCnv4FA8EYEuu_si3TGr7xeA\"]},{\"@type\":\"Person\",\"@id\":\"https:\/\/www.infolocale.fr\/blog\/#\/schema\/person\/f0f748ece99417833166b3ba8890f3db\",\"name\":\"Morgan\",\"image\":{\"@type\":\"ImageObject\",\"inLanguage\":\"fr-FR\",\"@id\":\"https:\/\/www.infolocale.fr\/blog\/#\/schema\/person\/image\/\",\"url\":\"https:\/\/secure.gravatar.com\/avatar\/a22ec2a0cc817ae9fa3ff7341a213632?s=96&d=mm&r=g\",\"contentUrl\":\"https:\/\/secure.gravatar.com\/avatar\/a22ec2a0cc817ae9fa3ff7341a213632?s=96&d=mm&r=g\",\"caption\":\"Morgan\"},\"url\":\"https:\/\/infolocale.20minutes.fr\/blog\/author\/morgan-delepine\/\"}]}<\/script>\n<!-- \/ Yoast SEO plugin. -->","yoast_head_json":{"title":"Rentr\u00e9e des associations : 10 actions pour relancer son asso |","description":"Pour la rentr\u00e9e des associations, voici la liste des actions que vous pouvez mettre en place afin de parvenir \u00e0 vos objectifs et toucher v...","robots":{"index":"index","follow":"follow","max-snippet":"max-snippet:-1","max-image-preview":"max-image-preview:large","max-video-preview":"max-video-preview:-1"},"canonical":"https:\/\/infolocale.ouest-france.fr\/blog\/rentree-des-associations-relancer-son-association-en-septembre\/","og_locale":"fr_FR","og_type":"article","og_title":"Rentr\u00e9e des associations : 10 actions pour relancer son asso |","og_description":"Pour la rentr\u00e9e des associations, voici la liste des actions que vous pouvez mettre en place afin de parvenir \u00e0 vos objectifs et toucher v...","og_url":"https:\/\/infolocale.ouest-france.fr\/blog\/rentree-des-associations-relancer-son-association-en-septembre\/","article_publisher":"https:\/\/www.facebook.com\/infolocaleFR\/","article_published_time":"2023-08-16T09:11:27+00:00","article_modified_time":"2024-10-25T13:43:35+00:00","og_image":[{"width":900,"height":630,"url":"https:\/\/infolocale.ouest-france.fr\/blog\/wp-content\/uploads\/2023\/08\/rentree-des-associations-1.jpg","type":"image\/jpeg"}],"author":"Morgan","twitter_card":"summary_large_image","twitter_creator":"@infolocale","twitter_site":"@infolocale","twitter_misc":{"\u00c9crit par":"Morgan","Dur\u00e9e de lecture estim\u00e9e":"27 minutes"},"schema":{"@context":"https:\/\/schema.org","@graph":[{"@type":"Article","@id":"https:\/\/infolocale.ouest-france.fr\/blog\/rentree-des-associations-relancer-son-association-en-septembre\/#article","isPartOf":{"@id":"https:\/\/infolocale.ouest-france.fr\/blog\/rentree-des-associations-relancer-son-association-en-septembre\/"},"author":{"name":"Morgan","@id":"https:\/\/www.infolocale.fr\/blog\/#\/schema\/person\/f0f748ece99417833166b3ba8890f3db"},"headline":"Rentr\u00e9e des associations : 10 actions pour relancer son association en septembre","datePublished":"2023-08-16T09:11:27+00:00","dateModified":"2024-10-25T13:43:35+00:00","mainEntityOfPage":{"@id":"https:\/\/infolocale.ouest-france.fr\/blog\/rentree-des-associations-relancer-son-association-en-septembre\/"},"wordCount":1857,"commentCount":2,"publisher":{"@id":"https:\/\/www.infolocale.fr\/blog\/#organization"},"image":{"@id":"https:\/\/infolocale.ouest-france.fr\/blog\/rentree-des-associations-relancer-son-association-en-septembre\/#primaryimage"},"thumbnailUrl":"https:\/\/infolocale.20minutes.fr\/blog\/wp-content\/uploads\/2023\/08\/rentree-des-associations-1.jpg","articleSection":["Pr\u00e9parer son d\u00e9but et sa fin d'ann\u00e9e"],"inLanguage":"fr-FR","potentialAction":[{"@type":"CommentAction","name":"Comment","target":["https:\/\/infolocale.ouest-france.fr\/blog\/rentree-des-associations-relancer-son-association-en-septembre\/#respond"]}]},{"@type":"WebPage","@id":"https:\/\/infolocale.ouest-france.fr\/blog\/rentree-des-associations-relancer-son-association-en-septembre\/","url":"https:\/\/infolocale.ouest-france.fr\/blog\/rentree-des-associations-relancer-son-association-en-septembre\/","name":"Rentr\u00e9e des associations : 10 actions pour relancer son asso |","isPartOf":{"@id":"https:\/\/www.infolocale.fr\/blog\/#website"},"primaryImageOfPage":{"@id":"https:\/\/infolocale.ouest-france.fr\/blog\/rentree-des-associations-relancer-son-association-en-septembre\/#primaryimage"},"image":{"@id":"https:\/\/infolocale.ouest-france.fr\/blog\/rentree-des-associations-relancer-son-association-en-septembre\/#primaryimage"},"thumbnailUrl":"https:\/\/infolocale.20minutes.fr\/blog\/wp-content\/uploads\/2023\/08\/rentree-des-associations-1.jpg","datePublished":"2023-08-16T09:11:27+00:00","dateModified":"2024-10-25T13:43:35+00:00","description":"Pour la rentr\u00e9e des associations, voici la liste des actions que vous pouvez mettre en place afin de parvenir \u00e0 vos objectifs et toucher v...","breadcrumb":{"@id":"https:\/\/infolocale.ouest-france.fr\/blog\/rentree-des-associations-relancer-son-association-en-septembre\/#breadcrumb"},"inLanguage":"fr-FR","potentialAction":[{"@type":"ReadAction","target":["https:\/\/infolocale.ouest-france.fr\/blog\/rentree-des-associations-relancer-son-association-en-septembre\/"]}]},{"@type":"ImageObject","inLanguage":"fr-FR","@id":"https:\/\/infolocale.ouest-france.fr\/blog\/rentree-des-associations-relancer-son-association-en-septembre\/#primaryimage","url":"https:\/\/infolocale.20minutes.fr\/blog\/wp-content\/uploads\/2023\/08\/rentree-des-associations-1.jpg","contentUrl":"https:\/\/infolocale.20minutes.fr\/blog\/wp-content\/uploads\/2023\/08\/rentree-des-associations-1.jpg","width":900,"height":630},{"@type":"BreadcrumbList","@id":"https:\/\/infolocale.ouest-france.fr\/blog\/rentree-des-associations-relancer-son-association-en-septembre\/#breadcrumb","itemListElement":[{"@type":"ListItem","position":1,"name":"Blog","item":"https:\/\/infolocale.ouest-france.fr\/blog\/"},{"@type":"ListItem","position":2,"name":"Pr\u00e9parer son d\u00e9but et sa fin d'ann\u00e9e","item":"https:\/\/infolocale.20minutes.fr\/blog\/cat\/preparer-son-debut-et-sa-fin-dannee\/"},{"@type":"ListItem","position":3,"name":"Rentr\u00e9e des associations : 10 actions pour relancer son association en septembre"}]},{"@type":"WebSite","@id":"https:\/\/www.infolocale.fr\/blog\/#website","url":"https:\/\/www.infolocale.fr\/blog\/","name":"","description":"","publisher":{"@id":"https:\/\/www.infolocale.fr\/blog\/#organization"},"potentialAction":[{"@type":"SearchAction","target":{"@type":"EntryPoint","urlTemplate":"https:\/\/www.infolocale.fr\/blog\/?s={search_term_string}"},"query-input":"required name=search_term_string"}],"inLanguage":"fr-FR"},{"@type":"Organization","@id":"https:\/\/www.infolocale.fr\/blog\/#organization","name":"Infolocale","url":"https:\/\/www.infolocale.fr\/blog\/","logo":{"@type":"ImageObject","inLanguage":"fr-FR","@id":"https:\/\/www.infolocale.fr\/blog\/#\/schema\/logo\/image\/","url":"https:\/\/www.infolocale.fr\/blog\/wp-content\/uploads\/2020\/11\/logol.jpg","contentUrl":"https:\/\/www.infolocale.fr\/blog\/wp-content\/uploads\/2020\/11\/logol.jpg","width":1031,"height":398,"caption":"Infolocale"},"image":{"@id":"https:\/\/www.infolocale.fr\/blog\/#\/schema\/logo\/image\/"},"sameAs":["https:\/\/www.facebook.com\/infolocaleFR\/","https:\/\/x.com\/infolocale","https:\/\/www.instagram.com\/infolocale\/","https:\/\/fr.linkedin.com\/company\/infolocale","https:\/\/www.youtube.com\/channel\/UCnv4FA8EYEuu_si3TGr7xeA"]},{"@type":"Person","@id":"https:\/\/www.infolocale.fr\/blog\/#\/schema\/person\/f0f748ece99417833166b3ba8890f3db","name":"Morgan","image":{"@type":"ImageObject","inLanguage":"fr-FR","@id":"https:\/\/www.infolocale.fr\/blog\/#\/schema\/person\/image\/","url":"https:\/\/secure.gravatar.com\/avatar\/a22ec2a0cc817ae9fa3ff7341a213632?s=96&d=mm&r=g","contentUrl":"https:\/\/secure.gravatar.com\/avatar\/a22ec2a0cc817ae9fa3ff7341a213632?s=96&d=mm&r=g","caption":"Morgan"},"url":"https:\/\/infolocale.20minutes.fr\/blog\/author\/morgan-delepine\/"}]}},"_links":{"self":[{"href":"https:\/\/infolocale.20minutes.fr\/blog\/wp-json\/wp\/v2\/posts\/23308"}],"collection":[{"href":"https:\/\/infolocale.20minutes.fr\/blog\/wp-json\/wp\/v2\/posts"}],"about":[{"href":"https:\/\/infolocale.20minutes.fr\/blog\/wp-json\/wp\/v2\/types\/post"}],"author":[{"embeddable":true,"href":"https:\/\/infolocale.20minutes.fr\/blog\/wp-json\/wp\/v2\/users\/2"}],"replies":[{"embeddable":true,"href":"https:\/\/infolocale.20minutes.fr\/blog\/wp-json\/wp\/v2\/comments?post=23308"}],"version-history":[{"count":0,"href":"https:\/\/infolocale.20minutes.fr\/blog\/wp-json\/wp\/v2\/posts\/23308\/revisions"}],"wp:featuredmedia":[{"embeddable":true,"href":"https:\/\/infolocale.20minutes.fr\/blog\/wp-json\/wp\/v2\/media\/23323"}],"wp:attachment":[{"href":"https:\/\/infolocale.20minutes.fr\/blog\/wp-json\/wp\/v2\/media?parent=23308"}],"wp:term":[{"taxonomy":"category","embeddable":true,"href":"https:\/\/infolocale.20minutes.fr\/blog\/wp-json\/wp\/v2\/categories?post=23308"},{"taxonomy":"post_tag","embeddable":true,"href":"https:\/\/infolocale.20minutes.fr\/blog\/wp-json\/wp\/v2\/tags?post=23308"}],"curies":[{"name":"wp","href":"https:\/\/api.w.org\/{rel}","templated":true}]}}