{"id":22448,"date":"2023-03-21T16:41:32","date_gmt":"2023-03-21T15:41:32","guid":{"rendered":"https:\/\/www.infolocale.fr\/blog\/?p=22448"},"modified":"2024-10-25T12:43:07","modified_gmt":"2024-10-25T10:43:07","slug":"agenda-communaute-communes-pays-sabolien","status":"publish","type":"post","link":"https:\/\/infolocale.20minutes.fr\/blog\/agenda-communaute-communes-pays-sabolien\/","title":{"rendered":"Pays Sabolien : vos contenus Infolocale sur le site de la communaut\u00e9 de communes"},"content":{"rendered":"\n<p class=\"has-black-color has-pale-cyan-blue-background-color has-text-color has-background\">La communaut\u00e9 de communes du Pays Sabolien a choisi d\u2019utiliser l\u2019agenda Infolocale pour communiquer les \u00e9v\u00e9nements organis\u00e9s sur son territoire \u00e0 ses administr\u00e9s. Cet agenda a pour vocation de permettre aux habitants ainsi qu&rsquo;aux visiteurs de se tenir informer des actualit\u00e9s des communes. Les associations, mais aussi les mairies, peuvent \u00e9galement d\u00e9poser des contenus sur Infolocale pour alimenter les supports de la collectivit\u00e9. Ces contenus, diffus\u00e9s sur le site du Pays Sabolien, sont \u00e9galement visibles sur les titres et sites Internet du groupe SIPA Ouest-France.<\/p>\n\n\n\n<div class=\"wp-block-buttons is-content-justification-center is-layout-flex wp-block-buttons-is-layout-flex\">\n<div class=\"wp-block-button\"><a class=\"wp-block-button__link has-luminous-vivid-amber-background-color has-background\" href=\"https:\/\/www.infolocale.fr\/decouvrir\/collectivites\/?int_source=blog&amp;int_medium=banner&amp;int_campaign=blog-content-artcoll\">&gt;&gt; Collectivit\u00e9s : int\u00e9grez l&rsquo;agenda culturel de votre ville sur votre site internet<\/a><\/div>\n<\/div>\n\n\n\n<p>Le Pays Sabolien, communaut\u00e9 de communes des Pays de la Loire, est compos\u00e9e de 17 communes comptabilisant 28 000 habitants. Cette derni\u00e8re est forte d&rsquo;une culture \u00e9v\u00e9nementielle, culturelle, artistique et sportive, qui attire chaque ann\u00e9e de nouveaux habitants ainsi que des visiteurs.&nbsp;&nbsp;<\/p>\n\n\n\n<p>Dans cet article, d\u00e9couvrez l&rsquo;agenda Infolocale du Pays Sabolien et comment ajouter des \u00e9v\u00e9nements simplement pour votre association ou collectivit\u00e9.<\/p>\n\n\n\n<h2 class=\"wp-block-heading\"><strong>L&rsquo;agenda du Pays Sabolien<\/strong><\/h2>\n\n\n\n<p>Le Pays Sabolien met \u00e0 disposition du grand public, un agenda culturel pour animer les informations territoriales propos\u00e9es par les acteurs locaux. <\/p>\n\n\n\n<p>L&rsquo;objectif de ce dernier est de pr\u00e9senter toutes les informations \u00e0 venir dans la communaut\u00e9 de communes.&nbsp;Un exemple parfait pour accentuer la communication et faire conna\u00eetre le territoire. <\/p>\n\n\n\n<figure class=\"wp-block-image size-full is-resized\"><img fetchpriority=\"high\" decoding=\"async\" src=\"https:\/\/www.infolocale.fr\/blog\/wp-content\/uploads\/2023\/03\/image-8.png\" alt=\"\" class=\"wp-image-22451\" width=\"544\" height=\"270\" srcset=\"https:\/\/infolocale.20minutes.fr\/blog\/wp-content\/uploads\/2023\/03\/image-8.png 524w, https:\/\/infolocale.20minutes.fr\/blog\/wp-content\/uploads\/2023\/03\/image-8-300x149.png 300w\" sizes=\"(max-width: 544px) 100vw, 544px\" \/><\/figure>\n\n\n\n<p>Son utilisation est simple. Il suffit d\u2019indiquer le nom d\u2019une commune ainsi que le type d\u2019activit\u00e9s d\u00e9sir\u00e9. Le Pays Sabolien vous propose ensuite, un panel d\u2019activit\u00e9s \u00e0 r\u00e9aliser dans les prochains jours.&nbsp;&nbsp;<\/p>\n\n\n\n<p>Plus bas dans la page, retrouvez \u00e9galement ces m\u00eames \u00e9v\u00e8nements pr\u00e9sents sur <strong>les r\u00e9seaux <\/strong>sociaux du Pays Sabolien (Facebook, Instagram, LinkedIn, Twitter).&nbsp;<\/p>\n\n\n\n<figure class=\"wp-block-image size-full is-resized\"><img decoding=\"async\" src=\"https:\/\/www.infolocale.fr\/blog\/wp-content\/uploads\/2023\/03\/image-9.png\" alt=\"\" class=\"wp-image-22452\" width=\"549\" height=\"243\" srcset=\"https:\/\/infolocale.20minutes.fr\/blog\/wp-content\/uploads\/2023\/03\/image-9.png 502w, https:\/\/infolocale.20minutes.fr\/blog\/wp-content\/uploads\/2023\/03\/image-9-300x133.png 300w\" sizes=\"(max-width: 549px) 100vw, 549px\" \/><\/figure>\n\n\n\n<h2 class=\"wp-block-heading\"><strong>Comment appara\u00eetre dans l\u2019agenda du Pays Sabolien<\/strong>&nbsp;?<\/h2>\n\n\n\n<p>Votre organisme\/association&nbsp;organise des \u00e9v\u00e9nements sur le territoire du <a href=\"https:\/\/www.payssabolien.fr\/\">Pays Sabolien<\/a> ? Pour appara\u00eetre dans l&rsquo;agenda du Pays Sabolien, rien de plus simple. <\/p>\n\n\n\n<p>Inscrivez gratuitement votre organisme sur <a href=\"https:\/\/www.infolocale.fr\/decouvrir\/pays-sabolien\/\">Infolocale<\/a> et d\u00e9posez vos annonces.<\/p>\n\n\n\n<p>En plus de la diffusion sur les sites de la communaut\u00e9 de communes, les \u00e9v\u00e9nements et activit\u00e9s d\u00e9pos\u00e9s par les utilisateurs d&rsquo;Infolocale seront diffus\u00e9s dans les pages des journaux et sites internet du groupe SIPA Ouest-France, offrant ainsi une forte exposition suppl\u00e9mentaire \u00e0 votre organisme. En Pays Sabolien, vos contenus peuvent ainsi apparaitre dans les pages des \u00e9ditions papier d&rsquo;Ouest-France, ainsi que dans Les Nouvelles de Sabl\u00e9.<\/p>\n\n\n\n<p>Sur internet, vos contenus pourront apparaitre sur les sites internet de <a href=\"https:\/\/www.ouest-france.fr\/\">Ouest-France<\/a>, <a href=\"https:\/\/actu.fr\/les-nouvelles-de-sable\/\">Actu.fr pour les Nouvelles de Sabl\u00e9<\/a>, sur le site Infolocale pr\u00e9sent sur <a href=\"https:\/\/infolocale.actu.fr\/\">actu.fr<\/a> et celui pr\u00e9sent sur <a href=\"https:\/\/infolocale.20minutes.fr\/\">20 minutes<\/a>.<\/p>\n\n\n\n<div class=\"wp-block-image\"><figure class=\"aligncenter size-large is-resized\"><a href=\"https:\/\/www.infolocale.fr\/decouvrir\/collectivites\/?utm_source=blog&amp;utm_medium=banner&amp;utm_campaign=blog-content-artcoll\"><img decoding=\"async\" src=\"https:\/\/www.infolocale.fr\/blog\/wp-content\/uploads\/2023\/03\/Bannieres-Blog-1024x910.png\" alt=\"\" class=\"wp-image-22379\" width=\"608\" height=\"540\" srcset=\"https:\/\/infolocale.20minutes.fr\/blog\/wp-content\/uploads\/2023\/03\/Bannieres-Blog-1024x910.png 1024w, https:\/\/infolocale.20minutes.fr\/blog\/wp-content\/uploads\/2023\/03\/Bannieres-Blog-300x267.png 300w, https:\/\/infolocale.20minutes.fr\/blog\/wp-content\/uploads\/2023\/03\/Bannieres-Blog-768x683.png 768w, https:\/\/infolocale.20minutes.fr\/blog\/wp-content\/uploads\/2023\/03\/Bannieres-Blog-1536x1366.png 1536w, https:\/\/infolocale.20minutes.fr\/blog\/wp-content\/uploads\/2023\/03\/Bannieres-Blog.png 1875w\" sizes=\"(max-width: 608px) 100vw, 608px\" \/><\/a><\/figure><\/div>\n\n\n\n<h2 class=\"wp-block-heading\"><strong>Collectivit\u00e9s : comment int\u00e9grer un agenda des \u00e9v\u00e9nements sur vos sites internet ?<\/strong>&nbsp;&nbsp;<\/h2>\n\n\n\n<p>Notre offre \u00ab\u00a0collectivit\u00e9s\u00a0\u00bb relaie les informations de votre commune pr\u00e9sentes sur Infolocale pour les diffuser sur les canaux de communication de votre collectivit\u00e9. Evitez la double saisie en ne copiant qu&rsquo;une seule fois vos actualit\u00e9s sur Infolocale et profitez des contenus diffus\u00e9s automatiquement sur vos diff\u00e9rents supports de communication tels que vos sites, vos p\u00e9riodiques et vos panneaux lumineux.<\/p>\n\n\n\n<p>Vous souhaitez diffuser les contenus de votre territoire pr\u00e9sents sur Infolocale ? Vous voulez int\u00e9grer un <a href=\"https:\/\/www.infolocale.fr\/blog\/agenda-culturel-collectivite\/\" target=\"_blank\" rel=\"noreferrer noopener\">agenda des sorties de votre territoire<\/a> sur votre site internet ?&nbsp;<\/p>\n\n\n\n<p>Quelle que soit votre entit\u00e9 (commune, communaut\u00e9 de communes), vous trouverez facilement l&rsquo;offre adapt\u00e9e \u00e0 vos besoins.<\/p>\n\n\n\n<p>Pour cela, rien de plus simple, rendez-vous sur notre page <a href=\"https:\/\/www.infolocale.fr\/decouvrir\/collectivites\/?int_source=blog&amp;int_medium=banner&amp;int_campaign=blog-content-artcoll\">collectivit\u00e9s<\/a>. Vous y trouverez tous les d\u00e9tails de notre offre ainsi qu\u2019un formulaire pour nous contacter. Nous nous ferons un plaisir d&rsquo;\u00e9changer pour mettre en place l&rsquo;offre correspondant \u00e0 vos besoins.&nbsp;<\/p>\n","protected":false},"excerpt":{"rendered":"<p>La communaut\u00e9 de communes du Pays Sabolien a choisi d\u2019utiliser l\u2019agenda Infolocale pour communiquer les \u00e9v\u00e9nements organis\u00e9s sur son territoire \u00e0 ses administr\u00e9s. Cet agenda [&hellip;]<\/p>\n","protected":false},"author":16,"featured_media":22550,"comment_status":"open","ping_status":"open","sticky":false,"template":"","format":"standard","meta":{"_coblocks_attr":"","_coblocks_dimensions":"","_coblocks_responsive_height":"","_coblocks_accordion_ie_support":"","_mo_disable_npp":"","footnotes":""},"categories":[75],"tags":[107,86],"class_list":["post-22448","post","type-post","status-publish","format-standard","has-post-thumbnail","hentry","category-communication-des-institutions-et-collectivites","tag-diffusion","tag-fonctionnalites"],"yoast_head":"<!-- This site is optimized with the Yoast SEO plugin v23.2 - https:\/\/yoast.com\/wordpress\/plugins\/seo\/ -->\n<title>Comment communiquer sur l&#039;agenda communal du Pays Sabolien ?<\/title>\n<meta name=\"description\" content=\"Profitez de l&#039;agenda culturel de la communaut\u00e9 de communes du Pays Sabolien mettant en avant les initiatives locales du territoire.\" \/>\n<meta name=\"robots\" content=\"index, follow, max-snippet:-1, max-image-preview:large, max-video-preview:-1\" \/>\n<link rel=\"canonical\" href=\"https:\/\/www.infolocale.fr\/blog\/agenda-communaute-communes-pays-sabolien\/\" \/>\n<meta property=\"og:locale\" content=\"fr_FR\" \/>\n<meta property=\"og:type\" content=\"article\" \/>\n<meta property=\"og:title\" content=\"Comment communiquer sur l&#039;agenda communal du Pays Sabolien ?\" \/>\n<meta property=\"og:description\" content=\"Profitez de l&#039;agenda culturel de la communaut\u00e9 de communes du Pays Sabolien mettant en avant les initiatives locales du territoire.\" \/>\n<meta property=\"og:url\" content=\"https:\/\/www.infolocale.fr\/blog\/agenda-communaute-communes-pays-sabolien\/\" \/>\n<meta property=\"article:publisher\" content=\"https:\/\/www.facebook.com\/infolocaleFR\/\" \/>\n<meta property=\"article:published_time\" content=\"2023-03-21T15:41:32+00:00\" \/>\n<meta property=\"article:modified_time\" content=\"2024-10-25T10:43:07+00:00\" \/>\n<meta property=\"og:image\" content=\"https:\/\/www.infolocale.fr\/blog\/wp-content\/uploads\/2023\/03\/MicrosoftTeams-image-3-1.jpg\" \/>\n\t<meta property=\"og:image:width\" content=\"900\" \/>\n\t<meta property=\"og:image:height\" content=\"630\" \/>\n\t<meta property=\"og:image:type\" content=\"image\/jpeg\" \/>\n<meta name=\"author\" content=\"Antoine\" \/>\n<meta name=\"twitter:card\" content=\"summary_large_image\" \/>\n<meta name=\"twitter:creator\" content=\"@infolocale\" \/>\n<meta name=\"twitter:site\" content=\"@infolocale\" \/>\n<meta name=\"twitter:label1\" content=\"\u00c9crit par\" \/>\n\t<meta name=\"twitter:data1\" content=\"Antoine\" \/>\n\t<meta name=\"twitter:label2\" content=\"Dur\u00e9e de lecture estim\u00e9e\" \/>\n\t<meta name=\"twitter:data2\" content=\"10 minutes\" \/>\n<script type=\"application\/ld+json\" class=\"yoast-schema-graph\">{\"@context\":\"https:\/\/schema.org\",\"@graph\":[{\"@type\":\"Article\",\"@id\":\"https:\/\/www.infolocale.fr\/blog\/agenda-communaute-communes-pays-sabolien\/#article\",\"isPartOf\":{\"@id\":\"https:\/\/www.infolocale.fr\/blog\/agenda-communaute-communes-pays-sabolien\/\"},\"author\":{\"name\":\"Antoine\",\"@id\":\"https:\/\/www.infolocale.fr\/blog\/#\/schema\/person\/fa11e8a9723224e0eed944339ea01418\"},\"headline\":\"Pays Sabolien : vos contenus Infolocale sur le site de la communaut\u00e9 de communes\",\"datePublished\":\"2023-03-21T15:41:32+00:00\",\"dateModified\":\"2024-10-25T10:43:07+00:00\",\"mainEntityOfPage\":{\"@id\":\"https:\/\/www.infolocale.fr\/blog\/agenda-communaute-communes-pays-sabolien\/\"},\"wordCount\":621,\"commentCount\":0,\"publisher\":{\"@id\":\"https:\/\/www.infolocale.fr\/blog\/#organization\"},\"image\":{\"@id\":\"https:\/\/www.infolocale.fr\/blog\/agenda-communaute-communes-pays-sabolien\/#primaryimage\"},\"thumbnailUrl\":\"https:\/\/infolocale.20minutes.fr\/blog\/wp-content\/uploads\/2023\/03\/MicrosoftTeams-image-3-1.jpg\",\"keywords\":[\"diffusion\",\"Tout savoir sur Infolocale\"],\"articleSection\":[\"Communication des institutions et collectivit\u00e9s\"],\"inLanguage\":\"fr-FR\",\"potentialAction\":[{\"@type\":\"CommentAction\",\"name\":\"Comment\",\"target\":[\"https:\/\/www.infolocale.fr\/blog\/agenda-communaute-communes-pays-sabolien\/#respond\"]}]},{\"@type\":\"WebPage\",\"@id\":\"https:\/\/www.infolocale.fr\/blog\/agenda-communaute-communes-pays-sabolien\/\",\"url\":\"https:\/\/www.infolocale.fr\/blog\/agenda-communaute-communes-pays-sabolien\/\",\"name\":\"Comment communiquer sur l'agenda communal du Pays Sabolien ?\",\"isPartOf\":{\"@id\":\"https:\/\/www.infolocale.fr\/blog\/#website\"},\"primaryImageOfPage\":{\"@id\":\"https:\/\/www.infolocale.fr\/blog\/agenda-communaute-communes-pays-sabolien\/#primaryimage\"},\"image\":{\"@id\":\"https:\/\/www.infolocale.fr\/blog\/agenda-communaute-communes-pays-sabolien\/#primaryimage\"},\"thumbnailUrl\":\"https:\/\/infolocale.20minutes.fr\/blog\/wp-content\/uploads\/2023\/03\/MicrosoftTeams-image-3-1.jpg\",\"datePublished\":\"2023-03-21T15:41:32+00:00\",\"dateModified\":\"2024-10-25T10:43:07+00:00\",\"description\":\"Profitez de l'agenda culturel de la communaut\u00e9 de communes du Pays Sabolien mettant en avant les initiatives locales du territoire.\",\"breadcrumb\":{\"@id\":\"https:\/\/www.infolocale.fr\/blog\/agenda-communaute-communes-pays-sabolien\/#breadcrumb\"},\"inLanguage\":\"fr-FR\",\"potentialAction\":[{\"@type\":\"ReadAction\",\"target\":[\"https:\/\/www.infolocale.fr\/blog\/agenda-communaute-communes-pays-sabolien\/\"]}]},{\"@type\":\"ImageObject\",\"inLanguage\":\"fr-FR\",\"@id\":\"https:\/\/www.infolocale.fr\/blog\/agenda-communaute-communes-pays-sabolien\/#primaryimage\",\"url\":\"https:\/\/infolocale.20minutes.fr\/blog\/wp-content\/uploads\/2023\/03\/MicrosoftTeams-image-3-1.jpg\",\"contentUrl\":\"https:\/\/infolocale.20minutes.fr\/blog\/wp-content\/uploads\/2023\/03\/MicrosoftTeams-image-3-1.jpg\",\"width\":900,\"height\":630},{\"@type\":\"BreadcrumbList\",\"@id\":\"https:\/\/www.infolocale.fr\/blog\/agenda-communaute-communes-pays-sabolien\/#breadcrumb\",\"itemListElement\":[{\"@type\":\"ListItem\",\"position\":1,\"name\":\"Blog\",\"item\":\"https:\/\/infolocale.ouest-france.fr\/blog\/\"},{\"@type\":\"ListItem\",\"position\":2,\"name\":\"Communication des institutions et collectivit\u00e9s\",\"item\":\"https:\/\/infolocale.ouest-france.fr\/blog\/cat\/communication-des-institutions-et-collectivites\/\"},{\"@type\":\"ListItem\",\"position\":3,\"name\":\"Pays Sabolien : vos contenus Infolocale sur le site de la communaut\u00e9 de communes\"}]},{\"@type\":\"WebSite\",\"@id\":\"https:\/\/www.infolocale.fr\/blog\/#website\",\"url\":\"https:\/\/www.infolocale.fr\/blog\/\",\"name\":\"\",\"description\":\"\",\"publisher\":{\"@id\":\"https:\/\/www.infolocale.fr\/blog\/#organization\"},\"potentialAction\":[{\"@type\":\"SearchAction\",\"target\":{\"@type\":\"EntryPoint\",\"urlTemplate\":\"https:\/\/www.infolocale.fr\/blog\/?s={search_term_string}\"},\"query-input\":\"required name=search_term_string\"}],\"inLanguage\":\"fr-FR\"},{\"@type\":\"Organization\",\"@id\":\"https:\/\/www.infolocale.fr\/blog\/#organization\",\"name\":\"Infolocale\",\"url\":\"https:\/\/www.infolocale.fr\/blog\/\",\"logo\":{\"@type\":\"ImageObject\",\"inLanguage\":\"fr-FR\",\"@id\":\"https:\/\/www.infolocale.fr\/blog\/#\/schema\/logo\/image\/\",\"url\":\"https:\/\/www.infolocale.fr\/blog\/wp-content\/uploads\/2020\/11\/logol.jpg\",\"contentUrl\":\"https:\/\/www.infolocale.fr\/blog\/wp-content\/uploads\/2020\/11\/logol.jpg\",\"width\":1031,\"height\":398,\"caption\":\"Infolocale\"},\"image\":{\"@id\":\"https:\/\/www.infolocale.fr\/blog\/#\/schema\/logo\/image\/\"},\"sameAs\":[\"https:\/\/www.facebook.com\/infolocaleFR\/\",\"https:\/\/x.com\/infolocale\",\"https:\/\/www.instagram.com\/infolocale\/\",\"https:\/\/fr.linkedin.com\/company\/infolocale\",\"https:\/\/www.youtube.com\/channel\/UCnv4FA8EYEuu_si3TGr7xeA\"]},{\"@type\":\"Person\",\"@id\":\"https:\/\/www.infolocale.fr\/blog\/#\/schema\/person\/fa11e8a9723224e0eed944339ea01418\",\"name\":\"Antoine\",\"image\":{\"@type\":\"ImageObject\",\"inLanguage\":\"fr-FR\",\"@id\":\"https:\/\/www.infolocale.fr\/blog\/#\/schema\/person\/image\/\",\"url\":\"https:\/\/secure.gravatar.com\/avatar\/f4faca388e2832c4b07a39c2cf774061?s=96&d=mm&r=g\",\"contentUrl\":\"https:\/\/secure.gravatar.com\/avatar\/f4faca388e2832c4b07a39c2cf774061?s=96&d=mm&r=g\",\"caption\":\"Antoine\"},\"url\":\"https:\/\/infolocale.20minutes.fr\/blog\/author\/antoine-lecerf\/\"}]}<\/script>\n<!-- \/ Yoast SEO plugin. -->","yoast_head_json":{"title":"Comment communiquer sur l'agenda communal du Pays Sabolien ?","description":"Profitez de l'agenda culturel de la communaut\u00e9 de communes du Pays Sabolien mettant en avant les initiatives locales du territoire.","robots":{"index":"index","follow":"follow","max-snippet":"max-snippet:-1","max-image-preview":"max-image-preview:large","max-video-preview":"max-video-preview:-1"},"canonical":"https:\/\/www.infolocale.fr\/blog\/agenda-communaute-communes-pays-sabolien\/","og_locale":"fr_FR","og_type":"article","og_title":"Comment communiquer sur l'agenda communal du Pays Sabolien ?","og_description":"Profitez de l'agenda culturel de la communaut\u00e9 de communes du Pays Sabolien mettant en avant les initiatives locales du territoire.","og_url":"https:\/\/www.infolocale.fr\/blog\/agenda-communaute-communes-pays-sabolien\/","article_publisher":"https:\/\/www.facebook.com\/infolocaleFR\/","article_published_time":"2023-03-21T15:41:32+00:00","article_modified_time":"2024-10-25T10:43:07+00:00","og_image":[{"width":900,"height":630,"url":"https:\/\/www.infolocale.fr\/blog\/wp-content\/uploads\/2023\/03\/MicrosoftTeams-image-3-1.jpg","type":"image\/jpeg"}],"author":"Antoine","twitter_card":"summary_large_image","twitter_creator":"@infolocale","twitter_site":"@infolocale","twitter_misc":{"\u00c9crit par":"Antoine","Dur\u00e9e de lecture estim\u00e9e":"10 minutes"},"schema":{"@context":"https:\/\/schema.org","@graph":[{"@type":"Article","@id":"https:\/\/www.infolocale.fr\/blog\/agenda-communaute-communes-pays-sabolien\/#article","isPartOf":{"@id":"https:\/\/www.infolocale.fr\/blog\/agenda-communaute-communes-pays-sabolien\/"},"author":{"name":"Antoine","@id":"https:\/\/www.infolocale.fr\/blog\/#\/schema\/person\/fa11e8a9723224e0eed944339ea01418"},"headline":"Pays Sabolien : vos contenus Infolocale sur le site de la communaut\u00e9 de communes","datePublished":"2023-03-21T15:41:32+00:00","dateModified":"2024-10-25T10:43:07+00:00","mainEntityOfPage":{"@id":"https:\/\/www.infolocale.fr\/blog\/agenda-communaute-communes-pays-sabolien\/"},"wordCount":621,"commentCount":0,"publisher":{"@id":"https:\/\/www.infolocale.fr\/blog\/#organization"},"image":{"@id":"https:\/\/www.infolocale.fr\/blog\/agenda-communaute-communes-pays-sabolien\/#primaryimage"},"thumbnailUrl":"https:\/\/infolocale.20minutes.fr\/blog\/wp-content\/uploads\/2023\/03\/MicrosoftTeams-image-3-1.jpg","keywords":["diffusion","Tout savoir sur Infolocale"],"articleSection":["Communication des institutions et collectivit\u00e9s"],"inLanguage":"fr-FR","potentialAction":[{"@type":"CommentAction","name":"Comment","target":["https:\/\/www.infolocale.fr\/blog\/agenda-communaute-communes-pays-sabolien\/#respond"]}]},{"@type":"WebPage","@id":"https:\/\/www.infolocale.fr\/blog\/agenda-communaute-communes-pays-sabolien\/","url":"https:\/\/www.infolocale.fr\/blog\/agenda-communaute-communes-pays-sabolien\/","name":"Comment communiquer sur l'agenda communal du Pays Sabolien ?","isPartOf":{"@id":"https:\/\/www.infolocale.fr\/blog\/#website"},"primaryImageOfPage":{"@id":"https:\/\/www.infolocale.fr\/blog\/agenda-communaute-communes-pays-sabolien\/#primaryimage"},"image":{"@id":"https:\/\/www.infolocale.fr\/blog\/agenda-communaute-communes-pays-sabolien\/#primaryimage"},"thumbnailUrl":"https:\/\/infolocale.20minutes.fr\/blog\/wp-content\/uploads\/2023\/03\/MicrosoftTeams-image-3-1.jpg","datePublished":"2023-03-21T15:41:32+00:00","dateModified":"2024-10-25T10:43:07+00:00","description":"Profitez de l'agenda culturel de la communaut\u00e9 de communes du Pays Sabolien mettant en avant les initiatives locales du territoire.","breadcrumb":{"@id":"https:\/\/www.infolocale.fr\/blog\/agenda-communaute-communes-pays-sabolien\/#breadcrumb"},"inLanguage":"fr-FR","potentialAction":[{"@type":"ReadAction","target":["https:\/\/www.infolocale.fr\/blog\/agenda-communaute-communes-pays-sabolien\/"]}]},{"@type":"ImageObject","inLanguage":"fr-FR","@id":"https:\/\/www.infolocale.fr\/blog\/agenda-communaute-communes-pays-sabolien\/#primaryimage","url":"https:\/\/infolocale.20minutes.fr\/blog\/wp-content\/uploads\/2023\/03\/MicrosoftTeams-image-3-1.jpg","contentUrl":"https:\/\/infolocale.20minutes.fr\/blog\/wp-content\/uploads\/2023\/03\/MicrosoftTeams-image-3-1.jpg","width":900,"height":630},{"@type":"BreadcrumbList","@id":"https:\/\/www.infolocale.fr\/blog\/agenda-communaute-communes-pays-sabolien\/#breadcrumb","itemListElement":[{"@type":"ListItem","position":1,"name":"Blog","item":"https:\/\/infolocale.ouest-france.fr\/blog\/"},{"@type":"ListItem","position":2,"name":"Communication des institutions et collectivit\u00e9s","item":"https:\/\/infolocale.ouest-france.fr\/blog\/cat\/communication-des-institutions-et-collectivites\/"},{"@type":"ListItem","position":3,"name":"Pays Sabolien : vos contenus Infolocale sur le site de la communaut\u00e9 de communes"}]},{"@type":"WebSite","@id":"https:\/\/www.infolocale.fr\/blog\/#website","url":"https:\/\/www.infolocale.fr\/blog\/","name":"","description":"","publisher":{"@id":"https:\/\/www.infolocale.fr\/blog\/#organization"},"potentialAction":[{"@type":"SearchAction","target":{"@type":"EntryPoint","urlTemplate":"https:\/\/www.infolocale.fr\/blog\/?s={search_term_string}"},"query-input":"required name=search_term_string"}],"inLanguage":"fr-FR"},{"@type":"Organization","@id":"https:\/\/www.infolocale.fr\/blog\/#organization","name":"Infolocale","url":"https:\/\/www.infolocale.fr\/blog\/","logo":{"@type":"ImageObject","inLanguage":"fr-FR","@id":"https:\/\/www.infolocale.fr\/blog\/#\/schema\/logo\/image\/","url":"https:\/\/www.infolocale.fr\/blog\/wp-content\/uploads\/2020\/11\/logol.jpg","contentUrl":"https:\/\/www.infolocale.fr\/blog\/wp-content\/uploads\/2020\/11\/logol.jpg","width":1031,"height":398,"caption":"Infolocale"},"image":{"@id":"https:\/\/www.infolocale.fr\/blog\/#\/schema\/logo\/image\/"},"sameAs":["https:\/\/www.facebook.com\/infolocaleFR\/","https:\/\/x.com\/infolocale","https:\/\/www.instagram.com\/infolocale\/","https:\/\/fr.linkedin.com\/company\/infolocale","https:\/\/www.youtube.com\/channel\/UCnv4FA8EYEuu_si3TGr7xeA"]},{"@type":"Person","@id":"https:\/\/www.infolocale.fr\/blog\/#\/schema\/person\/fa11e8a9723224e0eed944339ea01418","name":"Antoine","image":{"@type":"ImageObject","inLanguage":"fr-FR","@id":"https:\/\/www.infolocale.fr\/blog\/#\/schema\/person\/image\/","url":"https:\/\/secure.gravatar.com\/avatar\/f4faca388e2832c4b07a39c2cf774061?s=96&d=mm&r=g","contentUrl":"https:\/\/secure.gravatar.com\/avatar\/f4faca388e2832c4b07a39c2cf774061?s=96&d=mm&r=g","caption":"Antoine"},"url":"https:\/\/infolocale.20minutes.fr\/blog\/author\/antoine-lecerf\/"}]}},"_links":{"self":[{"href":"https:\/\/infolocale.20minutes.fr\/blog\/wp-json\/wp\/v2\/posts\/22448"}],"collection":[{"href":"https:\/\/infolocale.20minutes.fr\/blog\/wp-json\/wp\/v2\/posts"}],"about":[{"href":"https:\/\/infolocale.20minutes.fr\/blog\/wp-json\/wp\/v2\/types\/post"}],"author":[{"embeddable":true,"href":"https:\/\/infolocale.20minutes.fr\/blog\/wp-json\/wp\/v2\/users\/16"}],"replies":[{"embeddable":true,"href":"https:\/\/infolocale.20minutes.fr\/blog\/wp-json\/wp\/v2\/comments?post=22448"}],"version-history":[{"count":0,"href":"https:\/\/infolocale.20minutes.fr\/blog\/wp-json\/wp\/v2\/posts\/22448\/revisions"}],"wp:featuredmedia":[{"embeddable":true,"href":"https:\/\/infolocale.20minutes.fr\/blog\/wp-json\/wp\/v2\/media\/22550"}],"wp:attachment":[{"href":"https:\/\/infolocale.20minutes.fr\/blog\/wp-json\/wp\/v2\/media?parent=22448"}],"wp:term":[{"taxonomy":"category","embeddable":true,"href":"https:\/\/infolocale.20minutes.fr\/blog\/wp-json\/wp\/v2\/categories?post=22448"},{"taxonomy":"post_tag","embeddable":true,"href":"https:\/\/infolocale.20minutes.fr\/blog\/wp-json\/wp\/v2\/tags?post=22448"}],"curies":[{"name":"wp","href":"https:\/\/api.w.org\/{rel}","templated":true}]}}