{"id":22202,"date":"2023-03-01T12:04:17","date_gmt":"2023-03-01T11:04:17","guid":{"rendered":"https:\/\/www.infolocale.fr\/blog\/?p=22202"},"modified":"2026-05-13T17:34:45","modified_gmt":"2026-05-13T15:34:45","slug":"droit-a-limage","status":"publish","type":"post","link":"https:\/\/infolocale.20minutes.fr\/blog\/droit-a-limage\/","title":{"rendered":"Droit \u00e0 l&rsquo;image : peut-on diffuser les photos prises sur les \u00e9v\u00e9nements de son association ?"},"content":{"rendered":"\n<p><mark style=\"background-color:#8ed1fc\" class=\"has-inline-color\">Le droit \u00e0 l&rsquo;image soul\u00e8ve souvent de nombreuses questions pour les associations et les \u00e9coles. Cet article r\u00e9sume de fa\u00e7on claire les r\u00e8gles \u00e0 respecter pour publier vos photos en toute l\u00e9galit\u00e9, notamment sur Infolocale. Autorisations, exceptions et r\u00e9centes lois de 2024 sur les mineurs : voici l&rsquo;essentiel pour communiquer sereinement et \u00e9viter les litiges.<\/mark><\/p>\n\n\n\n<div class=\"wp-block-buttons is-horizontal is-content-justification-center is-layout-flex wp-container-core-buttons-is-layout-1 wp-block-buttons-is-layout-flex\">\n<div class=\"wp-block-button\"><a class=\"wp-block-button__link has-white-color has-luminous-vivid-amber-background-color has-text-color has-background wp-element-button\"><strong>&gt;&gt;Inscrire mon asso \u00e0 Infolocale <\/strong><\/a><\/div>\n<\/div>\n\n\n\n<p>Le droit \u00e0 l&rsquo;image interdit de publier la photo d&rsquo;une personne identifiable sans son accord pr\u00e9alable. Cette interdiction s&rsquo;applique m\u00eame dans un lieu public ! Toutefois, le droit \u00e0 l&rsquo;information offre une exception. Vous pouvez diffuser des images de rassemblements publics pour informer. Cette d\u00e9marche exclut strictement toute utilisation commerciale.<\/p>\n\n\n\n<p>Votre association peut donc illustrer ses \u00e9v\u00e9nements sans demander d&rsquo;autorisation pr\u00e9alable. Pour se prot\u00e9ger, les \u00e9coles et les associations anticipent souvent ce point l\u00e9gal. Elles font signer des formulaires d&rsquo;autorisation lors de l&rsquo;inscription des enfants. Ces documents couvrent l&rsquo;ensemble des sorties et des \u00e9v\u00e9nements scolaires.<\/p>\n\n\n\n<p>Une personne photographi\u00e9e sans son accord peut exiger le retrait de l&rsquo;image. En cas de refus, elle peut engager des poursuites judiciaires. Finalement, une r\u00e8gle stricte s&rsquo;applique aux utilisateurs d&rsquo;Infolocale. Vous devez syst\u00e9matiquement obtenir une autorisation avant de publier des photos d&rsquo;enfants mineurs sur notre site.<\/p>\n\n\n\n<h2 class=\"wp-block-heading\">Quelles sont les r\u00e8gles du droit \u00e0 l&rsquo;image ?<\/h2>\n\n\n\n<p>La r\u00e8gle sur le droit \u00e0 l&rsquo;image est parfois floue ou m\u00e9connue. De plus, on entend souvent tout et son contraire \u00e0 son sujet. Peut-on utiliser une photo d\u00e8s lors qu&rsquo;elle est prise dans un lieu public ? Doit-on obligatoirement faire une demande avant toute utilisation d&rsquo;une image ?<\/p>\n\n\n\n<p>Cet article d\u00e9taille le fonctionnement du droit \u00e0 l&rsquo;image. Nous expliquons aussi comment l&rsquo;appliquer sur la plateforme Infolocale. Faisons le point ensemble.<\/p>\n\n\n\n<h3 class=\"wp-block-heading\">D\u00e9finition : Sur internet ou dans la presse ; qu&rsquo;est-ce que le droit \u00e0 l&rsquo;image ?<\/h3>\n\n\n\n<p>Le droit \u00e0 l&rsquo;image vous donne un contr\u00f4le total. Vous pouvez autoriser ou interdire la diffusion de votre portrait. Cela concerne internet, la presse \u00e9crite et tout autre support num\u00e9rique.<\/p>\n\n\n\n<h3 class=\"wp-block-heading\">Les photos prises dans un lieu public tombent-elles sous la loi du droit \u00e0 l&rsquo;image ?&nbsp;&nbsp;<\/h3>\n\n\n\n<p>Oui les images prises dans les lieux publics doivent, elles aussi, respecter le droit \u00e0 l&rsquo;image ! Cette interdiction vaut donc, m\u00eame si l&rsquo;image a \u00e9t\u00e9 prise dans la rue ou dans un jardin public.<\/p>\n\n\n\n<p>De plus, cette interdiction vaut pour tous les supports, qu&rsquo;ils soient vid\u00e9os ou photos. Cependant, elle ne vaut que pour des contenus sur lesquels vous \u00eates clairement identifiable et isol\u00e9.<\/p>\n\n\n<div class=\"wp-block-image is-resized\">\n<figure class=\"aligncenter size-large has-lightbox\"><a href=\"https:\/\/www.infolocale.fr\/decouvrir\/deposant\/?utm_source=blog&amp;utm_medium=banner&amp;utm_campaign=blog-content\"><img fetchpriority=\"high\" decoding=\"async\" width=\"1024\" height=\"1024\" src=\"https:\/\/www.infolocale.fr\/blog\/wp-content\/uploads\/2021\/11\/banniere-NLDASSO-carree1500x1500-1024x1024.jpg\" alt=\"\" class=\"wp-image-23946\" srcset=\"https:\/\/infolocale.20minutes.fr\/blog\/wp-content\/uploads\/2021\/11\/banniere-NLDASSO-carree1500x1500-1024x1024.jpg 1024w, https:\/\/infolocale.20minutes.fr\/blog\/wp-content\/uploads\/2021\/11\/banniere-NLDASSO-carree1500x1500-300x300.jpg 300w, https:\/\/infolocale.20minutes.fr\/blog\/wp-content\/uploads\/2021\/11\/banniere-NLDASSO-carree1500x1500-150x150.jpg 150w, https:\/\/infolocale.20minutes.fr\/blog\/wp-content\/uploads\/2021\/11\/banniere-NLDASSO-carree1500x1500-768x768.jpg 768w, https:\/\/infolocale.20minutes.fr\/blog\/wp-content\/uploads\/2021\/11\/banniere-NLDASSO-carree1500x1500.jpg 1500w\" sizes=\"(max-width: 1024px) 100vw, 1024px\" \/><\/a><\/figure><\/div>\n\n\n<h2 class=\"wp-block-heading\">Comment r\u00e9diger une demande d&rsquo;autorisation d&rsquo;utilisation d&rsquo;une photo \u00e0 une personne photographi\u00e9e ?<\/h2>\n\n\n\n<p>Pour toute diffusion de l&rsquo;image d&rsquo;une personne en photo, il est imp\u00e9ratif d&rsquo;avoir un accord pr\u00e9alable \u00e9crit. Ici, en cas de plainte d\u00e9pos\u00e9e par le sujet de la photo, un accord oral n&rsquo;aura aucune validit\u00e9.<\/p>\n\n\n\n<p>Un photographe souhaite exploiter votre image ? Il doit vous faire signer un document sp\u00e9cifique. Ce contrat d\u00e9finit le cadre pr\u00e9cis de la publication. Il fixe le contexte et les limites d&rsquo;utilisation.<\/p>\n\n\n\n<p>Ainsi, cette demande doit pr\u00e9ciser :<\/p>\n\n\n\n<ul class=\"wp-block-list\">\n<li>l&rsquo;endroit o\u00f9 celle-ci sera diffus\u00e9e (titre de la publication, nom du site internet)<\/li>\n\n\n\n<li>la dur\u00e9e durant laquelle il pourra exploiter cette photo de vous.<\/li>\n\n\n\n<li>l&rsquo;objectif de la publication<\/li>\n<\/ul>\n\n\n\n<p>Le photographe souhaite r\u00e9utiliser cette m\u00eame photo dans un autre contexte ? Il doit alors renouveler sa demande aupr\u00e8s de vous. Sans nouvel accord, la photo ne pourra pas \u00eatre r\u00e9utilis\u00e9e.<\/p>\n\n\n\n<h3 class=\"wp-block-heading\">Comment prot\u00e9ger votre association et utiliser les photos de vos \u00e9v\u00e9nements dans votre communication ?<\/h3>\n\n\n\n<p>Ce cas se pr\u00e9sente surtout pour les structures organisant des \u00e9v\u00e9nements avec des enfants mineurs. Ici, il est important que votre organisation se prot\u00e8ge en amont. En effet, les \u00e9coles et les associations organisent des sorties ou des matchs. Ces sorties sont r\u00e9guli\u00e8rement couvertes par un accompagnateur. Celui-ci fait g\u00e9n\u00e9ralement des photos qui ont vocation \u00e0 \u00eatre diffus\u00e9es dans <a href=\"https:\/\/www.infolocale.fr\/blog\/relations-presse-association\/\">la presse<\/a>, sur <a href=\"https:\/\/www.infolocale.fr\/blog\/blog-pour-association\/\">Infolocale<\/a>, ou sur les <a href=\"https:\/\/www.infolocale.fr\/blog\/communiquer-reseaux-sociaux\/\">r\u00e9seaux sociaux<\/a> de la structure.<\/p>\n\n\n\n<p>G\u00e9rer ces accords \u00e9v\u00e9nement par \u00e9v\u00e9nement devient rapidement tr\u00e8s chronophage. Pour simplifier, ces organisations agissent d\u00e8s le d\u00e9but de l&rsquo;ann\u00e9e. Elles font signer une autorisation globale aux repr\u00e9sentants l\u00e9gaux.<\/p>\n\n\n\n<p>Ces autorisations couvrent, le plus souvent, l&rsquo;ensemble des supports m\u00e9dia et de communication utilis\u00e9s par la structure.<\/p>\n\n\n\n<h2 class=\"wp-block-heading\">Quelles sont les exceptions sur le droit \u00e0 l&rsquo;image ?<\/h2>\n\n\n\n<p>Le droit a l&rsquo;image a n\u00e9anmoins ses limites. En effet, dans le cadre du droit \u00e0 l&rsquo;information, \u00e0 la libert\u00e9 d&rsquo;expression, artistique et culturelle, des images vid\u00e9os o\u00f9 photos de vous peuvent \u00eatre utilis\u00e9es sans consentement pr\u00e9alable. Cette utilisation est possible d\u00e8s lors qu&rsquo;elle n&rsquo;est pas utilis\u00e9e dans un but commercial.<\/p>\n\n\n\n<p>Quelques exemples de cas o\u00f9 l&rsquo;on peut diffuser une image sans autorisation pr\u00e9alable :<\/p>\n\n\n\n<ol class=\"wp-block-list\">\n<li>Photo prise lors d&rsquo;un \u00e9v\u00e9nement d&rsquo;actualit\u00e9 ou d&rsquo;une manifestation publique. Cela sera g\u00e9n\u00e9ralement le cas pour la pluspart des \u00e9v\u00e9nements organis\u00e9s par une association.<\/li>\n\n\n\n<li>Image d&rsquo;une personnalit\u00e9 publique dans l&rsquo;exercice de ses fonctions.<\/li>\n\n\n\n<li>Image d&rsquo;un groupe de personnes dans un lieu public si personne n&rsquo;est individualis\u00e9.<\/li>\n<\/ol>\n\n\n\n<h2 class=\"wp-block-heading\">Est-ce que je peux utiliser des photos dans mes publications sur Infolocale ?&nbsp;<\/h2>\n\n\n\n<p>Vous g\u00e9rez la communication d&rsquo;une association sur Infolocale. Vous r\u00e9digez vos comptes rendus gr\u00e2ce \u00e0 l&rsquo;outil de publication. Vos photos montrent souvent de nombreux participants r\u00e9unis.<\/p>\n\n\n\n<p>Vous voulez savoir si vous pouvez publier ces images en ligne ? La r\u00e9ponse est oui. Nous conseillons n\u00e9anmoins d&rsquo;avertir syst\u00e9matiquement les participants. Annoncez la pr\u00e9sence d&rsquo;un photographe par un affichage \u00e0 l&rsquo;entr\u00e9e. Une annonce vocale fonctionne \u00e9galement tr\u00e8s bien.<\/p>\n\n\n\n<p>La r\u00e8gle reste tr\u00e8s claire. Votre contenu informe le public sur la vie de l&rsquo;association ? Vous pouvez alors utiliser des photos sans autorisation pr\u00e9alable.<\/p>\n\n\n\n<h3 class=\"wp-block-heading\">Droit \u00e0 l&rsquo;image des enfants mineurs dans les publications sur Infolocale<\/h3>\n\n\n\n<p>Les lignes qui suivent ne s&rsquo;appliquent qu&rsquo;\u00e0 notre site. Sur Infolocale, les contenus diffus\u00e9s par les \u00e9coles et les associations, sont particuli\u00e8rement nombreux. Ces sujets, sont le plus souvent illustr\u00e9s de photos et de vid\u00e9os sur lesquelles les enfants pr\u00e9sents peuvent \u00eatre visibles et reconnaissables.&nbsp;<\/p>\n\n\n\n<p>Sur le sujet du droit \u00e0 l&rsquo;image des personnes mineures, notre charte d&rsquo;utilisation est tr\u00e8s claire. Nous demandons syst\u00e9matiquement \u00e0 l&rsquo;organisme et \u00e0 la personne d\u00e9posant les images de s&rsquo;assurer d&rsquo;avoir le droit et d&rsquo;avoir demand\u00e9 l&rsquo;autorisation aux parents ou tuteurs des enfants pr\u00e9sents sur les images.<\/p>\n\n\n\n<h3 class=\"wp-block-heading\">Une photo de mon enfant a \u00e9t\u00e9 diffus\u00e9e sur Infolocale sans mon accord : que puis-je faire ?<\/h3>\n\n\n\n<p>Une association a publi\u00e9 une photo de votre enfant sur Infolocale ? Vous n&rsquo;avez donn\u00e9 aucun accord pr\u00e9alable pour cette diffusion ?<\/p>\n\n\n\n<p>Contactez imm\u00e9diatement notre service support en ligne. Nous supprimerons les images litigieuses tr\u00e8s rapidement. Ce processus n\u00e9cessite simplement une v\u00e9rification de votre identit\u00e9. Nous informons ensuite l&rsquo;organisme responsable de la publication de ce retrait.<\/p>\n\n\n\n<h2 class=\"wp-block-heading\">Porter plainte pour l&rsquo;usage d&rsquo;une photo sans autorisation : quels sont les risques en cas de violation du droit \u00e0 l&rsquo;image ?<\/h2>\n\n\n\n<p>Si malgr\u00e9 vos demandes de retrait votre image est toujours utilis\u00e9e dans un contexte que la loi interdit, il vous est possible de porter plainte. Dans ce cas, les personnes et supports incrimin\u00e9s sont passibles de peines qui peuvent parfois \u00eatre lourdes.<\/p>\n\n\n\n<p>Voici quelques exemples :&nbsp;<\/p>\n\n\n\n<ul class=\"wp-block-list\">\n<li>Capter ou diffuser une image dans un lieu priv\u00e9 sans accord constitue un d\u00e9lit. L&rsquo;article 226-1 du code p\u00e9nal pr\u00e9voit un an de prison et 45 000 euros d&rsquo;amende.<\/li>\n\n\n\n<li>Diffuser la photo d&rsquo;une personne sans son consentement entra\u00eene jusqu&rsquo;\u00e0 15 000 euros d&rsquo;amende.<\/li>\n\n\n\n<li>Cr\u00e9er et diffuser un montage non consenti (deepfake) est s\u00e9v\u00e8rement puni. La loi SREN du 21 mai 2024 a renforc\u00e9 l&rsquo;article 226-8 du code p\u00e9nal. La peine atteint deux ans de prison et 45 000 euros d&rsquo;amende sur internet.<\/li>\n\n\n\n<li>L&rsquo;article 35 de la loi de 1881 r\u00e9prime la diffusion d&rsquo;images attentatoires \u00e0 la dignit\u00e9 d&rsquo;une victime. L&rsquo;amende s&rsquo;\u00e9l\u00e8ve \u00e0 15 000 euros.<\/li>\n<\/ul>\n\n\n\n<p><\/p>\n","protected":false},"excerpt":{"rendered":"<p>Le droit \u00e0 l&rsquo;image soul\u00e8ve souvent de nombreuses questions pour les associations et les \u00e9coles. Cet article r\u00e9sume de fa\u00e7on claire les r\u00e8gles \u00e0 respecter [&hellip;]<\/p>\n","protected":false},"author":2,"featured_media":22208,"comment_status":"open","ping_status":"open","sticky":false,"template":"","format":"standard","meta":{"_coblocks_attr":"","_coblocks_dimensions":"","_coblocks_responsive_height":"","_coblocks_accordion_ie_support":"","_mo_disable_npp":"","footnotes":""},"categories":[69],"tags":[],"class_list":["post-22202","post","type-post","status-publish","format-standard","has-post-thumbnail","hentry","category-communication-des-associations"],"yoast_head":"<!-- This site is optimized with the Yoast SEO plugin v23.2 - https:\/\/yoast.com\/wordpress\/plugins\/seo\/ -->\n<title>Droit \u00e0 l&#039;image : peut-on publier les photos des \u00e9v\u00e9nements de son asso ? |<\/title>\n<meta name=\"description\" content=\"En droit \u00e0 l&#039;image, le droit \u00e0 l&#039;information et \u00e0 la libert\u00e9 d&#039;expression vous autorise a diffuser des images. N\u00e9anmoins, vous ne pouvez pa...\" \/>\n<meta name=\"robots\" content=\"index, follow, max-snippet:-1, max-image-preview:large, max-video-preview:-1\" \/>\n<link rel=\"canonical\" href=\"https:\/\/infolocale.actu.fr\/blog\/droit-a-limage\/\" \/>\n<meta property=\"og:locale\" content=\"fr_FR\" \/>\n<meta property=\"og:type\" content=\"article\" \/>\n<meta property=\"og:title\" content=\"Droit \u00e0 l&#039;image : peut-on publier les photos des \u00e9v\u00e9nements de son asso ? |\" \/>\n<meta property=\"og:description\" content=\"En droit \u00e0 l&#039;image, le droit \u00e0 l&#039;information et \u00e0 la libert\u00e9 d&#039;expression vous autorise a diffuser des images. N\u00e9anmoins, vous ne pouvez pa...\" \/>\n<meta property=\"og:url\" content=\"https:\/\/infolocale.actu.fr\/blog\/droit-a-limage\/\" \/>\n<meta property=\"article:publisher\" content=\"https:\/\/www.facebook.com\/infolocaleFR\/\" \/>\n<meta property=\"article:published_time\" content=\"2023-03-01T11:04:17+00:00\" \/>\n<meta property=\"article:modified_time\" content=\"2026-05-13T15:34:45+00:00\" \/>\n<meta property=\"og:image\" content=\"https:\/\/infolocale.actu.fr\/blog\/wp-content\/uploads\/2023\/03\/droit-a-limage.jpg\" \/>\n\t<meta property=\"og:image:width\" content=\"900\" \/>\n\t<meta property=\"og:image:height\" content=\"630\" \/>\n\t<meta property=\"og:image:type\" content=\"image\/jpeg\" \/>\n<meta name=\"author\" content=\"Morgan\" \/>\n<meta name=\"twitter:card\" content=\"summary_large_image\" \/>\n<meta name=\"twitter:creator\" content=\"@infolocale\" \/>\n<meta name=\"twitter:site\" content=\"@infolocale\" \/>\n<meta name=\"twitter:label1\" content=\"\u00c9crit par\" \/>\n\t<meta name=\"twitter:data1\" content=\"Morgan\" \/>\n\t<meta name=\"twitter:label2\" content=\"Dur\u00e9e de lecture estim\u00e9e\" \/>\n\t<meta name=\"twitter:data2\" content=\"7 minutes\" \/>\n<script type=\"application\/ld+json\" class=\"yoast-schema-graph\">{\"@context\":\"https:\/\/schema.org\",\"@graph\":[{\"@type\":\"Article\",\"@id\":\"https:\/\/infolocale.actu.fr\/blog\/droit-a-limage\/#article\",\"isPartOf\":{\"@id\":\"https:\/\/infolocale.actu.fr\/blog\/droit-a-limage\/\"},\"author\":{\"name\":\"Morgan\",\"@id\":\"https:\/\/www.infolocale.fr\/blog\/#\/schema\/person\/f0f748ece99417833166b3ba8890f3db\"},\"headline\":\"Droit \u00e0 l&rsquo;image : peut-on diffuser les photos prises sur les \u00e9v\u00e9nements de son association ?\",\"datePublished\":\"2023-03-01T11:04:17+00:00\",\"dateModified\":\"2026-05-13T15:34:45+00:00\",\"mainEntityOfPage\":{\"@id\":\"https:\/\/infolocale.actu.fr\/blog\/droit-a-limage\/\"},\"wordCount\":1327,\"commentCount\":5,\"publisher\":{\"@id\":\"https:\/\/www.infolocale.fr\/blog\/#organization\"},\"image\":{\"@id\":\"https:\/\/infolocale.actu.fr\/blog\/droit-a-limage\/#primaryimage\"},\"thumbnailUrl\":\"https:\/\/infolocale.20minutes.fr\/blog\/wp-content\/uploads\/2023\/03\/droit-a-limage.jpg\",\"articleSection\":[\"Communication des associations\"],\"inLanguage\":\"fr-FR\",\"potentialAction\":[{\"@type\":\"CommentAction\",\"name\":\"Comment\",\"target\":[\"https:\/\/infolocale.actu.fr\/blog\/droit-a-limage\/#respond\"]}]},{\"@type\":\"WebPage\",\"@id\":\"https:\/\/infolocale.actu.fr\/blog\/droit-a-limage\/\",\"url\":\"https:\/\/infolocale.actu.fr\/blog\/droit-a-limage\/\",\"name\":\"Droit \u00e0 l'image : peut-on publier les photos des \u00e9v\u00e9nements de son asso ? |\",\"isPartOf\":{\"@id\":\"https:\/\/www.infolocale.fr\/blog\/#website\"},\"primaryImageOfPage\":{\"@id\":\"https:\/\/infolocale.actu.fr\/blog\/droit-a-limage\/#primaryimage\"},\"image\":{\"@id\":\"https:\/\/infolocale.actu.fr\/blog\/droit-a-limage\/#primaryimage\"},\"thumbnailUrl\":\"https:\/\/infolocale.20minutes.fr\/blog\/wp-content\/uploads\/2023\/03\/droit-a-limage.jpg\",\"datePublished\":\"2023-03-01T11:04:17+00:00\",\"dateModified\":\"2026-05-13T15:34:45+00:00\",\"description\":\"En droit \u00e0 l'image, le droit \u00e0 l'information et \u00e0 la libert\u00e9 d'expression vous autorise a diffuser des images. N\u00e9anmoins, vous ne pouvez pa...\",\"breadcrumb\":{\"@id\":\"https:\/\/infolocale.actu.fr\/blog\/droit-a-limage\/#breadcrumb\"},\"inLanguage\":\"fr-FR\",\"potentialAction\":[{\"@type\":\"ReadAction\",\"target\":[\"https:\/\/infolocale.actu.fr\/blog\/droit-a-limage\/\"]}]},{\"@type\":\"ImageObject\",\"inLanguage\":\"fr-FR\",\"@id\":\"https:\/\/infolocale.actu.fr\/blog\/droit-a-limage\/#primaryimage\",\"url\":\"https:\/\/infolocale.20minutes.fr\/blog\/wp-content\/uploads\/2023\/03\/droit-a-limage.jpg\",\"contentUrl\":\"https:\/\/infolocale.20minutes.fr\/blog\/wp-content\/uploads\/2023\/03\/droit-a-limage.jpg\",\"width\":900,\"height\":630,\"caption\":\"Un b\u00e9n\u00e9vole couvre les activit\u00e9s de son association\"},{\"@type\":\"BreadcrumbList\",\"@id\":\"https:\/\/infolocale.actu.fr\/blog\/droit-a-limage\/#breadcrumb\",\"itemListElement\":[{\"@type\":\"ListItem\",\"position\":1,\"name\":\"Blog\",\"item\":\"https:\/\/infolocale.ouest-france.fr\/blog\/\"},{\"@type\":\"ListItem\",\"position\":2,\"name\":\"Communication des associations\",\"item\":\"https:\/\/infolocale.ouest-france.fr\/blog\/cat\/communication-des-associations\/\"},{\"@type\":\"ListItem\",\"position\":3,\"name\":\"Droit \u00e0 l&rsquo;image : peut-on diffuser les photos prises sur les \u00e9v\u00e9nements de son association ?\"}]},{\"@type\":\"WebSite\",\"@id\":\"https:\/\/www.infolocale.fr\/blog\/#website\",\"url\":\"https:\/\/www.infolocale.fr\/blog\/\",\"name\":\"\",\"description\":\"\",\"publisher\":{\"@id\":\"https:\/\/www.infolocale.fr\/blog\/#organization\"},\"potentialAction\":[{\"@type\":\"SearchAction\",\"target\":{\"@type\":\"EntryPoint\",\"urlTemplate\":\"https:\/\/www.infolocale.fr\/blog\/?s={search_term_string}\"},\"query-input\":\"required name=search_term_string\"}],\"inLanguage\":\"fr-FR\"},{\"@type\":\"Organization\",\"@id\":\"https:\/\/www.infolocale.fr\/blog\/#organization\",\"name\":\"Infolocale\",\"url\":\"https:\/\/www.infolocale.fr\/blog\/\",\"logo\":{\"@type\":\"ImageObject\",\"inLanguage\":\"fr-FR\",\"@id\":\"https:\/\/www.infolocale.fr\/blog\/#\/schema\/logo\/image\/\",\"url\":\"https:\/\/www.infolocale.fr\/blog\/wp-content\/uploads\/2020\/11\/logol.jpg\",\"contentUrl\":\"https:\/\/www.infolocale.fr\/blog\/wp-content\/uploads\/2020\/11\/logol.jpg\",\"width\":1031,\"height\":398,\"caption\":\"Infolocale\"},\"image\":{\"@id\":\"https:\/\/www.infolocale.fr\/blog\/#\/schema\/logo\/image\/\"},\"sameAs\":[\"https:\/\/www.facebook.com\/infolocaleFR\/\",\"https:\/\/x.com\/infolocale\",\"https:\/\/www.instagram.com\/infolocale\/\",\"https:\/\/fr.linkedin.com\/company\/infolocale\",\"https:\/\/www.youtube.com\/channel\/UCnv4FA8EYEuu_si3TGr7xeA\"]},{\"@type\":\"Person\",\"@id\":\"https:\/\/www.infolocale.fr\/blog\/#\/schema\/person\/f0f748ece99417833166b3ba8890f3db\",\"name\":\"Morgan\",\"image\":{\"@type\":\"ImageObject\",\"inLanguage\":\"fr-FR\",\"@id\":\"https:\/\/www.infolocale.fr\/blog\/#\/schema\/person\/image\/\",\"url\":\"https:\/\/secure.gravatar.com\/avatar\/a22ec2a0cc817ae9fa3ff7341a213632?s=96&d=mm&r=g\",\"contentUrl\":\"https:\/\/secure.gravatar.com\/avatar\/a22ec2a0cc817ae9fa3ff7341a213632?s=96&d=mm&r=g\",\"caption\":\"Morgan\"},\"url\":\"https:\/\/infolocale.20minutes.fr\/blog\/author\/morgan-delepine\/\"}]}<\/script>\n<!-- \/ Yoast SEO plugin. -->","yoast_head_json":{"title":"Droit \u00e0 l'image : peut-on publier les photos des \u00e9v\u00e9nements de son asso ? |","description":"En droit \u00e0 l'image, le droit \u00e0 l'information et \u00e0 la libert\u00e9 d'expression vous autorise a diffuser des images. N\u00e9anmoins, vous ne pouvez pa...","robots":{"index":"index","follow":"follow","max-snippet":"max-snippet:-1","max-image-preview":"max-image-preview:large","max-video-preview":"max-video-preview:-1"},"canonical":"https:\/\/infolocale.actu.fr\/blog\/droit-a-limage\/","og_locale":"fr_FR","og_type":"article","og_title":"Droit \u00e0 l'image : peut-on publier les photos des \u00e9v\u00e9nements de son asso ? |","og_description":"En droit \u00e0 l'image, le droit \u00e0 l'information et \u00e0 la libert\u00e9 d'expression vous autorise a diffuser des images. N\u00e9anmoins, vous ne pouvez pa...","og_url":"https:\/\/infolocale.actu.fr\/blog\/droit-a-limage\/","article_publisher":"https:\/\/www.facebook.com\/infolocaleFR\/","article_published_time":"2023-03-01T11:04:17+00:00","article_modified_time":"2026-05-13T15:34:45+00:00","og_image":[{"width":900,"height":630,"url":"https:\/\/infolocale.actu.fr\/blog\/wp-content\/uploads\/2023\/03\/droit-a-limage.jpg","type":"image\/jpeg"}],"author":"Morgan","twitter_card":"summary_large_image","twitter_creator":"@infolocale","twitter_site":"@infolocale","twitter_misc":{"\u00c9crit par":"Morgan","Dur\u00e9e de lecture estim\u00e9e":"7 minutes"},"schema":{"@context":"https:\/\/schema.org","@graph":[{"@type":"Article","@id":"https:\/\/infolocale.actu.fr\/blog\/droit-a-limage\/#article","isPartOf":{"@id":"https:\/\/infolocale.actu.fr\/blog\/droit-a-limage\/"},"author":{"name":"Morgan","@id":"https:\/\/www.infolocale.fr\/blog\/#\/schema\/person\/f0f748ece99417833166b3ba8890f3db"},"headline":"Droit \u00e0 l&rsquo;image : peut-on diffuser les photos prises sur les \u00e9v\u00e9nements de son association ?","datePublished":"2023-03-01T11:04:17+00:00","dateModified":"2026-05-13T15:34:45+00:00","mainEntityOfPage":{"@id":"https:\/\/infolocale.actu.fr\/blog\/droit-a-limage\/"},"wordCount":1327,"commentCount":5,"publisher":{"@id":"https:\/\/www.infolocale.fr\/blog\/#organization"},"image":{"@id":"https:\/\/infolocale.actu.fr\/blog\/droit-a-limage\/#primaryimage"},"thumbnailUrl":"https:\/\/infolocale.20minutes.fr\/blog\/wp-content\/uploads\/2023\/03\/droit-a-limage.jpg","articleSection":["Communication des associations"],"inLanguage":"fr-FR","potentialAction":[{"@type":"CommentAction","name":"Comment","target":["https:\/\/infolocale.actu.fr\/blog\/droit-a-limage\/#respond"]}]},{"@type":"WebPage","@id":"https:\/\/infolocale.actu.fr\/blog\/droit-a-limage\/","url":"https:\/\/infolocale.actu.fr\/blog\/droit-a-limage\/","name":"Droit \u00e0 l'image : peut-on publier les photos des \u00e9v\u00e9nements de son asso ? |","isPartOf":{"@id":"https:\/\/www.infolocale.fr\/blog\/#website"},"primaryImageOfPage":{"@id":"https:\/\/infolocale.actu.fr\/blog\/droit-a-limage\/#primaryimage"},"image":{"@id":"https:\/\/infolocale.actu.fr\/blog\/droit-a-limage\/#primaryimage"},"thumbnailUrl":"https:\/\/infolocale.20minutes.fr\/blog\/wp-content\/uploads\/2023\/03\/droit-a-limage.jpg","datePublished":"2023-03-01T11:04:17+00:00","dateModified":"2026-05-13T15:34:45+00:00","description":"En droit \u00e0 l'image, le droit \u00e0 l'information et \u00e0 la libert\u00e9 d'expression vous autorise a diffuser des images. N\u00e9anmoins, vous ne pouvez pa...","breadcrumb":{"@id":"https:\/\/infolocale.actu.fr\/blog\/droit-a-limage\/#breadcrumb"},"inLanguage":"fr-FR","potentialAction":[{"@type":"ReadAction","target":["https:\/\/infolocale.actu.fr\/blog\/droit-a-limage\/"]}]},{"@type":"ImageObject","inLanguage":"fr-FR","@id":"https:\/\/infolocale.actu.fr\/blog\/droit-a-limage\/#primaryimage","url":"https:\/\/infolocale.20minutes.fr\/blog\/wp-content\/uploads\/2023\/03\/droit-a-limage.jpg","contentUrl":"https:\/\/infolocale.20minutes.fr\/blog\/wp-content\/uploads\/2023\/03\/droit-a-limage.jpg","width":900,"height":630,"caption":"Un b\u00e9n\u00e9vole couvre les activit\u00e9s de son association"},{"@type":"BreadcrumbList","@id":"https:\/\/infolocale.actu.fr\/blog\/droit-a-limage\/#breadcrumb","itemListElement":[{"@type":"ListItem","position":1,"name":"Blog","item":"https:\/\/infolocale.ouest-france.fr\/blog\/"},{"@type":"ListItem","position":2,"name":"Communication des associations","item":"https:\/\/infolocale.ouest-france.fr\/blog\/cat\/communication-des-associations\/"},{"@type":"ListItem","position":3,"name":"Droit \u00e0 l&rsquo;image : peut-on diffuser les photos prises sur les \u00e9v\u00e9nements de son association ?"}]},{"@type":"WebSite","@id":"https:\/\/www.infolocale.fr\/blog\/#website","url":"https:\/\/www.infolocale.fr\/blog\/","name":"","description":"","publisher":{"@id":"https:\/\/www.infolocale.fr\/blog\/#organization"},"potentialAction":[{"@type":"SearchAction","target":{"@type":"EntryPoint","urlTemplate":"https:\/\/www.infolocale.fr\/blog\/?s={search_term_string}"},"query-input":"required name=search_term_string"}],"inLanguage":"fr-FR"},{"@type":"Organization","@id":"https:\/\/www.infolocale.fr\/blog\/#organization","name":"Infolocale","url":"https:\/\/www.infolocale.fr\/blog\/","logo":{"@type":"ImageObject","inLanguage":"fr-FR","@id":"https:\/\/www.infolocale.fr\/blog\/#\/schema\/logo\/image\/","url":"https:\/\/www.infolocale.fr\/blog\/wp-content\/uploads\/2020\/11\/logol.jpg","contentUrl":"https:\/\/www.infolocale.fr\/blog\/wp-content\/uploads\/2020\/11\/logol.jpg","width":1031,"height":398,"caption":"Infolocale"},"image":{"@id":"https:\/\/www.infolocale.fr\/blog\/#\/schema\/logo\/image\/"},"sameAs":["https:\/\/www.facebook.com\/infolocaleFR\/","https:\/\/x.com\/infolocale","https:\/\/www.instagram.com\/infolocale\/","https:\/\/fr.linkedin.com\/company\/infolocale","https:\/\/www.youtube.com\/channel\/UCnv4FA8EYEuu_si3TGr7xeA"]},{"@type":"Person","@id":"https:\/\/www.infolocale.fr\/blog\/#\/schema\/person\/f0f748ece99417833166b3ba8890f3db","name":"Morgan","image":{"@type":"ImageObject","inLanguage":"fr-FR","@id":"https:\/\/www.infolocale.fr\/blog\/#\/schema\/person\/image\/","url":"https:\/\/secure.gravatar.com\/avatar\/a22ec2a0cc817ae9fa3ff7341a213632?s=96&d=mm&r=g","contentUrl":"https:\/\/secure.gravatar.com\/avatar\/a22ec2a0cc817ae9fa3ff7341a213632?s=96&d=mm&r=g","caption":"Morgan"},"url":"https:\/\/infolocale.20minutes.fr\/blog\/author\/morgan-delepine\/"}]}},"_links":{"self":[{"href":"https:\/\/infolocale.20minutes.fr\/blog\/wp-json\/wp\/v2\/posts\/22202"}],"collection":[{"href":"https:\/\/infolocale.20minutes.fr\/blog\/wp-json\/wp\/v2\/posts"}],"about":[{"href":"https:\/\/infolocale.20minutes.fr\/blog\/wp-json\/wp\/v2\/types\/post"}],"author":[{"embeddable":true,"href":"https:\/\/infolocale.20minutes.fr\/blog\/wp-json\/wp\/v2\/users\/2"}],"replies":[{"embeddable":true,"href":"https:\/\/infolocale.20minutes.fr\/blog\/wp-json\/wp\/v2\/comments?post=22202"}],"version-history":[{"count":0,"href":"https:\/\/infolocale.20minutes.fr\/blog\/wp-json\/wp\/v2\/posts\/22202\/revisions"}],"wp:featuredmedia":[{"embeddable":true,"href":"https:\/\/infolocale.20minutes.fr\/blog\/wp-json\/wp\/v2\/media\/22208"}],"wp:attachment":[{"href":"https:\/\/infolocale.20minutes.fr\/blog\/wp-json\/wp\/v2\/media?parent=22202"}],"wp:term":[{"taxonomy":"category","embeddable":true,"href":"https:\/\/infolocale.20minutes.fr\/blog\/wp-json\/wp\/v2\/categories?post=22202"},{"taxonomy":"post_tag","embeddable":true,"href":"https:\/\/infolocale.20minutes.fr\/blog\/wp-json\/wp\/v2\/tags?post=22202"}],"curies":[{"name":"wp","href":"https:\/\/api.w.org\/{rel}","templated":true}]}}