{"id":22112,"date":"2023-02-07T15:06:34","date_gmt":"2023-02-07T14:06:34","guid":{"rendered":"https:\/\/www.infolocale.fr\/blog\/?p=22112"},"modified":"2023-04-25T10:10:44","modified_gmt":"2023-04-25T08:10:44","slug":"registre-des-vendeurs-vide-greniers","status":"publish","type":"post","link":"https:\/\/infolocale.20minutes.fr\/blog\/registre-des-vendeurs-vide-greniers\/","title":{"rendered":"Registre des vendeurs en vide-greniers pourquoi et comment le mettre en place ?"},"content":{"rendered":"\n<p class=\"has-black-color has-pale-cyan-blue-background-color has-text-color has-background\">Le registre des vendeurs est une formalit\u00e9 impos\u00e9 par la loi aux associations organisatrices de vide-greniers. Il permet de s&rsquo;assurer de la qualit\u00e9 de vos vendeurs professionnels et du respect des r\u00e8gles impos\u00e9es aux particuliers participants \u00e0 un vide-greniers. Votre registre doit \u00eatre cot\u00e9 et paraph\u00e9 par un commissaire de police ou le maire de la commune o\u00f9 est organis\u00e9e l&rsquo;\u00e9v\u00e9nement. Ce document comporte des informations telles que :&nbsp;<br><br>&#8211; le nom et pr\u00e9nom des participants, <br>&#8211; la d\u00e9nomination sociale et le si\u00e8ge pour les professionnels, <br>&#8211; l&rsquo;adresse de tous les participants de l&#8217;emplacement, <br>&#8211; la pi\u00e8ce d&rsquo;identit\u00e9,&nbsp;<br>&#8211; le num\u00e9ro au registre du commerce. <br><br>Pour les particuliers, les informations sont les m\u00eames \u00e0 ceci pr\u00e8s qu&rsquo;\u00e0 la place du num\u00e9ro d&rsquo;immatriculation, vous devrez demander : <br><br>&#8211; une attestation sur l&rsquo;honneur de non-participation \u00e0 deux autres braderies au cours de l&rsquo;ann\u00e9e civile. <br><br>Dans le cas des particuliers, vous devrez joindre cette attestation au registre des vendeurs.<\/p>\n\n\n\n<div class=\"wp-block-buttons is-horizontal is-content-justification-center is-layout-flex wp-container-core-buttons-is-layout-1 wp-block-buttons-is-layout-flex\">\n<div class=\"wp-block-button\"><a class=\"wp-block-button__link has-white-color has-luminous-vivid-amber-background-color has-text-color has-background wp-element-button\"><strong>&gt;&gt;Inscrire mon asso \u00e0 Infolocale <\/strong><\/a><\/div>\n<\/div>\n\n\n\n<h2 class=\"wp-block-heading\">Vide-greniers, bric-\u00e0-brac, braderie : comment les organiser ?<\/h2>\n\n\n\n<p>Vous trouverez, sur notre site, un article tr\u00e8s d\u00e9taill\u00e9 sur les diff\u00e9rentes <a href=\"https:\/\/www.infolocale.fr\/blog\/organiser-un-vide-greniers-toutes-les-etapes\/\">\u00e9tapes de l&rsquo;organisation d&rsquo;un vide-greniers<\/a>. Aussi, nous contenterons-nous ici de r\u00e9sumer les diff\u00e9rents points \u00e0 suivre.<\/p>\n\n\n\n<h3 class=\"wp-block-heading\">Quelques d\u00e9marches administratives<\/h3>\n\n\n\n<p>Pour commencer, organiser un vide-greniers demande un certain nombre de t\u00e2ches administratives. Ainsi, le vide-greniers de votre association devra faire l&rsquo;objet d&rsquo;une d\u00e9claration aupr\u00e8s du maire de la commune o\u00f9 se tient l&rsquo;\u00e9v\u00e9nement. De m\u00eame, il fera \u00e9galement l&rsquo;objet d&rsquo;une demande d&rsquo;occupation temporaire du domaine public. Enfin, vous devez \u00e9galement penser \u00e0 constituer un <strong>registre des vendeurs<\/strong> pr\u00e9sents sur votre braderie.<\/p>\n\n\n\n<div class=\"wp-block-image\"><figure class=\"aligncenter size-large is-resized\"><a href=\"https:\/\/www.infolocale.fr\/decouvrir\/?utm_source=blog&amp;utm_medium=banner&amp;utm_campaign=blog-content\"><img fetchpriority=\"high\" decoding=\"async\" src=\"https:\/\/www.infolocale.fr\/blog\/wp-content\/uploads\/2021\/03\/fond-banniere-mail-1024x1024.jpg\" alt=\"Communiquer pour un vide-greniers\" class=\"wp-image-7374\" width=\"555\" height=\"555\" srcset=\"https:\/\/infolocale.20minutes.fr\/blog\/wp-content\/uploads\/2021\/03\/fond-banniere-mail-1024x1024.jpg 1024w, https:\/\/infolocale.20minutes.fr\/blog\/wp-content\/uploads\/2021\/03\/fond-banniere-mail-300x300.jpg 300w, https:\/\/infolocale.20minutes.fr\/blog\/wp-content\/uploads\/2021\/03\/fond-banniere-mail-150x150.jpg 150w, https:\/\/infolocale.20minutes.fr\/blog\/wp-content\/uploads\/2021\/03\/fond-banniere-mail-768x768.jpg 768w, https:\/\/infolocale.20minutes.fr\/blog\/wp-content\/uploads\/2021\/03\/fond-banniere-mail-60x60.jpg 60w, https:\/\/infolocale.20minutes.fr\/blog\/wp-content\/uploads\/2021\/03\/fond-banniere-mail.jpg 1080w\" sizes=\"(max-width: 555px) 100vw, 555px\" \/><\/a><\/figure><\/div>\n\n\n\n<h3 class=\"wp-block-heading\">Pensez \u00e0 votre communication<\/h3>\n\n\n\n<p>Le succ\u00e8s d&rsquo;une vente au d\u00e9ballage repose en grande partie sur votre communication. Celle-ci devra se faire selon deux angles. Le premier est \u00e0 faire en direction de vos vendeurs. Le second en direction de votre public. Dans ce domaine, pensez aux affiches, au flyers, aux r\u00e9seaux sociaux, au <a href=\"https:\/\/www.infolocale.fr\/blog\/communique-de-presse-association\/\">communiqu\u00e9 de presse<\/a> et plus g\u00e9n\u00e9ralement aux&nbsp;<a href=\"https:\/\/www.infolocale.fr\/blog\/relations-presse-association\/\">relations presse<\/a>&#8230; Nous avons un article d\u00e9di\u00e9 \u00e0 la <a href=\"https:\/\/www.infolocale.fr\/blog\/communication-vide-greniers\/\">communication des vide-greniers<\/a>. Nous vous renvoyons \u00e0 sa lecture, vous y trouverez quantit\u00e9 de conseils.<\/p>\n\n\n\n<h3 class=\"wp-block-heading\">Le site, les stands, les b\u00e9n\u00e9voles&#8230;<\/h3>\n\n\n\n<p>Aussi, vous devez \u00e9galement penser au lieu de l&rsquo;\u00e9v\u00e9nement. Commencez par s\u00e9lectionner un endroit adapt\u00e9 \u00e0 votre vide-greniers ; \u00e0 son affluence attendue et au nombre de vendeurs pr\u00e9sents. Une petite place anim\u00e9e fera meilleur effet qu&rsquo;une grande avenue toute vide.<\/p>\n\n\n\n<p>Une fois le lieu de l&rsquo;\u00e9v\u00e9nement trouv\u00e9, vous ou les membres de votre association, devez parcelliser et num\u00e9roter vos emplacements. C&rsquo;est important, cela vous permet de savoir combien de places vous pouvez louer et de donner une place pr\u00e9cise \u00e0 chacun de vos vendeurs \u00e0 l&rsquo;\u00e9tape de la r\u00e9servation.<\/p>\n\n\n\n<p>Enfin, nous pouvons terminer cette partie sur l&rsquo;organisation avec une liste de points ni obligatoires, ni exhaustifs. Pensez aux b\u00e9n\u00e9voles, aux animations, aux d\u00e9bits de boisson, \u00e0 l&rsquo;estrade pour l&rsquo;animateur, au point d&rsquo;information, au point des premiers secours, au ramassage des d\u00e9chets, \u00e0 la signal\u00e9tique, \u00e0 la sono&#8230;<\/p>\n\n\n\n<h2 class=\"wp-block-heading\">Qui peut participer \u00e0 une vente au d\u00e9ballage ?<\/h2>\n\n\n\n<p>Bien s\u00fbr, les particuliers sont naturellement autoris\u00e9s \u00e0 participer \u00e0 une vente au d\u00e9ballage. Cependant, il existe tout de m\u00eame un cadre \u00e0 respecter. Ainsi, un particulier ne peut participer \u00e0 plus de deux vide-greniers par an. Cette limitation est d&rsquo;ailleurs une des raisons justifiant l&rsquo;existence du <strong>registre des vendeurs<\/strong>.&nbsp;<\/p>\n\n\n\n<p>Les professionnels du commerce, eux aussi, peuvent participer \u00e0 un vide-greniers.<\/p>\n\n\n\n<p>Enfin, les associations peuvent \u00e9galement, en tant que personne morale prendre une place et \u00eatre pr\u00e9sentes sur un vide-greniers.<\/p>\n\n\n\n<h2 class=\"wp-block-heading\">Combien de vide-greniers et brocantes par an ?<\/h2>\n\n\n\n<p>Ici, les r\u00e8gles varient selon les cas. Un particulier peut participer \u00e0 un <a href=\"https:\/\/www.infolocale.fr\/blog\/particulier-combien-vide-greniers\/\">maximum de deux vide-greniers par an<\/a>. Les professionnels, eux, ne sont pas limit\u00e9s mais doivent le faire en conformit\u00e9 avec les r\u00e8gles impos\u00e9es par l&rsquo;administration fiscale.<\/p>\n\n\n\n<p>Les organisateurs et associations organisatrices peuvent, elles aussi, \u00eatre limit\u00e9es. Elles peuvent ainsi organiser un vide-greniers, sur un m\u00eame site, pour une dur\u00e9e maximale cumul\u00e9e de deux mois par ann\u00e9e civile. Dans ce domaine, une association contrevenante s&rsquo;expose \u00e0 une amende pouvant s&rsquo;\u00e9lever jusqu&rsquo;\u00e0 1 500 euros.<\/p>\n\n\n\n<h2 class=\"wp-block-heading\">Pourquoi la tenue du registre des vendeurs est-elle obligatoire ?<\/h2>\n\n\n\n<p>Le <strong>registre des vendeurs<\/strong> poursuit plusieurs objectifs. Pour commencer, il permet de suivre le nombre de vide-greniers auquel les particuliers participent en tant que vendeurs.&nbsp;<\/p>\n\n\n\n<p>Ensuite, il permet de s&rsquo;assurer que des vendeurs professionnels ne s&rsquo;inscrivent ill\u00e9galement au vide-greniers de votre association en qualit\u00e9 de particulier.<\/p>\n\n\n\n<h2 class=\"wp-block-heading\">Registre des vendeurs de votre braderie : r\u00e8gles \u00e0 respecter<\/h2>\n\n\n\n<p>La loi pr\u00e9cise que le registre doit \u00eatre \u00ab\u00a0cot\u00e9\u00a0\u00bb et \u00ab\u00a0paraph\u00e9\u00a0\u00bb. Vous devez donc vous plier \u00e0 cette r\u00e8gle. Faire coter et parapher un registre est une d\u00e9marche d&rsquo;authentification de votre document. Dans le cas d&rsquo;un vide-greniers, vous devrez faire cette authentification aupr\u00e8s d&rsquo;un commissaire de police ou par le maire de la commune o\u00f9 est organis\u00e9e votre braderie.<\/p>\n\n\n\n<p>Suite \u00e0 cela, vous devez garder votre <strong>registre des vendeurs<\/strong>. Celui-ci sera \u00e0 laisser \u00e0 la disposition des services autoris\u00e9s pouvant avoir \u00e0 v\u00e9rifier que votre vide-greniers est fait dans le respect des r\u00e8gles. Ce peut \u00eatre : la police, la gendarmerie, l&rsquo;administration fiscale, la r\u00e9pression des fraudes&#8230;<\/p>\n\n\n\n<p>Ensuite, vous ou votre association aurez un d\u00e9lai de huit jours pour d\u00e9poser le <strong>registre des vendeurs<\/strong> de votre bric-\u00e0-brac \u00e0 la pr\u00e9fecture ou sous-pr\u00e9fecture de votre territoire.<\/p>\n\n\n<div class=\"wp-block-image is-resized\">\n<figure class=\"aligncenter size-large has-lightbox\"><a href=\"https:\/\/www.infolocale.fr\/decouvrir\/deposant\/?utm_source=blog&amp;utm_medium=banner&amp;utm_campaign=blog-content\"><img decoding=\"async\" width=\"1024\" height=\"1024\" src=\"https:\/\/www.infolocale.fr\/blog\/wp-content\/uploads\/2021\/11\/banniere-NLDASSO-carree1500x1500-1024x1024.jpg\" alt=\"\" class=\"wp-image-23946\" srcset=\"https:\/\/infolocale.20minutes.fr\/blog\/wp-content\/uploads\/2021\/11\/banniere-NLDASSO-carree1500x1500-1024x1024.jpg 1024w, https:\/\/infolocale.20minutes.fr\/blog\/wp-content\/uploads\/2021\/11\/banniere-NLDASSO-carree1500x1500-300x300.jpg 300w, https:\/\/infolocale.20minutes.fr\/blog\/wp-content\/uploads\/2021\/11\/banniere-NLDASSO-carree1500x1500-150x150.jpg 150w, https:\/\/infolocale.20minutes.fr\/blog\/wp-content\/uploads\/2021\/11\/banniere-NLDASSO-carree1500x1500-768x768.jpg 768w, https:\/\/infolocale.20minutes.fr\/blog\/wp-content\/uploads\/2021\/11\/banniere-NLDASSO-carree1500x1500.jpg 1500w\" sizes=\"(max-width: 1024px) 100vw, 1024px\" \/><\/a><\/figure><\/div>\n\n\n<h2 class=\"wp-block-heading\">Quel risque si je n&rsquo;ai pas constitu\u00e9 de registre des vendeurs de mon vide-greniers ?<\/h2>\n\n\n\n<p>Le <strong>registre des vendeurs<\/strong> est une obligation impos\u00e9e par la loi au associations et organisateurs de vente au d\u00e9ballage. Si vous \u00eates l&rsquo;organisateur d&rsquo;un vide-greniers et que vous oubliez de tenir ce registre, vous et votre association encourez une peine pouvant aller jusqu&rsquo;\u00e0 6 mois d&#8217;emprisonnement et 30 000 euros d&rsquo;amende.<\/p>\n\n\n\n<h2 class=\"wp-block-heading\">Exemple de registre des vendeurs pour un vide-greniers<\/h2>\n\n\n\n<p>Votre association se lance dans l&rsquo;organisation d&rsquo;un vide-greniers. Vous \u00eates donc dans l<a href=\"https:\/\/www.legifrance.gouv.fr\/jorf\/id\/JORFARTI000041920615\" target=\"_blank\" rel=\"noreferrer noopener\">&lsquo;obligation de produire un registre des vendeurs<\/a>. Le registre des vendeurs est double, il peut \u00eatre pour les particuliers ou pour les professionnels.&nbsp;<\/p>\n\n\n\n<p>Les champs aussi sont impos\u00e9s par la loi. Ainsi, le registre de vos vendeurs professionnels doit-il comprendre les champs suivants :<\/p>\n\n\n\n<ul class=\"wp-block-list\"><li>Nom et pr\u00e9nom des participants,<\/li><li>Le cas \u00e9ch\u00e9ant : d\u00e9nomination sociale et si\u00e8ge social de la personne morale repr\u00e9sent\u00e9e,<\/li><li>Qualit\u00e9 et domicile des participants,<\/li><li>Nature, num\u00e9ro de la pi\u00e8ce d&rsquo;identit\u00e9 pr\u00e9sent\u00e9e et indication de l&rsquo;autorit\u00e9 qui l&rsquo;a d\u00e9livr\u00e9e et de la date de d\u00e9livrance,<\/li><li>Num\u00e9ro d&rsquo;immatriculation au registre du commerce et des soci\u00e9t\u00e9s ou r\u00e9f\u00e9rence du r\u00e9c\u00e9piss\u00e9 de d\u00e9claration au CFE (auto-entrepreneurs).<\/li><\/ul>\n\n\n\n<p>Le registre des vendeurs particuliers comporte les champs suivants :<\/p>\n\n\n\n<ul class=\"wp-block-list\"><li>Nom et pr\u00e9nom des participants,<\/li><li>Le cas \u00e9ch\u00e9ant : d\u00e9nomination sociale et si\u00e8ge social de la personne morale repr\u00e9sent\u00e9e,<\/li><li>Qualit\u00e9 et domicile des participants,<\/li><li>Nature, num\u00e9ro de la pi\u00e8ce d&rsquo;identit\u00e9 pr\u00e9sent\u00e9e et indication de l&rsquo;autorit\u00e9 qui l&rsquo;a d\u00e9livr\u00e9e et de la date de d\u00e9livrance,<\/li><li>Remise d&rsquo;une attestation sur l&rsquo;honneur de non-participation \u00e0 deux autres manifestations de m\u00eame nature au cours de l&rsquo;ann\u00e9e civile.<\/li><\/ul>\n\n\n\n<p>Attention ! Dans le cas des vendeurs particulier, vous devrez imp\u00e9rativement joindre l&rsquo;attestation au registre concern\u00e9.<\/p>\n","protected":false},"excerpt":{"rendered":"<p>Le registre des vendeurs est une formalit\u00e9 impos\u00e9 par la loi aux associations organisatrices de vide-greniers. Il permet de s&rsquo;assurer de la qualit\u00e9 de vos [&hellip;]<\/p>\n","protected":false},"author":2,"featured_media":22113,"comment_status":"open","ping_status":"open","sticky":false,"template":"","format":"standard","meta":{"_coblocks_attr":"","_coblocks_dimensions":"","_coblocks_responsive_height":"","_coblocks_accordion_ie_support":"","_mo_disable_npp":"","footnotes":""},"categories":[101],"tags":[],"class_list":["post-22112","post","type-post","status-publish","format-standard","has-post-thumbnail","hentry","category-organiser-un-evenement"],"yoast_head":"<!-- This site is optimized with the Yoast SEO plugin v23.2 - https:\/\/yoast.com\/wordpress\/plugins\/seo\/ -->\n<title>Registre des vendeurs en vide-greniers : quels informations demander ? |<\/title>\n<meta name=\"description\" content=\"Le registre des vendeurs est obligatoire. Il doit \u00eatre cot\u00e9 et paraph\u00e9. Les cinq information qui y figurent sont : le nom et pr\u00e9nom des par...\" \/>\n<meta name=\"robots\" content=\"index, follow, max-snippet:-1, max-image-preview:large, max-video-preview:-1\" \/>\n<link rel=\"canonical\" href=\"https:\/\/infolocale.20minutes.fr\/blog\/registre-des-vendeurs-vide-greniers\/\" \/>\n<meta property=\"og:locale\" content=\"fr_FR\" \/>\n<meta property=\"og:type\" content=\"article\" \/>\n<meta property=\"og:title\" content=\"Registre des vendeurs en vide-greniers : quels informations demander ? |\" \/>\n<meta property=\"og:description\" content=\"Le registre des vendeurs est obligatoire. Il doit \u00eatre cot\u00e9 et paraph\u00e9. Les cinq information qui y figurent sont : le nom et pr\u00e9nom des par...\" \/>\n<meta property=\"og:url\" content=\"https:\/\/infolocale.20minutes.fr\/blog\/registre-des-vendeurs-vide-greniers\/\" \/>\n<meta property=\"article:publisher\" content=\"https:\/\/www.facebook.com\/infolocaleFR\/\" \/>\n<meta property=\"article:published_time\" content=\"2023-02-07T14:06:34+00:00\" \/>\n<meta property=\"article:modified_time\" content=\"2023-04-25T08:10:44+00:00\" \/>\n<meta property=\"og:image\" content=\"https:\/\/infolocale.20minutes.fr\/blog\/wp-content\/uploads\/2023\/02\/registre-des-vendeurs-vide-greniers.jpg\" \/>\n\t<meta property=\"og:image:width\" content=\"900\" \/>\n\t<meta property=\"og:image:height\" content=\"630\" \/>\n\t<meta property=\"og:image:type\" content=\"image\/jpeg\" \/>\n<meta name=\"author\" content=\"Morgan\" \/>\n<meta name=\"twitter:card\" content=\"summary_large_image\" \/>\n<meta name=\"twitter:image\" content=\"https:\/\/infolocale.20minutes.fr\/blog\/wp-content\/uploads\/2023\/02\/registre-des-vendeurs-vide-greniers.jpg\" \/>\n<meta name=\"twitter:creator\" content=\"@infolocale\" \/>\n<meta name=\"twitter:site\" content=\"@infolocale\" \/>\n<meta name=\"twitter:label1\" content=\"\u00c9crit par\" \/>\n\t<meta name=\"twitter:data1\" content=\"Morgan\" \/>\n\t<meta name=\"twitter:label2\" content=\"Dur\u00e9e de lecture estim\u00e9e\" \/>\n\t<meta name=\"twitter:data2\" content=\"6 minutes\" \/>\n<script type=\"application\/ld+json\" class=\"yoast-schema-graph\">{\"@context\":\"https:\/\/schema.org\",\"@graph\":[{\"@type\":\"Article\",\"@id\":\"https:\/\/infolocale.20minutes.fr\/blog\/registre-des-vendeurs-vide-greniers\/#article\",\"isPartOf\":{\"@id\":\"https:\/\/infolocale.20minutes.fr\/blog\/registre-des-vendeurs-vide-greniers\/\"},\"author\":{\"name\":\"Morgan\",\"@id\":\"https:\/\/www.infolocale.fr\/blog\/#\/schema\/person\/f0f748ece99417833166b3ba8890f3db\"},\"headline\":\"Registre des vendeurs en vide-greniers pourquoi et comment le mettre en place ?\",\"datePublished\":\"2023-02-07T14:06:34+00:00\",\"dateModified\":\"2023-04-25T08:10:44+00:00\",\"mainEntityOfPage\":{\"@id\":\"https:\/\/infolocale.20minutes.fr\/blog\/registre-des-vendeurs-vide-greniers\/\"},\"wordCount\":1238,\"commentCount\":3,\"publisher\":{\"@id\":\"https:\/\/www.infolocale.fr\/blog\/#organization\"},\"image\":{\"@id\":\"https:\/\/infolocale.20minutes.fr\/blog\/registre-des-vendeurs-vide-greniers\/#primaryimage\"},\"thumbnailUrl\":\"https:\/\/infolocale.20minutes.fr\/blog\/wp-content\/uploads\/2023\/02\/registre-des-vendeurs-vide-greniers.jpg\",\"articleSection\":[\"Organiser un \u00e9v\u00e9nement\"],\"inLanguage\":\"fr-FR\",\"potentialAction\":[{\"@type\":\"CommentAction\",\"name\":\"Comment\",\"target\":[\"https:\/\/infolocale.20minutes.fr\/blog\/registre-des-vendeurs-vide-greniers\/#respond\"]}]},{\"@type\":\"WebPage\",\"@id\":\"https:\/\/infolocale.20minutes.fr\/blog\/registre-des-vendeurs-vide-greniers\/\",\"url\":\"https:\/\/infolocale.20minutes.fr\/blog\/registre-des-vendeurs-vide-greniers\/\",\"name\":\"Registre des vendeurs en vide-greniers : quels informations demander ? |\",\"isPartOf\":{\"@id\":\"https:\/\/www.infolocale.fr\/blog\/#website\"},\"primaryImageOfPage\":{\"@id\":\"https:\/\/infolocale.20minutes.fr\/blog\/registre-des-vendeurs-vide-greniers\/#primaryimage\"},\"image\":{\"@id\":\"https:\/\/infolocale.20minutes.fr\/blog\/registre-des-vendeurs-vide-greniers\/#primaryimage\"},\"thumbnailUrl\":\"https:\/\/infolocale.20minutes.fr\/blog\/wp-content\/uploads\/2023\/02\/registre-des-vendeurs-vide-greniers.jpg\",\"datePublished\":\"2023-02-07T14:06:34+00:00\",\"dateModified\":\"2023-04-25T08:10:44+00:00\",\"description\":\"Le registre des vendeurs est obligatoire. Il doit \u00eatre cot\u00e9 et paraph\u00e9. Les cinq information qui y figurent sont : le nom et pr\u00e9nom des par...\",\"breadcrumb\":{\"@id\":\"https:\/\/infolocale.20minutes.fr\/blog\/registre-des-vendeurs-vide-greniers\/#breadcrumb\"},\"inLanguage\":\"fr-FR\",\"potentialAction\":[{\"@type\":\"ReadAction\",\"target\":[\"https:\/\/infolocale.20minutes.fr\/blog\/registre-des-vendeurs-vide-greniers\/\"]}]},{\"@type\":\"ImageObject\",\"inLanguage\":\"fr-FR\",\"@id\":\"https:\/\/infolocale.20minutes.fr\/blog\/registre-des-vendeurs-vide-greniers\/#primaryimage\",\"url\":\"https:\/\/infolocale.20minutes.fr\/blog\/wp-content\/uploads\/2023\/02\/registre-des-vendeurs-vide-greniers.jpg\",\"contentUrl\":\"https:\/\/infolocale.20minutes.fr\/blog\/wp-content\/uploads\/2023\/02\/registre-des-vendeurs-vide-greniers.jpg\",\"width\":900,\"height\":630,\"caption\":\"Le registre des vendeurs en vide-greniers\"},{\"@type\":\"BreadcrumbList\",\"@id\":\"https:\/\/infolocale.20minutes.fr\/blog\/registre-des-vendeurs-vide-greniers\/#breadcrumb\",\"itemListElement\":[{\"@type\":\"ListItem\",\"position\":1,\"name\":\"Blog\",\"item\":\"https:\/\/infolocale.ouest-france.fr\/blog\/\"},{\"@type\":\"ListItem\",\"position\":2,\"name\":\"Organiser un \u00e9v\u00e9nement\",\"item\":\"https:\/\/infolocale.actu.fr\/blog\/cat\/organiser-un-evenement\/\"},{\"@type\":\"ListItem\",\"position\":3,\"name\":\"Registre des vendeurs en vide-greniers pourquoi et comment le mettre en place ?\"}]},{\"@type\":\"WebSite\",\"@id\":\"https:\/\/www.infolocale.fr\/blog\/#website\",\"url\":\"https:\/\/www.infolocale.fr\/blog\/\",\"name\":\"\",\"description\":\"\",\"publisher\":{\"@id\":\"https:\/\/www.infolocale.fr\/blog\/#organization\"},\"potentialAction\":[{\"@type\":\"SearchAction\",\"target\":{\"@type\":\"EntryPoint\",\"urlTemplate\":\"https:\/\/www.infolocale.fr\/blog\/?s={search_term_string}\"},\"query-input\":\"required name=search_term_string\"}],\"inLanguage\":\"fr-FR\"},{\"@type\":\"Organization\",\"@id\":\"https:\/\/www.infolocale.fr\/blog\/#organization\",\"name\":\"Infolocale\",\"url\":\"https:\/\/www.infolocale.fr\/blog\/\",\"logo\":{\"@type\":\"ImageObject\",\"inLanguage\":\"fr-FR\",\"@id\":\"https:\/\/www.infolocale.fr\/blog\/#\/schema\/logo\/image\/\",\"url\":\"https:\/\/www.infolocale.fr\/blog\/wp-content\/uploads\/2020\/11\/logol.jpg\",\"contentUrl\":\"https:\/\/www.infolocale.fr\/blog\/wp-content\/uploads\/2020\/11\/logol.jpg\",\"width\":1031,\"height\":398,\"caption\":\"Infolocale\"},\"image\":{\"@id\":\"https:\/\/www.infolocale.fr\/blog\/#\/schema\/logo\/image\/\"},\"sameAs\":[\"https:\/\/www.facebook.com\/infolocaleFR\/\",\"https:\/\/x.com\/infolocale\",\"https:\/\/www.instagram.com\/infolocale\/\",\"https:\/\/fr.linkedin.com\/company\/infolocale\",\"https:\/\/www.youtube.com\/channel\/UCnv4FA8EYEuu_si3TGr7xeA\"]},{\"@type\":\"Person\",\"@id\":\"https:\/\/www.infolocale.fr\/blog\/#\/schema\/person\/f0f748ece99417833166b3ba8890f3db\",\"name\":\"Morgan\",\"image\":{\"@type\":\"ImageObject\",\"inLanguage\":\"fr-FR\",\"@id\":\"https:\/\/www.infolocale.fr\/blog\/#\/schema\/person\/image\/\",\"url\":\"https:\/\/secure.gravatar.com\/avatar\/a22ec2a0cc817ae9fa3ff7341a213632?s=96&d=mm&r=g\",\"contentUrl\":\"https:\/\/secure.gravatar.com\/avatar\/a22ec2a0cc817ae9fa3ff7341a213632?s=96&d=mm&r=g\",\"caption\":\"Morgan\"},\"url\":\"https:\/\/infolocale.20minutes.fr\/blog\/author\/morgan-delepine\/\"}]}<\/script>\n<!-- \/ Yoast SEO plugin. -->","yoast_head_json":{"title":"Registre des vendeurs en vide-greniers : quels informations demander ? |","description":"Le registre des vendeurs est obligatoire. Il doit \u00eatre cot\u00e9 et paraph\u00e9. Les cinq information qui y figurent sont : le nom et pr\u00e9nom des par...","robots":{"index":"index","follow":"follow","max-snippet":"max-snippet:-1","max-image-preview":"max-image-preview:large","max-video-preview":"max-video-preview:-1"},"canonical":"https:\/\/infolocale.20minutes.fr\/blog\/registre-des-vendeurs-vide-greniers\/","og_locale":"fr_FR","og_type":"article","og_title":"Registre des vendeurs en vide-greniers : quels informations demander ? |","og_description":"Le registre des vendeurs est obligatoire. Il doit \u00eatre cot\u00e9 et paraph\u00e9. Les cinq information qui y figurent sont : le nom et pr\u00e9nom des par...","og_url":"https:\/\/infolocale.20minutes.fr\/blog\/registre-des-vendeurs-vide-greniers\/","article_publisher":"https:\/\/www.facebook.com\/infolocaleFR\/","article_published_time":"2023-02-07T14:06:34+00:00","article_modified_time":"2023-04-25T08:10:44+00:00","og_image":[{"width":900,"height":630,"url":"https:\/\/infolocale.20minutes.fr\/blog\/wp-content\/uploads\/2023\/02\/registre-des-vendeurs-vide-greniers.jpg","type":"image\/jpeg"}],"author":"Morgan","twitter_card":"summary_large_image","twitter_image":"https:\/\/infolocale.20minutes.fr\/blog\/wp-content\/uploads\/2023\/02\/registre-des-vendeurs-vide-greniers.jpg","twitter_creator":"@infolocale","twitter_site":"@infolocale","twitter_misc":{"\u00c9crit par":"Morgan","Dur\u00e9e de lecture estim\u00e9e":"6 minutes"},"schema":{"@context":"https:\/\/schema.org","@graph":[{"@type":"Article","@id":"https:\/\/infolocale.20minutes.fr\/blog\/registre-des-vendeurs-vide-greniers\/#article","isPartOf":{"@id":"https:\/\/infolocale.20minutes.fr\/blog\/registre-des-vendeurs-vide-greniers\/"},"author":{"name":"Morgan","@id":"https:\/\/www.infolocale.fr\/blog\/#\/schema\/person\/f0f748ece99417833166b3ba8890f3db"},"headline":"Registre des vendeurs en vide-greniers pourquoi et comment le mettre en place ?","datePublished":"2023-02-07T14:06:34+00:00","dateModified":"2023-04-25T08:10:44+00:00","mainEntityOfPage":{"@id":"https:\/\/infolocale.20minutes.fr\/blog\/registre-des-vendeurs-vide-greniers\/"},"wordCount":1238,"commentCount":3,"publisher":{"@id":"https:\/\/www.infolocale.fr\/blog\/#organization"},"image":{"@id":"https:\/\/infolocale.20minutes.fr\/blog\/registre-des-vendeurs-vide-greniers\/#primaryimage"},"thumbnailUrl":"https:\/\/infolocale.20minutes.fr\/blog\/wp-content\/uploads\/2023\/02\/registre-des-vendeurs-vide-greniers.jpg","articleSection":["Organiser un \u00e9v\u00e9nement"],"inLanguage":"fr-FR","potentialAction":[{"@type":"CommentAction","name":"Comment","target":["https:\/\/infolocale.20minutes.fr\/blog\/registre-des-vendeurs-vide-greniers\/#respond"]}]},{"@type":"WebPage","@id":"https:\/\/infolocale.20minutes.fr\/blog\/registre-des-vendeurs-vide-greniers\/","url":"https:\/\/infolocale.20minutes.fr\/blog\/registre-des-vendeurs-vide-greniers\/","name":"Registre des vendeurs en vide-greniers : quels informations demander ? |","isPartOf":{"@id":"https:\/\/www.infolocale.fr\/blog\/#website"},"primaryImageOfPage":{"@id":"https:\/\/infolocale.20minutes.fr\/blog\/registre-des-vendeurs-vide-greniers\/#primaryimage"},"image":{"@id":"https:\/\/infolocale.20minutes.fr\/blog\/registre-des-vendeurs-vide-greniers\/#primaryimage"},"thumbnailUrl":"https:\/\/infolocale.20minutes.fr\/blog\/wp-content\/uploads\/2023\/02\/registre-des-vendeurs-vide-greniers.jpg","datePublished":"2023-02-07T14:06:34+00:00","dateModified":"2023-04-25T08:10:44+00:00","description":"Le registre des vendeurs est obligatoire. Il doit \u00eatre cot\u00e9 et paraph\u00e9. Les cinq information qui y figurent sont : le nom et pr\u00e9nom des par...","breadcrumb":{"@id":"https:\/\/infolocale.20minutes.fr\/blog\/registre-des-vendeurs-vide-greniers\/#breadcrumb"},"inLanguage":"fr-FR","potentialAction":[{"@type":"ReadAction","target":["https:\/\/infolocale.20minutes.fr\/blog\/registre-des-vendeurs-vide-greniers\/"]}]},{"@type":"ImageObject","inLanguage":"fr-FR","@id":"https:\/\/infolocale.20minutes.fr\/blog\/registre-des-vendeurs-vide-greniers\/#primaryimage","url":"https:\/\/infolocale.20minutes.fr\/blog\/wp-content\/uploads\/2023\/02\/registre-des-vendeurs-vide-greniers.jpg","contentUrl":"https:\/\/infolocale.20minutes.fr\/blog\/wp-content\/uploads\/2023\/02\/registre-des-vendeurs-vide-greniers.jpg","width":900,"height":630,"caption":"Le registre des vendeurs en vide-greniers"},{"@type":"BreadcrumbList","@id":"https:\/\/infolocale.20minutes.fr\/blog\/registre-des-vendeurs-vide-greniers\/#breadcrumb","itemListElement":[{"@type":"ListItem","position":1,"name":"Blog","item":"https:\/\/infolocale.ouest-france.fr\/blog\/"},{"@type":"ListItem","position":2,"name":"Organiser un \u00e9v\u00e9nement","item":"https:\/\/infolocale.actu.fr\/blog\/cat\/organiser-un-evenement\/"},{"@type":"ListItem","position":3,"name":"Registre des vendeurs en vide-greniers pourquoi et comment le mettre en place ?"}]},{"@type":"WebSite","@id":"https:\/\/www.infolocale.fr\/blog\/#website","url":"https:\/\/www.infolocale.fr\/blog\/","name":"","description":"","publisher":{"@id":"https:\/\/www.infolocale.fr\/blog\/#organization"},"potentialAction":[{"@type":"SearchAction","target":{"@type":"EntryPoint","urlTemplate":"https:\/\/www.infolocale.fr\/blog\/?s={search_term_string}"},"query-input":"required name=search_term_string"}],"inLanguage":"fr-FR"},{"@type":"Organization","@id":"https:\/\/www.infolocale.fr\/blog\/#organization","name":"Infolocale","url":"https:\/\/www.infolocale.fr\/blog\/","logo":{"@type":"ImageObject","inLanguage":"fr-FR","@id":"https:\/\/www.infolocale.fr\/blog\/#\/schema\/logo\/image\/","url":"https:\/\/www.infolocale.fr\/blog\/wp-content\/uploads\/2020\/11\/logol.jpg","contentUrl":"https:\/\/www.infolocale.fr\/blog\/wp-content\/uploads\/2020\/11\/logol.jpg","width":1031,"height":398,"caption":"Infolocale"},"image":{"@id":"https:\/\/www.infolocale.fr\/blog\/#\/schema\/logo\/image\/"},"sameAs":["https:\/\/www.facebook.com\/infolocaleFR\/","https:\/\/x.com\/infolocale","https:\/\/www.instagram.com\/infolocale\/","https:\/\/fr.linkedin.com\/company\/infolocale","https:\/\/www.youtube.com\/channel\/UCnv4FA8EYEuu_si3TGr7xeA"]},{"@type":"Person","@id":"https:\/\/www.infolocale.fr\/blog\/#\/schema\/person\/f0f748ece99417833166b3ba8890f3db","name":"Morgan","image":{"@type":"ImageObject","inLanguage":"fr-FR","@id":"https:\/\/www.infolocale.fr\/blog\/#\/schema\/person\/image\/","url":"https:\/\/secure.gravatar.com\/avatar\/a22ec2a0cc817ae9fa3ff7341a213632?s=96&d=mm&r=g","contentUrl":"https:\/\/secure.gravatar.com\/avatar\/a22ec2a0cc817ae9fa3ff7341a213632?s=96&d=mm&r=g","caption":"Morgan"},"url":"https:\/\/infolocale.20minutes.fr\/blog\/author\/morgan-delepine\/"}]}},"_links":{"self":[{"href":"https:\/\/infolocale.20minutes.fr\/blog\/wp-json\/wp\/v2\/posts\/22112"}],"collection":[{"href":"https:\/\/infolocale.20minutes.fr\/blog\/wp-json\/wp\/v2\/posts"}],"about":[{"href":"https:\/\/infolocale.20minutes.fr\/blog\/wp-json\/wp\/v2\/types\/post"}],"author":[{"embeddable":true,"href":"https:\/\/infolocale.20minutes.fr\/blog\/wp-json\/wp\/v2\/users\/2"}],"replies":[{"embeddable":true,"href":"https:\/\/infolocale.20minutes.fr\/blog\/wp-json\/wp\/v2\/comments?post=22112"}],"version-history":[{"count":0,"href":"https:\/\/infolocale.20minutes.fr\/blog\/wp-json\/wp\/v2\/posts\/22112\/revisions"}],"wp:featuredmedia":[{"embeddable":true,"href":"https:\/\/infolocale.20minutes.fr\/blog\/wp-json\/wp\/v2\/media\/22113"}],"wp:attachment":[{"href":"https:\/\/infolocale.20minutes.fr\/blog\/wp-json\/wp\/v2\/media?parent=22112"}],"wp:term":[{"taxonomy":"category","embeddable":true,"href":"https:\/\/infolocale.20minutes.fr\/blog\/wp-json\/wp\/v2\/categories?post=22112"},{"taxonomy":"post_tag","embeddable":true,"href":"https:\/\/infolocale.20minutes.fr\/blog\/wp-json\/wp\/v2\/tags?post=22112"}],"curies":[{"name":"wp","href":"https:\/\/api.w.org\/{rel}","templated":true}]}}