{"id":21177,"date":"2022-10-28T10:38:34","date_gmt":"2022-10-28T08:38:34","guid":{"rendered":"https:\/\/www.infolocale.fr\/blog\/?p=21177"},"modified":"2026-06-18T16:50:22","modified_gmt":"2026-06-18T14:50:22","slug":"particulier-combien-vide-greniers","status":"publish","type":"post","link":"https:\/\/infolocale.20minutes.fr\/blog\/particulier-combien-vide-greniers\/","title":{"rendered":"Vide-greniers : combien un particulier peut-il en faire par an ?"},"content":{"rendered":"\n<p class=\"has-pale-cyan-blue-background-color has-background\">Les particuliers ne peuvent participer qu&rsquo;\u00e0 un maximum de deux vide-greniers sur une p\u00e9riode ne d\u00e9passant pas, en cumul\u00e9, une dur\u00e9e de deux mois pour une ann\u00e9e civile. Afin de se conformer \u00e0 cette r\u00e8gle, les organisateurs de vide-greniers sont dans l&rsquo;obligation de mettre en place un registre des vendeurs. Ce registre permettra au service de l&rsquo;\u00e9tat concern\u00e9 d\u2019identifier les exposants et de s\u2019assurer que la r\u00e8gle de participation des particuliers soit bien appliqu\u00e9e. D\u2019autre part, il permet aussi d\u2019emp\u00eacher que des professionnels de brocantes ne s\u2019inscrivent comme particulier.<\/p>\n\n\n\n<div class=\"wp-block-buttons is-horizontal is-content-justification-center is-layout-flex wp-container-core-buttons-is-layout-1 wp-block-buttons-is-layout-flex\">\n<div class=\"wp-block-button\"><a class=\"wp-block-button__link has-white-color has-luminous-vivid-amber-background-color has-text-color has-background wp-element-button\"><strong>&gt;&gt;Inscrire mon asso \u00e0 Infolocale <\/strong><\/a><\/div>\n<\/div>\n\n\n\n<h2 class=\"wp-block-heading\">Comment organiser un vide-greniers ?<\/h2>\n\n\n\n<p>Ils peuvent changer d\u2019appellation selon la r\u00e9gion o\u00f9 vous r\u00e9sidez. Que vous les appeliez : braderies, bric-\u00e0-brac ou brocantes, la d\u00e9finition de ces \u00e9v\u00e9nements est toujours plus ou moins la m\u00eame. <\/p>\n\n\n\n<p>Un vide-greniers est un \u00e9v\u00e9nement organis\u00e9 dans un lieu public ou ouvert au public. Les vendeurs qui peuvent \u00eatre des professionnels ou des particuliers viennent y faire des ventes ou des \u00e9changes d\u2019objets mobiliers d\u2019occasion ou de seconde main.&nbsp;<\/p>\n\n\n\n<p><a href=\"http:\/\/l\/\" target=\"_blank\" rel=\"noreferrer noopener\">L<\/a><a href=\"https:\/\/www.infolocale.fr\/blog\/organiser-un-vide-greniers-toutes-les-etapes\/\">\u2019organisation d\u2019un vide-greniers<\/a>&nbsp;est un projet dont la mise en place est pr\u00e9cis\u00e9e par de nombreuses r\u00e8gles. Des r\u00e8gles qui imposent un cadre \u00e0 respecter autant pour les vendeurs&nbsp;professionnels, les particuliers que pour les organisateurs. &nbsp;<\/p>\n\n\n\n<p>Ainsi, l\u00e9galement,&nbsp; les ventes au d\u00e9ballage ne peuvent pas exc\u00e9der deux mois par ann\u00e9e civile sur un m\u00eame emplacement ou dans un m\u00eame local. Pour veiller \u00e0 l\u2019application de cette r\u00e8gle, les organisateurs sont dans l\u2019obligation d\u2019effectuer une d\u00e9claration aupr\u00e8s du maire de leur&nbsp;commune avant la tenue de leur \u00e9v\u00e9nement.&nbsp;<\/p>\n\n\n\n<h2 class=\"wp-block-heading\">Combien de vide-greniers par an pour un particulier ?<\/h2>\n\n\n\n<p>L\u2019article 310-2 du Code du commerce consid\u00e8re que les particuliers qui ne sont pas inscrits au registre du commerce sont autoris\u00e9s \u00e0 participer aux ventes au d\u00e9ballage. N\u00e9anmoins, ils ne pourront y vendre que des objets personnels et usag\u00e9s. A une r\u00e9currence de deux vide-greniers maximum par an.&nbsp;<\/p>\n\n\n\n<p>Vous \u00eates un particulier ? Vous souhaitez participer \u00e0 un vide-greniers ? Sachez que la nature des marchandises que vous \u00eates autoris\u00e9 \u00e0 vendre est aussi encadr\u00e9e par la loi. En effet, la vente de biens neufs et de denr\u00e9es alimentaires sont strictement interdites lors d\u2019un vide-greniers.&nbsp;&nbsp;<\/p>\n\n\n\n<p>Ensuite, au-del\u00e0 des deux participations auxquelles vous \u00eates autoris\u00e9 en tant que particulier; le cumul des jours de ventes au d\u00e9ballage que vous r\u00e9alisez ne peut en aucun cas exc\u00e9der les deux mois par an. Cette modalit\u00e9 vous permettra de choisir deux dates avantageuses en termes de profit. Pr\u00e9voyez donc de longues manifestations qui s\u2019\u00e9talent sur plusieurs jours afin de faire le plein d\u2019acheteurs.&nbsp;<\/p>\n\n\n<div class=\"wp-block-image\">\n<figure class=\"aligncenter size-large\"><a href=\"https:\/\/www.infolocale.fr\/decouvrir\/?int_source=blog&amp;int_medium=banner&amp;int_campaign=blog-content-ba75\"><img fetchpriority=\"high\" decoding=\"async\" width=\"1024\" height=\"532\" src=\"https:\/\/www.infolocale.fr\/blog\/wp-content\/uploads\/2022\/10\/Banniere-mail-et-blog-1024x532.jpg\" alt=\"\" class=\"wp-image-21058\" srcset=\"https:\/\/infolocale.20minutes.fr\/blog\/wp-content\/uploads\/2022\/10\/Banniere-mail-et-blog-1024x532.jpg 1024w, https:\/\/infolocale.20minutes.fr\/blog\/wp-content\/uploads\/2022\/10\/Banniere-mail-et-blog-300x156.jpg 300w, https:\/\/infolocale.20minutes.fr\/blog\/wp-content\/uploads\/2022\/10\/Banniere-mail-et-blog-768x399.jpg 768w, https:\/\/infolocale.20minutes.fr\/blog\/wp-content\/uploads\/2022\/10\/Banniere-mail-et-blog-1536x798.jpg 1536w, https:\/\/infolocale.20minutes.fr\/blog\/wp-content\/uploads\/2022\/10\/Banniere-mail-et-blog.jpg 1604w\" sizes=\"(max-width: 1024px) 100vw, 1024px\" \/><\/a><\/figure><\/div>\n\n\n<h2 class=\"wp-block-heading\">Les organisateurs de braderies doivent constituer un registre des vendeurs<\/h2>\n\n\n\n<p>Vous souhaitez participer en tant que vendeur \u00e0 un vide-greniers ? Que vous soyez professionnel ou particulier, vous devez obligatoirement \u00eatre enregistr\u00e9 sur ce registre. <\/p>\n\n\n\n<p>Vous \u00eates un organisateur de vide-greniers ? Cette r\u00e8gle a un impact sur votre organisation. En effet, en tant qu&rsquo;organisateur de vide-greniers, vous devez obligatoirement mettre&nbsp;en place un <a href=\"https:\/\/www.infolocale.fr\/blog\/registre-des-vendeurs-vide-greniers\/\">registre des vendeurs<\/a>. Ce document a pour mission d\u2019identifier tous les exposants qui participeront \u00e0 votre manifestation. <\/p>\n\n\n\n<p>Pour commencer, ce fichier permet de s&rsquo;assurer que la r\u00e8gle de participation des particuliers est bien appliqu\u00e9e. Ensuite, il permet aussi d&#8217;emp\u00eacher que des professionnels ne s&rsquo;inscrivent comme particulier. &nbsp;<\/p>\n\n\n\n<p>Le registre des vendeurs doit \u00eatre inamovible. Il sera \u00e9galement num\u00e9rot\u00e9 et paraph\u00e9 par le maire de la commune o\u00f9 le vide-greniers se d\u00e9roule. De plus, vous devrez \u00e9galement mettre le document \u00e0 la disposition de diff\u00e9rents autres services tels que :&nbsp;&nbsp;<\/p>\n\n\n\n<ul class=\"wp-block-list\">\n<li>la gendarmerie,\u00a0\u00a0<\/li>\n\n\n\n<li>la r\u00e9pression des fraudes,\u00a0\u00a0<\/li>\n\n\n\n<li>les douanes,\u00a0\u00a0<\/li>\n\n\n\n<li>les services fiscaux.\u00a0\u00a0<\/li>\n<\/ul>\n\n\n\n<p>Enfin, lorsque le vide-greniers sera termin\u00e9, vous aurez huit jours pour d\u00e9poser le registre dans votre pr\u00e9fecture ou sous-pr\u00e9fecture environnante.&nbsp;<\/p>\n\n\n\n<h2 class=\"wp-block-heading\">Bonus : Nos astuces pratiques pour maximiser vos ventes<\/h2>\n\n\n\n<p>La r\u00e9ussite de votre journ\u00e9e d\u00e9pend avant tout d&rsquo;une bonne pr\u00e9paration mat\u00e9rielle. Triez vos objets par cat\u00e9gories pour clarifier votre offre aux yeux des passants. Mettez toujours les articles les plus visuels ou attractifs en \u00e9vidence sur votre stand.<\/p>\n\n\n\n<p>Anticipez les transactions en pr\u00e9parant un fond de caisse cons\u00e9quent. Les premiers chineurs arrivent souvent tr\u00e8s t\u00f4t et paient en esp\u00e8ces. Fixez des prix psychologiques attractifs et pr\u00e9parez-vous \u00e0 n\u00e9gocier chaque article.<\/p>\n\n\n\n<p>Pensez \u00e9galement \u00e0 votre confort personnel pour tenir toute la journ\u00e9e. Pr\u00e9voyez des si\u00e8ges, des collations et des v\u00eatements adapt\u00e9s \u00e0 la m\u00e9t\u00e9o. Pr\u00e9voyez enfin des cartons vides pour remballer rapidement vos invendus. Vous pouvez d&rsquo;ailleurs identifier une association caritative locale pour faire don de ces restes.<\/p>\n\n\n\n<p><\/p>\n","protected":false},"excerpt":{"rendered":"<p>Les particuliers ne peuvent participer qu&rsquo;\u00e0 un maximum de deux vide-greniers sur une p\u00e9riode ne d\u00e9passant pas, en cumul\u00e9, une dur\u00e9e de deux mois pour [&hellip;]<\/p>\n","protected":false},"author":15,"featured_media":21227,"comment_status":"open","ping_status":"open","sticky":false,"template":"","format":"standard","meta":{"_coblocks_attr":"","_coblocks_dimensions":"","_coblocks_responsive_height":"","_coblocks_accordion_ie_support":"","_mo_disable_npp":"","footnotes":""},"categories":[101],"tags":[],"class_list":["post-21177","post","type-post","status-publish","format-standard","has-post-thumbnail","hentry","category-organiser-un-evenement"],"yoast_head":"<!-- This site is optimized with the Yoast SEO plugin v23.2 - https:\/\/yoast.com\/wordpress\/plugins\/seo\/ -->\n<title>Vide-greniers : combien un particulier peut-il en faire par an ? |<\/title>\n<meta name=\"description\" content=\"Pour participer \u00e0 un vide-greniers, les particuliers sont soumis \u00e0 un nombre limites de vide-greniers qui s&#039;\u00e9l\u00e8vent \u00e0 2 par ann\u00e9e civile.\" \/>\n<meta name=\"robots\" content=\"index, follow, max-snippet:-1, max-image-preview:large, max-video-preview:-1\" \/>\n<link rel=\"canonical\" href=\"https:\/\/www.infolocale.fr\/blog\/particulier-combien-vide-greniers\/\" \/>\n<meta property=\"og:locale\" content=\"fr_FR\" \/>\n<meta property=\"og:type\" content=\"article\" \/>\n<meta property=\"og:title\" content=\"Vide-greniers : combien un particulier peut-il en faire par an ? |\" \/>\n<meta property=\"og:description\" content=\"Pour participer \u00e0 un vide-greniers, les particuliers sont soumis \u00e0 un nombre limites de vide-greniers qui s&#039;\u00e9l\u00e8vent \u00e0 2 par ann\u00e9e civile.\" \/>\n<meta property=\"og:url\" content=\"https:\/\/www.infolocale.fr\/blog\/particulier-combien-vide-greniers\/\" \/>\n<meta property=\"article:publisher\" content=\"https:\/\/www.facebook.com\/infolocaleFR\/\" \/>\n<meta property=\"article:published_time\" content=\"2022-10-28T08:38:34+00:00\" \/>\n<meta property=\"article:modified_time\" content=\"2026-06-18T14:50:22+00:00\" \/>\n<meta property=\"og:image\" content=\"https:\/\/www.infolocale.fr\/blog\/wp-content\/uploads\/2022\/10\/vide-grenier-wordpress.jpg\" \/>\n\t<meta property=\"og:image:width\" content=\"900\" \/>\n\t<meta property=\"og:image:height\" content=\"630\" \/>\n\t<meta property=\"og:image:type\" content=\"image\/jpeg\" \/>\n<meta name=\"author\" content=\"Oumou\" \/>\n<meta name=\"twitter:card\" content=\"summary_large_image\" \/>\n<meta name=\"twitter:creator\" content=\"@infolocale\" \/>\n<meta name=\"twitter:site\" content=\"@infolocale\" \/>\n<meta name=\"twitter:label1\" content=\"\u00c9crit par\" \/>\n\t<meta name=\"twitter:data1\" content=\"Oumou\" \/>\n\t<meta name=\"twitter:label2\" content=\"Dur\u00e9e de lecture estim\u00e9e\" \/>\n\t<meta name=\"twitter:data2\" content=\"5 minutes\" \/>\n<script type=\"application\/ld+json\" class=\"yoast-schema-graph\">{\"@context\":\"https:\/\/schema.org\",\"@graph\":[{\"@type\":\"Article\",\"@id\":\"https:\/\/www.infolocale.fr\/blog\/particulier-combien-vide-greniers\/#article\",\"isPartOf\":{\"@id\":\"https:\/\/www.infolocale.fr\/blog\/particulier-combien-vide-greniers\/\"},\"author\":{\"name\":\"Oumou\",\"@id\":\"https:\/\/www.infolocale.fr\/blog\/#\/schema\/person\/7b465e67b291a94b0d9e57ee55abf5b3\"},\"headline\":\"Vide-greniers : combien un particulier peut-il en faire par an ?\",\"datePublished\":\"2022-10-28T08:38:34+00:00\",\"dateModified\":\"2026-06-18T14:50:22+00:00\",\"mainEntityOfPage\":{\"@id\":\"https:\/\/www.infolocale.fr\/blog\/particulier-combien-vide-greniers\/\"},\"wordCount\":825,\"commentCount\":2,\"publisher\":{\"@id\":\"https:\/\/www.infolocale.fr\/blog\/#organization\"},\"image\":{\"@id\":\"https:\/\/www.infolocale.fr\/blog\/particulier-combien-vide-greniers\/#primaryimage\"},\"thumbnailUrl\":\"https:\/\/infolocale.20minutes.fr\/blog\/wp-content\/uploads\/2022\/10\/vide-grenier-wordpress.jpg\",\"articleSection\":[\"Organiser un \u00e9v\u00e9nement\"],\"inLanguage\":\"fr-FR\",\"potentialAction\":[{\"@type\":\"CommentAction\",\"name\":\"Comment\",\"target\":[\"https:\/\/www.infolocale.fr\/blog\/particulier-combien-vide-greniers\/#respond\"]}]},{\"@type\":\"WebPage\",\"@id\":\"https:\/\/www.infolocale.fr\/blog\/particulier-combien-vide-greniers\/\",\"url\":\"https:\/\/www.infolocale.fr\/blog\/particulier-combien-vide-greniers\/\",\"name\":\"Vide-greniers : combien un particulier peut-il en faire par an ? |\",\"isPartOf\":{\"@id\":\"https:\/\/www.infolocale.fr\/blog\/#website\"},\"primaryImageOfPage\":{\"@id\":\"https:\/\/www.infolocale.fr\/blog\/particulier-combien-vide-greniers\/#primaryimage\"},\"image\":{\"@id\":\"https:\/\/www.infolocale.fr\/blog\/particulier-combien-vide-greniers\/#primaryimage\"},\"thumbnailUrl\":\"https:\/\/infolocale.20minutes.fr\/blog\/wp-content\/uploads\/2022\/10\/vide-grenier-wordpress.jpg\",\"datePublished\":\"2022-10-28T08:38:34+00:00\",\"dateModified\":\"2026-06-18T14:50:22+00:00\",\"description\":\"Pour participer \u00e0 un vide-greniers, les particuliers sont soumis \u00e0 un nombre limites de vide-greniers qui s'\u00e9l\u00e8vent \u00e0 2 par ann\u00e9e civile.\",\"breadcrumb\":{\"@id\":\"https:\/\/www.infolocale.fr\/blog\/particulier-combien-vide-greniers\/#breadcrumb\"},\"inLanguage\":\"fr-FR\",\"potentialAction\":[{\"@type\":\"ReadAction\",\"target\":[\"https:\/\/www.infolocale.fr\/blog\/particulier-combien-vide-greniers\/\"]}]},{\"@type\":\"ImageObject\",\"inLanguage\":\"fr-FR\",\"@id\":\"https:\/\/www.infolocale.fr\/blog\/particulier-combien-vide-greniers\/#primaryimage\",\"url\":\"https:\/\/infolocale.20minutes.fr\/blog\/wp-content\/uploads\/2022\/10\/vide-grenier-wordpress.jpg\",\"contentUrl\":\"https:\/\/infolocale.20minutes.fr\/blog\/wp-content\/uploads\/2022\/10\/vide-grenier-wordpress.jpg\",\"width\":900,\"height\":630},{\"@type\":\"BreadcrumbList\",\"@id\":\"https:\/\/www.infolocale.fr\/blog\/particulier-combien-vide-greniers\/#breadcrumb\",\"itemListElement\":[{\"@type\":\"ListItem\",\"position\":1,\"name\":\"Blog\",\"item\":\"https:\/\/infolocale.ouest-france.fr\/blog\/\"},{\"@type\":\"ListItem\",\"position\":2,\"name\":\"Organiser un \u00e9v\u00e9nement\",\"item\":\"https:\/\/infolocale.actu.fr\/blog\/cat\/organiser-un-evenement\/\"},{\"@type\":\"ListItem\",\"position\":3,\"name\":\"Vide-greniers : combien un particulier peut-il en faire par an ?\"}]},{\"@type\":\"WebSite\",\"@id\":\"https:\/\/www.infolocale.fr\/blog\/#website\",\"url\":\"https:\/\/www.infolocale.fr\/blog\/\",\"name\":\"\",\"description\":\"\",\"publisher\":{\"@id\":\"https:\/\/www.infolocale.fr\/blog\/#organization\"},\"potentialAction\":[{\"@type\":\"SearchAction\",\"target\":{\"@type\":\"EntryPoint\",\"urlTemplate\":\"https:\/\/www.infolocale.fr\/blog\/?s={search_term_string}\"},\"query-input\":\"required name=search_term_string\"}],\"inLanguage\":\"fr-FR\"},{\"@type\":\"Organization\",\"@id\":\"https:\/\/www.infolocale.fr\/blog\/#organization\",\"name\":\"Infolocale\",\"url\":\"https:\/\/www.infolocale.fr\/blog\/\",\"logo\":{\"@type\":\"ImageObject\",\"inLanguage\":\"fr-FR\",\"@id\":\"https:\/\/www.infolocale.fr\/blog\/#\/schema\/logo\/image\/\",\"url\":\"https:\/\/www.infolocale.fr\/blog\/wp-content\/uploads\/2020\/11\/logol.jpg\",\"contentUrl\":\"https:\/\/www.infolocale.fr\/blog\/wp-content\/uploads\/2020\/11\/logol.jpg\",\"width\":1031,\"height\":398,\"caption\":\"Infolocale\"},\"image\":{\"@id\":\"https:\/\/www.infolocale.fr\/blog\/#\/schema\/logo\/image\/\"},\"sameAs\":[\"https:\/\/www.facebook.com\/infolocaleFR\/\",\"https:\/\/x.com\/infolocale\",\"https:\/\/www.instagram.com\/infolocale\/\",\"https:\/\/fr.linkedin.com\/company\/infolocale\",\"https:\/\/www.youtube.com\/channel\/UCnv4FA8EYEuu_si3TGr7xeA\"]},{\"@type\":\"Person\",\"@id\":\"https:\/\/www.infolocale.fr\/blog\/#\/schema\/person\/7b465e67b291a94b0d9e57ee55abf5b3\",\"name\":\"Oumou\",\"image\":{\"@type\":\"ImageObject\",\"inLanguage\":\"fr-FR\",\"@id\":\"https:\/\/www.infolocale.fr\/blog\/#\/schema\/person\/image\/\",\"url\":\"https:\/\/secure.gravatar.com\/avatar\/ca778b2ad1724511074379ce7dc753dc?s=96&d=mm&r=g\",\"contentUrl\":\"https:\/\/secure.gravatar.com\/avatar\/ca778b2ad1724511074379ce7dc753dc?s=96&d=mm&r=g\",\"caption\":\"Oumou\"},\"url\":\"https:\/\/infolocale.20minutes.fr\/blog\/author\/oumou-diakiteouest-france-fr\/\"}]}<\/script>\n<!-- \/ Yoast SEO plugin. -->","yoast_head_json":{"title":"Vide-greniers : combien un particulier peut-il en faire par an ? |","description":"Pour participer \u00e0 un vide-greniers, les particuliers sont soumis \u00e0 un nombre limites de vide-greniers qui s'\u00e9l\u00e8vent \u00e0 2 par ann\u00e9e civile.","robots":{"index":"index","follow":"follow","max-snippet":"max-snippet:-1","max-image-preview":"max-image-preview:large","max-video-preview":"max-video-preview:-1"},"canonical":"https:\/\/www.infolocale.fr\/blog\/particulier-combien-vide-greniers\/","og_locale":"fr_FR","og_type":"article","og_title":"Vide-greniers : combien un particulier peut-il en faire par an ? |","og_description":"Pour participer \u00e0 un vide-greniers, les particuliers sont soumis \u00e0 un nombre limites de vide-greniers qui s'\u00e9l\u00e8vent \u00e0 2 par ann\u00e9e civile.","og_url":"https:\/\/www.infolocale.fr\/blog\/particulier-combien-vide-greniers\/","article_publisher":"https:\/\/www.facebook.com\/infolocaleFR\/","article_published_time":"2022-10-28T08:38:34+00:00","article_modified_time":"2026-06-18T14:50:22+00:00","og_image":[{"width":900,"height":630,"url":"https:\/\/www.infolocale.fr\/blog\/wp-content\/uploads\/2022\/10\/vide-grenier-wordpress.jpg","type":"image\/jpeg"}],"author":"Oumou","twitter_card":"summary_large_image","twitter_creator":"@infolocale","twitter_site":"@infolocale","twitter_misc":{"\u00c9crit par":"Oumou","Dur\u00e9e de lecture estim\u00e9e":"5 minutes"},"schema":{"@context":"https:\/\/schema.org","@graph":[{"@type":"Article","@id":"https:\/\/www.infolocale.fr\/blog\/particulier-combien-vide-greniers\/#article","isPartOf":{"@id":"https:\/\/www.infolocale.fr\/blog\/particulier-combien-vide-greniers\/"},"author":{"name":"Oumou","@id":"https:\/\/www.infolocale.fr\/blog\/#\/schema\/person\/7b465e67b291a94b0d9e57ee55abf5b3"},"headline":"Vide-greniers : combien un particulier peut-il en faire par an ?","datePublished":"2022-10-28T08:38:34+00:00","dateModified":"2026-06-18T14:50:22+00:00","mainEntityOfPage":{"@id":"https:\/\/www.infolocale.fr\/blog\/particulier-combien-vide-greniers\/"},"wordCount":825,"commentCount":2,"publisher":{"@id":"https:\/\/www.infolocale.fr\/blog\/#organization"},"image":{"@id":"https:\/\/www.infolocale.fr\/blog\/particulier-combien-vide-greniers\/#primaryimage"},"thumbnailUrl":"https:\/\/infolocale.20minutes.fr\/blog\/wp-content\/uploads\/2022\/10\/vide-grenier-wordpress.jpg","articleSection":["Organiser un \u00e9v\u00e9nement"],"inLanguage":"fr-FR","potentialAction":[{"@type":"CommentAction","name":"Comment","target":["https:\/\/www.infolocale.fr\/blog\/particulier-combien-vide-greniers\/#respond"]}]},{"@type":"WebPage","@id":"https:\/\/www.infolocale.fr\/blog\/particulier-combien-vide-greniers\/","url":"https:\/\/www.infolocale.fr\/blog\/particulier-combien-vide-greniers\/","name":"Vide-greniers : combien un particulier peut-il en faire par an ? |","isPartOf":{"@id":"https:\/\/www.infolocale.fr\/blog\/#website"},"primaryImageOfPage":{"@id":"https:\/\/www.infolocale.fr\/blog\/particulier-combien-vide-greniers\/#primaryimage"},"image":{"@id":"https:\/\/www.infolocale.fr\/blog\/particulier-combien-vide-greniers\/#primaryimage"},"thumbnailUrl":"https:\/\/infolocale.20minutes.fr\/blog\/wp-content\/uploads\/2022\/10\/vide-grenier-wordpress.jpg","datePublished":"2022-10-28T08:38:34+00:00","dateModified":"2026-06-18T14:50:22+00:00","description":"Pour participer \u00e0 un vide-greniers, les particuliers sont soumis \u00e0 un nombre limites de vide-greniers qui s'\u00e9l\u00e8vent \u00e0 2 par ann\u00e9e civile.","breadcrumb":{"@id":"https:\/\/www.infolocale.fr\/blog\/particulier-combien-vide-greniers\/#breadcrumb"},"inLanguage":"fr-FR","potentialAction":[{"@type":"ReadAction","target":["https:\/\/www.infolocale.fr\/blog\/particulier-combien-vide-greniers\/"]}]},{"@type":"ImageObject","inLanguage":"fr-FR","@id":"https:\/\/www.infolocale.fr\/blog\/particulier-combien-vide-greniers\/#primaryimage","url":"https:\/\/infolocale.20minutes.fr\/blog\/wp-content\/uploads\/2022\/10\/vide-grenier-wordpress.jpg","contentUrl":"https:\/\/infolocale.20minutes.fr\/blog\/wp-content\/uploads\/2022\/10\/vide-grenier-wordpress.jpg","width":900,"height":630},{"@type":"BreadcrumbList","@id":"https:\/\/www.infolocale.fr\/blog\/particulier-combien-vide-greniers\/#breadcrumb","itemListElement":[{"@type":"ListItem","position":1,"name":"Blog","item":"https:\/\/infolocale.ouest-france.fr\/blog\/"},{"@type":"ListItem","position":2,"name":"Organiser un \u00e9v\u00e9nement","item":"https:\/\/infolocale.actu.fr\/blog\/cat\/organiser-un-evenement\/"},{"@type":"ListItem","position":3,"name":"Vide-greniers : combien un particulier peut-il en faire par an ?"}]},{"@type":"WebSite","@id":"https:\/\/www.infolocale.fr\/blog\/#website","url":"https:\/\/www.infolocale.fr\/blog\/","name":"","description":"","publisher":{"@id":"https:\/\/www.infolocale.fr\/blog\/#organization"},"potentialAction":[{"@type":"SearchAction","target":{"@type":"EntryPoint","urlTemplate":"https:\/\/www.infolocale.fr\/blog\/?s={search_term_string}"},"query-input":"required name=search_term_string"}],"inLanguage":"fr-FR"},{"@type":"Organization","@id":"https:\/\/www.infolocale.fr\/blog\/#organization","name":"Infolocale","url":"https:\/\/www.infolocale.fr\/blog\/","logo":{"@type":"ImageObject","inLanguage":"fr-FR","@id":"https:\/\/www.infolocale.fr\/blog\/#\/schema\/logo\/image\/","url":"https:\/\/www.infolocale.fr\/blog\/wp-content\/uploads\/2020\/11\/logol.jpg","contentUrl":"https:\/\/www.infolocale.fr\/blog\/wp-content\/uploads\/2020\/11\/logol.jpg","width":1031,"height":398,"caption":"Infolocale"},"image":{"@id":"https:\/\/www.infolocale.fr\/blog\/#\/schema\/logo\/image\/"},"sameAs":["https:\/\/www.facebook.com\/infolocaleFR\/","https:\/\/x.com\/infolocale","https:\/\/www.instagram.com\/infolocale\/","https:\/\/fr.linkedin.com\/company\/infolocale","https:\/\/www.youtube.com\/channel\/UCnv4FA8EYEuu_si3TGr7xeA"]},{"@type":"Person","@id":"https:\/\/www.infolocale.fr\/blog\/#\/schema\/person\/7b465e67b291a94b0d9e57ee55abf5b3","name":"Oumou","image":{"@type":"ImageObject","inLanguage":"fr-FR","@id":"https:\/\/www.infolocale.fr\/blog\/#\/schema\/person\/image\/","url":"https:\/\/secure.gravatar.com\/avatar\/ca778b2ad1724511074379ce7dc753dc?s=96&d=mm&r=g","contentUrl":"https:\/\/secure.gravatar.com\/avatar\/ca778b2ad1724511074379ce7dc753dc?s=96&d=mm&r=g","caption":"Oumou"},"url":"https:\/\/infolocale.20minutes.fr\/blog\/author\/oumou-diakiteouest-france-fr\/"}]}},"_links":{"self":[{"href":"https:\/\/infolocale.20minutes.fr\/blog\/wp-json\/wp\/v2\/posts\/21177"}],"collection":[{"href":"https:\/\/infolocale.20minutes.fr\/blog\/wp-json\/wp\/v2\/posts"}],"about":[{"href":"https:\/\/infolocale.20minutes.fr\/blog\/wp-json\/wp\/v2\/types\/post"}],"author":[{"embeddable":true,"href":"https:\/\/infolocale.20minutes.fr\/blog\/wp-json\/wp\/v2\/users\/15"}],"replies":[{"embeddable":true,"href":"https:\/\/infolocale.20minutes.fr\/blog\/wp-json\/wp\/v2\/comments?post=21177"}],"version-history":[{"count":0,"href":"https:\/\/infolocale.20minutes.fr\/blog\/wp-json\/wp\/v2\/posts\/21177\/revisions"}],"wp:featuredmedia":[{"embeddable":true,"href":"https:\/\/infolocale.20minutes.fr\/blog\/wp-json\/wp\/v2\/media\/21227"}],"wp:attachment":[{"href":"https:\/\/infolocale.20minutes.fr\/blog\/wp-json\/wp\/v2\/media?parent=21177"}],"wp:term":[{"taxonomy":"category","embeddable":true,"href":"https:\/\/infolocale.20minutes.fr\/blog\/wp-json\/wp\/v2\/categories?post=21177"},{"taxonomy":"post_tag","embeddable":true,"href":"https:\/\/infolocale.20minutes.fr\/blog\/wp-json\/wp\/v2\/tags?post=21177"}],"curies":[{"name":"wp","href":"https:\/\/api.w.org\/{rel}","templated":true}]}}