{"id":21067,"date":"2022-11-25T16:58:15","date_gmt":"2022-11-25T15:58:15","guid":{"rendered":"https:\/\/www.infolocale.fr\/blog\/?p=21067"},"modified":"2023-01-17T12:17:00","modified_gmt":"2023-01-17T11:17:00","slug":"modele-de-pouvoir","status":"publish","type":"post","link":"https:\/\/infolocale.20minutes.fr\/blog\/modele-de-pouvoir\/","title":{"rendered":"Mod\u00e8le de pouvoir : exemple \u00e0 t\u00e9l\u00e9charger pour l\u2019AG de votre association"},"content":{"rendered":"\n<p class=\"has-pale-cyan-blue-background-color has-background\">Voici un <strong>mod\u00e8le de pouvoir <\/strong>gratuit \u00e0 t\u00e9l\u00e9charger. Vous pouvez le joindre \u00e0 l\u2019ordre du jour de votre assembl\u00e9e g\u00e9n\u00e9rale de votre association lors de l\u2019envoi des convocations. Une fois d\u00fbment rempli et transmis, cet <strong>exemple de pouvoir<\/strong> permettra aux membres de votre association souhaitant participer aux d\u00e9bats mais dans l\u2019incapacit\u00e9 d\u2019\u00eatre pr\u00e9sent le jour de votre AG, d\u2019exprimer leur voix, par l\u2019interm\u00e9diaire d\u2019une autre personne.<\/p>\n\n\n\n<div class=\"wp-block-buttons is-horizontal is-content-justification-center is-layout-flex wp-container-core-buttons-is-layout-1 wp-block-buttons-is-layout-flex\">\n<div class=\"wp-block-button\"><a class=\"wp-block-button__link has-white-color has-luminous-vivid-amber-background-color has-text-color has-background wp-element-button\"><strong>&gt;&gt;Inscrire mon asso \u00e0 Infolocale <\/strong><\/a><\/div>\n<\/div>\n\n\n\n<h2 class=\"wp-block-heading\">Qu\u2019est-ce que le pouvoir de repr\u00e9sentation ?&nbsp;<\/h2>\n\n\n\n<p>L\u2019assembl\u00e9e g\u00e9n\u00e9rale annuelle est un moment important dans la vie d\u2019une association. Y prendre part c\u2019est participer \u00e0 l\u2019avenir de votre organisation, prendre des d\u00e9cisions et y exprimer sa voix. Seulement, plus votre association est grande, plus il peut \u00eatre difficile de trouver une date \u00e0 laquelle tout le monde puisse venir. Pour ceux qui, parmi vos membres, souhaiteraient, malgr\u00e9 leur absence, participer aux votes de l\u2019assembl\u00e9e g\u00e9n\u00e9rale. Vous pouvez mettre en place le syst\u00e8me de vote par procuration aussi appel\u00e9 d\u00e9l\u00e9gation de pouvoir.&nbsp;<\/p>\n\n\n\n<p>D\u2019apr\u00e8s l\u2019article 1984 du Code civil, le pouvoir de repr\u00e9sentation donne au membre d\u2019une association, le pouvoir de participer aux discussions de l\u2019assembl\u00e9e g\u00e9n\u00e9rale annuelle ainsi que la possibilit\u00e9 de d\u00e9lib\u00e9rer et voter.&nbsp;<\/p>\n\n\n\n<p>Ainsi, pour que ce motif de repr\u00e9sentation soit valable, notez que celui-ci doit s\u2019exercer dans le cadre pr\u00e9cis, conform\u00e9ment au process \u00e9tabli par vos statuts. Le plus souvent, un <strong>exemple de pouvoir <\/strong>vierge, avec des champs \u00e0 remplir, sera jointe \u00e0 la convocation \u00e0 l\u2019assembl\u00e9e g\u00e9n\u00e9rale annuelle.&nbsp;<\/p>\n\n\n\n<h3 class=\"wp-block-heading\">Le pouvoir en blanc : une autre fa\u00e7on de voter en votre absence \u00e0 l\u2019Assembl\u00e9e G\u00e9n\u00e9rale&nbsp;<\/h3>\n\n\n\n<p>Le pouvoir en blanc est une autre forme de pouvoir. La diff\u00e9rence avec la d\u00e9l\u00e9gation de pouvoir traditionnelle est qu\u2019il permet \u00e0 un membre qui ne sera pas pr\u00e9sent lors de l\u2019AG de participer aux d\u00e9lib\u00e9rations et aux votes. Pour ce faire, le mandant signe le pouvoir sans y inscrire son nom. Ici, le d\u00e9tenteur du pouvoir en blanc pourra l\u2019utiliser lui-m\u00eame. Ou faire le choix de le transmettre \u00e0 un autre membre.&nbsp;<\/p>\n\n\n\n<div class=\"wp-block-buttons is-content-justification-center is-layout-flex wp-block-buttons-is-layout-flex\">\n<div class=\"wp-block-button\"><a class=\"wp-block-button__link has-vivid-cyan-blue-color has-white-background-color has-text-color has-background\" href=\"#elementor-action%3Aaction%3Dpopup%3Aopen%26settings%3DeyJpZCI6IjIxNDYzIiwidG9nZ2xlIjpmYWxzZX0%3D\">&gt; T\u00e9l\u00e9chargez un exemple de pouvoir \u00e0 utiliser pour l&rsquo;AG de votre association<\/a><\/div>\n<\/div>\n\n\n\n<h2 class=\"wp-block-heading\">Dans<strong> <\/strong>quelles<strong> <\/strong>situations<strong> <\/strong>puis-je<strong> <\/strong>utiliser<strong> <\/strong>le<strong> <\/strong>pouvoir<strong> <\/strong>de<strong> <\/strong>repr\u00e9sentation<strong> <\/strong>?&nbsp;<\/h2>\n\n\n\n<p>Vous pouvez utiliser ce pouvoir lors d\u2019une assembl\u00e9e g\u00e9n\u00e9rale ordinaire ou extraordinaire.&nbsp;&nbsp;<\/p>\n\n\n\n<p>Pour rappel, l\u2019<a href=\"https:\/\/www.infolocale.fr\/blog\/assemblee-generale-association\/\">assembl\u00e9e g\u00e9n\u00e9rale ordinaire d\u2019une association<\/a> se tient g\u00e9n\u00e9ralement une fois par an. Cette derni\u00e8re traite de la vie courante de l\u2019association (bilan de l\u2019ann\u00e9e, vote du budget, projets \u00e0 venir, etc).&nbsp;&nbsp;<\/p>\n\n\n\n<p>Aussi, lorsque l\u2019on c\u00e8de un pouvoir de repr\u00e9sentation pour l\u2019assembl\u00e9e g\u00e9n\u00e9rale ordinaire, les membres absents peuvent :&nbsp;<\/p>\n\n\n\n<ul class=\"wp-block-list\"><li>\u00e9mettre des suggestions sur les d\u00e9cisions et objectifs,&nbsp;<\/li><li>discuter du fonctionnement de l\u2019association,&nbsp;<\/li><li>s\u2019exprimer sur les r\u00e9formes des statuts,&nbsp;<\/li><li>valider les comptes,&nbsp;<\/li><\/ul>\n\n\n\n<p>La liste n\u2019est pas exhaustive, n\u00e9anmoins, exprim\u00e9 dans le cadre d\u2019une <a href=\"https:\/\/www.infolocale.fr\/blog\/assemblee-generale-extraordinaire-association\/\">assembl\u00e9e g\u00e9n\u00e9rale extraordinaire<\/a> ; le pouvoir de repr\u00e9sentation donne la possibilit\u00e9 aux membres absents de participer aux votes sur des sujets tels que :\u00a0<\/p>\n\n\n\n<ul class=\"wp-block-list\"><li>l\u2019achat, la location ou la vente d\u2019un local,&nbsp;<\/li><li>les changements d\u2019objet social,&nbsp;<\/li><li>l\u2019exclusion d\u2019un membre,&nbsp;<\/li><li>la fusion ou la dissolution de l\u2019association,&nbsp;<\/li><li>le remplacement d\u2019un membre de l\u2019association.&nbsp;<\/li><\/ul>\n\n\n\n<h2 class=\"wp-block-heading\">Mandant et mandataire : les protagonistes du pouvoir de<strong> <\/strong>repr\u00e9sentation<\/h2>\n\n\n\n<p>Le pouvoir de repr\u00e9sentation d\u2019une association va mettre en sc\u00e8ne deux personnes : le mandataire et le mandant. Pour que ce syst\u00e8me fonctionne efficacement, il vous sera essentiel de conna\u00eetre les attributions de celui qui repr\u00e9sente. Ainsi que de celui qui se fera absent.<\/p>\n\n\n\n<h3 class=\"wp-block-heading\">Le mandataire : celui<strong> <\/strong>qui repr\u00e9sente&nbsp;<\/h3>\n\n\n\n<p>Le mandataire est la personne qui re\u00e7oit la procuration. C\u2019est lui qui aura la responsabilit\u00e9 de repr\u00e9senter le membre absent. Le membre absent peut librement choisir la personne qui le repr\u00e9sentera lors de la r\u00e9union, \u00e0 moins que les statuts de l\u2019association pr\u00e9voient d\u2019autres dispositions quant \u00e0 la repr\u00e9sentation et ses pouvoirs.<\/p>\n\n\n\n<p>Aussi, saviez-vous qu\u2019un mandataire dispose, en plus de sa voix, l&rsquo;autorisation de porter la voix de plusieurs autres personnes.&nbsp;<\/p>\n\n\n\n<h3 class=\"wp-block-heading\">Le<strong> <\/strong>mandant : celui qui est repr\u00e9sent\u00e9&nbsp;<\/h3>\n\n\n\n<p>Le mandant est la personne qui ne peut se d\u00e9placer \u00e0 votre r\u00e9union. Via une procuration, le mandant c\u00e8de ses pouvoirs \u00e0 son mandataire. Et ce pour que celui-ci puisse s\u2019exprimer en son nom lors de l\u2019assembl\u00e9e g\u00e9n\u00e9rale de l\u2019association.&nbsp;&nbsp;<\/p>\n\n\n\n<p>Par ailleurs, si le pr\u00e9sident ou les autres membres du bureau ne peuvent assister \u00e0 la r\u00e9union ; il sera n\u00e9cessaire de se r\u00e9f\u00e9rer aux statuts afin de d\u00e9signer les personnes pouvant remplacer le mandant.&nbsp;<\/p>\n\n\n<div class=\"wp-block-image is-resized\">\n<figure class=\"aligncenter size-large has-lightbox\"><a href=\"https:\/\/www.infolocale.fr\/decouvrir\/deposant\/?utm_source=blog&amp;utm_medium=banner&amp;utm_campaign=blog-content\"><img fetchpriority=\"high\" decoding=\"async\" width=\"1024\" height=\"1024\" src=\"https:\/\/www.infolocale.fr\/blog\/wp-content\/uploads\/2021\/11\/banniere-NLDASSO-carree1500x1500-1024x1024.jpg\" alt=\"\" class=\"wp-image-23946\" srcset=\"https:\/\/infolocale.20minutes.fr\/blog\/wp-content\/uploads\/2021\/11\/banniere-NLDASSO-carree1500x1500-1024x1024.jpg 1024w, https:\/\/infolocale.20minutes.fr\/blog\/wp-content\/uploads\/2021\/11\/banniere-NLDASSO-carree1500x1500-300x300.jpg 300w, https:\/\/infolocale.20minutes.fr\/blog\/wp-content\/uploads\/2021\/11\/banniere-NLDASSO-carree1500x1500-150x150.jpg 150w, https:\/\/infolocale.20minutes.fr\/blog\/wp-content\/uploads\/2021\/11\/banniere-NLDASSO-carree1500x1500-768x768.jpg 768w, https:\/\/infolocale.20minutes.fr\/blog\/wp-content\/uploads\/2021\/11\/banniere-NLDASSO-carree1500x1500.jpg 1500w\" sizes=\"(max-width: 1024px) 100vw, 1024px\" \/><\/a><\/figure><\/div>\n\n\n<h2 class=\"wp-block-heading\">Comment r\u00e9diger mon mod\u00e8le de pouvoir de repr\u00e9sentation pour mon Assembl\u00e9e G\u00e9n\u00e9rale ?&nbsp;<\/h2>\n\n\n\n<p>Avant toute chose, sachez que votre <strong>mod\u00e8le de pouvoir<\/strong> pour votre assembl\u00e9e g\u00e9n\u00e9rale doit \u00eatre dat\u00e9, \u00e9crit et sign\u00e9 par celui qui donne le pouvoir.<\/p>\n\n\n\n<div class=\"wp-block-buttons is-content-justification-center is-layout-flex wp-block-buttons-is-layout-flex\">\n<div class=\"wp-block-button\"><a class=\"wp-block-button__link has-vivid-cyan-blue-color has-white-background-color has-text-color has-background\" href=\"#elementor-action%3Aaction%3Dpopup%3Aopen%26settings%3DeyJpZCI6IjIxNDYzIiwidG9nZ2xlIjpmYWxzZX0%3D\">&gt; T\u00e9l\u00e9chargez un mod\u00e8le de pouvoir pour votre association<\/a><\/div>\n<\/div>\n\n\n\n<p>&nbsp;Ensuite, le mandataire devra se pr\u00e9sente \u00e0 la r\u00e9union munie du document. Ainsi que d\u2019une pi\u00e8ce d\u2019identit\u00e9.&nbsp;&nbsp;<\/p>\n\n\n\n<p>Vous trouverez dans cet article un <strong>exemplaire de pouvoir \u00e0 t\u00e9l\u00e9charger<\/strong>. Ce document est gratuit. Et nous vous conseillons de l\u2019envoyer \u00e0 l\u2019ensemble des invit\u00e9s en le joignant \u00e0 la <a href=\"https:\/\/www.infolocale.fr\/blog\/convocation-assemblee-generale-association\/\">convocation \u00e0 l\u2019assembl\u00e9e g\u00e9n\u00e9rale ordinaire de votre association<\/a>.&nbsp;&nbsp;<\/p>\n\n\n\n<p>A noter qu\u2019il conviendra de compl\u00e9ter le mod\u00e8le de pouvoir de la mani\u00e8re la plus pr\u00e9cise avant que l\u2019assembl\u00e9e g\u00e9n\u00e9rale n\u2019ait lieu.<\/p>\n\n\n\n<p>Certaines associations pr\u00e9voient la transmission du document au secr\u00e9tariat de l\u2019association avant un certain d\u00e9lai. Ce d\u00e9lai peut \u00eatre impos\u00e9 par un article dans les statuts ou dans le <a href=\"https:\/\/www.infolocale.fr\/blog\/reglement-interieur-association\/\">r\u00e8glement int\u00e9rieur de votre association<\/a>.&nbsp; En plus de la procuration d\u00fbment remplie, il faudra que la mission de repr\u00e9sentation soit accept\u00e9e par la personne \u00e0 qui elle est confi\u00e9e. Ici, nous conseillons au mandant, de s\u2019assurer pr\u00e9alablement de la pr\u00e9sence du mandataire. Ainsi que de voir avec lui s\u2019il accepte d\u2019assurer cette mission de repr\u00e9sentation.&nbsp;<\/p>\n\n\n\n<h2 class=\"wp-block-heading\">Les<strong> <\/strong>pouvoirs en association :<strong> <\/strong>qui peut r\u00e9diger la procuration du mod\u00e8le de pouvoir ?&nbsp;<\/h2>\n\n\n\n<p>La r\u00e9daction du mod\u00e8le de pouvoir revient au membre qui ne pourra \u00eatre pr\u00e9sent \u00e0 la r\u00e9union !&nbsp;<\/p>\n\n\n\n<p>Le document devra prendre la forme d\u2019une lettre \u00e9quivalente \u00e0 une lettre de procuration. Dans celle-ci, celui qui donne le pouvoir indique : l\u2019identit\u00e9 de son repr\u00e9sentant et la nature des pouvoirs qu\u2019il lui c\u00e8de. Dans la majorit\u00e9 des cas, ils consistent en voter ou encore signer des documents.&nbsp;<\/p>\n\n\n\n<h2 class=\"wp-block-heading\">Mod\u00e8le de pouvoir :<strong> <\/strong>comment remplir votre document&nbsp;<\/h2>\n\n\n\n<p>Pour que les informations renseign\u00e9es dans le mod\u00e8le de pouvoir soient valables, il faudra qu&rsquo;il contienne un certain nombre d\u2019\u00e9l\u00e9ments. Tous ces \u00e9l\u00e9ments sont pr\u00e9sents dans le <strong>mod\u00e8le de pouvoir<\/strong> que vous pouvez t\u00e9l\u00e9charger dans cet article.&nbsp;&nbsp;<\/p>\n\n\n\n<p>Vous pr\u00e9parez votre assembl\u00e9e g\u00e9n\u00e9rale ? Vous souhaitez joindre \u00e0 votre convocation un <strong>exemple de pouvoir<\/strong> permettant \u00e0 vos membres de voter par procuration ? Le document que nous vous proposons peut \u00eatre utilis\u00e9 tel quel. T\u00e9l\u00e9chargez-le et joignez le \u00e0 vos convocations. Vous pouvez \u00e9galement vous en inspirer pour cr\u00e9er votre propre document adapt\u00e9 \u00e0 vos besoins sp\u00e9cifiques.&nbsp;<\/p>\n\n\n\n<p>Voici les champs que vous y trouverez. Dans ce <strong>mod\u00e8le de pouvoir \u00e0 t\u00e9l\u00e9charger<\/strong>, vous trouverez des champs laiss\u00e9s vides. Ils sont l\u00e0 pour que vos mandants puissent renseigner les informations utiles \u00e0 leur demande.&nbsp;<\/p>\n\n\n\n<p>Il s\u2019agit des champs :&nbsp;<\/p>\n\n\n\n<ul class=\"wp-block-list\"><li>NOM, pr\u00e9nom et adresse du membre qui c\u00e8de son pouvoir \u00e0 l\u2019assembl\u00e9e g\u00e9n\u00e9rale&nbsp;<\/li><li>NOM, pr\u00e9nom et adresse du membre qui re\u00e7oit le pouvoir \u00e0 l\u2019assembl\u00e9e g\u00e9n\u00e9rale&nbsp;&nbsp;<\/li><li>date, horaire, et nom de la r\u00e9union pour laquelle le pouvoir est sollicit\u00e9e&nbsp;&nbsp;<\/li><li>date \u00e0 laquelle le document est r\u00e9dig\u00e9&nbsp;<\/li><li>nature du ou des pouvoirs transmis&nbsp;&nbsp;<\/li><li>signature du mandat (membre qui donnera le pouvoir)&nbsp;<\/li><li>signature du mandataire (membre qui re\u00e7oit le pouvoir)&nbsp;<\/li><\/ul>\n\n\n\n<p>Notez bien que le membre qui repr\u00e9sente la personne absente devra mentionner la nature de ses pouvoirs. Et ceci afin qu\u2019il puisse \u00eatre habilit\u00e9 \u00e0 voter en ce nom.  Toutefois, le sens du vote n\u2019est pas n\u00e9cessairement pr\u00e9cis\u00e9 dans le document. Mais sera forc\u00e9ment \u00e9tabli au travers du d\u00e9compte du quorum (soit le nombre de membres repr\u00e9sent\u00e9s).&nbsp; <\/p>\n","protected":false},"excerpt":{"rendered":"<p>Voici un mod\u00e8le de pouvoir gratuit \u00e0 t\u00e9l\u00e9charger. Vous pouvez le joindre \u00e0 l\u2019ordre du jour de votre assembl\u00e9e g\u00e9n\u00e9rale de votre association lors de [&hellip;]<\/p>\n","protected":false},"author":15,"featured_media":21438,"comment_status":"open","ping_status":"open","sticky":false,"template":"","format":"standard","meta":{"_coblocks_attr":"","_coblocks_dimensions":"","_coblocks_responsive_height":"","_coblocks_accordion_ie_support":"","_mo_disable_npp":"","footnotes":""},"categories":[74],"tags":[87],"class_list":["post-21067","post","type-post","status-publish","format-standard","has-post-thumbnail","hentry","category-creer-et-administrer-une-association-1901","tag-telechargement-gratuit"],"yoast_head":"<!-- This site is optimized with the Yoast SEO plugin v23.2 - https:\/\/yoast.com\/wordpress\/plugins\/seo\/ -->\n<title>Mod\u00e8le de pouvoir : exemple \u00e0 t\u00e9l\u00e9charger pour l\u2019AG de votre association |<\/title>\n<meta name=\"description\" content=\"Si vos membres souhaiteraient, malgr\u00e9 leur absence, participer aux votes de l\u2019AG ; mettez en place une d\u00e9l\u00e9gation de pouvoir !\" \/>\n<meta name=\"robots\" content=\"index, follow, max-snippet:-1, max-image-preview:large, max-video-preview:-1\" \/>\n<link rel=\"canonical\" href=\"https:\/\/infolocale.ouest-france.fr\/blog\/modele-de-pouvoir\/\" \/>\n<meta property=\"og:locale\" content=\"fr_FR\" \/>\n<meta property=\"og:type\" content=\"article\" \/>\n<meta property=\"og:title\" content=\"Mod\u00e8le de pouvoir : exemple \u00e0 t\u00e9l\u00e9charger pour l\u2019AG de votre association |\" \/>\n<meta property=\"og:description\" content=\"Si vos membres souhaiteraient, malgr\u00e9 leur absence, participer aux votes de l\u2019AG ; mettez en place une d\u00e9l\u00e9gation de pouvoir !\" \/>\n<meta property=\"og:url\" content=\"https:\/\/infolocale.ouest-france.fr\/blog\/modele-de-pouvoir\/\" \/>\n<meta property=\"article:publisher\" content=\"https:\/\/www.facebook.com\/infolocaleFR\/\" \/>\n<meta property=\"article:published_time\" content=\"2022-11-25T15:58:15+00:00\" \/>\n<meta property=\"article:modified_time\" content=\"2023-01-17T11:17:00+00:00\" \/>\n<meta property=\"og:image\" content=\"https:\/\/infolocale.ouest-france.fr\/blog\/wp-content\/uploads\/2022\/11\/les-modeles-de-pouvoir.jpg\" \/>\n\t<meta property=\"og:image:width\" content=\"900\" \/>\n\t<meta property=\"og:image:height\" content=\"630\" \/>\n\t<meta property=\"og:image:type\" content=\"image\/jpeg\" \/>\n<meta name=\"author\" content=\"Oumou\" \/>\n<meta name=\"twitter:card\" content=\"summary_large_image\" \/>\n<meta name=\"twitter:creator\" content=\"@infolocale\" \/>\n<meta name=\"twitter:site\" content=\"@infolocale\" \/>\n<meta name=\"twitter:label1\" content=\"\u00c9crit par\" \/>\n\t<meta name=\"twitter:data1\" content=\"Oumou\" \/>\n\t<meta name=\"twitter:label2\" content=\"Dur\u00e9e de lecture estim\u00e9e\" \/>\n\t<meta name=\"twitter:data2\" content=\"7 minutes\" \/>\n<script type=\"application\/ld+json\" class=\"yoast-schema-graph\">{\"@context\":\"https:\/\/schema.org\",\"@graph\":[{\"@type\":\"Article\",\"@id\":\"https:\/\/infolocale.ouest-france.fr\/blog\/modele-de-pouvoir\/#article\",\"isPartOf\":{\"@id\":\"https:\/\/infolocale.ouest-france.fr\/blog\/modele-de-pouvoir\/\"},\"author\":{\"name\":\"Oumou\",\"@id\":\"https:\/\/www.infolocale.fr\/blog\/#\/schema\/person\/7b465e67b291a94b0d9e57ee55abf5b3\"},\"headline\":\"Mod\u00e8le de pouvoir : exemple \u00e0 t\u00e9l\u00e9charger pour l\u2019AG de votre association\",\"datePublished\":\"2022-11-25T15:58:15+00:00\",\"dateModified\":\"2023-01-17T11:17:00+00:00\",\"mainEntityOfPage\":{\"@id\":\"https:\/\/infolocale.ouest-france.fr\/blog\/modele-de-pouvoir\/\"},\"wordCount\":1541,\"commentCount\":0,\"publisher\":{\"@id\":\"https:\/\/www.infolocale.fr\/blog\/#organization\"},\"image\":{\"@id\":\"https:\/\/infolocale.ouest-france.fr\/blog\/modele-de-pouvoir\/#primaryimage\"},\"thumbnailUrl\":\"https:\/\/infolocale.20minutes.fr\/blog\/wp-content\/uploads\/2022\/11\/les-modeles-de-pouvoir.jpg\",\"keywords\":[\"T\u00e9l\u00e9chargements gratuits\"],\"articleSection\":[\"Cr\u00e9er et g\u00e9rer une association\"],\"inLanguage\":\"fr-FR\",\"potentialAction\":[{\"@type\":\"CommentAction\",\"name\":\"Comment\",\"target\":[\"https:\/\/infolocale.ouest-france.fr\/blog\/modele-de-pouvoir\/#respond\"]}]},{\"@type\":\"WebPage\",\"@id\":\"https:\/\/infolocale.ouest-france.fr\/blog\/modele-de-pouvoir\/\",\"url\":\"https:\/\/infolocale.ouest-france.fr\/blog\/modele-de-pouvoir\/\",\"name\":\"Mod\u00e8le de pouvoir : exemple \u00e0 t\u00e9l\u00e9charger pour l\u2019AG de votre association |\",\"isPartOf\":{\"@id\":\"https:\/\/www.infolocale.fr\/blog\/#website\"},\"primaryImageOfPage\":{\"@id\":\"https:\/\/infolocale.ouest-france.fr\/blog\/modele-de-pouvoir\/#primaryimage\"},\"image\":{\"@id\":\"https:\/\/infolocale.ouest-france.fr\/blog\/modele-de-pouvoir\/#primaryimage\"},\"thumbnailUrl\":\"https:\/\/infolocale.20minutes.fr\/blog\/wp-content\/uploads\/2022\/11\/les-modeles-de-pouvoir.jpg\",\"datePublished\":\"2022-11-25T15:58:15+00:00\",\"dateModified\":\"2023-01-17T11:17:00+00:00\",\"description\":\"Si vos membres souhaiteraient, malgr\u00e9 leur absence, participer aux votes de l\u2019AG ; mettez en place une d\u00e9l\u00e9gation de pouvoir !\",\"breadcrumb\":{\"@id\":\"https:\/\/infolocale.ouest-france.fr\/blog\/modele-de-pouvoir\/#breadcrumb\"},\"inLanguage\":\"fr-FR\",\"potentialAction\":[{\"@type\":\"ReadAction\",\"target\":[\"https:\/\/infolocale.ouest-france.fr\/blog\/modele-de-pouvoir\/\"]}]},{\"@type\":\"ImageObject\",\"inLanguage\":\"fr-FR\",\"@id\":\"https:\/\/infolocale.ouest-france.fr\/blog\/modele-de-pouvoir\/#primaryimage\",\"url\":\"https:\/\/infolocale.20minutes.fr\/blog\/wp-content\/uploads\/2022\/11\/les-modeles-de-pouvoir.jpg\",\"contentUrl\":\"https:\/\/infolocale.20minutes.fr\/blog\/wp-content\/uploads\/2022\/11\/les-modeles-de-pouvoir.jpg\",\"width\":900,\"height\":630},{\"@type\":\"BreadcrumbList\",\"@id\":\"https:\/\/infolocale.ouest-france.fr\/blog\/modele-de-pouvoir\/#breadcrumb\",\"itemListElement\":[{\"@type\":\"ListItem\",\"position\":1,\"name\":\"Blog\",\"item\":\"https:\/\/infolocale.ouest-france.fr\/blog\/\"},{\"@type\":\"ListItem\",\"position\":2,\"name\":\"Cr\u00e9er et g\u00e9rer une association\",\"item\":\"https:\/\/infolocale.ouest-france.fr\/blog\/cat\/creer-et-administrer-une-association-1901\/\"},{\"@type\":\"ListItem\",\"position\":3,\"name\":\"Mod\u00e8le de pouvoir : exemple \u00e0 t\u00e9l\u00e9charger pour l\u2019AG de votre association\"}]},{\"@type\":\"WebSite\",\"@id\":\"https:\/\/www.infolocale.fr\/blog\/#website\",\"url\":\"https:\/\/www.infolocale.fr\/blog\/\",\"name\":\"\",\"description\":\"\",\"publisher\":{\"@id\":\"https:\/\/www.infolocale.fr\/blog\/#organization\"},\"potentialAction\":[{\"@type\":\"SearchAction\",\"target\":{\"@type\":\"EntryPoint\",\"urlTemplate\":\"https:\/\/www.infolocale.fr\/blog\/?s={search_term_string}\"},\"query-input\":\"required name=search_term_string\"}],\"inLanguage\":\"fr-FR\"},{\"@type\":\"Organization\",\"@id\":\"https:\/\/www.infolocale.fr\/blog\/#organization\",\"name\":\"Infolocale\",\"url\":\"https:\/\/www.infolocale.fr\/blog\/\",\"logo\":{\"@type\":\"ImageObject\",\"inLanguage\":\"fr-FR\",\"@id\":\"https:\/\/www.infolocale.fr\/blog\/#\/schema\/logo\/image\/\",\"url\":\"https:\/\/www.infolocale.fr\/blog\/wp-content\/uploads\/2020\/11\/logol.jpg\",\"contentUrl\":\"https:\/\/www.infolocale.fr\/blog\/wp-content\/uploads\/2020\/11\/logol.jpg\",\"width\":1031,\"height\":398,\"caption\":\"Infolocale\"},\"image\":{\"@id\":\"https:\/\/www.infolocale.fr\/blog\/#\/schema\/logo\/image\/\"},\"sameAs\":[\"https:\/\/www.facebook.com\/infolocaleFR\/\",\"https:\/\/x.com\/infolocale\",\"https:\/\/www.instagram.com\/infolocale\/\",\"https:\/\/fr.linkedin.com\/company\/infolocale\",\"https:\/\/www.youtube.com\/channel\/UCnv4FA8EYEuu_si3TGr7xeA\"]},{\"@type\":\"Person\",\"@id\":\"https:\/\/www.infolocale.fr\/blog\/#\/schema\/person\/7b465e67b291a94b0d9e57ee55abf5b3\",\"name\":\"Oumou\",\"image\":{\"@type\":\"ImageObject\",\"inLanguage\":\"fr-FR\",\"@id\":\"https:\/\/www.infolocale.fr\/blog\/#\/schema\/person\/image\/\",\"url\":\"https:\/\/secure.gravatar.com\/avatar\/ca778b2ad1724511074379ce7dc753dc?s=96&d=mm&r=g\",\"contentUrl\":\"https:\/\/secure.gravatar.com\/avatar\/ca778b2ad1724511074379ce7dc753dc?s=96&d=mm&r=g\",\"caption\":\"Oumou\"},\"url\":\"https:\/\/infolocale.20minutes.fr\/blog\/author\/oumou-diakiteouest-france-fr\/\"}]}<\/script>\n<!-- \/ Yoast SEO plugin. -->","yoast_head_json":{"title":"Mod\u00e8le de pouvoir : exemple \u00e0 t\u00e9l\u00e9charger pour l\u2019AG de votre association |","description":"Si vos membres souhaiteraient, malgr\u00e9 leur absence, participer aux votes de l\u2019AG ; mettez en place une d\u00e9l\u00e9gation de pouvoir !","robots":{"index":"index","follow":"follow","max-snippet":"max-snippet:-1","max-image-preview":"max-image-preview:large","max-video-preview":"max-video-preview:-1"},"canonical":"https:\/\/infolocale.ouest-france.fr\/blog\/modele-de-pouvoir\/","og_locale":"fr_FR","og_type":"article","og_title":"Mod\u00e8le de pouvoir : exemple \u00e0 t\u00e9l\u00e9charger pour l\u2019AG de votre association |","og_description":"Si vos membres souhaiteraient, malgr\u00e9 leur absence, participer aux votes de l\u2019AG ; mettez en place une d\u00e9l\u00e9gation de pouvoir !","og_url":"https:\/\/infolocale.ouest-france.fr\/blog\/modele-de-pouvoir\/","article_publisher":"https:\/\/www.facebook.com\/infolocaleFR\/","article_published_time":"2022-11-25T15:58:15+00:00","article_modified_time":"2023-01-17T11:17:00+00:00","og_image":[{"width":900,"height":630,"url":"https:\/\/infolocale.ouest-france.fr\/blog\/wp-content\/uploads\/2022\/11\/les-modeles-de-pouvoir.jpg","type":"image\/jpeg"}],"author":"Oumou","twitter_card":"summary_large_image","twitter_creator":"@infolocale","twitter_site":"@infolocale","twitter_misc":{"\u00c9crit par":"Oumou","Dur\u00e9e de lecture estim\u00e9e":"7 minutes"},"schema":{"@context":"https:\/\/schema.org","@graph":[{"@type":"Article","@id":"https:\/\/infolocale.ouest-france.fr\/blog\/modele-de-pouvoir\/#article","isPartOf":{"@id":"https:\/\/infolocale.ouest-france.fr\/blog\/modele-de-pouvoir\/"},"author":{"name":"Oumou","@id":"https:\/\/www.infolocale.fr\/blog\/#\/schema\/person\/7b465e67b291a94b0d9e57ee55abf5b3"},"headline":"Mod\u00e8le de pouvoir : exemple \u00e0 t\u00e9l\u00e9charger pour l\u2019AG de votre association","datePublished":"2022-11-25T15:58:15+00:00","dateModified":"2023-01-17T11:17:00+00:00","mainEntityOfPage":{"@id":"https:\/\/infolocale.ouest-france.fr\/blog\/modele-de-pouvoir\/"},"wordCount":1541,"commentCount":0,"publisher":{"@id":"https:\/\/www.infolocale.fr\/blog\/#organization"},"image":{"@id":"https:\/\/infolocale.ouest-france.fr\/blog\/modele-de-pouvoir\/#primaryimage"},"thumbnailUrl":"https:\/\/infolocale.20minutes.fr\/blog\/wp-content\/uploads\/2022\/11\/les-modeles-de-pouvoir.jpg","keywords":["T\u00e9l\u00e9chargements gratuits"],"articleSection":["Cr\u00e9er et g\u00e9rer une association"],"inLanguage":"fr-FR","potentialAction":[{"@type":"CommentAction","name":"Comment","target":["https:\/\/infolocale.ouest-france.fr\/blog\/modele-de-pouvoir\/#respond"]}]},{"@type":"WebPage","@id":"https:\/\/infolocale.ouest-france.fr\/blog\/modele-de-pouvoir\/","url":"https:\/\/infolocale.ouest-france.fr\/blog\/modele-de-pouvoir\/","name":"Mod\u00e8le de pouvoir : exemple \u00e0 t\u00e9l\u00e9charger pour l\u2019AG de votre association |","isPartOf":{"@id":"https:\/\/www.infolocale.fr\/blog\/#website"},"primaryImageOfPage":{"@id":"https:\/\/infolocale.ouest-france.fr\/blog\/modele-de-pouvoir\/#primaryimage"},"image":{"@id":"https:\/\/infolocale.ouest-france.fr\/blog\/modele-de-pouvoir\/#primaryimage"},"thumbnailUrl":"https:\/\/infolocale.20minutes.fr\/blog\/wp-content\/uploads\/2022\/11\/les-modeles-de-pouvoir.jpg","datePublished":"2022-11-25T15:58:15+00:00","dateModified":"2023-01-17T11:17:00+00:00","description":"Si vos membres souhaiteraient, malgr\u00e9 leur absence, participer aux votes de l\u2019AG ; mettez en place une d\u00e9l\u00e9gation de pouvoir !","breadcrumb":{"@id":"https:\/\/infolocale.ouest-france.fr\/blog\/modele-de-pouvoir\/#breadcrumb"},"inLanguage":"fr-FR","potentialAction":[{"@type":"ReadAction","target":["https:\/\/infolocale.ouest-france.fr\/blog\/modele-de-pouvoir\/"]}]},{"@type":"ImageObject","inLanguage":"fr-FR","@id":"https:\/\/infolocale.ouest-france.fr\/blog\/modele-de-pouvoir\/#primaryimage","url":"https:\/\/infolocale.20minutes.fr\/blog\/wp-content\/uploads\/2022\/11\/les-modeles-de-pouvoir.jpg","contentUrl":"https:\/\/infolocale.20minutes.fr\/blog\/wp-content\/uploads\/2022\/11\/les-modeles-de-pouvoir.jpg","width":900,"height":630},{"@type":"BreadcrumbList","@id":"https:\/\/infolocale.ouest-france.fr\/blog\/modele-de-pouvoir\/#breadcrumb","itemListElement":[{"@type":"ListItem","position":1,"name":"Blog","item":"https:\/\/infolocale.ouest-france.fr\/blog\/"},{"@type":"ListItem","position":2,"name":"Cr\u00e9er et g\u00e9rer une association","item":"https:\/\/infolocale.ouest-france.fr\/blog\/cat\/creer-et-administrer-une-association-1901\/"},{"@type":"ListItem","position":3,"name":"Mod\u00e8le de pouvoir : exemple \u00e0 t\u00e9l\u00e9charger pour l\u2019AG de votre association"}]},{"@type":"WebSite","@id":"https:\/\/www.infolocale.fr\/blog\/#website","url":"https:\/\/www.infolocale.fr\/blog\/","name":"","description":"","publisher":{"@id":"https:\/\/www.infolocale.fr\/blog\/#organization"},"potentialAction":[{"@type":"SearchAction","target":{"@type":"EntryPoint","urlTemplate":"https:\/\/www.infolocale.fr\/blog\/?s={search_term_string}"},"query-input":"required name=search_term_string"}],"inLanguage":"fr-FR"},{"@type":"Organization","@id":"https:\/\/www.infolocale.fr\/blog\/#organization","name":"Infolocale","url":"https:\/\/www.infolocale.fr\/blog\/","logo":{"@type":"ImageObject","inLanguage":"fr-FR","@id":"https:\/\/www.infolocale.fr\/blog\/#\/schema\/logo\/image\/","url":"https:\/\/www.infolocale.fr\/blog\/wp-content\/uploads\/2020\/11\/logol.jpg","contentUrl":"https:\/\/www.infolocale.fr\/blog\/wp-content\/uploads\/2020\/11\/logol.jpg","width":1031,"height":398,"caption":"Infolocale"},"image":{"@id":"https:\/\/www.infolocale.fr\/blog\/#\/schema\/logo\/image\/"},"sameAs":["https:\/\/www.facebook.com\/infolocaleFR\/","https:\/\/x.com\/infolocale","https:\/\/www.instagram.com\/infolocale\/","https:\/\/fr.linkedin.com\/company\/infolocale","https:\/\/www.youtube.com\/channel\/UCnv4FA8EYEuu_si3TGr7xeA"]},{"@type":"Person","@id":"https:\/\/www.infolocale.fr\/blog\/#\/schema\/person\/7b465e67b291a94b0d9e57ee55abf5b3","name":"Oumou","image":{"@type":"ImageObject","inLanguage":"fr-FR","@id":"https:\/\/www.infolocale.fr\/blog\/#\/schema\/person\/image\/","url":"https:\/\/secure.gravatar.com\/avatar\/ca778b2ad1724511074379ce7dc753dc?s=96&d=mm&r=g","contentUrl":"https:\/\/secure.gravatar.com\/avatar\/ca778b2ad1724511074379ce7dc753dc?s=96&d=mm&r=g","caption":"Oumou"},"url":"https:\/\/infolocale.20minutes.fr\/blog\/author\/oumou-diakiteouest-france-fr\/"}]}},"_links":{"self":[{"href":"https:\/\/infolocale.20minutes.fr\/blog\/wp-json\/wp\/v2\/posts\/21067"}],"collection":[{"href":"https:\/\/infolocale.20minutes.fr\/blog\/wp-json\/wp\/v2\/posts"}],"about":[{"href":"https:\/\/infolocale.20minutes.fr\/blog\/wp-json\/wp\/v2\/types\/post"}],"author":[{"embeddable":true,"href":"https:\/\/infolocale.20minutes.fr\/blog\/wp-json\/wp\/v2\/users\/15"}],"replies":[{"embeddable":true,"href":"https:\/\/infolocale.20minutes.fr\/blog\/wp-json\/wp\/v2\/comments?post=21067"}],"version-history":[{"count":0,"href":"https:\/\/infolocale.20minutes.fr\/blog\/wp-json\/wp\/v2\/posts\/21067\/revisions"}],"wp:featuredmedia":[{"embeddable":true,"href":"https:\/\/infolocale.20minutes.fr\/blog\/wp-json\/wp\/v2\/media\/21438"}],"wp:attachment":[{"href":"https:\/\/infolocale.20minutes.fr\/blog\/wp-json\/wp\/v2\/media?parent=21067"}],"wp:term":[{"taxonomy":"category","embeddable":true,"href":"https:\/\/infolocale.20minutes.fr\/blog\/wp-json\/wp\/v2\/categories?post=21067"},{"taxonomy":"post_tag","embeddable":true,"href":"https:\/\/infolocale.20minutes.fr\/blog\/wp-json\/wp\/v2\/tags?post=21067"}],"curies":[{"name":"wp","href":"https:\/\/api.w.org\/{rel}","templated":true}]}}