{"id":20951,"date":"2022-10-11T12:32:47","date_gmt":"2022-10-11T10:32:47","guid":{"rendered":"https:\/\/www.infolocale.fr\/blog\/?p=20951"},"modified":"2022-10-11T12:32:48","modified_gmt":"2022-10-11T10:32:48","slug":"modifier-objet-social-association","status":"publish","type":"post","link":"https:\/\/infolocale.20minutes.fr\/blog\/modifier-objet-social-association\/","title":{"rendered":"Objet social d\u2019une association : comment le modifier ?"},"content":{"rendered":"\n<p class=\"has-black-color has-pale-cyan-blue-background-color has-text-color has-background\">Il est tout \u00e0 fait possible de modifier l&rsquo;objet social de votre association. Pour ce faire, vous devez ; suivre la r\u00e8gle enregistr\u00e9e dans vos statuts. Si aucune r\u00e8gle n\u2019est pr\u00e9vue : commencez par convoquer une assembl\u00e9e g\u00e9n\u00e9rale ordinaire ou extraordinaire. A cette \u00e9tape, vous devez prendre soin de bien faire figurer le point concernant la modification des statuts et plus pr\u00e9cis\u00e9ment de l\u2019objet social dans l\u2019ordre du jour. Une fois le changement de l\u2019objet social vot\u00e9, vous aurez trois mois pour communiquer ces modifications au greffe des associations.&nbsp;<\/p>\n\n\n\n<div class=\"wp-block-buttons is-horizontal is-content-justification-center is-layout-flex wp-container-core-buttons-is-layout-1 wp-block-buttons-is-layout-flex\">\n<div class=\"wp-block-button\"><a class=\"wp-block-button__link has-white-color has-luminous-vivid-amber-background-color has-text-color has-background wp-element-button\"><strong>&gt;&gt;Inscrire mon asso \u00e0 Infolocale <\/strong><\/a><\/div>\n<\/div>\n\n\n\n<h2 class=\"wp-block-heading\">L\u2019objet social d\u2019une association : qu\u2019est-ce que c\u2019est ?&nbsp;<\/h2>\n\n\n\n<p>L\u2019objet social est une information enregistr\u00e9e dans les statuts de votre association. C&rsquo;est un \u00e9l\u00e9ment central dans la vie de votre organisation. Il est d\u00e9fini une premi\u00e8re fois lors de la cr\u00e9ation de votre asso, par l\u2019<a href=\"https:\/\/www.infolocale.fr\/blog\/assemblee-generale-constitutive-association\/\">assembl\u00e9e g\u00e9n\u00e9rale constitutive<\/a>. Cependant, il peut \u00e9voluer tout au long de l\u2019existence de votre organisation.&nbsp;<\/p>\n\n\n\n<p>L\u2019objet social fixe le cadre de vos activit\u00e9s et d\u00e9limite le p\u00e9rim\u00e8tre l\u00e9gal de celles-ci.&nbsp;Dans ce domaine, un objet trop flou peut vous limiter dans vos actions. A contrario, un objet trop pr\u00e9cis aura exactement le m\u00eame effet et pourrait emp\u00eacher votre association d\u2019agir comme vous l\u2019entendez. <\/p>\n\n\n\n<p>A l&rsquo;\u00e9tape de son \u00e9criture, il est donc important de penser \u00e0 l&rsquo;\u00e9volution future de votre association. Demandez vous quelles peuvent \u00eatre les diff\u00e9rentes possibilit\u00e9s d\u2019\u00e9largissement de vos activit\u00e9s \u00e0 plus ou moins long terme. Ceci fait, int\u00e9grez ces missions, m\u00eame si vous ne les envisagez que dans un second temps.&nbsp;<\/p>\n\n\n\n<h3 class=\"wp-block-heading\">Objet social en association : cons\u00e9quence en cas de violation&nbsp;<\/h3>\n\n\n\n<p>Un objet mal \u00e9crit ou une <a href=\"https:\/\/www.infolocale.fr\/blog\/non-respect-objet-social-association-risques-sanctions\/\">violation de l\u2019objet social d\u2019une association<\/a> peut avoir des cons\u00e9quences. <\/p>\n\n\n\n<p>Ainsi, un objet trop flou peut mener \u00e0 l\u2019incapacit\u00e9 d\u2019agir en justice.&nbsp;Parall\u00e8lement, une violation de l\u2019objet social peut avoir des cons\u00e9quences non seulement sur votre organisation, mais aussi sur vos administrateurs.<\/p>\n\n\n\n<p>Le non-respect de l\u2019objet peut mener jusqu&rsquo;\u00e0 la dissolution de votre association. Pour les administrateurs, les actions plac\u00e9es sous leur responsabilit\u00e9 et effectu\u00e9e hors du cadre de l\u2019objet social peuvent engager leur responsabilit\u00e9 directe. Dans ce domaine, il est important de pr\u00e9ciser que ces cons\u00e9quences peuvent \u00e9galement impliquer les b\u00e9n\u00e9voles, consid\u00e9r\u00e9s juridiquement comme dirigeant de fait.&nbsp;<\/p>\n\n\n<div class=\"wp-block-image is-resized\">\n<figure class=\"aligncenter size-large has-lightbox\"><a href=\"https:\/\/www.infolocale.fr\/decouvrir\/deposant\/?utm_source=blog&amp;utm_medium=banner&amp;utm_campaign=blog-content\"><img fetchpriority=\"high\" decoding=\"async\" width=\"1024\" height=\"1024\" src=\"https:\/\/www.infolocale.fr\/blog\/wp-content\/uploads\/2021\/11\/banniere-NLDASSO-carree1500x1500-1024x1024.jpg\" alt=\"\" class=\"wp-image-23946\" srcset=\"https:\/\/infolocale.20minutes.fr\/blog\/wp-content\/uploads\/2021\/11\/banniere-NLDASSO-carree1500x1500-1024x1024.jpg 1024w, https:\/\/infolocale.20minutes.fr\/blog\/wp-content\/uploads\/2021\/11\/banniere-NLDASSO-carree1500x1500-300x300.jpg 300w, https:\/\/infolocale.20minutes.fr\/blog\/wp-content\/uploads\/2021\/11\/banniere-NLDASSO-carree1500x1500-150x150.jpg 150w, https:\/\/infolocale.20minutes.fr\/blog\/wp-content\/uploads\/2021\/11\/banniere-NLDASSO-carree1500x1500-768x768.jpg 768w, https:\/\/infolocale.20minutes.fr\/blog\/wp-content\/uploads\/2021\/11\/banniere-NLDASSO-carree1500x1500.jpg 1500w\" sizes=\"(max-width: 1024px) 100vw, 1024px\" \/><\/a><\/figure><\/div>\n\n\n<h2 class=\"wp-block-heading\">Modifier l\u2019objet social d\u2019une association : pourquoi faire ?&nbsp;<\/h2>\n\n\n\n<p><strong>L\u2019objet social<\/strong> est une information capitale pour votre association. Cependant, le cadre qu\u2019il vous impose peut se montrer extr\u00eamement restrictif. Dans ce domaine, il arrive qu&rsquo;on ne se rende compte des limites d&rsquo;un objet social, qu&rsquo;une fois les statuts d\u00e9pos\u00e9s. Si cela vous arrive, pas de panique ! La loi vous permet de <strong>modifier l\u2019objet social de votre association<\/strong>.\u00a0<\/p>\n\n\n\n<p>Quelles sont les raisons poussant une association \u00e0 <strong>modifier son objet social<\/strong> ?&nbsp;<\/p>\n\n\n\n<ul class=\"wp-block-list\"><li>Ce peut \u00eatre pour \u00e9largir un objet trop pr\u00e9cis, limitant les activit\u00e9s de l\u2019association.&nbsp;<\/li><li>Pour pr\u00e9ciser un objet trop flou qui emp\u00eache l\u2019association d\u2019agir dans certains domaines.&nbsp;<\/li><li>Ce peut enfin \u00eatre dans l\u2019optique d\u2019int\u00e9grer de nouvelles activit\u00e9s au catalogue de l\u2019association.&nbsp;<\/li><\/ul>\n\n\n\n<p>Il serait dommage que votre association se trouve paralys\u00e9e par un objet ne lui permettant pas d\u2019exercer pleinement les activit\u00e9s que vous souhaitez mettre en place. Si c&rsquo;\u00e9tait votre cas, pensez \u00e0 <strong>modifier votre objet socia<\/strong>l.&nbsp;<\/p>\n\n\n\n<p>Ce changement doit passer par une <a href=\"https:\/\/www.infolocale.fr\/blog\/modifier-statuts-association\/\">modification des statuts de votre association<\/a>. Selon les cas, vous pourrez faire ces ajustements dans le cadre d\u2019une <a href=\"https:\/\/www.infolocale.fr\/blog\/assemblee-generale-association\/\">assembl\u00e9e g\u00e9n\u00e9rale ordinaire<\/a>, ou d\u2019une assembl\u00e9e g\u00e9n\u00e9rale extraordinaire.&nbsp;&nbsp;<\/p>\n\n\n\n<h2 class=\"wp-block-heading\">Comment modifier l\u2019objet social d\u2019une association ?&nbsp;<\/h2>\n\n\n\n<p>Cela peut vous paraitre \u00e9trange mais, pour savoir comment modifier vos statuts, vous devez commencer par consulter\u2026 vos statuts ! En effet, ceux-ci contiennent g\u00e9n\u00e9ralement la r\u00e8gle permettant de les modifier. Si aucune r\u00e8gle n\u2019a \u00e9t\u00e9 pr\u00e9vue par les fondateurs et les dirigeants qui se sont succ\u00e9d\u00e9s \u00e0 la t\u00eate de votre association, alors, vous pouvez proc\u00e9der comme suit.&nbsp;<\/p>\n\n\n\n<ol class=\"wp-block-list\"><li>Convoquer l\u2019assembl\u00e9e g\u00e9n\u00e9rale<\/li><\/ol>\n\n\n\n<p>Le pr\u00e9sident r\u00e9dige la <a href=\"https:\/\/www.infolocale.fr\/blog\/exemple-convocation-assemblee-generale-association\/\">convocation \u00e0 l\u2019assembl\u00e9e g\u00e9n\u00e9rale<\/a>. Cette convocation doit comprendre un <a href=\"https:\/\/www.infolocale.fr\/blog\/exemple-ordre-du-jour-assemblee-generale\/\">ordre du jour<\/a>. Celui-ci doit imp\u00e9rativement porter l\u2019ensemble des points que vous pr\u00e9voyez de soumettre au vote de l\u2019AG.&nbsp;&nbsp;<\/p>\n\n\n\n<ol class=\"wp-block-list\" start=\"2\"><li>Voter et <strong>modifier l\u2019objet social<\/strong><\/li><\/ol>\n\n\n\n<p>Le pr\u00e9sident de s\u00e9ance d\u00e9roule les points inscrits \u00e0 l\u2019ordre du jour. Dans ce domaine, il est obligatoire d\u2019ouvrir l\u2019ensemble des points inscrits \u00e0 l\u2019ordre du jour.&nbsp;<\/p>\n\n\n\n<ol class=\"wp-block-list\" start=\"3\"><li>D\u00e9claration au greffe des associations<\/li><\/ol>\n\n\n\n<p>Une fois que vous aurez valid\u00e9 les <strong>modifications de l\u2019objet social de votre association<\/strong>, vous devrez, dans les trois mois, effectuer une d\u00e9claration au greffe des associations. Une modification de statuts n&rsquo;entra\u00eene pas de publication obligatoire au journal officiel. Cependant, rien ne vous emp\u00eache de demander une telle publication.<\/p>\n","protected":false},"excerpt":{"rendered":"<p>Il est tout \u00e0 fait possible de modifier l&rsquo;objet social de votre association. Pour ce faire, vous devez ; suivre la r\u00e8gle enregistr\u00e9e dans vos [&hellip;]<\/p>\n","protected":false},"author":2,"featured_media":20953,"comment_status":"open","ping_status":"open","sticky":false,"template":"","format":"standard","meta":{"_coblocks_attr":"","_coblocks_dimensions":"","_coblocks_responsive_height":"","_coblocks_accordion_ie_support":"","_mo_disable_npp":"","footnotes":""},"categories":[74],"tags":[],"class_list":["post-20951","post","type-post","status-publish","format-standard","has-post-thumbnail","hentry","category-creer-et-administrer-une-association-1901"],"yoast_head":"<!-- This site is optimized with the Yoast SEO plugin v23.2 - https:\/\/yoast.com\/wordpress\/plugins\/seo\/ -->\n<title>Modifier l&#039;objet social d\u2019une association : comment faire ? |<\/title>\n<meta name=\"description\" content=\"Pour modifier l\u2019objet social d\u2019une association. 1. Convoquez l&#039;assembl\u00e9e g\u00e9n\u00e9rale ordinaire ou extraordinaire. 2. Faites attention \u00e0 bien...\" \/>\n<meta name=\"robots\" content=\"index, follow, max-snippet:-1, max-image-preview:large, max-video-preview:-1\" \/>\n<link rel=\"canonical\" href=\"https:\/\/www.infolocale.fr\/blog\/modifier-objet-social-association\/\" \/>\n<meta property=\"og:locale\" content=\"fr_FR\" \/>\n<meta property=\"og:type\" content=\"article\" \/>\n<meta property=\"og:title\" content=\"Modifier l&#039;objet social d\u2019une association : comment faire ? |\" \/>\n<meta property=\"og:description\" content=\"Pour modifier l\u2019objet social d\u2019une association. 1. Convoquez l&#039;assembl\u00e9e g\u00e9n\u00e9rale ordinaire ou extraordinaire. 2. Faites attention \u00e0 bien...\" \/>\n<meta property=\"og:url\" content=\"https:\/\/www.infolocale.fr\/blog\/modifier-objet-social-association\/\" \/>\n<meta property=\"article:publisher\" content=\"https:\/\/www.facebook.com\/infolocaleFR\/\" \/>\n<meta property=\"article:published_time\" content=\"2022-10-11T10:32:47+00:00\" \/>\n<meta property=\"article:modified_time\" content=\"2022-10-11T10:32:48+00:00\" \/>\n<meta property=\"og:image\" content=\"https:\/\/www.infolocale.fr\/blog\/wp-content\/uploads\/2022\/10\/modifier-objet-social-association.jpg\" \/>\n\t<meta property=\"og:image:width\" content=\"900\" \/>\n\t<meta property=\"og:image:height\" content=\"630\" \/>\n\t<meta property=\"og:image:type\" content=\"image\/jpeg\" \/>\n<meta name=\"author\" content=\"Morgan\" \/>\n<meta name=\"twitter:card\" content=\"summary_large_image\" \/>\n<meta name=\"twitter:creator\" content=\"@infolocale\" \/>\n<meta name=\"twitter:site\" content=\"@infolocale\" \/>\n<meta name=\"twitter:label1\" content=\"\u00c9crit par\" \/>\n\t<meta name=\"twitter:data1\" content=\"Morgan\" \/>\n\t<meta name=\"twitter:label2\" content=\"Dur\u00e9e de lecture estim\u00e9e\" \/>\n\t<meta name=\"twitter:data2\" content=\"4 minutes\" \/>\n<script type=\"application\/ld+json\" class=\"yoast-schema-graph\">{\"@context\":\"https:\/\/schema.org\",\"@graph\":[{\"@type\":\"Article\",\"@id\":\"https:\/\/www.infolocale.fr\/blog\/modifier-objet-social-association\/#article\",\"isPartOf\":{\"@id\":\"https:\/\/www.infolocale.fr\/blog\/modifier-objet-social-association\/\"},\"author\":{\"name\":\"Morgan\",\"@id\":\"https:\/\/www.infolocale.fr\/blog\/#\/schema\/person\/f0f748ece99417833166b3ba8890f3db\"},\"headline\":\"Objet social d\u2019une association : comment le modifier ?\",\"datePublished\":\"2022-10-11T10:32:47+00:00\",\"dateModified\":\"2022-10-11T10:32:48+00:00\",\"mainEntityOfPage\":{\"@id\":\"https:\/\/www.infolocale.fr\/blog\/modifier-objet-social-association\/\"},\"wordCount\":884,\"commentCount\":0,\"publisher\":{\"@id\":\"https:\/\/www.infolocale.fr\/blog\/#organization\"},\"image\":{\"@id\":\"https:\/\/www.infolocale.fr\/blog\/modifier-objet-social-association\/#primaryimage\"},\"thumbnailUrl\":\"https:\/\/infolocale.20minutes.fr\/blog\/wp-content\/uploads\/2022\/10\/modifier-objet-social-association.jpg\",\"articleSection\":[\"Cr\u00e9er et g\u00e9rer une association\"],\"inLanguage\":\"fr-FR\",\"potentialAction\":[{\"@type\":\"CommentAction\",\"name\":\"Comment\",\"target\":[\"https:\/\/www.infolocale.fr\/blog\/modifier-objet-social-association\/#respond\"]}]},{\"@type\":\"WebPage\",\"@id\":\"https:\/\/www.infolocale.fr\/blog\/modifier-objet-social-association\/\",\"url\":\"https:\/\/www.infolocale.fr\/blog\/modifier-objet-social-association\/\",\"name\":\"Modifier l'objet social d\u2019une association : comment faire ? |\",\"isPartOf\":{\"@id\":\"https:\/\/www.infolocale.fr\/blog\/#website\"},\"primaryImageOfPage\":{\"@id\":\"https:\/\/www.infolocale.fr\/blog\/modifier-objet-social-association\/#primaryimage\"},\"image\":{\"@id\":\"https:\/\/www.infolocale.fr\/blog\/modifier-objet-social-association\/#primaryimage\"},\"thumbnailUrl\":\"https:\/\/infolocale.20minutes.fr\/blog\/wp-content\/uploads\/2022\/10\/modifier-objet-social-association.jpg\",\"datePublished\":\"2022-10-11T10:32:47+00:00\",\"dateModified\":\"2022-10-11T10:32:48+00:00\",\"description\":\"Pour modifier l\u2019objet social d\u2019une association. 1. Convoquez l'assembl\u00e9e g\u00e9n\u00e9rale ordinaire ou extraordinaire. 2. Faites attention \u00e0 bien...\",\"breadcrumb\":{\"@id\":\"https:\/\/www.infolocale.fr\/blog\/modifier-objet-social-association\/#breadcrumb\"},\"inLanguage\":\"fr-FR\",\"potentialAction\":[{\"@type\":\"ReadAction\",\"target\":[\"https:\/\/www.infolocale.fr\/blog\/modifier-objet-social-association\/\"]}]},{\"@type\":\"ImageObject\",\"inLanguage\":\"fr-FR\",\"@id\":\"https:\/\/www.infolocale.fr\/blog\/modifier-objet-social-association\/#primaryimage\",\"url\":\"https:\/\/infolocale.20minutes.fr\/blog\/wp-content\/uploads\/2022\/10\/modifier-objet-social-association.jpg\",\"contentUrl\":\"https:\/\/infolocale.20minutes.fr\/blog\/wp-content\/uploads\/2022\/10\/modifier-objet-social-association.jpg\",\"width\":900,\"height\":630,\"caption\":\"Modifier l'objet social d'une association. Comment faire ?\"},{\"@type\":\"BreadcrumbList\",\"@id\":\"https:\/\/www.infolocale.fr\/blog\/modifier-objet-social-association\/#breadcrumb\",\"itemListElement\":[{\"@type\":\"ListItem\",\"position\":1,\"name\":\"Blog\",\"item\":\"https:\/\/infolocale.ouest-france.fr\/blog\/\"},{\"@type\":\"ListItem\",\"position\":2,\"name\":\"Cr\u00e9er et g\u00e9rer une association\",\"item\":\"https:\/\/infolocale.ouest-france.fr\/blog\/cat\/creer-et-administrer-une-association-1901\/\"},{\"@type\":\"ListItem\",\"position\":3,\"name\":\"Objet social d\u2019une association : comment le modifier ?\"}]},{\"@type\":\"WebSite\",\"@id\":\"https:\/\/www.infolocale.fr\/blog\/#website\",\"url\":\"https:\/\/www.infolocale.fr\/blog\/\",\"name\":\"\",\"description\":\"\",\"publisher\":{\"@id\":\"https:\/\/www.infolocale.fr\/blog\/#organization\"},\"potentialAction\":[{\"@type\":\"SearchAction\",\"target\":{\"@type\":\"EntryPoint\",\"urlTemplate\":\"https:\/\/www.infolocale.fr\/blog\/?s={search_term_string}\"},\"query-input\":\"required name=search_term_string\"}],\"inLanguage\":\"fr-FR\"},{\"@type\":\"Organization\",\"@id\":\"https:\/\/www.infolocale.fr\/blog\/#organization\",\"name\":\"Infolocale\",\"url\":\"https:\/\/www.infolocale.fr\/blog\/\",\"logo\":{\"@type\":\"ImageObject\",\"inLanguage\":\"fr-FR\",\"@id\":\"https:\/\/www.infolocale.fr\/blog\/#\/schema\/logo\/image\/\",\"url\":\"https:\/\/www.infolocale.fr\/blog\/wp-content\/uploads\/2020\/11\/logol.jpg\",\"contentUrl\":\"https:\/\/www.infolocale.fr\/blog\/wp-content\/uploads\/2020\/11\/logol.jpg\",\"width\":1031,\"height\":398,\"caption\":\"Infolocale\"},\"image\":{\"@id\":\"https:\/\/www.infolocale.fr\/blog\/#\/schema\/logo\/image\/\"},\"sameAs\":[\"https:\/\/www.facebook.com\/infolocaleFR\/\",\"https:\/\/x.com\/infolocale\",\"https:\/\/www.instagram.com\/infolocale\/\",\"https:\/\/fr.linkedin.com\/company\/infolocale\",\"https:\/\/www.youtube.com\/channel\/UCnv4FA8EYEuu_si3TGr7xeA\"]},{\"@type\":\"Person\",\"@id\":\"https:\/\/www.infolocale.fr\/blog\/#\/schema\/person\/f0f748ece99417833166b3ba8890f3db\",\"name\":\"Morgan\",\"image\":{\"@type\":\"ImageObject\",\"inLanguage\":\"fr-FR\",\"@id\":\"https:\/\/www.infolocale.fr\/blog\/#\/schema\/person\/image\/\",\"url\":\"https:\/\/secure.gravatar.com\/avatar\/a22ec2a0cc817ae9fa3ff7341a213632?s=96&d=mm&r=g\",\"contentUrl\":\"https:\/\/secure.gravatar.com\/avatar\/a22ec2a0cc817ae9fa3ff7341a213632?s=96&d=mm&r=g\",\"caption\":\"Morgan\"},\"url\":\"https:\/\/infolocale.20minutes.fr\/blog\/author\/morgan-delepine\/\"}]}<\/script>\n<!-- \/ Yoast SEO plugin. -->","yoast_head_json":{"title":"Modifier l'objet social d\u2019une association : comment faire ? |","description":"Pour modifier l\u2019objet social d\u2019une association. 1. Convoquez l'assembl\u00e9e g\u00e9n\u00e9rale ordinaire ou extraordinaire. 2. Faites attention \u00e0 bien...","robots":{"index":"index","follow":"follow","max-snippet":"max-snippet:-1","max-image-preview":"max-image-preview:large","max-video-preview":"max-video-preview:-1"},"canonical":"https:\/\/www.infolocale.fr\/blog\/modifier-objet-social-association\/","og_locale":"fr_FR","og_type":"article","og_title":"Modifier l'objet social d\u2019une association : comment faire ? |","og_description":"Pour modifier l\u2019objet social d\u2019une association. 1. Convoquez l'assembl\u00e9e g\u00e9n\u00e9rale ordinaire ou extraordinaire. 2. Faites attention \u00e0 bien...","og_url":"https:\/\/www.infolocale.fr\/blog\/modifier-objet-social-association\/","article_publisher":"https:\/\/www.facebook.com\/infolocaleFR\/","article_published_time":"2022-10-11T10:32:47+00:00","article_modified_time":"2022-10-11T10:32:48+00:00","og_image":[{"width":900,"height":630,"url":"https:\/\/www.infolocale.fr\/blog\/wp-content\/uploads\/2022\/10\/modifier-objet-social-association.jpg","type":"image\/jpeg"}],"author":"Morgan","twitter_card":"summary_large_image","twitter_creator":"@infolocale","twitter_site":"@infolocale","twitter_misc":{"\u00c9crit par":"Morgan","Dur\u00e9e de lecture estim\u00e9e":"4 minutes"},"schema":{"@context":"https:\/\/schema.org","@graph":[{"@type":"Article","@id":"https:\/\/www.infolocale.fr\/blog\/modifier-objet-social-association\/#article","isPartOf":{"@id":"https:\/\/www.infolocale.fr\/blog\/modifier-objet-social-association\/"},"author":{"name":"Morgan","@id":"https:\/\/www.infolocale.fr\/blog\/#\/schema\/person\/f0f748ece99417833166b3ba8890f3db"},"headline":"Objet social d\u2019une association : comment le modifier ?","datePublished":"2022-10-11T10:32:47+00:00","dateModified":"2022-10-11T10:32:48+00:00","mainEntityOfPage":{"@id":"https:\/\/www.infolocale.fr\/blog\/modifier-objet-social-association\/"},"wordCount":884,"commentCount":0,"publisher":{"@id":"https:\/\/www.infolocale.fr\/blog\/#organization"},"image":{"@id":"https:\/\/www.infolocale.fr\/blog\/modifier-objet-social-association\/#primaryimage"},"thumbnailUrl":"https:\/\/infolocale.20minutes.fr\/blog\/wp-content\/uploads\/2022\/10\/modifier-objet-social-association.jpg","articleSection":["Cr\u00e9er et g\u00e9rer une association"],"inLanguage":"fr-FR","potentialAction":[{"@type":"CommentAction","name":"Comment","target":["https:\/\/www.infolocale.fr\/blog\/modifier-objet-social-association\/#respond"]}]},{"@type":"WebPage","@id":"https:\/\/www.infolocale.fr\/blog\/modifier-objet-social-association\/","url":"https:\/\/www.infolocale.fr\/blog\/modifier-objet-social-association\/","name":"Modifier l'objet social d\u2019une association : comment faire ? |","isPartOf":{"@id":"https:\/\/www.infolocale.fr\/blog\/#website"},"primaryImageOfPage":{"@id":"https:\/\/www.infolocale.fr\/blog\/modifier-objet-social-association\/#primaryimage"},"image":{"@id":"https:\/\/www.infolocale.fr\/blog\/modifier-objet-social-association\/#primaryimage"},"thumbnailUrl":"https:\/\/infolocale.20minutes.fr\/blog\/wp-content\/uploads\/2022\/10\/modifier-objet-social-association.jpg","datePublished":"2022-10-11T10:32:47+00:00","dateModified":"2022-10-11T10:32:48+00:00","description":"Pour modifier l\u2019objet social d\u2019une association. 1. Convoquez l'assembl\u00e9e g\u00e9n\u00e9rale ordinaire ou extraordinaire. 2. Faites attention \u00e0 bien...","breadcrumb":{"@id":"https:\/\/www.infolocale.fr\/blog\/modifier-objet-social-association\/#breadcrumb"},"inLanguage":"fr-FR","potentialAction":[{"@type":"ReadAction","target":["https:\/\/www.infolocale.fr\/blog\/modifier-objet-social-association\/"]}]},{"@type":"ImageObject","inLanguage":"fr-FR","@id":"https:\/\/www.infolocale.fr\/blog\/modifier-objet-social-association\/#primaryimage","url":"https:\/\/infolocale.20minutes.fr\/blog\/wp-content\/uploads\/2022\/10\/modifier-objet-social-association.jpg","contentUrl":"https:\/\/infolocale.20minutes.fr\/blog\/wp-content\/uploads\/2022\/10\/modifier-objet-social-association.jpg","width":900,"height":630,"caption":"Modifier l'objet social d'une association. Comment faire ?"},{"@type":"BreadcrumbList","@id":"https:\/\/www.infolocale.fr\/blog\/modifier-objet-social-association\/#breadcrumb","itemListElement":[{"@type":"ListItem","position":1,"name":"Blog","item":"https:\/\/infolocale.ouest-france.fr\/blog\/"},{"@type":"ListItem","position":2,"name":"Cr\u00e9er et g\u00e9rer une association","item":"https:\/\/infolocale.ouest-france.fr\/blog\/cat\/creer-et-administrer-une-association-1901\/"},{"@type":"ListItem","position":3,"name":"Objet social d\u2019une association : comment le modifier ?"}]},{"@type":"WebSite","@id":"https:\/\/www.infolocale.fr\/blog\/#website","url":"https:\/\/www.infolocale.fr\/blog\/","name":"","description":"","publisher":{"@id":"https:\/\/www.infolocale.fr\/blog\/#organization"},"potentialAction":[{"@type":"SearchAction","target":{"@type":"EntryPoint","urlTemplate":"https:\/\/www.infolocale.fr\/blog\/?s={search_term_string}"},"query-input":"required name=search_term_string"}],"inLanguage":"fr-FR"},{"@type":"Organization","@id":"https:\/\/www.infolocale.fr\/blog\/#organization","name":"Infolocale","url":"https:\/\/www.infolocale.fr\/blog\/","logo":{"@type":"ImageObject","inLanguage":"fr-FR","@id":"https:\/\/www.infolocale.fr\/blog\/#\/schema\/logo\/image\/","url":"https:\/\/www.infolocale.fr\/blog\/wp-content\/uploads\/2020\/11\/logol.jpg","contentUrl":"https:\/\/www.infolocale.fr\/blog\/wp-content\/uploads\/2020\/11\/logol.jpg","width":1031,"height":398,"caption":"Infolocale"},"image":{"@id":"https:\/\/www.infolocale.fr\/blog\/#\/schema\/logo\/image\/"},"sameAs":["https:\/\/www.facebook.com\/infolocaleFR\/","https:\/\/x.com\/infolocale","https:\/\/www.instagram.com\/infolocale\/","https:\/\/fr.linkedin.com\/company\/infolocale","https:\/\/www.youtube.com\/channel\/UCnv4FA8EYEuu_si3TGr7xeA"]},{"@type":"Person","@id":"https:\/\/www.infolocale.fr\/blog\/#\/schema\/person\/f0f748ece99417833166b3ba8890f3db","name":"Morgan","image":{"@type":"ImageObject","inLanguage":"fr-FR","@id":"https:\/\/www.infolocale.fr\/blog\/#\/schema\/person\/image\/","url":"https:\/\/secure.gravatar.com\/avatar\/a22ec2a0cc817ae9fa3ff7341a213632?s=96&d=mm&r=g","contentUrl":"https:\/\/secure.gravatar.com\/avatar\/a22ec2a0cc817ae9fa3ff7341a213632?s=96&d=mm&r=g","caption":"Morgan"},"url":"https:\/\/infolocale.20minutes.fr\/blog\/author\/morgan-delepine\/"}]}},"_links":{"self":[{"href":"https:\/\/infolocale.20minutes.fr\/blog\/wp-json\/wp\/v2\/posts\/20951"}],"collection":[{"href":"https:\/\/infolocale.20minutes.fr\/blog\/wp-json\/wp\/v2\/posts"}],"about":[{"href":"https:\/\/infolocale.20minutes.fr\/blog\/wp-json\/wp\/v2\/types\/post"}],"author":[{"embeddable":true,"href":"https:\/\/infolocale.20minutes.fr\/blog\/wp-json\/wp\/v2\/users\/2"}],"replies":[{"embeddable":true,"href":"https:\/\/infolocale.20minutes.fr\/blog\/wp-json\/wp\/v2\/comments?post=20951"}],"version-history":[{"count":0,"href":"https:\/\/infolocale.20minutes.fr\/blog\/wp-json\/wp\/v2\/posts\/20951\/revisions"}],"wp:featuredmedia":[{"embeddable":true,"href":"https:\/\/infolocale.20minutes.fr\/blog\/wp-json\/wp\/v2\/media\/20953"}],"wp:attachment":[{"href":"https:\/\/infolocale.20minutes.fr\/blog\/wp-json\/wp\/v2\/media?parent=20951"}],"wp:term":[{"taxonomy":"category","embeddable":true,"href":"https:\/\/infolocale.20minutes.fr\/blog\/wp-json\/wp\/v2\/categories?post=20951"},{"taxonomy":"post_tag","embeddable":true,"href":"https:\/\/infolocale.20minutes.fr\/blog\/wp-json\/wp\/v2\/tags?post=20951"}],"curies":[{"name":"wp","href":"https:\/\/api.w.org\/{rel}","templated":true}]}}