{"id":19717,"date":"2022-06-03T09:13:45","date_gmt":"2022-06-03T07:13:45","guid":{"rendered":"https:\/\/www.infolocale.fr\/blog\/?p=19717"},"modified":"2022-07-04T16:51:36","modified_gmt":"2022-07-04T14:51:36","slug":"nuits-forets-2022-evenements-infolocale","status":"publish","type":"post","link":"https:\/\/infolocale.20minutes.fr\/blog\/nuits-forets-2022-evenements-infolocale\/","title":{"rendered":"Nuits des for\u00eats 2022 : Annoncez vos \u00e9v\u00e8nements sur Infolocale"},"content":{"rendered":"\n<p>Nuits des for\u00eats 2022 : Annoncez vos \u00e9v\u00e8nements sur Infolocale ! <\/p>\n\n\n\n<p class=\"has-black-color has-text-color has-background\" style=\"background-color:#a1d5f5\">Mettez d\u00e8s maintenant en lumi\u00e8re vos diff\u00e9rents \u00e9v\u00e8nements \u00e0 l&rsquo;occasion des Nuits des for\u00eats du 17 au 26 juin prochain partout en France.&nbsp;Vous souhaitez profiter des Nuits des for\u00eats pour organiser des actions impactantes et responsables pour sensibiliser le grand public \u00e0 notre belle nature et \u00e0 l&rsquo;environnement ? Vous souhaitez organiser des nocturnes ? Des spectacles ? Repr\u00e9sentations artistiques ? Illuminations ? Conf\u00e9rences ? N&rsquo;h\u00e9sitez pas \u00e0 annoncer cela sur Infolocale et nous donnerons l&rsquo;impulsion \u00e0 toutes vos initiatives !&nbsp;&nbsp;<\/p>\n\n\n\n<h2 class=\"wp-block-heading\">Qu&rsquo;est-ce que les Nuits des for\u00eats 2022 ?<\/h2>\n\n\n\n<p>Du 17 au 26 juin 2022 se tiendront les Nuits des for\u00eats, un \u00e9v\u00e8nement mettant \u00e0 l&rsquo;honneur la nature. Les Nuits des for\u00eats sont initialement un festival ayant vu le jour en 2020 \u00e0 l&rsquo;initiative de la r\u00e9gion Ile-de-France. Fort de ce succ\u00e8s son format a quelque peu \u00e9volu\u00e9. D\u00e9sormais cet \u00e9v\u00e8nement se d\u00e9roule sous plusieurs jours afin de sensibiliser le grand public \u00e0 notre nature et \u00e0 la pr\u00e9servation de son \u00e9cosyst\u00e8me.&nbsp;Cet \u00e9v\u00e8nement a pour objectif de :&nbsp;&nbsp;<\/p>\n\n\n\n<ul class=\"wp-block-list\"><li>Sensibiliser les fran\u00e7ais \u00e0 la pr\u00e9servation de la nature \u00e0 l&rsquo;heure du changement climatique, notamment en mettant en lumi\u00e8re les diff\u00e9rents enjeux forestiers&nbsp;<\/li><li>Mieux faire conna\u00eetre la fili\u00e8re for\u00eat-bois&nbsp;<\/li><li>Partager des connaissances et d\u00e9battre avec des experts en nature sauvage&nbsp;&nbsp;<\/li><li>Montrer toutes les actions de sensibilisation mises en place sur le long terme par des sp\u00e9cialistes de la nature et de l&rsquo;environnement&nbsp;<\/li><li>Prendre conscience de la beaut\u00e9 de nos for\u00eats, des engagements individuels \u00e0 prendre envers elle.&nbsp;&nbsp;<\/li><li>Enfin, lui rendre hommage tout simplement&nbsp;<\/li><\/ul>\n\n\n\n<p>Naturophiles ou simples curieux cet \u00e9v\u00e8nement \u00e0 destination du grand public rassemble d\u00e9j\u00e0 de nombreuses annonces d&rsquo;\u00e9v\u00e8nements pour tous les go\u00fbts sur Infolocale !&nbsp;&nbsp;<\/p>\n\n\n\n<h2 class=\"wp-block-heading\">Profitez des Nuits des for\u00eats 2022 pour promouvoir vos \u00e9v\u00e8nements :<\/h2>\n\n\n\n<p>Alors venez d&rsquo;ores et d\u00e9j\u00e0 <a href=\"https:\/\/www.infolocale.fr\/decouvrir\/les-nuits-des-forets\/\" target=\"_blank\" rel=\"noreferrer noopener\">annoncer vos \u00e9v\u00e8nements<\/a> sur Infolocale pour attirer de nombreux visiteurs \u00e0 f\u00eater les Nuits des for\u00eats \u00e9dition 2022. Votre \u00e9v\u00e8nement sera ensuite diffus\u00e9 dans les colonnes de nos journaux et hebdomadaires, sur le site Infolocale et sur une page d\u00e9di\u00e9e aux Nuits des for\u00eats.&nbsp;<\/p>\n\n\n\n<p>Pour donner plus de visibilit\u00e9 encore \u00e0 vos actions et maximiser le nombre de participants vous pourrez \u00e9galement <a href=\"https:\/\/www.infolocale.fr\/blog\/communiquer-reseaux-sociaux\/\" target=\"_blank\" rel=\"noreferrer noopener\">communiquer sur les r\u00e9seaux sociaux<\/a> mais aussi <a href=\"https:\/\/www.infolocale.fr\/blog\/relations-presse-association\/\" target=\"_blank\" rel=\"noreferrer noopener\">contacter la presse<\/a>.&nbsp;&nbsp;<\/p>\n\n\n\n<p>Plusieurs typologies d&rsquo;\u00e9v\u00e8nements peuvent y \u00eatre abord\u00e9es ; des balades, des spectacles, des veill\u00e9es nocturnes, des projections lumineuses, installations artistiques, des interventions d&rsquo;artistes engag\u00e9s, des conf\u00e9rences etc&#8230;&nbsp;Pensez donc \u00e0 renseigner votre public si vous souhaitez organiser un \u00e9v\u00e8nement \u00e0 l&rsquo;initiative de ces Nuits des for\u00eats 2022.&nbsp;&nbsp;<\/p>\n\n\n\n<h2 class=\"wp-block-heading\">Quels \u00e9v\u00e8nements organiser \u00e0 l&rsquo;occasion des Nuits des for\u00eats 2022 ? <\/h2>\n\n\n\n<h3 class=\"wp-block-heading\">D\u00e9couverte de la faune et de la flore : <\/h3>\n\n\n\n<p>Plongez dans un univers f\u00e9\u00e9rique au c\u0153ur de la for\u00eat de Keroumen, au programme : <a href=\"https:\/\/www.infolocale.fr\/associations\/nuits-des-forets-505653\/evenement-le-relecq-kerhuon-festival-nuits-des-forets-en-foret-de-keroumen-7576997\" target=\"_blank\" rel=\"noreferrer noopener\">balades , expositions, ateliers et pour finir soir\u00e9e guinguette<\/a>. Vous pourrez aussi cr\u00e9er des <a href=\"https:\/\/www.infolocale.fr\/evenements\/evenement-paimpol-sport-les-nuits-des-forets-a-beauport-2006447665\" target=\"_blank\" rel=\"noreferrer noopener\">cabanes en pleine nature, faire des randonn\u00e9es avec des \u00e2nes et assister \u00e0 des animations et des veill\u00e9es<\/a>, un programme propos\u00e9 par l&rsquo;abbaye de Beauport.&nbsp;&nbsp;<\/p>\n\n\n\n<h3 class=\"wp-block-heading\">Des conf\u00e9rences au sujet de la nature et de nos for\u00eats :<\/h3>\n\n\n\n<p>Vous pourrez profiter des Nuits des for\u00eats pour <a href=\"https:\/\/www.infolocale.fr\/associations\/nuits-des-forets-505653\/evenement-paimpont-festival-nuits-des-forets-au-bois-des-foissieres-7577177\" target=\"_blank\" rel=\"noreferrer noopener\">en apprendre davantage sur les chauves souris<\/a> gr\u00e2ce \u00e0 une conf\u00e9rence avec un chiropt\u00e9rologue au bois des foissi\u00e8res&nbsp;<\/p>\n\n\n\n<h3 class=\"wp-block-heading\">Des portes ouvertes in\u00e9dites :<\/h3>\n\n\n\n<p>Le centre hospitalier Bretagne Sud ouvrira exceptionnellement les portes de son parc au grand public. Au programme : <a href=\"https:\/\/www.infolocale.fr\/associations\/nuits-des-forets-505653\/evenement-quimperle-visite-balade-nuits-des-forets-7576957\" target=\"_blank\" rel=\"noreferrer noopener\">grimpe d\u2019arbres, d\u00e9couverte des plantes m\u00e9dicinales, land art, bains de for\u00eat, lectures de contes et musique<\/a>.<\/p>\n\n\n\n<h3 class=\"wp-block-heading\">Des festivals pour c\u00e9l\u00e9brer la nature : <\/h3>\n\n\n\n<p>Cette ann\u00e9e les Nuits des for\u00eats proposent \u00e9galement plusieurs festivals en organisant des rencontres autour de la nature et des personnes qui la cultive, la prot\u00e8ge et s&rsquo;en inspirent. Ce sera notamment le cas avec un <a href=\"https:\/\/www.infolocale.fr\/evenements\/evenement-girmont-val-dajol-festival-les-nuits-des-forets-soiree-du-vendredi-17-juin-2006446615\" target=\"_blank\" rel=\"noreferrer noopener\">festival des Nuits des for\u00eats organis\u00e9 par la Vigotte Lab et Les Tronches<\/a>.&nbsp;&nbsp;<\/p>\n\n\n\n<h2 class=\"wp-block-heading\">Annoncez vos \u00e9v\u00e8nements sur Infolocale pour les Nuits des for\u00eats : <\/h2>\n\n\n\n<p>Profitez de votre annonce gratuite dans l\u2019un des journaux du groupe <a href=\"https:\/\/www.ouest-france.fr\/\" target=\"_blank\" rel=\"noreferrer noopener\">Ouest-France<\/a> et d\u2019une pr\u00e9sence sur internet jusqu\u2019au jour de votre \u00e9v\u00e8nement. Un excellent moyen de mettre en lumi\u00e8re vos \u00e9v\u00e8nements organis\u00e9s \u00e0 l&rsquo;occasion des Nuits des for\u00eats.&nbsp;&nbsp;<\/p>\n\n\n\n<p>Pour annoncer votre \u00e9v\u00e8nement concernant les Nuits des for\u00eats :&nbsp;<\/p>\n\n\n\n<p>1\u00b0 Connectez-vous \u00e0 votre espace Infolocale.&nbsp;<\/p>\n\n\n\n<p>2\u00b0 Cliquez sur \u00ab J\u2019annonce \u00bb pour cr\u00e9er votre nouvel \u00e9v\u00e8nement.&nbsp;<\/p>\n\n\n\n<p>3\u00b0 S\u00e9lectionnez le th\u00e8me de l\u2019\u00e9v\u00e8nement que vous souhaitez annoncer.&nbsp;<\/p>\n\n\n\n<p>4\u00b0 Enfin ajoutez la date, le lieu, les horaires, le tarif, la description, le type de r\u00e9servation. Vous pouvez \u00e9galement ajouter un compl\u00e9ment d\u2019information ou encore quelques photos pour votre \u00e9v\u00e8nement.&nbsp;<\/p>\n","protected":false},"excerpt":{"rendered":"<p>Nuits des for\u00eats 2022 : Annoncez vos \u00e9v\u00e8nements sur Infolocale ! Mettez d\u00e8s maintenant en lumi\u00e8re vos diff\u00e9rents \u00e9v\u00e8nements \u00e0 l&rsquo;occasion des Nuits des for\u00eats [&hellip;]<\/p>\n","protected":false},"author":14,"featured_media":19719,"comment_status":"open","ping_status":"open","sticky":false,"template":"","format":"standard","meta":{"_coblocks_attr":"","_coblocks_dimensions":"","_coblocks_responsive_height":"","_coblocks_accordion_ie_support":"","_mo_disable_npp":"","footnotes":""},"categories":[6],"tags":[],"class_list":["post-19717","post","type-post","status-publish","format-standard","has-post-thumbnail","hentry","category-actu-acteurs-locaux"],"yoast_head":"<!-- This site is optimized with the Yoast SEO plugin v23.2 - https:\/\/yoast.com\/wordpress\/plugins\/seo\/ -->\n<title>Nuits des for\u00eats 2022 : Annoncez vos \u00e9v\u00e8nements sur Infolocale |<\/title>\n<meta name=\"description\" content=\"Mettez d\u00e8s maintenant en lumi\u00e8re vos diff\u00e9rents \u00e9v\u00e8nements \u00e0 l&#039;occasion des Nuits des for\u00eats du 17 au 26 juin prochain partout en Franc\" \/>\n<meta name=\"robots\" content=\"index, follow, max-snippet:-1, max-image-preview:large, max-video-preview:-1\" \/>\n<link rel=\"canonical\" href=\"https:\/\/infolocale.20minutes.fr\/blog\/nuits-forets-2022-evenements-infolocale\/\" \/>\n<meta property=\"og:locale\" content=\"fr_FR\" \/>\n<meta property=\"og:type\" content=\"article\" \/>\n<meta property=\"og:title\" content=\"Nuits des for\u00eats 2022 : Annoncez vos \u00e9v\u00e8nements sur Infolocale |\" \/>\n<meta property=\"og:description\" content=\"Mettez d\u00e8s maintenant en lumi\u00e8re vos diff\u00e9rents \u00e9v\u00e8nements \u00e0 l&#039;occasion des Nuits des for\u00eats du 17 au 26 juin prochain partout en Franc\" \/>\n<meta property=\"og:url\" content=\"https:\/\/infolocale.20minutes.fr\/blog\/nuits-forets-2022-evenements-infolocale\/\" \/>\n<meta property=\"article:publisher\" content=\"https:\/\/www.facebook.com\/infolocaleFR\/\" \/>\n<meta property=\"article:published_time\" content=\"2022-06-03T07:13:45+00:00\" \/>\n<meta property=\"article:modified_time\" content=\"2022-07-04T14:51:36+00:00\" \/>\n<meta property=\"og:image\" content=\"https:\/\/infolocale.20minutes.fr\/blog\/wp-content\/uploads\/2022\/06\/Nuits-des-forets-2022.png\" \/>\n\t<meta property=\"og:image:width\" content=\"900\" \/>\n\t<meta property=\"og:image:height\" content=\"630\" \/>\n\t<meta property=\"og:image:type\" content=\"image\/png\" \/>\n<meta name=\"author\" content=\"Margot\" \/>\n<meta name=\"twitter:card\" content=\"summary_large_image\" \/>\n<meta name=\"twitter:creator\" content=\"@infolocale\" \/>\n<meta name=\"twitter:site\" content=\"@infolocale\" \/>\n<meta name=\"twitter:label1\" content=\"\u00c9crit par\" \/>\n\t<meta name=\"twitter:data1\" content=\"Margot\" \/>\n\t<meta name=\"twitter:label2\" content=\"Dur\u00e9e de lecture estim\u00e9e\" \/>\n\t<meta name=\"twitter:data2\" content=\"4 minutes\" \/>\n<script type=\"application\/ld+json\" class=\"yoast-schema-graph\">{\"@context\":\"https:\/\/schema.org\",\"@graph\":[{\"@type\":\"Article\",\"@id\":\"https:\/\/infolocale.20minutes.fr\/blog\/nuits-forets-2022-evenements-infolocale\/#article\",\"isPartOf\":{\"@id\":\"https:\/\/infolocale.20minutes.fr\/blog\/nuits-forets-2022-evenements-infolocale\/\"},\"author\":{\"name\":\"Margot\",\"@id\":\"https:\/\/www.infolocale.fr\/blog\/#\/schema\/person\/ef7bae7d23a1485da4c2c6640f73e989\"},\"headline\":\"Nuits des for\u00eats 2022 : Annoncez vos \u00e9v\u00e8nements sur Infolocale\",\"datePublished\":\"2022-06-03T07:13:45+00:00\",\"dateModified\":\"2022-07-04T14:51:36+00:00\",\"mainEntityOfPage\":{\"@id\":\"https:\/\/infolocale.20minutes.fr\/blog\/nuits-forets-2022-evenements-infolocale\/\"},\"wordCount\":836,\"commentCount\":0,\"publisher\":{\"@id\":\"https:\/\/www.infolocale.fr\/blog\/#organization\"},\"image\":{\"@id\":\"https:\/\/infolocale.20minutes.fr\/blog\/nuits-forets-2022-evenements-infolocale\/#primaryimage\"},\"thumbnailUrl\":\"https:\/\/infolocale.20minutes.fr\/blog\/wp-content\/uploads\/2022\/06\/Nuits-des-forets-2022.png\",\"articleSection\":[\"En ce moment\"],\"inLanguage\":\"fr-FR\",\"potentialAction\":[{\"@type\":\"CommentAction\",\"name\":\"Comment\",\"target\":[\"https:\/\/infolocale.20minutes.fr\/blog\/nuits-forets-2022-evenements-infolocale\/#respond\"]}]},{\"@type\":\"WebPage\",\"@id\":\"https:\/\/infolocale.20minutes.fr\/blog\/nuits-forets-2022-evenements-infolocale\/\",\"url\":\"https:\/\/infolocale.20minutes.fr\/blog\/nuits-forets-2022-evenements-infolocale\/\",\"name\":\"Nuits des for\u00eats 2022 : Annoncez vos \u00e9v\u00e8nements sur Infolocale |\",\"isPartOf\":{\"@id\":\"https:\/\/www.infolocale.fr\/blog\/#website\"},\"primaryImageOfPage\":{\"@id\":\"https:\/\/infolocale.20minutes.fr\/blog\/nuits-forets-2022-evenements-infolocale\/#primaryimage\"},\"image\":{\"@id\":\"https:\/\/infolocale.20minutes.fr\/blog\/nuits-forets-2022-evenements-infolocale\/#primaryimage\"},\"thumbnailUrl\":\"https:\/\/infolocale.20minutes.fr\/blog\/wp-content\/uploads\/2022\/06\/Nuits-des-forets-2022.png\",\"datePublished\":\"2022-06-03T07:13:45+00:00\",\"dateModified\":\"2022-07-04T14:51:36+00:00\",\"description\":\"Mettez d\u00e8s maintenant en lumi\u00e8re vos diff\u00e9rents \u00e9v\u00e8nements \u00e0 l'occasion des Nuits des for\u00eats du 17 au 26 juin prochain partout en Franc\",\"breadcrumb\":{\"@id\":\"https:\/\/infolocale.20minutes.fr\/blog\/nuits-forets-2022-evenements-infolocale\/#breadcrumb\"},\"inLanguage\":\"fr-FR\",\"potentialAction\":[{\"@type\":\"ReadAction\",\"target\":[\"https:\/\/infolocale.20minutes.fr\/blog\/nuits-forets-2022-evenements-infolocale\/\"]}]},{\"@type\":\"ImageObject\",\"inLanguage\":\"fr-FR\",\"@id\":\"https:\/\/infolocale.20minutes.fr\/blog\/nuits-forets-2022-evenements-infolocale\/#primaryimage\",\"url\":\"https:\/\/infolocale.20minutes.fr\/blog\/wp-content\/uploads\/2022\/06\/Nuits-des-forets-2022.png\",\"contentUrl\":\"https:\/\/infolocale.20minutes.fr\/blog\/wp-content\/uploads\/2022\/06\/Nuits-des-forets-2022.png\",\"width\":900,\"height\":630,\"caption\":\"Nuits des for\u00eats 2022 : Annoncez vos \u00e9v\u00e8nements sur Infolocale\"},{\"@type\":\"BreadcrumbList\",\"@id\":\"https:\/\/infolocale.20minutes.fr\/blog\/nuits-forets-2022-evenements-infolocale\/#breadcrumb\",\"itemListElement\":[{\"@type\":\"ListItem\",\"position\":1,\"name\":\"Blog\",\"item\":\"https:\/\/infolocale.ouest-france.fr\/blog\/\"},{\"@type\":\"ListItem\",\"position\":2,\"name\":\"En ce moment\",\"item\":\"https:\/\/infolocale.20minutes.fr\/blog\/cat\/actu-acteurs-locaux\/\"},{\"@type\":\"ListItem\",\"position\":3,\"name\":\"Nuits des for\u00eats 2022 : Annoncez vos \u00e9v\u00e8nements sur Infolocale\"}]},{\"@type\":\"WebSite\",\"@id\":\"https:\/\/www.infolocale.fr\/blog\/#website\",\"url\":\"https:\/\/www.infolocale.fr\/blog\/\",\"name\":\"\",\"description\":\"\",\"publisher\":{\"@id\":\"https:\/\/www.infolocale.fr\/blog\/#organization\"},\"potentialAction\":[{\"@type\":\"SearchAction\",\"target\":{\"@type\":\"EntryPoint\",\"urlTemplate\":\"https:\/\/www.infolocale.fr\/blog\/?s={search_term_string}\"},\"query-input\":\"required name=search_term_string\"}],\"inLanguage\":\"fr-FR\"},{\"@type\":\"Organization\",\"@id\":\"https:\/\/www.infolocale.fr\/blog\/#organization\",\"name\":\"Infolocale\",\"url\":\"https:\/\/www.infolocale.fr\/blog\/\",\"logo\":{\"@type\":\"ImageObject\",\"inLanguage\":\"fr-FR\",\"@id\":\"https:\/\/www.infolocale.fr\/blog\/#\/schema\/logo\/image\/\",\"url\":\"https:\/\/www.infolocale.fr\/blog\/wp-content\/uploads\/2020\/11\/logol.jpg\",\"contentUrl\":\"https:\/\/www.infolocale.fr\/blog\/wp-content\/uploads\/2020\/11\/logol.jpg\",\"width\":1031,\"height\":398,\"caption\":\"Infolocale\"},\"image\":{\"@id\":\"https:\/\/www.infolocale.fr\/blog\/#\/schema\/logo\/image\/\"},\"sameAs\":[\"https:\/\/www.facebook.com\/infolocaleFR\/\",\"https:\/\/x.com\/infolocale\",\"https:\/\/www.instagram.com\/infolocale\/\",\"https:\/\/fr.linkedin.com\/company\/infolocale\",\"https:\/\/www.youtube.com\/channel\/UCnv4FA8EYEuu_si3TGr7xeA\"]},{\"@type\":\"Person\",\"@id\":\"https:\/\/www.infolocale.fr\/blog\/#\/schema\/person\/ef7bae7d23a1485da4c2c6640f73e989\",\"name\":\"Margot\",\"image\":{\"@type\":\"ImageObject\",\"inLanguage\":\"fr-FR\",\"@id\":\"https:\/\/www.infolocale.fr\/blog\/#\/schema\/person\/image\/\",\"url\":\"https:\/\/secure.gravatar.com\/avatar\/fd7a814627870ba8c5cb11cb724ee955?s=96&d=mm&r=g\",\"contentUrl\":\"https:\/\/secure.gravatar.com\/avatar\/fd7a814627870ba8c5cb11cb724ee955?s=96&d=mm&r=g\",\"caption\":\"Margot\"},\"sameAs\":[\"https:\/\/www.infolocale.fr\/blog\/\"],\"url\":\"https:\/\/infolocale.20minutes.fr\/blog\/author\/margot-cueff\/\"}]}<\/script>\n<!-- \/ Yoast SEO plugin. -->","yoast_head_json":{"title":"Nuits des for\u00eats 2022 : Annoncez vos \u00e9v\u00e8nements sur Infolocale |","description":"Mettez d\u00e8s maintenant en lumi\u00e8re vos diff\u00e9rents \u00e9v\u00e8nements \u00e0 l'occasion des Nuits des for\u00eats du 17 au 26 juin prochain partout en Franc","robots":{"index":"index","follow":"follow","max-snippet":"max-snippet:-1","max-image-preview":"max-image-preview:large","max-video-preview":"max-video-preview:-1"},"canonical":"https:\/\/infolocale.20minutes.fr\/blog\/nuits-forets-2022-evenements-infolocale\/","og_locale":"fr_FR","og_type":"article","og_title":"Nuits des for\u00eats 2022 : Annoncez vos \u00e9v\u00e8nements sur Infolocale |","og_description":"Mettez d\u00e8s maintenant en lumi\u00e8re vos diff\u00e9rents \u00e9v\u00e8nements \u00e0 l'occasion des Nuits des for\u00eats du 17 au 26 juin prochain partout en Franc","og_url":"https:\/\/infolocale.20minutes.fr\/blog\/nuits-forets-2022-evenements-infolocale\/","article_publisher":"https:\/\/www.facebook.com\/infolocaleFR\/","article_published_time":"2022-06-03T07:13:45+00:00","article_modified_time":"2022-07-04T14:51:36+00:00","og_image":[{"width":900,"height":630,"url":"https:\/\/infolocale.20minutes.fr\/blog\/wp-content\/uploads\/2022\/06\/Nuits-des-forets-2022.png","type":"image\/png"}],"author":"Margot","twitter_card":"summary_large_image","twitter_creator":"@infolocale","twitter_site":"@infolocale","twitter_misc":{"\u00c9crit par":"Margot","Dur\u00e9e de lecture estim\u00e9e":"4 minutes"},"schema":{"@context":"https:\/\/schema.org","@graph":[{"@type":"Article","@id":"https:\/\/infolocale.20minutes.fr\/blog\/nuits-forets-2022-evenements-infolocale\/#article","isPartOf":{"@id":"https:\/\/infolocale.20minutes.fr\/blog\/nuits-forets-2022-evenements-infolocale\/"},"author":{"name":"Margot","@id":"https:\/\/www.infolocale.fr\/blog\/#\/schema\/person\/ef7bae7d23a1485da4c2c6640f73e989"},"headline":"Nuits des for\u00eats 2022 : Annoncez vos \u00e9v\u00e8nements sur Infolocale","datePublished":"2022-06-03T07:13:45+00:00","dateModified":"2022-07-04T14:51:36+00:00","mainEntityOfPage":{"@id":"https:\/\/infolocale.20minutes.fr\/blog\/nuits-forets-2022-evenements-infolocale\/"},"wordCount":836,"commentCount":0,"publisher":{"@id":"https:\/\/www.infolocale.fr\/blog\/#organization"},"image":{"@id":"https:\/\/infolocale.20minutes.fr\/blog\/nuits-forets-2022-evenements-infolocale\/#primaryimage"},"thumbnailUrl":"https:\/\/infolocale.20minutes.fr\/blog\/wp-content\/uploads\/2022\/06\/Nuits-des-forets-2022.png","articleSection":["En ce moment"],"inLanguage":"fr-FR","potentialAction":[{"@type":"CommentAction","name":"Comment","target":["https:\/\/infolocale.20minutes.fr\/blog\/nuits-forets-2022-evenements-infolocale\/#respond"]}]},{"@type":"WebPage","@id":"https:\/\/infolocale.20minutes.fr\/blog\/nuits-forets-2022-evenements-infolocale\/","url":"https:\/\/infolocale.20minutes.fr\/blog\/nuits-forets-2022-evenements-infolocale\/","name":"Nuits des for\u00eats 2022 : Annoncez vos \u00e9v\u00e8nements sur Infolocale |","isPartOf":{"@id":"https:\/\/www.infolocale.fr\/blog\/#website"},"primaryImageOfPage":{"@id":"https:\/\/infolocale.20minutes.fr\/blog\/nuits-forets-2022-evenements-infolocale\/#primaryimage"},"image":{"@id":"https:\/\/infolocale.20minutes.fr\/blog\/nuits-forets-2022-evenements-infolocale\/#primaryimage"},"thumbnailUrl":"https:\/\/infolocale.20minutes.fr\/blog\/wp-content\/uploads\/2022\/06\/Nuits-des-forets-2022.png","datePublished":"2022-06-03T07:13:45+00:00","dateModified":"2022-07-04T14:51:36+00:00","description":"Mettez d\u00e8s maintenant en lumi\u00e8re vos diff\u00e9rents \u00e9v\u00e8nements \u00e0 l'occasion des Nuits des for\u00eats du 17 au 26 juin prochain partout en Franc","breadcrumb":{"@id":"https:\/\/infolocale.20minutes.fr\/blog\/nuits-forets-2022-evenements-infolocale\/#breadcrumb"},"inLanguage":"fr-FR","potentialAction":[{"@type":"ReadAction","target":["https:\/\/infolocale.20minutes.fr\/blog\/nuits-forets-2022-evenements-infolocale\/"]}]},{"@type":"ImageObject","inLanguage":"fr-FR","@id":"https:\/\/infolocale.20minutes.fr\/blog\/nuits-forets-2022-evenements-infolocale\/#primaryimage","url":"https:\/\/infolocale.20minutes.fr\/blog\/wp-content\/uploads\/2022\/06\/Nuits-des-forets-2022.png","contentUrl":"https:\/\/infolocale.20minutes.fr\/blog\/wp-content\/uploads\/2022\/06\/Nuits-des-forets-2022.png","width":900,"height":630,"caption":"Nuits des for\u00eats 2022 : Annoncez vos \u00e9v\u00e8nements sur Infolocale"},{"@type":"BreadcrumbList","@id":"https:\/\/infolocale.20minutes.fr\/blog\/nuits-forets-2022-evenements-infolocale\/#breadcrumb","itemListElement":[{"@type":"ListItem","position":1,"name":"Blog","item":"https:\/\/infolocale.ouest-france.fr\/blog\/"},{"@type":"ListItem","position":2,"name":"En ce moment","item":"https:\/\/infolocale.20minutes.fr\/blog\/cat\/actu-acteurs-locaux\/"},{"@type":"ListItem","position":3,"name":"Nuits des for\u00eats 2022 : Annoncez vos \u00e9v\u00e8nements sur Infolocale"}]},{"@type":"WebSite","@id":"https:\/\/www.infolocale.fr\/blog\/#website","url":"https:\/\/www.infolocale.fr\/blog\/","name":"","description":"","publisher":{"@id":"https:\/\/www.infolocale.fr\/blog\/#organization"},"potentialAction":[{"@type":"SearchAction","target":{"@type":"EntryPoint","urlTemplate":"https:\/\/www.infolocale.fr\/blog\/?s={search_term_string}"},"query-input":"required name=search_term_string"}],"inLanguage":"fr-FR"},{"@type":"Organization","@id":"https:\/\/www.infolocale.fr\/blog\/#organization","name":"Infolocale","url":"https:\/\/www.infolocale.fr\/blog\/","logo":{"@type":"ImageObject","inLanguage":"fr-FR","@id":"https:\/\/www.infolocale.fr\/blog\/#\/schema\/logo\/image\/","url":"https:\/\/www.infolocale.fr\/blog\/wp-content\/uploads\/2020\/11\/logol.jpg","contentUrl":"https:\/\/www.infolocale.fr\/blog\/wp-content\/uploads\/2020\/11\/logol.jpg","width":1031,"height":398,"caption":"Infolocale"},"image":{"@id":"https:\/\/www.infolocale.fr\/blog\/#\/schema\/logo\/image\/"},"sameAs":["https:\/\/www.facebook.com\/infolocaleFR\/","https:\/\/x.com\/infolocale","https:\/\/www.instagram.com\/infolocale\/","https:\/\/fr.linkedin.com\/company\/infolocale","https:\/\/www.youtube.com\/channel\/UCnv4FA8EYEuu_si3TGr7xeA"]},{"@type":"Person","@id":"https:\/\/www.infolocale.fr\/blog\/#\/schema\/person\/ef7bae7d23a1485da4c2c6640f73e989","name":"Margot","image":{"@type":"ImageObject","inLanguage":"fr-FR","@id":"https:\/\/www.infolocale.fr\/blog\/#\/schema\/person\/image\/","url":"https:\/\/secure.gravatar.com\/avatar\/fd7a814627870ba8c5cb11cb724ee955?s=96&d=mm&r=g","contentUrl":"https:\/\/secure.gravatar.com\/avatar\/fd7a814627870ba8c5cb11cb724ee955?s=96&d=mm&r=g","caption":"Margot"},"sameAs":["https:\/\/www.infolocale.fr\/blog\/"],"url":"https:\/\/infolocale.20minutes.fr\/blog\/author\/margot-cueff\/"}]}},"_links":{"self":[{"href":"https:\/\/infolocale.20minutes.fr\/blog\/wp-json\/wp\/v2\/posts\/19717"}],"collection":[{"href":"https:\/\/infolocale.20minutes.fr\/blog\/wp-json\/wp\/v2\/posts"}],"about":[{"href":"https:\/\/infolocale.20minutes.fr\/blog\/wp-json\/wp\/v2\/types\/post"}],"author":[{"embeddable":true,"href":"https:\/\/infolocale.20minutes.fr\/blog\/wp-json\/wp\/v2\/users\/14"}],"replies":[{"embeddable":true,"href":"https:\/\/infolocale.20minutes.fr\/blog\/wp-json\/wp\/v2\/comments?post=19717"}],"version-history":[{"count":0,"href":"https:\/\/infolocale.20minutes.fr\/blog\/wp-json\/wp\/v2\/posts\/19717\/revisions"}],"wp:featuredmedia":[{"embeddable":true,"href":"https:\/\/infolocale.20minutes.fr\/blog\/wp-json\/wp\/v2\/media\/19719"}],"wp:attachment":[{"href":"https:\/\/infolocale.20minutes.fr\/blog\/wp-json\/wp\/v2\/media?parent=19717"}],"wp:term":[{"taxonomy":"category","embeddable":true,"href":"https:\/\/infolocale.20minutes.fr\/blog\/wp-json\/wp\/v2\/categories?post=19717"},{"taxonomy":"post_tag","embeddable":true,"href":"https:\/\/infolocale.20minutes.fr\/blog\/wp-json\/wp\/v2\/tags?post=19717"}],"curies":[{"name":"wp","href":"https:\/\/api.w.org\/{rel}","templated":true}]}}