{"id":19691,"date":"2022-06-02T11:39:15","date_gmt":"2022-06-02T09:39:15","guid":{"rendered":"https:\/\/www.infolocale.fr\/blog\/?p=19691"},"modified":"2022-06-02T11:39:49","modified_gmt":"2022-06-02T09:39:49","slug":"fete-de-la-musique-2022-annoncez-vos-evenements-sur-infolocale","status":"publish","type":"post","link":"https:\/\/infolocale.20minutes.fr\/blog\/fete-de-la-musique-2022-annoncez-vos-evenements-sur-infolocale\/","title":{"rendered":"F\u00eate de la musique 2022 : Annoncez vos \u00e9v\u00e8nements sur Infolocale"},"content":{"rendered":"\n<p>F\u00eate de la musique 2022 : Annoncez vos \u00e9v\u00e8nements sur Infolocale ! <\/p>\n\n\n\n<p class=\"has-black-color has-text-color has-background\" style=\"background-color:#a1d5f5\">Apr\u00e8s deux \u00e9ditions annul\u00e9es pour cause de COVID_19 la prochaine \u00e9dition de la F\u00eate de la musique promet d&rsquo;\u00eatre plus festive que jamais. Vous organisez une manifestation musicale et faites venir des artistes pour c\u00e9l\u00e9brer la f\u00eate de la musique ? Vous organisez des \u00e9v\u00e8nements musicaux en tout genre ? Com\u00e9die musicale ? Chorale ? Fanfare ? Battle musicale ? Alors venez vite annoncer vos \u00e9v\u00e8nements sur Infolocale pour la F\u00eate de la musique le mardi 21 juin prochain ! De grandes manifestations culturelles \u00e0 ne surtout pas manquer pour ce retour en fanfare de la F\u00eate de la musique 2022 !&nbsp;&nbsp;<\/p>\n\n\n\n<h2 class=\"wp-block-heading\">L&rsquo;histoire de la F\u00eate de la musique : <\/h2>\n\n\n\n<p>Chaque ann\u00e9e le 21 juin est c\u00e9l\u00e9br\u00e9e la F\u00eate de la musique qui annonce \u00e9galement l&rsquo;arriv\u00e9e de la saison estivale.&nbsp;Cette nouvelle \u00e9dition marquera d&rsquo;ailleurs son 40i\u00e8me anniversaire !&nbsp;&nbsp;<\/p>\n\n\n\n<p>La F\u00eate de la musique est tout d&rsquo;abord une f\u00eate annuelle nationale qui rassemble les fran\u00e7ais autour des arts musicaux. Elle a \u00e9t\u00e9 cr\u00e9\u00e9e en 1982 \u00e0 l&rsquo;initiative du minist\u00e8re de la culture. A l&rsquo;\u00e9poque une enqu\u00eate f\u00fbt men\u00e9e, r\u00e9v\u00e9lant que 5 millions de concitoyens jouaient d&rsquo;un instrument de musique. C&rsquo;est alors que Jack Lang ancien ministre de la culture sous la pr\u00e9sidence de Fran\u00e7ois Mitterrand d\u00e9cide de cr\u00e9er une journ\u00e9e d\u00e9di\u00e9e \u00e0 l&rsquo;art musical. Un rendez-vous d\u00e9sormais incontournable autour de la musique pour les petits et les grands !&nbsp;&nbsp;<\/p>\n\n\n\n<p>Cet \u00e9v\u00e8nement a d&rsquo;ailleurs pour but de :&nbsp;&nbsp;<\/p>\n\n\n\n<ul class=\"wp-block-list\"><li>Promouvoir le talent et la cr\u00e9ativit\u00e9 des artistes musicaux fran\u00e7ais&nbsp;&nbsp;<\/li><li>Promouvoir la culture musicale et la sc\u00e8ne fran\u00e7aise&nbsp;&nbsp;<\/li><li>Rassembler les fran\u00e7ais autour d&rsquo;un \u00e9v\u00e8nement festif annon\u00e7ant \u00e9galement l&rsquo;\u00e9t\u00e9&nbsp;<\/li><\/ul>\n\n\n\n<p>Au fil des ann\u00e9es la F\u00eate de la musique se diversifie pour toucher une plus large population et promouvoir la musique pour tous. Dans les espaces publics, dans les bars et restaurants, dans des salles de concert et bien d&rsquo;autres lieux la F\u00eate de la musique est l&rsquo;\u00e9v\u00e8nement annuel auquel assister gr\u00e2ce \u00e0 l&rsquo;appui des collectivit\u00e9s territoriales.&nbsp;Aujourd&rsquo;hui la F\u00eate de la musique est d&rsquo;ailleurs la premi\u00e8re f\u00eate rassemblant autant de spectateurs de tout \u00e2ge en France.&nbsp;&nbsp;<\/p>\n\n\n\n<h2 class=\"wp-block-heading\">Profitez de la F\u00eate de la musique 2022 pour promouvoir vos \u00e9v\u00e8nements :<\/h2>\n\n\n\n<p> Il s\u2019agit d\u2019un \u00e9v\u00e8nement culturel national ayant pour objectif de mettre en avant les talents de nos artistes pr\u00e9sents sur la sc\u00e8ne fran\u00e7aise. Et si vous aussi vous faisiez profiter de votre \u00e9v\u00e8nement musical \u00e0 davantage de personnes ? Cela peut \u00eatre de plusieurs mani\u00e8res : concerts, fanfares, groupes de musique de diff\u00e9rentes nationalit\u00e9s, battles musicales, karaok\u00e9&#8230; En organisant un \u00e9v\u00e8nement vous aurez la possibilit\u00e9 de b\u00e9n\u00e9ficier d\u2019une meilleure couverture m\u00e9diatique sur Infolocale \u00e0 cette occasion.&nbsp;<\/p>\n\n\n\n<p>Afin de donner plus de visibilit\u00e9 \u00e0 vos diff\u00e9rents \u00e9v\u00e8nements vous pourrez communiquer par le biais de vos <a href=\"https:\/\/www.infolocale.fr\/blog\/communiquer-reseaux-sociaux\/\" target=\"_blank\" rel=\"noreferrer noopener\">r\u00e9seaux sociaux<\/a> \u00e0 l\u2019occasion de la F\u00eate de la musique 2022. De m\u00eame vous pourrez aussi cr\u00e9er et distribuer des flyers en allant \u00e0 la rencontre de votre public. Mais aussi, pensez \u00e0 <a href=\"https:\/\/www.infolocale.fr\/blog\/agenda-en-ligne\/\" target=\"_blank\" rel=\"noreferrer noopener\">annoncer vos \u00e9v\u00e8nements<\/a> sur le site Infolocale pour \u00eatre davantage mis en avant. Ou encore, pensez \u00e0 faire appel \u00e0 la <a href=\"https:\/\/www.infolocale.fr\/blog\/relations-presse-association\/\" target=\"_blank\" rel=\"noreferrer noopener\">presse<\/a>. Si celle-ci peut vous aider, elle se fera une joie de relayer votre \u00e9v\u00e8nement dans ses pages locales afin de vous soutenir \u00e0 c\u00e9l\u00e9brer la F\u00eate de la musique le 21 juin prochain.&nbsp;<\/p>\n\n\n\n<h2 class=\"wp-block-heading\">Quels \u00e9v\u00e8nements organiser \u00e0 l&rsquo;occasion de la F\u00eate de la musique le 21 juin 2022 ? Concert ? Festival ? Dj ? Musique du monde ? <\/h2>\n\n\n\n<p>D\u00e9j\u00e0 de nombreux \u00e9v\u00e8nements annonc\u00e9s sur Infolocale ! Voici quelques id\u00e9es de sorties pour participer \u00e0 ce rendez-vous du 21 juin prochain.&nbsp;<\/p>\n\n\n\n<h3 class=\"wp-block-heading\">D\u00e9couverte des talents de la sc\u00e8ne musicale fran\u00e7aise: <\/h3>\n\n\n\n<p>A l&rsquo;occasion de la 40i\u00e8me \u00e9dition de la F\u00eate de la musique venez assister \u00e0 la d\u00e9couverte de nouveaux talents avec un <a href=\"https:\/\/www.infolocale.fr\/evenements\/evenement-biville-la-baignarde-festival-fete-de-la-musique-2006266632\" target=\"_blank\" rel=\"noreferrer noopener\">concert organis\u00e9 par Bivill&rsquo;animation<\/a>. Et si vous \u00eates friands de concours, ne manquez pas les <a href=\"https:\/\/www.infolocale.fr\/associations\/energie-musicale-357355\/evenement-apremont-concert-spectacle-musical-fete-de-la-musique-et-battle-musicale-7568151%20battles\" target=\"_blank\" rel=\"noreferrer noopener\">battles musicales<\/a> organis\u00e9es par l&rsquo;association Energie Musicale.&nbsp;&nbsp;<\/p>\n\n\n\n<h3 class=\"wp-block-heading\">Animations autour d&rsquo;instruments de musique : <\/h3>\n\n\n\n<p>Quoi de plus festif qu&rsquo;une fanfare pour c\u00e9l\u00e9brer le retour de la F\u00eate de la musique cette ann\u00e9e ? Venez assister \u00e0 une <a href=\"https:\/\/www.infolocale.fr\/evenements\/evenement-la-remaudiere-spectacle-fete-de-la-musique-706287630\" target=\"_blank\" rel=\"noreferrer noopener\">fanfare des coll\u00e8ges<\/a> suivie de plusieurs autres manifestations telles que des d\u00e9monstrations de danse country et des groupes de musique. Vous aurez \u00e9galement la possibilit\u00e9 de venir c\u00e9l\u00e9brer la F\u00eate de la musique dans une \u00e9glise o\u00f9 sera donn\u00e9 un <a href=\"https:\/\/www.infolocale.fr\/evenements\/evenement-vouvant-concert-spectacle-musical-festival-de-la-musique-concert-d-orgue-a-vouvant-louyse-gris-2006285754%20concert%20d'orgue\" target=\"_blank\" rel=\"noreferrer noopener\">concert d&rsquo;orgue<\/a>. Enfin, les amateurs d&rsquo;accord\u00e9on pourront \u00e9galement assister \u00e0 un <a href=\"https:\/\/www.infolocale.fr\/evenements\/evenement-villedieu-les-poeles-rouffigny-festival-fete-de-la-musique-concert-de-l-ecole-d-accordeon-2006435370%20accord%C3%A9on\" target=\"_blank\" rel=\"noreferrer noopener\">concert d&rsquo;accord\u00e9on <\/a>en plein-air.&nbsp;&nbsp;<\/p>\n\n\n\n<h3 class=\"wp-block-heading\">D\u00e9couverte de musiques d&rsquo;ailleurs : <\/h3>\n\n\n\n<p>Et comme la musique n&rsquo;a pas de fronti\u00e8res, cette ann\u00e9e d\u00e9couvrez des concerts de musiques venues de nombreux pays du monde notamment avec le groupe Tolk\u00eea qui vous proposera un concert de <a href=\"https:\/\/www.infolocale.fr\/evenements\/evenement-lestiac-sur-garonne-concert-spectacle-musical-fete-de-la-musique-a-lestiac-sur-garonne-2006447494\" target=\"_blank\" rel=\"noreferrer noopener\">musique irlandaise<\/a>. Vous aurez \u00e9galement l&rsquo;occasion de d\u00e9couvrir la culture musicale cubaine avec le groupe The Cubaners qui vous proposera un <a href=\"https:\/\/www.infolocale.fr\/collectivites-institutions\/ville-de-courseulles-sur-mer-vie-culturelle-270180\/evenement-courseulles-sur-mer-fete-fete-de-la-musique-7554768\" target=\"_blank\" rel=\"noreferrer noopener\">concert de musique cubaine<\/a>. Vous pourrez aussi assister au <a href=\"https:\/\/www.infolocale.fr\/equipements-publics\/centre-socioculturel-francois-rabelais-61654\/evenement-change-concert-spectacle-musical-change-fete-la-musique-7536483\" target=\"_blank\" rel=\"noreferrer noopener\">concert gratuit d&rsquo;Alba<\/a>, une star de la sc\u00e8ne musicale londonienne.&nbsp;&nbsp;<\/p>\n\n\n\n<h2 class=\"wp-block-heading\">Annoncez vos \u00e9v\u00e8nements sur Infolocale pour cette nouvelle \u00e9dition de la F\u00eate de la musique 2022 : <\/h2>\n\n\n\n<p>Profitez de votre annonce gratuite dans l\u2019un des journaux du groupe <a href=\"https:\/\/www.ouest-france.fr\/\" target=\"_blank\" rel=\"noreferrer noopener\">Ouest-France<\/a> et d\u2019une pr\u00e9sence sur internet jusqu\u2019au jour de votre \u00e9v\u00e8nement. Un excellent moyen de gagner en visibilit\u00e9.&nbsp;<\/p>\n\n\n\n<p>Pour annoncer votre \u00e9v\u00e8nement sur <a href=\"https:\/\/www.infolocale.fr\/decouvrir\/\" target=\"_blank\" rel=\"noreferrer noopener\">Infolocale<\/a> :&nbsp;<\/p>\n\n\n\n<p>1\u00b0 Connectez-vous \u00e0 votre espace Infolocale.&nbsp;<\/p>\n\n\n\n<p>2\u00b0 Cliquez sur \u00ab J\u2019annonce \u00bb pour cr\u00e9er votre nouvel \u00e9v\u00e8nement.&nbsp;<\/p>\n\n\n\n<p>3\u00b0 S\u00e9lectionnez le th\u00e8me de l\u2019\u00e9v\u00e8nement que vous souhaitez annoncer.&nbsp;<\/p>\n\n\n\n<p>4\u00b0 Enfin ajoutez la date, le lieu, les horaires, le tarif, la description, le type de r\u00e9servation ainsi qu\u2019un compl\u00e9ment d\u2019information ou encore quelques photos pour votre \u00e9v\u00e8nement.&nbsp;<\/p>\n","protected":false},"excerpt":{"rendered":"<p>F\u00eate de la musique 2022 : Annoncez vos \u00e9v\u00e8nements sur Infolocale ! Apr\u00e8s deux \u00e9ditions annul\u00e9es pour cause de COVID_19 la prochaine \u00e9dition de la [&hellip;]<\/p>\n","protected":false},"author":14,"featured_media":19692,"comment_status":"open","ping_status":"open","sticky":false,"template":"","format":"standard","meta":{"_coblocks_attr":"","_coblocks_dimensions":"","_coblocks_responsive_height":"","_coblocks_accordion_ie_support":"","_mo_disable_npp":"","footnotes":""},"categories":[6],"tags":[],"class_list":["post-19691","post","type-post","status-publish","format-standard","has-post-thumbnail","hentry","category-actu-acteurs-locaux"],"yoast_head":"<!-- This site is optimized with the Yoast SEO plugin v23.2 - https:\/\/yoast.com\/wordpress\/plugins\/seo\/ -->\n<title>F\u00eate de la musique 2022 : Annoncez vos \u00e9v\u00e8nements sur Infolocale |<\/title>\n<meta name=\"description\" content=\"F\u00eate de la musique 2022 : Annoncez vos \u00e9v\u00e8nements sur Infolocale ! Chaque ann\u00e9e le 21 juin est c\u00e9l\u00e9br\u00e9e la F\u00eate de la musique qui annonce \u00e9galement l&#039;arriv\u00e9e de l&#039;\u00e9t\u00e9\" \/>\n<meta name=\"robots\" content=\"index, follow, max-snippet:-1, max-image-preview:large, max-video-preview:-1\" \/>\n<link rel=\"canonical\" href=\"https:\/\/infolocale.20minutes.fr\/blog\/fete-de-la-musique-2022-annoncez-vos-evenements-sur-infolocale\/\" \/>\n<meta property=\"og:locale\" content=\"fr_FR\" \/>\n<meta property=\"og:type\" content=\"article\" \/>\n<meta property=\"og:title\" content=\"F\u00eate de la musique 2022 : Annoncez vos \u00e9v\u00e8nements sur Infolocale |\" \/>\n<meta property=\"og:description\" content=\"F\u00eate de la musique 2022 : Annoncez vos \u00e9v\u00e8nements sur Infolocale ! Chaque ann\u00e9e le 21 juin est c\u00e9l\u00e9br\u00e9e la F\u00eate de la musique qui annonce \u00e9galement l&#039;arriv\u00e9e de l&#039;\u00e9t\u00e9\" \/>\n<meta property=\"og:url\" content=\"https:\/\/infolocale.20minutes.fr\/blog\/fete-de-la-musique-2022-annoncez-vos-evenements-sur-infolocale\/\" \/>\n<meta property=\"article:publisher\" content=\"https:\/\/www.facebook.com\/infolocaleFR\/\" \/>\n<meta property=\"article:published_time\" content=\"2022-06-02T09:39:15+00:00\" \/>\n<meta property=\"article:modified_time\" content=\"2022-06-02T09:39:49+00:00\" \/>\n<meta property=\"og:image\" content=\"https:\/\/infolocale.20minutes.fr\/blog\/wp-content\/uploads\/2022\/05\/fete-de-la-musique-2022.png\" \/>\n\t<meta property=\"og:image:width\" content=\"900\" \/>\n\t<meta property=\"og:image:height\" content=\"630\" \/>\n\t<meta property=\"og:image:type\" content=\"image\/png\" \/>\n<meta name=\"author\" content=\"Margot\" \/>\n<meta name=\"twitter:card\" content=\"summary_large_image\" \/>\n<meta name=\"twitter:creator\" content=\"@infolocale\" \/>\n<meta name=\"twitter:site\" content=\"@infolocale\" \/>\n<meta name=\"twitter:label1\" content=\"\u00c9crit par\" \/>\n\t<meta name=\"twitter:data1\" content=\"Margot\" \/>\n\t<meta name=\"twitter:label2\" content=\"Dur\u00e9e de lecture estim\u00e9e\" \/>\n\t<meta name=\"twitter:data2\" content=\"5 minutes\" \/>\n<script type=\"application\/ld+json\" class=\"yoast-schema-graph\">{\"@context\":\"https:\/\/schema.org\",\"@graph\":[{\"@type\":\"Article\",\"@id\":\"https:\/\/infolocale.20minutes.fr\/blog\/fete-de-la-musique-2022-annoncez-vos-evenements-sur-infolocale\/#article\",\"isPartOf\":{\"@id\":\"https:\/\/infolocale.20minutes.fr\/blog\/fete-de-la-musique-2022-annoncez-vos-evenements-sur-infolocale\/\"},\"author\":{\"name\":\"Margot\",\"@id\":\"https:\/\/www.infolocale.fr\/blog\/#\/schema\/person\/ef7bae7d23a1485da4c2c6640f73e989\"},\"headline\":\"F\u00eate de la musique 2022 : Annoncez vos \u00e9v\u00e8nements sur Infolocale\",\"datePublished\":\"2022-06-02T09:39:15+00:00\",\"dateModified\":\"2022-06-02T09:39:49+00:00\",\"mainEntityOfPage\":{\"@id\":\"https:\/\/infolocale.20minutes.fr\/blog\/fete-de-la-musique-2022-annoncez-vos-evenements-sur-infolocale\/\"},\"wordCount\":1035,\"commentCount\":0,\"publisher\":{\"@id\":\"https:\/\/www.infolocale.fr\/blog\/#organization\"},\"image\":{\"@id\":\"https:\/\/infolocale.20minutes.fr\/blog\/fete-de-la-musique-2022-annoncez-vos-evenements-sur-infolocale\/#primaryimage\"},\"thumbnailUrl\":\"https:\/\/infolocale.20minutes.fr\/blog\/wp-content\/uploads\/2022\/05\/fete-de-la-musique-2022.png\",\"articleSection\":[\"En ce moment\"],\"inLanguage\":\"fr-FR\",\"potentialAction\":[{\"@type\":\"CommentAction\",\"name\":\"Comment\",\"target\":[\"https:\/\/infolocale.20minutes.fr\/blog\/fete-de-la-musique-2022-annoncez-vos-evenements-sur-infolocale\/#respond\"]}]},{\"@type\":\"WebPage\",\"@id\":\"https:\/\/infolocale.20minutes.fr\/blog\/fete-de-la-musique-2022-annoncez-vos-evenements-sur-infolocale\/\",\"url\":\"https:\/\/infolocale.20minutes.fr\/blog\/fete-de-la-musique-2022-annoncez-vos-evenements-sur-infolocale\/\",\"name\":\"F\u00eate de la musique 2022 : Annoncez vos \u00e9v\u00e8nements sur Infolocale |\",\"isPartOf\":{\"@id\":\"https:\/\/www.infolocale.fr\/blog\/#website\"},\"primaryImageOfPage\":{\"@id\":\"https:\/\/infolocale.20minutes.fr\/blog\/fete-de-la-musique-2022-annoncez-vos-evenements-sur-infolocale\/#primaryimage\"},\"image\":{\"@id\":\"https:\/\/infolocale.20minutes.fr\/blog\/fete-de-la-musique-2022-annoncez-vos-evenements-sur-infolocale\/#primaryimage\"},\"thumbnailUrl\":\"https:\/\/infolocale.20minutes.fr\/blog\/wp-content\/uploads\/2022\/05\/fete-de-la-musique-2022.png\",\"datePublished\":\"2022-06-02T09:39:15+00:00\",\"dateModified\":\"2022-06-02T09:39:49+00:00\",\"description\":\"F\u00eate de la musique 2022 : Annoncez vos \u00e9v\u00e8nements sur Infolocale ! Chaque ann\u00e9e le 21 juin est c\u00e9l\u00e9br\u00e9e la F\u00eate de la musique qui annonce \u00e9galement l'arriv\u00e9e de l'\u00e9t\u00e9\",\"breadcrumb\":{\"@id\":\"https:\/\/infolocale.20minutes.fr\/blog\/fete-de-la-musique-2022-annoncez-vos-evenements-sur-infolocale\/#breadcrumb\"},\"inLanguage\":\"fr-FR\",\"potentialAction\":[{\"@type\":\"ReadAction\",\"target\":[\"https:\/\/infolocale.20minutes.fr\/blog\/fete-de-la-musique-2022-annoncez-vos-evenements-sur-infolocale\/\"]}]},{\"@type\":\"ImageObject\",\"inLanguage\":\"fr-FR\",\"@id\":\"https:\/\/infolocale.20minutes.fr\/blog\/fete-de-la-musique-2022-annoncez-vos-evenements-sur-infolocale\/#primaryimage\",\"url\":\"https:\/\/infolocale.20minutes.fr\/blog\/wp-content\/uploads\/2022\/05\/fete-de-la-musique-2022.png\",\"contentUrl\":\"https:\/\/infolocale.20minutes.fr\/blog\/wp-content\/uploads\/2022\/05\/fete-de-la-musique-2022.png\",\"width\":900,\"height\":630,\"caption\":\"F\u00eate de la musique 2022\"},{\"@type\":\"BreadcrumbList\",\"@id\":\"https:\/\/infolocale.20minutes.fr\/blog\/fete-de-la-musique-2022-annoncez-vos-evenements-sur-infolocale\/#breadcrumb\",\"itemListElement\":[{\"@type\":\"ListItem\",\"position\":1,\"name\":\"Blog\",\"item\":\"https:\/\/infolocale.ouest-france.fr\/blog\/\"},{\"@type\":\"ListItem\",\"position\":2,\"name\":\"En ce moment\",\"item\":\"https:\/\/infolocale.20minutes.fr\/blog\/cat\/actu-acteurs-locaux\/\"},{\"@type\":\"ListItem\",\"position\":3,\"name\":\"F\u00eate de la musique 2022 : Annoncez vos \u00e9v\u00e8nements sur Infolocale\"}]},{\"@type\":\"WebSite\",\"@id\":\"https:\/\/www.infolocale.fr\/blog\/#website\",\"url\":\"https:\/\/www.infolocale.fr\/blog\/\",\"name\":\"\",\"description\":\"\",\"publisher\":{\"@id\":\"https:\/\/www.infolocale.fr\/blog\/#organization\"},\"potentialAction\":[{\"@type\":\"SearchAction\",\"target\":{\"@type\":\"EntryPoint\",\"urlTemplate\":\"https:\/\/www.infolocale.fr\/blog\/?s={search_term_string}\"},\"query-input\":\"required name=search_term_string\"}],\"inLanguage\":\"fr-FR\"},{\"@type\":\"Organization\",\"@id\":\"https:\/\/www.infolocale.fr\/blog\/#organization\",\"name\":\"Infolocale\",\"url\":\"https:\/\/www.infolocale.fr\/blog\/\",\"logo\":{\"@type\":\"ImageObject\",\"inLanguage\":\"fr-FR\",\"@id\":\"https:\/\/www.infolocale.fr\/blog\/#\/schema\/logo\/image\/\",\"url\":\"https:\/\/www.infolocale.fr\/blog\/wp-content\/uploads\/2020\/11\/logol.jpg\",\"contentUrl\":\"https:\/\/www.infolocale.fr\/blog\/wp-content\/uploads\/2020\/11\/logol.jpg\",\"width\":1031,\"height\":398,\"caption\":\"Infolocale\"},\"image\":{\"@id\":\"https:\/\/www.infolocale.fr\/blog\/#\/schema\/logo\/image\/\"},\"sameAs\":[\"https:\/\/www.facebook.com\/infolocaleFR\/\",\"https:\/\/x.com\/infolocale\",\"https:\/\/www.instagram.com\/infolocale\/\",\"https:\/\/fr.linkedin.com\/company\/infolocale\",\"https:\/\/www.youtube.com\/channel\/UCnv4FA8EYEuu_si3TGr7xeA\"]},{\"@type\":\"Person\",\"@id\":\"https:\/\/www.infolocale.fr\/blog\/#\/schema\/person\/ef7bae7d23a1485da4c2c6640f73e989\",\"name\":\"Margot\",\"image\":{\"@type\":\"ImageObject\",\"inLanguage\":\"fr-FR\",\"@id\":\"https:\/\/www.infolocale.fr\/blog\/#\/schema\/person\/image\/\",\"url\":\"https:\/\/secure.gravatar.com\/avatar\/fd7a814627870ba8c5cb11cb724ee955?s=96&d=mm&r=g\",\"contentUrl\":\"https:\/\/secure.gravatar.com\/avatar\/fd7a814627870ba8c5cb11cb724ee955?s=96&d=mm&r=g\",\"caption\":\"Margot\"},\"sameAs\":[\"https:\/\/www.infolocale.fr\/blog\/\"],\"url\":\"https:\/\/infolocale.20minutes.fr\/blog\/author\/margot-cueff\/\"}]}<\/script>\n<!-- \/ Yoast SEO plugin. -->","yoast_head_json":{"title":"F\u00eate de la musique 2022 : Annoncez vos \u00e9v\u00e8nements sur Infolocale |","description":"F\u00eate de la musique 2022 : Annoncez vos \u00e9v\u00e8nements sur Infolocale ! Chaque ann\u00e9e le 21 juin est c\u00e9l\u00e9br\u00e9e la F\u00eate de la musique qui annonce \u00e9galement l'arriv\u00e9e de l'\u00e9t\u00e9","robots":{"index":"index","follow":"follow","max-snippet":"max-snippet:-1","max-image-preview":"max-image-preview:large","max-video-preview":"max-video-preview:-1"},"canonical":"https:\/\/infolocale.20minutes.fr\/blog\/fete-de-la-musique-2022-annoncez-vos-evenements-sur-infolocale\/","og_locale":"fr_FR","og_type":"article","og_title":"F\u00eate de la musique 2022 : Annoncez vos \u00e9v\u00e8nements sur Infolocale |","og_description":"F\u00eate de la musique 2022 : Annoncez vos \u00e9v\u00e8nements sur Infolocale ! Chaque ann\u00e9e le 21 juin est c\u00e9l\u00e9br\u00e9e la F\u00eate de la musique qui annonce \u00e9galement l'arriv\u00e9e de l'\u00e9t\u00e9","og_url":"https:\/\/infolocale.20minutes.fr\/blog\/fete-de-la-musique-2022-annoncez-vos-evenements-sur-infolocale\/","article_publisher":"https:\/\/www.facebook.com\/infolocaleFR\/","article_published_time":"2022-06-02T09:39:15+00:00","article_modified_time":"2022-06-02T09:39:49+00:00","og_image":[{"width":900,"height":630,"url":"https:\/\/infolocale.20minutes.fr\/blog\/wp-content\/uploads\/2022\/05\/fete-de-la-musique-2022.png","type":"image\/png"}],"author":"Margot","twitter_card":"summary_large_image","twitter_creator":"@infolocale","twitter_site":"@infolocale","twitter_misc":{"\u00c9crit par":"Margot","Dur\u00e9e de lecture estim\u00e9e":"5 minutes"},"schema":{"@context":"https:\/\/schema.org","@graph":[{"@type":"Article","@id":"https:\/\/infolocale.20minutes.fr\/blog\/fete-de-la-musique-2022-annoncez-vos-evenements-sur-infolocale\/#article","isPartOf":{"@id":"https:\/\/infolocale.20minutes.fr\/blog\/fete-de-la-musique-2022-annoncez-vos-evenements-sur-infolocale\/"},"author":{"name":"Margot","@id":"https:\/\/www.infolocale.fr\/blog\/#\/schema\/person\/ef7bae7d23a1485da4c2c6640f73e989"},"headline":"F\u00eate de la musique 2022 : Annoncez vos \u00e9v\u00e8nements sur Infolocale","datePublished":"2022-06-02T09:39:15+00:00","dateModified":"2022-06-02T09:39:49+00:00","mainEntityOfPage":{"@id":"https:\/\/infolocale.20minutes.fr\/blog\/fete-de-la-musique-2022-annoncez-vos-evenements-sur-infolocale\/"},"wordCount":1035,"commentCount":0,"publisher":{"@id":"https:\/\/www.infolocale.fr\/blog\/#organization"},"image":{"@id":"https:\/\/infolocale.20minutes.fr\/blog\/fete-de-la-musique-2022-annoncez-vos-evenements-sur-infolocale\/#primaryimage"},"thumbnailUrl":"https:\/\/infolocale.20minutes.fr\/blog\/wp-content\/uploads\/2022\/05\/fete-de-la-musique-2022.png","articleSection":["En ce moment"],"inLanguage":"fr-FR","potentialAction":[{"@type":"CommentAction","name":"Comment","target":["https:\/\/infolocale.20minutes.fr\/blog\/fete-de-la-musique-2022-annoncez-vos-evenements-sur-infolocale\/#respond"]}]},{"@type":"WebPage","@id":"https:\/\/infolocale.20minutes.fr\/blog\/fete-de-la-musique-2022-annoncez-vos-evenements-sur-infolocale\/","url":"https:\/\/infolocale.20minutes.fr\/blog\/fete-de-la-musique-2022-annoncez-vos-evenements-sur-infolocale\/","name":"F\u00eate de la musique 2022 : Annoncez vos \u00e9v\u00e8nements sur Infolocale |","isPartOf":{"@id":"https:\/\/www.infolocale.fr\/blog\/#website"},"primaryImageOfPage":{"@id":"https:\/\/infolocale.20minutes.fr\/blog\/fete-de-la-musique-2022-annoncez-vos-evenements-sur-infolocale\/#primaryimage"},"image":{"@id":"https:\/\/infolocale.20minutes.fr\/blog\/fete-de-la-musique-2022-annoncez-vos-evenements-sur-infolocale\/#primaryimage"},"thumbnailUrl":"https:\/\/infolocale.20minutes.fr\/blog\/wp-content\/uploads\/2022\/05\/fete-de-la-musique-2022.png","datePublished":"2022-06-02T09:39:15+00:00","dateModified":"2022-06-02T09:39:49+00:00","description":"F\u00eate de la musique 2022 : Annoncez vos \u00e9v\u00e8nements sur Infolocale ! Chaque ann\u00e9e le 21 juin est c\u00e9l\u00e9br\u00e9e la F\u00eate de la musique qui annonce \u00e9galement l'arriv\u00e9e de l'\u00e9t\u00e9","breadcrumb":{"@id":"https:\/\/infolocale.20minutes.fr\/blog\/fete-de-la-musique-2022-annoncez-vos-evenements-sur-infolocale\/#breadcrumb"},"inLanguage":"fr-FR","potentialAction":[{"@type":"ReadAction","target":["https:\/\/infolocale.20minutes.fr\/blog\/fete-de-la-musique-2022-annoncez-vos-evenements-sur-infolocale\/"]}]},{"@type":"ImageObject","inLanguage":"fr-FR","@id":"https:\/\/infolocale.20minutes.fr\/blog\/fete-de-la-musique-2022-annoncez-vos-evenements-sur-infolocale\/#primaryimage","url":"https:\/\/infolocale.20minutes.fr\/blog\/wp-content\/uploads\/2022\/05\/fete-de-la-musique-2022.png","contentUrl":"https:\/\/infolocale.20minutes.fr\/blog\/wp-content\/uploads\/2022\/05\/fete-de-la-musique-2022.png","width":900,"height":630,"caption":"F\u00eate de la musique 2022"},{"@type":"BreadcrumbList","@id":"https:\/\/infolocale.20minutes.fr\/blog\/fete-de-la-musique-2022-annoncez-vos-evenements-sur-infolocale\/#breadcrumb","itemListElement":[{"@type":"ListItem","position":1,"name":"Blog","item":"https:\/\/infolocale.ouest-france.fr\/blog\/"},{"@type":"ListItem","position":2,"name":"En ce moment","item":"https:\/\/infolocale.20minutes.fr\/blog\/cat\/actu-acteurs-locaux\/"},{"@type":"ListItem","position":3,"name":"F\u00eate de la musique 2022 : Annoncez vos \u00e9v\u00e8nements sur Infolocale"}]},{"@type":"WebSite","@id":"https:\/\/www.infolocale.fr\/blog\/#website","url":"https:\/\/www.infolocale.fr\/blog\/","name":"","description":"","publisher":{"@id":"https:\/\/www.infolocale.fr\/blog\/#organization"},"potentialAction":[{"@type":"SearchAction","target":{"@type":"EntryPoint","urlTemplate":"https:\/\/www.infolocale.fr\/blog\/?s={search_term_string}"},"query-input":"required name=search_term_string"}],"inLanguage":"fr-FR"},{"@type":"Organization","@id":"https:\/\/www.infolocale.fr\/blog\/#organization","name":"Infolocale","url":"https:\/\/www.infolocale.fr\/blog\/","logo":{"@type":"ImageObject","inLanguage":"fr-FR","@id":"https:\/\/www.infolocale.fr\/blog\/#\/schema\/logo\/image\/","url":"https:\/\/www.infolocale.fr\/blog\/wp-content\/uploads\/2020\/11\/logol.jpg","contentUrl":"https:\/\/www.infolocale.fr\/blog\/wp-content\/uploads\/2020\/11\/logol.jpg","width":1031,"height":398,"caption":"Infolocale"},"image":{"@id":"https:\/\/www.infolocale.fr\/blog\/#\/schema\/logo\/image\/"},"sameAs":["https:\/\/www.facebook.com\/infolocaleFR\/","https:\/\/x.com\/infolocale","https:\/\/www.instagram.com\/infolocale\/","https:\/\/fr.linkedin.com\/company\/infolocale","https:\/\/www.youtube.com\/channel\/UCnv4FA8EYEuu_si3TGr7xeA"]},{"@type":"Person","@id":"https:\/\/www.infolocale.fr\/blog\/#\/schema\/person\/ef7bae7d23a1485da4c2c6640f73e989","name":"Margot","image":{"@type":"ImageObject","inLanguage":"fr-FR","@id":"https:\/\/www.infolocale.fr\/blog\/#\/schema\/person\/image\/","url":"https:\/\/secure.gravatar.com\/avatar\/fd7a814627870ba8c5cb11cb724ee955?s=96&d=mm&r=g","contentUrl":"https:\/\/secure.gravatar.com\/avatar\/fd7a814627870ba8c5cb11cb724ee955?s=96&d=mm&r=g","caption":"Margot"},"sameAs":["https:\/\/www.infolocale.fr\/blog\/"],"url":"https:\/\/infolocale.20minutes.fr\/blog\/author\/margot-cueff\/"}]}},"_links":{"self":[{"href":"https:\/\/infolocale.20minutes.fr\/blog\/wp-json\/wp\/v2\/posts\/19691"}],"collection":[{"href":"https:\/\/infolocale.20minutes.fr\/blog\/wp-json\/wp\/v2\/posts"}],"about":[{"href":"https:\/\/infolocale.20minutes.fr\/blog\/wp-json\/wp\/v2\/types\/post"}],"author":[{"embeddable":true,"href":"https:\/\/infolocale.20minutes.fr\/blog\/wp-json\/wp\/v2\/users\/14"}],"replies":[{"embeddable":true,"href":"https:\/\/infolocale.20minutes.fr\/blog\/wp-json\/wp\/v2\/comments?post=19691"}],"version-history":[{"count":0,"href":"https:\/\/infolocale.20minutes.fr\/blog\/wp-json\/wp\/v2\/posts\/19691\/revisions"}],"wp:featuredmedia":[{"embeddable":true,"href":"https:\/\/infolocale.20minutes.fr\/blog\/wp-json\/wp\/v2\/media\/19692"}],"wp:attachment":[{"href":"https:\/\/infolocale.20minutes.fr\/blog\/wp-json\/wp\/v2\/media?parent=19691"}],"wp:term":[{"taxonomy":"category","embeddable":true,"href":"https:\/\/infolocale.20minutes.fr\/blog\/wp-json\/wp\/v2\/categories?post=19691"},{"taxonomy":"post_tag","embeddable":true,"href":"https:\/\/infolocale.20minutes.fr\/blog\/wp-json\/wp\/v2\/tags?post=19691"}],"curies":[{"name":"wp","href":"https:\/\/api.w.org\/{rel}","templated":true}]}}