{"id":19161,"date":"2022-05-12T16:20:08","date_gmt":"2022-05-12T14:20:08","guid":{"rendered":"https:\/\/www.infolocale.fr\/blog\/?p=19161"},"modified":"2022-05-31T15:57:24","modified_gmt":"2022-05-31T13:57:24","slug":"journees-europeennes-archeologie-2022-evenements","status":"publish","type":"post","link":"https:\/\/infolocale.20minutes.fr\/blog\/journees-europeennes-archeologie-2022-evenements\/","title":{"rendered":"Journ\u00e9es europ\u00e9ennes de l&rsquo;arch\u00e9ologie 2022 : communiquez sur vos \u00e9v\u00e9nements"},"content":{"rendered":"\n<p>Journ\u00e9es europ\u00e9ennes de l&rsquo;arch\u00e9ologie 2022 : communiquez sur vos \u00e9v\u00e9nements<\/p>\n\n\n\n<p class=\"has-black-color has-text-color has-background\" style=\"background-color:#a1d5f5\">Venez annoncer vos \u00e9v\u00e8nements \u00e0 l&rsquo;occasion de la 13\u00e8me \u00e9dition des Journ\u00e9es europ\u00e9ennes de l&rsquo;arch\u00e9ologies du 17 au 19 juin prochain. Vous organisez un \u00e9v\u00e8nement sur le th\u00e8me de l&rsquo;arch\u00e9ologie ? Pensez d\u2019ores et d\u00e9j\u00e0 \u00e0 communiquer sur le site Infolocale afin d&rsquo;obtenir une meilleure visibilit\u00e9 sur vos actions.<\/p>\n\n\n\n<h2 class=\"wp-block-heading\">Qu&rsquo;est ce que les Journ\u00e9es europ\u00e9ennes de l&rsquo;arch\u00e9ologie 2022 ? <\/h2>\n\n\n\n<p>Les Journ\u00e9es europ\u00e9ennes de l&rsquo;arch\u00e9ologie sont organis\u00e9es \u00e0 l&rsquo;initiative de l&rsquo;<a href=\"https:\/\/www.inrap.fr\/journees-europeennes-de-l-archeologie-2022-16450\">INRAP<\/a> (Institut national de recherches arch\u00e9ologiques) en partenariat avec le <a href=\"https:\/\/journees-archeologie.fr\/c-2022\/accueil#:~:text=Les%20Journ%C3%A9es%20europ%C3%A9ennes%20de%20l,et%20de%20la%20recherche%20arch%C3%A9ologique.\">minist\u00e8re de la culture<\/a>.<\/p>\n\n\n\n<p>Un rendez-vous incontournable qui se tient chaque ann\u00e9e le troisi\u00e8me week-end de juin. Fortes de leur succ\u00e8s depuis 2010, ce sont aujourd&rsquo;hui 26 pays de l&rsquo;Union Europ\u00e9enne qui participent \u00e0 cet \u00e9v\u00e8nement.<\/p>\n\n\n\n<p>Les Journ\u00e9es europ\u00e9ennes de l&rsquo;arch\u00e9ologie permettent d&rsquo;ailleurs, chaque ann\u00e9e de :<\/p>\n\n\n\n<ul class=\"wp-block-list\"><li>Mettre en exergue les richesses, l&rsquo;histoire et la diversit\u00e9 culturelle de l\u2019Europe.<\/li><li>Rendre l\u2019arch\u00e9ologie plus accessible et reconnue aupr\u00e8s des diff\u00e9rents publics<\/li><li>Mettre en lumi\u00e8re les diff\u00e9rents m\u00e9tiers de l&rsquo;arch\u00e9ologie.<\/li><li>Attiser la curiosit\u00e9 de nouveaux visiteurs en visitant des lieux culturels encore peu connus.<\/li><li>Sensibiliser le grand public et les autorit\u00e9s politiques \u00e0 la protection de notre patrimoine arch\u00e9ologique. Un ph\u00e9nom\u00e8ne appel\u00e9 l&rsquo;arch\u00e9ologie pr\u00e9ventive.<\/li><li>Favoriser le partage des savoirs entre les diff\u00e9rents acteurs de l&rsquo;arch\u00e9ologie et les citoyens europ\u00e9ens.<\/li><\/ul>\n\n\n\n<h2 class=\"wp-block-heading\">Profitez des Journ\u00e9es europ\u00e9ennes de l&rsquo;arch\u00e9ologie 2022 pour promouvoir vos \u00e9v\u00e8nements<\/h2>\n\n\n\n<p>Il s\u2019agit d\u2019un \u00e9v\u00e8nement culturel international ayant pour objectif de mettre en avant les disciplines arch\u00e9ologiques et les coulisses du patrimoine. Et si vous aussi vous faisiez profiter votre structure d&rsquo;un \u00e9v\u00e8nement sur le th\u00e8me de l&rsquo;arch\u00e9ologie. Cela peut \u00eatre sous plusieurs formes : ateliers, conf\u00e9rences, expositions, visites guid\u00e9es d\u00e9couvertes de tr\u00e9sors, visites de mus\u00e9es\u2026 De plus, vous ferez b\u00e9n\u00e9ficier votre structure d&rsquo;une meilleure couverture m\u00e9diatique \u00e0 cette occasion.<\/p>\n\n\n\n<p>Vous pourrez tout \u00e0 fait, cr\u00e9er une campagne de communication sur vos propres <a target=\"_blank\" rel=\"noreferrer noopener\" href=\"https:\/\/www.infolocale.fr\/blog\/communiquer-reseaux-sociaux\/\">r\u00e9seaux sociaux<\/a> \u00e0 l\u2019occasion de vos \u00e9v\u00e8nements pour f\u00eater les Journ\u00e9es europ\u00e9ennes de l&rsquo;arch\u00e9ologie. Mais aussi, <a href=\"https:\/\/www.infolocale.fr\/blog\/agenda-en-ligne\/\">annoncer vos \u00e9v\u00e8nements<\/a> sur le site Infolocale pour accro\u00eetre votre visibilit\u00e9. Ou encore, faire appel \u00e0 la <a href=\"https:\/\/www.infolocale.fr\/blog\/relations-presse-association\/\">presse<\/a>. En effet, celle-ci pourra vous aider \u00e0 mettre en avant vos \u00e9v\u00e8nements locaux dans ses pages r\u00e9gionales pour c\u00e9l\u00e9brer l&rsquo;arch\u00e9ologie.<\/p>\n\n\n\n<h2 class=\"wp-block-heading\">Quels \u00e9v\u00e8nements organiser \u00e0 l&rsquo;occasion des Journ\u00e9es europ\u00e9ennes de l&rsquo;arch\u00e9ologie 2022 ? Visites de mus\u00e9es ? Conf\u00e9rences ? Ateliers ?<\/h2>\n\n\n\n<p>Un week-end riche en animations ayant pour but de faire rayonner la culture de nos territoires europ\u00e9ens. Cet \u00e9v\u00e8nement est l&rsquo;occasion de rassembler un large public, des simples curieux aux passionn\u00e9s d&rsquo;histoire.<\/p>\n\n\n\n<p>Alors si vous faites partie d&rsquo;une asso pour passionn\u00e9s d&rsquo;arch\u00e9ologie terrestre ou sous-marine, voici quelques id\u00e9es de manifestations. <\/p>\n\n\n\n<h3 class=\"wp-block-heading\">Animations arch\u00e9ologiques pour les Journ\u00e9es europ\u00e9ennes de l&rsquo;arch\u00e9ologie : <\/h3>\n\n\n\n<p>A l&rsquo;occasion de ces journ\u00e9es vous aurez l&rsquo;occasion de faire d\u00e9couvrir le monde de l&rsquo;arch\u00e9ologie aux enfants au travers des <a href=\"https:\/\/www.infolocale.fr\/evenements\/evenement-sisteron-patrimoine-journees-europeennes-de-l-archeologie-animations-scolaires-2006306361\">animations scolaires<\/a>. Vous pourrez \u00e9galement organiser des ateliers d&rsquo;initiation sur des th\u00e9matiques bien pr\u00e9cises, comme par exemple sur l&rsquo;<a href=\"https:\/\/www.infolocale.fr\/collectivites-institutions\/batterie-dazeville-357312\/evenement-azeville-patrimoine-journees-nationales-de-larcheologie-7443308\">arch\u00e9ologie de la Seconde Guerre Mondiale<\/a>. Vous pourrez aussi en profiter pour organiser des ateliers multig\u00e9n\u00e9rationnels en proposant des <a href=\"https:\/\/www.infolocale.fr\/evenements\/evenement-perigueux-patrimoine-journees-europeennes-de-l-archeologie-2006340210\">ateliers en famille<\/a>. Ce peut \u00e9galement \u00eatre le moment d&rsquo;organiser un <a href=\"https:\/\/www.infolocale.fr\/evenements\/evenement-saint-jean-de-luz-reunion-assemblee-journees-europeennes-de-larcheologie-atelier-masque-palmes-tuba-les-vestiges-engloutis-2005216014\">atelier masque-palme-tuba<\/a> pour rechercher des \u00e9l\u00e9ments arch\u00e9ologiques.<\/p>\n\n\n\n<h3 class=\"wp-block-heading\">Mise en place de conf\u00e9rences pour les Journ\u00e9es europ\u00e9ennes de l&rsquo;arch\u00e9ologie : <\/h3>\n\n\n\n<p>Pour c\u00e9l\u00e9brer ces journ\u00e9es vous pourrez organiser des conf\u00e9rences sur une multitude de sujets. Notamment sur les <a href=\"https:\/\/www.infolocale.fr\/collectivites-institutions\/manoir-de-la-cour-374512\/evenement-asnieres-sur-vegre-patrimoine-journees-europeennes-de-larcheologie-7489270\">manoirs du XII\u00e8me et XIII\u00e8me de l&rsquo;ouest de la France<\/a> par exemple. Ou encore sur les m\u00e9thodes de fouilles arch\u00e9ologiques avec la conf\u00e9rence \u00ab\u00a0<a href=\"https:\/\/www.infolocale.fr\/evenements\/evenement-saint-gaudens-conference-debat-conference-enquete-en-cours-sur-lugdunum-des-convenes-saint-gaudens-706314753\">Enqu\u00eate en cours sur Lugdunum des Conv\u00e8nes<\/a>\u00ab\u00a0. Mais aussi d&rsquo;autres conf\u00e9rences sur <a href=\"https:\/\/www.infolocale.fr\/evenements\/evenement-savigny-en-veron-conference-debat-le-metal-dans-la-construction-romaine-voyage-a-travers-l-architecture-des-thermes-des-sanctuaires-et-des-villas-antiques-2006328994\">le m\u00e9tal dans la construction romaine, voyage \u00e0 travers l&rsquo;architecture des thermes, des sanctuaires et villas antiques.<\/a><\/p>\n\n\n\n<h3 class=\"wp-block-heading\">Organisation de visites pour les Journ\u00e9es europ\u00e9ennes de l&rsquo;arch\u00e9ologie : <\/h3>\n\n\n\n<p>Vous pourrez tout \u00e0 fait organiser des visites guid\u00e9es dans vos diff\u00e9rents mus\u00e9es ou en plein air. Les sujets peuvent \u00eatre nombreux et vous pourrez aborder une multitude de th\u00e8mes par exemple sur des cultes romains avec <a href=\"https:\/\/www.infolocale.fr\/evenements\/evenement-toulouse-visite-balade-visite-guidee-le-mystere-mithra-plongee-au-coeur-d-un-culte-romain-2006411430\">le myst\u00e8re Mithra<\/a> ou une <a href=\"https:\/\/www.infolocale.fr\/evenements\/evenement-glos-exposition-musee-journees-europeennes-de-l-archeologie-706336744\">viste d&rsquo;espaces gallo-romains<\/a> Il peut aussi s&rsquo;agir de nos territoires \u00e0 l&rsquo;\u00e9poque m\u00e9di\u00e9vale avec \u00ab\u00a0<a href=\"https:\/\/www.infolocale.fr\/evenements\/evenement-valence-visite-balade-visite-guidee-valence-au-moyen-age-ce-que-l-archeologie-nous-dit-journees-nationales-de-l-archeologie-2006305381\">Valence au Moyen-Age : ce que l&rsquo;arch\u00e9ologie nous dit<\/a>\u00ab\u00a0<\/p>\n\n\n\n<p>Alors si vous aussi, vous souhaiter organiser, un escape game sur le th\u00e8me de l&rsquo;arch\u00e9ologie, des fouilles arch\u00e9ologiques, des visites dans des lieux charg\u00e9s d&rsquo;histoire, des conf\u00e9rences etc..<\/p>\n\n\n\n<p>N&rsquo;h\u00e9sitez pas \u00e0 venir <a href=\"https:\/\/www.infolocale.fr\/decouvrir\/nuit-des-musees\/\">annoncer d\u00e8s maintenant vos \u00e9v\u00e8nements<\/a> \u00e0 l&rsquo;occasion des Journ\u00e9es europ\u00e9ennes de l&rsquo;arch\u00e9ologie 2022.<\/p>\n\n\n\n<h2 class=\"wp-block-heading\">Annoncez vos \u00e9v\u00e8nements sur Infolocale pour les Journ\u00e9es europ\u00e9ennes de l&rsquo;arch\u00e9ologie : <\/h2>\n\n\n\n<p>Profitez de votre annonce gratuite dans l\u2019un des journaux du groupe <a href=\"https:\/\/www.ouest-france.fr\/\">Ouest-France<\/a> et d\u2019une pr\u00e9sence sur internet jusqu\u2019au jour de votre \u00e9v\u00e8nement. Un excellent moyen de gagner en visibilit\u00e9.<\/p>\n\n\n\n<p>Pour annoncer votre \u00e9v\u00e8nement :<\/p>\n\n\n\n<p>1\u00b0 Connectez-vous \u00e0 votre espace Infolocale.<br>2\u00b0 Cliquez sur \u00ab J\u2019annonce \u00bb pour cr\u00e9er votre nouvel \u00e9v\u00e8nement.<br>3\u00b0 S\u00e9lectionnez le th\u00e8me de l\u2019\u00e9v\u00e8nement que vous souhaitez annoncer.<br>4\u00b0 Enfin ajoutez la date, le lieu, les horaires, le tarif, la description, le type de r\u00e9servation ainsi qu\u2019un compl\u00e9ment d\u2019information ou encore quelques photos pour votre \u00e9v\u00e8nement.<\/p>\n","protected":false},"excerpt":{"rendered":"<p>Journ\u00e9es europ\u00e9ennes de l&rsquo;arch\u00e9ologie 2022 : communiquez sur vos \u00e9v\u00e9nements Venez annoncer vos \u00e9v\u00e8nements \u00e0 l&rsquo;occasion de la 13\u00e8me \u00e9dition des Journ\u00e9es europ\u00e9ennes de l&rsquo;arch\u00e9ologies [&hellip;]<\/p>\n","protected":false},"author":14,"featured_media":19162,"comment_status":"open","ping_status":"open","sticky":false,"template":"","format":"standard","meta":{"_coblocks_attr":"","_coblocks_dimensions":"","_coblocks_responsive_height":"","_coblocks_accordion_ie_support":"","_mo_disable_npp":"","footnotes":""},"categories":[6],"tags":[13],"class_list":["post-19161","post","type-post","status-publish","format-standard","has-post-thumbnail","hentry","category-actu-acteurs-locaux","tag-articles-actualites"],"yoast_head":"<!-- This site is optimized with the Yoast SEO plugin v23.2 - https:\/\/yoast.com\/wordpress\/plugins\/seo\/ -->\n<title>Journ\u00e9es europ\u00e9ennes de l&#039;arch\u00e9ologie 2022 : communiquez sur vos \u00e9v\u00e9nements |<\/title>\n<meta name=\"description\" content=\"Journ\u00e9es europ\u00e9ennes de l&#039;arch\u00e9ologie 2022 : communiquez sur vos \u00e9v\u00e9nements \u00e0 l&#039;occasion de la 13\u00e8me \u00e9dition des Journ\u00e9es europ\u00e9ennes de l&#039;arch\u00e9ologies du 17 au 19 juin prochain.\" \/>\n<meta name=\"robots\" content=\"index, follow, max-snippet:-1, max-image-preview:large, max-video-preview:-1\" \/>\n<link rel=\"canonical\" href=\"https:\/\/infolocale.20minutes.fr\/blog\/journees-europeennes-archeologie-2022-evenements\/\" \/>\n<meta property=\"og:locale\" content=\"fr_FR\" \/>\n<meta property=\"og:type\" content=\"article\" \/>\n<meta property=\"og:title\" content=\"Journ\u00e9es europ\u00e9ennes de l&#039;arch\u00e9ologie 2022 : communiquez sur vos \u00e9v\u00e9nements |\" \/>\n<meta property=\"og:description\" content=\"Journ\u00e9es europ\u00e9ennes de l&#039;arch\u00e9ologie 2022 : communiquez sur vos \u00e9v\u00e9nements \u00e0 l&#039;occasion de la 13\u00e8me \u00e9dition des Journ\u00e9es europ\u00e9ennes de l&#039;arch\u00e9ologies du 17 au 19 juin prochain.\" \/>\n<meta property=\"og:url\" content=\"https:\/\/infolocale.20minutes.fr\/blog\/journees-europeennes-archeologie-2022-evenements\/\" \/>\n<meta property=\"article:publisher\" content=\"https:\/\/www.facebook.com\/infolocaleFR\/\" \/>\n<meta property=\"article:published_time\" content=\"2022-05-12T14:20:08+00:00\" \/>\n<meta property=\"article:modified_time\" content=\"2022-05-31T13:57:24+00:00\" \/>\n<meta property=\"og:image\" content=\"https:\/\/infolocale.20minutes.fr\/blog\/wp-content\/uploads\/2022\/05\/JEA-2022.png\" \/>\n\t<meta property=\"og:image:width\" content=\"900\" \/>\n\t<meta property=\"og:image:height\" content=\"630\" \/>\n\t<meta property=\"og:image:type\" content=\"image\/png\" \/>\n<meta name=\"author\" content=\"Margot\" \/>\n<meta name=\"twitter:card\" content=\"summary_large_image\" \/>\n<meta name=\"twitter:creator\" content=\"@infolocale\" \/>\n<meta name=\"twitter:site\" content=\"@infolocale\" \/>\n<meta name=\"twitter:label1\" content=\"\u00c9crit par\" \/>\n\t<meta name=\"twitter:data1\" content=\"Margot\" \/>\n\t<meta name=\"twitter:label2\" content=\"Dur\u00e9e de lecture estim\u00e9e\" \/>\n\t<meta name=\"twitter:data2\" content=\"5 minutes\" \/>\n<script type=\"application\/ld+json\" class=\"yoast-schema-graph\">{\"@context\":\"https:\/\/schema.org\",\"@graph\":[{\"@type\":\"Article\",\"@id\":\"https:\/\/infolocale.20minutes.fr\/blog\/journees-europeennes-archeologie-2022-evenements\/#article\",\"isPartOf\":{\"@id\":\"https:\/\/infolocale.20minutes.fr\/blog\/journees-europeennes-archeologie-2022-evenements\/\"},\"author\":{\"name\":\"Margot\",\"@id\":\"https:\/\/www.infolocale.fr\/blog\/#\/schema\/person\/ef7bae7d23a1485da4c2c6640f73e989\"},\"headline\":\"Journ\u00e9es europ\u00e9ennes de l&rsquo;arch\u00e9ologie 2022 : communiquez sur vos \u00e9v\u00e9nements\",\"datePublished\":\"2022-05-12T14:20:08+00:00\",\"dateModified\":\"2022-05-31T13:57:24+00:00\",\"mainEntityOfPage\":{\"@id\":\"https:\/\/infolocale.20minutes.fr\/blog\/journees-europeennes-archeologie-2022-evenements\/\"},\"wordCount\":954,\"commentCount\":0,\"publisher\":{\"@id\":\"https:\/\/www.infolocale.fr\/blog\/#organization\"},\"image\":{\"@id\":\"https:\/\/infolocale.20minutes.fr\/blog\/journees-europeennes-archeologie-2022-evenements\/#primaryimage\"},\"thumbnailUrl\":\"https:\/\/infolocale.20minutes.fr\/blog\/wp-content\/uploads\/2022\/05\/JEA-2022.png\",\"keywords\":[\"Actualit\u00e9s\"],\"articleSection\":[\"En ce moment\"],\"inLanguage\":\"fr-FR\",\"potentialAction\":[{\"@type\":\"CommentAction\",\"name\":\"Comment\",\"target\":[\"https:\/\/infolocale.20minutes.fr\/blog\/journees-europeennes-archeologie-2022-evenements\/#respond\"]}]},{\"@type\":\"WebPage\",\"@id\":\"https:\/\/infolocale.20minutes.fr\/blog\/journees-europeennes-archeologie-2022-evenements\/\",\"url\":\"https:\/\/infolocale.20minutes.fr\/blog\/journees-europeennes-archeologie-2022-evenements\/\",\"name\":\"Journ\u00e9es europ\u00e9ennes de l'arch\u00e9ologie 2022 : communiquez sur vos \u00e9v\u00e9nements |\",\"isPartOf\":{\"@id\":\"https:\/\/www.infolocale.fr\/blog\/#website\"},\"primaryImageOfPage\":{\"@id\":\"https:\/\/infolocale.20minutes.fr\/blog\/journees-europeennes-archeologie-2022-evenements\/#primaryimage\"},\"image\":{\"@id\":\"https:\/\/infolocale.20minutes.fr\/blog\/journees-europeennes-archeologie-2022-evenements\/#primaryimage\"},\"thumbnailUrl\":\"https:\/\/infolocale.20minutes.fr\/blog\/wp-content\/uploads\/2022\/05\/JEA-2022.png\",\"datePublished\":\"2022-05-12T14:20:08+00:00\",\"dateModified\":\"2022-05-31T13:57:24+00:00\",\"description\":\"Journ\u00e9es europ\u00e9ennes de l'arch\u00e9ologie 2022 : communiquez sur vos \u00e9v\u00e9nements \u00e0 l'occasion de la 13\u00e8me \u00e9dition des Journ\u00e9es europ\u00e9ennes de l'arch\u00e9ologies du 17 au 19 juin prochain.\",\"breadcrumb\":{\"@id\":\"https:\/\/infolocale.20minutes.fr\/blog\/journees-europeennes-archeologie-2022-evenements\/#breadcrumb\"},\"inLanguage\":\"fr-FR\",\"potentialAction\":[{\"@type\":\"ReadAction\",\"target\":[\"https:\/\/infolocale.20minutes.fr\/blog\/journees-europeennes-archeologie-2022-evenements\/\"]}]},{\"@type\":\"ImageObject\",\"inLanguage\":\"fr-FR\",\"@id\":\"https:\/\/infolocale.20minutes.fr\/blog\/journees-europeennes-archeologie-2022-evenements\/#primaryimage\",\"url\":\"https:\/\/infolocale.20minutes.fr\/blog\/wp-content\/uploads\/2022\/05\/JEA-2022.png\",\"contentUrl\":\"https:\/\/infolocale.20minutes.fr\/blog\/wp-content\/uploads\/2022\/05\/JEA-2022.png\",\"width\":900,\"height\":630,\"caption\":\"Journ\u00e9es europ\u00e9ennes de l'arch\u00e9ologie : Communiquez sur vos \u00e9v\u00e8nements\"},{\"@type\":\"BreadcrumbList\",\"@id\":\"https:\/\/infolocale.20minutes.fr\/blog\/journees-europeennes-archeologie-2022-evenements\/#breadcrumb\",\"itemListElement\":[{\"@type\":\"ListItem\",\"position\":1,\"name\":\"Blog\",\"item\":\"https:\/\/infolocale.ouest-france.fr\/blog\/\"},{\"@type\":\"ListItem\",\"position\":2,\"name\":\"En ce moment\",\"item\":\"https:\/\/infolocale.20minutes.fr\/blog\/cat\/actu-acteurs-locaux\/\"},{\"@type\":\"ListItem\",\"position\":3,\"name\":\"Journ\u00e9es europ\u00e9ennes de l&rsquo;arch\u00e9ologie 2022 : communiquez sur vos \u00e9v\u00e9nements\"}]},{\"@type\":\"WebSite\",\"@id\":\"https:\/\/www.infolocale.fr\/blog\/#website\",\"url\":\"https:\/\/www.infolocale.fr\/blog\/\",\"name\":\"\",\"description\":\"\",\"publisher\":{\"@id\":\"https:\/\/www.infolocale.fr\/blog\/#organization\"},\"potentialAction\":[{\"@type\":\"SearchAction\",\"target\":{\"@type\":\"EntryPoint\",\"urlTemplate\":\"https:\/\/www.infolocale.fr\/blog\/?s={search_term_string}\"},\"query-input\":\"required name=search_term_string\"}],\"inLanguage\":\"fr-FR\"},{\"@type\":\"Organization\",\"@id\":\"https:\/\/www.infolocale.fr\/blog\/#organization\",\"name\":\"Infolocale\",\"url\":\"https:\/\/www.infolocale.fr\/blog\/\",\"logo\":{\"@type\":\"ImageObject\",\"inLanguage\":\"fr-FR\",\"@id\":\"https:\/\/www.infolocale.fr\/blog\/#\/schema\/logo\/image\/\",\"url\":\"https:\/\/www.infolocale.fr\/blog\/wp-content\/uploads\/2020\/11\/logol.jpg\",\"contentUrl\":\"https:\/\/www.infolocale.fr\/blog\/wp-content\/uploads\/2020\/11\/logol.jpg\",\"width\":1031,\"height\":398,\"caption\":\"Infolocale\"},\"image\":{\"@id\":\"https:\/\/www.infolocale.fr\/blog\/#\/schema\/logo\/image\/\"},\"sameAs\":[\"https:\/\/www.facebook.com\/infolocaleFR\/\",\"https:\/\/x.com\/infolocale\",\"https:\/\/www.instagram.com\/infolocale\/\",\"https:\/\/fr.linkedin.com\/company\/infolocale\",\"https:\/\/www.youtube.com\/channel\/UCnv4FA8EYEuu_si3TGr7xeA\"]},{\"@type\":\"Person\",\"@id\":\"https:\/\/www.infolocale.fr\/blog\/#\/schema\/person\/ef7bae7d23a1485da4c2c6640f73e989\",\"name\":\"Margot\",\"image\":{\"@type\":\"ImageObject\",\"inLanguage\":\"fr-FR\",\"@id\":\"https:\/\/www.infolocale.fr\/blog\/#\/schema\/person\/image\/\",\"url\":\"https:\/\/secure.gravatar.com\/avatar\/fd7a814627870ba8c5cb11cb724ee955?s=96&d=mm&r=g\",\"contentUrl\":\"https:\/\/secure.gravatar.com\/avatar\/fd7a814627870ba8c5cb11cb724ee955?s=96&d=mm&r=g\",\"caption\":\"Margot\"},\"sameAs\":[\"https:\/\/www.infolocale.fr\/blog\/\"],\"url\":\"https:\/\/infolocale.20minutes.fr\/blog\/author\/margot-cueff\/\"}]}<\/script>\n<!-- \/ Yoast SEO plugin. -->","yoast_head_json":{"title":"Journ\u00e9es europ\u00e9ennes de l'arch\u00e9ologie 2022 : communiquez sur vos \u00e9v\u00e9nements |","description":"Journ\u00e9es europ\u00e9ennes de l'arch\u00e9ologie 2022 : communiquez sur vos \u00e9v\u00e9nements \u00e0 l'occasion de la 13\u00e8me \u00e9dition des Journ\u00e9es europ\u00e9ennes de l'arch\u00e9ologies du 17 au 19 juin prochain.","robots":{"index":"index","follow":"follow","max-snippet":"max-snippet:-1","max-image-preview":"max-image-preview:large","max-video-preview":"max-video-preview:-1"},"canonical":"https:\/\/infolocale.20minutes.fr\/blog\/journees-europeennes-archeologie-2022-evenements\/","og_locale":"fr_FR","og_type":"article","og_title":"Journ\u00e9es europ\u00e9ennes de l'arch\u00e9ologie 2022 : communiquez sur vos \u00e9v\u00e9nements |","og_description":"Journ\u00e9es europ\u00e9ennes de l'arch\u00e9ologie 2022 : communiquez sur vos \u00e9v\u00e9nements \u00e0 l'occasion de la 13\u00e8me \u00e9dition des Journ\u00e9es europ\u00e9ennes de l'arch\u00e9ologies du 17 au 19 juin prochain.","og_url":"https:\/\/infolocale.20minutes.fr\/blog\/journees-europeennes-archeologie-2022-evenements\/","article_publisher":"https:\/\/www.facebook.com\/infolocaleFR\/","article_published_time":"2022-05-12T14:20:08+00:00","article_modified_time":"2022-05-31T13:57:24+00:00","og_image":[{"width":900,"height":630,"url":"https:\/\/infolocale.20minutes.fr\/blog\/wp-content\/uploads\/2022\/05\/JEA-2022.png","type":"image\/png"}],"author":"Margot","twitter_card":"summary_large_image","twitter_creator":"@infolocale","twitter_site":"@infolocale","twitter_misc":{"\u00c9crit par":"Margot","Dur\u00e9e de lecture estim\u00e9e":"5 minutes"},"schema":{"@context":"https:\/\/schema.org","@graph":[{"@type":"Article","@id":"https:\/\/infolocale.20minutes.fr\/blog\/journees-europeennes-archeologie-2022-evenements\/#article","isPartOf":{"@id":"https:\/\/infolocale.20minutes.fr\/blog\/journees-europeennes-archeologie-2022-evenements\/"},"author":{"name":"Margot","@id":"https:\/\/www.infolocale.fr\/blog\/#\/schema\/person\/ef7bae7d23a1485da4c2c6640f73e989"},"headline":"Journ\u00e9es europ\u00e9ennes de l&rsquo;arch\u00e9ologie 2022 : communiquez sur vos \u00e9v\u00e9nements","datePublished":"2022-05-12T14:20:08+00:00","dateModified":"2022-05-31T13:57:24+00:00","mainEntityOfPage":{"@id":"https:\/\/infolocale.20minutes.fr\/blog\/journees-europeennes-archeologie-2022-evenements\/"},"wordCount":954,"commentCount":0,"publisher":{"@id":"https:\/\/www.infolocale.fr\/blog\/#organization"},"image":{"@id":"https:\/\/infolocale.20minutes.fr\/blog\/journees-europeennes-archeologie-2022-evenements\/#primaryimage"},"thumbnailUrl":"https:\/\/infolocale.20minutes.fr\/blog\/wp-content\/uploads\/2022\/05\/JEA-2022.png","keywords":["Actualit\u00e9s"],"articleSection":["En ce moment"],"inLanguage":"fr-FR","potentialAction":[{"@type":"CommentAction","name":"Comment","target":["https:\/\/infolocale.20minutes.fr\/blog\/journees-europeennes-archeologie-2022-evenements\/#respond"]}]},{"@type":"WebPage","@id":"https:\/\/infolocale.20minutes.fr\/blog\/journees-europeennes-archeologie-2022-evenements\/","url":"https:\/\/infolocale.20minutes.fr\/blog\/journees-europeennes-archeologie-2022-evenements\/","name":"Journ\u00e9es europ\u00e9ennes de l'arch\u00e9ologie 2022 : communiquez sur vos \u00e9v\u00e9nements |","isPartOf":{"@id":"https:\/\/www.infolocale.fr\/blog\/#website"},"primaryImageOfPage":{"@id":"https:\/\/infolocale.20minutes.fr\/blog\/journees-europeennes-archeologie-2022-evenements\/#primaryimage"},"image":{"@id":"https:\/\/infolocale.20minutes.fr\/blog\/journees-europeennes-archeologie-2022-evenements\/#primaryimage"},"thumbnailUrl":"https:\/\/infolocale.20minutes.fr\/blog\/wp-content\/uploads\/2022\/05\/JEA-2022.png","datePublished":"2022-05-12T14:20:08+00:00","dateModified":"2022-05-31T13:57:24+00:00","description":"Journ\u00e9es europ\u00e9ennes de l'arch\u00e9ologie 2022 : communiquez sur vos \u00e9v\u00e9nements \u00e0 l'occasion de la 13\u00e8me \u00e9dition des Journ\u00e9es europ\u00e9ennes de l'arch\u00e9ologies du 17 au 19 juin prochain.","breadcrumb":{"@id":"https:\/\/infolocale.20minutes.fr\/blog\/journees-europeennes-archeologie-2022-evenements\/#breadcrumb"},"inLanguage":"fr-FR","potentialAction":[{"@type":"ReadAction","target":["https:\/\/infolocale.20minutes.fr\/blog\/journees-europeennes-archeologie-2022-evenements\/"]}]},{"@type":"ImageObject","inLanguage":"fr-FR","@id":"https:\/\/infolocale.20minutes.fr\/blog\/journees-europeennes-archeologie-2022-evenements\/#primaryimage","url":"https:\/\/infolocale.20minutes.fr\/blog\/wp-content\/uploads\/2022\/05\/JEA-2022.png","contentUrl":"https:\/\/infolocale.20minutes.fr\/blog\/wp-content\/uploads\/2022\/05\/JEA-2022.png","width":900,"height":630,"caption":"Journ\u00e9es europ\u00e9ennes de l'arch\u00e9ologie : Communiquez sur vos \u00e9v\u00e8nements"},{"@type":"BreadcrumbList","@id":"https:\/\/infolocale.20minutes.fr\/blog\/journees-europeennes-archeologie-2022-evenements\/#breadcrumb","itemListElement":[{"@type":"ListItem","position":1,"name":"Blog","item":"https:\/\/infolocale.ouest-france.fr\/blog\/"},{"@type":"ListItem","position":2,"name":"En ce moment","item":"https:\/\/infolocale.20minutes.fr\/blog\/cat\/actu-acteurs-locaux\/"},{"@type":"ListItem","position":3,"name":"Journ\u00e9es europ\u00e9ennes de l&rsquo;arch\u00e9ologie 2022 : communiquez sur vos \u00e9v\u00e9nements"}]},{"@type":"WebSite","@id":"https:\/\/www.infolocale.fr\/blog\/#website","url":"https:\/\/www.infolocale.fr\/blog\/","name":"","description":"","publisher":{"@id":"https:\/\/www.infolocale.fr\/blog\/#organization"},"potentialAction":[{"@type":"SearchAction","target":{"@type":"EntryPoint","urlTemplate":"https:\/\/www.infolocale.fr\/blog\/?s={search_term_string}"},"query-input":"required name=search_term_string"}],"inLanguage":"fr-FR"},{"@type":"Organization","@id":"https:\/\/www.infolocale.fr\/blog\/#organization","name":"Infolocale","url":"https:\/\/www.infolocale.fr\/blog\/","logo":{"@type":"ImageObject","inLanguage":"fr-FR","@id":"https:\/\/www.infolocale.fr\/blog\/#\/schema\/logo\/image\/","url":"https:\/\/www.infolocale.fr\/blog\/wp-content\/uploads\/2020\/11\/logol.jpg","contentUrl":"https:\/\/www.infolocale.fr\/blog\/wp-content\/uploads\/2020\/11\/logol.jpg","width":1031,"height":398,"caption":"Infolocale"},"image":{"@id":"https:\/\/www.infolocale.fr\/blog\/#\/schema\/logo\/image\/"},"sameAs":["https:\/\/www.facebook.com\/infolocaleFR\/","https:\/\/x.com\/infolocale","https:\/\/www.instagram.com\/infolocale\/","https:\/\/fr.linkedin.com\/company\/infolocale","https:\/\/www.youtube.com\/channel\/UCnv4FA8EYEuu_si3TGr7xeA"]},{"@type":"Person","@id":"https:\/\/www.infolocale.fr\/blog\/#\/schema\/person\/ef7bae7d23a1485da4c2c6640f73e989","name":"Margot","image":{"@type":"ImageObject","inLanguage":"fr-FR","@id":"https:\/\/www.infolocale.fr\/blog\/#\/schema\/person\/image\/","url":"https:\/\/secure.gravatar.com\/avatar\/fd7a814627870ba8c5cb11cb724ee955?s=96&d=mm&r=g","contentUrl":"https:\/\/secure.gravatar.com\/avatar\/fd7a814627870ba8c5cb11cb724ee955?s=96&d=mm&r=g","caption":"Margot"},"sameAs":["https:\/\/www.infolocale.fr\/blog\/"],"url":"https:\/\/infolocale.20minutes.fr\/blog\/author\/margot-cueff\/"}]}},"_links":{"self":[{"href":"https:\/\/infolocale.20minutes.fr\/blog\/wp-json\/wp\/v2\/posts\/19161"}],"collection":[{"href":"https:\/\/infolocale.20minutes.fr\/blog\/wp-json\/wp\/v2\/posts"}],"about":[{"href":"https:\/\/infolocale.20minutes.fr\/blog\/wp-json\/wp\/v2\/types\/post"}],"author":[{"embeddable":true,"href":"https:\/\/infolocale.20minutes.fr\/blog\/wp-json\/wp\/v2\/users\/14"}],"replies":[{"embeddable":true,"href":"https:\/\/infolocale.20minutes.fr\/blog\/wp-json\/wp\/v2\/comments?post=19161"}],"version-history":[{"count":0,"href":"https:\/\/infolocale.20minutes.fr\/blog\/wp-json\/wp\/v2\/posts\/19161\/revisions"}],"wp:featuredmedia":[{"embeddable":true,"href":"https:\/\/infolocale.20minutes.fr\/blog\/wp-json\/wp\/v2\/media\/19162"}],"wp:attachment":[{"href":"https:\/\/infolocale.20minutes.fr\/blog\/wp-json\/wp\/v2\/media?parent=19161"}],"wp:term":[{"taxonomy":"category","embeddable":true,"href":"https:\/\/infolocale.20minutes.fr\/blog\/wp-json\/wp\/v2\/categories?post=19161"},{"taxonomy":"post_tag","embeddable":true,"href":"https:\/\/infolocale.20minutes.fr\/blog\/wp-json\/wp\/v2\/tags?post=19161"}],"curies":[{"name":"wp","href":"https:\/\/api.w.org\/{rel}","templated":true}]}}