{"id":18839,"date":"2022-04-26T09:54:04","date_gmt":"2022-04-26T07:54:04","guid":{"rendered":"https:\/\/www.infolocale.fr\/blog\/?p=18839"},"modified":"2024-03-01T09:38:08","modified_gmt":"2024-03-01T08:38:08","slug":"securite-lors-de-vos-evenements-sur-la-voie-publique","status":"publish","type":"post","link":"https:\/\/infolocale.20minutes.fr\/blog\/securite-lors-de-vos-evenements-sur-la-voie-publique\/","title":{"rendered":"Quelle s\u00e9curit\u00e9 pour vos \u00e9v\u00e8nements sur la voie publique ?"},"content":{"rendered":"\n<p>S\u00e9curit\u00e9 lors de vos \u00e9v\u00e8nements sur le voie publique : <\/p>\n\n\n\n<p class=\"has-black-color has-text-color has-background\" style=\"background-color:#a1d5f5\">Vous organisez un \u00e9v\u00e9nement en ext\u00e9rieur ou sur la voie publique ? En fonction du lieu, de l&rsquo;horaires, du nombre de participants attendus et de b\u00e9n\u00e9voles pr\u00e9sents pour vous aider, votre organisation ne sera pas la m\u00eame. Voici quelques points de vigilance \u00e0 prendre en compte pour assurer la s\u00e9curit\u00e9 de votre public. <br><br>Pour mettre en place le dispositif de s\u00e9curit\u00e9 de votre \u00e9v\u00e9nement, vous devez tout d&rsquo;abord souscrire \u00e0 une assurance. Ensuite, vous devrez penser \u00e0 mettre en place d\u2019un service d\u2019ordre. Selon la taille et la nature de votre \u00e9v\u00e9nement, vous devrez \u00e9galement penser \u00e0 un poste de secours et au personnel qualifi\u00e9 pour assurer sa permanence. Enfin, vous devrez \u00e9galement vous assurer de l\u2019accessibilit\u00e9 de votre lieu pour accueillir convenablement les personnes en situation de handicap. <\/p>\n\n\n\n<h2 class=\"wp-block-heading\"><strong>S\u00e9curit\u00e9 lors d\u2019un \u00e9v\u00e8nement : Qu\u2019est-ce que cela implique pour un organisateur ?&nbsp;<\/strong><\/h2>\n\n\n\n<p>D\u00e8s lors que vous organisez un \u00e9v\u00e8nement, que celui-ci soit un <a href=\"https:\/\/www.infolocale.fr\/blog\/comment-organise-festival\/\" target=\"_blank\" rel=\"noreferrer noopener\">festival<\/a> ou encore un <a href=\"https:\/\/www.infolocale.fr\/blog\/organiser-un-vide-greniers-toutes-les-etapes\/\" target=\"_blank\" rel=\"noreferrer noopener\">vide-greniers<\/a> la s\u00e9curit\u00e9 est une pr\u00e9occupation centrale. En effet la personne en charge de l\u2019organisation d\u2019un \u00e9v\u00e8nement est responsable de la s\u00e9curit\u00e9 de tous ceux qui y participent. Vous aurez donc \u00e0 suivre un certain nombre d\u2019obligations l\u00e9gales pour garantir la s\u00e9curit\u00e9 de tous et \u00e9galement vous prot\u00e9ger vous-m\u00eame.&nbsp;<\/p>\n\n\n\n<p>En mati\u00e8re de s\u00e9curit\u00e9, la r\u00e8gle diff\u00e8re en fonction du nombre de participants et du lieu dans lequel aura lieu l\u2019\u00e9v\u00e8nement. Ici nous aborderons les \u00e9v\u00e8nements ayant lieu sur la voie publique.&nbsp;<\/p>\n\n\n\n<p>Certaines mesures sont obligatoires pour garantir la s\u00e9curit\u00e9&nbsp;lors de votre manifestation. Vous devrez respecter et faire respecter le protocole en vigueur concernant le plan Vigipirate dans les cas o\u00f9 celui-ci est activ\u00e9. &nbsp;Mais aussi mettre en place un dispositif global de s\u00e9curit\u00e9 (gestion des flux, accessibilit\u00e9, contr\u00f4le des billets d\u2019entr\u00e9e \u2026) Enfin vous devrez \u00e9galement veiller \u00e0 souscrire une assurance afin de couvrir votre \u00e9v\u00e8nement.&nbsp;<\/p>\n\n\n\n<p>Vous l\u2019aurez constat\u00e9, assurer la s\u00e9curit\u00e9 de votre \u00e9v\u00e8nement est un \u00e9l\u00e9ment cl\u00e9 afin que tout se d\u00e9roule sans mauvaises surprises. De fait, c\u2019est \u00e0 l\u2019organisateur qu\u2019incombe la responsabilit\u00e9 de prot\u00e9ger chaque participant ainsi que ses b\u00e9n\u00e9voles.&nbsp;<\/p>\n\n\n\n<p>Dans un premier temps veillez \u00e0 r\u00e9unir toutes les informations vous permettant d\u2019\u00e9tablir une trame pour la mise en place de votre dispositif de s\u00e9curit\u00e9 :&nbsp;&nbsp;<\/p>\n\n\n\n<ul class=\"wp-block-list\"><li>Lieux de l\u2019\u00e9v\u00e8nement (Etablissement recevant du public ou bien sur la voie publique)&nbsp;&nbsp;<\/li><li>Le jour et l\u2019horaire de votre repr\u00e9sentation&nbsp;<\/li><li>Le nombre total de participants&nbsp;<\/li><li>Le nombre total de b\u00e9n\u00e9voles pr\u00e9sents lors de la repr\u00e9sentation&nbsp;<\/li><li>D\u00e9finir de mani\u00e8re d\u00e9taill\u00e9e le programme de votre manifestation&nbsp;<\/li><\/ul>\n\n\n\n<p>Une fois r\u00e9unies, ces informations vous permettront de r\u00e9aliser votre demande aupr\u00e8s de la mairie dans laquelle se d\u00e9roulera l\u2019\u00e9v\u00e8nement.&nbsp;<\/p>\n\n\n\n<h2 class=\"wp-block-heading\"><strong>S\u00e9curit\u00e9 lors d\u2019un \u00e9v\u00e8nement : Quelles d\u00e9marches ?<\/strong><\/h2>\n\n\n\n<p>Tout \u00e9v\u00e8nement ou manifestation est soumis \u00e0 une d\u00e9claration ou \u00e0 une demande d\u2019autorisation.&nbsp;<\/p>\n\n\n\n<p>Si votre manifestation se d\u00e9roule sur la voie publique vous devrez formuler une demande d\u2019autorisation aupr\u00e8s de la pr\u00e9fecture. Dans cette demande devra figurer un certain nombre de points :\u00a0<\/p>\n\n\n\n<ul class=\"wp-block-list\"><li>L\u2019identit\u00e9 de l\u2019organisateur de l\u2019\u00e9v\u00e8nement&nbsp;&nbsp;<\/li><li>La date, le lieu et les horaires de votre manifestation&nbsp;&nbsp;<\/li><li>Le type de sonorisation pr\u00e9vu \u00e0 cette occasion&nbsp;<\/li><\/ul>\n\n\n\n<p>Dans un second temps vous devrez pr\u00e9venir la commission de s\u00e9curit\u00e9. Celle-ci interviendra d\u00e8s lors que vous accueillerez plus de 1500 personnes. De plus, m\u00eame si cela n\u2019est pas obligatoire, pensez \u00e0 avertir la gendarmerie afin de vous couvrir au maximum en cas de probl\u00e8me.&nbsp;<\/p>\n\n\n\n<h2 class=\"wp-block-heading\"><strong>Ev\u00e8nement sur la voie publique : Quels sont les dispositifs de s\u00e9curit\u00e9 ?<\/strong><\/h2>\n\n\n\n<p>En organisant un \u00e9v\u00e8nement vous devrez mettre en place un dispositif de s\u00e9curit\u00e9 qui r\u00e9pondra aux normes en vigueur. Pour assurer le bon d\u00e9roulement de celui-ci vous devrez donc respecter scrupuleusement un certain nombre de crit\u00e8res.&nbsp;&nbsp;<\/p>\n\n\n\n<h3 class=\"wp-block-heading\">Souscrire \u00e0 une assurance&nbsp;: <\/h3>\n\n\n\n<p>Cette d\u00e9marche est obligatoire et devra couvrir chaque personne pr\u00e9sente lors de votre manifestation. De m\u00eame, veillez \u00e0 ce que cette assurance couvre \u00e9galement votre mat\u00e9riel ainsi que les impr\u00e9vus en cas d\u2019annulation.&nbsp;&nbsp;<\/p>\n\n\n\n<h3 class=\"wp-block-heading\">Mettre en place un service d\u2019ordre :&nbsp;<\/h3>\n\n\n\n<p>Si votre \u00e9v\u00e8nement exc\u00e8de 1500 personnes vous devrez&nbsp;mettre en place un service d\u2019ordre. &nbsp;<\/p>\n\n\n\n<p>Le service d\u2019ordre en charge de la s\u00e9curit\u00e9 de votre \u00e9v\u00e8nement aura plusieurs missions. Ils assureront notamment :&nbsp;&nbsp;<\/p>\n\n\n\n<ul class=\"wp-block-list\"><li>La protection des visiteurs ainsi que celle de votre mat\u00e9riel \u00e0 disposition&nbsp;&nbsp;<\/li><li>Faire preuve d\u2019une grande vigilance pour pr\u00e9venir d\u2019\u00e9ventuels mouvements de foule.&nbsp;&nbsp;<\/li><li>V\u00e9rification des billets et contr\u00f4le des flux de visiteurs \u00e0 l\u2019entr\u00e9e&nbsp;&nbsp;<\/li><li>Faire respecter les diff\u00e9rentes proc\u00e9dures de s\u00e9curit\u00e9&nbsp;&nbsp;<\/li><li>Assurer la liaison avec les forces de l\u2019ordre en cas de d\u00e9bordements &nbsp;<\/li><\/ul>\n\n\n\n<h3 class=\"wp-block-heading\">Mettre en place un poste de secours :&nbsp;<\/h3>\n\n\n\n<p>Un dispositif pr\u00e9visionnel de secours sera obligatoire d\u00e8s lors que vous d\u00e9passez la limite de 1500 personnes lors d\u2019une manifestation. Cette r\u00e8gle s\u2019appliquera \u00e0 la fois pour une manifestation sur la voie publique mais \u00e9galement pour les \u00e9tablissements recevant du public. Pensez donc \u00e0 vous rapprocher d\u2019une structure agr\u00e9\u00e9e telle que la Croix Rouge par exemple.&nbsp;<\/p>\n\n\n\n<h3 class=\"wp-block-heading\">Garantir l\u2019accessibilit\u00e9 des personnes en situation de handicap :&nbsp;<\/h3>\n\n\n\n<p>Vous devrez aussi adapter vos diff\u00e9rents espaces aux personnes \u00e0 mobilit\u00e9 r\u00e9duite. En effet chaque \u00e9v\u00e8nement doit \u00eatre en mesure de les accueillir et de faciliter au maximum leur venue. &nbsp;<\/p>\n\n\n\n<p>Vous devrez notamment veiller \u00e0 avoir une signal\u00e9tique claire, \u00e0 adapter vos affichages aux personnes malvoyantes. Mais \u00e9galement \u00e0 installer des rampes pr\u00e8s des escaliers et rendre accessible les WC. &nbsp;<\/p>\n\n\n\n<p>En rendant votre \u00e9v\u00e8nement accessible \u00e0 tous vous attirerez davantage de monde lors de votre manifestation. &nbsp;<\/p>\n","protected":false},"excerpt":{"rendered":"<p>S\u00e9curit\u00e9 lors de vos \u00e9v\u00e8nements sur le voie publique : Vous organisez un \u00e9v\u00e9nement en ext\u00e9rieur ou sur la voie publique ? En fonction du [&hellip;]<\/p>\n","protected":false},"author":14,"featured_media":18840,"comment_status":"open","ping_status":"open","sticky":false,"template":"","format":"standard","meta":{"_coblocks_attr":"","_coblocks_dimensions":"","_coblocks_responsive_height":"","_coblocks_accordion_ie_support":"","_mo_disable_npp":"","footnotes":""},"categories":[101],"tags":[],"class_list":["post-18839","post","type-post","status-publish","format-standard","has-post-thumbnail","hentry","category-organiser-un-evenement"],"yoast_head":"<!-- This site is optimized with the Yoast SEO plugin v23.2 - https:\/\/yoast.com\/wordpress\/plugins\/seo\/ -->\n<title>Quelle s\u00e9curit\u00e9 pour vos \u00e9v\u00e8nements sur la voie publique ? |<\/title>\n<meta name=\"description\" content=\"S\u00e9curit\u00e9 lors de vos \u00e9v\u00e8nements sur le voie publique. D\u00e8s lors que vous organisez un \u00e9v\u00e8nement, que celui-ci soit un festival ou encore un vide-greniers la s\u00e9curit\u00e9 est une pr\u00e9occupation centrale.\" \/>\n<meta name=\"robots\" content=\"index, follow, max-snippet:-1, max-image-preview:large, max-video-preview:-1\" \/>\n<link rel=\"canonical\" href=\"https:\/\/www.infolocale.fr\/blog\/securite-lors-de-vos-evenements-sur-la-voie-publique\/\" \/>\n<meta property=\"og:locale\" content=\"fr_FR\" \/>\n<meta property=\"og:type\" content=\"article\" \/>\n<meta property=\"og:title\" content=\"Quelle s\u00e9curit\u00e9 pour vos \u00e9v\u00e8nements sur la voie publique ? |\" \/>\n<meta property=\"og:description\" content=\"S\u00e9curit\u00e9 lors de vos \u00e9v\u00e8nements sur le voie publique. D\u00e8s lors que vous organisez un \u00e9v\u00e8nement, que celui-ci soit un festival ou encore un vide-greniers la s\u00e9curit\u00e9 est une pr\u00e9occupation centrale.\" \/>\n<meta property=\"og:url\" content=\"https:\/\/www.infolocale.fr\/blog\/securite-lors-de-vos-evenements-sur-la-voie-publique\/\" \/>\n<meta property=\"article:publisher\" content=\"https:\/\/www.facebook.com\/infolocaleFR\/\" \/>\n<meta property=\"article:published_time\" content=\"2022-04-26T07:54:04+00:00\" \/>\n<meta property=\"article:modified_time\" content=\"2024-03-01T08:38:08+00:00\" \/>\n<meta property=\"og:image\" content=\"https:\/\/www.infolocale.fr\/blog\/wp-content\/uploads\/2022\/04\/Securite-voie-publique-.png\" \/>\n\t<meta property=\"og:image:width\" content=\"900\" \/>\n\t<meta property=\"og:image:height\" content=\"630\" \/>\n\t<meta property=\"og:image:type\" content=\"image\/png\" \/>\n<meta name=\"author\" content=\"Margot\" \/>\n<meta name=\"twitter:card\" content=\"summary_large_image\" \/>\n<meta name=\"twitter:creator\" content=\"@infolocale\" \/>\n<meta name=\"twitter:site\" content=\"@infolocale\" \/>\n<meta name=\"twitter:label1\" content=\"\u00c9crit par\" \/>\n\t<meta name=\"twitter:data1\" content=\"Margot\" \/>\n\t<meta name=\"twitter:label2\" content=\"Dur\u00e9e de lecture estim\u00e9e\" \/>\n\t<meta name=\"twitter:data2\" content=\"5 minutes\" \/>\n<script type=\"application\/ld+json\" class=\"yoast-schema-graph\">{\"@context\":\"https:\/\/schema.org\",\"@graph\":[{\"@type\":\"Article\",\"@id\":\"https:\/\/www.infolocale.fr\/blog\/securite-lors-de-vos-evenements-sur-la-voie-publique\/#article\",\"isPartOf\":{\"@id\":\"https:\/\/www.infolocale.fr\/blog\/securite-lors-de-vos-evenements-sur-la-voie-publique\/\"},\"author\":{\"name\":\"Margot\",\"@id\":\"https:\/\/www.infolocale.fr\/blog\/#\/schema\/person\/ef7bae7d23a1485da4c2c6640f73e989\"},\"headline\":\"Quelle s\u00e9curit\u00e9 pour vos \u00e9v\u00e8nements sur la voie publique ?\",\"datePublished\":\"2022-04-26T07:54:04+00:00\",\"dateModified\":\"2024-03-01T08:38:08+00:00\",\"mainEntityOfPage\":{\"@id\":\"https:\/\/www.infolocale.fr\/blog\/securite-lors-de-vos-evenements-sur-la-voie-publique\/\"},\"wordCount\":1053,\"commentCount\":0,\"publisher\":{\"@id\":\"https:\/\/www.infolocale.fr\/blog\/#organization\"},\"image\":{\"@id\":\"https:\/\/www.infolocale.fr\/blog\/securite-lors-de-vos-evenements-sur-la-voie-publique\/#primaryimage\"},\"thumbnailUrl\":\"https:\/\/infolocale.20minutes.fr\/blog\/wp-content\/uploads\/2022\/04\/Securite-voie-publique-.png\",\"articleSection\":[\"Organiser un \u00e9v\u00e9nement\"],\"inLanguage\":\"fr-FR\",\"potentialAction\":[{\"@type\":\"CommentAction\",\"name\":\"Comment\",\"target\":[\"https:\/\/www.infolocale.fr\/blog\/securite-lors-de-vos-evenements-sur-la-voie-publique\/#respond\"]}]},{\"@type\":\"WebPage\",\"@id\":\"https:\/\/www.infolocale.fr\/blog\/securite-lors-de-vos-evenements-sur-la-voie-publique\/\",\"url\":\"https:\/\/www.infolocale.fr\/blog\/securite-lors-de-vos-evenements-sur-la-voie-publique\/\",\"name\":\"Quelle s\u00e9curit\u00e9 pour vos \u00e9v\u00e8nements sur la voie publique ? |\",\"isPartOf\":{\"@id\":\"https:\/\/www.infolocale.fr\/blog\/#website\"},\"primaryImageOfPage\":{\"@id\":\"https:\/\/www.infolocale.fr\/blog\/securite-lors-de-vos-evenements-sur-la-voie-publique\/#primaryimage\"},\"image\":{\"@id\":\"https:\/\/www.infolocale.fr\/blog\/securite-lors-de-vos-evenements-sur-la-voie-publique\/#primaryimage\"},\"thumbnailUrl\":\"https:\/\/infolocale.20minutes.fr\/blog\/wp-content\/uploads\/2022\/04\/Securite-voie-publique-.png\",\"datePublished\":\"2022-04-26T07:54:04+00:00\",\"dateModified\":\"2024-03-01T08:38:08+00:00\",\"description\":\"S\u00e9curit\u00e9 lors de vos \u00e9v\u00e8nements sur le voie publique. D\u00e8s lors que vous organisez un \u00e9v\u00e8nement, que celui-ci soit un festival ou encore un vide-greniers la s\u00e9curit\u00e9 est une pr\u00e9occupation centrale.\",\"breadcrumb\":{\"@id\":\"https:\/\/www.infolocale.fr\/blog\/securite-lors-de-vos-evenements-sur-la-voie-publique\/#breadcrumb\"},\"inLanguage\":\"fr-FR\",\"potentialAction\":[{\"@type\":\"ReadAction\",\"target\":[\"https:\/\/www.infolocale.fr\/blog\/securite-lors-de-vos-evenements-sur-la-voie-publique\/\"]}]},{\"@type\":\"ImageObject\",\"inLanguage\":\"fr-FR\",\"@id\":\"https:\/\/www.infolocale.fr\/blog\/securite-lors-de-vos-evenements-sur-la-voie-publique\/#primaryimage\",\"url\":\"https:\/\/infolocale.20minutes.fr\/blog\/wp-content\/uploads\/2022\/04\/Securite-voie-publique-.png\",\"contentUrl\":\"https:\/\/infolocale.20minutes.fr\/blog\/wp-content\/uploads\/2022\/04\/Securite-voie-publique-.png\",\"width\":900,\"height\":630,\"caption\":\"S\u00e9curit\u00e9 lors de vos \u00e9v\u00e8nements sur la voie publique\"},{\"@type\":\"BreadcrumbList\",\"@id\":\"https:\/\/www.infolocale.fr\/blog\/securite-lors-de-vos-evenements-sur-la-voie-publique\/#breadcrumb\",\"itemListElement\":[{\"@type\":\"ListItem\",\"position\":1,\"name\":\"Blog\",\"item\":\"https:\/\/infolocale.ouest-france.fr\/blog\/\"},{\"@type\":\"ListItem\",\"position\":2,\"name\":\"Organiser un \u00e9v\u00e9nement\",\"item\":\"https:\/\/infolocale.actu.fr\/blog\/cat\/organiser-un-evenement\/\"},{\"@type\":\"ListItem\",\"position\":3,\"name\":\"Quelle s\u00e9curit\u00e9 pour vos \u00e9v\u00e8nements sur la voie publique ?\"}]},{\"@type\":\"WebSite\",\"@id\":\"https:\/\/www.infolocale.fr\/blog\/#website\",\"url\":\"https:\/\/www.infolocale.fr\/blog\/\",\"name\":\"\",\"description\":\"\",\"publisher\":{\"@id\":\"https:\/\/www.infolocale.fr\/blog\/#organization\"},\"potentialAction\":[{\"@type\":\"SearchAction\",\"target\":{\"@type\":\"EntryPoint\",\"urlTemplate\":\"https:\/\/www.infolocale.fr\/blog\/?s={search_term_string}\"},\"query-input\":\"required name=search_term_string\"}],\"inLanguage\":\"fr-FR\"},{\"@type\":\"Organization\",\"@id\":\"https:\/\/www.infolocale.fr\/blog\/#organization\",\"name\":\"Infolocale\",\"url\":\"https:\/\/www.infolocale.fr\/blog\/\",\"logo\":{\"@type\":\"ImageObject\",\"inLanguage\":\"fr-FR\",\"@id\":\"https:\/\/www.infolocale.fr\/blog\/#\/schema\/logo\/image\/\",\"url\":\"https:\/\/www.infolocale.fr\/blog\/wp-content\/uploads\/2020\/11\/logol.jpg\",\"contentUrl\":\"https:\/\/www.infolocale.fr\/blog\/wp-content\/uploads\/2020\/11\/logol.jpg\",\"width\":1031,\"height\":398,\"caption\":\"Infolocale\"},\"image\":{\"@id\":\"https:\/\/www.infolocale.fr\/blog\/#\/schema\/logo\/image\/\"},\"sameAs\":[\"https:\/\/www.facebook.com\/infolocaleFR\/\",\"https:\/\/x.com\/infolocale\",\"https:\/\/www.instagram.com\/infolocale\/\",\"https:\/\/fr.linkedin.com\/company\/infolocale\",\"https:\/\/www.youtube.com\/channel\/UCnv4FA8EYEuu_si3TGr7xeA\"]},{\"@type\":\"Person\",\"@id\":\"https:\/\/www.infolocale.fr\/blog\/#\/schema\/person\/ef7bae7d23a1485da4c2c6640f73e989\",\"name\":\"Margot\",\"image\":{\"@type\":\"ImageObject\",\"inLanguage\":\"fr-FR\",\"@id\":\"https:\/\/www.infolocale.fr\/blog\/#\/schema\/person\/image\/\",\"url\":\"https:\/\/secure.gravatar.com\/avatar\/fd7a814627870ba8c5cb11cb724ee955?s=96&d=mm&r=g\",\"contentUrl\":\"https:\/\/secure.gravatar.com\/avatar\/fd7a814627870ba8c5cb11cb724ee955?s=96&d=mm&r=g\",\"caption\":\"Margot\"},\"sameAs\":[\"https:\/\/www.infolocale.fr\/blog\/\"],\"url\":\"https:\/\/infolocale.20minutes.fr\/blog\/author\/margot-cueff\/\"}]}<\/script>\n<!-- \/ Yoast SEO plugin. -->","yoast_head_json":{"title":"Quelle s\u00e9curit\u00e9 pour vos \u00e9v\u00e8nements sur la voie publique ? |","description":"S\u00e9curit\u00e9 lors de vos \u00e9v\u00e8nements sur le voie publique. D\u00e8s lors que vous organisez un \u00e9v\u00e8nement, que celui-ci soit un festival ou encore un vide-greniers la s\u00e9curit\u00e9 est une pr\u00e9occupation centrale.","robots":{"index":"index","follow":"follow","max-snippet":"max-snippet:-1","max-image-preview":"max-image-preview:large","max-video-preview":"max-video-preview:-1"},"canonical":"https:\/\/www.infolocale.fr\/blog\/securite-lors-de-vos-evenements-sur-la-voie-publique\/","og_locale":"fr_FR","og_type":"article","og_title":"Quelle s\u00e9curit\u00e9 pour vos \u00e9v\u00e8nements sur la voie publique ? |","og_description":"S\u00e9curit\u00e9 lors de vos \u00e9v\u00e8nements sur le voie publique. D\u00e8s lors que vous organisez un \u00e9v\u00e8nement, que celui-ci soit un festival ou encore un vide-greniers la s\u00e9curit\u00e9 est une pr\u00e9occupation centrale.","og_url":"https:\/\/www.infolocale.fr\/blog\/securite-lors-de-vos-evenements-sur-la-voie-publique\/","article_publisher":"https:\/\/www.facebook.com\/infolocaleFR\/","article_published_time":"2022-04-26T07:54:04+00:00","article_modified_time":"2024-03-01T08:38:08+00:00","og_image":[{"width":900,"height":630,"url":"https:\/\/www.infolocale.fr\/blog\/wp-content\/uploads\/2022\/04\/Securite-voie-publique-.png","type":"image\/png"}],"author":"Margot","twitter_card":"summary_large_image","twitter_creator":"@infolocale","twitter_site":"@infolocale","twitter_misc":{"\u00c9crit par":"Margot","Dur\u00e9e de lecture estim\u00e9e":"5 minutes"},"schema":{"@context":"https:\/\/schema.org","@graph":[{"@type":"Article","@id":"https:\/\/www.infolocale.fr\/blog\/securite-lors-de-vos-evenements-sur-la-voie-publique\/#article","isPartOf":{"@id":"https:\/\/www.infolocale.fr\/blog\/securite-lors-de-vos-evenements-sur-la-voie-publique\/"},"author":{"name":"Margot","@id":"https:\/\/www.infolocale.fr\/blog\/#\/schema\/person\/ef7bae7d23a1485da4c2c6640f73e989"},"headline":"Quelle s\u00e9curit\u00e9 pour vos \u00e9v\u00e8nements sur la voie publique ?","datePublished":"2022-04-26T07:54:04+00:00","dateModified":"2024-03-01T08:38:08+00:00","mainEntityOfPage":{"@id":"https:\/\/www.infolocale.fr\/blog\/securite-lors-de-vos-evenements-sur-la-voie-publique\/"},"wordCount":1053,"commentCount":0,"publisher":{"@id":"https:\/\/www.infolocale.fr\/blog\/#organization"},"image":{"@id":"https:\/\/www.infolocale.fr\/blog\/securite-lors-de-vos-evenements-sur-la-voie-publique\/#primaryimage"},"thumbnailUrl":"https:\/\/infolocale.20minutes.fr\/blog\/wp-content\/uploads\/2022\/04\/Securite-voie-publique-.png","articleSection":["Organiser un \u00e9v\u00e9nement"],"inLanguage":"fr-FR","potentialAction":[{"@type":"CommentAction","name":"Comment","target":["https:\/\/www.infolocale.fr\/blog\/securite-lors-de-vos-evenements-sur-la-voie-publique\/#respond"]}]},{"@type":"WebPage","@id":"https:\/\/www.infolocale.fr\/blog\/securite-lors-de-vos-evenements-sur-la-voie-publique\/","url":"https:\/\/www.infolocale.fr\/blog\/securite-lors-de-vos-evenements-sur-la-voie-publique\/","name":"Quelle s\u00e9curit\u00e9 pour vos \u00e9v\u00e8nements sur la voie publique ? |","isPartOf":{"@id":"https:\/\/www.infolocale.fr\/blog\/#website"},"primaryImageOfPage":{"@id":"https:\/\/www.infolocale.fr\/blog\/securite-lors-de-vos-evenements-sur-la-voie-publique\/#primaryimage"},"image":{"@id":"https:\/\/www.infolocale.fr\/blog\/securite-lors-de-vos-evenements-sur-la-voie-publique\/#primaryimage"},"thumbnailUrl":"https:\/\/infolocale.20minutes.fr\/blog\/wp-content\/uploads\/2022\/04\/Securite-voie-publique-.png","datePublished":"2022-04-26T07:54:04+00:00","dateModified":"2024-03-01T08:38:08+00:00","description":"S\u00e9curit\u00e9 lors de vos \u00e9v\u00e8nements sur le voie publique. D\u00e8s lors que vous organisez un \u00e9v\u00e8nement, que celui-ci soit un festival ou encore un vide-greniers la s\u00e9curit\u00e9 est une pr\u00e9occupation centrale.","breadcrumb":{"@id":"https:\/\/www.infolocale.fr\/blog\/securite-lors-de-vos-evenements-sur-la-voie-publique\/#breadcrumb"},"inLanguage":"fr-FR","potentialAction":[{"@type":"ReadAction","target":["https:\/\/www.infolocale.fr\/blog\/securite-lors-de-vos-evenements-sur-la-voie-publique\/"]}]},{"@type":"ImageObject","inLanguage":"fr-FR","@id":"https:\/\/www.infolocale.fr\/blog\/securite-lors-de-vos-evenements-sur-la-voie-publique\/#primaryimage","url":"https:\/\/infolocale.20minutes.fr\/blog\/wp-content\/uploads\/2022\/04\/Securite-voie-publique-.png","contentUrl":"https:\/\/infolocale.20minutes.fr\/blog\/wp-content\/uploads\/2022\/04\/Securite-voie-publique-.png","width":900,"height":630,"caption":"S\u00e9curit\u00e9 lors de vos \u00e9v\u00e8nements sur la voie publique"},{"@type":"BreadcrumbList","@id":"https:\/\/www.infolocale.fr\/blog\/securite-lors-de-vos-evenements-sur-la-voie-publique\/#breadcrumb","itemListElement":[{"@type":"ListItem","position":1,"name":"Blog","item":"https:\/\/infolocale.ouest-france.fr\/blog\/"},{"@type":"ListItem","position":2,"name":"Organiser un \u00e9v\u00e9nement","item":"https:\/\/infolocale.actu.fr\/blog\/cat\/organiser-un-evenement\/"},{"@type":"ListItem","position":3,"name":"Quelle s\u00e9curit\u00e9 pour vos \u00e9v\u00e8nements sur la voie publique ?"}]},{"@type":"WebSite","@id":"https:\/\/www.infolocale.fr\/blog\/#website","url":"https:\/\/www.infolocale.fr\/blog\/","name":"","description":"","publisher":{"@id":"https:\/\/www.infolocale.fr\/blog\/#organization"},"potentialAction":[{"@type":"SearchAction","target":{"@type":"EntryPoint","urlTemplate":"https:\/\/www.infolocale.fr\/blog\/?s={search_term_string}"},"query-input":"required name=search_term_string"}],"inLanguage":"fr-FR"},{"@type":"Organization","@id":"https:\/\/www.infolocale.fr\/blog\/#organization","name":"Infolocale","url":"https:\/\/www.infolocale.fr\/blog\/","logo":{"@type":"ImageObject","inLanguage":"fr-FR","@id":"https:\/\/www.infolocale.fr\/blog\/#\/schema\/logo\/image\/","url":"https:\/\/www.infolocale.fr\/blog\/wp-content\/uploads\/2020\/11\/logol.jpg","contentUrl":"https:\/\/www.infolocale.fr\/blog\/wp-content\/uploads\/2020\/11\/logol.jpg","width":1031,"height":398,"caption":"Infolocale"},"image":{"@id":"https:\/\/www.infolocale.fr\/blog\/#\/schema\/logo\/image\/"},"sameAs":["https:\/\/www.facebook.com\/infolocaleFR\/","https:\/\/x.com\/infolocale","https:\/\/www.instagram.com\/infolocale\/","https:\/\/fr.linkedin.com\/company\/infolocale","https:\/\/www.youtube.com\/channel\/UCnv4FA8EYEuu_si3TGr7xeA"]},{"@type":"Person","@id":"https:\/\/www.infolocale.fr\/blog\/#\/schema\/person\/ef7bae7d23a1485da4c2c6640f73e989","name":"Margot","image":{"@type":"ImageObject","inLanguage":"fr-FR","@id":"https:\/\/www.infolocale.fr\/blog\/#\/schema\/person\/image\/","url":"https:\/\/secure.gravatar.com\/avatar\/fd7a814627870ba8c5cb11cb724ee955?s=96&d=mm&r=g","contentUrl":"https:\/\/secure.gravatar.com\/avatar\/fd7a814627870ba8c5cb11cb724ee955?s=96&d=mm&r=g","caption":"Margot"},"sameAs":["https:\/\/www.infolocale.fr\/blog\/"],"url":"https:\/\/infolocale.20minutes.fr\/blog\/author\/margot-cueff\/"}]}},"_links":{"self":[{"href":"https:\/\/infolocale.20minutes.fr\/blog\/wp-json\/wp\/v2\/posts\/18839"}],"collection":[{"href":"https:\/\/infolocale.20minutes.fr\/blog\/wp-json\/wp\/v2\/posts"}],"about":[{"href":"https:\/\/infolocale.20minutes.fr\/blog\/wp-json\/wp\/v2\/types\/post"}],"author":[{"embeddable":true,"href":"https:\/\/infolocale.20minutes.fr\/blog\/wp-json\/wp\/v2\/users\/14"}],"replies":[{"embeddable":true,"href":"https:\/\/infolocale.20minutes.fr\/blog\/wp-json\/wp\/v2\/comments?post=18839"}],"version-history":[{"count":0,"href":"https:\/\/infolocale.20minutes.fr\/blog\/wp-json\/wp\/v2\/posts\/18839\/revisions"}],"wp:featuredmedia":[{"embeddable":true,"href":"https:\/\/infolocale.20minutes.fr\/blog\/wp-json\/wp\/v2\/media\/18840"}],"wp:attachment":[{"href":"https:\/\/infolocale.20minutes.fr\/blog\/wp-json\/wp\/v2\/media?parent=18839"}],"wp:term":[{"taxonomy":"category","embeddable":true,"href":"https:\/\/infolocale.20minutes.fr\/blog\/wp-json\/wp\/v2\/categories?post=18839"},{"taxonomy":"post_tag","embeddable":true,"href":"https:\/\/infolocale.20minutes.fr\/blog\/wp-json\/wp\/v2\/tags?post=18839"}],"curies":[{"name":"wp","href":"https:\/\/api.w.org\/{rel}","templated":true}]}}