{"id":18691,"date":"2022-04-12T14:18:07","date_gmt":"2022-04-12T12:18:07","guid":{"rendered":"https:\/\/www.infolocale.fr\/blog\/?p=18691"},"modified":"2022-05-03T18:09:04","modified_gmt":"2022-05-03T16:09:04","slug":"fete-de-la-bretagne-annoncez-vos-evenements","status":"publish","type":"post","link":"https:\/\/infolocale.20minutes.fr\/blog\/fete-de-la-bretagne-annoncez-vos-evenements\/","title":{"rendered":"F\u00eate de la Bretagne : Annoncez vos \u00e9v\u00e8nements"},"content":{"rendered":"\n<p class=\"has-black-color has-text-color has-background\" style=\"background-color:#a1d5f5\">Annoncez vos \u00e9v\u00e8nements \u00e0 l\u2019occasion de la f\u00eate de la Bretagne, qui se tiendra du 13 au 22 mai 2022. \u00a0Vous organisez un \u00e9v\u00e8nement autour de la f\u00eate de la Bretagne ? Pensez d\u2019ores et d\u00e9j\u00e0 \u00e0 communiquer sur le site Infolocale afin de leur donner un fort pouvoir de r\u00e9sonnance ! \u00a0<\/p>\n\n\n\n<div class=\"wp-block-buttons is-horizontal is-content-justification-center is-layout-flex wp-container-core-buttons-is-layout-1 wp-block-buttons-is-layout-flex\">\n<div class=\"wp-block-button\"><a class=\"wp-block-button__link has-white-color has-luminous-vivid-amber-background-color has-text-color has-background wp-element-button\"><strong>&gt;&gt;Inscrire mon asso \u00e0 Infolocale <\/strong><\/a><\/div>\n<\/div>\n\n\n\n<h2 class=\"wp-block-heading\">Qu&rsquo;est ce que le f\u00eate de la Bretagne ? <\/h2>\n\n\n\n<p>Chaque ann\u00e9e depuis 2009 la R\u00e9gion Bretagne organise 10 jours enti\u00e8rement d\u00e9di\u00e9s \u00e0 l\u2019art de vivre breton : La f\u00eate de la Bretagne.&nbsp;Et cette ann\u00e9e la f\u00eate de la Bretagne ou encore \u201cGouel Breizh\u201d&nbsp;se d\u00e9roulera du 13 au 22 mai prochain. &nbsp;<\/p>\n\n\n\n<p>La F\u00eate de la Bretagne a pour vocation de :&nbsp;<\/p>\n\n\n\n<ul class=\"wp-block-list\"><li>Promouvoir un panel d\u2019artistes locaux afin de mieux les mettre en lumi\u00e8re, qu\u2019ils soient amateurs ou bien professionnels. &nbsp;<\/li><li>Cr\u00e9er un concentr\u00e9 d\u2019\u00e9v\u00e8nements culturels urbains mais \u00e9galement citadins sur une p\u00e9riode de 10 jours. &nbsp;<\/li><li>F\u00e9d\u00e9rer l\u2019ensemble des artistes d\u2019un m\u00eame territoire autour d\u2019un projet commun : la culture. &nbsp;<\/li><li>Pr\u00f4ner le vivre ensemble, l\u2019accueil et l\u2019ouverture&nbsp;aux autres des bretons. &nbsp;<\/li><\/ul>\n\n\n\n<h2 class=\"wp-block-heading\">Profitez de la semaine de la Bretagne pour promouvoir votre association : <\/h2>\n\n\n\n<p>Il s\u2019agit d\u2019un \u00e9v\u00e8nement national qui a pour objectif de mettre la&nbsp;culture bretonne&nbsp;\u00e0 l\u2019honneur. De plus ce sera le moment id\u00e9al de faire&nbsp;profiter votre asso d\u2019une meilleure couverture m\u00e9diatique. &nbsp;<\/p>\n\n\n\n<p>Vous pourrez tout \u00e0 fait, cr\u00e9er une campagne de communication sur vos propres <a href=\"https:\/\/www.infolocale.fr\/blog\/communiquer-reseaux-sociaux\/\" target=\"_blank\" rel=\"noreferrer noopener\">r\u00e9seaux sociaux<\/a> \u00e0 l\u2019occasion de vos \u00e9v\u00e8nements pour la f\u00eate de la Bretagne. &nbsp;Mais aussi, annoncer vos \u00e9v\u00e8nements sur le site Infolocale pour accro\u00eetre votre visibilit\u00e9. Ou encore, faire appel \u00e0 la presse. Puisqu&rsquo;en effet, celle-ci pourra vous aider \u00e0 mettre en avant vos \u00e9v\u00e8nements locaux dans&nbsp;ses pages r\u00e9gionales pour c\u00e9l\u00e9brer le Bretagne. &nbsp;<\/p>\n\n\n<div class=\"wp-block-image is-resized\">\n<figure class=\"aligncenter size-large has-lightbox\"><a href=\"https:\/\/www.infolocale.fr\/decouvrir\/deposant\/?utm_source=blog&amp;utm_medium=banner&amp;utm_campaign=blog-content\"><img fetchpriority=\"high\" decoding=\"async\" width=\"1024\" height=\"1024\" src=\"https:\/\/www.infolocale.fr\/blog\/wp-content\/uploads\/2021\/11\/banniere-NLDASSO-carree1500x1500-1024x1024.jpg\" alt=\"\" class=\"wp-image-23946\" srcset=\"https:\/\/infolocale.20minutes.fr\/blog\/wp-content\/uploads\/2021\/11\/banniere-NLDASSO-carree1500x1500-1024x1024.jpg 1024w, https:\/\/infolocale.20minutes.fr\/blog\/wp-content\/uploads\/2021\/11\/banniere-NLDASSO-carree1500x1500-300x300.jpg 300w, https:\/\/infolocale.20minutes.fr\/blog\/wp-content\/uploads\/2021\/11\/banniere-NLDASSO-carree1500x1500-150x150.jpg 150w, https:\/\/infolocale.20minutes.fr\/blog\/wp-content\/uploads\/2021\/11\/banniere-NLDASSO-carree1500x1500-768x768.jpg 768w, https:\/\/infolocale.20minutes.fr\/blog\/wp-content\/uploads\/2021\/11\/banniere-NLDASSO-carree1500x1500.jpg 1500w\" sizes=\"(max-width: 1024px) 100vw, 1024px\" \/><\/a><\/figure><\/div>\n\n\n<h2 class=\"wp-block-heading\">Quels \u00e9v\u00e8nements organiser \u00e0 l\u2019occasion de la f\u00eate de la Bretagne dans mon asso bretonne ?<\/h2>\n\n\n\n<p>Une semaine qui s\u2019annonce riche en festivit\u00e9s et qui a pour but de faire rayonner toute la culture et l\u2019esprit de la Bretagne. &nbsp;<\/p>\n\n\n\n<p>Si vous faites partie d\u2019une association autour de la culture celtique en bretagne ou dans une autre r\u00e9gion, alors voici quelques id\u00e9es de manifestations : &nbsp;<\/p>\n\n\n\n<h3 class=\"wp-block-heading\">Ev\u00e8nements musicaux :<\/h3>\n\n\n\n<p>Une manifestation musicale peut se faire sous diff\u00e9rents formats. Vous pourrez opter pour un concert de <a href=\"https:\/\/www.infolocale.fr\/collectivites-institutions\/ville-de-clohars-carnoet-communication-269671\/evenement-clohars-carnoet-concert-spectacle-musical-concert-fete-de-la-bretagne-ndiaz-7420714\" target=\"_blank\" rel=\"noreferrer noopener\">musique traditionnelle<\/a> ou des&nbsp;<a href=\"https:\/\/www.infolocale.fr\/equipements-publics\/le-grand-logis-131948\/evenement-bruz-concert-spectacle-musical-denez-prigent-7485624\" target=\"_blank\" rel=\"noreferrer noopener\">chants bretons.<\/a> Mais \u00e9galement pour un festival de musique celtique. Ou encore pour un <a href=\"https:\/\/www.infolocale.fr\/evenements\/evenement-pledeliac-festival-fete-de-la-bretagne-une-vepree-festive-a-la-ferme-d-ertour-2005890597\" target=\"_blank\" rel=\"noreferrer noopener\">spectacle musical  \u00ab\u00a0Te raconter la mer\u00a0\u00bb<\/a>&nbsp;<\/p>\n\n\n\n<h3 class=\"wp-block-heading\">Fest-Noz :<\/h3>\n\n\n\n<p>Vous pourrez aussi organiser un \u00e9v\u00e8nement festif \u00e0 l\u2019image de la culture bretonne tel que le traditionnel <a href=\"https:\/\/www.infolocale.fr\/evenements\/evenement-betheny-festival-groupe-sans-gain-706316687\" target=\"_blank\" rel=\"noreferrer noopener\">Fest-noz<\/a> ou encore un <a href=\"https:\/\/www.infolocale.fr\/associations\/fest-yves-197413\/evenement-sens-de-bretagne-danser-didier-gilbert-7508315\" target=\"_blank\" rel=\"noreferrer noopener\">th\u00e9 dansant<\/a>&nbsp;.<\/p>\n\n\n\n<h3 class=\"wp-block-heading\">Ev\u00e8nements artistiques :<\/h3>\n\n\n\n<p>Vous aurez \u00e9galement la possibilit\u00e9 d\u2019organiser un \u00e9v\u00e8nement artistique. Cela peut \u00eatre autour des arts visuels (peinture, dessin, photographie). Mais aussi avec des diffusions de documentaires, de lectures litt\u00e9raires ou bien autour d\u2019une <a href=\"https:\/\/www.infolocale.fr\/equipements-publics\/musee-du-loup-338349\/evenement-le-cloitre-saint-thegonnec-fete-fete-de-la-bretagne-au-musee-du-loup-7500851\" target=\"_blank\" rel=\"noreferrer noopener\">exposition de sculptures et d&rsquo;illustrations<\/a>&nbsp;<\/p>\n\n\n\n<p>Alors si vous aussi vous organisez&nbsp;:&nbsp;&nbsp;<\/p>\n\n\n\n<ul class=\"wp-block-list\"><li>Un concert, un spectacle musical ou encore un festival <\/li><li>Une exposition ou un atelier artistique <\/li><li>Un th\u00e9 dansant ou bien un fest-noz <\/li><li>Ou d&rsquo;autres \u00e9v\u00e8nements en lien avec votre amour pour la culture bretonne &nbsp;<\/li><\/ul>\n\n\n\n<p>N\u2019h\u00e9sitez pas \u00e0 venir <a href=\"https:\/\/www.infolocale.fr\/decouvrir\/fete-de-la-bretagne\/\" target=\"_blank\" rel=\"noreferrer noopener\">annoncer vos \u00e9v\u00e8nements<\/a> sur Infolocale pour profiter d&rsquo;une meilleure visibilit\u00e9 !&nbsp;<\/p>\n\n\n\n<h2 class=\"wp-block-heading\">Annoncez vos \u00e9v\u00e8nements pour la f\u00eate de la Bretagne sur Infolocale : <\/h2>\n\n\n\n<p>Profitez de votre annonce gratuite dans l\u2019un des journaux du groupe Ouest-France et d\u2019une pr\u00e9sence sur internet jusqu\u2019au jour de votre \u00e9v\u00e8nement. Un excellent moyen de gagner en visibilit\u00e9 !&nbsp;&nbsp;<\/p>\n\n\n\n<p><a href=\"https:\/\/www.infolocale.fr\/decouvrir\/fete-de-la-bretagne\/\" target=\"_blank\" rel=\"noreferrer noopener\">Pour annoncer votre \u00e9v\u00e8nement<\/a> :&nbsp;&nbsp;&nbsp;<\/p>\n\n\n\n<p>1\u00b0 Connectez-vous \u00e0 votre espace Infolocale. &nbsp;<br>2\u00b0 Cliquez sur \u00ab J\u2019annonce \u00bb pour cr\u00e9er votre nouvel \u00e9v\u00e8nement. &nbsp;<br>3\u00b0 S\u00e9lectionnez le th\u00e8me de l\u2019\u00e9v\u00e8nement que vous souhaitez annoncer.&nbsp; &nbsp;<br>4\u00b0 Enfin ajoutez la date, le lieu, le tarif, la description, le type de r\u00e9servation ainsi qu\u2019un compl\u00e9ment d\u2019information ou encore quelques photos pour votre \u00e9v\u00e8nement.&nbsp;<\/p>\n","protected":false},"excerpt":{"rendered":"<p>F\u00eate de la Bretagne : organiser et annoncer un \u00e9v\u00e8nement<\/p>\n","protected":false},"author":14,"featured_media":18692,"comment_status":"open","ping_status":"open","sticky":false,"template":"","format":"standard","meta":{"_coblocks_attr":"","_coblocks_dimensions":"","_coblocks_responsive_height":"","_coblocks_accordion_ie_support":"","_mo_disable_npp":"","footnotes":""},"categories":[6],"tags":[],"class_list":["post-18691","post","type-post","status-publish","format-standard","has-post-thumbnail","hentry","category-actu-acteurs-locaux"],"yoast_head":"<!-- This site is optimized with the Yoast SEO plugin v23.2 - https:\/\/yoast.com\/wordpress\/plugins\/seo\/ -->\n<title>F\u00eate de la Bretagne : Annoncez vos \u00e9v\u00e8nements |<\/title>\n<meta name=\"description\" content=\"F\u00eate de la Bretagne : Annoncez vos \u00e9v\u00e8nements. A l\u2019occasion de la f\u00eate de la Bretagne, qui se tiendra du 13 au 22 mai 2022. \u00a0\" \/>\n<meta name=\"robots\" content=\"index, follow, max-snippet:-1, max-image-preview:large, max-video-preview:-1\" \/>\n<link rel=\"canonical\" href=\"https:\/\/infolocale.20minutes.fr\/blog\/fete-de-la-bretagne-annoncez-vos-evenements\/\" \/>\n<meta property=\"og:locale\" content=\"fr_FR\" \/>\n<meta property=\"og:type\" content=\"article\" \/>\n<meta property=\"og:title\" content=\"F\u00eate de la Bretagne : Annoncez vos \u00e9v\u00e8nements |\" \/>\n<meta property=\"og:description\" content=\"F\u00eate de la Bretagne : Annoncez vos \u00e9v\u00e8nements. A l\u2019occasion de la f\u00eate de la Bretagne, qui se tiendra du 13 au 22 mai 2022. \u00a0\" \/>\n<meta property=\"og:url\" content=\"https:\/\/infolocale.20minutes.fr\/blog\/fete-de-la-bretagne-annoncez-vos-evenements\/\" \/>\n<meta property=\"article:publisher\" content=\"https:\/\/www.facebook.com\/infolocaleFR\/\" \/>\n<meta property=\"article:published_time\" content=\"2022-04-12T12:18:07+00:00\" \/>\n<meta property=\"article:modified_time\" content=\"2022-05-03T16:09:04+00:00\" \/>\n<meta property=\"og:image\" content=\"https:\/\/infolocale.20minutes.fr\/blog\/wp-content\/uploads\/2022\/04\/Fete-bretagne.png\" \/>\n\t<meta property=\"og:image:width\" content=\"900\" \/>\n\t<meta property=\"og:image:height\" content=\"630\" \/>\n\t<meta property=\"og:image:type\" content=\"image\/png\" \/>\n<meta name=\"author\" content=\"Margot\" \/>\n<meta name=\"twitter:card\" content=\"summary_large_image\" \/>\n<meta name=\"twitter:creator\" content=\"@infolocale\" \/>\n<meta name=\"twitter:site\" content=\"@infolocale\" \/>\n<meta name=\"twitter:label1\" content=\"\u00c9crit par\" \/>\n\t<meta name=\"twitter:data1\" content=\"Margot\" \/>\n\t<meta name=\"twitter:label2\" content=\"Dur\u00e9e de lecture estim\u00e9e\" \/>\n\t<meta name=\"twitter:data2\" content=\"4 minutes\" \/>\n<script type=\"application\/ld+json\" class=\"yoast-schema-graph\">{\"@context\":\"https:\/\/schema.org\",\"@graph\":[{\"@type\":\"Article\",\"@id\":\"https:\/\/infolocale.20minutes.fr\/blog\/fete-de-la-bretagne-annoncez-vos-evenements\/#article\",\"isPartOf\":{\"@id\":\"https:\/\/infolocale.20minutes.fr\/blog\/fete-de-la-bretagne-annoncez-vos-evenements\/\"},\"author\":{\"name\":\"Margot\",\"@id\":\"https:\/\/www.infolocale.fr\/blog\/#\/schema\/person\/ef7bae7d23a1485da4c2c6640f73e989\"},\"headline\":\"F\u00eate de la Bretagne : Annoncez vos \u00e9v\u00e8nements\",\"datePublished\":\"2022-04-12T12:18:07+00:00\",\"dateModified\":\"2022-05-03T16:09:04+00:00\",\"mainEntityOfPage\":{\"@id\":\"https:\/\/infolocale.20minutes.fr\/blog\/fete-de-la-bretagne-annoncez-vos-evenements\/\"},\"wordCount\":711,\"commentCount\":0,\"publisher\":{\"@id\":\"https:\/\/www.infolocale.fr\/blog\/#organization\"},\"image\":{\"@id\":\"https:\/\/infolocale.20minutes.fr\/blog\/fete-de-la-bretagne-annoncez-vos-evenements\/#primaryimage\"},\"thumbnailUrl\":\"https:\/\/infolocale.20minutes.fr\/blog\/wp-content\/uploads\/2022\/04\/Fete-bretagne.png\",\"articleSection\":[\"En ce moment\"],\"inLanguage\":\"fr-FR\",\"potentialAction\":[{\"@type\":\"CommentAction\",\"name\":\"Comment\",\"target\":[\"https:\/\/infolocale.20minutes.fr\/blog\/fete-de-la-bretagne-annoncez-vos-evenements\/#respond\"]}]},{\"@type\":\"WebPage\",\"@id\":\"https:\/\/infolocale.20minutes.fr\/blog\/fete-de-la-bretagne-annoncez-vos-evenements\/\",\"url\":\"https:\/\/infolocale.20minutes.fr\/blog\/fete-de-la-bretagne-annoncez-vos-evenements\/\",\"name\":\"F\u00eate de la Bretagne : Annoncez vos \u00e9v\u00e8nements |\",\"isPartOf\":{\"@id\":\"https:\/\/www.infolocale.fr\/blog\/#website\"},\"primaryImageOfPage\":{\"@id\":\"https:\/\/infolocale.20minutes.fr\/blog\/fete-de-la-bretagne-annoncez-vos-evenements\/#primaryimage\"},\"image\":{\"@id\":\"https:\/\/infolocale.20minutes.fr\/blog\/fete-de-la-bretagne-annoncez-vos-evenements\/#primaryimage\"},\"thumbnailUrl\":\"https:\/\/infolocale.20minutes.fr\/blog\/wp-content\/uploads\/2022\/04\/Fete-bretagne.png\",\"datePublished\":\"2022-04-12T12:18:07+00:00\",\"dateModified\":\"2022-05-03T16:09:04+00:00\",\"description\":\"F\u00eate de la Bretagne : Annoncez vos \u00e9v\u00e8nements. A l\u2019occasion de la f\u00eate de la Bretagne, qui se tiendra du 13 au 22 mai 2022. \u00a0\",\"breadcrumb\":{\"@id\":\"https:\/\/infolocale.20minutes.fr\/blog\/fete-de-la-bretagne-annoncez-vos-evenements\/#breadcrumb\"},\"inLanguage\":\"fr-FR\",\"potentialAction\":[{\"@type\":\"ReadAction\",\"target\":[\"https:\/\/infolocale.20minutes.fr\/blog\/fete-de-la-bretagne-annoncez-vos-evenements\/\"]}]},{\"@type\":\"ImageObject\",\"inLanguage\":\"fr-FR\",\"@id\":\"https:\/\/infolocale.20minutes.fr\/blog\/fete-de-la-bretagne-annoncez-vos-evenements\/#primaryimage\",\"url\":\"https:\/\/infolocale.20minutes.fr\/blog\/wp-content\/uploads\/2022\/04\/Fete-bretagne.png\",\"contentUrl\":\"https:\/\/infolocale.20minutes.fr\/blog\/wp-content\/uploads\/2022\/04\/Fete-bretagne.png\",\"width\":900,\"height\":630,\"caption\":\"F\u00eate de la Bretagne : organiser et annoncer un \u00e9v\u00e8nement sur Infolocale\"},{\"@type\":\"BreadcrumbList\",\"@id\":\"https:\/\/infolocale.20minutes.fr\/blog\/fete-de-la-bretagne-annoncez-vos-evenements\/#breadcrumb\",\"itemListElement\":[{\"@type\":\"ListItem\",\"position\":1,\"name\":\"Blog\",\"item\":\"https:\/\/infolocale.ouest-france.fr\/blog\/\"},{\"@type\":\"ListItem\",\"position\":2,\"name\":\"En ce moment\",\"item\":\"https:\/\/infolocale.20minutes.fr\/blog\/cat\/actu-acteurs-locaux\/\"},{\"@type\":\"ListItem\",\"position\":3,\"name\":\"F\u00eate de la Bretagne : Annoncez vos \u00e9v\u00e8nements\"}]},{\"@type\":\"WebSite\",\"@id\":\"https:\/\/www.infolocale.fr\/blog\/#website\",\"url\":\"https:\/\/www.infolocale.fr\/blog\/\",\"name\":\"\",\"description\":\"\",\"publisher\":{\"@id\":\"https:\/\/www.infolocale.fr\/blog\/#organization\"},\"potentialAction\":[{\"@type\":\"SearchAction\",\"target\":{\"@type\":\"EntryPoint\",\"urlTemplate\":\"https:\/\/www.infolocale.fr\/blog\/?s={search_term_string}\"},\"query-input\":\"required name=search_term_string\"}],\"inLanguage\":\"fr-FR\"},{\"@type\":\"Organization\",\"@id\":\"https:\/\/www.infolocale.fr\/blog\/#organization\",\"name\":\"Infolocale\",\"url\":\"https:\/\/www.infolocale.fr\/blog\/\",\"logo\":{\"@type\":\"ImageObject\",\"inLanguage\":\"fr-FR\",\"@id\":\"https:\/\/www.infolocale.fr\/blog\/#\/schema\/logo\/image\/\",\"url\":\"https:\/\/www.infolocale.fr\/blog\/wp-content\/uploads\/2020\/11\/logol.jpg\",\"contentUrl\":\"https:\/\/www.infolocale.fr\/blog\/wp-content\/uploads\/2020\/11\/logol.jpg\",\"width\":1031,\"height\":398,\"caption\":\"Infolocale\"},\"image\":{\"@id\":\"https:\/\/www.infolocale.fr\/blog\/#\/schema\/logo\/image\/\"},\"sameAs\":[\"https:\/\/www.facebook.com\/infolocaleFR\/\",\"https:\/\/x.com\/infolocale\",\"https:\/\/www.instagram.com\/infolocale\/\",\"https:\/\/fr.linkedin.com\/company\/infolocale\",\"https:\/\/www.youtube.com\/channel\/UCnv4FA8EYEuu_si3TGr7xeA\"]},{\"@type\":\"Person\",\"@id\":\"https:\/\/www.infolocale.fr\/blog\/#\/schema\/person\/ef7bae7d23a1485da4c2c6640f73e989\",\"name\":\"Margot\",\"image\":{\"@type\":\"ImageObject\",\"inLanguage\":\"fr-FR\",\"@id\":\"https:\/\/www.infolocale.fr\/blog\/#\/schema\/person\/image\/\",\"url\":\"https:\/\/secure.gravatar.com\/avatar\/fd7a814627870ba8c5cb11cb724ee955?s=96&d=mm&r=g\",\"contentUrl\":\"https:\/\/secure.gravatar.com\/avatar\/fd7a814627870ba8c5cb11cb724ee955?s=96&d=mm&r=g\",\"caption\":\"Margot\"},\"sameAs\":[\"https:\/\/www.infolocale.fr\/blog\/\"],\"url\":\"https:\/\/infolocale.20minutes.fr\/blog\/author\/margot-cueff\/\"}]}<\/script>\n<!-- \/ Yoast SEO plugin. -->","yoast_head_json":{"title":"F\u00eate de la Bretagne : Annoncez vos \u00e9v\u00e8nements |","description":"F\u00eate de la Bretagne : Annoncez vos \u00e9v\u00e8nements. A l\u2019occasion de la f\u00eate de la Bretagne, qui se tiendra du 13 au 22 mai 2022. \u00a0","robots":{"index":"index","follow":"follow","max-snippet":"max-snippet:-1","max-image-preview":"max-image-preview:large","max-video-preview":"max-video-preview:-1"},"canonical":"https:\/\/infolocale.20minutes.fr\/blog\/fete-de-la-bretagne-annoncez-vos-evenements\/","og_locale":"fr_FR","og_type":"article","og_title":"F\u00eate de la Bretagne : Annoncez vos \u00e9v\u00e8nements |","og_description":"F\u00eate de la Bretagne : Annoncez vos \u00e9v\u00e8nements. A l\u2019occasion de la f\u00eate de la Bretagne, qui se tiendra du 13 au 22 mai 2022. \u00a0","og_url":"https:\/\/infolocale.20minutes.fr\/blog\/fete-de-la-bretagne-annoncez-vos-evenements\/","article_publisher":"https:\/\/www.facebook.com\/infolocaleFR\/","article_published_time":"2022-04-12T12:18:07+00:00","article_modified_time":"2022-05-03T16:09:04+00:00","og_image":[{"width":900,"height":630,"url":"https:\/\/infolocale.20minutes.fr\/blog\/wp-content\/uploads\/2022\/04\/Fete-bretagne.png","type":"image\/png"}],"author":"Margot","twitter_card":"summary_large_image","twitter_creator":"@infolocale","twitter_site":"@infolocale","twitter_misc":{"\u00c9crit par":"Margot","Dur\u00e9e de lecture estim\u00e9e":"4 minutes"},"schema":{"@context":"https:\/\/schema.org","@graph":[{"@type":"Article","@id":"https:\/\/infolocale.20minutes.fr\/blog\/fete-de-la-bretagne-annoncez-vos-evenements\/#article","isPartOf":{"@id":"https:\/\/infolocale.20minutes.fr\/blog\/fete-de-la-bretagne-annoncez-vos-evenements\/"},"author":{"name":"Margot","@id":"https:\/\/www.infolocale.fr\/blog\/#\/schema\/person\/ef7bae7d23a1485da4c2c6640f73e989"},"headline":"F\u00eate de la Bretagne : Annoncez vos \u00e9v\u00e8nements","datePublished":"2022-04-12T12:18:07+00:00","dateModified":"2022-05-03T16:09:04+00:00","mainEntityOfPage":{"@id":"https:\/\/infolocale.20minutes.fr\/blog\/fete-de-la-bretagne-annoncez-vos-evenements\/"},"wordCount":711,"commentCount":0,"publisher":{"@id":"https:\/\/www.infolocale.fr\/blog\/#organization"},"image":{"@id":"https:\/\/infolocale.20minutes.fr\/blog\/fete-de-la-bretagne-annoncez-vos-evenements\/#primaryimage"},"thumbnailUrl":"https:\/\/infolocale.20minutes.fr\/blog\/wp-content\/uploads\/2022\/04\/Fete-bretagne.png","articleSection":["En ce moment"],"inLanguage":"fr-FR","potentialAction":[{"@type":"CommentAction","name":"Comment","target":["https:\/\/infolocale.20minutes.fr\/blog\/fete-de-la-bretagne-annoncez-vos-evenements\/#respond"]}]},{"@type":"WebPage","@id":"https:\/\/infolocale.20minutes.fr\/blog\/fete-de-la-bretagne-annoncez-vos-evenements\/","url":"https:\/\/infolocale.20minutes.fr\/blog\/fete-de-la-bretagne-annoncez-vos-evenements\/","name":"F\u00eate de la Bretagne : Annoncez vos \u00e9v\u00e8nements |","isPartOf":{"@id":"https:\/\/www.infolocale.fr\/blog\/#website"},"primaryImageOfPage":{"@id":"https:\/\/infolocale.20minutes.fr\/blog\/fete-de-la-bretagne-annoncez-vos-evenements\/#primaryimage"},"image":{"@id":"https:\/\/infolocale.20minutes.fr\/blog\/fete-de-la-bretagne-annoncez-vos-evenements\/#primaryimage"},"thumbnailUrl":"https:\/\/infolocale.20minutes.fr\/blog\/wp-content\/uploads\/2022\/04\/Fete-bretagne.png","datePublished":"2022-04-12T12:18:07+00:00","dateModified":"2022-05-03T16:09:04+00:00","description":"F\u00eate de la Bretagne : Annoncez vos \u00e9v\u00e8nements. A l\u2019occasion de la f\u00eate de la Bretagne, qui se tiendra du 13 au 22 mai 2022. \u00a0","breadcrumb":{"@id":"https:\/\/infolocale.20minutes.fr\/blog\/fete-de-la-bretagne-annoncez-vos-evenements\/#breadcrumb"},"inLanguage":"fr-FR","potentialAction":[{"@type":"ReadAction","target":["https:\/\/infolocale.20minutes.fr\/blog\/fete-de-la-bretagne-annoncez-vos-evenements\/"]}]},{"@type":"ImageObject","inLanguage":"fr-FR","@id":"https:\/\/infolocale.20minutes.fr\/blog\/fete-de-la-bretagne-annoncez-vos-evenements\/#primaryimage","url":"https:\/\/infolocale.20minutes.fr\/blog\/wp-content\/uploads\/2022\/04\/Fete-bretagne.png","contentUrl":"https:\/\/infolocale.20minutes.fr\/blog\/wp-content\/uploads\/2022\/04\/Fete-bretagne.png","width":900,"height":630,"caption":"F\u00eate de la Bretagne : organiser et annoncer un \u00e9v\u00e8nement sur Infolocale"},{"@type":"BreadcrumbList","@id":"https:\/\/infolocale.20minutes.fr\/blog\/fete-de-la-bretagne-annoncez-vos-evenements\/#breadcrumb","itemListElement":[{"@type":"ListItem","position":1,"name":"Blog","item":"https:\/\/infolocale.ouest-france.fr\/blog\/"},{"@type":"ListItem","position":2,"name":"En ce moment","item":"https:\/\/infolocale.20minutes.fr\/blog\/cat\/actu-acteurs-locaux\/"},{"@type":"ListItem","position":3,"name":"F\u00eate de la Bretagne : Annoncez vos \u00e9v\u00e8nements"}]},{"@type":"WebSite","@id":"https:\/\/www.infolocale.fr\/blog\/#website","url":"https:\/\/www.infolocale.fr\/blog\/","name":"","description":"","publisher":{"@id":"https:\/\/www.infolocale.fr\/blog\/#organization"},"potentialAction":[{"@type":"SearchAction","target":{"@type":"EntryPoint","urlTemplate":"https:\/\/www.infolocale.fr\/blog\/?s={search_term_string}"},"query-input":"required name=search_term_string"}],"inLanguage":"fr-FR"},{"@type":"Organization","@id":"https:\/\/www.infolocale.fr\/blog\/#organization","name":"Infolocale","url":"https:\/\/www.infolocale.fr\/blog\/","logo":{"@type":"ImageObject","inLanguage":"fr-FR","@id":"https:\/\/www.infolocale.fr\/blog\/#\/schema\/logo\/image\/","url":"https:\/\/www.infolocale.fr\/blog\/wp-content\/uploads\/2020\/11\/logol.jpg","contentUrl":"https:\/\/www.infolocale.fr\/blog\/wp-content\/uploads\/2020\/11\/logol.jpg","width":1031,"height":398,"caption":"Infolocale"},"image":{"@id":"https:\/\/www.infolocale.fr\/blog\/#\/schema\/logo\/image\/"},"sameAs":["https:\/\/www.facebook.com\/infolocaleFR\/","https:\/\/x.com\/infolocale","https:\/\/www.instagram.com\/infolocale\/","https:\/\/fr.linkedin.com\/company\/infolocale","https:\/\/www.youtube.com\/channel\/UCnv4FA8EYEuu_si3TGr7xeA"]},{"@type":"Person","@id":"https:\/\/www.infolocale.fr\/blog\/#\/schema\/person\/ef7bae7d23a1485da4c2c6640f73e989","name":"Margot","image":{"@type":"ImageObject","inLanguage":"fr-FR","@id":"https:\/\/www.infolocale.fr\/blog\/#\/schema\/person\/image\/","url":"https:\/\/secure.gravatar.com\/avatar\/fd7a814627870ba8c5cb11cb724ee955?s=96&d=mm&r=g","contentUrl":"https:\/\/secure.gravatar.com\/avatar\/fd7a814627870ba8c5cb11cb724ee955?s=96&d=mm&r=g","caption":"Margot"},"sameAs":["https:\/\/www.infolocale.fr\/blog\/"],"url":"https:\/\/infolocale.20minutes.fr\/blog\/author\/margot-cueff\/"}]}},"_links":{"self":[{"href":"https:\/\/infolocale.20minutes.fr\/blog\/wp-json\/wp\/v2\/posts\/18691"}],"collection":[{"href":"https:\/\/infolocale.20minutes.fr\/blog\/wp-json\/wp\/v2\/posts"}],"about":[{"href":"https:\/\/infolocale.20minutes.fr\/blog\/wp-json\/wp\/v2\/types\/post"}],"author":[{"embeddable":true,"href":"https:\/\/infolocale.20minutes.fr\/blog\/wp-json\/wp\/v2\/users\/14"}],"replies":[{"embeddable":true,"href":"https:\/\/infolocale.20minutes.fr\/blog\/wp-json\/wp\/v2\/comments?post=18691"}],"version-history":[{"count":0,"href":"https:\/\/infolocale.20minutes.fr\/blog\/wp-json\/wp\/v2\/posts\/18691\/revisions"}],"wp:featuredmedia":[{"embeddable":true,"href":"https:\/\/infolocale.20minutes.fr\/blog\/wp-json\/wp\/v2\/media\/18692"}],"wp:attachment":[{"href":"https:\/\/infolocale.20minutes.fr\/blog\/wp-json\/wp\/v2\/media?parent=18691"}],"wp:term":[{"taxonomy":"category","embeddable":true,"href":"https:\/\/infolocale.20minutes.fr\/blog\/wp-json\/wp\/v2\/categories?post=18691"},{"taxonomy":"post_tag","embeddable":true,"href":"https:\/\/infolocale.20minutes.fr\/blog\/wp-json\/wp\/v2\/tags?post=18691"}],"curies":[{"name":"wp","href":"https:\/\/api.w.org\/{rel}","templated":true}]}}