{"id":18445,"date":"2022-03-29T12:46:45","date_gmt":"2022-03-29T10:46:45","guid":{"rendered":"https:\/\/www.infolocale.fr\/blog\/?p=18445"},"modified":"2023-01-17T12:17:56","modified_gmt":"2023-01-17T11:17:56","slug":"obligation-assemblee-generale-association","status":"publish","type":"post","link":"https:\/\/infolocale.20minutes.fr\/blog\/obligation-assemblee-generale-association\/","title":{"rendered":"L\u2019assembl\u00e9e g\u00e9n\u00e9rale ordinaire est-elle obligatoire ?"},"content":{"rendered":"\n<p class=\"has-black-color has-text-color has-background\" style=\"background-color:#a1d5f5\">L&rsquo;<strong>obligation d&rsquo;assembl\u00e9e g\u00e9n\u00e9rale en association loi 1901<\/strong> n&rsquo;est fond\u00e9e sur aucun texte de loi. Dans les faits, rien ne vous oblige \u00e0 l&rsquo;organiser. Le plus souvent, ce sont les statuts qui fixent la r\u00e8gle \u00e0 appliquer. Cependant, il peut arriver qu&rsquo;une association soit <strong>oblig\u00e9e de convoquer son assembl\u00e9e g\u00e9n\u00e9rale<\/strong>. Ce sera le cas pour faire une demande d\u2019agr\u00e9ment, en cas de dissolution de l&rsquo;association, pour les associations d&rsquo;utilit\u00e9 publique, ou encore, si vous devez valider vos comptes annuels\u2026 Dans le domaine de la gouvernance d\u2019une association, ni le bureau, ni l\u2019assembl\u00e9e g\u00e9n\u00e9rale, ni le conseil d\u2019administration ne sont obligatoires. La seule obligation qui s&rsquo;impose aux association est celle de mettre en place au moins un repr\u00e9sentant l\u00e9gal. <\/p>\n\n\n\n<div class=\"wp-block-buttons is-horizontal is-content-justification-center is-layout-flex wp-container-core-buttons-is-layout-1 wp-block-buttons-is-layout-flex\">\n<div class=\"wp-block-button\"><a class=\"wp-block-button__link has-white-color has-luminous-vivid-amber-background-color has-text-color has-background wp-element-button\"><strong>&gt;&gt;Inscrire mon asso \u00e0 Infolocale <\/strong><\/a><\/div>\n<\/div>\n\n\n\n<h2 class=\"wp-block-heading\">Quelle gouvernance pour votre association&nbsp;?<\/h2>\n\n\n\n<p>L\u2019assembl\u00e9e g\u00e9n\u00e9rale est l\u2019un des quatre modes de gouvernance les plus commun\u00e9ment mis en place par les associations. Pour autant, ce ne sont pas les seuls et votre association est libre, via ses statuts, de se doter du fonctionnement qui lui conviendra le plus. Ces organes de gestion peuvent \u00eatre seuls \u00e0 la t\u00eate de votre association comme ils peuvent s&rsquo;en partager les responsabilit\u00e9s.<\/p>\n\n\n\n<ul class=\"wp-block-list\"><li>Le repr\u00e9sentant l\u00e9gal<\/li><\/ul>\n\n\n\n<p>C\u2019est le seul poste impos\u00e9 par la loi 1901. Le plus souvent, il prend le titre de pr\u00e9sident. S&rsquo;il est le seul dirigeant, il aura tous les pouvoirs pour prendre les d\u00e9cisions de la vie courante de l\u2019association.<\/p>\n\n\n\n<ul class=\"wp-block-list\"><li>Le bureau<\/li><\/ul>\n\n\n\n<p>Il n\u2019est pas une obligation l\u00e9gale tout comme les postes de <a href=\"https:\/\/www.infolocale.fr\/blog\/tresorier-association-role-responsabilites\/\">tr\u00e9sorier<\/a> et de <a href=\"https:\/\/www.infolocale.fr\/blog\/secretaire-dassociation-role-et-responsabilites\/\" target=\"_blank\" rel=\"noreferrer noopener\">secr\u00e9taire<\/a>, qui forment le triptyque classique&nbsp;des dirigeants d\u2019une association, ne sont pas mentionn\u00e9s dans la loi 1901. Aussi, adopter un bureau est un choix d\u00e9lib\u00e9r\u00e9 de l&rsquo;association.<\/p>\n\n\n\n<ul class=\"wp-block-list\"><li>Le <a href=\"https:\/\/www.infolocale.fr\/blog\/conseil-dadministration-association\/\">conseil d\u2019administration<\/a><\/li><\/ul>\n\n\n\n<p>Comme le bureau, il n\u2019est pas obligatoire. Le conseil d&rsquo;administration s\u2019impose souvent aux associations, quand celles-ci atteignent une certaine taille ou lorsqu&rsquo;elles font face \u00e0 des besoins et des comp\u00e9tences pr\u00e9cises.<\/p>\n\n\n\n<ul class=\"wp-block-list\"><li>L\u2019assembl\u00e9e g\u00e9n\u00e9rale<\/li><\/ul>\n\n\n\n<p>Sans pr\u00e9cision dans vos statuts, l&rsquo;<strong>obligation d&rsquo;assembl\u00e9e g\u00e9n\u00e9rale<\/strong> et celui de la r\u00e9unir, ne s&rsquo;applique pas \u00e0 votre association. Cependant, beaucoup d&rsquo;associations convoquent annuellement l&rsquo;assembl\u00e9e g\u00e9n\u00e9rale, sans que cela ne soit inscrit dans les statuts.<\/p>\n\n\n\n<p>Les trois derniers organes cit\u00e9s ici sont mis en pace par choix d\u00e9lib\u00e9r\u00e9 de l&rsquo;assembl\u00e9e g\u00e9n\u00e9rale ou l&rsquo;<a href=\"https:\/\/www.infolocale.fr\/blog\/assemblee-generale-constitutive-association\/\">assembl\u00e9e g\u00e9n\u00e9rale constitutive<\/a>. C&rsquo;est \u00e9galement \u00e0 l&rsquo;AG de d\u00e9finir les r\u00f4les et comp\u00e9tences de ces organes et de leurs repr\u00e9sentants.<\/p>\n\n\n\n<h2 class=\"wp-block-heading\">Obligation d&rsquo;assembl\u00e9e g\u00e9n\u00e9rale : quelle est la r\u00e8gle ?<\/h2>\n\n\n\n<p>L&rsquo;organisation de l&rsquo;assembl\u00e9e g\u00e9n\u00e9rale peut \u00eatre utile au bon d\u00e9roulement de vos activit\u00e9s ainsi qu\u2019\u00e0 l\u2019expression de la d\u00e9mocratie au sein de votre structure. Cependant, la loi 1901 <strong>ne vous impose pas d\u2019organiser une assembl\u00e9e g\u00e9n\u00e9rale<\/strong>.  <\/p>\n\n\n\n<p>Dans ce domaine, vous \u00eates libre, \u00e0 la <a href=\"https:\/\/www.infolocale.fr\/blog\/creer-une-association\/\">cr\u00e9ation de votre association<\/a>, de d\u00e9cider du mode de gouvernance que vous souhaitez adopter.<\/p>\n\n\n\n<h3 class=\"wp-block-heading\">Dans quels cas, y a t-il une obligation d&rsquo;assembl\u00e9e g\u00e9n\u00e9rale ?<\/h3>\n\n\n\n<p>Malgr\u00e9 cette absence d&rsquo;obligation l\u00e9gale, il est des exceptions qui peuvent mener une association \u00e0 devoir convoquer son assembl\u00e9e g\u00e9n\u00e9rale. C\u2019est par exemple le cas :<\/p>\n\n\n\n<ul class=\"wp-block-list\"><li>Si votre association demande le statut d\u2019utilit\u00e9 publique ou pour certains agr\u00e9ments de l\u2019Etat.<\/li><li>Si vos statuts n\u2019ont pas tranch\u00e9 sur la question, vous devrez \u00e9galement r\u00e9unir l\u2019assembl\u00e9e g\u00e9n\u00e9rale en cas de dissolution de votre association. Cette assembl\u00e9e aura alors pour ordre du jour, de d\u00e9cider du devenir des biens de votre association.<\/li><li>Les associations se trouvant dans l\u2019obligation de valider leurs comptes annuellement doivent \u00e9galement consulter l\u2019assembl\u00e9e g\u00e9n\u00e9rale.<\/li><li>Pour \u00e9mettre des titres de cr\u00e9ance sur un emprunt contract\u00e9 par l\u2019association.<\/li><li>Pour valider le rapport de votre commissaire au compte si votre association est sous le coup d\u2019une proc\u00e9dure d&rsquo;alerte.&nbsp;<\/li><li>Si votre association est r\u00e9glement\u00e9e, reconnue d\u2019utilit\u00e9 publique.<\/li><\/ul>\n\n\n<div class=\"wp-block-image is-resized\">\n<figure class=\"aligncenter size-large has-lightbox\"><a href=\"https:\/\/www.infolocale.fr\/decouvrir\/deposant\/?utm_source=blog&amp;utm_medium=banner&amp;utm_campaign=blog-content\"><img fetchpriority=\"high\" decoding=\"async\" width=\"1024\" height=\"1024\" src=\"https:\/\/www.infolocale.fr\/blog\/wp-content\/uploads\/2021\/11\/banniere-NLDASSO-carree1500x1500-1024x1024.jpg\" alt=\"\" class=\"wp-image-23946\" srcset=\"https:\/\/infolocale.20minutes.fr\/blog\/wp-content\/uploads\/2021\/11\/banniere-NLDASSO-carree1500x1500-1024x1024.jpg 1024w, https:\/\/infolocale.20minutes.fr\/blog\/wp-content\/uploads\/2021\/11\/banniere-NLDASSO-carree1500x1500-300x300.jpg 300w, https:\/\/infolocale.20minutes.fr\/blog\/wp-content\/uploads\/2021\/11\/banniere-NLDASSO-carree1500x1500-150x150.jpg 150w, https:\/\/infolocale.20minutes.fr\/blog\/wp-content\/uploads\/2021\/11\/banniere-NLDASSO-carree1500x1500-768x768.jpg 768w, https:\/\/infolocale.20minutes.fr\/blog\/wp-content\/uploads\/2021\/11\/banniere-NLDASSO-carree1500x1500.jpg 1500w\" sizes=\"(max-width: 1024px) 100vw, 1024px\" \/><\/a><\/figure><\/div>\n\n\n<h2 class=\"wp-block-heading\">Diff\u00e9rence entre assembl\u00e9e g\u00e9n\u00e9rale ordinaire et extraordinaire<\/h2>\n\n\n\n<p>Le concept d\u2019<a href=\"https:\/\/www.infolocale.fr\/blog\/assemblee-generale-extraordinaire-association\/\">assembl\u00e9e g\u00e9n\u00e9rale extraordinaire<\/a> et ordinaire n\u2019est pas pr\u00e9vu dans la loi 1901. Ici aussi il s\u2019agit plus d\u2019un mode de fonctionnement adopt\u00e9 par les associations elles-m\u00eames. <br><br>En pratique, l\u2019id\u00e9e est de s\u00e9parer les r\u00e9unions r\u00e9guli\u00e8res traitant des sujets li\u00e9s \u00e0 la gestion courante de l&rsquo;association et les r\u00e9unions exceptionnelles traitant de sujets importants et inhabituels dans la vie de l\u2019association.<\/p>\n\n\n\n<p>Dans ce domaine aussi, c\u2019est \u00e0 votre association au travers de ses statuts, de d\u00e9crire pr\u00e9cis\u00e9ment la <a href=\"https:\/\/www.infolocale.fr\/blog\/differences-assemblee-generale-ordinaire-assemblee-extraordinaire\/\">diff\u00e9rence entre l\u2019assembl\u00e9e g\u00e9n\u00e9rale ordinaire et l\u2019assembl\u00e9e g\u00e9n\u00e9rale extraordinaire<\/a>.<\/p>\n\n\n\n<h2 class=\"wp-block-heading\">Comment organiser votre assembl\u00e9e g\u00e9n\u00e9rale ?<\/h2>\n\n\n\n<p>Votre association peut donc faire le choix de se doter de ce type de r\u00e9union. Dans ce cas, ce sera \u00e0 vous, dans vos statuts, d\u2019en fixer la r\u00e8gle d\u2019organisation et le d\u00e9roulement.<\/p>\n\n\n\n<p>Nous vous proposons, dans les lignes qui suivent, une m\u00e9thode d\u2019organisation de votre assembl\u00e9e g\u00e9n\u00e9rale. Ce cadre n\u2019est pas obligatoire. N\u00e9anmoins c\u2019est un process qu\u2019il est courant de retrouver en association.<\/p>\n\n\n\n<h3 class=\"wp-block-heading\">Avant l&rsquo;assembl\u00e9e g\u00e9n\u00e9rale<\/h3>\n\n\n\n<p>Pour <a href=\"https:\/\/www.infolocale.fr\/blog\/assemblee-generale-association\/\">organiser l\u2019assembl\u00e9e g\u00e9n\u00e9rale d\u2019une association<\/a>, vous devriez :<\/p>\n\n\n\n<p>Pour commencer, arr\u00eatez une date et un lieu. A partir de l\u00e0, vous pouvez \u00e9crire l\u2019<a href=\"https:\/\/www.infolocale.fr\/blog\/ecrire-ordre-du-jour-assemblee-generale-association\/\">ordre du jour de l\u2019AG<\/a>. Souvent, les statuts vont pr\u00e9ciser comment l\u2019\u00e9crire, qui peut l\u2019\u00e9crire et si oui ou non les membres de l\u2019association peuvent y faire figurer un point.<\/p>\n\n\n\n<div class=\"wp-block-buttons is-content-justification-center is-layout-flex wp-block-buttons-is-layout-flex\">\n<div class=\"wp-block-button\"><a class=\"wp-block-button__link has-vivid-cyan-blue-color has-white-background-color has-text-color has-background\" href=\"#elementor-action%3Aaction%3Dpopup%3Aopen%26settings%3DeyJpZCI6IjEyODgwIiwidG9nZ2xlIjpmYWxzZX0%3D\">&gt; T\u00e9l\u00e9chargez un exemple d&rsquo;ordre du jour pour assembl\u00e9e g\u00e9n\u00e9rale<\/a><\/div>\n<\/div>\n\n\n\n<p>Ceci fait, vous pouvez <a href=\"https:\/\/www.infolocale.fr\/blog\/convocation-assemblee-generale-association\/\">r\u00e9diger la convocation<\/a>. A celle-ci, vous pouvez joindre des documents utiles \u00e0 la pr\u00e9paration de votre AG. Souvent, on consid\u00e8re que le <a href=\"https:\/\/www.infolocale.fr\/blog\/delai-convoquer-assemblee-generale\/\">d\u00e9lai d\u2019envoi de la convocation<\/a> devrait \u00eatre de 15 jours avant l\u2019\u00e9v\u00e9nement.<\/p>\n\n\n\n<h3 class=\"wp-block-heading\">Pendant l&rsquo;assembl\u00e9e g\u00e9n\u00e9rale<\/h3>\n\n\n\n<p>Le jour J, vous pouvez commencer par faire \u00e9marger les personnes pr\u00e9sentes. L\u2019\u00e9margement est particuli\u00e8rement utile si votre association utilise une <a href=\"https:\/\/www.infolocale.fr\/blog\/quorum-assemblee-generale-association\/\">r\u00e8gle de quorum<\/a> pour valider les d\u00e9cisions de l\u2019assembl\u00e9e g\u00e9n\u00e9rale. Ensuite, vous pouvez nommer un pr\u00e9sident ou un secr\u00e9taire de s\u00e9ance. Cependant, le plus souvent, ce sont le pr\u00e9sident et le secr\u00e9taire de l\u2019association qui occupent ces postes.<\/p>\n\n\n\n<p>Pendant la r\u00e9union, vous allez d\u00e9rouler les diff\u00e9rents points figurant \u00e0 l\u2019ordre du jour. Souvent, le pr\u00e9sident pr\u00e9sente un bilan moral et le tr\u00e9sorier un <a href=\"https:\/\/www.infolocale.fr\/blog\/rapport-financier-annuel-association\/\">rapport financier<\/a>. A l\u2019issu de ces deux pr\u00e9sentations, l\u2019assembl\u00e9e g\u00e9n\u00e9rale est consult\u00e9e pour un vote de confiance que l\u2019on appelle le <a href=\"https:\/\/www.infolocale.fr\/blog\/quitus-association\/\">quitus financier<\/a> et le quitus moral.<\/p>\n\n\n\n<p>Une fois tous les points figurant \u00e0 l\u2019ordre du jour abord\u00e9s, l\u2019assembl\u00e9e g\u00e9n\u00e9rale se termine. Il reste au secr\u00e9taire de pr\u00e9parer le <a href=\"https:\/\/www.infolocale.fr\/blog\/proces-verbal-dassemblee-generale-ordinaire\/\">proc\u00e8s-verbal de l\u2019assembl\u00e9e g\u00e9n\u00e9rale ordinaire<\/a>.<\/p>\n","protected":false},"excerpt":{"rendered":"<p>L&rsquo;obligation d&rsquo;assembl\u00e9e g\u00e9n\u00e9rale en association loi 1901 n&rsquo;est fond\u00e9e sur aucun texte de loi. Dans les faits, rien ne vous oblige \u00e0 l&rsquo;organiser. Le plus [&hellip;]<\/p>\n","protected":false},"author":2,"featured_media":18446,"comment_status":"open","ping_status":"open","sticky":false,"template":"","format":"standard","meta":{"_coblocks_attr":"","_coblocks_dimensions":"","_coblocks_responsive_height":"","_coblocks_accordion_ie_support":"","_mo_disable_npp":"","footnotes":""},"categories":[74],"tags":[104],"class_list":["post-18445","post","type-post","status-publish","format-standard","has-post-thumbnail","hentry","category-creer-et-administrer-une-association-1901","tag-assemblee-generale-ordinaire"],"yoast_head":"<!-- This site is optimized with the Yoast SEO plugin v23.2 - https:\/\/yoast.com\/wordpress\/plugins\/seo\/ -->\n<title>Obligation d&#039;assembl\u00e9e g\u00e9n\u00e9rale en association : quelle est la r\u00e8gle ? |<\/title>\n<meta name=\"description\" content=\"Il se peut que votre association ait une obligation d&#039;assembl\u00e9e g\u00e9n\u00e9rale. Ce sera le cas si celle-ci a adopt\u00e9 adopt\u00e9 des statuts sp\u00e9cifiq...\" \/>\n<meta name=\"robots\" content=\"index, follow, max-snippet:-1, max-image-preview:large, max-video-preview:-1\" \/>\n<link rel=\"canonical\" href=\"https:\/\/www.infolocale.fr\/blog\/obligation-assemblee-generale-association\/\" \/>\n<meta property=\"og:locale\" content=\"fr_FR\" \/>\n<meta property=\"og:type\" content=\"article\" \/>\n<meta property=\"og:title\" content=\"Obligation d&#039;assembl\u00e9e g\u00e9n\u00e9rale en association : quelle est la r\u00e8gle ? |\" \/>\n<meta property=\"og:description\" content=\"Il se peut que votre association ait une obligation d&#039;assembl\u00e9e g\u00e9n\u00e9rale. Ce sera le cas si celle-ci a adopt\u00e9 adopt\u00e9 des statuts sp\u00e9cifiq...\" \/>\n<meta property=\"og:url\" content=\"https:\/\/www.infolocale.fr\/blog\/obligation-assemblee-generale-association\/\" \/>\n<meta property=\"article:publisher\" content=\"https:\/\/www.facebook.com\/infolocaleFR\/\" \/>\n<meta property=\"article:published_time\" content=\"2022-03-29T10:46:45+00:00\" \/>\n<meta property=\"article:modified_time\" content=\"2023-01-17T11:17:56+00:00\" \/>\n<meta property=\"og:image\" content=\"https:\/\/www.infolocale.fr\/blog\/wp-content\/uploads\/2022\/03\/obligation-assemblee-generale-association.jpg\" \/>\n\t<meta property=\"og:image:width\" content=\"900\" \/>\n\t<meta property=\"og:image:height\" content=\"630\" \/>\n\t<meta property=\"og:image:type\" content=\"image\/jpeg\" \/>\n<meta name=\"author\" content=\"Morgan\" \/>\n<meta name=\"twitter:card\" content=\"summary_large_image\" \/>\n<meta name=\"twitter:creator\" content=\"@infolocale\" \/>\n<meta name=\"twitter:site\" content=\"@infolocale\" \/>\n<meta name=\"twitter:label1\" content=\"\u00c9crit par\" \/>\n\t<meta name=\"twitter:data1\" content=\"Morgan\" \/>\n\t<meta name=\"twitter:label2\" content=\"Dur\u00e9e de lecture estim\u00e9e\" \/>\n\t<meta name=\"twitter:data2\" content=\"6 minutes\" \/>\n<script type=\"application\/ld+json\" class=\"yoast-schema-graph\">{\"@context\":\"https:\/\/schema.org\",\"@graph\":[{\"@type\":\"Article\",\"@id\":\"https:\/\/www.infolocale.fr\/blog\/obligation-assemblee-generale-association\/#article\",\"isPartOf\":{\"@id\":\"https:\/\/www.infolocale.fr\/blog\/obligation-assemblee-generale-association\/\"},\"author\":{\"name\":\"Morgan\",\"@id\":\"https:\/\/www.infolocale.fr\/blog\/#\/schema\/person\/f0f748ece99417833166b3ba8890f3db\"},\"headline\":\"L\u2019assembl\u00e9e g\u00e9n\u00e9rale ordinaire est-elle obligatoire ?\",\"datePublished\":\"2022-03-29T10:46:45+00:00\",\"dateModified\":\"2023-01-17T11:17:56+00:00\",\"mainEntityOfPage\":{\"@id\":\"https:\/\/www.infolocale.fr\/blog\/obligation-assemblee-generale-association\/\"},\"wordCount\":1232,\"commentCount\":3,\"publisher\":{\"@id\":\"https:\/\/www.infolocale.fr\/blog\/#organization\"},\"image\":{\"@id\":\"https:\/\/www.infolocale.fr\/blog\/obligation-assemblee-generale-association\/#primaryimage\"},\"thumbnailUrl\":\"https:\/\/infolocale.20minutes.fr\/blog\/wp-content\/uploads\/2022\/03\/obligation-assemblee-generale-association.jpg\",\"keywords\":[\"Assembl\u00e9e g\u00e9n\u00e9rale ordinaire\"],\"articleSection\":[\"Cr\u00e9er et g\u00e9rer une association\"],\"inLanguage\":\"fr-FR\",\"potentialAction\":[{\"@type\":\"CommentAction\",\"name\":\"Comment\",\"target\":[\"https:\/\/www.infolocale.fr\/blog\/obligation-assemblee-generale-association\/#respond\"]}]},{\"@type\":\"WebPage\",\"@id\":\"https:\/\/www.infolocale.fr\/blog\/obligation-assemblee-generale-association\/\",\"url\":\"https:\/\/www.infolocale.fr\/blog\/obligation-assemblee-generale-association\/\",\"name\":\"Obligation d'assembl\u00e9e g\u00e9n\u00e9rale en association : quelle est la r\u00e8gle ? |\",\"isPartOf\":{\"@id\":\"https:\/\/www.infolocale.fr\/blog\/#website\"},\"primaryImageOfPage\":{\"@id\":\"https:\/\/www.infolocale.fr\/blog\/obligation-assemblee-generale-association\/#primaryimage\"},\"image\":{\"@id\":\"https:\/\/www.infolocale.fr\/blog\/obligation-assemblee-generale-association\/#primaryimage\"},\"thumbnailUrl\":\"https:\/\/infolocale.20minutes.fr\/blog\/wp-content\/uploads\/2022\/03\/obligation-assemblee-generale-association.jpg\",\"datePublished\":\"2022-03-29T10:46:45+00:00\",\"dateModified\":\"2023-01-17T11:17:56+00:00\",\"description\":\"Il se peut que votre association ait une obligation d'assembl\u00e9e g\u00e9n\u00e9rale. Ce sera le cas si celle-ci a adopt\u00e9 adopt\u00e9 des statuts sp\u00e9cifiq...\",\"breadcrumb\":{\"@id\":\"https:\/\/www.infolocale.fr\/blog\/obligation-assemblee-generale-association\/#breadcrumb\"},\"inLanguage\":\"fr-FR\",\"potentialAction\":[{\"@type\":\"ReadAction\",\"target\":[\"https:\/\/www.infolocale.fr\/blog\/obligation-assemblee-generale-association\/\"]}]},{\"@type\":\"ImageObject\",\"inLanguage\":\"fr-FR\",\"@id\":\"https:\/\/www.infolocale.fr\/blog\/obligation-assemblee-generale-association\/#primaryimage\",\"url\":\"https:\/\/infolocale.20minutes.fr\/blog\/wp-content\/uploads\/2022\/03\/obligation-assemblee-generale-association.jpg\",\"contentUrl\":\"https:\/\/infolocale.20minutes.fr\/blog\/wp-content\/uploads\/2022\/03\/obligation-assemblee-generale-association.jpg\",\"width\":900,\"height\":630,\"caption\":\"Obligation d'assembl\u00e9e g\u00e9n\u00e9rale en association : que dit la loi ?\"},{\"@type\":\"BreadcrumbList\",\"@id\":\"https:\/\/www.infolocale.fr\/blog\/obligation-assemblee-generale-association\/#breadcrumb\",\"itemListElement\":[{\"@type\":\"ListItem\",\"position\":1,\"name\":\"Blog\",\"item\":\"https:\/\/infolocale.ouest-france.fr\/blog\/\"},{\"@type\":\"ListItem\",\"position\":2,\"name\":\"Cr\u00e9er et g\u00e9rer une association\",\"item\":\"https:\/\/infolocale.ouest-france.fr\/blog\/cat\/creer-et-administrer-une-association-1901\/\"},{\"@type\":\"ListItem\",\"position\":3,\"name\":\"L\u2019assembl\u00e9e g\u00e9n\u00e9rale ordinaire est-elle obligatoire ?\"}]},{\"@type\":\"WebSite\",\"@id\":\"https:\/\/www.infolocale.fr\/blog\/#website\",\"url\":\"https:\/\/www.infolocale.fr\/blog\/\",\"name\":\"\",\"description\":\"\",\"publisher\":{\"@id\":\"https:\/\/www.infolocale.fr\/blog\/#organization\"},\"potentialAction\":[{\"@type\":\"SearchAction\",\"target\":{\"@type\":\"EntryPoint\",\"urlTemplate\":\"https:\/\/www.infolocale.fr\/blog\/?s={search_term_string}\"},\"query-input\":\"required name=search_term_string\"}],\"inLanguage\":\"fr-FR\"},{\"@type\":\"Organization\",\"@id\":\"https:\/\/www.infolocale.fr\/blog\/#organization\",\"name\":\"Infolocale\",\"url\":\"https:\/\/www.infolocale.fr\/blog\/\",\"logo\":{\"@type\":\"ImageObject\",\"inLanguage\":\"fr-FR\",\"@id\":\"https:\/\/www.infolocale.fr\/blog\/#\/schema\/logo\/image\/\",\"url\":\"https:\/\/www.infolocale.fr\/blog\/wp-content\/uploads\/2020\/11\/logol.jpg\",\"contentUrl\":\"https:\/\/www.infolocale.fr\/blog\/wp-content\/uploads\/2020\/11\/logol.jpg\",\"width\":1031,\"height\":398,\"caption\":\"Infolocale\"},\"image\":{\"@id\":\"https:\/\/www.infolocale.fr\/blog\/#\/schema\/logo\/image\/\"},\"sameAs\":[\"https:\/\/www.facebook.com\/infolocaleFR\/\",\"https:\/\/x.com\/infolocale\",\"https:\/\/www.instagram.com\/infolocale\/\",\"https:\/\/fr.linkedin.com\/company\/infolocale\",\"https:\/\/www.youtube.com\/channel\/UCnv4FA8EYEuu_si3TGr7xeA\"]},{\"@type\":\"Person\",\"@id\":\"https:\/\/www.infolocale.fr\/blog\/#\/schema\/person\/f0f748ece99417833166b3ba8890f3db\",\"name\":\"Morgan\",\"image\":{\"@type\":\"ImageObject\",\"inLanguage\":\"fr-FR\",\"@id\":\"https:\/\/www.infolocale.fr\/blog\/#\/schema\/person\/image\/\",\"url\":\"https:\/\/secure.gravatar.com\/avatar\/a22ec2a0cc817ae9fa3ff7341a213632?s=96&d=mm&r=g\",\"contentUrl\":\"https:\/\/secure.gravatar.com\/avatar\/a22ec2a0cc817ae9fa3ff7341a213632?s=96&d=mm&r=g\",\"caption\":\"Morgan\"},\"url\":\"https:\/\/infolocale.20minutes.fr\/blog\/author\/morgan-delepine\/\"}]}<\/script>\n<!-- \/ Yoast SEO plugin. -->","yoast_head_json":{"title":"Obligation d'assembl\u00e9e g\u00e9n\u00e9rale en association : quelle est la r\u00e8gle ? |","description":"Il se peut que votre association ait une obligation d'assembl\u00e9e g\u00e9n\u00e9rale. Ce sera le cas si celle-ci a adopt\u00e9 adopt\u00e9 des statuts sp\u00e9cifiq...","robots":{"index":"index","follow":"follow","max-snippet":"max-snippet:-1","max-image-preview":"max-image-preview:large","max-video-preview":"max-video-preview:-1"},"canonical":"https:\/\/www.infolocale.fr\/blog\/obligation-assemblee-generale-association\/","og_locale":"fr_FR","og_type":"article","og_title":"Obligation d'assembl\u00e9e g\u00e9n\u00e9rale en association : quelle est la r\u00e8gle ? |","og_description":"Il se peut que votre association ait une obligation d'assembl\u00e9e g\u00e9n\u00e9rale. Ce sera le cas si celle-ci a adopt\u00e9 adopt\u00e9 des statuts sp\u00e9cifiq...","og_url":"https:\/\/www.infolocale.fr\/blog\/obligation-assemblee-generale-association\/","article_publisher":"https:\/\/www.facebook.com\/infolocaleFR\/","article_published_time":"2022-03-29T10:46:45+00:00","article_modified_time":"2023-01-17T11:17:56+00:00","og_image":[{"width":900,"height":630,"url":"https:\/\/www.infolocale.fr\/blog\/wp-content\/uploads\/2022\/03\/obligation-assemblee-generale-association.jpg","type":"image\/jpeg"}],"author":"Morgan","twitter_card":"summary_large_image","twitter_creator":"@infolocale","twitter_site":"@infolocale","twitter_misc":{"\u00c9crit par":"Morgan","Dur\u00e9e de lecture estim\u00e9e":"6 minutes"},"schema":{"@context":"https:\/\/schema.org","@graph":[{"@type":"Article","@id":"https:\/\/www.infolocale.fr\/blog\/obligation-assemblee-generale-association\/#article","isPartOf":{"@id":"https:\/\/www.infolocale.fr\/blog\/obligation-assemblee-generale-association\/"},"author":{"name":"Morgan","@id":"https:\/\/www.infolocale.fr\/blog\/#\/schema\/person\/f0f748ece99417833166b3ba8890f3db"},"headline":"L\u2019assembl\u00e9e g\u00e9n\u00e9rale ordinaire est-elle obligatoire ?","datePublished":"2022-03-29T10:46:45+00:00","dateModified":"2023-01-17T11:17:56+00:00","mainEntityOfPage":{"@id":"https:\/\/www.infolocale.fr\/blog\/obligation-assemblee-generale-association\/"},"wordCount":1232,"commentCount":3,"publisher":{"@id":"https:\/\/www.infolocale.fr\/blog\/#organization"},"image":{"@id":"https:\/\/www.infolocale.fr\/blog\/obligation-assemblee-generale-association\/#primaryimage"},"thumbnailUrl":"https:\/\/infolocale.20minutes.fr\/blog\/wp-content\/uploads\/2022\/03\/obligation-assemblee-generale-association.jpg","keywords":["Assembl\u00e9e g\u00e9n\u00e9rale ordinaire"],"articleSection":["Cr\u00e9er et g\u00e9rer une association"],"inLanguage":"fr-FR","potentialAction":[{"@type":"CommentAction","name":"Comment","target":["https:\/\/www.infolocale.fr\/blog\/obligation-assemblee-generale-association\/#respond"]}]},{"@type":"WebPage","@id":"https:\/\/www.infolocale.fr\/blog\/obligation-assemblee-generale-association\/","url":"https:\/\/www.infolocale.fr\/blog\/obligation-assemblee-generale-association\/","name":"Obligation d'assembl\u00e9e g\u00e9n\u00e9rale en association : quelle est la r\u00e8gle ? |","isPartOf":{"@id":"https:\/\/www.infolocale.fr\/blog\/#website"},"primaryImageOfPage":{"@id":"https:\/\/www.infolocale.fr\/blog\/obligation-assemblee-generale-association\/#primaryimage"},"image":{"@id":"https:\/\/www.infolocale.fr\/blog\/obligation-assemblee-generale-association\/#primaryimage"},"thumbnailUrl":"https:\/\/infolocale.20minutes.fr\/blog\/wp-content\/uploads\/2022\/03\/obligation-assemblee-generale-association.jpg","datePublished":"2022-03-29T10:46:45+00:00","dateModified":"2023-01-17T11:17:56+00:00","description":"Il se peut que votre association ait une obligation d'assembl\u00e9e g\u00e9n\u00e9rale. Ce sera le cas si celle-ci a adopt\u00e9 adopt\u00e9 des statuts sp\u00e9cifiq...","breadcrumb":{"@id":"https:\/\/www.infolocale.fr\/blog\/obligation-assemblee-generale-association\/#breadcrumb"},"inLanguage":"fr-FR","potentialAction":[{"@type":"ReadAction","target":["https:\/\/www.infolocale.fr\/blog\/obligation-assemblee-generale-association\/"]}]},{"@type":"ImageObject","inLanguage":"fr-FR","@id":"https:\/\/www.infolocale.fr\/blog\/obligation-assemblee-generale-association\/#primaryimage","url":"https:\/\/infolocale.20minutes.fr\/blog\/wp-content\/uploads\/2022\/03\/obligation-assemblee-generale-association.jpg","contentUrl":"https:\/\/infolocale.20minutes.fr\/blog\/wp-content\/uploads\/2022\/03\/obligation-assemblee-generale-association.jpg","width":900,"height":630,"caption":"Obligation d'assembl\u00e9e g\u00e9n\u00e9rale en association : que dit la loi ?"},{"@type":"BreadcrumbList","@id":"https:\/\/www.infolocale.fr\/blog\/obligation-assemblee-generale-association\/#breadcrumb","itemListElement":[{"@type":"ListItem","position":1,"name":"Blog","item":"https:\/\/infolocale.ouest-france.fr\/blog\/"},{"@type":"ListItem","position":2,"name":"Cr\u00e9er et g\u00e9rer une association","item":"https:\/\/infolocale.ouest-france.fr\/blog\/cat\/creer-et-administrer-une-association-1901\/"},{"@type":"ListItem","position":3,"name":"L\u2019assembl\u00e9e g\u00e9n\u00e9rale ordinaire est-elle obligatoire ?"}]},{"@type":"WebSite","@id":"https:\/\/www.infolocale.fr\/blog\/#website","url":"https:\/\/www.infolocale.fr\/blog\/","name":"","description":"","publisher":{"@id":"https:\/\/www.infolocale.fr\/blog\/#organization"},"potentialAction":[{"@type":"SearchAction","target":{"@type":"EntryPoint","urlTemplate":"https:\/\/www.infolocale.fr\/blog\/?s={search_term_string}"},"query-input":"required name=search_term_string"}],"inLanguage":"fr-FR"},{"@type":"Organization","@id":"https:\/\/www.infolocale.fr\/blog\/#organization","name":"Infolocale","url":"https:\/\/www.infolocale.fr\/blog\/","logo":{"@type":"ImageObject","inLanguage":"fr-FR","@id":"https:\/\/www.infolocale.fr\/blog\/#\/schema\/logo\/image\/","url":"https:\/\/www.infolocale.fr\/blog\/wp-content\/uploads\/2020\/11\/logol.jpg","contentUrl":"https:\/\/www.infolocale.fr\/blog\/wp-content\/uploads\/2020\/11\/logol.jpg","width":1031,"height":398,"caption":"Infolocale"},"image":{"@id":"https:\/\/www.infolocale.fr\/blog\/#\/schema\/logo\/image\/"},"sameAs":["https:\/\/www.facebook.com\/infolocaleFR\/","https:\/\/x.com\/infolocale","https:\/\/www.instagram.com\/infolocale\/","https:\/\/fr.linkedin.com\/company\/infolocale","https:\/\/www.youtube.com\/channel\/UCnv4FA8EYEuu_si3TGr7xeA"]},{"@type":"Person","@id":"https:\/\/www.infolocale.fr\/blog\/#\/schema\/person\/f0f748ece99417833166b3ba8890f3db","name":"Morgan","image":{"@type":"ImageObject","inLanguage":"fr-FR","@id":"https:\/\/www.infolocale.fr\/blog\/#\/schema\/person\/image\/","url":"https:\/\/secure.gravatar.com\/avatar\/a22ec2a0cc817ae9fa3ff7341a213632?s=96&d=mm&r=g","contentUrl":"https:\/\/secure.gravatar.com\/avatar\/a22ec2a0cc817ae9fa3ff7341a213632?s=96&d=mm&r=g","caption":"Morgan"},"url":"https:\/\/infolocale.20minutes.fr\/blog\/author\/morgan-delepine\/"}]}},"_links":{"self":[{"href":"https:\/\/infolocale.20minutes.fr\/blog\/wp-json\/wp\/v2\/posts\/18445"}],"collection":[{"href":"https:\/\/infolocale.20minutes.fr\/blog\/wp-json\/wp\/v2\/posts"}],"about":[{"href":"https:\/\/infolocale.20minutes.fr\/blog\/wp-json\/wp\/v2\/types\/post"}],"author":[{"embeddable":true,"href":"https:\/\/infolocale.20minutes.fr\/blog\/wp-json\/wp\/v2\/users\/2"}],"replies":[{"embeddable":true,"href":"https:\/\/infolocale.20minutes.fr\/blog\/wp-json\/wp\/v2\/comments?post=18445"}],"version-history":[{"count":0,"href":"https:\/\/infolocale.20minutes.fr\/blog\/wp-json\/wp\/v2\/posts\/18445\/revisions"}],"wp:featuredmedia":[{"embeddable":true,"href":"https:\/\/infolocale.20minutes.fr\/blog\/wp-json\/wp\/v2\/media\/18446"}],"wp:attachment":[{"href":"https:\/\/infolocale.20minutes.fr\/blog\/wp-json\/wp\/v2\/media?parent=18445"}],"wp:term":[{"taxonomy":"category","embeddable":true,"href":"https:\/\/infolocale.20minutes.fr\/blog\/wp-json\/wp\/v2\/categories?post=18445"},{"taxonomy":"post_tag","embeddable":true,"href":"https:\/\/infolocale.20minutes.fr\/blog\/wp-json\/wp\/v2\/tags?post=18445"}],"curies":[{"name":"wp","href":"https:\/\/api.w.org\/{rel}","templated":true}]}}