{"id":18109,"date":"2022-03-23T10:57:50","date_gmt":"2022-03-23T09:57:50","guid":{"rendered":"https:\/\/www.infolocale.fr\/blog\/?p=18109"},"modified":"2022-04-20T19:20:33","modified_gmt":"2022-04-20T17:20:33","slug":"proces-verbal-dassemblee-generale-ordinaire","status":"publish","type":"post","link":"https:\/\/infolocale.20minutes.fr\/blog\/proces-verbal-dassemblee-generale-ordinaire\/","title":{"rendered":"Comment \u00e9crire le proc\u00e8s-verbal d&rsquo;une assembl\u00e9e g\u00e9n\u00e9rale ordinaire ?\u00a0"},"content":{"rendered":"\n<p class=\"has-black-color has-pale-cyan-blue-background-color has-text-color has-background\">Dans le <strong>proc\u00e8s-verbal d\u2019assembl\u00e9e g\u00e9n\u00e9rale ordinaire de votre association<\/strong> ;&nbsp;pr\u00e9cisez la date, le jour et le lieu de votre AG. Ensuite, donnez le nombre de participants. Si votre association applique la r\u00e8gle du quorum, pr\u00e9cisez si ce nombre permet de valider votre assembl\u00e9e g\u00e9n\u00e9rale. Puis, joignez les feuilles d\u2019\u00e9margement en annexe. Pr\u00e9cisez le nombre de personnes repr\u00e9sent\u00e9es et ajoutez leurs pouvoirs en annexe. Identifiez le pr\u00e9sident et le secr\u00e9taire de s\u00e9ance. Rappelez l\u2019ordre du jour, d\u00e9crivez le contenu des d\u00e9bats et le r\u00e9sultat des votes. Finalement, le document sera sign\u00e9 par le pr\u00e9sident et par le secr\u00e9taire de s\u00e9ance.<\/p>\n\n\n\n<div class=\"wp-block-buttons is-horizontal is-content-justification-center is-layout-flex wp-container-core-buttons-is-layout-1 wp-block-buttons-is-layout-flex\">\n<div class=\"wp-block-button\"><a class=\"wp-block-button__link has-white-color has-luminous-vivid-amber-background-color has-text-color has-background wp-element-button\"><strong>&gt;&gt;Inscrire mon asso \u00e0 Infolocale <\/strong><\/a><\/div>\n<\/div>\n\n\n\n<h2 class=\"wp-block-heading\">L\u2019assembl\u00e9e g\u00e9n\u00e9rale en association. Organisation et d\u00e9roulement&nbsp;<\/h2>\n\n\n\n<p>En association, il n&rsquo;y a pas d&rsquo;<a href=\"https:\/\/www.infolocale.fr\/blog\/obligation-assemblee-generale-association\/\">obligation \u00e0 organiser une assembl\u00e9e g\u00e9n\u00e9rale<\/a> ordinaire. N\u00e9anmoins, la plupart des associations l&rsquo;organisent une fois pas an. Souvent, son organisation est encadr\u00e9e par une disposition enregistr\u00e9e dans les <a href=\"https:\/\/www.infolocale.fr\/blog\/rediger-statuts-dune-association\/\">statuts de l\u2019association<\/a> et pr\u00e9cisant :&nbsp;&nbsp;<\/p>\n\n\n\n<ul class=\"wp-block-list\"><li>le mode de <a href=\"https:\/\/www.infolocale.fr\/blog\/convocation-assemblee-generale-association\/\">r\u00e9daction de la convocation<\/a>,&nbsp;<\/li><li>la fa\u00e7on d\u2019<a href=\"https:\/\/www.infolocale.fr\/blog\/ecrire-ordre-du-jour-assemblee-generale-association\/\">\u00e9crire l\u2019ordre du jour<\/a>,&nbsp;&nbsp;<\/li><li>le <a href=\"https:\/\/www.infolocale.fr\/blog\/delai-convoquer-assemblee-generale\/\">d\u00e9lai de convocation de l\u2019assembl\u00e9e g\u00e9n\u00e9rale<\/a>.&nbsp;<\/li><\/ul>\n\n\n\n<p>Cette r\u00e9union permet d\u2019aborder les sujets courants de la gestion d\u2019une association. Le contenu peut varier d\u2019une association \u00e0 l\u2019autre. N\u00e9anmoins, voici les grandes lignes du <a href=\"https:\/\/www.infolocale.fr\/blog\/deroulement-assemblee-generale-association\/\">d\u00e9roulement d\u2019une assembl\u00e9e g\u00e9n\u00e9rale<\/a> ordinaire :&nbsp;<\/p>\n\n\n\n<ul class=\"wp-block-list\"><li>Tout d\u2019abord, le <a href=\"https:\/\/www.infolocale.fr\/blog\/president-association-role-responsabilites\/\">pr\u00e9sident<\/a> pr\u00e9sente son bilan moral.&nbsp;&nbsp;<\/li><li>Ensuite, le <a href=\"https:\/\/www.infolocale.fr\/blog\/tresorier-association-role-responsabilites\/\">tr\u00e9sorier<\/a> soutient son <a href=\"https:\/\/www.infolocale.fr\/blog\/rapport-financier-annuel-association\/\">bilan financier<\/a>.<\/li><li>A l\u2019issue de ces deux pr\u00e9sentations, l\u2019assembl\u00e9e g\u00e9n\u00e9rale, en tant que corps \u00e9lectoral, est invit\u00e9e \u00e0 s\u2019exprimer lors d\u2019un vote de confiance, en donnant (ou non) son <a href=\"https:\/\/www.infolocale.fr\/blog\/quitus-association\/\">quitus<\/a> \u00e0 l\u2019\u00e9quipe en place.&nbsp;<\/li><li>Aussi, il y sera d\u00e9cid\u00e9 du cap \u00e0 donner pour les actions de l\u2019association pour l\u2019ann\u00e9e \u00e0 venir.<\/li><li>Finalement, un certain nombre de points sp\u00e9cifiques aux besoins de votre association peuvent \u00e9galement figurer \u00e0 l&rsquo;ordre du jour.&nbsp;<\/li><\/ul>\n\n\n\n<p>Une fois la r\u00e9union termin\u00e9e, votre secr\u00e9taire peut se lancer dans la r\u00e9daction du <strong>proc\u00e8s-verbal de l&rsquo;assembl\u00e9e g\u00e9n\u00e9rale ordinaire<\/strong>.<\/p>\n\n\n<div class=\"wp-block-image is-resized\">\n<figure class=\"aligncenter size-large has-lightbox\"><a href=\"https:\/\/www.infolocale.fr\/decouvrir\/deposant\/?utm_source=blog&amp;utm_medium=banner&amp;utm_campaign=blog-content\"><img fetchpriority=\"high\" decoding=\"async\" width=\"1024\" height=\"1024\" src=\"https:\/\/www.infolocale.fr\/blog\/wp-content\/uploads\/2021\/11\/banniere-NLDASSO-carree1500x1500-1024x1024.jpg\" alt=\"\" class=\"wp-image-23946\" srcset=\"https:\/\/infolocale.20minutes.fr\/blog\/wp-content\/uploads\/2021\/11\/banniere-NLDASSO-carree1500x1500-1024x1024.jpg 1024w, https:\/\/infolocale.20minutes.fr\/blog\/wp-content\/uploads\/2021\/11\/banniere-NLDASSO-carree1500x1500-300x300.jpg 300w, https:\/\/infolocale.20minutes.fr\/blog\/wp-content\/uploads\/2021\/11\/banniere-NLDASSO-carree1500x1500-150x150.jpg 150w, https:\/\/infolocale.20minutes.fr\/blog\/wp-content\/uploads\/2021\/11\/banniere-NLDASSO-carree1500x1500-768x768.jpg 768w, https:\/\/infolocale.20minutes.fr\/blog\/wp-content\/uploads\/2021\/11\/banniere-NLDASSO-carree1500x1500.jpg 1500w\" sizes=\"(max-width: 1024px) 100vw, 1024px\" \/><\/a><\/figure><\/div>\n\n\n<h2 class=\"wp-block-heading\">Le proc\u00e8s-verbal d&rsquo;assembl\u00e9e g\u00e9n\u00e9rale ordinaire : est-il obligatoire ?<\/h2>\n\n\n\n<p>Le proc\u00e8s-verbal est un compte rendu de l\u2019<a href=\"https:\/\/www.infolocale.fr\/blog\/assemblee-generale-association\/\">assembl\u00e9e g\u00e9n\u00e9rale d\u2019une association<\/a>. La loi 1901 ne vous oblige pas \u00e0 r\u00e9diger ce document. N\u00e9anmoins, vos statuts ou votre <a href=\"https:\/\/www.infolocale.fr\/blog\/reglement-interieur-association\/\">r\u00e8glement int\u00e9rieur<\/a> peuvent vous l\u2019imposer.&nbsp;Si c\u2019est le cas de votre association, alors, celle-ci doit imp\u00e9rativement se plier \u00e0 la r\u00e8gle qu\u2019elle a elle-m\u00eame \u00e9tablie. <\/p>\n\n\n\n<p>Tout contournement de cette r\u00e8gle vous expose aux contestations \u00e9ventuelles et \u00e0 l\u2019annulation des d\u00e9cisions de votre assembl\u00e9e g\u00e9n\u00e9rale.&nbsp;<br>&nbsp;<br>Si vous ne savez pas quelle est la r\u00e8gle en vigueur dans votre association, consultez vos statuts.&nbsp;<\/p>\n\n\n\n<h2 class=\"wp-block-heading\">Pourquoi l&rsquo;adopter dans votre association ?&nbsp;<\/h2>\n\n\n\n<p>Plusieurs raisons peuvent vous pousser \u00e0 opter pour sa r\u00e9daction.&nbsp;<\/p>\n\n\n\n<h3 class=\"wp-block-heading\">Pour rapporter les d\u00e9cisions prises en AG&nbsp;<\/h3>\n\n\n\n<p>Pour commencer, un proc\u00e8s-verbal vous permettra de garder la m\u00e9moire de ce qui s\u2019est dit pendant votre assembl\u00e9e g\u00e9n\u00e9rale. Il pourra servir de base de travail pour l\u2019\u00e9quipe dirigeante, mais aussi de support pour juger le travail r\u00e9alis\u00e9 par ceux-ci.&nbsp;<\/p>\n\n\n\n<h3 class=\"wp-block-heading\">Pour certifier du bon d\u00e9roulement de vos r\u00e9unions&nbsp;<\/h3>\n\n\n\n<p>Aussi, le <strong>proc\u00e8s-verbal de votre assembl\u00e9e g\u00e9n\u00e9rale ordinaire<\/strong> pourra vous servir de preuve validant le fait que votre r\u00e9union s\u2019est d\u00e9roul\u00e9e dans le respect des r\u00e8gles impos\u00e9es par vos statuts. <\/p>\n\n\n\n<p>Ce point est particuli\u00e8rement important. En effet, les membres de votre association sont en droit de contester les d\u00e9cisions de l\u2019assembl\u00e9e g\u00e9n\u00e9rale.&nbsp;La r\u00e9daction d\u2019un proc\u00e8s-verbal vous permettra de rendre compte de la mani\u00e8re dont s&rsquo;est tenue la r\u00e9union et de certifier de son bon d\u00e9roulement. <\/p>\n\n\n\n<p>Ce document est d&rsquo;autant plus utile si vos statuts <a href=\"https:\/\/www.infolocale.fr\/blog\/quorum-assemblee-generale-association\/\">imposent un quorum<\/a>. Vous devrez alors joindre \u00e0 votre proc\u00e8s-verbal la feuille d\u2019\u00e9margement ainsi que <a href=\"https:\/\/www.infolocale.fr\/blog\/delegation-pouvoir-assemblee-generale-association\/\">les pouvoirs<\/a> (les procurations) des personnes ayant choisi de se faire repr\u00e9senter ou encore, les captures d\u2019\u00e9crans de ceux ayant particip\u00e9 en visio.&nbsp;&nbsp;<\/p>\n\n\n\n<h2 class=\"wp-block-heading\">Qui \u00e9crit le proc\u00e8s-verbal d\u2019assembl\u00e9e g\u00e9n\u00e9rale ?&nbsp;<\/h2>\n\n\n\n<p>C\u2019est au secr\u00e9taire de s\u00e9ance de votre assembl\u00e9e g\u00e9n\u00e9rale d\u2019\u00e9crire le proc\u00e8s-verbal. Le poste de secr\u00e9taire de s\u00e9ance est occup\u00e9 dans la majorit\u00e9 des cas, par le <a href=\"https:\/\/www.infolocale.fr\/blog\/secretaire-dassociation-role-et-responsabilites\/\" target=\"_blank\" rel=\"noreferrer noopener\">secr\u00e9taire de l\u2019association<\/a>. Cependant, ce n\u2019est pas une r\u00e8gle absolue et il possible d\u2019avoir un secr\u00e9taire de s\u00e9ance qui ne soit pas le secr\u00e9taire de l\u2019association.&nbsp;<\/p>\n\n\n\n<h2 class=\"wp-block-heading\">Comment \u00e9crire un proc\u00e8s-verbal d\u2019assembl\u00e9e g\u00e9n\u00e9rale ?&nbsp;<\/h2>\n\n\n\n<p>Voici les diff\u00e9rentes parties que peut comprendre votre <strong>proc\u00e8s-verbal d\u2019assembl\u00e9e g\u00e9n\u00e9rale<\/strong>.&nbsp;&nbsp;<\/p>\n\n\n\n<ul class=\"wp-block-list\"><li>L\u2019ent\u00eate du document&nbsp;<\/li><\/ul>\n\n\n\n<p>D\u00e9nommer votre association, l\u2019adresse de son si\u00e8ge ainsi que le contact mail ou t\u00e9l\u00e9phonique.&nbsp;<\/p>\n\n\n\n<ul class=\"wp-block-list\"><li>Introduction&nbsp;<\/li><\/ul>\n\n\n\n<p>Dans ce paragraphe d\u2019introduction, pr\u00e9cisez le jour, l\u2019heure, le lieu o\u00f9 s\u2019est d\u00e9roul\u00e9e la r\u00e9union. Pr\u00e9cisez \u00e9galement qu\u2019il s\u2019agissait de l\u2019assembl\u00e9e g\u00e9n\u00e9rale ordinaire annuelle de votre association.&nbsp;<\/p>\n\n\n\n<ul class=\"wp-block-list\"><li>En cas de quorum&nbsp;<\/li><\/ul>\n\n\n\n<p>En cas de Quorum, vous pouvez pr\u00e9ciser le nombre de personnes en pr\u00e9sence, si ce nombre est suffisant pour l\u2019atteindre. Vous devriez \u00e9galement attacher en annexe les feuilles d\u2019\u00e9margement.&nbsp;<\/p>\n\n\n\n<ul class=\"wp-block-list\"><li>Procuration et pouvoirs&nbsp;<\/li><\/ul>\n\n\n\n<p>Si certains de vos membres n\u2019ont pas pu se d\u00e9placer et ont choisi de se faire repr\u00e9senter, vous pourrez en pr\u00e9ciser le nombre et ajouter les pouvoirs en annexe de votre proc\u00e8s-verbal.&nbsp;<\/p>\n\n\n\n<ul class=\"wp-block-list\"><li>D\u00e9roul\u00e9 de l\u2019assembl\u00e9e g\u00e9n\u00e9rale ordinaire&nbsp;<\/li><\/ul>\n\n\n\n<p>Enfin, vous pouvez entrer dans le d\u00e9roul\u00e9 de votre assembl\u00e9e g\u00e9n\u00e9rale.&nbsp;&nbsp;<\/p>\n\n\n\n<p>Commencez par nommer le pr\u00e9sident de s\u00e9ance ainsi que le secr\u00e9taire de s\u00e9ance. Rappelez l\u2019ordre du jour, puis r\u00e9sumez le contenu des d\u00e9bats et des votes pour chacun des points.&nbsp;&nbsp;<\/p>\n\n\n\n<p>Une fois l\u2019ensemble des points rapport\u00e9s, vous pouvez clore votre proc\u00e8s-verbal et le faire signer par le pr\u00e9sident et le secr\u00e9taire de s\u00e9ance.<\/p>\n","protected":false},"excerpt":{"rendered":"<p>Dans le proc\u00e8s-verbal d\u2019assembl\u00e9e g\u00e9n\u00e9rale ordinaire de votre association ;&nbsp;pr\u00e9cisez la date, le jour et le lieu de votre AG. Ensuite, donnez le nombre de [&hellip;]<\/p>\n","protected":false},"author":2,"featured_media":18112,"comment_status":"open","ping_status":"open","sticky":false,"template":"","format":"standard","meta":{"_coblocks_attr":"","_coblocks_dimensions":"","_coblocks_responsive_height":"","_coblocks_accordion_ie_support":"","_mo_disable_npp":"","footnotes":""},"categories":[74],"tags":[104],"class_list":["post-18109","post","type-post","status-publish","format-standard","has-post-thumbnail","hentry","category-creer-et-administrer-une-association-1901","tag-assemblee-generale-ordinaire"],"yoast_head":"<!-- This site is optimized with the Yoast SEO plugin v23.2 - https:\/\/yoast.com\/wordpress\/plugins\/seo\/ -->\n<title>Proc\u00e8s-verbal d&#039;assembl\u00e9e g\u00e9n\u00e9rale ordinaire : comment l&#039;\u00e9crire ?\u00a0 |<\/title>\n<meta name=\"description\" content=\"Dans le proc\u00e8s-verbal d\u2019assembl\u00e9e g\u00e9n\u00e9rale ordinaire de votre association ;\u00a0pr\u00e9cisez la date, le jour et le lieu de votre assembl\u00e9e, ensuite.\" \/>\n<meta name=\"robots\" content=\"index, follow, max-snippet:-1, max-image-preview:large, max-video-preview:-1\" \/>\n<link rel=\"canonical\" href=\"https:\/\/infolocale.20minutes.fr\/blog\/proces-verbal-dassemblee-generale-ordinaire\/\" \/>\n<meta property=\"og:locale\" content=\"fr_FR\" \/>\n<meta property=\"og:type\" content=\"article\" \/>\n<meta property=\"og:title\" content=\"Proc\u00e8s-verbal d&#039;assembl\u00e9e g\u00e9n\u00e9rale ordinaire : comment l&#039;\u00e9crire ?\u00a0 |\" \/>\n<meta property=\"og:description\" content=\"Dans le proc\u00e8s-verbal d\u2019assembl\u00e9e g\u00e9n\u00e9rale ordinaire de votre association ;\u00a0pr\u00e9cisez la date, le jour et le lieu de votre assembl\u00e9e, ensuite.\" \/>\n<meta property=\"og:url\" content=\"https:\/\/infolocale.20minutes.fr\/blog\/proces-verbal-dassemblee-generale-ordinaire\/\" \/>\n<meta property=\"article:publisher\" content=\"https:\/\/www.facebook.com\/infolocaleFR\/\" \/>\n<meta property=\"article:published_time\" content=\"2022-03-23T09:57:50+00:00\" \/>\n<meta property=\"article:modified_time\" content=\"2022-04-20T17:20:33+00:00\" \/>\n<meta property=\"og:image\" content=\"https:\/\/infolocale.20minutes.fr\/blog\/wp-content\/uploads\/2022\/03\/proces-verbal-assemblee-generale-ordinaire.jpg\" \/>\n\t<meta property=\"og:image:width\" content=\"900\" \/>\n\t<meta property=\"og:image:height\" content=\"630\" \/>\n\t<meta property=\"og:image:type\" content=\"image\/jpeg\" \/>\n<meta name=\"author\" content=\"Morgan\" \/>\n<meta name=\"twitter:card\" content=\"summary_large_image\" \/>\n<meta name=\"twitter:creator\" content=\"@infolocale\" \/>\n<meta name=\"twitter:site\" content=\"@infolocale\" \/>\n<meta name=\"twitter:label1\" content=\"\u00c9crit par\" \/>\n\t<meta name=\"twitter:data1\" content=\"Morgan\" \/>\n\t<meta name=\"twitter:label2\" content=\"Dur\u00e9e de lecture estim\u00e9e\" \/>\n\t<meta name=\"twitter:data2\" content=\"5 minutes\" \/>\n<script type=\"application\/ld+json\" class=\"yoast-schema-graph\">{\"@context\":\"https:\/\/schema.org\",\"@graph\":[{\"@type\":\"Article\",\"@id\":\"https:\/\/infolocale.20minutes.fr\/blog\/proces-verbal-dassemblee-generale-ordinaire\/#article\",\"isPartOf\":{\"@id\":\"https:\/\/infolocale.20minutes.fr\/blog\/proces-verbal-dassemblee-generale-ordinaire\/\"},\"author\":{\"name\":\"Morgan\",\"@id\":\"https:\/\/www.infolocale.fr\/blog\/#\/schema\/person\/f0f748ece99417833166b3ba8890f3db\"},\"headline\":\"Comment \u00e9crire le proc\u00e8s-verbal d&rsquo;une assembl\u00e9e g\u00e9n\u00e9rale ordinaire ?\u00a0\",\"datePublished\":\"2022-03-23T09:57:50+00:00\",\"dateModified\":\"2022-04-20T17:20:33+00:00\",\"mainEntityOfPage\":{\"@id\":\"https:\/\/infolocale.20minutes.fr\/blog\/proces-verbal-dassemblee-generale-ordinaire\/\"},\"wordCount\":1124,\"commentCount\":0,\"publisher\":{\"@id\":\"https:\/\/www.infolocale.fr\/blog\/#organization\"},\"image\":{\"@id\":\"https:\/\/infolocale.20minutes.fr\/blog\/proces-verbal-dassemblee-generale-ordinaire\/#primaryimage\"},\"thumbnailUrl\":\"https:\/\/infolocale.20minutes.fr\/blog\/wp-content\/uploads\/2022\/03\/proces-verbal-assemblee-generale-ordinaire.jpg\",\"keywords\":[\"Assembl\u00e9e g\u00e9n\u00e9rale ordinaire\"],\"articleSection\":[\"Cr\u00e9er et g\u00e9rer une association\"],\"inLanguage\":\"fr-FR\",\"potentialAction\":[{\"@type\":\"CommentAction\",\"name\":\"Comment\",\"target\":[\"https:\/\/infolocale.20minutes.fr\/blog\/proces-verbal-dassemblee-generale-ordinaire\/#respond\"]}]},{\"@type\":\"WebPage\",\"@id\":\"https:\/\/infolocale.20minutes.fr\/blog\/proces-verbal-dassemblee-generale-ordinaire\/\",\"url\":\"https:\/\/infolocale.20minutes.fr\/blog\/proces-verbal-dassemblee-generale-ordinaire\/\",\"name\":\"Proc\u00e8s-verbal d'assembl\u00e9e g\u00e9n\u00e9rale ordinaire : comment l'\u00e9crire ?\u00a0 |\",\"isPartOf\":{\"@id\":\"https:\/\/www.infolocale.fr\/blog\/#website\"},\"primaryImageOfPage\":{\"@id\":\"https:\/\/infolocale.20minutes.fr\/blog\/proces-verbal-dassemblee-generale-ordinaire\/#primaryimage\"},\"image\":{\"@id\":\"https:\/\/infolocale.20minutes.fr\/blog\/proces-verbal-dassemblee-generale-ordinaire\/#primaryimage\"},\"thumbnailUrl\":\"https:\/\/infolocale.20minutes.fr\/blog\/wp-content\/uploads\/2022\/03\/proces-verbal-assemblee-generale-ordinaire.jpg\",\"datePublished\":\"2022-03-23T09:57:50+00:00\",\"dateModified\":\"2022-04-20T17:20:33+00:00\",\"description\":\"Dans le proc\u00e8s-verbal d\u2019assembl\u00e9e g\u00e9n\u00e9rale ordinaire de votre association ;\u00a0pr\u00e9cisez la date, le jour et le lieu de votre assembl\u00e9e, ensuite.\",\"breadcrumb\":{\"@id\":\"https:\/\/infolocale.20minutes.fr\/blog\/proces-verbal-dassemblee-generale-ordinaire\/#breadcrumb\"},\"inLanguage\":\"fr-FR\",\"potentialAction\":[{\"@type\":\"ReadAction\",\"target\":[\"https:\/\/infolocale.20minutes.fr\/blog\/proces-verbal-dassemblee-generale-ordinaire\/\"]}]},{\"@type\":\"ImageObject\",\"inLanguage\":\"fr-FR\",\"@id\":\"https:\/\/infolocale.20minutes.fr\/blog\/proces-verbal-dassemblee-generale-ordinaire\/#primaryimage\",\"url\":\"https:\/\/infolocale.20minutes.fr\/blog\/wp-content\/uploads\/2022\/03\/proces-verbal-assemblee-generale-ordinaire.jpg\",\"contentUrl\":\"https:\/\/infolocale.20minutes.fr\/blog\/wp-content\/uploads\/2022\/03\/proces-verbal-assemblee-generale-ordinaire.jpg\",\"width\":900,\"height\":630,\"caption\":\"La secr\u00e9taire d'une association r\u00e9dige le proces-verbal de l'assembl\u00e9e g\u00e9n\u00e9rale. Photo d'illustration.\"},{\"@type\":\"BreadcrumbList\",\"@id\":\"https:\/\/infolocale.20minutes.fr\/blog\/proces-verbal-dassemblee-generale-ordinaire\/#breadcrumb\",\"itemListElement\":[{\"@type\":\"ListItem\",\"position\":1,\"name\":\"Blog\",\"item\":\"https:\/\/infolocale.ouest-france.fr\/blog\/\"},{\"@type\":\"ListItem\",\"position\":2,\"name\":\"Cr\u00e9er et g\u00e9rer une association\",\"item\":\"https:\/\/infolocale.ouest-france.fr\/blog\/cat\/creer-et-administrer-une-association-1901\/\"},{\"@type\":\"ListItem\",\"position\":3,\"name\":\"Comment \u00e9crire le proc\u00e8s-verbal d&rsquo;une assembl\u00e9e g\u00e9n\u00e9rale ordinaire ?\u00a0\"}]},{\"@type\":\"WebSite\",\"@id\":\"https:\/\/www.infolocale.fr\/blog\/#website\",\"url\":\"https:\/\/www.infolocale.fr\/blog\/\",\"name\":\"\",\"description\":\"\",\"publisher\":{\"@id\":\"https:\/\/www.infolocale.fr\/blog\/#organization\"},\"potentialAction\":[{\"@type\":\"SearchAction\",\"target\":{\"@type\":\"EntryPoint\",\"urlTemplate\":\"https:\/\/www.infolocale.fr\/blog\/?s={search_term_string}\"},\"query-input\":\"required name=search_term_string\"}],\"inLanguage\":\"fr-FR\"},{\"@type\":\"Organization\",\"@id\":\"https:\/\/www.infolocale.fr\/blog\/#organization\",\"name\":\"Infolocale\",\"url\":\"https:\/\/www.infolocale.fr\/blog\/\",\"logo\":{\"@type\":\"ImageObject\",\"inLanguage\":\"fr-FR\",\"@id\":\"https:\/\/www.infolocale.fr\/blog\/#\/schema\/logo\/image\/\",\"url\":\"https:\/\/www.infolocale.fr\/blog\/wp-content\/uploads\/2020\/11\/logol.jpg\",\"contentUrl\":\"https:\/\/www.infolocale.fr\/blog\/wp-content\/uploads\/2020\/11\/logol.jpg\",\"width\":1031,\"height\":398,\"caption\":\"Infolocale\"},\"image\":{\"@id\":\"https:\/\/www.infolocale.fr\/blog\/#\/schema\/logo\/image\/\"},\"sameAs\":[\"https:\/\/www.facebook.com\/infolocaleFR\/\",\"https:\/\/x.com\/infolocale\",\"https:\/\/www.instagram.com\/infolocale\/\",\"https:\/\/fr.linkedin.com\/company\/infolocale\",\"https:\/\/www.youtube.com\/channel\/UCnv4FA8EYEuu_si3TGr7xeA\"]},{\"@type\":\"Person\",\"@id\":\"https:\/\/www.infolocale.fr\/blog\/#\/schema\/person\/f0f748ece99417833166b3ba8890f3db\",\"name\":\"Morgan\",\"image\":{\"@type\":\"ImageObject\",\"inLanguage\":\"fr-FR\",\"@id\":\"https:\/\/www.infolocale.fr\/blog\/#\/schema\/person\/image\/\",\"url\":\"https:\/\/secure.gravatar.com\/avatar\/a22ec2a0cc817ae9fa3ff7341a213632?s=96&d=mm&r=g\",\"contentUrl\":\"https:\/\/secure.gravatar.com\/avatar\/a22ec2a0cc817ae9fa3ff7341a213632?s=96&d=mm&r=g\",\"caption\":\"Morgan\"},\"url\":\"https:\/\/infolocale.20minutes.fr\/blog\/author\/morgan-delepine\/\"}]}<\/script>\n<!-- \/ Yoast SEO plugin. -->","yoast_head_json":{"title":"Proc\u00e8s-verbal d'assembl\u00e9e g\u00e9n\u00e9rale ordinaire : comment l'\u00e9crire ?\u00a0 |","description":"Dans le proc\u00e8s-verbal d\u2019assembl\u00e9e g\u00e9n\u00e9rale ordinaire de votre association ;\u00a0pr\u00e9cisez la date, le jour et le lieu de votre assembl\u00e9e, ensuite.","robots":{"index":"index","follow":"follow","max-snippet":"max-snippet:-1","max-image-preview":"max-image-preview:large","max-video-preview":"max-video-preview:-1"},"canonical":"https:\/\/infolocale.20minutes.fr\/blog\/proces-verbal-dassemblee-generale-ordinaire\/","og_locale":"fr_FR","og_type":"article","og_title":"Proc\u00e8s-verbal d'assembl\u00e9e g\u00e9n\u00e9rale ordinaire : comment l'\u00e9crire ?\u00a0 |","og_description":"Dans le proc\u00e8s-verbal d\u2019assembl\u00e9e g\u00e9n\u00e9rale ordinaire de votre association ;\u00a0pr\u00e9cisez la date, le jour et le lieu de votre assembl\u00e9e, ensuite.","og_url":"https:\/\/infolocale.20minutes.fr\/blog\/proces-verbal-dassemblee-generale-ordinaire\/","article_publisher":"https:\/\/www.facebook.com\/infolocaleFR\/","article_published_time":"2022-03-23T09:57:50+00:00","article_modified_time":"2022-04-20T17:20:33+00:00","og_image":[{"width":900,"height":630,"url":"https:\/\/infolocale.20minutes.fr\/blog\/wp-content\/uploads\/2022\/03\/proces-verbal-assemblee-generale-ordinaire.jpg","type":"image\/jpeg"}],"author":"Morgan","twitter_card":"summary_large_image","twitter_creator":"@infolocale","twitter_site":"@infolocale","twitter_misc":{"\u00c9crit par":"Morgan","Dur\u00e9e de lecture estim\u00e9e":"5 minutes"},"schema":{"@context":"https:\/\/schema.org","@graph":[{"@type":"Article","@id":"https:\/\/infolocale.20minutes.fr\/blog\/proces-verbal-dassemblee-generale-ordinaire\/#article","isPartOf":{"@id":"https:\/\/infolocale.20minutes.fr\/blog\/proces-verbal-dassemblee-generale-ordinaire\/"},"author":{"name":"Morgan","@id":"https:\/\/www.infolocale.fr\/blog\/#\/schema\/person\/f0f748ece99417833166b3ba8890f3db"},"headline":"Comment \u00e9crire le proc\u00e8s-verbal d&rsquo;une assembl\u00e9e g\u00e9n\u00e9rale ordinaire ?\u00a0","datePublished":"2022-03-23T09:57:50+00:00","dateModified":"2022-04-20T17:20:33+00:00","mainEntityOfPage":{"@id":"https:\/\/infolocale.20minutes.fr\/blog\/proces-verbal-dassemblee-generale-ordinaire\/"},"wordCount":1124,"commentCount":0,"publisher":{"@id":"https:\/\/www.infolocale.fr\/blog\/#organization"},"image":{"@id":"https:\/\/infolocale.20minutes.fr\/blog\/proces-verbal-dassemblee-generale-ordinaire\/#primaryimage"},"thumbnailUrl":"https:\/\/infolocale.20minutes.fr\/blog\/wp-content\/uploads\/2022\/03\/proces-verbal-assemblee-generale-ordinaire.jpg","keywords":["Assembl\u00e9e g\u00e9n\u00e9rale ordinaire"],"articleSection":["Cr\u00e9er et g\u00e9rer une association"],"inLanguage":"fr-FR","potentialAction":[{"@type":"CommentAction","name":"Comment","target":["https:\/\/infolocale.20minutes.fr\/blog\/proces-verbal-dassemblee-generale-ordinaire\/#respond"]}]},{"@type":"WebPage","@id":"https:\/\/infolocale.20minutes.fr\/blog\/proces-verbal-dassemblee-generale-ordinaire\/","url":"https:\/\/infolocale.20minutes.fr\/blog\/proces-verbal-dassemblee-generale-ordinaire\/","name":"Proc\u00e8s-verbal d'assembl\u00e9e g\u00e9n\u00e9rale ordinaire : comment l'\u00e9crire ?\u00a0 |","isPartOf":{"@id":"https:\/\/www.infolocale.fr\/blog\/#website"},"primaryImageOfPage":{"@id":"https:\/\/infolocale.20minutes.fr\/blog\/proces-verbal-dassemblee-generale-ordinaire\/#primaryimage"},"image":{"@id":"https:\/\/infolocale.20minutes.fr\/blog\/proces-verbal-dassemblee-generale-ordinaire\/#primaryimage"},"thumbnailUrl":"https:\/\/infolocale.20minutes.fr\/blog\/wp-content\/uploads\/2022\/03\/proces-verbal-assemblee-generale-ordinaire.jpg","datePublished":"2022-03-23T09:57:50+00:00","dateModified":"2022-04-20T17:20:33+00:00","description":"Dans le proc\u00e8s-verbal d\u2019assembl\u00e9e g\u00e9n\u00e9rale ordinaire de votre association ;\u00a0pr\u00e9cisez la date, le jour et le lieu de votre assembl\u00e9e, ensuite.","breadcrumb":{"@id":"https:\/\/infolocale.20minutes.fr\/blog\/proces-verbal-dassemblee-generale-ordinaire\/#breadcrumb"},"inLanguage":"fr-FR","potentialAction":[{"@type":"ReadAction","target":["https:\/\/infolocale.20minutes.fr\/blog\/proces-verbal-dassemblee-generale-ordinaire\/"]}]},{"@type":"ImageObject","inLanguage":"fr-FR","@id":"https:\/\/infolocale.20minutes.fr\/blog\/proces-verbal-dassemblee-generale-ordinaire\/#primaryimage","url":"https:\/\/infolocale.20minutes.fr\/blog\/wp-content\/uploads\/2022\/03\/proces-verbal-assemblee-generale-ordinaire.jpg","contentUrl":"https:\/\/infolocale.20minutes.fr\/blog\/wp-content\/uploads\/2022\/03\/proces-verbal-assemblee-generale-ordinaire.jpg","width":900,"height":630,"caption":"La secr\u00e9taire d'une association r\u00e9dige le proces-verbal de l'assembl\u00e9e g\u00e9n\u00e9rale. Photo d'illustration."},{"@type":"BreadcrumbList","@id":"https:\/\/infolocale.20minutes.fr\/blog\/proces-verbal-dassemblee-generale-ordinaire\/#breadcrumb","itemListElement":[{"@type":"ListItem","position":1,"name":"Blog","item":"https:\/\/infolocale.ouest-france.fr\/blog\/"},{"@type":"ListItem","position":2,"name":"Cr\u00e9er et g\u00e9rer une association","item":"https:\/\/infolocale.ouest-france.fr\/blog\/cat\/creer-et-administrer-une-association-1901\/"},{"@type":"ListItem","position":3,"name":"Comment \u00e9crire le proc\u00e8s-verbal d&rsquo;une assembl\u00e9e g\u00e9n\u00e9rale ordinaire ?\u00a0"}]},{"@type":"WebSite","@id":"https:\/\/www.infolocale.fr\/blog\/#website","url":"https:\/\/www.infolocale.fr\/blog\/","name":"","description":"","publisher":{"@id":"https:\/\/www.infolocale.fr\/blog\/#organization"},"potentialAction":[{"@type":"SearchAction","target":{"@type":"EntryPoint","urlTemplate":"https:\/\/www.infolocale.fr\/blog\/?s={search_term_string}"},"query-input":"required name=search_term_string"}],"inLanguage":"fr-FR"},{"@type":"Organization","@id":"https:\/\/www.infolocale.fr\/blog\/#organization","name":"Infolocale","url":"https:\/\/www.infolocale.fr\/blog\/","logo":{"@type":"ImageObject","inLanguage":"fr-FR","@id":"https:\/\/www.infolocale.fr\/blog\/#\/schema\/logo\/image\/","url":"https:\/\/www.infolocale.fr\/blog\/wp-content\/uploads\/2020\/11\/logol.jpg","contentUrl":"https:\/\/www.infolocale.fr\/blog\/wp-content\/uploads\/2020\/11\/logol.jpg","width":1031,"height":398,"caption":"Infolocale"},"image":{"@id":"https:\/\/www.infolocale.fr\/blog\/#\/schema\/logo\/image\/"},"sameAs":["https:\/\/www.facebook.com\/infolocaleFR\/","https:\/\/x.com\/infolocale","https:\/\/www.instagram.com\/infolocale\/","https:\/\/fr.linkedin.com\/company\/infolocale","https:\/\/www.youtube.com\/channel\/UCnv4FA8EYEuu_si3TGr7xeA"]},{"@type":"Person","@id":"https:\/\/www.infolocale.fr\/blog\/#\/schema\/person\/f0f748ece99417833166b3ba8890f3db","name":"Morgan","image":{"@type":"ImageObject","inLanguage":"fr-FR","@id":"https:\/\/www.infolocale.fr\/blog\/#\/schema\/person\/image\/","url":"https:\/\/secure.gravatar.com\/avatar\/a22ec2a0cc817ae9fa3ff7341a213632?s=96&d=mm&r=g","contentUrl":"https:\/\/secure.gravatar.com\/avatar\/a22ec2a0cc817ae9fa3ff7341a213632?s=96&d=mm&r=g","caption":"Morgan"},"url":"https:\/\/infolocale.20minutes.fr\/blog\/author\/morgan-delepine\/"}]}},"_links":{"self":[{"href":"https:\/\/infolocale.20minutes.fr\/blog\/wp-json\/wp\/v2\/posts\/18109"}],"collection":[{"href":"https:\/\/infolocale.20minutes.fr\/blog\/wp-json\/wp\/v2\/posts"}],"about":[{"href":"https:\/\/infolocale.20minutes.fr\/blog\/wp-json\/wp\/v2\/types\/post"}],"author":[{"embeddable":true,"href":"https:\/\/infolocale.20minutes.fr\/blog\/wp-json\/wp\/v2\/users\/2"}],"replies":[{"embeddable":true,"href":"https:\/\/infolocale.20minutes.fr\/blog\/wp-json\/wp\/v2\/comments?post=18109"}],"version-history":[{"count":0,"href":"https:\/\/infolocale.20minutes.fr\/blog\/wp-json\/wp\/v2\/posts\/18109\/revisions"}],"wp:featuredmedia":[{"embeddable":true,"href":"https:\/\/infolocale.20minutes.fr\/blog\/wp-json\/wp\/v2\/media\/18112"}],"wp:attachment":[{"href":"https:\/\/infolocale.20minutes.fr\/blog\/wp-json\/wp\/v2\/media?parent=18109"}],"wp:term":[{"taxonomy":"category","embeddable":true,"href":"https:\/\/infolocale.20minutes.fr\/blog\/wp-json\/wp\/v2\/categories?post=18109"},{"taxonomy":"post_tag","embeddable":true,"href":"https:\/\/infolocale.20minutes.fr\/blog\/wp-json\/wp\/v2\/tags?post=18109"}],"curies":[{"name":"wp","href":"https:\/\/api.w.org\/{rel}","templated":true}]}}