{"id":18104,"date":"2022-03-22T09:54:54","date_gmt":"2022-03-22T08:54:54","guid":{"rendered":"https:\/\/www.infolocale.fr\/blog\/?p=18104"},"modified":"2023-03-30T18:19:28","modified_gmt":"2023-03-30T16:19:28","slug":"responsabilite-financiere-association","status":"publish","type":"post","link":"https:\/\/infolocale.20minutes.fr\/blog\/responsabilite-financiere-association\/","title":{"rendered":"Responsabilit\u00e9 financi\u00e8re en association"},"content":{"rendered":"\n<p><strong>Responsabilit\u00e9 financi\u00e8re en association : Quels risques pour les dirigeants ? <\/strong><\/p>\n\n\n\n<p class=\"has-black-color has-text-color has-background\" style=\"background-color:#a1d5f5\">Au regard de la loi, une association est une personne morale.\u00a0Dans une association, les dirigeants sont r\u00e9partis en deux cat\u00e9gories. Les premiers sont les dirigeants de droit ; ils sont officiellement \u00e9lus. Les seconds sont les dirigeants de fait. Ceux-ci ne poss\u00e8dent pas de mandat, mais peuvent \u00eatre consid\u00e9r\u00e9s comme l\u00e9galement responsables de leurs actions. En termes de responsabilit\u00e9s financi\u00e8res, un dirigeant peut \u00eatre consid\u00e9r\u00e9 comme responsable et \u00eatre amen\u00e9 \u00e0 payer les dettes de son association sur son patrimoine personnel. Si les dirigeants se portent caution ou si l&rsquo;on observe une faute de gestion ; alors c&rsquo;est la responsabilit\u00e9 financi\u00e8re du dirigeant qui est mise en cause. Il existe \u00e0 ce sujet deux formes de responsabilit\u00e9s financi\u00e8res : la responsabilit\u00e9 en mati\u00e8re fiscale et celle en cas de redressement judiciaire.<\/p>\n\n\n\n<div class=\"wp-block-buttons is-horizontal is-content-justification-center is-layout-flex wp-container-core-buttons-is-layout-1 wp-block-buttons-is-layout-flex\">\n<div class=\"wp-block-button\"><a class=\"wp-block-button__link has-white-color has-luminous-vivid-amber-background-color has-text-color has-background wp-element-button\"><strong>&gt;&gt;Inscrire mon asso \u00e0 Infolocale <\/strong><\/a><\/div>\n<\/div>\n\n\n\n<h2 class=\"wp-block-heading\"><strong>\u00catre dirigeant d\u2019une association : Qu\u2019est-ce que cela implique ?&nbsp;<\/strong>&nbsp;<\/h2>\n\n\n\n<p>Les dirigeants sont en charge de l\u2019administration et de la direction de leur association. Un dirigeant sera, dans la majeure partie des cas, d\u00e9sign\u00e9 par les membres d\u2019une association ou par ses administrateurs. La fonction de dirigeant comprend de nombreuses responsabilit\u00e9s \u00e0 conna\u00eetre avant de s\u2019investir dans ces fonctions. Outre la responsabilit\u00e9 <a href=\"https:\/\/www.infolocale.fr\/blog\/responsabilite-penale-civile-association\/\" target=\"_blank\" rel=\"noreferrer noopener\">civile et p\u00e9nale<\/a> vous devrez assumer la responsabilit\u00e9 financi\u00e8re que peuvent avoir vos actions.&nbsp;&nbsp;<\/p>\n\n\n\n<p>La responsabilit\u00e9 financi\u00e8re est un sujet pouvant nourrir un certain nombre de questions au sein d\u2019une association. Mais pas d\u2019inqui\u00e9tude ! Abordons plus en d\u00e9tail cette notion !<\/p>\n\n\n\n<h3 class=\"wp-block-heading\">Diff\u00e9rence entre le dirigeant de fait et le dirigeant de droit<\/h3>\n\n\n\n<p>Tout d\u2019abord, on consid\u00e8re une association comme une personne morale. En tant que personne morale, celle-ci est responsable de ses engagements financiers.\u00a0Dans ce domaine, les fautes peuvent reposer sur deux types diff\u00e9rents de personnes : les <a href=\"https:\/\/www.infolocale.fr\/blog\/dirigeant-de-fait-association\/\">dirigeant de fait<\/a> et les dirigeants de droit. <\/p>\n\n\n\n<p>Le dirigeant de fait est une personne dont les statuts ne d\u00e9terminent pas sa fonction de dirigeant, mais qui en rempli tout de m\u00eame les fonctions. Le dirigeant de fait tient son pouvoir d&rsquo;une habitude. Cela peut \u00eatre un b\u00e9n\u00e9vole qui prend en charge certaines responsabilit\u00e9s dans l&rsquo;association ou un employ\u00e9, qui aura des responsabilit\u00e9 ne lui ayant pas \u00e9t\u00e9 confi\u00e9es par un mandat de l&rsquo;assembl\u00e9e g\u00e9n\u00e9rale.<\/p>\n\n\n\n<p>Il n&rsquo;y a pas de r\u00e8gle absolue, mais il peut arriver qu&rsquo;un dirigeant de fait se retrouve avec un certain nombre de responsabilit\u00e9s pouvant avoir un impact financier telles que :\u00a0\u00a0<\/p>\n\n\n\n<ul class=\"wp-block-list\"><li>Signer des ch\u00e8ques&nbsp;<\/li><li>Proc\u00e9der au recrutement ou cong\u00e9dier des salari\u00e9s de l\u2019association&nbsp;&nbsp;<\/li><li>Repr\u00e9senter son association aupr\u00e8s du <a href=\"https:\/\/www.infolocale.fr\/blog\/conseil-dadministration-association\/\" target=\"_blank\" rel=\"noreferrer noopener\">conseil d\u2019administration<\/a>&nbsp;&nbsp;<\/li><li>Proc\u00e9der \u00e0 la signature de nouveaux contrats&nbsp;<\/li><\/ul>\n\n\n\n<p>Le dirigeant de droit lui, est une personne dont le pouvoir provient d&rsquo;un mandat obtenu officiellement lors d&rsquo;un vote de l&rsquo;assembl\u00e9e g\u00e9n\u00e9rale. Ce sera le cas pour un tr\u00e9sorier, un pr\u00e9sident, un secr\u00e9taire ou encore pour un membre du conseil d\u2019administration.<\/p>\n\n\n<div class=\"wp-block-image is-resized\">\n<figure class=\"aligncenter size-large has-lightbox\"><a href=\"https:\/\/www.infolocale.fr\/decouvrir\/deposant\/?utm_source=blog&amp;utm_medium=banner&amp;utm_campaign=blog-content\"><img fetchpriority=\"high\" decoding=\"async\" width=\"1024\" height=\"1024\" src=\"https:\/\/www.infolocale.fr\/blog\/wp-content\/uploads\/2021\/11\/banniere-NLDASSO-carree1500x1500-1024x1024.jpg\" alt=\"\" class=\"wp-image-23946\" srcset=\"https:\/\/infolocale.20minutes.fr\/blog\/wp-content\/uploads\/2021\/11\/banniere-NLDASSO-carree1500x1500-1024x1024.jpg 1024w, https:\/\/infolocale.20minutes.fr\/blog\/wp-content\/uploads\/2021\/11\/banniere-NLDASSO-carree1500x1500-300x300.jpg 300w, https:\/\/infolocale.20minutes.fr\/blog\/wp-content\/uploads\/2021\/11\/banniere-NLDASSO-carree1500x1500-150x150.jpg 150w, https:\/\/infolocale.20minutes.fr\/blog\/wp-content\/uploads\/2021\/11\/banniere-NLDASSO-carree1500x1500-768x768.jpg 768w, https:\/\/infolocale.20minutes.fr\/blog\/wp-content\/uploads\/2021\/11\/banniere-NLDASSO-carree1500x1500.jpg 1500w\" sizes=\"(max-width: 1024px) 100vw, 1024px\" \/><\/a><\/figure><\/div>\n\n\n<h2 class=\"wp-block-heading\">Mise en cause de la responsabilit\u00e9 financi\u00e8re des dirigeants : Quels sont les diff\u00e9rents cas de figure ? <\/h2>\n\n\n\n<p>Le plus souvent, les personnes responsables des finances de votre association sont :<\/p>\n\n\n\n<ul class=\"wp-block-list\"><li>Le <a href=\"https:\/\/www.infolocale.fr\/blog\/president-association-role-responsabilites\/\" target=\"_blank\" rel=\"noreferrer noopener\">pr\u00e9sident<\/a>, il est le responsable l\u00e9gal et financier d\u2019une asso&nbsp;&nbsp;<\/li><li>Le <a href=\"https:\/\/www.infolocale.fr\/blog\/tresorier-association-responsabilites-risques\/\" target=\"_blank\" rel=\"noreferrer noopener\">tr\u00e9sorier<\/a>, qui engage sa responsabilit\u00e9 du fait de sa gestion des comptes de l\u2019association&nbsp;<\/li><li>Le directeur, si le pr\u00e9sident lui en a d\u00e9l\u00e9gu\u00e9 la responsabilit\u00e9&nbsp;<\/li><li>Le comptable, qui a des responsabilit\u00e9s importantes quant \u00e0 la situation financi\u00e8re de l\u2019association.&nbsp;&nbsp;<\/li><\/ul>\n\n\n\n<p>Il existe trois situations mettant en cause la responsabilit\u00e9 financi\u00e8re des dirigeants :&nbsp;&nbsp;<\/p>\n\n\n\n<ul class=\"wp-block-list\"><li>D\u00e8s lors qu&rsquo;on observe une faute de gestion<\/li><li>Si les dirigeants se sont port\u00e9s caution de l\u2019association&nbsp;<\/li><li>Ou lorsqu\u2019un dirigeant se rend coupable de fraude fiscale&nbsp;&nbsp;<\/li><\/ul>\n\n\n\n<h3 class=\"wp-block-heading\"><strong>Le dirigeant commet une faute de gestion :&nbsp;<\/strong>&nbsp;<\/h3>\n\n\n\n<p>Lorsqu\u2019une faute de gestion entra\u00eene une liquidation ou un redressement judiciaire, alors la responsabilit\u00e9 financi\u00e8re du dirigeant est engag\u00e9e. Dans ce cas, le dirigeant est souvent amen\u00e9 \u00e0 supporter les dettes de son association. Ces fautes de gestions peuvent \u00eatre de plusieurs ordres :&nbsp;&nbsp;<\/p>\n\n\n\n<ul class=\"wp-block-list\"><li>Violation des statuts \u00e9tablis par l\u2019association&nbsp;<\/li><li>Oubli d\u2019envoi des <a href=\"https:\/\/www.infolocale.fr\/blog\/convocation-assemblee-generale-association\/\" target=\"_blank\" rel=\"noreferrer noopener\">convocations d\u2019assembl\u00e9e g\u00e9n\u00e9rale&nbsp;<\/a>&nbsp;<\/li><li>Non-d\u00e9claration d\u2019un \u00e9tat de cessation de paiement&nbsp;<\/li><li>Non-paiement des charges&nbsp;&nbsp;<\/li><li>Inobservations graves et r\u00e9p\u00e9t\u00e9es de manquements aux obligations&nbsp;&nbsp;<\/li><li>La r\u00e9tention de documents&nbsp;&nbsp;<\/li><li>Manque de transparence en mati\u00e8re de gestion financi\u00e8re. Dans le cas d\u2019un dirigeant refusant de se soumettre \u00e0 la pr\u00e9sentation annuelle du <a href=\"https:\/\/www.infolocale.fr\/blog\/rapport-financier-annuel-association\/\" target=\"_blank\" rel=\"noreferrer noopener\">rapport financier<\/a> de sa structure par exemple.&nbsp;<\/li><\/ul>\n\n\n\n<p>Enfin ayez en t\u00eate qu\u2019en tant que dirigeant d\u2019une association, vous devez redoubler de vigilance. En effet, une simple n\u00e9gligence peut \u00eatre lourde de cons\u00e9quences.&nbsp;&nbsp;<\/p>\n\n\n\n<h3 class=\"wp-block-heading\"><strong>Le dirigeant se porte personnellement caution :&nbsp;&nbsp;<\/strong><\/h3>\n\n\n\n<p>Se porter caution n\u2019est pas un acte anodin, il faudra d\u2019ailleurs qu\u2019un notaire en r\u00e9dige l\u2019acte.&nbsp;&nbsp;<\/p>\n\n\n\n<p>En se portant caution, un dirigeant s\u2019engage \u00e0 honorer les dettes de son association, dans le cas o\u00f9 celle-ci serait en incapacit\u00e9 de les rembourser.&nbsp;&nbsp;<\/p>\n\n\n\n<p>En cas de redressement ou liquidation judiciaire le risque est d\u2019\u00eatre poursuivi et saisi sur des biens personnels.&nbsp;<\/p>\n\n\n\n<p>La d\u00e9cision de se porter caution doit donc \u00eatre murement r\u00e9fl\u00e9chie et en connaissance des risques que vous encourez. <\/p>\n\n\n\n<h3 class=\"wp-block-heading\"><strong>Le dirigeant est coupable de fraude fiscale :<\/strong>&nbsp;&nbsp;<\/h3>\n\n\n\n<p>Dans le domaine associatif la fraude fiscale est un d\u00e9lit pouvant entra\u00eener des sanctions financi\u00e8res \u00e0 votre encontre.&nbsp;&nbsp;<\/p>\n\n\n\n<p>En tant que dirigeant, vous aurez donc l\u2019obligation de ne pas vous rendre coupable d\u2019un certain nombre d\u2019actes. Votre responsabilit\u00e9 financi\u00e8re en mati\u00e8re fiscale peut \u00eatre engag\u00e9e dans le cas de :&nbsp;&nbsp;<\/p>\n\n\n\n<ul class=\"wp-block-list\"><li>D\u00e9tournement de fond&nbsp;&nbsp;<\/li><li>Retard de paiement&nbsp;&nbsp;<\/li><li>Retard de d\u00e9claration d\u2019imp\u00f4t&nbsp;&nbsp;<\/li><li>Falsification de d\u00e9claration fiscale&nbsp;<\/li><li>Dissimulation volontaire de revenus ou de biens soumis \u00e0 l\u2019imposition.&nbsp;<\/li><li>Retarder l\u2019ouverture d\u2019une proc\u00e9dure judiciaire en cas de redressement ou liquidation judiciaire&nbsp;<\/li><li>Participation \u00e0 des facturations fictives&nbsp;<\/li><li>Tenir une comptabilit\u00e9 fictive ou volontairement incompl\u00e8te&nbsp;<\/li><li>Faire dispara\u00eetre ou dissimuler des documents financiers.&nbsp;<\/li><\/ul>\n\n\n\n<p>Un manquement volontaire \u00e0 vos obligations peut vous faire encourir une majoration d\u2019imp\u00f4t de 40%. Dans certains cas un comportement frauduleux peut entra\u00eener jusqu\u2019\u00e0 5 ans d\u2019emprisonnement et 500 000\u20ac d\u2019amende&nbsp;<\/p>\n\n\n\n<p>Souvent le d\u00e9tournement de fond est \u00e9galement associ\u00e9 \u00e0 un abus de confiance. Dans une telle situation vous risquez donc jusqu\u2019\u00e0 3 ans d\u2019emprisonnement et 375 000\u20ac d\u2019amende.&nbsp;<\/p>\n\n\n\n<p>En bref, pour \u00e9viter tout probl\u00e8me, ne tentez en aucun cas de contourner vos obligations fiscales ! Veillez \u00e0 \u00eatre d\u2019une transparence totale et pensez \u00e0 d\u00e9clarer en temps et en heure vos revenus et biens imposables.&nbsp;<\/p>\n","protected":false},"excerpt":{"rendered":"<p>Responsabilit\u00e9 financi\u00e8re en association : Quels risques pour les dirigeants ? Au regard de la loi, une association est une personne morale.\u00a0Dans une association, les [&hellip;]<\/p>\n","protected":false},"author":14,"featured_media":18106,"comment_status":"open","ping_status":"open","sticky":false,"template":"","format":"standard","meta":{"_coblocks_attr":"","_coblocks_dimensions":"","_coblocks_responsive_height":"","_coblocks_accordion_ie_support":"","_mo_disable_npp":"","footnotes":""},"categories":[74],"tags":[103],"class_list":["post-18104","post","type-post","status-publish","format-standard","has-post-thumbnail","hentry","category-creer-et-administrer-une-association-1901","tag-responsabilite"],"yoast_head":"<!-- This site is optimized with the Yoast SEO plugin v23.2 - https:\/\/yoast.com\/wordpress\/plugins\/seo\/ -->\n<title>Responsabilit\u00e9 financi\u00e8re en association |<\/title>\n<meta name=\"description\" content=\"Responsabilit\u00e9 financi\u00e8re en association : Une association est consid\u00e9r\u00e9e comme personne morale au regard de la loi.\" \/>\n<meta name=\"robots\" content=\"index, follow, max-snippet:-1, max-image-preview:large, max-video-preview:-1\" \/>\n<link rel=\"canonical\" href=\"https:\/\/infolocale.ouest-france.fr\/blog\/responsabilite-financiere-association\/\" \/>\n<meta property=\"og:locale\" content=\"fr_FR\" \/>\n<meta property=\"og:type\" content=\"article\" \/>\n<meta property=\"og:title\" content=\"Responsabilit\u00e9 financi\u00e8re en association |\" \/>\n<meta property=\"og:description\" content=\"Responsabilit\u00e9 financi\u00e8re en association : Une association est consid\u00e9r\u00e9e comme personne morale au regard de la loi.\" \/>\n<meta property=\"og:url\" content=\"https:\/\/infolocale.ouest-france.fr\/blog\/responsabilite-financiere-association\/\" \/>\n<meta property=\"article:publisher\" content=\"https:\/\/www.facebook.com\/infolocaleFR\/\" \/>\n<meta property=\"article:published_time\" content=\"2022-03-22T08:54:54+00:00\" \/>\n<meta property=\"article:modified_time\" content=\"2023-03-30T16:19:28+00:00\" \/>\n<meta property=\"og:image\" content=\"https:\/\/infolocale.ouest-france.fr\/blog\/wp-content\/uploads\/2022\/03\/Dirigeant-association.png\" \/>\n\t<meta property=\"og:image:width\" content=\"900\" \/>\n\t<meta property=\"og:image:height\" content=\"630\" \/>\n\t<meta property=\"og:image:type\" content=\"image\/png\" \/>\n<meta name=\"author\" content=\"Margot\" \/>\n<meta name=\"twitter:card\" content=\"summary_large_image\" \/>\n<meta name=\"twitter:creator\" content=\"@infolocale\" \/>\n<meta name=\"twitter:site\" content=\"@infolocale\" \/>\n<meta name=\"twitter:label1\" content=\"\u00c9crit par\" \/>\n\t<meta name=\"twitter:data1\" content=\"Margot\" \/>\n\t<meta name=\"twitter:label2\" content=\"Dur\u00e9e de lecture estim\u00e9e\" \/>\n\t<meta name=\"twitter:data2\" content=\"6 minutes\" \/>\n<script type=\"application\/ld+json\" class=\"yoast-schema-graph\">{\"@context\":\"https:\/\/schema.org\",\"@graph\":[{\"@type\":\"Article\",\"@id\":\"https:\/\/infolocale.ouest-france.fr\/blog\/responsabilite-financiere-association\/#article\",\"isPartOf\":{\"@id\":\"https:\/\/infolocale.ouest-france.fr\/blog\/responsabilite-financiere-association\/\"},\"author\":{\"name\":\"Margot\",\"@id\":\"https:\/\/www.infolocale.fr\/blog\/#\/schema\/person\/ef7bae7d23a1485da4c2c6640f73e989\"},\"headline\":\"Responsabilit\u00e9 financi\u00e8re en association\",\"datePublished\":\"2022-03-22T08:54:54+00:00\",\"dateModified\":\"2023-03-30T16:19:28+00:00\",\"mainEntityOfPage\":{\"@id\":\"https:\/\/infolocale.ouest-france.fr\/blog\/responsabilite-financiere-association\/\"},\"wordCount\":1195,\"commentCount\":1,\"publisher\":{\"@id\":\"https:\/\/www.infolocale.fr\/blog\/#organization\"},\"image\":{\"@id\":\"https:\/\/infolocale.ouest-france.fr\/blog\/responsabilite-financiere-association\/#primaryimage\"},\"thumbnailUrl\":\"https:\/\/infolocale.20minutes.fr\/blog\/wp-content\/uploads\/2022\/03\/Dirigeant-association.png\",\"keywords\":[\"Responsabilit\u00e9\"],\"articleSection\":[\"Cr\u00e9er et g\u00e9rer une association\"],\"inLanguage\":\"fr-FR\",\"potentialAction\":[{\"@type\":\"CommentAction\",\"name\":\"Comment\",\"target\":[\"https:\/\/infolocale.ouest-france.fr\/blog\/responsabilite-financiere-association\/#respond\"]}]},{\"@type\":\"WebPage\",\"@id\":\"https:\/\/infolocale.ouest-france.fr\/blog\/responsabilite-financiere-association\/\",\"url\":\"https:\/\/infolocale.ouest-france.fr\/blog\/responsabilite-financiere-association\/\",\"name\":\"Responsabilit\u00e9 financi\u00e8re en association |\",\"isPartOf\":{\"@id\":\"https:\/\/www.infolocale.fr\/blog\/#website\"},\"primaryImageOfPage\":{\"@id\":\"https:\/\/infolocale.ouest-france.fr\/blog\/responsabilite-financiere-association\/#primaryimage\"},\"image\":{\"@id\":\"https:\/\/infolocale.ouest-france.fr\/blog\/responsabilite-financiere-association\/#primaryimage\"},\"thumbnailUrl\":\"https:\/\/infolocale.20minutes.fr\/blog\/wp-content\/uploads\/2022\/03\/Dirigeant-association.png\",\"datePublished\":\"2022-03-22T08:54:54+00:00\",\"dateModified\":\"2023-03-30T16:19:28+00:00\",\"description\":\"Responsabilit\u00e9 financi\u00e8re en association : Une association est consid\u00e9r\u00e9e comme personne morale au regard de la loi.\",\"breadcrumb\":{\"@id\":\"https:\/\/infolocale.ouest-france.fr\/blog\/responsabilite-financiere-association\/#breadcrumb\"},\"inLanguage\":\"fr-FR\",\"potentialAction\":[{\"@type\":\"ReadAction\",\"target\":[\"https:\/\/infolocale.ouest-france.fr\/blog\/responsabilite-financiere-association\/\"]}]},{\"@type\":\"ImageObject\",\"inLanguage\":\"fr-FR\",\"@id\":\"https:\/\/infolocale.ouest-france.fr\/blog\/responsabilite-financiere-association\/#primaryimage\",\"url\":\"https:\/\/infolocale.20minutes.fr\/blog\/wp-content\/uploads\/2022\/03\/Dirigeant-association.png\",\"contentUrl\":\"https:\/\/infolocale.20minutes.fr\/blog\/wp-content\/uploads\/2022\/03\/Dirigeant-association.png\",\"width\":900,\"height\":630,\"caption\":\"Responsabilit\u00e9 financi\u00e8re en association : Quels risques pour les dirigeants ?\"},{\"@type\":\"BreadcrumbList\",\"@id\":\"https:\/\/infolocale.ouest-france.fr\/blog\/responsabilite-financiere-association\/#breadcrumb\",\"itemListElement\":[{\"@type\":\"ListItem\",\"position\":1,\"name\":\"Blog\",\"item\":\"https:\/\/infolocale.ouest-france.fr\/blog\/\"},{\"@type\":\"ListItem\",\"position\":2,\"name\":\"Cr\u00e9er et g\u00e9rer une association\",\"item\":\"https:\/\/infolocale.ouest-france.fr\/blog\/cat\/creer-et-administrer-une-association-1901\/\"},{\"@type\":\"ListItem\",\"position\":3,\"name\":\"Responsabilit\u00e9 financi\u00e8re en association\"}]},{\"@type\":\"WebSite\",\"@id\":\"https:\/\/www.infolocale.fr\/blog\/#website\",\"url\":\"https:\/\/www.infolocale.fr\/blog\/\",\"name\":\"\",\"description\":\"\",\"publisher\":{\"@id\":\"https:\/\/www.infolocale.fr\/blog\/#organization\"},\"potentialAction\":[{\"@type\":\"SearchAction\",\"target\":{\"@type\":\"EntryPoint\",\"urlTemplate\":\"https:\/\/www.infolocale.fr\/blog\/?s={search_term_string}\"},\"query-input\":\"required name=search_term_string\"}],\"inLanguage\":\"fr-FR\"},{\"@type\":\"Organization\",\"@id\":\"https:\/\/www.infolocale.fr\/blog\/#organization\",\"name\":\"Infolocale\",\"url\":\"https:\/\/www.infolocale.fr\/blog\/\",\"logo\":{\"@type\":\"ImageObject\",\"inLanguage\":\"fr-FR\",\"@id\":\"https:\/\/www.infolocale.fr\/blog\/#\/schema\/logo\/image\/\",\"url\":\"https:\/\/www.infolocale.fr\/blog\/wp-content\/uploads\/2020\/11\/logol.jpg\",\"contentUrl\":\"https:\/\/www.infolocale.fr\/blog\/wp-content\/uploads\/2020\/11\/logol.jpg\",\"width\":1031,\"height\":398,\"caption\":\"Infolocale\"},\"image\":{\"@id\":\"https:\/\/www.infolocale.fr\/blog\/#\/schema\/logo\/image\/\"},\"sameAs\":[\"https:\/\/www.facebook.com\/infolocaleFR\/\",\"https:\/\/x.com\/infolocale\",\"https:\/\/www.instagram.com\/infolocale\/\",\"https:\/\/fr.linkedin.com\/company\/infolocale\",\"https:\/\/www.youtube.com\/channel\/UCnv4FA8EYEuu_si3TGr7xeA\"]},{\"@type\":\"Person\",\"@id\":\"https:\/\/www.infolocale.fr\/blog\/#\/schema\/person\/ef7bae7d23a1485da4c2c6640f73e989\",\"name\":\"Margot\",\"image\":{\"@type\":\"ImageObject\",\"inLanguage\":\"fr-FR\",\"@id\":\"https:\/\/www.infolocale.fr\/blog\/#\/schema\/person\/image\/\",\"url\":\"https:\/\/secure.gravatar.com\/avatar\/fd7a814627870ba8c5cb11cb724ee955?s=96&d=mm&r=g\",\"contentUrl\":\"https:\/\/secure.gravatar.com\/avatar\/fd7a814627870ba8c5cb11cb724ee955?s=96&d=mm&r=g\",\"caption\":\"Margot\"},\"sameAs\":[\"https:\/\/www.infolocale.fr\/blog\/\"],\"url\":\"https:\/\/infolocale.20minutes.fr\/blog\/author\/margot-cueff\/\"}]}<\/script>\n<!-- \/ Yoast SEO plugin. -->","yoast_head_json":{"title":"Responsabilit\u00e9 financi\u00e8re en association |","description":"Responsabilit\u00e9 financi\u00e8re en association : Une association est consid\u00e9r\u00e9e comme personne morale au regard de la loi.","robots":{"index":"index","follow":"follow","max-snippet":"max-snippet:-1","max-image-preview":"max-image-preview:large","max-video-preview":"max-video-preview:-1"},"canonical":"https:\/\/infolocale.ouest-france.fr\/blog\/responsabilite-financiere-association\/","og_locale":"fr_FR","og_type":"article","og_title":"Responsabilit\u00e9 financi\u00e8re en association |","og_description":"Responsabilit\u00e9 financi\u00e8re en association : Une association est consid\u00e9r\u00e9e comme personne morale au regard de la loi.","og_url":"https:\/\/infolocale.ouest-france.fr\/blog\/responsabilite-financiere-association\/","article_publisher":"https:\/\/www.facebook.com\/infolocaleFR\/","article_published_time":"2022-03-22T08:54:54+00:00","article_modified_time":"2023-03-30T16:19:28+00:00","og_image":[{"width":900,"height":630,"url":"https:\/\/infolocale.ouest-france.fr\/blog\/wp-content\/uploads\/2022\/03\/Dirigeant-association.png","type":"image\/png"}],"author":"Margot","twitter_card":"summary_large_image","twitter_creator":"@infolocale","twitter_site":"@infolocale","twitter_misc":{"\u00c9crit par":"Margot","Dur\u00e9e de lecture estim\u00e9e":"6 minutes"},"schema":{"@context":"https:\/\/schema.org","@graph":[{"@type":"Article","@id":"https:\/\/infolocale.ouest-france.fr\/blog\/responsabilite-financiere-association\/#article","isPartOf":{"@id":"https:\/\/infolocale.ouest-france.fr\/blog\/responsabilite-financiere-association\/"},"author":{"name":"Margot","@id":"https:\/\/www.infolocale.fr\/blog\/#\/schema\/person\/ef7bae7d23a1485da4c2c6640f73e989"},"headline":"Responsabilit\u00e9 financi\u00e8re en association","datePublished":"2022-03-22T08:54:54+00:00","dateModified":"2023-03-30T16:19:28+00:00","mainEntityOfPage":{"@id":"https:\/\/infolocale.ouest-france.fr\/blog\/responsabilite-financiere-association\/"},"wordCount":1195,"commentCount":1,"publisher":{"@id":"https:\/\/www.infolocale.fr\/blog\/#organization"},"image":{"@id":"https:\/\/infolocale.ouest-france.fr\/blog\/responsabilite-financiere-association\/#primaryimage"},"thumbnailUrl":"https:\/\/infolocale.20minutes.fr\/blog\/wp-content\/uploads\/2022\/03\/Dirigeant-association.png","keywords":["Responsabilit\u00e9"],"articleSection":["Cr\u00e9er et g\u00e9rer une association"],"inLanguage":"fr-FR","potentialAction":[{"@type":"CommentAction","name":"Comment","target":["https:\/\/infolocale.ouest-france.fr\/blog\/responsabilite-financiere-association\/#respond"]}]},{"@type":"WebPage","@id":"https:\/\/infolocale.ouest-france.fr\/blog\/responsabilite-financiere-association\/","url":"https:\/\/infolocale.ouest-france.fr\/blog\/responsabilite-financiere-association\/","name":"Responsabilit\u00e9 financi\u00e8re en association |","isPartOf":{"@id":"https:\/\/www.infolocale.fr\/blog\/#website"},"primaryImageOfPage":{"@id":"https:\/\/infolocale.ouest-france.fr\/blog\/responsabilite-financiere-association\/#primaryimage"},"image":{"@id":"https:\/\/infolocale.ouest-france.fr\/blog\/responsabilite-financiere-association\/#primaryimage"},"thumbnailUrl":"https:\/\/infolocale.20minutes.fr\/blog\/wp-content\/uploads\/2022\/03\/Dirigeant-association.png","datePublished":"2022-03-22T08:54:54+00:00","dateModified":"2023-03-30T16:19:28+00:00","description":"Responsabilit\u00e9 financi\u00e8re en association : Une association est consid\u00e9r\u00e9e comme personne morale au regard de la loi.","breadcrumb":{"@id":"https:\/\/infolocale.ouest-france.fr\/blog\/responsabilite-financiere-association\/#breadcrumb"},"inLanguage":"fr-FR","potentialAction":[{"@type":"ReadAction","target":["https:\/\/infolocale.ouest-france.fr\/blog\/responsabilite-financiere-association\/"]}]},{"@type":"ImageObject","inLanguage":"fr-FR","@id":"https:\/\/infolocale.ouest-france.fr\/blog\/responsabilite-financiere-association\/#primaryimage","url":"https:\/\/infolocale.20minutes.fr\/blog\/wp-content\/uploads\/2022\/03\/Dirigeant-association.png","contentUrl":"https:\/\/infolocale.20minutes.fr\/blog\/wp-content\/uploads\/2022\/03\/Dirigeant-association.png","width":900,"height":630,"caption":"Responsabilit\u00e9 financi\u00e8re en association : Quels risques pour les dirigeants ?"},{"@type":"BreadcrumbList","@id":"https:\/\/infolocale.ouest-france.fr\/blog\/responsabilite-financiere-association\/#breadcrumb","itemListElement":[{"@type":"ListItem","position":1,"name":"Blog","item":"https:\/\/infolocale.ouest-france.fr\/blog\/"},{"@type":"ListItem","position":2,"name":"Cr\u00e9er et g\u00e9rer une association","item":"https:\/\/infolocale.ouest-france.fr\/blog\/cat\/creer-et-administrer-une-association-1901\/"},{"@type":"ListItem","position":3,"name":"Responsabilit\u00e9 financi\u00e8re en association"}]},{"@type":"WebSite","@id":"https:\/\/www.infolocale.fr\/blog\/#website","url":"https:\/\/www.infolocale.fr\/blog\/","name":"","description":"","publisher":{"@id":"https:\/\/www.infolocale.fr\/blog\/#organization"},"potentialAction":[{"@type":"SearchAction","target":{"@type":"EntryPoint","urlTemplate":"https:\/\/www.infolocale.fr\/blog\/?s={search_term_string}"},"query-input":"required name=search_term_string"}],"inLanguage":"fr-FR"},{"@type":"Organization","@id":"https:\/\/www.infolocale.fr\/blog\/#organization","name":"Infolocale","url":"https:\/\/www.infolocale.fr\/blog\/","logo":{"@type":"ImageObject","inLanguage":"fr-FR","@id":"https:\/\/www.infolocale.fr\/blog\/#\/schema\/logo\/image\/","url":"https:\/\/www.infolocale.fr\/blog\/wp-content\/uploads\/2020\/11\/logol.jpg","contentUrl":"https:\/\/www.infolocale.fr\/blog\/wp-content\/uploads\/2020\/11\/logol.jpg","width":1031,"height":398,"caption":"Infolocale"},"image":{"@id":"https:\/\/www.infolocale.fr\/blog\/#\/schema\/logo\/image\/"},"sameAs":["https:\/\/www.facebook.com\/infolocaleFR\/","https:\/\/x.com\/infolocale","https:\/\/www.instagram.com\/infolocale\/","https:\/\/fr.linkedin.com\/company\/infolocale","https:\/\/www.youtube.com\/channel\/UCnv4FA8EYEuu_si3TGr7xeA"]},{"@type":"Person","@id":"https:\/\/www.infolocale.fr\/blog\/#\/schema\/person\/ef7bae7d23a1485da4c2c6640f73e989","name":"Margot","image":{"@type":"ImageObject","inLanguage":"fr-FR","@id":"https:\/\/www.infolocale.fr\/blog\/#\/schema\/person\/image\/","url":"https:\/\/secure.gravatar.com\/avatar\/fd7a814627870ba8c5cb11cb724ee955?s=96&d=mm&r=g","contentUrl":"https:\/\/secure.gravatar.com\/avatar\/fd7a814627870ba8c5cb11cb724ee955?s=96&d=mm&r=g","caption":"Margot"},"sameAs":["https:\/\/www.infolocale.fr\/blog\/"],"url":"https:\/\/infolocale.20minutes.fr\/blog\/author\/margot-cueff\/"}]}},"_links":{"self":[{"href":"https:\/\/infolocale.20minutes.fr\/blog\/wp-json\/wp\/v2\/posts\/18104"}],"collection":[{"href":"https:\/\/infolocale.20minutes.fr\/blog\/wp-json\/wp\/v2\/posts"}],"about":[{"href":"https:\/\/infolocale.20minutes.fr\/blog\/wp-json\/wp\/v2\/types\/post"}],"author":[{"embeddable":true,"href":"https:\/\/infolocale.20minutes.fr\/blog\/wp-json\/wp\/v2\/users\/14"}],"replies":[{"embeddable":true,"href":"https:\/\/infolocale.20minutes.fr\/blog\/wp-json\/wp\/v2\/comments?post=18104"}],"version-history":[{"count":0,"href":"https:\/\/infolocale.20minutes.fr\/blog\/wp-json\/wp\/v2\/posts\/18104\/revisions"}],"wp:featuredmedia":[{"embeddable":true,"href":"https:\/\/infolocale.20minutes.fr\/blog\/wp-json\/wp\/v2\/media\/18106"}],"wp:attachment":[{"href":"https:\/\/infolocale.20minutes.fr\/blog\/wp-json\/wp\/v2\/media?parent=18104"}],"wp:term":[{"taxonomy":"category","embeddable":true,"href":"https:\/\/infolocale.20minutes.fr\/blog\/wp-json\/wp\/v2\/categories?post=18104"},{"taxonomy":"post_tag","embeddable":true,"href":"https:\/\/infolocale.20minutes.fr\/blog\/wp-json\/wp\/v2\/tags?post=18104"}],"curies":[{"name":"wp","href":"https:\/\/api.w.org\/{rel}","templated":true}]}}