{"id":18097,"date":"2022-03-18T11:34:51","date_gmt":"2022-03-18T10:34:51","guid":{"rendered":"https:\/\/www.infolocale.fr\/blog\/?p=18097"},"modified":"2022-03-18T15:50:02","modified_gmt":"2022-03-18T14:50:02","slug":"journee-mondiale-poesie-evenement","status":"publish","type":"post","link":"https:\/\/infolocale.20minutes.fr\/blog\/journee-mondiale-poesie-evenement\/","title":{"rendered":"Journ\u00e9e mondiale de la po\u00e9sie : Quels \u00e9v\u00e8nements organiser ?"},"content":{"rendered":"\n<h2 class=\"wp-block-heading\">Qu&rsquo;est ce que la journ\u00e9e mondiale de la po\u00e9sie ? <\/h2>\n\n\n\n<p>Chaque ann\u00e9e, le 21 mars, \u00e0 l\u2019initiative de l\u2019UNESCO a&nbsp;lieu la journ\u00e9e mondiale de la po\u00e9sie. &nbsp;<\/p>\n\n\n\n<p>Cette journ\u00e9e est l\u2019occasion de c\u00e9l\u00e9brer l\u2019histoire et de promouvoir la diversit\u00e9 culturelle. Selon&nbsp;l\u2019UNESCO, elle a pour but de \u201cdonner une nouvelle reconnaissance et un nouvel \u00e9lan aux mouvements de po\u00e9sie nationaux, r\u00e9gionaux et internationaux\u201d. &nbsp;<\/p>\n\n\n\n<p>La journ\u00e9e mondiale de la po\u00e9sie vise \u00e0 : &nbsp;<\/p>\n\n\n\n<ul class=\"wp-block-list\"><li>Sensibiliser \u00e0 l\u2019art de la po\u00e9sie,&nbsp;<\/li><li>Encourager les lectures,&nbsp;<\/li><li>Provoquer des rencontres avec des&nbsp;auteurs contemporains,&nbsp;<\/li><\/ul>\n\n\n\n<p>D&rsquo;une part, le 21 mars a pour vocation de mettre davantage en lumi\u00e8re la po\u00e9sie au service de la culture et de&nbsp;la rendre accessible \u00e0 tous.<\/p>\n\n\n\n<p>D&rsquo;autre part, cette journ\u00e9e permet aussi&nbsp;de promouvoir les \u00e9diteurs, les grandes maisons d\u2019une part mais \u00e9galement les moins connues.&nbsp;<\/p>\n\n\n\n<p>Prendre de la hauteur et faire \u00e9merger l\u2019ouverture d\u2019esprit, c\u2019est tout l\u2019objectif des actions men\u00e9es&nbsp;pour&nbsp;la journ\u00e9e mondiale de la po\u00e9sie.&nbsp;<\/p>\n\n\n\n<h2 class=\"wp-block-heading\">Quels \u00e9v\u00e8nements organiser ? <\/h2>\n\n\n\n<p>Plusieurs typologies d&rsquo;\u00e9v\u00e8nements peuvent \u00eatre organis\u00e9es \u00e0 l&rsquo;occasion de cette journ\u00e9e mondiale de la po\u00e9sie 2022. <\/p>\n\n\n\n<p>De nombreux artistes, m\u00e9diath\u00e8ques, librairies, associations de lecture ou encore centres socioculturels ont d\u00e9j\u00e0 organis\u00e9 diverses manifestations : &nbsp;<\/p>\n\n\n\n<ul class=\"wp-block-list\"><li>Conf\u00e9rences\u00a0<\/li><li>Ateliers d&rsquo;\u00e9criture\u00a0<\/li><li>Concours\u00a0<\/li><li>Temps d&rsquo;\u00e9change avec des auteurs\u00a0<\/li><li>Lectures\u00a0<\/li><li>Documentaires autour de la po\u00e9sie<\/li><li>Repr\u00e9sentation th\u00e9\u00e2trale \u00a0<\/li><\/ul>\n\n\n\n<h3 class=\"wp-block-heading\">Organiser une conf\u00e9rence : <\/h3>\n\n\n\n<p>Et si vous profitiez de cette journ\u00e9e pour organiser des conf\u00e9rences au sein de votre association ou commune ? <\/p>\n\n\n\n<p>Une belle occasion de se rassembler autour d&rsquo;auteurs contemporains afin de d\u00e9crypter leurs \u0153uvres et en conna\u00eetre davantage sur leur mani\u00e8re de cr\u00e9er. <\/p>\n\n\n\n<p>Pour cela, vous pouvez solliciter diff\u00e9rents lieux tels que des m\u00e9diath\u00e8ques, biblioth\u00e8ques ou encore librairies afin d&rsquo;organiser votre conf\u00e9rence. <\/p>\n\n\n\n<h3 class=\"wp-block-heading\">Organiser un atelier d&rsquo;\u00e9criture : <\/h3>\n\n\n\n<p>Vous pouvez \u00e9galement choisir de mettre en place des ateliers d&rsquo;\u00e9criture avec les enfants mais \u00e9galement les adultes f\u00e9rus de po\u00e9sie. En effet la po\u00e9sie regorge de complexit\u00e9, alors n&rsquo;h\u00e9sitez pas \u00e0 en enseigner les diff\u00e9rents codes, styles po\u00e9tiques et \u00e9galement sa m\u00e9thodologie r\u00e9dactionnelle. <\/p>\n\n\n\n<h3 class=\"wp-block-heading\">Organiser des lectures : <\/h3>\n\n\n\n<p>Afin de c\u00e9l\u00e9brer la journ\u00e9e mondiale de la lecture vous aurez \u00e9galement l&rsquo;opportunit\u00e9 d&rsquo;organiser des lectures pour les petits et les grands. L&rsquo;occasion de r\u00e9fl\u00e9chir au poids des mots et de nourrir votre r\u00e9flexion artistique et philosophique gr\u00e2ce \u00e0 la lecture d&rsquo;\u0153uvres. <\/p>\n\n\n\n<p>N&rsquo;h\u00e9sitez pas \u00e0 vous rapprocher de m\u00e9diath\u00e8ques, librairies ou encore biblioth\u00e8ques afin de pouvoir organiser vos lectures. <\/p>\n\n\n\n<h3 class=\"wp-block-heading\">Documentaires autour de la po\u00e9sie : <\/h3>\n\n\n\n<p>Vous pouvez \u00e9galement programmer une projection de documentaires avec des passionn\u00e9s de po\u00e9sie. <\/p>\n\n\n\n<p>Une belle occasion de mettre davantage en lumi\u00e8re son histoire, ses diff\u00e9rents auteurs et ses \u00e9volutions au fil des \u00e9poques. <\/p>\n\n\n\n<h2 class=\"wp-block-heading\">Annoncez vos \u00e9v\u00e8nements sur Infolocale : <\/h2>\n\n\n\n<p>Quant \u00e0 vous, vous organisez un \u00e9v\u00e8nement \u00e0 l\u2019occasion de la journ\u00e9e mondiale de la po\u00e9sie ? Venez vite, l\u2019annoncer sur Infolocale ! &nbsp;<\/p>\n\n\n\n<p>Profitez&nbsp;de votre annonce gratuite dans l&rsquo;un des journaux du groupe Ouest-France et d&rsquo;une pr\u00e9sence sur internet jusqu&rsquo;au jour de votre \u00e9v\u00e8nement.&nbsp;Un excellent moyen de gagner en visibilit\u00e9 !&nbsp;<\/p>\n\n\n\n<p>Pour annoncer votre \u00e9v\u00e8nement : &nbsp;<\/p>\n\n\n\n<p>1\u00b0 Connectez-vous \u00e0 votre espace Infolocale.&nbsp;<br>2\u00b0 Cliquez sur \u00ab\u00a0J&rsquo;annonce\u00a0\u00bb pour cr\u00e9er votre nouvel \u00e9v\u00e8nement.&nbsp;<br>3\u00b0 S\u00e9lectionnez le th\u00e8me de l&rsquo;\u00e9v\u00e8nement que vous souhaitez annoncer.&nbsp;&nbsp;<br>4\u00b0 Enfin ajoutez la date, le lieu, le tarif, la description, le type de r\u00e9servation ainsi qu&rsquo;un compl\u00e9ment d&rsquo;information ou encore quelques photos pour votre \u00e9v\u00e8nement.&nbsp;<\/p>\n","protected":false},"excerpt":{"rendered":"<p>Journ\u00e9e mondiale de la po\u00e9sie : Quels \u00e9v\u00e8nements organiser ? <\/p>\n","protected":false},"author":14,"featured_media":18100,"comment_status":"open","ping_status":"open","sticky":false,"template":"","format":"standard","meta":{"_coblocks_attr":"","_coblocks_dimensions":"","_coblocks_responsive_height":"","_coblocks_accordion_ie_support":"","_mo_disable_npp":"","footnotes":""},"categories":[6],"tags":[],"class_list":["post-18097","post","type-post","status-publish","format-standard","has-post-thumbnail","hentry","category-actu-acteurs-locaux"],"yoast_head":"<!-- This site is optimized with the Yoast SEO plugin v23.2 - https:\/\/yoast.com\/wordpress\/plugins\/seo\/ -->\n<title>Journ\u00e9e mondiale de la po\u00e9sie : Quels \u00e9v\u00e8nements organiser ? |<\/title>\n<meta name=\"description\" content=\"Journ\u00e9e mondiale de la po\u00e9sie : Quels \u00e9v\u00e8nements organiser ? Chaque ann\u00e9e, le 21 mars, \u00e0 l\u2019initiative de l\u2019UNESCO a\u00a0lieu la journ\u00e9e mondiale de la po\u00e9sie.\u00a0Cette journ\u00e9e est l\u2019occasion de c\u00e9l\u00e9brer l\u2019histoire et de promouvoir la diversit\u00e9 culturelle.\" \/>\n<meta name=\"robots\" content=\"index, follow, max-snippet:-1, max-image-preview:large, max-video-preview:-1\" \/>\n<link rel=\"canonical\" href=\"https:\/\/www.infolocale.fr\/blog\/journee-mondiale-poesie-evenement\/\" \/>\n<meta property=\"og:locale\" content=\"fr_FR\" \/>\n<meta property=\"og:type\" content=\"article\" \/>\n<meta property=\"og:title\" content=\"Journ\u00e9e mondiale de la po\u00e9sie : Quels \u00e9v\u00e8nements organiser ? |\" \/>\n<meta property=\"og:description\" content=\"Journ\u00e9e mondiale de la po\u00e9sie : Quels \u00e9v\u00e8nements organiser ? Chaque ann\u00e9e, le 21 mars, \u00e0 l\u2019initiative de l\u2019UNESCO a\u00a0lieu la journ\u00e9e mondiale de la po\u00e9sie.\u00a0Cette journ\u00e9e est l\u2019occasion de c\u00e9l\u00e9brer l\u2019histoire et de promouvoir la diversit\u00e9 culturelle.\" \/>\n<meta property=\"og:url\" content=\"https:\/\/www.infolocale.fr\/blog\/journee-mondiale-poesie-evenement\/\" \/>\n<meta property=\"article:publisher\" content=\"https:\/\/www.facebook.com\/infolocaleFR\/\" \/>\n<meta property=\"article:published_time\" content=\"2022-03-18T10:34:51+00:00\" \/>\n<meta property=\"article:modified_time\" content=\"2022-03-18T14:50:02+00:00\" \/>\n<meta property=\"og:image\" content=\"https:\/\/www.infolocale.fr\/blog\/wp-content\/uploads\/2022\/03\/Journee-mondiale-de-la-poesie.png\" \/>\n\t<meta property=\"og:image:width\" content=\"900\" \/>\n\t<meta property=\"og:image:height\" content=\"630\" \/>\n\t<meta property=\"og:image:type\" content=\"image\/png\" \/>\n<meta name=\"author\" content=\"Margot\" \/>\n<meta name=\"twitter:card\" content=\"summary_large_image\" \/>\n<meta name=\"twitter:creator\" content=\"@infolocale\" \/>\n<meta name=\"twitter:site\" content=\"@infolocale\" \/>\n<meta name=\"twitter:label1\" content=\"\u00c9crit par\" \/>\n\t<meta name=\"twitter:data1\" content=\"Margot\" \/>\n\t<meta name=\"twitter:label2\" content=\"Dur\u00e9e de lecture estim\u00e9e\" \/>\n\t<meta name=\"twitter:data2\" content=\"3 minutes\" \/>\n<script type=\"application\/ld+json\" class=\"yoast-schema-graph\">{\"@context\":\"https:\/\/schema.org\",\"@graph\":[{\"@type\":\"Article\",\"@id\":\"https:\/\/www.infolocale.fr\/blog\/journee-mondiale-poesie-evenement\/#article\",\"isPartOf\":{\"@id\":\"https:\/\/www.infolocale.fr\/blog\/journee-mondiale-poesie-evenement\/\"},\"author\":{\"name\":\"Margot\",\"@id\":\"https:\/\/www.infolocale.fr\/blog\/#\/schema\/person\/ef7bae7d23a1485da4c2c6640f73e989\"},\"headline\":\"Journ\u00e9e mondiale de la po\u00e9sie : Quels \u00e9v\u00e8nements organiser ?\",\"datePublished\":\"2022-03-18T10:34:51+00:00\",\"dateModified\":\"2022-03-18T14:50:02+00:00\",\"mainEntityOfPage\":{\"@id\":\"https:\/\/www.infolocale.fr\/blog\/journee-mondiale-poesie-evenement\/\"},\"wordCount\":650,\"commentCount\":0,\"publisher\":{\"@id\":\"https:\/\/www.infolocale.fr\/blog\/#organization\"},\"image\":{\"@id\":\"https:\/\/www.infolocale.fr\/blog\/journee-mondiale-poesie-evenement\/#primaryimage\"},\"thumbnailUrl\":\"https:\/\/infolocale.20minutes.fr\/blog\/wp-content\/uploads\/2022\/03\/Journee-mondiale-de-la-poesie.png\",\"articleSection\":[\"En ce moment\"],\"inLanguage\":\"fr-FR\",\"potentialAction\":[{\"@type\":\"CommentAction\",\"name\":\"Comment\",\"target\":[\"https:\/\/www.infolocale.fr\/blog\/journee-mondiale-poesie-evenement\/#respond\"]}]},{\"@type\":\"WebPage\",\"@id\":\"https:\/\/www.infolocale.fr\/blog\/journee-mondiale-poesie-evenement\/\",\"url\":\"https:\/\/www.infolocale.fr\/blog\/journee-mondiale-poesie-evenement\/\",\"name\":\"Journ\u00e9e mondiale de la po\u00e9sie : Quels \u00e9v\u00e8nements organiser ? |\",\"isPartOf\":{\"@id\":\"https:\/\/www.infolocale.fr\/blog\/#website\"},\"primaryImageOfPage\":{\"@id\":\"https:\/\/www.infolocale.fr\/blog\/journee-mondiale-poesie-evenement\/#primaryimage\"},\"image\":{\"@id\":\"https:\/\/www.infolocale.fr\/blog\/journee-mondiale-poesie-evenement\/#primaryimage\"},\"thumbnailUrl\":\"https:\/\/infolocale.20minutes.fr\/blog\/wp-content\/uploads\/2022\/03\/Journee-mondiale-de-la-poesie.png\",\"datePublished\":\"2022-03-18T10:34:51+00:00\",\"dateModified\":\"2022-03-18T14:50:02+00:00\",\"description\":\"Journ\u00e9e mondiale de la po\u00e9sie : Quels \u00e9v\u00e8nements organiser ? Chaque ann\u00e9e, le 21 mars, \u00e0 l\u2019initiative de l\u2019UNESCO a\u00a0lieu la journ\u00e9e mondiale de la po\u00e9sie.\u00a0Cette journ\u00e9e est l\u2019occasion de c\u00e9l\u00e9brer l\u2019histoire et de promouvoir la diversit\u00e9 culturelle.\",\"breadcrumb\":{\"@id\":\"https:\/\/www.infolocale.fr\/blog\/journee-mondiale-poesie-evenement\/#breadcrumb\"},\"inLanguage\":\"fr-FR\",\"potentialAction\":[{\"@type\":\"ReadAction\",\"target\":[\"https:\/\/www.infolocale.fr\/blog\/journee-mondiale-poesie-evenement\/\"]}]},{\"@type\":\"ImageObject\",\"inLanguage\":\"fr-FR\",\"@id\":\"https:\/\/www.infolocale.fr\/blog\/journee-mondiale-poesie-evenement\/#primaryimage\",\"url\":\"https:\/\/infolocale.20minutes.fr\/blog\/wp-content\/uploads\/2022\/03\/Journee-mondiale-de-la-poesie.png\",\"contentUrl\":\"https:\/\/infolocale.20minutes.fr\/blog\/wp-content\/uploads\/2022\/03\/Journee-mondiale-de-la-poesie.png\",\"width\":900,\"height\":630},{\"@type\":\"BreadcrumbList\",\"@id\":\"https:\/\/www.infolocale.fr\/blog\/journee-mondiale-poesie-evenement\/#breadcrumb\",\"itemListElement\":[{\"@type\":\"ListItem\",\"position\":1,\"name\":\"Blog\",\"item\":\"https:\/\/infolocale.ouest-france.fr\/blog\/\"},{\"@type\":\"ListItem\",\"position\":2,\"name\":\"En ce moment\",\"item\":\"https:\/\/infolocale.20minutes.fr\/blog\/cat\/actu-acteurs-locaux\/\"},{\"@type\":\"ListItem\",\"position\":3,\"name\":\"Journ\u00e9e mondiale de la po\u00e9sie : Quels \u00e9v\u00e8nements organiser ?\"}]},{\"@type\":\"WebSite\",\"@id\":\"https:\/\/www.infolocale.fr\/blog\/#website\",\"url\":\"https:\/\/www.infolocale.fr\/blog\/\",\"name\":\"\",\"description\":\"\",\"publisher\":{\"@id\":\"https:\/\/www.infolocale.fr\/blog\/#organization\"},\"potentialAction\":[{\"@type\":\"SearchAction\",\"target\":{\"@type\":\"EntryPoint\",\"urlTemplate\":\"https:\/\/www.infolocale.fr\/blog\/?s={search_term_string}\"},\"query-input\":\"required name=search_term_string\"}],\"inLanguage\":\"fr-FR\"},{\"@type\":\"Organization\",\"@id\":\"https:\/\/www.infolocale.fr\/blog\/#organization\",\"name\":\"Infolocale\",\"url\":\"https:\/\/www.infolocale.fr\/blog\/\",\"logo\":{\"@type\":\"ImageObject\",\"inLanguage\":\"fr-FR\",\"@id\":\"https:\/\/www.infolocale.fr\/blog\/#\/schema\/logo\/image\/\",\"url\":\"https:\/\/www.infolocale.fr\/blog\/wp-content\/uploads\/2020\/11\/logol.jpg\",\"contentUrl\":\"https:\/\/www.infolocale.fr\/blog\/wp-content\/uploads\/2020\/11\/logol.jpg\",\"width\":1031,\"height\":398,\"caption\":\"Infolocale\"},\"image\":{\"@id\":\"https:\/\/www.infolocale.fr\/blog\/#\/schema\/logo\/image\/\"},\"sameAs\":[\"https:\/\/www.facebook.com\/infolocaleFR\/\",\"https:\/\/x.com\/infolocale\",\"https:\/\/www.instagram.com\/infolocale\/\",\"https:\/\/fr.linkedin.com\/company\/infolocale\",\"https:\/\/www.youtube.com\/channel\/UCnv4FA8EYEuu_si3TGr7xeA\"]},{\"@type\":\"Person\",\"@id\":\"https:\/\/www.infolocale.fr\/blog\/#\/schema\/person\/ef7bae7d23a1485da4c2c6640f73e989\",\"name\":\"Margot\",\"image\":{\"@type\":\"ImageObject\",\"inLanguage\":\"fr-FR\",\"@id\":\"https:\/\/www.infolocale.fr\/blog\/#\/schema\/person\/image\/\",\"url\":\"https:\/\/secure.gravatar.com\/avatar\/fd7a814627870ba8c5cb11cb724ee955?s=96&d=mm&r=g\",\"contentUrl\":\"https:\/\/secure.gravatar.com\/avatar\/fd7a814627870ba8c5cb11cb724ee955?s=96&d=mm&r=g\",\"caption\":\"Margot\"},\"sameAs\":[\"https:\/\/www.infolocale.fr\/blog\/\"],\"url\":\"https:\/\/infolocale.20minutes.fr\/blog\/author\/margot-cueff\/\"}]}<\/script>\n<!-- \/ Yoast SEO plugin. -->","yoast_head_json":{"title":"Journ\u00e9e mondiale de la po\u00e9sie : Quels \u00e9v\u00e8nements organiser ? |","description":"Journ\u00e9e mondiale de la po\u00e9sie : Quels \u00e9v\u00e8nements organiser ? Chaque ann\u00e9e, le 21 mars, \u00e0 l\u2019initiative de l\u2019UNESCO a\u00a0lieu la journ\u00e9e mondiale de la po\u00e9sie.\u00a0Cette journ\u00e9e est l\u2019occasion de c\u00e9l\u00e9brer l\u2019histoire et de promouvoir la diversit\u00e9 culturelle.","robots":{"index":"index","follow":"follow","max-snippet":"max-snippet:-1","max-image-preview":"max-image-preview:large","max-video-preview":"max-video-preview:-1"},"canonical":"https:\/\/www.infolocale.fr\/blog\/journee-mondiale-poesie-evenement\/","og_locale":"fr_FR","og_type":"article","og_title":"Journ\u00e9e mondiale de la po\u00e9sie : Quels \u00e9v\u00e8nements organiser ? |","og_description":"Journ\u00e9e mondiale de la po\u00e9sie : Quels \u00e9v\u00e8nements organiser ? Chaque ann\u00e9e, le 21 mars, \u00e0 l\u2019initiative de l\u2019UNESCO a\u00a0lieu la journ\u00e9e mondiale de la po\u00e9sie.\u00a0Cette journ\u00e9e est l\u2019occasion de c\u00e9l\u00e9brer l\u2019histoire et de promouvoir la diversit\u00e9 culturelle.","og_url":"https:\/\/www.infolocale.fr\/blog\/journee-mondiale-poesie-evenement\/","article_publisher":"https:\/\/www.facebook.com\/infolocaleFR\/","article_published_time":"2022-03-18T10:34:51+00:00","article_modified_time":"2022-03-18T14:50:02+00:00","og_image":[{"width":900,"height":630,"url":"https:\/\/www.infolocale.fr\/blog\/wp-content\/uploads\/2022\/03\/Journee-mondiale-de-la-poesie.png","type":"image\/png"}],"author":"Margot","twitter_card":"summary_large_image","twitter_creator":"@infolocale","twitter_site":"@infolocale","twitter_misc":{"\u00c9crit par":"Margot","Dur\u00e9e de lecture estim\u00e9e":"3 minutes"},"schema":{"@context":"https:\/\/schema.org","@graph":[{"@type":"Article","@id":"https:\/\/www.infolocale.fr\/blog\/journee-mondiale-poesie-evenement\/#article","isPartOf":{"@id":"https:\/\/www.infolocale.fr\/blog\/journee-mondiale-poesie-evenement\/"},"author":{"name":"Margot","@id":"https:\/\/www.infolocale.fr\/blog\/#\/schema\/person\/ef7bae7d23a1485da4c2c6640f73e989"},"headline":"Journ\u00e9e mondiale de la po\u00e9sie : Quels \u00e9v\u00e8nements organiser ?","datePublished":"2022-03-18T10:34:51+00:00","dateModified":"2022-03-18T14:50:02+00:00","mainEntityOfPage":{"@id":"https:\/\/www.infolocale.fr\/blog\/journee-mondiale-poesie-evenement\/"},"wordCount":650,"commentCount":0,"publisher":{"@id":"https:\/\/www.infolocale.fr\/blog\/#organization"},"image":{"@id":"https:\/\/www.infolocale.fr\/blog\/journee-mondiale-poesie-evenement\/#primaryimage"},"thumbnailUrl":"https:\/\/infolocale.20minutes.fr\/blog\/wp-content\/uploads\/2022\/03\/Journee-mondiale-de-la-poesie.png","articleSection":["En ce moment"],"inLanguage":"fr-FR","potentialAction":[{"@type":"CommentAction","name":"Comment","target":["https:\/\/www.infolocale.fr\/blog\/journee-mondiale-poesie-evenement\/#respond"]}]},{"@type":"WebPage","@id":"https:\/\/www.infolocale.fr\/blog\/journee-mondiale-poesie-evenement\/","url":"https:\/\/www.infolocale.fr\/blog\/journee-mondiale-poesie-evenement\/","name":"Journ\u00e9e mondiale de la po\u00e9sie : Quels \u00e9v\u00e8nements organiser ? |","isPartOf":{"@id":"https:\/\/www.infolocale.fr\/blog\/#website"},"primaryImageOfPage":{"@id":"https:\/\/www.infolocale.fr\/blog\/journee-mondiale-poesie-evenement\/#primaryimage"},"image":{"@id":"https:\/\/www.infolocale.fr\/blog\/journee-mondiale-poesie-evenement\/#primaryimage"},"thumbnailUrl":"https:\/\/infolocale.20minutes.fr\/blog\/wp-content\/uploads\/2022\/03\/Journee-mondiale-de-la-poesie.png","datePublished":"2022-03-18T10:34:51+00:00","dateModified":"2022-03-18T14:50:02+00:00","description":"Journ\u00e9e mondiale de la po\u00e9sie : Quels \u00e9v\u00e8nements organiser ? Chaque ann\u00e9e, le 21 mars, \u00e0 l\u2019initiative de l\u2019UNESCO a\u00a0lieu la journ\u00e9e mondiale de la po\u00e9sie.\u00a0Cette journ\u00e9e est l\u2019occasion de c\u00e9l\u00e9brer l\u2019histoire et de promouvoir la diversit\u00e9 culturelle.","breadcrumb":{"@id":"https:\/\/www.infolocale.fr\/blog\/journee-mondiale-poesie-evenement\/#breadcrumb"},"inLanguage":"fr-FR","potentialAction":[{"@type":"ReadAction","target":["https:\/\/www.infolocale.fr\/blog\/journee-mondiale-poesie-evenement\/"]}]},{"@type":"ImageObject","inLanguage":"fr-FR","@id":"https:\/\/www.infolocale.fr\/blog\/journee-mondiale-poesie-evenement\/#primaryimage","url":"https:\/\/infolocale.20minutes.fr\/blog\/wp-content\/uploads\/2022\/03\/Journee-mondiale-de-la-poesie.png","contentUrl":"https:\/\/infolocale.20minutes.fr\/blog\/wp-content\/uploads\/2022\/03\/Journee-mondiale-de-la-poesie.png","width":900,"height":630},{"@type":"BreadcrumbList","@id":"https:\/\/www.infolocale.fr\/blog\/journee-mondiale-poesie-evenement\/#breadcrumb","itemListElement":[{"@type":"ListItem","position":1,"name":"Blog","item":"https:\/\/infolocale.ouest-france.fr\/blog\/"},{"@type":"ListItem","position":2,"name":"En ce moment","item":"https:\/\/infolocale.20minutes.fr\/blog\/cat\/actu-acteurs-locaux\/"},{"@type":"ListItem","position":3,"name":"Journ\u00e9e mondiale de la po\u00e9sie : Quels \u00e9v\u00e8nements organiser ?"}]},{"@type":"WebSite","@id":"https:\/\/www.infolocale.fr\/blog\/#website","url":"https:\/\/www.infolocale.fr\/blog\/","name":"","description":"","publisher":{"@id":"https:\/\/www.infolocale.fr\/blog\/#organization"},"potentialAction":[{"@type":"SearchAction","target":{"@type":"EntryPoint","urlTemplate":"https:\/\/www.infolocale.fr\/blog\/?s={search_term_string}"},"query-input":"required name=search_term_string"}],"inLanguage":"fr-FR"},{"@type":"Organization","@id":"https:\/\/www.infolocale.fr\/blog\/#organization","name":"Infolocale","url":"https:\/\/www.infolocale.fr\/blog\/","logo":{"@type":"ImageObject","inLanguage":"fr-FR","@id":"https:\/\/www.infolocale.fr\/blog\/#\/schema\/logo\/image\/","url":"https:\/\/www.infolocale.fr\/blog\/wp-content\/uploads\/2020\/11\/logol.jpg","contentUrl":"https:\/\/www.infolocale.fr\/blog\/wp-content\/uploads\/2020\/11\/logol.jpg","width":1031,"height":398,"caption":"Infolocale"},"image":{"@id":"https:\/\/www.infolocale.fr\/blog\/#\/schema\/logo\/image\/"},"sameAs":["https:\/\/www.facebook.com\/infolocaleFR\/","https:\/\/x.com\/infolocale","https:\/\/www.instagram.com\/infolocale\/","https:\/\/fr.linkedin.com\/company\/infolocale","https:\/\/www.youtube.com\/channel\/UCnv4FA8EYEuu_si3TGr7xeA"]},{"@type":"Person","@id":"https:\/\/www.infolocale.fr\/blog\/#\/schema\/person\/ef7bae7d23a1485da4c2c6640f73e989","name":"Margot","image":{"@type":"ImageObject","inLanguage":"fr-FR","@id":"https:\/\/www.infolocale.fr\/blog\/#\/schema\/person\/image\/","url":"https:\/\/secure.gravatar.com\/avatar\/fd7a814627870ba8c5cb11cb724ee955?s=96&d=mm&r=g","contentUrl":"https:\/\/secure.gravatar.com\/avatar\/fd7a814627870ba8c5cb11cb724ee955?s=96&d=mm&r=g","caption":"Margot"},"sameAs":["https:\/\/www.infolocale.fr\/blog\/"],"url":"https:\/\/infolocale.20minutes.fr\/blog\/author\/margot-cueff\/"}]}},"_links":{"self":[{"href":"https:\/\/infolocale.20minutes.fr\/blog\/wp-json\/wp\/v2\/posts\/18097"}],"collection":[{"href":"https:\/\/infolocale.20minutes.fr\/blog\/wp-json\/wp\/v2\/posts"}],"about":[{"href":"https:\/\/infolocale.20minutes.fr\/blog\/wp-json\/wp\/v2\/types\/post"}],"author":[{"embeddable":true,"href":"https:\/\/infolocale.20minutes.fr\/blog\/wp-json\/wp\/v2\/users\/14"}],"replies":[{"embeddable":true,"href":"https:\/\/infolocale.20minutes.fr\/blog\/wp-json\/wp\/v2\/comments?post=18097"}],"version-history":[{"count":0,"href":"https:\/\/infolocale.20minutes.fr\/blog\/wp-json\/wp\/v2\/posts\/18097\/revisions"}],"wp:featuredmedia":[{"embeddable":true,"href":"https:\/\/infolocale.20minutes.fr\/blog\/wp-json\/wp\/v2\/media\/18100"}],"wp:attachment":[{"href":"https:\/\/infolocale.20minutes.fr\/blog\/wp-json\/wp\/v2\/media?parent=18097"}],"wp:term":[{"taxonomy":"category","embeddable":true,"href":"https:\/\/infolocale.20minutes.fr\/blog\/wp-json\/wp\/v2\/categories?post=18097"},{"taxonomy":"post_tag","embeddable":true,"href":"https:\/\/infolocale.20minutes.fr\/blog\/wp-json\/wp\/v2\/tags?post=18097"}],"curies":[{"name":"wp","href":"https:\/\/api.w.org\/{rel}","templated":true}]}}