{"id":18089,"date":"2022-04-04T11:23:09","date_gmt":"2022-04-04T09:23:09","guid":{"rendered":"https:\/\/www.infolocale.fr\/blog\/?p=18089"},"modified":"2024-09-02T17:08:23","modified_gmt":"2024-09-02T15:08:23","slug":"eure-27-vos-evenements-infolocale-diffuses-dans-la-presse-du-departement","status":"publish","type":"post","link":"https:\/\/infolocale.20minutes.fr\/blog\/eure-27-vos-evenements-infolocale-diffuses-dans-la-presse-du-departement\/","title":{"rendered":"D\u00e9partements 76, 60, 95, 78, 28 et 27 : vos \u00e9v\u00e9nements diffus\u00e9s dans la presse locale"},"content":{"rendered":"\n<p class=\"has-black-color has-text-color has-background\" style=\"background-color:#a1d5f5\">Six d\u00e9partements rejoignent le r\u00e9seau de diffusion presse d&rsquo;Infolocale. Ces nouveaux d\u00e9partements sont : la Seine-Maritime (76), l\u2019Eure (27), l&rsquo;Oise (60), le Val-d&rsquo;Oise (95), les Yvelines (78), l&rsquo;Eure-et-Loir (28). Les associations et organismes utilisateurs d&rsquo;Infolocale, sur ces territoires b\u00e9n\u00e9ficient d\u00e9sormais d\u2019une diffusion gratuite de leurs \u00e9v\u00e9nements dans les 10 journaux suivants : L\u2019Eveil Normand, L\u2019Eveil de Pont-Audemer, La D\u00e9p\u00eache Louviers, La D\u00e9p\u00eache Evreux, La D\u00e9p\u00eache Verneuil, Eure Infos, L\u2019Eveil de Lisieux, Le D\u00e9mocrate Vernonnais, Le Courrier de l\u2019Eure, L\u2019Impartial, Le R\u00e9veil normand.<\/p>\n\n\n\n<div class=\"wp-block-buttons is-horizontal is-content-justification-center is-layout-flex wp-container-core-buttons-is-layout-1 wp-block-buttons-is-layout-flex\">\n<div class=\"wp-block-button\"><a class=\"wp-block-button__link has-white-color has-luminous-vivid-amber-background-color has-text-color has-background wp-element-button\"><strong>&gt;&gt;Inscrire mon asso \u00e0 Infolocale <\/strong><\/a><\/div>\n<\/div>\n\n\n\n<h2 class=\"wp-block-heading\">Infolocale&nbsp;: trois outils gratuits pour la communication des associations<\/h2>\n\n\n\n<p>Infolocale propose des outils enti\u00e8rement gratuits au service de la communication des associations. En plus de l\u2019outil <a href=\"https:\/\/www.infolocale.fr\/blog\/blog-pour-association\/\">Publications <\/a>qui vous permet de diffuser vos communiqu\u00e9s, de l\u2019outil <a href=\"https:\/\/www.infolocale.fr\/blog\/inscription-activites-infolocale\/\">Activit\u00e9s<\/a> qui organise un forum des associations en ligne, Infolocale vous propose son outil <a href=\"https:\/\/www.infolocale.fr\/blog\/agenda-en-ligne\/\">Agenda<\/a>. <\/p>\n\n\n\n<p>Avec l\u2019Agenda d\u2019Infolocale, vous enregistrez vos \u00e9v\u00e9nements via le <a href=\"https:\/\/www.infolocale.fr\/decouvrir\/associations\/?utm_source=blog&amp;utm_medium=banner&amp;utm_campaign=blog-content\">formulaire en ligne<\/a> afin de les diffuser, selon les secteurs : <\/p>\n\n\n\n<ul class=\"wp-block-list\">\n<li>sur notre site, <\/li>\n\n\n\n<li>sur des sites d\u2019information locale <\/li>\n\n\n\n<li>ainsi que sur les sites des collectivit\u00e9s partenaires de votre territoire.<\/li>\n<\/ul>\n\n\n\n<h2 class=\"wp-block-heading\">Les \u00e9v\u00e9nements des associations dans la presse locale<\/h2>\n\n\n\n<p>Six d\u00e9partements rejoignent la listes des territoires dont les associations b\u00e9n\u00e9ficient d&rsquo;une couverture presse pour leurs \u00e9v\u00e9nements. Il s&rsquo;agit de :<\/p>\n\n\n\n<ul class=\"wp-block-list\">\n<li>La Seine-Maritime (76), <\/li>\n\n\n\n<li>L\u2019Eure (27), <\/li>\n\n\n\n<li>L&rsquo;Oise (60), <\/li>\n\n\n\n<li>Le Val-d&rsquo;Oise (95), <\/li>\n\n\n\n<li>Les Yvelines (78), <\/li>\n\n\n\n<li>De L&rsquo;Eure-et-Loir (28). <\/li>\n<\/ul>\n\n\n\n<p>Ces six d\u00e9partements couvrent quatre r\u00e9gions : <\/p>\n\n\n\n<ul class=\"wp-block-list\">\n<li>L&rsquo;Ile de France, <\/li>\n\n\n\n<li>La Normandie, <\/li>\n\n\n\n<li>Les Hauts de France, <\/li>\n\n\n\n<li>et Le Centre. <\/li>\n<\/ul>\n\n\n\n<p>Ainsi, si la commune de votre association est couverte par l&rsquo;un des titres de presse list\u00e9s ci-dessous, vos \u00e9v\u00e9nements d\u00e9pos\u00e9s sur Infolocale, seront diffus\u00e9s dans leurs pages. <\/p>\n\n\n\n<p>Cette publication unique est enti\u00e8rement gratuite. Elle concernera le titre couvrant votre commune. Ainsi, elle vous permettra de faire conna\u00eetre vos \u00e9v\u00e9nements au plus grand nombre via les titres les plus lus du d\u00e9partement.<\/p>\n\n\n\n<h3 class=\"wp-block-heading\">Quels sont les titres concern\u00e9s&nbsp;?<\/h3>\n\n\n\n<p>La diffusion presse des \u00e9v\u00e9nements d\u00e9pos\u00e9s sur Infolocale par les associations de ces territoires concerne&nbsp;11 titres&nbsp;:<\/p>\n\n\n\n<ul class=\"wp-block-list\">\n<li><a href=\"https:\/\/actu.fr\/l-eveil-normand\/\" target=\"_blank\" rel=\"noreferrer noopener\">L\u2019Eveil Normand<\/a>,<\/li>\n\n\n\n<li><a href=\"https:\/\/actu.fr\/la-depeche-evreux\/\" target=\"_blank\" rel=\"noreferrer noopener\">La D\u00e9p\u00eache Evreux<\/a>,<\/li>\n\n\n\n<li><a href=\"https:\/\/actu.fr\/l-eveil-de-pont-audemer\/\" target=\"_blank\" rel=\"noreferrer noopener\">L\u2019Eveil de Pont-Audemer<\/a>,<\/li>\n\n\n\n<li><a href=\"https:\/\/actu.fr\/la-depeche-louviers\/\" target=\"_blank\" rel=\"noreferrer noopener\">La D\u00e9p\u00eache Louviers<\/a>,<\/li>\n\n\n\n<li><a href=\"https:\/\/fr-fr.facebook.com\/LaDepecheVerneuil\/\" target=\"_blank\" rel=\"noreferrer noopener\">La D\u00e9p\u00eache Verneuil,<\/a><\/li>\n\n\n\n<li>Eure Infos,<\/li>\n\n\n\n<li><a href=\"https:\/\/actu.fr\/le-democrate-vernonnais\/\" target=\"_blank\" rel=\"noreferrer noopener\">Le D\u00e9mocrate Vernonnais,<\/a><\/li>\n\n\n\n<li><a href=\"https:\/\/actu.fr\/le-courrier-de-l-eure\/\" target=\"_blank\" rel=\"noreferrer noopener\">Le Courrier de l\u2019Eure<\/a>,<\/li>\n\n\n\n<li><a href=\"https:\/\/actu.fr\/l-impartial\/\" target=\"_blank\" rel=\"noreferrer noopener\">L\u2019Impartial,<\/a><\/li>\n\n\n\n<li><a href=\"https:\/\/actu.fr\/le-reveil-normand\/\" target=\"_blank\" rel=\"noreferrer noopener\">Le R\u00e9veil normand<\/a>.<\/li>\n<\/ul>\n\n\n\n<h2 class=\"wp-block-heading\">Une diffusion web sur les pages locales du site Ouest-France.fr&nbsp;<\/h2>\n\n\n\n<p>En plus de la diffusion dans les pages des hebdomadaires et du site Infolocale, vos \u00e9v\u00e9nements apparaitront \u00e9galement sur les pages locales des villes du d\u00e9partement du site ouest-france.fr.&nbsp;&nbsp;<\/p>\n\n\n\n<p>Cette couverture offre une visibilit\u00e9 exceptionnelle sur l\u2019un des sites d\u2019information les plus fr\u00e9quenter de France. En effet, avec 1,68 milliard de visites en 2021, ouest-france.fr est le deuxi\u00e8me site d\u2019actu le plus fr\u00e9quent\u00e9 de France cette ann\u00e9e-l\u00e0.&nbsp;<\/p>\n","protected":false},"excerpt":{"rendered":"<p>Six d\u00e9partements rejoignent le r\u00e9seau de diffusion presse d&rsquo;Infolocale. Ces nouveaux d\u00e9partements sont : la Seine-Maritime (76), l\u2019Eure (27), l&rsquo;Oise (60), le Val-d&rsquo;Oise (95), les [&hellip;]<\/p>\n","protected":false},"author":2,"featured_media":19607,"comment_status":"open","ping_status":"open","sticky":false,"template":"","format":"standard","meta":{"_coblocks_attr":"","_coblocks_dimensions":"","_coblocks_responsive_height":"","_coblocks_accordion_ie_support":"","_mo_disable_npp":"","footnotes":""},"categories":[6],"tags":[86],"class_list":["post-18089","post","type-post","status-publish","format-standard","has-post-thumbnail","hentry","category-actu-acteurs-locaux","tag-fonctionnalites"],"yoast_head":"<!-- This site is optimized with the Yoast SEO plugin v23.2 - https:\/\/yoast.com\/wordpress\/plugins\/seo\/ -->\n<title>Associations Euroises : diffusez vos \u00e9v\u00e9nements dans la presse locale |<\/title>\n<meta name=\"robots\" content=\"index, follow, max-snippet:-1, max-image-preview:large, max-video-preview:-1\" \/>\n<link rel=\"canonical\" href=\"https:\/\/infolocale.20minutes.fr\/blog\/eure-27-vos-evenements-infolocale-diffuses-dans-la-presse-du-departement\/\" \/>\n<meta property=\"og:locale\" content=\"fr_FR\" \/>\n<meta property=\"og:type\" content=\"article\" \/>\n<meta property=\"og:title\" content=\"Associations Euroises : diffusez vos \u00e9v\u00e9nements dans la presse locale |\" \/>\n<meta property=\"og:description\" content=\"Six d\u00e9partements rejoignent le r\u00e9seau de diffusion presse d&rsquo;Infolocale. Ces nouveaux d\u00e9partements sont : la Seine-Maritime (76), l\u2019Eure (27), l&rsquo;Oise (60), le Val-d&rsquo;Oise (95), les [&hellip;]\" \/>\n<meta property=\"og:url\" content=\"https:\/\/infolocale.20minutes.fr\/blog\/eure-27-vos-evenements-infolocale-diffuses-dans-la-presse-du-departement\/\" \/>\n<meta property=\"article:publisher\" content=\"https:\/\/www.facebook.com\/infolocaleFR\/\" \/>\n<meta property=\"article:published_time\" content=\"2022-04-04T09:23:09+00:00\" \/>\n<meta property=\"article:modified_time\" content=\"2024-09-02T15:08:23+00:00\" \/>\n<meta property=\"og:image\" content=\"https:\/\/infolocale.20minutes.fr\/blog\/wp-content\/uploads\/2022\/04\/infolocale-dans-leure.jpg\" \/>\n\t<meta property=\"og:image:width\" content=\"800\" \/>\n\t<meta property=\"og:image:height\" content=\"560\" \/>\n\t<meta property=\"og:image:type\" content=\"image\/jpeg\" \/>\n<meta name=\"author\" content=\"Morgan\" \/>\n<meta name=\"twitter:card\" content=\"summary_large_image\" \/>\n<meta name=\"twitter:creator\" content=\"@infolocale\" \/>\n<meta name=\"twitter:site\" content=\"@infolocale\" \/>\n<meta name=\"twitter:label1\" content=\"\u00c9crit par\" \/>\n\t<meta name=\"twitter:data1\" content=\"Morgan\" \/>\n\t<meta name=\"twitter:label2\" content=\"Dur\u00e9e de lecture estim\u00e9e\" \/>\n\t<meta name=\"twitter:data2\" content=\"3 minutes\" \/>\n<script type=\"application\/ld+json\" class=\"yoast-schema-graph\">{\"@context\":\"https:\/\/schema.org\",\"@graph\":[{\"@type\":\"Article\",\"@id\":\"https:\/\/infolocale.20minutes.fr\/blog\/eure-27-vos-evenements-infolocale-diffuses-dans-la-presse-du-departement\/#article\",\"isPartOf\":{\"@id\":\"https:\/\/infolocale.20minutes.fr\/blog\/eure-27-vos-evenements-infolocale-diffuses-dans-la-presse-du-departement\/\"},\"author\":{\"name\":\"Morgan\",\"@id\":\"https:\/\/www.infolocale.fr\/blog\/#\/schema\/person\/f0f748ece99417833166b3ba8890f3db\"},\"headline\":\"D\u00e9partements 76, 60, 95, 78, 28 et 27 : vos \u00e9v\u00e9nements diffus\u00e9s dans la presse locale\",\"datePublished\":\"2022-04-04T09:23:09+00:00\",\"dateModified\":\"2024-09-02T15:08:23+00:00\",\"mainEntityOfPage\":{\"@id\":\"https:\/\/infolocale.20minutes.fr\/blog\/eure-27-vos-evenements-infolocale-diffuses-dans-la-presse-du-departement\/\"},\"wordCount\":499,\"commentCount\":0,\"publisher\":{\"@id\":\"https:\/\/www.infolocale.fr\/blog\/#organization\"},\"image\":{\"@id\":\"https:\/\/infolocale.20minutes.fr\/blog\/eure-27-vos-evenements-infolocale-diffuses-dans-la-presse-du-departement\/#primaryimage\"},\"thumbnailUrl\":\"https:\/\/infolocale.20minutes.fr\/blog\/wp-content\/uploads\/2022\/04\/infolocale-dans-leure.jpg\",\"keywords\":[\"Tout savoir sur Infolocale\"],\"articleSection\":[\"En ce moment\"],\"inLanguage\":\"fr-FR\",\"potentialAction\":[{\"@type\":\"CommentAction\",\"name\":\"Comment\",\"target\":[\"https:\/\/infolocale.20minutes.fr\/blog\/eure-27-vos-evenements-infolocale-diffuses-dans-la-presse-du-departement\/#respond\"]}]},{\"@type\":\"WebPage\",\"@id\":\"https:\/\/infolocale.20minutes.fr\/blog\/eure-27-vos-evenements-infolocale-diffuses-dans-la-presse-du-departement\/\",\"url\":\"https:\/\/infolocale.20minutes.fr\/blog\/eure-27-vos-evenements-infolocale-diffuses-dans-la-presse-du-departement\/\",\"name\":\"Associations Euroises : diffusez vos \u00e9v\u00e9nements dans la presse locale |\",\"isPartOf\":{\"@id\":\"https:\/\/www.infolocale.fr\/blog\/#website\"},\"primaryImageOfPage\":{\"@id\":\"https:\/\/infolocale.20minutes.fr\/blog\/eure-27-vos-evenements-infolocale-diffuses-dans-la-presse-du-departement\/#primaryimage\"},\"image\":{\"@id\":\"https:\/\/infolocale.20minutes.fr\/blog\/eure-27-vos-evenements-infolocale-diffuses-dans-la-presse-du-departement\/#primaryimage\"},\"thumbnailUrl\":\"https:\/\/infolocale.20minutes.fr\/blog\/wp-content\/uploads\/2022\/04\/infolocale-dans-leure.jpg\",\"datePublished\":\"2022-04-04T09:23:09+00:00\",\"dateModified\":\"2024-09-02T15:08:23+00:00\",\"breadcrumb\":{\"@id\":\"https:\/\/infolocale.20minutes.fr\/blog\/eure-27-vos-evenements-infolocale-diffuses-dans-la-presse-du-departement\/#breadcrumb\"},\"inLanguage\":\"fr-FR\",\"potentialAction\":[{\"@type\":\"ReadAction\",\"target\":[\"https:\/\/infolocale.20minutes.fr\/blog\/eure-27-vos-evenements-infolocale-diffuses-dans-la-presse-du-departement\/\"]}]},{\"@type\":\"ImageObject\",\"inLanguage\":\"fr-FR\",\"@id\":\"https:\/\/infolocale.20minutes.fr\/blog\/eure-27-vos-evenements-infolocale-diffuses-dans-la-presse-du-departement\/#primaryimage\",\"url\":\"https:\/\/infolocale.20minutes.fr\/blog\/wp-content\/uploads\/2022\/04\/infolocale-dans-leure.jpg\",\"contentUrl\":\"https:\/\/infolocale.20minutes.fr\/blog\/wp-content\/uploads\/2022\/04\/infolocale-dans-leure.jpg\",\"width\":800,\"height\":560,\"caption\":\"Hebdomadaire dans l'Eure pour diffusion Infolocale\"},{\"@type\":\"BreadcrumbList\",\"@id\":\"https:\/\/infolocale.20minutes.fr\/blog\/eure-27-vos-evenements-infolocale-diffuses-dans-la-presse-du-departement\/#breadcrumb\",\"itemListElement\":[{\"@type\":\"ListItem\",\"position\":1,\"name\":\"Blog\",\"item\":\"https:\/\/infolocale.ouest-france.fr\/blog\/\"},{\"@type\":\"ListItem\",\"position\":2,\"name\":\"En ce moment\",\"item\":\"https:\/\/infolocale.20minutes.fr\/blog\/cat\/actu-acteurs-locaux\/\"},{\"@type\":\"ListItem\",\"position\":3,\"name\":\"D\u00e9partements 76, 60, 95, 78, 28 et 27 : vos \u00e9v\u00e9nements diffus\u00e9s dans la presse locale\"}]},{\"@type\":\"WebSite\",\"@id\":\"https:\/\/www.infolocale.fr\/blog\/#website\",\"url\":\"https:\/\/www.infolocale.fr\/blog\/\",\"name\":\"\",\"description\":\"\",\"publisher\":{\"@id\":\"https:\/\/www.infolocale.fr\/blog\/#organization\"},\"potentialAction\":[{\"@type\":\"SearchAction\",\"target\":{\"@type\":\"EntryPoint\",\"urlTemplate\":\"https:\/\/www.infolocale.fr\/blog\/?s={search_term_string}\"},\"query-input\":\"required name=search_term_string\"}],\"inLanguage\":\"fr-FR\"},{\"@type\":\"Organization\",\"@id\":\"https:\/\/www.infolocale.fr\/blog\/#organization\",\"name\":\"Infolocale\",\"url\":\"https:\/\/www.infolocale.fr\/blog\/\",\"logo\":{\"@type\":\"ImageObject\",\"inLanguage\":\"fr-FR\",\"@id\":\"https:\/\/www.infolocale.fr\/blog\/#\/schema\/logo\/image\/\",\"url\":\"https:\/\/www.infolocale.fr\/blog\/wp-content\/uploads\/2020\/11\/logol.jpg\",\"contentUrl\":\"https:\/\/www.infolocale.fr\/blog\/wp-content\/uploads\/2020\/11\/logol.jpg\",\"width\":1031,\"height\":398,\"caption\":\"Infolocale\"},\"image\":{\"@id\":\"https:\/\/www.infolocale.fr\/blog\/#\/schema\/logo\/image\/\"},\"sameAs\":[\"https:\/\/www.facebook.com\/infolocaleFR\/\",\"https:\/\/x.com\/infolocale\",\"https:\/\/www.instagram.com\/infolocale\/\",\"https:\/\/fr.linkedin.com\/company\/infolocale\",\"https:\/\/www.youtube.com\/channel\/UCnv4FA8EYEuu_si3TGr7xeA\"]},{\"@type\":\"Person\",\"@id\":\"https:\/\/www.infolocale.fr\/blog\/#\/schema\/person\/f0f748ece99417833166b3ba8890f3db\",\"name\":\"Morgan\",\"image\":{\"@type\":\"ImageObject\",\"inLanguage\":\"fr-FR\",\"@id\":\"https:\/\/www.infolocale.fr\/blog\/#\/schema\/person\/image\/\",\"url\":\"https:\/\/secure.gravatar.com\/avatar\/a22ec2a0cc817ae9fa3ff7341a213632?s=96&d=mm&r=g\",\"contentUrl\":\"https:\/\/secure.gravatar.com\/avatar\/a22ec2a0cc817ae9fa3ff7341a213632?s=96&d=mm&r=g\",\"caption\":\"Morgan\"},\"url\":\"https:\/\/infolocale.20minutes.fr\/blog\/author\/morgan-delepine\/\"}]}<\/script>\n<!-- \/ Yoast SEO plugin. -->","yoast_head_json":{"title":"Associations Euroises : diffusez vos \u00e9v\u00e9nements dans la presse locale |","robots":{"index":"index","follow":"follow","max-snippet":"max-snippet:-1","max-image-preview":"max-image-preview:large","max-video-preview":"max-video-preview:-1"},"canonical":"https:\/\/infolocale.20minutes.fr\/blog\/eure-27-vos-evenements-infolocale-diffuses-dans-la-presse-du-departement\/","og_locale":"fr_FR","og_type":"article","og_title":"Associations Euroises : diffusez vos \u00e9v\u00e9nements dans la presse locale |","og_description":"Six d\u00e9partements rejoignent le r\u00e9seau de diffusion presse d&rsquo;Infolocale. Ces nouveaux d\u00e9partements sont : la Seine-Maritime (76), l\u2019Eure (27), l&rsquo;Oise (60), le Val-d&rsquo;Oise (95), les [&hellip;]","og_url":"https:\/\/infolocale.20minutes.fr\/blog\/eure-27-vos-evenements-infolocale-diffuses-dans-la-presse-du-departement\/","article_publisher":"https:\/\/www.facebook.com\/infolocaleFR\/","article_published_time":"2022-04-04T09:23:09+00:00","article_modified_time":"2024-09-02T15:08:23+00:00","og_image":[{"width":800,"height":560,"url":"https:\/\/infolocale.20minutes.fr\/blog\/wp-content\/uploads\/2022\/04\/infolocale-dans-leure.jpg","type":"image\/jpeg"}],"author":"Morgan","twitter_card":"summary_large_image","twitter_creator":"@infolocale","twitter_site":"@infolocale","twitter_misc":{"\u00c9crit par":"Morgan","Dur\u00e9e de lecture estim\u00e9e":"3 minutes"},"schema":{"@context":"https:\/\/schema.org","@graph":[{"@type":"Article","@id":"https:\/\/infolocale.20minutes.fr\/blog\/eure-27-vos-evenements-infolocale-diffuses-dans-la-presse-du-departement\/#article","isPartOf":{"@id":"https:\/\/infolocale.20minutes.fr\/blog\/eure-27-vos-evenements-infolocale-diffuses-dans-la-presse-du-departement\/"},"author":{"name":"Morgan","@id":"https:\/\/www.infolocale.fr\/blog\/#\/schema\/person\/f0f748ece99417833166b3ba8890f3db"},"headline":"D\u00e9partements 76, 60, 95, 78, 28 et 27 : vos \u00e9v\u00e9nements diffus\u00e9s dans la presse locale","datePublished":"2022-04-04T09:23:09+00:00","dateModified":"2024-09-02T15:08:23+00:00","mainEntityOfPage":{"@id":"https:\/\/infolocale.20minutes.fr\/blog\/eure-27-vos-evenements-infolocale-diffuses-dans-la-presse-du-departement\/"},"wordCount":499,"commentCount":0,"publisher":{"@id":"https:\/\/www.infolocale.fr\/blog\/#organization"},"image":{"@id":"https:\/\/infolocale.20minutes.fr\/blog\/eure-27-vos-evenements-infolocale-diffuses-dans-la-presse-du-departement\/#primaryimage"},"thumbnailUrl":"https:\/\/infolocale.20minutes.fr\/blog\/wp-content\/uploads\/2022\/04\/infolocale-dans-leure.jpg","keywords":["Tout savoir sur Infolocale"],"articleSection":["En ce moment"],"inLanguage":"fr-FR","potentialAction":[{"@type":"CommentAction","name":"Comment","target":["https:\/\/infolocale.20minutes.fr\/blog\/eure-27-vos-evenements-infolocale-diffuses-dans-la-presse-du-departement\/#respond"]}]},{"@type":"WebPage","@id":"https:\/\/infolocale.20minutes.fr\/blog\/eure-27-vos-evenements-infolocale-diffuses-dans-la-presse-du-departement\/","url":"https:\/\/infolocale.20minutes.fr\/blog\/eure-27-vos-evenements-infolocale-diffuses-dans-la-presse-du-departement\/","name":"Associations Euroises : diffusez vos \u00e9v\u00e9nements dans la presse locale |","isPartOf":{"@id":"https:\/\/www.infolocale.fr\/blog\/#website"},"primaryImageOfPage":{"@id":"https:\/\/infolocale.20minutes.fr\/blog\/eure-27-vos-evenements-infolocale-diffuses-dans-la-presse-du-departement\/#primaryimage"},"image":{"@id":"https:\/\/infolocale.20minutes.fr\/blog\/eure-27-vos-evenements-infolocale-diffuses-dans-la-presse-du-departement\/#primaryimage"},"thumbnailUrl":"https:\/\/infolocale.20minutes.fr\/blog\/wp-content\/uploads\/2022\/04\/infolocale-dans-leure.jpg","datePublished":"2022-04-04T09:23:09+00:00","dateModified":"2024-09-02T15:08:23+00:00","breadcrumb":{"@id":"https:\/\/infolocale.20minutes.fr\/blog\/eure-27-vos-evenements-infolocale-diffuses-dans-la-presse-du-departement\/#breadcrumb"},"inLanguage":"fr-FR","potentialAction":[{"@type":"ReadAction","target":["https:\/\/infolocale.20minutes.fr\/blog\/eure-27-vos-evenements-infolocale-diffuses-dans-la-presse-du-departement\/"]}]},{"@type":"ImageObject","inLanguage":"fr-FR","@id":"https:\/\/infolocale.20minutes.fr\/blog\/eure-27-vos-evenements-infolocale-diffuses-dans-la-presse-du-departement\/#primaryimage","url":"https:\/\/infolocale.20minutes.fr\/blog\/wp-content\/uploads\/2022\/04\/infolocale-dans-leure.jpg","contentUrl":"https:\/\/infolocale.20minutes.fr\/blog\/wp-content\/uploads\/2022\/04\/infolocale-dans-leure.jpg","width":800,"height":560,"caption":"Hebdomadaire dans l'Eure pour diffusion Infolocale"},{"@type":"BreadcrumbList","@id":"https:\/\/infolocale.20minutes.fr\/blog\/eure-27-vos-evenements-infolocale-diffuses-dans-la-presse-du-departement\/#breadcrumb","itemListElement":[{"@type":"ListItem","position":1,"name":"Blog","item":"https:\/\/infolocale.ouest-france.fr\/blog\/"},{"@type":"ListItem","position":2,"name":"En ce moment","item":"https:\/\/infolocale.20minutes.fr\/blog\/cat\/actu-acteurs-locaux\/"},{"@type":"ListItem","position":3,"name":"D\u00e9partements 76, 60, 95, 78, 28 et 27 : vos \u00e9v\u00e9nements diffus\u00e9s dans la presse locale"}]},{"@type":"WebSite","@id":"https:\/\/www.infolocale.fr\/blog\/#website","url":"https:\/\/www.infolocale.fr\/blog\/","name":"","description":"","publisher":{"@id":"https:\/\/www.infolocale.fr\/blog\/#organization"},"potentialAction":[{"@type":"SearchAction","target":{"@type":"EntryPoint","urlTemplate":"https:\/\/www.infolocale.fr\/blog\/?s={search_term_string}"},"query-input":"required name=search_term_string"}],"inLanguage":"fr-FR"},{"@type":"Organization","@id":"https:\/\/www.infolocale.fr\/blog\/#organization","name":"Infolocale","url":"https:\/\/www.infolocale.fr\/blog\/","logo":{"@type":"ImageObject","inLanguage":"fr-FR","@id":"https:\/\/www.infolocale.fr\/blog\/#\/schema\/logo\/image\/","url":"https:\/\/www.infolocale.fr\/blog\/wp-content\/uploads\/2020\/11\/logol.jpg","contentUrl":"https:\/\/www.infolocale.fr\/blog\/wp-content\/uploads\/2020\/11\/logol.jpg","width":1031,"height":398,"caption":"Infolocale"},"image":{"@id":"https:\/\/www.infolocale.fr\/blog\/#\/schema\/logo\/image\/"},"sameAs":["https:\/\/www.facebook.com\/infolocaleFR\/","https:\/\/x.com\/infolocale","https:\/\/www.instagram.com\/infolocale\/","https:\/\/fr.linkedin.com\/company\/infolocale","https:\/\/www.youtube.com\/channel\/UCnv4FA8EYEuu_si3TGr7xeA"]},{"@type":"Person","@id":"https:\/\/www.infolocale.fr\/blog\/#\/schema\/person\/f0f748ece99417833166b3ba8890f3db","name":"Morgan","image":{"@type":"ImageObject","inLanguage":"fr-FR","@id":"https:\/\/www.infolocale.fr\/blog\/#\/schema\/person\/image\/","url":"https:\/\/secure.gravatar.com\/avatar\/a22ec2a0cc817ae9fa3ff7341a213632?s=96&d=mm&r=g","contentUrl":"https:\/\/secure.gravatar.com\/avatar\/a22ec2a0cc817ae9fa3ff7341a213632?s=96&d=mm&r=g","caption":"Morgan"},"url":"https:\/\/infolocale.20minutes.fr\/blog\/author\/morgan-delepine\/"}]}},"_links":{"self":[{"href":"https:\/\/infolocale.20minutes.fr\/blog\/wp-json\/wp\/v2\/posts\/18089"}],"collection":[{"href":"https:\/\/infolocale.20minutes.fr\/blog\/wp-json\/wp\/v2\/posts"}],"about":[{"href":"https:\/\/infolocale.20minutes.fr\/blog\/wp-json\/wp\/v2\/types\/post"}],"author":[{"embeddable":true,"href":"https:\/\/infolocale.20minutes.fr\/blog\/wp-json\/wp\/v2\/users\/2"}],"replies":[{"embeddable":true,"href":"https:\/\/infolocale.20minutes.fr\/blog\/wp-json\/wp\/v2\/comments?post=18089"}],"version-history":[{"count":0,"href":"https:\/\/infolocale.20minutes.fr\/blog\/wp-json\/wp\/v2\/posts\/18089\/revisions"}],"wp:featuredmedia":[{"embeddable":true,"href":"https:\/\/infolocale.20minutes.fr\/blog\/wp-json\/wp\/v2\/media\/19607"}],"wp:attachment":[{"href":"https:\/\/infolocale.20minutes.fr\/blog\/wp-json\/wp\/v2\/media?parent=18089"}],"wp:term":[{"taxonomy":"category","embeddable":true,"href":"https:\/\/infolocale.20minutes.fr\/blog\/wp-json\/wp\/v2\/categories?post=18089"},{"taxonomy":"post_tag","embeddable":true,"href":"https:\/\/infolocale.20minutes.fr\/blog\/wp-json\/wp\/v2\/tags?post=18089"}],"curies":[{"name":"wp","href":"https:\/\/api.w.org\/{rel}","templated":true}]}}