{"id":17576,"date":"2022-02-24T12:32:28","date_gmt":"2022-02-24T11:32:28","guid":{"rendered":"https:\/\/www.infolocale.fr\/blog\/?p=17576"},"modified":"2024-02-01T17:02:32","modified_gmt":"2024-02-01T16:02:32","slug":"delegation-pouvoir-assemblee-generale-association","status":"publish","type":"post","link":"https:\/\/infolocale.20minutes.fr\/blog\/delegation-pouvoir-assemblee-generale-association\/","title":{"rendered":"La d\u00e9l\u00e9gation de pouvoir : voter par procuration en assembl\u00e9e g\u00e9n\u00e9rale"},"content":{"rendered":"\n<p class=\"has-black-color has-text-color has-background\" style=\"background-color:#a1d5f5\">Une <strong>d\u00e9l\u00e9gation de pouvoir<\/strong> est un document par lequel un votant confie sa voix \u00e0 un mandataire pour que celui-ci le repr\u00e9sente lors de l\u2019assembl\u00e9e g\u00e9n\u00e9rale d\u2019une association. En cela, il s\u2019agit d\u2019une forme de <strong>procuration de vote<\/strong>. Le <strong>pouvoir<\/strong> peut aider \u00e0 atteindre le quorum lors d\u2019une assembl\u00e9e g\u00e9n\u00e9rale. Il peut \u00eatre r\u00e9dig\u00e9 par le membre souhaitant se faire repr\u00e9senter. Cependant, il n\u2019est pas rare que les associations en joignent un exemplaire vierge \u00e0 leur convocation \u00e0 l\u2019assembl\u00e9e g\u00e9n\u00e9rale. Il existe \u00e9galement des <strong>pouvoirs en blanc<\/strong>. Ceux-ci ne d\u00e9signent aucun mandataire et sont g\u00e9n\u00e9ralement confi\u00e9s aux dirigeants de l\u2019association qui le d\u00e9l\u00e8guent \u00e0 leur tour lors de la r\u00e9union. <\/p>\n\n\n\n<div class=\"wp-block-buttons is-horizontal is-content-justification-center is-layout-flex wp-container-core-buttons-is-layout-1 wp-block-buttons-is-layout-flex\">\n<div class=\"wp-block-button\"><a class=\"wp-block-button__link has-white-color has-luminous-vivid-amber-background-color has-text-color has-background wp-element-button\"><strong>&gt;&gt;Inscrire mon asso \u00e0 Infolocale <\/strong><\/a><\/div>\n<\/div>\n\n\n\n<h2 class=\"wp-block-heading\">C\u2019est quoi une d\u00e9l\u00e9gation de pouvoir en assembl\u00e9e g\u00e9n\u00e9rale d\u2019association ?<\/h2>\n\n\n\n<p>Une <strong>d\u00e9l\u00e9gation de pouvoir pour l\u2019assembl\u00e9e g\u00e9n\u00e9rale d\u2019une association<\/strong> est un document \u00e9mis par une personne ne pouvant se rendre \u00e0 l\u2019assembl\u00e9e, mais souhaitant tout de m\u00eame y exprimer son vote.<\/p>\n\n\n\n<p>Cette personne r\u00e9dige alors une <strong>procuration. <\/strong>Par ce document, elle donne, \u00e0 un mandataire le pouvoir de voter en son nom. Le mandataire est clairement identifi\u00e9 dans la d\u00e9l\u00e9gation de pouvoir.<\/p>\n\n\n\n<h2 class=\"wp-block-heading\">Le pouvoir en blanc en assembl\u00e9e g\u00e9n\u00e9rale<\/h2>\n\n\n\n<p>Il existe une seconde forme de <strong>d\u00e9l\u00e9gation de vote<\/strong>. Il s\u2019agit du <strong>pouvoir en blanc<\/strong>. Celui-ci permet \u00e9galement de voter par <strong>procuration<\/strong>. Cependant, il a de diff\u00e9rent qu\u2019il ne d\u00e9signe aucun mandataire.&nbsp;<\/p>\n\n\n\n<p>Ainsi, la personne optant pour ce mode de repr\u00e9sentation, ne sait pas qui exprimera son vote. Le pouvoir en blanc est g\u00e9n\u00e9ralement transmis par le votant aux dirigeants de l\u2019association qui le confieront, \u00e0 leur tour, \u00e0 une personne qui en aura accepter la mission.<\/p>\n\n\n\n<div class=\"wp-block-buttons is-content-justification-center is-layout-flex wp-block-buttons-is-layout-flex\">\n<div class=\"wp-block-button\"><a class=\"wp-block-button__link has-vivid-cyan-blue-color has-white-background-color has-text-color has-background\" href=\"#elementor-action%3Aaction%3Dpopup%3Aopen%26settings%3DeyJpZCI6IjIxNDYzIiwidG9nZ2xlIjpmYWxzZX0%3D\"><strong>&gt;&gt; Recevoir un exemple gratuit de pouvoir pour mon association<\/strong><\/a><\/div>\n<\/div>\n\n\n\n<h2 class=\"wp-block-heading\">Pourquoi utiliser la d\u00e9l\u00e9gation de pouvoir dans votre association ?<\/h2>\n\n\n\n<p>L\u2019assembl\u00e9e g\u00e9n\u00e9rale ordinaire est un moment central dans la vie de votre association. C\u2019est \u00e0 cette occasion que sont prises les d\u00e9cisions les plus strat\u00e9giques pour son avenir. Aussi, il est important pour vous d\u2019impliquer le maximum d\u2019adh\u00e9rents, de b\u00e9n\u00e9voles et autres acteurs impliqu\u00e9s dans l&rsquo;administration de votre structure.<\/p>\n\n\n\n<p>En effet, l\u2019AG doit vous permettre d\u2019aborder un certain nombre de sujets :&nbsp;<\/p>\n\n\n\n<ul class=\"wp-block-list\"><li>Le pr\u00e9sident y pr\u00e9sente g\u00e9n\u00e9ralement le bilan moral de l\u2019association<\/li><li>Le <a href=\"https:\/\/www.infolocale.fr\/blog\/rapport-financier-annuel-association\/\">bilan financier<\/a> est soutenu par le tr\u00e9sorier<\/li><li>Pour ces deux bilans, les dirigeants re\u00e7oivent ou non, le <a href=\"https:\/\/www.infolocale.fr\/blog\/quitus-association\/\">quitus de l\u2019assembl\u00e9e g\u00e9n\u00e9rale<\/a>.<\/li><li>Cette r\u00e9union permettra \u00e9galement de voter le projet pour l\u2019ann\u00e9e \u00e0 venir<\/li><li>Elle peut \u00e9galement mener \u00e0 <a href=\"https:\/\/www.infolocale.fr\/blog\/elire-bureau-association\/\">\u00e9lire le bureau<\/a> ou le <a href=\"https:\/\/www.infolocale.fr\/blog\/conseil-dadministration-association\/\">conseil d\u2019administration de votre association<\/a>.<\/li><\/ul>\n\n\n\n<p>En outre, l\u2019implication de vos adh\u00e9rents dans votre assembl\u00e9e est capitale pour assurer la repr\u00e9sentativit\u00e9 des d\u00e9cisions et leur l\u00e9gitimit\u00e9. D\u2019ailleurs, dans ce domaine, une abstention trop importante pourrait vous emp\u00eacher d\u2019atteindre le <a href=\"https:\/\/www.infolocale.fr\/blog\/quorum-assemblee-generale-association\/\">quorum de votre association<\/a> et mener \u00e0 l&rsquo;invalidation des d\u00e9cisions prises.<\/p>\n\n\n<div class=\"wp-block-image is-resized\">\n<figure class=\"aligncenter size-large has-lightbox\"><a href=\"https:\/\/www.infolocale.fr\/decouvrir\/deposant\/?utm_source=blog&amp;utm_medium=banner&amp;utm_campaign=blog-content\"><img fetchpriority=\"high\" decoding=\"async\" width=\"1024\" height=\"1024\" src=\"https:\/\/www.infolocale.fr\/blog\/wp-content\/uploads\/2021\/11\/banniere-NLDASSO-carree1500x1500-1024x1024.jpg\" alt=\"\" class=\"wp-image-23946\" srcset=\"https:\/\/infolocale.20minutes.fr\/blog\/wp-content\/uploads\/2021\/11\/banniere-NLDASSO-carree1500x1500-1024x1024.jpg 1024w, https:\/\/infolocale.20minutes.fr\/blog\/wp-content\/uploads\/2021\/11\/banniere-NLDASSO-carree1500x1500-300x300.jpg 300w, https:\/\/infolocale.20minutes.fr\/blog\/wp-content\/uploads\/2021\/11\/banniere-NLDASSO-carree1500x1500-150x150.jpg 150w, https:\/\/infolocale.20minutes.fr\/blog\/wp-content\/uploads\/2021\/11\/banniere-NLDASSO-carree1500x1500-768x768.jpg 768w, https:\/\/infolocale.20minutes.fr\/blog\/wp-content\/uploads\/2021\/11\/banniere-NLDASSO-carree1500x1500.jpg 1500w\" sizes=\"(max-width: 1024px) 100vw, 1024px\" \/><\/a><\/figure><\/div>\n\n\n<h2 class=\"wp-block-heading\">Quand peut-on utiliser la d\u00e9l\u00e9gation de pouvoir ?<\/h2>\n\n\n\n<p>Pour vous, dirigeants d\u2019association, il est primordial d\u2019obtenir la participation du plus grand nombre aux diff\u00e9rents votes de votre assembl\u00e9e g\u00e9n\u00e9rale. Cependant, il y aura toujours des personnes indisponibles ne pouvant \u00eatre pr\u00e9sentes le jour J.&nbsp;<\/p>\n\n\n\n<p>Pour elle, il est possible d\u2019utiliser cette forme de vote par <strong>procuration<\/strong>. Celui-ci peut s\u2019exercer sur les diff\u00e9rentes instances auxquelles le d\u00e9l\u00e9gant peut \u00eatre amen\u00e9 \u00e0 s\u2019exprimer.<\/p>\n\n\n\n<p>En tant que membre d\u2019association, il s\u2019agit le plus souvent de l\u2019assembl\u00e9e g\u00e9n\u00e9rale ordinaire et de l\u2019<a href=\"https:\/\/www.infolocale.fr\/blog\/assemblee-generale-extraordinaire-association\/\">assembl\u00e9e g\u00e9n\u00e9rale extraordinaire<\/a> ?<\/p>\n\n\n\n<h2 class=\"wp-block-heading\">Qui peut \u00eatre d\u00e9sign\u00e9 par le pouvoir d\u2019un membre de votre assembl\u00e9e g\u00e9n\u00e9rale ?&nbsp;<\/h2>\n\n\n\n<p>Sans disposition particuli\u00e8re enregistr\u00e9e dans les <a href=\"https:\/\/www.infolocale.fr\/blog\/rediger-statuts-dune-association\/\">statuts de votre association<\/a>, il n\u2019existe aucune contrainte limitant les personnes auxquelles votre membre d\u00e9l\u00e9gant pourrait confier sa voix.<\/p>\n\n\n\n<p>Une m\u00eame personne peut \u00e9galement repr\u00e9senter plusieurs membres et ainsi voter deux fois ou plus sur un m\u00eame scrutin.<\/p>\n\n\n\n<h2 class=\"wp-block-heading\">Comment \u00e9crire une d\u00e9l\u00e9gation de pouvoir ?<\/h2>\n\n\n\n<p>Afin de r\u00e9diger une d\u00e9l\u00e9gation de pouvoir en bonne et due forme, il est un certain nombre d\u2019informations que vous pouvez y faire figurer.<\/p>\n\n\n\n<div class=\"wp-block-buttons is-content-justification-center is-layout-flex wp-block-buttons-is-layout-flex\">\n<div class=\"wp-block-button\"><a class=\"wp-block-button__link has-vivid-cyan-blue-color has-white-background-color has-text-color has-background\" href=\"#elementor-action%3Aaction%3Dpopup%3Aopen%26settings%3DeyJpZCI6IjIxNDYzIiwidG9nZ2xlIjpmYWxzZX0%3D\"><strong>&gt;&gt; T\u00e9l\u00e9chargez un exemple de pouvoir \u00e0 joindre \u00e0 vos convocations<\/strong> <\/a><\/div>\n<\/div>\n\n\n\n<p>Le document doit non seulement d\u00e9signer le mandataire, mais aussi la personne repr\u00e9sent\u00e9e. En outre, il doit identifier l\u2019\u00e9v\u00e9nement pour lequel il sera utilis\u00e9.<\/p>\n\n\n\n<p>Ainsi, vous pouvez \u00e9crire dans votre d\u00e9l\u00e9gation de pouvoir :&nbsp;<\/p>\n\n\n\n<ul class=\"wp-block-list\"><li>le nom et pr\u00e9nom de la personne d\u00e9l\u00e9gant son vote,<\/li><li>le nom et pr\u00e9nom du mandataire,<\/li><li>pr\u00e9ciser \u00e9galement le nom de l\u2019association dont vous \u00eates membres,<\/li><li>il est pr\u00e9f\u00e9rable de bien identifier l\u2019\u00e9v\u00e9nement auquel vous demandez \u00e0 \u00eatre repr\u00e9sent\u00e9,<\/li><li>vous pouvez \u00e9galement pr\u00e9ciser le lieu et la date \u00e0 laquelle se tient cet \u00e9v\u00e9nement,<\/li><li>enfin, vous pouvez dater et signer le document.&nbsp;<\/li><\/ul>\n\n\n\n<p>Dans le cas d\u2019une d\u00e9l\u00e9gation de pouvoir en blanc, le d\u00e9l\u00e9gant n\u2019aura pas \u00e0 d\u00e9sign\u00e9 de mandataire.&nbsp;<\/p>\n\n\n\n<h2 class=\"wp-block-heading\">Comment \u00e9crire un pouvoir et se faire repr\u00e9senter en assembl\u00e9e g\u00e9n\u00e9rale d\u2019une association ?<\/h2>\n\n\n\n<p>La d\u00e9l\u00e9gation de pouvoir est faite \u00e0 l\u2019initiative du d\u00e9l\u00e9gant. Cependant, cette d\u00e9l\u00e9gation peut aussi \u00eatre r\u00e9dig\u00e9e par l\u2019association elle-m\u00eame.&nbsp;<\/p>\n\n\n\n<p>Par exemple, une association peut, \u00e0 l\u2019\u00e9tape de la r\u00e9daction de la <a href=\"https:\/\/www.infolocale.fr\/blog\/convocation-assemblee-generale-association\/\">convocation \u00e0 l\u2019assembl\u00e9e g\u00e9n\u00e9rale<\/a>, joindre un document de pouvoir vierge. Les membres n\u2019auront alors plus qu\u2019\u00e0 en remplir les champs laiss\u00e9s libres.&nbsp;<\/p>\n\n\n\n<p>Cette initiative a l\u2019avantage de pousser un plus grand nombre de vos membres ne pouvant se d\u00e9placer, \u00e0 se faire repr\u00e9senter. Cet acte permet d\u2019assurer le fonctionnement d\u00e9mocratique de votre association. Surtout, il permet aux associations dont la validation de l\u2019AG repose sur le rassemblement d\u2019un quorum, de plus facilement atteindre celui-ci et de s\u2019assurer de la validit\u00e9 de ses d\u00e9cisions.<\/p>\n","protected":false},"excerpt":{"rendered":"<p>Une d\u00e9l\u00e9gation de pouvoir est un document par lequel un votant confie sa voix \u00e0 un mandataire pour que celui-ci le repr\u00e9sente lors de l\u2019assembl\u00e9e [&hellip;]<\/p>\n","protected":false},"author":2,"featured_media":17578,"comment_status":"open","ping_status":"open","sticky":false,"template":"","format":"standard","meta":{"_coblocks_attr":"","_coblocks_dimensions":"","_coblocks_responsive_height":"","_coblocks_accordion_ie_support":"","_mo_disable_npp":"","footnotes":""},"categories":[74],"tags":[104],"class_list":["post-17576","post","type-post","status-publish","format-standard","has-post-thumbnail","hentry","category-creer-et-administrer-une-association-1901","tag-assemblee-generale-ordinaire"],"yoast_head":"<!-- This site is optimized with the Yoast SEO plugin v23.2 - https:\/\/yoast.com\/wordpress\/plugins\/seo\/ -->\n<title>D\u00e9l\u00e9gation de pouvoir en assembl\u00e9e g\u00e9n\u00e9rale d&#039;association |<\/title>\n<meta name=\"description\" content=\"La d\u00e9l\u00e9gation de pouvoir est un document par lequel un votant confie sa voix via un mandataire en assembl\u00e9e g\u00e9n\u00e9rale d\u2019association.\" \/>\n<meta name=\"robots\" content=\"index, follow, max-snippet:-1, max-image-preview:large, max-video-preview:-1\" \/>\n<link rel=\"canonical\" href=\"https:\/\/www.infolocale.fr\/blog\/delegation-pouvoir-assemblee-generale-association\/\" \/>\n<meta property=\"og:locale\" content=\"fr_FR\" \/>\n<meta property=\"og:type\" content=\"article\" \/>\n<meta property=\"og:title\" content=\"D\u00e9l\u00e9gation de pouvoir en assembl\u00e9e g\u00e9n\u00e9rale d&#039;association |\" \/>\n<meta property=\"og:description\" content=\"La d\u00e9l\u00e9gation de pouvoir est un document par lequel un votant confie sa voix via un mandataire en assembl\u00e9e g\u00e9n\u00e9rale d\u2019association.\" \/>\n<meta property=\"og:url\" content=\"https:\/\/www.infolocale.fr\/blog\/delegation-pouvoir-assemblee-generale-association\/\" \/>\n<meta property=\"article:publisher\" content=\"https:\/\/www.facebook.com\/infolocaleFR\/\" \/>\n<meta property=\"article:published_time\" content=\"2022-02-24T11:32:28+00:00\" \/>\n<meta property=\"article:modified_time\" content=\"2024-02-01T16:02:32+00:00\" \/>\n<meta property=\"og:image\" content=\"https:\/\/www.infolocale.fr\/blog\/wp-content\/uploads\/2022\/02\/delegation-pouvoir-association.jpg\" \/>\n\t<meta property=\"og:image:width\" content=\"900\" \/>\n\t<meta property=\"og:image:height\" content=\"630\" \/>\n\t<meta property=\"og:image:type\" content=\"image\/jpeg\" \/>\n<meta name=\"author\" content=\"Morgan\" \/>\n<meta name=\"twitter:card\" content=\"summary_large_image\" \/>\n<meta name=\"twitter:creator\" content=\"@infolocale\" \/>\n<meta name=\"twitter:site\" content=\"@infolocale\" \/>\n<meta name=\"twitter:label1\" content=\"\u00c9crit par\" \/>\n\t<meta name=\"twitter:data1\" content=\"Morgan\" \/>\n\t<meta name=\"twitter:label2\" content=\"Dur\u00e9e de lecture estim\u00e9e\" \/>\n\t<meta name=\"twitter:data2\" content=\"5 minutes\" \/>\n<script type=\"application\/ld+json\" class=\"yoast-schema-graph\">{\"@context\":\"https:\/\/schema.org\",\"@graph\":[{\"@type\":\"Article\",\"@id\":\"https:\/\/www.infolocale.fr\/blog\/delegation-pouvoir-assemblee-generale-association\/#article\",\"isPartOf\":{\"@id\":\"https:\/\/www.infolocale.fr\/blog\/delegation-pouvoir-assemblee-generale-association\/\"},\"author\":{\"name\":\"Morgan\",\"@id\":\"https:\/\/www.infolocale.fr\/blog\/#\/schema\/person\/f0f748ece99417833166b3ba8890f3db\"},\"headline\":\"La d\u00e9l\u00e9gation de pouvoir : voter par procuration en assembl\u00e9e g\u00e9n\u00e9rale\",\"datePublished\":\"2022-02-24T11:32:28+00:00\",\"dateModified\":\"2024-02-01T16:02:32+00:00\",\"mainEntityOfPage\":{\"@id\":\"https:\/\/www.infolocale.fr\/blog\/delegation-pouvoir-assemblee-generale-association\/\"},\"wordCount\":1089,\"commentCount\":8,\"publisher\":{\"@id\":\"https:\/\/www.infolocale.fr\/blog\/#organization\"},\"image\":{\"@id\":\"https:\/\/www.infolocale.fr\/blog\/delegation-pouvoir-assemblee-generale-association\/#primaryimage\"},\"thumbnailUrl\":\"https:\/\/infolocale.20minutes.fr\/blog\/wp-content\/uploads\/2022\/02\/delegation-pouvoir-association.jpg\",\"keywords\":[\"Assembl\u00e9e g\u00e9n\u00e9rale ordinaire\"],\"articleSection\":[\"Cr\u00e9er et g\u00e9rer une association\"],\"inLanguage\":\"fr-FR\",\"potentialAction\":[{\"@type\":\"CommentAction\",\"name\":\"Comment\",\"target\":[\"https:\/\/www.infolocale.fr\/blog\/delegation-pouvoir-assemblee-generale-association\/#respond\"]}]},{\"@type\":\"WebPage\",\"@id\":\"https:\/\/www.infolocale.fr\/blog\/delegation-pouvoir-assemblee-generale-association\/\",\"url\":\"https:\/\/www.infolocale.fr\/blog\/delegation-pouvoir-assemblee-generale-association\/\",\"name\":\"D\u00e9l\u00e9gation de pouvoir en assembl\u00e9e g\u00e9n\u00e9rale d'association |\",\"isPartOf\":{\"@id\":\"https:\/\/www.infolocale.fr\/blog\/#website\"},\"primaryImageOfPage\":{\"@id\":\"https:\/\/www.infolocale.fr\/blog\/delegation-pouvoir-assemblee-generale-association\/#primaryimage\"},\"image\":{\"@id\":\"https:\/\/www.infolocale.fr\/blog\/delegation-pouvoir-assemblee-generale-association\/#primaryimage\"},\"thumbnailUrl\":\"https:\/\/infolocale.20minutes.fr\/blog\/wp-content\/uploads\/2022\/02\/delegation-pouvoir-association.jpg\",\"datePublished\":\"2022-02-24T11:32:28+00:00\",\"dateModified\":\"2024-02-01T16:02:32+00:00\",\"description\":\"La d\u00e9l\u00e9gation de pouvoir est un document par lequel un votant confie sa voix via un mandataire en assembl\u00e9e g\u00e9n\u00e9rale d\u2019association.\",\"breadcrumb\":{\"@id\":\"https:\/\/www.infolocale.fr\/blog\/delegation-pouvoir-assemblee-generale-association\/#breadcrumb\"},\"inLanguage\":\"fr-FR\",\"potentialAction\":[{\"@type\":\"ReadAction\",\"target\":[\"https:\/\/www.infolocale.fr\/blog\/delegation-pouvoir-assemblee-generale-association\/\"]}]},{\"@type\":\"ImageObject\",\"inLanguage\":\"fr-FR\",\"@id\":\"https:\/\/www.infolocale.fr\/blog\/delegation-pouvoir-assemblee-generale-association\/#primaryimage\",\"url\":\"https:\/\/infolocale.20minutes.fr\/blog\/wp-content\/uploads\/2022\/02\/delegation-pouvoir-association.jpg\",\"contentUrl\":\"https:\/\/infolocale.20minutes.fr\/blog\/wp-content\/uploads\/2022\/02\/delegation-pouvoir-association.jpg\",\"width\":900,\"height\":630,\"caption\":\"Comment voter par procuration et d\u00e9l\u00e9gation de pouvoir durant l'assembl\u00e9e g\u00e9n\u00e9rale d'une association ?\"},{\"@type\":\"BreadcrumbList\",\"@id\":\"https:\/\/www.infolocale.fr\/blog\/delegation-pouvoir-assemblee-generale-association\/#breadcrumb\",\"itemListElement\":[{\"@type\":\"ListItem\",\"position\":1,\"name\":\"Blog\",\"item\":\"https:\/\/infolocale.ouest-france.fr\/blog\/\"},{\"@type\":\"ListItem\",\"position\":2,\"name\":\"Cr\u00e9er et g\u00e9rer une association\",\"item\":\"https:\/\/infolocale.ouest-france.fr\/blog\/cat\/creer-et-administrer-une-association-1901\/\"},{\"@type\":\"ListItem\",\"position\":3,\"name\":\"La d\u00e9l\u00e9gation de pouvoir : voter par procuration en assembl\u00e9e g\u00e9n\u00e9rale\"}]},{\"@type\":\"WebSite\",\"@id\":\"https:\/\/www.infolocale.fr\/blog\/#website\",\"url\":\"https:\/\/www.infolocale.fr\/blog\/\",\"name\":\"\",\"description\":\"\",\"publisher\":{\"@id\":\"https:\/\/www.infolocale.fr\/blog\/#organization\"},\"potentialAction\":[{\"@type\":\"SearchAction\",\"target\":{\"@type\":\"EntryPoint\",\"urlTemplate\":\"https:\/\/www.infolocale.fr\/blog\/?s={search_term_string}\"},\"query-input\":\"required name=search_term_string\"}],\"inLanguage\":\"fr-FR\"},{\"@type\":\"Organization\",\"@id\":\"https:\/\/www.infolocale.fr\/blog\/#organization\",\"name\":\"Infolocale\",\"url\":\"https:\/\/www.infolocale.fr\/blog\/\",\"logo\":{\"@type\":\"ImageObject\",\"inLanguage\":\"fr-FR\",\"@id\":\"https:\/\/www.infolocale.fr\/blog\/#\/schema\/logo\/image\/\",\"url\":\"https:\/\/www.infolocale.fr\/blog\/wp-content\/uploads\/2020\/11\/logol.jpg\",\"contentUrl\":\"https:\/\/www.infolocale.fr\/blog\/wp-content\/uploads\/2020\/11\/logol.jpg\",\"width\":1031,\"height\":398,\"caption\":\"Infolocale\"},\"image\":{\"@id\":\"https:\/\/www.infolocale.fr\/blog\/#\/schema\/logo\/image\/\"},\"sameAs\":[\"https:\/\/www.facebook.com\/infolocaleFR\/\",\"https:\/\/x.com\/infolocale\",\"https:\/\/www.instagram.com\/infolocale\/\",\"https:\/\/fr.linkedin.com\/company\/infolocale\",\"https:\/\/www.youtube.com\/channel\/UCnv4FA8EYEuu_si3TGr7xeA\"]},{\"@type\":\"Person\",\"@id\":\"https:\/\/www.infolocale.fr\/blog\/#\/schema\/person\/f0f748ece99417833166b3ba8890f3db\",\"name\":\"Morgan\",\"image\":{\"@type\":\"ImageObject\",\"inLanguage\":\"fr-FR\",\"@id\":\"https:\/\/www.infolocale.fr\/blog\/#\/schema\/person\/image\/\",\"url\":\"https:\/\/secure.gravatar.com\/avatar\/a22ec2a0cc817ae9fa3ff7341a213632?s=96&d=mm&r=g\",\"contentUrl\":\"https:\/\/secure.gravatar.com\/avatar\/a22ec2a0cc817ae9fa3ff7341a213632?s=96&d=mm&r=g\",\"caption\":\"Morgan\"},\"url\":\"https:\/\/infolocale.20minutes.fr\/blog\/author\/morgan-delepine\/\"}]}<\/script>\n<!-- \/ Yoast SEO plugin. -->","yoast_head_json":{"title":"D\u00e9l\u00e9gation de pouvoir en assembl\u00e9e g\u00e9n\u00e9rale d'association |","description":"La d\u00e9l\u00e9gation de pouvoir est un document par lequel un votant confie sa voix via un mandataire en assembl\u00e9e g\u00e9n\u00e9rale d\u2019association.","robots":{"index":"index","follow":"follow","max-snippet":"max-snippet:-1","max-image-preview":"max-image-preview:large","max-video-preview":"max-video-preview:-1"},"canonical":"https:\/\/www.infolocale.fr\/blog\/delegation-pouvoir-assemblee-generale-association\/","og_locale":"fr_FR","og_type":"article","og_title":"D\u00e9l\u00e9gation de pouvoir en assembl\u00e9e g\u00e9n\u00e9rale d'association |","og_description":"La d\u00e9l\u00e9gation de pouvoir est un document par lequel un votant confie sa voix via un mandataire en assembl\u00e9e g\u00e9n\u00e9rale d\u2019association.","og_url":"https:\/\/www.infolocale.fr\/blog\/delegation-pouvoir-assemblee-generale-association\/","article_publisher":"https:\/\/www.facebook.com\/infolocaleFR\/","article_published_time":"2022-02-24T11:32:28+00:00","article_modified_time":"2024-02-01T16:02:32+00:00","og_image":[{"width":900,"height":630,"url":"https:\/\/www.infolocale.fr\/blog\/wp-content\/uploads\/2022\/02\/delegation-pouvoir-association.jpg","type":"image\/jpeg"}],"author":"Morgan","twitter_card":"summary_large_image","twitter_creator":"@infolocale","twitter_site":"@infolocale","twitter_misc":{"\u00c9crit par":"Morgan","Dur\u00e9e de lecture estim\u00e9e":"5 minutes"},"schema":{"@context":"https:\/\/schema.org","@graph":[{"@type":"Article","@id":"https:\/\/www.infolocale.fr\/blog\/delegation-pouvoir-assemblee-generale-association\/#article","isPartOf":{"@id":"https:\/\/www.infolocale.fr\/blog\/delegation-pouvoir-assemblee-generale-association\/"},"author":{"name":"Morgan","@id":"https:\/\/www.infolocale.fr\/blog\/#\/schema\/person\/f0f748ece99417833166b3ba8890f3db"},"headline":"La d\u00e9l\u00e9gation de pouvoir : voter par procuration en assembl\u00e9e g\u00e9n\u00e9rale","datePublished":"2022-02-24T11:32:28+00:00","dateModified":"2024-02-01T16:02:32+00:00","mainEntityOfPage":{"@id":"https:\/\/www.infolocale.fr\/blog\/delegation-pouvoir-assemblee-generale-association\/"},"wordCount":1089,"commentCount":8,"publisher":{"@id":"https:\/\/www.infolocale.fr\/blog\/#organization"},"image":{"@id":"https:\/\/www.infolocale.fr\/blog\/delegation-pouvoir-assemblee-generale-association\/#primaryimage"},"thumbnailUrl":"https:\/\/infolocale.20minutes.fr\/blog\/wp-content\/uploads\/2022\/02\/delegation-pouvoir-association.jpg","keywords":["Assembl\u00e9e g\u00e9n\u00e9rale ordinaire"],"articleSection":["Cr\u00e9er et g\u00e9rer une association"],"inLanguage":"fr-FR","potentialAction":[{"@type":"CommentAction","name":"Comment","target":["https:\/\/www.infolocale.fr\/blog\/delegation-pouvoir-assemblee-generale-association\/#respond"]}]},{"@type":"WebPage","@id":"https:\/\/www.infolocale.fr\/blog\/delegation-pouvoir-assemblee-generale-association\/","url":"https:\/\/www.infolocale.fr\/blog\/delegation-pouvoir-assemblee-generale-association\/","name":"D\u00e9l\u00e9gation de pouvoir en assembl\u00e9e g\u00e9n\u00e9rale d'association |","isPartOf":{"@id":"https:\/\/www.infolocale.fr\/blog\/#website"},"primaryImageOfPage":{"@id":"https:\/\/www.infolocale.fr\/blog\/delegation-pouvoir-assemblee-generale-association\/#primaryimage"},"image":{"@id":"https:\/\/www.infolocale.fr\/blog\/delegation-pouvoir-assemblee-generale-association\/#primaryimage"},"thumbnailUrl":"https:\/\/infolocale.20minutes.fr\/blog\/wp-content\/uploads\/2022\/02\/delegation-pouvoir-association.jpg","datePublished":"2022-02-24T11:32:28+00:00","dateModified":"2024-02-01T16:02:32+00:00","description":"La d\u00e9l\u00e9gation de pouvoir est un document par lequel un votant confie sa voix via un mandataire en assembl\u00e9e g\u00e9n\u00e9rale d\u2019association.","breadcrumb":{"@id":"https:\/\/www.infolocale.fr\/blog\/delegation-pouvoir-assemblee-generale-association\/#breadcrumb"},"inLanguage":"fr-FR","potentialAction":[{"@type":"ReadAction","target":["https:\/\/www.infolocale.fr\/blog\/delegation-pouvoir-assemblee-generale-association\/"]}]},{"@type":"ImageObject","inLanguage":"fr-FR","@id":"https:\/\/www.infolocale.fr\/blog\/delegation-pouvoir-assemblee-generale-association\/#primaryimage","url":"https:\/\/infolocale.20minutes.fr\/blog\/wp-content\/uploads\/2022\/02\/delegation-pouvoir-association.jpg","contentUrl":"https:\/\/infolocale.20minutes.fr\/blog\/wp-content\/uploads\/2022\/02\/delegation-pouvoir-association.jpg","width":900,"height":630,"caption":"Comment voter par procuration et d\u00e9l\u00e9gation de pouvoir durant l'assembl\u00e9e g\u00e9n\u00e9rale d'une association ?"},{"@type":"BreadcrumbList","@id":"https:\/\/www.infolocale.fr\/blog\/delegation-pouvoir-assemblee-generale-association\/#breadcrumb","itemListElement":[{"@type":"ListItem","position":1,"name":"Blog","item":"https:\/\/infolocale.ouest-france.fr\/blog\/"},{"@type":"ListItem","position":2,"name":"Cr\u00e9er et g\u00e9rer une association","item":"https:\/\/infolocale.ouest-france.fr\/blog\/cat\/creer-et-administrer-une-association-1901\/"},{"@type":"ListItem","position":3,"name":"La d\u00e9l\u00e9gation de pouvoir : voter par procuration en assembl\u00e9e g\u00e9n\u00e9rale"}]},{"@type":"WebSite","@id":"https:\/\/www.infolocale.fr\/blog\/#website","url":"https:\/\/www.infolocale.fr\/blog\/","name":"","description":"","publisher":{"@id":"https:\/\/www.infolocale.fr\/blog\/#organization"},"potentialAction":[{"@type":"SearchAction","target":{"@type":"EntryPoint","urlTemplate":"https:\/\/www.infolocale.fr\/blog\/?s={search_term_string}"},"query-input":"required name=search_term_string"}],"inLanguage":"fr-FR"},{"@type":"Organization","@id":"https:\/\/www.infolocale.fr\/blog\/#organization","name":"Infolocale","url":"https:\/\/www.infolocale.fr\/blog\/","logo":{"@type":"ImageObject","inLanguage":"fr-FR","@id":"https:\/\/www.infolocale.fr\/blog\/#\/schema\/logo\/image\/","url":"https:\/\/www.infolocale.fr\/blog\/wp-content\/uploads\/2020\/11\/logol.jpg","contentUrl":"https:\/\/www.infolocale.fr\/blog\/wp-content\/uploads\/2020\/11\/logol.jpg","width":1031,"height":398,"caption":"Infolocale"},"image":{"@id":"https:\/\/www.infolocale.fr\/blog\/#\/schema\/logo\/image\/"},"sameAs":["https:\/\/www.facebook.com\/infolocaleFR\/","https:\/\/x.com\/infolocale","https:\/\/www.instagram.com\/infolocale\/","https:\/\/fr.linkedin.com\/company\/infolocale","https:\/\/www.youtube.com\/channel\/UCnv4FA8EYEuu_si3TGr7xeA"]},{"@type":"Person","@id":"https:\/\/www.infolocale.fr\/blog\/#\/schema\/person\/f0f748ece99417833166b3ba8890f3db","name":"Morgan","image":{"@type":"ImageObject","inLanguage":"fr-FR","@id":"https:\/\/www.infolocale.fr\/blog\/#\/schema\/person\/image\/","url":"https:\/\/secure.gravatar.com\/avatar\/a22ec2a0cc817ae9fa3ff7341a213632?s=96&d=mm&r=g","contentUrl":"https:\/\/secure.gravatar.com\/avatar\/a22ec2a0cc817ae9fa3ff7341a213632?s=96&d=mm&r=g","caption":"Morgan"},"url":"https:\/\/infolocale.20minutes.fr\/blog\/author\/morgan-delepine\/"}]}},"_links":{"self":[{"href":"https:\/\/infolocale.20minutes.fr\/blog\/wp-json\/wp\/v2\/posts\/17576"}],"collection":[{"href":"https:\/\/infolocale.20minutes.fr\/blog\/wp-json\/wp\/v2\/posts"}],"about":[{"href":"https:\/\/infolocale.20minutes.fr\/blog\/wp-json\/wp\/v2\/types\/post"}],"author":[{"embeddable":true,"href":"https:\/\/infolocale.20minutes.fr\/blog\/wp-json\/wp\/v2\/users\/2"}],"replies":[{"embeddable":true,"href":"https:\/\/infolocale.20minutes.fr\/blog\/wp-json\/wp\/v2\/comments?post=17576"}],"version-history":[{"count":0,"href":"https:\/\/infolocale.20minutes.fr\/blog\/wp-json\/wp\/v2\/posts\/17576\/revisions"}],"wp:featuredmedia":[{"embeddable":true,"href":"https:\/\/infolocale.20minutes.fr\/blog\/wp-json\/wp\/v2\/media\/17578"}],"wp:attachment":[{"href":"https:\/\/infolocale.20minutes.fr\/blog\/wp-json\/wp\/v2\/media?parent=17576"}],"wp:term":[{"taxonomy":"category","embeddable":true,"href":"https:\/\/infolocale.20minutes.fr\/blog\/wp-json\/wp\/v2\/categories?post=17576"},{"taxonomy":"post_tag","embeddable":true,"href":"https:\/\/infolocale.20minutes.fr\/blog\/wp-json\/wp\/v2\/tags?post=17576"}],"curies":[{"name":"wp","href":"https:\/\/api.w.org\/{rel}","templated":true}]}}