{"id":17441,"date":"2022-02-16T16:25:38","date_gmt":"2022-02-16T15:25:38","guid":{"rendered":"https:\/\/www.infolocale.fr\/blog\/?p=17441"},"modified":"2022-03-07T11:49:03","modified_gmt":"2022-03-07T10:49:03","slug":"reparer-ensemble-dans-un-repair-cafe","status":"publish","type":"post","link":"https:\/\/infolocale.20minutes.fr\/blog\/reparer-ensemble-dans-un-repair-cafe\/","title":{"rendered":"R\u00e9parer ensemble dans un Repair Caf\u00e9"},"content":{"rendered":"\n<p>R\u00e9parer son objet dans un Repair Caf\u00e9, une solution bienvenue en ces temps d&rsquo;\u00e9conomie durable. Ouverts \u00e0 tous, les b\u00e9n\u00e9voles des <a href=\"https:\/\/repaircafe.org\/fr\/\" target=\"_blank\" rel=\"noreferrer noopener\">Repair Caf\u00e9s<\/a> sont pr\u00e9sents pour r\u00e9parer les objets d\u00e9fectueux avec les b\u00e9n\u00e9ficiaires. Les r\u00e9parateurs-b\u00e9n\u00e9voles apportent leur savoir-faire et leurs outils pour&nbsp;\u00ab\u00a0redonner vie\u00a0\u00bb \u00e0 tous les objets du quotidien : motoculture, couture, HiFi, informatique, smartphone&#8230;<\/p>\n\n\n\n<p> Martine POSTMA organise le premier Repair Caf\u00e9 \u00e0 Amsterdam en octobre 2009. Un succ\u00e8s ! Elle cr\u00e9e la Fondation Repair Caf\u00e9. Celle-ci soutient la mise en place de groupes locaux et internationaux. En dehors des Pays-Bas, Les Repair Caf\u00e9s s\u2019implantent en&nbsp;: Belgique, Allemagne, France, Etats-Unis, au Royaume Uni, au Br\u00e9sil. Le Repair Caf\u00e9 est m\u00eame arriv\u00e9 en Inde et au Japon ! En France, plusieurs centaines se sont d\u00e9j\u00e0 implant\u00e9es. La plupart communiquent sur Infolocale.fr<\/p>\n\n\n\n<div class=\"wp-block-buttons is-horizontal is-content-justification-center is-layout-flex wp-container-core-buttons-is-layout-1 wp-block-buttons-is-layout-flex\">\n<div class=\"wp-block-button\"><a class=\"wp-block-button__link has-white-color has-luminous-vivid-amber-background-color has-text-color has-background wp-element-button\"><strong>&gt;&gt;Inscrire mon asso \u00e0 Infolocale <\/strong><\/a><\/div>\n<\/div>\n\n\n\n<h2 class=\"wp-block-heading\">Partage d&rsquo;exp\u00e9rience de la cr\u00e9ation de Repair Caf\u00e9s<\/h2>\n\n\n\n<p>\u00ab\u00a0<strong>Jeter ? Pas question !<\/strong>\u00a0\u00bb C&rsquo;est le leitmotiv des Repair Caf\u00e9s. Repris par Gilles Gu\u00e9rin pour interpeller les associations et les b\u00e9n\u00e9voles. Afin de d\u00e9velopper les Repair Caf\u00e9s dans la Communaut\u00e9 de communes d&rsquo;Erdre et Gesvres \u2013CCEG- (Loire-Atlantique). Lui-m\u00eame r\u00e9parateur-volontaire, anim\u00e9 par le souci de r\u00e9duction des d\u00e9chets, il sensibilise les usagers \u00e0 l&rsquo;int\u00e9r\u00eat de la remise en \u00e9tat de marche des objets. Avec les autres b\u00e9n\u00e9voles-bricoleurs, il aime transmettre des connaissances de mani\u00e8re conviviale, voire ludique. Et favoriser les \u00e9conomies des familles, tout en resserrant le lien social. <\/p>\n\n\n\n<h2 class=\"wp-block-heading\">Le Repair Caf\u00e9 renforce le dynamisme des associations<\/h2>\n\n\n\n<p>&nbsp;Gilles Gu\u00e9rin, \u00ab&nbsp;bricoleur dans l\u2019\u00e2me&nbsp;\u00bb, ing\u00e9nieur en g\u00e9nie m\u00e9canique, avait d\u00e9j\u00e0 particip\u00e9 \u00e0 une quinzaine de Repair Caf\u00e9s lorsqu\u2019il r\u00e9sidait pr\u00e8s du Mans. Il \u00e9tait \u00e9galement membre d\u2019associations investies dans le d\u00e9veloppement durable et la d\u00e9fense de l\u2019environnement. &nbsp;Nouveau r\u00e9sident de Granchamp-des-Fontaines, situ\u00e9e dans la Communaut\u00e9 de Communes d&rsquo;Erdre et Gesvres \u2013CCEG- (Loire-Atlantique), il se propose comme b\u00e9n\u00e9vole au Repair Caf\u00e9 de Suc\u00e9-sur-Erdre. Le responsable de ce Repair Caf\u00e9 l\u2019invite plut\u00f4t \u00e0 d\u00e9velopper le concept sur la Communaut\u00e9 de communes.<\/p>\n\n\n\n<h2 class=\"wp-block-heading\">Susciter, favoriser et accompagner <\/h2>\n\n\n\n<p>Gilles Gu\u00e9rin se rapproche des associations existantes sur le territoire de la CCEG. A Nort-sur-Erdre, l&rsquo;<a href=\"https:\/\/www.facebook.com\/petitsruisseaux44\/\" target=\"_blank\" rel=\"noreferrer noopener\">Association les Petits Ruisseaux<\/a> accueille  le projet en 2020. Un groupe de b\u00e9n\u00e9voles-r\u00e9parateurs s&rsquo;organise et programme des permanences. Pour cause de pand\u00e9mie, une seule sera possible cette ann\u00e9e-l\u00e0. V\u00e9ritable porteur d\u2019initiative, Gilles Gu\u00e9rin &nbsp;prospecte d\u2019autres communes, envoie des courriels \u00e0 de nombreux contacts sur &nbsp;: &nbsp;Vigneux, Saint- Mars-du- D\u00e9sert, Granchamp- des-Fontaines, Les Touches. Tr\u00e8s vite, le bouche \u00e0 oreille prend le relais. <\/p>\n\n\n\n<p>Gilles recherche des associations de multiactivit\u00e9s pouvant accueillir un Repair Caf\u00e9. Cette association doit poss\u00e9der une tr\u00e9sorerie, disposer d&rsquo;une responsabilit\u00e9 civile, constituer une personne morale -groupement dot\u00e9 de la personnalit\u00e9 juridique, g\u00e9n\u00e9ralement compos\u00e9 d&rsquo;un groupe de personnes physiques r\u00e9unies pour accomplir quelque chose en commun-.  Cinq Repair Caf\u00e9s voient le jour dans la Communaut\u00e9 de communes d&rsquo;Erdre et Gesvres. Gilles Gu\u00e9rin si\u00e8ge aux cinq Conseils administration et intervient sur ces cinq sites en tant que r\u00e9parateur-b\u00e9n\u00e9vole. <\/p>\n\n\n\n<h2 class=\"wp-block-heading\">Le r\u00e9parateur-b\u00e9n\u00e9vole aide et donne le go\u00fbt de la r\u00e9paration <\/h2>\n\n\n\n<p>Gilles t\u00e9moigne au nom des r\u00e9parateurs-b\u00e9n\u00e9voles : \u00ab&nbsp;<strong>R\u00e9parer, c&rsquo;est plaisant, amusant. Nous sommes curieux et nous nous entraidons. Un objet en panne ? Un nouveau cas de figure pour nous ! Nous l&rsquo;appr\u00e9hendons comme un challenge ! Similaire \u00e0 ceux ressentis lors de la r\u00e9solution de mots crois\u00e9s ou de Sudokus. Ces challenges sont plus utiles dans le cadre des Repair Caf\u00e9s !<\/strong> <strong>Les visiteurs-b\u00e9n\u00e9ficiaires r\u00e9parent avec notre aide. Selon l\u2019autonomie du visiteur, certains viennent finir de r\u00e9parer leurs objets. D\u2019autres, plus \u00ab\u00a0timides de leurs mains\u00a0\u00bb, ont besoin de plus de soutien. Nous les invitons tous \u00e0 venir b\u00e9n\u00e9ficier de transferts de savoir en r\u00e9parant leurs objets.<\/strong>\u00ab\u00a0<\/p>\n\n\n\n<h2 class=\"wp-block-heading\">Alimenter le contenu de bases de donn\u00e9es<\/h2>\n\n\n\n<p>\u00ab\u00a0<strong>Nous alimentons la base de donn\u00e9es \u00ab<em>&nbsp;Repair Monitor<\/em>&nbsp;\u00bb qui r\u00e9pertorie les probl\u00e8mes et causes des pannes, surtout les &nbsp;solutions apport\u00e9es. Nos activit\u00e9s sont \u00e9galement transmises \u00e0<em> l\u2019Observatoire des Pannes<\/em> de l\u2019UFC <em>Que Choisir<\/em>, \u00ab\u00a0u<strong>n outil contre l\u2019obsolescence programm\u00e9e des appareils<\/strong>\u00ab\u00a0. Nous participons donc \u00e0 d\u00e9noncer les appareils peu fiables ou difficiles \u00e0 r\u00e9parer.\u00a0\u00bb <\/strong><\/p>\n\n\n\n<figure class=\"wp-block-image size-large is-resized\"><img fetchpriority=\"high\" decoding=\"async\" src=\"https:\/\/www.infolocale.fr\/blog\/wp-content\/uploads\/2022\/02\/20201011_174905-1024x576.jpg\" alt=\"\" class=\"wp-image-17472\" width=\"844\" height=\"474\" srcset=\"https:\/\/infolocale.20minutes.fr\/blog\/wp-content\/uploads\/2022\/02\/20201011_174905-1024x576.jpg 1024w, https:\/\/infolocale.20minutes.fr\/blog\/wp-content\/uploads\/2022\/02\/20201011_174905-300x169.jpg 300w, https:\/\/infolocale.20minutes.fr\/blog\/wp-content\/uploads\/2022\/02\/20201011_174905-768x432.jpg 768w, https:\/\/infolocale.20minutes.fr\/blog\/wp-content\/uploads\/2022\/02\/20201011_174905-1536x864.jpg 1536w, https:\/\/infolocale.20minutes.fr\/blog\/wp-content\/uploads\/2022\/02\/20201011_174905-2048x1152.jpg 2048w\" sizes=\"(max-width: 844px) 100vw, 844px\" \/><figcaption><br>Un vieux pick-up reprend du service apr\u00e8s les soins apport\u00e9s lors d&rsquo;un Repair Caf\u00e9 !<\/figcaption><\/figure>\n\n\n\n<h2 class=\"wp-block-heading\">Fonctionnement logistique d\u2019un Repair Caf\u00e9<\/h2>\n\n\n\n<p>Pour assurer le fonctionnement logistique d&rsquo;un Repair Caf\u00e9, quatre personnes organisatrices assurent le fonctionnement habituel d&rsquo;une association : administration, accueil, communication (un kit est d\u00e9livr\u00e9 par la Fondation). Pour en savoir plus, vous pouvez consulter un des articles du Blog Infolocale, dans lequel  nous d\u00e9clinons les modalit\u00e9s de <a href=\"https:\/\/www.infolocale.fr\/blog\/creer-une-association\/\">cr\u00e9ation d&rsquo;une association<\/a>.  <\/p>\n\n\n\n<p> Les Repair Caf\u00e9s du territoire d&rsquo;<em>Erdre et Gesvre<\/em>s r\u00e9pertorient cinquante-sept r\u00e9parateurs. Ce nombre s&rsquo;\u00e9l\u00e8ve r\u00e9ellement \u00e0 quarante-cinq participants aux permanences bimensuelles. Les r\u00e9parateurs-b\u00e9n\u00e9voles viennent avec leur outillage.  Pour quantifier l&rsquo;activit\u00e9 d&rsquo;un Repair Caf\u00e9, une fiche de r\u00e9paration par objet est cr\u00e9\u00e9e.<\/p>\n\n\n\n<p>Le Repair Caf\u00e9&nbsp;<strong>d&rsquo;Erdre et Gesvres<\/strong>&nbsp; d\u00e9nombre :<\/p>\n\n\n\n<ul class=\"wp-block-list\"><li>1 date en 2020<\/li><\/ul>\n\n\n\n<ul class=\"wp-block-list\"><li>3 dates en 2021  :  150 fiches-objet \u00e9mises<\/li><\/ul>\n\n\n\n<ul class=\"wp-block-list\"><li>28 dates sont pr\u00e9vues dans le planning de 2022  ! <\/li><\/ul>\n\n\n\n<ul class=\"wp-block-list\"><li>Fr\u00e9quentation moyenne, estim\u00e9e entre 15 et 45 visiteurs.<\/li><\/ul>\n\n\n\n<h5 class=\"wp-block-heading\">Aspect financier des Repair Caf\u00e9s d&rsquo;Erdre et Gesvres  <\/h5>\n\n\n\n<p>Les  associations d&rsquo;accueil des cinq Repair Caf\u00e9s \u00e9taient d\u00e9j\u00e0 en place et b\u00e9n\u00e9ficiaient de subventions municipales et territoriales. Les salles sont mises \u00e0 disposition pour les permanences. <\/p>\n\n\n\n<p>L&rsquo;intervention des r\u00e9parateurs-b\u00e9n\u00e9voles est gratuite. Une tirelire est pr\u00e9vue pour recueillir les dons des consommateurs-visiteurs qui glissent une pi\u00e8ce. Cette participation aux frais de consommables am\u00e9liore les permanences des r\u00e9parateurs-b\u00e9n\u00e9voles, qui se quittent apr\u00e8s un brief convivial.<\/p>\n\n\n\n<p>Lors du premier Repair Caf\u00e9 avec l&rsquo;association les Petits Ruisseaux de Nort-sur-Erdre (44), les r\u00e9parateurs-b\u00e9n\u00e9voles \u00e9taient majoritairement nouveaux. A la fin de cette premi\u00e8re exp\u00e9rience \u00ab&nbsp;<strong>ils affichaient tous un grand sourire, tr\u00e8s contents, avouant m\u00eame s&rsquo;\u00eatre bien amus\u00e9s. Tous voulaient revenir !<\/strong>\u00bb Conquis et satisfaits d&rsquo;avoir pu mettre en place des solutions, les avoir partag\u00e9es.  \u00ab\u00a0<strong>Les b\u00e9n\u00e9voles ne sont pas contraints par l\u00e9gislation du commerce. Ils s\u2019autorisent des \u00ab\u00a0trucs et astuces \u00e0 la MacGyver\u00a0\u00bb qui amusent r\u00e9parateurs et visiteurs !<\/strong>\u00ab\u00a0<\/p>\n\n\n\n<h2 class=\"wp-block-heading\">Vous souhaitez d\u00e9marrer un Repair Caf\u00e9 dans votre commune&nbsp;? <\/h2>\n\n\n\n<p><a href=\"https:\/\/repaircafe.org\/fr\/rejoindre\/demarrer\/\" target=\"_blank\" rel=\"noreferrer noopener\">La Fondation Repair Caf\u00e9<\/a> met des groupes locaux sur la bonne piste pour organiser leur propre Repair Caf\u00e9. Elle propose un soutien num\u00e9rique et un kit de communication. Ceci contre une contribution volontaire, unique, d&rsquo;un montant de 49 euros. Cette somme est \u00e0 r\u00e9gler une seule fois. <\/p>\n\n\n\n<p>Cette r\u00e9ussite d&rsquo;implantation de Repair Caf\u00e9s dans la Communaut\u00e9 de communes d&rsquo;Erdre et Gesvres vous interpelle ? Vous songez \u00e0 cr\u00e9er un Repair Caf\u00e9 chez vous ? Tr\u00e8s investi, Gilles Gu\u00e9rin, notre t\u00e9moin, accepte de r\u00e9pondre \u00e0 vos interrogations. Vous pouvez le contacter via la page <a href=\"https:\/\/www.facebook.com\/repair.cafe.erdre.gesvres\/\" target=\"_blank\" rel=\"noreferrer noopener\">Facebook<\/a> ou sur son portable au 06 08 74 37 94<\/p>\n","protected":false},"excerpt":{"rendered":"<p>Gilles Gu\u00e9rin, \u00e0 gauche, r\u00e9parateur b\u00e9n\u00e9vole dans un des Repair Caf\u00e9s de la Communaut\u00e9 de Communes d&rsquo;Erdre et Gesvres (Loire-Atlantique)<\/p>\n","protected":false},"author":8,"featured_media":17442,"comment_status":"open","ping_status":"open","sticky":false,"template":"","format":"standard","meta":{"_coblocks_attr":"","_coblocks_dimensions":"","_coblocks_responsive_height":"","_coblocks_accordion_ie_support":"","_mo_disable_npp":"","footnotes":""},"categories":[6],"tags":[],"class_list":["post-17441","post","type-post","status-publish","format-standard","has-post-thumbnail","hentry","category-actu-acteurs-locaux"],"yoast_head":"<!-- This site is optimized with the Yoast SEO plugin v23.2 - https:\/\/yoast.com\/wordpress\/plugins\/seo\/ -->\n<title>Comment cr\u00e9er un repair caf\u00e9 ? |<\/title>\n<meta name=\"description\" content=\"R\u00e9parer ensemble les objets du quotidien dans un Repair Caf\u00e9. Tout en cr\u00e9ant du lien social, on lutte pour l&#039;environnement. Gratuitement.\" \/>\n<meta name=\"robots\" content=\"index, follow, max-snippet:-1, max-image-preview:large, max-video-preview:-1\" \/>\n<link rel=\"canonical\" href=\"https:\/\/infolocale.ouest-france.fr\/blog\/reparer-ensemble-dans-un-repair-cafe\/\" \/>\n<meta property=\"og:locale\" content=\"fr_FR\" \/>\n<meta property=\"og:type\" content=\"article\" \/>\n<meta property=\"og:title\" content=\"Comment cr\u00e9er un repair caf\u00e9 ? |\" \/>\n<meta property=\"og:description\" content=\"R\u00e9parer ensemble les objets du quotidien dans un Repair Caf\u00e9. Tout en cr\u00e9ant du lien social, on lutte pour l&#039;environnement. Gratuitement.\" \/>\n<meta property=\"og:url\" content=\"https:\/\/infolocale.ouest-france.fr\/blog\/reparer-ensemble-dans-un-repair-cafe\/\" \/>\n<meta property=\"article:publisher\" content=\"https:\/\/www.facebook.com\/infolocaleFR\/\" \/>\n<meta property=\"article:published_time\" content=\"2022-02-16T15:25:38+00:00\" \/>\n<meta property=\"article:modified_time\" content=\"2022-03-07T10:49:03+00:00\" \/>\n<meta property=\"og:image\" content=\"https:\/\/infolocale.ouest-france.fr\/blog\/wp-content\/uploads\/2022\/02\/Image-dactivite.jpg\" \/>\n\t<meta property=\"og:image:width\" content=\"1051\" \/>\n\t<meta property=\"og:image:height\" content=\"702\" \/>\n\t<meta property=\"og:image:type\" content=\"image\/jpeg\" \/>\n<meta name=\"author\" content=\"Myl\u00e8ne\" \/>\n<meta name=\"twitter:card\" content=\"summary_large_image\" \/>\n<meta name=\"twitter:creator\" content=\"@infolocale\" \/>\n<meta name=\"twitter:site\" content=\"@infolocale\" \/>\n<meta name=\"twitter:label1\" content=\"\u00c9crit par\" \/>\n\t<meta name=\"twitter:data1\" content=\"Myl\u00e8ne\" \/>\n\t<meta name=\"twitter:label2\" content=\"Dur\u00e9e de lecture estim\u00e9e\" \/>\n\t<meta name=\"twitter:data2\" content=\"6 minutes\" \/>\n<script type=\"application\/ld+json\" class=\"yoast-schema-graph\">{\"@context\":\"https:\/\/schema.org\",\"@graph\":[{\"@type\":\"Article\",\"@id\":\"https:\/\/infolocale.ouest-france.fr\/blog\/reparer-ensemble-dans-un-repair-cafe\/#article\",\"isPartOf\":{\"@id\":\"https:\/\/infolocale.ouest-france.fr\/blog\/reparer-ensemble-dans-un-repair-cafe\/\"},\"author\":{\"name\":\"Myl\u00e8ne\",\"@id\":\"https:\/\/www.infolocale.fr\/blog\/#\/schema\/person\/bf2dc50c6636ffa2ce3e44ef1f9eb97f\"},\"headline\":\"R\u00e9parer ensemble dans un Repair Caf\u00e9\",\"datePublished\":\"2022-02-16T15:25:38+00:00\",\"dateModified\":\"2022-03-07T10:49:03+00:00\",\"mainEntityOfPage\":{\"@id\":\"https:\/\/infolocale.ouest-france.fr\/blog\/reparer-ensemble-dans-un-repair-cafe\/\"},\"wordCount\":1215,\"commentCount\":0,\"publisher\":{\"@id\":\"https:\/\/www.infolocale.fr\/blog\/#organization\"},\"image\":{\"@id\":\"https:\/\/infolocale.ouest-france.fr\/blog\/reparer-ensemble-dans-un-repair-cafe\/#primaryimage\"},\"thumbnailUrl\":\"https:\/\/infolocale.20minutes.fr\/blog\/wp-content\/uploads\/2022\/02\/Image-dactivite.jpg\",\"articleSection\":[\"En ce moment\"],\"inLanguage\":\"fr-FR\",\"potentialAction\":[{\"@type\":\"CommentAction\",\"name\":\"Comment\",\"target\":[\"https:\/\/infolocale.ouest-france.fr\/blog\/reparer-ensemble-dans-un-repair-cafe\/#respond\"]}]},{\"@type\":\"WebPage\",\"@id\":\"https:\/\/infolocale.ouest-france.fr\/blog\/reparer-ensemble-dans-un-repair-cafe\/\",\"url\":\"https:\/\/infolocale.ouest-france.fr\/blog\/reparer-ensemble-dans-un-repair-cafe\/\",\"name\":\"Comment cr\u00e9er un repair caf\u00e9 ? |\",\"isPartOf\":{\"@id\":\"https:\/\/www.infolocale.fr\/blog\/#website\"},\"primaryImageOfPage\":{\"@id\":\"https:\/\/infolocale.ouest-france.fr\/blog\/reparer-ensemble-dans-un-repair-cafe\/#primaryimage\"},\"image\":{\"@id\":\"https:\/\/infolocale.ouest-france.fr\/blog\/reparer-ensemble-dans-un-repair-cafe\/#primaryimage\"},\"thumbnailUrl\":\"https:\/\/infolocale.20minutes.fr\/blog\/wp-content\/uploads\/2022\/02\/Image-dactivite.jpg\",\"datePublished\":\"2022-02-16T15:25:38+00:00\",\"dateModified\":\"2022-03-07T10:49:03+00:00\",\"description\":\"R\u00e9parer ensemble les objets du quotidien dans un Repair Caf\u00e9. Tout en cr\u00e9ant du lien social, on lutte pour l'environnement. Gratuitement.\",\"breadcrumb\":{\"@id\":\"https:\/\/infolocale.ouest-france.fr\/blog\/reparer-ensemble-dans-un-repair-cafe\/#breadcrumb\"},\"inLanguage\":\"fr-FR\",\"potentialAction\":[{\"@type\":\"ReadAction\",\"target\":[\"https:\/\/infolocale.ouest-france.fr\/blog\/reparer-ensemble-dans-un-repair-cafe\/\"]}]},{\"@type\":\"ImageObject\",\"inLanguage\":\"fr-FR\",\"@id\":\"https:\/\/infolocale.ouest-france.fr\/blog\/reparer-ensemble-dans-un-repair-cafe\/#primaryimage\",\"url\":\"https:\/\/infolocale.20minutes.fr\/blog\/wp-content\/uploads\/2022\/02\/Image-dactivite.jpg\",\"contentUrl\":\"https:\/\/infolocale.20minutes.fr\/blog\/wp-content\/uploads\/2022\/02\/Image-dactivite.jpg\",\"width\":1051,\"height\":702,\"caption\":\"Gilles Gu\u00e9rin, \u00e0 droite, b\u00e9n\u00e9vole actif dans des Repair Caf\u00e9s de la Communaut\u00e9 des Communes Erdre et Gesvres (Loire-Atlantique).\"},{\"@type\":\"BreadcrumbList\",\"@id\":\"https:\/\/infolocale.ouest-france.fr\/blog\/reparer-ensemble-dans-un-repair-cafe\/#breadcrumb\",\"itemListElement\":[{\"@type\":\"ListItem\",\"position\":1,\"name\":\"Blog\",\"item\":\"https:\/\/infolocale.ouest-france.fr\/blog\/\"},{\"@type\":\"ListItem\",\"position\":2,\"name\":\"En ce moment\",\"item\":\"https:\/\/infolocale.20minutes.fr\/blog\/cat\/actu-acteurs-locaux\/\"},{\"@type\":\"ListItem\",\"position\":3,\"name\":\"R\u00e9parer ensemble dans un Repair Caf\u00e9\"}]},{\"@type\":\"WebSite\",\"@id\":\"https:\/\/www.infolocale.fr\/blog\/#website\",\"url\":\"https:\/\/www.infolocale.fr\/blog\/\",\"name\":\"\",\"description\":\"\",\"publisher\":{\"@id\":\"https:\/\/www.infolocale.fr\/blog\/#organization\"},\"potentialAction\":[{\"@type\":\"SearchAction\",\"target\":{\"@type\":\"EntryPoint\",\"urlTemplate\":\"https:\/\/www.infolocale.fr\/blog\/?s={search_term_string}\"},\"query-input\":\"required name=search_term_string\"}],\"inLanguage\":\"fr-FR\"},{\"@type\":\"Organization\",\"@id\":\"https:\/\/www.infolocale.fr\/blog\/#organization\",\"name\":\"Infolocale\",\"url\":\"https:\/\/www.infolocale.fr\/blog\/\",\"logo\":{\"@type\":\"ImageObject\",\"inLanguage\":\"fr-FR\",\"@id\":\"https:\/\/www.infolocale.fr\/blog\/#\/schema\/logo\/image\/\",\"url\":\"https:\/\/www.infolocale.fr\/blog\/wp-content\/uploads\/2020\/11\/logol.jpg\",\"contentUrl\":\"https:\/\/www.infolocale.fr\/blog\/wp-content\/uploads\/2020\/11\/logol.jpg\",\"width\":1031,\"height\":398,\"caption\":\"Infolocale\"},\"image\":{\"@id\":\"https:\/\/www.infolocale.fr\/blog\/#\/schema\/logo\/image\/\"},\"sameAs\":[\"https:\/\/www.facebook.com\/infolocaleFR\/\",\"https:\/\/x.com\/infolocale\",\"https:\/\/www.instagram.com\/infolocale\/\",\"https:\/\/fr.linkedin.com\/company\/infolocale\",\"https:\/\/www.youtube.com\/channel\/UCnv4FA8EYEuu_si3TGr7xeA\"]},{\"@type\":\"Person\",\"@id\":\"https:\/\/www.infolocale.fr\/blog\/#\/schema\/person\/bf2dc50c6636ffa2ce3e44ef1f9eb97f\",\"name\":\"Myl\u00e8ne\",\"image\":{\"@type\":\"ImageObject\",\"inLanguage\":\"fr-FR\",\"@id\":\"https:\/\/www.infolocale.fr\/blog\/#\/schema\/person\/image\/\",\"url\":\"https:\/\/secure.gravatar.com\/avatar\/49511f0ea4b41ed3062b218e30f07042?s=96&d=mm&r=g\",\"contentUrl\":\"https:\/\/secure.gravatar.com\/avatar\/49511f0ea4b41ed3062b218e30f07042?s=96&d=mm&r=g\",\"caption\":\"Myl\u00e8ne\"},\"url\":\"https:\/\/infolocale.20minutes.fr\/blog\/author\/mylene-michel\/\"}]}<\/script>\n<!-- \/ Yoast SEO plugin. -->","yoast_head_json":{"title":"Comment cr\u00e9er un repair caf\u00e9 ? |","description":"R\u00e9parer ensemble les objets du quotidien dans un Repair Caf\u00e9. Tout en cr\u00e9ant du lien social, on lutte pour l'environnement. Gratuitement.","robots":{"index":"index","follow":"follow","max-snippet":"max-snippet:-1","max-image-preview":"max-image-preview:large","max-video-preview":"max-video-preview:-1"},"canonical":"https:\/\/infolocale.ouest-france.fr\/blog\/reparer-ensemble-dans-un-repair-cafe\/","og_locale":"fr_FR","og_type":"article","og_title":"Comment cr\u00e9er un repair caf\u00e9 ? |","og_description":"R\u00e9parer ensemble les objets du quotidien dans un Repair Caf\u00e9. Tout en cr\u00e9ant du lien social, on lutte pour l'environnement. Gratuitement.","og_url":"https:\/\/infolocale.ouest-france.fr\/blog\/reparer-ensemble-dans-un-repair-cafe\/","article_publisher":"https:\/\/www.facebook.com\/infolocaleFR\/","article_published_time":"2022-02-16T15:25:38+00:00","article_modified_time":"2022-03-07T10:49:03+00:00","og_image":[{"width":1051,"height":702,"url":"https:\/\/infolocale.ouest-france.fr\/blog\/wp-content\/uploads\/2022\/02\/Image-dactivite.jpg","type":"image\/jpeg"}],"author":"Myl\u00e8ne","twitter_card":"summary_large_image","twitter_creator":"@infolocale","twitter_site":"@infolocale","twitter_misc":{"\u00c9crit par":"Myl\u00e8ne","Dur\u00e9e de lecture estim\u00e9e":"6 minutes"},"schema":{"@context":"https:\/\/schema.org","@graph":[{"@type":"Article","@id":"https:\/\/infolocale.ouest-france.fr\/blog\/reparer-ensemble-dans-un-repair-cafe\/#article","isPartOf":{"@id":"https:\/\/infolocale.ouest-france.fr\/blog\/reparer-ensemble-dans-un-repair-cafe\/"},"author":{"name":"Myl\u00e8ne","@id":"https:\/\/www.infolocale.fr\/blog\/#\/schema\/person\/bf2dc50c6636ffa2ce3e44ef1f9eb97f"},"headline":"R\u00e9parer ensemble dans un Repair Caf\u00e9","datePublished":"2022-02-16T15:25:38+00:00","dateModified":"2022-03-07T10:49:03+00:00","mainEntityOfPage":{"@id":"https:\/\/infolocale.ouest-france.fr\/blog\/reparer-ensemble-dans-un-repair-cafe\/"},"wordCount":1215,"commentCount":0,"publisher":{"@id":"https:\/\/www.infolocale.fr\/blog\/#organization"},"image":{"@id":"https:\/\/infolocale.ouest-france.fr\/blog\/reparer-ensemble-dans-un-repair-cafe\/#primaryimage"},"thumbnailUrl":"https:\/\/infolocale.20minutes.fr\/blog\/wp-content\/uploads\/2022\/02\/Image-dactivite.jpg","articleSection":["En ce moment"],"inLanguage":"fr-FR","potentialAction":[{"@type":"CommentAction","name":"Comment","target":["https:\/\/infolocale.ouest-france.fr\/blog\/reparer-ensemble-dans-un-repair-cafe\/#respond"]}]},{"@type":"WebPage","@id":"https:\/\/infolocale.ouest-france.fr\/blog\/reparer-ensemble-dans-un-repair-cafe\/","url":"https:\/\/infolocale.ouest-france.fr\/blog\/reparer-ensemble-dans-un-repair-cafe\/","name":"Comment cr\u00e9er un repair caf\u00e9 ? |","isPartOf":{"@id":"https:\/\/www.infolocale.fr\/blog\/#website"},"primaryImageOfPage":{"@id":"https:\/\/infolocale.ouest-france.fr\/blog\/reparer-ensemble-dans-un-repair-cafe\/#primaryimage"},"image":{"@id":"https:\/\/infolocale.ouest-france.fr\/blog\/reparer-ensemble-dans-un-repair-cafe\/#primaryimage"},"thumbnailUrl":"https:\/\/infolocale.20minutes.fr\/blog\/wp-content\/uploads\/2022\/02\/Image-dactivite.jpg","datePublished":"2022-02-16T15:25:38+00:00","dateModified":"2022-03-07T10:49:03+00:00","description":"R\u00e9parer ensemble les objets du quotidien dans un Repair Caf\u00e9. Tout en cr\u00e9ant du lien social, on lutte pour l'environnement. Gratuitement.","breadcrumb":{"@id":"https:\/\/infolocale.ouest-france.fr\/blog\/reparer-ensemble-dans-un-repair-cafe\/#breadcrumb"},"inLanguage":"fr-FR","potentialAction":[{"@type":"ReadAction","target":["https:\/\/infolocale.ouest-france.fr\/blog\/reparer-ensemble-dans-un-repair-cafe\/"]}]},{"@type":"ImageObject","inLanguage":"fr-FR","@id":"https:\/\/infolocale.ouest-france.fr\/blog\/reparer-ensemble-dans-un-repair-cafe\/#primaryimage","url":"https:\/\/infolocale.20minutes.fr\/blog\/wp-content\/uploads\/2022\/02\/Image-dactivite.jpg","contentUrl":"https:\/\/infolocale.20minutes.fr\/blog\/wp-content\/uploads\/2022\/02\/Image-dactivite.jpg","width":1051,"height":702,"caption":"Gilles Gu\u00e9rin, \u00e0 droite, b\u00e9n\u00e9vole actif dans des Repair Caf\u00e9s de la Communaut\u00e9 des Communes Erdre et Gesvres (Loire-Atlantique)."},{"@type":"BreadcrumbList","@id":"https:\/\/infolocale.ouest-france.fr\/blog\/reparer-ensemble-dans-un-repair-cafe\/#breadcrumb","itemListElement":[{"@type":"ListItem","position":1,"name":"Blog","item":"https:\/\/infolocale.ouest-france.fr\/blog\/"},{"@type":"ListItem","position":2,"name":"En ce moment","item":"https:\/\/infolocale.20minutes.fr\/blog\/cat\/actu-acteurs-locaux\/"},{"@type":"ListItem","position":3,"name":"R\u00e9parer ensemble dans un Repair Caf\u00e9"}]},{"@type":"WebSite","@id":"https:\/\/www.infolocale.fr\/blog\/#website","url":"https:\/\/www.infolocale.fr\/blog\/","name":"","description":"","publisher":{"@id":"https:\/\/www.infolocale.fr\/blog\/#organization"},"potentialAction":[{"@type":"SearchAction","target":{"@type":"EntryPoint","urlTemplate":"https:\/\/www.infolocale.fr\/blog\/?s={search_term_string}"},"query-input":"required name=search_term_string"}],"inLanguage":"fr-FR"},{"@type":"Organization","@id":"https:\/\/www.infolocale.fr\/blog\/#organization","name":"Infolocale","url":"https:\/\/www.infolocale.fr\/blog\/","logo":{"@type":"ImageObject","inLanguage":"fr-FR","@id":"https:\/\/www.infolocale.fr\/blog\/#\/schema\/logo\/image\/","url":"https:\/\/www.infolocale.fr\/blog\/wp-content\/uploads\/2020\/11\/logol.jpg","contentUrl":"https:\/\/www.infolocale.fr\/blog\/wp-content\/uploads\/2020\/11\/logol.jpg","width":1031,"height":398,"caption":"Infolocale"},"image":{"@id":"https:\/\/www.infolocale.fr\/blog\/#\/schema\/logo\/image\/"},"sameAs":["https:\/\/www.facebook.com\/infolocaleFR\/","https:\/\/x.com\/infolocale","https:\/\/www.instagram.com\/infolocale\/","https:\/\/fr.linkedin.com\/company\/infolocale","https:\/\/www.youtube.com\/channel\/UCnv4FA8EYEuu_si3TGr7xeA"]},{"@type":"Person","@id":"https:\/\/www.infolocale.fr\/blog\/#\/schema\/person\/bf2dc50c6636ffa2ce3e44ef1f9eb97f","name":"Myl\u00e8ne","image":{"@type":"ImageObject","inLanguage":"fr-FR","@id":"https:\/\/www.infolocale.fr\/blog\/#\/schema\/person\/image\/","url":"https:\/\/secure.gravatar.com\/avatar\/49511f0ea4b41ed3062b218e30f07042?s=96&d=mm&r=g","contentUrl":"https:\/\/secure.gravatar.com\/avatar\/49511f0ea4b41ed3062b218e30f07042?s=96&d=mm&r=g","caption":"Myl\u00e8ne"},"url":"https:\/\/infolocale.20minutes.fr\/blog\/author\/mylene-michel\/"}]}},"_links":{"self":[{"href":"https:\/\/infolocale.20minutes.fr\/blog\/wp-json\/wp\/v2\/posts\/17441"}],"collection":[{"href":"https:\/\/infolocale.20minutes.fr\/blog\/wp-json\/wp\/v2\/posts"}],"about":[{"href":"https:\/\/infolocale.20minutes.fr\/blog\/wp-json\/wp\/v2\/types\/post"}],"author":[{"embeddable":true,"href":"https:\/\/infolocale.20minutes.fr\/blog\/wp-json\/wp\/v2\/users\/8"}],"replies":[{"embeddable":true,"href":"https:\/\/infolocale.20minutes.fr\/blog\/wp-json\/wp\/v2\/comments?post=17441"}],"version-history":[{"count":0,"href":"https:\/\/infolocale.20minutes.fr\/blog\/wp-json\/wp\/v2\/posts\/17441\/revisions"}],"wp:featuredmedia":[{"embeddable":true,"href":"https:\/\/infolocale.20minutes.fr\/blog\/wp-json\/wp\/v2\/media\/17442"}],"wp:attachment":[{"href":"https:\/\/infolocale.20minutes.fr\/blog\/wp-json\/wp\/v2\/media?parent=17441"}],"wp:term":[{"taxonomy":"category","embeddable":true,"href":"https:\/\/infolocale.20minutes.fr\/blog\/wp-json\/wp\/v2\/categories?post=17441"},{"taxonomy":"post_tag","embeddable":true,"href":"https:\/\/infolocale.20minutes.fr\/blog\/wp-json\/wp\/v2\/tags?post=17441"}],"curies":[{"name":"wp","href":"https:\/\/api.w.org\/{rel}","templated":true}]}}