{"id":17319,"date":"2022-02-02T14:41:06","date_gmt":"2022-02-02T13:41:06","guid":{"rendered":"https:\/\/www.infolocale.fr\/blog\/?p=17319"},"modified":"2026-05-19T17:29:24","modified_gmt":"2026-05-19T15:29:24","slug":"quitus-association","status":"publish","type":"post","link":"https:\/\/infolocale.20minutes.fr\/blog\/quitus-association\/","title":{"rendered":"Quitus moral et financier de l\u2019assembl\u00e9e g\u00e9n\u00e9rale : qu\u2019est-ce que c\u2019est ?"},"content":{"rendered":"\n<p class=\"has-black-color has-text-color has-background\" style=\"background-color:#a1d5f5\">Le quitus est un vote de confiance de l\u2019assembl\u00e9e g\u00e9n\u00e9rale qui vise \u00e0 valider la gestion de l&rsquo;association faite par le pr\u00e9sident et le tr\u00e9sorier. Il n\u2019est obligatoire en association que dans le cas o\u00f9 les statuts l\u2019imposeraient. Le plus souvent, il prend deux formes. Celle du quitus moral et du quitus financier. Le premier permet de valider la conformit\u00e9 des actions du pr\u00e9sident avec les d\u00e9cisions de l\u2019AG. Le second valide la gestion de l\u2019association par le tr\u00e9sorier. Le refus de l\u2019AG de donner son quitus peut entra\u00eener, selon vos statuts, la d\u00e9mission des responsables de l\u2019association.<\/p>\n\n\n\n<h2 class=\"wp-block-heading\">C\u2019est quoi le quitus de l\u2019assembl\u00e9e g\u00e9n\u00e9rale ?<\/h2>\n\n\n\n<p>Le quitus n\u2019est ni un objet ni un document. Il s\u2019agit d\u2019une caution morale donn\u00e9e par l\u2019assembl\u00e9e g\u00e9n\u00e9rale au travers d\u2019un vote. Le plus souvent, ce vote est inscrit \u00e0 l\u2019ordre du jour de l\u2019<a href=\"https:\/\/www.infolocale.fr\/blog\/assemblee-generale-association\/\">assembl\u00e9e g\u00e9n\u00e9rale ordinaire<\/a> annuelle.<\/p>\n\n\n\n<p>Ce vote consiste \u00e0 octroyer la confiance de l\u2019assembl\u00e9e g\u00e9n\u00e9rale au pr\u00e9sident et au tr\u00e9sorier en place. Il prend le plus souvent la forme de deux votes distincts : le quitus moral et le financier.<\/p>\n\n\n\n<div class=\"wp-block-buttons is-horizontal is-content-justification-center is-layout-flex wp-container-core-buttons-is-layout-1 wp-block-buttons-is-layout-flex\">\n<div class=\"wp-block-button\"><a class=\"wp-block-button__link has-white-color has-luminous-vivid-amber-background-color has-text-color has-background wp-element-button\"><strong>&gt;&gt;Inscrire mon asso \u00e0 Infolocale <\/strong><\/a><\/div>\n<\/div>\n\n\n\n<h3 class=\"wp-block-heading\">Le quitus moral en association<\/h3>\n\n\n\n<p>L\u2019<a href=\"https:\/\/www.infolocale.fr\/blog\/exemple-ordre-du-jour-assemblee-generale\/\">ordre du jour de votre assembl\u00e9e g\u00e9n\u00e9rale<\/a> comporte souvent un point de pr\u00e9sentation du <a href=\"https:\/\/www.infolocale.fr\/blog\/rapport-moral-association\/\">rapport moral<\/a> de l\u2019association. Ce rapport est un bilan d\u2019actions. Le plus souvent, il est pr\u00e9sent\u00e9 par le <a href=\"https:\/\/www.infolocale.fr\/blog\/president-association-role-responsabilites\/\">pr\u00e9sident<\/a>. N\u00e9anmoins, il peut aussi l\u2019\u00eatre par le <a href=\"https:\/\/www.infolocale.fr\/blog\/conseil-dadministration-association\/\">conseil d\u2019administration<\/a> ou tout autre autorit\u00e9 l\u00e9gitime dans votre association.<\/p>\n\n\n\n<p>Le bilan moral permet :&nbsp;<\/p>\n\n\n\n<ul class=\"wp-block-list\">\n<li>de faire le point sur les actions mise en place depuis la pr\u00e9c\u00e9dente assembl\u00e9e g\u00e9n\u00e9rale,&nbsp;<\/li>\n\n\n\n<li>d\u2019estimer la conformit\u00e9 de ces actions par rapport au d\u00e9cisions prise par l\u2019assembl\u00e9e<\/li>\n\n\n\n<li>de s\u2019assurer que les actions de l\u2019association respectent son objet.<\/li>\n<\/ul>\n\n\n\n<h3 class=\"wp-block-heading\">Le quitus financier<\/h3>\n\n\n\n<p>Le <a href=\"https:\/\/www.infolocale.fr\/blog\/rapport-financier-annuel-association\/\">rapport financier<\/a> est pr\u00e9sent\u00e9 par le <a href=\"https:\/\/www.infolocale.fr\/blog\/tresorier-association-role-responsabilites\/\">tr\u00e9sorier<\/a>. Il a pour mission de faire le bilan des d\u00e9penses et recettes de l\u2019association et d\u2019informer sur la situation financi\u00e8re de celle-ci. La pr\u00e9sentation est suivie d\u2019un vote de confiance visant \u00e0 donner le quitus de l\u2019assembl\u00e9e g\u00e9n\u00e9rale au tr\u00e9sorier de l\u2019association.&nbsp;<\/p>\n\n\n\n<h3 class=\"wp-block-heading\">\u00c0 quoi sert le quitus l\u00e9galement ?<\/h3>\n\n\n\n<p>Le vote du quitus prot\u00e8ge vos dirigeants. En votant pour, l&rsquo;assembl\u00e9e valide les actions pass\u00e9es. L&rsquo;association lib\u00e8re ainsi le pr\u00e9sident et le tr\u00e9sorier de leur responsabilit\u00e9.<\/p>\n\n\n\n<p>L&rsquo;association ne peut plus les attaquer en justice pour des erreurs de gestion. Cette protection s&rsquo;annule uniquement en cas de fraude ou de mensonge av\u00e9r\u00e9.<\/p>\n\n\n\n<h3 class=\"wp-block-heading\">Qui a le droit de voter le quitus ?<\/h3>\n\n\n\n<p>En r\u00e8gle g\u00e9n\u00e9rale, tous les membres \u00e0 jour de leur cotisation peuvent voter. La loi de 1901 autorise parfaitement les dirigeants \u00e0 voter pour eux-m\u00eames.<\/p>\n\n\n\n<p>Pourtant, cette pratique manque de transparence et d&rsquo;impartialit\u00e9. Nous conseillons au pr\u00e9sident et au tr\u00e9sorier de s&rsquo;abstenir lors de ce vote. Vous pouvez d&rsquo;ailleurs inscrire cette r\u00e8gle tr\u00e8s simplement dans vos statuts.<\/p>\n\n\n\n<h2 class=\"wp-block-heading\">Est-il obligatoire ?&nbsp;<\/h2>\n\n\n\n<p>Vous n&rsquo;\u00eates pas oblig\u00e9 d&rsquo;en adopter le principe qui ne repose sur aucune obligation l\u00e9gale. D&rsquo;ailleurs, la loi 1901 ne le mentionne pas. Cependant, il arrive que les <a href=\"https:\/\/www.infolocale.fr\/blog\/rediger-statuts-dune-association\/\">statuts des associations<\/a> ou leur <a href=\"https:\/\/www.infolocale.fr\/blog\/reglement-interieur-association\/\">r\u00e8glement int\u00e9rieur<\/a> l&rsquo;imposent comme un point \u00e0 valider durant l&rsquo;assembl\u00e9e g\u00e9n\u00e9rale. Dans ce cas, il s\u2019agit d\u2019un choix d\u2019organisation interne et de contr\u00f4le effectu\u00e9 par l\u2019association et son assembl\u00e9e g\u00e9n\u00e9rale. Ainsi, si vos statuts en impose la mise en place, alors, vous \u00eates dans l&rsquo;obligation de vous plier \u00e0 l&rsquo;exercice.&nbsp;<\/p>\n\n\n<div class=\"wp-block-image is-resized\">\n<figure class=\"aligncenter size-large has-lightbox\"><a href=\"https:\/\/www.infolocale.fr\/decouvrir\/deposant\/?utm_source=blog&amp;utm_medium=banner&amp;utm_campaign=blog-content\"><img fetchpriority=\"high\" decoding=\"async\" width=\"1024\" height=\"1024\" src=\"https:\/\/www.infolocale.fr\/blog\/wp-content\/uploads\/2021\/11\/banniere-NLDASSO-carree1500x1500-1024x1024.jpg\" alt=\"\" class=\"wp-image-23946\" srcset=\"https:\/\/infolocale.20minutes.fr\/blog\/wp-content\/uploads\/2021\/11\/banniere-NLDASSO-carree1500x1500-1024x1024.jpg 1024w, https:\/\/infolocale.20minutes.fr\/blog\/wp-content\/uploads\/2021\/11\/banniere-NLDASSO-carree1500x1500-300x300.jpg 300w, https:\/\/infolocale.20minutes.fr\/blog\/wp-content\/uploads\/2021\/11\/banniere-NLDASSO-carree1500x1500-150x150.jpg 150w, https:\/\/infolocale.20minutes.fr\/blog\/wp-content\/uploads\/2021\/11\/banniere-NLDASSO-carree1500x1500-768x768.jpg 768w, https:\/\/infolocale.20minutes.fr\/blog\/wp-content\/uploads\/2021\/11\/banniere-NLDASSO-carree1500x1500.jpg 1500w\" sizes=\"(max-width: 1024px) 100vw, 1024px\" \/><\/a><\/figure><\/div>\n\n\n<h2 class=\"wp-block-heading\">Quelles cons\u00e9quences si l\u2019assembl\u00e9e g\u00e9n\u00e9rale ne le donne pas ?<\/h2>\n\n\n\n<p>N\u2019\u00e9tant pas une obligation l\u00e9gale, ce sont les<a href=\"https:\/\/associations.gouv.fr\/rediger-les-statuts\"> statuts de votre association<\/a> qui doivent d\u00e9terminer les cons\u00e9quences en cas de refus de l\u2019assembl\u00e9e g\u00e9n\u00e9rale d\u2019octroyer son quitus aux dirigeants en place.&nbsp;<\/p>\n\n\n\n<p>Cependant, le plus souvent, un refus entra\u00eenera la d\u00e9mission obligatoire des responsables concern\u00e9s.<\/p>\n\n\n\n<p><\/p>\n","protected":false},"excerpt":{"rendered":"<p>Le quitus est un vote de confiance de l\u2019assembl\u00e9e g\u00e9n\u00e9rale qui vise \u00e0 valider la gestion de l&rsquo;association faite par le pr\u00e9sident et le tr\u00e9sorier. [&hellip;]<\/p>\n","protected":false},"author":2,"featured_media":17320,"comment_status":"open","ping_status":"open","sticky":false,"template":"","format":"standard","meta":{"_coblocks_attr":"","_coblocks_dimensions":"","_coblocks_responsive_height":"","_coblocks_accordion_ie_support":"","_mo_disable_npp":"","footnotes":""},"categories":[74],"tags":[104],"class_list":["post-17319","post","type-post","status-publish","format-standard","has-post-thumbnail","hentry","category-creer-et-administrer-une-association-1901","tag-assemblee-generale-ordinaire"],"yoast_head":"<!-- This site is optimized with the Yoast SEO plugin v23.2 - https:\/\/yoast.com\/wordpress\/plugins\/seo\/ -->\n<title>Quitus en association. : qu&#039;est-ce que c&#039;est ? |<\/title>\n<meta name=\"description\" content=\"Le quitus est un vote de confiance de l\u2019assembl\u00e9e g\u00e9n\u00e9rale vers le pr\u00e9sident et le tr\u00e9sorier. Il n\u2019est obligatoire que dans certains cas...\" \/>\n<meta name=\"robots\" content=\"index, follow, max-snippet:-1, max-image-preview:large, max-video-preview:-1\" \/>\n<link rel=\"canonical\" href=\"https:\/\/infolocale.20minutes.fr\/blog\/quitus-association\/\" \/>\n<meta property=\"og:locale\" content=\"fr_FR\" \/>\n<meta property=\"og:type\" content=\"article\" \/>\n<meta property=\"og:title\" content=\"Quitus en association. : qu&#039;est-ce que c&#039;est ? |\" \/>\n<meta property=\"og:description\" content=\"Le quitus est un vote de confiance de l\u2019assembl\u00e9e g\u00e9n\u00e9rale vers le pr\u00e9sident et le tr\u00e9sorier. Il n\u2019est obligatoire que dans certains cas...\" \/>\n<meta property=\"og:url\" content=\"https:\/\/infolocale.20minutes.fr\/blog\/quitus-association\/\" \/>\n<meta property=\"article:publisher\" content=\"https:\/\/www.facebook.com\/infolocaleFR\/\" \/>\n<meta property=\"article:published_time\" content=\"2022-02-02T13:41:06+00:00\" \/>\n<meta property=\"article:modified_time\" content=\"2026-05-19T15:29:24+00:00\" \/>\n<meta property=\"og:image\" content=\"https:\/\/infolocale.20minutes.fr\/blog\/wp-content\/uploads\/2022\/01\/quitus-moral-association-scaled.jpg\" \/>\n\t<meta property=\"og:image:width\" content=\"2560\" \/>\n\t<meta property=\"og:image:height\" content=\"1707\" \/>\n\t<meta property=\"og:image:type\" content=\"image\/jpeg\" \/>\n<meta name=\"author\" content=\"Morgan\" \/>\n<meta name=\"twitter:card\" content=\"summary_large_image\" \/>\n<meta name=\"twitter:creator\" content=\"@infolocale\" \/>\n<meta name=\"twitter:site\" content=\"@infolocale\" \/>\n<meta name=\"twitter:label1\" content=\"\u00c9crit par\" \/>\n\t<meta name=\"twitter:data1\" content=\"Morgan\" \/>\n\t<meta name=\"twitter:label2\" content=\"Dur\u00e9e de lecture estim\u00e9e\" \/>\n\t<meta name=\"twitter:data2\" content=\"4 minutes\" \/>\n<script type=\"application\/ld+json\" class=\"yoast-schema-graph\">{\"@context\":\"https:\/\/schema.org\",\"@graph\":[{\"@type\":\"Article\",\"@id\":\"https:\/\/infolocale.20minutes.fr\/blog\/quitus-association\/#article\",\"isPartOf\":{\"@id\":\"https:\/\/infolocale.20minutes.fr\/blog\/quitus-association\/\"},\"author\":{\"name\":\"Morgan\",\"@id\":\"https:\/\/www.infolocale.fr\/blog\/#\/schema\/person\/f0f748ece99417833166b3ba8890f3db\"},\"headline\":\"Quitus moral et financier de l\u2019assembl\u00e9e g\u00e9n\u00e9rale : qu\u2019est-ce que c\u2019est ?\",\"datePublished\":\"2022-02-02T13:41:06+00:00\",\"dateModified\":\"2026-05-19T15:29:24+00:00\",\"mainEntityOfPage\":{\"@id\":\"https:\/\/infolocale.20minutes.fr\/blog\/quitus-association\/\"},\"wordCount\":726,\"commentCount\":4,\"publisher\":{\"@id\":\"https:\/\/www.infolocale.fr\/blog\/#organization\"},\"image\":{\"@id\":\"https:\/\/infolocale.20minutes.fr\/blog\/quitus-association\/#primaryimage\"},\"thumbnailUrl\":\"https:\/\/infolocale.20minutes.fr\/blog\/wp-content\/uploads\/2022\/01\/quitus-moral-association-scaled.jpg\",\"keywords\":[\"Assembl\u00e9e g\u00e9n\u00e9rale ordinaire\"],\"articleSection\":[\"Cr\u00e9er et g\u00e9rer une association\"],\"inLanguage\":\"fr-FR\",\"potentialAction\":[{\"@type\":\"CommentAction\",\"name\":\"Comment\",\"target\":[\"https:\/\/infolocale.20minutes.fr\/blog\/quitus-association\/#respond\"]}]},{\"@type\":\"WebPage\",\"@id\":\"https:\/\/infolocale.20minutes.fr\/blog\/quitus-association\/\",\"url\":\"https:\/\/infolocale.20minutes.fr\/blog\/quitus-association\/\",\"name\":\"Quitus en association. : qu'est-ce que c'est ? |\",\"isPartOf\":{\"@id\":\"https:\/\/www.infolocale.fr\/blog\/#website\"},\"primaryImageOfPage\":{\"@id\":\"https:\/\/infolocale.20minutes.fr\/blog\/quitus-association\/#primaryimage\"},\"image\":{\"@id\":\"https:\/\/infolocale.20minutes.fr\/blog\/quitus-association\/#primaryimage\"},\"thumbnailUrl\":\"https:\/\/infolocale.20minutes.fr\/blog\/wp-content\/uploads\/2022\/01\/quitus-moral-association-scaled.jpg\",\"datePublished\":\"2022-02-02T13:41:06+00:00\",\"dateModified\":\"2026-05-19T15:29:24+00:00\",\"description\":\"Le quitus est un vote de confiance de l\u2019assembl\u00e9e g\u00e9n\u00e9rale vers le pr\u00e9sident et le tr\u00e9sorier. Il n\u2019est obligatoire que dans certains cas...\",\"breadcrumb\":{\"@id\":\"https:\/\/infolocale.20minutes.fr\/blog\/quitus-association\/#breadcrumb\"},\"inLanguage\":\"fr-FR\",\"potentialAction\":[{\"@type\":\"ReadAction\",\"target\":[\"https:\/\/infolocale.20minutes.fr\/blog\/quitus-association\/\"]}]},{\"@type\":\"ImageObject\",\"inLanguage\":\"fr-FR\",\"@id\":\"https:\/\/infolocale.20minutes.fr\/blog\/quitus-association\/#primaryimage\",\"url\":\"https:\/\/infolocale.20minutes.fr\/blog\/wp-content\/uploads\/2022\/01\/quitus-moral-association-scaled.jpg\",\"contentUrl\":\"https:\/\/infolocale.20minutes.fr\/blog\/wp-content\/uploads\/2022\/01\/quitus-moral-association-scaled.jpg\",\"width\":2560,\"height\":1707,\"caption\":\"Quitus moral en association. A quoi sert il ? Comment le mettre en place ?\"},{\"@type\":\"BreadcrumbList\",\"@id\":\"https:\/\/infolocale.20minutes.fr\/blog\/quitus-association\/#breadcrumb\",\"itemListElement\":[{\"@type\":\"ListItem\",\"position\":1,\"name\":\"Blog\",\"item\":\"https:\/\/infolocale.ouest-france.fr\/blog\/\"},{\"@type\":\"ListItem\",\"position\":2,\"name\":\"Cr\u00e9er et g\u00e9rer une association\",\"item\":\"https:\/\/infolocale.ouest-france.fr\/blog\/cat\/creer-et-administrer-une-association-1901\/\"},{\"@type\":\"ListItem\",\"position\":3,\"name\":\"Quitus moral et financier de l\u2019assembl\u00e9e g\u00e9n\u00e9rale : qu\u2019est-ce que c\u2019est ?\"}]},{\"@type\":\"WebSite\",\"@id\":\"https:\/\/www.infolocale.fr\/blog\/#website\",\"url\":\"https:\/\/www.infolocale.fr\/blog\/\",\"name\":\"\",\"description\":\"\",\"publisher\":{\"@id\":\"https:\/\/www.infolocale.fr\/blog\/#organization\"},\"potentialAction\":[{\"@type\":\"SearchAction\",\"target\":{\"@type\":\"EntryPoint\",\"urlTemplate\":\"https:\/\/www.infolocale.fr\/blog\/?s={search_term_string}\"},\"query-input\":\"required name=search_term_string\"}],\"inLanguage\":\"fr-FR\"},{\"@type\":\"Organization\",\"@id\":\"https:\/\/www.infolocale.fr\/blog\/#organization\",\"name\":\"Infolocale\",\"url\":\"https:\/\/www.infolocale.fr\/blog\/\",\"logo\":{\"@type\":\"ImageObject\",\"inLanguage\":\"fr-FR\",\"@id\":\"https:\/\/www.infolocale.fr\/blog\/#\/schema\/logo\/image\/\",\"url\":\"https:\/\/www.infolocale.fr\/blog\/wp-content\/uploads\/2020\/11\/logol.jpg\",\"contentUrl\":\"https:\/\/www.infolocale.fr\/blog\/wp-content\/uploads\/2020\/11\/logol.jpg\",\"width\":1031,\"height\":398,\"caption\":\"Infolocale\"},\"image\":{\"@id\":\"https:\/\/www.infolocale.fr\/blog\/#\/schema\/logo\/image\/\"},\"sameAs\":[\"https:\/\/www.facebook.com\/infolocaleFR\/\",\"https:\/\/x.com\/infolocale\",\"https:\/\/www.instagram.com\/infolocale\/\",\"https:\/\/fr.linkedin.com\/company\/infolocale\",\"https:\/\/www.youtube.com\/channel\/UCnv4FA8EYEuu_si3TGr7xeA\"]},{\"@type\":\"Person\",\"@id\":\"https:\/\/www.infolocale.fr\/blog\/#\/schema\/person\/f0f748ece99417833166b3ba8890f3db\",\"name\":\"Morgan\",\"image\":{\"@type\":\"ImageObject\",\"inLanguage\":\"fr-FR\",\"@id\":\"https:\/\/www.infolocale.fr\/blog\/#\/schema\/person\/image\/\",\"url\":\"https:\/\/secure.gravatar.com\/avatar\/a22ec2a0cc817ae9fa3ff7341a213632?s=96&d=mm&r=g\",\"contentUrl\":\"https:\/\/secure.gravatar.com\/avatar\/a22ec2a0cc817ae9fa3ff7341a213632?s=96&d=mm&r=g\",\"caption\":\"Morgan\"},\"url\":\"https:\/\/infolocale.20minutes.fr\/blog\/author\/morgan-delepine\/\"}]}<\/script>\n<!-- \/ Yoast SEO plugin. -->","yoast_head_json":{"title":"Quitus en association. : qu'est-ce que c'est ? |","description":"Le quitus est un vote de confiance de l\u2019assembl\u00e9e g\u00e9n\u00e9rale vers le pr\u00e9sident et le tr\u00e9sorier. Il n\u2019est obligatoire que dans certains cas...","robots":{"index":"index","follow":"follow","max-snippet":"max-snippet:-1","max-image-preview":"max-image-preview:large","max-video-preview":"max-video-preview:-1"},"canonical":"https:\/\/infolocale.20minutes.fr\/blog\/quitus-association\/","og_locale":"fr_FR","og_type":"article","og_title":"Quitus en association. : qu'est-ce que c'est ? |","og_description":"Le quitus est un vote de confiance de l\u2019assembl\u00e9e g\u00e9n\u00e9rale vers le pr\u00e9sident et le tr\u00e9sorier. Il n\u2019est obligatoire que dans certains cas...","og_url":"https:\/\/infolocale.20minutes.fr\/blog\/quitus-association\/","article_publisher":"https:\/\/www.facebook.com\/infolocaleFR\/","article_published_time":"2022-02-02T13:41:06+00:00","article_modified_time":"2026-05-19T15:29:24+00:00","og_image":[{"width":2560,"height":1707,"url":"https:\/\/infolocale.20minutes.fr\/blog\/wp-content\/uploads\/2022\/01\/quitus-moral-association-scaled.jpg","type":"image\/jpeg"}],"author":"Morgan","twitter_card":"summary_large_image","twitter_creator":"@infolocale","twitter_site":"@infolocale","twitter_misc":{"\u00c9crit par":"Morgan","Dur\u00e9e de lecture estim\u00e9e":"4 minutes"},"schema":{"@context":"https:\/\/schema.org","@graph":[{"@type":"Article","@id":"https:\/\/infolocale.20minutes.fr\/blog\/quitus-association\/#article","isPartOf":{"@id":"https:\/\/infolocale.20minutes.fr\/blog\/quitus-association\/"},"author":{"name":"Morgan","@id":"https:\/\/www.infolocale.fr\/blog\/#\/schema\/person\/f0f748ece99417833166b3ba8890f3db"},"headline":"Quitus moral et financier de l\u2019assembl\u00e9e g\u00e9n\u00e9rale : qu\u2019est-ce que c\u2019est ?","datePublished":"2022-02-02T13:41:06+00:00","dateModified":"2026-05-19T15:29:24+00:00","mainEntityOfPage":{"@id":"https:\/\/infolocale.20minutes.fr\/blog\/quitus-association\/"},"wordCount":726,"commentCount":4,"publisher":{"@id":"https:\/\/www.infolocale.fr\/blog\/#organization"},"image":{"@id":"https:\/\/infolocale.20minutes.fr\/blog\/quitus-association\/#primaryimage"},"thumbnailUrl":"https:\/\/infolocale.20minutes.fr\/blog\/wp-content\/uploads\/2022\/01\/quitus-moral-association-scaled.jpg","keywords":["Assembl\u00e9e g\u00e9n\u00e9rale ordinaire"],"articleSection":["Cr\u00e9er et g\u00e9rer une association"],"inLanguage":"fr-FR","potentialAction":[{"@type":"CommentAction","name":"Comment","target":["https:\/\/infolocale.20minutes.fr\/blog\/quitus-association\/#respond"]}]},{"@type":"WebPage","@id":"https:\/\/infolocale.20minutes.fr\/blog\/quitus-association\/","url":"https:\/\/infolocale.20minutes.fr\/blog\/quitus-association\/","name":"Quitus en association. : qu'est-ce que c'est ? |","isPartOf":{"@id":"https:\/\/www.infolocale.fr\/blog\/#website"},"primaryImageOfPage":{"@id":"https:\/\/infolocale.20minutes.fr\/blog\/quitus-association\/#primaryimage"},"image":{"@id":"https:\/\/infolocale.20minutes.fr\/blog\/quitus-association\/#primaryimage"},"thumbnailUrl":"https:\/\/infolocale.20minutes.fr\/blog\/wp-content\/uploads\/2022\/01\/quitus-moral-association-scaled.jpg","datePublished":"2022-02-02T13:41:06+00:00","dateModified":"2026-05-19T15:29:24+00:00","description":"Le quitus est un vote de confiance de l\u2019assembl\u00e9e g\u00e9n\u00e9rale vers le pr\u00e9sident et le tr\u00e9sorier. Il n\u2019est obligatoire que dans certains cas...","breadcrumb":{"@id":"https:\/\/infolocale.20minutes.fr\/blog\/quitus-association\/#breadcrumb"},"inLanguage":"fr-FR","potentialAction":[{"@type":"ReadAction","target":["https:\/\/infolocale.20minutes.fr\/blog\/quitus-association\/"]}]},{"@type":"ImageObject","inLanguage":"fr-FR","@id":"https:\/\/infolocale.20minutes.fr\/blog\/quitus-association\/#primaryimage","url":"https:\/\/infolocale.20minutes.fr\/blog\/wp-content\/uploads\/2022\/01\/quitus-moral-association-scaled.jpg","contentUrl":"https:\/\/infolocale.20minutes.fr\/blog\/wp-content\/uploads\/2022\/01\/quitus-moral-association-scaled.jpg","width":2560,"height":1707,"caption":"Quitus moral en association. A quoi sert il ? Comment le mettre en place ?"},{"@type":"BreadcrumbList","@id":"https:\/\/infolocale.20minutes.fr\/blog\/quitus-association\/#breadcrumb","itemListElement":[{"@type":"ListItem","position":1,"name":"Blog","item":"https:\/\/infolocale.ouest-france.fr\/blog\/"},{"@type":"ListItem","position":2,"name":"Cr\u00e9er et g\u00e9rer une association","item":"https:\/\/infolocale.ouest-france.fr\/blog\/cat\/creer-et-administrer-une-association-1901\/"},{"@type":"ListItem","position":3,"name":"Quitus moral et financier de l\u2019assembl\u00e9e g\u00e9n\u00e9rale : qu\u2019est-ce que c\u2019est ?"}]},{"@type":"WebSite","@id":"https:\/\/www.infolocale.fr\/blog\/#website","url":"https:\/\/www.infolocale.fr\/blog\/","name":"","description":"","publisher":{"@id":"https:\/\/www.infolocale.fr\/blog\/#organization"},"potentialAction":[{"@type":"SearchAction","target":{"@type":"EntryPoint","urlTemplate":"https:\/\/www.infolocale.fr\/blog\/?s={search_term_string}"},"query-input":"required name=search_term_string"}],"inLanguage":"fr-FR"},{"@type":"Organization","@id":"https:\/\/www.infolocale.fr\/blog\/#organization","name":"Infolocale","url":"https:\/\/www.infolocale.fr\/blog\/","logo":{"@type":"ImageObject","inLanguage":"fr-FR","@id":"https:\/\/www.infolocale.fr\/blog\/#\/schema\/logo\/image\/","url":"https:\/\/www.infolocale.fr\/blog\/wp-content\/uploads\/2020\/11\/logol.jpg","contentUrl":"https:\/\/www.infolocale.fr\/blog\/wp-content\/uploads\/2020\/11\/logol.jpg","width":1031,"height":398,"caption":"Infolocale"},"image":{"@id":"https:\/\/www.infolocale.fr\/blog\/#\/schema\/logo\/image\/"},"sameAs":["https:\/\/www.facebook.com\/infolocaleFR\/","https:\/\/x.com\/infolocale","https:\/\/www.instagram.com\/infolocale\/","https:\/\/fr.linkedin.com\/company\/infolocale","https:\/\/www.youtube.com\/channel\/UCnv4FA8EYEuu_si3TGr7xeA"]},{"@type":"Person","@id":"https:\/\/www.infolocale.fr\/blog\/#\/schema\/person\/f0f748ece99417833166b3ba8890f3db","name":"Morgan","image":{"@type":"ImageObject","inLanguage":"fr-FR","@id":"https:\/\/www.infolocale.fr\/blog\/#\/schema\/person\/image\/","url":"https:\/\/secure.gravatar.com\/avatar\/a22ec2a0cc817ae9fa3ff7341a213632?s=96&d=mm&r=g","contentUrl":"https:\/\/secure.gravatar.com\/avatar\/a22ec2a0cc817ae9fa3ff7341a213632?s=96&d=mm&r=g","caption":"Morgan"},"url":"https:\/\/infolocale.20minutes.fr\/blog\/author\/morgan-delepine\/"}]}},"_links":{"self":[{"href":"https:\/\/infolocale.20minutes.fr\/blog\/wp-json\/wp\/v2\/posts\/17319"}],"collection":[{"href":"https:\/\/infolocale.20minutes.fr\/blog\/wp-json\/wp\/v2\/posts"}],"about":[{"href":"https:\/\/infolocale.20minutes.fr\/blog\/wp-json\/wp\/v2\/types\/post"}],"author":[{"embeddable":true,"href":"https:\/\/infolocale.20minutes.fr\/blog\/wp-json\/wp\/v2\/users\/2"}],"replies":[{"embeddable":true,"href":"https:\/\/infolocale.20minutes.fr\/blog\/wp-json\/wp\/v2\/comments?post=17319"}],"version-history":[{"count":0,"href":"https:\/\/infolocale.20minutes.fr\/blog\/wp-json\/wp\/v2\/posts\/17319\/revisions"}],"wp:featuredmedia":[{"embeddable":true,"href":"https:\/\/infolocale.20minutes.fr\/blog\/wp-json\/wp\/v2\/media\/17320"}],"wp:attachment":[{"href":"https:\/\/infolocale.20minutes.fr\/blog\/wp-json\/wp\/v2\/media?parent=17319"}],"wp:term":[{"taxonomy":"category","embeddable":true,"href":"https:\/\/infolocale.20minutes.fr\/blog\/wp-json\/wp\/v2\/categories?post=17319"},{"taxonomy":"post_tag","embeddable":true,"href":"https:\/\/infolocale.20minutes.fr\/blog\/wp-json\/wp\/v2\/tags?post=17319"}],"curies":[{"name":"wp","href":"https:\/\/api.w.org\/{rel}","templated":true}]}}