{"id":17029,"date":"2022-01-18T16:31:12","date_gmt":"2022-01-18T15:31:12","guid":{"rendered":"https:\/\/www.infolocale.fr\/blog\/?p=17029"},"modified":"2022-01-19T11:22:33","modified_gmt":"2022-01-19T10:22:33","slug":"journee-internationale-sport-feminin-2022","status":"publish","type":"post","link":"https:\/\/infolocale.20minutes.fr\/blog\/journee-internationale-sport-feminin-2022\/","title":{"rendered":"Journ\u00e9e internationale du sport f\u00e9minin 2022"},"content":{"rendered":"\n<p>La journ\u00e9e internationale du sport f\u00e9minin se tient chaque ann\u00e9e le 24 janvier, une belle occasion de la c\u00e9l\u00e9brer en organisant un <a href=\"https:\/\/www.infolocale.fr\/decouvrir\/\" target=\"_blank\" rel=\"noreferrer noopener\">\u00e9v\u00e8nement<\/a> ou des <a href=\"https:\/\/www.infolocale.fr\/decouvrir\/\" target=\"_blank\" rel=\"noreferrer noopener\">activit\u00e9s<\/a> pour&nbsp;lesquels vous aurez la possibilit\u00e9 de communiquer sur le site Infolocale.<\/p>\n\n\n\n<h2 class=\"wp-block-heading\">Retour sur la gen\u00e8se de la Journ\u00e9e internationale du sport f\u00e9minin : <\/h2>\n\n\n\n<p>En 2014, le Conseil sup\u00e9rieur de l&rsquo;audiovisuel (CSA), constate que dans le sport, les femmes sont \u00e0 la fois sous m\u00e9diatis\u00e9es et sous-repr\u00e9sent\u00e9es. Il initie alors, en partenariat avec le Comit\u00e9 Olympique et Sportif Fran\u00e7ais (CNOSF), la journ\u00e9e du sport f\u00e9minin.<\/p>\n\n\n\n<p>Cette journ\u00e9e a donc vocation de mettre \u00e0 l\u2019honneur les femmes dans toutes les disciplines sportives. De fait, en d\u00e9mocratisant la pratique de tous les sports f\u00e9minins, mais aussi en faisant rayonner l\u2019image des femmes dans les instances dirigeantes sportives.&nbsp;<\/p>\n\n\n\n<h2 class=\"wp-block-heading\">Communiquer sur Infolocale pour la Journ\u00e9e internationale du sport f\u00e9minin : <\/h2>\n\n\n\n<p>Vous organisez un \u00e9v\u00e8nement ou une activit\u00e9 et souhaitez m\u00e9diatiser vos actions dans le contexte de la journ\u00e9e internationale du sport f\u00e9minin ? &nbsp;<\/p>\n\n\n\n<p>Alors n\u2019h\u00e9sitez pas \u00e0 annoncer&nbsp;ceux-ci sur le site Infolocale afin de gagner en visibilit\u00e9. Vous profiterez d&rsquo;une plus large diffusion sur les sites <a href=\"https:\/\/www.infolocale.fr\/\" target=\"_blank\" rel=\"noreferrer noopener\">Infolocale<\/a> et <a href=\"https:\/\/www.ouest-france.fr\/\" target=\"_blank\" rel=\"noreferrer noopener\">Ouest-France<\/a> : <\/p>\n\n\n\n<ul class=\"wp-block-list\"><li>En annon\u00e7ant vos \u00e9v\u00e8nements \u00e0 l&rsquo;occasion de la journ\u00e9e du sport f\u00e9minin<\/li><li>En inscrivant vos activit\u00e9s \u00e0 pratiquer <\/li><\/ul>\n\n\n\n<p><strong><a href=\"https:\/\/www.infolocale.fr\/decouvrir\/\" target=\"_blank\" rel=\"noreferrer noopener\">Pour annoncer votre \u00e9v\u00e8nement : <\/a><\/strong><\/p>\n\n\n\n<ol class=\"wp-block-list\"><li>Connectez-vous \u00e0 votre espace personnel Infolocale.&nbsp;<\/li><li>Cliquez sur \u00ab\u00a0J&rsquo;annonce\u00a0\u00bb pour cr\u00e9er votre nouvel \u00e9v\u00e8nement.&nbsp;<\/li><li>S\u00e9lectionnez le th\u00e8me de l&rsquo;\u00e9v\u00e8nement que vous souhaitez annoncer. &nbsp;<\/li><li>Renseignez vos informations : date, lieu, tarif, description, type de r\u00e9servation, compl\u00e9ment d&rsquo;informations ou encore quelques photos.<\/li><\/ol>\n\n\n\n<p><strong><a href=\"https:\/\/www.infolocale.fr\/decouvrir\/\" target=\"_blank\" rel=\"noreferrer noopener\">Pour inscrire vos activit\u00e9s \u00e0 pratiquer : <\/a><\/strong><\/p>\n\n\n\n<ol class=\"wp-block-list\"><li> Connectez-vous \u00e0 votre espace personnel Infolocale.&nbsp;<\/li><li>Cliquez sur \u00ab\u00a0J&rsquo;ajoute\u00a0\u00bb pour inscrire votre nouvelle activit\u00e9.&nbsp;<\/li><li>S\u00e9lectionnez le th\u00e8me de l&rsquo;activit\u00e9 que vous souhaitez inscrire&nbsp;<\/li><li>Renseignez vos informations, la date, lieu, tarif, description, type de r\u00e9servation, compl\u00e9ment d&rsquo;information au sujet la nouvelle activit\u00e9 que vous souhaitez proposer.<\/li><\/ol>\n","protected":false},"excerpt":{"rendered":"<p>La journ\u00e9e internationale du sport f\u00e9minin se tient chaque ann\u00e9e le 24 janvier, une belle occasion de la c\u00e9l\u00e9brer en organisant un \u00e9v\u00e8nement ou des [&hellip;]<\/p>\n","protected":false},"author":14,"featured_media":17032,"comment_status":"open","ping_status":"open","sticky":false,"template":"","format":"standard","meta":{"_coblocks_attr":"","_coblocks_dimensions":"","_coblocks_responsive_height":"","_coblocks_accordion_ie_support":"","_mo_disable_npp":"","footnotes":""},"categories":[6],"tags":[],"class_list":["post-17029","post","type-post","status-publish","format-standard","has-post-thumbnail","hentry","category-actu-acteurs-locaux"],"yoast_head":"<!-- This site is optimized with the Yoast SEO plugin v23.2 - https:\/\/yoast.com\/wordpress\/plugins\/seo\/ -->\n<title>Journ\u00e9e internationale du sport f\u00e9minin 2022 |<\/title>\n<meta name=\"description\" content=\"Journ\u00e9e internationale du sport f\u00e9minin 2022 : Communiquez sur vos \u00e9v\u00e8nements et activit\u00e9s sur le site Infolocale\" \/>\n<meta name=\"robots\" content=\"index, follow, max-snippet:-1, max-image-preview:large, max-video-preview:-1\" \/>\n<link rel=\"canonical\" href=\"https:\/\/infolocale.20minutes.fr\/blog\/journee-internationale-sport-feminin-2022\/\" \/>\n<meta property=\"og:locale\" content=\"fr_FR\" \/>\n<meta property=\"og:type\" content=\"article\" \/>\n<meta property=\"og:title\" content=\"Journ\u00e9e internationale du sport f\u00e9minin 2022 |\" \/>\n<meta property=\"og:description\" content=\"Journ\u00e9e internationale du sport f\u00e9minin 2022 : Communiquez sur vos \u00e9v\u00e8nements et activit\u00e9s sur le site Infolocale\" \/>\n<meta property=\"og:url\" content=\"https:\/\/infolocale.20minutes.fr\/blog\/journee-internationale-sport-feminin-2022\/\" \/>\n<meta property=\"article:publisher\" content=\"https:\/\/www.facebook.com\/infolocaleFR\/\" \/>\n<meta property=\"article:published_time\" content=\"2022-01-18T15:31:12+00:00\" \/>\n<meta property=\"article:modified_time\" content=\"2022-01-19T10:22:33+00:00\" \/>\n<meta property=\"og:image\" content=\"https:\/\/infolocale.20minutes.fr\/blog\/wp-content\/uploads\/2022\/01\/sport-feminin-2022.png\" \/>\n\t<meta property=\"og:image:width\" content=\"900\" \/>\n\t<meta property=\"og:image:height\" content=\"630\" \/>\n\t<meta property=\"og:image:type\" content=\"image\/png\" \/>\n<meta name=\"author\" content=\"Margot\" \/>\n<meta name=\"twitter:card\" content=\"summary_large_image\" \/>\n<meta name=\"twitter:creator\" content=\"@infolocale\" \/>\n<meta name=\"twitter:site\" content=\"@infolocale\" \/>\n<meta name=\"twitter:label1\" content=\"\u00c9crit par\" \/>\n\t<meta name=\"twitter:data1\" content=\"Margot\" \/>\n\t<meta name=\"twitter:label2\" content=\"Dur\u00e9e de lecture estim\u00e9e\" \/>\n\t<meta name=\"twitter:data2\" content=\"2 minutes\" \/>\n<script type=\"application\/ld+json\" class=\"yoast-schema-graph\">{\"@context\":\"https:\/\/schema.org\",\"@graph\":[{\"@type\":\"Article\",\"@id\":\"https:\/\/infolocale.20minutes.fr\/blog\/journee-internationale-sport-feminin-2022\/#article\",\"isPartOf\":{\"@id\":\"https:\/\/infolocale.20minutes.fr\/blog\/journee-internationale-sport-feminin-2022\/\"},\"author\":{\"name\":\"Margot\",\"@id\":\"https:\/\/www.infolocale.fr\/blog\/#\/schema\/person\/ef7bae7d23a1485da4c2c6640f73e989\"},\"headline\":\"Journ\u00e9e internationale du sport f\u00e9minin 2022\",\"datePublished\":\"2022-01-18T15:31:12+00:00\",\"dateModified\":\"2022-01-19T10:22:33+00:00\",\"mainEntityOfPage\":{\"@id\":\"https:\/\/infolocale.20minutes.fr\/blog\/journee-internationale-sport-feminin-2022\/\"},\"wordCount\":358,\"commentCount\":0,\"publisher\":{\"@id\":\"https:\/\/www.infolocale.fr\/blog\/#organization\"},\"image\":{\"@id\":\"https:\/\/infolocale.20minutes.fr\/blog\/journee-internationale-sport-feminin-2022\/#primaryimage\"},\"thumbnailUrl\":\"https:\/\/infolocale.20minutes.fr\/blog\/wp-content\/uploads\/2022\/01\/sport-feminin-2022.png\",\"articleSection\":[\"En ce moment\"],\"inLanguage\":\"fr-FR\",\"potentialAction\":[{\"@type\":\"CommentAction\",\"name\":\"Comment\",\"target\":[\"https:\/\/infolocale.20minutes.fr\/blog\/journee-internationale-sport-feminin-2022\/#respond\"]}]},{\"@type\":\"WebPage\",\"@id\":\"https:\/\/infolocale.20minutes.fr\/blog\/journee-internationale-sport-feminin-2022\/\",\"url\":\"https:\/\/infolocale.20minutes.fr\/blog\/journee-internationale-sport-feminin-2022\/\",\"name\":\"Journ\u00e9e internationale du sport f\u00e9minin 2022 |\",\"isPartOf\":{\"@id\":\"https:\/\/www.infolocale.fr\/blog\/#website\"},\"primaryImageOfPage\":{\"@id\":\"https:\/\/infolocale.20minutes.fr\/blog\/journee-internationale-sport-feminin-2022\/#primaryimage\"},\"image\":{\"@id\":\"https:\/\/infolocale.20minutes.fr\/blog\/journee-internationale-sport-feminin-2022\/#primaryimage\"},\"thumbnailUrl\":\"https:\/\/infolocale.20minutes.fr\/blog\/wp-content\/uploads\/2022\/01\/sport-feminin-2022.png\",\"datePublished\":\"2022-01-18T15:31:12+00:00\",\"dateModified\":\"2022-01-19T10:22:33+00:00\",\"description\":\"Journ\u00e9e internationale du sport f\u00e9minin 2022 : Communiquez sur vos \u00e9v\u00e8nements et activit\u00e9s sur le site Infolocale\",\"breadcrumb\":{\"@id\":\"https:\/\/infolocale.20minutes.fr\/blog\/journee-internationale-sport-feminin-2022\/#breadcrumb\"},\"inLanguage\":\"fr-FR\",\"potentialAction\":[{\"@type\":\"ReadAction\",\"target\":[\"https:\/\/infolocale.20minutes.fr\/blog\/journee-internationale-sport-feminin-2022\/\"]}]},{\"@type\":\"ImageObject\",\"inLanguage\":\"fr-FR\",\"@id\":\"https:\/\/infolocale.20minutes.fr\/blog\/journee-internationale-sport-feminin-2022\/#primaryimage\",\"url\":\"https:\/\/infolocale.20minutes.fr\/blog\/wp-content\/uploads\/2022\/01\/sport-feminin-2022.png\",\"contentUrl\":\"https:\/\/infolocale.20minutes.fr\/blog\/wp-content\/uploads\/2022\/01\/sport-feminin-2022.png\",\"width\":900,\"height\":630,\"caption\":\"journ\u00e9e internationale du sport f\u00e9minin 2022\"},{\"@type\":\"BreadcrumbList\",\"@id\":\"https:\/\/infolocale.20minutes.fr\/blog\/journee-internationale-sport-feminin-2022\/#breadcrumb\",\"itemListElement\":[{\"@type\":\"ListItem\",\"position\":1,\"name\":\"Blog\",\"item\":\"https:\/\/infolocale.ouest-france.fr\/blog\/\"},{\"@type\":\"ListItem\",\"position\":2,\"name\":\"En ce moment\",\"item\":\"https:\/\/infolocale.20minutes.fr\/blog\/cat\/actu-acteurs-locaux\/\"},{\"@type\":\"ListItem\",\"position\":3,\"name\":\"Journ\u00e9e internationale du sport f\u00e9minin 2022\"}]},{\"@type\":\"WebSite\",\"@id\":\"https:\/\/www.infolocale.fr\/blog\/#website\",\"url\":\"https:\/\/www.infolocale.fr\/blog\/\",\"name\":\"\",\"description\":\"\",\"publisher\":{\"@id\":\"https:\/\/www.infolocale.fr\/blog\/#organization\"},\"potentialAction\":[{\"@type\":\"SearchAction\",\"target\":{\"@type\":\"EntryPoint\",\"urlTemplate\":\"https:\/\/www.infolocale.fr\/blog\/?s={search_term_string}\"},\"query-input\":\"required name=search_term_string\"}],\"inLanguage\":\"fr-FR\"},{\"@type\":\"Organization\",\"@id\":\"https:\/\/www.infolocale.fr\/blog\/#organization\",\"name\":\"Infolocale\",\"url\":\"https:\/\/www.infolocale.fr\/blog\/\",\"logo\":{\"@type\":\"ImageObject\",\"inLanguage\":\"fr-FR\",\"@id\":\"https:\/\/www.infolocale.fr\/blog\/#\/schema\/logo\/image\/\",\"url\":\"https:\/\/www.infolocale.fr\/blog\/wp-content\/uploads\/2020\/11\/logol.jpg\",\"contentUrl\":\"https:\/\/www.infolocale.fr\/blog\/wp-content\/uploads\/2020\/11\/logol.jpg\",\"width\":1031,\"height\":398,\"caption\":\"Infolocale\"},\"image\":{\"@id\":\"https:\/\/www.infolocale.fr\/blog\/#\/schema\/logo\/image\/\"},\"sameAs\":[\"https:\/\/www.facebook.com\/infolocaleFR\/\",\"https:\/\/x.com\/infolocale\",\"https:\/\/www.instagram.com\/infolocale\/\",\"https:\/\/fr.linkedin.com\/company\/infolocale\",\"https:\/\/www.youtube.com\/channel\/UCnv4FA8EYEuu_si3TGr7xeA\"]},{\"@type\":\"Person\",\"@id\":\"https:\/\/www.infolocale.fr\/blog\/#\/schema\/person\/ef7bae7d23a1485da4c2c6640f73e989\",\"name\":\"Margot\",\"image\":{\"@type\":\"ImageObject\",\"inLanguage\":\"fr-FR\",\"@id\":\"https:\/\/www.infolocale.fr\/blog\/#\/schema\/person\/image\/\",\"url\":\"https:\/\/secure.gravatar.com\/avatar\/fd7a814627870ba8c5cb11cb724ee955?s=96&d=mm&r=g\",\"contentUrl\":\"https:\/\/secure.gravatar.com\/avatar\/fd7a814627870ba8c5cb11cb724ee955?s=96&d=mm&r=g\",\"caption\":\"Margot\"},\"sameAs\":[\"https:\/\/www.infolocale.fr\/blog\/\"],\"url\":\"https:\/\/infolocale.20minutes.fr\/blog\/author\/margot-cueff\/\"}]}<\/script>\n<!-- \/ Yoast SEO plugin. -->","yoast_head_json":{"title":"Journ\u00e9e internationale du sport f\u00e9minin 2022 |","description":"Journ\u00e9e internationale du sport f\u00e9minin 2022 : Communiquez sur vos \u00e9v\u00e8nements et activit\u00e9s sur le site Infolocale","robots":{"index":"index","follow":"follow","max-snippet":"max-snippet:-1","max-image-preview":"max-image-preview:large","max-video-preview":"max-video-preview:-1"},"canonical":"https:\/\/infolocale.20minutes.fr\/blog\/journee-internationale-sport-feminin-2022\/","og_locale":"fr_FR","og_type":"article","og_title":"Journ\u00e9e internationale du sport f\u00e9minin 2022 |","og_description":"Journ\u00e9e internationale du sport f\u00e9minin 2022 : Communiquez sur vos \u00e9v\u00e8nements et activit\u00e9s sur le site Infolocale","og_url":"https:\/\/infolocale.20minutes.fr\/blog\/journee-internationale-sport-feminin-2022\/","article_publisher":"https:\/\/www.facebook.com\/infolocaleFR\/","article_published_time":"2022-01-18T15:31:12+00:00","article_modified_time":"2022-01-19T10:22:33+00:00","og_image":[{"width":900,"height":630,"url":"https:\/\/infolocale.20minutes.fr\/blog\/wp-content\/uploads\/2022\/01\/sport-feminin-2022.png","type":"image\/png"}],"author":"Margot","twitter_card":"summary_large_image","twitter_creator":"@infolocale","twitter_site":"@infolocale","twitter_misc":{"\u00c9crit par":"Margot","Dur\u00e9e de lecture estim\u00e9e":"2 minutes"},"schema":{"@context":"https:\/\/schema.org","@graph":[{"@type":"Article","@id":"https:\/\/infolocale.20minutes.fr\/blog\/journee-internationale-sport-feminin-2022\/#article","isPartOf":{"@id":"https:\/\/infolocale.20minutes.fr\/blog\/journee-internationale-sport-feminin-2022\/"},"author":{"name":"Margot","@id":"https:\/\/www.infolocale.fr\/blog\/#\/schema\/person\/ef7bae7d23a1485da4c2c6640f73e989"},"headline":"Journ\u00e9e internationale du sport f\u00e9minin 2022","datePublished":"2022-01-18T15:31:12+00:00","dateModified":"2022-01-19T10:22:33+00:00","mainEntityOfPage":{"@id":"https:\/\/infolocale.20minutes.fr\/blog\/journee-internationale-sport-feminin-2022\/"},"wordCount":358,"commentCount":0,"publisher":{"@id":"https:\/\/www.infolocale.fr\/blog\/#organization"},"image":{"@id":"https:\/\/infolocale.20minutes.fr\/blog\/journee-internationale-sport-feminin-2022\/#primaryimage"},"thumbnailUrl":"https:\/\/infolocale.20minutes.fr\/blog\/wp-content\/uploads\/2022\/01\/sport-feminin-2022.png","articleSection":["En ce moment"],"inLanguage":"fr-FR","potentialAction":[{"@type":"CommentAction","name":"Comment","target":["https:\/\/infolocale.20minutes.fr\/blog\/journee-internationale-sport-feminin-2022\/#respond"]}]},{"@type":"WebPage","@id":"https:\/\/infolocale.20minutes.fr\/blog\/journee-internationale-sport-feminin-2022\/","url":"https:\/\/infolocale.20minutes.fr\/blog\/journee-internationale-sport-feminin-2022\/","name":"Journ\u00e9e internationale du sport f\u00e9minin 2022 |","isPartOf":{"@id":"https:\/\/www.infolocale.fr\/blog\/#website"},"primaryImageOfPage":{"@id":"https:\/\/infolocale.20minutes.fr\/blog\/journee-internationale-sport-feminin-2022\/#primaryimage"},"image":{"@id":"https:\/\/infolocale.20minutes.fr\/blog\/journee-internationale-sport-feminin-2022\/#primaryimage"},"thumbnailUrl":"https:\/\/infolocale.20minutes.fr\/blog\/wp-content\/uploads\/2022\/01\/sport-feminin-2022.png","datePublished":"2022-01-18T15:31:12+00:00","dateModified":"2022-01-19T10:22:33+00:00","description":"Journ\u00e9e internationale du sport f\u00e9minin 2022 : Communiquez sur vos \u00e9v\u00e8nements et activit\u00e9s sur le site Infolocale","breadcrumb":{"@id":"https:\/\/infolocale.20minutes.fr\/blog\/journee-internationale-sport-feminin-2022\/#breadcrumb"},"inLanguage":"fr-FR","potentialAction":[{"@type":"ReadAction","target":["https:\/\/infolocale.20minutes.fr\/blog\/journee-internationale-sport-feminin-2022\/"]}]},{"@type":"ImageObject","inLanguage":"fr-FR","@id":"https:\/\/infolocale.20minutes.fr\/blog\/journee-internationale-sport-feminin-2022\/#primaryimage","url":"https:\/\/infolocale.20minutes.fr\/blog\/wp-content\/uploads\/2022\/01\/sport-feminin-2022.png","contentUrl":"https:\/\/infolocale.20minutes.fr\/blog\/wp-content\/uploads\/2022\/01\/sport-feminin-2022.png","width":900,"height":630,"caption":"journ\u00e9e internationale du sport f\u00e9minin 2022"},{"@type":"BreadcrumbList","@id":"https:\/\/infolocale.20minutes.fr\/blog\/journee-internationale-sport-feminin-2022\/#breadcrumb","itemListElement":[{"@type":"ListItem","position":1,"name":"Blog","item":"https:\/\/infolocale.ouest-france.fr\/blog\/"},{"@type":"ListItem","position":2,"name":"En ce moment","item":"https:\/\/infolocale.20minutes.fr\/blog\/cat\/actu-acteurs-locaux\/"},{"@type":"ListItem","position":3,"name":"Journ\u00e9e internationale du sport f\u00e9minin 2022"}]},{"@type":"WebSite","@id":"https:\/\/www.infolocale.fr\/blog\/#website","url":"https:\/\/www.infolocale.fr\/blog\/","name":"","description":"","publisher":{"@id":"https:\/\/www.infolocale.fr\/blog\/#organization"},"potentialAction":[{"@type":"SearchAction","target":{"@type":"EntryPoint","urlTemplate":"https:\/\/www.infolocale.fr\/blog\/?s={search_term_string}"},"query-input":"required name=search_term_string"}],"inLanguage":"fr-FR"},{"@type":"Organization","@id":"https:\/\/www.infolocale.fr\/blog\/#organization","name":"Infolocale","url":"https:\/\/www.infolocale.fr\/blog\/","logo":{"@type":"ImageObject","inLanguage":"fr-FR","@id":"https:\/\/www.infolocale.fr\/blog\/#\/schema\/logo\/image\/","url":"https:\/\/www.infolocale.fr\/blog\/wp-content\/uploads\/2020\/11\/logol.jpg","contentUrl":"https:\/\/www.infolocale.fr\/blog\/wp-content\/uploads\/2020\/11\/logol.jpg","width":1031,"height":398,"caption":"Infolocale"},"image":{"@id":"https:\/\/www.infolocale.fr\/blog\/#\/schema\/logo\/image\/"},"sameAs":["https:\/\/www.facebook.com\/infolocaleFR\/","https:\/\/x.com\/infolocale","https:\/\/www.instagram.com\/infolocale\/","https:\/\/fr.linkedin.com\/company\/infolocale","https:\/\/www.youtube.com\/channel\/UCnv4FA8EYEuu_si3TGr7xeA"]},{"@type":"Person","@id":"https:\/\/www.infolocale.fr\/blog\/#\/schema\/person\/ef7bae7d23a1485da4c2c6640f73e989","name":"Margot","image":{"@type":"ImageObject","inLanguage":"fr-FR","@id":"https:\/\/www.infolocale.fr\/blog\/#\/schema\/person\/image\/","url":"https:\/\/secure.gravatar.com\/avatar\/fd7a814627870ba8c5cb11cb724ee955?s=96&d=mm&r=g","contentUrl":"https:\/\/secure.gravatar.com\/avatar\/fd7a814627870ba8c5cb11cb724ee955?s=96&d=mm&r=g","caption":"Margot"},"sameAs":["https:\/\/www.infolocale.fr\/blog\/"],"url":"https:\/\/infolocale.20minutes.fr\/blog\/author\/margot-cueff\/"}]}},"_links":{"self":[{"href":"https:\/\/infolocale.20minutes.fr\/blog\/wp-json\/wp\/v2\/posts\/17029"}],"collection":[{"href":"https:\/\/infolocale.20minutes.fr\/blog\/wp-json\/wp\/v2\/posts"}],"about":[{"href":"https:\/\/infolocale.20minutes.fr\/blog\/wp-json\/wp\/v2\/types\/post"}],"author":[{"embeddable":true,"href":"https:\/\/infolocale.20minutes.fr\/blog\/wp-json\/wp\/v2\/users\/14"}],"replies":[{"embeddable":true,"href":"https:\/\/infolocale.20minutes.fr\/blog\/wp-json\/wp\/v2\/comments?post=17029"}],"version-history":[{"count":0,"href":"https:\/\/infolocale.20minutes.fr\/blog\/wp-json\/wp\/v2\/posts\/17029\/revisions"}],"wp:featuredmedia":[{"embeddable":true,"href":"https:\/\/infolocale.20minutes.fr\/blog\/wp-json\/wp\/v2\/media\/17032"}],"wp:attachment":[{"href":"https:\/\/infolocale.20minutes.fr\/blog\/wp-json\/wp\/v2\/media?parent=17029"}],"wp:term":[{"taxonomy":"category","embeddable":true,"href":"https:\/\/infolocale.20minutes.fr\/blog\/wp-json\/wp\/v2\/categories?post=17029"},{"taxonomy":"post_tag","embeddable":true,"href":"https:\/\/infolocale.20minutes.fr\/blog\/wp-json\/wp\/v2\/tags?post=17029"}],"curies":[{"name":"wp","href":"https:\/\/api.w.org\/{rel}","templated":true}]}}