{"id":16880,"date":"2022-01-10T20:55:09","date_gmt":"2022-01-10T19:55:09","guid":{"rendered":"https:\/\/www.infolocale.fr\/blog\/?p=16880"},"modified":"2022-02-07T09:55:35","modified_gmt":"2022-02-07T08:55:35","slug":"la-bd-anime-vos-associations-et-collectivites","status":"publish","type":"post","link":"https:\/\/infolocale.20minutes.fr\/blog\/la-bd-anime-vos-associations-et-collectivites\/","title":{"rendered":"La BD anime vos associations et collectivit\u00e9s"},"content":{"rendered":"\n<p>La 49e \u00e9dition du <a href=\"https:\/\/www.bdangouleme.com\" target=\"_blank\" rel=\"noreferrer noopener\">Festival international de la bande dessin\u00e9e d&rsquo;Angoul\u00eame<\/a>, pr\u00e9vue du 27 au 30 janvier 2022, est <a href=\"https:\/\/www.bdangouleme.com\/report-de-la-49e-edition-du-festival-international-de-la-bande-dessinee-dangouleme\" target=\"_blank\" rel=\"noreferrer noopener\">report\u00e9e en mars, du 17 au 20 mars 2022<\/a>. Rendez-vous donc \u00e0 une p\u00e9riode plus favorable au bon d\u00e9roulement pour le Festival de la BD d&rsquo;Angoul\u00eame. En ce tout d\u00e9but d&rsquo;ann\u00e9e 2022, l&rsquo;\u00e9volution de la pand\u00e9mie de la Covid-19 inqui\u00e8te les organisateurs. Les organisateurs de Festival de BD veulent mettre la dynamique de la bande dessin\u00e9e et sa diversit\u00e9 au service de la cause de la lecture. Ailleurs dans l&rsquo;Hexagone, la BD anime aussi vos associations. Comme eux, vous \u00eates nombreux, associations et collectivit\u00e9s, m\u00e9diath\u00e8ques \u00e0 organiser des \u00e9v\u00e9nements li\u00e9s \u00e0 la Bande dessin\u00e9e et les avoir annonc\u00e9s sur Infolocale.fr   Nous avons rep\u00e9r\u00e9 quelques \u00e9v\u00e9nements qui ont pu se d\u00e9rouler en 2021, ann\u00e9e de reprise apr\u00e8s la pand\u00e9mie.<\/p>\n\n\n<div class=\"wp-block-image is-resized\">\n<figure class=\"aligncenter size-large has-lightbox\"><a href=\"https:\/\/www.infolocale.fr\/decouvrir\/deposant\/?utm_source=blog&amp;utm_medium=banner&amp;utm_campaign=blog-content\"><img fetchpriority=\"high\" decoding=\"async\" width=\"1024\" height=\"1024\" src=\"https:\/\/www.infolocale.fr\/blog\/wp-content\/uploads\/2021\/11\/banniere-NLDASSO-carree1500x1500-1024x1024.jpg\" alt=\"\" class=\"wp-image-23946\" srcset=\"https:\/\/infolocale.20minutes.fr\/blog\/wp-content\/uploads\/2021\/11\/banniere-NLDASSO-carree1500x1500-1024x1024.jpg 1024w, https:\/\/infolocale.20minutes.fr\/blog\/wp-content\/uploads\/2021\/11\/banniere-NLDASSO-carree1500x1500-300x300.jpg 300w, https:\/\/infolocale.20minutes.fr\/blog\/wp-content\/uploads\/2021\/11\/banniere-NLDASSO-carree1500x1500-150x150.jpg 150w, https:\/\/infolocale.20minutes.fr\/blog\/wp-content\/uploads\/2021\/11\/banniere-NLDASSO-carree1500x1500-768x768.jpg 768w, https:\/\/infolocale.20minutes.fr\/blog\/wp-content\/uploads\/2021\/11\/banniere-NLDASSO-carree1500x1500.jpg 1500w\" sizes=\"(max-width: 1024px) 100vw, 1024px\" \/><\/a><\/figure><\/div>\n\n\n<h2 class=\"wp-block-heading\">Des festivals de BD<\/h2>\n\n\n\n<p><strong><a href=\"http:\/\/angersbd.fr\/\" target=\"_blank\" rel=\"noreferrer noopener\">Le Festival Angers BD<\/a><\/strong> a tenu sa 22<sup>e<\/sup> \u00e9dition lors du premier week-end de d\u00e9cembre 2021 ; Fid\u00e8le \u00e0 son rendez-vous&nbsp;annuel, except\u00e9 l\u2019ann\u00e9e 2020, annul\u00e9 pour cause de pand\u00e9mie. Une belle long\u00e9vit\u00e9, pour cette \u00e9quipe uniquement compos\u00e9e de b\u00e9n\u00e9voles&nbsp;: douze actifs, membres du conseil d\u2019administration, soutenus par huit adh\u00e9rents \u00e0 l\u2019association. Ces derniers reviennent \u00e0 Angers d\u00e9but d\u00e9cembre. Cette \u00e9quipe peut compter sur une cinquantaine de b\u00e9n\u00e9voles, mobilis\u00e9s pour la logistique du Festival Angers BD. S\u00e9bastien Levron-Maillard, b\u00e9n\u00e9vole depuis la cr\u00e9ation, pr\u00e9sident jusqu\u2019en 2019 pr\u00e9cise que l\u2019association \u00ab&nbsp;<strong>b\u00e9n\u00e9ficie de bons contacts et de bonnes \u00e9nergies.&nbsp;<\/strong>\u00bb<\/p>\n\n\n\n<h3 class=\"wp-block-heading\">Des passionn\u00e9s s&rsquo;unissent pour cr\u00e9er le Festival Angers BD<\/h3>\n\n\n\n<p>Le Festival est n\u00e9 d\u2019envies parall\u00e8les de deux groupes de fans de BD qui souhaitaient&nbsp; lancer un festival de BD \u00e0 Angers. Un libraire les met en relation. Parmi les b\u00e9n\u00e9voles fondateurs, un professeur d\u2019\u00e9conomie en lyc\u00e9e est rejoint par plusieurs \u00e9l\u00e8ves. Jean Esnault, pr\u00e9sident du festival depuis 2019 est l\u2019un d\u2019entre eux. Parmi les exposants : une seule librairie, la <a href=\"https:\/\/www.librairie-richer.com\/rayon\/bd-comics-mangas\/\" target=\"_blank\" rel=\"noreferrer noopener\">Librairie Richer<\/a>, qui propose les albums neufs, notamment les tomes des auteurs pr\u00e9sents pour les d\u00e9dicaces. Cinq libraires de livres d&rsquo;occasion exposent \u00e9galement \u00e0 c\u00f4t\u00e9 de petites maisons d&rsquo;\u00e9dition, d&rsquo;auteurs ind\u00e9pendants, en auto\u00e9dition. Les auteurs invit\u00e9s sont rep\u00e9r\u00e9s sur d&rsquo;autres festivals, celui d&rsquo;Angoul\u00eame et <em>Quai des Bulles <\/em>de Saint-Malo. \u00ab\u00a0<strong>En 2021, quarante auteurs sont venus au Festival Angers BD. Notre public \u00e9tait au rendez-vous, mais un peu moins nombreux. Est-ce \u00e0 cause des mesures sanitaires ? Nous avons accueilli 1 600 personnes, au lieu des 2 500 enregistr\u00e9es durant les vingt premi\u00e8res ann\u00e9es de notre existence. Pour 2022, nous objectivons    2 000 personnes. Le samedi, ce sont les collectionneurs qui se retrouvent dans nos all\u00e9es. Le public est plus familial le dimanche, venu participer aux activit\u00e9s<\/strong>\u00a0\u00bb pr\u00e9cise Jean Esnault.<\/p>\n\n\n\n<h3 class=\"wp-block-heading\">Autre rendez-vous des fans de BD : <em>Quai des Bulles<\/em><\/h3>\n\n\n\n<p><strong><a href=\"http:\/\/www.quaidesbulles.com\/\" target=\"_blank\" rel=\"noreferrer noopener\">Quai des Bulles de Saint-Malo<\/a><\/strong> accueille 120 maisons d&rsquo;\u00e9dition sur un week-end de 3 jours (4 jours en 2021). 700 auteurs, soit un tiers de la profession, d\u00e9dicacent des albums pour les 40 000 visiteurs enregistr\u00e9s sur les 4 jours d&rsquo;ouverture des lieux d&rsquo;exposition et du salon du livre. La jauge a \u00e9t\u00e9 r\u00e9duite, les all\u00e9es \u00e9largies pour cette reprise en 2021. Ces visiteurs ont pu d\u00e9couvrir les dix expositions install\u00e9es dans diff\u00e9rents lieux de Saint-Malo. Les organisateurs  ont \u00e0 coeur de valoriser le m\u00e9tier d&rsquo;auteur. Cette volont\u00e9 se retrouve dans le choix de leurs expositions. Chaque an\u00e9e, elles permettent de d\u00e9couvrir plus avant certains auteurs. En 2021, <em>Quai des Bulles<\/em> a pu f\u00eater sa 40e \u00e9dition.<\/p>\n\n\n\n<p>Comme \u00e0 Angers, la cr\u00e9ation de l&rsquo;affiche du festival est confi\u00e9e \u00e0 un dessinateur invit\u00e9. Une seule exigence, faire appara\u00eetre le Ch\u00e2teau d&rsquo;Angers. Pour l&rsquo;\u00e9dition 2022 de <em>Quai des Bulles<\/em>, le projet est d\u00e9j\u00e0 sur le chevalet de Ralph Meyer<a href=\"https:\/\/www.youtube.com\/watch?v=ULj98kGe6Us\">.<\/a><\/p>\n\n\n\n<figure class=\"wp-block-embed is-type-video is-provider-youtube wp-block-embed-youtube wp-embed-aspect-16-9 wp-has-aspect-ratio\"><div class=\"wp-block-embed__wrapper\">\n<iframe title=\"Dans l&#039;atelier de Ralph Meyer\" width=\"1020\" height=\"574\" src=\"https:\/\/www.youtube.com\/embed\/ULj98kGe6Us?feature=oembed&#038;enablejsapi=1&#038;origin=https:\/\/www.infolocale.fr\" frameborder=\"0\" allow=\"accelerometer; autoplay; clipboard-write; encrypted-media; gyroscope; picture-in-picture\" allowfullscreen><\/iframe>\n<\/div><figcaption>Ralph Meyer, gagnant du Grand prix de l&rsquo;Affiche 2021, travaille sur l&rsquo;affiche Quai des Bulles de 2022. Un imp\u00e9ratif, ins\u00e9rer un univers maritime, ou un symbole de la Cit\u00e9 corsaire<\/figcaption><\/figure>\n\n\n\n<p>Parmi les festivals organis\u00e9s dans d&rsquo;autres territoires, nous avons relev\u00e9 : le <em>Festival BD Colomiers<\/em> (Haute-Garonne) qui accueillent 80 \u00e9diteurs et plus de 150 auteurs durant deux jours. A Clohars-Carno\u00ebt (Finist\u00e8re) le <em>Festival R\u00eaves d&rsquo;Oc\u00e9ans<\/em> se sp\u00e9cialise dans les livres et BD de jeunesse. A Quimper, le <em>Festival Penn ar BD<\/em> organise aussi des rencontres et d\u00e9dicaces autour du 9e art. D\u00e9marche identique pour <em>Festilivres<\/em> \u00e0 Juvardeil (Maine-et-Loire), <em>BD en ville<\/em> \u00e0 Ancenis-Saint-G\u00e9r\u00e9on (Loire-Atlantique). L&rsquo;Historial de Vend\u00e9e, aux Lucs-sur-Boulogne, invite \u00e0 son festival de deux jours <em>Histoire(s) de BD<\/em>.<\/p>\n\n\n\n<h2 class=\"wp-block-heading\">Les planches originales de BD s&rsquo;exposent<\/h2>\n\n\n\n<p>Des expositions permettent d&rsquo;admirer les planches originales d&rsquo;auteurs de bandes dessin\u00e9es \u00e0 Quimper (Finist\u00e8re), <em>Penn Ar BD<\/em> ; Comme dans les C\u00f4tes d&rsquo;Armor, au Port du L\u00e9gu\u00e9, o\u00f9 Festival <em>Bulles \u00e0 Croquer<\/em> a donner \u00e0 voir les peintures et dessins, sortis du tr\u00e9sor patrimonial de Saint-Brieuc ! A la Plaine-sur-Mer (Loire-Atlantique) les photos et planches des Fr\u00e8res Lepage, partis en Terre-Ad\u00e9lie, ont \u00e9t\u00e9 expos\u00e9es.<\/p>\n\n\n\n<h2 class=\"wp-block-heading\">Animations et rencontres autour de la BD<\/h2>\n\n\n\n<p>Pour susciter les \u00e9changes et les coups de coeur, de nombreuses biblioth\u00e9caires organisent des BD Caf\u00e9s notamment \u00e0 Concarneau, Plougastel-Daoulas, Quimperl\u00e9 (Finist\u00e8re). A Nantes (Loire-Atlantique), Stereolux a propos\u00e9 une immersion rock \u00ab&nbsp;<strong>pour s\u2019impr\u00e9gner de l\u2019univers graphique de Fabcaro et ses dr\u00f4les de personnages.&nbsp;<\/strong>\u00bb Tandis qu\u2019\u00e0 Montaigu (Vend\u00e9e) et \u00e0 Betton (Ille-&amp;-Vilaine), l&rsquo;exposition-concert \u00ab&nbsp;<em><strong>Un oc\u00e9an d\u2019amour<\/strong><\/em>&nbsp;\u00bb invitait \u00e0 plonger dans l&rsquo;univers de BD. BD Concert aussi \u00e0 Broons (C\u00f4tes d&rsquo;Armor) avec la projection de la BD \u00ab\u00a0<strong>L\u00e0 o\u00f9 vont nos p\u00e8res<\/strong>\u00a0\u00bb de Saun Tan sur les notes d&rsquo;une contrebasse . Des partages aussi \u00e0 Lanester (Morbihan). Des rencontres avec des auteurs normands dans le cadre de l\u2019exposition \u00ab&nbsp;<strong>Les auteurs du coin<\/strong>&nbsp;\u00bb H\u00e9rouville-Saint-Clair (Calvados) ; Aux Champs-Libres de Rennes (Ille-&amp;-Vilaine) , une s\u00e9lection de nouveaut\u00e9s BD, romans graphiques et mangas attendent les avis des lecteurs. M\u00eame initiative dans les Biblioth\u00e8ques de Loud\u00e9ac et \u00e0 Erquy (C\u00f4tes d\u2019Armor) o\u00f9 \u00ab&nbsp;<em>Aficionado ou n\u00e9ophyte sont invit\u00e9s \u00e0 ces rencontres, ouvertes \u00e0 tous&nbsp;<\/em>\u00bb. Pour terminer l\u2019ann\u00e9e 2021, \u00ab&nbsp;<strong><em>des bulles \u00e0 partager&nbsp;<\/em><\/strong>\u00bb ont \u00e9t\u00e9 propos\u00e9 lors d&rsquo;un Ap\u00e9ro BD au Grand-Logis \u00e0 Bruz (Ille-&amp;-Vilaine).  <\/p>\n\n\n\n<figure class=\"wp-block-image size-full\"><img decoding=\"async\" width=\"900\" height=\"600\" src=\"https:\/\/www.infolocale.fr\/blog\/wp-content\/uploads\/2022\/01\/JC_BALAN_StBRIEUC-L900xH600.jpg\" alt=\"\" class=\"wp-image-16945\" srcset=\"https:\/\/infolocale.20minutes.fr\/blog\/wp-content\/uploads\/2022\/01\/JC_BALAN_StBRIEUC-L900xH600.jpg 900w, https:\/\/infolocale.20minutes.fr\/blog\/wp-content\/uploads\/2022\/01\/JC_BALAN_StBRIEUC-L900xH600-300x200.jpg 300w, https:\/\/infolocale.20minutes.fr\/blog\/wp-content\/uploads\/2022\/01\/JC_BALAN_StBRIEUC-L900xH600-768x512.jpg 768w\" sizes=\"(max-width: 900px) 100vw, 900px\" \/><figcaption>Atelier de dessin\/peinture avec Jean-Christophe Balan dans le cadre du Festival <em>Bulles \u00e0 Croquer<\/em> de Saint-Brieuc&nbsp; &#8211; JC_BALAN<\/figcaption><\/figure>\n\n\n\n<h2 class=\"wp-block-heading\">Cr\u00e9er et animer des personnages de BD<\/h2>\n\n\n\n<p>Pour d\u00e9couvrir les codes de cette litt\u00e9rature, des ateliers sont programm\u00e9s pour un apprentissage ludique des bases du dessin et de la couleur comme ci-dessus \u00e0 Saint-Brieuc (C\u00f4tes d&rsquo;Armor). <\/p>\n\n\n\n<p>D&rsquo;autres ateliers &#8211; \u00e0 l&rsquo;aide de BD, mangas, jeux vid\u00e9os comme supports- proposent d&rsquo;appr\u00e9hender les diff\u00e9rentes \u00e9tapes de la conception d&rsquo;une bande dessin\u00e9e : le sc\u00e9nario, le d\u00e9coupage, les recherches graphiques et le crayonn\u00e9, l&rsquo;encrage et la mise en couleur. Les communes de Saint-Brevin et Trignac (Loire-Atlantique), Valognes et Azeville (Manche) Muzillac (Morbihan), Saint-Thurien et Baye (Finist\u00e8re), l&rsquo;Ile de Br\u00e9hat (C\u00f4tes d&rsquo;Armor) ont annonc\u00e9 leurs ateliers sur Infolocale.fr<\/p>\n\n\n\n<div class=\"wp-block-buttons is-content-justification-center is-layout-flex wp-block-buttons-is-layout-flex\">\n<div class=\"wp-block-button\"><a class=\"wp-block-button__link has-luminous-vivid-amber-background-color has-background\" href=\"https:\/\/www.infolocale.fr\/decouvrir\/collectivites\/?int_source=blog&amp;int_medium=banner&amp;int_campaign=blog-content-artcoll\">&gt;&gt; Collectivit\u00e9s : int\u00e9grez l&rsquo;agenda culturel de votre ville sur votre site internet<\/a><\/div>\n<\/div>\n\n\n\n<h2 class=\"wp-block-heading\"> Utiliser le num\u00e9rique pour r\u00e9aliser sa BD<\/h2>\n\n\n\n<p>Les techniques num\u00e9riques pour r\u00e9aliser sa BD sont accessibles. A Loire-Authion (Maine-et-Loire) un auteur invite les dessinateurs en herbe \u00e0 r\u00e9aliser un <a href=\"https:\/\/www.superprof.fr\/blog\/creation-d-un-comic-comment-faire\/\" target=\"_blank\" rel=\"noreferrer noopener\">strip<\/a> -une bande dessin\u00e9e&nbsp;de quelques cases dispos\u00e9es le plus souvent de mani\u00e8re horizontale-. <\/p>\n\n\n\n<p>De nombreuses m\u00e9diath\u00e8ques, notamment \u00e0 Caen (Calvados) proposent une initiation \u00e0 l&rsquo;application gratuite <a href=\"https:\/\/bdnf.bnf.fr\/\" target=\"_blank\" rel=\"noreferrer noopener\">BDnF<\/a> pour cr\u00e9er sa propre BD.<\/p>\n\n\n\n<h2 class=\"wp-block-heading\">Le num\u00e9rique pour jouer<\/h2>\n\n\n\n<p>Le num\u00e9rique \u00e9largit l&rsquo;\u00e9ventail des animations possibles autour de la th\u00e9matique de la BD. Au Pellerin (Loire-Atlantique) : <em>Battle BD<\/em>. Deux dessinateurs s&rsquo;affrontent en direct par dessins interpos\u00e9s sur les th\u00e8mes fournis par les spectateurs.<\/p>\n\n\n\n<p>A Durtal (Maine-et-Loire), l&rsquo;exposition BD-Triller num\u00e9rique et interactive \u00ab\u00a0<em>Lux in T\u00e9n\u00e9bis<\/em>\u00a0\u00bb permet de mener l&rsquo;enqu\u00eate et jouer au d\u00e9tective afin confondre le meurtrier, muni d&rsquo;une tablette et d&rsquo;un casque audio. <\/p>\n","protected":false},"excerpt":{"rendered":"<p>S\u00e9ance de d\u00e9dicaces au Festival Angers BD<\/p>\n","protected":false},"author":8,"featured_media":16953,"comment_status":"open","ping_status":"open","sticky":false,"template":"","format":"standard","meta":{"_coblocks_attr":"","_coblocks_dimensions":"","_coblocks_responsive_height":"","_coblocks_accordion_ie_support":"","_mo_disable_npp":"","footnotes":""},"categories":[6],"tags":[],"class_list":["post-16880","post","type-post","status-publish","format-standard","has-post-thumbnail","hentry","category-actu-acteurs-locaux"],"yoast_head":"<!-- This site is optimized with the Yoast SEO plugin v23.2 - https:\/\/yoast.com\/wordpress\/plugins\/seo\/ -->\n<title>La BD anime vos associations et collectivit\u00e9s |<\/title>\n<meta name=\"description\" content=\"La BD, au service de la lecture, anime les associations et collectivit\u00e9s, pour lesquelles des m\u00e9diath\u00e8ques organisent de nombreux \u00e9v\u00e8nements.\" \/>\n<meta name=\"robots\" content=\"index, follow, max-snippet:-1, max-image-preview:large, max-video-preview:-1\" \/>\n<link rel=\"canonical\" href=\"https:\/\/infolocale.20minutes.fr\/blog\/la-bd-anime-vos-associations-et-collectivites\/\" \/>\n<meta property=\"og:locale\" content=\"fr_FR\" \/>\n<meta property=\"og:type\" content=\"article\" \/>\n<meta property=\"og:title\" content=\"La BD anime vos associations et collectivit\u00e9s |\" \/>\n<meta property=\"og:description\" content=\"La BD, au service de la lecture, anime les associations et collectivit\u00e9s, pour lesquelles des m\u00e9diath\u00e8ques organisent de nombreux \u00e9v\u00e8nements.\" \/>\n<meta property=\"og:url\" content=\"https:\/\/infolocale.20minutes.fr\/blog\/la-bd-anime-vos-associations-et-collectivites\/\" \/>\n<meta property=\"article:publisher\" content=\"https:\/\/www.facebook.com\/infolocaleFR\/\" \/>\n<meta property=\"article:published_time\" content=\"2022-01-10T19:55:09+00:00\" \/>\n<meta property=\"article:modified_time\" content=\"2022-02-07T08:55:35+00:00\" \/>\n<meta property=\"og:image\" content=\"https:\/\/infolocale.20minutes.fr\/blog\/wp-content\/uploads\/2022\/01\/04122021-THI_1929_.jpg\" \/>\n\t<meta property=\"og:image:width\" content=\"900\" \/>\n\t<meta property=\"og:image:height\" content=\"630\" \/>\n\t<meta property=\"og:image:type\" content=\"image\/jpeg\" \/>\n<meta name=\"author\" content=\"Myl\u00e8ne\" \/>\n<meta name=\"twitter:card\" content=\"summary_large_image\" \/>\n<meta name=\"twitter:creator\" content=\"@infolocale\" \/>\n<meta name=\"twitter:site\" content=\"@infolocale\" \/>\n<meta name=\"twitter:label1\" content=\"\u00c9crit par\" \/>\n\t<meta name=\"twitter:data1\" content=\"Myl\u00e8ne\" \/>\n\t<meta name=\"twitter:label2\" content=\"Dur\u00e9e de lecture estim\u00e9e\" \/>\n\t<meta name=\"twitter:data2\" content=\"7 minutes\" \/>\n<script type=\"application\/ld+json\" class=\"yoast-schema-graph\">{\"@context\":\"https:\/\/schema.org\",\"@graph\":[{\"@type\":\"Article\",\"@id\":\"https:\/\/infolocale.20minutes.fr\/blog\/la-bd-anime-vos-associations-et-collectivites\/#article\",\"isPartOf\":{\"@id\":\"https:\/\/infolocale.20minutes.fr\/blog\/la-bd-anime-vos-associations-et-collectivites\/\"},\"author\":{\"name\":\"Myl\u00e8ne\",\"@id\":\"https:\/\/www.infolocale.fr\/blog\/#\/schema\/person\/bf2dc50c6636ffa2ce3e44ef1f9eb97f\"},\"headline\":\"La BD anime vos associations et collectivit\u00e9s\",\"datePublished\":\"2022-01-10T19:55:09+00:00\",\"dateModified\":\"2022-02-07T08:55:35+00:00\",\"mainEntityOfPage\":{\"@id\":\"https:\/\/infolocale.20minutes.fr\/blog\/la-bd-anime-vos-associations-et-collectivites\/\"},\"wordCount\":1374,\"commentCount\":0,\"publisher\":{\"@id\":\"https:\/\/www.infolocale.fr\/blog\/#organization\"},\"image\":{\"@id\":\"https:\/\/infolocale.20minutes.fr\/blog\/la-bd-anime-vos-associations-et-collectivites\/#primaryimage\"},\"thumbnailUrl\":\"https:\/\/infolocale.20minutes.fr\/blog\/wp-content\/uploads\/2022\/01\/04122021-THI_1929_.jpg\",\"articleSection\":[\"En ce moment\"],\"inLanguage\":\"fr-FR\",\"potentialAction\":[{\"@type\":\"CommentAction\",\"name\":\"Comment\",\"target\":[\"https:\/\/infolocale.20minutes.fr\/blog\/la-bd-anime-vos-associations-et-collectivites\/#respond\"]}]},{\"@type\":\"WebPage\",\"@id\":\"https:\/\/infolocale.20minutes.fr\/blog\/la-bd-anime-vos-associations-et-collectivites\/\",\"url\":\"https:\/\/infolocale.20minutes.fr\/blog\/la-bd-anime-vos-associations-et-collectivites\/\",\"name\":\"La BD anime vos associations et collectivit\u00e9s |\",\"isPartOf\":{\"@id\":\"https:\/\/www.infolocale.fr\/blog\/#website\"},\"primaryImageOfPage\":{\"@id\":\"https:\/\/infolocale.20minutes.fr\/blog\/la-bd-anime-vos-associations-et-collectivites\/#primaryimage\"},\"image\":{\"@id\":\"https:\/\/infolocale.20minutes.fr\/blog\/la-bd-anime-vos-associations-et-collectivites\/#primaryimage\"},\"thumbnailUrl\":\"https:\/\/infolocale.20minutes.fr\/blog\/wp-content\/uploads\/2022\/01\/04122021-THI_1929_.jpg\",\"datePublished\":\"2022-01-10T19:55:09+00:00\",\"dateModified\":\"2022-02-07T08:55:35+00:00\",\"description\":\"La BD, au service de la lecture, anime les associations et collectivit\u00e9s, pour lesquelles des m\u00e9diath\u00e8ques organisent de nombreux \u00e9v\u00e8nements.\",\"breadcrumb\":{\"@id\":\"https:\/\/infolocale.20minutes.fr\/blog\/la-bd-anime-vos-associations-et-collectivites\/#breadcrumb\"},\"inLanguage\":\"fr-FR\",\"potentialAction\":[{\"@type\":\"ReadAction\",\"target\":[\"https:\/\/infolocale.20minutes.fr\/blog\/la-bd-anime-vos-associations-et-collectivites\/\"]}]},{\"@type\":\"ImageObject\",\"inLanguage\":\"fr-FR\",\"@id\":\"https:\/\/infolocale.20minutes.fr\/blog\/la-bd-anime-vos-associations-et-collectivites\/#primaryimage\",\"url\":\"https:\/\/infolocale.20minutes.fr\/blog\/wp-content\/uploads\/2022\/01\/04122021-THI_1929_.jpg\",\"contentUrl\":\"https:\/\/infolocale.20minutes.fr\/blog\/wp-content\/uploads\/2022\/01\/04122021-THI_1929_.jpg\",\"width\":900,\"height\":630},{\"@type\":\"BreadcrumbList\",\"@id\":\"https:\/\/infolocale.20minutes.fr\/blog\/la-bd-anime-vos-associations-et-collectivites\/#breadcrumb\",\"itemListElement\":[{\"@type\":\"ListItem\",\"position\":1,\"name\":\"Blog\",\"item\":\"https:\/\/infolocale.ouest-france.fr\/blog\/\"},{\"@type\":\"ListItem\",\"position\":2,\"name\":\"En ce moment\",\"item\":\"https:\/\/infolocale.20minutes.fr\/blog\/cat\/actu-acteurs-locaux\/\"},{\"@type\":\"ListItem\",\"position\":3,\"name\":\"La BD anime vos associations et collectivit\u00e9s\"}]},{\"@type\":\"WebSite\",\"@id\":\"https:\/\/www.infolocale.fr\/blog\/#website\",\"url\":\"https:\/\/www.infolocale.fr\/blog\/\",\"name\":\"\",\"description\":\"\",\"publisher\":{\"@id\":\"https:\/\/www.infolocale.fr\/blog\/#organization\"},\"potentialAction\":[{\"@type\":\"SearchAction\",\"target\":{\"@type\":\"EntryPoint\",\"urlTemplate\":\"https:\/\/www.infolocale.fr\/blog\/?s={search_term_string}\"},\"query-input\":\"required name=search_term_string\"}],\"inLanguage\":\"fr-FR\"},{\"@type\":\"Organization\",\"@id\":\"https:\/\/www.infolocale.fr\/blog\/#organization\",\"name\":\"Infolocale\",\"url\":\"https:\/\/www.infolocale.fr\/blog\/\",\"logo\":{\"@type\":\"ImageObject\",\"inLanguage\":\"fr-FR\",\"@id\":\"https:\/\/www.infolocale.fr\/blog\/#\/schema\/logo\/image\/\",\"url\":\"https:\/\/www.infolocale.fr\/blog\/wp-content\/uploads\/2020\/11\/logol.jpg\",\"contentUrl\":\"https:\/\/www.infolocale.fr\/blog\/wp-content\/uploads\/2020\/11\/logol.jpg\",\"width\":1031,\"height\":398,\"caption\":\"Infolocale\"},\"image\":{\"@id\":\"https:\/\/www.infolocale.fr\/blog\/#\/schema\/logo\/image\/\"},\"sameAs\":[\"https:\/\/www.facebook.com\/infolocaleFR\/\",\"https:\/\/x.com\/infolocale\",\"https:\/\/www.instagram.com\/infolocale\/\",\"https:\/\/fr.linkedin.com\/company\/infolocale\",\"https:\/\/www.youtube.com\/channel\/UCnv4FA8EYEuu_si3TGr7xeA\"]},{\"@type\":\"Person\",\"@id\":\"https:\/\/www.infolocale.fr\/blog\/#\/schema\/person\/bf2dc50c6636ffa2ce3e44ef1f9eb97f\",\"name\":\"Myl\u00e8ne\",\"image\":{\"@type\":\"ImageObject\",\"inLanguage\":\"fr-FR\",\"@id\":\"https:\/\/www.infolocale.fr\/blog\/#\/schema\/person\/image\/\",\"url\":\"https:\/\/secure.gravatar.com\/avatar\/49511f0ea4b41ed3062b218e30f07042?s=96&d=mm&r=g\",\"contentUrl\":\"https:\/\/secure.gravatar.com\/avatar\/49511f0ea4b41ed3062b218e30f07042?s=96&d=mm&r=g\",\"caption\":\"Myl\u00e8ne\"},\"url\":\"https:\/\/infolocale.20minutes.fr\/blog\/author\/mylene-michel\/\"}]}<\/script>\n<!-- \/ Yoast SEO plugin. -->","yoast_head_json":{"title":"La BD anime vos associations et collectivit\u00e9s |","description":"La BD, au service de la lecture, anime les associations et collectivit\u00e9s, pour lesquelles des m\u00e9diath\u00e8ques organisent de nombreux \u00e9v\u00e8nements.","robots":{"index":"index","follow":"follow","max-snippet":"max-snippet:-1","max-image-preview":"max-image-preview:large","max-video-preview":"max-video-preview:-1"},"canonical":"https:\/\/infolocale.20minutes.fr\/blog\/la-bd-anime-vos-associations-et-collectivites\/","og_locale":"fr_FR","og_type":"article","og_title":"La BD anime vos associations et collectivit\u00e9s |","og_description":"La BD, au service de la lecture, anime les associations et collectivit\u00e9s, pour lesquelles des m\u00e9diath\u00e8ques organisent de nombreux \u00e9v\u00e8nements.","og_url":"https:\/\/infolocale.20minutes.fr\/blog\/la-bd-anime-vos-associations-et-collectivites\/","article_publisher":"https:\/\/www.facebook.com\/infolocaleFR\/","article_published_time":"2022-01-10T19:55:09+00:00","article_modified_time":"2022-02-07T08:55:35+00:00","og_image":[{"width":900,"height":630,"url":"https:\/\/infolocale.20minutes.fr\/blog\/wp-content\/uploads\/2022\/01\/04122021-THI_1929_.jpg","type":"image\/jpeg"}],"author":"Myl\u00e8ne","twitter_card":"summary_large_image","twitter_creator":"@infolocale","twitter_site":"@infolocale","twitter_misc":{"\u00c9crit par":"Myl\u00e8ne","Dur\u00e9e de lecture estim\u00e9e":"7 minutes"},"schema":{"@context":"https:\/\/schema.org","@graph":[{"@type":"Article","@id":"https:\/\/infolocale.20minutes.fr\/blog\/la-bd-anime-vos-associations-et-collectivites\/#article","isPartOf":{"@id":"https:\/\/infolocale.20minutes.fr\/blog\/la-bd-anime-vos-associations-et-collectivites\/"},"author":{"name":"Myl\u00e8ne","@id":"https:\/\/www.infolocale.fr\/blog\/#\/schema\/person\/bf2dc50c6636ffa2ce3e44ef1f9eb97f"},"headline":"La BD anime vos associations et collectivit\u00e9s","datePublished":"2022-01-10T19:55:09+00:00","dateModified":"2022-02-07T08:55:35+00:00","mainEntityOfPage":{"@id":"https:\/\/infolocale.20minutes.fr\/blog\/la-bd-anime-vos-associations-et-collectivites\/"},"wordCount":1374,"commentCount":0,"publisher":{"@id":"https:\/\/www.infolocale.fr\/blog\/#organization"},"image":{"@id":"https:\/\/infolocale.20minutes.fr\/blog\/la-bd-anime-vos-associations-et-collectivites\/#primaryimage"},"thumbnailUrl":"https:\/\/infolocale.20minutes.fr\/blog\/wp-content\/uploads\/2022\/01\/04122021-THI_1929_.jpg","articleSection":["En ce moment"],"inLanguage":"fr-FR","potentialAction":[{"@type":"CommentAction","name":"Comment","target":["https:\/\/infolocale.20minutes.fr\/blog\/la-bd-anime-vos-associations-et-collectivites\/#respond"]}]},{"@type":"WebPage","@id":"https:\/\/infolocale.20minutes.fr\/blog\/la-bd-anime-vos-associations-et-collectivites\/","url":"https:\/\/infolocale.20minutes.fr\/blog\/la-bd-anime-vos-associations-et-collectivites\/","name":"La BD anime vos associations et collectivit\u00e9s |","isPartOf":{"@id":"https:\/\/www.infolocale.fr\/blog\/#website"},"primaryImageOfPage":{"@id":"https:\/\/infolocale.20minutes.fr\/blog\/la-bd-anime-vos-associations-et-collectivites\/#primaryimage"},"image":{"@id":"https:\/\/infolocale.20minutes.fr\/blog\/la-bd-anime-vos-associations-et-collectivites\/#primaryimage"},"thumbnailUrl":"https:\/\/infolocale.20minutes.fr\/blog\/wp-content\/uploads\/2022\/01\/04122021-THI_1929_.jpg","datePublished":"2022-01-10T19:55:09+00:00","dateModified":"2022-02-07T08:55:35+00:00","description":"La BD, au service de la lecture, anime les associations et collectivit\u00e9s, pour lesquelles des m\u00e9diath\u00e8ques organisent de nombreux \u00e9v\u00e8nements.","breadcrumb":{"@id":"https:\/\/infolocale.20minutes.fr\/blog\/la-bd-anime-vos-associations-et-collectivites\/#breadcrumb"},"inLanguage":"fr-FR","potentialAction":[{"@type":"ReadAction","target":["https:\/\/infolocale.20minutes.fr\/blog\/la-bd-anime-vos-associations-et-collectivites\/"]}]},{"@type":"ImageObject","inLanguage":"fr-FR","@id":"https:\/\/infolocale.20minutes.fr\/blog\/la-bd-anime-vos-associations-et-collectivites\/#primaryimage","url":"https:\/\/infolocale.20minutes.fr\/blog\/wp-content\/uploads\/2022\/01\/04122021-THI_1929_.jpg","contentUrl":"https:\/\/infolocale.20minutes.fr\/blog\/wp-content\/uploads\/2022\/01\/04122021-THI_1929_.jpg","width":900,"height":630},{"@type":"BreadcrumbList","@id":"https:\/\/infolocale.20minutes.fr\/blog\/la-bd-anime-vos-associations-et-collectivites\/#breadcrumb","itemListElement":[{"@type":"ListItem","position":1,"name":"Blog","item":"https:\/\/infolocale.ouest-france.fr\/blog\/"},{"@type":"ListItem","position":2,"name":"En ce moment","item":"https:\/\/infolocale.20minutes.fr\/blog\/cat\/actu-acteurs-locaux\/"},{"@type":"ListItem","position":3,"name":"La BD anime vos associations et collectivit\u00e9s"}]},{"@type":"WebSite","@id":"https:\/\/www.infolocale.fr\/blog\/#website","url":"https:\/\/www.infolocale.fr\/blog\/","name":"","description":"","publisher":{"@id":"https:\/\/www.infolocale.fr\/blog\/#organization"},"potentialAction":[{"@type":"SearchAction","target":{"@type":"EntryPoint","urlTemplate":"https:\/\/www.infolocale.fr\/blog\/?s={search_term_string}"},"query-input":"required name=search_term_string"}],"inLanguage":"fr-FR"},{"@type":"Organization","@id":"https:\/\/www.infolocale.fr\/blog\/#organization","name":"Infolocale","url":"https:\/\/www.infolocale.fr\/blog\/","logo":{"@type":"ImageObject","inLanguage":"fr-FR","@id":"https:\/\/www.infolocale.fr\/blog\/#\/schema\/logo\/image\/","url":"https:\/\/www.infolocale.fr\/blog\/wp-content\/uploads\/2020\/11\/logol.jpg","contentUrl":"https:\/\/www.infolocale.fr\/blog\/wp-content\/uploads\/2020\/11\/logol.jpg","width":1031,"height":398,"caption":"Infolocale"},"image":{"@id":"https:\/\/www.infolocale.fr\/blog\/#\/schema\/logo\/image\/"},"sameAs":["https:\/\/www.facebook.com\/infolocaleFR\/","https:\/\/x.com\/infolocale","https:\/\/www.instagram.com\/infolocale\/","https:\/\/fr.linkedin.com\/company\/infolocale","https:\/\/www.youtube.com\/channel\/UCnv4FA8EYEuu_si3TGr7xeA"]},{"@type":"Person","@id":"https:\/\/www.infolocale.fr\/blog\/#\/schema\/person\/bf2dc50c6636ffa2ce3e44ef1f9eb97f","name":"Myl\u00e8ne","image":{"@type":"ImageObject","inLanguage":"fr-FR","@id":"https:\/\/www.infolocale.fr\/blog\/#\/schema\/person\/image\/","url":"https:\/\/secure.gravatar.com\/avatar\/49511f0ea4b41ed3062b218e30f07042?s=96&d=mm&r=g","contentUrl":"https:\/\/secure.gravatar.com\/avatar\/49511f0ea4b41ed3062b218e30f07042?s=96&d=mm&r=g","caption":"Myl\u00e8ne"},"url":"https:\/\/infolocale.20minutes.fr\/blog\/author\/mylene-michel\/"}]}},"_links":{"self":[{"href":"https:\/\/infolocale.20minutes.fr\/blog\/wp-json\/wp\/v2\/posts\/16880"}],"collection":[{"href":"https:\/\/infolocale.20minutes.fr\/blog\/wp-json\/wp\/v2\/posts"}],"about":[{"href":"https:\/\/infolocale.20minutes.fr\/blog\/wp-json\/wp\/v2\/types\/post"}],"author":[{"embeddable":true,"href":"https:\/\/infolocale.20minutes.fr\/blog\/wp-json\/wp\/v2\/users\/8"}],"replies":[{"embeddable":true,"href":"https:\/\/infolocale.20minutes.fr\/blog\/wp-json\/wp\/v2\/comments?post=16880"}],"version-history":[{"count":0,"href":"https:\/\/infolocale.20minutes.fr\/blog\/wp-json\/wp\/v2\/posts\/16880\/revisions"}],"wp:featuredmedia":[{"embeddable":true,"href":"https:\/\/infolocale.20minutes.fr\/blog\/wp-json\/wp\/v2\/media\/16953"}],"wp:attachment":[{"href":"https:\/\/infolocale.20minutes.fr\/blog\/wp-json\/wp\/v2\/media?parent=16880"}],"wp:term":[{"taxonomy":"category","embeddable":true,"href":"https:\/\/infolocale.20minutes.fr\/blog\/wp-json\/wp\/v2\/categories?post=16880"},{"taxonomy":"post_tag","embeddable":true,"href":"https:\/\/infolocale.20minutes.fr\/blog\/wp-json\/wp\/v2\/tags?post=16880"}],"curies":[{"name":"wp","href":"https:\/\/api.w.org\/{rel}","templated":true}]}}