{"id":1683,"date":"2020-05-25T10:35:41","date_gmt":"2020-05-25T09:35:41","guid":{"rendered":"http:\/\/infolocale.data.blog\/?p=1683"},"modified":"2021-10-27T17:41:31","modified_gmt":"2021-10-27T15:41:31","slug":"president-francebenevolat-35-rene-melou","status":"publish","type":"post","link":"https:\/\/infolocale.20minutes.fr\/blog\/president-francebenevolat-35-rene-melou\/","title":{"rendered":"Ren\u00e9 M\u00e9lou pr\u00e9sident de France B\u00e9n\u00e9volat 35"},"content":{"rendered":"\n<div class=\"wp-block-columns alignfull is-layout-flex wp-container-core-columns-is-layout-1 wp-block-columns-is-layout-flex\">\n<div class=\"wp-block-column is-layout-flow wp-block-column-is-layout-flow\" style=\"flex-basis:100%\">\n<h2 class=\"has-text-align-left wp-block-heading\">Construire une mission dans une association pour un b\u00e9n\u00e9vole<\/h2>\n\n\n\n<p class=\"has-text-align-left has-background has-normal-font-size\" style=\"background-color:#ffffff;line-height:2\">Ren\u00e9 M\u00e9lou, pr\u00e9sident depuis 2015, a d\u2019abord \u00e9t\u00e9 membre du conseil d\u2019administration. Alors qu\u2019il continuait son engagement b\u00e9n\u00e9vole dans la protection de l\u2019enfance, il y assumait des responsabilit\u00e9s d\u00e9partementales. Salari\u00e9 bancaire, il a d\u00e9cid\u00e9 de mettre \u00e0 disposition du monde associatif les quatre heures lib\u00e9r\u00e9es dans le cadre de la Loi Aubry, en 2000.&nbsp; Attir\u00e9 par le juridique, l\u2019enfant, l\u2019injustice l\u2019insupporte. Son engagement sera donc pour la Protection Enfance et Partage. Il y met \u00e0 disposition son envie, sa force !<\/p>\n\n\n\n<p class=\"has-text-align-justify has-background has-normal-font-size\" style=\"background-color:#ffffff;line-height:2\">L\u2019association <a href=\"https:\/\/www.francebenevolat.org\/\" target=\"_blank\" rel=\"noreferrer noopener\">France B\u00e9n\u00e9volat<\/a> Ille-et-Vilaine fonctionne avec&nbsp;20 membres, dont deux m\u00e9c\u00e9nats de comp\u00e9tence (50 % du temps consacr\u00e9 \u00e0 France B\u00e9n\u00e9volat, 50 % dans l\u2019entreprise du salari\u00e9, mis \u00e0 disposition). Leurs activit\u00e9s totalisent presque 10 000 heures, soit cinq \u00e9quivalents \u00e0 temps plein.<\/p>\n\n\n\n<p class=\"has-text-align-justify has-background has-normal-font-size\" style=\"background-color:#ffffff;line-height:2\">France B\u00e9n\u00e9volat 35 compte 200 associations adh\u00e9rentes. Ces derni\u00e8res repr\u00e9sentent les principales ressources de l\u2019association. Le montant de l\u2019adh\u00e9sion des associations est de 40 \u20ac\/an.<\/p>\n\n\n\n<p class=\"has-text-align-justify has-background has-normal-font-size\" style=\"background-color:#ffffff;line-height:2\">France B\u00e9n\u00e9volat 35 organise&nbsp;des conf\u00e9rences, assure des permanences dans des salons, des forums, intervient dans divers domaines. Elle r\u00e9alise des interventions de promotion du b\u00e9n\u00e9volat et des formations sous forme de prestations: entre autres exemples: Ville de Rennes, CARSAT Bretagne, SRIAS Bretagne (Action Sociale de tous les agents publics de l&rsquo;\u00c9tat), INRAE, CNIEG (Caisse Nationale des Industries \u00c9lectriques et Gazi\u00e8res). FB 35 intervient \u00e9galement dans les entreprises dans le cadre de formation de pr\u00e9paration \u00e0 la retraite. Elle assume ainsi parfaitement son r\u00f4le de&nbsp; \u00ab <strong>Ressource au service du citoyen mise au service des collectivit\u00e9s, donc des institutions <\/strong>\u00bb.<\/p>\n\n\n\n<p class=\"has-text-align-justify has-background has-normal-font-size\" style=\"background-color:#ffffff;line-height:2\">FB 35 appartient aux commissions&nbsp; HANDICAP et REFUGIES de France B\u00e9n\u00e9volat national. Elle participe au d\u00e9veloppement de ces d\u00e9marches, gr\u00e2ce \u00e0 son partage d\u2019exp\u00e9rience.<\/p>\n\n\n\n<h2 class=\"has-text-align-left wp-block-heading\">Comment France B\u00e9n\u00e9volat recrute des b\u00e9n\u00e9voles ?<\/h2>\n\n\n\n<p class=\"has-text-align-justify has-background has-normal-font-size\" style=\"background-color:#ffffff;line-height:2\">La r\u00e9daction des fiches missions \u00ab <strong>Construire une mission ensemble<\/strong> \u00bb lors de la rencontre avec les associations amorce l\u2019action. Le future b\u00e9n\u00e9vole et ses comp\u00e9tences doivent \u00eatre en ad\u00e9quation avec les besoins de l\u2019association. Ce sont en majorit\u00e9 les retrait\u00e9s qui s\u2019inscrivent dans la dur\u00e9e.<\/p>\n\n\n\n<p class=\"has-text-align-left\"><strong>Comme en entreprise, les crit\u00e8res retenus par Ren\u00e9 M\u00e9lou et son \u00e9quipe sont :<\/strong><\/p>\n\n\n\n<ol class=\"wp-block-list\"><li><strong>L\u2019envie<\/strong><\/li><li><strong>La dur\u00e9e de l\u2019investissement&nbsp;: <\/strong>6 mois d\u2019investissement sont n\u00e9cessaires &nbsp;pour la communication<\/li><li><strong>Les<\/strong> <strong>exigences du \u00ab\u00a0poste\u00a0\u00bb:<\/strong> \u00eatre \u00e0 l\u2019aise avec l\u2019informatique. Obligation d\u2019aller dans le cadre de l\u2019activit\u00e9.<\/li><li><strong>Spontan\u00e9it\u00e9<\/strong><\/li><li><strong>Motivation<\/strong> : envie de s\u2019investir dans l\u2019associatif<\/li><li><strong>V\u00e9rit\u00e9 :<\/strong> transparence, notamment sur les dispositions r\u00e9elles.<\/li><\/ol>\n\n\n\n<p class=\"has-text-align-justify has-background has-normal-font-size\" style=\"background-color:#ffffff;line-height:2\">(Ren\u00e9 M\u00e9lou se r\u00e9jouit de la capacit\u00e9 du b\u00e9n\u00e9volat \u00e0 valoriser les exp\u00e9riences b\u00e9n\u00e9voles. Mise en pratique de l\u2019apport th\u00e9orique.&nbsp; De plus en plus d\u2019actifs s\u2019engagent dans le b\u00e9n\u00e9volat, parfois \u00e0 temps plein. )<\/p>\n\n\n\n<p class=\"has-text-align-justify has-background has-normal-font-size\" style=\"background-color:#ffffff;line-height:2\">Si le fonctionnement des associations les rend accessibles aux heures de bureau, elles r\u00e9fl\u00e9chissent \u00e0 proposer des activit\u00e9s hors de ces plages. Les \u00e9tudiants peuvent \u00eatre disponibles en soir\u00e9e et&nbsp;le week-end, des plages horaires justement recherch\u00e9es par les festivals et les EPHAD. Ren\u00e9 M\u00e9lou rappelle la n\u00e9cessit\u00e9 de distinguer b\u00e9n\u00e9voles et salari\u00e9s. Les b\u00e9n\u00e9voles n&rsquo;ont pas d&rsquo;horaires impos\u00e9s, par exemple. D\u2019o\u00f9 la cr\u00e9ation par France B\u00e9n\u00e9volat de la Convention Engagement b\u00e9n\u00e9voles. <\/p>\n\n\n\n<p>Ren\u00e9 M\u00e9lou synth\u00e9tise le b\u00e9n\u00e9volat par&nbsp;le slogan :<\/p>\n\n\n\n<ol class=\"wp-block-list\"><li>Plaisir : doit \u00eatre r\u00e9el dans les diff\u00e9rentes missions des b\u00e9n\u00e9voles.  \u00abLe monde associatif devrait \u00eatre du plaisir. S\u2019il n\u2019y a plus de plaisir, mieux vaut le quitter. \u00bb<\/li><li>Lien social<\/li><li>Utilit\u00e9 : se sentir utile \u00e0 tout \u00e2ge, besoin plus prononc\u00e9 lors du d\u00e9part \u00e0 la retraite<\/li><li>Sens : donner du sens \u00e0 sa vie<\/li><\/ol>\n\n\n\n<p><\/p>\n<\/div>\n<\/div>\n\n\n\n<figure class=\"wp-block-image size-large\"><a href=\"https:\/\/s.infolocale.fr\/?utm_source=blog&amp;utm_medium=banner&amp;utm_campaign=blog-contents\"><img fetchpriority=\"high\" decoding=\"async\" width=\"908\" height=\"196\" src=\"https:\/\/www.infolocale.fr\/blog\/wp-content\/uploads\/2021\/02\/Banniere_evenement.png\" alt=\"\" class=\"wp-image-5949\" srcset=\"https:\/\/infolocale.20minutes.fr\/blog\/wp-content\/uploads\/2021\/02\/Banniere_evenement.png 908w, https:\/\/infolocale.20minutes.fr\/blog\/wp-content\/uploads\/2021\/02\/Banniere_evenement-300x65.png 300w, https:\/\/infolocale.20minutes.fr\/blog\/wp-content\/uploads\/2021\/02\/Banniere_evenement-768x166.png 768w, https:\/\/infolocale.20minutes.fr\/blog\/wp-content\/uploads\/2021\/02\/Banniere_evenement-278x60.png 278w\" sizes=\"(max-width: 908px) 100vw, 908px\" \/><\/a><\/figure>\n\n\n\n<p><\/p>\n","protected":false},"excerpt":{"rendered":"<p>Construire une mission dans une association pour un b\u00e9n\u00e9vole Ren\u00e9 M\u00e9lou, pr\u00e9sident depuis 2015, a d\u2019abord \u00e9t\u00e9 membre du conseil d\u2019administration. Alors qu\u2019il continuait son [&hellip;]<\/p>\n","protected":false},"author":8,"featured_media":7610,"comment_status":"open","ping_status":"open","sticky":false,"template":"","format":"standard","meta":{"_coblocks_attr":"","_coblocks_dimensions":"","_coblocks_responsive_height":"","_coblocks_accordion_ie_support":"","_mo_disable_npp":"","footnotes":""},"categories":[6,8],"tags":[45],"class_list":["post-1683","post","type-post","status-publish","format-standard","has-post-thumbnail","hentry","category-actu-acteurs-locaux","category-acteurs-locaux","tag-portraits"],"yoast_head":"<!-- This site is optimized with the Yoast SEO plugin v23.2 - https:\/\/yoast.com\/wordpress\/plugins\/seo\/ -->\n<title>Ren\u00e9 M\u00e9lou pr\u00e9sident de France B\u00e9n\u00e9volat 35 |<\/title>\n<meta name=\"description\" content=\"\u00abLe monde associatif devrait \u00eatre du plaisir. \u00bb. Ren\u00e9 M\u00e9lou, pr\u00e9sident de France B\u00e9n\u00e9volat Ille-Et-Vilaine depuis 2015, livre son t\u00e9moignage \u00e0 Infolocale.\" \/>\n<meta name=\"robots\" content=\"index, follow, max-snippet:-1, max-image-preview:large, max-video-preview:-1\" \/>\n<link rel=\"canonical\" href=\"https:\/\/infolocale.ouest-france.fr\/blog\/president-francebenevolat-35-rene-melou\/\" \/>\n<meta property=\"og:locale\" content=\"fr_FR\" \/>\n<meta property=\"og:type\" content=\"article\" \/>\n<meta property=\"og:title\" content=\"Ren\u00e9 M\u00e9lou pr\u00e9sident de France B\u00e9n\u00e9volat 35 |\" \/>\n<meta property=\"og:description\" content=\"\u00abLe monde associatif devrait \u00eatre du plaisir. \u00bb. Ren\u00e9 M\u00e9lou, pr\u00e9sident de France B\u00e9n\u00e9volat Ille-Et-Vilaine depuis 2015, livre son t\u00e9moignage \u00e0 Infolocale.\" \/>\n<meta property=\"og:url\" content=\"https:\/\/infolocale.ouest-france.fr\/blog\/president-francebenevolat-35-rene-melou\/\" \/>\n<meta property=\"article:publisher\" content=\"https:\/\/www.facebook.com\/infolocaleFR\/\" \/>\n<meta property=\"article:published_time\" content=\"2020-05-25T09:35:41+00:00\" \/>\n<meta property=\"article:modified_time\" content=\"2021-10-27T15:41:31+00:00\" \/>\n<meta property=\"og:image\" content=\"https:\/\/infolocale.ouest-france.fr\/blog\/wp-content\/uploads\/2020\/05\/Rene-melou.jpg\" \/>\n\t<meta property=\"og:image:width\" content=\"964\" \/>\n\t<meta property=\"og:image:height\" content=\"630\" \/>\n\t<meta property=\"og:image:type\" content=\"image\/jpeg\" \/>\n<meta name=\"author\" content=\"Myl\u00e8ne\" \/>\n<meta name=\"twitter:card\" content=\"summary_large_image\" \/>\n<meta name=\"twitter:creator\" content=\"@infolocale\" \/>\n<meta name=\"twitter:site\" content=\"@infolocale\" \/>\n<meta name=\"twitter:label1\" content=\"\u00c9crit par\" \/>\n\t<meta name=\"twitter:data1\" content=\"Myl\u00e8ne\" \/>\n\t<meta name=\"twitter:label2\" content=\"Dur\u00e9e de lecture estim\u00e9e\" \/>\n\t<meta name=\"twitter:data2\" content=\"3 minutes\" \/>\n<script type=\"application\/ld+json\" class=\"yoast-schema-graph\">{\"@context\":\"https:\/\/schema.org\",\"@graph\":[{\"@type\":\"Article\",\"@id\":\"https:\/\/infolocale.ouest-france.fr\/blog\/president-francebenevolat-35-rene-melou\/#article\",\"isPartOf\":{\"@id\":\"https:\/\/infolocale.ouest-france.fr\/blog\/president-francebenevolat-35-rene-melou\/\"},\"author\":{\"name\":\"Myl\u00e8ne\",\"@id\":\"https:\/\/www.infolocale.fr\/blog\/#\/schema\/person\/bf2dc50c6636ffa2ce3e44ef1f9eb97f\"},\"headline\":\"Ren\u00e9 M\u00e9lou pr\u00e9sident de France B\u00e9n\u00e9volat 35\",\"datePublished\":\"2020-05-25T09:35:41+00:00\",\"dateModified\":\"2021-10-27T15:41:31+00:00\",\"mainEntityOfPage\":{\"@id\":\"https:\/\/infolocale.ouest-france.fr\/blog\/president-francebenevolat-35-rene-melou\/\"},\"wordCount\":667,\"commentCount\":0,\"publisher\":{\"@id\":\"https:\/\/www.infolocale.fr\/blog\/#organization\"},\"image\":{\"@id\":\"https:\/\/infolocale.ouest-france.fr\/blog\/president-francebenevolat-35-rene-melou\/#primaryimage\"},\"thumbnailUrl\":\"https:\/\/infolocale.20minutes.fr\/blog\/wp-content\/uploads\/2020\/05\/Rene-melou.jpg\",\"keywords\":[\"Portraits\"],\"articleSection\":[\"En ce moment\",\"Portraits\"],\"inLanguage\":\"fr-FR\",\"potentialAction\":[{\"@type\":\"CommentAction\",\"name\":\"Comment\",\"target\":[\"https:\/\/infolocale.ouest-france.fr\/blog\/president-francebenevolat-35-rene-melou\/#respond\"]}]},{\"@type\":\"WebPage\",\"@id\":\"https:\/\/infolocale.ouest-france.fr\/blog\/president-francebenevolat-35-rene-melou\/\",\"url\":\"https:\/\/infolocale.ouest-france.fr\/blog\/president-francebenevolat-35-rene-melou\/\",\"name\":\"Ren\u00e9 M\u00e9lou pr\u00e9sident de France B\u00e9n\u00e9volat 35 |\",\"isPartOf\":{\"@id\":\"https:\/\/www.infolocale.fr\/blog\/#website\"},\"primaryImageOfPage\":{\"@id\":\"https:\/\/infolocale.ouest-france.fr\/blog\/president-francebenevolat-35-rene-melou\/#primaryimage\"},\"image\":{\"@id\":\"https:\/\/infolocale.ouest-france.fr\/blog\/president-francebenevolat-35-rene-melou\/#primaryimage\"},\"thumbnailUrl\":\"https:\/\/infolocale.20minutes.fr\/blog\/wp-content\/uploads\/2020\/05\/Rene-melou.jpg\",\"datePublished\":\"2020-05-25T09:35:41+00:00\",\"dateModified\":\"2021-10-27T15:41:31+00:00\",\"description\":\"\u00abLe monde associatif devrait \u00eatre du plaisir. \u00bb. Ren\u00e9 M\u00e9lou, pr\u00e9sident de France B\u00e9n\u00e9volat Ille-Et-Vilaine depuis 2015, livre son t\u00e9moignage \u00e0 Infolocale.\",\"breadcrumb\":{\"@id\":\"https:\/\/infolocale.ouest-france.fr\/blog\/president-francebenevolat-35-rene-melou\/#breadcrumb\"},\"inLanguage\":\"fr-FR\",\"potentialAction\":[{\"@type\":\"ReadAction\",\"target\":[\"https:\/\/infolocale.ouest-france.fr\/blog\/president-francebenevolat-35-rene-melou\/\"]}]},{\"@type\":\"ImageObject\",\"inLanguage\":\"fr-FR\",\"@id\":\"https:\/\/infolocale.ouest-france.fr\/blog\/president-francebenevolat-35-rene-melou\/#primaryimage\",\"url\":\"https:\/\/infolocale.20minutes.fr\/blog\/wp-content\/uploads\/2020\/05\/Rene-melou.jpg\",\"contentUrl\":\"https:\/\/infolocale.20minutes.fr\/blog\/wp-content\/uploads\/2020\/05\/Rene-melou.jpg\",\"width\":964,\"height\":630},{\"@type\":\"BreadcrumbList\",\"@id\":\"https:\/\/infolocale.ouest-france.fr\/blog\/president-francebenevolat-35-rene-melou\/#breadcrumb\",\"itemListElement\":[{\"@type\":\"ListItem\",\"position\":1,\"name\":\"Blog\",\"item\":\"https:\/\/infolocale.ouest-france.fr\/blog\/\"},{\"@type\":\"ListItem\",\"position\":2,\"name\":\"Portraits\",\"item\":\"https:\/\/infolocale.20minutes.fr\/blog\/cat\/acteurs-locaux\/\"},{\"@type\":\"ListItem\",\"position\":3,\"name\":\"Ren\u00e9 M\u00e9lou pr\u00e9sident de France B\u00e9n\u00e9volat 35\"}]},{\"@type\":\"WebSite\",\"@id\":\"https:\/\/www.infolocale.fr\/blog\/#website\",\"url\":\"https:\/\/www.infolocale.fr\/blog\/\",\"name\":\"\",\"description\":\"\",\"publisher\":{\"@id\":\"https:\/\/www.infolocale.fr\/blog\/#organization\"},\"potentialAction\":[{\"@type\":\"SearchAction\",\"target\":{\"@type\":\"EntryPoint\",\"urlTemplate\":\"https:\/\/www.infolocale.fr\/blog\/?s={search_term_string}\"},\"query-input\":\"required name=search_term_string\"}],\"inLanguage\":\"fr-FR\"},{\"@type\":\"Organization\",\"@id\":\"https:\/\/www.infolocale.fr\/blog\/#organization\",\"name\":\"Infolocale\",\"url\":\"https:\/\/www.infolocale.fr\/blog\/\",\"logo\":{\"@type\":\"ImageObject\",\"inLanguage\":\"fr-FR\",\"@id\":\"https:\/\/www.infolocale.fr\/blog\/#\/schema\/logo\/image\/\",\"url\":\"https:\/\/www.infolocale.fr\/blog\/wp-content\/uploads\/2020\/11\/logol.jpg\",\"contentUrl\":\"https:\/\/www.infolocale.fr\/blog\/wp-content\/uploads\/2020\/11\/logol.jpg\",\"width\":1031,\"height\":398,\"caption\":\"Infolocale\"},\"image\":{\"@id\":\"https:\/\/www.infolocale.fr\/blog\/#\/schema\/logo\/image\/\"},\"sameAs\":[\"https:\/\/www.facebook.com\/infolocaleFR\/\",\"https:\/\/x.com\/infolocale\",\"https:\/\/www.instagram.com\/infolocale\/\",\"https:\/\/fr.linkedin.com\/company\/infolocale\",\"https:\/\/www.youtube.com\/channel\/UCnv4FA8EYEuu_si3TGr7xeA\"]},{\"@type\":\"Person\",\"@id\":\"https:\/\/www.infolocale.fr\/blog\/#\/schema\/person\/bf2dc50c6636ffa2ce3e44ef1f9eb97f\",\"name\":\"Myl\u00e8ne\",\"image\":{\"@type\":\"ImageObject\",\"inLanguage\":\"fr-FR\",\"@id\":\"https:\/\/www.infolocale.fr\/blog\/#\/schema\/person\/image\/\",\"url\":\"https:\/\/secure.gravatar.com\/avatar\/49511f0ea4b41ed3062b218e30f07042?s=96&d=mm&r=g\",\"contentUrl\":\"https:\/\/secure.gravatar.com\/avatar\/49511f0ea4b41ed3062b218e30f07042?s=96&d=mm&r=g\",\"caption\":\"Myl\u00e8ne\"},\"url\":\"https:\/\/infolocale.20minutes.fr\/blog\/author\/mylene-michel\/\"}]}<\/script>\n<!-- \/ Yoast SEO plugin. -->","yoast_head_json":{"title":"Ren\u00e9 M\u00e9lou pr\u00e9sident de France B\u00e9n\u00e9volat 35 |","description":"\u00abLe monde associatif devrait \u00eatre du plaisir. \u00bb. Ren\u00e9 M\u00e9lou, pr\u00e9sident de France B\u00e9n\u00e9volat Ille-Et-Vilaine depuis 2015, livre son t\u00e9moignage \u00e0 Infolocale.","robots":{"index":"index","follow":"follow","max-snippet":"max-snippet:-1","max-image-preview":"max-image-preview:large","max-video-preview":"max-video-preview:-1"},"canonical":"https:\/\/infolocale.ouest-france.fr\/blog\/president-francebenevolat-35-rene-melou\/","og_locale":"fr_FR","og_type":"article","og_title":"Ren\u00e9 M\u00e9lou pr\u00e9sident de France B\u00e9n\u00e9volat 35 |","og_description":"\u00abLe monde associatif devrait \u00eatre du plaisir. \u00bb. Ren\u00e9 M\u00e9lou, pr\u00e9sident de France B\u00e9n\u00e9volat Ille-Et-Vilaine depuis 2015, livre son t\u00e9moignage \u00e0 Infolocale.","og_url":"https:\/\/infolocale.ouest-france.fr\/blog\/president-francebenevolat-35-rene-melou\/","article_publisher":"https:\/\/www.facebook.com\/infolocaleFR\/","article_published_time":"2020-05-25T09:35:41+00:00","article_modified_time":"2021-10-27T15:41:31+00:00","og_image":[{"width":964,"height":630,"url":"https:\/\/infolocale.ouest-france.fr\/blog\/wp-content\/uploads\/2020\/05\/Rene-melou.jpg","type":"image\/jpeg"}],"author":"Myl\u00e8ne","twitter_card":"summary_large_image","twitter_creator":"@infolocale","twitter_site":"@infolocale","twitter_misc":{"\u00c9crit par":"Myl\u00e8ne","Dur\u00e9e de lecture estim\u00e9e":"3 minutes"},"schema":{"@context":"https:\/\/schema.org","@graph":[{"@type":"Article","@id":"https:\/\/infolocale.ouest-france.fr\/blog\/president-francebenevolat-35-rene-melou\/#article","isPartOf":{"@id":"https:\/\/infolocale.ouest-france.fr\/blog\/president-francebenevolat-35-rene-melou\/"},"author":{"name":"Myl\u00e8ne","@id":"https:\/\/www.infolocale.fr\/blog\/#\/schema\/person\/bf2dc50c6636ffa2ce3e44ef1f9eb97f"},"headline":"Ren\u00e9 M\u00e9lou pr\u00e9sident de France B\u00e9n\u00e9volat 35","datePublished":"2020-05-25T09:35:41+00:00","dateModified":"2021-10-27T15:41:31+00:00","mainEntityOfPage":{"@id":"https:\/\/infolocale.ouest-france.fr\/blog\/president-francebenevolat-35-rene-melou\/"},"wordCount":667,"commentCount":0,"publisher":{"@id":"https:\/\/www.infolocale.fr\/blog\/#organization"},"image":{"@id":"https:\/\/infolocale.ouest-france.fr\/blog\/president-francebenevolat-35-rene-melou\/#primaryimage"},"thumbnailUrl":"https:\/\/infolocale.20minutes.fr\/blog\/wp-content\/uploads\/2020\/05\/Rene-melou.jpg","keywords":["Portraits"],"articleSection":["En ce moment","Portraits"],"inLanguage":"fr-FR","potentialAction":[{"@type":"CommentAction","name":"Comment","target":["https:\/\/infolocale.ouest-france.fr\/blog\/president-francebenevolat-35-rene-melou\/#respond"]}]},{"@type":"WebPage","@id":"https:\/\/infolocale.ouest-france.fr\/blog\/president-francebenevolat-35-rene-melou\/","url":"https:\/\/infolocale.ouest-france.fr\/blog\/president-francebenevolat-35-rene-melou\/","name":"Ren\u00e9 M\u00e9lou pr\u00e9sident de France B\u00e9n\u00e9volat 35 |","isPartOf":{"@id":"https:\/\/www.infolocale.fr\/blog\/#website"},"primaryImageOfPage":{"@id":"https:\/\/infolocale.ouest-france.fr\/blog\/president-francebenevolat-35-rene-melou\/#primaryimage"},"image":{"@id":"https:\/\/infolocale.ouest-france.fr\/blog\/president-francebenevolat-35-rene-melou\/#primaryimage"},"thumbnailUrl":"https:\/\/infolocale.20minutes.fr\/blog\/wp-content\/uploads\/2020\/05\/Rene-melou.jpg","datePublished":"2020-05-25T09:35:41+00:00","dateModified":"2021-10-27T15:41:31+00:00","description":"\u00abLe monde associatif devrait \u00eatre du plaisir. \u00bb. Ren\u00e9 M\u00e9lou, pr\u00e9sident de France B\u00e9n\u00e9volat Ille-Et-Vilaine depuis 2015, livre son t\u00e9moignage \u00e0 Infolocale.","breadcrumb":{"@id":"https:\/\/infolocale.ouest-france.fr\/blog\/president-francebenevolat-35-rene-melou\/#breadcrumb"},"inLanguage":"fr-FR","potentialAction":[{"@type":"ReadAction","target":["https:\/\/infolocale.ouest-france.fr\/blog\/president-francebenevolat-35-rene-melou\/"]}]},{"@type":"ImageObject","inLanguage":"fr-FR","@id":"https:\/\/infolocale.ouest-france.fr\/blog\/president-francebenevolat-35-rene-melou\/#primaryimage","url":"https:\/\/infolocale.20minutes.fr\/blog\/wp-content\/uploads\/2020\/05\/Rene-melou.jpg","contentUrl":"https:\/\/infolocale.20minutes.fr\/blog\/wp-content\/uploads\/2020\/05\/Rene-melou.jpg","width":964,"height":630},{"@type":"BreadcrumbList","@id":"https:\/\/infolocale.ouest-france.fr\/blog\/president-francebenevolat-35-rene-melou\/#breadcrumb","itemListElement":[{"@type":"ListItem","position":1,"name":"Blog","item":"https:\/\/infolocale.ouest-france.fr\/blog\/"},{"@type":"ListItem","position":2,"name":"Portraits","item":"https:\/\/infolocale.20minutes.fr\/blog\/cat\/acteurs-locaux\/"},{"@type":"ListItem","position":3,"name":"Ren\u00e9 M\u00e9lou pr\u00e9sident de France B\u00e9n\u00e9volat 35"}]},{"@type":"WebSite","@id":"https:\/\/www.infolocale.fr\/blog\/#website","url":"https:\/\/www.infolocale.fr\/blog\/","name":"","description":"","publisher":{"@id":"https:\/\/www.infolocale.fr\/blog\/#organization"},"potentialAction":[{"@type":"SearchAction","target":{"@type":"EntryPoint","urlTemplate":"https:\/\/www.infolocale.fr\/blog\/?s={search_term_string}"},"query-input":"required name=search_term_string"}],"inLanguage":"fr-FR"},{"@type":"Organization","@id":"https:\/\/www.infolocale.fr\/blog\/#organization","name":"Infolocale","url":"https:\/\/www.infolocale.fr\/blog\/","logo":{"@type":"ImageObject","inLanguage":"fr-FR","@id":"https:\/\/www.infolocale.fr\/blog\/#\/schema\/logo\/image\/","url":"https:\/\/www.infolocale.fr\/blog\/wp-content\/uploads\/2020\/11\/logol.jpg","contentUrl":"https:\/\/www.infolocale.fr\/blog\/wp-content\/uploads\/2020\/11\/logol.jpg","width":1031,"height":398,"caption":"Infolocale"},"image":{"@id":"https:\/\/www.infolocale.fr\/blog\/#\/schema\/logo\/image\/"},"sameAs":["https:\/\/www.facebook.com\/infolocaleFR\/","https:\/\/x.com\/infolocale","https:\/\/www.instagram.com\/infolocale\/","https:\/\/fr.linkedin.com\/company\/infolocale","https:\/\/www.youtube.com\/channel\/UCnv4FA8EYEuu_si3TGr7xeA"]},{"@type":"Person","@id":"https:\/\/www.infolocale.fr\/blog\/#\/schema\/person\/bf2dc50c6636ffa2ce3e44ef1f9eb97f","name":"Myl\u00e8ne","image":{"@type":"ImageObject","inLanguage":"fr-FR","@id":"https:\/\/www.infolocale.fr\/blog\/#\/schema\/person\/image\/","url":"https:\/\/secure.gravatar.com\/avatar\/49511f0ea4b41ed3062b218e30f07042?s=96&d=mm&r=g","contentUrl":"https:\/\/secure.gravatar.com\/avatar\/49511f0ea4b41ed3062b218e30f07042?s=96&d=mm&r=g","caption":"Myl\u00e8ne"},"url":"https:\/\/infolocale.20minutes.fr\/blog\/author\/mylene-michel\/"}]}},"_links":{"self":[{"href":"https:\/\/infolocale.20minutes.fr\/blog\/wp-json\/wp\/v2\/posts\/1683"}],"collection":[{"href":"https:\/\/infolocale.20minutes.fr\/blog\/wp-json\/wp\/v2\/posts"}],"about":[{"href":"https:\/\/infolocale.20minutes.fr\/blog\/wp-json\/wp\/v2\/types\/post"}],"author":[{"embeddable":true,"href":"https:\/\/infolocale.20minutes.fr\/blog\/wp-json\/wp\/v2\/users\/8"}],"replies":[{"embeddable":true,"href":"https:\/\/infolocale.20minutes.fr\/blog\/wp-json\/wp\/v2\/comments?post=1683"}],"version-history":[{"count":0,"href":"https:\/\/infolocale.20minutes.fr\/blog\/wp-json\/wp\/v2\/posts\/1683\/revisions"}],"wp:featuredmedia":[{"embeddable":true,"href":"https:\/\/infolocale.20minutes.fr\/blog\/wp-json\/wp\/v2\/media\/7610"}],"wp:attachment":[{"href":"https:\/\/infolocale.20minutes.fr\/blog\/wp-json\/wp\/v2\/media?parent=1683"}],"wp:term":[{"taxonomy":"category","embeddable":true,"href":"https:\/\/infolocale.20minutes.fr\/blog\/wp-json\/wp\/v2\/categories?post=1683"},{"taxonomy":"post_tag","embeddable":true,"href":"https:\/\/infolocale.20minutes.fr\/blog\/wp-json\/wp\/v2\/tags?post=1683"}],"curies":[{"name":"wp","href":"https:\/\/api.w.org\/{rel}","templated":true}]}}