{"id":16803,"date":"2024-12-18T10:41:00","date_gmt":"2024-12-18T09:41:00","guid":{"rendered":"https:\/\/www.infolocale.fr\/blog\/?p=16803"},"modified":"2024-12-19T09:58:14","modified_gmt":"2024-12-19T08:58:14","slug":"resolutions-nouvelle-anneassociation","status":"publish","type":"post","link":"https:\/\/infolocale.20minutes.fr\/blog\/resolutions-nouvelle-anneassociation\/","title":{"rendered":"11 r\u00e9solutions pour votre asso en 2025"},"content":{"rendered":"\n<p>Voici une liste de bonnes r\u00e9solutions que vous pouvez adopter pour votre association. <\/p>\n\n\n\n<ol class=\"has-black-color has-text-color has-background wp-block-list\" style=\"background-color:#a1d5f5\"><li>Optimiser la communication institutionnelle de votre association&nbsp;<\/li><li>Mettre \u00e0 jour le site internet de votre association&nbsp;<\/li><li>Montrer votre&nbsp;pr\u00e9sence sur les r\u00e9seaux sociaux&nbsp;&nbsp;&nbsp;&nbsp;<\/li><li>Travailler les relations presse de votre association&nbsp;<\/li><li>Cr\u00e9er davantage de lien avec vos b\u00e9n\u00e9voles&nbsp;<\/li><li>Rester en contact avec vos anciens b\u00e9n\u00e9voles&nbsp;<\/li><li>Mettre en place une strat\u00e9gie pour recruter de nouveaux membres&nbsp;<\/li><li>Anticiper la pr\u00e9paration de votre Assembl\u00e9e G\u00e9n\u00e9rale&nbsp;<\/li><li>Refaire le tour des statuts de votre association&nbsp;<\/li><li>Se remettre en mode projet d\u00e8s le d\u00e9but de l\u2019ann\u00e9e<\/li><li>Utiliser les services propos\u00e9s par Infolocale<\/li><\/ol>\n\n\n\n<p>Comme chaque ann\u00e9e \u00e0 l\u2019approche du 1er janvier, nous entendons beaucoup parler de ces fameuses nouvelles r\u00e9solutions. Voici quelques id\u00e9es \u00e0 mettre en place pour d\u00e9buter sereinement cette nouvelle ann\u00e9e.<\/p>\n\n\n\n<h1 class=\"wp-block-heading\">1. Optimiser la communication institutionnelle de votre association <\/h1>\n\n\n\n<p>La communication institutionnelle que vous r\u00e9aliserez sera tourn\u00e9e vers diff\u00e9rents acteurs proches de votre association, \u00e0 savoir :&nbsp;&nbsp;<\/p>\n\n\n\n<ul class=\"wp-block-list\"><li>Donateurs&nbsp;&nbsp;<\/li><li>Sponsors&nbsp;&nbsp;<\/li><li>Collectivit\u00e9s&nbsp;&nbsp;<\/li><\/ul>\n\n\n\n<p>Communiquer vers ceux-ci de mani\u00e8re institutionnelle vous permettra de promouvoir votre association mais aussi d\u2019en valoriser l\u2019image et la r\u00e9putation.&nbsp;&nbsp;<\/p>\n\n\n\n<p>Vous l\u2019aurez compris, le but est de vous faire gagner en notori\u00e9t\u00e9, en cr\u00e9dibilit\u00e9 et en l\u00e9gitimit\u00e9 ! Par exemple, vous pourrez notamment opter pour une communication institutionnelle durant les f\u00eates de fin d\u2019ann\u00e9e lors de la r\u00e9daction de vos cartes de v\u0153ux. Il s\u2019agit de l\u2019occasion r\u00eav\u00e9e pour mettre en avant les valeurs, l\u2019engagement et le r\u00f4le de votre association.&nbsp;<\/p>\n\n\n\n<h1 class=\"wp-block-heading\">2. Mettre \u00e0 jour le site internet de votre association<\/h1>\n\n\n\n<p>La mise \u00e0 jour du <a href=\"https:\/\/www.infolocale.fr\/blog\/creer-site-internet-association\/\" target=\"_blank\" rel=\"noreferrer noopener\">site internet de votre association<\/a> est une t\u00e2che incontournable. Comme vous le savez votre site repr\u00e9sente la vitrine de votre activit\u00e9. Il est conseill\u00e9 de r\u00e9aliser chaque ann\u00e9e un <a href=\"https:\/\/www.infolocale.fr\/blog\/communication-digitale-association\/\" target=\"_blank\" rel=\"noreferrer noopener\">tour d\u2019horizon de votre site internet<\/a>, ce qui vous permettra de lister ce qui fonctionne et ce qui doit \u00eatre am\u00e9lior\u00e9.&nbsp;&nbsp;<\/p>\n\n\n\n<p>En plus d\u2019une analyse centr\u00e9e sur l\u2019\u00e9cosyst\u00e8me de votre site vous pouvez \u00e9galement regarder ce qui est fait par d\u2019autres associations. C\u2019est une bonne occasion de porter un regard critique sur votre propre site internet et de vous donner des id\u00e9es pour la suite.&nbsp;&nbsp;<\/p>\n\n\n\n<p>De plus, vous pouvez \u00e9galement faire une veille des tendances, en termes de design, de couleurs ainsi que de fonctionnalit\u00e9s nouvelles.&nbsp; Pour cela vous pourrez tout \u00e0 fait \u00e9tablir un catalogue des tendances, cet exercice vous permettra de vous tenir inform\u00e9 de toutes les nouveaut\u00e9s.&nbsp;&nbsp;<\/p>\n\n\n\n<p>Et pourquoi pas la cr\u00e9ation de votre propre blog ? Si vous vous sentez capable et avez envie d\u2019approfondir certains sujets plus en d\u00e9tail, alors foncez ! La <a href=\"https:\/\/www.infolocale.fr\/blog\/idees-darticles-pour-blog-association\/\" target=\"_blank\" rel=\"noreferrer noopener\">r\u00e9daction d\u2019articles<\/a> dans votre domaine d\u2019expertise vous aidera \u00e0 l\u00e9gitimer davantage vos actions aupr\u00e8s de toutes les personnes qui gravitent autour de votre association.&nbsp;&nbsp;<\/p>\n\n\n\n<p>Vous pourrez \u00e9galement profiter de cette occasion pour vous assurer que votre politique RGPD (R\u00e8glement G\u00e9n\u00e9ral sur Protection des Donn\u00e9es) est bel et bien en conformit\u00e9 avec la r\u00e9glementation en vigueur.&nbsp;&nbsp;<\/p>\n\n\n\n<h1 class=\"wp-block-heading\">3. Montrer votre pr\u00e9sence sur les r\u00e9seaux sociaux&nbsp;<\/h1>\n\n\n\n<p>Pour faire conna\u00eetre votre association rien de tel que de <a href=\"https:\/\/www.infolocale.fr\/blog\/communiquer-reseaux-sociaux\/\" target=\"_blank\" rel=\"noreferrer noopener\">communiquer sur les r\u00e9seaux sociaux<\/a> ! En effet ceux-ci repr\u00e9sentent un formidable levier de communication pour votre asso. De plus, ils vous permettront de faciliter les interactions avec vos abonn\u00e9s et ainsi de cr\u00e9er une relation de proximit\u00e9 avec eux. Pour bien les utiliser, veillez \u00e0 mettre en place une strat\u00e9gie r\u00e9seaux sociaux. Pour cela il vous faudra r\u00e9pondre en amont \u00e0 diff\u00e9rentes questions :&nbsp;&nbsp;<\/p>\n\n\n\n<ul class=\"wp-block-list\"><li>Quel va \u00eatre l\u2019int\u00e9r\u00eat de votre pr\u00e9sence sur les r\u00e9seaux sociaux ?&nbsp;&nbsp;<\/li><li>A qui souhaitez-vous vous adresser ?&nbsp;&nbsp;<\/li><li>Quels r\u00e9seaux sociaux seront adapt\u00e9s \u00e0 votre cible ?&nbsp;&nbsp;<\/li><\/ul>\n\n\n\n<p>Une fois ces \u00e9l\u00e9ments bien d\u00e9finis, tentez d\u2019\u00e9tablir votre propre ligne \u00e9ditoriale afin de vous d\u00e9marquer. C\u2019est gr\u00e2ce \u00e0 votre singularit\u00e9 que vous r\u00e9ussirez \u00e0 accentuer votre visibilit\u00e9.&nbsp;&nbsp;<\/p>\n\n\n\n<p>Enfin veillez \u00e0 ne pas d\u00e9laisser vos abonn\u00e9s, pour cela nous vous conseillons de cr\u00e9er du contenu de fa\u00e7on r\u00e9guli\u00e8re, dans l\u2019id\u00e9al 3 \u00e0 4 fois par semaine. Pour tenir cet engagement vous pouvez cr\u00e9er un tableau qui servira de calendrier afin d\u2019avoir une vision globale de vos publications et ainsi vous fixer des dates butoirs. D\u2019ailleurs, il existe des outils de programmation tels que <a href=\"https:\/\/business.facebook.com\/creatorstudio\/home\" target=\"_blank\" rel=\"noreferrer noopener\">Creator Studio<\/a> ou encore <a href=\"https:\/\/www.hootsuite.com\/fr\/\" target=\"_blank\" rel=\"noreferrer noopener\">Hootsuite<\/a> qui vous permettent d\u2019anticiper vos diff\u00e9rents posts dans le but de maintenir la cadence de vos publications.&nbsp;<\/p>\n\n\n\n<h1 class=\"wp-block-heading\">4. Travailler les relations presse de votre association&nbsp;<\/h1>\n\n\n\n<p>Les relations presses sont tr\u00e8s importantes, elles vont vous permettre de faire parler de votre asso et de vos actions. Pour optimiser <a href=\"https:\/\/www.infolocale.fr\/blog\/relations-presse-association\/\" target=\"_blank\" rel=\"noreferrer noopener\">les relations presse de votre association<\/a>, pensez \u00e0 tenir \u00e0 jour un fichier presse dans lequel seront r\u00e9pertori\u00e9s les informations et contacts de vos journalistes. Ce fichier prend beaucoup de temps \u00e0 \u00eatre \u00e9labor\u00e9 et demande des mises \u00e0 jour r\u00e9guli\u00e8res. Une fois votre fichier presse r\u00e9dig\u00e9, vous verrez, il vous sera d\u2019une aide pr\u00e9cieuse ! Le fait de constituer un fichier de qualit\u00e9 vous aidera \u00e0 contacter les bonnes personnes et \u00e0 gagner du temps lorsque vous aurez besoin de communiquer dans la presse.&nbsp;<\/p>\n\n\n\n<p>De plus pensez \u00e0 cr\u00e9er du lien et de la proximit\u00e9 avec les journalistes et vos correspondants locaux. Vous pourrez par exemple les convier \u00e0 vos diff\u00e9rents \u00e9v\u00e8nements, leur envoyer vos v\u0153ux, les inviter sur \u00e0 vous suivre sur les r\u00e9seaux sociaux, c\u2019est ainsi, que vous vous donnerez toutes les chances de b\u00e9n\u00e9ficier d\u2019une meilleure couverture presse.&nbsp;&nbsp;<\/p>\n\n\n\n<h1 class=\"wp-block-heading\">5. Cr\u00e9er davantage de lien avec vos b\u00e9n\u00e9voles&nbsp;<\/h1>\n\n\n\n<p>Les grands succ\u00e8s de votre association r\u00e9sident tout d\u2019abord dans la <a href=\"https:\/\/www.infolocale.fr\/blog\/fideliser-benevoles\/\" target=\"_blank\" rel=\"noreferrer noopener\">relation que vous cr\u00e9ez avec vos b\u00e9n\u00e9voles<\/a>. La bienveillance mutuelle en est la cl\u00e9 ! Remercier chaleureusement vos b\u00e9n\u00e9voles pour leur investissement est un petit geste pour vous et sera d\u2019une grande satisfaction pour eux.&nbsp;<\/p>\n\n\n\n<p>Dans le cadre de la crise sanitaire votre association a probablement d\u00fb s\u2019adapter et changer sa mani\u00e8re de fonctionner. Il faut tout de m\u00eame en retenir du positif ! En effet vous \u00eates nombreux \u00e0 avoir pris le tournant de la digitalisation pour maintenir le lien et faciliter vos \u00e9changes au quotidien.&nbsp;&nbsp;<\/p>\n\n\n\n<p>Dans cette situation inhabituelle, pensez \u00e0 prendre le temps d\u2019informer vos b\u00e9n\u00e9voles de l\u2019avanc\u00e9e et des nouvelles mesures concernant votre association. Vous pouvez \u00e9galement mettre en place des points d\u2019\u00e9change r\u00e9guliers afin de garder le cap de vos objectifs. Et d\u2019ailleurs, ne serait-ce pas l\u2019occasion de travailler davantage sur les projets de fond, que vous avez longuement pass\u00e9 au second plan par manque de temps ?&nbsp;<\/p>\n\n\n\n<p>Au cours des derniers mois un sentiment de lassitude s\u2019est peut-\u00eatre install\u00e9 chez certains de vos b\u00e9n\u00e9voles, veillez \u00e0 bien dialoguer avec eux, de plus, vous pouvez \u00e9galement les remotiver en leur proposant de nouveaux projets.&nbsp;<\/p>\n\n\n\n<p>Enfin, vous pouvez tout de m\u00eame vous accorder le droit de r\u00e9fl\u00e9chir au prochain moment de convivialit\u00e9 que vous partagerez tous ensemble, vous verrez cela donnera une nouvelle impulsion \u00e0 vos troupes.&nbsp;<\/p>\n\n\n\n<h1 class=\"wp-block-heading\">6. Rester en contact avec vos anciens b\u00e9n\u00e9voles&nbsp;<\/h1>\n\n\n\n<p>Il est \u00e9galement tr\u00e8s important pour une association de <a href=\"https:\/\/www.infolocale.fr\/blog\/fideliser-benevoles\/\" target=\"_blank\" rel=\"noreferrer noopener\">rester en contact avec ses anciens b\u00e9n\u00e9voles<\/a>, ceux-ci se r\u00e9jouiront d\u2019ailleurs d\u2019avoir de vos nouvelles. Il est tout \u00e0 fait possible que certains d\u2019entre eux souhaitent un jour reprendre leurs fonctions au sein de votre structure associative. En effet, vos anciens b\u00e9n\u00e9voles conservent toujours un r\u00f4le d\u2019ambassadeur, vous avez partag\u00e9 beaucoup de moments et de projets avec eux bien qu\u2019ils ne soient d\u00e9sormais plus actifs dans votre asso. C\u2019est pourquoi, vous pouvez tout \u00e0 fait leur envoyer vos v\u0153ux chaque ann\u00e9e afin d\u2019entretenir vos liens. &nbsp;<\/p>\n\n\n\n<p>C\u2019est pourquoi, afin de maintenir le lien avec vos anciens b\u00e9n\u00e9voles faites en sorte de conserver une proximit\u00e9 avec eux, ils doivent savoir que votre porte leur est ouverte.&nbsp;<\/p>\n\n\n\n<h1 class=\"wp-block-heading\">7. Mettre en place une strat\u00e9gie pour recruter de nouveaux membres&nbsp;<\/h1>\n\n\n\n<p>Nouvelle ann\u00e9e, nouveaux challenges et pour cela vous aurez besoin d\u2019aide. Si vous souhaitez <a href=\"https:\/\/www.infolocale.fr\/blog\/comment-trouver-des-benevoles-pour-mon-association\/\" target=\"_blank\" rel=\"noreferrer noopener\">recruter des b\u00e9n\u00e9voles<\/a> pensez tout d\u2019abord \u00e0 \u00e9valuer vos besoins avec les autres membres de votre asso. R\u00e9digez ensuite une annonce que vous pourrez publier sur diff\u00e9rents canaux de diffusion, \u00e0 savoir :&nbsp;&nbsp;<\/p>\n\n\n\n<ul class=\"wp-block-list\"><li>Sur votre site&nbsp;<\/li><li>Dans votre newsletter&nbsp;&nbsp;<\/li><li>Sur vos r\u00e9seaux sociaux&nbsp;&nbsp;<\/li><li>Sur des sites d\u00e9di\u00e9s au recrutement de b\u00e9n\u00e9voles&nbsp;<\/li><\/ul>\n\n\n\n<p>Faites \u00e9galement fonctionner votre r\u00e9seau en contactant vos anciens b\u00e9n\u00e9voles, ceux-ci pourraient vous aider dans votre recrutement.&nbsp;&nbsp;<\/p>\n\n\n\n<p>Vous voil\u00e0 fin pr\u00eat \u00e0 <a href=\"https:\/\/www.infolocale.fr\/blog\/accueillir-nouveau-benevole\/\" target=\"_blank\" rel=\"noreferrer noopener\">accueillir votre nouveau b\u00e9n\u00e9vole<\/a> !&nbsp;&nbsp;<\/p>\n\n\n\n<h1 class=\"wp-block-heading\">8. Anticiper la pr\u00e9paration de votre Assembl\u00e9e G\u00e9n\u00e9rale&nbsp;<\/h1>\n\n\n\n<p>Organiser son Assembl\u00e9e G\u00e9n\u00e9rale est un travail s\u2019effectuant en deux temps : Tout d\u2019abord l\u2019organisation de celle-ci, puis dans un second temps la pr\u00e9paration de votre pr\u00e9sentation.&nbsp;&nbsp;<\/p>\n\n\n\n<p>Dans un premier temps, il vous faudra organiser votre Assembl\u00e9e G\u00e9n\u00e9rale, pour cela vous devrez r\u00e9diger l\u2019<a href=\"https:\/\/www.infolocale.fr\/blog\/exemple-ordre-du-jour-assemblee-generale\/\" target=\"_blank\" rel=\"noreferrer noopener\">ordre du jour<\/a> qui annoncera les sujets \u00e0 aborder. Puis, vous pourrez <a href=\"https:\/\/www.infolocale.fr\/blog\/convocation-assemblee-generale-association\/\" target=\"_blank\" rel=\"noreferrer noopener\">envoyer les convocations<\/a> aux personnes concern\u00e9es dans un d\u00e9lai de 15 jours avant la date de votre Assembl\u00e9e G\u00e9n\u00e9rale.&nbsp;&nbsp;&nbsp;<\/p>\n\n\n\n<p>Ensuite, vous pourrez travailler sur le contenu de votre pr\u00e9sentation pour le jour J. Pour cela, veillez \u00e0 bien rassembler les documents n\u00e9cessaires ainsi que toutes vos id\u00e9es afin de pouvoir traiter un maximum de points. Enfin pr\u00e9parez votre pr\u00e9sentation sur le support de votre choix et pensez \u00e0 r\u00e9diger une note de synth\u00e8se listant vos sujets cl\u00e9s afin de ne rien oublier.&nbsp;&nbsp;<\/p>\n\n\n\n<h1 class=\"wp-block-heading\">9. Refaire le tour des statuts de votre association&nbsp;<\/h1>\n\n\n\n<p>En ce d\u00e9but d\u2019ann\u00e9e, pensez \u00e0 faire un <a href=\"https:\/\/www.infolocale.fr\/blog\/modifier-statuts-association\/\" target=\"_blank\" rel=\"noreferrer noopener\">\u00e9tat des lieux de vos statuts<\/a> \u00e9tablis lors de la cr\u00e9ation de votre association. Vous pouvez tout d\u2019abord r\u00e9fl\u00e9chir aux changements que vous souhaiteriez faire na\u00eetre et \u00e9tablir une proposition lors de la prochaine l\u2019Assembl\u00e9e G\u00e9n\u00e9rale de votre association.&nbsp;&nbsp;<\/p>\n\n\n\n<p>Voici quelques pistes de r\u00e9flexion susceptibles d\u2019\u00eatre revues, elles peuvent concerner :&nbsp;&nbsp;<\/p>\n\n\n\n<p>&#8211; Le mode de scrutin&nbsp;<\/p>\n\n\n\n<p>&#8211; Le <a href=\"https:\/\/www.infolocale.fr\/blog\/quorum-assemblee-generale-association\/\" target=\"_blank\" rel=\"noreferrer noopener\">quorum<\/a>&nbsp;<\/p>\n\n\n\n<p>&#8211; Le r\u00f4le des <a href=\"https:\/\/www.infolocale.fr\/blog\/elire-bureau-association\/\" target=\"_blank\" rel=\"noreferrer noopener\">membres du bureau<\/a>&nbsp;<\/p>\n\n\n\n<p>&#8211; L\u2019adoption d&rsquo;un <a href=\"https:\/\/www.infolocale.fr\/blog\/reglement-interieur-association\/\" target=\"_blank\" rel=\"noreferrer noopener\">r\u00e8glement int\u00e9rieur<\/a>&nbsp;<\/p>\n\n\n\n<p>&#8211; Le processus de <a href=\"https:\/\/www.infolocale.fr\/blog\/exemple-convocation-assemblee-generale-association\/\" target=\"_blank\" rel=\"noreferrer noopener\">convocation \u00e0 l&rsquo;AG<\/a>&nbsp;<\/p>\n\n\n\n<p>&#8211; Le d\u00e9lai de convocation&nbsp;&nbsp;<\/p>\n\n\n\n<p>&#8211; La m\u00e9thode d&rsquo;\u00e9criture de l&rsquo;<a href=\"https:\/\/www.infolocale.fr\/blog\/exemple-ordre-du-jour-assemblee-generale\/\" target=\"_blank\" rel=\"noreferrer noopener\">ordre du jour<\/a>&nbsp;<\/p>\n\n\n\n<h1 class=\"wp-block-heading\">10. Se remettre en mode projet d\u00e8s le d\u00e9but de l\u2019ann\u00e9e&nbsp;<\/h1>\n\n\n\n<p>Les choses bougent en d\u00e9but d\u2019ann\u00e9e, d\u2019ailleurs, le mois de janvier sonne la 2nde rentr\u00e9e associative. Soyez pr\u00eats \u00e0 reprendre les projets qui vous animent, cette nouvelle ann\u00e9e vous r\u00e9serve sans aucun doute de belles r\u00e9ussites.&nbsp;&nbsp;<\/p>\n\n\n\n<p>Pour cela, donnez le ton en initiant une r\u00e9union de rentr\u00e9e avec vos membres associatifs, cela peut \u00eatre l\u2019occasion d\u2019\u00e9changer, par exemple, autour d\u2019un petit d\u00e9jeuner ou d\u2019un caf\u00e9 virtuel dans le cas o\u00f9 la situation sanitaire ne permette pas de se rassembler.&nbsp;<\/p>\n\n\n\n<h1 class=\"wp-block-heading\">11. Utiliser les services propos\u00e9s par Infolocale<\/h1>\n\n\n\n<p>Enfin pour communiquer aupr\u00e8s d\u2019un plus large public et augmenter votre pouvoir de r\u00e9sonnance n\u2019h\u00e9sitez pas \u00e0 utiliser les diff\u00e9rents outils d\u00e9velopp\u00e9s par Infolocale. Ces outils vous permettent, en tant qu\u2019utilisateur :&nbsp;&nbsp;<\/p>\n\n\n\n<ul class=\"wp-block-list\"><li>D\u2019annoncer vos <a href=\"https:\/\/www.infolocale.fr\/decouvrir\/evenement-en-savoir-plus\/\" target=\"_blank\" rel=\"noreferrer noopener\">\u00e9v\u00e8nements<\/a>&nbsp;&nbsp;<\/li><li>De cr\u00e9er vos <a href=\"https:\/\/www.infolocale.fr\/decouvrir\/publications-en-savoir-plus\/\" target=\"_blank\" rel=\"noreferrer noopener\">publications<\/a>&nbsp;&nbsp;<\/li><li>D\u2019inscrire vos <a href=\"https:\/\/www.infolocale.fr\/decouvrir\/activite-en-savoir-plus\/\" target=\"_blank\" rel=\"noreferrer noopener\">activit\u00e9s<\/a>&nbsp;<\/li><\/ul>\n\n\n\n<p>Sachez que ces outils vous permettent de figurer sur le <a href=\"https:\/\/www.infolocale.fr\/\" target=\"_blank\" rel=\"noreferrer noopener\">site Infolocale<\/a> et \u00e9galement sur le <a href=\"https:\/\/www.ouest-france.fr\/\" target=\"_blank\" rel=\"noreferrer noopener\">site Ouest-France<\/a>. Alors pr\u00eat \u00e0 mieux faire conna\u00eetre votre association ?&nbsp;&nbsp;<\/p>\n","protected":false},"excerpt":{"rendered":"<p>Voici une liste de bonnes r\u00e9solutions que vous pouvez adopter pour votre association. Optimiser la communication institutionnelle de votre association&nbsp; Mettre \u00e0 jour le site [&hellip;]<\/p>\n","protected":false},"author":14,"featured_media":21842,"comment_status":"open","ping_status":"open","sticky":false,"template":"","format":"standard","meta":{"_coblocks_attr":"","_coblocks_dimensions":"","_coblocks_responsive_height":"","_coblocks_accordion_ie_support":"","_mo_disable_npp":"","footnotes":""},"categories":[110],"tags":[102],"class_list":["post-16803","post","type-post","status-publish","format-standard","has-post-thumbnail","hentry","category-preparer-son-debut-et-sa-fin-dannee","tag-voeux"],"yoast_head":"<!-- This site is optimized with the Yoast SEO plugin v23.2 - https:\/\/yoast.com\/wordpress\/plugins\/seo\/ -->\n<title>11 r\u00e9solutions pour votre association en 2025 |<\/title>\n<meta name=\"description\" content=\"11 r\u00e9solutions pour votre association pour bien aborder l&#039;ann\u00e9e 2025. Comme chaque ann\u00e9e \u00e0 l\u2019approche du 1er janvier nous entendons beauco...\" \/>\n<meta name=\"robots\" content=\"index, follow, max-snippet:-1, max-image-preview:large, max-video-preview:-1\" \/>\n<link rel=\"canonical\" href=\"https:\/\/infolocale.ouest-france.fr\/blog\/resolutions-nouvelle-anneassociation\/\" \/>\n<meta property=\"og:locale\" content=\"fr_FR\" \/>\n<meta property=\"og:type\" content=\"article\" \/>\n<meta property=\"og:title\" content=\"11 r\u00e9solutions pour votre association en 2025 |\" \/>\n<meta property=\"og:description\" content=\"11 r\u00e9solutions pour votre association pour bien aborder l&#039;ann\u00e9e 2025. Comme chaque ann\u00e9e \u00e0 l\u2019approche du 1er janvier nous entendons beauco...\" \/>\n<meta property=\"og:url\" content=\"https:\/\/infolocale.ouest-france.fr\/blog\/resolutions-nouvelle-anneassociation\/\" \/>\n<meta property=\"article:publisher\" content=\"https:\/\/www.facebook.com\/infolocaleFR\/\" \/>\n<meta property=\"article:published_time\" content=\"2024-12-18T09:41:00+00:00\" \/>\n<meta property=\"article:modified_time\" content=\"2024-12-19T08:58:14+00:00\" \/>\n<meta property=\"og:image\" content=\"https:\/\/infolocale.ouest-france.fr\/blog\/wp-content\/uploads\/2021\/12\/resolution-association.jpg\" \/>\n\t<meta property=\"og:image:width\" content=\"900\" \/>\n\t<meta property=\"og:image:height\" content=\"630\" \/>\n\t<meta property=\"og:image:type\" content=\"image\/jpeg\" \/>\n<meta name=\"author\" content=\"Margot\" \/>\n<meta name=\"twitter:card\" content=\"summary_large_image\" \/>\n<meta name=\"twitter:creator\" content=\"@infolocale\" \/>\n<meta name=\"twitter:site\" content=\"@infolocale\" \/>\n<meta name=\"twitter:label1\" content=\"\u00c9crit par\" \/>\n\t<meta name=\"twitter:data1\" content=\"Margot\" \/>\n\t<meta name=\"twitter:label2\" content=\"Dur\u00e9e de lecture estim\u00e9e\" \/>\n\t<meta name=\"twitter:data2\" content=\"10 minutes\" \/>\n<script type=\"application\/ld+json\" class=\"yoast-schema-graph\">{\"@context\":\"https:\/\/schema.org\",\"@graph\":[{\"@type\":\"Article\",\"@id\":\"https:\/\/infolocale.ouest-france.fr\/blog\/resolutions-nouvelle-anneassociation\/#article\",\"isPartOf\":{\"@id\":\"https:\/\/infolocale.ouest-france.fr\/blog\/resolutions-nouvelle-anneassociation\/\"},\"author\":{\"name\":\"Margot\",\"@id\":\"https:\/\/www.infolocale.fr\/blog\/#\/schema\/person\/ef7bae7d23a1485da4c2c6640f73e989\"},\"headline\":\"11 r\u00e9solutions pour votre asso en 2025\",\"datePublished\":\"2024-12-18T09:41:00+00:00\",\"dateModified\":\"2024-12-19T08:58:14+00:00\",\"mainEntityOfPage\":{\"@id\":\"https:\/\/infolocale.ouest-france.fr\/blog\/resolutions-nouvelle-anneassociation\/\"},\"wordCount\":2095,\"commentCount\":0,\"publisher\":{\"@id\":\"https:\/\/www.infolocale.fr\/blog\/#organization\"},\"image\":{\"@id\":\"https:\/\/infolocale.ouest-france.fr\/blog\/resolutions-nouvelle-anneassociation\/#primaryimage\"},\"thumbnailUrl\":\"https:\/\/infolocale.20minutes.fr\/blog\/wp-content\/uploads\/2021\/12\/resolution-association.jpg\",\"keywords\":[\"voeux\"],\"articleSection\":[\"Pr\u00e9parer son d\u00e9but et sa fin d'ann\u00e9e\"],\"inLanguage\":\"fr-FR\",\"potentialAction\":[{\"@type\":\"CommentAction\",\"name\":\"Comment\",\"target\":[\"https:\/\/infolocale.ouest-france.fr\/blog\/resolutions-nouvelle-anneassociation\/#respond\"]}]},{\"@type\":\"WebPage\",\"@id\":\"https:\/\/infolocale.ouest-france.fr\/blog\/resolutions-nouvelle-anneassociation\/\",\"url\":\"https:\/\/infolocale.ouest-france.fr\/blog\/resolutions-nouvelle-anneassociation\/\",\"name\":\"11 r\u00e9solutions pour votre association en 2025 |\",\"isPartOf\":{\"@id\":\"https:\/\/www.infolocale.fr\/blog\/#website\"},\"primaryImageOfPage\":{\"@id\":\"https:\/\/infolocale.ouest-france.fr\/blog\/resolutions-nouvelle-anneassociation\/#primaryimage\"},\"image\":{\"@id\":\"https:\/\/infolocale.ouest-france.fr\/blog\/resolutions-nouvelle-anneassociation\/#primaryimage\"},\"thumbnailUrl\":\"https:\/\/infolocale.20minutes.fr\/blog\/wp-content\/uploads\/2021\/12\/resolution-association.jpg\",\"datePublished\":\"2024-12-18T09:41:00+00:00\",\"dateModified\":\"2024-12-19T08:58:14+00:00\",\"description\":\"11 r\u00e9solutions pour votre association pour bien aborder l'ann\u00e9e 2025. Comme chaque ann\u00e9e \u00e0 l\u2019approche du 1er janvier nous entendons beauco...\",\"breadcrumb\":{\"@id\":\"https:\/\/infolocale.ouest-france.fr\/blog\/resolutions-nouvelle-anneassociation\/#breadcrumb\"},\"inLanguage\":\"fr-FR\",\"potentialAction\":[{\"@type\":\"ReadAction\",\"target\":[\"https:\/\/infolocale.ouest-france.fr\/blog\/resolutions-nouvelle-anneassociation\/\"]}]},{\"@type\":\"ImageObject\",\"inLanguage\":\"fr-FR\",\"@id\":\"https:\/\/infolocale.ouest-france.fr\/blog\/resolutions-nouvelle-anneassociation\/#primaryimage\",\"url\":\"https:\/\/infolocale.20minutes.fr\/blog\/wp-content\/uploads\/2021\/12\/resolution-association.jpg\",\"contentUrl\":\"https:\/\/infolocale.20minutes.fr\/blog\/wp-content\/uploads\/2021\/12\/resolution-association.jpg\",\"width\":900,\"height\":630,\"caption\":\"Bonnes r\u00e9solutions de nouvelle ann\u00e9e pour une association\"},{\"@type\":\"BreadcrumbList\",\"@id\":\"https:\/\/infolocale.ouest-france.fr\/blog\/resolutions-nouvelle-anneassociation\/#breadcrumb\",\"itemListElement\":[{\"@type\":\"ListItem\",\"position\":1,\"name\":\"Blog\",\"item\":\"https:\/\/infolocale.ouest-france.fr\/blog\/\"},{\"@type\":\"ListItem\",\"position\":2,\"name\":\"Pr\u00e9parer son d\u00e9but et sa fin d'ann\u00e9e\",\"item\":\"https:\/\/infolocale.20minutes.fr\/blog\/cat\/preparer-son-debut-et-sa-fin-dannee\/\"},{\"@type\":\"ListItem\",\"position\":3,\"name\":\"11 r\u00e9solutions pour votre asso en 2025\"}]},{\"@type\":\"WebSite\",\"@id\":\"https:\/\/www.infolocale.fr\/blog\/#website\",\"url\":\"https:\/\/www.infolocale.fr\/blog\/\",\"name\":\"\",\"description\":\"\",\"publisher\":{\"@id\":\"https:\/\/www.infolocale.fr\/blog\/#organization\"},\"potentialAction\":[{\"@type\":\"SearchAction\",\"target\":{\"@type\":\"EntryPoint\",\"urlTemplate\":\"https:\/\/www.infolocale.fr\/blog\/?s={search_term_string}\"},\"query-input\":\"required name=search_term_string\"}],\"inLanguage\":\"fr-FR\"},{\"@type\":\"Organization\",\"@id\":\"https:\/\/www.infolocale.fr\/blog\/#organization\",\"name\":\"Infolocale\",\"url\":\"https:\/\/www.infolocale.fr\/blog\/\",\"logo\":{\"@type\":\"ImageObject\",\"inLanguage\":\"fr-FR\",\"@id\":\"https:\/\/www.infolocale.fr\/blog\/#\/schema\/logo\/image\/\",\"url\":\"https:\/\/www.infolocale.fr\/blog\/wp-content\/uploads\/2020\/11\/logol.jpg\",\"contentUrl\":\"https:\/\/www.infolocale.fr\/blog\/wp-content\/uploads\/2020\/11\/logol.jpg\",\"width\":1031,\"height\":398,\"caption\":\"Infolocale\"},\"image\":{\"@id\":\"https:\/\/www.infolocale.fr\/blog\/#\/schema\/logo\/image\/\"},\"sameAs\":[\"https:\/\/www.facebook.com\/infolocaleFR\/\",\"https:\/\/x.com\/infolocale\",\"https:\/\/www.instagram.com\/infolocale\/\",\"https:\/\/fr.linkedin.com\/company\/infolocale\",\"https:\/\/www.youtube.com\/channel\/UCnv4FA8EYEuu_si3TGr7xeA\"]},{\"@type\":\"Person\",\"@id\":\"https:\/\/www.infolocale.fr\/blog\/#\/schema\/person\/ef7bae7d23a1485da4c2c6640f73e989\",\"name\":\"Margot\",\"image\":{\"@type\":\"ImageObject\",\"inLanguage\":\"fr-FR\",\"@id\":\"https:\/\/www.infolocale.fr\/blog\/#\/schema\/person\/image\/\",\"url\":\"https:\/\/secure.gravatar.com\/avatar\/fd7a814627870ba8c5cb11cb724ee955?s=96&d=mm&r=g\",\"contentUrl\":\"https:\/\/secure.gravatar.com\/avatar\/fd7a814627870ba8c5cb11cb724ee955?s=96&d=mm&r=g\",\"caption\":\"Margot\"},\"sameAs\":[\"https:\/\/www.infolocale.fr\/blog\/\"],\"url\":\"https:\/\/infolocale.20minutes.fr\/blog\/author\/margot-cueff\/\"}]}<\/script>\n<!-- \/ Yoast SEO plugin. -->","yoast_head_json":{"title":"11 r\u00e9solutions pour votre association en 2025 |","description":"11 r\u00e9solutions pour votre association pour bien aborder l'ann\u00e9e 2025. Comme chaque ann\u00e9e \u00e0 l\u2019approche du 1er janvier nous entendons beauco...","robots":{"index":"index","follow":"follow","max-snippet":"max-snippet:-1","max-image-preview":"max-image-preview:large","max-video-preview":"max-video-preview:-1"},"canonical":"https:\/\/infolocale.ouest-france.fr\/blog\/resolutions-nouvelle-anneassociation\/","og_locale":"fr_FR","og_type":"article","og_title":"11 r\u00e9solutions pour votre association en 2025 |","og_description":"11 r\u00e9solutions pour votre association pour bien aborder l'ann\u00e9e 2025. Comme chaque ann\u00e9e \u00e0 l\u2019approche du 1er janvier nous entendons beauco...","og_url":"https:\/\/infolocale.ouest-france.fr\/blog\/resolutions-nouvelle-anneassociation\/","article_publisher":"https:\/\/www.facebook.com\/infolocaleFR\/","article_published_time":"2024-12-18T09:41:00+00:00","article_modified_time":"2024-12-19T08:58:14+00:00","og_image":[{"width":900,"height":630,"url":"https:\/\/infolocale.ouest-france.fr\/blog\/wp-content\/uploads\/2021\/12\/resolution-association.jpg","type":"image\/jpeg"}],"author":"Margot","twitter_card":"summary_large_image","twitter_creator":"@infolocale","twitter_site":"@infolocale","twitter_misc":{"\u00c9crit par":"Margot","Dur\u00e9e de lecture estim\u00e9e":"10 minutes"},"schema":{"@context":"https:\/\/schema.org","@graph":[{"@type":"Article","@id":"https:\/\/infolocale.ouest-france.fr\/blog\/resolutions-nouvelle-anneassociation\/#article","isPartOf":{"@id":"https:\/\/infolocale.ouest-france.fr\/blog\/resolutions-nouvelle-anneassociation\/"},"author":{"name":"Margot","@id":"https:\/\/www.infolocale.fr\/blog\/#\/schema\/person\/ef7bae7d23a1485da4c2c6640f73e989"},"headline":"11 r\u00e9solutions pour votre asso en 2025","datePublished":"2024-12-18T09:41:00+00:00","dateModified":"2024-12-19T08:58:14+00:00","mainEntityOfPage":{"@id":"https:\/\/infolocale.ouest-france.fr\/blog\/resolutions-nouvelle-anneassociation\/"},"wordCount":2095,"commentCount":0,"publisher":{"@id":"https:\/\/www.infolocale.fr\/blog\/#organization"},"image":{"@id":"https:\/\/infolocale.ouest-france.fr\/blog\/resolutions-nouvelle-anneassociation\/#primaryimage"},"thumbnailUrl":"https:\/\/infolocale.20minutes.fr\/blog\/wp-content\/uploads\/2021\/12\/resolution-association.jpg","keywords":["voeux"],"articleSection":["Pr\u00e9parer son d\u00e9but et sa fin d'ann\u00e9e"],"inLanguage":"fr-FR","potentialAction":[{"@type":"CommentAction","name":"Comment","target":["https:\/\/infolocale.ouest-france.fr\/blog\/resolutions-nouvelle-anneassociation\/#respond"]}]},{"@type":"WebPage","@id":"https:\/\/infolocale.ouest-france.fr\/blog\/resolutions-nouvelle-anneassociation\/","url":"https:\/\/infolocale.ouest-france.fr\/blog\/resolutions-nouvelle-anneassociation\/","name":"11 r\u00e9solutions pour votre association en 2025 |","isPartOf":{"@id":"https:\/\/www.infolocale.fr\/blog\/#website"},"primaryImageOfPage":{"@id":"https:\/\/infolocale.ouest-france.fr\/blog\/resolutions-nouvelle-anneassociation\/#primaryimage"},"image":{"@id":"https:\/\/infolocale.ouest-france.fr\/blog\/resolutions-nouvelle-anneassociation\/#primaryimage"},"thumbnailUrl":"https:\/\/infolocale.20minutes.fr\/blog\/wp-content\/uploads\/2021\/12\/resolution-association.jpg","datePublished":"2024-12-18T09:41:00+00:00","dateModified":"2024-12-19T08:58:14+00:00","description":"11 r\u00e9solutions pour votre association pour bien aborder l'ann\u00e9e 2025. Comme chaque ann\u00e9e \u00e0 l\u2019approche du 1er janvier nous entendons beauco...","breadcrumb":{"@id":"https:\/\/infolocale.ouest-france.fr\/blog\/resolutions-nouvelle-anneassociation\/#breadcrumb"},"inLanguage":"fr-FR","potentialAction":[{"@type":"ReadAction","target":["https:\/\/infolocale.ouest-france.fr\/blog\/resolutions-nouvelle-anneassociation\/"]}]},{"@type":"ImageObject","inLanguage":"fr-FR","@id":"https:\/\/infolocale.ouest-france.fr\/blog\/resolutions-nouvelle-anneassociation\/#primaryimage","url":"https:\/\/infolocale.20minutes.fr\/blog\/wp-content\/uploads\/2021\/12\/resolution-association.jpg","contentUrl":"https:\/\/infolocale.20minutes.fr\/blog\/wp-content\/uploads\/2021\/12\/resolution-association.jpg","width":900,"height":630,"caption":"Bonnes r\u00e9solutions de nouvelle ann\u00e9e pour une association"},{"@type":"BreadcrumbList","@id":"https:\/\/infolocale.ouest-france.fr\/blog\/resolutions-nouvelle-anneassociation\/#breadcrumb","itemListElement":[{"@type":"ListItem","position":1,"name":"Blog","item":"https:\/\/infolocale.ouest-france.fr\/blog\/"},{"@type":"ListItem","position":2,"name":"Pr\u00e9parer son d\u00e9but et sa fin d'ann\u00e9e","item":"https:\/\/infolocale.20minutes.fr\/blog\/cat\/preparer-son-debut-et-sa-fin-dannee\/"},{"@type":"ListItem","position":3,"name":"11 r\u00e9solutions pour votre asso en 2025"}]},{"@type":"WebSite","@id":"https:\/\/www.infolocale.fr\/blog\/#website","url":"https:\/\/www.infolocale.fr\/blog\/","name":"","description":"","publisher":{"@id":"https:\/\/www.infolocale.fr\/blog\/#organization"},"potentialAction":[{"@type":"SearchAction","target":{"@type":"EntryPoint","urlTemplate":"https:\/\/www.infolocale.fr\/blog\/?s={search_term_string}"},"query-input":"required name=search_term_string"}],"inLanguage":"fr-FR"},{"@type":"Organization","@id":"https:\/\/www.infolocale.fr\/blog\/#organization","name":"Infolocale","url":"https:\/\/www.infolocale.fr\/blog\/","logo":{"@type":"ImageObject","inLanguage":"fr-FR","@id":"https:\/\/www.infolocale.fr\/blog\/#\/schema\/logo\/image\/","url":"https:\/\/www.infolocale.fr\/blog\/wp-content\/uploads\/2020\/11\/logol.jpg","contentUrl":"https:\/\/www.infolocale.fr\/blog\/wp-content\/uploads\/2020\/11\/logol.jpg","width":1031,"height":398,"caption":"Infolocale"},"image":{"@id":"https:\/\/www.infolocale.fr\/blog\/#\/schema\/logo\/image\/"},"sameAs":["https:\/\/www.facebook.com\/infolocaleFR\/","https:\/\/x.com\/infolocale","https:\/\/www.instagram.com\/infolocale\/","https:\/\/fr.linkedin.com\/company\/infolocale","https:\/\/www.youtube.com\/channel\/UCnv4FA8EYEuu_si3TGr7xeA"]},{"@type":"Person","@id":"https:\/\/www.infolocale.fr\/blog\/#\/schema\/person\/ef7bae7d23a1485da4c2c6640f73e989","name":"Margot","image":{"@type":"ImageObject","inLanguage":"fr-FR","@id":"https:\/\/www.infolocale.fr\/blog\/#\/schema\/person\/image\/","url":"https:\/\/secure.gravatar.com\/avatar\/fd7a814627870ba8c5cb11cb724ee955?s=96&d=mm&r=g","contentUrl":"https:\/\/secure.gravatar.com\/avatar\/fd7a814627870ba8c5cb11cb724ee955?s=96&d=mm&r=g","caption":"Margot"},"sameAs":["https:\/\/www.infolocale.fr\/blog\/"],"url":"https:\/\/infolocale.20minutes.fr\/blog\/author\/margot-cueff\/"}]}},"_links":{"self":[{"href":"https:\/\/infolocale.20minutes.fr\/blog\/wp-json\/wp\/v2\/posts\/16803"}],"collection":[{"href":"https:\/\/infolocale.20minutes.fr\/blog\/wp-json\/wp\/v2\/posts"}],"about":[{"href":"https:\/\/infolocale.20minutes.fr\/blog\/wp-json\/wp\/v2\/types\/post"}],"author":[{"embeddable":true,"href":"https:\/\/infolocale.20minutes.fr\/blog\/wp-json\/wp\/v2\/users\/14"}],"replies":[{"embeddable":true,"href":"https:\/\/infolocale.20minutes.fr\/blog\/wp-json\/wp\/v2\/comments?post=16803"}],"version-history":[{"count":0,"href":"https:\/\/infolocale.20minutes.fr\/blog\/wp-json\/wp\/v2\/posts\/16803\/revisions"}],"wp:featuredmedia":[{"embeddable":true,"href":"https:\/\/infolocale.20minutes.fr\/blog\/wp-json\/wp\/v2\/media\/21842"}],"wp:attachment":[{"href":"https:\/\/infolocale.20minutes.fr\/blog\/wp-json\/wp\/v2\/media?parent=16803"}],"wp:term":[{"taxonomy":"category","embeddable":true,"href":"https:\/\/infolocale.20minutes.fr\/blog\/wp-json\/wp\/v2\/categories?post=16803"},{"taxonomy":"post_tag","embeddable":true,"href":"https:\/\/infolocale.20minutes.fr\/blog\/wp-json\/wp\/v2\/tags?post=16803"}],"curies":[{"name":"wp","href":"https:\/\/api.w.org\/{rel}","templated":true}]}}