{"id":16495,"date":"2021-12-17T11:46:19","date_gmt":"2021-12-17T10:46:19","guid":{"rendered":"https:\/\/www.infolocale.fr\/blog\/?p=16495"},"modified":"2023-10-19T12:17:19","modified_gmt":"2023-10-19T10:17:19","slug":"delai-convoquer-assemblee-generale","status":"publish","type":"post","link":"https:\/\/infolocale.20minutes.fr\/blog\/delai-convoquer-assemblee-generale\/","title":{"rendered":"Dans quel d\u00e9lai faire parvenir la convocation \u00e0 votre assembl\u00e9e g\u00e9n\u00e9rale ?"},"content":{"rendered":"\n<p class=\"has-black-color has-text-color has-background\" style=\"background-color:#a1d5f5\"><strong>Quand envoyer la convocation<\/strong> \u00e0 l&rsquo;assembl\u00e9e g\u00e9n\u00e9rale de votre association ?<br>Il n\u2019y a pas d\u2019obligation l\u00e9gale. La r\u00e8gle sera g\u00e9n\u00e9ralement inscrite dans vos statuts. N\u00e9anmoins, on estime souvent qu\u2019un d\u00e9lai de 15 jours entre la date de l\u2019envoi de votre convocation et le jour de votre assembl\u00e9e g\u00e9n\u00e9rale ordinaire est suffisant. <\/p>\n\n\n\n<div class=\"wp-block-buttons is-horizontal is-content-justification-center is-layout-flex wp-container-core-buttons-is-layout-1 wp-block-buttons-is-layout-flex\">\n<div class=\"wp-block-button\"><a class=\"wp-block-button__link has-white-color has-luminous-vivid-amber-background-color has-text-color has-background wp-element-button\"><strong>&gt;&gt;Inscrire mon asso \u00e0 Infolocale <\/strong><\/a><\/div>\n<\/div>\n\n\n\n<h2 class=\"wp-block-heading\">L\u2019assembl\u00e9e g\u00e9n\u00e9rale d\u2019une association<\/h2>\n\n\n\n<p>Le plus souvent, l\u2019<a href=\"https:\/\/www.infolocale.fr\/blog\/assemblee-generale-association\/\">assembl\u00e9e g\u00e9n\u00e9rale ordinaire<\/a> est un \u00e9v\u00e9nement qui intervient annuellement dans la vie d\u2019une association. Ce n&rsquo;est pas le seul format d&rsquo;assembl\u00e9e \u00e0 votre disposition. En effet, vous pouvez \u00e9galement, ponctuellement, <a href=\"https:\/\/www.infolocale.fr\/blog\/assemblee-generale-extraordinaire-association\/\">organiser une assembl\u00e9e g\u00e9n\u00e9rale extraordinaire<\/a>. Ce sera par exemple le cas quand vous devrez prendre des d\u00e9cisions sp\u00e9cifiques pour votre association.<\/p>\n\n\n\n<p>L&rsquo;assembl\u00e9e ordinaire est l\u2019occasion de faire le bilan de l\u2019ann\u00e9e pass\u00e9e. Elle permet aux administrateurs de d\u00e9fendre leurs actions. Le pr\u00e9sident y pr\u00e9sente le bilan moral et le tr\u00e9sorier y soutient son <a href=\"https:\/\/www.infolocale.fr\/blog\/rapport-financier-annuel-association\/\">bilan financier<\/a>. <\/p>\n\n\n\n<p>A l&rsquo;issu de ces deux pr\u00e9sentations, on proc\u00e8de souvent \u00e0 un vote visant \u00e0 donner ou non le <a href=\"https:\/\/www.infolocale.fr\/blog\/quitus-association\/\">quitus de l&rsquo;assembl\u00e9e g\u00e9n\u00e9rale<\/a> \u00e0 l&rsquo;\u00e9quipe en place. Cette r\u00e9union est aussi l\u2019occasion pour l\u2019assembl\u00e9e g\u00e9n\u00e9rale d\u2019\u00e9tablir le cap et les actions pour les ann\u00e9es \u00e0 venir.<\/p>\n\n\n\n<p>Parmi les r\u00e8gles importantes encadrant les votes de l&rsquo;assembl\u00e9e g\u00e9n\u00e9rale, vous devrez \u00e9galement veiller, dans certains cas, \u00e0 respecter le <a href=\"https:\/\/www.infolocale.fr\/blog\/quorum-assemblee-generale-association\/\">quorum<\/a> impos\u00e9 par les statuts de votre association.<\/p>\n\n\n\n<h2 class=\"wp-block-heading\">D\u00e9lai de convocation \u00e0 l\u2019assembl\u00e9e g\u00e9n\u00e9rale<\/h2>\n\n\n\n<p>Le plus souvent, vous devriez pouvoir retrouver les r\u00e8gles qui organisent votre AG dans les <a href=\"https:\/\/www.infolocale.fr\/blog\/rediger-statuts-dune-association\/\">statuts<\/a> de votre association. Si c&rsquo;est le cas, il est tout \u00e0 fait possible que ces r\u00e8gles apportent des informations compl\u00e9mentaires du type : qui \u00e9crit l&rsquo;ordre du jour, qui envoie la convocation, dans quelle mesure un membre peut-il faire porter un point \u00e0 l&rsquo;ordre du jour. Aussi, vous devriez pouvoir y trouver la r\u00e8gle fixant le <strong>d\u00e9lai pour convoquer l&rsquo;assembl\u00e9e g\u00e9n\u00e9rale.<\/strong>&nbsp;<\/p>\n\n\n\n<div class=\"wp-block-buttons is-content-justification-center is-layout-flex wp-block-buttons-is-layout-flex\">\n<div class=\"wp-block-button\"><a class=\"wp-block-button__link has-vivid-cyan-blue-color has-white-background-color has-text-color has-background\" href=\"#elementor-action%3Aaction%3Dpopup%3Aopen%26settings%3DeyJpZCI6IjEyODgwIiwidG9nZ2xlIjpmYWxzZX0%3D\">&gt;&gt; Je t\u00e9l\u00e9charge un exemple de convocation pour assembl\u00e9e g\u00e9n\u00e9rale<\/a><\/div>\n<\/div>\n\n\n\n<p>Dans le cas contraire, sachez qu\u2019il n\u2019existe aucune contrainte l\u00e9gale. Cependant, <strong>les convocations \u00e0 votre assembl\u00e9e g\u00e9n\u00e9rale doivent arriver dans un d\u00e9lai<\/strong> permettant aux participants :<\/p>\n\n\n\n<ul class=\"wp-block-list\"><li>d\u2019organiser leur pr\u00e9sence,<\/li><li>de prendre connaissance de l\u2019<a href=\"https:\/\/www.infolocale.fr\/blog\/exemple-ordre-du-jour-assemblee-generale\/\">ordre du jour de l\u2019assembl\u00e9e g\u00e9n\u00e9rale<\/a>,<\/li><li>\u00e9ventuellement, de lire les documents joints \u00e0 la <a href=\"https:\/\/www.infolocale.fr\/blog\/convocation-assemblee-generale-association\/\">convocation<\/a>,<\/li><li>En cas de besoin, de pr\u00e9parer la <a href=\"https:\/\/www.infolocale.fr\/blog\/delegation-pouvoir-assemblee-generale-association\/\">d\u00e9l\u00e9gation de pouvoir<\/a>.<\/li><\/ul>\n\n\n\n<p>N\u00e9anmoins, si cette information en est absente de vos documents, sachez qu\u2019il est possible de <a href=\"https:\/\/www.infolocale.fr\/blog\/modifier-statuts-association\/\">modifier les statuts d\u2019une association<\/a> afin qu\u2019une r\u00e8gle de fonctionnement claire y soit inscrite.<br><br>Ainsi, on estime souvent que le <strong>d\u00e9lai de convocation \u00e0 l&rsquo;assembl\u00e9e g\u00e9n\u00e9rale d&rsquo;une association loi 1901<\/strong> devrait \u00eatre, au minimum, de 15 jours \u00e0 compter de la dat\u00e9 d&rsquo;envoi.<\/p>\n","protected":false},"excerpt":{"rendered":"<p>Quand envoyer la convocation \u00e0 l&rsquo;assembl\u00e9e g\u00e9n\u00e9rale de votre association ?Il n\u2019y a pas d\u2019obligation l\u00e9gale. La r\u00e8gle sera g\u00e9n\u00e9ralement inscrite dans vos statuts. N\u00e9anmoins, [&hellip;]<\/p>\n","protected":false},"author":2,"featured_media":16505,"comment_status":"open","ping_status":"open","sticky":false,"template":"","format":"standard","meta":{"_coblocks_attr":"","_coblocks_dimensions":"","_coblocks_responsive_height":"","_coblocks_accordion_ie_support":"","_mo_disable_npp":"","footnotes":""},"categories":[74],"tags":[104],"class_list":["post-16495","post","type-post","status-publish","format-standard","has-post-thumbnail","hentry","category-creer-et-administrer-une-association-1901","tag-assemblee-generale-ordinaire"],"yoast_head":"<!-- This site is optimized with the Yoast SEO plugin v23.2 - https:\/\/yoast.com\/wordpress\/plugins\/seo\/ -->\n<title>Quel d\u00e9lai de convocation pour l&#039;assembl\u00e9e g\u00e9n\u00e9rale d&#039;une association ? |<\/title>\n<meta name=\"description\" content=\"Le d\u00e9lai d&#039;envoi d&#039;une convocation \u00e0 l&#039;assembl\u00e9e g\u00e9n\u00e9rale n&#039;est pas fix\u00e9 par la loi. La r\u00e8gle est souvent inscrite dans les statuts...\" \/>\n<meta name=\"robots\" content=\"index, follow, max-snippet:-1, max-image-preview:large, max-video-preview:-1\" \/>\n<link rel=\"canonical\" href=\"https:\/\/infolocale.ouest-france.fr\/blog\/delai-convoquer-assemblee-generale\/\" \/>\n<meta property=\"og:locale\" content=\"fr_FR\" \/>\n<meta property=\"og:type\" content=\"article\" \/>\n<meta property=\"og:title\" content=\"Quel d\u00e9lai de convocation pour l&#039;assembl\u00e9e g\u00e9n\u00e9rale d&#039;une association ? |\" \/>\n<meta property=\"og:description\" content=\"Le d\u00e9lai d&#039;envoi d&#039;une convocation \u00e0 l&#039;assembl\u00e9e g\u00e9n\u00e9rale n&#039;est pas fix\u00e9 par la loi. La r\u00e8gle est souvent inscrite dans les statuts...\" \/>\n<meta property=\"og:url\" content=\"https:\/\/infolocale.ouest-france.fr\/blog\/delai-convoquer-assemblee-generale\/\" \/>\n<meta property=\"article:publisher\" content=\"https:\/\/www.facebook.com\/infolocaleFR\/\" \/>\n<meta property=\"article:published_time\" content=\"2021-12-17T10:46:19+00:00\" \/>\n<meta property=\"article:modified_time\" content=\"2023-10-19T10:17:19+00:00\" \/>\n<meta property=\"og:image\" content=\"https:\/\/infolocale.ouest-france.fr\/blog\/wp-content\/uploads\/2021\/12\/quand-envoyer-convocation-assemblee-generale.jpg\" \/>\n\t<meta property=\"og:image:width\" content=\"900\" \/>\n\t<meta property=\"og:image:height\" content=\"630\" \/>\n\t<meta property=\"og:image:type\" content=\"image\/jpeg\" \/>\n<meta name=\"author\" content=\"Morgan\" \/>\n<meta name=\"twitter:card\" content=\"summary_large_image\" \/>\n<meta name=\"twitter:creator\" content=\"@infolocale\" \/>\n<meta name=\"twitter:site\" content=\"@infolocale\" \/>\n<meta name=\"twitter:label1\" content=\"\u00c9crit par\" \/>\n\t<meta name=\"twitter:data1\" content=\"Morgan\" \/>\n\t<meta name=\"twitter:label2\" content=\"Dur\u00e9e de lecture estim\u00e9e\" \/>\n\t<meta name=\"twitter:data2\" content=\"3 minutes\" \/>\n<script type=\"application\/ld+json\" class=\"yoast-schema-graph\">{\"@context\":\"https:\/\/schema.org\",\"@graph\":[{\"@type\":\"Article\",\"@id\":\"https:\/\/infolocale.ouest-france.fr\/blog\/delai-convoquer-assemblee-generale\/#article\",\"isPartOf\":{\"@id\":\"https:\/\/infolocale.ouest-france.fr\/blog\/delai-convoquer-assemblee-generale\/\"},\"author\":{\"name\":\"Morgan\",\"@id\":\"https:\/\/www.infolocale.fr\/blog\/#\/schema\/person\/f0f748ece99417833166b3ba8890f3db\"},\"headline\":\"Dans quel d\u00e9lai faire parvenir la convocation \u00e0 votre assembl\u00e9e g\u00e9n\u00e9rale ?\",\"datePublished\":\"2021-12-17T10:46:19+00:00\",\"dateModified\":\"2023-10-19T10:17:19+00:00\",\"mainEntityOfPage\":{\"@id\":\"https:\/\/infolocale.ouest-france.fr\/blog\/delai-convoquer-assemblee-generale\/\"},\"wordCount\":526,\"commentCount\":0,\"publisher\":{\"@id\":\"https:\/\/www.infolocale.fr\/blog\/#organization\"},\"image\":{\"@id\":\"https:\/\/infolocale.ouest-france.fr\/blog\/delai-convoquer-assemblee-generale\/#primaryimage\"},\"thumbnailUrl\":\"https:\/\/infolocale.20minutes.fr\/blog\/wp-content\/uploads\/2021\/12\/quand-envoyer-convocation-assemblee-generale.jpg\",\"keywords\":[\"Assembl\u00e9e g\u00e9n\u00e9rale ordinaire\"],\"articleSection\":[\"Cr\u00e9er et g\u00e9rer une association\"],\"inLanguage\":\"fr-FR\",\"potentialAction\":[{\"@type\":\"CommentAction\",\"name\":\"Comment\",\"target\":[\"https:\/\/infolocale.ouest-france.fr\/blog\/delai-convoquer-assemblee-generale\/#respond\"]}]},{\"@type\":\"WebPage\",\"@id\":\"https:\/\/infolocale.ouest-france.fr\/blog\/delai-convoquer-assemblee-generale\/\",\"url\":\"https:\/\/infolocale.ouest-france.fr\/blog\/delai-convoquer-assemblee-generale\/\",\"name\":\"Quel d\u00e9lai de convocation pour l'assembl\u00e9e g\u00e9n\u00e9rale d'une association ? |\",\"isPartOf\":{\"@id\":\"https:\/\/www.infolocale.fr\/blog\/#website\"},\"primaryImageOfPage\":{\"@id\":\"https:\/\/infolocale.ouest-france.fr\/blog\/delai-convoquer-assemblee-generale\/#primaryimage\"},\"image\":{\"@id\":\"https:\/\/infolocale.ouest-france.fr\/blog\/delai-convoquer-assemblee-generale\/#primaryimage\"},\"thumbnailUrl\":\"https:\/\/infolocale.20minutes.fr\/blog\/wp-content\/uploads\/2021\/12\/quand-envoyer-convocation-assemblee-generale.jpg\",\"datePublished\":\"2021-12-17T10:46:19+00:00\",\"dateModified\":\"2023-10-19T10:17:19+00:00\",\"description\":\"Le d\u00e9lai d'envoi d'une convocation \u00e0 l'assembl\u00e9e g\u00e9n\u00e9rale n'est pas fix\u00e9 par la loi. La r\u00e8gle est souvent inscrite dans les statuts...\",\"breadcrumb\":{\"@id\":\"https:\/\/infolocale.ouest-france.fr\/blog\/delai-convoquer-assemblee-generale\/#breadcrumb\"},\"inLanguage\":\"fr-FR\",\"potentialAction\":[{\"@type\":\"ReadAction\",\"target\":[\"https:\/\/infolocale.ouest-france.fr\/blog\/delai-convoquer-assemblee-generale\/\"]}]},{\"@type\":\"ImageObject\",\"inLanguage\":\"fr-FR\",\"@id\":\"https:\/\/infolocale.ouest-france.fr\/blog\/delai-convoquer-assemblee-generale\/#primaryimage\",\"url\":\"https:\/\/infolocale.20minutes.fr\/blog\/wp-content\/uploads\/2021\/12\/quand-envoyer-convocation-assemblee-generale.jpg\",\"contentUrl\":\"https:\/\/infolocale.20minutes.fr\/blog\/wp-content\/uploads\/2021\/12\/quand-envoyer-convocation-assemblee-generale.jpg\",\"width\":900,\"height\":630,\"caption\":\"d\u00e9lai pour convoquer une assembl\u00e9e g\u00e9n\u00e9rale d'association\"},{\"@type\":\"BreadcrumbList\",\"@id\":\"https:\/\/infolocale.ouest-france.fr\/blog\/delai-convoquer-assemblee-generale\/#breadcrumb\",\"itemListElement\":[{\"@type\":\"ListItem\",\"position\":1,\"name\":\"Blog\",\"item\":\"https:\/\/infolocale.ouest-france.fr\/blog\/\"},{\"@type\":\"ListItem\",\"position\":2,\"name\":\"Cr\u00e9er et g\u00e9rer une association\",\"item\":\"https:\/\/infolocale.ouest-france.fr\/blog\/cat\/creer-et-administrer-une-association-1901\/\"},{\"@type\":\"ListItem\",\"position\":3,\"name\":\"Dans quel d\u00e9lai faire parvenir la convocation \u00e0 votre assembl\u00e9e g\u00e9n\u00e9rale ?\"}]},{\"@type\":\"WebSite\",\"@id\":\"https:\/\/www.infolocale.fr\/blog\/#website\",\"url\":\"https:\/\/www.infolocale.fr\/blog\/\",\"name\":\"\",\"description\":\"\",\"publisher\":{\"@id\":\"https:\/\/www.infolocale.fr\/blog\/#organization\"},\"potentialAction\":[{\"@type\":\"SearchAction\",\"target\":{\"@type\":\"EntryPoint\",\"urlTemplate\":\"https:\/\/www.infolocale.fr\/blog\/?s={search_term_string}\"},\"query-input\":\"required name=search_term_string\"}],\"inLanguage\":\"fr-FR\"},{\"@type\":\"Organization\",\"@id\":\"https:\/\/www.infolocale.fr\/blog\/#organization\",\"name\":\"Infolocale\",\"url\":\"https:\/\/www.infolocale.fr\/blog\/\",\"logo\":{\"@type\":\"ImageObject\",\"inLanguage\":\"fr-FR\",\"@id\":\"https:\/\/www.infolocale.fr\/blog\/#\/schema\/logo\/image\/\",\"url\":\"https:\/\/www.infolocale.fr\/blog\/wp-content\/uploads\/2020\/11\/logol.jpg\",\"contentUrl\":\"https:\/\/www.infolocale.fr\/blog\/wp-content\/uploads\/2020\/11\/logol.jpg\",\"width\":1031,\"height\":398,\"caption\":\"Infolocale\"},\"image\":{\"@id\":\"https:\/\/www.infolocale.fr\/blog\/#\/schema\/logo\/image\/\"},\"sameAs\":[\"https:\/\/www.facebook.com\/infolocaleFR\/\",\"https:\/\/x.com\/infolocale\",\"https:\/\/www.instagram.com\/infolocale\/\",\"https:\/\/fr.linkedin.com\/company\/infolocale\",\"https:\/\/www.youtube.com\/channel\/UCnv4FA8EYEuu_si3TGr7xeA\"]},{\"@type\":\"Person\",\"@id\":\"https:\/\/www.infolocale.fr\/blog\/#\/schema\/person\/f0f748ece99417833166b3ba8890f3db\",\"name\":\"Morgan\",\"image\":{\"@type\":\"ImageObject\",\"inLanguage\":\"fr-FR\",\"@id\":\"https:\/\/www.infolocale.fr\/blog\/#\/schema\/person\/image\/\",\"url\":\"https:\/\/secure.gravatar.com\/avatar\/a22ec2a0cc817ae9fa3ff7341a213632?s=96&d=mm&r=g\",\"contentUrl\":\"https:\/\/secure.gravatar.com\/avatar\/a22ec2a0cc817ae9fa3ff7341a213632?s=96&d=mm&r=g\",\"caption\":\"Morgan\"},\"url\":\"https:\/\/infolocale.20minutes.fr\/blog\/author\/morgan-delepine\/\"}]}<\/script>\n<!-- \/ Yoast SEO plugin. -->","yoast_head_json":{"title":"Quel d\u00e9lai de convocation pour l'assembl\u00e9e g\u00e9n\u00e9rale d'une association ? |","description":"Le d\u00e9lai d'envoi d'une convocation \u00e0 l'assembl\u00e9e g\u00e9n\u00e9rale n'est pas fix\u00e9 par la loi. La r\u00e8gle est souvent inscrite dans les statuts...","robots":{"index":"index","follow":"follow","max-snippet":"max-snippet:-1","max-image-preview":"max-image-preview:large","max-video-preview":"max-video-preview:-1"},"canonical":"https:\/\/infolocale.ouest-france.fr\/blog\/delai-convoquer-assemblee-generale\/","og_locale":"fr_FR","og_type":"article","og_title":"Quel d\u00e9lai de convocation pour l'assembl\u00e9e g\u00e9n\u00e9rale d'une association ? |","og_description":"Le d\u00e9lai d'envoi d'une convocation \u00e0 l'assembl\u00e9e g\u00e9n\u00e9rale n'est pas fix\u00e9 par la loi. La r\u00e8gle est souvent inscrite dans les statuts...","og_url":"https:\/\/infolocale.ouest-france.fr\/blog\/delai-convoquer-assemblee-generale\/","article_publisher":"https:\/\/www.facebook.com\/infolocaleFR\/","article_published_time":"2021-12-17T10:46:19+00:00","article_modified_time":"2023-10-19T10:17:19+00:00","og_image":[{"width":900,"height":630,"url":"https:\/\/infolocale.ouest-france.fr\/blog\/wp-content\/uploads\/2021\/12\/quand-envoyer-convocation-assemblee-generale.jpg","type":"image\/jpeg"}],"author":"Morgan","twitter_card":"summary_large_image","twitter_creator":"@infolocale","twitter_site":"@infolocale","twitter_misc":{"\u00c9crit par":"Morgan","Dur\u00e9e de lecture estim\u00e9e":"3 minutes"},"schema":{"@context":"https:\/\/schema.org","@graph":[{"@type":"Article","@id":"https:\/\/infolocale.ouest-france.fr\/blog\/delai-convoquer-assemblee-generale\/#article","isPartOf":{"@id":"https:\/\/infolocale.ouest-france.fr\/blog\/delai-convoquer-assemblee-generale\/"},"author":{"name":"Morgan","@id":"https:\/\/www.infolocale.fr\/blog\/#\/schema\/person\/f0f748ece99417833166b3ba8890f3db"},"headline":"Dans quel d\u00e9lai faire parvenir la convocation \u00e0 votre assembl\u00e9e g\u00e9n\u00e9rale ?","datePublished":"2021-12-17T10:46:19+00:00","dateModified":"2023-10-19T10:17:19+00:00","mainEntityOfPage":{"@id":"https:\/\/infolocale.ouest-france.fr\/blog\/delai-convoquer-assemblee-generale\/"},"wordCount":526,"commentCount":0,"publisher":{"@id":"https:\/\/www.infolocale.fr\/blog\/#organization"},"image":{"@id":"https:\/\/infolocale.ouest-france.fr\/blog\/delai-convoquer-assemblee-generale\/#primaryimage"},"thumbnailUrl":"https:\/\/infolocale.20minutes.fr\/blog\/wp-content\/uploads\/2021\/12\/quand-envoyer-convocation-assemblee-generale.jpg","keywords":["Assembl\u00e9e g\u00e9n\u00e9rale ordinaire"],"articleSection":["Cr\u00e9er et g\u00e9rer une association"],"inLanguage":"fr-FR","potentialAction":[{"@type":"CommentAction","name":"Comment","target":["https:\/\/infolocale.ouest-france.fr\/blog\/delai-convoquer-assemblee-generale\/#respond"]}]},{"@type":"WebPage","@id":"https:\/\/infolocale.ouest-france.fr\/blog\/delai-convoquer-assemblee-generale\/","url":"https:\/\/infolocale.ouest-france.fr\/blog\/delai-convoquer-assemblee-generale\/","name":"Quel d\u00e9lai de convocation pour l'assembl\u00e9e g\u00e9n\u00e9rale d'une association ? |","isPartOf":{"@id":"https:\/\/www.infolocale.fr\/blog\/#website"},"primaryImageOfPage":{"@id":"https:\/\/infolocale.ouest-france.fr\/blog\/delai-convoquer-assemblee-generale\/#primaryimage"},"image":{"@id":"https:\/\/infolocale.ouest-france.fr\/blog\/delai-convoquer-assemblee-generale\/#primaryimage"},"thumbnailUrl":"https:\/\/infolocale.20minutes.fr\/blog\/wp-content\/uploads\/2021\/12\/quand-envoyer-convocation-assemblee-generale.jpg","datePublished":"2021-12-17T10:46:19+00:00","dateModified":"2023-10-19T10:17:19+00:00","description":"Le d\u00e9lai d'envoi d'une convocation \u00e0 l'assembl\u00e9e g\u00e9n\u00e9rale n'est pas fix\u00e9 par la loi. La r\u00e8gle est souvent inscrite dans les statuts...","breadcrumb":{"@id":"https:\/\/infolocale.ouest-france.fr\/blog\/delai-convoquer-assemblee-generale\/#breadcrumb"},"inLanguage":"fr-FR","potentialAction":[{"@type":"ReadAction","target":["https:\/\/infolocale.ouest-france.fr\/blog\/delai-convoquer-assemblee-generale\/"]}]},{"@type":"ImageObject","inLanguage":"fr-FR","@id":"https:\/\/infolocale.ouest-france.fr\/blog\/delai-convoquer-assemblee-generale\/#primaryimage","url":"https:\/\/infolocale.20minutes.fr\/blog\/wp-content\/uploads\/2021\/12\/quand-envoyer-convocation-assemblee-generale.jpg","contentUrl":"https:\/\/infolocale.20minutes.fr\/blog\/wp-content\/uploads\/2021\/12\/quand-envoyer-convocation-assemblee-generale.jpg","width":900,"height":630,"caption":"d\u00e9lai pour convoquer une assembl\u00e9e g\u00e9n\u00e9rale d'association"},{"@type":"BreadcrumbList","@id":"https:\/\/infolocale.ouest-france.fr\/blog\/delai-convoquer-assemblee-generale\/#breadcrumb","itemListElement":[{"@type":"ListItem","position":1,"name":"Blog","item":"https:\/\/infolocale.ouest-france.fr\/blog\/"},{"@type":"ListItem","position":2,"name":"Cr\u00e9er et g\u00e9rer une association","item":"https:\/\/infolocale.ouest-france.fr\/blog\/cat\/creer-et-administrer-une-association-1901\/"},{"@type":"ListItem","position":3,"name":"Dans quel d\u00e9lai faire parvenir la convocation \u00e0 votre assembl\u00e9e g\u00e9n\u00e9rale ?"}]},{"@type":"WebSite","@id":"https:\/\/www.infolocale.fr\/blog\/#website","url":"https:\/\/www.infolocale.fr\/blog\/","name":"","description":"","publisher":{"@id":"https:\/\/www.infolocale.fr\/blog\/#organization"},"potentialAction":[{"@type":"SearchAction","target":{"@type":"EntryPoint","urlTemplate":"https:\/\/www.infolocale.fr\/blog\/?s={search_term_string}"},"query-input":"required name=search_term_string"}],"inLanguage":"fr-FR"},{"@type":"Organization","@id":"https:\/\/www.infolocale.fr\/blog\/#organization","name":"Infolocale","url":"https:\/\/www.infolocale.fr\/blog\/","logo":{"@type":"ImageObject","inLanguage":"fr-FR","@id":"https:\/\/www.infolocale.fr\/blog\/#\/schema\/logo\/image\/","url":"https:\/\/www.infolocale.fr\/blog\/wp-content\/uploads\/2020\/11\/logol.jpg","contentUrl":"https:\/\/www.infolocale.fr\/blog\/wp-content\/uploads\/2020\/11\/logol.jpg","width":1031,"height":398,"caption":"Infolocale"},"image":{"@id":"https:\/\/www.infolocale.fr\/blog\/#\/schema\/logo\/image\/"},"sameAs":["https:\/\/www.facebook.com\/infolocaleFR\/","https:\/\/x.com\/infolocale","https:\/\/www.instagram.com\/infolocale\/","https:\/\/fr.linkedin.com\/company\/infolocale","https:\/\/www.youtube.com\/channel\/UCnv4FA8EYEuu_si3TGr7xeA"]},{"@type":"Person","@id":"https:\/\/www.infolocale.fr\/blog\/#\/schema\/person\/f0f748ece99417833166b3ba8890f3db","name":"Morgan","image":{"@type":"ImageObject","inLanguage":"fr-FR","@id":"https:\/\/www.infolocale.fr\/blog\/#\/schema\/person\/image\/","url":"https:\/\/secure.gravatar.com\/avatar\/a22ec2a0cc817ae9fa3ff7341a213632?s=96&d=mm&r=g","contentUrl":"https:\/\/secure.gravatar.com\/avatar\/a22ec2a0cc817ae9fa3ff7341a213632?s=96&d=mm&r=g","caption":"Morgan"},"url":"https:\/\/infolocale.20minutes.fr\/blog\/author\/morgan-delepine\/"}]}},"_links":{"self":[{"href":"https:\/\/infolocale.20minutes.fr\/blog\/wp-json\/wp\/v2\/posts\/16495"}],"collection":[{"href":"https:\/\/infolocale.20minutes.fr\/blog\/wp-json\/wp\/v2\/posts"}],"about":[{"href":"https:\/\/infolocale.20minutes.fr\/blog\/wp-json\/wp\/v2\/types\/post"}],"author":[{"embeddable":true,"href":"https:\/\/infolocale.20minutes.fr\/blog\/wp-json\/wp\/v2\/users\/2"}],"replies":[{"embeddable":true,"href":"https:\/\/infolocale.20minutes.fr\/blog\/wp-json\/wp\/v2\/comments?post=16495"}],"version-history":[{"count":0,"href":"https:\/\/infolocale.20minutes.fr\/blog\/wp-json\/wp\/v2\/posts\/16495\/revisions"}],"wp:featuredmedia":[{"embeddable":true,"href":"https:\/\/infolocale.20minutes.fr\/blog\/wp-json\/wp\/v2\/media\/16505"}],"wp:attachment":[{"href":"https:\/\/infolocale.20minutes.fr\/blog\/wp-json\/wp\/v2\/media?parent=16495"}],"wp:term":[{"taxonomy":"category","embeddable":true,"href":"https:\/\/infolocale.20minutes.fr\/blog\/wp-json\/wp\/v2\/categories?post=16495"},{"taxonomy":"post_tag","embeddable":true,"href":"https:\/\/infolocale.20minutes.fr\/blog\/wp-json\/wp\/v2\/tags?post=16495"}],"curies":[{"name":"wp","href":"https:\/\/api.w.org\/{rel}","templated":true}]}}