{"id":16209,"date":"2021-12-14T18:05:37","date_gmt":"2021-12-14T17:05:37","guid":{"rendered":"https:\/\/www.infolocale.fr\/blog\/?p=16209"},"modified":"2021-12-15T15:52:40","modified_gmt":"2021-12-15T14:52:40","slug":"les-nuits-de-la-lecture-pour-conquerir-des-lecteurs","status":"publish","type":"post","link":"https:\/\/infolocale.20minutes.fr\/blog\/les-nuits-de-la-lecture-pour-conquerir-des-lecteurs\/","title":{"rendered":"6e Nuits de la lecture pour conqu\u00e9rir des  lecteurs"},"content":{"rendered":"\n<p><a href=\"https:\/\/nuitdelalecture.culture.gouv.fr\/\" target=\"_blank\" rel=\"noreferrer noopener\">La 6e \u00e9dition des <em>Nuits de la lecture<\/em><\/a> se tiendra du jeudi 20 au dimanche 23 janvier 2022. Les Nuits de la lecture sont n\u00e9cessaires pour conqu\u00e9rir des lecteurs. Leur objectif est de \u00ab\u00a0<strong>R\u00e9affirmer la<\/strong> <strong>place essentielle du livre et de la lecture dans nos vies<\/strong>\u00a0\u00bb a pr\u00e9cis\u00e9 le Pr\u00e9sident de la R\u00e9publique en d\u00e9clarant la lecture \u00ab\u00a0<strong>grande cause nationale<\/strong>\u00a0\u00bb.<\/p>\n\n\n\n<p>L&rsquo;<strong>amour<\/strong> est le th\u00e8me de l&rsquo;\u00e9dition de 2022, dont l&rsquo;organisation a \u00e9t\u00e9 confi\u00e9e au Centre national du livre (CNL). La manifestation mettra&nbsp;particuli\u00e8rement \u00e0 l&rsquo;honneur, la lecture \u00e0 voix haute.<\/p>\n\n\n\n<h2 class=\"wp-block-heading\">Des textes mis \u00e0 disposition pour organiser vos <em>Nuits de la lecture<\/em><\/h2>\n\n\n\n<p>Vous souhaitez participer \u00e0 cette manifestation ? Proposer un \u00e9v\u00e9nement ? Cette ann\u00e9e, le CNL met \u00e0 votre disposition un montage de textes autour de l&rsquo;amour. Ces textes, issus des classiques de la Litt\u00e9rature, vous permettent d&rsquo;organiser une ou plusieurs lectures \u00e0 l&rsquo;occasion de vos \u00e9v\u00e8nements, programm\u00e9s dans ce contexte. N&rsquo;h\u00e9sitez pas \u00e0 leur donner de la visibilit\u00e9 en d\u00e9posant l&rsquo;annonce de vos \u00e9v\u00e9nements sur Infolocale.fr<\/p>\n\n\n\n<div class=\"wp-block-buttons is-horizontal is-content-justification-center is-layout-flex wp-container-core-buttons-is-layout-1 wp-block-buttons-is-layout-flex\">\n<div class=\"wp-block-button\"><a class=\"wp-block-button__link has-white-color has-luminous-vivid-amber-background-color has-text-color has-background wp-element-button\"><strong>&gt;&gt;Inscrire mon asso \u00e0 Infolocale <\/strong><\/a><\/div>\n<\/div>\n\n\n\n<p>Le public est invit\u00e9 \u00e0 se r\u00e9unir \u00e0 l\u2019occasion des milliers d\u2019\u00e9v\u00e9nements physiques et num\u00e9riques autour du th\u00e8me de l\u2019amour, sous l\u2019injonction de Victor Hugo \u00ab&nbsp;<strong><em>Aimons toujours&nbsp;! Aimons encore&nbsp;!<\/em><\/strong>&nbsp;\u00bb<\/p>\n\n\n\n<figure class=\"wp-block-embed is-type-video is-provider-youtube wp-block-embed-youtube wp-embed-aspect-16-9 wp-has-aspect-ratio\"><div class=\"wp-block-embed__wrapper\">\n<iframe title=\"La minute de po\u00e9sie : Aimons toujours ! Aimons encore ! [Victor Hugo]\" width=\"1020\" height=\"574\" src=\"https:\/\/www.youtube.com\/embed\/wasMYFazlYU?feature=oembed&#038;enablejsapi=1&#038;origin=https:\/\/www.infolocale.fr\" frameborder=\"0\" allow=\"accelerometer; autoplay; clipboard-write; encrypted-media; gyroscope; picture-in-picture\" allowfullscreen><\/iframe>\n<\/div><\/figure>\n\n\n\n<h2 class=\"wp-block-heading\"><strong>Participez \u00e0 ce grand rendez-vous nationa<\/strong>l <\/h2>\n\n\n\n<p>Comme pour <a href=\"https:\/\/www.infolocale.fr\/blog\/nuits-de-la-lecture\/\">l&rsquo;\u00e9dition de 2021<\/a> des <em>Nuits de la lecture<\/em>, nous retrouvons les utilisateurs de notre site. La biblioth\u00e8que Alexis-de-Tocqueville de Caen (14), la biblioth\u00e8que de Maul\u00e9vrier (49) et la m\u00e9diath\u00e8que de Nort-sur-Erdre (44) ont r\u00e9pondu pr\u00e9sentes \u00e0 la sollicitation du minist\u00e8re de la Culture et de la communication et pr\u00e9vu diff\u00e9rentes animations dans le cadre des <em>Nuits de la lecture<\/em> 2022.<\/p>\n\n\n\n<p><a href=\"https:\/\/infolocale.ouest-france.fr\/collectivites-institutions\/mairie-de-nort-sur-erdre-487151\/evenement-nort-sur-erdre-litterature-nuits-de-la-lecture-7396641\">La m\u00e9diath\u00e8que de Nort-sur-Erdre<\/a> ouvre ses portes le temps de la soir\u00e9e du vendredi 21 janvier.<\/p>\n\n\n\n<p>La <a href=\"https:\/\/infolocale.ouest-france.fr\/collectivites-institutions\/bibliotheque-de-maulevrier-396547\/evenement-maulevrier-litterature-nuits-de-la-lecture-7398029\">biblioth\u00e8que de Maul\u00e9vrier<\/a> lance l&rsquo;invitation pour la soir\u00e9e du samedi 22 janvier, \u00ab\u00a0dans une ambiance tamis\u00e9e, venez \u00e9couter des histoires \u00e0 haute voix.\u00a0\u00bb <\/p>\n\n\n\n<p><a href=\"https:\/\/www.infolocale.fr\/equipements-publics\/bibliotheque-alexis-de-tocqueville-59707\/evenement-caen-activite-de-loisirs-deambulation-en-exterieur-nuits-de-la-lecture-exoterritoires-7400629\">La biblioth\u00e8que de Caen<\/a> propose plusieurs manifestations, qu&rsquo;elle vous invite \u00e0 d\u00e9couvrir le samedi 22 janvier <\/p>\n\n\n\n<ul class=\"wp-block-list\"><li> D\u00e8s 10 h 30, commencez les festivit\u00e9s plac\u00e9es sous les couleurs des <em>Nuits de la lecture <\/em>par <a href=\"https:\/\/www.infolocale.fr\/equipements-publics\/bibliotheque-alexis-de-tocqueville-59707\/evenement-caen-activite-de-loisirs-spectacle-nuit-de-la-lecture-pareidolies-7399212\">le spectacle \u00ab pareidolies \u00bb<\/a>  <\/li><li>A 15 h 30,  d\u00e9couvrer l&rsquo;<em><a href=\"https:\/\/www.infolocale.fr\/equipements-publics\/bibliotheque-alexis-de-tocqueville-59707\/evenement-caen-activite-de-loisirs-installation-sonore-immersive-nuits-de-la-lecture-softlove-7400598\">Installation sonore immersive : nuits de la lecture #Softlove<\/a><\/em>, une sensibilisation aux interfaces num\u00e9riques.<\/li><li>De 17 h \u00e0 20 h, Objectif Lune ! un groupe de spectateurs s\u2019\u00e9quipera de combinaisons et d\u00e9collera en <a href=\"https:\/\/www.infolocale.fr\/equipements-publics\/bibliotheque-alexis-de-tocqueville-59707\/evenement-caen-activite-de-loisirs-visites-theatralisees-nuits-de-la-lecture-7400575\">compagnie d\u2019un astronaute pour une plan\u00e8te inconnue<\/a>. <\/li><li>A 19 h, petits et grands embarquent dans son univers, pour <a href=\"https:\/\/www.infolocale.fr\/equipements-publics\/bibliotheque-alexis-de-tocqueville-59707\/evenement-caen-activite-de-loisirs-deambulation-en-exterieur-nuits-de-la-lecture-exoterritoires-7400629\">un voyage dans le temps<\/a> \u00e0 la d\u00e9couverte de l&rsquo;histoire de la biblioth\u00e8que, ses tr\u00e9sors\u2026<\/li><li>A 20 h, les adolescents sont attendus pour d\u00e9couvrir la <a href=\"http:\/\/A 20 h, les adolescents sont attendus pour d\u00e9couvrir la performance musicale desssin\u00e9e autour de la Divine Com\u00e9die de Dante.\">performance musicale dessin\u00e9e <\/a>autour de la <em>Divine Com\u00e9die<\/em> de Dante.<\/li><\/ul>\n\n\n\n<p>Ces organismes ont d\u00e9j\u00e0 d\u00e9pos\u00e9 leurs annonces d&rsquo;\u00e9v\u00e9nements, programm\u00e9s dans le cadre des prochaines <em>Nuits de la<\/em> <em>lecture<\/em>. Et vous ?<\/p>\n\n\n<div class=\"wp-block-image is-resized\">\n<figure class=\"aligncenter size-large has-lightbox\"><a href=\"https:\/\/www.infolocale.fr\/decouvrir\/deposant\/?utm_source=blog&amp;utm_medium=banner&amp;utm_campaign=blog-content\"><img fetchpriority=\"high\" decoding=\"async\" width=\"1024\" height=\"1024\" src=\"https:\/\/www.infolocale.fr\/blog\/wp-content\/uploads\/2021\/11\/banniere-NLDASSO-carree1500x1500-1024x1024.jpg\" alt=\"\" class=\"wp-image-23946\" srcset=\"https:\/\/infolocale.20minutes.fr\/blog\/wp-content\/uploads\/2021\/11\/banniere-NLDASSO-carree1500x1500-1024x1024.jpg 1024w, https:\/\/infolocale.20minutes.fr\/blog\/wp-content\/uploads\/2021\/11\/banniere-NLDASSO-carree1500x1500-300x300.jpg 300w, https:\/\/infolocale.20minutes.fr\/blog\/wp-content\/uploads\/2021\/11\/banniere-NLDASSO-carree1500x1500-150x150.jpg 150w, https:\/\/infolocale.20minutes.fr\/blog\/wp-content\/uploads\/2021\/11\/banniere-NLDASSO-carree1500x1500-768x768.jpg 768w, https:\/\/infolocale.20minutes.fr\/blog\/wp-content\/uploads\/2021\/11\/banniere-NLDASSO-carree1500x1500.jpg 1500w\" sizes=\"(max-width: 1024px) 100vw, 1024px\" \/><\/a><\/figure><\/div>","protected":false},"excerpt":{"rendered":"<p>La 6e \u00e9dition des Nuits de la lecture pour conqu\u00e9rir des lecteurs du 20 au 23 janvier 2022.<\/p>\n","protected":false},"author":8,"featured_media":16210,"comment_status":"open","ping_status":"open","sticky":false,"template":"","format":"standard","meta":{"_coblocks_attr":"","_coblocks_dimensions":"","_coblocks_responsive_height":"","_coblocks_accordion_ie_support":"","_mo_disable_npp":"","footnotes":""},"categories":[6],"tags":[],"class_list":["post-16209","post","type-post","status-publish","format-standard","has-post-thumbnail","hentry","category-actu-acteurs-locaux"],"yoast_head":"<!-- This site is optimized with the Yoast SEO plugin v23.2 - https:\/\/yoast.com\/wordpress\/plugins\/seo\/ -->\n<title>6e Nuits de la lecture pour conqu\u00e9rir des lecteurs |<\/title>\n<meta name=\"description\" content=\"La 6\u00e8me \u00e9dition des Nuits de la lecture se tiendra du jeudi 20 au dimanche 23 janvier 2022. conqui\u00e8rent de nouveaux lecteurs.\" \/>\n<meta name=\"robots\" content=\"index, follow, max-snippet:-1, max-image-preview:large, max-video-preview:-1\" \/>\n<link rel=\"canonical\" href=\"https:\/\/infolocale.20minutes.fr\/blog\/les-nuits-de-la-lecture-pour-conquerir-des-lecteurs\/\" \/>\n<meta property=\"og:locale\" content=\"fr_FR\" \/>\n<meta property=\"og:type\" content=\"article\" \/>\n<meta property=\"og:title\" content=\"6e Nuits de la lecture pour conqu\u00e9rir des lecteurs |\" \/>\n<meta property=\"og:description\" content=\"La 6\u00e8me \u00e9dition des Nuits de la lecture se tiendra du jeudi 20 au dimanche 23 janvier 2022. conqui\u00e8rent de nouveaux lecteurs.\" \/>\n<meta property=\"og:url\" content=\"https:\/\/infolocale.20minutes.fr\/blog\/les-nuits-de-la-lecture-pour-conquerir-des-lecteurs\/\" \/>\n<meta property=\"article:publisher\" content=\"https:\/\/www.facebook.com\/infolocaleFR\/\" \/>\n<meta property=\"article:published_time\" content=\"2021-12-14T17:05:37+00:00\" \/>\n<meta property=\"article:modified_time\" content=\"2021-12-15T14:52:40+00:00\" \/>\n<meta property=\"og:image\" content=\"https:\/\/infolocale.20minutes.fr\/blog\/wp-content\/uploads\/2021\/12\/CNL-NUITS-DE-LA-LECTURE.jpg\" \/>\n\t<meta property=\"og:image:width\" content=\"900\" \/>\n\t<meta property=\"og:image:height\" content=\"630\" \/>\n\t<meta property=\"og:image:type\" content=\"image\/jpeg\" \/>\n<meta name=\"author\" content=\"Myl\u00e8ne\" \/>\n<meta name=\"twitter:card\" content=\"summary_large_image\" \/>\n<meta name=\"twitter:creator\" content=\"@infolocale\" \/>\n<meta name=\"twitter:site\" content=\"@infolocale\" \/>\n<meta name=\"twitter:label1\" content=\"\u00c9crit par\" \/>\n\t<meta name=\"twitter:data1\" content=\"Myl\u00e8ne\" \/>\n\t<meta name=\"twitter:label2\" content=\"Dur\u00e9e de lecture estim\u00e9e\" \/>\n\t<meta name=\"twitter:data2\" content=\"2 minutes\" \/>\n<script type=\"application\/ld+json\" class=\"yoast-schema-graph\">{\"@context\":\"https:\/\/schema.org\",\"@graph\":[{\"@type\":\"Article\",\"@id\":\"https:\/\/infolocale.20minutes.fr\/blog\/les-nuits-de-la-lecture-pour-conquerir-des-lecteurs\/#article\",\"isPartOf\":{\"@id\":\"https:\/\/infolocale.20minutes.fr\/blog\/les-nuits-de-la-lecture-pour-conquerir-des-lecteurs\/\"},\"author\":{\"name\":\"Myl\u00e8ne\",\"@id\":\"https:\/\/www.infolocale.fr\/blog\/#\/schema\/person\/bf2dc50c6636ffa2ce3e44ef1f9eb97f\"},\"headline\":\"6e Nuits de la lecture pour conqu\u00e9rir des lecteurs\",\"datePublished\":\"2021-12-14T17:05:37+00:00\",\"dateModified\":\"2021-12-15T14:52:40+00:00\",\"mainEntityOfPage\":{\"@id\":\"https:\/\/infolocale.20minutes.fr\/blog\/les-nuits-de-la-lecture-pour-conquerir-des-lecteurs\/\"},\"wordCount\":504,\"commentCount\":0,\"publisher\":{\"@id\":\"https:\/\/www.infolocale.fr\/blog\/#organization\"},\"image\":{\"@id\":\"https:\/\/infolocale.20minutes.fr\/blog\/les-nuits-de-la-lecture-pour-conquerir-des-lecteurs\/#primaryimage\"},\"thumbnailUrl\":\"https:\/\/infolocale.20minutes.fr\/blog\/wp-content\/uploads\/2021\/12\/CNL-NUITS-DE-LA-LECTURE.jpg\",\"articleSection\":[\"En ce moment\"],\"inLanguage\":\"fr-FR\",\"potentialAction\":[{\"@type\":\"CommentAction\",\"name\":\"Comment\",\"target\":[\"https:\/\/infolocale.20minutes.fr\/blog\/les-nuits-de-la-lecture-pour-conquerir-des-lecteurs\/#respond\"]}]},{\"@type\":\"WebPage\",\"@id\":\"https:\/\/infolocale.20minutes.fr\/blog\/les-nuits-de-la-lecture-pour-conquerir-des-lecteurs\/\",\"url\":\"https:\/\/infolocale.20minutes.fr\/blog\/les-nuits-de-la-lecture-pour-conquerir-des-lecteurs\/\",\"name\":\"6e Nuits de la lecture pour conqu\u00e9rir des lecteurs |\",\"isPartOf\":{\"@id\":\"https:\/\/www.infolocale.fr\/blog\/#website\"},\"primaryImageOfPage\":{\"@id\":\"https:\/\/infolocale.20minutes.fr\/blog\/les-nuits-de-la-lecture-pour-conquerir-des-lecteurs\/#primaryimage\"},\"image\":{\"@id\":\"https:\/\/infolocale.20minutes.fr\/blog\/les-nuits-de-la-lecture-pour-conquerir-des-lecteurs\/#primaryimage\"},\"thumbnailUrl\":\"https:\/\/infolocale.20minutes.fr\/blog\/wp-content\/uploads\/2021\/12\/CNL-NUITS-DE-LA-LECTURE.jpg\",\"datePublished\":\"2021-12-14T17:05:37+00:00\",\"dateModified\":\"2021-12-15T14:52:40+00:00\",\"description\":\"La 6\u00e8me \u00e9dition des Nuits de la lecture se tiendra du jeudi 20 au dimanche 23 janvier 2022. conqui\u00e8rent de nouveaux lecteurs.\",\"breadcrumb\":{\"@id\":\"https:\/\/infolocale.20minutes.fr\/blog\/les-nuits-de-la-lecture-pour-conquerir-des-lecteurs\/#breadcrumb\"},\"inLanguage\":\"fr-FR\",\"potentialAction\":[{\"@type\":\"ReadAction\",\"target\":[\"https:\/\/infolocale.20minutes.fr\/blog\/les-nuits-de-la-lecture-pour-conquerir-des-lecteurs\/\"]}]},{\"@type\":\"ImageObject\",\"inLanguage\":\"fr-FR\",\"@id\":\"https:\/\/infolocale.20minutes.fr\/blog\/les-nuits-de-la-lecture-pour-conquerir-des-lecteurs\/#primaryimage\",\"url\":\"https:\/\/infolocale.20minutes.fr\/blog\/wp-content\/uploads\/2021\/12\/CNL-NUITS-DE-LA-LECTURE.jpg\",\"contentUrl\":\"https:\/\/infolocale.20minutes.fr\/blog\/wp-content\/uploads\/2021\/12\/CNL-NUITS-DE-LA-LECTURE.jpg\",\"width\":900,\"height\":630},{\"@type\":\"BreadcrumbList\",\"@id\":\"https:\/\/infolocale.20minutes.fr\/blog\/les-nuits-de-la-lecture-pour-conquerir-des-lecteurs\/#breadcrumb\",\"itemListElement\":[{\"@type\":\"ListItem\",\"position\":1,\"name\":\"Blog\",\"item\":\"https:\/\/infolocale.ouest-france.fr\/blog\/\"},{\"@type\":\"ListItem\",\"position\":2,\"name\":\"En ce moment\",\"item\":\"https:\/\/infolocale.20minutes.fr\/blog\/cat\/actu-acteurs-locaux\/\"},{\"@type\":\"ListItem\",\"position\":3,\"name\":\"6e Nuits de la lecture pour conqu\u00e9rir des lecteurs\"}]},{\"@type\":\"WebSite\",\"@id\":\"https:\/\/www.infolocale.fr\/blog\/#website\",\"url\":\"https:\/\/www.infolocale.fr\/blog\/\",\"name\":\"\",\"description\":\"\",\"publisher\":{\"@id\":\"https:\/\/www.infolocale.fr\/blog\/#organization\"},\"potentialAction\":[{\"@type\":\"SearchAction\",\"target\":{\"@type\":\"EntryPoint\",\"urlTemplate\":\"https:\/\/www.infolocale.fr\/blog\/?s={search_term_string}\"},\"query-input\":\"required name=search_term_string\"}],\"inLanguage\":\"fr-FR\"},{\"@type\":\"Organization\",\"@id\":\"https:\/\/www.infolocale.fr\/blog\/#organization\",\"name\":\"Infolocale\",\"url\":\"https:\/\/www.infolocale.fr\/blog\/\",\"logo\":{\"@type\":\"ImageObject\",\"inLanguage\":\"fr-FR\",\"@id\":\"https:\/\/www.infolocale.fr\/blog\/#\/schema\/logo\/image\/\",\"url\":\"https:\/\/www.infolocale.fr\/blog\/wp-content\/uploads\/2020\/11\/logol.jpg\",\"contentUrl\":\"https:\/\/www.infolocale.fr\/blog\/wp-content\/uploads\/2020\/11\/logol.jpg\",\"width\":1031,\"height\":398,\"caption\":\"Infolocale\"},\"image\":{\"@id\":\"https:\/\/www.infolocale.fr\/blog\/#\/schema\/logo\/image\/\"},\"sameAs\":[\"https:\/\/www.facebook.com\/infolocaleFR\/\",\"https:\/\/x.com\/infolocale\",\"https:\/\/www.instagram.com\/infolocale\/\",\"https:\/\/fr.linkedin.com\/company\/infolocale\",\"https:\/\/www.youtube.com\/channel\/UCnv4FA8EYEuu_si3TGr7xeA\"]},{\"@type\":\"Person\",\"@id\":\"https:\/\/www.infolocale.fr\/blog\/#\/schema\/person\/bf2dc50c6636ffa2ce3e44ef1f9eb97f\",\"name\":\"Myl\u00e8ne\",\"image\":{\"@type\":\"ImageObject\",\"inLanguage\":\"fr-FR\",\"@id\":\"https:\/\/www.infolocale.fr\/blog\/#\/schema\/person\/image\/\",\"url\":\"https:\/\/secure.gravatar.com\/avatar\/49511f0ea4b41ed3062b218e30f07042?s=96&d=mm&r=g\",\"contentUrl\":\"https:\/\/secure.gravatar.com\/avatar\/49511f0ea4b41ed3062b218e30f07042?s=96&d=mm&r=g\",\"caption\":\"Myl\u00e8ne\"},\"url\":\"https:\/\/infolocale.20minutes.fr\/blog\/author\/mylene-michel\/\"}]}<\/script>\n<!-- \/ Yoast SEO plugin. -->","yoast_head_json":{"title":"6e Nuits de la lecture pour conqu\u00e9rir des lecteurs |","description":"La 6\u00e8me \u00e9dition des Nuits de la lecture se tiendra du jeudi 20 au dimanche 23 janvier 2022. conqui\u00e8rent de nouveaux lecteurs.","robots":{"index":"index","follow":"follow","max-snippet":"max-snippet:-1","max-image-preview":"max-image-preview:large","max-video-preview":"max-video-preview:-1"},"canonical":"https:\/\/infolocale.20minutes.fr\/blog\/les-nuits-de-la-lecture-pour-conquerir-des-lecteurs\/","og_locale":"fr_FR","og_type":"article","og_title":"6e Nuits de la lecture pour conqu\u00e9rir des lecteurs |","og_description":"La 6\u00e8me \u00e9dition des Nuits de la lecture se tiendra du jeudi 20 au dimanche 23 janvier 2022. conqui\u00e8rent de nouveaux lecteurs.","og_url":"https:\/\/infolocale.20minutes.fr\/blog\/les-nuits-de-la-lecture-pour-conquerir-des-lecteurs\/","article_publisher":"https:\/\/www.facebook.com\/infolocaleFR\/","article_published_time":"2021-12-14T17:05:37+00:00","article_modified_time":"2021-12-15T14:52:40+00:00","og_image":[{"width":900,"height":630,"url":"https:\/\/infolocale.20minutes.fr\/blog\/wp-content\/uploads\/2021\/12\/CNL-NUITS-DE-LA-LECTURE.jpg","type":"image\/jpeg"}],"author":"Myl\u00e8ne","twitter_card":"summary_large_image","twitter_creator":"@infolocale","twitter_site":"@infolocale","twitter_misc":{"\u00c9crit par":"Myl\u00e8ne","Dur\u00e9e de lecture estim\u00e9e":"2 minutes"},"schema":{"@context":"https:\/\/schema.org","@graph":[{"@type":"Article","@id":"https:\/\/infolocale.20minutes.fr\/blog\/les-nuits-de-la-lecture-pour-conquerir-des-lecteurs\/#article","isPartOf":{"@id":"https:\/\/infolocale.20minutes.fr\/blog\/les-nuits-de-la-lecture-pour-conquerir-des-lecteurs\/"},"author":{"name":"Myl\u00e8ne","@id":"https:\/\/www.infolocale.fr\/blog\/#\/schema\/person\/bf2dc50c6636ffa2ce3e44ef1f9eb97f"},"headline":"6e Nuits de la lecture pour conqu\u00e9rir des lecteurs","datePublished":"2021-12-14T17:05:37+00:00","dateModified":"2021-12-15T14:52:40+00:00","mainEntityOfPage":{"@id":"https:\/\/infolocale.20minutes.fr\/blog\/les-nuits-de-la-lecture-pour-conquerir-des-lecteurs\/"},"wordCount":504,"commentCount":0,"publisher":{"@id":"https:\/\/www.infolocale.fr\/blog\/#organization"},"image":{"@id":"https:\/\/infolocale.20minutes.fr\/blog\/les-nuits-de-la-lecture-pour-conquerir-des-lecteurs\/#primaryimage"},"thumbnailUrl":"https:\/\/infolocale.20minutes.fr\/blog\/wp-content\/uploads\/2021\/12\/CNL-NUITS-DE-LA-LECTURE.jpg","articleSection":["En ce moment"],"inLanguage":"fr-FR","potentialAction":[{"@type":"CommentAction","name":"Comment","target":["https:\/\/infolocale.20minutes.fr\/blog\/les-nuits-de-la-lecture-pour-conquerir-des-lecteurs\/#respond"]}]},{"@type":"WebPage","@id":"https:\/\/infolocale.20minutes.fr\/blog\/les-nuits-de-la-lecture-pour-conquerir-des-lecteurs\/","url":"https:\/\/infolocale.20minutes.fr\/blog\/les-nuits-de-la-lecture-pour-conquerir-des-lecteurs\/","name":"6e Nuits de la lecture pour conqu\u00e9rir des lecteurs |","isPartOf":{"@id":"https:\/\/www.infolocale.fr\/blog\/#website"},"primaryImageOfPage":{"@id":"https:\/\/infolocale.20minutes.fr\/blog\/les-nuits-de-la-lecture-pour-conquerir-des-lecteurs\/#primaryimage"},"image":{"@id":"https:\/\/infolocale.20minutes.fr\/blog\/les-nuits-de-la-lecture-pour-conquerir-des-lecteurs\/#primaryimage"},"thumbnailUrl":"https:\/\/infolocale.20minutes.fr\/blog\/wp-content\/uploads\/2021\/12\/CNL-NUITS-DE-LA-LECTURE.jpg","datePublished":"2021-12-14T17:05:37+00:00","dateModified":"2021-12-15T14:52:40+00:00","description":"La 6\u00e8me \u00e9dition des Nuits de la lecture se tiendra du jeudi 20 au dimanche 23 janvier 2022. conqui\u00e8rent de nouveaux lecteurs.","breadcrumb":{"@id":"https:\/\/infolocale.20minutes.fr\/blog\/les-nuits-de-la-lecture-pour-conquerir-des-lecteurs\/#breadcrumb"},"inLanguage":"fr-FR","potentialAction":[{"@type":"ReadAction","target":["https:\/\/infolocale.20minutes.fr\/blog\/les-nuits-de-la-lecture-pour-conquerir-des-lecteurs\/"]}]},{"@type":"ImageObject","inLanguage":"fr-FR","@id":"https:\/\/infolocale.20minutes.fr\/blog\/les-nuits-de-la-lecture-pour-conquerir-des-lecteurs\/#primaryimage","url":"https:\/\/infolocale.20minutes.fr\/blog\/wp-content\/uploads\/2021\/12\/CNL-NUITS-DE-LA-LECTURE.jpg","contentUrl":"https:\/\/infolocale.20minutes.fr\/blog\/wp-content\/uploads\/2021\/12\/CNL-NUITS-DE-LA-LECTURE.jpg","width":900,"height":630},{"@type":"BreadcrumbList","@id":"https:\/\/infolocale.20minutes.fr\/blog\/les-nuits-de-la-lecture-pour-conquerir-des-lecteurs\/#breadcrumb","itemListElement":[{"@type":"ListItem","position":1,"name":"Blog","item":"https:\/\/infolocale.ouest-france.fr\/blog\/"},{"@type":"ListItem","position":2,"name":"En ce moment","item":"https:\/\/infolocale.20minutes.fr\/blog\/cat\/actu-acteurs-locaux\/"},{"@type":"ListItem","position":3,"name":"6e Nuits de la lecture pour conqu\u00e9rir des lecteurs"}]},{"@type":"WebSite","@id":"https:\/\/www.infolocale.fr\/blog\/#website","url":"https:\/\/www.infolocale.fr\/blog\/","name":"","description":"","publisher":{"@id":"https:\/\/www.infolocale.fr\/blog\/#organization"},"potentialAction":[{"@type":"SearchAction","target":{"@type":"EntryPoint","urlTemplate":"https:\/\/www.infolocale.fr\/blog\/?s={search_term_string}"},"query-input":"required name=search_term_string"}],"inLanguage":"fr-FR"},{"@type":"Organization","@id":"https:\/\/www.infolocale.fr\/blog\/#organization","name":"Infolocale","url":"https:\/\/www.infolocale.fr\/blog\/","logo":{"@type":"ImageObject","inLanguage":"fr-FR","@id":"https:\/\/www.infolocale.fr\/blog\/#\/schema\/logo\/image\/","url":"https:\/\/www.infolocale.fr\/blog\/wp-content\/uploads\/2020\/11\/logol.jpg","contentUrl":"https:\/\/www.infolocale.fr\/blog\/wp-content\/uploads\/2020\/11\/logol.jpg","width":1031,"height":398,"caption":"Infolocale"},"image":{"@id":"https:\/\/www.infolocale.fr\/blog\/#\/schema\/logo\/image\/"},"sameAs":["https:\/\/www.facebook.com\/infolocaleFR\/","https:\/\/x.com\/infolocale","https:\/\/www.instagram.com\/infolocale\/","https:\/\/fr.linkedin.com\/company\/infolocale","https:\/\/www.youtube.com\/channel\/UCnv4FA8EYEuu_si3TGr7xeA"]},{"@type":"Person","@id":"https:\/\/www.infolocale.fr\/blog\/#\/schema\/person\/bf2dc50c6636ffa2ce3e44ef1f9eb97f","name":"Myl\u00e8ne","image":{"@type":"ImageObject","inLanguage":"fr-FR","@id":"https:\/\/www.infolocale.fr\/blog\/#\/schema\/person\/image\/","url":"https:\/\/secure.gravatar.com\/avatar\/49511f0ea4b41ed3062b218e30f07042?s=96&d=mm&r=g","contentUrl":"https:\/\/secure.gravatar.com\/avatar\/49511f0ea4b41ed3062b218e30f07042?s=96&d=mm&r=g","caption":"Myl\u00e8ne"},"url":"https:\/\/infolocale.20minutes.fr\/blog\/author\/mylene-michel\/"}]}},"_links":{"self":[{"href":"https:\/\/infolocale.20minutes.fr\/blog\/wp-json\/wp\/v2\/posts\/16209"}],"collection":[{"href":"https:\/\/infolocale.20minutes.fr\/blog\/wp-json\/wp\/v2\/posts"}],"about":[{"href":"https:\/\/infolocale.20minutes.fr\/blog\/wp-json\/wp\/v2\/types\/post"}],"author":[{"embeddable":true,"href":"https:\/\/infolocale.20minutes.fr\/blog\/wp-json\/wp\/v2\/users\/8"}],"replies":[{"embeddable":true,"href":"https:\/\/infolocale.20minutes.fr\/blog\/wp-json\/wp\/v2\/comments?post=16209"}],"version-history":[{"count":0,"href":"https:\/\/infolocale.20minutes.fr\/blog\/wp-json\/wp\/v2\/posts\/16209\/revisions"}],"wp:featuredmedia":[{"embeddable":true,"href":"https:\/\/infolocale.20minutes.fr\/blog\/wp-json\/wp\/v2\/media\/16210"}],"wp:attachment":[{"href":"https:\/\/infolocale.20minutes.fr\/blog\/wp-json\/wp\/v2\/media?parent=16209"}],"wp:term":[{"taxonomy":"category","embeddable":true,"href":"https:\/\/infolocale.20minutes.fr\/blog\/wp-json\/wp\/v2\/categories?post=16209"},{"taxonomy":"post_tag","embeddable":true,"href":"https:\/\/infolocale.20minutes.fr\/blog\/wp-json\/wp\/v2\/tags?post=16209"}],"curies":[{"name":"wp","href":"https:\/\/api.w.org\/{rel}","templated":true}]}}