{"id":15945,"date":"2021-11-30T18:06:34","date_gmt":"2021-11-30T17:06:34","guid":{"rendered":"https:\/\/www.infolocale.fr\/blog\/?p=15945"},"modified":"2022-03-23T16:04:11","modified_gmt":"2022-03-23T15:04:11","slug":"president-association-role-responsabilites","status":"publish","type":"post","link":"https:\/\/infolocale.20minutes.fr\/blog\/president-association-role-responsabilites\/","title":{"rendered":"Pr\u00e9sident en association : r\u00f4le et responsabilit\u00e9s"},"content":{"rendered":"\n<p>Voici les r\u00e8gles et le cadre fixant le r\u00f4le du pr\u00e9sident dans une association loi 1901 : <\/p>\n\n\n\n<ul class=\"has-black-color has-text-color has-background wp-block-list\" style=\"background-color:#a1d5f5\"><li>La loi ne fixe aucun cadre quant au mode de gouvernance d\u2019une association,&nbsp;&nbsp;<\/li><li>C\u2019est \u00e0 votre assembl\u00e9e g\u00e9n\u00e9rale, via les statuts, de pr\u00e9ciser les responsabilit\u00e9s et les r\u00e8gles fixant l\u2019\u00e9lection de votre pr\u00e9sident&nbsp;<\/li><li>Le pr\u00e9sident doit faire preuve de polyvalence et de transparence dans ses diff\u00e9rentes missions.&nbsp;&nbsp;<\/li><li>Il est, g\u00e9n\u00e9ralement, le mandataire officiel de votre association&nbsp;<\/li><li>Son r\u00f4le est important, il repr\u00e9sente votre association et porte la responsabilit\u00e9 de l\u2019image de&nbsp;celle-ci&nbsp;&nbsp;<\/li><li>Pour devenir pr\u00e9sident, il faut \u00eatre \u00e2g\u00e9 d\u2019au moins 16 ans.&nbsp;<\/li><li>Il doit veiller \u00e0 ce que les statuts modifi\u00e9s soient toujours d\u00e9pos\u00e9s en pr\u00e9fecture&nbsp;<\/li><li>Juridiquement, le pr\u00e9sident engage sa responsabilit\u00e9 p\u00e9nale, civile et financi\u00e8re et est reconnu responsable des torts dont il serait coupable.&nbsp;<\/li><\/ul>\n\n\n\n<h2 class=\"wp-block-heading\">Quel est  le r\u00f4le du pr\u00e9sident d&rsquo;association ? <\/h2>\n\n\n\n<p class=\"has-text-align-left\">Au sein d&rsquo;une association il y a commun\u00e9ment plusieurs instances dirigeantes comprenant 3 grands pouvoirs hi\u00e9rarchiques \u00e0 conna\u00eetre :<\/p>\n\n\n\n<ul class=\"wp-block-list\"><li>Le&nbsp;<a href=\"https:\/\/www.infolocale.fr\/blog\/conseil-dadministration-association\/\" target=\"_blank\" rel=\"noreferrer noopener\">conseil d\u2019administration<\/a>,&nbsp;qui repr\u00e9sente l\u2019organe&nbsp;central et d\u00e9cisionnel&nbsp;de votre association&nbsp;<\/li><li>L\u2019<a href=\"https:\/\/www.infolocale.fr\/blog\/assemblee-generale-association\/\" target=\"_blank\" rel=\"noreferrer noopener\">assembl\u00e9e g\u00e9n\u00e9rale<\/a>,&nbsp;qui a pour r\u00f4le de r\u00e9diger les statuts&nbsp;ainsi que&nbsp;la proc\u00e9dure de d\u00e9signation des&nbsp;membres du conseil d\u2019administration&nbsp;<\/li><li><a href=\"https:\/\/www.infolocale.fr\/blog\/elire-bureau-association\/\" target=\"_blank\" rel=\"noreferrer noopener\">Le bureau<\/a>,&nbsp;qui repr\u00e9sente l\u2019organe&nbsp;ex\u00e9cutif. Il va donc \u0153uvrer pour la&nbsp;mise en place&nbsp;de toutes vos actions&nbsp;et&nbsp;le bon fonctionnement&nbsp;de votre association&nbsp;<\/li><\/ul>\n\n\n\n<p>\u00catre pr\u00e9sident est une fonction capitale&nbsp;dans une&nbsp;association. En effet&nbsp;en tant que&nbsp;repr\u00e9sentant&nbsp;il&nbsp;est&nbsp;garant de la r\u00e9putation et de l\u2019image de&nbsp;votre structure. Il s\u2019agit&nbsp;donc&nbsp;d\u2019une grande responsabilit\u00e9&nbsp;puisqu\u2019il agit en qualit\u00e9 de mandataire au sein de votre association.&nbsp;<\/p>\n\n\n\n<p>Il faut noter que le pr\u00e9sident d\u2019association n\u2019a pas les pleins pouvoirs&nbsp;quant aux d\u00e9cisions prises&nbsp;par sa&nbsp;structure.&nbsp;C\u2019est pourquoi, tout au long de son mandat,&nbsp;il devra&nbsp;travailler en \u00e9troite collaboration avec les&nbsp;autres&nbsp;membres&nbsp;de votre association. Les d\u00e9cisions doivent syst\u00e9matiquement \u00eatre prises avec un accord pr\u00e9alable valid\u00e9&nbsp;lors d\u2019une assembl\u00e9e g\u00e9n\u00e9rale ou aupr\u00e8s du conseil d\u2019administration.&nbsp;Le plus souvent on donnera au pr\u00e9sident la responsabilit\u00e9 des missions suivantes :&nbsp;&nbsp;<\/p>\n\n\n\n<ul class=\"wp-block-list\"><li>Le&nbsp;recrutement des <a href=\"https:\/\/www.infolocale.fr\/blog\/comment-trouver-des-benevoles-pour-mon-association\/\" target=\"_blank\" rel=\"noreferrer noopener\">b\u00e9n\u00e9voles<\/a>&nbsp;&nbsp;<\/li><li>La signature des&nbsp;contrats&nbsp;<\/li><li>La gestion des t\u00e2ches administratives&nbsp;<\/li><li>La gestion de son \u00e9quipe de b\u00e9n\u00e9voles&nbsp;&nbsp;<\/li><li>Communiquer sur son association aupr\u00e8s des m\u00e9dias&nbsp;&nbsp;<\/li><li>Assurer l\u2019application des&nbsp;r\u00e8gles, obligations et d\u00e9cisions de l\u2019association&nbsp;<\/li><li>La recherche&nbsp;de financements&nbsp;<\/li><\/ul>\n\n\n\n<h2 class=\"wp-block-heading\">Qui peut occuper la fonction de pr\u00e9sident d&rsquo;association ? <\/h2>\n\n\n\n<p>Il faut tout d\u2019abord savoir que la loi 1901 donne \u00e9norm\u00e9ment de pouvoir aux associations. De fait, ces informations peuvent varier en fonction des <a href=\"https:\/\/www.infolocale.fr\/blog\/rediger-statuts-dune-association\/\" target=\"_blank\" rel=\"noreferrer noopener\">statuts <\/a>\u00e9tablis par votre association lors de sa cr\u00e9ation. Pensez \u00e0 bien les&nbsp;v\u00e9rifier, car il se peut que des cas particuliers soient \u00e0 observer au sein de votre structure.&nbsp;<\/p>\n\n\n\n<p>Parfois&nbsp;certains statuts&nbsp;offrent une libert\u00e9 totale&nbsp;et sans conditions&nbsp;quant \u00e0 la nomination d\u2019un pr\u00e9sident associatif.&nbsp;N\u00e9anmoins,&nbsp;le cas d\u2019une personne en faillite personnelle repr\u00e9sente&nbsp;dans la tr\u00e8s grande majorit\u00e9 des cas&nbsp;une interdiction d\u2019acc\u00e8s&nbsp;aux fonctions&nbsp;de pr\u00e9sident d\u2019association. Cependant si cela est votre cas, vous avez quand m\u00eame la possibilit\u00e9 de&nbsp;formuler un recours avec l\u2019aide d\u2019un avocat comp\u00e9tent en la mati\u00e8re.&nbsp;<\/p>\n\n\n\n<p>Dans le cas d\u2019un mineur \u00e2g\u00e9 de 16&nbsp;ans&nbsp;:&nbsp;Il&nbsp;pourra \u00eatre pr\u00e9sident d\u2019une association \u00e0 condition d\u2019avoir obtenu l\u2019accord \u00e9crit de son repr\u00e9sentant l\u00e9gal.&nbsp;<\/p>\n\n\n\n<p>Concernant&nbsp;un fonctionnaire ou&nbsp;un&nbsp;agent public&nbsp;: Il&nbsp;pourra \u00eatre pr\u00e9sident d\u2019une association&nbsp;\u00e0 but non lucratif&nbsp;uniquement&nbsp;et \u00e0 condition que ses fonctions ne pr\u00e9sentent pas de risque de conflit d\u2019int\u00e9r\u00eats.&nbsp;&nbsp;<\/p>\n\n\n\n<p>S\u2019il s\u2019agit d\u2019un commissaire aux comptes :&nbsp;Il lui sera&nbsp;\u00e9galement&nbsp;impossible&nbsp;d\u2019acc\u00e9der aux fonctions de pr\u00e9sident d\u2019association&nbsp;s&rsquo;il&nbsp;contr\u00f4le ou a d\u00e9j\u00e0 contr\u00f4l\u00e9 cette association.&nbsp;&nbsp;<\/p>\n\n\n\n<p>A noter que dans certains cas&nbsp;tr\u00e8s particuliers, <a href=\"https:\/\/www.secob.fr\/lactualite-metiers\/interdit-de-gerer-une-societe-mais-pas-de-presider-une-association\" target=\"_blank\" rel=\"noreferrer noopener\">une personne \u00e9tant interdite de gestion ou interdite bancaire<\/a> peut se voir conserver son mandat. De fait elle pourra continuer d\u2019exercer la fonction de pr\u00e9sident d\u2019association.&nbsp;&nbsp;<\/p>\n\n\n\n<p>Bien qu\u2019accessible \u00e0 un grand nombre de personnes,&nbsp;la&nbsp;fonction de pr\u00e9sident&nbsp;requiert&nbsp;\u00e9galement&nbsp;certaines qualit\u00e9s \u00e0 d\u00e9tenir. Il&nbsp;vous&nbsp;faudra donc :&nbsp;&nbsp;<\/p>\n\n\n\n<ul class=\"wp-block-list\"><li>\u00catre&nbsp;polyvalent&nbsp;&nbsp;<\/li><li>\u00catre&nbsp;engag\u00e9&nbsp;&nbsp;<\/li><li>Savoir manager une \u00e9quipe&nbsp;&nbsp;<\/li><li>Etre rigoureux <\/li><li>Faire preuve de bienveillance&nbsp;&nbsp;<\/li><li>Etre sociable<\/li><li>Savoir communiquer&nbsp;<\/li><li>Etre droit et faire preuve de transparence <\/li><\/ul>\n\n\n<div class=\"wp-block-image is-resized\">\n<figure class=\"aligncenter size-large has-lightbox\"><a href=\"https:\/\/www.infolocale.fr\/decouvrir\/deposant\/?utm_source=blog&amp;utm_medium=banner&amp;utm_campaign=blog-content\"><img fetchpriority=\"high\" decoding=\"async\" width=\"1024\" height=\"1024\" src=\"https:\/\/www.infolocale.fr\/blog\/wp-content\/uploads\/2021\/11\/banniere-NLDASSO-carree1500x1500-1024x1024.jpg\" alt=\"\" class=\"wp-image-23946\" srcset=\"https:\/\/infolocale.20minutes.fr\/blog\/wp-content\/uploads\/2021\/11\/banniere-NLDASSO-carree1500x1500-1024x1024.jpg 1024w, https:\/\/infolocale.20minutes.fr\/blog\/wp-content\/uploads\/2021\/11\/banniere-NLDASSO-carree1500x1500-300x300.jpg 300w, https:\/\/infolocale.20minutes.fr\/blog\/wp-content\/uploads\/2021\/11\/banniere-NLDASSO-carree1500x1500-150x150.jpg 150w, https:\/\/infolocale.20minutes.fr\/blog\/wp-content\/uploads\/2021\/11\/banniere-NLDASSO-carree1500x1500-768x768.jpg 768w, https:\/\/infolocale.20minutes.fr\/blog\/wp-content\/uploads\/2021\/11\/banniere-NLDASSO-carree1500x1500.jpg 1500w\" sizes=\"(max-width: 1024px) 100vw, 1024px\" \/><\/a><\/figure><\/div>\n\n\n<h2 class=\"wp-block-heading\">Quels sont les devoirs, obligations et responsabilit\u00e9s du pr\u00e9sident vis-\u00e0-vis de son association ? <\/h2>\n\n\n\n<p>En tant que pr\u00e9sident, vous aurez la possibilit\u00e9 d\u2019assurer le fonctionnement de votre association, dans le respect des r\u00e8gles enregistr\u00e9es dans vos statuts.&nbsp;Vous devrez&nbsp;\u00e9galement r\u00e9pondre \u00e0 de nombreuses obligations :&nbsp;&nbsp;<\/p>\n\n\n\n<ul class=\"wp-block-list\"><li>Rendre publique&nbsp;la&nbsp;cr\u00e9ation de&nbsp;votre association&nbsp;dans un d\u00e9lai d\u2019un mois apr\u00e8s votre d\u00e9claration en pr\u00e9fecture, en publiant dans le journal officiel&nbsp;<\/li><li>D\u00e9clarer en pr\u00e9fecture les&nbsp;<a href=\"https:\/\/www.infolocale.fr\/blog\/modifier-statuts-association\/\">changements&nbsp;de statuts<\/a>, ceux&nbsp;relatifs&nbsp;au fonctionnement et \u00e0 l\u2019administration de votre&nbsp;association&nbsp;&nbsp;<\/li><li>Si des projets de scission, fusion ou d\u2019apport partiel sont en cours, le pr\u00e9sident devra&nbsp;imp\u00e9rativement&nbsp;les publier dans le journal officiel&nbsp;<\/li><\/ul>\n\n\n\n<h1 class=\"wp-block-heading\"><strong>La responsabilit\u00e9 financi\u00e8re du pr\u00e9sident d\u2019association :&nbsp;<\/strong>&nbsp;<\/h1>\n\n\n\n<p>En mati\u00e8re de gestion financi\u00e8re deux cas de figure peuvent mettre en cause la <a href=\"https:\/\/www.infolocale.fr\/blog\/responsabilite-financiere-association\/\">responsabilit\u00e9 financi\u00e8re<\/a> du pr\u00e9sident :&nbsp;&nbsp;<\/p>\n\n\n\n<ul class=\"wp-block-list\"><li>D\u00e8s lors qu\u2019une faute de gestion est constat\u00e9e&nbsp;<\/li><li>Lorsque le pr\u00e9sident se porte caution et par cons\u00e9quent responsable des obligations de l\u2019association.&nbsp;<\/li><li>D\u00e8s qu\u2019une fraude fiscale est constat\u00e9e dans les d\u00e9clarations&nbsp;<\/li><\/ul>\n\n\n\n<h1 class=\"wp-block-heading\"><strong>La responsabilit\u00e9 p\u00e9nale du pr\u00e9sident d\u2019association :<\/strong>&nbsp;<\/h1>\n\n\n\n<p>En cas de&nbsp;d\u00e9lit ou de crime, la<a href=\"https:\/\/www.infolocale.fr\/blog\/responsabilite-penale-civile-association\/\" target=\"_blank\" rel=\"noreferrer noopener\">&nbsp;responsabilit\u00e9 p\u00e9nale <\/a>du pr\u00e9sident&nbsp;peut \u00eatre&nbsp;engag\u00e9e,&nbsp;s&rsquo;il est&nbsp;consid\u00e9r\u00e9 comme auteur ou complice&nbsp;de faits&nbsp;r\u00e9pr\u00e9hensibles. Dans ce cas,&nbsp;le tribunal comp\u00e9tent&nbsp;tranchera sur la condamnation \u00e0 appliquer.&nbsp;<\/p>\n\n\n\n<h1 class=\"wp-block-heading\"><strong>La responsabilit\u00e9 civile du pr\u00e9sident d\u2019association :&nbsp;&nbsp;<\/strong>&nbsp;<\/h1>\n\n\n\n<p>Le pr\u00e9sident \u00e0 un r\u00f4le de mandataire au sein de son association. De fait, sa <a href=\"https:\/\/www.infolocale.fr\/blog\/responsabilite-penale-civile-association\/\" target=\"_blank\" rel=\"noreferrer noopener\">responsabilit\u00e9 civile<\/a> et personnelle est engag\u00e9e durant son mandat. Ce sera notamment le cas si :&nbsp;&nbsp;<\/p>\n\n\n\n<ul class=\"wp-block-list\"><li>Une faute personnelle est commise par le pr\u00e9sident en dehors de ses fonctions&nbsp;<\/li><li>Une violation des statuts est constat\u00e9e&nbsp;<\/li><li>Un quelconque manquement \u00e0 la r\u00e9glementation ou l\u00e9gislation est observ\u00e9&nbsp;<\/li><li>Un redressement judiciaire ou une liquidation judiciaire de l\u2019association est en cours.&nbsp;<\/li><\/ul>\n\n\n\n<p>Toutefois, la responsabilit\u00e9 civile du pr\u00e9sident est couverte par une assurance \u00e0 laquelle votre association a \u00e9t\u00e9 dans l\u2019obligation de souscrire lors de sa cr\u00e9ation.&nbsp;<\/p>\n","protected":false},"excerpt":{"rendered":"<p>Voici les r\u00e8gles et le cadre fixant le r\u00f4le du pr\u00e9sident dans une association loi 1901 : La loi ne fixe aucun cadre quant au [&hellip;]<\/p>\n","protected":false},"author":14,"featured_media":15947,"comment_status":"open","ping_status":"open","sticky":false,"template":"","format":"standard","meta":{"_coblocks_attr":"","_coblocks_dimensions":"","_coblocks_responsive_height":"","_coblocks_accordion_ie_support":"","_mo_disable_npp":"","footnotes":""},"categories":[74],"tags":[103],"class_list":["post-15945","post","type-post","status-publish","format-standard","has-post-thumbnail","hentry","category-creer-et-administrer-une-association-1901","tag-responsabilite"],"yoast_head":"<!-- This site is optimized with the Yoast SEO plugin v23.2 - https:\/\/yoast.com\/wordpress\/plugins\/seo\/ -->\n<title>Pr\u00e9sident en association : r\u00f4le et responsabilit\u00e9s |<\/title>\n<meta name=\"description\" content=\"Pr\u00e9sident d&#039;association: r\u00f4le et responsabilit\u00e9 civile, p\u00e9nale et financi\u00e8re. Qui peut occuper la fonction de pr\u00e9sident d&#039;une association ?\" \/>\n<meta name=\"robots\" content=\"index, follow, max-snippet:-1, max-image-preview:large, max-video-preview:-1\" \/>\n<link rel=\"canonical\" href=\"https:\/\/infolocale.ouest-france.fr\/blog\/president-association-role-responsabilites\/\" \/>\n<meta property=\"og:locale\" content=\"fr_FR\" \/>\n<meta property=\"og:type\" content=\"article\" \/>\n<meta property=\"og:title\" content=\"Pr\u00e9sident en association : r\u00f4le et responsabilit\u00e9s |\" \/>\n<meta property=\"og:description\" content=\"Pr\u00e9sident d&#039;association: r\u00f4le et responsabilit\u00e9 civile, p\u00e9nale et financi\u00e8re. Qui peut occuper la fonction de pr\u00e9sident d&#039;une association ?\" \/>\n<meta property=\"og:url\" content=\"https:\/\/infolocale.ouest-france.fr\/blog\/president-association-role-responsabilites\/\" \/>\n<meta property=\"article:publisher\" content=\"https:\/\/www.facebook.com\/infolocaleFR\/\" \/>\n<meta property=\"article:published_time\" content=\"2021-11-30T17:06:34+00:00\" \/>\n<meta property=\"article:modified_time\" content=\"2022-03-23T15:04:11+00:00\" \/>\n<meta property=\"og:image\" content=\"https:\/\/infolocale.ouest-france.fr\/blog\/wp-content\/uploads\/2021\/11\/president-asso.png\" \/>\n\t<meta property=\"og:image:width\" content=\"900\" \/>\n\t<meta property=\"og:image:height\" content=\"630\" \/>\n\t<meta property=\"og:image:type\" content=\"image\/png\" \/>\n<meta name=\"author\" content=\"Margot\" \/>\n<meta name=\"twitter:card\" content=\"summary_large_image\" \/>\n<meta name=\"twitter:creator\" content=\"@infolocale\" \/>\n<meta name=\"twitter:site\" content=\"@infolocale\" \/>\n<meta name=\"twitter:label1\" content=\"\u00c9crit par\" \/>\n\t<meta name=\"twitter:data1\" content=\"Margot\" \/>\n\t<meta name=\"twitter:label2\" content=\"Dur\u00e9e de lecture estim\u00e9e\" \/>\n\t<meta name=\"twitter:data2\" content=\"5 minutes\" \/>\n<script type=\"application\/ld+json\" class=\"yoast-schema-graph\">{\"@context\":\"https:\/\/schema.org\",\"@graph\":[{\"@type\":\"Article\",\"@id\":\"https:\/\/infolocale.ouest-france.fr\/blog\/president-association-role-responsabilites\/#article\",\"isPartOf\":{\"@id\":\"https:\/\/infolocale.ouest-france.fr\/blog\/president-association-role-responsabilites\/\"},\"author\":{\"name\":\"Margot\",\"@id\":\"https:\/\/www.infolocale.fr\/blog\/#\/schema\/person\/ef7bae7d23a1485da4c2c6640f73e989\"},\"headline\":\"Pr\u00e9sident en association : r\u00f4le et responsabilit\u00e9s\",\"datePublished\":\"2021-11-30T17:06:34+00:00\",\"dateModified\":\"2022-03-23T15:04:11+00:00\",\"mainEntityOfPage\":{\"@id\":\"https:\/\/infolocale.ouest-france.fr\/blog\/president-association-role-responsabilites\/\"},\"wordCount\":1328,\"commentCount\":3,\"publisher\":{\"@id\":\"https:\/\/www.infolocale.fr\/blog\/#organization\"},\"image\":{\"@id\":\"https:\/\/infolocale.ouest-france.fr\/blog\/president-association-role-responsabilites\/#primaryimage\"},\"thumbnailUrl\":\"https:\/\/infolocale.20minutes.fr\/blog\/wp-content\/uploads\/2021\/11\/president-asso.png\",\"keywords\":[\"Responsabilit\u00e9\"],\"articleSection\":[\"Cr\u00e9er et g\u00e9rer une association\"],\"inLanguage\":\"fr-FR\",\"potentialAction\":[{\"@type\":\"CommentAction\",\"name\":\"Comment\",\"target\":[\"https:\/\/infolocale.ouest-france.fr\/blog\/president-association-role-responsabilites\/#respond\"]}]},{\"@type\":\"WebPage\",\"@id\":\"https:\/\/infolocale.ouest-france.fr\/blog\/president-association-role-responsabilites\/\",\"url\":\"https:\/\/infolocale.ouest-france.fr\/blog\/president-association-role-responsabilites\/\",\"name\":\"Pr\u00e9sident en association : r\u00f4le et responsabilit\u00e9s |\",\"isPartOf\":{\"@id\":\"https:\/\/www.infolocale.fr\/blog\/#website\"},\"primaryImageOfPage\":{\"@id\":\"https:\/\/infolocale.ouest-france.fr\/blog\/president-association-role-responsabilites\/#primaryimage\"},\"image\":{\"@id\":\"https:\/\/infolocale.ouest-france.fr\/blog\/president-association-role-responsabilites\/#primaryimage\"},\"thumbnailUrl\":\"https:\/\/infolocale.20minutes.fr\/blog\/wp-content\/uploads\/2021\/11\/president-asso.png\",\"datePublished\":\"2021-11-30T17:06:34+00:00\",\"dateModified\":\"2022-03-23T15:04:11+00:00\",\"description\":\"Pr\u00e9sident d'association: r\u00f4le et responsabilit\u00e9 civile, p\u00e9nale et financi\u00e8re. Qui peut occuper la fonction de pr\u00e9sident d'une association ?\",\"breadcrumb\":{\"@id\":\"https:\/\/infolocale.ouest-france.fr\/blog\/president-association-role-responsabilites\/#breadcrumb\"},\"inLanguage\":\"fr-FR\",\"potentialAction\":[{\"@type\":\"ReadAction\",\"target\":[\"https:\/\/infolocale.ouest-france.fr\/blog\/president-association-role-responsabilites\/\"]}]},{\"@type\":\"ImageObject\",\"inLanguage\":\"fr-FR\",\"@id\":\"https:\/\/infolocale.ouest-france.fr\/blog\/president-association-role-responsabilites\/#primaryimage\",\"url\":\"https:\/\/infolocale.20minutes.fr\/blog\/wp-content\/uploads\/2021\/11\/president-asso.png\",\"contentUrl\":\"https:\/\/infolocale.20minutes.fr\/blog\/wp-content\/uploads\/2021\/11\/president-asso.png\",\"width\":900,\"height\":630,\"caption\":\"Pr\u00e9sident association : r\u00f4le et responsabilit\u00e9\"},{\"@type\":\"BreadcrumbList\",\"@id\":\"https:\/\/infolocale.ouest-france.fr\/blog\/president-association-role-responsabilites\/#breadcrumb\",\"itemListElement\":[{\"@type\":\"ListItem\",\"position\":1,\"name\":\"Blog\",\"item\":\"https:\/\/infolocale.ouest-france.fr\/blog\/\"},{\"@type\":\"ListItem\",\"position\":2,\"name\":\"Cr\u00e9er et g\u00e9rer une association\",\"item\":\"https:\/\/infolocale.ouest-france.fr\/blog\/cat\/creer-et-administrer-une-association-1901\/\"},{\"@type\":\"ListItem\",\"position\":3,\"name\":\"Pr\u00e9sident en association : r\u00f4le et responsabilit\u00e9s\"}]},{\"@type\":\"WebSite\",\"@id\":\"https:\/\/www.infolocale.fr\/blog\/#website\",\"url\":\"https:\/\/www.infolocale.fr\/blog\/\",\"name\":\"\",\"description\":\"\",\"publisher\":{\"@id\":\"https:\/\/www.infolocale.fr\/blog\/#organization\"},\"potentialAction\":[{\"@type\":\"SearchAction\",\"target\":{\"@type\":\"EntryPoint\",\"urlTemplate\":\"https:\/\/www.infolocale.fr\/blog\/?s={search_term_string}\"},\"query-input\":\"required name=search_term_string\"}],\"inLanguage\":\"fr-FR\"},{\"@type\":\"Organization\",\"@id\":\"https:\/\/www.infolocale.fr\/blog\/#organization\",\"name\":\"Infolocale\",\"url\":\"https:\/\/www.infolocale.fr\/blog\/\",\"logo\":{\"@type\":\"ImageObject\",\"inLanguage\":\"fr-FR\",\"@id\":\"https:\/\/www.infolocale.fr\/blog\/#\/schema\/logo\/image\/\",\"url\":\"https:\/\/www.infolocale.fr\/blog\/wp-content\/uploads\/2020\/11\/logol.jpg\",\"contentUrl\":\"https:\/\/www.infolocale.fr\/blog\/wp-content\/uploads\/2020\/11\/logol.jpg\",\"width\":1031,\"height\":398,\"caption\":\"Infolocale\"},\"image\":{\"@id\":\"https:\/\/www.infolocale.fr\/blog\/#\/schema\/logo\/image\/\"},\"sameAs\":[\"https:\/\/www.facebook.com\/infolocaleFR\/\",\"https:\/\/x.com\/infolocale\",\"https:\/\/www.instagram.com\/infolocale\/\",\"https:\/\/fr.linkedin.com\/company\/infolocale\",\"https:\/\/www.youtube.com\/channel\/UCnv4FA8EYEuu_si3TGr7xeA\"]},{\"@type\":\"Person\",\"@id\":\"https:\/\/www.infolocale.fr\/blog\/#\/schema\/person\/ef7bae7d23a1485da4c2c6640f73e989\",\"name\":\"Margot\",\"image\":{\"@type\":\"ImageObject\",\"inLanguage\":\"fr-FR\",\"@id\":\"https:\/\/www.infolocale.fr\/blog\/#\/schema\/person\/image\/\",\"url\":\"https:\/\/secure.gravatar.com\/avatar\/fd7a814627870ba8c5cb11cb724ee955?s=96&d=mm&r=g\",\"contentUrl\":\"https:\/\/secure.gravatar.com\/avatar\/fd7a814627870ba8c5cb11cb724ee955?s=96&d=mm&r=g\",\"caption\":\"Margot\"},\"sameAs\":[\"https:\/\/www.infolocale.fr\/blog\/\"],\"url\":\"https:\/\/infolocale.20minutes.fr\/blog\/author\/margot-cueff\/\"}]}<\/script>\n<!-- \/ Yoast SEO plugin. -->","yoast_head_json":{"title":"Pr\u00e9sident en association : r\u00f4le et responsabilit\u00e9s |","description":"Pr\u00e9sident d'association: r\u00f4le et responsabilit\u00e9 civile, p\u00e9nale et financi\u00e8re. Qui peut occuper la fonction de pr\u00e9sident d'une association ?","robots":{"index":"index","follow":"follow","max-snippet":"max-snippet:-1","max-image-preview":"max-image-preview:large","max-video-preview":"max-video-preview:-1"},"canonical":"https:\/\/infolocale.ouest-france.fr\/blog\/president-association-role-responsabilites\/","og_locale":"fr_FR","og_type":"article","og_title":"Pr\u00e9sident en association : r\u00f4le et responsabilit\u00e9s |","og_description":"Pr\u00e9sident d'association: r\u00f4le et responsabilit\u00e9 civile, p\u00e9nale et financi\u00e8re. Qui peut occuper la fonction de pr\u00e9sident d'une association ?","og_url":"https:\/\/infolocale.ouest-france.fr\/blog\/president-association-role-responsabilites\/","article_publisher":"https:\/\/www.facebook.com\/infolocaleFR\/","article_published_time":"2021-11-30T17:06:34+00:00","article_modified_time":"2022-03-23T15:04:11+00:00","og_image":[{"width":900,"height":630,"url":"https:\/\/infolocale.ouest-france.fr\/blog\/wp-content\/uploads\/2021\/11\/president-asso.png","type":"image\/png"}],"author":"Margot","twitter_card":"summary_large_image","twitter_creator":"@infolocale","twitter_site":"@infolocale","twitter_misc":{"\u00c9crit par":"Margot","Dur\u00e9e de lecture estim\u00e9e":"5 minutes"},"schema":{"@context":"https:\/\/schema.org","@graph":[{"@type":"Article","@id":"https:\/\/infolocale.ouest-france.fr\/blog\/president-association-role-responsabilites\/#article","isPartOf":{"@id":"https:\/\/infolocale.ouest-france.fr\/blog\/president-association-role-responsabilites\/"},"author":{"name":"Margot","@id":"https:\/\/www.infolocale.fr\/blog\/#\/schema\/person\/ef7bae7d23a1485da4c2c6640f73e989"},"headline":"Pr\u00e9sident en association : r\u00f4le et responsabilit\u00e9s","datePublished":"2021-11-30T17:06:34+00:00","dateModified":"2022-03-23T15:04:11+00:00","mainEntityOfPage":{"@id":"https:\/\/infolocale.ouest-france.fr\/blog\/president-association-role-responsabilites\/"},"wordCount":1328,"commentCount":3,"publisher":{"@id":"https:\/\/www.infolocale.fr\/blog\/#organization"},"image":{"@id":"https:\/\/infolocale.ouest-france.fr\/blog\/president-association-role-responsabilites\/#primaryimage"},"thumbnailUrl":"https:\/\/infolocale.20minutes.fr\/blog\/wp-content\/uploads\/2021\/11\/president-asso.png","keywords":["Responsabilit\u00e9"],"articleSection":["Cr\u00e9er et g\u00e9rer une association"],"inLanguage":"fr-FR","potentialAction":[{"@type":"CommentAction","name":"Comment","target":["https:\/\/infolocale.ouest-france.fr\/blog\/president-association-role-responsabilites\/#respond"]}]},{"@type":"WebPage","@id":"https:\/\/infolocale.ouest-france.fr\/blog\/president-association-role-responsabilites\/","url":"https:\/\/infolocale.ouest-france.fr\/blog\/president-association-role-responsabilites\/","name":"Pr\u00e9sident en association : r\u00f4le et responsabilit\u00e9s |","isPartOf":{"@id":"https:\/\/www.infolocale.fr\/blog\/#website"},"primaryImageOfPage":{"@id":"https:\/\/infolocale.ouest-france.fr\/blog\/president-association-role-responsabilites\/#primaryimage"},"image":{"@id":"https:\/\/infolocale.ouest-france.fr\/blog\/president-association-role-responsabilites\/#primaryimage"},"thumbnailUrl":"https:\/\/infolocale.20minutes.fr\/blog\/wp-content\/uploads\/2021\/11\/president-asso.png","datePublished":"2021-11-30T17:06:34+00:00","dateModified":"2022-03-23T15:04:11+00:00","description":"Pr\u00e9sident d'association: r\u00f4le et responsabilit\u00e9 civile, p\u00e9nale et financi\u00e8re. Qui peut occuper la fonction de pr\u00e9sident d'une association ?","breadcrumb":{"@id":"https:\/\/infolocale.ouest-france.fr\/blog\/president-association-role-responsabilites\/#breadcrumb"},"inLanguage":"fr-FR","potentialAction":[{"@type":"ReadAction","target":["https:\/\/infolocale.ouest-france.fr\/blog\/president-association-role-responsabilites\/"]}]},{"@type":"ImageObject","inLanguage":"fr-FR","@id":"https:\/\/infolocale.ouest-france.fr\/blog\/president-association-role-responsabilites\/#primaryimage","url":"https:\/\/infolocale.20minutes.fr\/blog\/wp-content\/uploads\/2021\/11\/president-asso.png","contentUrl":"https:\/\/infolocale.20minutes.fr\/blog\/wp-content\/uploads\/2021\/11\/president-asso.png","width":900,"height":630,"caption":"Pr\u00e9sident association : r\u00f4le et responsabilit\u00e9"},{"@type":"BreadcrumbList","@id":"https:\/\/infolocale.ouest-france.fr\/blog\/president-association-role-responsabilites\/#breadcrumb","itemListElement":[{"@type":"ListItem","position":1,"name":"Blog","item":"https:\/\/infolocale.ouest-france.fr\/blog\/"},{"@type":"ListItem","position":2,"name":"Cr\u00e9er et g\u00e9rer une association","item":"https:\/\/infolocale.ouest-france.fr\/blog\/cat\/creer-et-administrer-une-association-1901\/"},{"@type":"ListItem","position":3,"name":"Pr\u00e9sident en association : r\u00f4le et responsabilit\u00e9s"}]},{"@type":"WebSite","@id":"https:\/\/www.infolocale.fr\/blog\/#website","url":"https:\/\/www.infolocale.fr\/blog\/","name":"","description":"","publisher":{"@id":"https:\/\/www.infolocale.fr\/blog\/#organization"},"potentialAction":[{"@type":"SearchAction","target":{"@type":"EntryPoint","urlTemplate":"https:\/\/www.infolocale.fr\/blog\/?s={search_term_string}"},"query-input":"required name=search_term_string"}],"inLanguage":"fr-FR"},{"@type":"Organization","@id":"https:\/\/www.infolocale.fr\/blog\/#organization","name":"Infolocale","url":"https:\/\/www.infolocale.fr\/blog\/","logo":{"@type":"ImageObject","inLanguage":"fr-FR","@id":"https:\/\/www.infolocale.fr\/blog\/#\/schema\/logo\/image\/","url":"https:\/\/www.infolocale.fr\/blog\/wp-content\/uploads\/2020\/11\/logol.jpg","contentUrl":"https:\/\/www.infolocale.fr\/blog\/wp-content\/uploads\/2020\/11\/logol.jpg","width":1031,"height":398,"caption":"Infolocale"},"image":{"@id":"https:\/\/www.infolocale.fr\/blog\/#\/schema\/logo\/image\/"},"sameAs":["https:\/\/www.facebook.com\/infolocaleFR\/","https:\/\/x.com\/infolocale","https:\/\/www.instagram.com\/infolocale\/","https:\/\/fr.linkedin.com\/company\/infolocale","https:\/\/www.youtube.com\/channel\/UCnv4FA8EYEuu_si3TGr7xeA"]},{"@type":"Person","@id":"https:\/\/www.infolocale.fr\/blog\/#\/schema\/person\/ef7bae7d23a1485da4c2c6640f73e989","name":"Margot","image":{"@type":"ImageObject","inLanguage":"fr-FR","@id":"https:\/\/www.infolocale.fr\/blog\/#\/schema\/person\/image\/","url":"https:\/\/secure.gravatar.com\/avatar\/fd7a814627870ba8c5cb11cb724ee955?s=96&d=mm&r=g","contentUrl":"https:\/\/secure.gravatar.com\/avatar\/fd7a814627870ba8c5cb11cb724ee955?s=96&d=mm&r=g","caption":"Margot"},"sameAs":["https:\/\/www.infolocale.fr\/blog\/"],"url":"https:\/\/infolocale.20minutes.fr\/blog\/author\/margot-cueff\/"}]}},"_links":{"self":[{"href":"https:\/\/infolocale.20minutes.fr\/blog\/wp-json\/wp\/v2\/posts\/15945"}],"collection":[{"href":"https:\/\/infolocale.20minutes.fr\/blog\/wp-json\/wp\/v2\/posts"}],"about":[{"href":"https:\/\/infolocale.20minutes.fr\/blog\/wp-json\/wp\/v2\/types\/post"}],"author":[{"embeddable":true,"href":"https:\/\/infolocale.20minutes.fr\/blog\/wp-json\/wp\/v2\/users\/14"}],"replies":[{"embeddable":true,"href":"https:\/\/infolocale.20minutes.fr\/blog\/wp-json\/wp\/v2\/comments?post=15945"}],"version-history":[{"count":0,"href":"https:\/\/infolocale.20minutes.fr\/blog\/wp-json\/wp\/v2\/posts\/15945\/revisions"}],"wp:featuredmedia":[{"embeddable":true,"href":"https:\/\/infolocale.20minutes.fr\/blog\/wp-json\/wp\/v2\/media\/15947"}],"wp:attachment":[{"href":"https:\/\/infolocale.20minutes.fr\/blog\/wp-json\/wp\/v2\/media?parent=15945"}],"wp:term":[{"taxonomy":"category","embeddable":true,"href":"https:\/\/infolocale.20minutes.fr\/blog\/wp-json\/wp\/v2\/categories?post=15945"},{"taxonomy":"post_tag","embeddable":true,"href":"https:\/\/infolocale.20minutes.fr\/blog\/wp-json\/wp\/v2\/tags?post=15945"}],"curies":[{"name":"wp","href":"https:\/\/api.w.org\/{rel}","templated":true}]}}