{"id":15941,"date":"2021-12-08T16:31:39","date_gmt":"2021-12-08T15:31:39","guid":{"rendered":"https:\/\/www.infolocale.fr\/blog\/?p=15941"},"modified":"2021-12-08T16:31:41","modified_gmt":"2021-12-08T15:31:41","slug":"les-associations-ont-embauche-au-sortir-de-la-pandemie","status":"publish","type":"post","link":"https:\/\/infolocale.20minutes.fr\/blog\/les-associations-ont-embauche-au-sortir-de-la-pandemie\/","title":{"rendered":"Les associations ont embauch\u00e9 apr\u00e8s la pand\u00e9mie"},"content":{"rendered":"\n<p>Les associations ont embauch\u00e9 au sortir de la pand\u00e9mie, selon l\u2019\u00e9tude r\u00e9alis\u00e9e fin juin 2020 par <em>Recherches &amp; Solidarit\u00e9s<\/em>. Ce r\u00e9seau d\u2019universitaires \u00e9tudie toutes les formes de solidarit\u00e9, ils se sont appuy\u00e9s sur les chiffres de l\u2019URSSAF. Le nombre d&rsquo;associations actives en France est de 1,5 million. Elles emploient&nbsp;1,8 million salari\u00e9s, \u00e0 temps plein ou partiel.<\/p>\n\n\n\n<p>Par ailleurs, les associations utilisent aussi les comp\u00e9tences de pr\u00e8s de&nbsp;<strong>22&nbsp;millions de b\u00e9n\u00e9voles actifs<\/strong>. La croissance en volume du b\u00e9n\u00e9volat est de l&rsquo;ordre de 4,9&nbsp;% par an, ce qui est consid\u00e9rable.<\/p>\n\n\n\n<div class=\"wp-block-buttons is-horizontal is-content-justification-center is-layout-flex wp-container-core-buttons-is-layout-1 wp-block-buttons-is-layout-flex\">\n<div class=\"wp-block-button\"><a class=\"wp-block-button__link has-white-color has-luminous-vivid-amber-background-color has-text-color has-background wp-element-button\"><strong>&gt;&gt;Inscrire mon asso \u00e0 Infolocale <\/strong><\/a><\/div>\n<\/div>\n\n\n\n<h2 class=\"wp-block-heading\"><strong>31&nbsp;000 embauches suppl\u00e9mentaires au sortir de la pand\u00e9mie<\/strong><\/h2>\n\n\n\n<p>Fin juin 2020, les associations employaient 1,74 million de salari\u00e9s. &nbsp;Ce niveau d&#8217;emploi \u00e9tait sup\u00e9rieur \u00e0 celui d&rsquo;avant la pand\u00e9mie. Au sortir de la pand\u00e9mie, Le monde associatif a embauch\u00e9 31&nbsp;000 salari\u00e9s en plus.<\/p>\n\n\n\n<p> Ces chiffres &nbsp;englobent les associations, mais aussi les mutuelles ou les coop\u00e9ratives. Cette progression d\u2019embauches est effective dans les domaines de la sant\u00e9 et du m\u00e9dico-social. En revanche, les niveaux d\u2019embauches d\u2019avant la pand\u00e9mie n\u2019ont pas \u00e9t\u00e9 retrouv\u00e9s dans la culture (-15 %) ou le sport et les loisirs (-13 %), qui restent \u00e0 la tra\u00eene, nuance l\u2019Union des employeurs de l\u2019\u00e9conomie sociale et solidaire (<a href=\"https:\/\/www.udes.fr\/\" target=\"_blank\" rel=\"noreferrer noopener\">Udes<\/a>).<\/p>\n\n\n\n<h3 class=\"wp-block-heading\">Les emplois associatifs ont r\u00e9sist\u00e9 durant la pand\u00e9mie<\/h3>\n\n\n\n<p>Durant la crise <a href=\"https:\/\/www.infolocale.fr\/blog\/les-besoins-des-associations-sont-criants\/\">Le Mouvement Associatif avait diffus\u00e9 une enqu\u00eate<\/a> qui tirait la sonnette d&rsquo;alarme concernant l&#8217;emploi associatif. Cette \u00e9tude appelait \u00e0 une augmentation du soutien \u00e0 l&#8217;emploi<strong> <\/strong>pour les associations. <\/p>\n\n\n\n<p>Ces mesures de soutien, l&rsquo;activit\u00e9 partielle notamment, ont permis au tissu associatif de r\u00e9sister. En g\u00e9n\u00e9ral,  les responsables de ses structures ont eu \u00e0 coeur de prot\u00e9ger leurs salari\u00e9s. La crise du Covid-19 n&rsquo;a donc pas trop essaim\u00e9, comme dans d&rsquo;autres secteurs d&rsquo;activit\u00e9. <\/p>\n\n\n\n<h2 class=\"wp-block-heading\">Une \u00e9volution parall\u00e8le d\u2019embauches dans l\u2019associatif et dans le priv\u00e9<\/h2>\n\n\n\n<p>Depuis janvier 2021, les recrutements du monde associatif ont augment\u00e9 de 2 % et 1,3 % aux premier et deuxi\u00e8me trimestres respectivement. \u00ab <strong>Cette fin de l&rsquo;ann\u00e9e associative positive augure d&rsquo;un bon d\u00e9marrage de la suivante<\/strong> \u00bb, anticipe Jacques Malet, fondateur de Recherches &amp; Solidarit\u00e9s. &nbsp;<\/p>\n\n\n\n<h2 class=\"wp-block-heading\">Une association rennaise a recrut\u00e9 un animateur sportif en septembre 2021<\/h2>\n\n\n\n<p>L&rsquo;Association Jeanne d&rsquo;Arc propose une quarantaine d&rsquo;activit\u00e9s culturelles, sportives et de loisirs, pour les enfants et les adultes, de 2 ans \u00e0 plus de 90 ans !<\/p>\n\n\n\n<p>Pierre-Marie Lescot le directeur-adjoint de l&rsquo;Association Jeanne d&rsquo;Arc, \u00e0 Rennes, constate une \u00ab\u00a0<strong>baisse des inscriptions  de 15% sur les deux derni\u00e8res saisons, directement li\u00e9e \u00e0 la situation sanitaire. Nous sommes pass\u00e9s de 3 393 inscrits \u00e0 2 970 pour la saison 2020-2021. Cette baisse concerne particuli\u00e8rement le secteur \u00ab\u00a0forme adulte<\/strong>.\u00a0\u00bb<\/p>\n\n\n\n<h2 class=\"wp-block-heading\">L&rsquo;\u00e9quipe s&rsquo;est \u00e9toff\u00e9e pour la saison 2020-2021<\/h2>\n\n\n\n<p>L&rsquo;Association Jeanne d&rsquo;Arc de Rennes peut compter sur une \u00e9quipe de 40 salari\u00e9s et d&rsquo;une soixantaine de b\u00e9n\u00e9voles \u00e0 l&rsquo;ann\u00e9e r\u00e9partis dans diff\u00e9rentes missions : <\/p>\n\n\n\n<ul class=\"wp-block-list\"><li> <strong>le b\u00e9n\u00e9volat de gouvernance<\/strong> avec les diff\u00e9rentes r\u00e9unions (<a href=\"https:\/\/www.infolocale.fr\/blog\/conseil-dadministration-association\/\">conseil d&rsquo;administration<\/a>, <a href=\"https:\/\/www.infolocale.fr\/blog\/elire-bureau-association\/\">bureau<\/a>, commissions, <a href=\"https:\/\/www.infolocale.fr\/blog\/assemblee-generale-association\/\">assembl\u00e9e g\u00e9n\u00e9rale<\/a>, etc)<\/li><\/ul>\n\n\n\n<ul class=\"wp-block-list\"><li>&nbsp;<strong>le b\u00e9n\u00e9volat&nbsp;d&rsquo;action<\/strong> se d\u00e9veloppe de plus en plus, surtout chez les jeunes. \u00ab\u00a0<strong>Nous avons d&rsquo;ailleurs mis en place une <a href=\"https:\/\/www.jeannedarcasso.com\/projet-educatif\/\" target=\"_blank\" rel=\"noreferrer noopener\">charte autour du parcours du jeune b\u00e9n\u00e9vole<\/a> au sein de notre structure<\/strong>.\u00a0\u00bb pr\u00e9cise Pierre-Marie Lescot.&nbsp;<\/li><\/ul>\n\n\n\n<p>\u00ab\u00a0<strong>Nous estimons que le volume d&rsquo;heures de b\u00e9n\u00e9volat repr\u00e9sente trois \u00e9quivalents temps pleins alors que nous en comptions six  il y a encore 2 ans. En \u00e9quivalent temps plein, nous constatons cette baisse de la moiti\u00e9 de l&rsquo;<a href=\"https:\/\/www.infolocale.fr\/blog\/cat\/gerer-ses-benevoles\/\">engagement b\u00e9n\u00e9vole<\/a> pr\u00e9c\u00e9dent.  Alors que nous avons seulement perdu un effectif d&rsquo;une vingtaine de b\u00e9n\u00e9voles en 2 ans.<\/strong>\u00a0\u00bb &nbsp;<\/p>\n\n\n\n<p><br>Ga\u00ebl Le Roux, animateur sportif, a int\u00e9gr\u00e9 l&rsquo;\u00e9quipe permanente de l&rsquo;Association Jeanne d&rsquo;Arc en septembre 2021. Cette \u00e9quipe se compose de 6 permanents \u00e0 temps plein.  mais nous sommes pass\u00e9s de 11 \u00e9quivalents temps plein \u00e0 13 en l&rsquo;espace de 2 ans.&nbsp;<\/p>\n\n\n\n<p>Nous avons \u00e9galement embauch\u00e9 \u00e0 temps partiel (80%) une assistante de direction afin de soulager la lourdeur des t\u00e2ches administratives inh\u00e9rentes&nbsp;aux associations.<\/p>\n\n\n<div class=\"wp-block-image is-resized\">\n<figure class=\"aligncenter size-large has-lightbox\"><a href=\"https:\/\/www.infolocale.fr\/decouvrir\/deposant\/?utm_source=blog&amp;utm_medium=banner&amp;utm_campaign=blog-content\"><img fetchpriority=\"high\" decoding=\"async\" width=\"1024\" height=\"1024\" src=\"https:\/\/www.infolocale.fr\/blog\/wp-content\/uploads\/2021\/11\/banniere-NLDASSO-carree1500x1500-1024x1024.jpg\" alt=\"\" class=\"wp-image-23946\" srcset=\"https:\/\/infolocale.20minutes.fr\/blog\/wp-content\/uploads\/2021\/11\/banniere-NLDASSO-carree1500x1500-1024x1024.jpg 1024w, https:\/\/infolocale.20minutes.fr\/blog\/wp-content\/uploads\/2021\/11\/banniere-NLDASSO-carree1500x1500-300x300.jpg 300w, https:\/\/infolocale.20minutes.fr\/blog\/wp-content\/uploads\/2021\/11\/banniere-NLDASSO-carree1500x1500-150x150.jpg 150w, https:\/\/infolocale.20minutes.fr\/blog\/wp-content\/uploads\/2021\/11\/banniere-NLDASSO-carree1500x1500-768x768.jpg 768w, https:\/\/infolocale.20minutes.fr\/blog\/wp-content\/uploads\/2021\/11\/banniere-NLDASSO-carree1500x1500.jpg 1500w\" sizes=\"(max-width: 1024px) 100vw, 1024px\" \/><\/a><\/figure><\/div>\n\n\n<h2 class=\"wp-block-heading\">Nous avons diversifi\u00e9 notre offre et pu compter sur nos b\u00e9n\u00e9voles<\/h2>\n\n\n\n<p>La demande de prestations est forte \u00e0 la JA de Rennes. D&rsquo;o\u00f9 cette relative augmentation de la masse salariale pour y r\u00e9pondre, poursuit Pierre-Marie Lescot  :<\/p>\n\n\n\n<ul class=\"wp-block-list\"><li>\u00ab\u00a0<strong>Avec la situation sanitaire et les diff\u00e9rentes restrictions,&nbsp;nous avons cr\u00e9\u00e9 de nouvelles activit\u00e9s dans le secteur enfance (multiculturel, cirque, arts plastique)<\/strong>.<\/li><\/ul>\n\n\n\n<ul class=\"wp-block-list\"><li><strong>Notre p\u00f4le enfance (3-6 ans) est un axe majeur de notre d\u00e9veloppement. Le quartier 6 de Rennes conna\u00eet un d\u00e9veloppement d\u00e9mographique depuis plusieurs ann\u00e9es. De plus les infrastructures locales (\u00e9coles, cr\u00e8ches,&nbsp;associations) sont des atouts importants pour les nouvelles familles venant vivre sur Rennes<\/strong>.<\/li><\/ul>\n\n\n\n<ul class=\"wp-block-list\"><li><strong>Les op\u00e9rations sportives avec les \u00e9coles sont pour nous un moyen de consolider des postes tout en fid\u00e9lisant des salari\u00e9s gr\u00e2ce \u00e0 un emploi du temps plus important.<\/strong><\/li><\/ul>\n\n\n\n<p><strong>La crise sanitaire nous a fait perdre la bonne dynamique, mise en place depuis plusieurs mois au niveau de l&rsquo;engagement des b\u00e9n\u00e9voles, surtout dans le secteur du sport collectif. Avec l&rsquo;arr\u00eat des comp\u00e9titions&nbsp;et la fermeture des salles, les gens se sont r\u00e9orient\u00e9s vers d&rsquo;autres centres d&rsquo;int\u00e9r\u00eat.&nbsp;Une de nos missions actuelles est de redynamiser ce b\u00e9n\u00e9volat car sans eux, notre mod\u00e8le associatif&nbsp;n&rsquo;aurait pas lieu d&rsquo;exister<\/strong>.\u00a0\u00bb<\/p>\n","protected":false},"excerpt":{"rendered":"<p>Ga\u00ebl (en bleu) est nouvellement embauch\u00e9 comme animateur sportif \u00e0 l&rsquo;Association JA de Rennes. Il assure ici le suivi technique de la course d&rsquo;\u00e9lan au Volley Ball.<\/p>\n","protected":false},"author":8,"featured_media":16000,"comment_status":"open","ping_status":"open","sticky":false,"template":"","format":"standard","meta":{"_coblocks_attr":"","_coblocks_dimensions":"","_coblocks_responsive_height":"","_coblocks_accordion_ie_support":"","_mo_disable_npp":"","footnotes":""},"categories":[6],"tags":[],"class_list":["post-15941","post","type-post","status-publish","format-standard","has-post-thumbnail","hentry","category-actu-acteurs-locaux"],"yoast_head":"<!-- This site is optimized with the Yoast SEO plugin v23.2 - https:\/\/yoast.com\/wordpress\/plugins\/seo\/ -->\n<title>Les associations ont embauch\u00e9 apr\u00e8s la pand\u00e9mie |<\/title>\n<meta name=\"description\" content=\"Avec 1.74 million de salari\u00e9s, les associations ont embauch\u00e9 au sortir de la pand\u00e9mie soit 31.000 de plus qu&#039;avant le Covid-19\" \/>\n<meta name=\"robots\" content=\"index, follow, max-snippet:-1, max-image-preview:large, max-video-preview:-1\" \/>\n<link rel=\"canonical\" href=\"https:\/\/infolocale.20minutes.fr\/blog\/les-associations-ont-embauche-au-sortir-de-la-pandemie\/\" \/>\n<meta property=\"og:locale\" content=\"fr_FR\" \/>\n<meta property=\"og:type\" content=\"article\" \/>\n<meta property=\"og:title\" content=\"Les associations ont embauch\u00e9 apr\u00e8s la pand\u00e9mie |\" \/>\n<meta property=\"og:description\" content=\"Avec 1.74 million de salari\u00e9s, les associations ont embauch\u00e9 au sortir de la pand\u00e9mie soit 31.000 de plus qu&#039;avant le Covid-19\" \/>\n<meta property=\"og:url\" content=\"https:\/\/infolocale.20minutes.fr\/blog\/les-associations-ont-embauche-au-sortir-de-la-pandemie\/\" \/>\n<meta property=\"article:publisher\" content=\"https:\/\/www.facebook.com\/infolocaleFR\/\" \/>\n<meta property=\"article:published_time\" content=\"2021-12-08T15:31:39+00:00\" \/>\n<meta property=\"article:modified_time\" content=\"2021-12-08T15:31:41+00:00\" \/>\n<meta property=\"og:image\" content=\"https:\/\/infolocale.20minutes.fr\/blog\/wp-content\/uploads\/2021\/12\/Gae1.jpg\" \/>\n\t<meta property=\"og:image:width\" content=\"1280\" \/>\n\t<meta property=\"og:image:height\" content=\"960\" \/>\n\t<meta property=\"og:image:type\" content=\"image\/jpeg\" \/>\n<meta name=\"author\" content=\"Myl\u00e8ne\" \/>\n<meta name=\"twitter:card\" content=\"summary_large_image\" \/>\n<meta name=\"twitter:creator\" content=\"@infolocale\" \/>\n<meta name=\"twitter:site\" content=\"@infolocale\" \/>\n<meta name=\"twitter:label1\" content=\"\u00c9crit par\" \/>\n\t<meta name=\"twitter:data1\" content=\"Myl\u00e8ne\" \/>\n\t<meta name=\"twitter:label2\" content=\"Dur\u00e9e de lecture estim\u00e9e\" \/>\n\t<meta name=\"twitter:data2\" content=\"4 minutes\" \/>\n<script type=\"application\/ld+json\" class=\"yoast-schema-graph\">{\"@context\":\"https:\/\/schema.org\",\"@graph\":[{\"@type\":\"Article\",\"@id\":\"https:\/\/infolocale.20minutes.fr\/blog\/les-associations-ont-embauche-au-sortir-de-la-pandemie\/#article\",\"isPartOf\":{\"@id\":\"https:\/\/infolocale.20minutes.fr\/blog\/les-associations-ont-embauche-au-sortir-de-la-pandemie\/\"},\"author\":{\"name\":\"Myl\u00e8ne\",\"@id\":\"https:\/\/www.infolocale.fr\/blog\/#\/schema\/person\/bf2dc50c6636ffa2ce3e44ef1f9eb97f\"},\"headline\":\"Les associations ont embauch\u00e9 apr\u00e8s la pand\u00e9mie\",\"datePublished\":\"2021-12-08T15:31:39+00:00\",\"dateModified\":\"2021-12-08T15:31:41+00:00\",\"mainEntityOfPage\":{\"@id\":\"https:\/\/infolocale.20minutes.fr\/blog\/les-associations-ont-embauche-au-sortir-de-la-pandemie\/\"},\"wordCount\":915,\"commentCount\":0,\"publisher\":{\"@id\":\"https:\/\/www.infolocale.fr\/blog\/#organization\"},\"image\":{\"@id\":\"https:\/\/infolocale.20minutes.fr\/blog\/les-associations-ont-embauche-au-sortir-de-la-pandemie\/#primaryimage\"},\"thumbnailUrl\":\"https:\/\/infolocale.20minutes.fr\/blog\/wp-content\/uploads\/2021\/12\/Gae1.jpg\",\"articleSection\":[\"En ce moment\"],\"inLanguage\":\"fr-FR\",\"potentialAction\":[{\"@type\":\"CommentAction\",\"name\":\"Comment\",\"target\":[\"https:\/\/infolocale.20minutes.fr\/blog\/les-associations-ont-embauche-au-sortir-de-la-pandemie\/#respond\"]}]},{\"@type\":\"WebPage\",\"@id\":\"https:\/\/infolocale.20minutes.fr\/blog\/les-associations-ont-embauche-au-sortir-de-la-pandemie\/\",\"url\":\"https:\/\/infolocale.20minutes.fr\/blog\/les-associations-ont-embauche-au-sortir-de-la-pandemie\/\",\"name\":\"Les associations ont embauch\u00e9 apr\u00e8s la pand\u00e9mie |\",\"isPartOf\":{\"@id\":\"https:\/\/www.infolocale.fr\/blog\/#website\"},\"primaryImageOfPage\":{\"@id\":\"https:\/\/infolocale.20minutes.fr\/blog\/les-associations-ont-embauche-au-sortir-de-la-pandemie\/#primaryimage\"},\"image\":{\"@id\":\"https:\/\/infolocale.20minutes.fr\/blog\/les-associations-ont-embauche-au-sortir-de-la-pandemie\/#primaryimage\"},\"thumbnailUrl\":\"https:\/\/infolocale.20minutes.fr\/blog\/wp-content\/uploads\/2021\/12\/Gae1.jpg\",\"datePublished\":\"2021-12-08T15:31:39+00:00\",\"dateModified\":\"2021-12-08T15:31:41+00:00\",\"description\":\"Avec 1.74 million de salari\u00e9s, les associations ont embauch\u00e9 au sortir de la pand\u00e9mie soit 31.000 de plus qu'avant le Covid-19\",\"breadcrumb\":{\"@id\":\"https:\/\/infolocale.20minutes.fr\/blog\/les-associations-ont-embauche-au-sortir-de-la-pandemie\/#breadcrumb\"},\"inLanguage\":\"fr-FR\",\"potentialAction\":[{\"@type\":\"ReadAction\",\"target\":[\"https:\/\/infolocale.20minutes.fr\/blog\/les-associations-ont-embauche-au-sortir-de-la-pandemie\/\"]}]},{\"@type\":\"ImageObject\",\"inLanguage\":\"fr-FR\",\"@id\":\"https:\/\/infolocale.20minutes.fr\/blog\/les-associations-ont-embauche-au-sortir-de-la-pandemie\/#primaryimage\",\"url\":\"https:\/\/infolocale.20minutes.fr\/blog\/wp-content\/uploads\/2021\/12\/Gae1.jpg\",\"contentUrl\":\"https:\/\/infolocale.20minutes.fr\/blog\/wp-content\/uploads\/2021\/12\/Gae1.jpg\",\"width\":1280,\"height\":960},{\"@type\":\"BreadcrumbList\",\"@id\":\"https:\/\/infolocale.20minutes.fr\/blog\/les-associations-ont-embauche-au-sortir-de-la-pandemie\/#breadcrumb\",\"itemListElement\":[{\"@type\":\"ListItem\",\"position\":1,\"name\":\"Blog\",\"item\":\"https:\/\/infolocale.ouest-france.fr\/blog\/\"},{\"@type\":\"ListItem\",\"position\":2,\"name\":\"En ce moment\",\"item\":\"https:\/\/infolocale.20minutes.fr\/blog\/cat\/actu-acteurs-locaux\/\"},{\"@type\":\"ListItem\",\"position\":3,\"name\":\"Les associations ont embauch\u00e9 apr\u00e8s la pand\u00e9mie\"}]},{\"@type\":\"WebSite\",\"@id\":\"https:\/\/www.infolocale.fr\/blog\/#website\",\"url\":\"https:\/\/www.infolocale.fr\/blog\/\",\"name\":\"\",\"description\":\"\",\"publisher\":{\"@id\":\"https:\/\/www.infolocale.fr\/blog\/#organization\"},\"potentialAction\":[{\"@type\":\"SearchAction\",\"target\":{\"@type\":\"EntryPoint\",\"urlTemplate\":\"https:\/\/www.infolocale.fr\/blog\/?s={search_term_string}\"},\"query-input\":\"required name=search_term_string\"}],\"inLanguage\":\"fr-FR\"},{\"@type\":\"Organization\",\"@id\":\"https:\/\/www.infolocale.fr\/blog\/#organization\",\"name\":\"Infolocale\",\"url\":\"https:\/\/www.infolocale.fr\/blog\/\",\"logo\":{\"@type\":\"ImageObject\",\"inLanguage\":\"fr-FR\",\"@id\":\"https:\/\/www.infolocale.fr\/blog\/#\/schema\/logo\/image\/\",\"url\":\"https:\/\/www.infolocale.fr\/blog\/wp-content\/uploads\/2020\/11\/logol.jpg\",\"contentUrl\":\"https:\/\/www.infolocale.fr\/blog\/wp-content\/uploads\/2020\/11\/logol.jpg\",\"width\":1031,\"height\":398,\"caption\":\"Infolocale\"},\"image\":{\"@id\":\"https:\/\/www.infolocale.fr\/blog\/#\/schema\/logo\/image\/\"},\"sameAs\":[\"https:\/\/www.facebook.com\/infolocaleFR\/\",\"https:\/\/x.com\/infolocale\",\"https:\/\/www.instagram.com\/infolocale\/\",\"https:\/\/fr.linkedin.com\/company\/infolocale\",\"https:\/\/www.youtube.com\/channel\/UCnv4FA8EYEuu_si3TGr7xeA\"]},{\"@type\":\"Person\",\"@id\":\"https:\/\/www.infolocale.fr\/blog\/#\/schema\/person\/bf2dc50c6636ffa2ce3e44ef1f9eb97f\",\"name\":\"Myl\u00e8ne\",\"image\":{\"@type\":\"ImageObject\",\"inLanguage\":\"fr-FR\",\"@id\":\"https:\/\/www.infolocale.fr\/blog\/#\/schema\/person\/image\/\",\"url\":\"https:\/\/secure.gravatar.com\/avatar\/49511f0ea4b41ed3062b218e30f07042?s=96&d=mm&r=g\",\"contentUrl\":\"https:\/\/secure.gravatar.com\/avatar\/49511f0ea4b41ed3062b218e30f07042?s=96&d=mm&r=g\",\"caption\":\"Myl\u00e8ne\"},\"url\":\"https:\/\/infolocale.20minutes.fr\/blog\/author\/mylene-michel\/\"}]}<\/script>\n<!-- \/ Yoast SEO plugin. -->","yoast_head_json":{"title":"Les associations ont embauch\u00e9 apr\u00e8s la pand\u00e9mie |","description":"Avec 1.74 million de salari\u00e9s, les associations ont embauch\u00e9 au sortir de la pand\u00e9mie soit 31.000 de plus qu'avant le Covid-19","robots":{"index":"index","follow":"follow","max-snippet":"max-snippet:-1","max-image-preview":"max-image-preview:large","max-video-preview":"max-video-preview:-1"},"canonical":"https:\/\/infolocale.20minutes.fr\/blog\/les-associations-ont-embauche-au-sortir-de-la-pandemie\/","og_locale":"fr_FR","og_type":"article","og_title":"Les associations ont embauch\u00e9 apr\u00e8s la pand\u00e9mie |","og_description":"Avec 1.74 million de salari\u00e9s, les associations ont embauch\u00e9 au sortir de la pand\u00e9mie soit 31.000 de plus qu'avant le Covid-19","og_url":"https:\/\/infolocale.20minutes.fr\/blog\/les-associations-ont-embauche-au-sortir-de-la-pandemie\/","article_publisher":"https:\/\/www.facebook.com\/infolocaleFR\/","article_published_time":"2021-12-08T15:31:39+00:00","article_modified_time":"2021-12-08T15:31:41+00:00","og_image":[{"width":1280,"height":960,"url":"https:\/\/infolocale.20minutes.fr\/blog\/wp-content\/uploads\/2021\/12\/Gae1.jpg","type":"image\/jpeg"}],"author":"Myl\u00e8ne","twitter_card":"summary_large_image","twitter_creator":"@infolocale","twitter_site":"@infolocale","twitter_misc":{"\u00c9crit par":"Myl\u00e8ne","Dur\u00e9e de lecture estim\u00e9e":"4 minutes"},"schema":{"@context":"https:\/\/schema.org","@graph":[{"@type":"Article","@id":"https:\/\/infolocale.20minutes.fr\/blog\/les-associations-ont-embauche-au-sortir-de-la-pandemie\/#article","isPartOf":{"@id":"https:\/\/infolocale.20minutes.fr\/blog\/les-associations-ont-embauche-au-sortir-de-la-pandemie\/"},"author":{"name":"Myl\u00e8ne","@id":"https:\/\/www.infolocale.fr\/blog\/#\/schema\/person\/bf2dc50c6636ffa2ce3e44ef1f9eb97f"},"headline":"Les associations ont embauch\u00e9 apr\u00e8s la pand\u00e9mie","datePublished":"2021-12-08T15:31:39+00:00","dateModified":"2021-12-08T15:31:41+00:00","mainEntityOfPage":{"@id":"https:\/\/infolocale.20minutes.fr\/blog\/les-associations-ont-embauche-au-sortir-de-la-pandemie\/"},"wordCount":915,"commentCount":0,"publisher":{"@id":"https:\/\/www.infolocale.fr\/blog\/#organization"},"image":{"@id":"https:\/\/infolocale.20minutes.fr\/blog\/les-associations-ont-embauche-au-sortir-de-la-pandemie\/#primaryimage"},"thumbnailUrl":"https:\/\/infolocale.20minutes.fr\/blog\/wp-content\/uploads\/2021\/12\/Gae1.jpg","articleSection":["En ce moment"],"inLanguage":"fr-FR","potentialAction":[{"@type":"CommentAction","name":"Comment","target":["https:\/\/infolocale.20minutes.fr\/blog\/les-associations-ont-embauche-au-sortir-de-la-pandemie\/#respond"]}]},{"@type":"WebPage","@id":"https:\/\/infolocale.20minutes.fr\/blog\/les-associations-ont-embauche-au-sortir-de-la-pandemie\/","url":"https:\/\/infolocale.20minutes.fr\/blog\/les-associations-ont-embauche-au-sortir-de-la-pandemie\/","name":"Les associations ont embauch\u00e9 apr\u00e8s la pand\u00e9mie |","isPartOf":{"@id":"https:\/\/www.infolocale.fr\/blog\/#website"},"primaryImageOfPage":{"@id":"https:\/\/infolocale.20minutes.fr\/blog\/les-associations-ont-embauche-au-sortir-de-la-pandemie\/#primaryimage"},"image":{"@id":"https:\/\/infolocale.20minutes.fr\/blog\/les-associations-ont-embauche-au-sortir-de-la-pandemie\/#primaryimage"},"thumbnailUrl":"https:\/\/infolocale.20minutes.fr\/blog\/wp-content\/uploads\/2021\/12\/Gae1.jpg","datePublished":"2021-12-08T15:31:39+00:00","dateModified":"2021-12-08T15:31:41+00:00","description":"Avec 1.74 million de salari\u00e9s, les associations ont embauch\u00e9 au sortir de la pand\u00e9mie soit 31.000 de plus qu'avant le Covid-19","breadcrumb":{"@id":"https:\/\/infolocale.20minutes.fr\/blog\/les-associations-ont-embauche-au-sortir-de-la-pandemie\/#breadcrumb"},"inLanguage":"fr-FR","potentialAction":[{"@type":"ReadAction","target":["https:\/\/infolocale.20minutes.fr\/blog\/les-associations-ont-embauche-au-sortir-de-la-pandemie\/"]}]},{"@type":"ImageObject","inLanguage":"fr-FR","@id":"https:\/\/infolocale.20minutes.fr\/blog\/les-associations-ont-embauche-au-sortir-de-la-pandemie\/#primaryimage","url":"https:\/\/infolocale.20minutes.fr\/blog\/wp-content\/uploads\/2021\/12\/Gae1.jpg","contentUrl":"https:\/\/infolocale.20minutes.fr\/blog\/wp-content\/uploads\/2021\/12\/Gae1.jpg","width":1280,"height":960},{"@type":"BreadcrumbList","@id":"https:\/\/infolocale.20minutes.fr\/blog\/les-associations-ont-embauche-au-sortir-de-la-pandemie\/#breadcrumb","itemListElement":[{"@type":"ListItem","position":1,"name":"Blog","item":"https:\/\/infolocale.ouest-france.fr\/blog\/"},{"@type":"ListItem","position":2,"name":"En ce moment","item":"https:\/\/infolocale.20minutes.fr\/blog\/cat\/actu-acteurs-locaux\/"},{"@type":"ListItem","position":3,"name":"Les associations ont embauch\u00e9 apr\u00e8s la pand\u00e9mie"}]},{"@type":"WebSite","@id":"https:\/\/www.infolocale.fr\/blog\/#website","url":"https:\/\/www.infolocale.fr\/blog\/","name":"","description":"","publisher":{"@id":"https:\/\/www.infolocale.fr\/blog\/#organization"},"potentialAction":[{"@type":"SearchAction","target":{"@type":"EntryPoint","urlTemplate":"https:\/\/www.infolocale.fr\/blog\/?s={search_term_string}"},"query-input":"required name=search_term_string"}],"inLanguage":"fr-FR"},{"@type":"Organization","@id":"https:\/\/www.infolocale.fr\/blog\/#organization","name":"Infolocale","url":"https:\/\/www.infolocale.fr\/blog\/","logo":{"@type":"ImageObject","inLanguage":"fr-FR","@id":"https:\/\/www.infolocale.fr\/blog\/#\/schema\/logo\/image\/","url":"https:\/\/www.infolocale.fr\/blog\/wp-content\/uploads\/2020\/11\/logol.jpg","contentUrl":"https:\/\/www.infolocale.fr\/blog\/wp-content\/uploads\/2020\/11\/logol.jpg","width":1031,"height":398,"caption":"Infolocale"},"image":{"@id":"https:\/\/www.infolocale.fr\/blog\/#\/schema\/logo\/image\/"},"sameAs":["https:\/\/www.facebook.com\/infolocaleFR\/","https:\/\/x.com\/infolocale","https:\/\/www.instagram.com\/infolocale\/","https:\/\/fr.linkedin.com\/company\/infolocale","https:\/\/www.youtube.com\/channel\/UCnv4FA8EYEuu_si3TGr7xeA"]},{"@type":"Person","@id":"https:\/\/www.infolocale.fr\/blog\/#\/schema\/person\/bf2dc50c6636ffa2ce3e44ef1f9eb97f","name":"Myl\u00e8ne","image":{"@type":"ImageObject","inLanguage":"fr-FR","@id":"https:\/\/www.infolocale.fr\/blog\/#\/schema\/person\/image\/","url":"https:\/\/secure.gravatar.com\/avatar\/49511f0ea4b41ed3062b218e30f07042?s=96&d=mm&r=g","contentUrl":"https:\/\/secure.gravatar.com\/avatar\/49511f0ea4b41ed3062b218e30f07042?s=96&d=mm&r=g","caption":"Myl\u00e8ne"},"url":"https:\/\/infolocale.20minutes.fr\/blog\/author\/mylene-michel\/"}]}},"_links":{"self":[{"href":"https:\/\/infolocale.20minutes.fr\/blog\/wp-json\/wp\/v2\/posts\/15941"}],"collection":[{"href":"https:\/\/infolocale.20minutes.fr\/blog\/wp-json\/wp\/v2\/posts"}],"about":[{"href":"https:\/\/infolocale.20minutes.fr\/blog\/wp-json\/wp\/v2\/types\/post"}],"author":[{"embeddable":true,"href":"https:\/\/infolocale.20minutes.fr\/blog\/wp-json\/wp\/v2\/users\/8"}],"replies":[{"embeddable":true,"href":"https:\/\/infolocale.20minutes.fr\/blog\/wp-json\/wp\/v2\/comments?post=15941"}],"version-history":[{"count":0,"href":"https:\/\/infolocale.20minutes.fr\/blog\/wp-json\/wp\/v2\/posts\/15941\/revisions"}],"wp:featuredmedia":[{"embeddable":true,"href":"https:\/\/infolocale.20minutes.fr\/blog\/wp-json\/wp\/v2\/media\/16000"}],"wp:attachment":[{"href":"https:\/\/infolocale.20minutes.fr\/blog\/wp-json\/wp\/v2\/media?parent=15941"}],"wp:term":[{"taxonomy":"category","embeddable":true,"href":"https:\/\/infolocale.20minutes.fr\/blog\/wp-json\/wp\/v2\/categories?post=15941"},{"taxonomy":"post_tag","embeddable":true,"href":"https:\/\/infolocale.20minutes.fr\/blog\/wp-json\/wp\/v2\/tags?post=15941"}],"curies":[{"name":"wp","href":"https:\/\/api.w.org\/{rel}","templated":true}]}}