{"id":15520,"date":"2021-11-23T10:03:49","date_gmt":"2021-11-23T09:03:49","guid":{"rendered":"https:\/\/www.infolocale.fr\/blog\/?p=15520"},"modified":"2023-09-15T09:56:01","modified_gmt":"2023-09-15T07:56:01","slug":"organiser-un-vide-greniers-toutes-les-etapes","status":"publish","type":"post","link":"https:\/\/infolocale.20minutes.fr\/blog\/organiser-un-vide-greniers-toutes-les-etapes\/","title":{"rendered":"Organiser un vide-greniers : toutes les \u00e9tapes"},"content":{"rendered":"\n<p>Pour <strong>organiser un vide-greniers<\/strong>, vous devez :&nbsp;<\/p>\n\n\n\n<ul class=\"has-black-color has-text-color has-background wp-block-list\" style=\"background-color:#a1d5f5\"><li>Effectuer une d\u00e9claration de vente au d\u00e9ballage aupr\u00e8s de votre mairie,\u00a0<\/li><li>faire une demande d\u2019autorisation d\u2019occupation temporaire du domaine public.\u00a0<\/li><li>Vous devez imp\u00e9rativement tenir un registre des vendeurs.<\/li><li>Les particuliers peuvent participer \u00e0 un maximum de deux vides greniers par an. <\/li><li>De plus, ils ne peuvent vendre que des objets usag\u00e9s.<\/li><li>Un m\u00eame site ne peut recevoir de braderie que sur une dur\u00e9e cumul\u00e9e de deux mois maximum par an.<\/li><li>Mettre en place une campagne de communication : vers les vendeurs et vers le public.<\/li><li>Planifier vos besoins en services : buvettes, points d\u2019info, premiers secours, etc.\u00a0<\/li><li>Quantifier les besoins en b\u00e9n\u00e9voles. Pensez \u00e0 l\u2019amplitude horaire, au roulement.<\/li><\/ul>\n\n\n\n<h2 class=\"wp-block-heading\">Prenez du temps pour bien pr\u00e9parer votre vide-greniers&nbsp;&nbsp;<\/h2>\n\n\n\n<p><strong>Organiser un vide-greniers<\/strong> demande une certaine pr\u00e9paration,&nbsp;la mobilisation de vendeurs, de b\u00e9n\u00e9voles et la venue du public. Il est important d\u2019anticiper vos besoins afin que tout soit pr\u00eat le jour J.&nbsp;<\/p>\n\n\n\n<div class=\"wp-block-buttons is-horizontal is-content-justification-center is-layout-flex wp-container-core-buttons-is-layout-1 wp-block-buttons-is-layout-flex\">\n<div class=\"wp-block-button\"><a class=\"wp-block-button__link has-white-color has-luminous-vivid-amber-background-color has-text-color has-background wp-element-button\"><strong>&gt;&gt;Inscrire mon asso \u00e0 Infolocale <\/strong><\/a><\/div>\n<\/div>\n\n\n\n<p>Sur le plan des d\u00e9lais, donnez-vous entre 3 \u00e0 6 mois pour <strong>organiser votre vide-greniers<\/strong>. Logiquement, cette p\u00e9riode varie selon la taille de votre \u00e9v\u00e9nement, le nombre de vendeurs et de public attendu. Dans tous les cas, pr\u00e9voyez large et ce d&rsquo;autant plus si c&rsquo;est votre premi\u00e8re \u00e9dition. N\u2019oubliez pas que vous aurez \u00e0 piloter :&nbsp;<\/p>\n\n\n\n<ul class=\"wp-block-list\"><li>les d\u00e9marches administratives n\u00e9cessaires,<\/li><li>organiser le site, num\u00e9roter les espaces, pr\u00e9voir les stands de buvettes et autres services sur l\u2019\u00e9v\u00e9nement,<\/li><li>penser une campagne de communication pour vous faire conna\u00eetre des vendeurs,&nbsp;<\/li><li>mettre en place une campagne de communication pour faire venir le public,&nbsp;<\/li><li>recruter les b\u00e9n\u00e9voles pour vous aider \u00e0 l\u2019organisation et sur l&rsquo;\u00e9v\u00e9nement.<\/li><\/ul>\n\n\n\n<h2 class=\"wp-block-heading\">A quelle date organiser un vide-greniers ?<\/h2>\n\n\n\n<p>Prenez un peu de temps pour penser \u00e0 la date. La plupart des <strong>vide-greniers s\u2019organisent<\/strong> sur une p\u00e9riode allant des premiers beaux jours, au printemps, jusqu&rsquo;\u00e0 la rentr\u00e9e de septembre. Veillez \u00e0 ne pas organiser votre vide-greniers au m\u00eame moment qu&rsquo;un \u00e9v\u00e9nement majeur de votre territoire.&nbsp;<\/p>\n\n\n\n<p>Pensez \u00e0 la m\u00e9t\u00e9o, surtout si votre \u00e9v\u00e9nement se passe en ext\u00e9rieur. Evidemment, il est impossible de savoir \u00e0 l\u2019avance le temps qu\u2019il fera dans quatre mois. N\u00e9anmoins, les statistiques de la m\u00e9t\u00e9o vous permettent d\u2019envisager les moments o\u00f9 celle-ci est le plus susceptible d\u2019\u00eatre favorable \u00e0 l\u2019organisation de votre \u00e9v\u00e9nement.<\/p>\n\n\n\n<p>Aussi, pr\u00eatez attention aux p\u00e9riodes de vacances, aux jours f\u00e9ri\u00e9s et aux ponts qui peuvent en d\u00e9couler.<\/p>\n\n\n\n<h2 class=\"wp-block-heading\">Quel sera le lieu de votre vide-greniers ?<\/h2>\n\n\n\n<p>Pour commencer, sachez que l\u00e9galement, un m\u00eame endroit ne peut recevoir de vide-greniers que sur une dur\u00e9e cumul\u00e9e maximale de deux mois par an.&nbsp;<\/p>\n\n\n\n<p>De plus, certains facteurs auront une influence sur le choix de votre site. Ce sera par exemple le cas de la taille, du nombre de vendeurs attendus et de la renomm\u00e9e de votre \u00e9v\u00e9nement. <\/p>\n\n\n\n<p>Allez-vous faire un \u00e9v\u00e9nement en ext\u00e9rieur, dans une rue passante, sur une place publique, un parking ? <\/p>\n\n\n\n<p>Le lieu que vous choisirez peut influer sur le nombre de places pour les vendeurs. Ainsi, vous pourriez pr\u00e9f\u00e9rer un site plus petit pour la premi\u00e8re ann\u00e9e, puis, avec les ann\u00e9es, vous \u00e9tendre dans les rues voisines.<\/p>\n\n\n\n<p>Dans tous les cas, il est pr\u00e9f\u00e9rable de partir sur un endroit moins ouvert si vous souhaitez limiter le nombre d\u2019exposants. Mieux vaut une petite rue bien garnie qu\u2019une grande place toute vide. Vos visiteurs n\u2019en retiendront pas la m\u00eame exp\u00e9rience.<\/p>\n\n\n\n<div class=\"wp-block-image\"><figure class=\"aligncenter size-large is-resized\"><a href=\"https:\/\/www.infolocale.fr\/decouvrir\/?int_source=blog&amp;int_medium=banner&amp;int_campaign=blog-content\"><img fetchpriority=\"high\" decoding=\"async\" src=\"https:\/\/www.infolocale.fr\/blog\/wp-content\/uploads\/2021\/03\/fond-banniere-mail-1024x1024.jpg\" alt=\"Communiquer pour un vide-greniers\" class=\"wp-image-7374\" width=\"681\" height=\"681\" srcset=\"https:\/\/infolocale.20minutes.fr\/blog\/wp-content\/uploads\/2021\/03\/fond-banniere-mail-1024x1024.jpg 1024w, https:\/\/infolocale.20minutes.fr\/blog\/wp-content\/uploads\/2021\/03\/fond-banniere-mail-300x300.jpg 300w, https:\/\/infolocale.20minutes.fr\/blog\/wp-content\/uploads\/2021\/03\/fond-banniere-mail-150x150.jpg 150w, https:\/\/infolocale.20minutes.fr\/blog\/wp-content\/uploads\/2021\/03\/fond-banniere-mail-768x768.jpg 768w, https:\/\/infolocale.20minutes.fr\/blog\/wp-content\/uploads\/2021\/03\/fond-banniere-mail-60x60.jpg 60w, https:\/\/infolocale.20minutes.fr\/blog\/wp-content\/uploads\/2021\/03\/fond-banniere-mail.jpg 1080w\" sizes=\"(max-width: 681px) 100vw, 681px\" \/><\/a><\/figure><\/div>\n\n\n\n<p>Pensez \u00e9galement \u00e0 la mani\u00e8re dont viendront vos visiteurs et vos vendeurs. Les vendeurs auront-ils la place de circuler avec leur voiture pour installer leur stand ? Auront ils un endroit pour garer leurs voitures ou camionnettes ? Votre site est-il bien desservi ? Vos visiteurs pourront-ils venir en bus ?<\/p>\n\n\n\n<p>Pour r\u00e9pondre \u00e0 ces points, il existe deux m\u00e9thodes.&nbsp;<\/p>\n\n\n\n<p>Premi\u00e8rement, vous avez d\u00e9j\u00e0 trouv\u00e9 l\u2019endroit parfait. Vous devrez alors estimer sa capacit\u00e9 pour obtenir la taille de votre \u00e9v\u00e9nement.&nbsp;<\/p>\n\n\n\n<p>Deuxi\u00e8mement, vous pouvez d\u00e9terminer le nombre maximum de vendeurs que vous souhaitez attirer. Cela vous permettra d&rsquo;estimer la taille de votre \u00e9v\u00e9nement. Vous pourrez alors utiliser ce cadre pour d\u00e9terminer l\u2019endroit id\u00e9al o\u00f9 organiser votre vide-greniers.<\/p>\n\n\n\n<h2 class=\"wp-block-heading\">Quelles d\u00e9marches administratives pour organiser un vide-greniers ?<\/h2>\n\n\n\n<p>\u00c7a ne vous surprendra pas, nul ne peut s\u2019installer sur la place du village, en louer des parcelles et <strong>organiser une braderie<\/strong> sans quelques d\u00e9marches administratives pr\u00e9alables. Avant toute installation et communication officielle, vous aurez deux d\u00e9marches \u00e0 effectuer.&nbsp;<\/p>\n\n\n\n<ul class=\"wp-block-list\"><li>La premi\u00e8re, consiste \u00e0 d\u00e9poser une d\u00e9claration de vente au d\u00e9ballage aupr\u00e8s de votre mairie.<\/li><li>La seconde, ne sera \u00e0 remplir que si vous occupez un espace public. Il prendra la forme d\u2019une demande d\u2019autorisation d\u2019occupation temporaire du domaine public.&nbsp;Cette demande devra parvenir \u00e0 votre mairie au moins trois mois avant la date de votre vente au d\u00e9ballage. Vous y indiquerez le type d\u2019\u00e9v\u00e9nements, les dates, le lieu et heures sur lesquelles celui-ci se d\u00e9roulera. Vous y ajouterez \u00e9galement les coordonn\u00e9es de votre association ou personnelles si vous effectuez cette op\u00e9ration hors d\u2019un cadre associatif.&nbsp;<\/li><\/ul>\n\n\n\n<p>En cas d\u2019oubli, vous vous exposez \u00e0 de fortes amendes pouvant aller de 15 000 \u00e0 30 000 euros. Pour \u00eatre tranquille, prenez bien soin de faire l\u2019ensemble des d\u00e9clarations demand\u00e9es.<\/p>\n\n\n\n<h2 class=\"wp-block-heading\">Parcelliser et num\u00e9roter les emplacements de votre vide-greniers<\/h2>\n\n\n\n<p>Maintenant que vous avez le lieu, vous allez pouvoir r\u00e9fl\u00e9chir \u00e0 l\u2019organisation g\u00e9n\u00e9rale de votre \u00e9v\u00e9nement. Cette \u00e9tape doit se faire avant de rentrer dans la communication et avant de pouvoir envisager d\u2019allouer les emplacements \u00e0 vos vendeurs. Elle portera sur deux \u00e9l\u00e9ments distincts :&nbsp;<\/p>\n\n\n\n<ul class=\"wp-block-list\"><li>La parcellisation et num\u00e9rotation de votre site<\/li><li>Identifier les stands et diff\u00e9rents services dont vous aurez besoin sur place<\/li><\/ul>\n\n\n\n<h3 class=\"wp-block-heading\">Parcelliser et num\u00e9roter votre site<\/h3>\n\n\n\n<p>Pour commencer, prenez un plan de la zone sur laquelle se d\u00e9roulera votre braderie. D\u00e9coupez la zone en parcelles de la taille qui vous semble la bonne. Les parcelles sont le plus souvent d\u00e9coup\u00e9es en lot de un m\u00e8tre, un m\u00e8tre cinquante et plus rarement deux m\u00e8tres.<\/p>\n\n\n\n<p>La num\u00e9rotation doit \u00eatre claire, intuitive et permettre \u00e0 vos b\u00e9n\u00e9voles comme aux vendeurs de se retrouver facilement le jour venu.<\/p>\n\n\n\n<p>Quelques jours avant votre vide-greniers, vous souhaiterez probablement num\u00e9roter votre site de mani\u00e8re \u00e0 ce que vos vendeurs puissent facilement retrouver leur espace. Cette \u00e9tape est \u00e9galement cruciale. Prenez un soin particulier \u00e0 cette mise en place afin de bien faire correspondre votre plan et les marquages au sol.<\/p>\n\n\n\n<h3 class=\"wp-block-heading\">Pensez au placement des diff\u00e9rents services de votre braderie : point info, buvettes, secours<\/h3>\n\n\n\n<p>C\u2019est \u00e9galement \u00e0 l\u2019\u00e9tape de la parcellisation de votre site que vous devrez penser au placement des autres acteurs de votre vide-greniers :<\/p>\n\n\n\n<ul class=\"wp-block-list\"><li>O\u00f9 seront les d\u00e9bits de boisson, les stands ou les camions restaurants ?&nbsp;<\/li><li>O\u00f9 sera plac\u00e9e l\u2019estrade de l\u2019animateur ?<\/li><li>Allez-vous placer un point d\u2019information ?<\/li><li>Quel est l\u2019endroit le plus strat\u00e9gique pour la tente des secours ?&nbsp;<\/li><li>Comment placer l\u2019ensemble de ses besoins sans entraver la circulation des visiteurs sur le site ?<br><\/li><\/ul>\n\n\n\n<p>Cette \u00e9tape vous sera \u00e9galement utile quand vous devrez quantifier vos besoins en b\u00e9n\u00e9voles. On en parle un peu plus tard dans cet article.<\/p>\n\n\n\n<h2 class=\"wp-block-heading\">Tenir un registre des vendeurs<\/h2>\n\n\n\n<p>Une fois les inscriptions ouvertes, vous allez recevoir des demandes de r\u00e9servations d\u2019emplacements. A cette \u00e9tape, vous devez imp\u00e9rativement tenir un <a href=\"https:\/\/www.infolocale.fr\/blog\/registre-des-vendeurs-vide-greniers\/\">registre des vendeurs<\/a>. Ce registre aura pour mission de lister l\u2019int\u00e9gralit\u00e9 des participants. En cas de besoin, il sera mis \u00e0 la disposition des services de la r\u00e9pression des fraudes. Enfin, une fois votre braderie termin\u00e9e, vous devrez, sous huit jours, d\u00e9poser le document \u00e0 la pr\u00e9fecture ou sous-pr\u00e9fecture de votre territoire.&nbsp;<\/p>\n\n\n\n<p>Le registre devra renseigner sur :&nbsp;<\/p>\n\n\n\n<ul class=\"wp-block-list\"><li>les noms et pr\u00e9noms des participants,<\/li><li>leur adresse,<\/li><li>la nature, le num\u00e9ro et l&rsquo;autorit\u00e9 ayant produite la pi\u00e8ce d\u2019identit\u00e9 pr\u00e9sent\u00e9e lors de l\u2019inscription.<\/li><li>l\u2019attestation sur l\u2019honneur de non-participation \u00e0 deux autres \u00e9v\u00e9nements de cette nature au cours des douze derniers mois.<\/li><\/ul>\n\n\n\n<p>En outre, les professionnels devront d\u00e9livrer quelques informations suppl\u00e9mentaires :&nbsp;<\/p>\n\n\n\n<ul class=\"wp-block-list\"><li>leur raison sociale,<\/li><li>leur num\u00e9ro d\u2019immatriculation au registre du commerce et des soci\u00e9t\u00e9s.&nbsp;<\/li><li>S\u2019il est autoentrepreneur, le num\u00e9ro du r\u00e9c\u00e9piss\u00e9 de d\u00e9claration au CFE.&nbsp;<\/li><\/ul>\n\n\n\n<p>Du c\u00f4t\u00e9 des vendeurs non professionnels. Ceux-ci ne peuvent vendre que des produits personnels et usag\u00e9s.<\/p>\n\n\n\n<h3 class=\"wp-block-heading\">L\u2019attestation sur l\u2019honneur \u00e0 d\u00e9livrer pour participer \u00e0 un vide-greniers<\/h3>\n\n\n\n<p>Il est important que vos vendeurs non-professionnels sachent qu\u2019ils ne peuvent participer qu\u2019\u00e0 un maximum de deux vide-greniers par an. Pour en certifier, mais aussi pour prot\u00e9ger votre association des \u00e9ventuels fraudeurs, les vendeurs devront fournir une attestation sur l\u2019honneur de non-participation \u00e0 plus de 2 vide-greniers dans les douze mois pr\u00e9c\u00e9dant votre \u00e9v\u00e9nement. Ce document sera \u00e0 joindre au registre des vendeurs.&nbsp;<\/p>\n\n\n\n<h3 class=\"wp-block-heading\">Organiser un vide-greniers, quelle assurance ?<\/h3>\n\n\n\n<p>Le plus souvent, les assurances multirisques des associations couvrent \u00e9galement la responsabilit\u00e9 civile de celle-ci et de ses membres. Cependant, si votre association n\u2019a pas pour objet d\u2019organiser des braderies, celle-ci peut \u00eatre consid\u00e9r\u00e9e comme une activit\u00e9 extraordinaire. D\u00e8s lors, votre assurance pourrait ne pas couvrir cette manifestation.&nbsp;<\/p>\n\n\n\n<p>Avant l\u2019\u00e9v\u00e9nement, tournez-vous vers l\u2019assureur de votre association. Voyez avec lui dans quelle mesure vous \u00eates d\u00e9j\u00e0 couvert et pour faire le n\u00e9cessaire afin que vous, votre association et vos b\u00e9n\u00e9voles soient \u00e0 l\u2019abri de tout probl\u00e8me.&nbsp;<\/p>\n\n\n\n<h2 class=\"wp-block-heading\">Organiser un vide-greniers, une communication en deux temps<\/h2>\n\n\n\n<p>La communication pour un vide-greniers \u00e0 ceci d\u2019original qu\u2019elle se passe en deux temps et en direction de deux types d\u2019audiences diff\u00e9rentes.&nbsp;<\/p>\n\n\n\n<h3 class=\"wp-block-heading\">La communication vers les vendeurs<\/h3>\n\n\n\n<p>La premi\u00e8re phase est celle de la communication \u00e0 destination des professionnels et des vendeurs. L\u2019objectif de cette phase est de louer la totalit\u00e9 de vos emplacements pour garantir une braderie dynamique et anim\u00e9e.&nbsp;<\/p>\n\n\n\n<p>Plus vos emplacements seront nombreux \u00e0 partir, plus vous aurez de chance d\u2019avoir un \u00e9v\u00e9nement qui, le jour J, para\u00eetra anim\u00e9, capable de proposer de bonnes affaires \u00e0 l\u2019ensemble de votre public et de laisser un bon souvenir.<\/p>\n\n\n\n<h3 class=\"wp-block-heading\">La communication vers le public<\/h3>\n\n\n\n<p>La seconde phase de votre communication sera \u00e0 faire en direction du public. Ici, l\u2019objectif est de faire venir le plus grand nombre de personnes sur votre braderie. Une belle affluence permettra non seulement de satisfaire les vendeurs qui se sont d\u00e9plac\u00e9s, mais aussi d\u2019assurer l\u2019ambiance de votre \u00e9v\u00e9nement.&nbsp;<\/p>\n\n\n\n<p>Si vos vendeurs sont satisfaits, s\u2019ils vendent bien et font un bon chiffre, il est fort probable qu\u2019ils souhaitent revenir l\u2019ann\u00e9e suivante. D\u2019autre part, si votre public trouve de bonnes affaires, si l\u2019ambiance est bonne, il sera, lui aussi, plus \u00e0 m\u00eame de revenir lors de la prochaine \u00e9dition.&nbsp;<\/p>\n\n\n\n<h2 class=\"wp-block-heading\">Les diff\u00e9rents leviers de communication pour une braderie<\/h2>\n\n\n\n<p>La communication est l\u2019un des \u00e9l\u00e9ments cl\u00e9s de la r\u00e9ussite de votre vide-greniers. Dans ce domaine, il existe de nombreux leviers d\u2019action pour <a href=\"https:\/\/www.infolocale.fr\/blog\/accueillir-nouveau-benevole\/\">communiquer pour un \u00e9v\u00e9nement<\/a> et attirer vos diff\u00e9rentes cibles.<\/p>\n\n\n\n<h3 class=\"wp-block-heading\">Constituez une \u00e9quipe pour communiquer sur votre vide-greniers<\/h3>\n\n\n\n<p>Pour commencer, vous devriez constituer une \u00e9quipe de b\u00e9n\u00e9voles d\u00e9di\u00e9s \u00e0 votre communication. Cette \u00e9quipe portera une grande responsabilit\u00e9, elle fera la communication vers les vendeurs, celle vers le public ainsi que les relations presse. Selon la taille de votre \u00e9v\u00e9nement le nombre de personnes d\u00e9di\u00e9es \u00e0 cette mission peut \u00e9voluer, mais il semble difficile de r\u00e9aliser l\u2019ensemble des t\u00e2ches \u00e0 moins de deux ou trois personnes.&nbsp;<\/p>\n\n\n\n<p>Ceci fait, votre \u00e9quipe devra constituer deux plans d\u2019action distincts afin de bien r\u00e9pondre \u00e0 vos besoins qui sont de faire venir des vendeurs d&rsquo;une part et du public d&rsquo;autre part. Sur le plan des outils, <a href=\"https:\/\/www.infolocale.fr\/blog\/communication-vide-greniers\/\">communiquer pour un vide-greniers<\/a> vous demandera un grand nombre de logiciels, mais aussi des b\u00e9n\u00e9voles dot\u00e9s de comp\u00e9tences pour les utiliser.&nbsp;<\/p>\n\n\n\n<h3 class=\"wp-block-heading\">Les r\u00e9seaux sociaux, levier de communication pour votre vide-greniers<\/h3>\n\n\n\n<p>Pour commencer, on peut citer les <a href=\"https:\/\/www.infolocale.fr\/blog\/communiquer-reseaux-sociaux\/\">r\u00e9seaux sociaux<\/a> sur lesquels il peut \u00eatre utile d\u2019avoir une pr\u00e9sence afin de constituer une communaut\u00e9 qui grandira avec les ann\u00e9es. Ces plateformes peuvent mettre du temps \u00e0 obtenir la taille n\u00e9c\u00e9ssaire pour devenir un levier important. N\u00e9anmoins, une fois cette taille atteinte, elles peuvent \u00eatre en mesure d&rsquo;assurer, \u00e0 elles seules, une partie de votre communication.&nbsp;<\/p>\n\n\n\n<p>De plus, les r\u00e9seaux sociaux peuvent \u00eatre un formidable levier publicitaire. Des publicit\u00e9s cibl\u00e9es sur votre ville, sur les abonn\u00e9s de vos pages faciliteront probablement votre communication.<\/p>\n\n\n\n<h3 class=\"wp-block-heading\">Votre site internet<\/h3>\n\n\n\n<p>Bien s\u00fbr, la <a href=\"https:\/\/www.infolocale.fr\/blog\/site-internet-association\/\">mise en place d\u2019un site internet<\/a> semble \u00eatre indispensable. Cela vous permettra de diffuser vos dates, de mettre en ligne vos formulaire d\u2019inscription et de pouvoir \u00eatre plus facilement trouv\u00e9 par les gens qui vous cherchent sur les moteurs de recherche.<\/p>\n\n\n\n<h3 class=\"wp-block-heading\">Les vendeurs des ann\u00e9es pr\u00e9c\u00e9dentes<\/h3>\n\n\n\n<p>Aussi, constituez-vous une base de donn\u00e9es des vendeurs des ann\u00e9es pr\u00e9c\u00e9dentes. Cela vous permettra de pouvoir facilement les recontacter lors de vos prochaines \u00e9ditions. Ici aussi, la premi\u00e8re ann\u00e9e est la plus difficile, plus vous avancerez dans le temps, plus votre listing sera grand et plus vos emplacements se loueront rapidement.<\/p>\n\n\n\n<h3 class=\"wp-block-heading\">Les relations presse<\/h3>\n\n\n\n<p>La constitution d\u2019un fichier presse, la mise en place de <a href=\"https:\/\/www.infolocale.fr\/blog\/relations-presse-association\/\">relations presse<\/a>, l\u2019envoi de <a href=\"https:\/\/www.infolocale.fr\/blog\/communique-de-presse-association\/\">communiqu\u00e9s de presse<\/a> et l\u2019<a href=\"https:\/\/www.infolocale.fr\/blog\/conference-de-presse\/\">organisation de conf\u00e9rences de presse<\/a> sont des indispensables. Une couverture de la presse locale devrait vous permettre de capter l\u2019attention d\u2019un grand nombre de personnes sur votre territoire.<\/p>\n\n\n\n<h3 class=\"wp-block-heading\">Influenceurs locaux et agendas en ligne<\/h3>\n\n\n\n<p>Ensuite, vous pouvez aussi penser aux influenceurs, aux <a href=\"https:\/\/www.infolocale.fr\/blog\/agenda-en-ligne\/\">agendas en ligne<\/a>, \u00e0 vos besoins en contenus vid\u00e9o et photo le jour J, aux lives sur les r\u00e9seaux sociaux, etc. Le contenu est central ! N\u2019oubliez pas que vous aurez besoin de vid\u00e9os et photos pour faire la promotion de votre prochaine <strong>foire \u00e0 tout<\/strong>. Et \u00e7a ; vous devez y penser un an \u00e0 l\u2019avance.&nbsp;&nbsp;<\/p>\n\n\n\n<h2 class=\"wp-block-heading\"><strong>Organisation de votre vide-greniers : \u00e9l\u00e9ments \u00e0 pr\u00e9voir pour le jour J<\/strong><\/h2>\n\n\n\n<p>Il y a diff\u00e9rents \u00e9l\u00e9ments li\u00e9s \u00e0 l\u2019organisation et au d\u00e9roul\u00e9 g\u00e9n\u00e9ral de votre vente au d\u00e9ballage que vous devez anticiper et pr\u00e9parer avant le jour J. Ces points concernent vos besoins en b\u00e9n\u00e9voles, l\u2019animation, la restauration, la s\u00e9curit\u00e9, mais aussi les secours dont vous pourriez avoir besoin. Ces \u00e9l\u00e9ments varient \u00e9norm\u00e9ment en fonction de la taille de votre \u00e9v\u00e9nement, selon le nombre de visiteurs, la surface couverte et le nombre de vendeurs.<\/p>\n\n\n\n<h3 class=\"wp-block-heading\">S\u00e9curit\u00e9 et secours<\/h3>\n\n\n\n<p>Est-ce que la brocante que vous organisez devra <a href=\"https:\/\/www.infolocale.fr\/blog\/securite-lors-de-vos-evenements-sur-la-voie-publique\/\" target=\"_blank\" rel=\"noreferrer noopener\">mettre en place un dispositif de s\u00e9curit\u00e9<\/a> ? De combien de personnes sera-t-il constitu\u00e9 ? De m\u00eame, vous aurez probablement besoin de mettre en place une tente pour recevoir les \u00e9ventuels bobos qui peuvent survenir dans ce genre de rassemblement et des \u00e9quipes form\u00e9es pour g\u00e9rer ce type de probl\u00e8mes. Ici, il s\u2019agira le plus souvent de faire appel \u00e0 des prestataires ext\u00e9rieurs, des entreprises de s\u00e9curit\u00e9 et la croix rouge par exemple.<\/p>\n\n\n\n<p>Dans le domaine de la s\u00e9curit\u00e9 et des secours. Vous devez \u00e9galement pr\u00e9voir un acc\u00e8s facile des secours si ceux-ci devaient avoir \u00e0 se d\u00e9placer au c\u0153ur de votre \u00e9v\u00e9nement.<\/p>\n\n\n\n<h3 class=\"wp-block-heading\">L\u2019animation sono sur un vide-greniers<\/h3>\n\n\n\n<p>C\u2019est aussi une question sur laquelle vous devrez trancher. Allez-vous doter votre manifestation d\u2019une animation ? Nombre de braderies s\u2019attachent les services d\u2019un animateur professionnel et d\u2019une sono. Cela vous permet de dynamiser votre \u00e9v\u00e9nement, d\u2019organiser des animations, des jeux durant la journ\u00e9e, de mettre en avant certains vendeurs et leurs objets. De plus, elle permet de passer des messages utiles au sujet d\u2019objets trouv\u00e9s ou d\u2019enfants perdus par exemple.&nbsp;<\/p>\n\n\n\n<h3 class=\"wp-block-heading\">Point d\u2019accueil pour guider vendeurs et visiteurs<\/h3>\n\n\n\n<p>Combien de b\u00e9n\u00e9voles devez-vous mobiliser sur votre \u00e9v\u00e9nement ? Pour quelles missions ? Vous devriez envisager de placer un point d\u2019accueil rep\u00e9rable sur votre site. Ici vous pouvez envisager des personnes pour aider au placement le matin, des b\u00e9n\u00e9voles pour renseigner vos visiteurs, pour recevoir les enfants perdus.<\/p>\n\n\n\n<h3 class=\"wp-block-heading\">Anticiper vos besoins en b\u00e9n\u00e9voles<\/h3>\n\n\n\n<p>Votre besoin en b\u00e9n\u00e9vole sera probablement important. Pour bien faire, commencez par lister le dispositif que vous souhaitez mettre en place (buvette, sono, accueil\u2026). Ensuite, d\u00e9terminez le nombre de b\u00e9n\u00e9voles utiles pour chaque poste. Apr\u00e8s cela, vous devrez prendre en compte l\u2019amplitude horaire de votre vide-greniers, les temps de pause et le roulement de vos b\u00e9n\u00e9voles. Cela vous permettra de d\u00e9terminer vos besoins et d\u2019anticiper la <a href=\"https:\/\/www.infolocale.fr\/blog\/comment-trouver-des-benevoles-pour-mon-association\/\">recherche des b\u00e9n\u00e9voles<\/a>.<\/p>\n\n\n\n<h3 class=\"wp-block-heading\">Buvette et restauration<\/h3>\n\n\n\n<p>Le public de votre vide-greniers s\u2019attendra probablement \u00e0 pouvoir trouver une buvette et un point de restauration.&nbsp;<\/p>\n\n\n\n<p>Si vous en dotez votre braderie, vous devrez d\u00e9cider si ceux-ci seront d\u00e9l\u00e9gu\u00e9s \u00e0 des professionnels ou si votre organisation pr\u00e9f\u00e8re les mettre en place par elle-m\u00eame.&nbsp;<\/p>\n\n\n\n<p>Les deux options ont leurs avantages. Une buvette peut souvent g\u00e9n\u00e9rer une certaine rentr\u00e9e d\u2019argent pour l\u2019association organisatrice. Cependant, c\u2019est aussi du temps, de la gestion de stock, de denr\u00e9es p\u00e9rissables, de la gestion de caisse et d\u2019argent\u2026 D\u00e9l\u00e9guer cette mission peut aussi vous permettre de vous faire \u00e9conomiser pas mal de temps et de soucis.<\/p>\n\n\n\n<h3 class=\"wp-block-heading\">Hygi\u00e8ne et ramassage des ordures<\/h3>\n\n\n\n<p>Un vide-greniers g\u00e9n\u00e8re de nombreux d\u00e9chets. Cela peut \u00eatre des d\u00e9chets alimentaires provenant des points de restauration. Cela peut aussi \u00eatre des objets abandonn\u00e9s par les vendeurs, des cartons et autres emballages.&nbsp;<\/p>\n\n\n\n<p>Il peut \u00eatre utile de mettre en place une brigade de b\u00e9n\u00e9voles ayant pour mission de ramasser les d\u00e9chets tout au long de votre braderie. En effet, sans ce dispositif, il se peut que votre site se retrouve encombr\u00e9 par les d\u00e9chets. Ce sera d\u2019autant plus vrai si votre braderie dure plusieurs jours.<\/p>\n\n\n\n<p>Dans ce domaine, il peut \u00eatre utile de vous rapprocher de votre mairie afin d\u2019aborder le sujet ensemble. Vous pourrez comprendre les exigences de votre commune mais aussi voir si celle-ci peut vous offrir des services particuliers.&nbsp;<\/p>\n\n\n\n<h3 class=\"wp-block-heading\">Mobilier, \u00e9quipements et signal\u00e9tique<\/h3>\n\n\n\n<p>Des tables, des chaises, des barri\u00e8res, la signal\u00e9tique\u2026 Ce point est \u00e9galement un d\u00e9tail d\u2019organisation qu\u2019il vous faudra anticiper. Sans forc\u00e9ment avoir \u00e0 \u00e9quiper les vendeurs de votre \u00e9v\u00e9nement, vous devez disposer du minimum pour vos services et b\u00e9n\u00e9voles.<\/p>\n\n\n\n<p>Vous devrez peut-\u00eatre \u00e9quiper votre point d\u2019accueil, le stand d\u2019animation, la buvette et les points restauration. Tous ces besoins seront \u00e0 lister afin de s\u2019assurer de leur pr\u00e9sence le jour J.<\/p>\n\n\n\n<h2 class=\"wp-block-heading\">Former et informer les b\u00e9n\u00e9voles de votre vide-greniers<\/h2>\n\n\n\n<p>La <a href=\"https:\/\/www.infolocale.fr\/blog\/accueillir-nouveau-benevole\/\">formation de vos b\u00e9n\u00e9voles<\/a> est un point important qui est tr\u00e8s souvent n\u00e9glig\u00e9. Avant votre \u00e9v\u00e9nement, vous devrez vous assurer que tout le monde est bien form\u00e9 \u00e0 sa mission et est en mesure de repr\u00e9senter votre \u00e9v\u00e9nement, votre association, aux yeux des personnes qu\u2019elles auront en face d\u2019elles durant la journ\u00e9e. C\u2019est aussi une question d\u2019image pour vous.<\/p>\n\n\n\n<p>En outre, il pourrait \u00eatre utile de penser \u00e0 une tenue reconnaissable afin que vos visiteurs puissent facilement savoir \u00e0 qui s\u2019adresser en cas de besoin.<\/p>\n\n\n\n<p>Finalement, pensez \u00e0 mettre en place un planning pour l\u2019ensemble des b\u00e9n\u00e9voles et de leur poste.<\/p>\n\n\n\n<h2 class=\"wp-block-heading\">Faut-il d\u00e9clarer les revenus tir\u00e9s d\u2019un vide-greniers ?<\/h2>\n\n\n\n<p>Pour les particuliers. Si les ventes sont occasionnelles, vos revenus ne sont pas imposables. Elles seront consid\u00e9r\u00e9es comme occasionnelles si le vendeur ne participe pas \u00e0 plus de deux vide-greniers par an.&nbsp;<\/p>\n\n\n\n<p>De plus, il ne sera autoris\u00e9 \u00e0 vendre que des objets personnels et usag\u00e9s. Ainsi, il est interdit de profiter d\u2019une brocante pour vendre des objets de votre cr\u00e9ation. Il en sera de m\u00eame pour le produit de la vente de m\u00e9taux pr\u00e9cieux ou pour la vente d\u2019un bien pour un prix sup\u00e9rieur \u00e0 5 000 euros qui devront syst\u00e9matiquement \u00eatre d\u00e9clar\u00e9s.<\/p>\n\n\n\n<p>Du c\u00f4t\u00e9 des associations. Si votre structure \u00e0 pour objet l\u2019organisation de vente au d\u00e9ballage et qu\u2019elle en organise jusqu\u2019\u00e0 un maximum de 3 par an, celle-ci peut-\u00eatre exon\u00e9r\u00e9e d&rsquo;imp\u00f4ts commerciaux (TVA, imp\u00f4ts sur les soci\u00e9t\u00e9s) si les crit\u00e8res suivants sont remplis :&nbsp;<\/p>\n\n\n\n<ul class=\"wp-block-list\"><li>la majorit\u00e9 de ses activit\u00e9s sont non-lucratives<\/li><li>la gestion de son association est d\u00e9sint\u00e9ress\u00e9e<\/li><li>si l\u2019une de ses activit\u00e9s est lucrative, le montant des recettes de celle-ci ne doit pas d\u00e9passer les 72 000 euros sur l\u2019ann\u00e9e civile.<\/li><\/ul>\n\n\n\n<p><\/p>\n","protected":false},"excerpt":{"rendered":"<p>Pour organiser un vide-greniers, vous devez :&nbsp; Effectuer une d\u00e9claration de vente au d\u00e9ballage aupr\u00e8s de votre mairie,\u00a0 faire une demande d\u2019autorisation d\u2019occupation temporaire du [&hellip;]<\/p>\n","protected":false},"author":2,"featured_media":15522,"comment_status":"open","ping_status":"open","sticky":false,"template":"","format":"standard","meta":{"_coblocks_attr":"","_coblocks_dimensions":"","_coblocks_responsive_height":"","_coblocks_accordion_ie_support":"","_mo_disable_npp":"","footnotes":""},"categories":[101],"tags":[],"class_list":["post-15520","post","type-post","status-publish","format-standard","has-post-thumbnail","hentry","category-organiser-un-evenement"],"yoast_head":"<!-- This site is optimized with the Yoast SEO plugin v23.2 - https:\/\/yoast.com\/wordpress\/plugins\/seo\/ -->\n<title>Organiser un vide-greniers. Comment faire ? |<\/title>\n<meta name=\"description\" content=\"Pour organiser un vide-greniers vous devez : 1. Effectuer une d\u00e9claration de vente au d\u00e9ballage aupr\u00e8s de sa mairie. 2.\u00a0faire une demande...\" \/>\n<meta name=\"robots\" content=\"index, follow, max-snippet:-1, max-image-preview:large, max-video-preview:-1\" \/>\n<link rel=\"canonical\" href=\"https:\/\/infolocale.actu.fr\/blog\/organiser-un-vide-greniers-toutes-les-etapes\/\" \/>\n<meta property=\"og:locale\" content=\"fr_FR\" \/>\n<meta property=\"og:type\" content=\"article\" \/>\n<meta property=\"og:title\" content=\"Organiser un vide-greniers. Comment faire ? |\" \/>\n<meta property=\"og:description\" content=\"Pour organiser un vide-greniers vous devez : 1. Effectuer une d\u00e9claration de vente au d\u00e9ballage aupr\u00e8s de sa mairie. 2.\u00a0faire une demande...\" \/>\n<meta property=\"og:url\" content=\"https:\/\/infolocale.actu.fr\/blog\/organiser-un-vide-greniers-toutes-les-etapes\/\" \/>\n<meta property=\"article:publisher\" content=\"https:\/\/www.facebook.com\/infolocaleFR\/\" \/>\n<meta property=\"article:published_time\" content=\"2021-11-23T09:03:49+00:00\" \/>\n<meta property=\"article:modified_time\" content=\"2023-09-15T07:56:01+00:00\" \/>\n<meta property=\"og:image\" content=\"https:\/\/infolocale.actu.fr\/blog\/wp-content\/uploads\/2021\/11\/organiser-vide-greniers.jpg\" \/>\n\t<meta property=\"og:image:width\" content=\"900\" \/>\n\t<meta property=\"og:image:height\" content=\"630\" \/>\n\t<meta property=\"og:image:type\" content=\"image\/jpeg\" \/>\n<meta name=\"author\" content=\"Morgan\" \/>\n<meta name=\"twitter:card\" content=\"summary_large_image\" \/>\n<meta name=\"twitter:creator\" content=\"@infolocale\" \/>\n<meta name=\"twitter:site\" content=\"@infolocale\" \/>\n<meta name=\"twitter:label1\" content=\"\u00c9crit par\" \/>\n\t<meta name=\"twitter:data1\" content=\"Morgan\" \/>\n\t<meta name=\"twitter:label2\" content=\"Dur\u00e9e de lecture estim\u00e9e\" \/>\n\t<meta name=\"twitter:data2\" content=\"17 minutes\" \/>\n<script type=\"application\/ld+json\" class=\"yoast-schema-graph\">{\"@context\":\"https:\/\/schema.org\",\"@graph\":[{\"@type\":\"Article\",\"@id\":\"https:\/\/infolocale.actu.fr\/blog\/organiser-un-vide-greniers-toutes-les-etapes\/#article\",\"isPartOf\":{\"@id\":\"https:\/\/infolocale.actu.fr\/blog\/organiser-un-vide-greniers-toutes-les-etapes\/\"},\"author\":{\"name\":\"Morgan\",\"@id\":\"https:\/\/www.infolocale.fr\/blog\/#\/schema\/person\/f0f748ece99417833166b3ba8890f3db\"},\"headline\":\"Organiser un vide-greniers : toutes les \u00e9tapes\",\"datePublished\":\"2021-11-23T09:03:49+00:00\",\"dateModified\":\"2023-09-15T07:56:01+00:00\",\"mainEntityOfPage\":{\"@id\":\"https:\/\/infolocale.actu.fr\/blog\/organiser-un-vide-greniers-toutes-les-etapes\/\"},\"wordCount\":3593,\"commentCount\":2,\"publisher\":{\"@id\":\"https:\/\/www.infolocale.fr\/blog\/#organization\"},\"image\":{\"@id\":\"https:\/\/infolocale.actu.fr\/blog\/organiser-un-vide-greniers-toutes-les-etapes\/#primaryimage\"},\"thumbnailUrl\":\"https:\/\/infolocale.20minutes.fr\/blog\/wp-content\/uploads\/2021\/11\/organiser-vide-greniers.jpg\",\"articleSection\":[\"Organiser un \u00e9v\u00e9nement\"],\"inLanguage\":\"fr-FR\",\"potentialAction\":[{\"@type\":\"CommentAction\",\"name\":\"Comment\",\"target\":[\"https:\/\/infolocale.actu.fr\/blog\/organiser-un-vide-greniers-toutes-les-etapes\/#respond\"]}]},{\"@type\":\"WebPage\",\"@id\":\"https:\/\/infolocale.actu.fr\/blog\/organiser-un-vide-greniers-toutes-les-etapes\/\",\"url\":\"https:\/\/infolocale.actu.fr\/blog\/organiser-un-vide-greniers-toutes-les-etapes\/\",\"name\":\"Organiser un vide-greniers. Comment faire ? |\",\"isPartOf\":{\"@id\":\"https:\/\/www.infolocale.fr\/blog\/#website\"},\"primaryImageOfPage\":{\"@id\":\"https:\/\/infolocale.actu.fr\/blog\/organiser-un-vide-greniers-toutes-les-etapes\/#primaryimage\"},\"image\":{\"@id\":\"https:\/\/infolocale.actu.fr\/blog\/organiser-un-vide-greniers-toutes-les-etapes\/#primaryimage\"},\"thumbnailUrl\":\"https:\/\/infolocale.20minutes.fr\/blog\/wp-content\/uploads\/2021\/11\/organiser-vide-greniers.jpg\",\"datePublished\":\"2021-11-23T09:03:49+00:00\",\"dateModified\":\"2023-09-15T07:56:01+00:00\",\"description\":\"Pour organiser un vide-greniers vous devez : 1. Effectuer une d\u00e9claration de vente au d\u00e9ballage aupr\u00e8s de sa mairie. 2.\u00a0faire une demande...\",\"breadcrumb\":{\"@id\":\"https:\/\/infolocale.actu.fr\/blog\/organiser-un-vide-greniers-toutes-les-etapes\/#breadcrumb\"},\"inLanguage\":\"fr-FR\",\"potentialAction\":[{\"@type\":\"ReadAction\",\"target\":[\"https:\/\/infolocale.actu.fr\/blog\/organiser-un-vide-greniers-toutes-les-etapes\/\"]}]},{\"@type\":\"ImageObject\",\"inLanguage\":\"fr-FR\",\"@id\":\"https:\/\/infolocale.actu.fr\/blog\/organiser-un-vide-greniers-toutes-les-etapes\/#primaryimage\",\"url\":\"https:\/\/infolocale.20minutes.fr\/blog\/wp-content\/uploads\/2021\/11\/organiser-vide-greniers.jpg\",\"contentUrl\":\"https:\/\/infolocale.20minutes.fr\/blog\/wp-content\/uploads\/2021\/11\/organiser-vide-greniers.jpg\",\"width\":900,\"height\":630,\"caption\":\"organiser un vide-greniers\"},{\"@type\":\"BreadcrumbList\",\"@id\":\"https:\/\/infolocale.actu.fr\/blog\/organiser-un-vide-greniers-toutes-les-etapes\/#breadcrumb\",\"itemListElement\":[{\"@type\":\"ListItem\",\"position\":1,\"name\":\"Blog\",\"item\":\"https:\/\/infolocale.ouest-france.fr\/blog\/\"},{\"@type\":\"ListItem\",\"position\":2,\"name\":\"Organiser un \u00e9v\u00e9nement\",\"item\":\"https:\/\/infolocale.actu.fr\/blog\/cat\/organiser-un-evenement\/\"},{\"@type\":\"ListItem\",\"position\":3,\"name\":\"Organiser un vide-greniers : toutes les \u00e9tapes\"}]},{\"@type\":\"WebSite\",\"@id\":\"https:\/\/www.infolocale.fr\/blog\/#website\",\"url\":\"https:\/\/www.infolocale.fr\/blog\/\",\"name\":\"\",\"description\":\"\",\"publisher\":{\"@id\":\"https:\/\/www.infolocale.fr\/blog\/#organization\"},\"potentialAction\":[{\"@type\":\"SearchAction\",\"target\":{\"@type\":\"EntryPoint\",\"urlTemplate\":\"https:\/\/www.infolocale.fr\/blog\/?s={search_term_string}\"},\"query-input\":\"required name=search_term_string\"}],\"inLanguage\":\"fr-FR\"},{\"@type\":\"Organization\",\"@id\":\"https:\/\/www.infolocale.fr\/blog\/#organization\",\"name\":\"Infolocale\",\"url\":\"https:\/\/www.infolocale.fr\/blog\/\",\"logo\":{\"@type\":\"ImageObject\",\"inLanguage\":\"fr-FR\",\"@id\":\"https:\/\/www.infolocale.fr\/blog\/#\/schema\/logo\/image\/\",\"url\":\"https:\/\/www.infolocale.fr\/blog\/wp-content\/uploads\/2020\/11\/logol.jpg\",\"contentUrl\":\"https:\/\/www.infolocale.fr\/blog\/wp-content\/uploads\/2020\/11\/logol.jpg\",\"width\":1031,\"height\":398,\"caption\":\"Infolocale\"},\"image\":{\"@id\":\"https:\/\/www.infolocale.fr\/blog\/#\/schema\/logo\/image\/\"},\"sameAs\":[\"https:\/\/www.facebook.com\/infolocaleFR\/\",\"https:\/\/x.com\/infolocale\",\"https:\/\/www.instagram.com\/infolocale\/\",\"https:\/\/fr.linkedin.com\/company\/infolocale\",\"https:\/\/www.youtube.com\/channel\/UCnv4FA8EYEuu_si3TGr7xeA\"]},{\"@type\":\"Person\",\"@id\":\"https:\/\/www.infolocale.fr\/blog\/#\/schema\/person\/f0f748ece99417833166b3ba8890f3db\",\"name\":\"Morgan\",\"image\":{\"@type\":\"ImageObject\",\"inLanguage\":\"fr-FR\",\"@id\":\"https:\/\/www.infolocale.fr\/blog\/#\/schema\/person\/image\/\",\"url\":\"https:\/\/secure.gravatar.com\/avatar\/a22ec2a0cc817ae9fa3ff7341a213632?s=96&d=mm&r=g\",\"contentUrl\":\"https:\/\/secure.gravatar.com\/avatar\/a22ec2a0cc817ae9fa3ff7341a213632?s=96&d=mm&r=g\",\"caption\":\"Morgan\"},\"url\":\"https:\/\/infolocale.20minutes.fr\/blog\/author\/morgan-delepine\/\"}]}<\/script>\n<!-- \/ Yoast SEO plugin. -->","yoast_head_json":{"title":"Organiser un vide-greniers. Comment faire ? |","description":"Pour organiser un vide-greniers vous devez : 1. Effectuer une d\u00e9claration de vente au d\u00e9ballage aupr\u00e8s de sa mairie. 2.\u00a0faire une demande...","robots":{"index":"index","follow":"follow","max-snippet":"max-snippet:-1","max-image-preview":"max-image-preview:large","max-video-preview":"max-video-preview:-1"},"canonical":"https:\/\/infolocale.actu.fr\/blog\/organiser-un-vide-greniers-toutes-les-etapes\/","og_locale":"fr_FR","og_type":"article","og_title":"Organiser un vide-greniers. Comment faire ? |","og_description":"Pour organiser un vide-greniers vous devez : 1. Effectuer une d\u00e9claration de vente au d\u00e9ballage aupr\u00e8s de sa mairie. 2.\u00a0faire une demande...","og_url":"https:\/\/infolocale.actu.fr\/blog\/organiser-un-vide-greniers-toutes-les-etapes\/","article_publisher":"https:\/\/www.facebook.com\/infolocaleFR\/","article_published_time":"2021-11-23T09:03:49+00:00","article_modified_time":"2023-09-15T07:56:01+00:00","og_image":[{"width":900,"height":630,"url":"https:\/\/infolocale.actu.fr\/blog\/wp-content\/uploads\/2021\/11\/organiser-vide-greniers.jpg","type":"image\/jpeg"}],"author":"Morgan","twitter_card":"summary_large_image","twitter_creator":"@infolocale","twitter_site":"@infolocale","twitter_misc":{"\u00c9crit par":"Morgan","Dur\u00e9e de lecture estim\u00e9e":"17 minutes"},"schema":{"@context":"https:\/\/schema.org","@graph":[{"@type":"Article","@id":"https:\/\/infolocale.actu.fr\/blog\/organiser-un-vide-greniers-toutes-les-etapes\/#article","isPartOf":{"@id":"https:\/\/infolocale.actu.fr\/blog\/organiser-un-vide-greniers-toutes-les-etapes\/"},"author":{"name":"Morgan","@id":"https:\/\/www.infolocale.fr\/blog\/#\/schema\/person\/f0f748ece99417833166b3ba8890f3db"},"headline":"Organiser un vide-greniers : toutes les \u00e9tapes","datePublished":"2021-11-23T09:03:49+00:00","dateModified":"2023-09-15T07:56:01+00:00","mainEntityOfPage":{"@id":"https:\/\/infolocale.actu.fr\/blog\/organiser-un-vide-greniers-toutes-les-etapes\/"},"wordCount":3593,"commentCount":2,"publisher":{"@id":"https:\/\/www.infolocale.fr\/blog\/#organization"},"image":{"@id":"https:\/\/infolocale.actu.fr\/blog\/organiser-un-vide-greniers-toutes-les-etapes\/#primaryimage"},"thumbnailUrl":"https:\/\/infolocale.20minutes.fr\/blog\/wp-content\/uploads\/2021\/11\/organiser-vide-greniers.jpg","articleSection":["Organiser un \u00e9v\u00e9nement"],"inLanguage":"fr-FR","potentialAction":[{"@type":"CommentAction","name":"Comment","target":["https:\/\/infolocale.actu.fr\/blog\/organiser-un-vide-greniers-toutes-les-etapes\/#respond"]}]},{"@type":"WebPage","@id":"https:\/\/infolocale.actu.fr\/blog\/organiser-un-vide-greniers-toutes-les-etapes\/","url":"https:\/\/infolocale.actu.fr\/blog\/organiser-un-vide-greniers-toutes-les-etapes\/","name":"Organiser un vide-greniers. Comment faire ? |","isPartOf":{"@id":"https:\/\/www.infolocale.fr\/blog\/#website"},"primaryImageOfPage":{"@id":"https:\/\/infolocale.actu.fr\/blog\/organiser-un-vide-greniers-toutes-les-etapes\/#primaryimage"},"image":{"@id":"https:\/\/infolocale.actu.fr\/blog\/organiser-un-vide-greniers-toutes-les-etapes\/#primaryimage"},"thumbnailUrl":"https:\/\/infolocale.20minutes.fr\/blog\/wp-content\/uploads\/2021\/11\/organiser-vide-greniers.jpg","datePublished":"2021-11-23T09:03:49+00:00","dateModified":"2023-09-15T07:56:01+00:00","description":"Pour organiser un vide-greniers vous devez : 1. Effectuer une d\u00e9claration de vente au d\u00e9ballage aupr\u00e8s de sa mairie. 2.\u00a0faire une demande...","breadcrumb":{"@id":"https:\/\/infolocale.actu.fr\/blog\/organiser-un-vide-greniers-toutes-les-etapes\/#breadcrumb"},"inLanguage":"fr-FR","potentialAction":[{"@type":"ReadAction","target":["https:\/\/infolocale.actu.fr\/blog\/organiser-un-vide-greniers-toutes-les-etapes\/"]}]},{"@type":"ImageObject","inLanguage":"fr-FR","@id":"https:\/\/infolocale.actu.fr\/blog\/organiser-un-vide-greniers-toutes-les-etapes\/#primaryimage","url":"https:\/\/infolocale.20minutes.fr\/blog\/wp-content\/uploads\/2021\/11\/organiser-vide-greniers.jpg","contentUrl":"https:\/\/infolocale.20minutes.fr\/blog\/wp-content\/uploads\/2021\/11\/organiser-vide-greniers.jpg","width":900,"height":630,"caption":"organiser un vide-greniers"},{"@type":"BreadcrumbList","@id":"https:\/\/infolocale.actu.fr\/blog\/organiser-un-vide-greniers-toutes-les-etapes\/#breadcrumb","itemListElement":[{"@type":"ListItem","position":1,"name":"Blog","item":"https:\/\/infolocale.ouest-france.fr\/blog\/"},{"@type":"ListItem","position":2,"name":"Organiser un \u00e9v\u00e9nement","item":"https:\/\/infolocale.actu.fr\/blog\/cat\/organiser-un-evenement\/"},{"@type":"ListItem","position":3,"name":"Organiser un vide-greniers : toutes les \u00e9tapes"}]},{"@type":"WebSite","@id":"https:\/\/www.infolocale.fr\/blog\/#website","url":"https:\/\/www.infolocale.fr\/blog\/","name":"","description":"","publisher":{"@id":"https:\/\/www.infolocale.fr\/blog\/#organization"},"potentialAction":[{"@type":"SearchAction","target":{"@type":"EntryPoint","urlTemplate":"https:\/\/www.infolocale.fr\/blog\/?s={search_term_string}"},"query-input":"required name=search_term_string"}],"inLanguage":"fr-FR"},{"@type":"Organization","@id":"https:\/\/www.infolocale.fr\/blog\/#organization","name":"Infolocale","url":"https:\/\/www.infolocale.fr\/blog\/","logo":{"@type":"ImageObject","inLanguage":"fr-FR","@id":"https:\/\/www.infolocale.fr\/blog\/#\/schema\/logo\/image\/","url":"https:\/\/www.infolocale.fr\/blog\/wp-content\/uploads\/2020\/11\/logol.jpg","contentUrl":"https:\/\/www.infolocale.fr\/blog\/wp-content\/uploads\/2020\/11\/logol.jpg","width":1031,"height":398,"caption":"Infolocale"},"image":{"@id":"https:\/\/www.infolocale.fr\/blog\/#\/schema\/logo\/image\/"},"sameAs":["https:\/\/www.facebook.com\/infolocaleFR\/","https:\/\/x.com\/infolocale","https:\/\/www.instagram.com\/infolocale\/","https:\/\/fr.linkedin.com\/company\/infolocale","https:\/\/www.youtube.com\/channel\/UCnv4FA8EYEuu_si3TGr7xeA"]},{"@type":"Person","@id":"https:\/\/www.infolocale.fr\/blog\/#\/schema\/person\/f0f748ece99417833166b3ba8890f3db","name":"Morgan","image":{"@type":"ImageObject","inLanguage":"fr-FR","@id":"https:\/\/www.infolocale.fr\/blog\/#\/schema\/person\/image\/","url":"https:\/\/secure.gravatar.com\/avatar\/a22ec2a0cc817ae9fa3ff7341a213632?s=96&d=mm&r=g","contentUrl":"https:\/\/secure.gravatar.com\/avatar\/a22ec2a0cc817ae9fa3ff7341a213632?s=96&d=mm&r=g","caption":"Morgan"},"url":"https:\/\/infolocale.20minutes.fr\/blog\/author\/morgan-delepine\/"}]}},"_links":{"self":[{"href":"https:\/\/infolocale.20minutes.fr\/blog\/wp-json\/wp\/v2\/posts\/15520"}],"collection":[{"href":"https:\/\/infolocale.20minutes.fr\/blog\/wp-json\/wp\/v2\/posts"}],"about":[{"href":"https:\/\/infolocale.20minutes.fr\/blog\/wp-json\/wp\/v2\/types\/post"}],"author":[{"embeddable":true,"href":"https:\/\/infolocale.20minutes.fr\/blog\/wp-json\/wp\/v2\/users\/2"}],"replies":[{"embeddable":true,"href":"https:\/\/infolocale.20minutes.fr\/blog\/wp-json\/wp\/v2\/comments?post=15520"}],"version-history":[{"count":0,"href":"https:\/\/infolocale.20minutes.fr\/blog\/wp-json\/wp\/v2\/posts\/15520\/revisions"}],"wp:featuredmedia":[{"embeddable":true,"href":"https:\/\/infolocale.20minutes.fr\/blog\/wp-json\/wp\/v2\/media\/15522"}],"wp:attachment":[{"href":"https:\/\/infolocale.20minutes.fr\/blog\/wp-json\/wp\/v2\/media?parent=15520"}],"wp:term":[{"taxonomy":"category","embeddable":true,"href":"https:\/\/infolocale.20minutes.fr\/blog\/wp-json\/wp\/v2\/categories?post=15520"},{"taxonomy":"post_tag","embeddable":true,"href":"https:\/\/infolocale.20minutes.fr\/blog\/wp-json\/wp\/v2\/tags?post=15520"}],"curies":[{"name":"wp","href":"https:\/\/api.w.org\/{rel}","templated":true}]}}