{"id":15358,"date":"2021-11-16T15:29:00","date_gmt":"2021-11-16T14:29:00","guid":{"rendered":"https:\/\/www.infolocale.fr\/blog\/?p=15358"},"modified":"2021-11-17T09:09:24","modified_gmt":"2021-11-17T08:09:24","slug":"les-marches-de-noel","status":"publish","type":"post","link":"https:\/\/infolocale.20minutes.fr\/blog\/les-marches-de-noel\/","title":{"rendered":"Associations et collectivit\u00e9s annoncez vos march\u00e9s de No\u00ebl"},"content":{"rendered":"\n<p>Associations et collectivit\u00e9s vous avez peut-\u00eatre en charge l&rsquo;organisation de vos march\u00e9s de No\u00ebl ? N\u2019oubliez pas de les annoncer sur le site <a href=\"https:\/\/www.infolocale.fr\/decouvrir\/services-pour-les-associations\/\">Infolocale.fr<\/a> afin de lui donner le retentissement qu\u2019ils m\u00e9ritent.<\/p>\n\n\n\n<p>En d\u00e9posant l&rsquo;annonce de vos march\u00e9s de No\u00ebl sur infolocale, vous assurez leurs succ\u00e8s. Les exposants, associatifs ou non, seront satisfaits. Et vos administr\u00e9s heureux de partager des moments de convivialit\u00e9.<\/p>\n\n\n\n<p>Les march\u00e9s de No\u00ebl vont s&rsquo;installer sous peu dans de nombreuses communes en cette fin d\u2019ann\u00e9e, non confin\u00e9e ! Ils cr\u00e9ent l\u2019animation dans les points strat\u00e9giques des centres villes. Chalets en bois, sapins illumin\u00e9s, guirlandes scintillantes plantent le d\u00e9cor. Les odeurs de vin chaud, cannelle, et autres parfums d\u2019\u00e9pices cr\u00e9ent une ambiance unique, celle de la magie de No\u00ebl&nbsp;! Cette magie va bient\u00f4t embaumer les march\u00e9s de vos territoires. <\/p>\n\n\n\n<p>Inscrivez votre organisme sur le site Infolocale et d\u00e9posez l&rsquo;annonce de votre march\u00e9 de No\u00ebl. Elle sera \u00e9galement diffus\u00e9e sur les sites de vos quotidiens, et dans les quotidiens \u00e0 la date et dans l&rsquo;\u00e9dition choisies. <\/p>\n\n\n\n<div class=\"wp-block-buttons is-horizontal is-content-justification-center is-layout-flex wp-container-core-buttons-is-layout-1 wp-block-buttons-is-layout-flex\">\n<div class=\"wp-block-button\"><a class=\"wp-block-button__link has-white-color has-luminous-vivid-amber-background-color has-text-color has-background wp-element-button\"><strong>&gt;&gt;Inscrire mon asso \u00e0 Infolocale <\/strong><\/a><\/div>\n<\/div>\n\n\n\n<h2 class=\"wp-block-heading\">D\u00e9posez votre annonce pour permettre au plus grand nombre de partager un moment gourmand<\/h2>\n\n\n\n<p>En corr\u00e9lation avec le calendrier de l\u2019Avent, les march\u00e9s de No\u00ebl vont animer vos communes d\u00e8s le quatri\u00e8me dimanche avant No\u00ebl, le 28 novembre  pour cette ann\u00e9e 2021. <\/p>\n\n\n\n<p>Qu\u2019ils soient plac\u00e9s sous le signe de l\u2019artisanat, de la cr\u00e9ation, de la gourmandise -voire de la gastronomie- avec la promotion des produits locaux, les march\u00e9s de No\u00ebl vont r\u00e9veiller les papilles et faire des heureux. Dans les annonces, d\u00e9j\u00e0 parues sur Infolocale.fr et dans vos quotidiens, l\u2019arriv\u00e9e du P\u00e8re No\u00ebl est bien souvent pr\u00e9vue. Il semble m\u00eame qu\u2019il se pr\u00eaterait \u00e0 des s\u00e9ances photos. Pendant que petits et grands se r\u00e9chaufferont en d\u00e9gustant des marrons, soupe de potimarrons, galettes et cr\u00eapes, <a href=\"https:\/\/www.infolocale.fr\/associations\/association-des-amis-pour-la-restauration-de-leglise-saint-yves-334269\/evenement-minihy-treguier-acheter-chiner-marche-de-noel-artisanal-7341063\" rel=\"sponsored nofollow\">biscuits<\/a> et p\u00e2tisseries maison, concoct\u00e9es par les membres de vos associations.<\/p>\n\n\n\n<h2 class=\"wp-block-heading\">Des animations vari\u00e9es \u00e0 annoncer<\/h2>\n\n\n\n<p>Le d\u00e9cor est parfois plant\u00e9, comme \u00e0 <a href=\"https:\/\/infolocale.ouest-france.fr\/associations\/noel-a-clermont-creans-485376\/evenement-clermont-creans-acheter-chiner-marche-de-noel-7286918\">Clermont-Cr\u00e9ans<\/a> (72) o\u00f9 la piste de luge est install\u00e9e, les chiens de tra\u00eeneaux pr\u00e9sents, et un jeu de piste organis\u00e9 sur la banquise. Sans oublier les spectacles, concerts des enfants, les animations musicales et des tombolas, parfois. <\/p>\n\n\n\n<p>Ambiance \u00e9questre aux \u00ab \u00c9curies du P\u00e8re No\u00ebl \u00bb du Haras de <a href=\"https:\/\/infolocale.ouest-france.fr\/equipements-publics\/syndicat-mixte-du-haras-de-lamballe-485143\/evenement-lamballe-armor-acheter-chiner-marche-de-noel-les-ecuries-du-pere-noel-7368178\">Lamballe-Armor<\/a> (22) qui se transforment en \u00e9choppes de charme pour une centaine d\u2019exposants. \u00ab Les animations font leur grand retour : d\u00e9monstrations \u00e9questres, bapt\u00eames poneys, balades en cal\u00e8che, tombola, d\u00e9ambulations\u2026. \u00bb pr\u00e9cisent les organisateurs. <\/p>\n\n\n\n<h2 class=\"wp-block-heading\">Annoncer pour rappeler l&rsquo;opportunit\u00e9 de d\u00e9nicher des cadeaux originaux<\/h2>\n\n\n\n<p>Ces march\u00e9s \u00e9ph\u00e9m\u00e8res sont de belles opportunit\u00e9s pour d\u00e9nicher des cadeaux originaux. Vos annonces proposent une liste impressionnante d&rsquo;objets \u00e0 la vente, \u00e0 d\u00e9poser devant le sapin : articles faits main, cadeaux, objets de d\u00e9coration, linges de maison, bijoux, cr\u00e9ation textile, aquarelles, feutrines, papeterie, carterie 3D, porcelaine, mosa\u00efque, \u00e9maux, peintures, poteries, sculpture, jeux \u00e9ducatifs neufs et d\u2019occasions, jeux en bois, livres, reliure, produits du terroir, confiture, herboristerie, articles z\u00e9ro d\u00e9chet, petite brocante.<\/p>\n\n\n\n<p>A <a href=\"https:\/\/infolocale.ouest-france.fr\/associations\/club-artistique-du-vitrail-483196\/evenement-treogat-acheter-chiner-marche-de-noel-du-vitrail-7367647\">Tr\u00e9ogat<\/a> (29), le Club artistique du Vitrail organise le \u00ab March\u00e9 de No\u00ebl du Vitrail \u00bb, douze artisans proposent des objets vari\u00e9s, r\u00e9alis\u00e9s en vitrail Tiffany -technique de sertissage au cuivre-, de la mosa\u00efque, des peintures, des bijoux, de la poterie Raku, de l\u2019osier.<\/p>\n\n\n\n<h2 class=\"wp-block-heading\">Une communication plus large favorise le succ\u00e8s de votre <strong>march\u00e9 de No\u00ebl<\/strong><\/h2>\n\n\n\n<p>Les march\u00e9s de No\u00ebl sont aussi l\u2019endroit o\u00f9 l\u2019on trouve une id\u00e9e de cadeau original, tout en soutenant les associations qui exposent et animent les march\u00e9s de No\u00ebl des communes. Certaines verseront leurs recettes au T\u00e9l\u00e9thon.<\/p>\n\n\n\n<p>A <a href=\"https:\/\/infolocale.ouest-france.fr\/associations\/club-des-bles-dor-395188\/evenement-lantic-acheter-chiner-marche-de-noel-7367417\">Lantic<\/a> (22), l&rsquo;association des Jeunes organise un march\u00e9 de No\u00ebl dans le but de financer des activit\u00e9s pour les adolescents.<\/p>\n\n\n\n<p>Au <a href=\"https:\/\/infolocale.ouest-france.fr\/ecoles-formations\/campus-sainte-catherine-489433\/evenement-le-mans-fete-marche-de-noel-de-la-gastronomie-et-de-lartisanat-7352837\">Mans<\/a> (72), le march\u00e9 de No\u00ebl organis\u00e9 par la classe de 1re ann\u00e9e BTS Management en h\u00f4tellerie-restauration, se d\u00e9fini \u00ab&nbsp;f\u00eate culinaire&nbsp;\u00bb&nbsp;! Elle invite \u00e0 d\u00e9couvrir les produits et le savoir-faire des exposants et des classes des lyc\u00e9ens.<\/p>\n\n\n\n<figure class=\"wp-block-image size-large\"><img fetchpriority=\"high\" decoding=\"async\" width=\"1024\" height=\"717\" src=\"https:\/\/www.infolocale.fr\/blog\/wp-content\/uploads\/2021\/11\/StandMarcheNoel-1024x717.jpg\" alt=\"\" class=\"wp-image-15417\" srcset=\"https:\/\/infolocale.20minutes.fr\/blog\/wp-content\/uploads\/2021\/11\/StandMarcheNoel-1024x717.jpg 1024w, https:\/\/infolocale.20minutes.fr\/blog\/wp-content\/uploads\/2021\/11\/StandMarcheNoel-300x210.jpg 300w, https:\/\/infolocale.20minutes.fr\/blog\/wp-content\/uploads\/2021\/11\/StandMarcheNoel-768x538.jpg 768w, https:\/\/infolocale.20minutes.fr\/blog\/wp-content\/uploads\/2021\/11\/StandMarcheNoel.jpg 1194w\" sizes=\"(max-width: 1024px) 100vw, 1024px\" \/><figcaption>Les stands des march\u00e9s de No\u00ebl proposent des objets de d\u00e9coration de circonstance<\/figcaption><\/figure>\n\n\n\n<h2 class=\"wp-block-heading\"><strong>Des march\u00e9s de No\u00ebl solidaire<\/strong>s \u00e0 signaler<\/h2>\n\n\n\n<p>A <a href=\"https:\/\/infolocale.ouest-france.fr\/associations\/maison-du-ronceray-centre-socioculturel-35302\/evenement-rennes-acheter-chiner-marche-de-noel-solidaire-7337564\">Rennes<\/a> (35), les b\u00e9n\u00e9voles d\u2019une maison de retraite (La Maison du Ronceray) ont confectionn\u00e9, avec du mat\u00e9riel de r\u00e9cup\u00e9ration, des petits articles de d\u00e9coration, bijoux, v\u00eatements. Les b\u00e9n\u00e9fices des ventes seront vers\u00e9s \u00e0 l\u2019<a href=\"https:\/\/infolocale.ouest-france.fr\/associations\/bulles-solidaires-437177#presentation\">association<\/a> <a href=\"https:\/\/www.bulles-solidaires.com\/\" target=\"_blank\" rel=\"noreferrer noopener\">Bulles solidaires<\/a> qui permet l\u2019acc\u00e8s \u00e0 l\u2019hygi\u00e8ne corporelle pour tous.<\/p>\n\n\n\n<p>A Bouguenais (44), le march\u00e9 de No\u00ebl veut venir en aide aux enfants des rues au S\u00e9n\u00e9gal. La&nbsp; vente solidaire de l\u2019association Terre de Vie invite \u00e0 son traditionnel March\u00e9 de No\u00ebl o\u00f9 vous retrouverez de l\u2019artisanat africain, artisanat local, bijoux, d\u00e9corations et nombreuses gourmandises.<\/p>\n\n\n\n<p>Aux <a href=\"https:\/\/infolocale.ouest-france.fr\/associations\/croix-rouge-francaise-108825\/evenement-les-sables-dolonne-social-et-solidaire-marche-de-noel-7365907\">Sables-d\u2019Olonne<\/a> (85), la Croix-Rouge organise son march\u00e9 de No\u00ebl durant un mois.<\/p>\n\n\n\n<h2 class=\"wp-block-heading\"><strong>Votre collectivit\u00e9 organise son march\u00e9 de No\u00ebl ? Faites-le<\/strong> savoir !<\/h2>\n\n\n\n<p>Soucieuse d\u2019insuffler l\u2019Esprit de No\u00ebl aupr\u00e8s de ses administr\u00e9s, votre mairie se charge aussi de l\u2019organisation de son march\u00e9 de No\u00ebl ? Invitez vos associations, cr\u00e9ateurs, artisans d\u2019art, restaurateurs \u00e0 investir les stands de votre march\u00e9 de No\u00ebl. Plusieurs collectivit\u00e9s ont d\u00e9j\u00e0 annonc\u00e9 leurs projets de march\u00e9s de No\u00ebl sur infolocale&nbsp;: La Chapelle-Heulin (44), Landaul (56), Durtal (49), Pludual (22), Plougrescant (22), Pl\u00e9vin (22), Biache-Saint-Vaast (62), Plorec-sur-Arguenon (22), Grandchamps-des-Fontaines (44), Gr\u00e9ez-sur-Roc (72), Angles (85), Oudon (44)\u2026 Faites comme eux !<\/p>\n\n\n\n<p>Comme ces territoires et associations, organisateurs de March\u00e9s de No\u00ebl, invitez le plus grand nombre \u00e0 venir profiter en famille, avec des amis, de ces journ\u00e9es festives, en respectant les normes sanitaires en vigueur. No\u00ebl 2021 ne sera pas confin\u00e9, mais il faudra pr\u00e9senter son passe sanitaire pour rentrer sur les march\u00e9s de No\u00ebl. Vous prenez tous bien soin de le pr\u00e9ciser dans vos annonces.<\/p>\n\n\n\n<p>Plus de 200 collectivit\u00e9s territoriales relaient les agendas des \u00e9v\u00e9nements, organis\u00e9s par les associations de leurs territoires. L&rsquo;annonce de votre march\u00e9 de No\u00ebl y figurera. Une opportunit\u00e9 suppl\u00e9mentaire de communiquer sur votre \u00e9v\u00e9nement. <\/p>\n","protected":false},"excerpt":{"rendered":"<p>Associations et collectivit\u00e9s vous avez peut-\u00eatre en charge l&rsquo;organisation de vos march\u00e9s de No\u00ebl ? N\u2019oubliez pas de les annoncer sur le site Infolocale.fr afin [&hellip;]<\/p>\n","protected":false},"author":8,"featured_media":15359,"comment_status":"open","ping_status":"open","sticky":false,"template":"","format":"standard","meta":{"_coblocks_attr":"","_coblocks_dimensions":"","_coblocks_responsive_height":"","_coblocks_accordion_ie_support":"","_mo_disable_npp":"","footnotes":""},"categories":[6],"tags":[],"class_list":["post-15358","post","type-post","status-publish","format-standard","has-post-thumbnail","hentry","category-actu-acteurs-locaux"],"yoast_head":"<!-- This site is optimized with the Yoast SEO plugin v23.2 - https:\/\/yoast.com\/wordpress\/plugins\/seo\/ -->\n<title>Associations et collectivit\u00e9s annoncez vos march\u00e9s de No\u00ebl |<\/title>\n<meta name=\"description\" content=\"Les march\u00e9s de No\u00ebl vont s&#039;installer dans de nombreuses villes en cette fin d\u2019ann\u00e9e et cr\u00e9er l&#039;animation. La magie de No\u00ebl va op\u00e9rer, r\u00e9unir\" \/>\n<meta name=\"robots\" content=\"index, follow, max-snippet:-1, max-image-preview:large, max-video-preview:-1\" \/>\n<link rel=\"canonical\" href=\"https:\/\/www.infolocale.fr\/blog\/les-marches-de-noel\/\" \/>\n<meta property=\"og:locale\" content=\"fr_FR\" \/>\n<meta property=\"og:type\" content=\"article\" \/>\n<meta property=\"og:title\" content=\"Associations et collectivit\u00e9s annoncez vos march\u00e9s de No\u00ebl |\" \/>\n<meta property=\"og:description\" content=\"Les march\u00e9s de No\u00ebl vont s&#039;installer dans de nombreuses villes en cette fin d\u2019ann\u00e9e et cr\u00e9er l&#039;animation. La magie de No\u00ebl va op\u00e9rer, r\u00e9unir\" \/>\n<meta property=\"og:url\" content=\"https:\/\/www.infolocale.fr\/blog\/les-marches-de-noel\/\" \/>\n<meta property=\"article:publisher\" content=\"https:\/\/www.facebook.com\/infolocaleFR\/\" \/>\n<meta property=\"article:published_time\" content=\"2021-11-16T14:29:00+00:00\" \/>\n<meta property=\"article:modified_time\" content=\"2021-11-17T08:09:24+00:00\" \/>\n<meta property=\"og:image\" content=\"https:\/\/www.infolocale.fr\/blog\/wp-content\/uploads\/2021\/11\/Noel_Enfant.jpg\" \/>\n\t<meta property=\"og:image:width\" content=\"1194\" \/>\n\t<meta property=\"og:image:height\" content=\"836\" \/>\n\t<meta property=\"og:image:type\" content=\"image\/jpeg\" \/>\n<meta name=\"author\" content=\"Myl\u00e8ne\" \/>\n<meta name=\"twitter:card\" content=\"summary_large_image\" \/>\n<meta name=\"twitter:creator\" content=\"@infolocale\" \/>\n<meta name=\"twitter:site\" content=\"@infolocale\" \/>\n<meta name=\"twitter:label1\" content=\"\u00c9crit par\" \/>\n\t<meta name=\"twitter:data1\" content=\"Myl\u00e8ne\" \/>\n\t<meta name=\"twitter:label2\" content=\"Dur\u00e9e de lecture estim\u00e9e\" \/>\n\t<meta name=\"twitter:data2\" content=\"5 minutes\" \/>\n<script type=\"application\/ld+json\" class=\"yoast-schema-graph\">{\"@context\":\"https:\/\/schema.org\",\"@graph\":[{\"@type\":\"Article\",\"@id\":\"https:\/\/www.infolocale.fr\/blog\/les-marches-de-noel\/#article\",\"isPartOf\":{\"@id\":\"https:\/\/www.infolocale.fr\/blog\/les-marches-de-noel\/\"},\"author\":{\"name\":\"Myl\u00e8ne\",\"@id\":\"https:\/\/www.infolocale.fr\/blog\/#\/schema\/person\/bf2dc50c6636ffa2ce3e44ef1f9eb97f\"},\"headline\":\"Associations et collectivit\u00e9s annoncez vos march\u00e9s de No\u00ebl\",\"datePublished\":\"2021-11-16T14:29:00+00:00\",\"dateModified\":\"2021-11-17T08:09:24+00:00\",\"mainEntityOfPage\":{\"@id\":\"https:\/\/www.infolocale.fr\/blog\/les-marches-de-noel\/\"},\"wordCount\":1088,\"commentCount\":0,\"publisher\":{\"@id\":\"https:\/\/www.infolocale.fr\/blog\/#organization\"},\"image\":{\"@id\":\"https:\/\/www.infolocale.fr\/blog\/les-marches-de-noel\/#primaryimage\"},\"thumbnailUrl\":\"https:\/\/infolocale.20minutes.fr\/blog\/wp-content\/uploads\/2021\/11\/Noel_Enfant.jpg\",\"articleSection\":[\"En ce moment\"],\"inLanguage\":\"fr-FR\",\"potentialAction\":[{\"@type\":\"CommentAction\",\"name\":\"Comment\",\"target\":[\"https:\/\/www.infolocale.fr\/blog\/les-marches-de-noel\/#respond\"]}]},{\"@type\":\"WebPage\",\"@id\":\"https:\/\/www.infolocale.fr\/blog\/les-marches-de-noel\/\",\"url\":\"https:\/\/www.infolocale.fr\/blog\/les-marches-de-noel\/\",\"name\":\"Associations et collectivit\u00e9s annoncez vos march\u00e9s de No\u00ebl |\",\"isPartOf\":{\"@id\":\"https:\/\/www.infolocale.fr\/blog\/#website\"},\"primaryImageOfPage\":{\"@id\":\"https:\/\/www.infolocale.fr\/blog\/les-marches-de-noel\/#primaryimage\"},\"image\":{\"@id\":\"https:\/\/www.infolocale.fr\/blog\/les-marches-de-noel\/#primaryimage\"},\"thumbnailUrl\":\"https:\/\/infolocale.20minutes.fr\/blog\/wp-content\/uploads\/2021\/11\/Noel_Enfant.jpg\",\"datePublished\":\"2021-11-16T14:29:00+00:00\",\"dateModified\":\"2021-11-17T08:09:24+00:00\",\"description\":\"Les march\u00e9s de No\u00ebl vont s'installer dans de nombreuses villes en cette fin d\u2019ann\u00e9e et cr\u00e9er l'animation. La magie de No\u00ebl va op\u00e9rer, r\u00e9unir\",\"breadcrumb\":{\"@id\":\"https:\/\/www.infolocale.fr\/blog\/les-marches-de-noel\/#breadcrumb\"},\"inLanguage\":\"fr-FR\",\"potentialAction\":[{\"@type\":\"ReadAction\",\"target\":[\"https:\/\/www.infolocale.fr\/blog\/les-marches-de-noel\/\"]}]},{\"@type\":\"ImageObject\",\"inLanguage\":\"fr-FR\",\"@id\":\"https:\/\/www.infolocale.fr\/blog\/les-marches-de-noel\/#primaryimage\",\"url\":\"https:\/\/infolocale.20minutes.fr\/blog\/wp-content\/uploads\/2021\/11\/Noel_Enfant.jpg\",\"contentUrl\":\"https:\/\/infolocale.20minutes.fr\/blog\/wp-content\/uploads\/2021\/11\/Noel_Enfant.jpg\",\"width\":1194,\"height\":836,\"caption\":\"Les march\u00e9s de No\u00ebl cr\u00e9ent la magie bien avant, selon le calendrier de l'Avent.\"},{\"@type\":\"BreadcrumbList\",\"@id\":\"https:\/\/www.infolocale.fr\/blog\/les-marches-de-noel\/#breadcrumb\",\"itemListElement\":[{\"@type\":\"ListItem\",\"position\":1,\"name\":\"Blog\",\"item\":\"https:\/\/infolocale.ouest-france.fr\/blog\/\"},{\"@type\":\"ListItem\",\"position\":2,\"name\":\"En ce moment\",\"item\":\"https:\/\/infolocale.20minutes.fr\/blog\/cat\/actu-acteurs-locaux\/\"},{\"@type\":\"ListItem\",\"position\":3,\"name\":\"Associations et collectivit\u00e9s annoncez vos march\u00e9s de No\u00ebl\"}]},{\"@type\":\"WebSite\",\"@id\":\"https:\/\/www.infolocale.fr\/blog\/#website\",\"url\":\"https:\/\/www.infolocale.fr\/blog\/\",\"name\":\"\",\"description\":\"\",\"publisher\":{\"@id\":\"https:\/\/www.infolocale.fr\/blog\/#organization\"},\"potentialAction\":[{\"@type\":\"SearchAction\",\"target\":{\"@type\":\"EntryPoint\",\"urlTemplate\":\"https:\/\/www.infolocale.fr\/blog\/?s={search_term_string}\"},\"query-input\":\"required name=search_term_string\"}],\"inLanguage\":\"fr-FR\"},{\"@type\":\"Organization\",\"@id\":\"https:\/\/www.infolocale.fr\/blog\/#organization\",\"name\":\"Infolocale\",\"url\":\"https:\/\/www.infolocale.fr\/blog\/\",\"logo\":{\"@type\":\"ImageObject\",\"inLanguage\":\"fr-FR\",\"@id\":\"https:\/\/www.infolocale.fr\/blog\/#\/schema\/logo\/image\/\",\"url\":\"https:\/\/www.infolocale.fr\/blog\/wp-content\/uploads\/2020\/11\/logol.jpg\",\"contentUrl\":\"https:\/\/www.infolocale.fr\/blog\/wp-content\/uploads\/2020\/11\/logol.jpg\",\"width\":1031,\"height\":398,\"caption\":\"Infolocale\"},\"image\":{\"@id\":\"https:\/\/www.infolocale.fr\/blog\/#\/schema\/logo\/image\/\"},\"sameAs\":[\"https:\/\/www.facebook.com\/infolocaleFR\/\",\"https:\/\/x.com\/infolocale\",\"https:\/\/www.instagram.com\/infolocale\/\",\"https:\/\/fr.linkedin.com\/company\/infolocale\",\"https:\/\/www.youtube.com\/channel\/UCnv4FA8EYEuu_si3TGr7xeA\"]},{\"@type\":\"Person\",\"@id\":\"https:\/\/www.infolocale.fr\/blog\/#\/schema\/person\/bf2dc50c6636ffa2ce3e44ef1f9eb97f\",\"name\":\"Myl\u00e8ne\",\"image\":{\"@type\":\"ImageObject\",\"inLanguage\":\"fr-FR\",\"@id\":\"https:\/\/www.infolocale.fr\/blog\/#\/schema\/person\/image\/\",\"url\":\"https:\/\/secure.gravatar.com\/avatar\/49511f0ea4b41ed3062b218e30f07042?s=96&d=mm&r=g\",\"contentUrl\":\"https:\/\/secure.gravatar.com\/avatar\/49511f0ea4b41ed3062b218e30f07042?s=96&d=mm&r=g\",\"caption\":\"Myl\u00e8ne\"},\"url\":\"https:\/\/infolocale.20minutes.fr\/blog\/author\/mylene-michel\/\"}]}<\/script>\n<!-- \/ Yoast SEO plugin. -->","yoast_head_json":{"title":"Associations et collectivit\u00e9s annoncez vos march\u00e9s de No\u00ebl |","description":"Les march\u00e9s de No\u00ebl vont s'installer dans de nombreuses villes en cette fin d\u2019ann\u00e9e et cr\u00e9er l'animation. La magie de No\u00ebl va op\u00e9rer, r\u00e9unir","robots":{"index":"index","follow":"follow","max-snippet":"max-snippet:-1","max-image-preview":"max-image-preview:large","max-video-preview":"max-video-preview:-1"},"canonical":"https:\/\/www.infolocale.fr\/blog\/les-marches-de-noel\/","og_locale":"fr_FR","og_type":"article","og_title":"Associations et collectivit\u00e9s annoncez vos march\u00e9s de No\u00ebl |","og_description":"Les march\u00e9s de No\u00ebl vont s'installer dans de nombreuses villes en cette fin d\u2019ann\u00e9e et cr\u00e9er l'animation. La magie de No\u00ebl va op\u00e9rer, r\u00e9unir","og_url":"https:\/\/www.infolocale.fr\/blog\/les-marches-de-noel\/","article_publisher":"https:\/\/www.facebook.com\/infolocaleFR\/","article_published_time":"2021-11-16T14:29:00+00:00","article_modified_time":"2021-11-17T08:09:24+00:00","og_image":[{"width":1194,"height":836,"url":"https:\/\/www.infolocale.fr\/blog\/wp-content\/uploads\/2021\/11\/Noel_Enfant.jpg","type":"image\/jpeg"}],"author":"Myl\u00e8ne","twitter_card":"summary_large_image","twitter_creator":"@infolocale","twitter_site":"@infolocale","twitter_misc":{"\u00c9crit par":"Myl\u00e8ne","Dur\u00e9e de lecture estim\u00e9e":"5 minutes"},"schema":{"@context":"https:\/\/schema.org","@graph":[{"@type":"Article","@id":"https:\/\/www.infolocale.fr\/blog\/les-marches-de-noel\/#article","isPartOf":{"@id":"https:\/\/www.infolocale.fr\/blog\/les-marches-de-noel\/"},"author":{"name":"Myl\u00e8ne","@id":"https:\/\/www.infolocale.fr\/blog\/#\/schema\/person\/bf2dc50c6636ffa2ce3e44ef1f9eb97f"},"headline":"Associations et collectivit\u00e9s annoncez vos march\u00e9s de No\u00ebl","datePublished":"2021-11-16T14:29:00+00:00","dateModified":"2021-11-17T08:09:24+00:00","mainEntityOfPage":{"@id":"https:\/\/www.infolocale.fr\/blog\/les-marches-de-noel\/"},"wordCount":1088,"commentCount":0,"publisher":{"@id":"https:\/\/www.infolocale.fr\/blog\/#organization"},"image":{"@id":"https:\/\/www.infolocale.fr\/blog\/les-marches-de-noel\/#primaryimage"},"thumbnailUrl":"https:\/\/infolocale.20minutes.fr\/blog\/wp-content\/uploads\/2021\/11\/Noel_Enfant.jpg","articleSection":["En ce moment"],"inLanguage":"fr-FR","potentialAction":[{"@type":"CommentAction","name":"Comment","target":["https:\/\/www.infolocale.fr\/blog\/les-marches-de-noel\/#respond"]}]},{"@type":"WebPage","@id":"https:\/\/www.infolocale.fr\/blog\/les-marches-de-noel\/","url":"https:\/\/www.infolocale.fr\/blog\/les-marches-de-noel\/","name":"Associations et collectivit\u00e9s annoncez vos march\u00e9s de No\u00ebl |","isPartOf":{"@id":"https:\/\/www.infolocale.fr\/blog\/#website"},"primaryImageOfPage":{"@id":"https:\/\/www.infolocale.fr\/blog\/les-marches-de-noel\/#primaryimage"},"image":{"@id":"https:\/\/www.infolocale.fr\/blog\/les-marches-de-noel\/#primaryimage"},"thumbnailUrl":"https:\/\/infolocale.20minutes.fr\/blog\/wp-content\/uploads\/2021\/11\/Noel_Enfant.jpg","datePublished":"2021-11-16T14:29:00+00:00","dateModified":"2021-11-17T08:09:24+00:00","description":"Les march\u00e9s de No\u00ebl vont s'installer dans de nombreuses villes en cette fin d\u2019ann\u00e9e et cr\u00e9er l'animation. La magie de No\u00ebl va op\u00e9rer, r\u00e9unir","breadcrumb":{"@id":"https:\/\/www.infolocale.fr\/blog\/les-marches-de-noel\/#breadcrumb"},"inLanguage":"fr-FR","potentialAction":[{"@type":"ReadAction","target":["https:\/\/www.infolocale.fr\/blog\/les-marches-de-noel\/"]}]},{"@type":"ImageObject","inLanguage":"fr-FR","@id":"https:\/\/www.infolocale.fr\/blog\/les-marches-de-noel\/#primaryimage","url":"https:\/\/infolocale.20minutes.fr\/blog\/wp-content\/uploads\/2021\/11\/Noel_Enfant.jpg","contentUrl":"https:\/\/infolocale.20minutes.fr\/blog\/wp-content\/uploads\/2021\/11\/Noel_Enfant.jpg","width":1194,"height":836,"caption":"Les march\u00e9s de No\u00ebl cr\u00e9ent la magie bien avant, selon le calendrier de l'Avent."},{"@type":"BreadcrumbList","@id":"https:\/\/www.infolocale.fr\/blog\/les-marches-de-noel\/#breadcrumb","itemListElement":[{"@type":"ListItem","position":1,"name":"Blog","item":"https:\/\/infolocale.ouest-france.fr\/blog\/"},{"@type":"ListItem","position":2,"name":"En ce moment","item":"https:\/\/infolocale.20minutes.fr\/blog\/cat\/actu-acteurs-locaux\/"},{"@type":"ListItem","position":3,"name":"Associations et collectivit\u00e9s annoncez vos march\u00e9s de No\u00ebl"}]},{"@type":"WebSite","@id":"https:\/\/www.infolocale.fr\/blog\/#website","url":"https:\/\/www.infolocale.fr\/blog\/","name":"","description":"","publisher":{"@id":"https:\/\/www.infolocale.fr\/blog\/#organization"},"potentialAction":[{"@type":"SearchAction","target":{"@type":"EntryPoint","urlTemplate":"https:\/\/www.infolocale.fr\/blog\/?s={search_term_string}"},"query-input":"required name=search_term_string"}],"inLanguage":"fr-FR"},{"@type":"Organization","@id":"https:\/\/www.infolocale.fr\/blog\/#organization","name":"Infolocale","url":"https:\/\/www.infolocale.fr\/blog\/","logo":{"@type":"ImageObject","inLanguage":"fr-FR","@id":"https:\/\/www.infolocale.fr\/blog\/#\/schema\/logo\/image\/","url":"https:\/\/www.infolocale.fr\/blog\/wp-content\/uploads\/2020\/11\/logol.jpg","contentUrl":"https:\/\/www.infolocale.fr\/blog\/wp-content\/uploads\/2020\/11\/logol.jpg","width":1031,"height":398,"caption":"Infolocale"},"image":{"@id":"https:\/\/www.infolocale.fr\/blog\/#\/schema\/logo\/image\/"},"sameAs":["https:\/\/www.facebook.com\/infolocaleFR\/","https:\/\/x.com\/infolocale","https:\/\/www.instagram.com\/infolocale\/","https:\/\/fr.linkedin.com\/company\/infolocale","https:\/\/www.youtube.com\/channel\/UCnv4FA8EYEuu_si3TGr7xeA"]},{"@type":"Person","@id":"https:\/\/www.infolocale.fr\/blog\/#\/schema\/person\/bf2dc50c6636ffa2ce3e44ef1f9eb97f","name":"Myl\u00e8ne","image":{"@type":"ImageObject","inLanguage":"fr-FR","@id":"https:\/\/www.infolocale.fr\/blog\/#\/schema\/person\/image\/","url":"https:\/\/secure.gravatar.com\/avatar\/49511f0ea4b41ed3062b218e30f07042?s=96&d=mm&r=g","contentUrl":"https:\/\/secure.gravatar.com\/avatar\/49511f0ea4b41ed3062b218e30f07042?s=96&d=mm&r=g","caption":"Myl\u00e8ne"},"url":"https:\/\/infolocale.20minutes.fr\/blog\/author\/mylene-michel\/"}]}},"_links":{"self":[{"href":"https:\/\/infolocale.20minutes.fr\/blog\/wp-json\/wp\/v2\/posts\/15358"}],"collection":[{"href":"https:\/\/infolocale.20minutes.fr\/blog\/wp-json\/wp\/v2\/posts"}],"about":[{"href":"https:\/\/infolocale.20minutes.fr\/blog\/wp-json\/wp\/v2\/types\/post"}],"author":[{"embeddable":true,"href":"https:\/\/infolocale.20minutes.fr\/blog\/wp-json\/wp\/v2\/users\/8"}],"replies":[{"embeddable":true,"href":"https:\/\/infolocale.20minutes.fr\/blog\/wp-json\/wp\/v2\/comments?post=15358"}],"version-history":[{"count":0,"href":"https:\/\/infolocale.20minutes.fr\/blog\/wp-json\/wp\/v2\/posts\/15358\/revisions"}],"wp:featuredmedia":[{"embeddable":true,"href":"https:\/\/infolocale.20minutes.fr\/blog\/wp-json\/wp\/v2\/media\/15359"}],"wp:attachment":[{"href":"https:\/\/infolocale.20minutes.fr\/blog\/wp-json\/wp\/v2\/media?parent=15358"}],"wp:term":[{"taxonomy":"category","embeddable":true,"href":"https:\/\/infolocale.20minutes.fr\/blog\/wp-json\/wp\/v2\/categories?post=15358"},{"taxonomy":"post_tag","embeddable":true,"href":"https:\/\/infolocale.20minutes.fr\/blog\/wp-json\/wp\/v2\/tags?post=15358"}],"curies":[{"name":"wp","href":"https:\/\/api.w.org\/{rel}","templated":true}]}}